{"id":977,"date":"2021-05-31T13:51:45","date_gmt":"2021-05-31T11:51:45","guid":{"rendered":"https:\/\/gorzow.news\/?p=977"},"modified":"2021-08-30T19:33:25","modified_gmt":"2021-08-30T17:33:25","slug":"wspolnoty-mieszkaniowe-w-centrum-nie-proznuja","status":"publish","type":"post","link":"https:\/\/gorzow.news\/index.php\/2021\/05\/31\/wspolnoty-mieszkaniowe-w-centrum-nie-proznuja\/","title":{"rendered":"Wsp\u00f3lnoty mieszkaniowe w centrum nie pr\u00f3\u017cnuj\u0105"},"content":{"rendered":"\n<p><strong>Okres letni sprzyja remontom. Zako\u0144czy\u0142y si\u0119 ju\u017c prace przy budynkach na Sikorskiego i We\u0142nianym Rynku. Rozpocz\u0105\u0142 si\u0119 natomiast remont elewacji budynku gminnego przy ul. Jagie\u0142\u0142y.<\/strong><\/p>\n\n\n\n<center><script async=\"\" src=\"https:\/\/pagead2.googlesyndication.com\/pagead\/js\/adsbygoogle.js\"><\/script>\n<!-- Poziom tekst -->\n<ins class=\"adsbygoogle\" style=\"display:block\" data-ad-client=\"ca-pub-7212888352136558\" data-ad-slot=\"2857909428\" data-ad-format=\"auto\" data-full-width-responsive=\"true\"><\/ins>\n<script>\n     (adsbygoogle = window.adsbygoogle || []).push({});\n<\/script><\/center><br \/>\n\n\n\n<p>W bie\u017c\u0105cym roku zako\u0144czono remont budynku Wsp\u00f3lnoty Mieszkaniowej Sikorskiego 127, w roku poprzednim przeprowadzony by\u0142 remont budynku Wsp\u00f3lnoty Mieszkaniowej Sikorskiego 126.<\/p>\n\n\n\n<figure class=\"wp-block-image size-large\"><img loading=\"lazy\" decoding=\"async\" width=\"1024\" height=\"576\" src=\"https:\/\/gorzow.news\/wp-content\/uploads\/2021\/05\/sikorskiego126-1024x576.jpg\" alt=\"\" class=\"wp-image-981\" srcset=\"https:\/\/gorzow.news\/wp-content\/uploads\/2021\/05\/sikorskiego126-1024x576.jpg?v=1622461605 1024w, https:\/\/gorzow.news\/wp-content\/uploads\/2021\/05\/sikorskiego126-300x169.jpg?v=1622461605 300w, https:\/\/gorzow.news\/wp-content\/uploads\/2021\/05\/sikorskiego126-768x432.jpg?v=1622461605 768w, https:\/\/gorzow.news\/wp-content\/uploads\/2021\/05\/sikorskiego126-1536x864.jpg?v=1622461605 1536w, https:\/\/gorzow.news\/wp-content\/uploads\/2021\/05\/sikorskiego126-2048x1152.jpg?v=1622461605 2048w, https:\/\/gorzow.news\/wp-content\/uploads\/2021\/05\/sikorskiego126-696x392.jpg?v=1622461605 696w, https:\/\/gorzow.news\/wp-content\/uploads\/2021\/05\/sikorskiego126-1068x601.jpg?v=1622461605 1068w, https:\/\/gorzow.news\/wp-content\/uploads\/2021\/05\/sikorskiego126-1920x1080.jpg?v=1622461605 1920w\" sizes=\"auto, (max-width: 1024px) 100vw, 1024px\" \/><\/figure>\n\n\n\n<figure class=\"wp-block-image size-large\"><img loading=\"lazy\" decoding=\"async\" width=\"1024\" height=\"576\" src=\"https:\/\/gorzow.news\/wp-content\/uploads\/2021\/05\/sikorskiego126_2-1024x576.jpg\" alt=\"\" class=\"wp-image-982\" srcset=\"https:\/\/gorzow.news\/wp-content\/uploads\/2021\/05\/sikorskiego126_2-1024x576.jpg?v=1622461614 1024w, https:\/\/gorzow.news\/wp-content\/uploads\/2021\/05\/sikorskiego126_2-300x169.jpg?v=1622461614 300w, https:\/\/gorzow.news\/wp-content\/uploads\/2021\/05\/sikorskiego126_2-768x432.jpg?v=1622461614 768w, https:\/\/gorzow.news\/wp-content\/uploads\/2021\/05\/sikorskiego126_2-1536x864.jpg?v=1622461614 1536w, https:\/\/gorzow.news\/wp-content\/uploads\/2021\/05\/sikorskiego126_2-2048x1152.jpg?v=1622461614 2048w, https:\/\/gorzow.news\/wp-content\/uploads\/2021\/05\/sikorskiego126_2-696x392.jpg?v=1622461614 696w, https:\/\/gorzow.news\/wp-content\/uploads\/2021\/05\/sikorskiego126_2-1068x601.jpg?v=1622461614 1068w, https:\/\/gorzow.news\/wp-content\/uploads\/2021\/05\/sikorskiego126_2-1920x1080.jpg?v=1622461614 1920w\" sizes=\"auto, (max-width: 1024px) 100vw, 1024px\" \/><\/figure>\n\n\n\n<center><script async=\"\" src=\"https:\/\/pagead2.googlesyndication.com\/pagead\/js\/adsbygoogle.js\"><\/script>\n<!-- Poziom tekst -->\n<ins class=\"adsbygoogle\" style=\"display:block\" data-ad-client=\"ca-pub-7212888352136558\" data-ad-slot=\"2857909428\" data-ad-format=\"auto\" data-full-width-responsive=\"true\"><\/ins>\n<script>\n     (adsbygoogle = window.adsbygoogle || []).push({});\n<\/script><\/center><br \/>\n\n\n\n<p>Kilka dni temu zako\u0144czy\u0142y si\u0119 prace na dachu budynku przy ul. We\u0142niany Rynek 6.<\/p>\n\n\n\n<figure class=\"wp-block-image size-large\"><img loading=\"lazy\" decoding=\"async\" width=\"1024\" height=\"576\" src=\"https:\/\/gorzow.news\/wp-content\/uploads\/2021\/05\/IMG_20210526_173335-1024x576.jpg\" alt=\"\" class=\"wp-image-980\" srcset=\"https:\/\/gorzow.news\/wp-content\/uploads\/2021\/05\/IMG_20210526_173335-1024x576.jpg?v=1622461596 1024w, https:\/\/gorzow.news\/wp-content\/uploads\/2021\/05\/IMG_20210526_173335-300x169.jpg?v=1622461596 300w, https:\/\/gorzow.news\/wp-content\/uploads\/2021\/05\/IMG_20210526_173335-768x432.jpg?v=1622461596 768w, https:\/\/gorzow.news\/wp-content\/uploads\/2021\/05\/IMG_20210526_173335-1536x864.jpg?v=1622461596 1536w, https:\/\/gorzow.news\/wp-content\/uploads\/2021\/05\/IMG_20210526_173335-2048x1152.jpg?v=1622461596 2048w, https:\/\/gorzow.news\/wp-content\/uploads\/2021\/05\/IMG_20210526_173335-696x392.jpg?v=1622461596 696w, https:\/\/gorzow.news\/wp-content\/uploads\/2021\/05\/IMG_20210526_173335-1068x601.jpg?v=1622461596 1068w, https:\/\/gorzow.news\/wp-content\/uploads\/2021\/05\/IMG_20210526_173335-1920x1080.jpg?v=1622461596 1920w\" sizes=\"auto, (max-width: 1024px) 100vw, 1024px\" \/><\/figure>\n\n\n\n<div class=\"wp-block-image\"><figure class=\"aligncenter size-large\"><img loading=\"lazy\" decoding=\"async\" width=\"576\" height=\"1024\" src=\"https:\/\/gorzow.news\/wp-content\/uploads\/2021\/05\/IMG_20210526_173152_1-576x1024.jpg\" alt=\"\" class=\"wp-image-979\" srcset=\"https:\/\/gorzow.news\/wp-content\/uploads\/2021\/05\/IMG_20210526_173152_1-576x1024.jpg?v=1622461586 576w, https:\/\/gorzow.news\/wp-content\/uploads\/2021\/05\/IMG_20210526_173152_1-169x300.jpg?v=1622461586 169w, https:\/\/gorzow.news\/wp-content\/uploads\/2021\/05\/IMG_20210526_173152_1-768x1365.jpg?v=1622461586 768w, https:\/\/gorzow.news\/wp-content\/uploads\/2021\/05\/IMG_20210526_173152_1-864x1536.jpg?v=1622461586 864w, https:\/\/gorzow.news\/wp-content\/uploads\/2021\/05\/IMG_20210526_173152_1-1152x2048.jpg?v=1622461586 1152w, https:\/\/gorzow.news\/wp-content\/uploads\/2021\/05\/IMG_20210526_173152_1-696x1237.jpg?v=1622461586 696w, https:\/\/gorzow.news\/wp-content\/uploads\/2021\/05\/IMG_20210526_173152_1-1068x1899.jpg?v=1622461586 1068w, https:\/\/gorzow.news\/wp-content\/uploads\/2021\/05\/IMG_20210526_173152_1-1920x3413.jpg?v=1622461586 1920w, https:\/\/gorzow.news\/wp-content\/uploads\/2021\/05\/IMG_20210526_173152_1-scaled.jpg?v=1622461586 1440w\" sizes=\"auto, (max-width: 576px) 100vw, 576px\" \/><\/figure><\/div>\n\n\n\n<center><script async=\"\" src=\"https:\/\/pagead2.googlesyndication.com\/pagead\/js\/adsbygoogle.js\"><\/script>\n<!-- Poziom tekst -->\n<ins class=\"adsbygoogle\" style=\"display:block\" data-ad-client=\"ca-pub-7212888352136558\" data-ad-slot=\"2857909428\" data-ad-format=\"auto\" data-full-width-responsive=\"true\"><\/ins>\n<script>\n     (adsbygoogle = window.adsbygoogle || []).push({});\n<\/script><\/center><br \/>\n\n\n\n<p>Rozpocz\u0105\u0142 si\u0119 natomiast remont elewacji budynku gminnego przy ul. Jagie\u0142\u0142y 13.<\/p>\n\n\n\n<p>&#8211; Prace polegaj\u0105 na remoncie elewacji frontowej i dociepleniu pozosta\u0142ych elewacji prowadzony jest przez Zak\u0142ad Og\u00f3lnobudowlany &#8222;TADBUD&#8221; J. \u017bybura. Planuje si\u0119 zako\u0144czenie prac do 10 sierpnia tego roku &#8211; informuje nas <strong>Agnieszka Fio\u0142ka<\/strong>, zast\u0119pca kierownika ADM-4.<\/p>\n\n\n\n<figure class=\"wp-block-image size-large\"><img loading=\"lazy\" decoding=\"async\" width=\"1024\" height=\"576\" src=\"https:\/\/gorzow.news\/wp-content\/uploads\/2021\/05\/IMG_20210525_132525_2-1024x576.jpg\" alt=\"\" class=\"wp-image-978\" srcset=\"https:\/\/gorzow.news\/wp-content\/uploads\/2021\/05\/IMG_20210525_132525_2-1024x576.jpg?v=1622461577 1024w, https:\/\/gorzow.news\/wp-content\/uploads\/2021\/05\/IMG_20210525_132525_2-300x169.jpg?v=1622461577 300w, https:\/\/gorzow.news\/wp-content\/uploads\/2021\/05\/IMG_20210525_132525_2-768x432.jpg?v=1622461577 768w, https:\/\/gorzow.news\/wp-content\/uploads\/2021\/05\/IMG_20210525_132525_2-1536x864.jpg?v=1622461577 1536w, https:\/\/gorzow.news\/wp-content\/uploads\/2021\/05\/IMG_20210525_132525_2-696x392.jpg?v=1622461577 696w, https:\/\/gorzow.news\/wp-content\/uploads\/2021\/05\/IMG_20210525_132525_2-1068x601.jpg?v=1622461577 1068w, https:\/\/gorzow.news\/wp-content\/uploads\/2021\/05\/IMG_20210525_132525_2.jpg?v=1622461577 1754w\" sizes=\"auto, (max-width: 1024px) 100vw, 1024px\" \/><\/figure>\n","protected":false},"excerpt":{"rendered":"<p>Okres letni sprzyja remontom. Zako\u0144czy\u0142y si\u0119 ju\u017c prace przy budynkach na Sikorskiego i We\u0142nianym Rynku. Rozpocz\u0105\u0142 si\u0119 natomiast remont elewacji budynku gminnego przy ul. Jagie\u0142\u0142y.<\/p>\n","protected":false},"author":1,"featured_media":978,"comment_status":"open","ping_status":"open","sticky":false,"template":"","format":"standard","meta":{"footnotes":"","_links_to":"","_links_to_target":""},"categories":[592,589],"tags":[183,182,180,181],"class_list":{"0":"post-977","1":"post","2":"type-post","3":"status-publish","4":"format-standard","5":"has-post-thumbnail","7":"category-inwestycje-mieszkaniowe","8":"category-wiadomosci","9":"tag-adm","10":"tag-agnieszka-fiolka","11":"tag-sikorskiego","12":"tag-welniany-rynek"},"yoast_head":"<!-- This site is optimized with the Yoast SEO plugin v27.3 - https:\/\/yoast.com\/product\/yoast-seo-wordpress\/ -->\n<title>Wsp\u00f3lnoty mieszkaniowe w centrum nie pr\u00f3\u017cnuj\u0105 - Gorz\u00f3w News<\/title>\n<meta name=\"robots\" content=\"index, follow, max-snippet:-1, max-image-preview:large, max-video-preview:-1\" \/>\n<link rel=\"canonical\" href=\"https:\/\/gorzow.news\/index.php\/2021\/05\/31\/wspolnoty-mieszkaniowe-w-centrum-nie-proznuja\/\" \/>\n<meta property=\"og:locale\" content=\"pl_PL\" \/>\n<meta property=\"og:type\" content=\"article\" \/>\n<meta property=\"og:title\" content=\"Wsp\u00f3lnoty mieszkaniowe w centrum nie pr\u00f3\u017cnuj\u0105 - Gorz\u00f3w News\" \/>\n<meta property=\"og:description\" content=\"Okres letni sprzyja remontom. Zako\u0144czy\u0142y si\u0119 ju\u017c prace przy budynkach na Sikorskiego i We\u0142nianym Rynku. Rozpocz\u0105\u0142 si\u0119 natomiast remont elewacj\" \/>\n<meta property=\"og:url\" content=\"https:\/\/gorzow.news\/index.php\/2021\/05\/31\/wspolnoty-mieszkaniowe-w-centrum-nie-proznuja\/\" \/>\n<meta property=\"og:site_name\" content=\"Gorz\u00f3w News\" \/>\n<meta property=\"article:publisher\" content=\"https:\/\/www.facebook.com\/gorzowskinews\" \/>\n<meta property=\"article:published_time\" content=\"2021-05-31T11:51:45+00:00\" \/>\n<meta property=\"article:modified_time\" content=\"2021-08-30T17:33:25+00:00\" \/>\n<meta property=\"og:image\" content=\"https:\/\/gorzow.news\/wp-content\/uploads\/2021\/05\/IMG_20210525_132525_2.jpg\" \/>\n\t<meta property=\"og:image:width\" content=\"1754\" \/>\n\t<meta property=\"og:image:height\" content=\"987\" \/>\n\t<meta property=\"og:image:type\" content=\"image\/jpeg\" \/>\n<meta name=\"author\" content=\"maciej\" \/>\n<meta name=\"twitter:card\" content=\"summary_large_image\" \/>\n<meta name=\"twitter:label1\" content=\"Napisane przez\" \/>\n\t<meta name=\"twitter:data1\" content=\"maciej\" \/>\n\t<meta name=\"twitter:label2\" content=\"Szacowany czas czytania\" \/>\n\t<meta name=\"twitter:data2\" content=\"1 minuta\" \/>\n<script type=\"application\/ld+json\" class=\"yoast-schema-graph\">{\"@context\":\"https:\\\/\\\/schema.org\",\"@graph\":[{\"@type\":\"Article\",\"@id\":\"https:\\\/\\\/gorzow.news\\\/index.php\\\/2021\\\/05\\\/31\\\/wspolnoty-mieszkaniowe-w-centrum-nie-proznuja\\\/#article\",\"isPartOf\":{\"@id\":\"https:\\\/\\\/gorzow.news\\\/index.php\\\/2021\\\/05\\\/31\\\/wspolnoty-mieszkaniowe-w-centrum-nie-proznuja\\\/\"},\"author\":{\"name\":\"maciej\",\"@id\":\"https:\\\/\\\/gorzow.news\\\/#\\\/schema\\\/person\\\/a1e5ab43166369f2ce236a1cd90995bb\"},\"headline\":\"Wsp\u00f3lnoty mieszkaniowe w centrum nie pr\u00f3\u017cnuj\u0105\",\"datePublished\":\"2021-05-31T11:51:45+00:00\",\"dateModified\":\"2021-08-30T17:33:25+00:00\",\"mainEntityOfPage\":{\"@id\":\"https:\\\/\\\/gorzow.news\\\/index.php\\\/2021\\\/05\\\/31\\\/wspolnoty-mieszkaniowe-w-centrum-nie-proznuja\\\/\"},\"wordCount\":128,\"commentCount\":0,\"image\":{\"@id\":\"https:\\\/\\\/gorzow.news\\\/index.php\\\/2021\\\/05\\\/31\\\/wspolnoty-mieszkaniowe-w-centrum-nie-proznuja\\\/#primaryimage\"},\"thumbnailUrl\":\"https:\\\/\\\/gorzow.news\\\/wp-content\\\/uploads\\\/2021\\\/05\\\/IMG_20210525_132525_2.jpg?v=1622461577\",\"keywords\":[\"ADM\",\"Agnieszka Fio\u0142ka\",\"Sikorskiego\",\"We\u0142niany Rynek\"],\"articleSection\":[\"Inwestycje mieszkaniowe\",\"Wiadomo\u015bci\"],\"inLanguage\":\"pl-PL\",\"potentialAction\":[{\"@type\":\"CommentAction\",\"name\":\"Comment\",\"target\":[\"https:\\\/\\\/gorzow.news\\\/index.php\\\/2021\\\/05\\\/31\\\/wspolnoty-mieszkaniowe-w-centrum-nie-proznuja\\\/#respond\"]}]},{\"@type\":\"WebPage\",\"@id\":\"https:\\\/\\\/gorzow.news\\\/index.php\\\/2021\\\/05\\\/31\\\/wspolnoty-mieszkaniowe-w-centrum-nie-proznuja\\\/\",\"url\":\"https:\\\/\\\/gorzow.news\\\/index.php\\\/2021\\\/05\\\/31\\\/wspolnoty-mieszkaniowe-w-centrum-nie-proznuja\\\/\",\"name\":\"Wsp\u00f3lnoty mieszkaniowe w centrum nie pr\u00f3\u017cnuj\u0105 - Gorz\u00f3w News\",\"isPartOf\":{\"@id\":\"https:\\\/\\\/gorzow.news\\\/#website\"},\"primaryImageOfPage\":{\"@id\":\"https:\\\/\\\/gorzow.news\\\/index.php\\\/2021\\\/05\\\/31\\\/wspolnoty-mieszkaniowe-w-centrum-nie-proznuja\\\/#primaryimage\"},\"image\":{\"@id\":\"https:\\\/\\\/gorzow.news\\\/index.php\\\/2021\\\/05\\\/31\\\/wspolnoty-mieszkaniowe-w-centrum-nie-proznuja\\\/#primaryimage\"},\"thumbnailUrl\":\"https:\\\/\\\/gorzow.news\\\/wp-content\\\/uploads\\\/2021\\\/05\\\/IMG_20210525_132525_2.jpg?v=1622461577\",\"datePublished\":\"2021-05-31T11:51:45+00:00\",\"dateModified\":\"2021-08-30T17:33:25+00:00\",\"author\":{\"@id\":\"https:\\\/\\\/gorzow.news\\\/#\\\/schema\\\/person\\\/a1e5ab43166369f2ce236a1cd90995bb\"},\"breadcrumb\":{\"@id\":\"https:\\\/\\\/gorzow.news\\\/index.php\\\/2021\\\/05\\\/31\\\/wspolnoty-mieszkaniowe-w-centrum-nie-proznuja\\\/#breadcrumb\"},\"inLanguage\":\"pl-PL\",\"potentialAction\":[{\"@type\":\"ReadAction\",\"target\":[\"https:\\\/\\\/gorzow.news\\\/index.php\\\/2021\\\/05\\\/31\\\/wspolnoty-mieszkaniowe-w-centrum-nie-proznuja\\\/\"]}]},{\"@type\":\"ImageObject\",\"inLanguage\":\"pl-PL\",\"@id\":\"https:\\\/\\\/gorzow.news\\\/index.php\\\/2021\\\/05\\\/31\\\/wspolnoty-mieszkaniowe-w-centrum-nie-proznuja\\\/#primaryimage\",\"url\":\"https:\\\/\\\/gorzow.news\\\/wp-content\\\/uploads\\\/2021\\\/05\\\/IMG_20210525_132525_2.jpg?v=1622461577\",\"contentUrl\":\"https:\\\/\\\/gorzow.news\\\/wp-content\\\/uploads\\\/2021\\\/05\\\/IMG_20210525_132525_2.jpg?v=1622461577\",\"width\":1754,\"height\":987},{\"@type\":\"BreadcrumbList\",\"@id\":\"https:\\\/\\\/gorzow.news\\\/index.php\\\/2021\\\/05\\\/31\\\/wspolnoty-mieszkaniowe-w-centrum-nie-proznuja\\\/#breadcrumb\",\"itemListElement\":[{\"@type\":\"ListItem\",\"position\":1,\"name\":\"Home\",\"item\":\"https:\\\/\\\/gorzow.news\\\/\"},{\"@type\":\"ListItem\",\"position\":2,\"name\":\"Wsp\u00f3lnoty mieszkaniowe w centrum nie pr\u00f3\u017cnuj\u0105\"}]},{\"@type\":\"WebSite\",\"@id\":\"https:\\\/\\\/gorzow.news\\\/#website\",\"url\":\"https:\\\/\\\/gorzow.news\\\/\",\"name\":\"Gorz\u00f3w News\",\"description\":\"Sp\u00f3jrz inaczej na miato i region...\",\"potentialAction\":[{\"@type\":\"SearchAction\",\"target\":{\"@type\":\"EntryPoint\",\"urlTemplate\":\"https:\\\/\\\/gorzow.news\\\/?s={search_term_string}\"},\"query-input\":{\"@type\":\"PropertyValueSpecification\",\"valueRequired\":true,\"valueName\":\"search_term_string\"}}],\"inLanguage\":\"pl-PL\"},{\"@type\":\"Person\",\"@id\":\"https:\\\/\\\/gorzow.news\\\/#\\\/schema\\\/person\\\/a1e5ab43166369f2ce236a1cd90995bb\",\"name\":\"maciej\",\"image\":{\"@type\":\"ImageObject\",\"inLanguage\":\"pl-PL\",\"@id\":\"https:\\\/\\\/secure.gravatar.com\\\/avatar\\\/530a674d56ba60cfa0ef21d74e8e8d123a51bb7aa6580465b5c2ab2c2e980a19?s=96&r=g&d=https:\\\/\\\/gorzow.news\\\/wp-content\\\/plugins\\\/userswp\\\/assets\\\/images\\\/no_profile.png\",\"url\":\"https:\\\/\\\/secure.gravatar.com\\\/avatar\\\/530a674d56ba60cfa0ef21d74e8e8d123a51bb7aa6580465b5c2ab2c2e980a19?s=96&r=g&d=https:\\\/\\\/gorzow.news\\\/wp-content\\\/plugins\\\/userswp\\\/assets\\\/images\\\/no_profile.png\",\"contentUrl\":\"https:\\\/\\\/secure.gravatar.com\\\/avatar\\\/530a674d56ba60cfa0ef21d74e8e8d123a51bb7aa6580465b5c2ab2c2e980a19?s=96&r=g&d=https:\\\/\\\/gorzow.news\\\/wp-content\\\/plugins\\\/userswp\\\/assets\\\/images\\\/no_profile.png\",\"caption\":\"maciej\"},\"url\":\"https:\\\/\\\/gorzow.news\\\/index.php\\\/profile\\\/maciej\\\/\"}]}<\/script>\n<!-- \/ Yoast SEO plugin. -->","yoast_head_json":{"title":"Wsp\u00f3lnoty mieszkaniowe w centrum nie pr\u00f3\u017cnuj\u0105 - Gorz\u00f3w News","robots":{"index":"index","follow":"follow","max-snippet":"max-snippet:-1","max-image-preview":"max-image-preview:large","max-video-preview":"max-video-preview:-1"},"canonical":"https:\/\/gorzow.news\/index.php\/2021\/05\/31\/wspolnoty-mieszkaniowe-w-centrum-nie-proznuja\/","og_locale":"pl_PL","og_type":"article","og_title":"Wsp\u00f3lnoty mieszkaniowe w centrum nie pr\u00f3\u017cnuj\u0105 - Gorz\u00f3w News","og_description":"Okres letni sprzyja remontom. Zako\u0144czy\u0142y si\u0119 ju\u017c prace przy budynkach na Sikorskiego i We\u0142nianym Rynku. Rozpocz\u0105\u0142 si\u0119 natomiast remont elewacj","og_url":"https:\/\/gorzow.news\/index.php\/2021\/05\/31\/wspolnoty-mieszkaniowe-w-centrum-nie-proznuja\/","og_site_name":"Gorz\u00f3w News","article_publisher":"https:\/\/www.facebook.com\/gorzowskinews","article_published_time":"2021-05-31T11:51:45+00:00","article_modified_time":"2021-08-30T17:33:25+00:00","og_image":[{"width":1754,"height":987,"url":"https:\/\/gorzow.news\/wp-content\/uploads\/2021\/05\/IMG_20210525_132525_2.jpg","type":"image\/jpeg"}],"author":"maciej","twitter_card":"summary_large_image","twitter_misc":{"Napisane przez":"maciej","Szacowany czas czytania":"1 minuta"},"schema":{"@context":"https:\/\/schema.org","@graph":[{"@type":"Article","@id":"https:\/\/gorzow.news\/index.php\/2021\/05\/31\/wspolnoty-mieszkaniowe-w-centrum-nie-proznuja\/#article","isPartOf":{"@id":"https:\/\/gorzow.news\/index.php\/2021\/05\/31\/wspolnoty-mieszkaniowe-w-centrum-nie-proznuja\/"},"author":{"name":"maciej","@id":"https:\/\/gorzow.news\/#\/schema\/person\/a1e5ab43166369f2ce236a1cd90995bb"},"headline":"Wsp\u00f3lnoty mieszkaniowe w centrum nie pr\u00f3\u017cnuj\u0105","datePublished":"2021-05-31T11:51:45+00:00","dateModified":"2021-08-30T17:33:25+00:00","mainEntityOfPage":{"@id":"https:\/\/gorzow.news\/index.php\/2021\/05\/31\/wspolnoty-mieszkaniowe-w-centrum-nie-proznuja\/"},"wordCount":128,"commentCount":0,"image":{"@id":"https:\/\/gorzow.news\/index.php\/2021\/05\/31\/wspolnoty-mieszkaniowe-w-centrum-nie-proznuja\/#primaryimage"},"thumbnailUrl":"https:\/\/gorzow.news\/wp-content\/uploads\/2021\/05\/IMG_20210525_132525_2.jpg?v=1622461577","keywords":["ADM","Agnieszka Fio\u0142ka","Sikorskiego","We\u0142niany Rynek"],"articleSection":["Inwestycje mieszkaniowe","Wiadomo\u015bci"],"inLanguage":"pl-PL","potentialAction":[{"@type":"CommentAction","name":"Comment","target":["https:\/\/gorzow.news\/index.php\/2021\/05\/31\/wspolnoty-mieszkaniowe-w-centrum-nie-proznuja\/#respond"]}]},{"@type":"WebPage","@id":"https:\/\/gorzow.news\/index.php\/2021\/05\/31\/wspolnoty-mieszkaniowe-w-centrum-nie-proznuja\/","url":"https:\/\/gorzow.news\/index.php\/2021\/05\/31\/wspolnoty-mieszkaniowe-w-centrum-nie-proznuja\/","name":"Wsp\u00f3lnoty mieszkaniowe w centrum nie pr\u00f3\u017cnuj\u0105 - Gorz\u00f3w News","isPartOf":{"@id":"https:\/\/gorzow.news\/#website"},"primaryImageOfPage":{"@id":"https:\/\/gorzow.news\/index.php\/2021\/05\/31\/wspolnoty-mieszkaniowe-w-centrum-nie-proznuja\/#primaryimage"},"image":{"@id":"https:\/\/gorzow.news\/index.php\/2021\/05\/31\/wspolnoty-mieszkaniowe-w-centrum-nie-proznuja\/#primaryimage"},"thumbnailUrl":"https:\/\/gorzow.news\/wp-content\/uploads\/2021\/05\/IMG_20210525_132525_2.jpg?v=1622461577","datePublished":"2021-05-31T11:51:45+00:00","dateModified":"2021-08-30T17:33:25+00:00","author":{"@id":"https:\/\/gorzow.news\/#\/schema\/person\/a1e5ab43166369f2ce236a1cd90995bb"},"breadcrumb":{"@id":"https:\/\/gorzow.news\/index.php\/2021\/05\/31\/wspolnoty-mieszkaniowe-w-centrum-nie-proznuja\/#breadcrumb"},"inLanguage":"pl-PL","potentialAction":[{"@type":"ReadAction","target":["https:\/\/gorzow.news\/index.php\/2021\/05\/31\/wspolnoty-mieszkaniowe-w-centrum-nie-proznuja\/"]}]},{"@type":"ImageObject","inLanguage":"pl-PL","@id":"https:\/\/gorzow.news\/index.php\/2021\/05\/31\/wspolnoty-mieszkaniowe-w-centrum-nie-proznuja\/#primaryimage","url":"https:\/\/gorzow.news\/wp-content\/uploads\/2021\/05\/IMG_20210525_132525_2.jpg?v=1622461577","contentUrl":"https:\/\/gorzow.news\/wp-content\/uploads\/2021\/05\/IMG_20210525_132525_2.jpg?v=1622461577","width":1754,"height":987},{"@type":"BreadcrumbList","@id":"https:\/\/gorzow.news\/index.php\/2021\/05\/31\/wspolnoty-mieszkaniowe-w-centrum-nie-proznuja\/#breadcrumb","itemListElement":[{"@type":"ListItem","position":1,"name":"Home","item":"https:\/\/gorzow.news\/"},{"@type":"ListItem","position":2,"name":"Wsp\u00f3lnoty mieszkaniowe w centrum nie pr\u00f3\u017cnuj\u0105"}]},{"@type":"WebSite","@id":"https:\/\/gorzow.news\/#website","url":"https:\/\/gorzow.news\/","name":"Gorz\u00f3w News","description":"Sp\u00f3jrz inaczej na miato i region...","potentialAction":[{"@type":"SearchAction","target":{"@type":"EntryPoint","urlTemplate":"https:\/\/gorzow.news\/?s={search_term_string}"},"query-input":{"@type":"PropertyValueSpecification","valueRequired":true,"valueName":"search_term_string"}}],"inLanguage":"pl-PL"},{"@type":"Person","@id":"https:\/\/gorzow.news\/#\/schema\/person\/a1e5ab43166369f2ce236a1cd90995bb","name":"maciej","image":{"@type":"ImageObject","inLanguage":"pl-PL","@id":"https:\/\/secure.gravatar.com\/avatar\/530a674d56ba60cfa0ef21d74e8e8d123a51bb7aa6580465b5c2ab2c2e980a19?s=96&r=g&d=https:\/\/gorzow.news\/wp-content\/plugins\/userswp\/assets\/images\/no_profile.png","url":"https:\/\/secure.gravatar.com\/avatar\/530a674d56ba60cfa0ef21d74e8e8d123a51bb7aa6580465b5c2ab2c2e980a19?s=96&r=g&d=https:\/\/gorzow.news\/wp-content\/plugins\/userswp\/assets\/images\/no_profile.png","contentUrl":"https:\/\/secure.gravatar.com\/avatar\/530a674d56ba60cfa0ef21d74e8e8d123a51bb7aa6580465b5c2ab2c2e980a19?s=96&r=g&d=https:\/\/gorzow.news\/wp-content\/plugins\/userswp\/assets\/images\/no_profile.png","caption":"maciej"},"url":"https:\/\/gorzow.news\/index.php\/profile\/maciej\/"}]}},"_links":{"self":[{"href":"https:\/\/gorzow.news\/index.php\/wp-json\/wp\/v2\/posts\/977","targetHints":{"allow":["GET"]}}],"collection":[{"href":"https:\/\/gorzow.news\/index.php\/wp-json\/wp\/v2\/posts"}],"about":[{"href":"https:\/\/gorzow.news\/index.php\/wp-json\/wp\/v2\/types\/post"}],"author":[{"embeddable":true,"href":"https:\/\/gorzow.news\/index.php\/wp-json\/wp\/v2\/users\/1"}],"replies":[{"embeddable":true,"href":"https:\/\/gorzow.news\/index.php\/wp-json\/wp\/v2\/comments?post=977"}],"version-history":[{"count":0,"href":"https:\/\/gorzow.news\/index.php\/wp-json\/wp\/v2\/posts\/977\/revisions"}],"wp:featuredmedia":[{"embeddable":true,"href":"https:\/\/gorzow.news\/index.php\/wp-json\/wp\/v2\/media\/978"}],"wp:attachment":[{"href":"https:\/\/gorzow.news\/index.php\/wp-json\/wp\/v2\/media?parent=977"}],"wp:term":[{"taxonomy":"category","embeddable":true,"href":"https:\/\/gorzow.news\/index.php\/wp-json\/wp\/v2\/categories?post=977"},{"taxonomy":"post_tag","embeddable":true,"href":"https:\/\/gorzow.news\/index.php\/wp-json\/wp\/v2\/tags?post=977"}],"curies":[{"name":"wp","href":"https:\/\/api.w.org\/{rel}","templated":true}]}}