{"id":9704,"date":"2022-09-21T21:38:19","date_gmt":"2022-09-21T19:38:19","guid":{"rendered":"https:\/\/gorzow.news\/?p=9704"},"modified":"2022-09-21T21:38:21","modified_gmt":"2022-09-21T19:38:21","slug":"karmnik-bistro-wygrywa-ii-nocny-szlak-kulinarny","status":"publish","type":"post","link":"https:\/\/gorzow.news\/index.php\/2022\/09\/21\/karmnik-bistro-wygrywa-ii-nocny-szlak-kulinarny\/","title":{"rendered":"Karmnik Bistro wygrywa II Nocny Szlak Kulinarny"},"content":{"rendered":"\n<p><strong>Restauracja \u201eKarmnik Bistro\u201d otrzyma\u0142a sztandar \u201eKr\u00f3lowej Gorzowskiej Gastronomii\u201d. To decyzja mieszka\u0144c\u00f3w, kt\u00f3rzy wzi\u0119li udzia\u0142 w II edycji Nocnego Szlaku Kulinarnego. Sztandar w\u0142a\u015bcicielowi restauracji przekaza\u0142 prezydent miasta Jacek W\u00f3jcicki.<\/strong><\/p>\n\n\n\n<p>II edycja Nocnego Szlaku Kulinarnego za nami. W tym roku bohaterem wydarzenia by\u0142 ziemniak. Zadaniem restaurator\u00f3w by\u0142o przygotowanie dania w\u0142a\u015bnie z ziemniaka. 32 restauracje, kawiarnie, bary i punkty gastronomiczne, bior\u0105ce udzia\u0142 w zabawie, przez dwa dni, 9 i 10 wrze\u015bnia, wyda\u0142y ponad 10.000 porcji degustacyjnych. Cena porcji nie mog\u0142a przekroczy\u0107 15 z\u0142.<\/p>\n\n\n\n<p>Zabawa polega\u0142a na tym, by przygotowa\u0107 jak najlepsze ziemniaczane danie, poda\u0107 je w atrakcyjny spos\u00f3b i dobrze obs\u0142u\u017cy\u0107 klient\u00f3w. To oni bowiem oceniali gorzowskie restauracje. Organizatorzy wydali ponad 5.000 kart do g\u0142osowania, a 1.000 wr\u00f3ci\u0142a do urny z ocenami poszczeg\u00f3lnych restauracji. Ocenia\u0107 mogli mieszka\u0144cy, kt\u00f3rzy odwiedzili przynajmniej cztery restauracje.<\/p>\n\n\n\n<p>&#8211; Nocny Szlak Kulinarny to \u015bwi\u0119to gorzowskiej gastronomii i mieszka\u0144c\u00f3w. Bardzo dzi\u0119kuj\u0119 restauratorom za udzia\u0142 i wspania\u0142\u0105 obs\u0142ug\u0119 go\u015bci w czasie imprezy, a mieszka\u0144com za wsparcie &#8211; powiedzia\u0142 prezydent W\u00f3jcicki.<\/p>\n\n\n\n<p>Restauracja \u201eBistro Karmnik\u201d, kt\u00f3ra zwyci\u0119\u017cy\u0142a tegoroczn\u0105 edycj\u0119 Nocnego Szlaku Kulinarnego otrzyma\u0142a sztandar \u201eKr\u00f3lowej Gorzowskiej Gastronomii\u201d, miesi\u0119czn\u0105 kampani\u0119 promocyjn\u0105 w lokalnym radiu, dyplom oraz fartuchy kuchenne dla ca\u0142ego zespo\u0142u.<\/p>\n\n\n\n<p>Drugie miejsce zaj\u0119\u0142a Manna Bistro&amp;Cafe, kt\u00f3ra w nagrod\u0119 otrzyma\u0142a dwutygodniow\u0105 reklam\u0119 w radiu, dyplom i fartuchy dla ca\u0142ego zespo\u0142u.<\/p>\n\n\n\n<p>Trzecie miejsce zaj\u0119\u0142a restauracja Hak Smak, kt\u00f3ra przez tydzie\u0144 b\u0119dzie si\u0119 reklamowa\u0107 w radiu, zesp\u00f3\u0142 otrzyma\u0142 fartuchy i dyplom.<\/p>\n\n\n\n<p>Dania przygotowane przez restaurator\u00f3w oceniali mieszka\u0144cy. To na podstawie ich opinii i punktacji wybrano zwyci\u0119zc\u00f3w. A mieszka\u0144cy, kt\u00f3rzy wzi\u0119li udzia\u0142 w g\u0142osowaniu i najciekawiej opisali swoje ulubione danie, r\u00f3wnie\u017c otrzymaj\u0105 nagrody. G\u0142\u00f3wna nagroda, czyli elektryczna hulajnoga pow\u0119drowa\u0142a do pani Katarzyny Boryczki, kt\u00f3ra najciekawiej opisa\u0142a danie restauracji Dream Burger.<\/p>\n\n\n\n<p>Tak danie opisa\u0142a pani Katarzyna:<\/p>\n\n\n\n<p>Dzisiaj ziemniak zaw\u0142adn\u0105\u0142 naszym miastem wszyscy rozkoszuj\u0105 si\u0119 ziemniaczanym ciastem. Jest te\u017c pizza, tarta, zupa, donut i batatowe lody, ka\u017cdy mieszkaniec chce zazna\u0107 ziemniaczanej przygody. Ale placki ziemniaczane to by\u0142 prawdziwy poemat. Dream Burger mia\u0142 jaki\u015b sw\u00f3j przygotowania schemat \u2013 Pomidor, og\u00f3rek, sa\u0142ata i czosnkowy sos \u2013 na nocnym kulinarnym szlaku to by\u0142 najwi\u0119kszy sztos!<\/p>\n\n\n\n<figure class=\"wp-block-image size-large\"><img loading=\"lazy\" decoding=\"async\" width=\"1024\" height=\"683\" src=\"https:\/\/gorzow.news\/wp-content\/uploads\/2022\/09\/fotob-4914-1024x683.jpg\" alt=\"\" class=\"wp-image-9705\" srcset=\"https:\/\/gorzow.news\/wp-content\/uploads\/2022\/09\/fotob-4914-1024x683.jpg 1024w, https:\/\/gorzow.news\/wp-content\/uploads\/2022\/09\/fotob-4914-300x200.jpg 300w, https:\/\/gorzow.news\/wp-content\/uploads\/2022\/09\/fotob-4914-768x512.jpg 768w, https:\/\/gorzow.news\/wp-content\/uploads\/2022\/09\/fotob-4914-1536x1024.jpg 1536w, https:\/\/gorzow.news\/wp-content\/uploads\/2022\/09\/fotob-4914-696x464.jpg 696w, https:\/\/gorzow.news\/wp-content\/uploads\/2022\/09\/fotob-4914-1068x712.jpg 1068w, https:\/\/gorzow.news\/wp-content\/uploads\/2022\/09\/fotob-4914.jpg 1620w\" sizes=\"auto, (max-width: 1024px) 100vw, 1024px\" \/><figcaption>Najsmaczniejsze danie podczas II Nocnego Szlaku Kulinarnego<\/figcaption><\/figure>\n","protected":false},"excerpt":{"rendered":"<p>Restauracja \u201eKarmnik Bistro\u201d otrzyma\u0142a sztandar \u201eKr\u00f3lowej Gorzowskiej Gastronomii\u201d. To decyzja mieszka\u0144c\u00f3w, kt\u00f3rzy wzi\u0119li udzia\u0142 w II edycji Nocnego Szlaku Kulinarnego. Sztandar w\u0142a\u015bcicielowi restauracji przekaza\u0142 prezydent miasta Jacek W\u00f3jcicki.<\/p>\n","protected":false},"author":1,"featured_media":9706,"comment_status":"open","ping_status":"open","sticky":false,"template":"","format":"standard","meta":{"footnotes":"","_links_to":"","_links_to_target":""},"categories":[596,904],"tags":[1706,1704,1707,1705,621],"class_list":{"0":"post-9704","1":"post","2":"type-post","3":"status-publish","4":"format-standard","5":"has-post-thumbnail","7":"category-kulinaria","8":"category-w-skrocie","9":"tag-hak-smak","10":"tag-karmnik-bistro","11":"tag-katarzyna-boryczka","12":"tag-manna-bistrocafe","13":"tag-nocny-szlak-kulinarny"},"yoast_head":"<!-- This site is optimized with the Yoast SEO plugin v27.3 - https:\/\/yoast.com\/product\/yoast-seo-wordpress\/ -->\n<title>Karmnik Bistro wygrywa II Nocny Szlak Kulinarny - Gorz\u00f3w News<\/title>\n<meta name=\"description\" content=\"Restauracja \u201eKarmnik Bistro\u201d otrzyma\u0142a sztandar \u201eKr\u00f3lowej Gorzowskiej Gastronomii\u201d. To decyzja mieszka\u0144c\u00f3w, kt\u00f3rzy wzi\u0119li udzia\u0142 w II e\" \/>\n<meta name=\"robots\" content=\"index, follow, max-snippet:-1, max-image-preview:large, max-video-preview:-1\" \/>\n<link rel=\"canonical\" href=\"https:\/\/gorzow.news\/index.php\/2022\/09\/21\/karmnik-bistro-wygrywa-ii-nocny-szlak-kulinarny\/\" \/>\n<meta property=\"og:locale\" content=\"pl_PL\" \/>\n<meta property=\"og:type\" content=\"article\" \/>\n<meta property=\"og:title\" content=\"Karmnik Bistro wygrywa II Nocny Szlak Kulinarny - Gorz\u00f3w News\" \/>\n<meta property=\"og:description\" content=\"Restauracja \u201eKarmnik Bistro\u201d otrzyma\u0142a sztandar \u201eKr\u00f3lowej Gorzowskiej Gastronomii\u201d. To decyzja mieszka\u0144c\u00f3w, kt\u00f3rzy wzi\u0119li udzia\u0142 w II e\" \/>\n<meta property=\"og:url\" content=\"https:\/\/gorzow.news\/index.php\/2022\/09\/21\/karmnik-bistro-wygrywa-ii-nocny-szlak-kulinarny\/\" \/>\n<meta property=\"og:site_name\" content=\"Gorz\u00f3w News\" \/>\n<meta property=\"article:publisher\" content=\"https:\/\/www.facebook.com\/gorzowskinews\" \/>\n<meta property=\"article:published_time\" content=\"2022-09-21T19:38:19+00:00\" \/>\n<meta property=\"article:modified_time\" content=\"2022-09-21T19:38:21+00:00\" \/>\n<meta property=\"og:image\" content=\"https:\/\/gorzow.news\/wp-content\/uploads\/2022\/09\/fotob-4897.jpg\" \/>\n\t<meta property=\"og:image:width\" content=\"1620\" \/>\n\t<meta property=\"og:image:height\" content=\"1080\" \/>\n\t<meta property=\"og:image:type\" content=\"image\/jpeg\" \/>\n<meta name=\"author\" content=\"maciej\" \/>\n<meta name=\"twitter:card\" content=\"summary_large_image\" \/>\n<meta name=\"twitter:label1\" content=\"Napisane przez\" \/>\n\t<meta name=\"twitter:data1\" content=\"maciej\" \/>\n\t<meta name=\"twitter:label2\" content=\"Szacowany czas czytania\" \/>\n\t<meta name=\"twitter:data2\" content=\"3 minuty\" \/>\n<script type=\"application\/ld+json\" class=\"yoast-schema-graph\">{\"@context\":\"https:\\\/\\\/schema.org\",\"@graph\":[{\"@type\":\"Article\",\"@id\":\"https:\\\/\\\/gorzow.news\\\/index.php\\\/2022\\\/09\\\/21\\\/karmnik-bistro-wygrywa-ii-nocny-szlak-kulinarny\\\/#article\",\"isPartOf\":{\"@id\":\"https:\\\/\\\/gorzow.news\\\/index.php\\\/2022\\\/09\\\/21\\\/karmnik-bistro-wygrywa-ii-nocny-szlak-kulinarny\\\/\"},\"author\":{\"name\":\"maciej\",\"@id\":\"https:\\\/\\\/gorzow.news\\\/#\\\/schema\\\/person\\\/a1e5ab43166369f2ce236a1cd90995bb\"},\"headline\":\"Karmnik Bistro wygrywa II Nocny Szlak Kulinarny\",\"datePublished\":\"2022-09-21T19:38:19+00:00\",\"dateModified\":\"2022-09-21T19:38:21+00:00\",\"mainEntityOfPage\":{\"@id\":\"https:\\\/\\\/gorzow.news\\\/index.php\\\/2022\\\/09\\\/21\\\/karmnik-bistro-wygrywa-ii-nocny-szlak-kulinarny\\\/\"},\"wordCount\":413,\"commentCount\":0,\"image\":{\"@id\":\"https:\\\/\\\/gorzow.news\\\/index.php\\\/2022\\\/09\\\/21\\\/karmnik-bistro-wygrywa-ii-nocny-szlak-kulinarny\\\/#primaryimage\"},\"thumbnailUrl\":\"https:\\\/\\\/gorzow.news\\\/wp-content\\\/uploads\\\/2022\\\/09\\\/fotob-4897.jpg\",\"keywords\":[\"Hak Smak\",\"Karmnik Bistro\",\"Katarzyna Boryczka\",\"Manna Bistro&amp;Cafe\",\"Nocny Szlak Kulinarny\"],\"articleSection\":[\"Kulinaria\",\"W skr\u00f3cie\"],\"inLanguage\":\"pl-PL\",\"potentialAction\":[{\"@type\":\"CommentAction\",\"name\":\"Comment\",\"target\":[\"https:\\\/\\\/gorzow.news\\\/index.php\\\/2022\\\/09\\\/21\\\/karmnik-bistro-wygrywa-ii-nocny-szlak-kulinarny\\\/#respond\"]}]},{\"@type\":\"WebPage\",\"@id\":\"https:\\\/\\\/gorzow.news\\\/index.php\\\/2022\\\/09\\\/21\\\/karmnik-bistro-wygrywa-ii-nocny-szlak-kulinarny\\\/\",\"url\":\"https:\\\/\\\/gorzow.news\\\/index.php\\\/2022\\\/09\\\/21\\\/karmnik-bistro-wygrywa-ii-nocny-szlak-kulinarny\\\/\",\"name\":\"Karmnik Bistro wygrywa II Nocny Szlak Kulinarny - Gorz\u00f3w News\",\"isPartOf\":{\"@id\":\"https:\\\/\\\/gorzow.news\\\/#website\"},\"primaryImageOfPage\":{\"@id\":\"https:\\\/\\\/gorzow.news\\\/index.php\\\/2022\\\/09\\\/21\\\/karmnik-bistro-wygrywa-ii-nocny-szlak-kulinarny\\\/#primaryimage\"},\"image\":{\"@id\":\"https:\\\/\\\/gorzow.news\\\/index.php\\\/2022\\\/09\\\/21\\\/karmnik-bistro-wygrywa-ii-nocny-szlak-kulinarny\\\/#primaryimage\"},\"thumbnailUrl\":\"https:\\\/\\\/gorzow.news\\\/wp-content\\\/uploads\\\/2022\\\/09\\\/fotob-4897.jpg\",\"datePublished\":\"2022-09-21T19:38:19+00:00\",\"dateModified\":\"2022-09-21T19:38:21+00:00\",\"author\":{\"@id\":\"https:\\\/\\\/gorzow.news\\\/#\\\/schema\\\/person\\\/a1e5ab43166369f2ce236a1cd90995bb\"},\"description\":\"Restauracja \u201eKarmnik Bistro\u201d otrzyma\u0142a sztandar \u201eKr\u00f3lowej Gorzowskiej Gastronomii\u201d. To decyzja mieszka\u0144c\u00f3w, kt\u00f3rzy wzi\u0119li udzia\u0142 w II edycji Nocnego Szlaku Kulinarnego. Sztandar w\u0142a\u015bcicielowi restauracji przekaza\u0142 prezydent miasta Jacek W\u00f3jcicki.\",\"breadcrumb\":{\"@id\":\"https:\\\/\\\/gorzow.news\\\/index.php\\\/2022\\\/09\\\/21\\\/karmnik-bistro-wygrywa-ii-nocny-szlak-kulinarny\\\/#breadcrumb\"},\"inLanguage\":\"pl-PL\",\"potentialAction\":[{\"@type\":\"ReadAction\",\"target\":[\"https:\\\/\\\/gorzow.news\\\/index.php\\\/2022\\\/09\\\/21\\\/karmnik-bistro-wygrywa-ii-nocny-szlak-kulinarny\\\/\"]}]},{\"@type\":\"ImageObject\",\"inLanguage\":\"pl-PL\",\"@id\":\"https:\\\/\\\/gorzow.news\\\/index.php\\\/2022\\\/09\\\/21\\\/karmnik-bistro-wygrywa-ii-nocny-szlak-kulinarny\\\/#primaryimage\",\"url\":\"https:\\\/\\\/gorzow.news\\\/wp-content\\\/uploads\\\/2022\\\/09\\\/fotob-4897.jpg\",\"contentUrl\":\"https:\\\/\\\/gorzow.news\\\/wp-content\\\/uploads\\\/2022\\\/09\\\/fotob-4897.jpg\",\"width\":1620,\"height\":1080,\"caption\":\"fot. Bart\u0142omiej Nowosielski\"},{\"@type\":\"BreadcrumbList\",\"@id\":\"https:\\\/\\\/gorzow.news\\\/index.php\\\/2022\\\/09\\\/21\\\/karmnik-bistro-wygrywa-ii-nocny-szlak-kulinarny\\\/#breadcrumb\",\"itemListElement\":[{\"@type\":\"ListItem\",\"position\":1,\"name\":\"Home\",\"item\":\"https:\\\/\\\/gorzow.news\\\/\"},{\"@type\":\"ListItem\",\"position\":2,\"name\":\"Karmnik Bistro wygrywa II Nocny Szlak Kulinarny\"}]},{\"@type\":\"WebSite\",\"@id\":\"https:\\\/\\\/gorzow.news\\\/#website\",\"url\":\"https:\\\/\\\/gorzow.news\\\/\",\"name\":\"Gorz\u00f3w News\",\"description\":\"Sp\u00f3jrz inaczej na miato i region...\",\"potentialAction\":[{\"@type\":\"SearchAction\",\"target\":{\"@type\":\"EntryPoint\",\"urlTemplate\":\"https:\\\/\\\/gorzow.news\\\/?s={search_term_string}\"},\"query-input\":{\"@type\":\"PropertyValueSpecification\",\"valueRequired\":true,\"valueName\":\"search_term_string\"}}],\"inLanguage\":\"pl-PL\"},{\"@type\":\"Person\",\"@id\":\"https:\\\/\\\/gorzow.news\\\/#\\\/schema\\\/person\\\/a1e5ab43166369f2ce236a1cd90995bb\",\"name\":\"maciej\",\"image\":{\"@type\":\"ImageObject\",\"inLanguage\":\"pl-PL\",\"@id\":\"https:\\\/\\\/secure.gravatar.com\\\/avatar\\\/530a674d56ba60cfa0ef21d74e8e8d123a51bb7aa6580465b5c2ab2c2e980a19?s=96&r=g&d=https:\\\/\\\/gorzow.news\\\/wp-content\\\/plugins\\\/userswp\\\/assets\\\/images\\\/no_profile.png\",\"url\":\"https:\\\/\\\/secure.gravatar.com\\\/avatar\\\/530a674d56ba60cfa0ef21d74e8e8d123a51bb7aa6580465b5c2ab2c2e980a19?s=96&r=g&d=https:\\\/\\\/gorzow.news\\\/wp-content\\\/plugins\\\/userswp\\\/assets\\\/images\\\/no_profile.png\",\"contentUrl\":\"https:\\\/\\\/secure.gravatar.com\\\/avatar\\\/530a674d56ba60cfa0ef21d74e8e8d123a51bb7aa6580465b5c2ab2c2e980a19?s=96&r=g&d=https:\\\/\\\/gorzow.news\\\/wp-content\\\/plugins\\\/userswp\\\/assets\\\/images\\\/no_profile.png\",\"caption\":\"maciej\"},\"url\":\"https:\\\/\\\/gorzow.news\\\/index.php\\\/profile\\\/maciej\\\/\"}]}<\/script>\n<!-- \/ Yoast SEO plugin. -->","yoast_head_json":{"title":"Karmnik Bistro wygrywa II Nocny Szlak Kulinarny - Gorz\u00f3w News","description":"Restauracja \u201eKarmnik Bistro\u201d otrzyma\u0142a sztandar \u201eKr\u00f3lowej Gorzowskiej Gastronomii\u201d. To decyzja mieszka\u0144c\u00f3w, kt\u00f3rzy wzi\u0119li udzia\u0142 w II e","robots":{"index":"index","follow":"follow","max-snippet":"max-snippet:-1","max-image-preview":"max-image-preview:large","max-video-preview":"max-video-preview:-1"},"canonical":"https:\/\/gorzow.news\/index.php\/2022\/09\/21\/karmnik-bistro-wygrywa-ii-nocny-szlak-kulinarny\/","og_locale":"pl_PL","og_type":"article","og_title":"Karmnik Bistro wygrywa II Nocny Szlak Kulinarny - Gorz\u00f3w News","og_description":"Restauracja \u201eKarmnik Bistro\u201d otrzyma\u0142a sztandar \u201eKr\u00f3lowej Gorzowskiej Gastronomii\u201d. To decyzja mieszka\u0144c\u00f3w, kt\u00f3rzy wzi\u0119li udzia\u0142 w II e","og_url":"https:\/\/gorzow.news\/index.php\/2022\/09\/21\/karmnik-bistro-wygrywa-ii-nocny-szlak-kulinarny\/","og_site_name":"Gorz\u00f3w News","article_publisher":"https:\/\/www.facebook.com\/gorzowskinews","article_published_time":"2022-09-21T19:38:19+00:00","article_modified_time":"2022-09-21T19:38:21+00:00","og_image":[{"width":1620,"height":1080,"url":"https:\/\/gorzow.news\/wp-content\/uploads\/2022\/09\/fotob-4897.jpg","type":"image\/jpeg"}],"author":"maciej","twitter_card":"summary_large_image","twitter_misc":{"Napisane przez":"maciej","Szacowany czas czytania":"3 minuty"},"schema":{"@context":"https:\/\/schema.org","@graph":[{"@type":"Article","@id":"https:\/\/gorzow.news\/index.php\/2022\/09\/21\/karmnik-bistro-wygrywa-ii-nocny-szlak-kulinarny\/#article","isPartOf":{"@id":"https:\/\/gorzow.news\/index.php\/2022\/09\/21\/karmnik-bistro-wygrywa-ii-nocny-szlak-kulinarny\/"},"author":{"name":"maciej","@id":"https:\/\/gorzow.news\/#\/schema\/person\/a1e5ab43166369f2ce236a1cd90995bb"},"headline":"Karmnik Bistro wygrywa II Nocny Szlak Kulinarny","datePublished":"2022-09-21T19:38:19+00:00","dateModified":"2022-09-21T19:38:21+00:00","mainEntityOfPage":{"@id":"https:\/\/gorzow.news\/index.php\/2022\/09\/21\/karmnik-bistro-wygrywa-ii-nocny-szlak-kulinarny\/"},"wordCount":413,"commentCount":0,"image":{"@id":"https:\/\/gorzow.news\/index.php\/2022\/09\/21\/karmnik-bistro-wygrywa-ii-nocny-szlak-kulinarny\/#primaryimage"},"thumbnailUrl":"https:\/\/gorzow.news\/wp-content\/uploads\/2022\/09\/fotob-4897.jpg","keywords":["Hak Smak","Karmnik Bistro","Katarzyna Boryczka","Manna Bistro&amp;Cafe","Nocny Szlak Kulinarny"],"articleSection":["Kulinaria","W skr\u00f3cie"],"inLanguage":"pl-PL","potentialAction":[{"@type":"CommentAction","name":"Comment","target":["https:\/\/gorzow.news\/index.php\/2022\/09\/21\/karmnik-bistro-wygrywa-ii-nocny-szlak-kulinarny\/#respond"]}]},{"@type":"WebPage","@id":"https:\/\/gorzow.news\/index.php\/2022\/09\/21\/karmnik-bistro-wygrywa-ii-nocny-szlak-kulinarny\/","url":"https:\/\/gorzow.news\/index.php\/2022\/09\/21\/karmnik-bistro-wygrywa-ii-nocny-szlak-kulinarny\/","name":"Karmnik Bistro wygrywa II Nocny Szlak Kulinarny - Gorz\u00f3w News","isPartOf":{"@id":"https:\/\/gorzow.news\/#website"},"primaryImageOfPage":{"@id":"https:\/\/gorzow.news\/index.php\/2022\/09\/21\/karmnik-bistro-wygrywa-ii-nocny-szlak-kulinarny\/#primaryimage"},"image":{"@id":"https:\/\/gorzow.news\/index.php\/2022\/09\/21\/karmnik-bistro-wygrywa-ii-nocny-szlak-kulinarny\/#primaryimage"},"thumbnailUrl":"https:\/\/gorzow.news\/wp-content\/uploads\/2022\/09\/fotob-4897.jpg","datePublished":"2022-09-21T19:38:19+00:00","dateModified":"2022-09-21T19:38:21+00:00","author":{"@id":"https:\/\/gorzow.news\/#\/schema\/person\/a1e5ab43166369f2ce236a1cd90995bb"},"description":"Restauracja \u201eKarmnik Bistro\u201d otrzyma\u0142a sztandar \u201eKr\u00f3lowej Gorzowskiej Gastronomii\u201d. To decyzja mieszka\u0144c\u00f3w, kt\u00f3rzy wzi\u0119li udzia\u0142 w II edycji Nocnego Szlaku Kulinarnego. Sztandar w\u0142a\u015bcicielowi restauracji przekaza\u0142 prezydent miasta Jacek W\u00f3jcicki.","breadcrumb":{"@id":"https:\/\/gorzow.news\/index.php\/2022\/09\/21\/karmnik-bistro-wygrywa-ii-nocny-szlak-kulinarny\/#breadcrumb"},"inLanguage":"pl-PL","potentialAction":[{"@type":"ReadAction","target":["https:\/\/gorzow.news\/index.php\/2022\/09\/21\/karmnik-bistro-wygrywa-ii-nocny-szlak-kulinarny\/"]}]},{"@type":"ImageObject","inLanguage":"pl-PL","@id":"https:\/\/gorzow.news\/index.php\/2022\/09\/21\/karmnik-bistro-wygrywa-ii-nocny-szlak-kulinarny\/#primaryimage","url":"https:\/\/gorzow.news\/wp-content\/uploads\/2022\/09\/fotob-4897.jpg","contentUrl":"https:\/\/gorzow.news\/wp-content\/uploads\/2022\/09\/fotob-4897.jpg","width":1620,"height":1080,"caption":"fot. Bart\u0142omiej Nowosielski"},{"@type":"BreadcrumbList","@id":"https:\/\/gorzow.news\/index.php\/2022\/09\/21\/karmnik-bistro-wygrywa-ii-nocny-szlak-kulinarny\/#breadcrumb","itemListElement":[{"@type":"ListItem","position":1,"name":"Home","item":"https:\/\/gorzow.news\/"},{"@type":"ListItem","position":2,"name":"Karmnik Bistro wygrywa II Nocny Szlak Kulinarny"}]},{"@type":"WebSite","@id":"https:\/\/gorzow.news\/#website","url":"https:\/\/gorzow.news\/","name":"Gorz\u00f3w News","description":"Sp\u00f3jrz inaczej na miato i region...","potentialAction":[{"@type":"SearchAction","target":{"@type":"EntryPoint","urlTemplate":"https:\/\/gorzow.news\/?s={search_term_string}"},"query-input":{"@type":"PropertyValueSpecification","valueRequired":true,"valueName":"search_term_string"}}],"inLanguage":"pl-PL"},{"@type":"Person","@id":"https:\/\/gorzow.news\/#\/schema\/person\/a1e5ab43166369f2ce236a1cd90995bb","name":"maciej","image":{"@type":"ImageObject","inLanguage":"pl-PL","@id":"https:\/\/secure.gravatar.com\/avatar\/530a674d56ba60cfa0ef21d74e8e8d123a51bb7aa6580465b5c2ab2c2e980a19?s=96&r=g&d=https:\/\/gorzow.news\/wp-content\/plugins\/userswp\/assets\/images\/no_profile.png","url":"https:\/\/secure.gravatar.com\/avatar\/530a674d56ba60cfa0ef21d74e8e8d123a51bb7aa6580465b5c2ab2c2e980a19?s=96&r=g&d=https:\/\/gorzow.news\/wp-content\/plugins\/userswp\/assets\/images\/no_profile.png","contentUrl":"https:\/\/secure.gravatar.com\/avatar\/530a674d56ba60cfa0ef21d74e8e8d123a51bb7aa6580465b5c2ab2c2e980a19?s=96&r=g&d=https:\/\/gorzow.news\/wp-content\/plugins\/userswp\/assets\/images\/no_profile.png","caption":"maciej"},"url":"https:\/\/gorzow.news\/index.php\/profile\/maciej\/"}]}},"_links":{"self":[{"href":"https:\/\/gorzow.news\/index.php\/wp-json\/wp\/v2\/posts\/9704","targetHints":{"allow":["GET"]}}],"collection":[{"href":"https:\/\/gorzow.news\/index.php\/wp-json\/wp\/v2\/posts"}],"about":[{"href":"https:\/\/gorzow.news\/index.php\/wp-json\/wp\/v2\/types\/post"}],"author":[{"embeddable":true,"href":"https:\/\/gorzow.news\/index.php\/wp-json\/wp\/v2\/users\/1"}],"replies":[{"embeddable":true,"href":"https:\/\/gorzow.news\/index.php\/wp-json\/wp\/v2\/comments?post=9704"}],"version-history":[{"count":0,"href":"https:\/\/gorzow.news\/index.php\/wp-json\/wp\/v2\/posts\/9704\/revisions"}],"wp:featuredmedia":[{"embeddable":true,"href":"https:\/\/gorzow.news\/index.php\/wp-json\/wp\/v2\/media\/9706"}],"wp:attachment":[{"href":"https:\/\/gorzow.news\/index.php\/wp-json\/wp\/v2\/media?parent=9704"}],"wp:term":[{"taxonomy":"category","embeddable":true,"href":"https:\/\/gorzow.news\/index.php\/wp-json\/wp\/v2\/categories?post=9704"},{"taxonomy":"post_tag","embeddable":true,"href":"https:\/\/gorzow.news\/index.php\/wp-json\/wp\/v2\/tags?post=9704"}],"curies":[{"name":"wp","href":"https:\/\/api.w.org\/{rel}","templated":true}]}}