{"id":9552,"date":"2022-09-14T13:10:47","date_gmt":"2022-09-14T11:10:47","guid":{"rendered":"https:\/\/gorzow.news\/?p=9552"},"modified":"2022-09-14T13:10:49","modified_gmt":"2022-09-14T11:10:49","slug":"co-z-budowa-aldi-przy-warszawskiej-zdjecia","status":"publish","type":"post","link":"https:\/\/gorzow.news\/index.php\/2022\/09\/14\/co-z-budowa-aldi-przy-warszawskiej-zdjecia\/","title":{"rendered":"Co z budow\u0105 ALDI przy Warszawskiej? (zdj\u0119cia)"},"content":{"rendered":"\n<p><strong>Wyburzenia i porz\u0105dkowanie terenu na dzia\u0142kach przy ul. Warszawskiej mi\u0119dzy ul. Podmiejsk\u0105 i G\u0142owackiego zosta\u0142y zako\u0144czone w kwietniu. Przez ostatnie pi\u0119\u0107 miesi\u0119cy w tym miejscu nic wi\u0119cej si\u0119 ju\u017c nie dzia\u0142o. W tym miejscu ma powsta\u0107 drugi w mie\u015bcie dyskont ALDI i restauracja szwedzkiej sieci Max Burgers. Oba punkty mia\u0142y by\u0107 czynne w pierwszym kwartale 2023 roku. Procedury przygotowawcze jednak si\u0119 przed\u0142u\u017caj\u0105 i inwestycja b\u0119dzie mia\u0142a op\u00f3\u017anienie.<\/strong><\/p>\n\n\n\n<p>O tym, \u017ce na dzia\u0142kach o powierzchni ponad 5.000 mkw. przy ul. Warszawskiej powstanie ALDI i Max Burgers informowali\u015bmy ju\u017c w styczniu tego roku. Wtedy inwestor wyst\u0105pi\u0142 o zezwolenie na wyburzenie starych budynk\u00f3w przemys\u0142owych i opuszczonego budynku mieszkalnego. Gdy je otrzyma\u0142 przyst\u0105pi\u0142 w kwietniu do prac wyburzeniowych i porz\u0105dkowania terenu. Prace trwa\u0142y dwa tygodnie. Od ich zako\u0144czenia na dzia\u0142ce nic ju\u017c si\u0119 nie dzia\u0142o.<\/p>\n\n\n\n<p>Oto kiedy rusz\u0105 kolejne etapy inwestycji postanowili\u015bmy zapyta\u0107 inwestora. &#8211; Czekamy jeszcze na wszystkie dokumenty potrzebne do rozpocz\u0119cia budowy. Pewnie terminy uko\u0144czenia inwestycji si\u0119 wyd\u0142u\u017c\u0105 &#8211; powiedzia\u0142 nam <strong>Micha\u0142 Osadczuk<\/strong> z firmy Rock Capital.<\/p>\n\n\n\n<p>Pierwszy w Gorzowie dyskont niemieckiej sieci ALDI zostanie otwarty najprawdopodobniej jeszcze w pa\u017adzierniku tego roku przy ul. Pi\u0142sudskiego w przebudowywanym obecnie pawilonie po Komforcie o czym informowali\u015bmy ostatnio w tek\u015bcie &#8211; Przy Pi\u0142sudskiego nie tylko ALDI! Wiemy ile sklep\u00f3w! Kiedy otwarcie? (zdj\u0119cia).<\/p>\n\n\n\n<p><strong>O inwestycji przy ul. Warszawskiej przeczytasz w naszych wcze\u015bniejszych tekstach:<\/strong><br>&#8211; <a href=\"https:\/\/gorzow.news\/index.php\/2022\/04\/26\/przy-warszawskiej-wyburzenia-dobiegly-konca-nie-ma-juz-zabudowan-zdjecia\/\">Przy Warszawskiej wyburzenia dobieg\u0142y ko\u0144ca! Nie ma ju\u017c zabudowa\u0144! (zdj\u0119cia)<\/a><br>&#8211; <a href=\"https:\/\/gorzow.news\/index.php\/2022\/04\/11\/przy-warszawskiej-demolka-znikaja-pustostany-bedzie-tu-aldi-zdjecia\/\">Przy Warszawskiej demolka! Znikaj\u0105 pustostany! B\u0119dzie tu ALDI! (zdj\u0119cia)<\/a><br>&#8211; <a href=\"https:\/\/gorzow.news\/index.php\/2022\/04\/04\/na-pilsudskiego-i-warszawskiej-rozpoczely-sie-prace-przygotowawcze-do-budowy-marketow-aldi-zdjecia\/\">Na Pi\u0142sudskiego i Warszawskiej rozpocz\u0119\u0142y si\u0119 prace przygotowawcze do budowy market\u00f3w ALDI (zdj\u0119cia)<\/a><br>&#8211; <a href=\"https:\/\/gorzow.news\/index.php\/2022\/03\/25\/w-gorzowie-zrobimy-zakupy-w-dwoch-sklepach-sieci-aldi\/\">W Gorzowie zrobimy zakupy w dw\u00f3ch sklepach sieci ALDI!<\/a><br>&#8211; <a href=\"https:\/\/gorzow.news\/index.php\/2022\/01\/31\/przy-warszawskiej-wreszcie-uporzadkuja-teren-bedzie-tu-aldi-i-restauracja-max-burgers\/\">Przy Warszawskiej wreszcie uporz\u0105dkuj\u0105 teren! B\u0119dzie tu Aldi i restauracja Max Burgers<\/a><\/p>\n\n\n\n<p><strong>Przeczytaj te\u017c:<\/strong><br>&#8211; <a href=\"https:\/\/gorzow.news\/index.php\/2022\/09\/12\/park-handlowy-przy-niepodleglosci-pnie-sie-do-gory-zdjecia\/\">Park handlowy przy Niepodleg\u0142o\u015bci pnie si\u0119 do g\u00f3ry (zdj\u0119cia)<\/a><br>&#8211; <a href=\"https:\/\/gorzow.news\/index.php\/2022\/09\/02\/pasaz-londynska-ostatecznie-trzy-sklepy-i-garaze-zdjecia\/\">Pasa\u017c Londy\u0144ska: Ostatecznie trzy sklepy i gara\u017ce (zdj\u0119cia)<\/a><br>&#8211; <a href=\"https:\/\/gorzow.news\/index.php\/2022\/08\/25\/zmiany-w-hali-targowej-orbi-powstanie-tu-supermarket-zdjecia\/\">Zmiany w hali targowej ORBI! Powstanie tu supermarket! (zdj\u0119cia)<\/a><br>&#8211; <a href=\"https:\/\/gorzow.news\/index.php\/2022\/08\/22\/w-netto-3-0-przy-przy-mysliborskiej-zakupy-zrobimy-juz-w-listopadzie-zdjecia\/\">W Netto 3.0 przy My\u015bliborskiej zakupy zrobimy ju\u017c w listopadzie? (zdj\u0119cia)<\/a><br>&#8211; <a href=\"https:\/\/gorzow.news\/index.php\/2022\/08\/17\/przy-mysliborskiej-powstanie-vendo-park-ile-i-jakie-sklepy-zdjecia\/\">Przy My\u015bliborskiej powstanie Vendo Park! Ile i jakie sklepy? (zdj\u0119cia)<\/a><\/p>\n\n\n\r\n                <style type=\"text\/css\">\r\n                    \r\n                    #tdi_1  .td-doubleSlider-2 .td-item1 {\r\n                        background: url(https:\/\/gorzow.news\/wp-content\/uploads\/2022\/09\/IMG_20220727_165733_1-1.jpg) 0 0 no-repeat;\r\n                    }\r\n                    #tdi_1  .td-doubleSlider-2 .td-item2 {\r\n                        background: url(https:\/\/gorzow.news\/wp-content\/uploads\/2022\/09\/IMG_20220727_165612_1.jpg) 0 0 no-repeat;\r\n                    }\r\n                    #tdi_1  .td-doubleSlider-2 .td-item3 {\r\n                        background: url(https:\/\/gorzow.news\/wp-content\/uploads\/2022\/09\/IMG_20220727_165602.jpg) 0 0 no-repeat;\r\n                    }\r\n                    #tdi_1  .td-doubleSlider-2 .td-item4 {\r\n                        background: url(https:\/\/gorzow.news\/wp-content\/uploads\/2022\/09\/IMG_20220727_165515_1.jpg) 0 0 no-repeat;\r\n                    }\r\n                    #tdi_1  .td-doubleSlider-2 .td-item5 {\r\n                        background: url(https:\/\/gorzow.news\/wp-content\/uploads\/2022\/09\/IMG_20220727_165435.jpg) 0 0 no-repeat;\r\n                    }\r\n                    #tdi_1  .td-doubleSlider-2 .td-item6 {\r\n                        background: url(https:\/\/gorzow.news\/wp-content\/uploads\/2022\/09\/gorzow_wizualizacja_3_20220119.jpg) 0 0 no-repeat;\r\n                    }\r\n                    #tdi_1  .td-doubleSlider-2 .td-item7 {\r\n                        background: url(https:\/\/gorzow.news\/wp-content\/uploads\/2022\/09\/gorzow_wizualizacja_2_20220119a.jpg) 0 0 no-repeat;\r\n                    }\r\n                    #tdi_1  .td-doubleSlider-2 .td-item8 {\r\n                        background: url(https:\/\/gorzow.news\/wp-content\/uploads\/2022\/09\/gorzow_wizualizacja_1_20220119a.jpg) 0 0 no-repeat;\r\n                    }\r\n                <\/style>\r\n\r\n                <div id=\"tdi_1\" class=\"td-gallery td-slide-on-2-columns\">\r\n                    <div class=\"post_td_gallery\">\r\n                        <div class=\"td-gallery-slide-top\">\r\n                           <div class=\"td-gallery-title\">Teren inwestycji przy ul. Warszawskiej i wizualizacje obiekt\u00f3w<\/div>\r\n\r\n                            <div class=\"td-gallery-controls-wrapper\">\r\n                                <div class=\"td-gallery-slide-count\"><span class=\"td-gallery-slide-item-focus\">1<\/span> z 8<\/div>\r\n                                <div class=\"td-gallery-slide-prev-next-but\">\r\n                                    <i class = \"td-icon-left doubleSliderPrevButton\"><\/i>\r\n                                    <i class = \"td-icon-right doubleSliderNextButton\"><\/i>\r\n                                <\/div>\r\n                            <\/div>\r\n                        <\/div>\r\n\r\n                        <div class = \"td-doubleSlider-1 \">\r\n                            <div class = \"td-slider\">\r\n                                \r\n                    <div class = \"td-slide-item td-item1\">\r\n                        <figure class=\"td-slide-galery-figure td-slide-popup-gallery\">\r\n                            <a class=\"slide-gallery-image-link\" href=\"https:\/\/gorzow.news\/wp-content\/uploads\/2022\/09\/IMG_20220727_165733_1-1.jpg\" title=\"\"  data-caption=\"\"  data-description=\"\">\r\n                                <img decoding=\"async\" src=\"https:\/\/gorzow.news\/wp-content\/uploads\/2022\/09\/IMG_20220727_165733_1-1.jpg\" srcset=\"https:\/\/gorzow.news\/wp-content\/uploads\/2022\/09\/IMG_20220727_165733_1-1.jpg 1600w, https:\/\/gorzow.news\/wp-content\/uploads\/2022\/09\/IMG_20220727_165733_1-1-300x142.jpg 300w, https:\/\/gorzow.news\/wp-content\/uploads\/2022\/09\/IMG_20220727_165733_1-1-1024x484.jpg 1024w, https:\/\/gorzow.news\/wp-content\/uploads\/2022\/09\/IMG_20220727_165733_1-1-768x363.jpg 768w, https:\/\/gorzow.news\/wp-content\/uploads\/2022\/09\/IMG_20220727_165733_1-1-1536x727.jpg 1536w, https:\/\/gorzow.news\/wp-content\/uploads\/2022\/09\/IMG_20220727_165733_1-1-696x329.jpg 696w, https:\/\/gorzow.news\/wp-content\/uploads\/2022\/09\/IMG_20220727_165733_1-1-1068x505.jpg 1068w\" sizes=\"(max-width: 1600px) 100vw, 1600px\" alt=\"\">\r\n                            <\/a>\r\n                            \r\n                        <\/figure>\r\n                    <\/div>\r\n                    <div class = \"td-slide-item td-item2\">\r\n                        <figure class=\"td-slide-galery-figure td-slide-popup-gallery\">\r\n                            <a class=\"slide-gallery-image-link\" href=\"https:\/\/gorzow.news\/wp-content\/uploads\/2022\/09\/IMG_20220727_165612_1.jpg\" title=\"\"  data-caption=\"\"  data-description=\"\">\r\n                                <img decoding=\"async\" src=\"https:\/\/gorzow.news\/wp-content\/uploads\/2022\/09\/IMG_20220727_165612_1.jpg\" srcset=\"https:\/\/gorzow.news\/wp-content\/uploads\/2022\/09\/IMG_20220727_165612_1.jpg 1600w, https:\/\/gorzow.news\/wp-content\/uploads\/2022\/09\/IMG_20220727_165612_1-300x142.jpg 300w, https:\/\/gorzow.news\/wp-content\/uploads\/2022\/09\/IMG_20220727_165612_1-1024x484.jpg 1024w, https:\/\/gorzow.news\/wp-content\/uploads\/2022\/09\/IMG_20220727_165612_1-768x363.jpg 768w, https:\/\/gorzow.news\/wp-content\/uploads\/2022\/09\/IMG_20220727_165612_1-1536x727.jpg 1536w, https:\/\/gorzow.news\/wp-content\/uploads\/2022\/09\/IMG_20220727_165612_1-696x329.jpg 696w, https:\/\/gorzow.news\/wp-content\/uploads\/2022\/09\/IMG_20220727_165612_1-1068x505.jpg 1068w\" sizes=\"(max-width: 1600px) 100vw, 1600px\" alt=\"\">\r\n                            <\/a>\r\n                            \r\n                        <\/figure>\r\n                    <\/div>\r\n                    <div class = \"td-slide-item td-item3\">\r\n                        <figure class=\"td-slide-galery-figure td-slide-popup-gallery\">\r\n                            <a class=\"slide-gallery-image-link\" href=\"https:\/\/gorzow.news\/wp-content\/uploads\/2022\/09\/IMG_20220727_165602.jpg\" title=\"\"  data-caption=\"\"  data-description=\"\">\r\n                                <img decoding=\"async\" src=\"https:\/\/gorzow.news\/wp-content\/uploads\/2022\/09\/IMG_20220727_165602.jpg\" srcset=\"https:\/\/gorzow.news\/wp-content\/uploads\/2022\/09\/IMG_20220727_165602.jpg 1600w, https:\/\/gorzow.news\/wp-content\/uploads\/2022\/09\/IMG_20220727_165602-300x142.jpg 300w, https:\/\/gorzow.news\/wp-content\/uploads\/2022\/09\/IMG_20220727_165602-1024x484.jpg 1024w, https:\/\/gorzow.news\/wp-content\/uploads\/2022\/09\/IMG_20220727_165602-768x363.jpg 768w, https:\/\/gorzow.news\/wp-content\/uploads\/2022\/09\/IMG_20220727_165602-1536x727.jpg 1536w, https:\/\/gorzow.news\/wp-content\/uploads\/2022\/09\/IMG_20220727_165602-696x329.jpg 696w, https:\/\/gorzow.news\/wp-content\/uploads\/2022\/09\/IMG_20220727_165602-1068x505.jpg 1068w\" sizes=\"(max-width: 1600px) 100vw, 1600px\" alt=\"\">\r\n                            <\/a>\r\n                            \r\n                        <\/figure>\r\n                    <\/div>\r\n                    <div class = \"td-slide-item td-item4\">\r\n                        <figure class=\"td-slide-galery-figure td-slide-popup-gallery\">\r\n                            <a class=\"slide-gallery-image-link\" href=\"https:\/\/gorzow.news\/wp-content\/uploads\/2022\/09\/IMG_20220727_165515_1.jpg\" title=\"\"  data-caption=\"\"  data-description=\"\">\r\n                                <img decoding=\"async\" src=\"https:\/\/gorzow.news\/wp-content\/uploads\/2022\/09\/IMG_20220727_165515_1.jpg\" srcset=\"https:\/\/gorzow.news\/wp-content\/uploads\/2022\/09\/IMG_20220727_165515_1.jpg 1600w, https:\/\/gorzow.news\/wp-content\/uploads\/2022\/09\/IMG_20220727_165515_1-300x142.jpg 300w, https:\/\/gorzow.news\/wp-content\/uploads\/2022\/09\/IMG_20220727_165515_1-1024x484.jpg 1024w, https:\/\/gorzow.news\/wp-content\/uploads\/2022\/09\/IMG_20220727_165515_1-768x363.jpg 768w, https:\/\/gorzow.news\/wp-content\/uploads\/2022\/09\/IMG_20220727_165515_1-1536x727.jpg 1536w, https:\/\/gorzow.news\/wp-content\/uploads\/2022\/09\/IMG_20220727_165515_1-696x329.jpg 696w, https:\/\/gorzow.news\/wp-content\/uploads\/2022\/09\/IMG_20220727_165515_1-1068x505.jpg 1068w\" sizes=\"(max-width: 1600px) 100vw, 1600px\" alt=\"\">\r\n                            <\/a>\r\n                            \r\n                        <\/figure>\r\n                    <\/div>\r\n                    <div class = \"td-slide-item td-item5\">\r\n                        <figure class=\"td-slide-galery-figure td-slide-popup-gallery\">\r\n                            <a class=\"slide-gallery-image-link\" href=\"https:\/\/gorzow.news\/wp-content\/uploads\/2022\/09\/IMG_20220727_165435.jpg\" title=\"\"  data-caption=\"\"  data-description=\"\">\r\n                                <img decoding=\"async\" src=\"https:\/\/gorzow.news\/wp-content\/uploads\/2022\/09\/IMG_20220727_165435.jpg\" srcset=\"https:\/\/gorzow.news\/wp-content\/uploads\/2022\/09\/IMG_20220727_165435.jpg 1600w, https:\/\/gorzow.news\/wp-content\/uploads\/2022\/09\/IMG_20220727_165435-300x142.jpg 300w, https:\/\/gorzow.news\/wp-content\/uploads\/2022\/09\/IMG_20220727_165435-1024x484.jpg 1024w, https:\/\/gorzow.news\/wp-content\/uploads\/2022\/09\/IMG_20220727_165435-768x363.jpg 768w, https:\/\/gorzow.news\/wp-content\/uploads\/2022\/09\/IMG_20220727_165435-1536x727.jpg 1536w, https:\/\/gorzow.news\/wp-content\/uploads\/2022\/09\/IMG_20220727_165435-696x329.jpg 696w, https:\/\/gorzow.news\/wp-content\/uploads\/2022\/09\/IMG_20220727_165435-1068x505.jpg 1068w\" sizes=\"(max-width: 1600px) 100vw, 1600px\" alt=\"\">\r\n                            <\/a>\r\n                            \r\n                        <\/figure>\r\n                    <\/div>\r\n                    <div class = \"td-slide-item td-item6\">\r\n                        <figure class=\"td-slide-galery-figure td-slide-popup-gallery\">\r\n                            <a class=\"slide-gallery-image-link\" href=\"https:\/\/gorzow.news\/wp-content\/uploads\/2022\/09\/gorzow_wizualizacja_3_20220119.jpg\" title=\"\"  data-caption=\"\"  data-description=\"\">\r\n                                <img decoding=\"async\" src=\"https:\/\/gorzow.news\/wp-content\/uploads\/2022\/09\/gorzow_wizualizacja_3_20220119.jpg\" srcset=\"https:\/\/gorzow.news\/wp-content\/uploads\/2022\/09\/gorzow_wizualizacja_3_20220119.jpg 1600w, https:\/\/gorzow.news\/wp-content\/uploads\/2022\/09\/gorzow_wizualizacja_3_20220119-300x138.jpg 300w, https:\/\/gorzow.news\/wp-content\/uploads\/2022\/09\/gorzow_wizualizacja_3_20220119-1024x470.jpg 1024w, https:\/\/gorzow.news\/wp-content\/uploads\/2022\/09\/gorzow_wizualizacja_3_20220119-768x352.jpg 768w, https:\/\/gorzow.news\/wp-content\/uploads\/2022\/09\/gorzow_wizualizacja_3_20220119-1536x705.jpg 1536w, https:\/\/gorzow.news\/wp-content\/uploads\/2022\/09\/gorzow_wizualizacja_3_20220119-696x319.jpg 696w, https:\/\/gorzow.news\/wp-content\/uploads\/2022\/09\/gorzow_wizualizacja_3_20220119-1068x490.jpg 1068w\" sizes=\"(max-width: 1600px) 100vw, 1600px\" alt=\"\">\r\n                            <\/a>\r\n                            \r\n                        <\/figure>\r\n                    <\/div>\r\n                    <div class = \"td-slide-item td-item7\">\r\n                        <figure class=\"td-slide-galery-figure td-slide-popup-gallery\">\r\n                            <a class=\"slide-gallery-image-link\" href=\"https:\/\/gorzow.news\/wp-content\/uploads\/2022\/09\/gorzow_wizualizacja_2_20220119a.jpg\" title=\"\"  data-caption=\"\"  data-description=\"\">\r\n                                <img decoding=\"async\" src=\"https:\/\/gorzow.news\/wp-content\/uploads\/2022\/09\/gorzow_wizualizacja_2_20220119a.jpg\" srcset=\"https:\/\/gorzow.news\/wp-content\/uploads\/2022\/09\/gorzow_wizualizacja_2_20220119a.jpg 1600w, https:\/\/gorzow.news\/wp-content\/uploads\/2022\/09\/gorzow_wizualizacja_2_20220119a-300x169.jpg 300w, https:\/\/gorzow.news\/wp-content\/uploads\/2022\/09\/gorzow_wizualizacja_2_20220119a-1024x575.jpg 1024w, https:\/\/gorzow.news\/wp-content\/uploads\/2022\/09\/gorzow_wizualizacja_2_20220119a-768x432.jpg 768w, https:\/\/gorzow.news\/wp-content\/uploads\/2022\/09\/gorzow_wizualizacja_2_20220119a-1536x863.jpg 1536w, https:\/\/gorzow.news\/wp-content\/uploads\/2022\/09\/gorzow_wizualizacja_2_20220119a-696x391.jpg 696w, https:\/\/gorzow.news\/wp-content\/uploads\/2022\/09\/gorzow_wizualizacja_2_20220119a-1068x600.jpg 1068w\" sizes=\"(max-width: 1600px) 100vw, 1600px\" alt=\"\">\r\n                            <\/a>\r\n                            \r\n                        <\/figure>\r\n                    <\/div>\r\n                    <div class = \"td-slide-item td-item8\">\r\n                        <figure class=\"td-slide-galery-figure td-slide-popup-gallery\">\r\n                            <a class=\"slide-gallery-image-link\" href=\"https:\/\/gorzow.news\/wp-content\/uploads\/2022\/09\/gorzow_wizualizacja_1_20220119a.jpg\" title=\"\"  data-caption=\"\"  data-description=\"\">\r\n                                <img decoding=\"async\" src=\"https:\/\/gorzow.news\/wp-content\/uploads\/2022\/09\/gorzow_wizualizacja_1_20220119a.jpg\" srcset=\"https:\/\/gorzow.news\/wp-content\/uploads\/2022\/09\/gorzow_wizualizacja_1_20220119a.jpg 1600w, https:\/\/gorzow.news\/wp-content\/uploads\/2022\/09\/gorzow_wizualizacja_1_20220119a-300x169.jpg 300w, https:\/\/gorzow.news\/wp-content\/uploads\/2022\/09\/gorzow_wizualizacja_1_20220119a-1024x575.jpg 1024w, https:\/\/gorzow.news\/wp-content\/uploads\/2022\/09\/gorzow_wizualizacja_1_20220119a-768x432.jpg 768w, https:\/\/gorzow.news\/wp-content\/uploads\/2022\/09\/gorzow_wizualizacja_1_20220119a-1536x863.jpg 1536w, https:\/\/gorzow.news\/wp-content\/uploads\/2022\/09\/gorzow_wizualizacja_1_20220119a-696x391.jpg 696w, https:\/\/gorzow.news\/wp-content\/uploads\/2022\/09\/gorzow_wizualizacja_1_20220119a-1068x600.jpg 1068w\" sizes=\"(max-width: 1600px) 100vw, 1600px\" alt=\"\">\r\n                            <\/a>\r\n                            \r\n                        <\/figure>\r\n                    <\/div>\r\n                            <\/div>\r\n                        <\/div>\r\n\r\n                        <div class = \"td-doubleSlider-2\">\r\n                            <div class = \"td-slider\">\r\n                                \r\n                    <div class = \"td-button td-item1\">\r\n                        <div class = \"td-border\"><\/div>\r\n                    <\/div>\r\n                    <div class = \"td-button td-item2\">\r\n                        <div class = \"td-border\"><\/div>\r\n                    <\/div>\r\n                    <div class = \"td-button td-item3\">\r\n                        <div class = \"td-border\"><\/div>\r\n                    <\/div>\r\n                    <div class = \"td-button td-item4\">\r\n                        <div class = \"td-border\"><\/div>\r\n                    <\/div>\r\n                    <div class = \"td-button td-item5\">\r\n                        <div class = \"td-border\"><\/div>\r\n                    <\/div>\r\n                    <div class = \"td-button td-item6\">\r\n                        <div class = \"td-border\"><\/div>\r\n                    <\/div>\r\n                    <div class = \"td-button td-item7\">\r\n                        <div class = \"td-border\"><\/div>\r\n                    <\/div>\r\n                    <div class = \"td-button td-item8\">\r\n                        <div class = \"td-border\"><\/div>\r\n                    <\/div>\r\n                            <\/div>\r\n                        <\/div>\r\n\r\n                    <\/div>\r\n\r\n                <\/div>\r\n                ","protected":false},"excerpt":{"rendered":"<p>Wyburzenia i porz\u0105dkowanie terenu na dzia\u0142kach przy ul. Warszawskiej mi\u0119dzy ul. Podmiejsk\u0105 i G\u0142owackiego zosta\u0142y zako\u0144czone w kwietniu. Przez ostatnie pi\u0119\u0107 miesi\u0119cy w tym miejscu nic wi\u0119cej si\u0119 ju\u017c nie dzia\u0142o. W tym miejscu ma powsta\u0107 drugi w mie\u015bcie dyskont ALDI i restauracja szwedzkiej sieci Max Burgers. Oba punkty mia\u0142y by\u0107 czynne w pierwszym kwartale 2023 roku. Procedury przygotowawcze jednak si\u0119 przed\u0142u\u017caj\u0105 i inwestycja b\u0119dzie mia\u0142a op\u00f3\u017anienie.<\/p>\n","protected":false},"author":1,"featured_media":9553,"comment_status":"open","ping_status":"open","sticky":false,"template":"","format":"standard","meta":{"footnotes":"","_links_to":"","_links_to_target":""},"categories":[1624,589],"tags":[923,441,612,1046,1048,73,1143,1047,225],"class_list":{"0":"post-9552","1":"post","2":"type-post","3":"status-publish","4":"format-standard","5":"has-post-thumbnail","7":"category-inwestycje-handlowe","8":"category-wiadomosci","9":"tag-aldi","10":"tag-glowackiego","11":"tag-komfort","12":"tag-max-burgers","13":"tag-michal-osadczuk","14":"tag-pilsudskiego","15":"tag-podmiejska","16":"tag-rock-capital","17":"tag-warszawska"},"yoast_head":"<!-- This site is optimized with the Yoast SEO plugin v27.3 - https:\/\/yoast.com\/product\/yoast-seo-wordpress\/ -->\n<title>Co z budow\u0105 ALDI przy Warszawskiej? (zdj\u0119cia) - Gorz\u00f3w News<\/title>\n<meta name=\"description\" content=\"Wyburzenia i porz\u0105dkowanie terenu na dzia\u0142kach przy ul. Warszawskiej mi\u0119dzy ul. Podmiejsk\u0105 i G\u0142owackiego zosta\u0142y zako\u0144czone w kwietniu. Przez o\" \/>\n<meta name=\"robots\" content=\"index, follow, max-snippet:-1, max-image-preview:large, max-video-preview:-1\" \/>\n<link rel=\"canonical\" href=\"https:\/\/gorzow.news\/index.php\/2022\/09\/14\/co-z-budowa-aldi-przy-warszawskiej-zdjecia\/\" \/>\n<meta property=\"og:locale\" content=\"pl_PL\" \/>\n<meta property=\"og:type\" content=\"article\" \/>\n<meta property=\"og:title\" content=\"Co z budow\u0105 ALDI przy Warszawskiej? (zdj\u0119cia) - Gorz\u00f3w News\" \/>\n<meta property=\"og:description\" content=\"Wyburzenia i porz\u0105dkowanie terenu na dzia\u0142kach przy ul. Warszawskiej mi\u0119dzy ul. Podmiejsk\u0105 i G\u0142owackiego zosta\u0142y zako\u0144czone w kwietniu. Przez o\" \/>\n<meta property=\"og:url\" content=\"https:\/\/gorzow.news\/index.php\/2022\/09\/14\/co-z-budowa-aldi-przy-warszawskiej-zdjecia\/\" \/>\n<meta property=\"og:site_name\" content=\"Gorz\u00f3w News\" \/>\n<meta property=\"article:publisher\" content=\"https:\/\/www.facebook.com\/gorzowskinews\" \/>\n<meta property=\"article:published_time\" content=\"2022-09-14T11:10:47+00:00\" \/>\n<meta property=\"article:modified_time\" content=\"2022-09-14T11:10:49+00:00\" \/>\n<meta property=\"og:image\" content=\"https:\/\/gorzow.news\/wp-content\/uploads\/2022\/09\/IMG_20220727_165733_1.jpg\" \/>\n\t<meta property=\"og:image:width\" content=\"1600\" \/>\n\t<meta property=\"og:image:height\" content=\"757\" \/>\n\t<meta property=\"og:image:type\" content=\"image\/jpeg\" \/>\n<meta name=\"author\" content=\"maciej\" \/>\n<meta name=\"twitter:card\" content=\"summary_large_image\" \/>\n<meta name=\"twitter:label1\" content=\"Napisane przez\" \/>\n\t<meta name=\"twitter:data1\" content=\"maciej\" \/>\n\t<meta name=\"twitter:label2\" content=\"Szacowany czas czytania\" \/>\n\t<meta name=\"twitter:data2\" content=\"2 minuty\" \/>\n<script type=\"application\/ld+json\" class=\"yoast-schema-graph\">{\"@context\":\"https:\\\/\\\/schema.org\",\"@graph\":[{\"@type\":\"Article\",\"@id\":\"https:\\\/\\\/gorzow.news\\\/index.php\\\/2022\\\/09\\\/14\\\/co-z-budowa-aldi-przy-warszawskiej-zdjecia\\\/#article\",\"isPartOf\":{\"@id\":\"https:\\\/\\\/gorzow.news\\\/index.php\\\/2022\\\/09\\\/14\\\/co-z-budowa-aldi-przy-warszawskiej-zdjecia\\\/\"},\"author\":{\"name\":\"maciej\",\"@id\":\"https:\\\/\\\/gorzow.news\\\/#\\\/schema\\\/person\\\/a1e5ab43166369f2ce236a1cd90995bb\"},\"headline\":\"Co z budow\u0105 ALDI przy Warszawskiej? (zdj\u0119cia)\",\"datePublished\":\"2022-09-14T11:10:47+00:00\",\"dateModified\":\"2022-09-14T11:10:49+00:00\",\"mainEntityOfPage\":{\"@id\":\"https:\\\/\\\/gorzow.news\\\/index.php\\\/2022\\\/09\\\/14\\\/co-z-budowa-aldi-przy-warszawskiej-zdjecia\\\/\"},\"wordCount\":417,\"commentCount\":0,\"image\":{\"@id\":\"https:\\\/\\\/gorzow.news\\\/index.php\\\/2022\\\/09\\\/14\\\/co-z-budowa-aldi-przy-warszawskiej-zdjecia\\\/#primaryimage\"},\"thumbnailUrl\":\"https:\\\/\\\/gorzow.news\\\/wp-content\\\/uploads\\\/2022\\\/09\\\/IMG_20220727_165733_1.jpg\",\"keywords\":[\"ALDI\",\"G\u0142owackiego\",\"Komfort\",\"Max Burgers\",\"Micha\u0142 Osadczuk\",\"Pi\u0142sudskiego\",\"Podmiejska\",\"Rock Capital\",\"Warszawska\"],\"articleSection\":[\"Inwestycje handlowe\",\"Wiadomo\u015bci\"],\"inLanguage\":\"pl-PL\",\"potentialAction\":[{\"@type\":\"CommentAction\",\"name\":\"Comment\",\"target\":[\"https:\\\/\\\/gorzow.news\\\/index.php\\\/2022\\\/09\\\/14\\\/co-z-budowa-aldi-przy-warszawskiej-zdjecia\\\/#respond\"]}]},{\"@type\":\"WebPage\",\"@id\":\"https:\\\/\\\/gorzow.news\\\/index.php\\\/2022\\\/09\\\/14\\\/co-z-budowa-aldi-przy-warszawskiej-zdjecia\\\/\",\"url\":\"https:\\\/\\\/gorzow.news\\\/index.php\\\/2022\\\/09\\\/14\\\/co-z-budowa-aldi-przy-warszawskiej-zdjecia\\\/\",\"name\":\"Co z budow\u0105 ALDI przy Warszawskiej? (zdj\u0119cia) - Gorz\u00f3w News\",\"isPartOf\":{\"@id\":\"https:\\\/\\\/gorzow.news\\\/#website\"},\"primaryImageOfPage\":{\"@id\":\"https:\\\/\\\/gorzow.news\\\/index.php\\\/2022\\\/09\\\/14\\\/co-z-budowa-aldi-przy-warszawskiej-zdjecia\\\/#primaryimage\"},\"image\":{\"@id\":\"https:\\\/\\\/gorzow.news\\\/index.php\\\/2022\\\/09\\\/14\\\/co-z-budowa-aldi-przy-warszawskiej-zdjecia\\\/#primaryimage\"},\"thumbnailUrl\":\"https:\\\/\\\/gorzow.news\\\/wp-content\\\/uploads\\\/2022\\\/09\\\/IMG_20220727_165733_1.jpg\",\"datePublished\":\"2022-09-14T11:10:47+00:00\",\"dateModified\":\"2022-09-14T11:10:49+00:00\",\"author\":{\"@id\":\"https:\\\/\\\/gorzow.news\\\/#\\\/schema\\\/person\\\/a1e5ab43166369f2ce236a1cd90995bb\"},\"description\":\"Wyburzenia i porz\u0105dkowanie terenu na dzia\u0142kach przy ul. Warszawskiej mi\u0119dzy ul. Podmiejsk\u0105 i G\u0142owackiego zosta\u0142y zako\u0144czone w kwietniu. Przez ostatnie pi\u0119\u0107 miesi\u0119cy w tym miejscu nic wi\u0119cej si\u0119 ju\u017c nie dzia\u0142o. W tym miejscu ma powsta\u0107 drugi w mie\u015bcie dyskont ALDI i restauracja szwedzkiej sieci Max Burgers. Oba punkty mia\u0142y by\u0107 czynne w pierwszym kwartale 2023 roku. Procedury przygotowawcze jednak si\u0119 przed\u0142u\u017caj\u0105 i inwestycja b\u0119dzie mia\u0142a op\u00f3\u017anienie.\",\"breadcrumb\":{\"@id\":\"https:\\\/\\\/gorzow.news\\\/index.php\\\/2022\\\/09\\\/14\\\/co-z-budowa-aldi-przy-warszawskiej-zdjecia\\\/#breadcrumb\"},\"inLanguage\":\"pl-PL\",\"potentialAction\":[{\"@type\":\"ReadAction\",\"target\":[\"https:\\\/\\\/gorzow.news\\\/index.php\\\/2022\\\/09\\\/14\\\/co-z-budowa-aldi-przy-warszawskiej-zdjecia\\\/\"]}]},{\"@type\":\"ImageObject\",\"inLanguage\":\"pl-PL\",\"@id\":\"https:\\\/\\\/gorzow.news\\\/index.php\\\/2022\\\/09\\\/14\\\/co-z-budowa-aldi-przy-warszawskiej-zdjecia\\\/#primaryimage\",\"url\":\"https:\\\/\\\/gorzow.news\\\/wp-content\\\/uploads\\\/2022\\\/09\\\/IMG_20220727_165733_1.jpg\",\"contentUrl\":\"https:\\\/\\\/gorzow.news\\\/wp-content\\\/uploads\\\/2022\\\/09\\\/IMG_20220727_165733_1.jpg\",\"width\":1600,\"height\":757,\"caption\":\"Dzia\u0142ka przy ul. Warszawskiej ju\u017c po wyburzeniach. Powstanie tu ALDI i Max Burgers.\"},{\"@type\":\"BreadcrumbList\",\"@id\":\"https:\\\/\\\/gorzow.news\\\/index.php\\\/2022\\\/09\\\/14\\\/co-z-budowa-aldi-przy-warszawskiej-zdjecia\\\/#breadcrumb\",\"itemListElement\":[{\"@type\":\"ListItem\",\"position\":1,\"name\":\"Home\",\"item\":\"https:\\\/\\\/gorzow.news\\\/\"},{\"@type\":\"ListItem\",\"position\":2,\"name\":\"Co z budow\u0105 ALDI przy Warszawskiej? (zdj\u0119cia)\"}]},{\"@type\":\"WebSite\",\"@id\":\"https:\\\/\\\/gorzow.news\\\/#website\",\"url\":\"https:\\\/\\\/gorzow.news\\\/\",\"name\":\"Gorz\u00f3w News\",\"description\":\"Sp\u00f3jrz inaczej na miato i region...\",\"potentialAction\":[{\"@type\":\"SearchAction\",\"target\":{\"@type\":\"EntryPoint\",\"urlTemplate\":\"https:\\\/\\\/gorzow.news\\\/?s={search_term_string}\"},\"query-input\":{\"@type\":\"PropertyValueSpecification\",\"valueRequired\":true,\"valueName\":\"search_term_string\"}}],\"inLanguage\":\"pl-PL\"},{\"@type\":\"Person\",\"@id\":\"https:\\\/\\\/gorzow.news\\\/#\\\/schema\\\/person\\\/a1e5ab43166369f2ce236a1cd90995bb\",\"name\":\"maciej\",\"image\":{\"@type\":\"ImageObject\",\"inLanguage\":\"pl-PL\",\"@id\":\"https:\\\/\\\/secure.gravatar.com\\\/avatar\\\/530a674d56ba60cfa0ef21d74e8e8d123a51bb7aa6580465b5c2ab2c2e980a19?s=96&r=g&d=https:\\\/\\\/gorzow.news\\\/wp-content\\\/plugins\\\/userswp\\\/assets\\\/images\\\/no_profile.png\",\"url\":\"https:\\\/\\\/secure.gravatar.com\\\/avatar\\\/530a674d56ba60cfa0ef21d74e8e8d123a51bb7aa6580465b5c2ab2c2e980a19?s=96&r=g&d=https:\\\/\\\/gorzow.news\\\/wp-content\\\/plugins\\\/userswp\\\/assets\\\/images\\\/no_profile.png\",\"contentUrl\":\"https:\\\/\\\/secure.gravatar.com\\\/avatar\\\/530a674d56ba60cfa0ef21d74e8e8d123a51bb7aa6580465b5c2ab2c2e980a19?s=96&r=g&d=https:\\\/\\\/gorzow.news\\\/wp-content\\\/plugins\\\/userswp\\\/assets\\\/images\\\/no_profile.png\",\"caption\":\"maciej\"},\"url\":\"https:\\\/\\\/gorzow.news\\\/index.php\\\/profile\\\/maciej\\\/\"}]}<\/script>\n<!-- \/ Yoast SEO plugin. -->","yoast_head_json":{"title":"Co z budow\u0105 ALDI przy Warszawskiej? (zdj\u0119cia) - Gorz\u00f3w News","description":"Wyburzenia i porz\u0105dkowanie terenu na dzia\u0142kach przy ul. Warszawskiej mi\u0119dzy ul. Podmiejsk\u0105 i G\u0142owackiego zosta\u0142y zako\u0144czone w kwietniu. Przez o","robots":{"index":"index","follow":"follow","max-snippet":"max-snippet:-1","max-image-preview":"max-image-preview:large","max-video-preview":"max-video-preview:-1"},"canonical":"https:\/\/gorzow.news\/index.php\/2022\/09\/14\/co-z-budowa-aldi-przy-warszawskiej-zdjecia\/","og_locale":"pl_PL","og_type":"article","og_title":"Co z budow\u0105 ALDI przy Warszawskiej? (zdj\u0119cia) - Gorz\u00f3w News","og_description":"Wyburzenia i porz\u0105dkowanie terenu na dzia\u0142kach przy ul. Warszawskiej mi\u0119dzy ul. Podmiejsk\u0105 i G\u0142owackiego zosta\u0142y zako\u0144czone w kwietniu. Przez o","og_url":"https:\/\/gorzow.news\/index.php\/2022\/09\/14\/co-z-budowa-aldi-przy-warszawskiej-zdjecia\/","og_site_name":"Gorz\u00f3w News","article_publisher":"https:\/\/www.facebook.com\/gorzowskinews","article_published_time":"2022-09-14T11:10:47+00:00","article_modified_time":"2022-09-14T11:10:49+00:00","og_image":[{"width":1600,"height":757,"url":"https:\/\/gorzow.news\/wp-content\/uploads\/2022\/09\/IMG_20220727_165733_1.jpg","type":"image\/jpeg"}],"author":"maciej","twitter_card":"summary_large_image","twitter_misc":{"Napisane przez":"maciej","Szacowany czas czytania":"2 minuty"},"schema":{"@context":"https:\/\/schema.org","@graph":[{"@type":"Article","@id":"https:\/\/gorzow.news\/index.php\/2022\/09\/14\/co-z-budowa-aldi-przy-warszawskiej-zdjecia\/#article","isPartOf":{"@id":"https:\/\/gorzow.news\/index.php\/2022\/09\/14\/co-z-budowa-aldi-przy-warszawskiej-zdjecia\/"},"author":{"name":"maciej","@id":"https:\/\/gorzow.news\/#\/schema\/person\/a1e5ab43166369f2ce236a1cd90995bb"},"headline":"Co z budow\u0105 ALDI przy Warszawskiej? (zdj\u0119cia)","datePublished":"2022-09-14T11:10:47+00:00","dateModified":"2022-09-14T11:10:49+00:00","mainEntityOfPage":{"@id":"https:\/\/gorzow.news\/index.php\/2022\/09\/14\/co-z-budowa-aldi-przy-warszawskiej-zdjecia\/"},"wordCount":417,"commentCount":0,"image":{"@id":"https:\/\/gorzow.news\/index.php\/2022\/09\/14\/co-z-budowa-aldi-przy-warszawskiej-zdjecia\/#primaryimage"},"thumbnailUrl":"https:\/\/gorzow.news\/wp-content\/uploads\/2022\/09\/IMG_20220727_165733_1.jpg","keywords":["ALDI","G\u0142owackiego","Komfort","Max Burgers","Micha\u0142 Osadczuk","Pi\u0142sudskiego","Podmiejska","Rock Capital","Warszawska"],"articleSection":["Inwestycje handlowe","Wiadomo\u015bci"],"inLanguage":"pl-PL","potentialAction":[{"@type":"CommentAction","name":"Comment","target":["https:\/\/gorzow.news\/index.php\/2022\/09\/14\/co-z-budowa-aldi-przy-warszawskiej-zdjecia\/#respond"]}]},{"@type":"WebPage","@id":"https:\/\/gorzow.news\/index.php\/2022\/09\/14\/co-z-budowa-aldi-przy-warszawskiej-zdjecia\/","url":"https:\/\/gorzow.news\/index.php\/2022\/09\/14\/co-z-budowa-aldi-przy-warszawskiej-zdjecia\/","name":"Co z budow\u0105 ALDI przy Warszawskiej? (zdj\u0119cia) - Gorz\u00f3w News","isPartOf":{"@id":"https:\/\/gorzow.news\/#website"},"primaryImageOfPage":{"@id":"https:\/\/gorzow.news\/index.php\/2022\/09\/14\/co-z-budowa-aldi-przy-warszawskiej-zdjecia\/#primaryimage"},"image":{"@id":"https:\/\/gorzow.news\/index.php\/2022\/09\/14\/co-z-budowa-aldi-przy-warszawskiej-zdjecia\/#primaryimage"},"thumbnailUrl":"https:\/\/gorzow.news\/wp-content\/uploads\/2022\/09\/IMG_20220727_165733_1.jpg","datePublished":"2022-09-14T11:10:47+00:00","dateModified":"2022-09-14T11:10:49+00:00","author":{"@id":"https:\/\/gorzow.news\/#\/schema\/person\/a1e5ab43166369f2ce236a1cd90995bb"},"description":"Wyburzenia i porz\u0105dkowanie terenu na dzia\u0142kach przy ul. Warszawskiej mi\u0119dzy ul. Podmiejsk\u0105 i G\u0142owackiego zosta\u0142y zako\u0144czone w kwietniu. Przez ostatnie pi\u0119\u0107 miesi\u0119cy w tym miejscu nic wi\u0119cej si\u0119 ju\u017c nie dzia\u0142o. W tym miejscu ma powsta\u0107 drugi w mie\u015bcie dyskont ALDI i restauracja szwedzkiej sieci Max Burgers. Oba punkty mia\u0142y by\u0107 czynne w pierwszym kwartale 2023 roku. Procedury przygotowawcze jednak si\u0119 przed\u0142u\u017caj\u0105 i inwestycja b\u0119dzie mia\u0142a op\u00f3\u017anienie.","breadcrumb":{"@id":"https:\/\/gorzow.news\/index.php\/2022\/09\/14\/co-z-budowa-aldi-przy-warszawskiej-zdjecia\/#breadcrumb"},"inLanguage":"pl-PL","potentialAction":[{"@type":"ReadAction","target":["https:\/\/gorzow.news\/index.php\/2022\/09\/14\/co-z-budowa-aldi-przy-warszawskiej-zdjecia\/"]}]},{"@type":"ImageObject","inLanguage":"pl-PL","@id":"https:\/\/gorzow.news\/index.php\/2022\/09\/14\/co-z-budowa-aldi-przy-warszawskiej-zdjecia\/#primaryimage","url":"https:\/\/gorzow.news\/wp-content\/uploads\/2022\/09\/IMG_20220727_165733_1.jpg","contentUrl":"https:\/\/gorzow.news\/wp-content\/uploads\/2022\/09\/IMG_20220727_165733_1.jpg","width":1600,"height":757,"caption":"Dzia\u0142ka przy ul. Warszawskiej ju\u017c po wyburzeniach. Powstanie tu ALDI i Max Burgers."},{"@type":"BreadcrumbList","@id":"https:\/\/gorzow.news\/index.php\/2022\/09\/14\/co-z-budowa-aldi-przy-warszawskiej-zdjecia\/#breadcrumb","itemListElement":[{"@type":"ListItem","position":1,"name":"Home","item":"https:\/\/gorzow.news\/"},{"@type":"ListItem","position":2,"name":"Co z budow\u0105 ALDI przy Warszawskiej? (zdj\u0119cia)"}]},{"@type":"WebSite","@id":"https:\/\/gorzow.news\/#website","url":"https:\/\/gorzow.news\/","name":"Gorz\u00f3w News","description":"Sp\u00f3jrz inaczej na miato i region...","potentialAction":[{"@type":"SearchAction","target":{"@type":"EntryPoint","urlTemplate":"https:\/\/gorzow.news\/?s={search_term_string}"},"query-input":{"@type":"PropertyValueSpecification","valueRequired":true,"valueName":"search_term_string"}}],"inLanguage":"pl-PL"},{"@type":"Person","@id":"https:\/\/gorzow.news\/#\/schema\/person\/a1e5ab43166369f2ce236a1cd90995bb","name":"maciej","image":{"@type":"ImageObject","inLanguage":"pl-PL","@id":"https:\/\/secure.gravatar.com\/avatar\/530a674d56ba60cfa0ef21d74e8e8d123a51bb7aa6580465b5c2ab2c2e980a19?s=96&r=g&d=https:\/\/gorzow.news\/wp-content\/plugins\/userswp\/assets\/images\/no_profile.png","url":"https:\/\/secure.gravatar.com\/avatar\/530a674d56ba60cfa0ef21d74e8e8d123a51bb7aa6580465b5c2ab2c2e980a19?s=96&r=g&d=https:\/\/gorzow.news\/wp-content\/plugins\/userswp\/assets\/images\/no_profile.png","contentUrl":"https:\/\/secure.gravatar.com\/avatar\/530a674d56ba60cfa0ef21d74e8e8d123a51bb7aa6580465b5c2ab2c2e980a19?s=96&r=g&d=https:\/\/gorzow.news\/wp-content\/plugins\/userswp\/assets\/images\/no_profile.png","caption":"maciej"},"url":"https:\/\/gorzow.news\/index.php\/profile\/maciej\/"}]}},"_links":{"self":[{"href":"https:\/\/gorzow.news\/index.php\/wp-json\/wp\/v2\/posts\/9552","targetHints":{"allow":["GET"]}}],"collection":[{"href":"https:\/\/gorzow.news\/index.php\/wp-json\/wp\/v2\/posts"}],"about":[{"href":"https:\/\/gorzow.news\/index.php\/wp-json\/wp\/v2\/types\/post"}],"author":[{"embeddable":true,"href":"https:\/\/gorzow.news\/index.php\/wp-json\/wp\/v2\/users\/1"}],"replies":[{"embeddable":true,"href":"https:\/\/gorzow.news\/index.php\/wp-json\/wp\/v2\/comments?post=9552"}],"version-history":[{"count":0,"href":"https:\/\/gorzow.news\/index.php\/wp-json\/wp\/v2\/posts\/9552\/revisions"}],"wp:featuredmedia":[{"embeddable":true,"href":"https:\/\/gorzow.news\/index.php\/wp-json\/wp\/v2\/media\/9553"}],"wp:attachment":[{"href":"https:\/\/gorzow.news\/index.php\/wp-json\/wp\/v2\/media?parent=9552"}],"wp:term":[{"taxonomy":"category","embeddable":true,"href":"https:\/\/gorzow.news\/index.php\/wp-json\/wp\/v2\/categories?post=9552"},{"taxonomy":"post_tag","embeddable":true,"href":"https:\/\/gorzow.news\/index.php\/wp-json\/wp\/v2\/tags?post=9552"}],"curies":[{"name":"wp","href":"https:\/\/api.w.org\/{rel}","templated":true}]}}