{"id":9540,"date":"2022-09-14T10:32:04","date_gmt":"2022-09-14T08:32:04","guid":{"rendered":"https:\/\/gorzow.news\/?p=9540"},"modified":"2022-09-14T10:32:07","modified_gmt":"2022-09-14T08:32:07","slug":"kiedy-ruszy-budowa-parku-handlowego-gorzow-power-center","status":"publish","type":"post","link":"https:\/\/gorzow.news\/index.php\/2022\/09\/14\/kiedy-ruszy-budowa-parku-handlowego-gorzow-power-center\/","title":{"rendered":"Kiedy ruszy budowa parku handlowego Gorz\u00f3w Power Center?"},"content":{"rendered":"\n<p><strong>\u015arednio raz w tygodniu otrzymujemy od czytelnik\u00f3w portalu GORZ\u00d3W.NEWS pytanie o park handlowy, kt\u00f3ry ma powsta\u0107 na dzia\u0142kach przy ul. Walczaka. Teren pod inwestycj\u0119 zosta\u0142 sprzedany pod koniec 2018 roku. Inwestor kolejn\u0105 s\u0105siaduj\u0105c\u0105 dzia\u0142k\u0119 zakupi\u0142 dwa lata p\u00f3\u017aniej. Ju\u017c wtedy zapowiada\u0142 rozpocz\u0119cie budowy w 2020 roku. Park handlowy, SELGROS, sklep budowlano-ogrodniczy i stacja benzynowa mia\u0142y by\u0107 otwarte rok p\u00f3\u017aniej. Nast\u0119pnie termin by\u0142 wiele razy przek\u0142adany. W kwietniu tego roku inwestor pozyska\u0142 partnera dla projektu &#8211; mi\u0119dzynarodow\u0105 firm\u0119 Acteeum Group. Obecnie otwarcie obiektu planowane jest na drug\u0105 cz\u0119\u015b\u0107 2023 roku. Czy inwestycja wreszcie ruszy i terminu uda si\u0119 tym razem dotrzyma\u0107?<\/strong><\/p>\n\n\n\n<p>Na pocz\u0105tku kwietniu tego roku informowali\u015bmy w tek\u015bcie &#8211; <a href=\"https:\/\/gorzow.news\/index.php\/2022\/04\/01\/park-handlowy-widmo-w-tym-roku-nie-zrobimy-zakupow-w-shopp-city\/\">Park handlowy widmo? W tym roku nie zrobimy zakup\u00f3w w SHOPP.CITY!<\/a>, \u017ce op\u00f3\u017anienia przy realizacji park\u00f3w handlowych SHOPP.CITY S.A. ma w ca\u0142ej Polsce. W wielu innych miastach, gdzie sp\u00f3\u0142ka planuje otwarcie park\u00f3w handlowych podobnie jak w Gorzowie prace budowlane tak\u017ce si\u0119 nawet nie rozpocz\u0119\u0142y.<\/p>\n\n\n\n<p>Trzy tygodnie p\u00f3\u017aniej, jako pierwsi dotarli\u015bmy do informacji, \u017ce inwestor partnera do budowy parku handlowego, kt\u00f3ry ostatecznie ma si\u0119 nazywa\u0107 Gorz\u00f3w Power Center.<\/p>\n\n\n\n<p>\u2013 Nasz nowy projekt, gorzowskie Power Center, w kt\u00f3rym odpowiedzialni jeste\u015bmy za realizacj\u0119 retail parku, \u015bwietnie wpisuje si\u0119 zar\u00f3wno w potrzeby rynku jak i w nasze portfolio ju\u017c otwartych jak i realizowanych aktualnie projekt\u00f3w w formacie Power Center. Dlatego te\u017c bardzo cieszymy si\u0119 z mo\u017cliwo\u015bci realizacji go wsp\u00f3lnie z SHOPP.CITY S.A. i ju\u017c teraz energicznie rozwijamy go zar\u00f3wno w zakresie realizacji jak i komercjalizacji. Jeste\u015bmy przekonani, \u017ce podobnie jak nasze projekty w Andrychowie, Koszalinie czy Ostr\u00f3dzie, Gorz\u00f3w Power Center b\u0119dzie ogromnym sukcesem dla naszych najemc\u00f3w, inwestor\u00f3w jak i mieszka\u0144c\u00f3w miasta oraz regionu \u2013 m\u00f3wi\u0142 w\u00f3wczas <strong>Tomasz Szewczyk<\/strong>, Managing Partner Acteeum Group.<\/p>\n\n\n\n<p>Od tekstu &#8211; <a href=\"https:\/\/gorzow.news\/index.php\/2022\/04\/22\/przy-walczaka-ostatecznie-ma-powstac-gorzow-power-center-pierwsze-zakupy-pod-koniec-2023-roku\/\">Przy Walczaka ostatecznie ma powsta\u0107 Gorz\u00f3w Power Center! Pierwsze zakupy pod koniec 2023 roku!<\/a>, kt\u00f3ry opublikowali\u015bmy w kwietniu tego roku min\u0119\u0142o ju\u017c pi\u0119\u0107 miesi\u0119cy. Na ogromnych dzia\u0142kach tu\u017c obok drogi krajowej nr 22 w ci\u0105gu ul. Walczaka nadal nic si\u0119 nie dzieje. Nie dziwi\u0105 nas wi\u0119c pytania czytelnik\u00f3w o termin rozpocz\u0119cia prac budowlanych je\u015bli inwestycja ma by\u0107 gotowa w przysz\u0142ym roku.<\/p>\n\n\n\n<p>Od samego pocz\u0105tku kontakt ze sp\u00f3\u0142k\u0105 SHOPP.CITY by\u0142 bardzo utrudniony, lub wr\u0119cz niemo\u017cliwy, bo nikt nie odbiera\u0142 telefon\u00f3w i nie odpisywa\u0142 na przesy\u0142ane pytania. Gdy do inwestycji do\u0142\u0105czy\u0142a firma Acteeum Group sytuacja si\u0119 poprawi\u0142a. Z informacji jakie uda\u0142o nam si\u0119 uzyska\u0107 wynika, \u017ce przez ostatnie miesi\u0105ce trwa\u0142o uzgadnianie ostatecznej wersji projektu inwestycji. Prace dobiegaj\u0105 ju\u017c do ko\u0144ca, ze wzgl\u0119du na okres letni trwa\u0142o to troch\u0119 d\u0142u\u017cej ni\u017c planowano. Wi\u0119cej informacji powinni\u015bmy pozna\u0107 jeszcze we wrze\u015bniu.<\/p>\n\n\n\n<p>Gorz\u00f3w Power Center ma by\u0107 realizowany zgodnie z zaplanowanym przez SHOPP.CITY S.A. du\u017cym rozmachem, ma to by\u0107 centrum handlowe o charakterze regionalnym, jakiego nie ma dot\u0105d w ca\u0142ym regionie. Wyj\u0105tkowo\u015b\u0107 projektu wynika z jego imponuj\u0105cej skali ponad 20.000 mkw. GLA na dzia\u0142ce o pow. niespe\u0142na 80.000 mkw., du\u017cej liczby sklep\u00f3w i r\u00f3\u017cnorodno\u015bci oferty zakupowej oraz doskona\u0142ej lokalizacji. Centrum handlowe zapewni klientom tak\u017ce oko\u0142o 800 miejsc parkingowych. Powstanie ono w bezpo\u015brednim s\u0105siedztwie realizowanego niezale\u017cnie hipermarketu Selgros oraz stacji benzynowej jednej z wiod\u0105cych marek.<\/p>\n\n\n\n<p><strong>Przeczytaj te\u017c:<\/strong><br>&#8211; <a href=\"https:\/\/gorzow.news\/index.php\/2022\/04\/25\/gorzow-power-center-jakie-marki-pojawia-sie-w-nowym-parku-handlowym-przy-walczaka\/\">Gorz\u00f3w Power Center: Jakie marki pojawi\u0105 si\u0119 w nowym parku handlowym przy Walczaka?<\/a><br>&#8211; <a href=\"https:\/\/gorzow.news\/index.php\/2022\/01\/17\/shopp-city-w-czesci-w-2022-roku-prace-maja-ruszyc-w-ciagu-najblizszych-tygodni-zdjecia-wizualizacje\/\">SHOPP.CITY w cz\u0119\u015bci w 2022 roku! Prace maj\u0105 ruszy\u0107 w ci\u0105gu najbli\u017cszych tygodni (zdj\u0119cia, wizualizacje)<\/a><br>&#8211; <a href=\"https:\/\/gorzow.news\/index.php\/2021\/06\/30\/shopp-city-przy-walczaka-zgodnie-z-planem-zdjecia-i-wizualizacje\/\">SHOPP.CITY przy Walczaka zgodnie z planem! (zdj\u0119cia i wizualizacje)<\/a><\/p>\n\n\n\r\n                <style type=\"text\/css\">\r\n                    \r\n                    #tdi_1  .td-doubleSlider-2 .td-item1 {\r\n                        background: url(https:\/\/gorzow.news\/wp-content\/uploads\/2022\/09\/final-13-1-1516x1040-1.jpg) 0 0 no-repeat;\r\n                    }\r\n                    #tdi_1  .td-doubleSlider-2 .td-item2 {\r\n                        background: url(https:\/\/gorzow.news\/wp-content\/uploads\/2022\/09\/final-15-1-1516x1040-1.jpg) 0 0 no-repeat;\r\n                    }\r\n                    #tdi_1  .td-doubleSlider-2 .td-item3 {\r\n                        background: url(https:\/\/gorzow.news\/wp-content\/uploads\/2022\/09\/final-19-1516x1040-1.jpg) 0 0 no-repeat;\r\n                    }\r\n                    #tdi_1  .td-doubleSlider-2 .td-item4 {\r\n                        background: url(https:\/\/gorzow.news\/wp-content\/uploads\/2022\/09\/final-20-1516x1040-1.jpg) 0 0 no-repeat;\r\n                    }\r\n                    #tdi_1  .td-doubleSlider-2 .td-item5 {\r\n                        background: url(https:\/\/gorzow.news\/wp-content\/uploads\/2022\/09\/final-21-2-1516x1040-1.jpg) 0 0 no-repeat;\r\n                    }\r\n                    #tdi_1  .td-doubleSlider-2 .td-item6 {\r\n                        background: url(https:\/\/gorzow.news\/wp-content\/uploads\/2022\/09\/final-22_strona-1516x1040_glowna.jpg) 0 0 no-repeat;\r\n                    }\r\n                    #tdi_1  .td-doubleSlider-2 .td-item7 {\r\n                        background: url(https:\/\/gorzow.news\/wp-content\/uploads\/2022\/09\/final-23_strona-1516x1040-1.jpg) 0 0 no-repeat;\r\n                    }\r\n                    #tdi_1  .td-doubleSlider-2 .td-item8 {\r\n                        background: url(https:\/\/gorzow.news\/wp-content\/uploads\/2022\/09\/s2-scaled.jpg) 0 0 no-repeat;\r\n                    }\r\n                    #tdi_1  .td-doubleSlider-2 .td-item9 {\r\n                        background: url(https:\/\/gorzow.news\/wp-content\/uploads\/2022\/09\/s3-scaled.jpg) 0 0 no-repeat;\r\n                    }\r\n                    #tdi_1  .td-doubleSlider-2 .td-item10 {\r\n                        background: url(https:\/\/gorzow.news\/wp-content\/uploads\/2022\/09\/shoop-city-gorzow-wlkp-wizka-b.jpg) 0 0 no-repeat;\r\n                    }\r\n                <\/style>\r\n\r\n                <div id=\"tdi_1\" class=\"td-gallery td-slide-on-2-columns\">\r\n                    <div class=\"post_td_gallery\">\r\n                        <div class=\"td-gallery-slide-top\">\r\n                           <div class=\"td-gallery-title\">Wizualizacje parku handlowego przy ul. Walczaka<\/div>\r\n\r\n                            <div class=\"td-gallery-controls-wrapper\">\r\n                                <div class=\"td-gallery-slide-count\"><span class=\"td-gallery-slide-item-focus\">1<\/span> z 10<\/div>\r\n                                <div class=\"td-gallery-slide-prev-next-but\">\r\n                                    <i class = \"td-icon-left doubleSliderPrevButton\"><\/i>\r\n                                    <i class = \"td-icon-right doubleSliderNextButton\"><\/i>\r\n                                <\/div>\r\n                            <\/div>\r\n                        <\/div>\r\n\r\n                        <div class = \"td-doubleSlider-1 \">\r\n                            <div class = \"td-slider\">\r\n                                \r\n                    <div class = \"td-slide-item td-item1\">\r\n                        <figure class=\"td-slide-galery-figure td-slide-popup-gallery\">\r\n                            <a class=\"slide-gallery-image-link\" href=\"https:\/\/gorzow.news\/wp-content\/uploads\/2022\/09\/final-13-1-1516x1040-1.jpg\" title=\"\"  data-caption=\"\"  data-description=\"\">\r\n                                <img decoding=\"async\" src=\"https:\/\/gorzow.news\/wp-content\/uploads\/2022\/09\/final-13-1-1516x1040-1.jpg\" srcset=\"https:\/\/gorzow.news\/wp-content\/uploads\/2022\/09\/final-13-1-1516x1040-1.jpg 1516w, https:\/\/gorzow.news\/wp-content\/uploads\/2022\/09\/final-13-1-1516x1040-1-300x206.jpg 300w, https:\/\/gorzow.news\/wp-content\/uploads\/2022\/09\/final-13-1-1516x1040-1-1024x702.jpg 1024w, https:\/\/gorzow.news\/wp-content\/uploads\/2022\/09\/final-13-1-1516x1040-1-768x527.jpg 768w, https:\/\/gorzow.news\/wp-content\/uploads\/2022\/09\/final-13-1-1516x1040-1-218x150.jpg 218w, https:\/\/gorzow.news\/wp-content\/uploads\/2022\/09\/final-13-1-1516x1040-1-696x477.jpg 696w, https:\/\/gorzow.news\/wp-content\/uploads\/2022\/09\/final-13-1-1516x1040-1-1068x733.jpg 1068w\" sizes=\"(max-width: 1516px) 100vw, 1516px\" alt=\"\">\r\n                            <\/a>\r\n                            \r\n                        <\/figure>\r\n                    <\/div>\r\n                    <div class = \"td-slide-item td-item2\">\r\n                        <figure class=\"td-slide-galery-figure td-slide-popup-gallery\">\r\n                            <a class=\"slide-gallery-image-link\" href=\"https:\/\/gorzow.news\/wp-content\/uploads\/2022\/09\/final-15-1-1516x1040-1.jpg\" title=\"\"  data-caption=\"\"  data-description=\"\">\r\n                                <img decoding=\"async\" src=\"https:\/\/gorzow.news\/wp-content\/uploads\/2022\/09\/final-15-1-1516x1040-1.jpg\" srcset=\"https:\/\/gorzow.news\/wp-content\/uploads\/2022\/09\/final-15-1-1516x1040-1.jpg 1516w, https:\/\/gorzow.news\/wp-content\/uploads\/2022\/09\/final-15-1-1516x1040-1-300x206.jpg 300w, https:\/\/gorzow.news\/wp-content\/uploads\/2022\/09\/final-15-1-1516x1040-1-1024x702.jpg 1024w, https:\/\/gorzow.news\/wp-content\/uploads\/2022\/09\/final-15-1-1516x1040-1-768x527.jpg 768w, https:\/\/gorzow.news\/wp-content\/uploads\/2022\/09\/final-15-1-1516x1040-1-218x150.jpg 218w, https:\/\/gorzow.news\/wp-content\/uploads\/2022\/09\/final-15-1-1516x1040-1-696x477.jpg 696w, https:\/\/gorzow.news\/wp-content\/uploads\/2022\/09\/final-15-1-1516x1040-1-1068x733.jpg 1068w\" sizes=\"(max-width: 1516px) 100vw, 1516px\" alt=\"\">\r\n                            <\/a>\r\n                            \r\n                        <\/figure>\r\n                    <\/div>\r\n                    <div class = \"td-slide-item td-item3\">\r\n                        <figure class=\"td-slide-galery-figure td-slide-popup-gallery\">\r\n                            <a class=\"slide-gallery-image-link\" href=\"https:\/\/gorzow.news\/wp-content\/uploads\/2022\/09\/final-19-1516x1040-1.jpg\" title=\"\"  data-caption=\"\"  data-description=\"\">\r\n                                <img decoding=\"async\" src=\"https:\/\/gorzow.news\/wp-content\/uploads\/2022\/09\/final-19-1516x1040-1.jpg\" srcset=\"https:\/\/gorzow.news\/wp-content\/uploads\/2022\/09\/final-19-1516x1040-1.jpg 1516w, https:\/\/gorzow.news\/wp-content\/uploads\/2022\/09\/final-19-1516x1040-1-300x206.jpg 300w, https:\/\/gorzow.news\/wp-content\/uploads\/2022\/09\/final-19-1516x1040-1-1024x702.jpg 1024w, https:\/\/gorzow.news\/wp-content\/uploads\/2022\/09\/final-19-1516x1040-1-768x527.jpg 768w, https:\/\/gorzow.news\/wp-content\/uploads\/2022\/09\/final-19-1516x1040-1-218x150.jpg 218w, https:\/\/gorzow.news\/wp-content\/uploads\/2022\/09\/final-19-1516x1040-1-696x477.jpg 696w, https:\/\/gorzow.news\/wp-content\/uploads\/2022\/09\/final-19-1516x1040-1-1068x733.jpg 1068w\" sizes=\"(max-width: 1516px) 100vw, 1516px\" alt=\"\">\r\n                            <\/a>\r\n                            \r\n                        <\/figure>\r\n                    <\/div>\r\n                    <div class = \"td-slide-item td-item4\">\r\n                        <figure class=\"td-slide-galery-figure td-slide-popup-gallery\">\r\n                            <a class=\"slide-gallery-image-link\" href=\"https:\/\/gorzow.news\/wp-content\/uploads\/2022\/09\/final-20-1516x1040-1.jpg\" title=\"\"  data-caption=\"\"  data-description=\"\">\r\n                                <img decoding=\"async\" src=\"https:\/\/gorzow.news\/wp-content\/uploads\/2022\/09\/final-20-1516x1040-1.jpg\" srcset=\"https:\/\/gorzow.news\/wp-content\/uploads\/2022\/09\/final-20-1516x1040-1.jpg 1516w, https:\/\/gorzow.news\/wp-content\/uploads\/2022\/09\/final-20-1516x1040-1-300x206.jpg 300w, https:\/\/gorzow.news\/wp-content\/uploads\/2022\/09\/final-20-1516x1040-1-1024x702.jpg 1024w, https:\/\/gorzow.news\/wp-content\/uploads\/2022\/09\/final-20-1516x1040-1-768x527.jpg 768w, https:\/\/gorzow.news\/wp-content\/uploads\/2022\/09\/final-20-1516x1040-1-218x150.jpg 218w, https:\/\/gorzow.news\/wp-content\/uploads\/2022\/09\/final-20-1516x1040-1-696x477.jpg 696w, https:\/\/gorzow.news\/wp-content\/uploads\/2022\/09\/final-20-1516x1040-1-1068x733.jpg 1068w\" sizes=\"(max-width: 1516px) 100vw, 1516px\" alt=\"\">\r\n                            <\/a>\r\n                            \r\n                        <\/figure>\r\n                    <\/div>\r\n                    <div class = \"td-slide-item td-item5\">\r\n                        <figure class=\"td-slide-galery-figure td-slide-popup-gallery\">\r\n                            <a class=\"slide-gallery-image-link\" href=\"https:\/\/gorzow.news\/wp-content\/uploads\/2022\/09\/final-21-2-1516x1040-1.jpg\" title=\"\"  data-caption=\"\"  data-description=\"\">\r\n                                <img decoding=\"async\" src=\"https:\/\/gorzow.news\/wp-content\/uploads\/2022\/09\/final-21-2-1516x1040-1.jpg\" srcset=\"https:\/\/gorzow.news\/wp-content\/uploads\/2022\/09\/final-21-2-1516x1040-1.jpg 1516w, https:\/\/gorzow.news\/wp-content\/uploads\/2022\/09\/final-21-2-1516x1040-1-300x206.jpg 300w, https:\/\/gorzow.news\/wp-content\/uploads\/2022\/09\/final-21-2-1516x1040-1-1024x702.jpg 1024w, https:\/\/gorzow.news\/wp-content\/uploads\/2022\/09\/final-21-2-1516x1040-1-768x527.jpg 768w, https:\/\/gorzow.news\/wp-content\/uploads\/2022\/09\/final-21-2-1516x1040-1-218x150.jpg 218w, https:\/\/gorzow.news\/wp-content\/uploads\/2022\/09\/final-21-2-1516x1040-1-696x477.jpg 696w, https:\/\/gorzow.news\/wp-content\/uploads\/2022\/09\/final-21-2-1516x1040-1-1068x733.jpg 1068w\" sizes=\"(max-width: 1516px) 100vw, 1516px\" alt=\"\">\r\n                            <\/a>\r\n                            \r\n                        <\/figure>\r\n                    <\/div>\r\n                    <div class = \"td-slide-item td-item6\">\r\n                        <figure class=\"td-slide-galery-figure td-slide-popup-gallery\">\r\n                            <a class=\"slide-gallery-image-link\" href=\"https:\/\/gorzow.news\/wp-content\/uploads\/2022\/09\/final-22_strona-1516x1040_glowna.jpg\" title=\"\"  data-caption=\"\"  data-description=\"\">\r\n                                <img decoding=\"async\" src=\"https:\/\/gorzow.news\/wp-content\/uploads\/2022\/09\/final-22_strona-1516x1040_glowna.jpg\" srcset=\"https:\/\/gorzow.news\/wp-content\/uploads\/2022\/09\/final-22_strona-1516x1040_glowna.jpg 1516w, https:\/\/gorzow.news\/wp-content\/uploads\/2022\/09\/final-22_strona-1516x1040_glowna-300x169.jpg 300w, https:\/\/gorzow.news\/wp-content\/uploads\/2022\/09\/final-22_strona-1516x1040_glowna-1024x576.jpg 1024w, https:\/\/gorzow.news\/wp-content\/uploads\/2022\/09\/final-22_strona-1516x1040_glowna-768x432.jpg 768w, https:\/\/gorzow.news\/wp-content\/uploads\/2022\/09\/final-22_strona-1516x1040_glowna-696x392.jpg 696w, https:\/\/gorzow.news\/wp-content\/uploads\/2022\/09\/final-22_strona-1516x1040_glowna-1068x601.jpg 1068w\" sizes=\"(max-width: 1516px) 100vw, 1516px\" alt=\"\">\r\n                            <\/a>\r\n                            \r\n                        <\/figure>\r\n                    <\/div>\r\n                    <div class = \"td-slide-item td-item7\">\r\n                        <figure class=\"td-slide-galery-figure td-slide-popup-gallery\">\r\n                            <a class=\"slide-gallery-image-link\" href=\"https:\/\/gorzow.news\/wp-content\/uploads\/2022\/09\/final-23_strona-1516x1040-1.jpg\" title=\"\"  data-caption=\"\"  data-description=\"\">\r\n                                <img decoding=\"async\" src=\"https:\/\/gorzow.news\/wp-content\/uploads\/2022\/09\/final-23_strona-1516x1040-1.jpg\" srcset=\"https:\/\/gorzow.news\/wp-content\/uploads\/2022\/09\/final-23_strona-1516x1040-1.jpg 1516w, https:\/\/gorzow.news\/wp-content\/uploads\/2022\/09\/final-23_strona-1516x1040-1-300x206.jpg 300w, https:\/\/gorzow.news\/wp-content\/uploads\/2022\/09\/final-23_strona-1516x1040-1-1024x702.jpg 1024w, https:\/\/gorzow.news\/wp-content\/uploads\/2022\/09\/final-23_strona-1516x1040-1-768x527.jpg 768w, https:\/\/gorzow.news\/wp-content\/uploads\/2022\/09\/final-23_strona-1516x1040-1-218x150.jpg 218w, https:\/\/gorzow.news\/wp-content\/uploads\/2022\/09\/final-23_strona-1516x1040-1-696x477.jpg 696w, https:\/\/gorzow.news\/wp-content\/uploads\/2022\/09\/final-23_strona-1516x1040-1-1068x733.jpg 1068w\" sizes=\"(max-width: 1516px) 100vw, 1516px\" alt=\"\">\r\n                            <\/a>\r\n                            \r\n                        <\/figure>\r\n                    <\/div>\r\n                    <div class = \"td-slide-item td-item8\">\r\n                        <figure class=\"td-slide-galery-figure td-slide-popup-gallery\">\r\n                            <a class=\"slide-gallery-image-link\" href=\"https:\/\/gorzow.news\/wp-content\/uploads\/2022\/09\/s2-scaled.jpg\" title=\"\"  data-caption=\"\"  data-description=\"\">\r\n                                <img decoding=\"async\" src=\"https:\/\/gorzow.news\/wp-content\/uploads\/2022\/09\/s2-scaled.jpg\" srcset=\"https:\/\/gorzow.news\/wp-content\/uploads\/2022\/09\/s2-scaled.jpg 2560w, https:\/\/gorzow.news\/wp-content\/uploads\/2022\/09\/s2-300x222.jpg 300w, https:\/\/gorzow.news\/wp-content\/uploads\/2022\/09\/s2-1024x758.jpg 1024w, https:\/\/gorzow.news\/wp-content\/uploads\/2022\/09\/s2-768x568.jpg 768w, https:\/\/gorzow.news\/wp-content\/uploads\/2022\/09\/s2-1536x1136.jpg 1536w, https:\/\/gorzow.news\/wp-content\/uploads\/2022\/09\/s2-2048x1515.jpg 2048w, https:\/\/gorzow.news\/wp-content\/uploads\/2022\/09\/s2-485x360.jpg 485w, https:\/\/gorzow.news\/wp-content\/uploads\/2022\/09\/s2-696x515.jpg 696w, https:\/\/gorzow.news\/wp-content\/uploads\/2022\/09\/s2-1068x790.jpg 1068w, https:\/\/gorzow.news\/wp-content\/uploads\/2022\/09\/s2-1920x1420.jpg 1920w\" sizes=\"(max-width: 2560px) 100vw, 2560px\" alt=\"\">\r\n                            <\/a>\r\n                            \r\n                        <\/figure>\r\n                    <\/div>\r\n                    <div class = \"td-slide-item td-item9\">\r\n                        <figure class=\"td-slide-galery-figure td-slide-popup-gallery\">\r\n                            <a class=\"slide-gallery-image-link\" href=\"https:\/\/gorzow.news\/wp-content\/uploads\/2022\/09\/s3-scaled.jpg\" title=\"\"  data-caption=\"\"  data-description=\"\">\r\n                                <img decoding=\"async\" src=\"https:\/\/gorzow.news\/wp-content\/uploads\/2022\/09\/s3-scaled.jpg\" srcset=\"https:\/\/gorzow.news\/wp-content\/uploads\/2022\/09\/s3-scaled.jpg 2560w, https:\/\/gorzow.news\/wp-content\/uploads\/2022\/09\/s3-300x158.jpg 300w, https:\/\/gorzow.news\/wp-content\/uploads\/2022\/09\/s3-1024x540.jpg 1024w, https:\/\/gorzow.news\/wp-content\/uploads\/2022\/09\/s3-768x405.jpg 768w, https:\/\/gorzow.news\/wp-content\/uploads\/2022\/09\/s3-1536x810.jpg 1536w, https:\/\/gorzow.news\/wp-content\/uploads\/2022\/09\/s3-2048x1080.jpg 2048w, https:\/\/gorzow.news\/wp-content\/uploads\/2022\/09\/s3-696x367.jpg 696w, https:\/\/gorzow.news\/wp-content\/uploads\/2022\/09\/s3-1068x563.jpg 1068w, https:\/\/gorzow.news\/wp-content\/uploads\/2022\/09\/s3-1920x1012.jpg 1920w\" sizes=\"(max-width: 2560px) 100vw, 2560px\" alt=\"\">\r\n                            <\/a>\r\n                            \r\n                        <\/figure>\r\n                    <\/div>\r\n                    <div class = \"td-slide-item td-item10\">\r\n                        <figure class=\"td-slide-galery-figure td-slide-popup-gallery\">\r\n                            <a class=\"slide-gallery-image-link\" href=\"https:\/\/gorzow.news\/wp-content\/uploads\/2022\/09\/shoop-city-gorzow-wlkp-wizka-b.jpg\" title=\"\"  data-caption=\"\"  data-description=\"\">\r\n                                <img decoding=\"async\" src=\"https:\/\/gorzow.news\/wp-content\/uploads\/2022\/09\/shoop-city-gorzow-wlkp-wizka-b.jpg\" srcset=\"https:\/\/gorzow.news\/wp-content\/uploads\/2022\/09\/shoop-city-gorzow-wlkp-wizka-b.jpg 1068w, https:\/\/gorzow.news\/wp-content\/uploads\/2022\/09\/shoop-city-gorzow-wlkp-wizka-b-300x169.jpg 300w, https:\/\/gorzow.news\/wp-content\/uploads\/2022\/09\/shoop-city-gorzow-wlkp-wizka-b-1024x576.jpg 1024w, https:\/\/gorzow.news\/wp-content\/uploads\/2022\/09\/shoop-city-gorzow-wlkp-wizka-b-768x432.jpg 768w, https:\/\/gorzow.news\/wp-content\/uploads\/2022\/09\/shoop-city-gorzow-wlkp-wizka-b-696x392.jpg 696w\" sizes=\"(max-width: 1068px) 100vw, 1068px\" alt=\"\">\r\n                            <\/a>\r\n                            \r\n                        <\/figure>\r\n                    <\/div>\r\n                            <\/div>\r\n                        <\/div>\r\n\r\n                        <div class = \"td-doubleSlider-2\">\r\n                            <div class = \"td-slider\">\r\n                                \r\n                    <div class = \"td-button td-item1\">\r\n                        <div class = \"td-border\"><\/div>\r\n                    <\/div>\r\n                    <div class = \"td-button td-item2\">\r\n                        <div class = \"td-border\"><\/div>\r\n                    <\/div>\r\n                    <div class = \"td-button td-item3\">\r\n                        <div class = \"td-border\"><\/div>\r\n                    <\/div>\r\n                    <div class = \"td-button td-item4\">\r\n                        <div class = \"td-border\"><\/div>\r\n                    <\/div>\r\n                    <div class = \"td-button td-item5\">\r\n                        <div class = \"td-border\"><\/div>\r\n                    <\/div>\r\n                    <div class = \"td-button td-item6\">\r\n                        <div class = \"td-border\"><\/div>\r\n                    <\/div>\r\n                    <div class = \"td-button td-item7\">\r\n                        <div class = \"td-border\"><\/div>\r\n                    <\/div>\r\n                    <div class = \"td-button td-item8\">\r\n                        <div class = \"td-border\"><\/div>\r\n                    <\/div>\r\n                    <div class = \"td-button td-item9\">\r\n                        <div class = \"td-border\"><\/div>\r\n                    <\/div>\r\n                    <div class = \"td-button td-item10\">\r\n                        <div class = \"td-border\"><\/div>\r\n                    <\/div>\r\n                            <\/div>\r\n                        <\/div>\r\n\r\n                    <\/div>\r\n\r\n                <\/div>\r\n                ","protected":false},"excerpt":{"rendered":"<p>\u015arednio raz w tygodniu otrzymujemy od czytelnik\u00f3w portalu GORZ\u00d3W.NEWS pytanie o park handlowy, kt\u00f3ry ma powsta\u0107 na dzia\u0142kach przy ul. Walczaka. Teren pod inwestycj\u0119 zosta\u0142 sprzedany pod koniec 2018 roku. Inwestor kolejn\u0105 s\u0105siaduj\u0105c\u0105 dzia\u0142k\u0119 zakupi\u0142 dwa lata p\u00f3\u017aniej. Ju\u017c wtedy zapowiada\u0142 rozpocz\u0119cie budowy w 2020 roku. Park handlowy, SELGROS, sklep budowlano-ogrodniczy i stacja benzynowa mia\u0142y by\u0107 otwarte rok p\u00f3\u017aniej. Nast\u0119pnie termin by\u0142 wiele razy przek\u0142adany. W kwietniu tego roku inwestor pozyska\u0142 partnera dla projektu &#8211; mi\u0119dzynarodow\u0105 firm\u0119 Acteeum Group. Obecnie otwarcie obiektu planowane jest na drug\u0105 cz\u0119\u015b\u0107 2023 roku. Czy inwestycja wreszcie ruszy i terminu uda si\u0119 tym razem dotrzyma\u0107?<\/p>\n","protected":false},"author":1,"featured_media":9551,"comment_status":"open","ping_status":"open","sticky":false,"template":"","format":"standard","meta":{"footnotes":"","_links_to":"","_links_to_target":""},"categories":[1624,589],"tags":[1263,1267,358,1262,60],"class_list":{"0":"post-9540","1":"post","2":"type-post","3":"status-publish","4":"format-standard","5":"has-post-thumbnail","7":"category-inwestycje-handlowe","8":"category-wiadomosci","9":"tag-acteeum-group","10":"tag-gorzow-power-center","11":"tag-shopp-city","12":"tag-tomasz-szewczyk","13":"tag-walczaka"},"yoast_head":"<!-- This site is optimized with the Yoast SEO plugin v27.3 - https:\/\/yoast.com\/product\/yoast-seo-wordpress\/ -->\n<title>Kiedy ruszy budowa parku handlowego Gorz\u00f3w Power Center? - Gorz\u00f3w News<\/title>\n<meta name=\"description\" content=\"\u015arednio raz w tygodniu otrzymujemy od czytelnik\u00f3w portalu GORZ\u00d3W.NEWS pytanie o park handlowy, kt\u00f3ry ma powsta\u0107 na dzia\u0142kach przy ul. Walczaka.\" \/>\n<meta name=\"robots\" content=\"index, follow, max-snippet:-1, max-image-preview:large, max-video-preview:-1\" \/>\n<link rel=\"canonical\" href=\"https:\/\/gorzow.news\/index.php\/2022\/09\/14\/kiedy-ruszy-budowa-parku-handlowego-gorzow-power-center\/\" \/>\n<meta property=\"og:locale\" content=\"pl_PL\" \/>\n<meta property=\"og:type\" content=\"article\" \/>\n<meta property=\"og:title\" content=\"Kiedy ruszy budowa parku handlowego Gorz\u00f3w Power Center? - Gorz\u00f3w News\" \/>\n<meta property=\"og:description\" content=\"\u015arednio raz w tygodniu otrzymujemy od czytelnik\u00f3w portalu GORZ\u00d3W.NEWS pytanie o park handlowy, kt\u00f3ry ma powsta\u0107 na dzia\u0142kach przy ul. Walczaka.\" \/>\n<meta property=\"og:url\" content=\"https:\/\/gorzow.news\/index.php\/2022\/09\/14\/kiedy-ruszy-budowa-parku-handlowego-gorzow-power-center\/\" \/>\n<meta property=\"og:site_name\" content=\"Gorz\u00f3w News\" \/>\n<meta property=\"article:publisher\" content=\"https:\/\/www.facebook.com\/gorzowskinews\" \/>\n<meta property=\"article:published_time\" content=\"2022-09-14T08:32:04+00:00\" \/>\n<meta property=\"article:modified_time\" content=\"2022-09-14T08:32:07+00:00\" \/>\n<meta property=\"og:image\" content=\"https:\/\/gorzow.news\/wp-content\/uploads\/2022\/09\/final-23_strona-1516x1040a.jpg\" \/>\n\t<meta property=\"og:image:width\" content=\"1516\" \/>\n\t<meta property=\"og:image:height\" content=\"758\" \/>\n\t<meta property=\"og:image:type\" content=\"image\/jpeg\" \/>\n<meta name=\"author\" content=\"maciej\" \/>\n<meta name=\"twitter:card\" content=\"summary_large_image\" \/>\n<meta name=\"twitter:label1\" content=\"Napisane przez\" \/>\n\t<meta name=\"twitter:data1\" content=\"maciej\" \/>\n\t<meta name=\"twitter:label2\" content=\"Szacowany czas czytania\" \/>\n\t<meta name=\"twitter:data2\" content=\"4 minuty\" \/>\n<script type=\"application\/ld+json\" class=\"yoast-schema-graph\">{\"@context\":\"https:\\\/\\\/schema.org\",\"@graph\":[{\"@type\":\"Article\",\"@id\":\"https:\\\/\\\/gorzow.news\\\/index.php\\\/2022\\\/09\\\/14\\\/kiedy-ruszy-budowa-parku-handlowego-gorzow-power-center\\\/#article\",\"isPartOf\":{\"@id\":\"https:\\\/\\\/gorzow.news\\\/index.php\\\/2022\\\/09\\\/14\\\/kiedy-ruszy-budowa-parku-handlowego-gorzow-power-center\\\/\"},\"author\":{\"name\":\"maciej\",\"@id\":\"https:\\\/\\\/gorzow.news\\\/#\\\/schema\\\/person\\\/a1e5ab43166369f2ce236a1cd90995bb\"},\"headline\":\"Kiedy ruszy budowa parku handlowego Gorz\u00f3w Power Center?\",\"datePublished\":\"2022-09-14T08:32:04+00:00\",\"dateModified\":\"2022-09-14T08:32:07+00:00\",\"mainEntityOfPage\":{\"@id\":\"https:\\\/\\\/gorzow.news\\\/index.php\\\/2022\\\/09\\\/14\\\/kiedy-ruszy-budowa-parku-handlowego-gorzow-power-center\\\/\"},\"wordCount\":670,\"commentCount\":1,\"image\":{\"@id\":\"https:\\\/\\\/gorzow.news\\\/index.php\\\/2022\\\/09\\\/14\\\/kiedy-ruszy-budowa-parku-handlowego-gorzow-power-center\\\/#primaryimage\"},\"thumbnailUrl\":\"https:\\\/\\\/gorzow.news\\\/wp-content\\\/uploads\\\/2022\\\/09\\\/final-23_strona-1516x1040a.jpg\",\"keywords\":[\"Acteeum Group\",\"Gorz\u00f3w Power Center\",\"SHOPP.CITY\",\"Tomasz Szewczyk\",\"Walczaka\"],\"articleSection\":[\"Inwestycje handlowe\",\"Wiadomo\u015bci\"],\"inLanguage\":\"pl-PL\",\"potentialAction\":[{\"@type\":\"CommentAction\",\"name\":\"Comment\",\"target\":[\"https:\\\/\\\/gorzow.news\\\/index.php\\\/2022\\\/09\\\/14\\\/kiedy-ruszy-budowa-parku-handlowego-gorzow-power-center\\\/#respond\"]}]},{\"@type\":\"WebPage\",\"@id\":\"https:\\\/\\\/gorzow.news\\\/index.php\\\/2022\\\/09\\\/14\\\/kiedy-ruszy-budowa-parku-handlowego-gorzow-power-center\\\/\",\"url\":\"https:\\\/\\\/gorzow.news\\\/index.php\\\/2022\\\/09\\\/14\\\/kiedy-ruszy-budowa-parku-handlowego-gorzow-power-center\\\/\",\"name\":\"Kiedy ruszy budowa parku handlowego Gorz\u00f3w Power Center? - Gorz\u00f3w News\",\"isPartOf\":{\"@id\":\"https:\\\/\\\/gorzow.news\\\/#website\"},\"primaryImageOfPage\":{\"@id\":\"https:\\\/\\\/gorzow.news\\\/index.php\\\/2022\\\/09\\\/14\\\/kiedy-ruszy-budowa-parku-handlowego-gorzow-power-center\\\/#primaryimage\"},\"image\":{\"@id\":\"https:\\\/\\\/gorzow.news\\\/index.php\\\/2022\\\/09\\\/14\\\/kiedy-ruszy-budowa-parku-handlowego-gorzow-power-center\\\/#primaryimage\"},\"thumbnailUrl\":\"https:\\\/\\\/gorzow.news\\\/wp-content\\\/uploads\\\/2022\\\/09\\\/final-23_strona-1516x1040a.jpg\",\"datePublished\":\"2022-09-14T08:32:04+00:00\",\"dateModified\":\"2022-09-14T08:32:07+00:00\",\"author\":{\"@id\":\"https:\\\/\\\/gorzow.news\\\/#\\\/schema\\\/person\\\/a1e5ab43166369f2ce236a1cd90995bb\"},\"description\":\"\u015arednio raz w tygodniu otrzymujemy od czytelnik\u00f3w portalu GORZ\u00d3W.NEWS pytanie o park handlowy, kt\u00f3ry ma powsta\u0107 na dzia\u0142kach przy ul. Walczaka. Teren pod inwestycj\u0119 zosta\u0142 sprzedany pod koniec 2018 roku. Inwestor kolejn\u0105 s\u0105siaduj\u0105c\u0105 dzia\u0142k\u0119 zakupi\u0142 dwa lata p\u00f3\u017aniej. Ju\u017c wtedy zapowiada\u0142 rozpocz\u0119cie budowy w 2020 roku. Park handlowy, SELGROS, sklep budowlano-ogrodniczy i stacja benzynowa mia\u0142y by\u0107 otwarte rok p\u00f3\u017aniej. Nast\u0119pnie termin by\u0142 wiele razy przek\u0142adany. W kwietniu tego roku inwestor pozyska\u0142 partnera dla projektu - mi\u0119dzynarodow\u0105 firm\u0119 Acteeum Group. Obecnie otwarcie obiektu planowane jest na drug\u0105 cz\u0119\u015b\u0107 2023 roku. Czy inwestycja wreszcie ruszy i terminu uda si\u0119 tym razem dotrzyma\u0107?\",\"breadcrumb\":{\"@id\":\"https:\\\/\\\/gorzow.news\\\/index.php\\\/2022\\\/09\\\/14\\\/kiedy-ruszy-budowa-parku-handlowego-gorzow-power-center\\\/#breadcrumb\"},\"inLanguage\":\"pl-PL\",\"potentialAction\":[{\"@type\":\"ReadAction\",\"target\":[\"https:\\\/\\\/gorzow.news\\\/index.php\\\/2022\\\/09\\\/14\\\/kiedy-ruszy-budowa-parku-handlowego-gorzow-power-center\\\/\"]}]},{\"@type\":\"ImageObject\",\"inLanguage\":\"pl-PL\",\"@id\":\"https:\\\/\\\/gorzow.news\\\/index.php\\\/2022\\\/09\\\/14\\\/kiedy-ruszy-budowa-parku-handlowego-gorzow-power-center\\\/#primaryimage\",\"url\":\"https:\\\/\\\/gorzow.news\\\/wp-content\\\/uploads\\\/2022\\\/09\\\/final-23_strona-1516x1040a.jpg\",\"contentUrl\":\"https:\\\/\\\/gorzow.news\\\/wp-content\\\/uploads\\\/2022\\\/09\\\/final-23_strona-1516x1040a.jpg\",\"width\":1516,\"height\":758,\"caption\":\"Tak ma si\u0119 prezentowa\u0107 cz\u0119\u015b\u0107 parku handlowego przy ul. Walczaka. Czy b\u0119dzie gotowy w 2023 roku?\"},{\"@type\":\"BreadcrumbList\",\"@id\":\"https:\\\/\\\/gorzow.news\\\/index.php\\\/2022\\\/09\\\/14\\\/kiedy-ruszy-budowa-parku-handlowego-gorzow-power-center\\\/#breadcrumb\",\"itemListElement\":[{\"@type\":\"ListItem\",\"position\":1,\"name\":\"Home\",\"item\":\"https:\\\/\\\/gorzow.news\\\/\"},{\"@type\":\"ListItem\",\"position\":2,\"name\":\"Kiedy ruszy budowa parku handlowego Gorz\u00f3w Power Center?\"}]},{\"@type\":\"WebSite\",\"@id\":\"https:\\\/\\\/gorzow.news\\\/#website\",\"url\":\"https:\\\/\\\/gorzow.news\\\/\",\"name\":\"Gorz\u00f3w News\",\"description\":\"Sp\u00f3jrz inaczej na miato i region...\",\"potentialAction\":[{\"@type\":\"SearchAction\",\"target\":{\"@type\":\"EntryPoint\",\"urlTemplate\":\"https:\\\/\\\/gorzow.news\\\/?s={search_term_string}\"},\"query-input\":{\"@type\":\"PropertyValueSpecification\",\"valueRequired\":true,\"valueName\":\"search_term_string\"}}],\"inLanguage\":\"pl-PL\"},{\"@type\":\"Person\",\"@id\":\"https:\\\/\\\/gorzow.news\\\/#\\\/schema\\\/person\\\/a1e5ab43166369f2ce236a1cd90995bb\",\"name\":\"maciej\",\"image\":{\"@type\":\"ImageObject\",\"inLanguage\":\"pl-PL\",\"@id\":\"https:\\\/\\\/secure.gravatar.com\\\/avatar\\\/530a674d56ba60cfa0ef21d74e8e8d123a51bb7aa6580465b5c2ab2c2e980a19?s=96&r=g&d=https:\\\/\\\/gorzow.news\\\/wp-content\\\/plugins\\\/userswp\\\/assets\\\/images\\\/no_profile.png\",\"url\":\"https:\\\/\\\/secure.gravatar.com\\\/avatar\\\/530a674d56ba60cfa0ef21d74e8e8d123a51bb7aa6580465b5c2ab2c2e980a19?s=96&r=g&d=https:\\\/\\\/gorzow.news\\\/wp-content\\\/plugins\\\/userswp\\\/assets\\\/images\\\/no_profile.png\",\"contentUrl\":\"https:\\\/\\\/secure.gravatar.com\\\/avatar\\\/530a674d56ba60cfa0ef21d74e8e8d123a51bb7aa6580465b5c2ab2c2e980a19?s=96&r=g&d=https:\\\/\\\/gorzow.news\\\/wp-content\\\/plugins\\\/userswp\\\/assets\\\/images\\\/no_profile.png\",\"caption\":\"maciej\"},\"url\":\"https:\\\/\\\/gorzow.news\\\/index.php\\\/profile\\\/maciej\\\/\"}]}<\/script>\n<!-- \/ Yoast SEO plugin. -->","yoast_head_json":{"title":"Kiedy ruszy budowa parku handlowego Gorz\u00f3w Power Center? - Gorz\u00f3w News","description":"\u015arednio raz w tygodniu otrzymujemy od czytelnik\u00f3w portalu GORZ\u00d3W.NEWS pytanie o park handlowy, kt\u00f3ry ma powsta\u0107 na dzia\u0142kach przy ul. Walczaka.","robots":{"index":"index","follow":"follow","max-snippet":"max-snippet:-1","max-image-preview":"max-image-preview:large","max-video-preview":"max-video-preview:-1"},"canonical":"https:\/\/gorzow.news\/index.php\/2022\/09\/14\/kiedy-ruszy-budowa-parku-handlowego-gorzow-power-center\/","og_locale":"pl_PL","og_type":"article","og_title":"Kiedy ruszy budowa parku handlowego Gorz\u00f3w Power Center? - Gorz\u00f3w News","og_description":"\u015arednio raz w tygodniu otrzymujemy od czytelnik\u00f3w portalu GORZ\u00d3W.NEWS pytanie o park handlowy, kt\u00f3ry ma powsta\u0107 na dzia\u0142kach przy ul. Walczaka.","og_url":"https:\/\/gorzow.news\/index.php\/2022\/09\/14\/kiedy-ruszy-budowa-parku-handlowego-gorzow-power-center\/","og_site_name":"Gorz\u00f3w News","article_publisher":"https:\/\/www.facebook.com\/gorzowskinews","article_published_time":"2022-09-14T08:32:04+00:00","article_modified_time":"2022-09-14T08:32:07+00:00","og_image":[{"width":1516,"height":758,"url":"https:\/\/gorzow.news\/wp-content\/uploads\/2022\/09\/final-23_strona-1516x1040a.jpg","type":"image\/jpeg"}],"author":"maciej","twitter_card":"summary_large_image","twitter_misc":{"Napisane przez":"maciej","Szacowany czas czytania":"4 minuty"},"schema":{"@context":"https:\/\/schema.org","@graph":[{"@type":"Article","@id":"https:\/\/gorzow.news\/index.php\/2022\/09\/14\/kiedy-ruszy-budowa-parku-handlowego-gorzow-power-center\/#article","isPartOf":{"@id":"https:\/\/gorzow.news\/index.php\/2022\/09\/14\/kiedy-ruszy-budowa-parku-handlowego-gorzow-power-center\/"},"author":{"name":"maciej","@id":"https:\/\/gorzow.news\/#\/schema\/person\/a1e5ab43166369f2ce236a1cd90995bb"},"headline":"Kiedy ruszy budowa parku handlowego Gorz\u00f3w Power Center?","datePublished":"2022-09-14T08:32:04+00:00","dateModified":"2022-09-14T08:32:07+00:00","mainEntityOfPage":{"@id":"https:\/\/gorzow.news\/index.php\/2022\/09\/14\/kiedy-ruszy-budowa-parku-handlowego-gorzow-power-center\/"},"wordCount":670,"commentCount":1,"image":{"@id":"https:\/\/gorzow.news\/index.php\/2022\/09\/14\/kiedy-ruszy-budowa-parku-handlowego-gorzow-power-center\/#primaryimage"},"thumbnailUrl":"https:\/\/gorzow.news\/wp-content\/uploads\/2022\/09\/final-23_strona-1516x1040a.jpg","keywords":["Acteeum Group","Gorz\u00f3w Power Center","SHOPP.CITY","Tomasz Szewczyk","Walczaka"],"articleSection":["Inwestycje handlowe","Wiadomo\u015bci"],"inLanguage":"pl-PL","potentialAction":[{"@type":"CommentAction","name":"Comment","target":["https:\/\/gorzow.news\/index.php\/2022\/09\/14\/kiedy-ruszy-budowa-parku-handlowego-gorzow-power-center\/#respond"]}]},{"@type":"WebPage","@id":"https:\/\/gorzow.news\/index.php\/2022\/09\/14\/kiedy-ruszy-budowa-parku-handlowego-gorzow-power-center\/","url":"https:\/\/gorzow.news\/index.php\/2022\/09\/14\/kiedy-ruszy-budowa-parku-handlowego-gorzow-power-center\/","name":"Kiedy ruszy budowa parku handlowego Gorz\u00f3w Power Center? - Gorz\u00f3w News","isPartOf":{"@id":"https:\/\/gorzow.news\/#website"},"primaryImageOfPage":{"@id":"https:\/\/gorzow.news\/index.php\/2022\/09\/14\/kiedy-ruszy-budowa-parku-handlowego-gorzow-power-center\/#primaryimage"},"image":{"@id":"https:\/\/gorzow.news\/index.php\/2022\/09\/14\/kiedy-ruszy-budowa-parku-handlowego-gorzow-power-center\/#primaryimage"},"thumbnailUrl":"https:\/\/gorzow.news\/wp-content\/uploads\/2022\/09\/final-23_strona-1516x1040a.jpg","datePublished":"2022-09-14T08:32:04+00:00","dateModified":"2022-09-14T08:32:07+00:00","author":{"@id":"https:\/\/gorzow.news\/#\/schema\/person\/a1e5ab43166369f2ce236a1cd90995bb"},"description":"\u015arednio raz w tygodniu otrzymujemy od czytelnik\u00f3w portalu GORZ\u00d3W.NEWS pytanie o park handlowy, kt\u00f3ry ma powsta\u0107 na dzia\u0142kach przy ul. Walczaka. Teren pod inwestycj\u0119 zosta\u0142 sprzedany pod koniec 2018 roku. Inwestor kolejn\u0105 s\u0105siaduj\u0105c\u0105 dzia\u0142k\u0119 zakupi\u0142 dwa lata p\u00f3\u017aniej. Ju\u017c wtedy zapowiada\u0142 rozpocz\u0119cie budowy w 2020 roku. Park handlowy, SELGROS, sklep budowlano-ogrodniczy i stacja benzynowa mia\u0142y by\u0107 otwarte rok p\u00f3\u017aniej. Nast\u0119pnie termin by\u0142 wiele razy przek\u0142adany. W kwietniu tego roku inwestor pozyska\u0142 partnera dla projektu - mi\u0119dzynarodow\u0105 firm\u0119 Acteeum Group. Obecnie otwarcie obiektu planowane jest na drug\u0105 cz\u0119\u015b\u0107 2023 roku. Czy inwestycja wreszcie ruszy i terminu uda si\u0119 tym razem dotrzyma\u0107?","breadcrumb":{"@id":"https:\/\/gorzow.news\/index.php\/2022\/09\/14\/kiedy-ruszy-budowa-parku-handlowego-gorzow-power-center\/#breadcrumb"},"inLanguage":"pl-PL","potentialAction":[{"@type":"ReadAction","target":["https:\/\/gorzow.news\/index.php\/2022\/09\/14\/kiedy-ruszy-budowa-parku-handlowego-gorzow-power-center\/"]}]},{"@type":"ImageObject","inLanguage":"pl-PL","@id":"https:\/\/gorzow.news\/index.php\/2022\/09\/14\/kiedy-ruszy-budowa-parku-handlowego-gorzow-power-center\/#primaryimage","url":"https:\/\/gorzow.news\/wp-content\/uploads\/2022\/09\/final-23_strona-1516x1040a.jpg","contentUrl":"https:\/\/gorzow.news\/wp-content\/uploads\/2022\/09\/final-23_strona-1516x1040a.jpg","width":1516,"height":758,"caption":"Tak ma si\u0119 prezentowa\u0107 cz\u0119\u015b\u0107 parku handlowego przy ul. Walczaka. Czy b\u0119dzie gotowy w 2023 roku?"},{"@type":"BreadcrumbList","@id":"https:\/\/gorzow.news\/index.php\/2022\/09\/14\/kiedy-ruszy-budowa-parku-handlowego-gorzow-power-center\/#breadcrumb","itemListElement":[{"@type":"ListItem","position":1,"name":"Home","item":"https:\/\/gorzow.news\/"},{"@type":"ListItem","position":2,"name":"Kiedy ruszy budowa parku handlowego Gorz\u00f3w Power Center?"}]},{"@type":"WebSite","@id":"https:\/\/gorzow.news\/#website","url":"https:\/\/gorzow.news\/","name":"Gorz\u00f3w News","description":"Sp\u00f3jrz inaczej na miato i region...","potentialAction":[{"@type":"SearchAction","target":{"@type":"EntryPoint","urlTemplate":"https:\/\/gorzow.news\/?s={search_term_string}"},"query-input":{"@type":"PropertyValueSpecification","valueRequired":true,"valueName":"search_term_string"}}],"inLanguage":"pl-PL"},{"@type":"Person","@id":"https:\/\/gorzow.news\/#\/schema\/person\/a1e5ab43166369f2ce236a1cd90995bb","name":"maciej","image":{"@type":"ImageObject","inLanguage":"pl-PL","@id":"https:\/\/secure.gravatar.com\/avatar\/530a674d56ba60cfa0ef21d74e8e8d123a51bb7aa6580465b5c2ab2c2e980a19?s=96&r=g&d=https:\/\/gorzow.news\/wp-content\/plugins\/userswp\/assets\/images\/no_profile.png","url":"https:\/\/secure.gravatar.com\/avatar\/530a674d56ba60cfa0ef21d74e8e8d123a51bb7aa6580465b5c2ab2c2e980a19?s=96&r=g&d=https:\/\/gorzow.news\/wp-content\/plugins\/userswp\/assets\/images\/no_profile.png","contentUrl":"https:\/\/secure.gravatar.com\/avatar\/530a674d56ba60cfa0ef21d74e8e8d123a51bb7aa6580465b5c2ab2c2e980a19?s=96&r=g&d=https:\/\/gorzow.news\/wp-content\/plugins\/userswp\/assets\/images\/no_profile.png","caption":"maciej"},"url":"https:\/\/gorzow.news\/index.php\/profile\/maciej\/"}]}},"_links":{"self":[{"href":"https:\/\/gorzow.news\/index.php\/wp-json\/wp\/v2\/posts\/9540","targetHints":{"allow":["GET"]}}],"collection":[{"href":"https:\/\/gorzow.news\/index.php\/wp-json\/wp\/v2\/posts"}],"about":[{"href":"https:\/\/gorzow.news\/index.php\/wp-json\/wp\/v2\/types\/post"}],"author":[{"embeddable":true,"href":"https:\/\/gorzow.news\/index.php\/wp-json\/wp\/v2\/users\/1"}],"replies":[{"embeddable":true,"href":"https:\/\/gorzow.news\/index.php\/wp-json\/wp\/v2\/comments?post=9540"}],"version-history":[{"count":0,"href":"https:\/\/gorzow.news\/index.php\/wp-json\/wp\/v2\/posts\/9540\/revisions"}],"wp:featuredmedia":[{"embeddable":true,"href":"https:\/\/gorzow.news\/index.php\/wp-json\/wp\/v2\/media\/9551"}],"wp:attachment":[{"href":"https:\/\/gorzow.news\/index.php\/wp-json\/wp\/v2\/media?parent=9540"}],"wp:term":[{"taxonomy":"category","embeddable":true,"href":"https:\/\/gorzow.news\/index.php\/wp-json\/wp\/v2\/categories?post=9540"},{"taxonomy":"post_tag","embeddable":true,"href":"https:\/\/gorzow.news\/index.php\/wp-json\/wp\/v2\/tags?post=9540"}],"curies":[{"name":"wp","href":"https:\/\/api.w.org\/{rel}","templated":true}]}}