{"id":9287,"date":"2022-08-30T20:00:14","date_gmt":"2022-08-30T18:00:14","guid":{"rendered":"https:\/\/gorzow.news\/?p=9287"},"modified":"2022-08-30T20:00:16","modified_gmt":"2022-08-30T18:00:16","slug":"obchody-gorzowskiego-sierpnia-rozpoczete","status":"publish","type":"post","link":"https:\/\/gorzow.news\/index.php\/2022\/08\/30\/obchody-gorzowskiego-sierpnia-rozpoczete\/","title":{"rendered":"Obchody Gorzowskiego Sierpnia rozpocz\u0119te"},"content":{"rendered":"\n<p><strong>Ods\u0142oni\u0119cie instalacji artystycznej, z udzia\u0142em prezydenta RP Andrzeja Dudy, otwarcie wystawy upami\u0119tniaj\u0105cej protest oraz prezentacja okoliczno\u015bciowego znaczka pocztowego \u2013 we wtorek w Gorzowie rozpocz\u0119\u0142y si\u0119 obchody 40. rocznicy Gorzowskiego Sierpnia.<\/strong><\/p>\n\n\n\n<p>Instalacja stoi na skwerze, kt\u00f3ry od trzech lat nosi nazw\u0119 31 Sierpnia 1982 roku. Wybrana zosta\u0142a w specjalnym konkursie, kt\u00f3ry zorganizowa\u0142o Miasto, Instytut Pami\u0119ci Narodowej, Lubuski Urz\u0105d Wojew\u00f3dzki i NSZZ Solidarno\u015b\u0107. Sk\u0142ada si\u0119 z kilkunastu element\u00f3w ze stali nierdzewnej polerowanej. Wed\u0142ug projektant\u00f3w \u2013 Heleny Ku\u0142ak-\u015awierblewskiej, Katarzyny Widery i Jakuba Capa \u2013 ogl\u0105daj\u0105cy instalacj\u0119 b\u0119d\u0105 mogli w niej si\u0119 przejrze\u0107 i sta\u0107 si\u0119 cz\u0119\u015bci\u0105 t\u0142umu, kt\u00f3ry protestowa\u0142 w tym miejscu w 1982 roku.<\/p>\n\n\n\n<p>Instalacj\u0119 ods\u0142oni\u0142 prezydent RP Andrzej Duda, kt\u00f3ry nast\u0119pnie wr\u0119czy\u0142 odznaczenia pa\u0144stwowe osobom zas\u0142u\u017conym na rzecz wojew\u00f3dztwa lubuskiego oraz przemian demokratycznych w Polsce.<\/p>\n\n\n\n<p>&#8211; Chc\u0119, by\u015bcie byli dumni z ojczyzny, za kt\u00f3r\u0105 walczyli\u015bcie \u2013 powiedzia\u0142 na koniec swojego wyst\u0105pienia prezydent RP.<\/p>\n\n\n\n<p>Wcze\u015bniej na skwerze otwarto wystaw\u0119 \u201eBitwa o wolno\u015b\u0107\u201d. Sk\u0142ada si\u0119 na ni\u0105 kilka bry\u0142, na kt\u00f3rych umieszczono zdj\u0119cia oraz histori\u0119 tego, co wydarzy\u0142o si\u0119 w tym miejscu 40 lat temu.<\/p>\n\n\n\n<p>Poczta Polska z okazji rocznicy Gorzowskiego Sierpnia wyda\u0142a okoliczno\u015bciowy znaczek. Przedstawia on t\u0142um protestuj\u0105cych pod katedr\u0105 gorzowian. Znaczek wydano w milionie egzemplarzy, do kupienia w plac\u00f3wkach pocztowych w ca\u0142ej Polsce od \u015brody. Autorem projektu jest Maciej J\u0119drysik.<\/p>\n\n\n\n<p>Rocznicowe obchody b\u0119d\u0105 kontynuowane w kolejne dni. W \u015brod\u0119, w rocznic\u0119 wydarze\u0144, w katedrze zostanie odprawiona msza \u015bwi\u0119ta, a pod Bia\u0142ym Krzy\u017cem Solidarno\u015bci z\u0142o\u017cone kwiaty.<\/p>\n\n\n\n<p>31 sierpnia 1982 roku to wa\u017cna data w historii Gorzowa. Tego dnia odby\u0142a si\u0119 najwi\u0119ksza opozycyjna demonstracja na terenie Ziemi Lubuskiej. Kilka tysi\u0119cy mieszka\u0144c\u00f3w Gorzowa protestowa\u0142o przeciwko stanowi wojennemu. W wyniku star\u0107 z milicj\u0105 wiele os\u00f3b zosta\u0142o rannych, jeszcze wi\u0119cej trafi\u0142o do aresztu.<\/p>\n\n\n\n<p><strong>Przeczytaj te\u017c:<\/strong><br>&#8211; <a href=\"https:\/\/gorzow.news\/index.php\/2022\/08\/23\/instalacja-upamietniajaca-sierpien-1982-fundamenty-wylane-nie-powinno-byc-badan-archeologicznych-zdjecia\/\">Instalacja upami\u0119tniaj\u0105ca Sierpie\u0144 1982: Fundamenty wylane! Nie powinno by\u0107 bada\u0144 archeologicznych? (zdj\u0119cia)<\/a><br>&#8211; <a href=\"https:\/\/gorzow.news\/index.php\/2022\/08\/04\/rozpoczely-sie-prace-przy-montazu-instalacji-upamietniajacej-gorzowski-sierpien\/\">Rozpocz\u0119\u0142y si\u0119 prace przy monta\u017cu instalacji upami\u0119tniaj\u0105cej gorzowski sierpie\u0144<\/a><br>&#8211; <a href=\"https:\/\/gorzow.news\/index.php\/2021\/12\/14\/instalacja-artystyczna-upamietniajaca-wydarzenia-31-sierpnia-1982-roku-wybrana-zdjecia\/\">Instalacja artystyczna upami\u0119tniaj\u0105ca wydarzenia 31 Sierpnia 1982 roku wybrana! (zdj\u0119cia)<\/a><br>&#8211; <a href=\"https:\/\/gorzow.news\/index.php\/2021\/09\/01\/powstanie-instalacja-artystyczna-upamietniajaca-gorzowski-sierpien\/\">Powstanie instalacja artystyczna upami\u0119tniaj\u0105ca gorzowski sierpie\u0144<\/a><\/p>\n\n\n\r\n                <style type=\"text\/css\">\r\n                    \r\n                    #tdi_1  .td-doubleSlider-2 .td-item1 {\r\n                        background: url(https:\/\/gorzow.news\/wp-content\/uploads\/2022\/08\/fotob-4637.jpg) 0 0 no-repeat;\r\n                    }\r\n                    #tdi_1  .td-doubleSlider-2 .td-item2 {\r\n                        background: url(https:\/\/gorzow.news\/wp-content\/uploads\/2022\/08\/fotob-4636.jpg) 0 0 no-repeat;\r\n                    }\r\n                    #tdi_1  .td-doubleSlider-2 .td-item3 {\r\n                        background: url(https:\/\/gorzow.news\/wp-content\/uploads\/2022\/08\/fotob-4635.jpg) 0 0 no-repeat;\r\n                    }\r\n                    #tdi_1  .td-doubleSlider-2 .td-item4 {\r\n                        background: url(https:\/\/gorzow.news\/wp-content\/uploads\/2022\/08\/fotob-4634.jpg) 0 0 no-repeat;\r\n                    }\r\n                    #tdi_1  .td-doubleSlider-2 .td-item5 {\r\n                        background: url(https:\/\/gorzow.news\/wp-content\/uploads\/2022\/08\/fotob-4633.jpg) 0 0 no-repeat;\r\n                    }\r\n                    #tdi_1  .td-doubleSlider-2 .td-item6 {\r\n                        background: url(https:\/\/gorzow.news\/wp-content\/uploads\/2022\/08\/fotob-4632.jpg) 0 0 no-repeat;\r\n                    }\r\n                    #tdi_1  .td-doubleSlider-2 .td-item7 {\r\n                        background: url(https:\/\/gorzow.news\/wp-content\/uploads\/2022\/08\/fotob-4631.jpg) 0 0 no-repeat;\r\n                    }\r\n                    #tdi_1  .td-doubleSlider-2 .td-item8 {\r\n                        background: url(https:\/\/gorzow.news\/wp-content\/uploads\/2022\/08\/cropped-akt-fotob-2934.jpg) 0 0 no-repeat;\r\n                    }\r\n                <\/style>\r\n\r\n                <div id=\"tdi_1\" class=\"td-gallery td-slide-on-2-columns\">\r\n                    <div class=\"post_td_gallery\">\r\n                        <div class=\"td-gallery-slide-top\">\r\n                           <div class=\"td-gallery-title\">Obchody Gorzowskiego Sierpnia<\/div>\r\n\r\n                            <div class=\"td-gallery-controls-wrapper\">\r\n                                <div class=\"td-gallery-slide-count\"><span class=\"td-gallery-slide-item-focus\">1<\/span> z 8<\/div>\r\n                                <div class=\"td-gallery-slide-prev-next-but\">\r\n                                    <i class = \"td-icon-left doubleSliderPrevButton\"><\/i>\r\n                                    <i class = \"td-icon-right doubleSliderNextButton\"><\/i>\r\n                                <\/div>\r\n                            <\/div>\r\n                        <\/div>\r\n\r\n                        <div class = \"td-doubleSlider-1 \">\r\n                            <div class = \"td-slider\">\r\n                                \r\n                    <div class = \"td-slide-item td-item1\">\r\n                        <figure class=\"td-slide-galery-figure td-slide-popup-gallery\">\r\n                            <a class=\"slide-gallery-image-link\" href=\"https:\/\/gorzow.news\/wp-content\/uploads\/2022\/08\/fotob-4637.jpg\" title=\"\"  data-caption=\"\"  data-description=\"\">\r\n                                <img decoding=\"async\" src=\"https:\/\/gorzow.news\/wp-content\/uploads\/2022\/08\/fotob-4637.jpg\" srcset=\"https:\/\/gorzow.news\/wp-content\/uploads\/2022\/08\/fotob-4637.jpg 1500w, https:\/\/gorzow.news\/wp-content\/uploads\/2022\/08\/fotob-4637-300x200.jpg 300w, https:\/\/gorzow.news\/wp-content\/uploads\/2022\/08\/fotob-4637-1024x683.jpg 1024w, https:\/\/gorzow.news\/wp-content\/uploads\/2022\/08\/fotob-4637-768x512.jpg 768w, https:\/\/gorzow.news\/wp-content\/uploads\/2022\/08\/fotob-4637-696x464.jpg 696w, https:\/\/gorzow.news\/wp-content\/uploads\/2022\/08\/fotob-4637-1068x712.jpg 1068w\" sizes=\"(max-width: 1500px) 100vw, 1500px\" alt=\"\">\r\n                            <\/a>\r\n                            \r\n                        <\/figure>\r\n                    <\/div>\r\n                    <div class = \"td-slide-item td-item2\">\r\n                        <figure class=\"td-slide-galery-figure td-slide-popup-gallery\">\r\n                            <a class=\"slide-gallery-image-link\" href=\"https:\/\/gorzow.news\/wp-content\/uploads\/2022\/08\/fotob-4636.jpg\" title=\"\"  data-caption=\"\"  data-description=\"\">\r\n                                <img decoding=\"async\" src=\"https:\/\/gorzow.news\/wp-content\/uploads\/2022\/08\/fotob-4636.jpg\" srcset=\"https:\/\/gorzow.news\/wp-content\/uploads\/2022\/08\/fotob-4636.jpg 1500w, https:\/\/gorzow.news\/wp-content\/uploads\/2022\/08\/fotob-4636-300x200.jpg 300w, https:\/\/gorzow.news\/wp-content\/uploads\/2022\/08\/fotob-4636-1024x683.jpg 1024w, https:\/\/gorzow.news\/wp-content\/uploads\/2022\/08\/fotob-4636-768x512.jpg 768w, https:\/\/gorzow.news\/wp-content\/uploads\/2022\/08\/fotob-4636-696x464.jpg 696w, https:\/\/gorzow.news\/wp-content\/uploads\/2022\/08\/fotob-4636-1068x712.jpg 1068w\" sizes=\"(max-width: 1500px) 100vw, 1500px\" alt=\"\">\r\n                            <\/a>\r\n                            \r\n                        <\/figure>\r\n                    <\/div>\r\n                    <div class = \"td-slide-item td-item3\">\r\n                        <figure class=\"td-slide-galery-figure td-slide-popup-gallery\">\r\n                            <a class=\"slide-gallery-image-link\" href=\"https:\/\/gorzow.news\/wp-content\/uploads\/2022\/08\/fotob-4635.jpg\" title=\"\"  data-caption=\"fot. \u0141ukasz Kulczy\u0144ski\"  data-description=\"\">\r\n                                <img decoding=\"async\" src=\"https:\/\/gorzow.news\/wp-content\/uploads\/2022\/08\/fotob-4635.jpg\" srcset=\"https:\/\/gorzow.news\/wp-content\/uploads\/2022\/08\/fotob-4635.jpg 1500w, https:\/\/gorzow.news\/wp-content\/uploads\/2022\/08\/fotob-4635-300x200.jpg 300w, https:\/\/gorzow.news\/wp-content\/uploads\/2022\/08\/fotob-4635-1024x683.jpg 1024w, https:\/\/gorzow.news\/wp-content\/uploads\/2022\/08\/fotob-4635-768x512.jpg 768w, https:\/\/gorzow.news\/wp-content\/uploads\/2022\/08\/fotob-4635-696x464.jpg 696w, https:\/\/gorzow.news\/wp-content\/uploads\/2022\/08\/fotob-4635-1068x712.jpg 1068w\" sizes=\"(max-width: 1500px) 100vw, 1500px\" alt=\"\">\r\n                            <\/a>\r\n                            <figcaption class = \"td-slide-caption td-gallery-slide-content\"><div class = \"td-gallery-slide-copywrite\">fot. \u0141ukasz Kulczy\u0144ski<\/div><\/figcaption>\r\n                        <\/figure>\r\n                    <\/div>\r\n                    <div class = \"td-slide-item td-item4\">\r\n                        <figure class=\"td-slide-galery-figure td-slide-popup-gallery\">\r\n                            <a class=\"slide-gallery-image-link\" href=\"https:\/\/gorzow.news\/wp-content\/uploads\/2022\/08\/fotob-4634.jpg\" title=\"\"  data-caption=\"\"  data-description=\"\">\r\n                                <img decoding=\"async\" src=\"https:\/\/gorzow.news\/wp-content\/uploads\/2022\/08\/fotob-4634.jpg\" srcset=\"https:\/\/gorzow.news\/wp-content\/uploads\/2022\/08\/fotob-4634.jpg 1500w, https:\/\/gorzow.news\/wp-content\/uploads\/2022\/08\/fotob-4634-300x200.jpg 300w, https:\/\/gorzow.news\/wp-content\/uploads\/2022\/08\/fotob-4634-1024x683.jpg 1024w, https:\/\/gorzow.news\/wp-content\/uploads\/2022\/08\/fotob-4634-768x512.jpg 768w, https:\/\/gorzow.news\/wp-content\/uploads\/2022\/08\/fotob-4634-696x464.jpg 696w, https:\/\/gorzow.news\/wp-content\/uploads\/2022\/08\/fotob-4634-1068x712.jpg 1068w\" sizes=\"(max-width: 1500px) 100vw, 1500px\" alt=\"\">\r\n                            <\/a>\r\n                            \r\n                        <\/figure>\r\n                    <\/div>\r\n                    <div class = \"td-slide-item td-item5\">\r\n                        <figure class=\"td-slide-galery-figure td-slide-popup-gallery\">\r\n                            <a class=\"slide-gallery-image-link\" href=\"https:\/\/gorzow.news\/wp-content\/uploads\/2022\/08\/fotob-4633.jpg\" title=\"\"  data-caption=\"\"  data-description=\"\">\r\n                                <img decoding=\"async\" src=\"https:\/\/gorzow.news\/wp-content\/uploads\/2022\/08\/fotob-4633.jpg\" srcset=\"https:\/\/gorzow.news\/wp-content\/uploads\/2022\/08\/fotob-4633.jpg 1500w, https:\/\/gorzow.news\/wp-content\/uploads\/2022\/08\/fotob-4633-300x200.jpg 300w, https:\/\/gorzow.news\/wp-content\/uploads\/2022\/08\/fotob-4633-1024x683.jpg 1024w, https:\/\/gorzow.news\/wp-content\/uploads\/2022\/08\/fotob-4633-768x512.jpg 768w, https:\/\/gorzow.news\/wp-content\/uploads\/2022\/08\/fotob-4633-696x464.jpg 696w, https:\/\/gorzow.news\/wp-content\/uploads\/2022\/08\/fotob-4633-1068x712.jpg 1068w\" sizes=\"(max-width: 1500px) 100vw, 1500px\" alt=\"\">\r\n                            <\/a>\r\n                            \r\n                        <\/figure>\r\n                    <\/div>\r\n                    <div class = \"td-slide-item td-item6\">\r\n                        <figure class=\"td-slide-galery-figure td-slide-popup-gallery\">\r\n                            <a class=\"slide-gallery-image-link\" href=\"https:\/\/gorzow.news\/wp-content\/uploads\/2022\/08\/fotob-4632.jpg\" title=\"\"  data-caption=\"\"  data-description=\"\">\r\n                                <img decoding=\"async\" src=\"https:\/\/gorzow.news\/wp-content\/uploads\/2022\/08\/fotob-4632.jpg\" srcset=\"https:\/\/gorzow.news\/wp-content\/uploads\/2022\/08\/fotob-4632.jpg 1500w, https:\/\/gorzow.news\/wp-content\/uploads\/2022\/08\/fotob-4632-300x200.jpg 300w, https:\/\/gorzow.news\/wp-content\/uploads\/2022\/08\/fotob-4632-1024x683.jpg 1024w, https:\/\/gorzow.news\/wp-content\/uploads\/2022\/08\/fotob-4632-768x512.jpg 768w, https:\/\/gorzow.news\/wp-content\/uploads\/2022\/08\/fotob-4632-696x464.jpg 696w, https:\/\/gorzow.news\/wp-content\/uploads\/2022\/08\/fotob-4632-1068x712.jpg 1068w\" sizes=\"(max-width: 1500px) 100vw, 1500px\" alt=\"\">\r\n                            <\/a>\r\n                            \r\n                        <\/figure>\r\n                    <\/div>\r\n                    <div class = \"td-slide-item td-item7\">\r\n                        <figure class=\"td-slide-galery-figure td-slide-popup-gallery\">\r\n                            <a class=\"slide-gallery-image-link\" href=\"https:\/\/gorzow.news\/wp-content\/uploads\/2022\/08\/fotob-4631.jpg\" title=\"\"  data-caption=\"\"  data-description=\"\">\r\n                                <img decoding=\"async\" src=\"https:\/\/gorzow.news\/wp-content\/uploads\/2022\/08\/fotob-4631.jpg\" srcset=\"https:\/\/gorzow.news\/wp-content\/uploads\/2022\/08\/fotob-4631.jpg 1500w, https:\/\/gorzow.news\/wp-content\/uploads\/2022\/08\/fotob-4631-300x200.jpg 300w, https:\/\/gorzow.news\/wp-content\/uploads\/2022\/08\/fotob-4631-1024x683.jpg 1024w, https:\/\/gorzow.news\/wp-content\/uploads\/2022\/08\/fotob-4631-768x512.jpg 768w, https:\/\/gorzow.news\/wp-content\/uploads\/2022\/08\/fotob-4631-696x464.jpg 696w, https:\/\/gorzow.news\/wp-content\/uploads\/2022\/08\/fotob-4631-1068x712.jpg 1068w\" sizes=\"(max-width: 1500px) 100vw, 1500px\" alt=\"\">\r\n                            <\/a>\r\n                            \r\n                        <\/figure>\r\n                    <\/div>\r\n                    <div class = \"td-slide-item td-item8\">\r\n                        <figure class=\"td-slide-galery-figure td-slide-popup-gallery\">\r\n                            <a class=\"slide-gallery-image-link\" href=\"https:\/\/gorzow.news\/wp-content\/uploads\/2022\/08\/cropped-akt-fotob-2934.jpg\" title=\"\"  data-caption=\"\"  data-description=\"\">\r\n                                <img decoding=\"async\" src=\"https:\/\/gorzow.news\/wp-content\/uploads\/2022\/08\/cropped-akt-fotob-2934.jpg\" srcset=\"https:\/\/gorzow.news\/wp-content\/uploads\/2022\/08\/cropped-akt-fotob-2934.jpg 1192w, https:\/\/gorzow.news\/wp-content\/uploads\/2022\/08\/cropped-akt-fotob-2934-300x189.jpg 300w, https:\/\/gorzow.news\/wp-content\/uploads\/2022\/08\/cropped-akt-fotob-2934-1024x645.jpg 1024w, https:\/\/gorzow.news\/wp-content\/uploads\/2022\/08\/cropped-akt-fotob-2934-768x484.jpg 768w, https:\/\/gorzow.news\/wp-content\/uploads\/2022\/08\/cropped-akt-fotob-2934-696x439.jpg 696w, https:\/\/gorzow.news\/wp-content\/uploads\/2022\/08\/cropped-akt-fotob-2934-1068x673.jpg 1068w\" sizes=\"(max-width: 1192px) 100vw, 1192px\" alt=\"\">\r\n                            <\/a>\r\n                            \r\n                        <\/figure>\r\n                    <\/div>\r\n                            <\/div>\r\n                        <\/div>\r\n\r\n                        <div class = \"td-doubleSlider-2\">\r\n                            <div class = \"td-slider\">\r\n                                \r\n                    <div class = \"td-button td-item1\">\r\n                        <div class = \"td-border\"><\/div>\r\n                    <\/div>\r\n                    <div class = \"td-button td-item2\">\r\n                        <div class = \"td-border\"><\/div>\r\n                    <\/div>\r\n                    <div class = \"td-button td-item3\">\r\n                        <div class = \"td-border\"><\/div>\r\n                    <\/div>\r\n                    <div class = \"td-button td-item4\">\r\n                        <div class = \"td-border\"><\/div>\r\n                    <\/div>\r\n                    <div class = \"td-button td-item5\">\r\n                        <div class = \"td-border\"><\/div>\r\n                    <\/div>\r\n                    <div class = \"td-button td-item6\">\r\n                        <div class = \"td-border\"><\/div>\r\n                    <\/div>\r\n                    <div class = \"td-button td-item7\">\r\n                        <div class = \"td-border\"><\/div>\r\n                    <\/div>\r\n                    <div class = \"td-button td-item8\">\r\n                        <div class = \"td-border\"><\/div>\r\n                    <\/div>\r\n                            <\/div>\r\n                        <\/div>\r\n\r\n                    <\/div>\r\n\r\n                <\/div>\r\n                ","protected":false},"excerpt":{"rendered":"<p>Ods\u0142oni\u0119cie instalacji artystycznej, z udzia\u0142em prezydenta RP Andrzeja Dudy, otwarcie wystawy upami\u0119tniaj\u0105cej protest oraz prezentacja okoliczno\u015bciowego znaczka pocztowego \u2013 we wtorek w Gorzowie rozpocz\u0119\u0142y si\u0119 obchody 40. rocznicy Gorzowskiego Sierpnia.<\/p>\n","protected":false},"author":1,"featured_media":9293,"comment_status":"open","ping_status":"open","sticky":false,"template":"","format":"standard","meta":{"footnotes":"","_links_to":"","_links_to_target":""},"categories":[597,904,589],"tags":[873,1646,874,1594,876,875,286],"class_list":{"0":"post-9287","1":"post","2":"type-post","3":"status-publish","4":"format-standard","5":"has-post-thumbnail","7":"category-fakty-opinie","8":"category-w-skrocie","9":"category-wiadomosci","10":"tag-31-sierpnia-1982-r-2","11":"tag-andrzej-duda","12":"tag-helena-kulak-swierblewska","13":"tag-instalacja","14":"tag-jakub-cap","15":"tag-katarzyna-widera","16":"tag-skwer-31-sierpnia-1982-r"},"yoast_head":"<!-- This site is optimized with the Yoast SEO plugin v27.3 - https:\/\/yoast.com\/product\/yoast-seo-wordpress\/ -->\n<title>Obchody Gorzowskiego Sierpnia rozpocz\u0119te - Gorz\u00f3w News<\/title>\n<meta name=\"description\" content=\"\" \/>\n<meta name=\"robots\" content=\"index, follow, max-snippet:-1, max-image-preview:large, max-video-preview:-1\" \/>\n<link rel=\"canonical\" href=\"https:\/\/gorzow.news\/index.php\/2022\/08\/30\/obchody-gorzowskiego-sierpnia-rozpoczete\/\" \/>\n<meta property=\"og:locale\" content=\"pl_PL\" \/>\n<meta property=\"og:type\" content=\"article\" \/>\n<meta property=\"og:title\" content=\"Obchody Gorzowskiego Sierpnia rozpocz\u0119te - Gorz\u00f3w News\" \/>\n<meta property=\"og:description\" content=\"\" \/>\n<meta property=\"og:url\" content=\"https:\/\/gorzow.news\/index.php\/2022\/08\/30\/obchody-gorzowskiego-sierpnia-rozpoczete\/\" \/>\n<meta property=\"og:site_name\" content=\"Gorz\u00f3w News\" \/>\n<meta property=\"article:publisher\" content=\"https:\/\/www.facebook.com\/gorzowskinews\" \/>\n<meta property=\"article:published_time\" content=\"2022-08-30T18:00:14+00:00\" \/>\n<meta property=\"article:modified_time\" content=\"2022-08-30T18:00:16+00:00\" \/>\n<meta property=\"og:image\" content=\"https:\/\/gorzow.news\/wp-content\/uploads\/2022\/08\/fotob-4635.jpg\" \/>\n\t<meta property=\"og:image:width\" content=\"1500\" \/>\n\t<meta property=\"og:image:height\" content=\"1000\" \/>\n\t<meta property=\"og:image:type\" content=\"image\/jpeg\" \/>\n<meta name=\"author\" content=\"maciej\" \/>\n<meta name=\"twitter:card\" content=\"summary_large_image\" \/>\n<meta name=\"twitter:label1\" content=\"Napisane przez\" \/>\n\t<meta name=\"twitter:data1\" content=\"maciej\" \/>\n\t<meta name=\"twitter:label2\" content=\"Szacowany czas czytania\" \/>\n\t<meta name=\"twitter:data2\" content=\"2 minuty\" \/>\n<script type=\"application\/ld+json\" class=\"yoast-schema-graph\">{\"@context\":\"https:\\\/\\\/schema.org\",\"@graph\":[{\"@type\":\"Article\",\"@id\":\"https:\\\/\\\/gorzow.news\\\/index.php\\\/2022\\\/08\\\/30\\\/obchody-gorzowskiego-sierpnia-rozpoczete\\\/#article\",\"isPartOf\":{\"@id\":\"https:\\\/\\\/gorzow.news\\\/index.php\\\/2022\\\/08\\\/30\\\/obchody-gorzowskiego-sierpnia-rozpoczete\\\/\"},\"author\":{\"name\":\"maciej\",\"@id\":\"https:\\\/\\\/gorzow.news\\\/#\\\/schema\\\/person\\\/a1e5ab43166369f2ce236a1cd90995bb\"},\"headline\":\"Obchody Gorzowskiego Sierpnia rozpocz\u0119te\",\"datePublished\":\"2022-08-30T18:00:14+00:00\",\"dateModified\":\"2022-08-30T18:00:16+00:00\",\"mainEntityOfPage\":{\"@id\":\"https:\\\/\\\/gorzow.news\\\/index.php\\\/2022\\\/08\\\/30\\\/obchody-gorzowskiego-sierpnia-rozpoczete\\\/\"},\"wordCount\":405,\"commentCount\":0,\"image\":{\"@id\":\"https:\\\/\\\/gorzow.news\\\/index.php\\\/2022\\\/08\\\/30\\\/obchody-gorzowskiego-sierpnia-rozpoczete\\\/#primaryimage\"},\"thumbnailUrl\":\"https:\\\/\\\/gorzow.news\\\/wp-content\\\/uploads\\\/2022\\\/08\\\/fotob-4635.jpg\",\"keywords\":[\"31 sierpnia 1982 r.\",\"Andrzej Duda\",\"Helena Ku\u0142ak-\u015awierblewska\",\"instalacja\",\"Jakub Cap\",\"Katarzyna Widera\",\"Skwer 31 Sierpnia 1982 r.\"],\"articleSection\":[\"Fakty i opinie\",\"W skr\u00f3cie\",\"Wiadomo\u015bci\"],\"inLanguage\":\"pl-PL\",\"potentialAction\":[{\"@type\":\"CommentAction\",\"name\":\"Comment\",\"target\":[\"https:\\\/\\\/gorzow.news\\\/index.php\\\/2022\\\/08\\\/30\\\/obchody-gorzowskiego-sierpnia-rozpoczete\\\/#respond\"]}]},{\"@type\":\"WebPage\",\"@id\":\"https:\\\/\\\/gorzow.news\\\/index.php\\\/2022\\\/08\\\/30\\\/obchody-gorzowskiego-sierpnia-rozpoczete\\\/\",\"url\":\"https:\\\/\\\/gorzow.news\\\/index.php\\\/2022\\\/08\\\/30\\\/obchody-gorzowskiego-sierpnia-rozpoczete\\\/\",\"name\":\"Obchody Gorzowskiego Sierpnia rozpocz\u0119te - Gorz\u00f3w News\",\"isPartOf\":{\"@id\":\"https:\\\/\\\/gorzow.news\\\/#website\"},\"primaryImageOfPage\":{\"@id\":\"https:\\\/\\\/gorzow.news\\\/index.php\\\/2022\\\/08\\\/30\\\/obchody-gorzowskiego-sierpnia-rozpoczete\\\/#primaryimage\"},\"image\":{\"@id\":\"https:\\\/\\\/gorzow.news\\\/index.php\\\/2022\\\/08\\\/30\\\/obchody-gorzowskiego-sierpnia-rozpoczete\\\/#primaryimage\"},\"thumbnailUrl\":\"https:\\\/\\\/gorzow.news\\\/wp-content\\\/uploads\\\/2022\\\/08\\\/fotob-4635.jpg\",\"datePublished\":\"2022-08-30T18:00:14+00:00\",\"dateModified\":\"2022-08-30T18:00:16+00:00\",\"author\":{\"@id\":\"https:\\\/\\\/gorzow.news\\\/#\\\/schema\\\/person\\\/a1e5ab43166369f2ce236a1cd90995bb\"},\"description\":\"Ods\u0142oni\u0119cie instalacji artystycznej, z udzia\u0142em prezydenta RP Andrzeja Dudy, otwarcie wystawy upami\u0119tniaj\u0105cej protest oraz prezentacja okoliczno\u015bciowego znaczka pocztowego \u2013 we wtorek w Gorzowie rozpocz\u0119\u0142y si\u0119 obchody 40. rocznicy Gorzowskiego Sierpnia.\",\"breadcrumb\":{\"@id\":\"https:\\\/\\\/gorzow.news\\\/index.php\\\/2022\\\/08\\\/30\\\/obchody-gorzowskiego-sierpnia-rozpoczete\\\/#breadcrumb\"},\"inLanguage\":\"pl-PL\",\"potentialAction\":[{\"@type\":\"ReadAction\",\"target\":[\"https:\\\/\\\/gorzow.news\\\/index.php\\\/2022\\\/08\\\/30\\\/obchody-gorzowskiego-sierpnia-rozpoczete\\\/\"]}]},{\"@type\":\"ImageObject\",\"inLanguage\":\"pl-PL\",\"@id\":\"https:\\\/\\\/gorzow.news\\\/index.php\\\/2022\\\/08\\\/30\\\/obchody-gorzowskiego-sierpnia-rozpoczete\\\/#primaryimage\",\"url\":\"https:\\\/\\\/gorzow.news\\\/wp-content\\\/uploads\\\/2022\\\/08\\\/fotob-4635.jpg\",\"contentUrl\":\"https:\\\/\\\/gorzow.news\\\/wp-content\\\/uploads\\\/2022\\\/08\\\/fotob-4635.jpg\",\"width\":1500,\"height\":1000,\"caption\":\"fot. \u0141ukasz Kulczy\u0144ski\"},{\"@type\":\"BreadcrumbList\",\"@id\":\"https:\\\/\\\/gorzow.news\\\/index.php\\\/2022\\\/08\\\/30\\\/obchody-gorzowskiego-sierpnia-rozpoczete\\\/#breadcrumb\",\"itemListElement\":[{\"@type\":\"ListItem\",\"position\":1,\"name\":\"Home\",\"item\":\"https:\\\/\\\/gorzow.news\\\/\"},{\"@type\":\"ListItem\",\"position\":2,\"name\":\"Obchody Gorzowskiego Sierpnia rozpocz\u0119te\"}]},{\"@type\":\"WebSite\",\"@id\":\"https:\\\/\\\/gorzow.news\\\/#website\",\"url\":\"https:\\\/\\\/gorzow.news\\\/\",\"name\":\"Gorz\u00f3w News\",\"description\":\"Sp\u00f3jrz inaczej na miato i region...\",\"potentialAction\":[{\"@type\":\"SearchAction\",\"target\":{\"@type\":\"EntryPoint\",\"urlTemplate\":\"https:\\\/\\\/gorzow.news\\\/?s={search_term_string}\"},\"query-input\":{\"@type\":\"PropertyValueSpecification\",\"valueRequired\":true,\"valueName\":\"search_term_string\"}}],\"inLanguage\":\"pl-PL\"},{\"@type\":\"Person\",\"@id\":\"https:\\\/\\\/gorzow.news\\\/#\\\/schema\\\/person\\\/a1e5ab43166369f2ce236a1cd90995bb\",\"name\":\"maciej\",\"image\":{\"@type\":\"ImageObject\",\"inLanguage\":\"pl-PL\",\"@id\":\"https:\\\/\\\/secure.gravatar.com\\\/avatar\\\/530a674d56ba60cfa0ef21d74e8e8d123a51bb7aa6580465b5c2ab2c2e980a19?s=96&r=g&d=https:\\\/\\\/gorzow.news\\\/wp-content\\\/plugins\\\/userswp\\\/assets\\\/images\\\/no_profile.png\",\"url\":\"https:\\\/\\\/secure.gravatar.com\\\/avatar\\\/530a674d56ba60cfa0ef21d74e8e8d123a51bb7aa6580465b5c2ab2c2e980a19?s=96&r=g&d=https:\\\/\\\/gorzow.news\\\/wp-content\\\/plugins\\\/userswp\\\/assets\\\/images\\\/no_profile.png\",\"contentUrl\":\"https:\\\/\\\/secure.gravatar.com\\\/avatar\\\/530a674d56ba60cfa0ef21d74e8e8d123a51bb7aa6580465b5c2ab2c2e980a19?s=96&r=g&d=https:\\\/\\\/gorzow.news\\\/wp-content\\\/plugins\\\/userswp\\\/assets\\\/images\\\/no_profile.png\",\"caption\":\"maciej\"},\"url\":\"https:\\\/\\\/gorzow.news\\\/index.php\\\/profile\\\/maciej\\\/\"}]}<\/script>\n<!-- \/ Yoast SEO plugin. -->","yoast_head_json":{"title":"Obchody Gorzowskiego Sierpnia rozpocz\u0119te - Gorz\u00f3w News","description":"Ods\u0142oni\u0119cie instalacji artystycznej, z udzia\u0142em prezydenta RP Andrzeja Dudy, otwarcie wystawy upami\u0119tniaj\u0105cej protest oraz prezentacja okoliczno?","robots":{"index":"index","follow":"follow","max-snippet":"max-snippet:-1","max-image-preview":"max-image-preview:large","max-video-preview":"max-video-preview:-1"},"canonical":"https:\/\/gorzow.news\/index.php\/2022\/08\/30\/obchody-gorzowskiego-sierpnia-rozpoczete\/","og_locale":"pl_PL","og_type":"article","og_title":"Obchody Gorzowskiego Sierpnia rozpocz\u0119te - Gorz\u00f3w News","og_description":"Ods\u0142oni\u0119cie instalacji artystycznej, z udzia\u0142em prezydenta RP Andrzeja Dudy, otwarcie wystawy upami\u0119tniaj\u0105cej protest oraz prezentacja okoliczno?","og_url":"https:\/\/gorzow.news\/index.php\/2022\/08\/30\/obchody-gorzowskiego-sierpnia-rozpoczete\/","og_site_name":"Gorz\u00f3w News","article_publisher":"https:\/\/www.facebook.com\/gorzowskinews","article_published_time":"2022-08-30T18:00:14+00:00","article_modified_time":"2022-08-30T18:00:16+00:00","og_image":[{"width":1500,"height":1000,"url":"https:\/\/gorzow.news\/wp-content\/uploads\/2022\/08\/fotob-4635.jpg","type":"image\/jpeg"}],"author":"maciej","twitter_card":"summary_large_image","twitter_misc":{"Napisane przez":"maciej","Szacowany czas czytania":"2 minuty"},"schema":{"@context":"https:\/\/schema.org","@graph":[{"@type":"Article","@id":"https:\/\/gorzow.news\/index.php\/2022\/08\/30\/obchody-gorzowskiego-sierpnia-rozpoczete\/#article","isPartOf":{"@id":"https:\/\/gorzow.news\/index.php\/2022\/08\/30\/obchody-gorzowskiego-sierpnia-rozpoczete\/"},"author":{"name":"maciej","@id":"https:\/\/gorzow.news\/#\/schema\/person\/a1e5ab43166369f2ce236a1cd90995bb"},"headline":"Obchody Gorzowskiego Sierpnia rozpocz\u0119te","datePublished":"2022-08-30T18:00:14+00:00","dateModified":"2022-08-30T18:00:16+00:00","mainEntityOfPage":{"@id":"https:\/\/gorzow.news\/index.php\/2022\/08\/30\/obchody-gorzowskiego-sierpnia-rozpoczete\/"},"wordCount":405,"commentCount":0,"image":{"@id":"https:\/\/gorzow.news\/index.php\/2022\/08\/30\/obchody-gorzowskiego-sierpnia-rozpoczete\/#primaryimage"},"thumbnailUrl":"https:\/\/gorzow.news\/wp-content\/uploads\/2022\/08\/fotob-4635.jpg","keywords":["31 sierpnia 1982 r.","Andrzej Duda","Helena Ku\u0142ak-\u015awierblewska","instalacja","Jakub Cap","Katarzyna Widera","Skwer 31 Sierpnia 1982 r."],"articleSection":["Fakty i opinie","W skr\u00f3cie","Wiadomo\u015bci"],"inLanguage":"pl-PL","potentialAction":[{"@type":"CommentAction","name":"Comment","target":["https:\/\/gorzow.news\/index.php\/2022\/08\/30\/obchody-gorzowskiego-sierpnia-rozpoczete\/#respond"]}]},{"@type":"WebPage","@id":"https:\/\/gorzow.news\/index.php\/2022\/08\/30\/obchody-gorzowskiego-sierpnia-rozpoczete\/","url":"https:\/\/gorzow.news\/index.php\/2022\/08\/30\/obchody-gorzowskiego-sierpnia-rozpoczete\/","name":"Obchody Gorzowskiego Sierpnia rozpocz\u0119te - Gorz\u00f3w News","isPartOf":{"@id":"https:\/\/gorzow.news\/#website"},"primaryImageOfPage":{"@id":"https:\/\/gorzow.news\/index.php\/2022\/08\/30\/obchody-gorzowskiego-sierpnia-rozpoczete\/#primaryimage"},"image":{"@id":"https:\/\/gorzow.news\/index.php\/2022\/08\/30\/obchody-gorzowskiego-sierpnia-rozpoczete\/#primaryimage"},"thumbnailUrl":"https:\/\/gorzow.news\/wp-content\/uploads\/2022\/08\/fotob-4635.jpg","datePublished":"2022-08-30T18:00:14+00:00","dateModified":"2022-08-30T18:00:16+00:00","author":{"@id":"https:\/\/gorzow.news\/#\/schema\/person\/a1e5ab43166369f2ce236a1cd90995bb"},"description":"Ods\u0142oni\u0119cie instalacji artystycznej, z udzia\u0142em prezydenta RP Andrzeja Dudy, otwarcie wystawy upami\u0119tniaj\u0105cej protest oraz prezentacja okoliczno\u015bciowego znaczka pocztowego \u2013 we wtorek w Gorzowie rozpocz\u0119\u0142y si\u0119 obchody 40. rocznicy Gorzowskiego Sierpnia.","breadcrumb":{"@id":"https:\/\/gorzow.news\/index.php\/2022\/08\/30\/obchody-gorzowskiego-sierpnia-rozpoczete\/#breadcrumb"},"inLanguage":"pl-PL","potentialAction":[{"@type":"ReadAction","target":["https:\/\/gorzow.news\/index.php\/2022\/08\/30\/obchody-gorzowskiego-sierpnia-rozpoczete\/"]}]},{"@type":"ImageObject","inLanguage":"pl-PL","@id":"https:\/\/gorzow.news\/index.php\/2022\/08\/30\/obchody-gorzowskiego-sierpnia-rozpoczete\/#primaryimage","url":"https:\/\/gorzow.news\/wp-content\/uploads\/2022\/08\/fotob-4635.jpg","contentUrl":"https:\/\/gorzow.news\/wp-content\/uploads\/2022\/08\/fotob-4635.jpg","width":1500,"height":1000,"caption":"fot. \u0141ukasz Kulczy\u0144ski"},{"@type":"BreadcrumbList","@id":"https:\/\/gorzow.news\/index.php\/2022\/08\/30\/obchody-gorzowskiego-sierpnia-rozpoczete\/#breadcrumb","itemListElement":[{"@type":"ListItem","position":1,"name":"Home","item":"https:\/\/gorzow.news\/"},{"@type":"ListItem","position":2,"name":"Obchody Gorzowskiego Sierpnia rozpocz\u0119te"}]},{"@type":"WebSite","@id":"https:\/\/gorzow.news\/#website","url":"https:\/\/gorzow.news\/","name":"Gorz\u00f3w News","description":"Sp\u00f3jrz inaczej na miato i region...","potentialAction":[{"@type":"SearchAction","target":{"@type":"EntryPoint","urlTemplate":"https:\/\/gorzow.news\/?s={search_term_string}"},"query-input":{"@type":"PropertyValueSpecification","valueRequired":true,"valueName":"search_term_string"}}],"inLanguage":"pl-PL"},{"@type":"Person","@id":"https:\/\/gorzow.news\/#\/schema\/person\/a1e5ab43166369f2ce236a1cd90995bb","name":"maciej","image":{"@type":"ImageObject","inLanguage":"pl-PL","@id":"https:\/\/secure.gravatar.com\/avatar\/530a674d56ba60cfa0ef21d74e8e8d123a51bb7aa6580465b5c2ab2c2e980a19?s=96&r=g&d=https:\/\/gorzow.news\/wp-content\/plugins\/userswp\/assets\/images\/no_profile.png","url":"https:\/\/secure.gravatar.com\/avatar\/530a674d56ba60cfa0ef21d74e8e8d123a51bb7aa6580465b5c2ab2c2e980a19?s=96&r=g&d=https:\/\/gorzow.news\/wp-content\/plugins\/userswp\/assets\/images\/no_profile.png","contentUrl":"https:\/\/secure.gravatar.com\/avatar\/530a674d56ba60cfa0ef21d74e8e8d123a51bb7aa6580465b5c2ab2c2e980a19?s=96&r=g&d=https:\/\/gorzow.news\/wp-content\/plugins\/userswp\/assets\/images\/no_profile.png","caption":"maciej"},"url":"https:\/\/gorzow.news\/index.php\/profile\/maciej\/"}]}},"_links":{"self":[{"href":"https:\/\/gorzow.news\/index.php\/wp-json\/wp\/v2\/posts\/9287","targetHints":{"allow":["GET"]}}],"collection":[{"href":"https:\/\/gorzow.news\/index.php\/wp-json\/wp\/v2\/posts"}],"about":[{"href":"https:\/\/gorzow.news\/index.php\/wp-json\/wp\/v2\/types\/post"}],"author":[{"embeddable":true,"href":"https:\/\/gorzow.news\/index.php\/wp-json\/wp\/v2\/users\/1"}],"replies":[{"embeddable":true,"href":"https:\/\/gorzow.news\/index.php\/wp-json\/wp\/v2\/comments?post=9287"}],"version-history":[{"count":0,"href":"https:\/\/gorzow.news\/index.php\/wp-json\/wp\/v2\/posts\/9287\/revisions"}],"wp:featuredmedia":[{"embeddable":true,"href":"https:\/\/gorzow.news\/index.php\/wp-json\/wp\/v2\/media\/9293"}],"wp:attachment":[{"href":"https:\/\/gorzow.news\/index.php\/wp-json\/wp\/v2\/media?parent=9287"}],"wp:term":[{"taxonomy":"category","embeddable":true,"href":"https:\/\/gorzow.news\/index.php\/wp-json\/wp\/v2\/categories?post=9287"},{"taxonomy":"post_tag","embeddable":true,"href":"https:\/\/gorzow.news\/index.php\/wp-json\/wp\/v2\/tags?post=9287"}],"curies":[{"name":"wp","href":"https:\/\/api.w.org\/{rel}","templated":true}]}}