{"id":9262,"date":"2022-08-29T14:13:02","date_gmt":"2022-08-29T12:13:02","guid":{"rendered":"https:\/\/gorzow.news\/?p=9262"},"modified":"2022-08-29T14:14:00","modified_gmt":"2022-08-29T12:14:00","slug":"przy-pilsudskiego-teren-po-bylych-ogrodkach-dzialkowych-zostanie-zagospodarowany-zdjecia","status":"publish","type":"post","link":"https:\/\/gorzow.news\/index.php\/2022\/08\/29\/przy-pilsudskiego-teren-po-bylych-ogrodkach-dzialkowych-zostanie-zagospodarowany-zdjecia\/","title":{"rendered":"Przy Pi\u0142sudskiego teren po by\u0142ych ogr\u00f3dkach dzia\u0142kowych zostanie zagospodarowany? (zdj\u0119cia)"},"content":{"rendered":"\n<p><strong>Ju\u017c w \u015brod\u0119 podczas sesji Rady Miasta, radni b\u0119d\u0105 g\u0142osowa\u0107 nad podj\u0119ciem uchwa\u0142y w sprawie uchwalenia miejscowego planu zagospodarowania przestrzennego miasta Gorzowa dla obszaru po\u0142o\u017conego pomi\u0119dzy ul. Pi\u0142sudskiego, ul. Czere\u015bniow\u0105, ul. Walczaka i Parkiem Kopernika. Jest du\u017ca szans, \u017ce po przyj\u0119ciu uchwa\u0142y cz\u0119\u015b\u0107 zdegradowanych teren\u00f3w w tej okolicy zostanie wreszcie uporz\u0105dkowana. Jednym z nich jest dzia\u0142ka przy ul. Pi\u0142sudskiego, na kt\u00f3rej jeszcze kilka lat temu mie\u015bci\u0142y si\u0119 ogr\u00f3dki dzia\u0142kowe. P\u00f3\u017aniej teren zosta\u0142 ogrodzony i organizowane by\u0142y tu zawody w paintball. Obecnie nic tu si\u0119 nie dzieje.<\/strong><\/p>\n\n\n\n<p>Jakie zmiany wprowadzi\u0107 ma uchwa\u0142a Rady Miasta? Przy ul. Pi\u0142sudskiego mi\u0119dzy stacj\u0105 benzynow\u0105 Circle K, a parkiem Kopernika dwie dzia\u0142ki o nr 878\/5 i 878\/3 o powierzchni odpowiednio 4.051 mkw. i 4.422 mkw. maj\u0105 zmieni\u0107 przeznaczenie z terenu zieleni urz\u0105dzonej na tereny zabudowy mieszkaniowej wielorodzinnej z dopuszczeniem zabudowy us\u0142ugowej. To w\u0142a\u015bnie na jednej z tych dzia\u0142ek mie\u015bci\u0142y si\u0119 wspomniane wy\u017cej ogr\u00f3dki dzia\u0142kowe. Dzi\u015b ten teren nie jest zagospodarowany. Po zmianach b\u0119dzie mo\u017cna w tym miejscu wybudowa\u0107 budynki mieszkalne wielorodzinne z us\u0142ugami w parterze. Zabudowa nie b\u0119dzie mog\u0142a jednak przekracza\u0107 30 procent powierzchni dzia\u0142ki. Wysoko\u015b\u0107 budynk\u00f3w b\u0119dzie musia\u0142a wynosi\u0107 minimalnie 11 m, a maksymalnie 18 m. Dachy budynk\u00f3w b\u0119d\u0105 musia\u0142y by\u0107 p\u0142askie. Dojazd do ewentualnych budynk\u00f3w zaplanowany jest istniej\u0105cym ju\u017c zjazdem z ul. Pi\u0142sudskiego.<\/p>\n\n\n\n<figure class=\"wp-block-image size-large\"><img loading=\"lazy\" decoding=\"async\" width=\"1024\" height=\"512\" src=\"https:\/\/gorzow.news\/wp-content\/uploads\/2022\/08\/pilsudskiego-1024x512.jpg\" alt=\"\" class=\"wp-image-9274\" srcset=\"https:\/\/gorzow.news\/wp-content\/uploads\/2022\/08\/pilsudskiego-1024x512.jpg 1024w, https:\/\/gorzow.news\/wp-content\/uploads\/2022\/08\/pilsudskiego-300x150.jpg 300w, https:\/\/gorzow.news\/wp-content\/uploads\/2022\/08\/pilsudskiego-768x384.jpg 768w, https:\/\/gorzow.news\/wp-content\/uploads\/2022\/08\/pilsudskiego-696x348.jpg 696w, https:\/\/gorzow.news\/wp-content\/uploads\/2022\/08\/pilsudskiego-1068x534.jpg 1068w, https:\/\/gorzow.news\/wp-content\/uploads\/2022\/08\/pilsudskiego.jpg 1132w\" sizes=\"auto, (max-width: 1024px) 100vw, 1024px\" \/><\/figure>\n\n\n\n<p><strong>Co jeszcze si\u0119 zmieni?<\/strong><\/p>\n\n\n\n<p>Zmianie ulegnie r\u00f3wnie\u017c przeznaczenie dzia\u0142ki nr 873\/1 o powierzchni 4.149 mkw. zlokalizowanej mi\u0119dzy parkiem Kopernika, a kortami tenisowymi i hal\u0105 sportow\u0105 przy ul. Czere\u015bniowej. Dzia\u0142ka pokryta asfaltem przeznaczona by\u0142a do tej pory na cele us\u0142ug sportu i rekreacji. Miejsce od lat nie jest u\u017cytkowany. Nowy plan zagospodarowania przestrzennego dla tego terenu umo\u017cliwi postawienie tutaj budynku mieszkalnego wielorodzinnego na tych samych zasadach, co na dzia\u0142kach przy ul. Pi\u0142sudskiego. Dojazd do dzia\u0142ki zapewniony zosta\u0142 drog\u0105 wewn\u0119trzn\u0105 przy budynku przy ul. Czere\u015bniowej 2A-L.<\/p>\n\n\n\n<figure class=\"wp-block-image size-large\"><img loading=\"lazy\" decoding=\"async\" width=\"1024\" height=\"512\" src=\"https:\/\/gorzow.news\/wp-content\/uploads\/2022\/08\/dzialka-kolo-kort-1024x512.jpg\" alt=\"\" class=\"wp-image-9264\" srcset=\"https:\/\/gorzow.news\/wp-content\/uploads\/2022\/08\/dzialka-kolo-kort-1024x512.jpg 1024w, https:\/\/gorzow.news\/wp-content\/uploads\/2022\/08\/dzialka-kolo-kort-300x150.jpg 300w, https:\/\/gorzow.news\/wp-content\/uploads\/2022\/08\/dzialka-kolo-kort-768x384.jpg 768w, https:\/\/gorzow.news\/wp-content\/uploads\/2022\/08\/dzialka-kolo-kort-696x348.jpg 696w, https:\/\/gorzow.news\/wp-content\/uploads\/2022\/08\/dzialka-kolo-kort-1068x534.jpg 1068w, https:\/\/gorzow.news\/wp-content\/uploads\/2022\/08\/dzialka-kolo-kort.jpg 1134w\" sizes=\"auto, (max-width: 1024px) 100vw, 1024px\" \/><\/figure>\n\n\n\n<p>Zmian w przeznaczeniu doczekaj\u0105 si\u0119 r\u00f3wnie\u017c dwie inne dzia\u0142ki. Pierwsza zadrzewiona o numerze 881\/1 znajduj\u0105ca si\u0119 mi\u0119dzy parkiem Kopernika a boiskami Zespo\u0142u Szk\u00f3\u0142 Technicznych i Og\u00f3lnokszta\u0142c\u0105cych przy ul. Czere\u015bniowej stanie si\u0119 terenem zieleni urz\u0105dzonej. I cz\u0119\u015bciowo druga o numerze 874\/2, gdzie znajduje si\u0119 blok przy ul. Czere\u015bniowej 2A-L. Tu dla terenu mi\u0119dzy wspomnianym budynkiem wielorodzinnym a parkiem Kopernika ustalono stref\u0119 zieleni osiedlowej.<\/p>\n\n\n\n<p><strong>Przeczytaj te\u017c:<\/strong><br>&#8211; <a href=\"https:\/\/gorzow.news\/index.php\/2022\/08\/29\/osiedle-slowianskie-rosnie-w-oczach\/\">Osiedle S\u0142owia\u0144skie ro\u015bnie w oczach<\/a><br>&#8211; <a href=\"https:\/\/gorzow.news\/index.php\/2022\/08\/25\/trwa-montaz-oswietlenia-w-polnocnej-czesci-parku-kopernika-zdjecia\/\">Trwa monta\u017c o\u015bwietlenia w p\u00f3\u0142nocnej cz\u0119\u015bci parku Kopernika (zdj\u0119cia)<\/a><br>&#8211; <a href=\"https:\/\/gorzow.news\/index.php\/2022\/08\/18\/osiedle-sady-mieszkancy-chca-wielofunkcyjnego-boiska-obawiaja-sie-ze-sm-gorczyn-wybuduje-budynek-zdjecia\/\">Osiedle Sady: Mieszka\u0144cy chc\u0105 wielofunkcyjnego boiska. Obawiaj\u0105 si\u0119, \u017ce SM G\u00f3rczyn wybuduje budynek\u2026 (zdj\u0119cia)<\/a><\/p>\n\n\n\r\n                <style type=\"text\/css\">\r\n                    \r\n                    #tdi_1  .td-doubleSlider-2 .td-item1 {\r\n                        background: url(https:\/\/gorzow.news\/wp-content\/uploads\/2022\/08\/IMG_20220826_124120_1.jpg) 0 0 no-repeat;\r\n                    }\r\n                    #tdi_1  .td-doubleSlider-2 .td-item2 {\r\n                        background: url(https:\/\/gorzow.news\/wp-content\/uploads\/2022\/08\/IMG_20220826_124029.jpg) 0 0 no-repeat;\r\n                    }\r\n                    #tdi_1  .td-doubleSlider-2 .td-item3 {\r\n                        background: url(https:\/\/gorzow.news\/wp-content\/uploads\/2022\/08\/IMG_20220826_124012.jpg) 0 0 no-repeat;\r\n                    }\r\n                    #tdi_1  .td-doubleSlider-2 .td-item4 {\r\n                        background: url(https:\/\/gorzow.news\/wp-content\/uploads\/2022\/08\/IMG_20220826_123924_1.jpg) 0 0 no-repeat;\r\n                    }\r\n                    #tdi_1  .td-doubleSlider-2 .td-item5 {\r\n                        background: url(https:\/\/gorzow.news\/wp-content\/uploads\/2022\/08\/IMG_20220826_123919.jpg) 0 0 no-repeat;\r\n                    }\r\n                    #tdi_1  .td-doubleSlider-2 .td-item6 {\r\n                        background: url(https:\/\/gorzow.news\/wp-content\/uploads\/2022\/08\/IMG_20220826_123853_1.jpg) 0 0 no-repeat;\r\n                    }\r\n                    #tdi_1  .td-doubleSlider-2 .td-item7 {\r\n                        background: url(https:\/\/gorzow.news\/wp-content\/uploads\/2022\/08\/IMG_20220826_123840.jpg) 0 0 no-repeat;\r\n                    }\r\n                    #tdi_1  .td-doubleSlider-2 .td-item8 {\r\n                        background: url(https:\/\/gorzow.news\/wp-content\/uploads\/2022\/08\/IMG_20220826_123805_1-1.jpg) 0 0 no-repeat;\r\n                    }\r\n                    #tdi_1  .td-doubleSlider-2 .td-item9 {\r\n                        background: url(https:\/\/gorzow.news\/wp-content\/uploads\/2022\/08\/IMG_20220826_123723.jpg) 0 0 no-repeat;\r\n                    }\r\n                <\/style>\r\n\r\n                <div id=\"tdi_1\" class=\"td-gallery td-slide-on-2-columns\">\r\n                    <div class=\"post_td_gallery\">\r\n                        <div class=\"td-gallery-slide-top\">\r\n                           <div class=\"td-gallery-title\">Dzia\u0142ki przy ul. Pi\u0142sudskiego<\/div>\r\n\r\n                            <div class=\"td-gallery-controls-wrapper\">\r\n                                <div class=\"td-gallery-slide-count\"><span class=\"td-gallery-slide-item-focus\">1<\/span> z 9<\/div>\r\n                                <div class=\"td-gallery-slide-prev-next-but\">\r\n                                    <i class = \"td-icon-left doubleSliderPrevButton\"><\/i>\r\n                                    <i class = \"td-icon-right doubleSliderNextButton\"><\/i>\r\n                                <\/div>\r\n                            <\/div>\r\n                        <\/div>\r\n\r\n                        <div class = \"td-doubleSlider-1 \">\r\n                            <div class = \"td-slider\">\r\n                                \r\n                    <div class = \"td-slide-item td-item1\">\r\n                        <figure class=\"td-slide-galery-figure td-slide-popup-gallery\">\r\n                            <a class=\"slide-gallery-image-link\" href=\"https:\/\/gorzow.news\/wp-content\/uploads\/2022\/08\/IMG_20220826_124120_1.jpg\" title=\"\"  data-caption=\"\"  data-description=\"\">\r\n                                <img decoding=\"async\" src=\"https:\/\/gorzow.news\/wp-content\/uploads\/2022\/08\/IMG_20220826_124120_1.jpg\" srcset=\"https:\/\/gorzow.news\/wp-content\/uploads\/2022\/08\/IMG_20220826_124120_1.jpg 1600w, https:\/\/gorzow.news\/wp-content\/uploads\/2022\/08\/IMG_20220826_124120_1-300x142.jpg 300w, https:\/\/gorzow.news\/wp-content\/uploads\/2022\/08\/IMG_20220826_124120_1-1024x484.jpg 1024w, https:\/\/gorzow.news\/wp-content\/uploads\/2022\/08\/IMG_20220826_124120_1-768x363.jpg 768w, https:\/\/gorzow.news\/wp-content\/uploads\/2022\/08\/IMG_20220826_124120_1-1536x727.jpg 1536w, https:\/\/gorzow.news\/wp-content\/uploads\/2022\/08\/IMG_20220826_124120_1-696x329.jpg 696w, https:\/\/gorzow.news\/wp-content\/uploads\/2022\/08\/IMG_20220826_124120_1-1068x505.jpg 1068w\" sizes=\"(max-width: 1600px) 100vw, 1600px\" alt=\"\">\r\n                            <\/a>\r\n                            \r\n                        <\/figure>\r\n                    <\/div>\r\n                    <div class = \"td-slide-item td-item2\">\r\n                        <figure class=\"td-slide-galery-figure td-slide-popup-gallery\">\r\n                            <a class=\"slide-gallery-image-link\" href=\"https:\/\/gorzow.news\/wp-content\/uploads\/2022\/08\/IMG_20220826_124029.jpg\" title=\"\"  data-caption=\"\"  data-description=\"\">\r\n                                <img decoding=\"async\" src=\"https:\/\/gorzow.news\/wp-content\/uploads\/2022\/08\/IMG_20220826_124029.jpg\" srcset=\"https:\/\/gorzow.news\/wp-content\/uploads\/2022\/08\/IMG_20220826_124029.jpg 1600w, https:\/\/gorzow.news\/wp-content\/uploads\/2022\/08\/IMG_20220826_124029-300x142.jpg 300w, https:\/\/gorzow.news\/wp-content\/uploads\/2022\/08\/IMG_20220826_124029-1024x484.jpg 1024w, https:\/\/gorzow.news\/wp-content\/uploads\/2022\/08\/IMG_20220826_124029-768x363.jpg 768w, https:\/\/gorzow.news\/wp-content\/uploads\/2022\/08\/IMG_20220826_124029-1536x727.jpg 1536w, https:\/\/gorzow.news\/wp-content\/uploads\/2022\/08\/IMG_20220826_124029-696x329.jpg 696w, https:\/\/gorzow.news\/wp-content\/uploads\/2022\/08\/IMG_20220826_124029-1068x505.jpg 1068w\" sizes=\"(max-width: 1600px) 100vw, 1600px\" alt=\"\">\r\n                            <\/a>\r\n                            \r\n                        <\/figure>\r\n                    <\/div>\r\n                    <div class = \"td-slide-item td-item3\">\r\n                        <figure class=\"td-slide-galery-figure td-slide-popup-gallery\">\r\n                            <a class=\"slide-gallery-image-link\" href=\"https:\/\/gorzow.news\/wp-content\/uploads\/2022\/08\/IMG_20220826_124012.jpg\" title=\"\"  data-caption=\"\"  data-description=\"\">\r\n                                <img decoding=\"async\" src=\"https:\/\/gorzow.news\/wp-content\/uploads\/2022\/08\/IMG_20220826_124012.jpg\" srcset=\"https:\/\/gorzow.news\/wp-content\/uploads\/2022\/08\/IMG_20220826_124012.jpg 1600w, https:\/\/gorzow.news\/wp-content\/uploads\/2022\/08\/IMG_20220826_124012-300x142.jpg 300w, https:\/\/gorzow.news\/wp-content\/uploads\/2022\/08\/IMG_20220826_124012-1024x484.jpg 1024w, https:\/\/gorzow.news\/wp-content\/uploads\/2022\/08\/IMG_20220826_124012-768x363.jpg 768w, https:\/\/gorzow.news\/wp-content\/uploads\/2022\/08\/IMG_20220826_124012-1536x727.jpg 1536w, https:\/\/gorzow.news\/wp-content\/uploads\/2022\/08\/IMG_20220826_124012-696x329.jpg 696w, https:\/\/gorzow.news\/wp-content\/uploads\/2022\/08\/IMG_20220826_124012-1068x505.jpg 1068w\" sizes=\"(max-width: 1600px) 100vw, 1600px\" alt=\"\">\r\n                            <\/a>\r\n                            \r\n                        <\/figure>\r\n                    <\/div>\r\n                    <div class = \"td-slide-item td-item4\">\r\n                        <figure class=\"td-slide-galery-figure td-slide-popup-gallery\">\r\n                            <a class=\"slide-gallery-image-link\" href=\"https:\/\/gorzow.news\/wp-content\/uploads\/2022\/08\/IMG_20220826_123924_1.jpg\" title=\"\"  data-caption=\"\"  data-description=\"\">\r\n                                <img decoding=\"async\" src=\"https:\/\/gorzow.news\/wp-content\/uploads\/2022\/08\/IMG_20220826_123924_1.jpg\" srcset=\"https:\/\/gorzow.news\/wp-content\/uploads\/2022\/08\/IMG_20220826_123924_1.jpg 1600w, https:\/\/gorzow.news\/wp-content\/uploads\/2022\/08\/IMG_20220826_123924_1-300x142.jpg 300w, https:\/\/gorzow.news\/wp-content\/uploads\/2022\/08\/IMG_20220826_123924_1-1024x484.jpg 1024w, https:\/\/gorzow.news\/wp-content\/uploads\/2022\/08\/IMG_20220826_123924_1-768x363.jpg 768w, https:\/\/gorzow.news\/wp-content\/uploads\/2022\/08\/IMG_20220826_123924_1-1536x727.jpg 1536w, https:\/\/gorzow.news\/wp-content\/uploads\/2022\/08\/IMG_20220826_123924_1-696x329.jpg 696w, https:\/\/gorzow.news\/wp-content\/uploads\/2022\/08\/IMG_20220826_123924_1-1068x505.jpg 1068w\" sizes=\"(max-width: 1600px) 100vw, 1600px\" alt=\"\">\r\n                            <\/a>\r\n                            \r\n                        <\/figure>\r\n                    <\/div>\r\n                    <div class = \"td-slide-item td-item5\">\r\n                        <figure class=\"td-slide-galery-figure td-slide-popup-gallery\">\r\n                            <a class=\"slide-gallery-image-link\" href=\"https:\/\/gorzow.news\/wp-content\/uploads\/2022\/08\/IMG_20220826_123919.jpg\" title=\"\"  data-caption=\"\"  data-description=\"\">\r\n                                <img decoding=\"async\" src=\"https:\/\/gorzow.news\/wp-content\/uploads\/2022\/08\/IMG_20220826_123919.jpg\" srcset=\"https:\/\/gorzow.news\/wp-content\/uploads\/2022\/08\/IMG_20220826_123919.jpg 1600w, https:\/\/gorzow.news\/wp-content\/uploads\/2022\/08\/IMG_20220826_123919-300x142.jpg 300w, https:\/\/gorzow.news\/wp-content\/uploads\/2022\/08\/IMG_20220826_123919-1024x484.jpg 1024w, https:\/\/gorzow.news\/wp-content\/uploads\/2022\/08\/IMG_20220826_123919-768x363.jpg 768w, https:\/\/gorzow.news\/wp-content\/uploads\/2022\/08\/IMG_20220826_123919-1536x727.jpg 1536w, https:\/\/gorzow.news\/wp-content\/uploads\/2022\/08\/IMG_20220826_123919-696x329.jpg 696w, https:\/\/gorzow.news\/wp-content\/uploads\/2022\/08\/IMG_20220826_123919-1068x505.jpg 1068w\" sizes=\"(max-width: 1600px) 100vw, 1600px\" alt=\"\">\r\n                            <\/a>\r\n                            \r\n                        <\/figure>\r\n                    <\/div>\r\n                    <div class = \"td-slide-item td-item6\">\r\n                        <figure class=\"td-slide-galery-figure td-slide-popup-gallery\">\r\n                            <a class=\"slide-gallery-image-link\" href=\"https:\/\/gorzow.news\/wp-content\/uploads\/2022\/08\/IMG_20220826_123853_1.jpg\" title=\"\"  data-caption=\"\"  data-description=\"\">\r\n                                <img decoding=\"async\" src=\"https:\/\/gorzow.news\/wp-content\/uploads\/2022\/08\/IMG_20220826_123853_1.jpg\" srcset=\"https:\/\/gorzow.news\/wp-content\/uploads\/2022\/08\/IMG_20220826_123853_1.jpg 1600w, https:\/\/gorzow.news\/wp-content\/uploads\/2022\/08\/IMG_20220826_123853_1-300x142.jpg 300w, https:\/\/gorzow.news\/wp-content\/uploads\/2022\/08\/IMG_20220826_123853_1-1024x484.jpg 1024w, https:\/\/gorzow.news\/wp-content\/uploads\/2022\/08\/IMG_20220826_123853_1-768x363.jpg 768w, https:\/\/gorzow.news\/wp-content\/uploads\/2022\/08\/IMG_20220826_123853_1-1536x727.jpg 1536w, https:\/\/gorzow.news\/wp-content\/uploads\/2022\/08\/IMG_20220826_123853_1-696x329.jpg 696w, https:\/\/gorzow.news\/wp-content\/uploads\/2022\/08\/IMG_20220826_123853_1-1068x505.jpg 1068w\" sizes=\"(max-width: 1600px) 100vw, 1600px\" alt=\"\">\r\n                            <\/a>\r\n                            \r\n                        <\/figure>\r\n                    <\/div>\r\n                    <div class = \"td-slide-item td-item7\">\r\n                        <figure class=\"td-slide-galery-figure td-slide-popup-gallery\">\r\n                            <a class=\"slide-gallery-image-link\" href=\"https:\/\/gorzow.news\/wp-content\/uploads\/2022\/08\/IMG_20220826_123840.jpg\" title=\"\"  data-caption=\"\"  data-description=\"\">\r\n                                <img decoding=\"async\" src=\"https:\/\/gorzow.news\/wp-content\/uploads\/2022\/08\/IMG_20220826_123840.jpg\" srcset=\"https:\/\/gorzow.news\/wp-content\/uploads\/2022\/08\/IMG_20220826_123840.jpg 1600w, https:\/\/gorzow.news\/wp-content\/uploads\/2022\/08\/IMG_20220826_123840-300x142.jpg 300w, https:\/\/gorzow.news\/wp-content\/uploads\/2022\/08\/IMG_20220826_123840-1024x484.jpg 1024w, https:\/\/gorzow.news\/wp-content\/uploads\/2022\/08\/IMG_20220826_123840-768x363.jpg 768w, https:\/\/gorzow.news\/wp-content\/uploads\/2022\/08\/IMG_20220826_123840-1536x727.jpg 1536w, https:\/\/gorzow.news\/wp-content\/uploads\/2022\/08\/IMG_20220826_123840-696x329.jpg 696w, https:\/\/gorzow.news\/wp-content\/uploads\/2022\/08\/IMG_20220826_123840-1068x505.jpg 1068w\" sizes=\"(max-width: 1600px) 100vw, 1600px\" alt=\"\">\r\n                            <\/a>\r\n                            \r\n                        <\/figure>\r\n                    <\/div>\r\n                    <div class = \"td-slide-item td-item8\">\r\n                        <figure class=\"td-slide-galery-figure td-slide-popup-gallery\">\r\n                            <a class=\"slide-gallery-image-link\" href=\"https:\/\/gorzow.news\/wp-content\/uploads\/2022\/08\/IMG_20220826_123805_1-1.jpg\" title=\"\"  data-caption=\"\"  data-description=\"\">\r\n                                <img decoding=\"async\" src=\"https:\/\/gorzow.news\/wp-content\/uploads\/2022\/08\/IMG_20220826_123805_1-1.jpg\" srcset=\"https:\/\/gorzow.news\/wp-content\/uploads\/2022\/08\/IMG_20220826_123805_1-1.jpg 1600w, https:\/\/gorzow.news\/wp-content\/uploads\/2022\/08\/IMG_20220826_123805_1-1-300x142.jpg 300w, https:\/\/gorzow.news\/wp-content\/uploads\/2022\/08\/IMG_20220826_123805_1-1-1024x484.jpg 1024w, https:\/\/gorzow.news\/wp-content\/uploads\/2022\/08\/IMG_20220826_123805_1-1-768x363.jpg 768w, https:\/\/gorzow.news\/wp-content\/uploads\/2022\/08\/IMG_20220826_123805_1-1-1536x727.jpg 1536w, https:\/\/gorzow.news\/wp-content\/uploads\/2022\/08\/IMG_20220826_123805_1-1-696x329.jpg 696w, https:\/\/gorzow.news\/wp-content\/uploads\/2022\/08\/IMG_20220826_123805_1-1-1068x505.jpg 1068w\" sizes=\"(max-width: 1600px) 100vw, 1600px\" alt=\"\">\r\n                            <\/a>\r\n                            \r\n                        <\/figure>\r\n                    <\/div>\r\n                    <div class = \"td-slide-item td-item9\">\r\n                        <figure class=\"td-slide-galery-figure td-slide-popup-gallery\">\r\n                            <a class=\"slide-gallery-image-link\" href=\"https:\/\/gorzow.news\/wp-content\/uploads\/2022\/08\/IMG_20220826_123723.jpg\" title=\"\"  data-caption=\"\"  data-description=\"\">\r\n                                <img decoding=\"async\" src=\"https:\/\/gorzow.news\/wp-content\/uploads\/2022\/08\/IMG_20220826_123723.jpg\" srcset=\"https:\/\/gorzow.news\/wp-content\/uploads\/2022\/08\/IMG_20220826_123723.jpg 1600w, https:\/\/gorzow.news\/wp-content\/uploads\/2022\/08\/IMG_20220826_123723-300x142.jpg 300w, https:\/\/gorzow.news\/wp-content\/uploads\/2022\/08\/IMG_20220826_123723-1024x484.jpg 1024w, https:\/\/gorzow.news\/wp-content\/uploads\/2022\/08\/IMG_20220826_123723-768x363.jpg 768w, https:\/\/gorzow.news\/wp-content\/uploads\/2022\/08\/IMG_20220826_123723-1536x727.jpg 1536w, https:\/\/gorzow.news\/wp-content\/uploads\/2022\/08\/IMG_20220826_123723-696x329.jpg 696w, https:\/\/gorzow.news\/wp-content\/uploads\/2022\/08\/IMG_20220826_123723-1068x505.jpg 1068w\" sizes=\"(max-width: 1600px) 100vw, 1600px\" alt=\"\">\r\n                            <\/a>\r\n                            \r\n                        <\/figure>\r\n                    <\/div>\r\n                            <\/div>\r\n                        <\/div>\r\n\r\n                        <div class = \"td-doubleSlider-2\">\r\n                            <div class = \"td-slider\">\r\n                                \r\n                    <div class = \"td-button td-item1\">\r\n                        <div class = \"td-border\"><\/div>\r\n                    <\/div>\r\n                    <div class = \"td-button td-item2\">\r\n                        <div class = \"td-border\"><\/div>\r\n                    <\/div>\r\n                    <div class = \"td-button td-item3\">\r\n                        <div class = \"td-border\"><\/div>\r\n                    <\/div>\r\n                    <div class = \"td-button td-item4\">\r\n                        <div class = \"td-border\"><\/div>\r\n                    <\/div>\r\n                    <div class = \"td-button td-item5\">\r\n                        <div class = \"td-border\"><\/div>\r\n                    <\/div>\r\n                    <div class = \"td-button td-item6\">\r\n                        <div class = \"td-border\"><\/div>\r\n                    <\/div>\r\n                    <div class = \"td-button td-item7\">\r\n                        <div class = \"td-border\"><\/div>\r\n                    <\/div>\r\n                    <div class = \"td-button td-item8\">\r\n                        <div class = \"td-border\"><\/div>\r\n                    <\/div>\r\n                    <div class = \"td-button td-item9\">\r\n                        <div class = \"td-border\"><\/div>\r\n                    <\/div>\r\n                            <\/div>\r\n                        <\/div>\r\n\r\n                    <\/div>\r\n\r\n                <\/div>\r\n                ","protected":false},"excerpt":{"rendered":"<p>Ju\u017c w \u015brod\u0119 podczas sesji Rady Miasta, radni b\u0119d\u0105 g\u0142osowa\u0107 nad podj\u0119ciem uchwa\u0142y w sprawie uchwalenia miejscowego planu zagospodarowania przestrzennego miasta Gorzowa dla obszaru po\u0142o\u017conego pomi\u0119dzy ul. Pi\u0142sudskiego, ul. Czere\u015bniow\u0105, ul. Walczaka i Parkiem Kopernika. Jest du\u017ca szans, \u017ce po przyj\u0119ciu uchwa\u0142y cz\u0119\u015b\u0107 zdegradowanych teren\u00f3w w tej okolicy zostanie wreszcie uporz\u0105dkowana. Jednym z nich jest dzia\u0142ka przy ul. Pi\u0142sudskiego, na kt\u00f3rej jeszcze kilka lat temu mie\u015bci\u0142y si\u0119 ogr\u00f3dki dzia\u0142kowe. P\u00f3\u017aniej teren zosta\u0142 ogrodzony i organizowane by\u0142y tu zawody w paintball. Obecnie nic tu si\u0119 nie dzieje.<\/p>\n","protected":false},"author":1,"featured_media":9263,"comment_status":"open","ping_status":"open","sticky":false,"template":"","format":"standard","meta":{"footnotes":"","_links_to":"","_links_to_target":""},"categories":[597,589],"tags":[407,118,73,60],"class_list":{"0":"post-9262","1":"post","2":"type-post","3":"status-publish","4":"format-standard","5":"has-post-thumbnail","7":"category-fakty-opinie","8":"category-wiadomosci","9":"tag-czeresniowa","10":"tag-park-kopernika","11":"tag-pilsudskiego","12":"tag-walczaka"},"yoast_head":"<!-- This site is optimized with the Yoast SEO plugin v27.3 - https:\/\/yoast.com\/product\/yoast-seo-wordpress\/ -->\n<title>Przy Pi\u0142sudskiego teren po by\u0142ych ogr\u00f3dkach dzia\u0142kowych zostanie zagospodarowany? (zdj\u0119cia) - Gorz\u00f3w News<\/title>\n<meta name=\"description\" content=\"Ju\u017c w \u015brod\u0119 podczas sesji Rady Miasta, radni b\u0119d\u0105 g\u0142osowa\u0107 nad podj\u0119ciem uchwa\u0142y w sprawie uchwalenia miejscowego planu zagospodarowania prze\" \/>\n<meta name=\"robots\" content=\"index, follow, max-snippet:-1, max-image-preview:large, max-video-preview:-1\" \/>\n<link rel=\"canonical\" href=\"https:\/\/gorzow.news\/index.php\/2022\/08\/29\/przy-pilsudskiego-teren-po-bylych-ogrodkach-dzialkowych-zostanie-zagospodarowany-zdjecia\/\" \/>\n<meta property=\"og:locale\" content=\"pl_PL\" \/>\n<meta property=\"og:type\" content=\"article\" \/>\n<meta property=\"og:title\" content=\"Przy Pi\u0142sudskiego teren po by\u0142ych ogr\u00f3dkach dzia\u0142kowych zostanie zagospodarowany? (zdj\u0119cia) - Gorz\u00f3w News\" \/>\n<meta property=\"og:description\" content=\"Ju\u017c w \u015brod\u0119 podczas sesji Rady Miasta, radni b\u0119d\u0105 g\u0142osowa\u0107 nad podj\u0119ciem uchwa\u0142y w sprawie uchwalenia miejscowego planu zagospodarowania prze\" \/>\n<meta property=\"og:url\" content=\"https:\/\/gorzow.news\/index.php\/2022\/08\/29\/przy-pilsudskiego-teren-po-bylych-ogrodkach-dzialkowych-zostanie-zagospodarowany-zdjecia\/\" \/>\n<meta property=\"og:site_name\" content=\"Gorz\u00f3w News\" \/>\n<meta property=\"article:publisher\" content=\"https:\/\/www.facebook.com\/gorzowskinews\" \/>\n<meta property=\"article:published_time\" content=\"2022-08-29T12:13:02+00:00\" \/>\n<meta property=\"article:modified_time\" content=\"2022-08-29T12:14:00+00:00\" \/>\n<meta property=\"og:image\" content=\"https:\/\/gorzow.news\/wp-content\/uploads\/2022\/08\/IMG_20220826_123805_1.jpg\" \/>\n\t<meta property=\"og:image:width\" content=\"1600\" \/>\n\t<meta property=\"og:image:height\" content=\"757\" \/>\n\t<meta property=\"og:image:type\" content=\"image\/jpeg\" \/>\n<meta name=\"author\" content=\"maciej\" \/>\n<meta name=\"twitter:card\" content=\"summary_large_image\" \/>\n<meta name=\"twitter:label1\" content=\"Napisane przez\" \/>\n\t<meta name=\"twitter:data1\" content=\"maciej\" \/>\n\t<meta name=\"twitter:label2\" content=\"Szacowany czas czytania\" \/>\n\t<meta name=\"twitter:data2\" content=\"3 minuty\" \/>\n<script type=\"application\/ld+json\" class=\"yoast-schema-graph\">{\"@context\":\"https:\\\/\\\/schema.org\",\"@graph\":[{\"@type\":\"Article\",\"@id\":\"https:\\\/\\\/gorzow.news\\\/index.php\\\/2022\\\/08\\\/29\\\/przy-pilsudskiego-teren-po-bylych-ogrodkach-dzialkowych-zostanie-zagospodarowany-zdjecia\\\/#article\",\"isPartOf\":{\"@id\":\"https:\\\/\\\/gorzow.news\\\/index.php\\\/2022\\\/08\\\/29\\\/przy-pilsudskiego-teren-po-bylych-ogrodkach-dzialkowych-zostanie-zagospodarowany-zdjecia\\\/\"},\"author\":{\"name\":\"maciej\",\"@id\":\"https:\\\/\\\/gorzow.news\\\/#\\\/schema\\\/person\\\/a1e5ab43166369f2ce236a1cd90995bb\"},\"headline\":\"Przy Pi\u0142sudskiego teren po by\u0142ych ogr\u00f3dkach dzia\u0142kowych zostanie zagospodarowany? (zdj\u0119cia)\",\"datePublished\":\"2022-08-29T12:13:02+00:00\",\"dateModified\":\"2022-08-29T12:14:00+00:00\",\"mainEntityOfPage\":{\"@id\":\"https:\\\/\\\/gorzow.news\\\/index.php\\\/2022\\\/08\\\/29\\\/przy-pilsudskiego-teren-po-bylych-ogrodkach-dzialkowych-zostanie-zagospodarowany-zdjecia\\\/\"},\"wordCount\":499,\"commentCount\":0,\"image\":{\"@id\":\"https:\\\/\\\/gorzow.news\\\/index.php\\\/2022\\\/08\\\/29\\\/przy-pilsudskiego-teren-po-bylych-ogrodkach-dzialkowych-zostanie-zagospodarowany-zdjecia\\\/#primaryimage\"},\"thumbnailUrl\":\"https:\\\/\\\/gorzow.news\\\/wp-content\\\/uploads\\\/2022\\\/08\\\/IMG_20220826_123805_1.jpg\",\"keywords\":[\"Czere\u015bniowa\",\"Park Kopernika\",\"Pi\u0142sudskiego\",\"Walczaka\"],\"articleSection\":[\"Fakty i opinie\",\"Wiadomo\u015bci\"],\"inLanguage\":\"pl-PL\",\"potentialAction\":[{\"@type\":\"CommentAction\",\"name\":\"Comment\",\"target\":[\"https:\\\/\\\/gorzow.news\\\/index.php\\\/2022\\\/08\\\/29\\\/przy-pilsudskiego-teren-po-bylych-ogrodkach-dzialkowych-zostanie-zagospodarowany-zdjecia\\\/#respond\"]}]},{\"@type\":\"WebPage\",\"@id\":\"https:\\\/\\\/gorzow.news\\\/index.php\\\/2022\\\/08\\\/29\\\/przy-pilsudskiego-teren-po-bylych-ogrodkach-dzialkowych-zostanie-zagospodarowany-zdjecia\\\/\",\"url\":\"https:\\\/\\\/gorzow.news\\\/index.php\\\/2022\\\/08\\\/29\\\/przy-pilsudskiego-teren-po-bylych-ogrodkach-dzialkowych-zostanie-zagospodarowany-zdjecia\\\/\",\"name\":\"Przy Pi\u0142sudskiego teren po by\u0142ych ogr\u00f3dkach dzia\u0142kowych zostanie zagospodarowany? (zdj\u0119cia) - Gorz\u00f3w News\",\"isPartOf\":{\"@id\":\"https:\\\/\\\/gorzow.news\\\/#website\"},\"primaryImageOfPage\":{\"@id\":\"https:\\\/\\\/gorzow.news\\\/index.php\\\/2022\\\/08\\\/29\\\/przy-pilsudskiego-teren-po-bylych-ogrodkach-dzialkowych-zostanie-zagospodarowany-zdjecia\\\/#primaryimage\"},\"image\":{\"@id\":\"https:\\\/\\\/gorzow.news\\\/index.php\\\/2022\\\/08\\\/29\\\/przy-pilsudskiego-teren-po-bylych-ogrodkach-dzialkowych-zostanie-zagospodarowany-zdjecia\\\/#primaryimage\"},\"thumbnailUrl\":\"https:\\\/\\\/gorzow.news\\\/wp-content\\\/uploads\\\/2022\\\/08\\\/IMG_20220826_123805_1.jpg\",\"datePublished\":\"2022-08-29T12:13:02+00:00\",\"dateModified\":\"2022-08-29T12:14:00+00:00\",\"author\":{\"@id\":\"https:\\\/\\\/gorzow.news\\\/#\\\/schema\\\/person\\\/a1e5ab43166369f2ce236a1cd90995bb\"},\"description\":\"Ju\u017c w \u015brod\u0119 podczas sesji Rady Miasta, radni b\u0119d\u0105 g\u0142osowa\u0107 nad podj\u0119ciem uchwa\u0142y w sprawie uchwalenia miejscowego planu zagospodarowania przestrzennego miasta Gorzowa dla obszaru po\u0142o\u017conego pomi\u0119dzy ul. Pi\u0142sudskiego, ul. Czere\u015bniow\u0105, ul. Walczaka i Parkiem Kopernika. Jest du\u017ca szans, \u017ce po przyj\u0119ciu uchwa\u0142y cz\u0119\u015b\u0107 zdegradowanych teren\u00f3w w tej okolicy zostanie wreszcie uporz\u0105dkowana. Jednym z nich jest dzia\u0142ka przy ul. Pi\u0142sudskiego, na kt\u00f3rej jeszcze kilka lat temu mie\u015bci\u0142y si\u0119 ogr\u00f3dki dzia\u0142kowe. P\u00f3\u017aniej teren zosta\u0142 ogrodzony i organizowane by\u0142y tu zawody w paintball. Obecnie nic tu si\u0119 nie dzieje.\",\"breadcrumb\":{\"@id\":\"https:\\\/\\\/gorzow.news\\\/index.php\\\/2022\\\/08\\\/29\\\/przy-pilsudskiego-teren-po-bylych-ogrodkach-dzialkowych-zostanie-zagospodarowany-zdjecia\\\/#breadcrumb\"},\"inLanguage\":\"pl-PL\",\"potentialAction\":[{\"@type\":\"ReadAction\",\"target\":[\"https:\\\/\\\/gorzow.news\\\/index.php\\\/2022\\\/08\\\/29\\\/przy-pilsudskiego-teren-po-bylych-ogrodkach-dzialkowych-zostanie-zagospodarowany-zdjecia\\\/\"]}]},{\"@type\":\"ImageObject\",\"inLanguage\":\"pl-PL\",\"@id\":\"https:\\\/\\\/gorzow.news\\\/index.php\\\/2022\\\/08\\\/29\\\/przy-pilsudskiego-teren-po-bylych-ogrodkach-dzialkowych-zostanie-zagospodarowany-zdjecia\\\/#primaryimage\",\"url\":\"https:\\\/\\\/gorzow.news\\\/wp-content\\\/uploads\\\/2022\\\/08\\\/IMG_20220826_123805_1.jpg\",\"contentUrl\":\"https:\\\/\\\/gorzow.news\\\/wp-content\\\/uploads\\\/2022\\\/08\\\/IMG_20220826_123805_1.jpg\",\"width\":1600,\"height\":757,\"caption\":\"Dzia\u0142ki przy ul. Pi\u0142sudskiego\"},{\"@type\":\"BreadcrumbList\",\"@id\":\"https:\\\/\\\/gorzow.news\\\/index.php\\\/2022\\\/08\\\/29\\\/przy-pilsudskiego-teren-po-bylych-ogrodkach-dzialkowych-zostanie-zagospodarowany-zdjecia\\\/#breadcrumb\",\"itemListElement\":[{\"@type\":\"ListItem\",\"position\":1,\"name\":\"Home\",\"item\":\"https:\\\/\\\/gorzow.news\\\/\"},{\"@type\":\"ListItem\",\"position\":2,\"name\":\"Przy Pi\u0142sudskiego teren po by\u0142ych ogr\u00f3dkach dzia\u0142kowych zostanie zagospodarowany? (zdj\u0119cia)\"}]},{\"@type\":\"WebSite\",\"@id\":\"https:\\\/\\\/gorzow.news\\\/#website\",\"url\":\"https:\\\/\\\/gorzow.news\\\/\",\"name\":\"Gorz\u00f3w News\",\"description\":\"Sp\u00f3jrz inaczej na miato i region...\",\"potentialAction\":[{\"@type\":\"SearchAction\",\"target\":{\"@type\":\"EntryPoint\",\"urlTemplate\":\"https:\\\/\\\/gorzow.news\\\/?s={search_term_string}\"},\"query-input\":{\"@type\":\"PropertyValueSpecification\",\"valueRequired\":true,\"valueName\":\"search_term_string\"}}],\"inLanguage\":\"pl-PL\"},{\"@type\":\"Person\",\"@id\":\"https:\\\/\\\/gorzow.news\\\/#\\\/schema\\\/person\\\/a1e5ab43166369f2ce236a1cd90995bb\",\"name\":\"maciej\",\"image\":{\"@type\":\"ImageObject\",\"inLanguage\":\"pl-PL\",\"@id\":\"https:\\\/\\\/secure.gravatar.com\\\/avatar\\\/530a674d56ba60cfa0ef21d74e8e8d123a51bb7aa6580465b5c2ab2c2e980a19?s=96&r=g&d=https:\\\/\\\/gorzow.news\\\/wp-content\\\/plugins\\\/userswp\\\/assets\\\/images\\\/no_profile.png\",\"url\":\"https:\\\/\\\/secure.gravatar.com\\\/avatar\\\/530a674d56ba60cfa0ef21d74e8e8d123a51bb7aa6580465b5c2ab2c2e980a19?s=96&r=g&d=https:\\\/\\\/gorzow.news\\\/wp-content\\\/plugins\\\/userswp\\\/assets\\\/images\\\/no_profile.png\",\"contentUrl\":\"https:\\\/\\\/secure.gravatar.com\\\/avatar\\\/530a674d56ba60cfa0ef21d74e8e8d123a51bb7aa6580465b5c2ab2c2e980a19?s=96&r=g&d=https:\\\/\\\/gorzow.news\\\/wp-content\\\/plugins\\\/userswp\\\/assets\\\/images\\\/no_profile.png\",\"caption\":\"maciej\"},\"url\":\"https:\\\/\\\/gorzow.news\\\/index.php\\\/profile\\\/maciej\\\/\"}]}<\/script>\n<!-- \/ Yoast SEO plugin. -->","yoast_head_json":{"title":"Przy Pi\u0142sudskiego teren po by\u0142ych ogr\u00f3dkach dzia\u0142kowych zostanie zagospodarowany? (zdj\u0119cia) - Gorz\u00f3w News","description":"Ju\u017c w \u015brod\u0119 podczas sesji Rady Miasta, radni b\u0119d\u0105 g\u0142osowa\u0107 nad podj\u0119ciem uchwa\u0142y w sprawie uchwalenia miejscowego planu zagospodarowania prze","robots":{"index":"index","follow":"follow","max-snippet":"max-snippet:-1","max-image-preview":"max-image-preview:large","max-video-preview":"max-video-preview:-1"},"canonical":"https:\/\/gorzow.news\/index.php\/2022\/08\/29\/przy-pilsudskiego-teren-po-bylych-ogrodkach-dzialkowych-zostanie-zagospodarowany-zdjecia\/","og_locale":"pl_PL","og_type":"article","og_title":"Przy Pi\u0142sudskiego teren po by\u0142ych ogr\u00f3dkach dzia\u0142kowych zostanie zagospodarowany? (zdj\u0119cia) - Gorz\u00f3w News","og_description":"Ju\u017c w \u015brod\u0119 podczas sesji Rady Miasta, radni b\u0119d\u0105 g\u0142osowa\u0107 nad podj\u0119ciem uchwa\u0142y w sprawie uchwalenia miejscowego planu zagospodarowania prze","og_url":"https:\/\/gorzow.news\/index.php\/2022\/08\/29\/przy-pilsudskiego-teren-po-bylych-ogrodkach-dzialkowych-zostanie-zagospodarowany-zdjecia\/","og_site_name":"Gorz\u00f3w News","article_publisher":"https:\/\/www.facebook.com\/gorzowskinews","article_published_time":"2022-08-29T12:13:02+00:00","article_modified_time":"2022-08-29T12:14:00+00:00","og_image":[{"width":1600,"height":757,"url":"https:\/\/gorzow.news\/wp-content\/uploads\/2022\/08\/IMG_20220826_123805_1.jpg","type":"image\/jpeg"}],"author":"maciej","twitter_card":"summary_large_image","twitter_misc":{"Napisane przez":"maciej","Szacowany czas czytania":"3 minuty"},"schema":{"@context":"https:\/\/schema.org","@graph":[{"@type":"Article","@id":"https:\/\/gorzow.news\/index.php\/2022\/08\/29\/przy-pilsudskiego-teren-po-bylych-ogrodkach-dzialkowych-zostanie-zagospodarowany-zdjecia\/#article","isPartOf":{"@id":"https:\/\/gorzow.news\/index.php\/2022\/08\/29\/przy-pilsudskiego-teren-po-bylych-ogrodkach-dzialkowych-zostanie-zagospodarowany-zdjecia\/"},"author":{"name":"maciej","@id":"https:\/\/gorzow.news\/#\/schema\/person\/a1e5ab43166369f2ce236a1cd90995bb"},"headline":"Przy Pi\u0142sudskiego teren po by\u0142ych ogr\u00f3dkach dzia\u0142kowych zostanie zagospodarowany? (zdj\u0119cia)","datePublished":"2022-08-29T12:13:02+00:00","dateModified":"2022-08-29T12:14:00+00:00","mainEntityOfPage":{"@id":"https:\/\/gorzow.news\/index.php\/2022\/08\/29\/przy-pilsudskiego-teren-po-bylych-ogrodkach-dzialkowych-zostanie-zagospodarowany-zdjecia\/"},"wordCount":499,"commentCount":0,"image":{"@id":"https:\/\/gorzow.news\/index.php\/2022\/08\/29\/przy-pilsudskiego-teren-po-bylych-ogrodkach-dzialkowych-zostanie-zagospodarowany-zdjecia\/#primaryimage"},"thumbnailUrl":"https:\/\/gorzow.news\/wp-content\/uploads\/2022\/08\/IMG_20220826_123805_1.jpg","keywords":["Czere\u015bniowa","Park Kopernika","Pi\u0142sudskiego","Walczaka"],"articleSection":["Fakty i opinie","Wiadomo\u015bci"],"inLanguage":"pl-PL","potentialAction":[{"@type":"CommentAction","name":"Comment","target":["https:\/\/gorzow.news\/index.php\/2022\/08\/29\/przy-pilsudskiego-teren-po-bylych-ogrodkach-dzialkowych-zostanie-zagospodarowany-zdjecia\/#respond"]}]},{"@type":"WebPage","@id":"https:\/\/gorzow.news\/index.php\/2022\/08\/29\/przy-pilsudskiego-teren-po-bylych-ogrodkach-dzialkowych-zostanie-zagospodarowany-zdjecia\/","url":"https:\/\/gorzow.news\/index.php\/2022\/08\/29\/przy-pilsudskiego-teren-po-bylych-ogrodkach-dzialkowych-zostanie-zagospodarowany-zdjecia\/","name":"Przy Pi\u0142sudskiego teren po by\u0142ych ogr\u00f3dkach dzia\u0142kowych zostanie zagospodarowany? (zdj\u0119cia) - Gorz\u00f3w News","isPartOf":{"@id":"https:\/\/gorzow.news\/#website"},"primaryImageOfPage":{"@id":"https:\/\/gorzow.news\/index.php\/2022\/08\/29\/przy-pilsudskiego-teren-po-bylych-ogrodkach-dzialkowych-zostanie-zagospodarowany-zdjecia\/#primaryimage"},"image":{"@id":"https:\/\/gorzow.news\/index.php\/2022\/08\/29\/przy-pilsudskiego-teren-po-bylych-ogrodkach-dzialkowych-zostanie-zagospodarowany-zdjecia\/#primaryimage"},"thumbnailUrl":"https:\/\/gorzow.news\/wp-content\/uploads\/2022\/08\/IMG_20220826_123805_1.jpg","datePublished":"2022-08-29T12:13:02+00:00","dateModified":"2022-08-29T12:14:00+00:00","author":{"@id":"https:\/\/gorzow.news\/#\/schema\/person\/a1e5ab43166369f2ce236a1cd90995bb"},"description":"Ju\u017c w \u015brod\u0119 podczas sesji Rady Miasta, radni b\u0119d\u0105 g\u0142osowa\u0107 nad podj\u0119ciem uchwa\u0142y w sprawie uchwalenia miejscowego planu zagospodarowania przestrzennego miasta Gorzowa dla obszaru po\u0142o\u017conego pomi\u0119dzy ul. Pi\u0142sudskiego, ul. Czere\u015bniow\u0105, ul. Walczaka i Parkiem Kopernika. Jest du\u017ca szans, \u017ce po przyj\u0119ciu uchwa\u0142y cz\u0119\u015b\u0107 zdegradowanych teren\u00f3w w tej okolicy zostanie wreszcie uporz\u0105dkowana. Jednym z nich jest dzia\u0142ka przy ul. Pi\u0142sudskiego, na kt\u00f3rej jeszcze kilka lat temu mie\u015bci\u0142y si\u0119 ogr\u00f3dki dzia\u0142kowe. P\u00f3\u017aniej teren zosta\u0142 ogrodzony i organizowane by\u0142y tu zawody w paintball. Obecnie nic tu si\u0119 nie dzieje.","breadcrumb":{"@id":"https:\/\/gorzow.news\/index.php\/2022\/08\/29\/przy-pilsudskiego-teren-po-bylych-ogrodkach-dzialkowych-zostanie-zagospodarowany-zdjecia\/#breadcrumb"},"inLanguage":"pl-PL","potentialAction":[{"@type":"ReadAction","target":["https:\/\/gorzow.news\/index.php\/2022\/08\/29\/przy-pilsudskiego-teren-po-bylych-ogrodkach-dzialkowych-zostanie-zagospodarowany-zdjecia\/"]}]},{"@type":"ImageObject","inLanguage":"pl-PL","@id":"https:\/\/gorzow.news\/index.php\/2022\/08\/29\/przy-pilsudskiego-teren-po-bylych-ogrodkach-dzialkowych-zostanie-zagospodarowany-zdjecia\/#primaryimage","url":"https:\/\/gorzow.news\/wp-content\/uploads\/2022\/08\/IMG_20220826_123805_1.jpg","contentUrl":"https:\/\/gorzow.news\/wp-content\/uploads\/2022\/08\/IMG_20220826_123805_1.jpg","width":1600,"height":757,"caption":"Dzia\u0142ki przy ul. Pi\u0142sudskiego"},{"@type":"BreadcrumbList","@id":"https:\/\/gorzow.news\/index.php\/2022\/08\/29\/przy-pilsudskiego-teren-po-bylych-ogrodkach-dzialkowych-zostanie-zagospodarowany-zdjecia\/#breadcrumb","itemListElement":[{"@type":"ListItem","position":1,"name":"Home","item":"https:\/\/gorzow.news\/"},{"@type":"ListItem","position":2,"name":"Przy Pi\u0142sudskiego teren po by\u0142ych ogr\u00f3dkach dzia\u0142kowych zostanie zagospodarowany? (zdj\u0119cia)"}]},{"@type":"WebSite","@id":"https:\/\/gorzow.news\/#website","url":"https:\/\/gorzow.news\/","name":"Gorz\u00f3w News","description":"Sp\u00f3jrz inaczej na miato i region...","potentialAction":[{"@type":"SearchAction","target":{"@type":"EntryPoint","urlTemplate":"https:\/\/gorzow.news\/?s={search_term_string}"},"query-input":{"@type":"PropertyValueSpecification","valueRequired":true,"valueName":"search_term_string"}}],"inLanguage":"pl-PL"},{"@type":"Person","@id":"https:\/\/gorzow.news\/#\/schema\/person\/a1e5ab43166369f2ce236a1cd90995bb","name":"maciej","image":{"@type":"ImageObject","inLanguage":"pl-PL","@id":"https:\/\/secure.gravatar.com\/avatar\/530a674d56ba60cfa0ef21d74e8e8d123a51bb7aa6580465b5c2ab2c2e980a19?s=96&r=g&d=https:\/\/gorzow.news\/wp-content\/plugins\/userswp\/assets\/images\/no_profile.png","url":"https:\/\/secure.gravatar.com\/avatar\/530a674d56ba60cfa0ef21d74e8e8d123a51bb7aa6580465b5c2ab2c2e980a19?s=96&r=g&d=https:\/\/gorzow.news\/wp-content\/plugins\/userswp\/assets\/images\/no_profile.png","contentUrl":"https:\/\/secure.gravatar.com\/avatar\/530a674d56ba60cfa0ef21d74e8e8d123a51bb7aa6580465b5c2ab2c2e980a19?s=96&r=g&d=https:\/\/gorzow.news\/wp-content\/plugins\/userswp\/assets\/images\/no_profile.png","caption":"maciej"},"url":"https:\/\/gorzow.news\/index.php\/profile\/maciej\/"}]}},"_links":{"self":[{"href":"https:\/\/gorzow.news\/index.php\/wp-json\/wp\/v2\/posts\/9262","targetHints":{"allow":["GET"]}}],"collection":[{"href":"https:\/\/gorzow.news\/index.php\/wp-json\/wp\/v2\/posts"}],"about":[{"href":"https:\/\/gorzow.news\/index.php\/wp-json\/wp\/v2\/types\/post"}],"author":[{"embeddable":true,"href":"https:\/\/gorzow.news\/index.php\/wp-json\/wp\/v2\/users\/1"}],"replies":[{"embeddable":true,"href":"https:\/\/gorzow.news\/index.php\/wp-json\/wp\/v2\/comments?post=9262"}],"version-history":[{"count":0,"href":"https:\/\/gorzow.news\/index.php\/wp-json\/wp\/v2\/posts\/9262\/revisions"}],"wp:featuredmedia":[{"embeddable":true,"href":"https:\/\/gorzow.news\/index.php\/wp-json\/wp\/v2\/media\/9263"}],"wp:attachment":[{"href":"https:\/\/gorzow.news\/index.php\/wp-json\/wp\/v2\/media?parent=9262"}],"wp:term":[{"taxonomy":"category","embeddable":true,"href":"https:\/\/gorzow.news\/index.php\/wp-json\/wp\/v2\/categories?post=9262"},{"taxonomy":"post_tag","embeddable":true,"href":"https:\/\/gorzow.news\/index.php\/wp-json\/wp\/v2\/tags?post=9262"}],"curies":[{"name":"wp","href":"https:\/\/api.w.org\/{rel}","templated":true}]}}