{"id":9219,"date":"2022-08-23T10:56:53","date_gmt":"2022-08-23T08:56:53","guid":{"rendered":"https:\/\/gorzow.news\/?p=9219"},"modified":"2022-08-23T10:56:57","modified_gmt":"2022-08-23T08:56:57","slug":"instalacja-upamietniajaca-sierpien-1982-fundamenty-wylane-nie-powinno-byc-badan-archeologicznych-zdjecia","status":"publish","type":"post","link":"https:\/\/gorzow.news\/index.php\/2022\/08\/23\/instalacja-upamietniajaca-sierpien-1982-fundamenty-wylane-nie-powinno-byc-badan-archeologicznych-zdjecia\/","title":{"rendered":"Instalacja upami\u0119tniaj\u0105ca Sierpie\u0144 1982: Fundamenty wylane! Nie powinno by\u0107 bada\u0144 archeologicznych? (zdj\u0119cia)"},"content":{"rendered":"\n<p><strong>Na skwerze 31 Sierpnia 1982 r. trwa monta\u017c instalacji artystycznej upami\u0119tniaj\u0105cej wydarzenia tego dnia w naszym mie\u015bcie. Na redakcyjn\u0105 skrzynk\u0119 otrzymali\u015bmy w ubieg\u0142y poniedzia\u0142ek zapytanie, czy przed wylaniem fundament\u00f3w umo\u017cliwiaj\u0105cych trwa\u0142y monta\u017c instalacji w tym miejscu nie powinny zosta\u0107 przeprowadzone prace archeologiczne.<\/strong><\/p>\n\n\n\n<p>&#8211; Przygl\u0105da\u0142em si\u0119 pracom przy remontowanej tu\u017c obok skweru 31 Sierpnia 1982 ulicy Chrobrego. Na wiele tygodni prace by\u0142y w\u00f3wczas wstrzymywane i prowadzone by\u0142y badania archeologiczne. Gdy rozpocz\u0119to kopanie na skwerze przy by\u0142ym Empiku od razu spodziewa\u0142em si\u0119, \u017ce i tu pod ziemi\u0105 s\u0105 \u015blady landsberskiej zabudowy. Ku mojemu zdziwieniu budowla\u0144cy bez wstrzymywania prac wykopali otwory pod fundamenty. Nie patrz\u0105c, \u017ce naruszaj\u0105 stare zabudowania. Nie rozumiem, dlaczego nie przyst\u0105piono do prac z wyprzedzeniem i w tym miejscu nie zbadano tego co jest pod ziemi\u0105 &#8211; napisa\u0142 na nasz\u0105 skrzynk\u0119 redakcyjn\u0105 pan Krzysztof.<\/p>\n\n\n\n<p>W ubieg\u0142y wtorek zapytanie w tej sprawie wys\u0142ali\u015bmy do Urz\u0119du Miasta. Do dzi\u015b jednak nie uzyskali\u015bmy odpowiedzi. Fundamenty zosta\u0142y ju\u017c wylane.<\/p>\n\n\n\n<p>G\u0142\u00f3wnym elementem instalacji s\u0105 p\u0142yty ze stali nierdzewnej polerowanej, dzi\u0119ki kt\u00f3rej jest mo\u017cliwo\u015b\u0107 osi\u0105gni\u0119cia lustrzanego efektu. To pozwoli odbija\u0107 si\u0119 w nich m.in. katedrze i innym punktom miasta, kt\u00f3re \u201eby\u0142y \u015bwiadkami\u201d wydarze\u0144 sprzed 40 lat. Poszczeg\u00f3lne elementy b\u0119d\u0105 mia\u0142y od 160 cm do 250 cm wysoko\u015bci, b\u0119d\u0105 szerokie na 45 cm i grube na 15 cm.<\/p>\n\n\n\n<p>Instalacja zostanie ods\u0142oni\u0119ta 30 sierpnia, w przeddzie\u0144 rocznicy, w zwi\u0105zku z przyjazdem do Gorzowa prezydenta RP Andrzeja Dudy.<\/p>\n\n\n\n<p>Instalacja powstaje na podstawie zwyci\u0119skiego projekt autorstwa Heleny Ku\u0142ak-\u015awierblewskiej, Katarzyny Widery i Jakuba Capa.<\/p>\n\n\n\n<p>Projekt jest realizowany i finansowany wsp\u00f3lnie przez Instytut Pami\u0119ci Narodowej i Miasto Gorz\u00f3w Wielkopolski.<\/p>\n\n\n\n<p>31 sierpnia 1982 roku to wa\u017cna data w historii Gorzowa. Tego dnia odby\u0142a si\u0119 najwi\u0119ksza opozycyjna demonstracja na terenie Ziemi Lubuskiej. Kilka tysi\u0119cy mieszka\u0144c\u00f3w Gorzowa protestowa\u0142o przeciwko stanowi wojennemu. W wyniku star\u0107 z milicj\u0105 wiele os\u00f3b zosta\u0142o rannych, jeszcze wi\u0119cej trafi\u0142o do aresztu.<\/p>\n\n\n\n<p><strong>Przeczytaj te\u017c:<\/strong><br>&#8211; <a href=\"https:\/\/gorzow.news\/index.php\/2022\/08\/04\/rozpoczely-sie-prace-przy-montazu-instalacji-upamietniajacej-gorzowski-sierpien\/\">Rozpocz\u0119\u0142y si\u0119 prace przy monta\u017cu instalacji upami\u0119tniaj\u0105cej gorzowski sierpie\u0144<\/a><br>&#8211; <a href=\"https:\/\/gorzow.news\/index.php\/2021\/12\/14\/instalacja-artystyczna-upamietniajaca-wydarzenia-31-sierpnia-1982-roku-wybrana-zdjecia\/\">Instalacja artystyczna upami\u0119tniaj\u0105ca wydarzenia 31 Sierpnia 1982 roku wybrana! (zdj\u0119cia)<\/a><br>&#8211; <a href=\"https:\/\/gorzow.news\/index.php\/2021\/09\/01\/powstanie-instalacja-artystyczna-upamietniajaca-gorzowski-sierpien\/\">Powstanie instalacja artystyczna upami\u0119tniaj\u0105ca gorzowski sierpie\u0144<\/a><\/p>\n\n\n\n<p><strong>Zdj\u0119cia przed wylaniem fundament\u00f3w ukazuj\u0105ce landsbersk\u0105 zabudow\u0119:<\/strong><\/p>\n\n\n<div  id=\"jtg-9198\" class=\"modula modula-gallery modula-custom-grid\" data-config=\"{&quot;height&quot;:800,&quot;tabletHeight&quot;:800,&quot;mobileHeight&quot;:800,&quot;desktopHeight&quot;:800,&quot;enableTwitter&quot;:false,&quot;enableWhatsapp&quot;:false,&quot;enableFacebook&quot;:false,&quot;enablePinterest&quot;:false,&quot;enableLinkedin&quot;:false,&quot;enableEmail&quot;:false,&quot;randomFactor&quot;:0.5,&quot;type&quot;:&quot;custom-grid&quot;,&quot;columns&quot;:12,&quot;gutter&quot;:10,&quot;mobileGutter&quot;:10,&quot;tabletGutter&quot;:10,&quot;desktopGutter&quot;:10,&quot;enableResponsive&quot;:&quot;0&quot;,&quot;tabletColumns&quot;:&quot;2&quot;,&quot;mobileColumns&quot;:&quot;1&quot;,&quot;lazyLoad&quot;:0,&quot;lightboxOpts&quot;:{&quot;animated&quot;:true,&quot;Thumbs&quot;:{&quot;type&quot;:&quot;modern&quot;,&quot;showOnStart&quot;:false},&quot;Toolbar&quot;:{&quot;display&quot;:{&quot;right&quot;:[&quot;close&quot;]},&quot;enabled&quot;:true},&quot;Carousel&quot;:{&quot;Panzoom&quot;:{&quot;touch&quot;:true},&quot;infinite&quot;:false},&quot;keyboard&quot;:{&quot;Escape&quot;:&quot;close&quot;,&quot;Delete&quot;:&quot;close&quot;,&quot;Backspace&quot;:&quot;close&quot;,&quot;PageUp&quot;:false,&quot;PageDown&quot;:false,&quot;ArrowUp&quot;:false,&quot;ArrowDown&quot;:false,&quot;ArrowRight&quot;:false,&quot;ArrowLeft&quot;:false},&quot;touch&quot;:false,&quot;backdropClick&quot;:false,&quot;l10n&quot;:{&quot;CLOSE&quot;:&quot;Zamknij&quot;,&quot;NEXT&quot;:&quot;Nast\\u0119pny&quot;,&quot;PREV&quot;:&quot;Poprzedni&quot;,&quot;Error&quot;:&quot;Nie mo\\u017cna wczyta\\u0107 \\u017c\\u0105danej tre\\u015bci. Spr\\u00f3buj ponownie p\\u00f3\\u017aniej.&quot;,&quot;PLAY_START&quot;:&quot;Rozpocznij pokaz slajd\\u00f3w&quot;,&quot;PLAY_STOP&quot;:&quot;Zatrzymaj pokaz slajd\\u00f3w&quot;,&quot;FULL_SCREEN&quot;:&quot;Pe\\u0142ny ekran&quot;,&quot;THUMBS&quot;:&quot;Miniaturki&quot;,&quot;DOWNLOAD&quot;:&quot;Pobieranie&quot;,&quot;SHARE&quot;:&quot;Udost\\u0119pnij&quot;,&quot;ZOOM&quot;:&quot;Powi\\u0119kszenie&quot;,&quot;EMAIL&quot;:&quot;Here is the link to the image : %%image_link%% and this is the link to the gallery : %%gallery_link%%&quot;,&quot;MODAL&quot;:&quot;Mo\\u017cesz zamkn\\u0105\\u0107 t\\u0119 zawarto\\u015b\\u0107 okna modalnego za pomoc\\u0105 klawisza ESC&quot;,&quot;ERROR&quot;:&quot;Co\\u015b posz\\u0142o nie tak. Spr\\u00f3buj ponownie p\\u00f3\\u017aniej&quot;,&quot;IMAGE_ERROR&quot;:&quot;Nie znaleziono obrazka&quot;,&quot;ELEMENT_NOT_FOUND&quot;:&quot;Nie znaleziono elementu HTML&quot;,&quot;AJAX_NOT_FOUND&quot;:&quot;B\\u0142\\u0105d wczytywania AJAX: Nie znaleziono&quot;,&quot;AJAX_FORBIDDEN&quot;:&quot;B\\u0142\\u0105d wczytywania AJAX: Zabronione&quot;,&quot;IFRAME_ERROR&quot;:&quot;B\\u0142\\u0105d wczytywania strony&quot;,&quot;TOGGLE_ZOOM&quot;:&quot;Prze\\u0142\\u0105cz poziom powi\\u0119kszenia&quot;,&quot;TOGGLE_THUMBS&quot;:&quot;Prze\\u0142\\u0105cz miniaturki&quot;,&quot;TOGGLE_SLIDESHOW&quot;:&quot;Prze\\u0142\\u0105cz pokaz slajd\\u00f3w&quot;,&quot;TOGGLE_FULLSCREEN&quot;:&quot;Prze\\u0142\\u0105cz tryb pe\\u0142noekranowy&quot;},&quot;Images&quot;:{&quot;Panzoom&quot;:{&quot;maxScale&quot;:2}},&quot;mainClass&quot;:&quot;modula-fancybox-container modula-lightbox-jtg-9198&quot;,&quot;Html&quot;:{&quot;videoAutoplay&quot;:0,&quot;videoTpl&quot;:&quot;&lt;video class=\\&quot;fancybox__html5video\\&quot; controls muted playsinline controlsList controlsList=\\&quot;nodownload\\&quot; poster=\\&quot;{{poster}}\\&quot; src=\\&quot;{{src}}\\&quot; type=\\&quot;{{format}}\\&quot; &gt;  Sorry, your browser doesn&#039;t support embedded videos, &lt;a href=\\&quot;{{src}}\\&quot;&gt; download &lt;\\\/a&gt; and watch with your favorite video player! &lt;\\\/video&gt;&quot;}},&quot;inView&quot;:false,&quot;email_subject&quot;:&quot;Sprawd\\u017a ten niesamowity obrazek!&quot;,&quot;email_message&quot;:&quot;Oto odno\\u015bnik do obrazku: %%image_link%%, a to odno\\u015bnik do galerii: %%gallery_link%%&quot;,&quot;lightbox&quot;:&quot;fancybox&quot;}\">\n\n\t\n\t<div  class=\"modula-items\">\n\t\t<div class=\"modula-item effect-pufrobo\" data-width=\"2\" data-height=\"2\" >\n\t<div class=\"modula-item-overlay\"><\/div>\n\n\t<div class=\"modula-item-content\">\n\n\t\t<a data-image-id=\"9199\" role=\"button\" tabindex=\"0\" rel=\"jtg-9198\" data-caption=\"\" aria-label=\"Otw\u00f3rz obrazek w lightboxie\" class=\"tile-inner modula-item-link\"><\/a><img loading=\"lazy\" decoding=\"async\" class=\"pic wp-image-9199\"  data-valign=\"middle\" data-halign=\"center\" alt=\"\" data-full=\"https:\/\/gorzow.news\/wp-content\/uploads\/2022\/08\/IMG_20220815_142458.jpg\" title=\"IMG_20220815_142458\" crop=\"\" width=\"300\" height=\"142\" src=\"https:\/\/gorzow.news\/wp-content\/uploads\/2022\/08\/IMG_20220815_142458-300x142.jpg\" data-src=\"https:\/\/gorzow.news\/wp-content\/uploads\/2022\/08\/IMG_20220815_142458-300x142.jpg\" data-caption=\"\" srcset=\"https:\/\/gorzow.news\/wp-content\/uploads\/2022\/08\/IMG_20220815_142458.jpg 1600w, https:\/\/gorzow.news\/wp-content\/uploads\/2022\/08\/IMG_20220815_142458-300x142.jpg 300w, https:\/\/gorzow.news\/wp-content\/uploads\/2022\/08\/IMG_20220815_142458-1024x484.jpg 1024w, https:\/\/gorzow.news\/wp-content\/uploads\/2022\/08\/IMG_20220815_142458-768x363.jpg 768w, https:\/\/gorzow.news\/wp-content\/uploads\/2022\/08\/IMG_20220815_142458-1536x727.jpg 1536w, https:\/\/gorzow.news\/wp-content\/uploads\/2022\/08\/IMG_20220815_142458-696x329.jpg 696w, https:\/\/gorzow.news\/wp-content\/uploads\/2022\/08\/IMG_20220815_142458-1068x505.jpg 1068w\" sizes=\"auto, (max-width: 300px) 100vw, 300px\" \/>\n\t\t<div class=\"figc no-description\">\n\t\t\t<div class=\"figc-inner\">\n\t\t\t\t\t\t\t\t\t\t\t\t\t\t\t<\/div>\n\t\t<\/div>\n\n\t<\/div>\n\n<\/div><div class=\"modula-item effect-pufrobo\" data-width=\"2\" data-height=\"2\" >\n\t<div class=\"modula-item-overlay\"><\/div>\n\n\t<div class=\"modula-item-content\">\n\n\t\t<a data-image-id=\"9200\" role=\"button\" tabindex=\"0\" rel=\"jtg-9198\" data-caption=\"\" aria-label=\"Otw\u00f3rz obrazek w lightboxie\" class=\"tile-inner modula-item-link\"><\/a><img loading=\"lazy\" decoding=\"async\" class=\"pic wp-image-9200\"  data-valign=\"middle\" data-halign=\"center\" alt=\"\" data-full=\"https:\/\/gorzow.news\/wp-content\/uploads\/2022\/08\/IMG_20220815_142506_1.jpg\" title=\"IMG_20220815_142506_1\" crop=\"\" width=\"300\" height=\"142\" src=\"https:\/\/gorzow.news\/wp-content\/uploads\/2022\/08\/IMG_20220815_142506_1-300x142.jpg\" data-src=\"https:\/\/gorzow.news\/wp-content\/uploads\/2022\/08\/IMG_20220815_142506_1-300x142.jpg\" data-caption=\"\" srcset=\"https:\/\/gorzow.news\/wp-content\/uploads\/2022\/08\/IMG_20220815_142506_1.jpg 1600w, https:\/\/gorzow.news\/wp-content\/uploads\/2022\/08\/IMG_20220815_142506_1-300x142.jpg 300w, https:\/\/gorzow.news\/wp-content\/uploads\/2022\/08\/IMG_20220815_142506_1-1024x484.jpg 1024w, https:\/\/gorzow.news\/wp-content\/uploads\/2022\/08\/IMG_20220815_142506_1-768x363.jpg 768w, https:\/\/gorzow.news\/wp-content\/uploads\/2022\/08\/IMG_20220815_142506_1-1536x727.jpg 1536w, https:\/\/gorzow.news\/wp-content\/uploads\/2022\/08\/IMG_20220815_142506_1-696x329.jpg 696w, https:\/\/gorzow.news\/wp-content\/uploads\/2022\/08\/IMG_20220815_142506_1-1068x505.jpg 1068w\" sizes=\"auto, (max-width: 300px) 100vw, 300px\" \/>\n\t\t<div class=\"figc no-description\">\n\t\t\t<div class=\"figc-inner\">\n\t\t\t\t\t\t\t\t\t\t\t\t\t\t\t<\/div>\n\t\t<\/div>\n\n\t<\/div>\n\n<\/div><div class=\"modula-item effect-pufrobo\" data-width=\"2\" data-height=\"2\" >\n\t<div class=\"modula-item-overlay\"><\/div>\n\n\t<div class=\"modula-item-content\">\n\n\t\t<a data-image-id=\"9201\" role=\"button\" tabindex=\"0\" rel=\"jtg-9198\" data-caption=\"\" aria-label=\"Otw\u00f3rz obrazek w lightboxie\" class=\"tile-inner modula-item-link\"><\/a><img loading=\"lazy\" decoding=\"async\" class=\"pic wp-image-9201\"  data-valign=\"middle\" data-halign=\"center\" alt=\"\" data-full=\"https:\/\/gorzow.news\/wp-content\/uploads\/2022\/08\/IMG_20220815_142518.jpg\" title=\"IMG_20220815_142518\" crop=\"\" width=\"300\" height=\"142\" src=\"https:\/\/gorzow.news\/wp-content\/uploads\/2022\/08\/IMG_20220815_142518-300x142.jpg\" data-src=\"https:\/\/gorzow.news\/wp-content\/uploads\/2022\/08\/IMG_20220815_142518-300x142.jpg\" data-caption=\"\" srcset=\"https:\/\/gorzow.news\/wp-content\/uploads\/2022\/08\/IMG_20220815_142518.jpg 1600w, https:\/\/gorzow.news\/wp-content\/uploads\/2022\/08\/IMG_20220815_142518-300x142.jpg 300w, https:\/\/gorzow.news\/wp-content\/uploads\/2022\/08\/IMG_20220815_142518-1024x484.jpg 1024w, https:\/\/gorzow.news\/wp-content\/uploads\/2022\/08\/IMG_20220815_142518-768x363.jpg 768w, https:\/\/gorzow.news\/wp-content\/uploads\/2022\/08\/IMG_20220815_142518-1536x727.jpg 1536w, https:\/\/gorzow.news\/wp-content\/uploads\/2022\/08\/IMG_20220815_142518-696x329.jpg 696w, https:\/\/gorzow.news\/wp-content\/uploads\/2022\/08\/IMG_20220815_142518-1068x505.jpg 1068w\" sizes=\"auto, (max-width: 300px) 100vw, 300px\" \/>\n\t\t<div class=\"figc no-description\">\n\t\t\t<div class=\"figc-inner\">\n\t\t\t\t\t\t\t\t\t\t\t\t\t\t\t<\/div>\n\t\t<\/div>\n\n\t<\/div>\n\n<\/div><div class=\"modula-item effect-pufrobo\" data-width=\"2\" data-height=\"2\" >\n\t<div class=\"modula-item-overlay\"><\/div>\n\n\t<div class=\"modula-item-content\">\n\n\t\t<a data-image-id=\"9202\" role=\"button\" tabindex=\"0\" rel=\"jtg-9198\" data-caption=\"\" aria-label=\"Otw\u00f3rz obrazek w lightboxie\" class=\"tile-inner modula-item-link\"><\/a><img loading=\"lazy\" decoding=\"async\" class=\"pic wp-image-9202\"  data-valign=\"middle\" data-halign=\"center\" alt=\"\" data-full=\"https:\/\/gorzow.news\/wp-content\/uploads\/2022\/08\/IMG_20220815_142522_1.jpg\" title=\"IMG_20220815_142522_1\" crop=\"\" width=\"300\" height=\"142\" src=\"https:\/\/gorzow.news\/wp-content\/uploads\/2022\/08\/IMG_20220815_142522_1-300x142.jpg\" data-src=\"https:\/\/gorzow.news\/wp-content\/uploads\/2022\/08\/IMG_20220815_142522_1-300x142.jpg\" data-caption=\"\" srcset=\"https:\/\/gorzow.news\/wp-content\/uploads\/2022\/08\/IMG_20220815_142522_1.jpg 1600w, https:\/\/gorzow.news\/wp-content\/uploads\/2022\/08\/IMG_20220815_142522_1-300x142.jpg 300w, https:\/\/gorzow.news\/wp-content\/uploads\/2022\/08\/IMG_20220815_142522_1-1024x484.jpg 1024w, https:\/\/gorzow.news\/wp-content\/uploads\/2022\/08\/IMG_20220815_142522_1-768x363.jpg 768w, https:\/\/gorzow.news\/wp-content\/uploads\/2022\/08\/IMG_20220815_142522_1-1536x727.jpg 1536w, https:\/\/gorzow.news\/wp-content\/uploads\/2022\/08\/IMG_20220815_142522_1-696x329.jpg 696w, https:\/\/gorzow.news\/wp-content\/uploads\/2022\/08\/IMG_20220815_142522_1-1068x505.jpg 1068w\" sizes=\"auto, (max-width: 300px) 100vw, 300px\" \/>\n\t\t<div class=\"figc no-description\">\n\t\t\t<div class=\"figc-inner\">\n\t\t\t\t\t\t\t\t\t\t\t\t\t\t\t<\/div>\n\t\t<\/div>\n\n\t<\/div>\n\n<\/div><div class=\"modula-item effect-pufrobo\" data-width=\"2\" data-height=\"2\" >\n\t<div class=\"modula-item-overlay\"><\/div>\n\n\t<div class=\"modula-item-content\">\n\n\t\t<a data-image-id=\"9203\" role=\"button\" tabindex=\"0\" rel=\"jtg-9198\" data-caption=\"\" aria-label=\"Otw\u00f3rz obrazek w lightboxie\" class=\"tile-inner modula-item-link\"><\/a><img loading=\"lazy\" decoding=\"async\" class=\"pic wp-image-9203\"  data-valign=\"middle\" data-halign=\"center\" alt=\"\" data-full=\"https:\/\/gorzow.news\/wp-content\/uploads\/2022\/08\/IMG_20220815_142541.jpg\" title=\"IMG_20220815_142541\" crop=\"\" width=\"300\" height=\"142\" src=\"https:\/\/gorzow.news\/wp-content\/uploads\/2022\/08\/IMG_20220815_142541-300x142.jpg\" data-src=\"https:\/\/gorzow.news\/wp-content\/uploads\/2022\/08\/IMG_20220815_142541-300x142.jpg\" data-caption=\"\" srcset=\"https:\/\/gorzow.news\/wp-content\/uploads\/2022\/08\/IMG_20220815_142541.jpg 1600w, https:\/\/gorzow.news\/wp-content\/uploads\/2022\/08\/IMG_20220815_142541-300x142.jpg 300w, https:\/\/gorzow.news\/wp-content\/uploads\/2022\/08\/IMG_20220815_142541-1024x484.jpg 1024w, https:\/\/gorzow.news\/wp-content\/uploads\/2022\/08\/IMG_20220815_142541-768x363.jpg 768w, https:\/\/gorzow.news\/wp-content\/uploads\/2022\/08\/IMG_20220815_142541-1536x727.jpg 1536w, https:\/\/gorzow.news\/wp-content\/uploads\/2022\/08\/IMG_20220815_142541-696x329.jpg 696w, https:\/\/gorzow.news\/wp-content\/uploads\/2022\/08\/IMG_20220815_142541-1068x505.jpg 1068w\" sizes=\"auto, (max-width: 300px) 100vw, 300px\" \/>\n\t\t<div class=\"figc no-description\">\n\t\t\t<div class=\"figc-inner\">\n\t\t\t\t\t\t\t\t\t\t\t\t\t\t\t<\/div>\n\t\t<\/div>\n\n\t<\/div>\n\n<\/div><div class=\"modula-item effect-pufrobo\" data-width=\"2\" data-height=\"2\" >\n\t<div class=\"modula-item-overlay\"><\/div>\n\n\t<div class=\"modula-item-content\">\n\n\t\t<a data-image-id=\"9204\" role=\"button\" tabindex=\"0\" rel=\"jtg-9198\" data-caption=\"\" aria-label=\"Otw\u00f3rz obrazek w lightboxie\" class=\"tile-inner modula-item-link\"><\/a><img loading=\"lazy\" decoding=\"async\" class=\"pic wp-image-9204\"  data-valign=\"middle\" data-halign=\"center\" alt=\"\" data-full=\"https:\/\/gorzow.news\/wp-content\/uploads\/2022\/08\/IMG_20220815_142614_1.jpg\" title=\"IMG_20220815_142614_1\" crop=\"\" width=\"300\" height=\"142\" src=\"https:\/\/gorzow.news\/wp-content\/uploads\/2022\/08\/IMG_20220815_142614_1-300x142.jpg\" data-src=\"https:\/\/gorzow.news\/wp-content\/uploads\/2022\/08\/IMG_20220815_142614_1-300x142.jpg\" data-caption=\"\" srcset=\"https:\/\/gorzow.news\/wp-content\/uploads\/2022\/08\/IMG_20220815_142614_1.jpg 1600w, https:\/\/gorzow.news\/wp-content\/uploads\/2022\/08\/IMG_20220815_142614_1-300x142.jpg 300w, https:\/\/gorzow.news\/wp-content\/uploads\/2022\/08\/IMG_20220815_142614_1-1024x484.jpg 1024w, https:\/\/gorzow.news\/wp-content\/uploads\/2022\/08\/IMG_20220815_142614_1-768x363.jpg 768w, https:\/\/gorzow.news\/wp-content\/uploads\/2022\/08\/IMG_20220815_142614_1-1536x727.jpg 1536w, https:\/\/gorzow.news\/wp-content\/uploads\/2022\/08\/IMG_20220815_142614_1-696x329.jpg 696w, https:\/\/gorzow.news\/wp-content\/uploads\/2022\/08\/IMG_20220815_142614_1-1068x505.jpg 1068w\" sizes=\"auto, (max-width: 300px) 100vw, 300px\" \/>\n\t\t<div class=\"figc no-description\">\n\t\t\t<div class=\"figc-inner\">\n\t\t\t\t\t\t\t\t\t\t\t\t\t\t\t<\/div>\n\t\t<\/div>\n\n\t<\/div>\n\n<\/div>\t\t\n\t<\/div>\n\n\t\n\t\n\t<script type=\"application\/ld+json\">\n\t{\n\t\t\"@context\": \"http:\/\/schema.org\",\n\t\t\"@type\"   : \"ImageGallery\",\n\t\t\"id\"      : \"https:\/\/gorzow.news\/index.php\/2022\/08\/23\/instalacja-upamietniajaca-sierpien-1982-fundamenty-wylane-nie-powinno-byc-badan-archeologicznych-zdjecia\/\",\n\t\t\"url\"     : \"https:\/\/gorzow.news\/index.php\/2022\/08\/23\/instalacja-upamietniajaca-sierpien-1982-fundamenty-wylane-nie-powinno-byc-badan-archeologicznych-zdjecia\/\"\n\t}\n\n\t<\/script>\n\n\t\n<\/div>\n\n","protected":false},"excerpt":{"rendered":"<p>Na skwerze 31 Sierpnia 1982 r. trwa monta\u017c instalacji artystycznej upami\u0119tniaj\u0105cej wydarzenia tego dnia w naszym mie\u015bcie. Na redakcyjn\u0105 skrzynk\u0119 otrzymali\u015bmy w ubieg\u0142y poniedzia\u0142ek zapytanie, czy przed wylaniem fundament\u00f3w umo\u017cliwiaj\u0105cych trwa\u0142y monta\u017c instalacji w tym miejscu nie powinny zosta\u0107 przeprowadzone prace archeologiczne.<\/p>\n","protected":false},"author":1,"featured_media":9220,"comment_status":"open","ping_status":"open","sticky":false,"template":"","format":"standard","meta":{"footnotes":"","_links_to":"","_links_to_target":""},"categories":[597,589],"tags":[873,1646,874,1594,876,875,56,631],"class_list":{"0":"post-9219","1":"post","2":"type-post","3":"status-publish","4":"format-standard","5":"has-post-thumbnail","7":"category-fakty-opinie","8":"category-wiadomosci","9":"tag-31-sierpnia-1982-r-2","10":"tag-andrzej-duda","11":"tag-helena-kulak-swierblewska","12":"tag-instalacja","13":"tag-jakub-cap","14":"tag-katarzyna-widera","15":"tag-landsberg","16":"tag-prace-archeologiczne"},"yoast_head":"<!-- This site is optimized with the Yoast SEO plugin v27.3 - https:\/\/yoast.com\/product\/yoast-seo-wordpress\/ -->\n<title>Instalacja upami\u0119tniaj\u0105ca Sierpie\u0144 1982: Fundamenty wylane! Nie powinno by\u0107 bada\u0144 archeologicznych? (zdj\u0119cia) - Gorz\u00f3w News<\/title>\n<meta name=\"robots\" content=\"index, follow, max-snippet:-1, max-image-preview:large, max-video-preview:-1\" \/>\n<link rel=\"canonical\" href=\"https:\/\/gorzow.news\/index.php\/2022\/08\/23\/instalacja-upamietniajaca-sierpien-1982-fundamenty-wylane-nie-powinno-byc-badan-archeologicznych-zdjecia\/\" \/>\n<meta property=\"og:locale\" content=\"pl_PL\" \/>\n<meta property=\"og:type\" content=\"article\" \/>\n<meta property=\"og:title\" content=\"Instalacja upami\u0119tniaj\u0105ca Sierpie\u0144 1982: Fundamenty wylane! Nie powinno by\u0107 bada\u0144 archeologicznych? (zdj\u0119cia) - Gorz\u00f3w News\" \/>\n<meta property=\"og:description\" content=\"Na skwerze 31 Sierpnia 1982 r. trwa monta\u017c instalacji artystycznej upami\u0119tniaj\u0105cej wydarzenia tego dnia w naszym mie\u015bcie. Na redakcyjn\u0105 skrzynk\u0119\" \/>\n<meta property=\"og:url\" content=\"https:\/\/gorzow.news\/index.php\/2022\/08\/23\/instalacja-upamietniajaca-sierpien-1982-fundamenty-wylane-nie-powinno-byc-badan-archeologicznych-zdjecia\/\" \/>\n<meta property=\"og:site_name\" content=\"Gorz\u00f3w News\" \/>\n<meta property=\"article:publisher\" content=\"https:\/\/www.facebook.com\/gorzowskinews\" \/>\n<meta property=\"article:published_time\" content=\"2022-08-23T08:56:53+00:00\" \/>\n<meta property=\"article:modified_time\" content=\"2022-08-23T08:56:57+00:00\" \/>\n<meta property=\"og:image\" content=\"https:\/\/gorzow.news\/wp-content\/uploads\/2022\/08\/fotob-4628.jpg\" \/>\n\t<meta property=\"og:image:width\" content=\"1440\" \/>\n\t<meta property=\"og:image:height\" content=\"720\" \/>\n\t<meta property=\"og:image:type\" content=\"image\/jpeg\" \/>\n<meta name=\"author\" content=\"maciej\" \/>\n<meta name=\"twitter:card\" content=\"summary_large_image\" \/>\n<meta name=\"twitter:label1\" content=\"Napisane przez\" \/>\n\t<meta name=\"twitter:data1\" content=\"maciej\" \/>\n\t<meta name=\"twitter:label2\" content=\"Szacowany czas czytania\" \/>\n\t<meta name=\"twitter:data2\" content=\"3 minuty\" \/>\n<script type=\"application\/ld+json\" class=\"yoast-schema-graph\">{\"@context\":\"https:\\\/\\\/schema.org\",\"@graph\":[{\"@type\":\"Article\",\"@id\":\"https:\\\/\\\/gorzow.news\\\/index.php\\\/2022\\\/08\\\/23\\\/instalacja-upamietniajaca-sierpien-1982-fundamenty-wylane-nie-powinno-byc-badan-archeologicznych-zdjecia\\\/#article\",\"isPartOf\":{\"@id\":\"https:\\\/\\\/gorzow.news\\\/index.php\\\/2022\\\/08\\\/23\\\/instalacja-upamietniajaca-sierpien-1982-fundamenty-wylane-nie-powinno-byc-badan-archeologicznych-zdjecia\\\/\"},\"author\":{\"name\":\"maciej\",\"@id\":\"https:\\\/\\\/gorzow.news\\\/#\\\/schema\\\/person\\\/a1e5ab43166369f2ce236a1cd90995bb\"},\"headline\":\"Instalacja upami\u0119tniaj\u0105ca Sierpie\u0144 1982: Fundamenty wylane! Nie powinno by\u0107 bada\u0144 archeologicznych? (zdj\u0119cia)\",\"datePublished\":\"2022-08-23T08:56:53+00:00\",\"dateModified\":\"2022-08-23T08:56:57+00:00\",\"mainEntityOfPage\":{\"@id\":\"https:\\\/\\\/gorzow.news\\\/index.php\\\/2022\\\/08\\\/23\\\/instalacja-upamietniajaca-sierpien-1982-fundamenty-wylane-nie-powinno-byc-badan-archeologicznych-zdjecia\\\/\"},\"wordCount\":413,\"commentCount\":1,\"image\":{\"@id\":\"https:\\\/\\\/gorzow.news\\\/index.php\\\/2022\\\/08\\\/23\\\/instalacja-upamietniajaca-sierpien-1982-fundamenty-wylane-nie-powinno-byc-badan-archeologicznych-zdjecia\\\/#primaryimage\"},\"thumbnailUrl\":\"https:\\\/\\\/gorzow.news\\\/wp-content\\\/uploads\\\/2022\\\/08\\\/fotob-4628.jpg\",\"keywords\":[\"31 sierpnia 1982 r.\",\"Andrzej Duda\",\"Helena Ku\u0142ak-\u015awierblewska\",\"instalacja\",\"Jakub Cap\",\"Katarzyna Widera\",\"Landsberg\",\"prace archeologiczne\"],\"articleSection\":[\"Fakty i opinie\",\"Wiadomo\u015bci\"],\"inLanguage\":\"pl-PL\",\"potentialAction\":[{\"@type\":\"CommentAction\",\"name\":\"Comment\",\"target\":[\"https:\\\/\\\/gorzow.news\\\/index.php\\\/2022\\\/08\\\/23\\\/instalacja-upamietniajaca-sierpien-1982-fundamenty-wylane-nie-powinno-byc-badan-archeologicznych-zdjecia\\\/#respond\"]}]},{\"@type\":\"WebPage\",\"@id\":\"https:\\\/\\\/gorzow.news\\\/index.php\\\/2022\\\/08\\\/23\\\/instalacja-upamietniajaca-sierpien-1982-fundamenty-wylane-nie-powinno-byc-badan-archeologicznych-zdjecia\\\/\",\"url\":\"https:\\\/\\\/gorzow.news\\\/index.php\\\/2022\\\/08\\\/23\\\/instalacja-upamietniajaca-sierpien-1982-fundamenty-wylane-nie-powinno-byc-badan-archeologicznych-zdjecia\\\/\",\"name\":\"Instalacja upami\u0119tniaj\u0105ca Sierpie\u0144 1982: Fundamenty wylane! Nie powinno by\u0107 bada\u0144 archeologicznych? (zdj\u0119cia) - Gorz\u00f3w News\",\"isPartOf\":{\"@id\":\"https:\\\/\\\/gorzow.news\\\/#website\"},\"primaryImageOfPage\":{\"@id\":\"https:\\\/\\\/gorzow.news\\\/index.php\\\/2022\\\/08\\\/23\\\/instalacja-upamietniajaca-sierpien-1982-fundamenty-wylane-nie-powinno-byc-badan-archeologicznych-zdjecia\\\/#primaryimage\"},\"image\":{\"@id\":\"https:\\\/\\\/gorzow.news\\\/index.php\\\/2022\\\/08\\\/23\\\/instalacja-upamietniajaca-sierpien-1982-fundamenty-wylane-nie-powinno-byc-badan-archeologicznych-zdjecia\\\/#primaryimage\"},\"thumbnailUrl\":\"https:\\\/\\\/gorzow.news\\\/wp-content\\\/uploads\\\/2022\\\/08\\\/fotob-4628.jpg\",\"datePublished\":\"2022-08-23T08:56:53+00:00\",\"dateModified\":\"2022-08-23T08:56:57+00:00\",\"author\":{\"@id\":\"https:\\\/\\\/gorzow.news\\\/#\\\/schema\\\/person\\\/a1e5ab43166369f2ce236a1cd90995bb\"},\"breadcrumb\":{\"@id\":\"https:\\\/\\\/gorzow.news\\\/index.php\\\/2022\\\/08\\\/23\\\/instalacja-upamietniajaca-sierpien-1982-fundamenty-wylane-nie-powinno-byc-badan-archeologicznych-zdjecia\\\/#breadcrumb\"},\"inLanguage\":\"pl-PL\",\"potentialAction\":[{\"@type\":\"ReadAction\",\"target\":[\"https:\\\/\\\/gorzow.news\\\/index.php\\\/2022\\\/08\\\/23\\\/instalacja-upamietniajaca-sierpien-1982-fundamenty-wylane-nie-powinno-byc-badan-archeologicznych-zdjecia\\\/\"]}]},{\"@type\":\"ImageObject\",\"inLanguage\":\"pl-PL\",\"@id\":\"https:\\\/\\\/gorzow.news\\\/index.php\\\/2022\\\/08\\\/23\\\/instalacja-upamietniajaca-sierpien-1982-fundamenty-wylane-nie-powinno-byc-badan-archeologicznych-zdjecia\\\/#primaryimage\",\"url\":\"https:\\\/\\\/gorzow.news\\\/wp-content\\\/uploads\\\/2022\\\/08\\\/fotob-4628.jpg\",\"contentUrl\":\"https:\\\/\\\/gorzow.news\\\/wp-content\\\/uploads\\\/2022\\\/08\\\/fotob-4628.jpg\",\"width\":1440,\"height\":720,\"caption\":\"Wylane fundamenty pod instalacj\u0119 upami\u0119tniaj\u0105c\u0105 wydarzenia z 31 sierpnia 1982 roku. fot. Bart\u0142omiej Nowosielski\"},{\"@type\":\"BreadcrumbList\",\"@id\":\"https:\\\/\\\/gorzow.news\\\/index.php\\\/2022\\\/08\\\/23\\\/instalacja-upamietniajaca-sierpien-1982-fundamenty-wylane-nie-powinno-byc-badan-archeologicznych-zdjecia\\\/#breadcrumb\",\"itemListElement\":[{\"@type\":\"ListItem\",\"position\":1,\"name\":\"Home\",\"item\":\"https:\\\/\\\/gorzow.news\\\/\"},{\"@type\":\"ListItem\",\"position\":2,\"name\":\"Instalacja upami\u0119tniaj\u0105ca Sierpie\u0144 1982: Fundamenty wylane! Nie powinno by\u0107 bada\u0144 archeologicznych? (zdj\u0119cia)\"}]},{\"@type\":\"WebSite\",\"@id\":\"https:\\\/\\\/gorzow.news\\\/#website\",\"url\":\"https:\\\/\\\/gorzow.news\\\/\",\"name\":\"Gorz\u00f3w News\",\"description\":\"Sp\u00f3jrz inaczej na miato i region...\",\"potentialAction\":[{\"@type\":\"SearchAction\",\"target\":{\"@type\":\"EntryPoint\",\"urlTemplate\":\"https:\\\/\\\/gorzow.news\\\/?s={search_term_string}\"},\"query-input\":{\"@type\":\"PropertyValueSpecification\",\"valueRequired\":true,\"valueName\":\"search_term_string\"}}],\"inLanguage\":\"pl-PL\"},{\"@type\":\"Person\",\"@id\":\"https:\\\/\\\/gorzow.news\\\/#\\\/schema\\\/person\\\/a1e5ab43166369f2ce236a1cd90995bb\",\"name\":\"maciej\",\"image\":{\"@type\":\"ImageObject\",\"inLanguage\":\"pl-PL\",\"@id\":\"https:\\\/\\\/secure.gravatar.com\\\/avatar\\\/530a674d56ba60cfa0ef21d74e8e8d123a51bb7aa6580465b5c2ab2c2e980a19?s=96&r=g&d=https:\\\/\\\/gorzow.news\\\/wp-content\\\/plugins\\\/userswp\\\/assets\\\/images\\\/no_profile.png\",\"url\":\"https:\\\/\\\/secure.gravatar.com\\\/avatar\\\/530a674d56ba60cfa0ef21d74e8e8d123a51bb7aa6580465b5c2ab2c2e980a19?s=96&r=g&d=https:\\\/\\\/gorzow.news\\\/wp-content\\\/plugins\\\/userswp\\\/assets\\\/images\\\/no_profile.png\",\"contentUrl\":\"https:\\\/\\\/secure.gravatar.com\\\/avatar\\\/530a674d56ba60cfa0ef21d74e8e8d123a51bb7aa6580465b5c2ab2c2e980a19?s=96&r=g&d=https:\\\/\\\/gorzow.news\\\/wp-content\\\/plugins\\\/userswp\\\/assets\\\/images\\\/no_profile.png\",\"caption\":\"maciej\"},\"url\":\"https:\\\/\\\/gorzow.news\\\/index.php\\\/profile\\\/maciej\\\/\"}]}<\/script>\n<!-- \/ Yoast SEO plugin. -->","yoast_head_json":{"title":"Instalacja upami\u0119tniaj\u0105ca Sierpie\u0144 1982: Fundamenty wylane! Nie powinno by\u0107 bada\u0144 archeologicznych? (zdj\u0119cia) - Gorz\u00f3w News","robots":{"index":"index","follow":"follow","max-snippet":"max-snippet:-1","max-image-preview":"max-image-preview:large","max-video-preview":"max-video-preview:-1"},"canonical":"https:\/\/gorzow.news\/index.php\/2022\/08\/23\/instalacja-upamietniajaca-sierpien-1982-fundamenty-wylane-nie-powinno-byc-badan-archeologicznych-zdjecia\/","og_locale":"pl_PL","og_type":"article","og_title":"Instalacja upami\u0119tniaj\u0105ca Sierpie\u0144 1982: Fundamenty wylane! Nie powinno by\u0107 bada\u0144 archeologicznych? (zdj\u0119cia) - Gorz\u00f3w News","og_description":"Na skwerze 31 Sierpnia 1982 r. trwa monta\u017c instalacji artystycznej upami\u0119tniaj\u0105cej wydarzenia tego dnia w naszym mie\u015bcie. Na redakcyjn\u0105 skrzynk\u0119","og_url":"https:\/\/gorzow.news\/index.php\/2022\/08\/23\/instalacja-upamietniajaca-sierpien-1982-fundamenty-wylane-nie-powinno-byc-badan-archeologicznych-zdjecia\/","og_site_name":"Gorz\u00f3w News","article_publisher":"https:\/\/www.facebook.com\/gorzowskinews","article_published_time":"2022-08-23T08:56:53+00:00","article_modified_time":"2022-08-23T08:56:57+00:00","og_image":[{"width":1440,"height":720,"url":"https:\/\/gorzow.news\/wp-content\/uploads\/2022\/08\/fotob-4628.jpg","type":"image\/jpeg"}],"author":"maciej","twitter_card":"summary_large_image","twitter_misc":{"Napisane przez":"maciej","Szacowany czas czytania":"3 minuty"},"schema":{"@context":"https:\/\/schema.org","@graph":[{"@type":"Article","@id":"https:\/\/gorzow.news\/index.php\/2022\/08\/23\/instalacja-upamietniajaca-sierpien-1982-fundamenty-wylane-nie-powinno-byc-badan-archeologicznych-zdjecia\/#article","isPartOf":{"@id":"https:\/\/gorzow.news\/index.php\/2022\/08\/23\/instalacja-upamietniajaca-sierpien-1982-fundamenty-wylane-nie-powinno-byc-badan-archeologicznych-zdjecia\/"},"author":{"name":"maciej","@id":"https:\/\/gorzow.news\/#\/schema\/person\/a1e5ab43166369f2ce236a1cd90995bb"},"headline":"Instalacja upami\u0119tniaj\u0105ca Sierpie\u0144 1982: Fundamenty wylane! Nie powinno by\u0107 bada\u0144 archeologicznych? (zdj\u0119cia)","datePublished":"2022-08-23T08:56:53+00:00","dateModified":"2022-08-23T08:56:57+00:00","mainEntityOfPage":{"@id":"https:\/\/gorzow.news\/index.php\/2022\/08\/23\/instalacja-upamietniajaca-sierpien-1982-fundamenty-wylane-nie-powinno-byc-badan-archeologicznych-zdjecia\/"},"wordCount":413,"commentCount":1,"image":{"@id":"https:\/\/gorzow.news\/index.php\/2022\/08\/23\/instalacja-upamietniajaca-sierpien-1982-fundamenty-wylane-nie-powinno-byc-badan-archeologicznych-zdjecia\/#primaryimage"},"thumbnailUrl":"https:\/\/gorzow.news\/wp-content\/uploads\/2022\/08\/fotob-4628.jpg","keywords":["31 sierpnia 1982 r.","Andrzej Duda","Helena Ku\u0142ak-\u015awierblewska","instalacja","Jakub Cap","Katarzyna Widera","Landsberg","prace archeologiczne"],"articleSection":["Fakty i opinie","Wiadomo\u015bci"],"inLanguage":"pl-PL","potentialAction":[{"@type":"CommentAction","name":"Comment","target":["https:\/\/gorzow.news\/index.php\/2022\/08\/23\/instalacja-upamietniajaca-sierpien-1982-fundamenty-wylane-nie-powinno-byc-badan-archeologicznych-zdjecia\/#respond"]}]},{"@type":"WebPage","@id":"https:\/\/gorzow.news\/index.php\/2022\/08\/23\/instalacja-upamietniajaca-sierpien-1982-fundamenty-wylane-nie-powinno-byc-badan-archeologicznych-zdjecia\/","url":"https:\/\/gorzow.news\/index.php\/2022\/08\/23\/instalacja-upamietniajaca-sierpien-1982-fundamenty-wylane-nie-powinno-byc-badan-archeologicznych-zdjecia\/","name":"Instalacja upami\u0119tniaj\u0105ca Sierpie\u0144 1982: Fundamenty wylane! Nie powinno by\u0107 bada\u0144 archeologicznych? (zdj\u0119cia) - Gorz\u00f3w News","isPartOf":{"@id":"https:\/\/gorzow.news\/#website"},"primaryImageOfPage":{"@id":"https:\/\/gorzow.news\/index.php\/2022\/08\/23\/instalacja-upamietniajaca-sierpien-1982-fundamenty-wylane-nie-powinno-byc-badan-archeologicznych-zdjecia\/#primaryimage"},"image":{"@id":"https:\/\/gorzow.news\/index.php\/2022\/08\/23\/instalacja-upamietniajaca-sierpien-1982-fundamenty-wylane-nie-powinno-byc-badan-archeologicznych-zdjecia\/#primaryimage"},"thumbnailUrl":"https:\/\/gorzow.news\/wp-content\/uploads\/2022\/08\/fotob-4628.jpg","datePublished":"2022-08-23T08:56:53+00:00","dateModified":"2022-08-23T08:56:57+00:00","author":{"@id":"https:\/\/gorzow.news\/#\/schema\/person\/a1e5ab43166369f2ce236a1cd90995bb"},"breadcrumb":{"@id":"https:\/\/gorzow.news\/index.php\/2022\/08\/23\/instalacja-upamietniajaca-sierpien-1982-fundamenty-wylane-nie-powinno-byc-badan-archeologicznych-zdjecia\/#breadcrumb"},"inLanguage":"pl-PL","potentialAction":[{"@type":"ReadAction","target":["https:\/\/gorzow.news\/index.php\/2022\/08\/23\/instalacja-upamietniajaca-sierpien-1982-fundamenty-wylane-nie-powinno-byc-badan-archeologicznych-zdjecia\/"]}]},{"@type":"ImageObject","inLanguage":"pl-PL","@id":"https:\/\/gorzow.news\/index.php\/2022\/08\/23\/instalacja-upamietniajaca-sierpien-1982-fundamenty-wylane-nie-powinno-byc-badan-archeologicznych-zdjecia\/#primaryimage","url":"https:\/\/gorzow.news\/wp-content\/uploads\/2022\/08\/fotob-4628.jpg","contentUrl":"https:\/\/gorzow.news\/wp-content\/uploads\/2022\/08\/fotob-4628.jpg","width":1440,"height":720,"caption":"Wylane fundamenty pod instalacj\u0119 upami\u0119tniaj\u0105c\u0105 wydarzenia z 31 sierpnia 1982 roku. fot. Bart\u0142omiej Nowosielski"},{"@type":"BreadcrumbList","@id":"https:\/\/gorzow.news\/index.php\/2022\/08\/23\/instalacja-upamietniajaca-sierpien-1982-fundamenty-wylane-nie-powinno-byc-badan-archeologicznych-zdjecia\/#breadcrumb","itemListElement":[{"@type":"ListItem","position":1,"name":"Home","item":"https:\/\/gorzow.news\/"},{"@type":"ListItem","position":2,"name":"Instalacja upami\u0119tniaj\u0105ca Sierpie\u0144 1982: Fundamenty wylane! Nie powinno by\u0107 bada\u0144 archeologicznych? (zdj\u0119cia)"}]},{"@type":"WebSite","@id":"https:\/\/gorzow.news\/#website","url":"https:\/\/gorzow.news\/","name":"Gorz\u00f3w News","description":"Sp\u00f3jrz inaczej na miato i region...","potentialAction":[{"@type":"SearchAction","target":{"@type":"EntryPoint","urlTemplate":"https:\/\/gorzow.news\/?s={search_term_string}"},"query-input":{"@type":"PropertyValueSpecification","valueRequired":true,"valueName":"search_term_string"}}],"inLanguage":"pl-PL"},{"@type":"Person","@id":"https:\/\/gorzow.news\/#\/schema\/person\/a1e5ab43166369f2ce236a1cd90995bb","name":"maciej","image":{"@type":"ImageObject","inLanguage":"pl-PL","@id":"https:\/\/secure.gravatar.com\/avatar\/530a674d56ba60cfa0ef21d74e8e8d123a51bb7aa6580465b5c2ab2c2e980a19?s=96&r=g&d=https:\/\/gorzow.news\/wp-content\/plugins\/userswp\/assets\/images\/no_profile.png","url":"https:\/\/secure.gravatar.com\/avatar\/530a674d56ba60cfa0ef21d74e8e8d123a51bb7aa6580465b5c2ab2c2e980a19?s=96&r=g&d=https:\/\/gorzow.news\/wp-content\/plugins\/userswp\/assets\/images\/no_profile.png","contentUrl":"https:\/\/secure.gravatar.com\/avatar\/530a674d56ba60cfa0ef21d74e8e8d123a51bb7aa6580465b5c2ab2c2e980a19?s=96&r=g&d=https:\/\/gorzow.news\/wp-content\/plugins\/userswp\/assets\/images\/no_profile.png","caption":"maciej"},"url":"https:\/\/gorzow.news\/index.php\/profile\/maciej\/"}]}},"_links":{"self":[{"href":"https:\/\/gorzow.news\/index.php\/wp-json\/wp\/v2\/posts\/9219","targetHints":{"allow":["GET"]}}],"collection":[{"href":"https:\/\/gorzow.news\/index.php\/wp-json\/wp\/v2\/posts"}],"about":[{"href":"https:\/\/gorzow.news\/index.php\/wp-json\/wp\/v2\/types\/post"}],"author":[{"embeddable":true,"href":"https:\/\/gorzow.news\/index.php\/wp-json\/wp\/v2\/users\/1"}],"replies":[{"embeddable":true,"href":"https:\/\/gorzow.news\/index.php\/wp-json\/wp\/v2\/comments?post=9219"}],"version-history":[{"count":0,"href":"https:\/\/gorzow.news\/index.php\/wp-json\/wp\/v2\/posts\/9219\/revisions"}],"wp:featuredmedia":[{"embeddable":true,"href":"https:\/\/gorzow.news\/index.php\/wp-json\/wp\/v2\/media\/9220"}],"wp:attachment":[{"href":"https:\/\/gorzow.news\/index.php\/wp-json\/wp\/v2\/media?parent=9219"}],"wp:term":[{"taxonomy":"category","embeddable":true,"href":"https:\/\/gorzow.news\/index.php\/wp-json\/wp\/v2\/categories?post=9219"},{"taxonomy":"post_tag","embeddable":true,"href":"https:\/\/gorzow.news\/index.php\/wp-json\/wp\/v2\/tags?post=9219"}],"curies":[{"name":"wp","href":"https:\/\/api.w.org\/{rel}","templated":true}]}}