{"id":9003,"date":"2022-08-12T11:36:35","date_gmt":"2022-08-12T09:36:35","guid":{"rendered":"https:\/\/gorzow.news\/?p=9003"},"modified":"2022-12-12T10:09:29","modified_gmt":"2022-12-12T09:09:29","slug":"nova-park-od-wrzesnia-bez-sklepu-spozywczego","status":"publish","type":"post","link":"https:\/\/gorzow.news\/index.php\/2022\/08\/12\/nova-park-od-wrzesnia-bez-sklepu-spozywczego\/","title":{"rendered":"NoVa Park od wrze\u015bnia bez sklepu spo\u017cywczego!"},"content":{"rendered":"\n<p><strong>Tylko do ko\u0144ca wakacji czynny b\u0119dzie mieszcz\u0105cy si\u0119 w NoVa Park supermarket SPAR. Sklep przynosi\u0142 holenderskiej sieci straty i ostatecznie zostanie zamkni\u0119ty. Co powstanie w jego miejsce?<\/strong><\/p>\n\n\n\n<p>Od momentu otwarcia NoVa Park w kwietniu 2012 roku w centrum handlowym funkcjonowa\u0142 supermarket polskiej sieci Piotr i Pawe\u0142. W pa\u017adzierniku 2019 roku wi\u0119kszo\u015b\u0107 udzia\u0142\u00f3w w zad\u0142u\u017conej sieci naby\u0142a holenderska sp\u00f3\u0142ka Spar Group i w kolejnym roku na du\u017co mniejszej powierzchni (1.100 mkw.) otworzy\u0142a supermarket SPAR. Ten od pocz\u0105tku mia\u0142 problemy z przyci\u0105gni\u0119ciem sporej ilo\u015bci klient\u00f3w. Trudno by\u0142o spotka\u0107 tu osoby, kt\u00f3re robi\u0142by w nim codzienne zakupy. \u015amia\u0142o mo\u017cna stwierdzi\u0107, \u017ce sklep zwyczajnie nie przyj\u0105\u0142 si\u0119 w tym miejscu.<\/p>\n\n\n\n<p>Co powstanie w wolnym miejscu po zamkni\u0119ciu supermarketu? Trudno sobie wyobrazi\u0107 tej wielko\u015bci centrum handlowe bez sklepu spo\u017cywczego. Naturalnym wydaje si\u0119, \u017ce zarz\u0105dca NoVa Park b\u0119dzie szuka\u0142 najemcy, kt\u00f3ry powsta\u0142a luk\u0119 zape\u0142ni. Najlepszym rozwi\u0105zaniem zar\u00f3wno dla zarz\u0105dcy, jak i klient\u00f3w b\u0119dzie przekornie do inwestycji jedn\u0105 z sieci dyskont\u00f3w.<\/p>\n\n\n\n<p>W tym kierunku posz\u0142a cho\u0107by Galeria Askana, kt\u00f3ra po bankructwie delikates\u00f3w Bomi, a p\u00f3\u017aniej zawirowaniach z funkcjonowaniem Chaty Polskiej postawi\u0142a w 2013 roku na lidera dyskont\u00f3w w Polsce &#8211; Biedronk\u0119. To, \u017ce by\u0142o to dobre posuni\u0119cie nie trzeba nikogo przekonywa\u0107.<\/p>\n\n\n\n<p>W NoVa Park, problem nie b\u0119dzie tak\u017ce zmniejszona powierzchnia sklepu przy przebudowie po Piotrze i Pawle. Do dyspozycji nowego najemcy b\u0119dzie 1.100 mkw. Biedronka w Galerii Askana funkcjonuje co prawda na 1.200 mkw. ale \u015brednia powierzchnia sklep\u00f3w tej sieci wynosi troch\u0119 ponad 700 mkw. Je\u015bli chodzi o Lidla, to on operuje na znacznie wi\u0119kszych powierzchniach. \u015arednia wielko\u015b\u0107 sklep\u00f3w Lidla wynosi 1.200 mkw. Jednak i ta sie\u0107 spokojnie zmie\u015bci\u0142aby sw\u00f3j sklep w najwi\u0119kszym centrum handlowym w mie\u015bcie.<\/p>\n\n\n\n<p>Je\u015bli jednak szukaliby\u015bmy problemu, to Biedronka jeden ze swoich dyskont\u00f3w ma zlokalizowany tu\u017c obok NoVa Park przy ul. Przemys\u0142owej. Najbli\u017cszy sklep Lidl zlokalizowany jest natomiast przy ul. Grobla. W tym przypadku mo\u017cna zada\u0107 pytanie &#8211; a mo\u017ce Netto w formacie 3.0? Powierzchniowo te\u017c nie by\u0142oby problemu, bo sie\u0107 sklepy w nowym formacie otwiera na powierzchniach oko\u0142o 800 mkw. Jednak i sklep tej du\u0144skiej sieci\u00f3wki zlokalizowany jest w okolicy NoVa Park przy ul. Fabrycznej.<\/p>\n\n\n\n<p><strong>Przeczytaj te\u017c:<\/strong><br>&#8211; <a href=\"https:\/\/gorzow.news\/index.php\/2022\/08\/02\/nowy-market-przy-koniawskiej-na-zakanalu-prawie-gotowy-jaka-siec-kiedy-otwarcie-zdjecia\/\">Nowy market przy Koniawskiej na Zakanalu prawie gotowy! Jaka sie\u0107? Kiedy otwarcie? (zdj\u0119cia)<\/a><br>&#8211; <a href=\"https:\/\/gorzow.news\/index.php\/2022\/08\/01\/demolka-w-pawilonie-po-komforcie-przebudowa-pod-aldi-trwa-na-calego-zdjecia\/\">Demolka w pawilonie po Komforcie! Przebudowa pod ALDI trwa na ca\u0142ego! (zdj\u0119cia)<\/a><br>&#8211; <a href=\"https:\/\/gorzow.news\/index.php\/2022\/07\/20\/wiemy-jak-bedzie-wygladal-park-handlowy-z-biedronka-przy-niepodleglosci-wizualizacje-zdjecia\/\">Wiemy, jak b\u0119dzie wygl\u0105da\u0142 park handlowy z Biedronk\u0105 przy Niepodleg\u0142o\u015bci! (wizualizacje, zdj\u0119cia)<\/a><br>&#8211; <a href=\"https:\/\/gorzow.news\/index.php\/2022\/07\/11\/rusza-kolejny-etap-przebudowy-pawilonu-po-tesco-bedzie-tu-park-handlowy-s1-ile-sklepow-zdjecia\/\">Rusza kolejny etap przebudowy pawilonu po Tesco. B\u0119dzie tu park handlowy S1! Ile sklep\u00f3w? (zdj\u0119cia)<\/a><br>&#8211; <a href=\"https:\/\/gorzow.news\/index.php\/2022\/07\/01\/nowoczesne-i-inne-niz-pozostale-netto-przy-mysliborskiej-pnie-sie-do-gory-zdjecia\/\">Nowoczesne i inne ni\u017c pozosta\u0142e! Netto przy My\u015bliborskiej pnie si\u0119 do g\u00f3ry (zdj\u0119cia)<\/a><\/p>\n\n\n\n<figure class=\"wp-block-image size-large\"><img loading=\"lazy\" decoding=\"async\" width=\"1024\" height=\"484\" src=\"https:\/\/gorzow.news\/wp-content\/uploads\/2022\/08\/IMG_20220811_163924-1024x484.jpg\" alt=\"\" class=\"wp-image-9005\" srcset=\"https:\/\/gorzow.news\/wp-content\/uploads\/2022\/08\/IMG_20220811_163924-1024x484.jpg 1024w, https:\/\/gorzow.news\/wp-content\/uploads\/2022\/08\/IMG_20220811_163924-300x142.jpg 300w, https:\/\/gorzow.news\/wp-content\/uploads\/2022\/08\/IMG_20220811_163924-768x363.jpg 768w, https:\/\/gorzow.news\/wp-content\/uploads\/2022\/08\/IMG_20220811_163924-1536x727.jpg 1536w, https:\/\/gorzow.news\/wp-content\/uploads\/2022\/08\/IMG_20220811_163924-696x329.jpg 696w, https:\/\/gorzow.news\/wp-content\/uploads\/2022\/08\/IMG_20220811_163924-1068x505.jpg 1068w, https:\/\/gorzow.news\/wp-content\/uploads\/2022\/08\/IMG_20220811_163924.jpg 1600w\" sizes=\"auto, (max-width: 1024px) 100vw, 1024px\" \/><\/figure>\n","protected":false},"excerpt":{"rendered":"<p>Tylko do ko\u0144ca wakacji czynny b\u0119dzie mieszcz\u0105cy si\u0119 w NoVa Park supermarket SPAR. Sklep przynosi\u0142 holenderskiej sieci straty i ostatecznie zostanie zamkni\u0119ty. Co powstanie w jego miejsce?<\/p>\n","protected":false},"author":1,"featured_media":9004,"comment_status":"open","ping_status":"open","sticky":false,"template":"","format":"standard","meta":{"footnotes":"","_links_to":"","_links_to_target":""},"categories":[51,589],"tags":[127,1621,1622,419,1465,83,113,97,1620,949,1619],"class_list":{"0":"post-9003","1":"post","2":"type-post","3":"status-publish","4":"format-standard","5":"has-post-thumbnail","7":"category-biznes","8":"category-wiadomosci","9":"tag-biedronka","10":"tag-bomi","11":"tag-chata-polska","12":"tag-fabryczna","13":"tag-grobla","14":"tag-lidl","15":"tag-netto","16":"tag-nova-park","17":"tag-piotr-i-pawel","18":"tag-przemyslowa","19":"tag-spar"},"yoast_head":"<!-- This site is optimized with the Yoast SEO plugin v27.3 - https:\/\/yoast.com\/product\/yoast-seo-wordpress\/ -->\n<title>NoVa Park od wrze\u015bnia bez sklepu spo\u017cywczego! - Gorz\u00f3w News<\/title>\n<meta name=\"description\" content=\"Tylko do ko\u0144ca wakacji czynny b\u0119dzie mieszcz\u0105cy si\u0119 w NoVa Park supermarket SPAR. Sklep przynosi\u0142 holenderskiej sieci straty i ostatecznie zostan\" \/>\n<meta name=\"robots\" content=\"index, follow, max-snippet:-1, max-image-preview:large, max-video-preview:-1\" \/>\n<link rel=\"canonical\" href=\"https:\/\/gorzow.news\/index.php\/2022\/08\/12\/nova-park-od-wrzesnia-bez-sklepu-spozywczego\/\" \/>\n<meta property=\"og:locale\" content=\"pl_PL\" \/>\n<meta property=\"og:type\" content=\"article\" \/>\n<meta property=\"og:title\" content=\"NoVa Park od wrze\u015bnia bez sklepu spo\u017cywczego! - Gorz\u00f3w News\" \/>\n<meta property=\"og:description\" content=\"Tylko do ko\u0144ca wakacji czynny b\u0119dzie mieszcz\u0105cy si\u0119 w NoVa Park supermarket SPAR. Sklep przynosi\u0142 holenderskiej sieci straty i ostatecznie zostan\" \/>\n<meta property=\"og:url\" content=\"https:\/\/gorzow.news\/index.php\/2022\/08\/12\/nova-park-od-wrzesnia-bez-sklepu-spozywczego\/\" \/>\n<meta property=\"og:site_name\" content=\"Gorz\u00f3w News\" \/>\n<meta property=\"article:publisher\" content=\"https:\/\/www.facebook.com\/gorzowskinews\" \/>\n<meta property=\"article:published_time\" content=\"2022-08-12T09:36:35+00:00\" \/>\n<meta property=\"article:modified_time\" content=\"2022-12-12T09:09:29+00:00\" \/>\n<meta property=\"og:image\" content=\"https:\/\/gorzow.news\/wp-content\/uploads\/2022\/08\/IMG_20220811_163955_2.jpg\" \/>\n\t<meta property=\"og:image:width\" content=\"1600\" \/>\n\t<meta property=\"og:image:height\" content=\"757\" \/>\n\t<meta property=\"og:image:type\" content=\"image\/jpeg\" \/>\n<meta name=\"author\" content=\"maciej\" \/>\n<meta name=\"twitter:card\" content=\"summary_large_image\" \/>\n<meta name=\"twitter:label1\" content=\"Napisane przez\" \/>\n\t<meta name=\"twitter:data1\" content=\"maciej\" \/>\n\t<meta name=\"twitter:label2\" content=\"Szacowany czas czytania\" \/>\n\t<meta name=\"twitter:data2\" content=\"3 minuty\" \/>\n<script type=\"application\/ld+json\" class=\"yoast-schema-graph\">{\"@context\":\"https:\\\/\\\/schema.org\",\"@graph\":[{\"@type\":\"Article\",\"@id\":\"https:\\\/\\\/gorzow.news\\\/index.php\\\/2022\\\/08\\\/12\\\/nova-park-od-wrzesnia-bez-sklepu-spozywczego\\\/#article\",\"isPartOf\":{\"@id\":\"https:\\\/\\\/gorzow.news\\\/index.php\\\/2022\\\/08\\\/12\\\/nova-park-od-wrzesnia-bez-sklepu-spozywczego\\\/\"},\"author\":{\"name\":\"maciej\",\"@id\":\"https:\\\/\\\/gorzow.news\\\/#\\\/schema\\\/person\\\/a1e5ab43166369f2ce236a1cd90995bb\"},\"headline\":\"NoVa Park od wrze\u015bnia bez sklepu spo\u017cywczego!\",\"datePublished\":\"2022-08-12T09:36:35+00:00\",\"dateModified\":\"2022-12-12T09:09:29+00:00\",\"mainEntityOfPage\":{\"@id\":\"https:\\\/\\\/gorzow.news\\\/index.php\\\/2022\\\/08\\\/12\\\/nova-park-od-wrzesnia-bez-sklepu-spozywczego\\\/\"},\"wordCount\":498,\"commentCount\":3,\"image\":{\"@id\":\"https:\\\/\\\/gorzow.news\\\/index.php\\\/2022\\\/08\\\/12\\\/nova-park-od-wrzesnia-bez-sklepu-spozywczego\\\/#primaryimage\"},\"thumbnailUrl\":\"https:\\\/\\\/gorzow.news\\\/wp-content\\\/uploads\\\/2022\\\/08\\\/IMG_20220811_163955_2.jpg\",\"keywords\":[\"Biedronka\",\"Bomi\",\"Chata Polska\",\"Fabryczna\",\"Grobla\",\"Lidl\",\"Netto\",\"Nova Park\",\"Piotr i Pawe\u0142\",\"Przemys\u0142owa\",\"SPAR\"],\"articleSection\":[\"Biznes\",\"Wiadomo\u015bci\"],\"inLanguage\":\"pl-PL\",\"potentialAction\":[{\"@type\":\"CommentAction\",\"name\":\"Comment\",\"target\":[\"https:\\\/\\\/gorzow.news\\\/index.php\\\/2022\\\/08\\\/12\\\/nova-park-od-wrzesnia-bez-sklepu-spozywczego\\\/#respond\"]}]},{\"@type\":\"WebPage\",\"@id\":\"https:\\\/\\\/gorzow.news\\\/index.php\\\/2022\\\/08\\\/12\\\/nova-park-od-wrzesnia-bez-sklepu-spozywczego\\\/\",\"url\":\"https:\\\/\\\/gorzow.news\\\/index.php\\\/2022\\\/08\\\/12\\\/nova-park-od-wrzesnia-bez-sklepu-spozywczego\\\/\",\"name\":\"NoVa Park od wrze\u015bnia bez sklepu spo\u017cywczego! - Gorz\u00f3w News\",\"isPartOf\":{\"@id\":\"https:\\\/\\\/gorzow.news\\\/#website\"},\"primaryImageOfPage\":{\"@id\":\"https:\\\/\\\/gorzow.news\\\/index.php\\\/2022\\\/08\\\/12\\\/nova-park-od-wrzesnia-bez-sklepu-spozywczego\\\/#primaryimage\"},\"image\":{\"@id\":\"https:\\\/\\\/gorzow.news\\\/index.php\\\/2022\\\/08\\\/12\\\/nova-park-od-wrzesnia-bez-sklepu-spozywczego\\\/#primaryimage\"},\"thumbnailUrl\":\"https:\\\/\\\/gorzow.news\\\/wp-content\\\/uploads\\\/2022\\\/08\\\/IMG_20220811_163955_2.jpg\",\"datePublished\":\"2022-08-12T09:36:35+00:00\",\"dateModified\":\"2022-12-12T09:09:29+00:00\",\"author\":{\"@id\":\"https:\\\/\\\/gorzow.news\\\/#\\\/schema\\\/person\\\/a1e5ab43166369f2ce236a1cd90995bb\"},\"description\":\"Tylko do ko\u0144ca wakacji czynny b\u0119dzie mieszcz\u0105cy si\u0119 w NoVa Park supermarket SPAR. Sklep przynosi\u0142 holenderskiej sieci straty i ostatecznie zostanie zamkni\u0119ty. Co powstanie w jego miejsce?\",\"breadcrumb\":{\"@id\":\"https:\\\/\\\/gorzow.news\\\/index.php\\\/2022\\\/08\\\/12\\\/nova-park-od-wrzesnia-bez-sklepu-spozywczego\\\/#breadcrumb\"},\"inLanguage\":\"pl-PL\",\"potentialAction\":[{\"@type\":\"ReadAction\",\"target\":[\"https:\\\/\\\/gorzow.news\\\/index.php\\\/2022\\\/08\\\/12\\\/nova-park-od-wrzesnia-bez-sklepu-spozywczego\\\/\"]}]},{\"@type\":\"ImageObject\",\"inLanguage\":\"pl-PL\",\"@id\":\"https:\\\/\\\/gorzow.news\\\/index.php\\\/2022\\\/08\\\/12\\\/nova-park-od-wrzesnia-bez-sklepu-spozywczego\\\/#primaryimage\",\"url\":\"https:\\\/\\\/gorzow.news\\\/wp-content\\\/uploads\\\/2022\\\/08\\\/IMG_20220811_163955_2.jpg\",\"contentUrl\":\"https:\\\/\\\/gorzow.news\\\/wp-content\\\/uploads\\\/2022\\\/08\\\/IMG_20220811_163955_2.jpg\",\"width\":1600,\"height\":757},{\"@type\":\"BreadcrumbList\",\"@id\":\"https:\\\/\\\/gorzow.news\\\/index.php\\\/2022\\\/08\\\/12\\\/nova-park-od-wrzesnia-bez-sklepu-spozywczego\\\/#breadcrumb\",\"itemListElement\":[{\"@type\":\"ListItem\",\"position\":1,\"name\":\"Home\",\"item\":\"https:\\\/\\\/gorzow.news\\\/\"},{\"@type\":\"ListItem\",\"position\":2,\"name\":\"NoVa Park od wrze\u015bnia bez sklepu spo\u017cywczego!\"}]},{\"@type\":\"WebSite\",\"@id\":\"https:\\\/\\\/gorzow.news\\\/#website\",\"url\":\"https:\\\/\\\/gorzow.news\\\/\",\"name\":\"Gorz\u00f3w News\",\"description\":\"Sp\u00f3jrz inaczej na miato i region...\",\"potentialAction\":[{\"@type\":\"SearchAction\",\"target\":{\"@type\":\"EntryPoint\",\"urlTemplate\":\"https:\\\/\\\/gorzow.news\\\/?s={search_term_string}\"},\"query-input\":{\"@type\":\"PropertyValueSpecification\",\"valueRequired\":true,\"valueName\":\"search_term_string\"}}],\"inLanguage\":\"pl-PL\"},{\"@type\":\"Person\",\"@id\":\"https:\\\/\\\/gorzow.news\\\/#\\\/schema\\\/person\\\/a1e5ab43166369f2ce236a1cd90995bb\",\"name\":\"maciej\",\"image\":{\"@type\":\"ImageObject\",\"inLanguage\":\"pl-PL\",\"@id\":\"https:\\\/\\\/secure.gravatar.com\\\/avatar\\\/530a674d56ba60cfa0ef21d74e8e8d123a51bb7aa6580465b5c2ab2c2e980a19?s=96&r=g&d=https:\\\/\\\/gorzow.news\\\/wp-content\\\/plugins\\\/userswp\\\/assets\\\/images\\\/no_profile.png\",\"url\":\"https:\\\/\\\/secure.gravatar.com\\\/avatar\\\/530a674d56ba60cfa0ef21d74e8e8d123a51bb7aa6580465b5c2ab2c2e980a19?s=96&r=g&d=https:\\\/\\\/gorzow.news\\\/wp-content\\\/plugins\\\/userswp\\\/assets\\\/images\\\/no_profile.png\",\"contentUrl\":\"https:\\\/\\\/secure.gravatar.com\\\/avatar\\\/530a674d56ba60cfa0ef21d74e8e8d123a51bb7aa6580465b5c2ab2c2e980a19?s=96&r=g&d=https:\\\/\\\/gorzow.news\\\/wp-content\\\/plugins\\\/userswp\\\/assets\\\/images\\\/no_profile.png\",\"caption\":\"maciej\"},\"url\":\"https:\\\/\\\/gorzow.news\\\/index.php\\\/profile\\\/maciej\\\/\"}]}<\/script>\n<!-- \/ Yoast SEO plugin. -->","yoast_head_json":{"title":"NoVa Park od wrze\u015bnia bez sklepu spo\u017cywczego! - Gorz\u00f3w News","description":"Tylko do ko\u0144ca wakacji czynny b\u0119dzie mieszcz\u0105cy si\u0119 w NoVa Park supermarket SPAR. Sklep przynosi\u0142 holenderskiej sieci straty i ostatecznie zostan","robots":{"index":"index","follow":"follow","max-snippet":"max-snippet:-1","max-image-preview":"max-image-preview:large","max-video-preview":"max-video-preview:-1"},"canonical":"https:\/\/gorzow.news\/index.php\/2022\/08\/12\/nova-park-od-wrzesnia-bez-sklepu-spozywczego\/","og_locale":"pl_PL","og_type":"article","og_title":"NoVa Park od wrze\u015bnia bez sklepu spo\u017cywczego! - Gorz\u00f3w News","og_description":"Tylko do ko\u0144ca wakacji czynny b\u0119dzie mieszcz\u0105cy si\u0119 w NoVa Park supermarket SPAR. Sklep przynosi\u0142 holenderskiej sieci straty i ostatecznie zostan","og_url":"https:\/\/gorzow.news\/index.php\/2022\/08\/12\/nova-park-od-wrzesnia-bez-sklepu-spozywczego\/","og_site_name":"Gorz\u00f3w News","article_publisher":"https:\/\/www.facebook.com\/gorzowskinews","article_published_time":"2022-08-12T09:36:35+00:00","article_modified_time":"2022-12-12T09:09:29+00:00","og_image":[{"width":1600,"height":757,"url":"https:\/\/gorzow.news\/wp-content\/uploads\/2022\/08\/IMG_20220811_163955_2.jpg","type":"image\/jpeg"}],"author":"maciej","twitter_card":"summary_large_image","twitter_misc":{"Napisane przez":"maciej","Szacowany czas czytania":"3 minuty"},"schema":{"@context":"https:\/\/schema.org","@graph":[{"@type":"Article","@id":"https:\/\/gorzow.news\/index.php\/2022\/08\/12\/nova-park-od-wrzesnia-bez-sklepu-spozywczego\/#article","isPartOf":{"@id":"https:\/\/gorzow.news\/index.php\/2022\/08\/12\/nova-park-od-wrzesnia-bez-sklepu-spozywczego\/"},"author":{"name":"maciej","@id":"https:\/\/gorzow.news\/#\/schema\/person\/a1e5ab43166369f2ce236a1cd90995bb"},"headline":"NoVa Park od wrze\u015bnia bez sklepu spo\u017cywczego!","datePublished":"2022-08-12T09:36:35+00:00","dateModified":"2022-12-12T09:09:29+00:00","mainEntityOfPage":{"@id":"https:\/\/gorzow.news\/index.php\/2022\/08\/12\/nova-park-od-wrzesnia-bez-sklepu-spozywczego\/"},"wordCount":498,"commentCount":3,"image":{"@id":"https:\/\/gorzow.news\/index.php\/2022\/08\/12\/nova-park-od-wrzesnia-bez-sklepu-spozywczego\/#primaryimage"},"thumbnailUrl":"https:\/\/gorzow.news\/wp-content\/uploads\/2022\/08\/IMG_20220811_163955_2.jpg","keywords":["Biedronka","Bomi","Chata Polska","Fabryczna","Grobla","Lidl","Netto","Nova Park","Piotr i Pawe\u0142","Przemys\u0142owa","SPAR"],"articleSection":["Biznes","Wiadomo\u015bci"],"inLanguage":"pl-PL","potentialAction":[{"@type":"CommentAction","name":"Comment","target":["https:\/\/gorzow.news\/index.php\/2022\/08\/12\/nova-park-od-wrzesnia-bez-sklepu-spozywczego\/#respond"]}]},{"@type":"WebPage","@id":"https:\/\/gorzow.news\/index.php\/2022\/08\/12\/nova-park-od-wrzesnia-bez-sklepu-spozywczego\/","url":"https:\/\/gorzow.news\/index.php\/2022\/08\/12\/nova-park-od-wrzesnia-bez-sklepu-spozywczego\/","name":"NoVa Park od wrze\u015bnia bez sklepu spo\u017cywczego! - Gorz\u00f3w News","isPartOf":{"@id":"https:\/\/gorzow.news\/#website"},"primaryImageOfPage":{"@id":"https:\/\/gorzow.news\/index.php\/2022\/08\/12\/nova-park-od-wrzesnia-bez-sklepu-spozywczego\/#primaryimage"},"image":{"@id":"https:\/\/gorzow.news\/index.php\/2022\/08\/12\/nova-park-od-wrzesnia-bez-sklepu-spozywczego\/#primaryimage"},"thumbnailUrl":"https:\/\/gorzow.news\/wp-content\/uploads\/2022\/08\/IMG_20220811_163955_2.jpg","datePublished":"2022-08-12T09:36:35+00:00","dateModified":"2022-12-12T09:09:29+00:00","author":{"@id":"https:\/\/gorzow.news\/#\/schema\/person\/a1e5ab43166369f2ce236a1cd90995bb"},"description":"Tylko do ko\u0144ca wakacji czynny b\u0119dzie mieszcz\u0105cy si\u0119 w NoVa Park supermarket SPAR. Sklep przynosi\u0142 holenderskiej sieci straty i ostatecznie zostanie zamkni\u0119ty. Co powstanie w jego miejsce?","breadcrumb":{"@id":"https:\/\/gorzow.news\/index.php\/2022\/08\/12\/nova-park-od-wrzesnia-bez-sklepu-spozywczego\/#breadcrumb"},"inLanguage":"pl-PL","potentialAction":[{"@type":"ReadAction","target":["https:\/\/gorzow.news\/index.php\/2022\/08\/12\/nova-park-od-wrzesnia-bez-sklepu-spozywczego\/"]}]},{"@type":"ImageObject","inLanguage":"pl-PL","@id":"https:\/\/gorzow.news\/index.php\/2022\/08\/12\/nova-park-od-wrzesnia-bez-sklepu-spozywczego\/#primaryimage","url":"https:\/\/gorzow.news\/wp-content\/uploads\/2022\/08\/IMG_20220811_163955_2.jpg","contentUrl":"https:\/\/gorzow.news\/wp-content\/uploads\/2022\/08\/IMG_20220811_163955_2.jpg","width":1600,"height":757},{"@type":"BreadcrumbList","@id":"https:\/\/gorzow.news\/index.php\/2022\/08\/12\/nova-park-od-wrzesnia-bez-sklepu-spozywczego\/#breadcrumb","itemListElement":[{"@type":"ListItem","position":1,"name":"Home","item":"https:\/\/gorzow.news\/"},{"@type":"ListItem","position":2,"name":"NoVa Park od wrze\u015bnia bez sklepu spo\u017cywczego!"}]},{"@type":"WebSite","@id":"https:\/\/gorzow.news\/#website","url":"https:\/\/gorzow.news\/","name":"Gorz\u00f3w News","description":"Sp\u00f3jrz inaczej na miato i region...","potentialAction":[{"@type":"SearchAction","target":{"@type":"EntryPoint","urlTemplate":"https:\/\/gorzow.news\/?s={search_term_string}"},"query-input":{"@type":"PropertyValueSpecification","valueRequired":true,"valueName":"search_term_string"}}],"inLanguage":"pl-PL"},{"@type":"Person","@id":"https:\/\/gorzow.news\/#\/schema\/person\/a1e5ab43166369f2ce236a1cd90995bb","name":"maciej","image":{"@type":"ImageObject","inLanguage":"pl-PL","@id":"https:\/\/secure.gravatar.com\/avatar\/530a674d56ba60cfa0ef21d74e8e8d123a51bb7aa6580465b5c2ab2c2e980a19?s=96&r=g&d=https:\/\/gorzow.news\/wp-content\/plugins\/userswp\/assets\/images\/no_profile.png","url":"https:\/\/secure.gravatar.com\/avatar\/530a674d56ba60cfa0ef21d74e8e8d123a51bb7aa6580465b5c2ab2c2e980a19?s=96&r=g&d=https:\/\/gorzow.news\/wp-content\/plugins\/userswp\/assets\/images\/no_profile.png","contentUrl":"https:\/\/secure.gravatar.com\/avatar\/530a674d56ba60cfa0ef21d74e8e8d123a51bb7aa6580465b5c2ab2c2e980a19?s=96&r=g&d=https:\/\/gorzow.news\/wp-content\/plugins\/userswp\/assets\/images\/no_profile.png","caption":"maciej"},"url":"https:\/\/gorzow.news\/index.php\/profile\/maciej\/"}]}},"_links":{"self":[{"href":"https:\/\/gorzow.news\/index.php\/wp-json\/wp\/v2\/posts\/9003","targetHints":{"allow":["GET"]}}],"collection":[{"href":"https:\/\/gorzow.news\/index.php\/wp-json\/wp\/v2\/posts"}],"about":[{"href":"https:\/\/gorzow.news\/index.php\/wp-json\/wp\/v2\/types\/post"}],"author":[{"embeddable":true,"href":"https:\/\/gorzow.news\/index.php\/wp-json\/wp\/v2\/users\/1"}],"replies":[{"embeddable":true,"href":"https:\/\/gorzow.news\/index.php\/wp-json\/wp\/v2\/comments?post=9003"}],"version-history":[{"count":0,"href":"https:\/\/gorzow.news\/index.php\/wp-json\/wp\/v2\/posts\/9003\/revisions"}],"wp:featuredmedia":[{"embeddable":true,"href":"https:\/\/gorzow.news\/index.php\/wp-json\/wp\/v2\/media\/9004"}],"wp:attachment":[{"href":"https:\/\/gorzow.news\/index.php\/wp-json\/wp\/v2\/media?parent=9003"}],"wp:term":[{"taxonomy":"category","embeddable":true,"href":"https:\/\/gorzow.news\/index.php\/wp-json\/wp\/v2\/categories?post=9003"},{"taxonomy":"post_tag","embeddable":true,"href":"https:\/\/gorzow.news\/index.php\/wp-json\/wp\/v2\/tags?post=9003"}],"curies":[{"name":"wp","href":"https:\/\/api.w.org\/{rel}","templated":true}]}}