{"id":8985,"date":"2022-08-11T13:05:31","date_gmt":"2022-08-11T11:05:31","guid":{"rendered":"https:\/\/gorzow.news\/?p=8985"},"modified":"2022-08-11T13:05:33","modified_gmt":"2022-08-11T11:05:33","slug":"stary-dom-towarowy-zamkniety-co-tu-bedzie-zdjecia","status":"publish","type":"post","link":"https:\/\/gorzow.news\/index.php\/2022\/08\/11\/stary-dom-towarowy-zamkniety-co-tu-bedzie-zdjecia\/","title":{"rendered":"Stary Dom Towarowy zamkni\u0119ty! Co tu b\u0119dzie? (zdj\u0119cia)"},"content":{"rendered":"\n<p><strong>Kiedy\u015b t\u0119tni\u0142 \u017cyciem. W Starym Domu Towarowym przy ulicy Sikorskiego zakupy mo\u017cna by\u0142o zrobi\u0107 na trzech kondygnacjach. W czerwcu wyprowadzili si\u0119 z niego ostatni najemcy. Budynek stoi od miesi\u0105ca pusty i czeka na lepsze czasy\u2026<\/strong><\/p>\n\n\n\n<p>Wielu gorzowian robi\u0142o tu regularnie zakupy. W najlepszym okresie by\u0142o trzeba si\u0119 wspina\u0107 na drugie pi\u0119tro, aby dotrze\u0107 do wybranych sklep\u00f3w. P\u00f3\u017aniej zamkni\u0119to drugie pi\u0119tro. Ten sam los spotka\u0142 kilka lat temu r\u00f3wnie\u017c pierwsze pi\u0119tro. W ostatnim czasie nie wiele dzia\u0142o si\u0119 r\u00f3wnie\u017c na parterze. Jednak do ko\u0144ca mo\u017cna by\u0142o tu kupi\u0107 obuwie i zrobi\u0107 zdj\u0119cia do dokument\u00f3w. Z ko\u0144cem czerwca tego roku Stary Dom Towarowy zosta\u0142 ostatecznie zamkni\u0119ty.<\/p>\n\n\n\n<p>Kamienica, w kt\u00f3rej mie\u015bci\u0142 si\u0119 Stary Dom Towarowy usytuowana jest w samym centrum miasta, tu\u017c obok Urz\u0119du Miasta. W 2008 jej nowym w\u0142a\u015bcicielem zosta\u0142a wroc\u0142awska sp\u00f3\u0142ka INTER-ES, kt\u00f3ra w \u00f3wczesnym czasie prowadzi\u0142a tu jeden z sieci swoich sklep\u00f3w komputerowych Shift. Obecnie sp\u00f3\u0142ka zajmuje si\u0119 budow\u0105 budynk\u00f3w wielorodzinnych we Wroc\u0142awiu.<\/p>\n\n\n\n<p>Warto te\u017c przypomnie\u0107, \u017ce w pa\u017adzierniku 2017 roku zapali\u0142 si\u0119 dach kamienicy w wyniku prowadzonych prac dekarskich. Po\u017car zosta\u0142 na szcz\u0119\u015bcie szybko ugaszony.<\/p>\n\n\n\n<p>Jeszcze kilka lat temu w\u0142a\u015bciciel kamienicy planowa\u0142 jej remont. Mia\u0142a w nim powsta\u0107 powierzchnia pod biura. O obecne plany zwi\u0105zane z kamienic\u0105 postanowili\u015bmy spyta\u0107 w siedzibie jej w\u0142a\u015bciciela. &#8211; Budynek w Gorzowie zosta\u0142 wystawiony na sprzeda\u017c. Jest te\u017c mo\u017cliwo\u015b\u0107 wynajmu ca\u0142ej kamienicy. Nie b\u0119dziemy ju\u017c prowadzili w budynku wynajmu cz\u0119\u015bciowej powierzchni pod sklepy &#8211; us\u0142yszeli\u015bmy.<\/p>\n\n\n\n<p><strong>Przeczytaj te\u017c:<\/strong><br>&#8211; <a href=\"https:\/\/gorzow.news\/index.php\/2022\/08\/02\/nowy-market-przy-koniawskiej-na-zakanalu-prawie-gotowy-jaka-siec-kiedy-otwarcie-zdjecia\/\">Nowy market przy Koniawskiej na Zakanalu prawie gotowy! Jaka sie\u0107? Kiedy otwarcie? (zdj\u0119cia)<\/a><br>&#8211; <a href=\"https:\/\/gorzow.news\/index.php\/2022\/08\/01\/demolka-w-pawilonie-po-komforcie-przebudowa-pod-aldi-trwa-na-calego-zdjecia\/\">Demolka w pawilonie po Komforcie! Przebudowa pod ALDI trwa na ca\u0142ego! (zdj\u0119cia)<\/a><br>&#8211; <a href=\"https:\/\/gorzow.news\/index.php\/2022\/07\/20\/wiemy-jak-bedzie-wygladal-park-handlowy-z-biedronka-przy-niepodleglosci-wizualizacje-zdjecia\/\">Wiemy, jak b\u0119dzie wygl\u0105da\u0142 park handlowy z Biedronk\u0105 przy Niepodleg\u0142o\u015bci! (wizualizacje, zdj\u0119cia)<\/a><\/p>\n\n\n\n<figure class=\"wp-block-image size-large\"><img loading=\"lazy\" decoding=\"async\" width=\"1024\" height=\"484\" src=\"https:\/\/gorzow.news\/wp-content\/uploads\/2022\/08\/IMG_20220809_165840-1024x484.jpg\" alt=\"\" class=\"wp-image-8989\" srcset=\"https:\/\/gorzow.news\/wp-content\/uploads\/2022\/08\/IMG_20220809_165840-1024x484.jpg?v=1660215826 1024w, https:\/\/gorzow.news\/wp-content\/uploads\/2022\/08\/IMG_20220809_165840-300x142.jpg?v=1660215826 300w, https:\/\/gorzow.news\/wp-content\/uploads\/2022\/08\/IMG_20220809_165840-768x363.jpg?v=1660215826 768w, https:\/\/gorzow.news\/wp-content\/uploads\/2022\/08\/IMG_20220809_165840-1536x727.jpg?v=1660215826 1536w, https:\/\/gorzow.news\/wp-content\/uploads\/2022\/08\/IMG_20220809_165840-696x329.jpg?v=1660215826 696w, https:\/\/gorzow.news\/wp-content\/uploads\/2022\/08\/IMG_20220809_165840-1068x505.jpg?v=1660215826 1068w, https:\/\/gorzow.news\/wp-content\/uploads\/2022\/08\/IMG_20220809_165840.jpg?v=1660215826 1600w\" sizes=\"auto, (max-width: 1024px) 100vw, 1024px\" \/><\/figure>\n\n\n\n<figure class=\"wp-block-image size-large\"><img loading=\"lazy\" decoding=\"async\" width=\"1024\" height=\"484\" src=\"https:\/\/gorzow.news\/wp-content\/uploads\/2022\/08\/IMG_20220809_165914_1-1024x484.jpg\" alt=\"\" class=\"wp-image-8990\" srcset=\"https:\/\/gorzow.news\/wp-content\/uploads\/2022\/08\/IMG_20220809_165914_1-1024x484.jpg?v=1660215829 1024w, https:\/\/gorzow.news\/wp-content\/uploads\/2022\/08\/IMG_20220809_165914_1-300x142.jpg?v=1660215829 300w, https:\/\/gorzow.news\/wp-content\/uploads\/2022\/08\/IMG_20220809_165914_1-768x363.jpg?v=1660215829 768w, https:\/\/gorzow.news\/wp-content\/uploads\/2022\/08\/IMG_20220809_165914_1-1536x727.jpg?v=1660215829 1536w, https:\/\/gorzow.news\/wp-content\/uploads\/2022\/08\/IMG_20220809_165914_1-696x329.jpg?v=1660215829 696w, https:\/\/gorzow.news\/wp-content\/uploads\/2022\/08\/IMG_20220809_165914_1-1068x505.jpg?v=1660215829 1068w, https:\/\/gorzow.news\/wp-content\/uploads\/2022\/08\/IMG_20220809_165914_1.jpg?v=1660215829 1600w\" sizes=\"auto, (max-width: 1024px) 100vw, 1024px\" \/><\/figure>\n\n\n\n<figure class=\"wp-block-image size-large\"><img loading=\"lazy\" decoding=\"async\" width=\"1024\" height=\"484\" src=\"https:\/\/gorzow.news\/wp-content\/uploads\/2022\/08\/IMG_20220801_123339-1024x484.jpg\" alt=\"\" class=\"wp-image-8988\" srcset=\"https:\/\/gorzow.news\/wp-content\/uploads\/2022\/08\/IMG_20220801_123339-1024x484.jpg?v=1660215822 1024w, https:\/\/gorzow.news\/wp-content\/uploads\/2022\/08\/IMG_20220801_123339-300x142.jpg?v=1660215822 300w, https:\/\/gorzow.news\/wp-content\/uploads\/2022\/08\/IMG_20220801_123339-768x363.jpg?v=1660215822 768w, https:\/\/gorzow.news\/wp-content\/uploads\/2022\/08\/IMG_20220801_123339-1536x727.jpg?v=1660215822 1536w, https:\/\/gorzow.news\/wp-content\/uploads\/2022\/08\/IMG_20220801_123339-696x329.jpg?v=1660215822 696w, https:\/\/gorzow.news\/wp-content\/uploads\/2022\/08\/IMG_20220801_123339-1068x505.jpg?v=1660215822 1068w, https:\/\/gorzow.news\/wp-content\/uploads\/2022\/08\/IMG_20220801_123339.jpg?v=1660215822 1600w\" sizes=\"auto, (max-width: 1024px) 100vw, 1024px\" \/><\/figure>\n\n\n\n<figure class=\"wp-block-image size-large\"><img loading=\"lazy\" decoding=\"async\" width=\"1024\" height=\"484\" src=\"https:\/\/gorzow.news\/wp-content\/uploads\/2022\/08\/IMG_20220809_170202_2-1024x484.jpg\" alt=\"\" class=\"wp-image-8991\" srcset=\"https:\/\/gorzow.news\/wp-content\/uploads\/2022\/08\/IMG_20220809_170202_2-1024x484.jpg?v=1660215832 1024w, https:\/\/gorzow.news\/wp-content\/uploads\/2022\/08\/IMG_20220809_170202_2-300x142.jpg?v=1660215832 300w, https:\/\/gorzow.news\/wp-content\/uploads\/2022\/08\/IMG_20220809_170202_2-768x363.jpg?v=1660215832 768w, https:\/\/gorzow.news\/wp-content\/uploads\/2022\/08\/IMG_20220809_170202_2-1536x727.jpg?v=1660215832 1536w, https:\/\/gorzow.news\/wp-content\/uploads\/2022\/08\/IMG_20220809_170202_2-696x329.jpg?v=1660215832 696w, https:\/\/gorzow.news\/wp-content\/uploads\/2022\/08\/IMG_20220809_170202_2-1068x505.jpg?v=1660215832 1068w, https:\/\/gorzow.news\/wp-content\/uploads\/2022\/08\/IMG_20220809_170202_2.jpg?v=1660215832 1600w\" sizes=\"auto, (max-width: 1024px) 100vw, 1024px\" \/><\/figure>\n\n\n\n<figure class=\"wp-block-image size-large\"><img loading=\"lazy\" decoding=\"async\" width=\"1024\" height=\"484\" src=\"https:\/\/gorzow.news\/wp-content\/uploads\/2022\/08\/IMG_20220801_123253_1-1024x484.jpg\" alt=\"\" class=\"wp-image-8987\" srcset=\"https:\/\/gorzow.news\/wp-content\/uploads\/2022\/08\/IMG_20220801_123253_1-1024x484.jpg?v=1660215819 1024w, https:\/\/gorzow.news\/wp-content\/uploads\/2022\/08\/IMG_20220801_123253_1-300x142.jpg?v=1660215819 300w, https:\/\/gorzow.news\/wp-content\/uploads\/2022\/08\/IMG_20220801_123253_1-768x363.jpg?v=1660215819 768w, https:\/\/gorzow.news\/wp-content\/uploads\/2022\/08\/IMG_20220801_123253_1-1536x727.jpg?v=1660215819 1536w, https:\/\/gorzow.news\/wp-content\/uploads\/2022\/08\/IMG_20220801_123253_1-696x329.jpg?v=1660215819 696w, https:\/\/gorzow.news\/wp-content\/uploads\/2022\/08\/IMG_20220801_123253_1-1068x505.jpg?v=1660215819 1068w, https:\/\/gorzow.news\/wp-content\/uploads\/2022\/08\/IMG_20220801_123253_1.jpg?v=1660215819 1600w\" sizes=\"auto, (max-width: 1024px) 100vw, 1024px\" \/><\/figure>\n","protected":false},"excerpt":{"rendered":"<p>Kiedy\u015b t\u0119tni\u0142 \u017cyciem. W Starym Domu Towarowym przy ulicy Sikorskiego zakupy mo\u017cna by\u0142o zrobi\u0107 na trzech kondygnacjach. W czerwcu wyprowadzili si\u0119 z niego ostatni najemcy. Budynek stoi od miesi\u0105ca pusty i czeka na lepsze czasy\u2026<\/p>\n","protected":false},"author":1,"featured_media":8986,"comment_status":"open","ping_status":"open","sticky":false,"template":"","format":"standard","meta":{"footnotes":"","_links_to":"","_links_to_target":""},"categories":[591,589],"tags":[1611,1612,180,1610,323],"class_list":{"0":"post-8985","1":"post","2":"type-post","3":"status-publish","4":"format-standard","5":"has-post-thumbnail","7":"category-nieruchomosci2","8":"category-wiadomosci","9":"tag-inter-es","10":"tag-shift","12":"tag-stary-dom-towarowy","13":"tag-urzad-miasta"},"yoast_head":"<!-- This site is optimized with the Yoast SEO plugin v27.3 - https:\/\/yoast.com\/product\/yoast-seo-wordpress\/ -->\n<title>Stary Dom Towarowy zamkni\u0119ty! Co tu b\u0119dzie? (zdj\u0119cia) - Gorz\u00f3w News<\/title>\n<meta name=\"description\" content=\"Kiedy\u015b t\u0119tni\u0142 \u017cyciem. W Starym Domu Towarowym przy ulicy Sikorskiego zakupy mo\u017cna by\u0142o zrobi\u0107 na trzech kondygnacjach. W czerwcu wyprowadzili s\" \/>\n<meta name=\"robots\" content=\"index, follow, max-snippet:-1, max-image-preview:large, max-video-preview:-1\" \/>\n<link rel=\"canonical\" href=\"https:\/\/gorzow.news\/index.php\/2022\/08\/11\/stary-dom-towarowy-zamkniety-co-tu-bedzie-zdjecia\/\" \/>\n<meta property=\"og:locale\" content=\"pl_PL\" \/>\n<meta property=\"og:type\" content=\"article\" \/>\n<meta property=\"og:title\" content=\"Stary Dom Towarowy zamkni\u0119ty! Co tu b\u0119dzie? (zdj\u0119cia) - Gorz\u00f3w News\" \/>\n<meta property=\"og:description\" content=\"Kiedy\u015b t\u0119tni\u0142 \u017cyciem. W Starym Domu Towarowym przy ulicy Sikorskiego zakupy mo\u017cna by\u0142o zrobi\u0107 na trzech kondygnacjach. W czerwcu wyprowadzili s\" \/>\n<meta property=\"og:url\" content=\"https:\/\/gorzow.news\/index.php\/2022\/08\/11\/stary-dom-towarowy-zamkniety-co-tu-bedzie-zdjecia\/\" \/>\n<meta property=\"og:site_name\" content=\"Gorz\u00f3w News\" \/>\n<meta property=\"article:publisher\" content=\"https:\/\/www.facebook.com\/gorzowskinews\" \/>\n<meta property=\"article:published_time\" content=\"2022-08-11T11:05:31+00:00\" \/>\n<meta property=\"article:modified_time\" content=\"2022-08-11T11:05:33+00:00\" \/>\n<meta property=\"og:image\" content=\"https:\/\/gorzow.news\/wp-content\/uploads\/2022\/08\/IMG_20220809_170046_1.jpg\" \/>\n\t<meta property=\"og:image:width\" content=\"1600\" \/>\n\t<meta property=\"og:image:height\" content=\"757\" \/>\n\t<meta property=\"og:image:type\" content=\"image\/jpeg\" \/>\n<meta name=\"author\" content=\"maciej\" \/>\n<meta name=\"twitter:card\" content=\"summary_large_image\" \/>\n<meta name=\"twitter:label1\" content=\"Napisane przez\" \/>\n\t<meta name=\"twitter:data1\" content=\"maciej\" \/>\n\t<meta name=\"twitter:label2\" content=\"Szacowany czas czytania\" \/>\n\t<meta name=\"twitter:data2\" content=\"3 minuty\" \/>\n<script type=\"application\/ld+json\" class=\"yoast-schema-graph\">{\"@context\":\"https:\\\/\\\/schema.org\",\"@graph\":[{\"@type\":\"Article\",\"@id\":\"https:\\\/\\\/gorzow.news\\\/index.php\\\/2022\\\/08\\\/11\\\/stary-dom-towarowy-zamkniety-co-tu-bedzie-zdjecia\\\/#article\",\"isPartOf\":{\"@id\":\"https:\\\/\\\/gorzow.news\\\/index.php\\\/2022\\\/08\\\/11\\\/stary-dom-towarowy-zamkniety-co-tu-bedzie-zdjecia\\\/\"},\"author\":{\"name\":\"maciej\",\"@id\":\"https:\\\/\\\/gorzow.news\\\/#\\\/schema\\\/person\\\/a1e5ab43166369f2ce236a1cd90995bb\"},\"headline\":\"Stary Dom Towarowy zamkni\u0119ty! Co tu b\u0119dzie? (zdj\u0119cia)\",\"datePublished\":\"2022-08-11T11:05:31+00:00\",\"dateModified\":\"2022-08-11T11:05:33+00:00\",\"mainEntityOfPage\":{\"@id\":\"https:\\\/\\\/gorzow.news\\\/index.php\\\/2022\\\/08\\\/11\\\/stary-dom-towarowy-zamkniety-co-tu-bedzie-zdjecia\\\/\"},\"wordCount\":342,\"commentCount\":0,\"image\":{\"@id\":\"https:\\\/\\\/gorzow.news\\\/index.php\\\/2022\\\/08\\\/11\\\/stary-dom-towarowy-zamkniety-co-tu-bedzie-zdjecia\\\/#primaryimage\"},\"thumbnailUrl\":\"https:\\\/\\\/gorzow.news\\\/wp-content\\\/uploads\\\/2022\\\/08\\\/IMG_20220809_170046_1.jpg\",\"keywords\":[\"INTER-ES\",\"Shift\",\"Sikorskiego\",\"Stary Dom Towarowy\",\"Urz\u0105d Miasta\"],\"articleSection\":[\"Nieruchomo\u015bci2\",\"Wiadomo\u015bci\"],\"inLanguage\":\"pl-PL\",\"potentialAction\":[{\"@type\":\"CommentAction\",\"name\":\"Comment\",\"target\":[\"https:\\\/\\\/gorzow.news\\\/index.php\\\/2022\\\/08\\\/11\\\/stary-dom-towarowy-zamkniety-co-tu-bedzie-zdjecia\\\/#respond\"]}]},{\"@type\":\"WebPage\",\"@id\":\"https:\\\/\\\/gorzow.news\\\/index.php\\\/2022\\\/08\\\/11\\\/stary-dom-towarowy-zamkniety-co-tu-bedzie-zdjecia\\\/\",\"url\":\"https:\\\/\\\/gorzow.news\\\/index.php\\\/2022\\\/08\\\/11\\\/stary-dom-towarowy-zamkniety-co-tu-bedzie-zdjecia\\\/\",\"name\":\"Stary Dom Towarowy zamkni\u0119ty! Co tu b\u0119dzie? (zdj\u0119cia) - Gorz\u00f3w News\",\"isPartOf\":{\"@id\":\"https:\\\/\\\/gorzow.news\\\/#website\"},\"primaryImageOfPage\":{\"@id\":\"https:\\\/\\\/gorzow.news\\\/index.php\\\/2022\\\/08\\\/11\\\/stary-dom-towarowy-zamkniety-co-tu-bedzie-zdjecia\\\/#primaryimage\"},\"image\":{\"@id\":\"https:\\\/\\\/gorzow.news\\\/index.php\\\/2022\\\/08\\\/11\\\/stary-dom-towarowy-zamkniety-co-tu-bedzie-zdjecia\\\/#primaryimage\"},\"thumbnailUrl\":\"https:\\\/\\\/gorzow.news\\\/wp-content\\\/uploads\\\/2022\\\/08\\\/IMG_20220809_170046_1.jpg\",\"datePublished\":\"2022-08-11T11:05:31+00:00\",\"dateModified\":\"2022-08-11T11:05:33+00:00\",\"author\":{\"@id\":\"https:\\\/\\\/gorzow.news\\\/#\\\/schema\\\/person\\\/a1e5ab43166369f2ce236a1cd90995bb\"},\"description\":\"Kiedy\u015b t\u0119tni\u0142 \u017cyciem. W Starym Domu Towarowym przy ulicy Sikorskiego zakupy mo\u017cna by\u0142o zrobi\u0107 na trzech kondygnacjach. W czerwcu wyprowadzili si\u0119 z niego ostatni najemcy. Budynek stoi od miesi\u0105ca pusty i czeka na lepsze czasy\u2026\",\"breadcrumb\":{\"@id\":\"https:\\\/\\\/gorzow.news\\\/index.php\\\/2022\\\/08\\\/11\\\/stary-dom-towarowy-zamkniety-co-tu-bedzie-zdjecia\\\/#breadcrumb\"},\"inLanguage\":\"pl-PL\",\"potentialAction\":[{\"@type\":\"ReadAction\",\"target\":[\"https:\\\/\\\/gorzow.news\\\/index.php\\\/2022\\\/08\\\/11\\\/stary-dom-towarowy-zamkniety-co-tu-bedzie-zdjecia\\\/\"]}]},{\"@type\":\"ImageObject\",\"inLanguage\":\"pl-PL\",\"@id\":\"https:\\\/\\\/gorzow.news\\\/index.php\\\/2022\\\/08\\\/11\\\/stary-dom-towarowy-zamkniety-co-tu-bedzie-zdjecia\\\/#primaryimage\",\"url\":\"https:\\\/\\\/gorzow.news\\\/wp-content\\\/uploads\\\/2022\\\/08\\\/IMG_20220809_170046_1.jpg\",\"contentUrl\":\"https:\\\/\\\/gorzow.news\\\/wp-content\\\/uploads\\\/2022\\\/08\\\/IMG_20220809_170046_1.jpg\",\"width\":1600,\"height\":757},{\"@type\":\"BreadcrumbList\",\"@id\":\"https:\\\/\\\/gorzow.news\\\/index.php\\\/2022\\\/08\\\/11\\\/stary-dom-towarowy-zamkniety-co-tu-bedzie-zdjecia\\\/#breadcrumb\",\"itemListElement\":[{\"@type\":\"ListItem\",\"position\":1,\"name\":\"Home\",\"item\":\"https:\\\/\\\/gorzow.news\\\/\"},{\"@type\":\"ListItem\",\"position\":2,\"name\":\"Stary Dom Towarowy zamkni\u0119ty! Co tu b\u0119dzie? (zdj\u0119cia)\"}]},{\"@type\":\"WebSite\",\"@id\":\"https:\\\/\\\/gorzow.news\\\/#website\",\"url\":\"https:\\\/\\\/gorzow.news\\\/\",\"name\":\"Gorz\u00f3w News\",\"description\":\"Sp\u00f3jrz inaczej na miato i region...\",\"potentialAction\":[{\"@type\":\"SearchAction\",\"target\":{\"@type\":\"EntryPoint\",\"urlTemplate\":\"https:\\\/\\\/gorzow.news\\\/?s={search_term_string}\"},\"query-input\":{\"@type\":\"PropertyValueSpecification\",\"valueRequired\":true,\"valueName\":\"search_term_string\"}}],\"inLanguage\":\"pl-PL\"},{\"@type\":\"Person\",\"@id\":\"https:\\\/\\\/gorzow.news\\\/#\\\/schema\\\/person\\\/a1e5ab43166369f2ce236a1cd90995bb\",\"name\":\"maciej\",\"image\":{\"@type\":\"ImageObject\",\"inLanguage\":\"pl-PL\",\"@id\":\"https:\\\/\\\/secure.gravatar.com\\\/avatar\\\/530a674d56ba60cfa0ef21d74e8e8d123a51bb7aa6580465b5c2ab2c2e980a19?s=96&r=g&d=https:\\\/\\\/gorzow.news\\\/wp-content\\\/plugins\\\/userswp\\\/assets\\\/images\\\/no_profile.png\",\"url\":\"https:\\\/\\\/secure.gravatar.com\\\/avatar\\\/530a674d56ba60cfa0ef21d74e8e8d123a51bb7aa6580465b5c2ab2c2e980a19?s=96&r=g&d=https:\\\/\\\/gorzow.news\\\/wp-content\\\/plugins\\\/userswp\\\/assets\\\/images\\\/no_profile.png\",\"contentUrl\":\"https:\\\/\\\/secure.gravatar.com\\\/avatar\\\/530a674d56ba60cfa0ef21d74e8e8d123a51bb7aa6580465b5c2ab2c2e980a19?s=96&r=g&d=https:\\\/\\\/gorzow.news\\\/wp-content\\\/plugins\\\/userswp\\\/assets\\\/images\\\/no_profile.png\",\"caption\":\"maciej\"},\"url\":\"https:\\\/\\\/gorzow.news\\\/index.php\\\/profile\\\/maciej\\\/\"}]}<\/script>\n<!-- \/ Yoast SEO plugin. -->","yoast_head_json":{"title":"Stary Dom Towarowy zamkni\u0119ty! Co tu b\u0119dzie? (zdj\u0119cia) - Gorz\u00f3w News","description":"Kiedy\u015b t\u0119tni\u0142 \u017cyciem. W Starym Domu Towarowym przy ulicy Sikorskiego zakupy mo\u017cna by\u0142o zrobi\u0107 na trzech kondygnacjach. W czerwcu wyprowadzili s","robots":{"index":"index","follow":"follow","max-snippet":"max-snippet:-1","max-image-preview":"max-image-preview:large","max-video-preview":"max-video-preview:-1"},"canonical":"https:\/\/gorzow.news\/index.php\/2022\/08\/11\/stary-dom-towarowy-zamkniety-co-tu-bedzie-zdjecia\/","og_locale":"pl_PL","og_type":"article","og_title":"Stary Dom Towarowy zamkni\u0119ty! Co tu b\u0119dzie? (zdj\u0119cia) - Gorz\u00f3w News","og_description":"Kiedy\u015b t\u0119tni\u0142 \u017cyciem. W Starym Domu Towarowym przy ulicy Sikorskiego zakupy mo\u017cna by\u0142o zrobi\u0107 na trzech kondygnacjach. W czerwcu wyprowadzili s","og_url":"https:\/\/gorzow.news\/index.php\/2022\/08\/11\/stary-dom-towarowy-zamkniety-co-tu-bedzie-zdjecia\/","og_site_name":"Gorz\u00f3w News","article_publisher":"https:\/\/www.facebook.com\/gorzowskinews","article_published_time":"2022-08-11T11:05:31+00:00","article_modified_time":"2022-08-11T11:05:33+00:00","og_image":[{"width":1600,"height":757,"url":"https:\/\/gorzow.news\/wp-content\/uploads\/2022\/08\/IMG_20220809_170046_1.jpg","type":"image\/jpeg"}],"author":"maciej","twitter_card":"summary_large_image","twitter_misc":{"Napisane przez":"maciej","Szacowany czas czytania":"3 minuty"},"schema":{"@context":"https:\/\/schema.org","@graph":[{"@type":"Article","@id":"https:\/\/gorzow.news\/index.php\/2022\/08\/11\/stary-dom-towarowy-zamkniety-co-tu-bedzie-zdjecia\/#article","isPartOf":{"@id":"https:\/\/gorzow.news\/index.php\/2022\/08\/11\/stary-dom-towarowy-zamkniety-co-tu-bedzie-zdjecia\/"},"author":{"name":"maciej","@id":"https:\/\/gorzow.news\/#\/schema\/person\/a1e5ab43166369f2ce236a1cd90995bb"},"headline":"Stary Dom Towarowy zamkni\u0119ty! Co tu b\u0119dzie? (zdj\u0119cia)","datePublished":"2022-08-11T11:05:31+00:00","dateModified":"2022-08-11T11:05:33+00:00","mainEntityOfPage":{"@id":"https:\/\/gorzow.news\/index.php\/2022\/08\/11\/stary-dom-towarowy-zamkniety-co-tu-bedzie-zdjecia\/"},"wordCount":342,"commentCount":0,"image":{"@id":"https:\/\/gorzow.news\/index.php\/2022\/08\/11\/stary-dom-towarowy-zamkniety-co-tu-bedzie-zdjecia\/#primaryimage"},"thumbnailUrl":"https:\/\/gorzow.news\/wp-content\/uploads\/2022\/08\/IMG_20220809_170046_1.jpg","keywords":["INTER-ES","Shift","Sikorskiego","Stary Dom Towarowy","Urz\u0105d Miasta"],"articleSection":["Nieruchomo\u015bci2","Wiadomo\u015bci"],"inLanguage":"pl-PL","potentialAction":[{"@type":"CommentAction","name":"Comment","target":["https:\/\/gorzow.news\/index.php\/2022\/08\/11\/stary-dom-towarowy-zamkniety-co-tu-bedzie-zdjecia\/#respond"]}]},{"@type":"WebPage","@id":"https:\/\/gorzow.news\/index.php\/2022\/08\/11\/stary-dom-towarowy-zamkniety-co-tu-bedzie-zdjecia\/","url":"https:\/\/gorzow.news\/index.php\/2022\/08\/11\/stary-dom-towarowy-zamkniety-co-tu-bedzie-zdjecia\/","name":"Stary Dom Towarowy zamkni\u0119ty! Co tu b\u0119dzie? (zdj\u0119cia) - Gorz\u00f3w News","isPartOf":{"@id":"https:\/\/gorzow.news\/#website"},"primaryImageOfPage":{"@id":"https:\/\/gorzow.news\/index.php\/2022\/08\/11\/stary-dom-towarowy-zamkniety-co-tu-bedzie-zdjecia\/#primaryimage"},"image":{"@id":"https:\/\/gorzow.news\/index.php\/2022\/08\/11\/stary-dom-towarowy-zamkniety-co-tu-bedzie-zdjecia\/#primaryimage"},"thumbnailUrl":"https:\/\/gorzow.news\/wp-content\/uploads\/2022\/08\/IMG_20220809_170046_1.jpg","datePublished":"2022-08-11T11:05:31+00:00","dateModified":"2022-08-11T11:05:33+00:00","author":{"@id":"https:\/\/gorzow.news\/#\/schema\/person\/a1e5ab43166369f2ce236a1cd90995bb"},"description":"Kiedy\u015b t\u0119tni\u0142 \u017cyciem. W Starym Domu Towarowym przy ulicy Sikorskiego zakupy mo\u017cna by\u0142o zrobi\u0107 na trzech kondygnacjach. W czerwcu wyprowadzili si\u0119 z niego ostatni najemcy. Budynek stoi od miesi\u0105ca pusty i czeka na lepsze czasy\u2026","breadcrumb":{"@id":"https:\/\/gorzow.news\/index.php\/2022\/08\/11\/stary-dom-towarowy-zamkniety-co-tu-bedzie-zdjecia\/#breadcrumb"},"inLanguage":"pl-PL","potentialAction":[{"@type":"ReadAction","target":["https:\/\/gorzow.news\/index.php\/2022\/08\/11\/stary-dom-towarowy-zamkniety-co-tu-bedzie-zdjecia\/"]}]},{"@type":"ImageObject","inLanguage":"pl-PL","@id":"https:\/\/gorzow.news\/index.php\/2022\/08\/11\/stary-dom-towarowy-zamkniety-co-tu-bedzie-zdjecia\/#primaryimage","url":"https:\/\/gorzow.news\/wp-content\/uploads\/2022\/08\/IMG_20220809_170046_1.jpg","contentUrl":"https:\/\/gorzow.news\/wp-content\/uploads\/2022\/08\/IMG_20220809_170046_1.jpg","width":1600,"height":757},{"@type":"BreadcrumbList","@id":"https:\/\/gorzow.news\/index.php\/2022\/08\/11\/stary-dom-towarowy-zamkniety-co-tu-bedzie-zdjecia\/#breadcrumb","itemListElement":[{"@type":"ListItem","position":1,"name":"Home","item":"https:\/\/gorzow.news\/"},{"@type":"ListItem","position":2,"name":"Stary Dom Towarowy zamkni\u0119ty! Co tu b\u0119dzie? (zdj\u0119cia)"}]},{"@type":"WebSite","@id":"https:\/\/gorzow.news\/#website","url":"https:\/\/gorzow.news\/","name":"Gorz\u00f3w News","description":"Sp\u00f3jrz inaczej na miato i region...","potentialAction":[{"@type":"SearchAction","target":{"@type":"EntryPoint","urlTemplate":"https:\/\/gorzow.news\/?s={search_term_string}"},"query-input":{"@type":"PropertyValueSpecification","valueRequired":true,"valueName":"search_term_string"}}],"inLanguage":"pl-PL"},{"@type":"Person","@id":"https:\/\/gorzow.news\/#\/schema\/person\/a1e5ab43166369f2ce236a1cd90995bb","name":"maciej","image":{"@type":"ImageObject","inLanguage":"pl-PL","@id":"https:\/\/secure.gravatar.com\/avatar\/530a674d56ba60cfa0ef21d74e8e8d123a51bb7aa6580465b5c2ab2c2e980a19?s=96&r=g&d=https:\/\/gorzow.news\/wp-content\/plugins\/userswp\/assets\/images\/no_profile.png","url":"https:\/\/secure.gravatar.com\/avatar\/530a674d56ba60cfa0ef21d74e8e8d123a51bb7aa6580465b5c2ab2c2e980a19?s=96&r=g&d=https:\/\/gorzow.news\/wp-content\/plugins\/userswp\/assets\/images\/no_profile.png","contentUrl":"https:\/\/secure.gravatar.com\/avatar\/530a674d56ba60cfa0ef21d74e8e8d123a51bb7aa6580465b5c2ab2c2e980a19?s=96&r=g&d=https:\/\/gorzow.news\/wp-content\/plugins\/userswp\/assets\/images\/no_profile.png","caption":"maciej"},"url":"https:\/\/gorzow.news\/index.php\/profile\/maciej\/"}]}},"_links":{"self":[{"href":"https:\/\/gorzow.news\/index.php\/wp-json\/wp\/v2\/posts\/8985","targetHints":{"allow":["GET"]}}],"collection":[{"href":"https:\/\/gorzow.news\/index.php\/wp-json\/wp\/v2\/posts"}],"about":[{"href":"https:\/\/gorzow.news\/index.php\/wp-json\/wp\/v2\/types\/post"}],"author":[{"embeddable":true,"href":"https:\/\/gorzow.news\/index.php\/wp-json\/wp\/v2\/users\/1"}],"replies":[{"embeddable":true,"href":"https:\/\/gorzow.news\/index.php\/wp-json\/wp\/v2\/comments?post=8985"}],"version-history":[{"count":0,"href":"https:\/\/gorzow.news\/index.php\/wp-json\/wp\/v2\/posts\/8985\/revisions"}],"wp:featuredmedia":[{"embeddable":true,"href":"https:\/\/gorzow.news\/index.php\/wp-json\/wp\/v2\/media\/8986"}],"wp:attachment":[{"href":"https:\/\/gorzow.news\/index.php\/wp-json\/wp\/v2\/media?parent=8985"}],"wp:term":[{"taxonomy":"category","embeddable":true,"href":"https:\/\/gorzow.news\/index.php\/wp-json\/wp\/v2\/categories?post=8985"},{"taxonomy":"post_tag","embeddable":true,"href":"https:\/\/gorzow.news\/index.php\/wp-json\/wp\/v2\/tags?post=8985"}],"curies":[{"name":"wp","href":"https:\/\/api.w.org\/{rel}","templated":true}]}}