{"id":8933,"date":"2022-08-08T23:44:04","date_gmt":"2022-08-08T21:44:04","guid":{"rendered":"https:\/\/gorzow.news\/?p=8933"},"modified":"2022-08-08T23:44:06","modified_gmt":"2022-08-08T21:44:06","slug":"tomasz-gierczak-nowym-prezesem-gtbs","status":"publish","type":"post","link":"https:\/\/gorzow.news\/index.php\/2022\/08\/08\/tomasz-gierczak-nowym-prezesem-gtbs\/","title":{"rendered":"Tomasz Gierczak nowym prezesem GTBS"},"content":{"rendered":"\n<p><strong>Rada Nadzorcza Gorzowskiego Towarzystwa Budownictwa Spo\u0142ecznego powo\u0142a\u0142a Tomasza Gierczaka na stanowisko prezesa zarz\u0105du, a nowy prezes rozpocz\u0105\u0142 ju\u017c swoj\u0105 prac\u0119.<\/strong><\/p>\n\n\n\n<p>Sp\u00f3\u0142ka, zajmuj\u0105ca si\u0119 budowaniem dom\u00f3w mieszkalnych i ich eksploatacj\u0105 na zasadach najmu, wchodzi w okres intensywnych dzia\u0142a\u0144 inwestycyjnych, a nominacja ma na celu wzmocnienie tego procesu, szczeg\u00f3lnie w zakresie pozyskiwania \u015brodk\u00f3w zewn\u0119trznych na inwestycje. Wi\u0119kszo\u015bciowym udzia\u0142owcem w sp\u00f3\u0142ce jest miasto Gorz\u00f3w.<\/p>\n\n\n\n<p>Tomasz Gierczak pe\u0142ni\u0142 dotychczas funkcj\u0119 Miejskiego Rzecznika Konsument\u00f3w i Spraw Mieszka\u0144c\u00f3w. To wa\u017cne spo\u0142ecznie zadanie, dlatego trwa procedura wy\u0142onienia odpowiedniego kandydata na to stanowisko. Nowego rzecznika konsument\u00f3w w Gorzowie poznamy w przysz\u0142ym tygodniu.<\/p>\n","protected":false},"excerpt":{"rendered":"<p>Rada Nadzorcza Gorzowskiego Towarzystwa Budownictwa Spo\u0142ecznego powo\u0142a\u0142a Tomasza Gierczaka na stanowisko prezesa zarz\u0105du, a nowy prezes rozpocz\u0105\u0142 ju\u017c swoj\u0105 prac\u0119.<\/p>\n","protected":false},"author":1,"featured_media":8934,"comment_status":"open","ping_status":"open","sticky":false,"template":"","format":"standard","meta":{"footnotes":"","_links_to":"","_links_to_target":""},"categories":[597,904],"tags":[1602,1518],"class_list":{"0":"post-8933","1":"post","2":"type-post","3":"status-publish","4":"format-standard","5":"has-post-thumbnail","7":"category-fakty-opinie","8":"category-w-skrocie","9":"tag-gorzowskie-towarzystwo-budownictwa-spolecznego","10":"tag-tomasz-gierczak"},"yoast_head":"<!-- This site is optimized with the Yoast SEO plugin v27.3 - https:\/\/yoast.com\/product\/yoast-seo-wordpress\/ -->\n<title>Tomasz Gierczak nowym prezesem GTBS - Gorz\u00f3w News<\/title>\n<meta name=\"description\" content=\"\" \/>\n<meta name=\"robots\" content=\"index, follow, max-snippet:-1, max-image-preview:large, max-video-preview:-1\" \/>\n<link rel=\"canonical\" href=\"https:\/\/gorzow.news\/index.php\/2022\/08\/08\/tomasz-gierczak-nowym-prezesem-gtbs\/\" \/>\n<meta property=\"og:locale\" content=\"pl_PL\" \/>\n<meta property=\"og:type\" content=\"article\" \/>\n<meta property=\"og:title\" content=\"Tomasz Gierczak nowym prezesem GTBS - Gorz\u00f3w News\" \/>\n<meta property=\"og:description\" content=\"\" \/>\n<meta property=\"og:url\" content=\"https:\/\/gorzow.news\/index.php\/2022\/08\/08\/tomasz-gierczak-nowym-prezesem-gtbs\/\" \/>\n<meta property=\"og:site_name\" content=\"Gorz\u00f3w News\" \/>\n<meta property=\"article:publisher\" content=\"https:\/\/www.facebook.com\/gorzowskinews\" \/>\n<meta property=\"article:published_time\" content=\"2022-08-08T21:44:04+00:00\" \/>\n<meta property=\"article:modified_time\" content=\"2022-08-08T21:44:06+00:00\" \/>\n<meta property=\"og:image\" content=\"https:\/\/gorzow.news\/wp-content\/uploads\/2022\/08\/gtps.jpg\" \/>\n\t<meta property=\"og:image:width\" content=\"988\" \/>\n\t<meta property=\"og:image:height\" content=\"494\" \/>\n\t<meta property=\"og:image:type\" content=\"image\/jpeg\" \/>\n<meta name=\"author\" content=\"maciej\" \/>\n<meta name=\"twitter:card\" content=\"summary_large_image\" \/>\n<meta name=\"twitter:label1\" content=\"Napisane przez\" \/>\n\t<meta name=\"twitter:data1\" content=\"maciej\" \/>\n\t<meta name=\"twitter:label2\" content=\"Szacowany czas czytania\" \/>\n\t<meta name=\"twitter:data2\" content=\"1 minuta\" \/>\n<script type=\"application\/ld+json\" class=\"yoast-schema-graph\">{\"@context\":\"https:\\\/\\\/schema.org\",\"@graph\":[{\"@type\":\"Article\",\"@id\":\"https:\\\/\\\/gorzow.news\\\/index.php\\\/2022\\\/08\\\/08\\\/tomasz-gierczak-nowym-prezesem-gtbs\\\/#article\",\"isPartOf\":{\"@id\":\"https:\\\/\\\/gorzow.news\\\/index.php\\\/2022\\\/08\\\/08\\\/tomasz-gierczak-nowym-prezesem-gtbs\\\/\"},\"author\":{\"name\":\"maciej\",\"@id\":\"https:\\\/\\\/gorzow.news\\\/#\\\/schema\\\/person\\\/a1e5ab43166369f2ce236a1cd90995bb\"},\"headline\":\"Tomasz Gierczak nowym prezesem GTBS\",\"datePublished\":\"2022-08-08T21:44:04+00:00\",\"dateModified\":\"2022-08-08T21:44:06+00:00\",\"mainEntityOfPage\":{\"@id\":\"https:\\\/\\\/gorzow.news\\\/index.php\\\/2022\\\/08\\\/08\\\/tomasz-gierczak-nowym-prezesem-gtbs\\\/\"},\"wordCount\":124,\"commentCount\":0,\"image\":{\"@id\":\"https:\\\/\\\/gorzow.news\\\/index.php\\\/2022\\\/08\\\/08\\\/tomasz-gierczak-nowym-prezesem-gtbs\\\/#primaryimage\"},\"thumbnailUrl\":\"https:\\\/\\\/gorzow.news\\\/wp-content\\\/uploads\\\/2022\\\/08\\\/gtps.jpg\",\"keywords\":[\"Gorzowskie Towarzystwo Budownictwa Spo\u0142ecznego\",\"Tomasz Gierczak\"],\"articleSection\":[\"Fakty i opinie\",\"W skr\u00f3cie\"],\"inLanguage\":\"pl-PL\",\"potentialAction\":[{\"@type\":\"CommentAction\",\"name\":\"Comment\",\"target\":[\"https:\\\/\\\/gorzow.news\\\/index.php\\\/2022\\\/08\\\/08\\\/tomasz-gierczak-nowym-prezesem-gtbs\\\/#respond\"]}]},{\"@type\":\"WebPage\",\"@id\":\"https:\\\/\\\/gorzow.news\\\/index.php\\\/2022\\\/08\\\/08\\\/tomasz-gierczak-nowym-prezesem-gtbs\\\/\",\"url\":\"https:\\\/\\\/gorzow.news\\\/index.php\\\/2022\\\/08\\\/08\\\/tomasz-gierczak-nowym-prezesem-gtbs\\\/\",\"name\":\"Tomasz Gierczak nowym prezesem GTBS - Gorz\u00f3w News\",\"isPartOf\":{\"@id\":\"https:\\\/\\\/gorzow.news\\\/#website\"},\"primaryImageOfPage\":{\"@id\":\"https:\\\/\\\/gorzow.news\\\/index.php\\\/2022\\\/08\\\/08\\\/tomasz-gierczak-nowym-prezesem-gtbs\\\/#primaryimage\"},\"image\":{\"@id\":\"https:\\\/\\\/gorzow.news\\\/index.php\\\/2022\\\/08\\\/08\\\/tomasz-gierczak-nowym-prezesem-gtbs\\\/#primaryimage\"},\"thumbnailUrl\":\"https:\\\/\\\/gorzow.news\\\/wp-content\\\/uploads\\\/2022\\\/08\\\/gtps.jpg\",\"datePublished\":\"2022-08-08T21:44:04+00:00\",\"dateModified\":\"2022-08-08T21:44:06+00:00\",\"author\":{\"@id\":\"https:\\\/\\\/gorzow.news\\\/#\\\/schema\\\/person\\\/a1e5ab43166369f2ce236a1cd90995bb\"},\"description\":\"Rada Nadzorcza Gorzowskiego Towarzystwa Budownictwa Spo\u0142ecznego powo\u0142a\u0142a Tomasza Gierczaka na stanowisko prezesa zarz\u0105du, a nowy prezes rozpocz\u0105\u0142 ju\u017c swoj\u0105 prac\u0119.\",\"breadcrumb\":{\"@id\":\"https:\\\/\\\/gorzow.news\\\/index.php\\\/2022\\\/08\\\/08\\\/tomasz-gierczak-nowym-prezesem-gtbs\\\/#breadcrumb\"},\"inLanguage\":\"pl-PL\",\"potentialAction\":[{\"@type\":\"ReadAction\",\"target\":[\"https:\\\/\\\/gorzow.news\\\/index.php\\\/2022\\\/08\\\/08\\\/tomasz-gierczak-nowym-prezesem-gtbs\\\/\"]}]},{\"@type\":\"ImageObject\",\"inLanguage\":\"pl-PL\",\"@id\":\"https:\\\/\\\/gorzow.news\\\/index.php\\\/2022\\\/08\\\/08\\\/tomasz-gierczak-nowym-prezesem-gtbs\\\/#primaryimage\",\"url\":\"https:\\\/\\\/gorzow.news\\\/wp-content\\\/uploads\\\/2022\\\/08\\\/gtps.jpg\",\"contentUrl\":\"https:\\\/\\\/gorzow.news\\\/wp-content\\\/uploads\\\/2022\\\/08\\\/gtps.jpg\",\"width\":988,\"height\":494},{\"@type\":\"BreadcrumbList\",\"@id\":\"https:\\\/\\\/gorzow.news\\\/index.php\\\/2022\\\/08\\\/08\\\/tomasz-gierczak-nowym-prezesem-gtbs\\\/#breadcrumb\",\"itemListElement\":[{\"@type\":\"ListItem\",\"position\":1,\"name\":\"Home\",\"item\":\"https:\\\/\\\/gorzow.news\\\/\"},{\"@type\":\"ListItem\",\"position\":2,\"name\":\"Tomasz Gierczak nowym prezesem GTBS\"}]},{\"@type\":\"WebSite\",\"@id\":\"https:\\\/\\\/gorzow.news\\\/#website\",\"url\":\"https:\\\/\\\/gorzow.news\\\/\",\"name\":\"Gorz\u00f3w News\",\"description\":\"Sp\u00f3jrz inaczej na miato i region...\",\"potentialAction\":[{\"@type\":\"SearchAction\",\"target\":{\"@type\":\"EntryPoint\",\"urlTemplate\":\"https:\\\/\\\/gorzow.news\\\/?s={search_term_string}\"},\"query-input\":{\"@type\":\"PropertyValueSpecification\",\"valueRequired\":true,\"valueName\":\"search_term_string\"}}],\"inLanguage\":\"pl-PL\"},{\"@type\":\"Person\",\"@id\":\"https:\\\/\\\/gorzow.news\\\/#\\\/schema\\\/person\\\/a1e5ab43166369f2ce236a1cd90995bb\",\"name\":\"maciej\",\"image\":{\"@type\":\"ImageObject\",\"inLanguage\":\"pl-PL\",\"@id\":\"https:\\\/\\\/secure.gravatar.com\\\/avatar\\\/530a674d56ba60cfa0ef21d74e8e8d123a51bb7aa6580465b5c2ab2c2e980a19?s=96&r=g&d=https:\\\/\\\/gorzow.news\\\/wp-content\\\/plugins\\\/userswp\\\/assets\\\/images\\\/no_profile.png\",\"url\":\"https:\\\/\\\/secure.gravatar.com\\\/avatar\\\/530a674d56ba60cfa0ef21d74e8e8d123a51bb7aa6580465b5c2ab2c2e980a19?s=96&r=g&d=https:\\\/\\\/gorzow.news\\\/wp-content\\\/plugins\\\/userswp\\\/assets\\\/images\\\/no_profile.png\",\"contentUrl\":\"https:\\\/\\\/secure.gravatar.com\\\/avatar\\\/530a674d56ba60cfa0ef21d74e8e8d123a51bb7aa6580465b5c2ab2c2e980a19?s=96&r=g&d=https:\\\/\\\/gorzow.news\\\/wp-content\\\/plugins\\\/userswp\\\/assets\\\/images\\\/no_profile.png\",\"caption\":\"maciej\"},\"url\":\"https:\\\/\\\/gorzow.news\\\/index.php\\\/profile\\\/maciej\\\/\"}]}<\/script>\n<!-- \/ Yoast SEO plugin. -->","yoast_head_json":{"title":"Tomasz Gierczak nowym prezesem GTBS - Gorz\u00f3w News","description":"Rada Nadzorcza Gorzowskiego Towarzystwa Budownictwa Spo\u0142ecznego powo\u0142a\u0142a Tomasza Gierczaka na stanowisko prezesa zarz\u0105du, a nowy prezes rozpocz\u0105?","robots":{"index":"index","follow":"follow","max-snippet":"max-snippet:-1","max-image-preview":"max-image-preview:large","max-video-preview":"max-video-preview:-1"},"canonical":"https:\/\/gorzow.news\/index.php\/2022\/08\/08\/tomasz-gierczak-nowym-prezesem-gtbs\/","og_locale":"pl_PL","og_type":"article","og_title":"Tomasz Gierczak nowym prezesem GTBS - Gorz\u00f3w News","og_description":"Rada Nadzorcza Gorzowskiego Towarzystwa Budownictwa Spo\u0142ecznego powo\u0142a\u0142a Tomasza Gierczaka na stanowisko prezesa zarz\u0105du, a nowy prezes rozpocz\u0105?","og_url":"https:\/\/gorzow.news\/index.php\/2022\/08\/08\/tomasz-gierczak-nowym-prezesem-gtbs\/","og_site_name":"Gorz\u00f3w News","article_publisher":"https:\/\/www.facebook.com\/gorzowskinews","article_published_time":"2022-08-08T21:44:04+00:00","article_modified_time":"2022-08-08T21:44:06+00:00","og_image":[{"width":988,"height":494,"url":"https:\/\/gorzow.news\/wp-content\/uploads\/2022\/08\/gtps.jpg","type":"image\/jpeg"}],"author":"maciej","twitter_card":"summary_large_image","twitter_misc":{"Napisane przez":"maciej","Szacowany czas czytania":"1 minuta"},"schema":{"@context":"https:\/\/schema.org","@graph":[{"@type":"Article","@id":"https:\/\/gorzow.news\/index.php\/2022\/08\/08\/tomasz-gierczak-nowym-prezesem-gtbs\/#article","isPartOf":{"@id":"https:\/\/gorzow.news\/index.php\/2022\/08\/08\/tomasz-gierczak-nowym-prezesem-gtbs\/"},"author":{"name":"maciej","@id":"https:\/\/gorzow.news\/#\/schema\/person\/a1e5ab43166369f2ce236a1cd90995bb"},"headline":"Tomasz Gierczak nowym prezesem GTBS","datePublished":"2022-08-08T21:44:04+00:00","dateModified":"2022-08-08T21:44:06+00:00","mainEntityOfPage":{"@id":"https:\/\/gorzow.news\/index.php\/2022\/08\/08\/tomasz-gierczak-nowym-prezesem-gtbs\/"},"wordCount":124,"commentCount":0,"image":{"@id":"https:\/\/gorzow.news\/index.php\/2022\/08\/08\/tomasz-gierczak-nowym-prezesem-gtbs\/#primaryimage"},"thumbnailUrl":"https:\/\/gorzow.news\/wp-content\/uploads\/2022\/08\/gtps.jpg","keywords":["Gorzowskie Towarzystwo Budownictwa Spo\u0142ecznego","Tomasz Gierczak"],"articleSection":["Fakty i opinie","W skr\u00f3cie"],"inLanguage":"pl-PL","potentialAction":[{"@type":"CommentAction","name":"Comment","target":["https:\/\/gorzow.news\/index.php\/2022\/08\/08\/tomasz-gierczak-nowym-prezesem-gtbs\/#respond"]}]},{"@type":"WebPage","@id":"https:\/\/gorzow.news\/index.php\/2022\/08\/08\/tomasz-gierczak-nowym-prezesem-gtbs\/","url":"https:\/\/gorzow.news\/index.php\/2022\/08\/08\/tomasz-gierczak-nowym-prezesem-gtbs\/","name":"Tomasz Gierczak nowym prezesem GTBS - Gorz\u00f3w News","isPartOf":{"@id":"https:\/\/gorzow.news\/#website"},"primaryImageOfPage":{"@id":"https:\/\/gorzow.news\/index.php\/2022\/08\/08\/tomasz-gierczak-nowym-prezesem-gtbs\/#primaryimage"},"image":{"@id":"https:\/\/gorzow.news\/index.php\/2022\/08\/08\/tomasz-gierczak-nowym-prezesem-gtbs\/#primaryimage"},"thumbnailUrl":"https:\/\/gorzow.news\/wp-content\/uploads\/2022\/08\/gtps.jpg","datePublished":"2022-08-08T21:44:04+00:00","dateModified":"2022-08-08T21:44:06+00:00","author":{"@id":"https:\/\/gorzow.news\/#\/schema\/person\/a1e5ab43166369f2ce236a1cd90995bb"},"description":"Rada Nadzorcza Gorzowskiego Towarzystwa Budownictwa Spo\u0142ecznego powo\u0142a\u0142a Tomasza Gierczaka na stanowisko prezesa zarz\u0105du, a nowy prezes rozpocz\u0105\u0142 ju\u017c swoj\u0105 prac\u0119.","breadcrumb":{"@id":"https:\/\/gorzow.news\/index.php\/2022\/08\/08\/tomasz-gierczak-nowym-prezesem-gtbs\/#breadcrumb"},"inLanguage":"pl-PL","potentialAction":[{"@type":"ReadAction","target":["https:\/\/gorzow.news\/index.php\/2022\/08\/08\/tomasz-gierczak-nowym-prezesem-gtbs\/"]}]},{"@type":"ImageObject","inLanguage":"pl-PL","@id":"https:\/\/gorzow.news\/index.php\/2022\/08\/08\/tomasz-gierczak-nowym-prezesem-gtbs\/#primaryimage","url":"https:\/\/gorzow.news\/wp-content\/uploads\/2022\/08\/gtps.jpg","contentUrl":"https:\/\/gorzow.news\/wp-content\/uploads\/2022\/08\/gtps.jpg","width":988,"height":494},{"@type":"BreadcrumbList","@id":"https:\/\/gorzow.news\/index.php\/2022\/08\/08\/tomasz-gierczak-nowym-prezesem-gtbs\/#breadcrumb","itemListElement":[{"@type":"ListItem","position":1,"name":"Home","item":"https:\/\/gorzow.news\/"},{"@type":"ListItem","position":2,"name":"Tomasz Gierczak nowym prezesem GTBS"}]},{"@type":"WebSite","@id":"https:\/\/gorzow.news\/#website","url":"https:\/\/gorzow.news\/","name":"Gorz\u00f3w News","description":"Sp\u00f3jrz inaczej na miato i region...","potentialAction":[{"@type":"SearchAction","target":{"@type":"EntryPoint","urlTemplate":"https:\/\/gorzow.news\/?s={search_term_string}"},"query-input":{"@type":"PropertyValueSpecification","valueRequired":true,"valueName":"search_term_string"}}],"inLanguage":"pl-PL"},{"@type":"Person","@id":"https:\/\/gorzow.news\/#\/schema\/person\/a1e5ab43166369f2ce236a1cd90995bb","name":"maciej","image":{"@type":"ImageObject","inLanguage":"pl-PL","@id":"https:\/\/secure.gravatar.com\/avatar\/530a674d56ba60cfa0ef21d74e8e8d123a51bb7aa6580465b5c2ab2c2e980a19?s=96&r=g&d=https:\/\/gorzow.news\/wp-content\/plugins\/userswp\/assets\/images\/no_profile.png","url":"https:\/\/secure.gravatar.com\/avatar\/530a674d56ba60cfa0ef21d74e8e8d123a51bb7aa6580465b5c2ab2c2e980a19?s=96&r=g&d=https:\/\/gorzow.news\/wp-content\/plugins\/userswp\/assets\/images\/no_profile.png","contentUrl":"https:\/\/secure.gravatar.com\/avatar\/530a674d56ba60cfa0ef21d74e8e8d123a51bb7aa6580465b5c2ab2c2e980a19?s=96&r=g&d=https:\/\/gorzow.news\/wp-content\/plugins\/userswp\/assets\/images\/no_profile.png","caption":"maciej"},"url":"https:\/\/gorzow.news\/index.php\/profile\/maciej\/"}]}},"_links":{"self":[{"href":"https:\/\/gorzow.news\/index.php\/wp-json\/wp\/v2\/posts\/8933","targetHints":{"allow":["GET"]}}],"collection":[{"href":"https:\/\/gorzow.news\/index.php\/wp-json\/wp\/v2\/posts"}],"about":[{"href":"https:\/\/gorzow.news\/index.php\/wp-json\/wp\/v2\/types\/post"}],"author":[{"embeddable":true,"href":"https:\/\/gorzow.news\/index.php\/wp-json\/wp\/v2\/users\/1"}],"replies":[{"embeddable":true,"href":"https:\/\/gorzow.news\/index.php\/wp-json\/wp\/v2\/comments?post=8933"}],"version-history":[{"count":0,"href":"https:\/\/gorzow.news\/index.php\/wp-json\/wp\/v2\/posts\/8933\/revisions"}],"wp:featuredmedia":[{"embeddable":true,"href":"https:\/\/gorzow.news\/index.php\/wp-json\/wp\/v2\/media\/8934"}],"wp:attachment":[{"href":"https:\/\/gorzow.news\/index.php\/wp-json\/wp\/v2\/media?parent=8933"}],"wp:term":[{"taxonomy":"category","embeddable":true,"href":"https:\/\/gorzow.news\/index.php\/wp-json\/wp\/v2\/categories?post=8933"},{"taxonomy":"post_tag","embeddable":true,"href":"https:\/\/gorzow.news\/index.php\/wp-json\/wp\/v2\/tags?post=8933"}],"curies":[{"name":"wp","href":"https:\/\/api.w.org\/{rel}","templated":true}]}}