{"id":8736,"date":"2022-07-29T14:24:37","date_gmt":"2022-07-29T12:24:37","guid":{"rendered":"https:\/\/gorzow.news\/?p=8736"},"modified":"2022-07-29T14:31:18","modified_gmt":"2022-07-29T12:31:18","slug":"pierwsza-drogeria-hebe-w-gorzowie-juz-otwarta","status":"publish","type":"post","link":"https:\/\/gorzow.news\/index.php\/2022\/07\/29\/pierwsza-drogeria-hebe-w-gorzowie-juz-otwarta\/","title":{"rendered":"Pierwsza drogeria Hebe w Gorzowie ju\u017c otwarta! (zdj\u0119cia)"},"content":{"rendered":"\n<p><strong>Dzi\u015b w centrum handlowym NoVa Park nast\u0105pi\u0142o otwarcie drogerii Hebe. To pierwszy i d\u0142ugo wyczekiwany przez gorzowian sklep tej marki w Gorzowie.<\/strong><\/p>\n\n\n\n<p>Hebe to nowoczesna drogeria, kt\u00f3ra oferuje swoim klientom starannie wyselekcjonowany i zr\u00f3\u017cnicowany asortyment z kategorii zdrowia, pi\u0119kna i piel\u0119gnacji, w tym produkty dost\u0119pne na wy\u0142\u0105czno\u015b\u0107 \u2013 wszystko w atrakcyjnych cenach. Mi\u0142o\u015bniczki kosmetyk\u00f3w znajd\u0105 tu niezb\u0119dne produkty do makija\u017cu, piel\u0119gnacji w\u0142os\u00f3w, cia\u0142a i paznokci, perfumy, dermokosmetyki, kosmetyki profesjonalne stosowane w salonach kosmetycznych i SPA oraz produkty korea\u0144skie. Klienci Hebe mog\u0105 liczy\u0107 na cz\u0119ste promocje oraz profesjonaln\u0105 obs\u0142ug\u0119, kt\u00f3ra zadba o najlepszy wyb\u00f3r kosmetyk\u00f3w dostosowany do indywidualnych potrzeb.<\/p>\n\n\n\n<p>&#8211; Na to otwarcie nasi klienci czekali od dawna! Hebe to jedna z ulubionych drogerii Polek i Polak\u00f3w, wi\u0119c nie dziwi nas, \u017ce ju\u017c od godziny 9.00 w nowej drogerii pojawi\u0142o si\u0119 wielu mieszka\u0144c\u00f3w Gorzowa. Systematyczne rozszerzenie oferty naszego centrum o znane, lubiane oraz niedost\u0119pne na rynku lokalnym marki wynika nie tylko z naszego pozycjonowania. To tak\u017ce odpowied\u017a na potrzeby naszych klient\u00f3w oraz kierunki rozwoju bran\u017cy retail &#8211; m\u00f3wi <strong>Anna Szcze\u015bniak<\/strong>, starszy specjalista ds. marketingu NoVa Park.<\/p>\n\n\n\n<p>Drogeria Hebe zajmuje powierzchni\u0119 238 mkw. i znajduje si\u0119 na poziomie 0, w s\u0105siedztwie plac\u00f3wki mBank.<\/p>\n\n\n\n<p><strong>Przeczytaj te\u017c:<\/strong><br>&#8211; <a href=\"https:\/\/gorzow.news\/index.php\/2022\/07\/20\/wiemy-jak-bedzie-wygladal-park-handlowy-z-biedronka-przy-niepodleglosci-wizualizacje-zdjecia\/\">Wiemy, jak b\u0119dzie wygl\u0105da\u0142 park handlowy z Biedronk\u0105 przy Niepodleg\u0142o\u015bci! (wizualizacje, zdj\u0119cia)<\/a><br>&#8211; <a href=\"https:\/\/gorzow.news\/index.php\/2022\/07\/15\/nova-park-z-dwiema-nowymi-markami-trzecia-juz-za-dwa-tygodnie-zdjecia\/\">NoVa Park z dwiema nowymi markami! Trzecia ju\u017c za dwa tygodnie! (zdj\u0119cia)<\/a><br>&#8211; <a href=\"https:\/\/gorzow.news\/index.php\/2022\/07\/15\/przy-pilsudskiego-na-dobre-ruszyly-prace-przy-przebudowie-pawilonu-pod-aldi-zdjecia\/\">Przy Pi\u0142sudskiego na dobre ruszy\u0142y prace przy przebudowie pawilonu pod ALDI! (zdj\u0119cia)<\/a><br>&#8211; <a href=\"https:\/\/gorzow.news\/index.php\/2022\/07\/11\/rusza-kolejny-etap-przebudowy-pawilonu-po-tesco-bedzie-tu-park-handlowy-s1-ile-sklepow-zdjecia\/\">Rusza kolejny etap przebudowy pawilonu po Tesco. B\u0119dzie tu park handlowy S1! Ile sklep\u00f3w? (zdj\u0119cia)<\/a><br>&#8211; <a href=\"https:\/\/gorzow.news\/index.php\/2022\/05\/27\/pierwsza-drogeria-hebe-zostanie-w-lipcu-otwarta-w-gorzowie\/\">Pierwsza drogeria Hebe zostanie w lipcu otwarta w Gorzowie!<\/a><\/p>\n\n\n\n<figure class=\"wp-block-image size-large\"><img loading=\"lazy\" decoding=\"async\" width=\"1024\" height=\"484\" src=\"https:\/\/gorzow.news\/wp-content\/uploads\/2022\/07\/IMG_20220729_123759-1024x484.jpg\" alt=\"\" class=\"wp-image-8738\" srcset=\"https:\/\/gorzow.news\/wp-content\/uploads\/2022\/07\/IMG_20220729_123759-1024x484.jpg 1024w, https:\/\/gorzow.news\/wp-content\/uploads\/2022\/07\/IMG_20220729_123759-300x142.jpg 300w, https:\/\/gorzow.news\/wp-content\/uploads\/2022\/07\/IMG_20220729_123759-768x363.jpg 768w, https:\/\/gorzow.news\/wp-content\/uploads\/2022\/07\/IMG_20220729_123759-1536x727.jpg 1536w, https:\/\/gorzow.news\/wp-content\/uploads\/2022\/07\/IMG_20220729_123759-696x329.jpg 696w, https:\/\/gorzow.news\/wp-content\/uploads\/2022\/07\/IMG_20220729_123759-1068x505.jpg 1068w, https:\/\/gorzow.news\/wp-content\/uploads\/2022\/07\/IMG_20220729_123759.jpg 1600w\" sizes=\"auto, (max-width: 1024px) 100vw, 1024px\" \/><\/figure>\n\n\n\n<figure class=\"wp-block-image size-large\"><img loading=\"lazy\" decoding=\"async\" width=\"1024\" height=\"484\" src=\"https:\/\/gorzow.news\/wp-content\/uploads\/2022\/07\/IMG_20220729_123838-1024x484.jpg\" alt=\"\" class=\"wp-image-8739\" srcset=\"https:\/\/gorzow.news\/wp-content\/uploads\/2022\/07\/IMG_20220729_123838-1024x484.jpg 1024w, https:\/\/gorzow.news\/wp-content\/uploads\/2022\/07\/IMG_20220729_123838-300x142.jpg 300w, https:\/\/gorzow.news\/wp-content\/uploads\/2022\/07\/IMG_20220729_123838-768x363.jpg 768w, https:\/\/gorzow.news\/wp-content\/uploads\/2022\/07\/IMG_20220729_123838-1536x727.jpg 1536w, https:\/\/gorzow.news\/wp-content\/uploads\/2022\/07\/IMG_20220729_123838-696x329.jpg 696w, https:\/\/gorzow.news\/wp-content\/uploads\/2022\/07\/IMG_20220729_123838-1068x505.jpg 1068w, https:\/\/gorzow.news\/wp-content\/uploads\/2022\/07\/IMG_20220729_123838.jpg 1600w\" sizes=\"auto, (max-width: 1024px) 100vw, 1024px\" \/><\/figure>\n\n\n\n<figure class=\"wp-block-image size-large\"><img loading=\"lazy\" decoding=\"async\" width=\"1024\" height=\"485\" src=\"https:\/\/gorzow.news\/wp-content\/uploads\/2022\/07\/IMG_20220729_123907-1024x485.jpg\" alt=\"\" class=\"wp-image-8740\" srcset=\"https:\/\/gorzow.news\/wp-content\/uploads\/2022\/07\/IMG_20220729_123907-1024x485.jpg 1024w, https:\/\/gorzow.news\/wp-content\/uploads\/2022\/07\/IMG_20220729_123907-300x142.jpg 300w, https:\/\/gorzow.news\/wp-content\/uploads\/2022\/07\/IMG_20220729_123907-768x363.jpg 768w, https:\/\/gorzow.news\/wp-content\/uploads\/2022\/07\/IMG_20220729_123907-1536x727.jpg 1536w, https:\/\/gorzow.news\/wp-content\/uploads\/2022\/07\/IMG_20220729_123907-2048x969.jpg 2048w, https:\/\/gorzow.news\/wp-content\/uploads\/2022\/07\/IMG_20220729_123907-696x329.jpg 696w, https:\/\/gorzow.news\/wp-content\/uploads\/2022\/07\/IMG_20220729_123907-1068x505.jpg 1068w, https:\/\/gorzow.news\/wp-content\/uploads\/2022\/07\/IMG_20220729_123907-1920x909.jpg 1920w\" sizes=\"auto, (max-width: 1024px) 100vw, 1024px\" \/><\/figure>\n\n\n\n<figure class=\"wp-block-image size-large\"><img loading=\"lazy\" decoding=\"async\" width=\"1024\" height=\"484\" src=\"https:\/\/gorzow.news\/wp-content\/uploads\/2022\/07\/IMG_20220729_124007-1024x484.jpg\" alt=\"\" class=\"wp-image-8741\" srcset=\"https:\/\/gorzow.news\/wp-content\/uploads\/2022\/07\/IMG_20220729_124007-1024x484.jpg 1024w, https:\/\/gorzow.news\/wp-content\/uploads\/2022\/07\/IMG_20220729_124007-300x142.jpg 300w, https:\/\/gorzow.news\/wp-content\/uploads\/2022\/07\/IMG_20220729_124007-768x363.jpg 768w, https:\/\/gorzow.news\/wp-content\/uploads\/2022\/07\/IMG_20220729_124007-1536x727.jpg 1536w, https:\/\/gorzow.news\/wp-content\/uploads\/2022\/07\/IMG_20220729_124007-696x329.jpg 696w, https:\/\/gorzow.news\/wp-content\/uploads\/2022\/07\/IMG_20220729_124007-1068x505.jpg 1068w, https:\/\/gorzow.news\/wp-content\/uploads\/2022\/07\/IMG_20220729_124007.jpg 1600w\" sizes=\"auto, (max-width: 1024px) 100vw, 1024px\" \/><\/figure>\n\n\n\n<figure class=\"wp-block-image size-large\"><img loading=\"lazy\" decoding=\"async\" width=\"1024\" height=\"484\" src=\"https:\/\/gorzow.news\/wp-content\/uploads\/2022\/07\/IMG_20220729_124203_1-1024x484.jpg\" alt=\"\" class=\"wp-image-8742\" srcset=\"https:\/\/gorzow.news\/wp-content\/uploads\/2022\/07\/IMG_20220729_124203_1-1024x484.jpg 1024w, https:\/\/gorzow.news\/wp-content\/uploads\/2022\/07\/IMG_20220729_124203_1-300x142.jpg 300w, https:\/\/gorzow.news\/wp-content\/uploads\/2022\/07\/IMG_20220729_124203_1-768x363.jpg 768w, https:\/\/gorzow.news\/wp-content\/uploads\/2022\/07\/IMG_20220729_124203_1-1536x727.jpg 1536w, https:\/\/gorzow.news\/wp-content\/uploads\/2022\/07\/IMG_20220729_124203_1-696x329.jpg 696w, https:\/\/gorzow.news\/wp-content\/uploads\/2022\/07\/IMG_20220729_124203_1-1068x505.jpg 1068w, https:\/\/gorzow.news\/wp-content\/uploads\/2022\/07\/IMG_20220729_124203_1.jpg 1600w\" sizes=\"auto, (max-width: 1024px) 100vw, 1024px\" \/><\/figure>\n","protected":false},"excerpt":{"rendered":"<p>Dzi\u015b w centrum handlowym NoVa Park nast\u0105pi\u0142o otwarcie drogerii Hebe. To pierwszy i d\u0142ugo wyczekiwany przez gorzowian sklep tej marki w Gorzowie.<\/p>\n","protected":false},"author":1,"featured_media":8743,"comment_status":"open","ping_status":"open","sticky":false,"template":"","format":"standard","meta":{"footnotes":"","_links_to":"","_links_to_target":""},"categories":[51,589],"tags":[1535,109,97],"class_list":{"0":"post-8736","1":"post","2":"type-post","3":"status-publish","4":"format-standard","5":"has-post-thumbnail","7":"category-biznes","8":"category-wiadomosci","9":"tag-anna-szczesniak","10":"tag-hebe","11":"tag-nova-park"},"yoast_head":"<!-- This site is optimized with the Yoast SEO plugin v27.3 - https:\/\/yoast.com\/product\/yoast-seo-wordpress\/ -->\n<title>Pierwsza drogeria Hebe w Gorzowie ju\u017c otwarta! (zdj\u0119cia) - Gorz\u00f3w News<\/title>\n<meta name=\"description\" content=\"Dzi\u015b w centrum handlowym NoVa Park nast\u0105pi\u0142o otwarcie drogerii Hebe. To pierwszy i d\u0142ugo wyczekiwany przez gorzowian sklep tej marki w Gorzowie.\" \/>\n<meta name=\"robots\" content=\"index, follow, max-snippet:-1, max-image-preview:large, max-video-preview:-1\" \/>\n<link rel=\"canonical\" href=\"https:\/\/gorzow.news\/index.php\/2022\/07\/29\/pierwsza-drogeria-hebe-w-gorzowie-juz-otwarta\/\" \/>\n<meta property=\"og:locale\" content=\"pl_PL\" \/>\n<meta property=\"og:type\" content=\"article\" \/>\n<meta property=\"og:title\" content=\"Pierwsza drogeria Hebe w Gorzowie ju\u017c otwarta! (zdj\u0119cia) - Gorz\u00f3w News\" \/>\n<meta property=\"og:description\" content=\"Dzi\u015b w centrum handlowym NoVa Park nast\u0105pi\u0142o otwarcie drogerii Hebe. To pierwszy i d\u0142ugo wyczekiwany przez gorzowian sklep tej marki w Gorzowie.\" \/>\n<meta property=\"og:url\" content=\"https:\/\/gorzow.news\/index.php\/2022\/07\/29\/pierwsza-drogeria-hebe-w-gorzowie-juz-otwarta\/\" \/>\n<meta property=\"og:site_name\" content=\"Gorz\u00f3w News\" \/>\n<meta property=\"article:publisher\" content=\"https:\/\/www.facebook.com\/gorzowskinews\" \/>\n<meta property=\"article:published_time\" content=\"2022-07-29T12:24:37+00:00\" \/>\n<meta property=\"article:modified_time\" content=\"2022-07-29T12:31:18+00:00\" \/>\n<meta property=\"og:image\" content=\"https:\/\/gorzow.news\/wp-content\/uploads\/2022\/07\/IMG_20220729_124149_2.jpg\" \/>\n\t<meta property=\"og:image:width\" content=\"1600\" \/>\n\t<meta property=\"og:image:height\" content=\"757\" \/>\n\t<meta property=\"og:image:type\" content=\"image\/jpeg\" \/>\n<meta name=\"author\" content=\"maciej\" \/>\n<meta name=\"twitter:card\" content=\"summary_large_image\" \/>\n<meta name=\"twitter:label1\" content=\"Napisane przez\" \/>\n\t<meta name=\"twitter:data1\" content=\"maciej\" \/>\n\t<meta name=\"twitter:label2\" content=\"Szacowany czas czytania\" \/>\n\t<meta name=\"twitter:data2\" content=\"3 minuty\" \/>\n<script type=\"application\/ld+json\" class=\"yoast-schema-graph\">{\"@context\":\"https:\\\/\\\/schema.org\",\"@graph\":[{\"@type\":\"Article\",\"@id\":\"https:\\\/\\\/gorzow.news\\\/index.php\\\/2022\\\/07\\\/29\\\/pierwsza-drogeria-hebe-w-gorzowie-juz-otwarta\\\/#article\",\"isPartOf\":{\"@id\":\"https:\\\/\\\/gorzow.news\\\/index.php\\\/2022\\\/07\\\/29\\\/pierwsza-drogeria-hebe-w-gorzowie-juz-otwarta\\\/\"},\"author\":{\"name\":\"maciej\",\"@id\":\"https:\\\/\\\/gorzow.news\\\/#\\\/schema\\\/person\\\/a1e5ab43166369f2ce236a1cd90995bb\"},\"headline\":\"Pierwsza drogeria Hebe w Gorzowie ju\u017c otwarta! (zdj\u0119cia)\",\"datePublished\":\"2022-07-29T12:24:37+00:00\",\"dateModified\":\"2022-07-29T12:31:18+00:00\",\"mainEntityOfPage\":{\"@id\":\"https:\\\/\\\/gorzow.news\\\/index.php\\\/2022\\\/07\\\/29\\\/pierwsza-drogeria-hebe-w-gorzowie-juz-otwarta\\\/\"},\"wordCount\":312,\"commentCount\":2,\"image\":{\"@id\":\"https:\\\/\\\/gorzow.news\\\/index.php\\\/2022\\\/07\\\/29\\\/pierwsza-drogeria-hebe-w-gorzowie-juz-otwarta\\\/#primaryimage\"},\"thumbnailUrl\":\"https:\\\/\\\/gorzow.news\\\/wp-content\\\/uploads\\\/2022\\\/07\\\/IMG_20220729_124149_2.jpg\",\"keywords\":[\"Anna Szcze\u015bniak\",\"Hebe\",\"Nova Park\"],\"articleSection\":[\"Biznes\",\"Wiadomo\u015bci\"],\"inLanguage\":\"pl-PL\",\"potentialAction\":[{\"@type\":\"CommentAction\",\"name\":\"Comment\",\"target\":[\"https:\\\/\\\/gorzow.news\\\/index.php\\\/2022\\\/07\\\/29\\\/pierwsza-drogeria-hebe-w-gorzowie-juz-otwarta\\\/#respond\"]}]},{\"@type\":\"WebPage\",\"@id\":\"https:\\\/\\\/gorzow.news\\\/index.php\\\/2022\\\/07\\\/29\\\/pierwsza-drogeria-hebe-w-gorzowie-juz-otwarta\\\/\",\"url\":\"https:\\\/\\\/gorzow.news\\\/index.php\\\/2022\\\/07\\\/29\\\/pierwsza-drogeria-hebe-w-gorzowie-juz-otwarta\\\/\",\"name\":\"Pierwsza drogeria Hebe w Gorzowie ju\u017c otwarta! (zdj\u0119cia) - Gorz\u00f3w News\",\"isPartOf\":{\"@id\":\"https:\\\/\\\/gorzow.news\\\/#website\"},\"primaryImageOfPage\":{\"@id\":\"https:\\\/\\\/gorzow.news\\\/index.php\\\/2022\\\/07\\\/29\\\/pierwsza-drogeria-hebe-w-gorzowie-juz-otwarta\\\/#primaryimage\"},\"image\":{\"@id\":\"https:\\\/\\\/gorzow.news\\\/index.php\\\/2022\\\/07\\\/29\\\/pierwsza-drogeria-hebe-w-gorzowie-juz-otwarta\\\/#primaryimage\"},\"thumbnailUrl\":\"https:\\\/\\\/gorzow.news\\\/wp-content\\\/uploads\\\/2022\\\/07\\\/IMG_20220729_124149_2.jpg\",\"datePublished\":\"2022-07-29T12:24:37+00:00\",\"dateModified\":\"2022-07-29T12:31:18+00:00\",\"author\":{\"@id\":\"https:\\\/\\\/gorzow.news\\\/#\\\/schema\\\/person\\\/a1e5ab43166369f2ce236a1cd90995bb\"},\"description\":\"Dzi\u015b w centrum handlowym NoVa Park nast\u0105pi\u0142o otwarcie drogerii Hebe. To pierwszy i d\u0142ugo wyczekiwany przez gorzowian sklep tej marki w Gorzowie.\",\"breadcrumb\":{\"@id\":\"https:\\\/\\\/gorzow.news\\\/index.php\\\/2022\\\/07\\\/29\\\/pierwsza-drogeria-hebe-w-gorzowie-juz-otwarta\\\/#breadcrumb\"},\"inLanguage\":\"pl-PL\",\"potentialAction\":[{\"@type\":\"ReadAction\",\"target\":[\"https:\\\/\\\/gorzow.news\\\/index.php\\\/2022\\\/07\\\/29\\\/pierwsza-drogeria-hebe-w-gorzowie-juz-otwarta\\\/\"]}]},{\"@type\":\"ImageObject\",\"inLanguage\":\"pl-PL\",\"@id\":\"https:\\\/\\\/gorzow.news\\\/index.php\\\/2022\\\/07\\\/29\\\/pierwsza-drogeria-hebe-w-gorzowie-juz-otwarta\\\/#primaryimage\",\"url\":\"https:\\\/\\\/gorzow.news\\\/wp-content\\\/uploads\\\/2022\\\/07\\\/IMG_20220729_124149_2.jpg\",\"contentUrl\":\"https:\\\/\\\/gorzow.news\\\/wp-content\\\/uploads\\\/2022\\\/07\\\/IMG_20220729_124149_2.jpg\",\"width\":1600,\"height\":757},{\"@type\":\"BreadcrumbList\",\"@id\":\"https:\\\/\\\/gorzow.news\\\/index.php\\\/2022\\\/07\\\/29\\\/pierwsza-drogeria-hebe-w-gorzowie-juz-otwarta\\\/#breadcrumb\",\"itemListElement\":[{\"@type\":\"ListItem\",\"position\":1,\"name\":\"Home\",\"item\":\"https:\\\/\\\/gorzow.news\\\/\"},{\"@type\":\"ListItem\",\"position\":2,\"name\":\"Pierwsza drogeria Hebe w Gorzowie ju\u017c otwarta! (zdj\u0119cia)\"}]},{\"@type\":\"WebSite\",\"@id\":\"https:\\\/\\\/gorzow.news\\\/#website\",\"url\":\"https:\\\/\\\/gorzow.news\\\/\",\"name\":\"Gorz\u00f3w News\",\"description\":\"Sp\u00f3jrz inaczej na miato i region...\",\"potentialAction\":[{\"@type\":\"SearchAction\",\"target\":{\"@type\":\"EntryPoint\",\"urlTemplate\":\"https:\\\/\\\/gorzow.news\\\/?s={search_term_string}\"},\"query-input\":{\"@type\":\"PropertyValueSpecification\",\"valueRequired\":true,\"valueName\":\"search_term_string\"}}],\"inLanguage\":\"pl-PL\"},{\"@type\":\"Person\",\"@id\":\"https:\\\/\\\/gorzow.news\\\/#\\\/schema\\\/person\\\/a1e5ab43166369f2ce236a1cd90995bb\",\"name\":\"maciej\",\"image\":{\"@type\":\"ImageObject\",\"inLanguage\":\"pl-PL\",\"@id\":\"https:\\\/\\\/secure.gravatar.com\\\/avatar\\\/530a674d56ba60cfa0ef21d74e8e8d123a51bb7aa6580465b5c2ab2c2e980a19?s=96&r=g&d=https:\\\/\\\/gorzow.news\\\/wp-content\\\/plugins\\\/userswp\\\/assets\\\/images\\\/no_profile.png\",\"url\":\"https:\\\/\\\/secure.gravatar.com\\\/avatar\\\/530a674d56ba60cfa0ef21d74e8e8d123a51bb7aa6580465b5c2ab2c2e980a19?s=96&r=g&d=https:\\\/\\\/gorzow.news\\\/wp-content\\\/plugins\\\/userswp\\\/assets\\\/images\\\/no_profile.png\",\"contentUrl\":\"https:\\\/\\\/secure.gravatar.com\\\/avatar\\\/530a674d56ba60cfa0ef21d74e8e8d123a51bb7aa6580465b5c2ab2c2e980a19?s=96&r=g&d=https:\\\/\\\/gorzow.news\\\/wp-content\\\/plugins\\\/userswp\\\/assets\\\/images\\\/no_profile.png\",\"caption\":\"maciej\"},\"url\":\"https:\\\/\\\/gorzow.news\\\/index.php\\\/profile\\\/maciej\\\/\"}]}<\/script>\n<!-- \/ Yoast SEO plugin. -->","yoast_head_json":{"title":"Pierwsza drogeria Hebe w Gorzowie ju\u017c otwarta! (zdj\u0119cia) - Gorz\u00f3w News","description":"Dzi\u015b w centrum handlowym NoVa Park nast\u0105pi\u0142o otwarcie drogerii Hebe. To pierwszy i d\u0142ugo wyczekiwany przez gorzowian sklep tej marki w Gorzowie.","robots":{"index":"index","follow":"follow","max-snippet":"max-snippet:-1","max-image-preview":"max-image-preview:large","max-video-preview":"max-video-preview:-1"},"canonical":"https:\/\/gorzow.news\/index.php\/2022\/07\/29\/pierwsza-drogeria-hebe-w-gorzowie-juz-otwarta\/","og_locale":"pl_PL","og_type":"article","og_title":"Pierwsza drogeria Hebe w Gorzowie ju\u017c otwarta! (zdj\u0119cia) - Gorz\u00f3w News","og_description":"Dzi\u015b w centrum handlowym NoVa Park nast\u0105pi\u0142o otwarcie drogerii Hebe. To pierwszy i d\u0142ugo wyczekiwany przez gorzowian sklep tej marki w Gorzowie.","og_url":"https:\/\/gorzow.news\/index.php\/2022\/07\/29\/pierwsza-drogeria-hebe-w-gorzowie-juz-otwarta\/","og_site_name":"Gorz\u00f3w News","article_publisher":"https:\/\/www.facebook.com\/gorzowskinews","article_published_time":"2022-07-29T12:24:37+00:00","article_modified_time":"2022-07-29T12:31:18+00:00","og_image":[{"width":1600,"height":757,"url":"https:\/\/gorzow.news\/wp-content\/uploads\/2022\/07\/IMG_20220729_124149_2.jpg","type":"image\/jpeg"}],"author":"maciej","twitter_card":"summary_large_image","twitter_misc":{"Napisane przez":"maciej","Szacowany czas czytania":"3 minuty"},"schema":{"@context":"https:\/\/schema.org","@graph":[{"@type":"Article","@id":"https:\/\/gorzow.news\/index.php\/2022\/07\/29\/pierwsza-drogeria-hebe-w-gorzowie-juz-otwarta\/#article","isPartOf":{"@id":"https:\/\/gorzow.news\/index.php\/2022\/07\/29\/pierwsza-drogeria-hebe-w-gorzowie-juz-otwarta\/"},"author":{"name":"maciej","@id":"https:\/\/gorzow.news\/#\/schema\/person\/a1e5ab43166369f2ce236a1cd90995bb"},"headline":"Pierwsza drogeria Hebe w Gorzowie ju\u017c otwarta! (zdj\u0119cia)","datePublished":"2022-07-29T12:24:37+00:00","dateModified":"2022-07-29T12:31:18+00:00","mainEntityOfPage":{"@id":"https:\/\/gorzow.news\/index.php\/2022\/07\/29\/pierwsza-drogeria-hebe-w-gorzowie-juz-otwarta\/"},"wordCount":312,"commentCount":2,"image":{"@id":"https:\/\/gorzow.news\/index.php\/2022\/07\/29\/pierwsza-drogeria-hebe-w-gorzowie-juz-otwarta\/#primaryimage"},"thumbnailUrl":"https:\/\/gorzow.news\/wp-content\/uploads\/2022\/07\/IMG_20220729_124149_2.jpg","keywords":["Anna Szcze\u015bniak","Hebe","Nova Park"],"articleSection":["Biznes","Wiadomo\u015bci"],"inLanguage":"pl-PL","potentialAction":[{"@type":"CommentAction","name":"Comment","target":["https:\/\/gorzow.news\/index.php\/2022\/07\/29\/pierwsza-drogeria-hebe-w-gorzowie-juz-otwarta\/#respond"]}]},{"@type":"WebPage","@id":"https:\/\/gorzow.news\/index.php\/2022\/07\/29\/pierwsza-drogeria-hebe-w-gorzowie-juz-otwarta\/","url":"https:\/\/gorzow.news\/index.php\/2022\/07\/29\/pierwsza-drogeria-hebe-w-gorzowie-juz-otwarta\/","name":"Pierwsza drogeria Hebe w Gorzowie ju\u017c otwarta! (zdj\u0119cia) - Gorz\u00f3w News","isPartOf":{"@id":"https:\/\/gorzow.news\/#website"},"primaryImageOfPage":{"@id":"https:\/\/gorzow.news\/index.php\/2022\/07\/29\/pierwsza-drogeria-hebe-w-gorzowie-juz-otwarta\/#primaryimage"},"image":{"@id":"https:\/\/gorzow.news\/index.php\/2022\/07\/29\/pierwsza-drogeria-hebe-w-gorzowie-juz-otwarta\/#primaryimage"},"thumbnailUrl":"https:\/\/gorzow.news\/wp-content\/uploads\/2022\/07\/IMG_20220729_124149_2.jpg","datePublished":"2022-07-29T12:24:37+00:00","dateModified":"2022-07-29T12:31:18+00:00","author":{"@id":"https:\/\/gorzow.news\/#\/schema\/person\/a1e5ab43166369f2ce236a1cd90995bb"},"description":"Dzi\u015b w centrum handlowym NoVa Park nast\u0105pi\u0142o otwarcie drogerii Hebe. To pierwszy i d\u0142ugo wyczekiwany przez gorzowian sklep tej marki w Gorzowie.","breadcrumb":{"@id":"https:\/\/gorzow.news\/index.php\/2022\/07\/29\/pierwsza-drogeria-hebe-w-gorzowie-juz-otwarta\/#breadcrumb"},"inLanguage":"pl-PL","potentialAction":[{"@type":"ReadAction","target":["https:\/\/gorzow.news\/index.php\/2022\/07\/29\/pierwsza-drogeria-hebe-w-gorzowie-juz-otwarta\/"]}]},{"@type":"ImageObject","inLanguage":"pl-PL","@id":"https:\/\/gorzow.news\/index.php\/2022\/07\/29\/pierwsza-drogeria-hebe-w-gorzowie-juz-otwarta\/#primaryimage","url":"https:\/\/gorzow.news\/wp-content\/uploads\/2022\/07\/IMG_20220729_124149_2.jpg","contentUrl":"https:\/\/gorzow.news\/wp-content\/uploads\/2022\/07\/IMG_20220729_124149_2.jpg","width":1600,"height":757},{"@type":"BreadcrumbList","@id":"https:\/\/gorzow.news\/index.php\/2022\/07\/29\/pierwsza-drogeria-hebe-w-gorzowie-juz-otwarta\/#breadcrumb","itemListElement":[{"@type":"ListItem","position":1,"name":"Home","item":"https:\/\/gorzow.news\/"},{"@type":"ListItem","position":2,"name":"Pierwsza drogeria Hebe w Gorzowie ju\u017c otwarta! (zdj\u0119cia)"}]},{"@type":"WebSite","@id":"https:\/\/gorzow.news\/#website","url":"https:\/\/gorzow.news\/","name":"Gorz\u00f3w News","description":"Sp\u00f3jrz inaczej na miato i region...","potentialAction":[{"@type":"SearchAction","target":{"@type":"EntryPoint","urlTemplate":"https:\/\/gorzow.news\/?s={search_term_string}"},"query-input":{"@type":"PropertyValueSpecification","valueRequired":true,"valueName":"search_term_string"}}],"inLanguage":"pl-PL"},{"@type":"Person","@id":"https:\/\/gorzow.news\/#\/schema\/person\/a1e5ab43166369f2ce236a1cd90995bb","name":"maciej","image":{"@type":"ImageObject","inLanguage":"pl-PL","@id":"https:\/\/secure.gravatar.com\/avatar\/530a674d56ba60cfa0ef21d74e8e8d123a51bb7aa6580465b5c2ab2c2e980a19?s=96&r=g&d=https:\/\/gorzow.news\/wp-content\/plugins\/userswp\/assets\/images\/no_profile.png","url":"https:\/\/secure.gravatar.com\/avatar\/530a674d56ba60cfa0ef21d74e8e8d123a51bb7aa6580465b5c2ab2c2e980a19?s=96&r=g&d=https:\/\/gorzow.news\/wp-content\/plugins\/userswp\/assets\/images\/no_profile.png","contentUrl":"https:\/\/secure.gravatar.com\/avatar\/530a674d56ba60cfa0ef21d74e8e8d123a51bb7aa6580465b5c2ab2c2e980a19?s=96&r=g&d=https:\/\/gorzow.news\/wp-content\/plugins\/userswp\/assets\/images\/no_profile.png","caption":"maciej"},"url":"https:\/\/gorzow.news\/index.php\/profile\/maciej\/"}]}},"_links":{"self":[{"href":"https:\/\/gorzow.news\/index.php\/wp-json\/wp\/v2\/posts\/8736","targetHints":{"allow":["GET"]}}],"collection":[{"href":"https:\/\/gorzow.news\/index.php\/wp-json\/wp\/v2\/posts"}],"about":[{"href":"https:\/\/gorzow.news\/index.php\/wp-json\/wp\/v2\/types\/post"}],"author":[{"embeddable":true,"href":"https:\/\/gorzow.news\/index.php\/wp-json\/wp\/v2\/users\/1"}],"replies":[{"embeddable":true,"href":"https:\/\/gorzow.news\/index.php\/wp-json\/wp\/v2\/comments?post=8736"}],"version-history":[{"count":0,"href":"https:\/\/gorzow.news\/index.php\/wp-json\/wp\/v2\/posts\/8736\/revisions"}],"wp:featuredmedia":[{"embeddable":true,"href":"https:\/\/gorzow.news\/index.php\/wp-json\/wp\/v2\/media\/8743"}],"wp:attachment":[{"href":"https:\/\/gorzow.news\/index.php\/wp-json\/wp\/v2\/media?parent=8736"}],"wp:term":[{"taxonomy":"category","embeddable":true,"href":"https:\/\/gorzow.news\/index.php\/wp-json\/wp\/v2\/categories?post=8736"},{"taxonomy":"post_tag","embeddable":true,"href":"https:\/\/gorzow.news\/index.php\/wp-json\/wp\/v2\/tags?post=8736"}],"curies":[{"name":"wp","href":"https:\/\/api.w.org\/{rel}","templated":true}]}}