{"id":8269,"date":"2022-07-08T10:43:39","date_gmt":"2022-07-08T08:43:39","guid":{"rendered":"https:\/\/gorzow.news\/?p=8269"},"modified":"2022-07-11T11:00:35","modified_gmt":"2022-07-11T09:00:35","slug":"kaufland-nie-chce-pamietac-o-browarze-kohlstock","status":"publish","type":"post","link":"https:\/\/gorzow.news\/index.php\/2022\/07\/08\/kaufland-nie-chce-pamietac-o-browarze-kohlstock\/","title":{"rendered":"Kaufland nie chce pami\u0119ta\u0107 o browarze Kohlstock"},"content":{"rendered":"\n<p><strong>Po naszym majowym tek\u015bcie, w kt\u00f3rym pisali\u015bmy, \u017ce Kaufland przy ul. Matejki przejdzie w tym roku remont napisa\u0142 do nas pan Robert Piotrowski. Znany gorzowski historyk i regionalista postanowi\u0142 za naszym po\u015brednictwem podrzuci\u0107 w\u0142a\u015bcicielom hipermarketu pomys\u0142, aby przy okazji remontu obiektu w aran\u017cacji wn\u0119trz wykorzystali przyk\u0142adowo du\u017cy widok poniemieckiego browaru Louisa Kohlstocka, kt\u00f3ry mie\u015bci\u0142 si\u0119 w Landsbergu dok\u0142adnie w miejscu dzisiejszego Kauflandu. Zreszt\u0105 zosta\u0142 wyburzony na prze\u0142omie 2006 i 2007 roku w\u0142a\u015bnie celem budowy Kauflandu.<\/strong><\/p>\n\n\n\n<p>Robi\u0105c dzi\u015b zakupy w Kauflandzie przy ul. Matejki nie zastanawiamy si\u0119 co mie\u015bci\u0142o si\u0119 w tym miejscu wcze\u015bniej. Wielu mieszka\u0144c\u00f3w Gorzowa nie wie, \u017ce wcze\u015bniej w tym miejscu mie\u015bci\u0142 si\u0119 budowany od ko\u0144ca XIX wieku rozleg\u0142y obiekt najstarszego w Landsbergu browaru Kohlstock. Browar wytwarza\u0142 w 1929 r. 55.600 hektolitr\u00f3w piwa, a rynek zbytu si\u0119ga\u0142 po Berlin, Szczecin, czy Pi\u0142\u0119, konkuruj\u0105c z innymi wielkoprzemys\u0142owymi browarami. W 1945 roku wyposa\u017cenie sta\u0142o si\u0119 zdobycz\u0105 wojenn\u0105 Armii Czerwonej. Budynki browaru w tym miejscu pe\u0142ni\u0142y po wojnie funkcje magazynowe a\u017c do rozbi\u00f3rki na prze\u0142omie 2006 i 2007 roku.<\/p>\n\n\n\n<p>Przeciwko wyburzeniom budynk\u00f3w browaru w 2006 roku protestowali nawet mieszka\u0144cy pobliskich blok\u00f3w. O sprawie wyburze\u0144 powiadomiona zosta\u0142a nawet prokuratura. Problem polega\u0142 jednak na tym, \u017ce kompleksu po browarze nigdy nie wpisano do rejestru zabytk\u00f3w. I ostatecznie wyburze\u0144 nie mo\u017cna by\u0142o zatrzyma\u0107. Hipermarket zosta\u0142 wi\u0119c w tym miejscu wybudowany i otwarty 19 maja 2011 roku.<\/p>\n\n\n\n<p>Uwa\u017camy, \u017ce o historii trzeba pami\u0119ta\u0107 i fajnie przekazywa\u0107 j\u0105 kolejnym pokoleniom, dlatego bardzo spodoba\u0142a si\u0119 nam propozycja pana Roberta. Pomys\u0142 przekazali\u015bmy do centrali Kauflandu. Na odpowied\u017a przysz\u0142o nam czeka\u0107 ponad miesi\u0105c. W przes\u0142anej informacji czytamy: &#8211; Dzi\u0119kujemy za kontakt i nades\u0142an\u0105 inspiracj\u0119. Przeanalizowali\u015bmy mo\u017cliwo\u015b\u0107 wykorzystania archiwalnych zdj\u0119\u0107 w sklepie Kaufland w Gorzowie. Dost\u0119pna przestrze\u0144 w tym markecie nie pozwala jednak na u\u017cycie w aran\u017cacji wielkoformatowych widok\u00f3w przedstawiaj\u0105cych zabytkowy obiekt &#8211; odpowiedzia\u0142 nam <strong>Jerzy Pi\u0105tek<\/strong> z dzia\u0142u komunikacji korporacyjnej Kaufland Polska.<\/p>\n\n\n\n<p>O komentarz poprosili\u015bmy autora pomys\u0142u: &#8211; Dziwi\u0119 si\u0119 tak du\u017cej firmie, \u017ce nie sta\u0107 jej na uk\u0142on w stron\u0119 miasta i miejsca, w kt\u00f3rym od lat robi\u0105 dobre interesy. Nawet w prowincjonalnym Seelow mo\u017cna zobaczy\u0107, \u017ce Kaufland je\u015bli chce, to potrafi fajnie nawi\u0105za\u0107 aran\u017cacj\u0105 wystroju hipermarketu do historii miejsca gdzie si\u0119 znajduje &#8211; m\u00f3wi nam Piotrowski.<\/p>\n\n\n\n<p>Ze swojej strony r\u00f3wnie\u017c uwa\u017camy, \u017ce gdyby tylko komu\u015b w korporacji Kauflandu chcia\u0142o si\u0119 chcie\u0107, to pomys\u0142 na r\u00f3\u017cne sposoby mo\u017cna by\u0142oby zrealizowa\u0107. Jednak do tego potrzebna jest dobra wola i troch\u0119 pracy. Modernizacja hipermarketu jeszcze si\u0119 nie rozpocz\u0119\u0142a. Mo\u017ce kto\u015b w tej niemieckiej firmie jeszcze si\u0119 zreflektuje, \u017ce mo\u017ce jednak warto\u2026<\/p>\n\n\n\n<p><strong>Przeczytaj te\u017c:<\/strong><br>&#8211; <a href=\"https:\/\/gorzow.news\/index.php\/2022\/07\/01\/nowoczesne-i-inne-niz-pozostale-netto-przy-mysliborskiej-pnie-sie-do-gory-zdjecia\/\">Nowoczesne i inne ni\u017c pozosta\u0142e! Netto przy My\u015bliborskiej pnie si\u0119 do g\u00f3ry (zdj\u0119cia)<\/a><br>&#8211; <a href=\"https:\/\/gorzow.news\/index.php\/2022\/06\/30\/przy-niepodleglosci-ruszyla-budowa-biedronki-wraz-z-pasazem-handlowym-zdjecia\/\">Przy Niepodleg\u0142o\u015bci ruszy\u0142a budowa Biedronki wraz z pasa\u017cem handlowym! (zdj\u0119cia)<\/a><br>&#8211; <a href=\"https:\/\/gorzow.news\/index.php\/2022\/05\/13\/bedzie-drugi-kaufland-wczesniej-remontu-doczeka-sie-ten-przy-matejki\/\">B\u0119dzie drugi Kaufland! Wcze\u015bniej remontu doczeka si\u0119 ten przy Matejki!<\/a><\/p>\n\n\n\n<p><strong>Budynki browaru w Landsbergu:<\/strong><\/p>\n\n\n\n<figure class=\"wp-block-image size-full\"><img loading=\"lazy\" decoding=\"async\" width=\"1000\" height=\"642\" src=\"https:\/\/gorzow.news\/wp-content\/uploads\/2022\/07\/browar-k.jpg\" alt=\"\" class=\"wp-image-8271\" srcset=\"https:\/\/gorzow.news\/wp-content\/uploads\/2022\/07\/browar-k.jpg 1000w, https:\/\/gorzow.news\/wp-content\/uploads\/2022\/07\/browar-k-300x193.jpg 300w, https:\/\/gorzow.news\/wp-content\/uploads\/2022\/07\/browar-k-768x493.jpg 768w, https:\/\/gorzow.news\/wp-content\/uploads\/2022\/07\/browar-k-696x447.jpg 696w\" sizes=\"auto, (max-width: 1000px) 100vw, 1000px\" \/><\/figure>\n\n\n\n<p><strong>Wyburzenia browaru Kohlstock &#8211; sierpie\u0144 2006 roku:<\/strong><\/p>\n\n\n\n<figure class=\"wp-block-image size-full\"><img loading=\"lazy\" decoding=\"async\" width=\"1000\" height=\"499\" src=\"https:\/\/gorzow.news\/wp-content\/uploads\/2022\/07\/DSC03364.jpg\" alt=\"\" class=\"wp-image-8276\" srcset=\"https:\/\/gorzow.news\/wp-content\/uploads\/2022\/07\/DSC03364.jpg 1000w, https:\/\/gorzow.news\/wp-content\/uploads\/2022\/07\/DSC03364-300x150.jpg 300w, https:\/\/gorzow.news\/wp-content\/uploads\/2022\/07\/DSC03364-768x383.jpg 768w, https:\/\/gorzow.news\/wp-content\/uploads\/2022\/07\/DSC03364-696x347.jpg 696w\" sizes=\"auto, (max-width: 1000px) 100vw, 1000px\" \/><figcaption>fot. Tomasz Sokolowski<\/figcaption><\/figure>\n\n\n\n<figure class=\"wp-block-image size-full\"><img loading=\"lazy\" decoding=\"async\" width=\"1000\" height=\"499\" src=\"https:\/\/gorzow.news\/wp-content\/uploads\/2022\/07\/DSC03363.jpg\" alt=\"\" class=\"wp-image-8275\" srcset=\"https:\/\/gorzow.news\/wp-content\/uploads\/2022\/07\/DSC03363.jpg 1000w, https:\/\/gorzow.news\/wp-content\/uploads\/2022\/07\/DSC03363-300x150.jpg 300w, https:\/\/gorzow.news\/wp-content\/uploads\/2022\/07\/DSC03363-768x383.jpg 768w, https:\/\/gorzow.news\/wp-content\/uploads\/2022\/07\/DSC03363-696x347.jpg 696w\" sizes=\"auto, (max-width: 1000px) 100vw, 1000px\" \/><figcaption>fot. Tomasz Sokolowski<\/figcaption><\/figure>\n\n\n\n<figure class=\"wp-block-image size-full\"><img loading=\"lazy\" decoding=\"async\" width=\"1000\" height=\"499\" src=\"https:\/\/gorzow.news\/wp-content\/uploads\/2022\/07\/DSC03362.jpg\" alt=\"\" class=\"wp-image-8274\" srcset=\"https:\/\/gorzow.news\/wp-content\/uploads\/2022\/07\/DSC03362.jpg 1000w, https:\/\/gorzow.news\/wp-content\/uploads\/2022\/07\/DSC03362-300x150.jpg 300w, https:\/\/gorzow.news\/wp-content\/uploads\/2022\/07\/DSC03362-768x383.jpg 768w, https:\/\/gorzow.news\/wp-content\/uploads\/2022\/07\/DSC03362-696x347.jpg 696w\" sizes=\"auto, (max-width: 1000px) 100vw, 1000px\" \/><figcaption>fot. Tomasz Sokolowski<\/figcaption><\/figure>\n\n\n\n<figure class=\"wp-block-image size-full\"><img loading=\"lazy\" decoding=\"async\" width=\"1000\" height=\"499\" src=\"https:\/\/gorzow.news\/wp-content\/uploads\/2022\/07\/DSC03361.jpg\" alt=\"\" class=\"wp-image-8273\" srcset=\"https:\/\/gorzow.news\/wp-content\/uploads\/2022\/07\/DSC03361.jpg 1000w, https:\/\/gorzow.news\/wp-content\/uploads\/2022\/07\/DSC03361-300x150.jpg 300w, https:\/\/gorzow.news\/wp-content\/uploads\/2022\/07\/DSC03361-768x383.jpg 768w, https:\/\/gorzow.news\/wp-content\/uploads\/2022\/07\/DSC03361-696x347.jpg 696w\" sizes=\"auto, (max-width: 1000px) 100vw, 1000px\" \/><figcaption>fot. Tomasz Sokolowski<\/figcaption><\/figure>\n\n\n\n<figure class=\"wp-block-image size-full\"><img loading=\"lazy\" decoding=\"async\" width=\"1000\" height=\"499\" src=\"https:\/\/gorzow.news\/wp-content\/uploads\/2022\/07\/DSC03360.jpg\" alt=\"\" class=\"wp-image-8272\" srcset=\"https:\/\/gorzow.news\/wp-content\/uploads\/2022\/07\/DSC03360.jpg 1000w, https:\/\/gorzow.news\/wp-content\/uploads\/2022\/07\/DSC03360-300x150.jpg 300w, https:\/\/gorzow.news\/wp-content\/uploads\/2022\/07\/DSC03360-768x383.jpg 768w, https:\/\/gorzow.news\/wp-content\/uploads\/2022\/07\/DSC03360-696x347.jpg 696w\" sizes=\"auto, (max-width: 1000px) 100vw, 1000px\" \/><figcaption>fot. Tomasz Sokolowski<\/figcaption><\/figure>\n","protected":false},"excerpt":{"rendered":"<p>Po naszym majowym tek\u015bcie, w kt\u00f3rym pisali\u015bmy, \u017ce Kaufland przy ul. Matejki przejdzie w tym roku remont napisa\u0142 do nas pan Robert Piotrowski. Znany gorzowski historyk i regionalista postanowi\u0142 za naszym po\u015brednictwem podrzuci\u0107 w\u0142a\u015bcicielom hipermarketu pomys\u0142, aby przy okazji remontu obiektu w aran\u017cacji wn\u0119trz wykorzystali przyk\u0142adowo du\u017cy widok poniemieckiego browaru Louisa Kohlstocka, kt\u00f3ry mie\u015bci\u0142 si\u0119 w Landsbergu dok\u0142adnie w miejscu dzisiejszego Kauflandu. Zreszt\u0105 zosta\u0142 wyburzony na prze\u0142omie 2006 i 2007 roku w\u0142a\u015bnie celem budowy Kauflandu.<\/p>\n","protected":false},"author":1,"featured_media":8270,"comment_status":"open","ping_status":"open","sticky":false,"template":"","format":"standard","meta":{"footnotes":"","_links_to":"","_links_to_target":""},"categories":[597,589],"tags":[1519,1521,342,56,501,1520],"class_list":{"0":"post-8269","1":"post","2":"type-post","3":"status-publish","4":"format-standard","5":"has-post-thumbnail","7":"category-fakty-opinie","9":"tag-browar-kohlstock","10":"tag-jerzy-piatek","11":"tag-kaufland","13":"tag-robert-piotrowski","14":"tag-seelow"},"yoast_head":"<!-- This site is optimized with the Yoast SEO plugin v27.3 - https:\/\/yoast.com\/product\/yoast-seo-wordpress\/ -->\n<title>Kaufland nie chce pami\u0119ta\u0107 o browarze Kohlstock - Gorz\u00f3w News<\/title>\n<meta name=\"description\" content=\"Po naszym majowym tek\u015bcie, w kt\u00f3rym pisali\u015bmy, \u017ce Kaufland przy ul. Matejki przejdzie w tym roku remont napisa\u0142 do nas pan Robert Piotrowski. Zna\" \/>\n<meta name=\"robots\" content=\"index, follow, max-snippet:-1, max-image-preview:large, max-video-preview:-1\" \/>\n<link rel=\"canonical\" href=\"https:\/\/gorzow.news\/index.php\/2022\/07\/08\/kaufland-nie-chce-pamietac-o-browarze-kohlstock\/\" \/>\n<meta property=\"og:locale\" content=\"pl_PL\" \/>\n<meta property=\"og:type\" content=\"article\" \/>\n<meta property=\"og:title\" content=\"Kaufland nie chce pami\u0119ta\u0107 o browarze Kohlstock - Gorz\u00f3w News\" \/>\n<meta property=\"og:description\" content=\"Po naszym majowym tek\u015bcie, w kt\u00f3rym pisali\u015bmy, \u017ce Kaufland przy ul. Matejki przejdzie w tym roku remont napisa\u0142 do nas pan Robert Piotrowski. Zna\" \/>\n<meta property=\"og:url\" content=\"https:\/\/gorzow.news\/index.php\/2022\/07\/08\/kaufland-nie-chce-pamietac-o-browarze-kohlstock\/\" \/>\n<meta property=\"og:site_name\" content=\"Gorz\u00f3w News\" \/>\n<meta property=\"article:publisher\" content=\"https:\/\/www.facebook.com\/gorzowskinews\" \/>\n<meta property=\"article:published_time\" content=\"2022-07-08T08:43:39+00:00\" \/>\n<meta property=\"article:modified_time\" content=\"2022-07-11T09:00:35+00:00\" \/>\n<meta property=\"og:image\" content=\"https:\/\/gorzow.news\/wp-content\/uploads\/2022\/07\/kaufland.jpg\" \/>\n\t<meta property=\"og:image:width\" content=\"994\" \/>\n\t<meta property=\"og:image:height\" content=\"497\" \/>\n\t<meta property=\"og:image:type\" content=\"image\/jpeg\" \/>\n<meta name=\"author\" content=\"maciej\" \/>\n<meta name=\"twitter:card\" content=\"summary_large_image\" \/>\n<meta name=\"twitter:label1\" content=\"Napisane przez\" \/>\n\t<meta name=\"twitter:data1\" content=\"maciej\" \/>\n\t<meta name=\"twitter:label2\" content=\"Szacowany czas czytania\" \/>\n\t<meta name=\"twitter:data2\" content=\"5 minut\" \/>\n<script type=\"application\/ld+json\" class=\"yoast-schema-graph\">{\"@context\":\"https:\\\/\\\/schema.org\",\"@graph\":[{\"@type\":\"Article\",\"@id\":\"https:\\\/\\\/gorzow.news\\\/index.php\\\/2022\\\/07\\\/08\\\/kaufland-nie-chce-pamietac-o-browarze-kohlstock\\\/#article\",\"isPartOf\":{\"@id\":\"https:\\\/\\\/gorzow.news\\\/index.php\\\/2022\\\/07\\\/08\\\/kaufland-nie-chce-pamietac-o-browarze-kohlstock\\\/\"},\"author\":{\"name\":\"maciej\",\"@id\":\"https:\\\/\\\/gorzow.news\\\/#\\\/schema\\\/person\\\/a1e5ab43166369f2ce236a1cd90995bb\"},\"headline\":\"Kaufland nie chce pami\u0119ta\u0107 o browarze Kohlstock\",\"datePublished\":\"2022-07-08T08:43:39+00:00\",\"dateModified\":\"2022-07-11T09:00:35+00:00\",\"mainEntityOfPage\":{\"@id\":\"https:\\\/\\\/gorzow.news\\\/index.php\\\/2022\\\/07\\\/08\\\/kaufland-nie-chce-pamietac-o-browarze-kohlstock\\\/\"},\"wordCount\":564,\"commentCount\":0,\"image\":{\"@id\":\"https:\\\/\\\/gorzow.news\\\/index.php\\\/2022\\\/07\\\/08\\\/kaufland-nie-chce-pamietac-o-browarze-kohlstock\\\/#primaryimage\"},\"thumbnailUrl\":\"https:\\\/\\\/gorzow.news\\\/wp-content\\\/uploads\\\/2022\\\/07\\\/kaufland.jpg\",\"keywords\":[\"browar Kohlstock\",\"Jerzy Pi\u0105tek\",\"Kaufland\",\"Landsberg\",\"Robert Piotrowski\",\"Seelow\"],\"articleSection\":[\"Fakty i opinie\",\"Wiadomo\u015bci\"],\"inLanguage\":\"pl-PL\",\"potentialAction\":[{\"@type\":\"CommentAction\",\"name\":\"Comment\",\"target\":[\"https:\\\/\\\/gorzow.news\\\/index.php\\\/2022\\\/07\\\/08\\\/kaufland-nie-chce-pamietac-o-browarze-kohlstock\\\/#respond\"]}]},{\"@type\":\"WebPage\",\"@id\":\"https:\\\/\\\/gorzow.news\\\/index.php\\\/2022\\\/07\\\/08\\\/kaufland-nie-chce-pamietac-o-browarze-kohlstock\\\/\",\"url\":\"https:\\\/\\\/gorzow.news\\\/index.php\\\/2022\\\/07\\\/08\\\/kaufland-nie-chce-pamietac-o-browarze-kohlstock\\\/\",\"name\":\"Kaufland nie chce pami\u0119ta\u0107 o browarze Kohlstock - Gorz\u00f3w News\",\"isPartOf\":{\"@id\":\"https:\\\/\\\/gorzow.news\\\/#website\"},\"primaryImageOfPage\":{\"@id\":\"https:\\\/\\\/gorzow.news\\\/index.php\\\/2022\\\/07\\\/08\\\/kaufland-nie-chce-pamietac-o-browarze-kohlstock\\\/#primaryimage\"},\"image\":{\"@id\":\"https:\\\/\\\/gorzow.news\\\/index.php\\\/2022\\\/07\\\/08\\\/kaufland-nie-chce-pamietac-o-browarze-kohlstock\\\/#primaryimage\"},\"thumbnailUrl\":\"https:\\\/\\\/gorzow.news\\\/wp-content\\\/uploads\\\/2022\\\/07\\\/kaufland.jpg\",\"datePublished\":\"2022-07-08T08:43:39+00:00\",\"dateModified\":\"2022-07-11T09:00:35+00:00\",\"author\":{\"@id\":\"https:\\\/\\\/gorzow.news\\\/#\\\/schema\\\/person\\\/a1e5ab43166369f2ce236a1cd90995bb\"},\"description\":\"Po naszym majowym tek\u015bcie, w kt\u00f3rym pisali\u015bmy, \u017ce Kaufland przy ul. Matejki przejdzie w tym roku remont napisa\u0142 do nas pan Robert Piotrowski. Znany gorzowski historyk i regionalista postanowi\u0142 za naszym po\u015brednictwem podrzuci\u0107 w\u0142a\u015bcicielom hipermarketu pomys\u0142, aby przy okazji remontu obiektu w aran\u017cacji wn\u0119trz wykorzystali przyk\u0142adowo du\u017cy widok poniemieckiego browaru Louisa Kohlstocka, kt\u00f3ry mie\u015bci\u0142 si\u0119 w Landsbergu dok\u0142adnie w miejscu dzisiejszego Kauflandu. Zreszt\u0105 zosta\u0142 wyburzony na prze\u0142omie 2006 i 2007 roku w\u0142a\u015bnie celem budowy Kauflandu.\",\"breadcrumb\":{\"@id\":\"https:\\\/\\\/gorzow.news\\\/index.php\\\/2022\\\/07\\\/08\\\/kaufland-nie-chce-pamietac-o-browarze-kohlstock\\\/#breadcrumb\"},\"inLanguage\":\"pl-PL\",\"potentialAction\":[{\"@type\":\"ReadAction\",\"target\":[\"https:\\\/\\\/gorzow.news\\\/index.php\\\/2022\\\/07\\\/08\\\/kaufland-nie-chce-pamietac-o-browarze-kohlstock\\\/\"]}]},{\"@type\":\"ImageObject\",\"inLanguage\":\"pl-PL\",\"@id\":\"https:\\\/\\\/gorzow.news\\\/index.php\\\/2022\\\/07\\\/08\\\/kaufland-nie-chce-pamietac-o-browarze-kohlstock\\\/#primaryimage\",\"url\":\"https:\\\/\\\/gorzow.news\\\/wp-content\\\/uploads\\\/2022\\\/07\\\/kaufland.jpg\",\"contentUrl\":\"https:\\\/\\\/gorzow.news\\\/wp-content\\\/uploads\\\/2022\\\/07\\\/kaufland.jpg\",\"width\":994,\"height\":497},{\"@type\":\"BreadcrumbList\",\"@id\":\"https:\\\/\\\/gorzow.news\\\/index.php\\\/2022\\\/07\\\/08\\\/kaufland-nie-chce-pamietac-o-browarze-kohlstock\\\/#breadcrumb\",\"itemListElement\":[{\"@type\":\"ListItem\",\"position\":1,\"name\":\"Home\",\"item\":\"https:\\\/\\\/gorzow.news\\\/\"},{\"@type\":\"ListItem\",\"position\":2,\"name\":\"Kaufland nie chce pami\u0119ta\u0107 o browarze Kohlstock\"}]},{\"@type\":\"WebSite\",\"@id\":\"https:\\\/\\\/gorzow.news\\\/#website\",\"url\":\"https:\\\/\\\/gorzow.news\\\/\",\"name\":\"Gorz\u00f3w News\",\"description\":\"Sp\u00f3jrz inaczej na miato i region...\",\"potentialAction\":[{\"@type\":\"SearchAction\",\"target\":{\"@type\":\"EntryPoint\",\"urlTemplate\":\"https:\\\/\\\/gorzow.news\\\/?s={search_term_string}\"},\"query-input\":{\"@type\":\"PropertyValueSpecification\",\"valueRequired\":true,\"valueName\":\"search_term_string\"}}],\"inLanguage\":\"pl-PL\"},{\"@type\":\"Person\",\"@id\":\"https:\\\/\\\/gorzow.news\\\/#\\\/schema\\\/person\\\/a1e5ab43166369f2ce236a1cd90995bb\",\"name\":\"maciej\",\"image\":{\"@type\":\"ImageObject\",\"inLanguage\":\"pl-PL\",\"@id\":\"https:\\\/\\\/secure.gravatar.com\\\/avatar\\\/530a674d56ba60cfa0ef21d74e8e8d123a51bb7aa6580465b5c2ab2c2e980a19?s=96&r=g&d=https:\\\/\\\/gorzow.news\\\/wp-content\\\/plugins\\\/userswp\\\/assets\\\/images\\\/no_profile.png\",\"url\":\"https:\\\/\\\/secure.gravatar.com\\\/avatar\\\/530a674d56ba60cfa0ef21d74e8e8d123a51bb7aa6580465b5c2ab2c2e980a19?s=96&r=g&d=https:\\\/\\\/gorzow.news\\\/wp-content\\\/plugins\\\/userswp\\\/assets\\\/images\\\/no_profile.png\",\"contentUrl\":\"https:\\\/\\\/secure.gravatar.com\\\/avatar\\\/530a674d56ba60cfa0ef21d74e8e8d123a51bb7aa6580465b5c2ab2c2e980a19?s=96&r=g&d=https:\\\/\\\/gorzow.news\\\/wp-content\\\/plugins\\\/userswp\\\/assets\\\/images\\\/no_profile.png\",\"caption\":\"maciej\"},\"url\":\"https:\\\/\\\/gorzow.news\\\/index.php\\\/profile\\\/maciej\\\/\"}]}<\/script>\n<!-- \/ Yoast SEO plugin. -->","yoast_head_json":{"title":"Kaufland nie chce pami\u0119ta\u0107 o browarze Kohlstock - Gorz\u00f3w News","description":"Po naszym majowym tek\u015bcie, w kt\u00f3rym pisali\u015bmy, \u017ce Kaufland przy ul. Matejki przejdzie w tym roku remont napisa\u0142 do nas pan Robert Piotrowski. Zna","robots":{"index":"index","follow":"follow","max-snippet":"max-snippet:-1","max-image-preview":"max-image-preview:large","max-video-preview":"max-video-preview:-1"},"canonical":"https:\/\/gorzow.news\/index.php\/2022\/07\/08\/kaufland-nie-chce-pamietac-o-browarze-kohlstock\/","og_locale":"pl_PL","og_type":"article","og_title":"Kaufland nie chce pami\u0119ta\u0107 o browarze Kohlstock - Gorz\u00f3w News","og_description":"Po naszym majowym tek\u015bcie, w kt\u00f3rym pisali\u015bmy, \u017ce Kaufland przy ul. Matejki przejdzie w tym roku remont napisa\u0142 do nas pan Robert Piotrowski. Zna","og_url":"https:\/\/gorzow.news\/index.php\/2022\/07\/08\/kaufland-nie-chce-pamietac-o-browarze-kohlstock\/","og_site_name":"Gorz\u00f3w News","article_publisher":"https:\/\/www.facebook.com\/gorzowskinews","article_published_time":"2022-07-08T08:43:39+00:00","article_modified_time":"2022-07-11T09:00:35+00:00","og_image":[{"width":994,"height":497,"url":"https:\/\/gorzow.news\/wp-content\/uploads\/2022\/07\/kaufland.jpg","type":"image\/jpeg"}],"author":"maciej","twitter_card":"summary_large_image","twitter_misc":{"Napisane przez":"maciej","Szacowany czas czytania":"5 minut"},"schema":{"@context":"https:\/\/schema.org","@graph":[{"@type":"Article","@id":"https:\/\/gorzow.news\/index.php\/2022\/07\/08\/kaufland-nie-chce-pamietac-o-browarze-kohlstock\/#article","isPartOf":{"@id":"https:\/\/gorzow.news\/index.php\/2022\/07\/08\/kaufland-nie-chce-pamietac-o-browarze-kohlstock\/"},"author":{"name":"maciej","@id":"https:\/\/gorzow.news\/#\/schema\/person\/a1e5ab43166369f2ce236a1cd90995bb"},"headline":"Kaufland nie chce pami\u0119ta\u0107 o browarze Kohlstock","datePublished":"2022-07-08T08:43:39+00:00","dateModified":"2022-07-11T09:00:35+00:00","mainEntityOfPage":{"@id":"https:\/\/gorzow.news\/index.php\/2022\/07\/08\/kaufland-nie-chce-pamietac-o-browarze-kohlstock\/"},"wordCount":564,"commentCount":0,"image":{"@id":"https:\/\/gorzow.news\/index.php\/2022\/07\/08\/kaufland-nie-chce-pamietac-o-browarze-kohlstock\/#primaryimage"},"thumbnailUrl":"https:\/\/gorzow.news\/wp-content\/uploads\/2022\/07\/kaufland.jpg","keywords":["browar Kohlstock","Jerzy Pi\u0105tek","Kaufland","Landsberg","Robert Piotrowski","Seelow"],"articleSection":["Fakty i opinie","Wiadomo\u015bci"],"inLanguage":"pl-PL","potentialAction":[{"@type":"CommentAction","name":"Comment","target":["https:\/\/gorzow.news\/index.php\/2022\/07\/08\/kaufland-nie-chce-pamietac-o-browarze-kohlstock\/#respond"]}]},{"@type":"WebPage","@id":"https:\/\/gorzow.news\/index.php\/2022\/07\/08\/kaufland-nie-chce-pamietac-o-browarze-kohlstock\/","url":"https:\/\/gorzow.news\/index.php\/2022\/07\/08\/kaufland-nie-chce-pamietac-o-browarze-kohlstock\/","name":"Kaufland nie chce pami\u0119ta\u0107 o browarze Kohlstock - Gorz\u00f3w News","isPartOf":{"@id":"https:\/\/gorzow.news\/#website"},"primaryImageOfPage":{"@id":"https:\/\/gorzow.news\/index.php\/2022\/07\/08\/kaufland-nie-chce-pamietac-o-browarze-kohlstock\/#primaryimage"},"image":{"@id":"https:\/\/gorzow.news\/index.php\/2022\/07\/08\/kaufland-nie-chce-pamietac-o-browarze-kohlstock\/#primaryimage"},"thumbnailUrl":"https:\/\/gorzow.news\/wp-content\/uploads\/2022\/07\/kaufland.jpg","datePublished":"2022-07-08T08:43:39+00:00","dateModified":"2022-07-11T09:00:35+00:00","author":{"@id":"https:\/\/gorzow.news\/#\/schema\/person\/a1e5ab43166369f2ce236a1cd90995bb"},"description":"Po naszym majowym tek\u015bcie, w kt\u00f3rym pisali\u015bmy, \u017ce Kaufland przy ul. Matejki przejdzie w tym roku remont napisa\u0142 do nas pan Robert Piotrowski. Znany gorzowski historyk i regionalista postanowi\u0142 za naszym po\u015brednictwem podrzuci\u0107 w\u0142a\u015bcicielom hipermarketu pomys\u0142, aby przy okazji remontu obiektu w aran\u017cacji wn\u0119trz wykorzystali przyk\u0142adowo du\u017cy widok poniemieckiego browaru Louisa Kohlstocka, kt\u00f3ry mie\u015bci\u0142 si\u0119 w Landsbergu dok\u0142adnie w miejscu dzisiejszego Kauflandu. Zreszt\u0105 zosta\u0142 wyburzony na prze\u0142omie 2006 i 2007 roku w\u0142a\u015bnie celem budowy Kauflandu.","breadcrumb":{"@id":"https:\/\/gorzow.news\/index.php\/2022\/07\/08\/kaufland-nie-chce-pamietac-o-browarze-kohlstock\/#breadcrumb"},"inLanguage":"pl-PL","potentialAction":[{"@type":"ReadAction","target":["https:\/\/gorzow.news\/index.php\/2022\/07\/08\/kaufland-nie-chce-pamietac-o-browarze-kohlstock\/"]}]},{"@type":"ImageObject","inLanguage":"pl-PL","@id":"https:\/\/gorzow.news\/index.php\/2022\/07\/08\/kaufland-nie-chce-pamietac-o-browarze-kohlstock\/#primaryimage","url":"https:\/\/gorzow.news\/wp-content\/uploads\/2022\/07\/kaufland.jpg","contentUrl":"https:\/\/gorzow.news\/wp-content\/uploads\/2022\/07\/kaufland.jpg","width":994,"height":497},{"@type":"BreadcrumbList","@id":"https:\/\/gorzow.news\/index.php\/2022\/07\/08\/kaufland-nie-chce-pamietac-o-browarze-kohlstock\/#breadcrumb","itemListElement":[{"@type":"ListItem","position":1,"name":"Home","item":"https:\/\/gorzow.news\/"},{"@type":"ListItem","position":2,"name":"Kaufland nie chce pami\u0119ta\u0107 o browarze Kohlstock"}]},{"@type":"WebSite","@id":"https:\/\/gorzow.news\/#website","url":"https:\/\/gorzow.news\/","name":"Gorz\u00f3w News","description":"Sp\u00f3jrz inaczej na miato i region...","potentialAction":[{"@type":"SearchAction","target":{"@type":"EntryPoint","urlTemplate":"https:\/\/gorzow.news\/?s={search_term_string}"},"query-input":{"@type":"PropertyValueSpecification","valueRequired":true,"valueName":"search_term_string"}}],"inLanguage":"pl-PL"},{"@type":"Person","@id":"https:\/\/gorzow.news\/#\/schema\/person\/a1e5ab43166369f2ce236a1cd90995bb","name":"maciej","image":{"@type":"ImageObject","inLanguage":"pl-PL","@id":"https:\/\/secure.gravatar.com\/avatar\/530a674d56ba60cfa0ef21d74e8e8d123a51bb7aa6580465b5c2ab2c2e980a19?s=96&r=g&d=https:\/\/gorzow.news\/wp-content\/plugins\/userswp\/assets\/images\/no_profile.png","url":"https:\/\/secure.gravatar.com\/avatar\/530a674d56ba60cfa0ef21d74e8e8d123a51bb7aa6580465b5c2ab2c2e980a19?s=96&r=g&d=https:\/\/gorzow.news\/wp-content\/plugins\/userswp\/assets\/images\/no_profile.png","contentUrl":"https:\/\/secure.gravatar.com\/avatar\/530a674d56ba60cfa0ef21d74e8e8d123a51bb7aa6580465b5c2ab2c2e980a19?s=96&r=g&d=https:\/\/gorzow.news\/wp-content\/plugins\/userswp\/assets\/images\/no_profile.png","caption":"maciej"},"url":"https:\/\/gorzow.news\/index.php\/profile\/maciej\/"}]}},"_links":{"self":[{"href":"https:\/\/gorzow.news\/index.php\/wp-json\/wp\/v2\/posts\/8269","targetHints":{"allow":["GET"]}}],"collection":[{"href":"https:\/\/gorzow.news\/index.php\/wp-json\/wp\/v2\/posts"}],"about":[{"href":"https:\/\/gorzow.news\/index.php\/wp-json\/wp\/v2\/types\/post"}],"author":[{"embeddable":true,"href":"https:\/\/gorzow.news\/index.php\/wp-json\/wp\/v2\/users\/1"}],"replies":[{"embeddable":true,"href":"https:\/\/gorzow.news\/index.php\/wp-json\/wp\/v2\/comments?post=8269"}],"version-history":[{"count":0,"href":"https:\/\/gorzow.news\/index.php\/wp-json\/wp\/v2\/posts\/8269\/revisions"}],"wp:featuredmedia":[{"embeddable":true,"href":"https:\/\/gorzow.news\/index.php\/wp-json\/wp\/v2\/media\/8270"}],"wp:attachment":[{"href":"https:\/\/gorzow.news\/index.php\/wp-json\/wp\/v2\/media?parent=8269"}],"wp:term":[{"taxonomy":"category","embeddable":true,"href":"https:\/\/gorzow.news\/index.php\/wp-json\/wp\/v2\/categories?post=8269"},{"taxonomy":"post_tag","embeddable":true,"href":"https:\/\/gorzow.news\/index.php\/wp-json\/wp\/v2\/tags?post=8269"}],"curies":[{"name":"wp","href":"https:\/\/api.w.org\/{rel}","templated":true}]}}