{"id":7593,"date":"2022-06-03T09:29:28","date_gmt":"2022-06-03T07:29:28","guid":{"rendered":"https:\/\/gorzow.news\/?p=7593"},"modified":"2022-06-08T15:15:40","modified_gmt":"2022-06-08T13:15:40","slug":"sa-dodatkowe-srodki-unijne-dla-lubuskiego-wraca-temat-elektryfikacji-linii-203","status":"publish","type":"post","link":"https:\/\/gorzow.news\/index.php\/2022\/06\/03\/sa-dodatkowe-srodki-unijne-dla-lubuskiego-wraca-temat-elektryfikacji-linii-203\/","title":{"rendered":"S\u0105 dodatkowe \u015brodki unijne dla Lubuskiego! Wraca temat elektryfikacji linii 203!"},"content":{"rendered":"\n<p><strong>Nie 861,5 a blisko 915 mln euro trafi do lubuskiego w Kontrakcie Programowym dla Wojew\u00f3dztwa Lubuskiego na lata 2021-2027. Wszystko dzi\u0119ki nowemu algorytmowi, kt\u00f3ry dzieli\u0142 unijne \u015brodki! Dodatkowe \u015brodki zasil\u0105 te\u017c program Feniks, a to oznacza, \u017ce wojew\u00f3dztwo b\u0119dzie mog\u0142o si\u0119 ponownie stara\u0107 o finansowanie elektryfikacji linii kolejowej Krzy\u017c &#8211; Gorz\u00f3w &#8211; Kostrzyn!<\/strong><\/p>\n\n\n\n<p>Zarz\u0105d Wojew\u00f3dztwa Lubuskiego od wielu miesi\u0119cy negocjowa\u0142 zmian\u0119 podej\u015bcia do lokowania \u015brodk\u00f3w na programy regionalne oraz zwi\u0119kszenie \u015brodk\u00f3w w ramach programu Fundusze Europejskie dla Lubuskiego 2021-2027. Wszystko przez wcze\u015bniejsz\u0105 zmian\u0119 algorytmu, wed\u0142ug kt\u00f3rego przyznawana by\u0142a regionom alokacja. Przypomnijmy, z powodu innego przelicznika zastosowanego przez ministerstwo, nasz region straci\u0142 120 mln euro. Zarz\u0105d wojew\u00f3dztwa wni\u00f3s\u0142 skarg\u0119 do Komisji Europejskiej i ministra Funduszy i Polityki Regionalnej o zrekompensowanie Lubuskiemu tej kwoty.<\/p>\n\n\n\n<p>We wtorek 31 maja w spotkaniu w ministerstwie uczestniczy\u0142a marsza\u0142ek El\u017cbieta Anna Polak oraz wicemarsza\u0142ek \u0141ukasz Porycki. Marsza\u0142ek podtrzyma\u0142a stanowisko Zarz\u0105du. Przekaza\u0142a, \u017ce nadal wojew\u00f3dztwo oczekuje zmiany podej\u015bcia do lokowania \u015brodk\u00f3w na programy regionalne i zwi\u0119kszenie \u015brodk\u00f3w w ramach programu Fundusze Europejskie dla Lubuskiego 2021-2027. &#8211; Zgodnie ze stanowiskiem Komisji Europejskiej podzia\u0142 alokacji na programy regionalne powinien odbywa\u0107 si\u0119 w spos\u00f3b uczciwy i transparentny, z zaanga\u017cowaniem zainteresowanych stron &#8211; przedstawi\u0142a stanowisko lubuska marsza\u0142ek.<\/p>\n\n\n\n<p>El\u017cbieta Anna Polak podkre\u015bli\u0142a r\u00f3wnie\u017c, \u017ce Zarz\u0105d oczekuje, i\u017c minister wywi\u0105\u017ce si\u0119 z deklaracji, kt\u00f3r\u0105 sk\u0142ada\u0142 14 grudnia 2021 r., kiedy zagwarantowa\u0142, \u017ce w ramach refundacji utraconych \u015brodk\u00f3w nast\u0105pi finansowanie projekt\u00f3w strategicznych regionu w ramach program\u00f3w krajowych. Chodzi o rewitalizacj\u0119 linii kolejowej nr 203 na odcinku Krzy\u017c &#8211; Gorz\u00f3w oraz wsparcie inwestycji W\u00f3d Polskich na terenie wojew\u00f3dztwa lubuskiego. Zarz\u0105d wojew\u00f3dztwa nie wyrazi\u0142 te\u017c zgody na ingerowanie przez ministerstwo w zakres czy tytu\u0142y projekt\u00f3w strategicznych zaplanowanych do uj\u0119cia w Kontrakcie Programowym. Tym samym podtrzyma\u0142 swoje stanowisko ws. wprowadzenia na list\u0119 budowy p\u00f3\u0142nocnej obwodnicy Gorzowa.<\/p>\n\n\n\n<p>Rezultat jest taki, \u017ce Lubuskie &#8211; w wyniku podzia\u0142u dodatkowych \u015brodk\u00f3w unijnych &#8211; otrzyma 53,3 mln euro wi\u0119cej, a wi\u0119c obecnie alokacja na now\u0105 perspektyw\u0119 dla regionu wynosi blisko 915 mln euro (by\u0142o 861,5 mln). Do ich podzia\u0142u zbudowano nowy algorytm, na kt\u00f3rym zyska\u0142y regiony. Teraz to jest nie 40 proc. z unijnego tortu, lecz 41,46 proc. Nowe wska\u017aniki, kt\u00f3re zastosowano w algorytmie to m.in. odsetek ludno\u015bci z teren\u00f3w wiejskich, liczba oraz odsetek migrant\u00f3w z Ukrainy, liczba os\u00f3b w wieku poprodukcyjnym, liczba os\u00f3b doros\u0142ych (w przedziale wieku 25-64) czy liczba os\u00f3b niekorzystaj\u0105cych z internetu.<\/p>\n\n\n\n<p>Marsza\u0142ek El\u017cbieta Anna Polak otrzyma\u0142a tak\u017ce informacj\u0119, \u017ce 84 mln euro zasili dodatkowo program Feniks, z kt\u00f3rego Lubuskie b\u0119dzie mog\u0142o si\u0119 stara\u0107 uzyska\u0107 \u015brodki na elektryfikacj\u0119 linii kolejowej 203.<\/p>\n\n\n\n<p><strong>Przeczytaj te\u017c:<\/strong><br>&#8211; <a href=\"https:\/\/gorzow.news\/index.php\/2022\/04\/20\/kolej-plus-nie-ma-pieniedzy-na-gorzowskie-projekty\/\">Kolej Plus: Nie ma pieni\u0119dzy na gorzowskie projekty!<\/a><br>&#8211; <a href=\"https:\/\/gorzow.news\/index.php\/2022\/04\/19\/brak-likwidacji-linii-tramwajowej-pod-dworzec-pkp-poskutkowal-bedzie-remont-dworca\/\">Brak likwidacji linii tramwajowej pod dworzec PKP poskutkowa\u0142? B\u0119dzie remont dworca!<\/a><br>&#8211; <a href=\"https:\/\/gorzow.news\/index.php\/2022\/04\/05\/tramwajem-jednak-dojedziemy-pod-dworzec-pkp-bedzie-remont-torowiska-na-dworcowej\/\">Tramwajem jednak dojedziemy pod dworzec PKP! B\u0119dzie remont torowiska na Dworcowej!<\/a><\/p>\n","protected":false},"excerpt":{"rendered":"<p>Nie 861,5 a blisko 915 mln euro trafi do lubuskiego w Kontrakcie Programowym dla Wojew\u00f3dztwa Lubuskiego na lata 2021-2027. Wszystko dzi\u0119ki nowemu algorytmowi, kt\u00f3ry dzieli\u0142 unijne \u015brodki! Dodatkowe \u015brodki zasil\u0105 te\u017c program Feniks, a to oznacza, \u017ce wojew\u00f3dztwo b\u0119dzie mog\u0142o si\u0119 ponownie stara\u0107 o finansowanie elektryfikacji linii kolejowej Krzy\u017c &#8211; Gorz\u00f3w &#8211; Kostrzyn!<\/p>\n","protected":false},"author":1,"featured_media":7594,"comment_status":"open","ping_status":"open","sticky":false,"template":"","format":"standard","meta":{"footnotes":"","_links_to":"","_links_to_target":""},"categories":[597,589],"tags":[1425,710,1429,1428,1427,1210],"class_list":{"0":"post-7593","1":"post","2":"type-post","3":"status-publish","4":"format-standard","5":"has-post-thumbnail","7":"category-fakty-opinie","8":"category-wiadomosci","9":"tag-elektryfikacja","10":"tag-elzbieta-anna-polak","11":"tag-komisja-europejska","12":"tag-krzyz-gorzow-kostrzyn","13":"tag-linia-203","14":"tag-lukasz-porycki"},"yoast_head":"<!-- This site is optimized with the Yoast SEO plugin v27.3 - https:\/\/yoast.com\/product\/yoast-seo-wordpress\/ -->\n<title>S\u0105 dodatkowe \u015brodki unijne dla Lubuskiego! Wraca temat elektryfikacji linii 203! - Gorz\u00f3w News<\/title>\n<meta name=\"description\" content=\"Nie 861,5 a blisko 915 mln euro trafi do lubuskiego w Kontrakcie Programowym dla Wojew\u00f3dztwa Lubuskiego na lata 2021-2027. Wszystko dzi\u0119ki nowemu al\" \/>\n<meta name=\"robots\" content=\"index, follow, max-snippet:-1, max-image-preview:large, max-video-preview:-1\" \/>\n<link rel=\"canonical\" href=\"https:\/\/gorzow.news\/index.php\/2022\/06\/03\/sa-dodatkowe-srodki-unijne-dla-lubuskiego-wraca-temat-elektryfikacji-linii-203\/\" \/>\n<meta property=\"og:locale\" content=\"pl_PL\" \/>\n<meta property=\"og:type\" content=\"article\" \/>\n<meta property=\"og:title\" content=\"S\u0105 dodatkowe \u015brodki unijne dla Lubuskiego! Wraca temat elektryfikacji linii 203! - Gorz\u00f3w News\" \/>\n<meta property=\"og:description\" content=\"Nie 861,5 a blisko 915 mln euro trafi do lubuskiego w Kontrakcie Programowym dla Wojew\u00f3dztwa Lubuskiego na lata 2021-2027. Wszystko dzi\u0119ki nowemu al\" \/>\n<meta property=\"og:url\" content=\"https:\/\/gorzow.news\/index.php\/2022\/06\/03\/sa-dodatkowe-srodki-unijne-dla-lubuskiego-wraca-temat-elektryfikacji-linii-203\/\" \/>\n<meta property=\"og:site_name\" content=\"Gorz\u00f3w News\" \/>\n<meta property=\"article:publisher\" content=\"https:\/\/www.facebook.com\/gorzowskinews\" \/>\n<meta property=\"article:published_time\" content=\"2022-06-03T07:29:28+00:00\" \/>\n<meta property=\"article:modified_time\" content=\"2022-06-08T13:15:40+00:00\" \/>\n<meta property=\"og:image\" content=\"https:\/\/gorzow.news\/wp-content\/uploads\/2022\/06\/kolej.jpg\" \/>\n\t<meta property=\"og:image:width\" content=\"1280\" \/>\n\t<meta property=\"og:image:height\" content=\"640\" \/>\n\t<meta property=\"og:image:type\" content=\"image\/jpeg\" \/>\n<meta name=\"author\" content=\"maciej\" \/>\n<meta name=\"twitter:card\" content=\"summary_large_image\" \/>\n<meta name=\"twitter:label1\" content=\"Napisane przez\" \/>\n\t<meta name=\"twitter:data1\" content=\"maciej\" \/>\n\t<meta name=\"twitter:label2\" content=\"Szacowany czas czytania\" \/>\n\t<meta name=\"twitter:data2\" content=\"3 minuty\" \/>\n<script type=\"application\/ld+json\" class=\"yoast-schema-graph\">{\"@context\":\"https:\\\/\\\/schema.org\",\"@graph\":[{\"@type\":\"Article\",\"@id\":\"https:\\\/\\\/gorzow.news\\\/index.php\\\/2022\\\/06\\\/03\\\/sa-dodatkowe-srodki-unijne-dla-lubuskiego-wraca-temat-elektryfikacji-linii-203\\\/#article\",\"isPartOf\":{\"@id\":\"https:\\\/\\\/gorzow.news\\\/index.php\\\/2022\\\/06\\\/03\\\/sa-dodatkowe-srodki-unijne-dla-lubuskiego-wraca-temat-elektryfikacji-linii-203\\\/\"},\"author\":{\"name\":\"maciej\",\"@id\":\"https:\\\/\\\/gorzow.news\\\/#\\\/schema\\\/person\\\/a1e5ab43166369f2ce236a1cd90995bb\"},\"headline\":\"S\u0105 dodatkowe \u015brodki unijne dla Lubuskiego! Wraca temat elektryfikacji linii 203!\",\"datePublished\":\"2022-06-03T07:29:28+00:00\",\"dateModified\":\"2022-06-08T13:15:40+00:00\",\"mainEntityOfPage\":{\"@id\":\"https:\\\/\\\/gorzow.news\\\/index.php\\\/2022\\\/06\\\/03\\\/sa-dodatkowe-srodki-unijne-dla-lubuskiego-wraca-temat-elektryfikacji-linii-203\\\/\"},\"wordCount\":530,\"commentCount\":0,\"image\":{\"@id\":\"https:\\\/\\\/gorzow.news\\\/index.php\\\/2022\\\/06\\\/03\\\/sa-dodatkowe-srodki-unijne-dla-lubuskiego-wraca-temat-elektryfikacji-linii-203\\\/#primaryimage\"},\"thumbnailUrl\":\"https:\\\/\\\/gorzow.news\\\/wp-content\\\/uploads\\\/2022\\\/06\\\/kolej.jpg\",\"keywords\":[\"elektryfikacja\",\"El\u017cbieta Anna Polak\",\"Komisja Europejska\",\"Krzy\u017c - Gorz\u00f3w - Kostrzyn\",\"linia 203\",\"\u0141ukasz Porycki\"],\"articleSection\":[\"Fakty i opinie\",\"Wiadomo\u015bci\"],\"inLanguage\":\"pl-PL\",\"potentialAction\":[{\"@type\":\"CommentAction\",\"name\":\"Comment\",\"target\":[\"https:\\\/\\\/gorzow.news\\\/index.php\\\/2022\\\/06\\\/03\\\/sa-dodatkowe-srodki-unijne-dla-lubuskiego-wraca-temat-elektryfikacji-linii-203\\\/#respond\"]}]},{\"@type\":\"WebPage\",\"@id\":\"https:\\\/\\\/gorzow.news\\\/index.php\\\/2022\\\/06\\\/03\\\/sa-dodatkowe-srodki-unijne-dla-lubuskiego-wraca-temat-elektryfikacji-linii-203\\\/\",\"url\":\"https:\\\/\\\/gorzow.news\\\/index.php\\\/2022\\\/06\\\/03\\\/sa-dodatkowe-srodki-unijne-dla-lubuskiego-wraca-temat-elektryfikacji-linii-203\\\/\",\"name\":\"S\u0105 dodatkowe \u015brodki unijne dla Lubuskiego! Wraca temat elektryfikacji linii 203! - Gorz\u00f3w News\",\"isPartOf\":{\"@id\":\"https:\\\/\\\/gorzow.news\\\/#website\"},\"primaryImageOfPage\":{\"@id\":\"https:\\\/\\\/gorzow.news\\\/index.php\\\/2022\\\/06\\\/03\\\/sa-dodatkowe-srodki-unijne-dla-lubuskiego-wraca-temat-elektryfikacji-linii-203\\\/#primaryimage\"},\"image\":{\"@id\":\"https:\\\/\\\/gorzow.news\\\/index.php\\\/2022\\\/06\\\/03\\\/sa-dodatkowe-srodki-unijne-dla-lubuskiego-wraca-temat-elektryfikacji-linii-203\\\/#primaryimage\"},\"thumbnailUrl\":\"https:\\\/\\\/gorzow.news\\\/wp-content\\\/uploads\\\/2022\\\/06\\\/kolej.jpg\",\"datePublished\":\"2022-06-03T07:29:28+00:00\",\"dateModified\":\"2022-06-08T13:15:40+00:00\",\"author\":{\"@id\":\"https:\\\/\\\/gorzow.news\\\/#\\\/schema\\\/person\\\/a1e5ab43166369f2ce236a1cd90995bb\"},\"description\":\"Nie 861,5 a blisko 915 mln euro trafi do lubuskiego w Kontrakcie Programowym dla Wojew\u00f3dztwa Lubuskiego na lata 2021-2027. Wszystko dzi\u0119ki nowemu algorytmowi, kt\u00f3ry dzieli\u0142 unijne \u015brodki! Dodatkowe \u015brodki zasil\u0105 te\u017c program Feniks, a to oznacza, \u017ce wojew\u00f3dztwo b\u0119dzie mog\u0142o si\u0119 ponownie stara\u0107 o finansowanie elektryfikacji linii kolejowej Krzy\u017c - Gorz\u00f3w - Kostrzyn!\",\"breadcrumb\":{\"@id\":\"https:\\\/\\\/gorzow.news\\\/index.php\\\/2022\\\/06\\\/03\\\/sa-dodatkowe-srodki-unijne-dla-lubuskiego-wraca-temat-elektryfikacji-linii-203\\\/#breadcrumb\"},\"inLanguage\":\"pl-PL\",\"potentialAction\":[{\"@type\":\"ReadAction\",\"target\":[\"https:\\\/\\\/gorzow.news\\\/index.php\\\/2022\\\/06\\\/03\\\/sa-dodatkowe-srodki-unijne-dla-lubuskiego-wraca-temat-elektryfikacji-linii-203\\\/\"]}]},{\"@type\":\"ImageObject\",\"inLanguage\":\"pl-PL\",\"@id\":\"https:\\\/\\\/gorzow.news\\\/index.php\\\/2022\\\/06\\\/03\\\/sa-dodatkowe-srodki-unijne-dla-lubuskiego-wraca-temat-elektryfikacji-linii-203\\\/#primaryimage\",\"url\":\"https:\\\/\\\/gorzow.news\\\/wp-content\\\/uploads\\\/2022\\\/06\\\/kolej.jpg\",\"contentUrl\":\"https:\\\/\\\/gorzow.news\\\/wp-content\\\/uploads\\\/2022\\\/06\\\/kolej.jpg\",\"width\":1280,\"height\":640},{\"@type\":\"BreadcrumbList\",\"@id\":\"https:\\\/\\\/gorzow.news\\\/index.php\\\/2022\\\/06\\\/03\\\/sa-dodatkowe-srodki-unijne-dla-lubuskiego-wraca-temat-elektryfikacji-linii-203\\\/#breadcrumb\",\"itemListElement\":[{\"@type\":\"ListItem\",\"position\":1,\"name\":\"Home\",\"item\":\"https:\\\/\\\/gorzow.news\\\/\"},{\"@type\":\"ListItem\",\"position\":2,\"name\":\"S\u0105 dodatkowe \u015brodki unijne dla Lubuskiego! Wraca temat elektryfikacji linii 203!\"}]},{\"@type\":\"WebSite\",\"@id\":\"https:\\\/\\\/gorzow.news\\\/#website\",\"url\":\"https:\\\/\\\/gorzow.news\\\/\",\"name\":\"Gorz\u00f3w News\",\"description\":\"Sp\u00f3jrz inaczej na miato i region...\",\"potentialAction\":[{\"@type\":\"SearchAction\",\"target\":{\"@type\":\"EntryPoint\",\"urlTemplate\":\"https:\\\/\\\/gorzow.news\\\/?s={search_term_string}\"},\"query-input\":{\"@type\":\"PropertyValueSpecification\",\"valueRequired\":true,\"valueName\":\"search_term_string\"}}],\"inLanguage\":\"pl-PL\"},{\"@type\":\"Person\",\"@id\":\"https:\\\/\\\/gorzow.news\\\/#\\\/schema\\\/person\\\/a1e5ab43166369f2ce236a1cd90995bb\",\"name\":\"maciej\",\"image\":{\"@type\":\"ImageObject\",\"inLanguage\":\"pl-PL\",\"@id\":\"https:\\\/\\\/secure.gravatar.com\\\/avatar\\\/530a674d56ba60cfa0ef21d74e8e8d123a51bb7aa6580465b5c2ab2c2e980a19?s=96&r=g&d=https:\\\/\\\/gorzow.news\\\/wp-content\\\/plugins\\\/userswp\\\/assets\\\/images\\\/no_profile.png\",\"url\":\"https:\\\/\\\/secure.gravatar.com\\\/avatar\\\/530a674d56ba60cfa0ef21d74e8e8d123a51bb7aa6580465b5c2ab2c2e980a19?s=96&r=g&d=https:\\\/\\\/gorzow.news\\\/wp-content\\\/plugins\\\/userswp\\\/assets\\\/images\\\/no_profile.png\",\"contentUrl\":\"https:\\\/\\\/secure.gravatar.com\\\/avatar\\\/530a674d56ba60cfa0ef21d74e8e8d123a51bb7aa6580465b5c2ab2c2e980a19?s=96&r=g&d=https:\\\/\\\/gorzow.news\\\/wp-content\\\/plugins\\\/userswp\\\/assets\\\/images\\\/no_profile.png\",\"caption\":\"maciej\"},\"url\":\"https:\\\/\\\/gorzow.news\\\/index.php\\\/profile\\\/maciej\\\/\"}]}<\/script>\n<!-- \/ Yoast SEO plugin. -->","yoast_head_json":{"title":"S\u0105 dodatkowe \u015brodki unijne dla Lubuskiego! Wraca temat elektryfikacji linii 203! - Gorz\u00f3w News","description":"Nie 861,5 a blisko 915 mln euro trafi do lubuskiego w Kontrakcie Programowym dla Wojew\u00f3dztwa Lubuskiego na lata 2021-2027. Wszystko dzi\u0119ki nowemu al","robots":{"index":"index","follow":"follow","max-snippet":"max-snippet:-1","max-image-preview":"max-image-preview:large","max-video-preview":"max-video-preview:-1"},"canonical":"https:\/\/gorzow.news\/index.php\/2022\/06\/03\/sa-dodatkowe-srodki-unijne-dla-lubuskiego-wraca-temat-elektryfikacji-linii-203\/","og_locale":"pl_PL","og_type":"article","og_title":"S\u0105 dodatkowe \u015brodki unijne dla Lubuskiego! Wraca temat elektryfikacji linii 203! - Gorz\u00f3w News","og_description":"Nie 861,5 a blisko 915 mln euro trafi do lubuskiego w Kontrakcie Programowym dla Wojew\u00f3dztwa Lubuskiego na lata 2021-2027. Wszystko dzi\u0119ki nowemu al","og_url":"https:\/\/gorzow.news\/index.php\/2022\/06\/03\/sa-dodatkowe-srodki-unijne-dla-lubuskiego-wraca-temat-elektryfikacji-linii-203\/","og_site_name":"Gorz\u00f3w News","article_publisher":"https:\/\/www.facebook.com\/gorzowskinews","article_published_time":"2022-06-03T07:29:28+00:00","article_modified_time":"2022-06-08T13:15:40+00:00","og_image":[{"width":1280,"height":640,"url":"https:\/\/gorzow.news\/wp-content\/uploads\/2022\/06\/kolej.jpg","type":"image\/jpeg"}],"author":"maciej","twitter_card":"summary_large_image","twitter_misc":{"Napisane przez":"maciej","Szacowany czas czytania":"3 minuty"},"schema":{"@context":"https:\/\/schema.org","@graph":[{"@type":"Article","@id":"https:\/\/gorzow.news\/index.php\/2022\/06\/03\/sa-dodatkowe-srodki-unijne-dla-lubuskiego-wraca-temat-elektryfikacji-linii-203\/#article","isPartOf":{"@id":"https:\/\/gorzow.news\/index.php\/2022\/06\/03\/sa-dodatkowe-srodki-unijne-dla-lubuskiego-wraca-temat-elektryfikacji-linii-203\/"},"author":{"name":"maciej","@id":"https:\/\/gorzow.news\/#\/schema\/person\/a1e5ab43166369f2ce236a1cd90995bb"},"headline":"S\u0105 dodatkowe \u015brodki unijne dla Lubuskiego! Wraca temat elektryfikacji linii 203!","datePublished":"2022-06-03T07:29:28+00:00","dateModified":"2022-06-08T13:15:40+00:00","mainEntityOfPage":{"@id":"https:\/\/gorzow.news\/index.php\/2022\/06\/03\/sa-dodatkowe-srodki-unijne-dla-lubuskiego-wraca-temat-elektryfikacji-linii-203\/"},"wordCount":530,"commentCount":0,"image":{"@id":"https:\/\/gorzow.news\/index.php\/2022\/06\/03\/sa-dodatkowe-srodki-unijne-dla-lubuskiego-wraca-temat-elektryfikacji-linii-203\/#primaryimage"},"thumbnailUrl":"https:\/\/gorzow.news\/wp-content\/uploads\/2022\/06\/kolej.jpg","keywords":["elektryfikacja","El\u017cbieta Anna Polak","Komisja Europejska","Krzy\u017c - Gorz\u00f3w - Kostrzyn","linia 203","\u0141ukasz Porycki"],"articleSection":["Fakty i opinie","Wiadomo\u015bci"],"inLanguage":"pl-PL","potentialAction":[{"@type":"CommentAction","name":"Comment","target":["https:\/\/gorzow.news\/index.php\/2022\/06\/03\/sa-dodatkowe-srodki-unijne-dla-lubuskiego-wraca-temat-elektryfikacji-linii-203\/#respond"]}]},{"@type":"WebPage","@id":"https:\/\/gorzow.news\/index.php\/2022\/06\/03\/sa-dodatkowe-srodki-unijne-dla-lubuskiego-wraca-temat-elektryfikacji-linii-203\/","url":"https:\/\/gorzow.news\/index.php\/2022\/06\/03\/sa-dodatkowe-srodki-unijne-dla-lubuskiego-wraca-temat-elektryfikacji-linii-203\/","name":"S\u0105 dodatkowe \u015brodki unijne dla Lubuskiego! Wraca temat elektryfikacji linii 203! - Gorz\u00f3w News","isPartOf":{"@id":"https:\/\/gorzow.news\/#website"},"primaryImageOfPage":{"@id":"https:\/\/gorzow.news\/index.php\/2022\/06\/03\/sa-dodatkowe-srodki-unijne-dla-lubuskiego-wraca-temat-elektryfikacji-linii-203\/#primaryimage"},"image":{"@id":"https:\/\/gorzow.news\/index.php\/2022\/06\/03\/sa-dodatkowe-srodki-unijne-dla-lubuskiego-wraca-temat-elektryfikacji-linii-203\/#primaryimage"},"thumbnailUrl":"https:\/\/gorzow.news\/wp-content\/uploads\/2022\/06\/kolej.jpg","datePublished":"2022-06-03T07:29:28+00:00","dateModified":"2022-06-08T13:15:40+00:00","author":{"@id":"https:\/\/gorzow.news\/#\/schema\/person\/a1e5ab43166369f2ce236a1cd90995bb"},"description":"Nie 861,5 a blisko 915 mln euro trafi do lubuskiego w Kontrakcie Programowym dla Wojew\u00f3dztwa Lubuskiego na lata 2021-2027. Wszystko dzi\u0119ki nowemu algorytmowi, kt\u00f3ry dzieli\u0142 unijne \u015brodki! Dodatkowe \u015brodki zasil\u0105 te\u017c program Feniks, a to oznacza, \u017ce wojew\u00f3dztwo b\u0119dzie mog\u0142o si\u0119 ponownie stara\u0107 o finansowanie elektryfikacji linii kolejowej Krzy\u017c - Gorz\u00f3w - Kostrzyn!","breadcrumb":{"@id":"https:\/\/gorzow.news\/index.php\/2022\/06\/03\/sa-dodatkowe-srodki-unijne-dla-lubuskiego-wraca-temat-elektryfikacji-linii-203\/#breadcrumb"},"inLanguage":"pl-PL","potentialAction":[{"@type":"ReadAction","target":["https:\/\/gorzow.news\/index.php\/2022\/06\/03\/sa-dodatkowe-srodki-unijne-dla-lubuskiego-wraca-temat-elektryfikacji-linii-203\/"]}]},{"@type":"ImageObject","inLanguage":"pl-PL","@id":"https:\/\/gorzow.news\/index.php\/2022\/06\/03\/sa-dodatkowe-srodki-unijne-dla-lubuskiego-wraca-temat-elektryfikacji-linii-203\/#primaryimage","url":"https:\/\/gorzow.news\/wp-content\/uploads\/2022\/06\/kolej.jpg","contentUrl":"https:\/\/gorzow.news\/wp-content\/uploads\/2022\/06\/kolej.jpg","width":1280,"height":640},{"@type":"BreadcrumbList","@id":"https:\/\/gorzow.news\/index.php\/2022\/06\/03\/sa-dodatkowe-srodki-unijne-dla-lubuskiego-wraca-temat-elektryfikacji-linii-203\/#breadcrumb","itemListElement":[{"@type":"ListItem","position":1,"name":"Home","item":"https:\/\/gorzow.news\/"},{"@type":"ListItem","position":2,"name":"S\u0105 dodatkowe \u015brodki unijne dla Lubuskiego! Wraca temat elektryfikacji linii 203!"}]},{"@type":"WebSite","@id":"https:\/\/gorzow.news\/#website","url":"https:\/\/gorzow.news\/","name":"Gorz\u00f3w News","description":"Sp\u00f3jrz inaczej na miato i region...","potentialAction":[{"@type":"SearchAction","target":{"@type":"EntryPoint","urlTemplate":"https:\/\/gorzow.news\/?s={search_term_string}"},"query-input":{"@type":"PropertyValueSpecification","valueRequired":true,"valueName":"search_term_string"}}],"inLanguage":"pl-PL"},{"@type":"Person","@id":"https:\/\/gorzow.news\/#\/schema\/person\/a1e5ab43166369f2ce236a1cd90995bb","name":"maciej","image":{"@type":"ImageObject","inLanguage":"pl-PL","@id":"https:\/\/secure.gravatar.com\/avatar\/530a674d56ba60cfa0ef21d74e8e8d123a51bb7aa6580465b5c2ab2c2e980a19?s=96&r=g&d=https:\/\/gorzow.news\/wp-content\/plugins\/userswp\/assets\/images\/no_profile.png","url":"https:\/\/secure.gravatar.com\/avatar\/530a674d56ba60cfa0ef21d74e8e8d123a51bb7aa6580465b5c2ab2c2e980a19?s=96&r=g&d=https:\/\/gorzow.news\/wp-content\/plugins\/userswp\/assets\/images\/no_profile.png","contentUrl":"https:\/\/secure.gravatar.com\/avatar\/530a674d56ba60cfa0ef21d74e8e8d123a51bb7aa6580465b5c2ab2c2e980a19?s=96&r=g&d=https:\/\/gorzow.news\/wp-content\/plugins\/userswp\/assets\/images\/no_profile.png","caption":"maciej"},"url":"https:\/\/gorzow.news\/index.php\/profile\/maciej\/"}]}},"_links":{"self":[{"href":"https:\/\/gorzow.news\/index.php\/wp-json\/wp\/v2\/posts\/7593","targetHints":{"allow":["GET"]}}],"collection":[{"href":"https:\/\/gorzow.news\/index.php\/wp-json\/wp\/v2\/posts"}],"about":[{"href":"https:\/\/gorzow.news\/index.php\/wp-json\/wp\/v2\/types\/post"}],"author":[{"embeddable":true,"href":"https:\/\/gorzow.news\/index.php\/wp-json\/wp\/v2\/users\/1"}],"replies":[{"embeddable":true,"href":"https:\/\/gorzow.news\/index.php\/wp-json\/wp\/v2\/comments?post=7593"}],"version-history":[{"count":0,"href":"https:\/\/gorzow.news\/index.php\/wp-json\/wp\/v2\/posts\/7593\/revisions"}],"wp:featuredmedia":[{"embeddable":true,"href":"https:\/\/gorzow.news\/index.php\/wp-json\/wp\/v2\/media\/7594"}],"wp:attachment":[{"href":"https:\/\/gorzow.news\/index.php\/wp-json\/wp\/v2\/media?parent=7593"}],"wp:term":[{"taxonomy":"category","embeddable":true,"href":"https:\/\/gorzow.news\/index.php\/wp-json\/wp\/v2\/categories?post=7593"},{"taxonomy":"post_tag","embeddable":true,"href":"https:\/\/gorzow.news\/index.php\/wp-json\/wp\/v2\/tags?post=7593"}],"curies":[{"name":"wp","href":"https:\/\/api.w.org\/{rel}","templated":true}]}}