{"id":7547,"date":"2022-06-01T15:37:14","date_gmt":"2022-06-01T13:37:14","guid":{"rendered":"https:\/\/gorzow.news\/?p=7547"},"modified":"2022-07-29T18:29:17","modified_gmt":"2022-07-29T16:29:17","slug":"idzie-lato-czas-na-ogrodki-gastronomiczne-ktore-sa-juz-otwarte-sprawdzilismy-wykaz-zdjecia","status":"publish","type":"post","link":"https:\/\/gorzow.news\/index.php\/2022\/06\/01\/idzie-lato-czas-na-ogrodki-gastronomiczne-ktore-sa-juz-otwarte-sprawdzilismy-wykaz-zdjecia\/","title":{"rendered":"Kolejny wakacyjny weekend! Gdzie mo\u017cna wybra\u0107 si\u0119 do ogr\u00f3dka gastronomicznego? (wykaz, zdj\u0119cia)"},"content":{"rendered":"\n<p><strong>Sezon ogr\u00f3dkowy trwa w najlepsze. Sprawdzili\u015bmy, kt\u00f3re kawiarnie i restauracje otworzy\u0142y swoje ogr\u00f3dki<\/strong>.<\/p>\n\n\n\n<p>(je\u015bli prowadzisz lokal gastronomiczny i otworzy\u0142e\u015b ogr\u00f3dek, a nie ma go w naszym wykazie, to pode\u015blij nam informacje wraz ze zdj\u0119ciem na adres: <a href=\"mailto:redakcja@gorzow.news\">redakcja@gorzow.news<\/a> &#8211; tekst b\u0119dzie aktualizowany)<\/p>\n\n\n\n<p><strong>YOI SUSHI &amp; RAMEN<\/strong><br>ul. Sikorskiego 138\/7<br>godziny otwarcia: 12:00-21:00 (do 22:00 w pi\u0105tki i soboty, w niedziele od 13:00)<\/p>\n\n\n\n<figure class=\"wp-block-image size-large\"><img loading=\"lazy\" decoding=\"async\" width=\"1024\" height=\"512\" src=\"https:\/\/gorzow.news\/wp-content\/uploads\/2022\/06\/IMG_20220523_175847_2-1024x512.jpg\" alt=\"\" class=\"wp-image-7557\" srcset=\"https:\/\/gorzow.news\/wp-content\/uploads\/2022\/06\/IMG_20220523_175847_2-1024x512.jpg 1024w, https:\/\/gorzow.news\/wp-content\/uploads\/2022\/06\/IMG_20220523_175847_2-300x150.jpg 300w, https:\/\/gorzow.news\/wp-content\/uploads\/2022\/06\/IMG_20220523_175847_2-768x384.jpg 768w, https:\/\/gorzow.news\/wp-content\/uploads\/2022\/06\/IMG_20220523_175847_2-1536x768.jpg 1536w, https:\/\/gorzow.news\/wp-content\/uploads\/2022\/06\/IMG_20220523_175847_2-696x348.jpg 696w, https:\/\/gorzow.news\/wp-content\/uploads\/2022\/06\/IMG_20220523_175847_2-1068x534.jpg 1068w, https:\/\/gorzow.news\/wp-content\/uploads\/2022\/06\/IMG_20220523_175847_2-1920x960.jpg 1920w, https:\/\/gorzow.news\/wp-content\/uploads\/2022\/06\/IMG_20220523_175847_2.jpg 2000w\" sizes=\"auto, (max-width: 1024px) 100vw, 1024px\" \/><\/figure>\n\n\n\n<p><strong>\u015anie\u017cka Manufaktura<\/strong><br>ul. Sikorskiego 136<br>godziny otwarcia: 9:00-17:00<\/p>\n\n\n\n<figure class=\"wp-block-image size-large\"><img loading=\"lazy\" decoding=\"async\" width=\"1024\" height=\"484\" src=\"https:\/\/gorzow.news\/wp-content\/uploads\/2022\/06\/IMG_20220523_180006_1-1024x484.jpg\" alt=\"\" class=\"wp-image-7558\" srcset=\"https:\/\/gorzow.news\/wp-content\/uploads\/2022\/06\/IMG_20220523_180006_1-1024x484.jpg 1024w, https:\/\/gorzow.news\/wp-content\/uploads\/2022\/06\/IMG_20220523_180006_1-300x142.jpg 300w, https:\/\/gorzow.news\/wp-content\/uploads\/2022\/06\/IMG_20220523_180006_1-768x363.jpg 768w, https:\/\/gorzow.news\/wp-content\/uploads\/2022\/06\/IMG_20220523_180006_1-1536x727.jpg 1536w, https:\/\/gorzow.news\/wp-content\/uploads\/2022\/06\/IMG_20220523_180006_1-696x329.jpg 696w, https:\/\/gorzow.news\/wp-content\/uploads\/2022\/06\/IMG_20220523_180006_1-1068x505.jpg 1068w, https:\/\/gorzow.news\/wp-content\/uploads\/2022\/06\/IMG_20220523_180006_1-1920x908.jpg 1920w, https:\/\/gorzow.news\/wp-content\/uploads\/2022\/06\/IMG_20220523_180006_1.jpg 2000w\" sizes=\"auto, (max-width: 1024px) 100vw, 1024px\" \/><\/figure>\n\n\n\n<p><strong>Tutti Santi<\/strong><br>ul. Sikorskiego 9<br>godziny otwarcia: 12:30-22:00 (do 23:00 w pi\u0105tki i soboty)<\/p>\n\n\n\n<figure class=\"wp-block-image size-large\"><img loading=\"lazy\" decoding=\"async\" width=\"1024\" height=\"484\" src=\"https:\/\/gorzow.news\/wp-content\/uploads\/2022\/06\/IMG_20220523_180102-1024x484.jpg\" alt=\"\" class=\"wp-image-7559\" srcset=\"https:\/\/gorzow.news\/wp-content\/uploads\/2022\/06\/IMG_20220523_180102-1024x484.jpg 1024w, https:\/\/gorzow.news\/wp-content\/uploads\/2022\/06\/IMG_20220523_180102-300x142.jpg 300w, https:\/\/gorzow.news\/wp-content\/uploads\/2022\/06\/IMG_20220523_180102-768x363.jpg 768w, https:\/\/gorzow.news\/wp-content\/uploads\/2022\/06\/IMG_20220523_180102-1536x727.jpg 1536w, https:\/\/gorzow.news\/wp-content\/uploads\/2022\/06\/IMG_20220523_180102-696x329.jpg 696w, https:\/\/gorzow.news\/wp-content\/uploads\/2022\/06\/IMG_20220523_180102-1068x505.jpg 1068w, https:\/\/gorzow.news\/wp-content\/uploads\/2022\/06\/IMG_20220523_180102-1920x908.jpg 1920w, https:\/\/gorzow.news\/wp-content\/uploads\/2022\/06\/IMG_20220523_180102.jpg 2000w\" sizes=\"auto, (max-width: 1024px) 100vw, 1024px\" \/><\/figure>\n\n\n\n<p><strong>HOSPUDKA Czeska Restauracja<\/strong><br>ul. Spichrzowa 4<br>godziny otwarcia: 12:00-23:00 (do 22:00 w niedziele i poniedzia\u0142ki, do 0:00 w pi\u0105tki i soboty)<\/p>\n\n\n\n<figure class=\"wp-block-image size-large\"><img loading=\"lazy\" decoding=\"async\" width=\"1024\" height=\"512\" src=\"https:\/\/gorzow.news\/wp-content\/uploads\/2022\/06\/hospudka-1024x512.jpg\" alt=\"\" class=\"wp-image-7550\" srcset=\"https:\/\/gorzow.news\/wp-content\/uploads\/2022\/06\/hospudka-1024x512.jpg 1024w, https:\/\/gorzow.news\/wp-content\/uploads\/2022\/06\/hospudka-300x150.jpg 300w, https:\/\/gorzow.news\/wp-content\/uploads\/2022\/06\/hospudka-768x384.jpg 768w, https:\/\/gorzow.news\/wp-content\/uploads\/2022\/06\/hospudka-1536x768.jpg 1536w, https:\/\/gorzow.news\/wp-content\/uploads\/2022\/06\/hospudka-696x348.jpg 696w, https:\/\/gorzow.news\/wp-content\/uploads\/2022\/06\/hospudka-1068x534.jpg 1068w, https:\/\/gorzow.news\/wp-content\/uploads\/2022\/06\/hospudka-1920x960.jpg 1920w, https:\/\/gorzow.news\/wp-content\/uploads\/2022\/06\/hospudka.jpg 2048w\" sizes=\"auto, (max-width: 1024px) 100vw, 1024px\" \/><\/figure>\n\n\n\n<p><strong>Restauracja Batoo<\/strong><br>ul. Spichrzowa 4A<br>godziny otwarcia: 13:00-20:00 (do 22:00 w pi\u0105tki i do 23:00 w soboty)<\/p>\n\n\n\n<figure class=\"wp-block-image size-large\"><img loading=\"lazy\" decoding=\"async\" width=\"1024\" height=\"512\" src=\"https:\/\/gorzow.news\/wp-content\/uploads\/2022\/06\/IMG_20220531_182632_1-1024x512.jpg\" alt=\"\" class=\"wp-image-7566\" srcset=\"https:\/\/gorzow.news\/wp-content\/uploads\/2022\/06\/IMG_20220531_182632_1-1024x512.jpg 1024w, https:\/\/gorzow.news\/wp-content\/uploads\/2022\/06\/IMG_20220531_182632_1-300x150.jpg 300w, https:\/\/gorzow.news\/wp-content\/uploads\/2022\/06\/IMG_20220531_182632_1-768x384.jpg 768w, https:\/\/gorzow.news\/wp-content\/uploads\/2022\/06\/IMG_20220531_182632_1-1536x768.jpg 1536w, https:\/\/gorzow.news\/wp-content\/uploads\/2022\/06\/IMG_20220531_182632_1-696x348.jpg 696w, https:\/\/gorzow.news\/wp-content\/uploads\/2022\/06\/IMG_20220531_182632_1-1068x534.jpg 1068w, https:\/\/gorzow.news\/wp-content\/uploads\/2022\/06\/IMG_20220531_182632_1-1920x960.jpg 1920w, https:\/\/gorzow.news\/wp-content\/uploads\/2022\/06\/IMG_20220531_182632_1.jpg 2000w\" sizes=\"auto, (max-width: 1024px) 100vw, 1024px\" \/><\/figure>\n\n\n\n<p><strong>Restauracja Futera\u0142<\/strong><br>ul. Spichrzowa 5<br>godziny otwarcia: 12:00-22:00 (do 23:00 w pi\u0105tki i soboty, do 21:00 w niedziele)<\/p>\n\n\n\n<figure class=\"wp-block-image size-large\"><img loading=\"lazy\" decoding=\"async\" width=\"1024\" height=\"512\" src=\"https:\/\/gorzow.news\/wp-content\/uploads\/2022\/06\/IMG_20220531_182616-1024x512.jpg\" alt=\"\" class=\"wp-image-7565\" srcset=\"https:\/\/gorzow.news\/wp-content\/uploads\/2022\/06\/IMG_20220531_182616-1024x512.jpg 1024w, https:\/\/gorzow.news\/wp-content\/uploads\/2022\/06\/IMG_20220531_182616-300x150.jpg 300w, https:\/\/gorzow.news\/wp-content\/uploads\/2022\/06\/IMG_20220531_182616-768x384.jpg 768w, https:\/\/gorzow.news\/wp-content\/uploads\/2022\/06\/IMG_20220531_182616-1536x768.jpg 1536w, https:\/\/gorzow.news\/wp-content\/uploads\/2022\/06\/IMG_20220531_182616-696x348.jpg 696w, https:\/\/gorzow.news\/wp-content\/uploads\/2022\/06\/IMG_20220531_182616-1068x534.jpg 1068w, https:\/\/gorzow.news\/wp-content\/uploads\/2022\/06\/IMG_20220531_182616-1920x960.jpg 1920w, https:\/\/gorzow.news\/wp-content\/uploads\/2022\/06\/IMG_20220531_182616.jpg 2000w\" sizes=\"auto, (max-width: 1024px) 100vw, 1024px\" \/><\/figure>\n\n\n\n<p><strong>\u00d3semka Bilard Bar<\/strong><br>ul. Mostowa 4<br>godziny otwarcia: 14:00-2:00 (do 4:00 w pi\u0105tki i soboty)<\/p>\n\n\n\n<figure class=\"wp-block-image size-large\"><img loading=\"lazy\" decoding=\"async\" width=\"1024\" height=\"484\" src=\"https:\/\/gorzow.news\/wp-content\/uploads\/2022\/06\/IMG_20220531_182212-1024x484.jpg\" alt=\"\" class=\"wp-image-7563\" srcset=\"https:\/\/gorzow.news\/wp-content\/uploads\/2022\/06\/IMG_20220531_182212-1024x484.jpg 1024w, https:\/\/gorzow.news\/wp-content\/uploads\/2022\/06\/IMG_20220531_182212-300x142.jpg 300w, https:\/\/gorzow.news\/wp-content\/uploads\/2022\/06\/IMG_20220531_182212-768x363.jpg 768w, https:\/\/gorzow.news\/wp-content\/uploads\/2022\/06\/IMG_20220531_182212-1536x727.jpg 1536w, https:\/\/gorzow.news\/wp-content\/uploads\/2022\/06\/IMG_20220531_182212-696x329.jpg 696w, https:\/\/gorzow.news\/wp-content\/uploads\/2022\/06\/IMG_20220531_182212-1068x505.jpg 1068w, https:\/\/gorzow.news\/wp-content\/uploads\/2022\/06\/IMG_20220531_182212-1920x908.jpg 1920w, https:\/\/gorzow.news\/wp-content\/uploads\/2022\/06\/IMG_20220531_182212.jpg 2000w\" sizes=\"auto, (max-width: 1024px) 100vw, 1024px\" \/><\/figure>\n\n\n\n<p><strong>W Muzycznym<\/strong><br>ul. Mostowa 13<br>godziny otwarcia: 12:00-22:00 (do 23:00 w pi\u0105tki i soboty)<\/p>\n\n\n\n<figure class=\"wp-block-image size-large\"><img loading=\"lazy\" decoding=\"async\" width=\"1024\" height=\"484\" src=\"https:\/\/gorzow.news\/wp-content\/uploads\/2022\/06\/IMG_20220523_175308-1024x484.jpg\" alt=\"\" class=\"wp-image-7553\" srcset=\"https:\/\/gorzow.news\/wp-content\/uploads\/2022\/06\/IMG_20220523_175308-1024x484.jpg 1024w, https:\/\/gorzow.news\/wp-content\/uploads\/2022\/06\/IMG_20220523_175308-300x142.jpg 300w, https:\/\/gorzow.news\/wp-content\/uploads\/2022\/06\/IMG_20220523_175308-768x363.jpg 768w, https:\/\/gorzow.news\/wp-content\/uploads\/2022\/06\/IMG_20220523_175308-1536x727.jpg 1536w, https:\/\/gorzow.news\/wp-content\/uploads\/2022\/06\/IMG_20220523_175308-696x329.jpg 696w, https:\/\/gorzow.news\/wp-content\/uploads\/2022\/06\/IMG_20220523_175308-1068x505.jpg 1068w, https:\/\/gorzow.news\/wp-content\/uploads\/2022\/06\/IMG_20220523_175308-1920x908.jpg 1920w, https:\/\/gorzow.news\/wp-content\/uploads\/2022\/06\/IMG_20220523_175308.jpg 2000w\" sizes=\"auto, (max-width: 1024px) 100vw, 1024px\" \/><\/figure>\n\n\n\n<p><strong>Manufaktura Lod\u00f3w Naturalnych<\/strong><br>ul. Mostowa<br>godziny otwarcia: 12:00-19:00 (do 19:30 w soboty i do 20:30 w niedziele)<\/p>\n\n\n\n<figure class=\"wp-block-image size-large\"><img loading=\"lazy\" decoding=\"async\" width=\"1024\" height=\"512\" src=\"https:\/\/gorzow.news\/wp-content\/uploads\/2022\/06\/IMG_20220531_182153-1024x512.jpg\" alt=\"\" class=\"wp-image-7562\" srcset=\"https:\/\/gorzow.news\/wp-content\/uploads\/2022\/06\/IMG_20220531_182153-1024x512.jpg 1024w, https:\/\/gorzow.news\/wp-content\/uploads\/2022\/06\/IMG_20220531_182153-300x150.jpg 300w, https:\/\/gorzow.news\/wp-content\/uploads\/2022\/06\/IMG_20220531_182153-768x384.jpg 768w, https:\/\/gorzow.news\/wp-content\/uploads\/2022\/06\/IMG_20220531_182153-1536x768.jpg 1536w, https:\/\/gorzow.news\/wp-content\/uploads\/2022\/06\/IMG_20220531_182153-696x348.jpg 696w, https:\/\/gorzow.news\/wp-content\/uploads\/2022\/06\/IMG_20220531_182153-1068x534.jpg 1068w, https:\/\/gorzow.news\/wp-content\/uploads\/2022\/06\/IMG_20220531_182153-1920x960.jpg 1920w, https:\/\/gorzow.news\/wp-content\/uploads\/2022\/06\/IMG_20220531_182153.jpg 2000w\" sizes=\"auto, (max-width: 1024px) 100vw, 1024px\" \/><\/figure>\n\n\n\n<p><strong>Niebo w mie\u015bcie<\/strong><br>ul. Obotrycka 12B<br>godziny otwarcia: 8:00-20:00 (od 10:00 w soboty i niedziele)<\/p>\n\n\n\n<figure class=\"wp-block-image size-large\"><img loading=\"lazy\" decoding=\"async\" width=\"1024\" height=\"484\" src=\"https:\/\/gorzow.news\/wp-content\/uploads\/2022\/06\/IMG_20220523_175554-1024x484.jpg\" alt=\"\" class=\"wp-image-7554\" srcset=\"https:\/\/gorzow.news\/wp-content\/uploads\/2022\/06\/IMG_20220523_175554-1024x484.jpg 1024w, https:\/\/gorzow.news\/wp-content\/uploads\/2022\/06\/IMG_20220523_175554-300x142.jpg 300w, https:\/\/gorzow.news\/wp-content\/uploads\/2022\/06\/IMG_20220523_175554-768x363.jpg 768w, https:\/\/gorzow.news\/wp-content\/uploads\/2022\/06\/IMG_20220523_175554-1536x727.jpg 1536w, https:\/\/gorzow.news\/wp-content\/uploads\/2022\/06\/IMG_20220523_175554-696x329.jpg 696w, https:\/\/gorzow.news\/wp-content\/uploads\/2022\/06\/IMG_20220523_175554-1068x505.jpg 1068w, https:\/\/gorzow.news\/wp-content\/uploads\/2022\/06\/IMG_20220523_175554-1920x908.jpg 1920w, https:\/\/gorzow.news\/wp-content\/uploads\/2022\/06\/IMG_20220523_175554.jpg 2000w\" sizes=\"auto, (max-width: 1024px) 100vw, 1024px\" \/><\/figure>\n\n\n\n<p><strong>Cukiernia \u015anie\u017cka<\/strong><br>ul. Obotrycka 11-12<br>godziny otwarcia: 9:00-19:00 (do 21:00 w soboty i niedziele)<\/p>\n\n\n\n<figure class=\"wp-block-image size-large\"><img loading=\"lazy\" decoding=\"async\" width=\"1024\" height=\"484\" src=\"https:\/\/gorzow.news\/wp-content\/uploads\/2022\/06\/IMG_20220523_175610_1-1024x484.jpg\" alt=\"\" class=\"wp-image-7555\" srcset=\"https:\/\/gorzow.news\/wp-content\/uploads\/2022\/06\/IMG_20220523_175610_1-1024x484.jpg 1024w, https:\/\/gorzow.news\/wp-content\/uploads\/2022\/06\/IMG_20220523_175610_1-300x142.jpg 300w, https:\/\/gorzow.news\/wp-content\/uploads\/2022\/06\/IMG_20220523_175610_1-768x363.jpg 768w, https:\/\/gorzow.news\/wp-content\/uploads\/2022\/06\/IMG_20220523_175610_1-1536x727.jpg 1536w, https:\/\/gorzow.news\/wp-content\/uploads\/2022\/06\/IMG_20220523_175610_1-696x329.jpg 696w, https:\/\/gorzow.news\/wp-content\/uploads\/2022\/06\/IMG_20220523_175610_1-1068x505.jpg 1068w, https:\/\/gorzow.news\/wp-content\/uploads\/2022\/06\/IMG_20220523_175610_1-1920x908.jpg 1920w, https:\/\/gorzow.news\/wp-content\/uploads\/2022\/06\/IMG_20220523_175610_1.jpg 2000w\" sizes=\"auto, (max-width: 1024px) 100vw, 1024px\" \/><\/figure>\n\n\n\n<p><strong>Sofra Anadolu<\/strong><br>ul. Obotrycka 11A<br>godziny otwarcia: 11:00-00:00 (do 3:00 w pi\u0105tki i soboty)<\/p>\n\n\n\n<figure class=\"wp-block-image size-large\"><img loading=\"lazy\" decoding=\"async\" width=\"1024\" height=\"512\" src=\"https:\/\/gorzow.news\/wp-content\/uploads\/2022\/06\/IMG_20220531_182401-1024x512.jpg\" alt=\"\" class=\"wp-image-7564\" srcset=\"https:\/\/gorzow.news\/wp-content\/uploads\/2022\/06\/IMG_20220531_182401-1024x512.jpg 1024w, https:\/\/gorzow.news\/wp-content\/uploads\/2022\/06\/IMG_20220531_182401-300x150.jpg 300w, https:\/\/gorzow.news\/wp-content\/uploads\/2022\/06\/IMG_20220531_182401-768x384.jpg 768w, https:\/\/gorzow.news\/wp-content\/uploads\/2022\/06\/IMG_20220531_182401-1536x768.jpg 1536w, https:\/\/gorzow.news\/wp-content\/uploads\/2022\/06\/IMG_20220531_182401-696x348.jpg 696w, https:\/\/gorzow.news\/wp-content\/uploads\/2022\/06\/IMG_20220531_182401-1068x534.jpg 1068w, https:\/\/gorzow.news\/wp-content\/uploads\/2022\/06\/IMG_20220531_182401.jpg 1912w\" sizes=\"auto, (max-width: 1024px) 100vw, 1024px\" \/><\/figure>\n\n\n\n<p><strong>Bistro Pizza<\/strong><br>ul. We\u0142niany Rynek 12\/2<br>godziny otwarcia: 13:00-21:00 (do 22:00 w pi\u0105tki i soboty)<\/p>\n\n\n\n<figure class=\"wp-block-image size-large\"><img loading=\"lazy\" decoding=\"async\" width=\"1024\" height=\"512\" src=\"https:\/\/gorzow.news\/wp-content\/uploads\/2022\/06\/IMG_20220531_181847-1024x512.jpg\" alt=\"\" class=\"wp-image-7561\" srcset=\"https:\/\/gorzow.news\/wp-content\/uploads\/2022\/06\/IMG_20220531_181847-1024x512.jpg 1024w, https:\/\/gorzow.news\/wp-content\/uploads\/2022\/06\/IMG_20220531_181847-300x150.jpg 300w, https:\/\/gorzow.news\/wp-content\/uploads\/2022\/06\/IMG_20220531_181847-768x384.jpg 768w, https:\/\/gorzow.news\/wp-content\/uploads\/2022\/06\/IMG_20220531_181847-1536x768.jpg 1536w, https:\/\/gorzow.news\/wp-content\/uploads\/2022\/06\/IMG_20220531_181847-696x348.jpg 696w, https:\/\/gorzow.news\/wp-content\/uploads\/2022\/06\/IMG_20220531_181847-1068x534.jpg 1068w, https:\/\/gorzow.news\/wp-content\/uploads\/2022\/06\/IMG_20220531_181847-1920x960.jpg 1920w, https:\/\/gorzow.news\/wp-content\/uploads\/2022\/06\/IMG_20220531_181847.jpg 2000w\" sizes=\"auto, (max-width: 1024px) 100vw, 1024px\" \/><\/figure>\n\n\n\n<p><strong>G\u00f3rka &amp; Kulka<\/strong><br>ul. Sikorskiego 126<br>godziny otwarcia: 12:00-19:00 (do 20:00 w pi\u0105tki i soboty)<\/p>\n\n\n\n<figure class=\"wp-block-image size-large\"><img loading=\"lazy\" decoding=\"async\" width=\"1024\" height=\"512\" src=\"https:\/\/gorzow.news\/wp-content\/uploads\/2022\/06\/IMG_20220531_181711-1024x512.jpg\" alt=\"\" class=\"wp-image-7560\" srcset=\"https:\/\/gorzow.news\/wp-content\/uploads\/2022\/06\/IMG_20220531_181711-1024x512.jpg 1024w, https:\/\/gorzow.news\/wp-content\/uploads\/2022\/06\/IMG_20220531_181711-300x150.jpg 300w, https:\/\/gorzow.news\/wp-content\/uploads\/2022\/06\/IMG_20220531_181711-768x384.jpg 768w, https:\/\/gorzow.news\/wp-content\/uploads\/2022\/06\/IMG_20220531_181711-1536x768.jpg 1536w, https:\/\/gorzow.news\/wp-content\/uploads\/2022\/06\/IMG_20220531_181711-696x348.jpg 696w, https:\/\/gorzow.news\/wp-content\/uploads\/2022\/06\/IMG_20220531_181711-1068x534.jpg 1068w, https:\/\/gorzow.news\/wp-content\/uploads\/2022\/06\/IMG_20220531_181711-1920x960.jpg 1920w, https:\/\/gorzow.news\/wp-content\/uploads\/2022\/06\/IMG_20220531_181711.jpg 2000w\" sizes=\"auto, (max-width: 1024px) 100vw, 1024px\" \/><\/figure>\n\n\n\n<p><strong>Barka Kr\u00f3lowa Jadwiga<\/strong><br>Bulwar Nadwarcia\u0144ski<br>godziny otwarcia: 13:00-19:00 (od 14:00 do 22:00 w pi\u0105tki, od 12:00 do 22:00 w soboty i od 12:00 do 20:00 w niedziele)<\/p>\n\n\n\n<figure class=\"wp-block-image size-large\"><img loading=\"lazy\" decoding=\"async\" width=\"1024\" height=\"512\" src=\"https:\/\/gorzow.news\/wp-content\/uploads\/2022\/06\/IMG_20220531_183111_1-1024x512.jpg\" alt=\"\" class=\"wp-image-7569\" srcset=\"https:\/\/gorzow.news\/wp-content\/uploads\/2022\/06\/IMG_20220531_183111_1-1024x512.jpg 1024w, https:\/\/gorzow.news\/wp-content\/uploads\/2022\/06\/IMG_20220531_183111_1-300x150.jpg 300w, https:\/\/gorzow.news\/wp-content\/uploads\/2022\/06\/IMG_20220531_183111_1-768x384.jpg 768w, https:\/\/gorzow.news\/wp-content\/uploads\/2022\/06\/IMG_20220531_183111_1-1536x768.jpg 1536w, https:\/\/gorzow.news\/wp-content\/uploads\/2022\/06\/IMG_20220531_183111_1-696x348.jpg 696w, https:\/\/gorzow.news\/wp-content\/uploads\/2022\/06\/IMG_20220531_183111_1-1068x534.jpg 1068w, https:\/\/gorzow.news\/wp-content\/uploads\/2022\/06\/IMG_20220531_183111_1-1920x960.jpg 1920w, https:\/\/gorzow.news\/wp-content\/uploads\/2022\/06\/IMG_20220531_183111_1.jpg 2000w\" sizes=\"auto, (max-width: 1024px) 100vw, 1024px\" \/><\/figure>\n\n\n\n<p><strong>Bulwar Sport &amp; Music Pub<\/strong><br>Bulwar Nadwarcia\u0144ski<br>godziny otwarcia: 14:00-2:00<\/p>\n\n\n\n<figure class=\"wp-block-image size-large\"><img loading=\"lazy\" decoding=\"async\" width=\"1024\" height=\"512\" src=\"https:\/\/gorzow.news\/wp-content\/uploads\/2022\/06\/IMG_20220531_183025-1024x512.jpg\" alt=\"\" class=\"wp-image-7568\" srcset=\"https:\/\/gorzow.news\/wp-content\/uploads\/2022\/06\/IMG_20220531_183025-1024x512.jpg 1024w, https:\/\/gorzow.news\/wp-content\/uploads\/2022\/06\/IMG_20220531_183025-300x150.jpg 300w, https:\/\/gorzow.news\/wp-content\/uploads\/2022\/06\/IMG_20220531_183025-768x384.jpg 768w, https:\/\/gorzow.news\/wp-content\/uploads\/2022\/06\/IMG_20220531_183025-1536x768.jpg 1536w, https:\/\/gorzow.news\/wp-content\/uploads\/2022\/06\/IMG_20220531_183025-696x348.jpg 696w, https:\/\/gorzow.news\/wp-content\/uploads\/2022\/06\/IMG_20220531_183025-1068x534.jpg 1068w, https:\/\/gorzow.news\/wp-content\/uploads\/2022\/06\/IMG_20220531_183025-1920x960.jpg 1920w, https:\/\/gorzow.news\/wp-content\/uploads\/2022\/06\/IMG_20220531_183025.jpg 2000w\" sizes=\"auto, (max-width: 1024px) 100vw, 1024px\" \/><\/figure>\n\n\n\n<p><strong>Livingroom<\/strong><br>ul. Nadbrze\u017cna, nisza 25-26<br>godziny otwarcia: 12:00-22:00 (do 23:00 w pi\u0105tki i soboty, w poniedzia\u0142ki zamkni\u0119te)<\/p>\n\n\n\n<figure class=\"wp-block-image size-large\"><img loading=\"lazy\" decoding=\"async\" width=\"1024\" height=\"484\" src=\"https:\/\/gorzow.news\/wp-content\/uploads\/2022\/06\/IMG_20220523_174009-1024x484.jpg\" alt=\"\" class=\"wp-image-7552\" srcset=\"https:\/\/gorzow.news\/wp-content\/uploads\/2022\/06\/IMG_20220523_174009-1024x484.jpg 1024w, https:\/\/gorzow.news\/wp-content\/uploads\/2022\/06\/IMG_20220523_174009-300x142.jpg 300w, https:\/\/gorzow.news\/wp-content\/uploads\/2022\/06\/IMG_20220523_174009-768x363.jpg 768w, https:\/\/gorzow.news\/wp-content\/uploads\/2022\/06\/IMG_20220523_174009-1536x727.jpg 1536w, https:\/\/gorzow.news\/wp-content\/uploads\/2022\/06\/IMG_20220523_174009-696x329.jpg 696w, https:\/\/gorzow.news\/wp-content\/uploads\/2022\/06\/IMG_20220523_174009-1068x505.jpg 1068w, https:\/\/gorzow.news\/wp-content\/uploads\/2022\/06\/IMG_20220523_174009-1920x908.jpg 1920w, https:\/\/gorzow.news\/wp-content\/uploads\/2022\/06\/IMG_20220523_174009.jpg 2000w\" sizes=\"auto, (max-width: 1024px) 100vw, 1024px\" \/><\/figure>\n\n\n\n<p><strong>Kawiarnia Co\u015bTam<\/strong><br>ul. Wybickiego 7\/1<br>godziny otwarcia: 8:00-22:00 (do 23:00 w pi\u0105tki, 11:00-23:00 w soboty i 12:00-22:00 w niedziele)<\/p>\n\n\n\n<figure class=\"wp-block-image size-large\"><img loading=\"lazy\" decoding=\"async\" width=\"1024\" height=\"512\" src=\"https:\/\/gorzow.news\/wp-content\/uploads\/2022\/06\/cafecostam-1024x512.jpg\" alt=\"\" class=\"wp-image-7548\" srcset=\"https:\/\/gorzow.news\/wp-content\/uploads\/2022\/06\/cafecostam-1024x512.jpg 1024w, https:\/\/gorzow.news\/wp-content\/uploads\/2022\/06\/cafecostam-300x150.jpg 300w, https:\/\/gorzow.news\/wp-content\/uploads\/2022\/06\/cafecostam-768x384.jpg 768w, https:\/\/gorzow.news\/wp-content\/uploads\/2022\/06\/cafecostam-1536x768.jpg 1536w, https:\/\/gorzow.news\/wp-content\/uploads\/2022\/06\/cafecostam-696x348.jpg 696w, https:\/\/gorzow.news\/wp-content\/uploads\/2022\/06\/cafecostam-1068x534.jpg 1068w, https:\/\/gorzow.news\/wp-content\/uploads\/2022\/06\/cafecostam.jpg 1883w\" sizes=\"auto, (max-width: 1024px) 100vw, 1024px\" \/><\/figure>\n\n\n\n<p><strong>Pizzeria LongPlay<\/strong><br>ul. Chrobrego 5<br>godziny otwarcia: 12:00-22:00 (do 23:00 w pi\u0105tki i soboty)<\/p>\n\n\n\n<figure class=\"wp-block-image size-large\"><img loading=\"lazy\" decoding=\"async\" width=\"1024\" height=\"512\" src=\"https:\/\/gorzow.news\/wp-content\/uploads\/2022\/06\/IMG_20220510_171536-1024x512.jpg\" alt=\"\" class=\"wp-image-7551\" srcset=\"https:\/\/gorzow.news\/wp-content\/uploads\/2022\/06\/IMG_20220510_171536-1024x512.jpg 1024w, https:\/\/gorzow.news\/wp-content\/uploads\/2022\/06\/IMG_20220510_171536-300x150.jpg 300w, https:\/\/gorzow.news\/wp-content\/uploads\/2022\/06\/IMG_20220510_171536-768x384.jpg 768w, https:\/\/gorzow.news\/wp-content\/uploads\/2022\/06\/IMG_20220510_171536-1536x768.jpg 1536w, https:\/\/gorzow.news\/wp-content\/uploads\/2022\/06\/IMG_20220510_171536-696x348.jpg 696w, https:\/\/gorzow.news\/wp-content\/uploads\/2022\/06\/IMG_20220510_171536-1068x534.jpg 1068w, https:\/\/gorzow.news\/wp-content\/uploads\/2022\/06\/IMG_20220510_171536-1920x960.jpg 1920w, https:\/\/gorzow.news\/wp-content\/uploads\/2022\/06\/IMG_20220510_171536.jpg 1983w\" sizes=\"auto, (max-width: 1024px) 100vw, 1024px\" \/><\/figure>\n\n\n\n<p><strong>Forza Italia<\/strong><br>ul. Chrobrego 23<br>poniedzia\u0142ek &#8211; sobota 12:00-19:00<br>niedziela 12:00-18:00<\/p>\n\n\n\n<figure class=\"wp-block-image size-large\"><img loading=\"lazy\" decoding=\"async\" width=\"1024\" height=\"615\" src=\"https:\/\/gorzow.news\/wp-content\/uploads\/2022\/06\/forza_italia-1024x615.jpg\" alt=\"\" class=\"wp-image-7549\" srcset=\"https:\/\/gorzow.news\/wp-content\/uploads\/2022\/06\/forza_italia-1024x615.jpg 1024w, https:\/\/gorzow.news\/wp-content\/uploads\/2022\/06\/forza_italia-300x180.jpg 300w, https:\/\/gorzow.news\/wp-content\/uploads\/2022\/06\/forza_italia-768x461.jpg 768w, https:\/\/gorzow.news\/wp-content\/uploads\/2022\/06\/forza_italia-696x418.jpg 696w, https:\/\/gorzow.news\/wp-content\/uploads\/2022\/06\/forza_italia-1068x641.jpg 1068w, https:\/\/gorzow.news\/wp-content\/uploads\/2022\/06\/forza_italia.jpg 1536w\" sizes=\"auto, (max-width: 1024px) 100vw, 1024px\" \/><\/figure>\n\n\n\n<p><strong>Nale\u015bnikarnia Chrobrego<\/strong><br>ul. Chrobrego 22<br>poniedzia\u0142ek &#8211; niedziela 10:00-19:30<\/p>\n\n\n\n<figure class=\"wp-block-image size-large\"><img loading=\"lazy\" decoding=\"async\" width=\"1024\" height=\"768\" src=\"https:\/\/gorzow.news\/wp-content\/uploads\/2022\/06\/nalesnikarnia_chrobrego-1024x768.jpg\" alt=\"\" class=\"wp-image-7570\" srcset=\"https:\/\/gorzow.news\/wp-content\/uploads\/2022\/06\/nalesnikarnia_chrobrego-1024x768.jpg 1024w, https:\/\/gorzow.news\/wp-content\/uploads\/2022\/06\/nalesnikarnia_chrobrego-300x225.jpg 300w, https:\/\/gorzow.news\/wp-content\/uploads\/2022\/06\/nalesnikarnia_chrobrego-768x576.jpg 768w, https:\/\/gorzow.news\/wp-content\/uploads\/2022\/06\/nalesnikarnia_chrobrego-1536x1152.jpg 1536w, https:\/\/gorzow.news\/wp-content\/uploads\/2022\/06\/nalesnikarnia_chrobrego-696x522.jpg 696w, https:\/\/gorzow.news\/wp-content\/uploads\/2022\/06\/nalesnikarnia_chrobrego-1068x801.jpg 1068w, https:\/\/gorzow.news\/wp-content\/uploads\/2022\/06\/nalesnikarnia_chrobrego.jpg 1728w\" sizes=\"auto, (max-width: 1024px) 100vw, 1024px\" \/><\/figure>\n","protected":false},"excerpt":{"rendered":"<p>Sezon ogr\u00f3dkowy trwa w najlepsze. Sprawdzili\u015bmy, kt\u00f3re kawiarnie i restauracje otworzy\u0142y swoje ogr\u00f3dki.<\/p>\n","protected":false},"author":1,"featured_media":7571,"comment_status":"open","ping_status":"open","sticky":false,"template":"","format":"standard","meta":{"footnotes":"","_links_to":"","_links_to_target":""},"categories":[596,589],"tags":[530,1348,1413,1415,1411,641,1418,1414,1420,1408,1416,1421,327,328,1419,643,549,158,1417,1409,1410,1407,1412,161,494,162],"class_list":{"0":"post-7547","1":"post","2":"type-post","3":"status-publish","4":"format-standard","5":"has-post-thumbnail","7":"category-kulinaria","8":"category-wiadomosci","9":"tag-bar-mleczny-agata","10":"tag-barka-krolowa-jadwiga","11":"tag-bistro-pizza","12":"tag-bulwar-sport-music-pub","13":"tag-cukiernia-sniezka","14":"tag-cukiernia-sowa","15":"tag-forza-italia","16":"tag-gorka-kulka","17":"tag-haksmak-restauracja","18":"tag-hospudka-czeska-restauracja","19":"tag-kawiarnia-costam","20":"tag-kawiarnia-trzy-swiaty","21":"tag-livingroom","22":"tag-manufaktura-lodow-naturalnych","23":"tag-nalesnikarnia-chrobrego","24":"tag-niebo-w-miescie","25":"tag-ogrodki-gastronomiczne","26":"tag-osemka-bilard-bar","27":"tag-pizzeria-longplay","28":"tag-restauracja-batoo","29":"tag-restauracja-futeral","30":"tag-sniezka-manufaktura","31":"tag-sofra-anadolu","32":"tag-tutti-santi","33":"tag-w-muzycznym","34":"tag-yoi-sushi-ramen"},"yoast_head":"<!-- This site is optimized with the Yoast SEO plugin v27.3 - https:\/\/yoast.com\/product\/yoast-seo-wordpress\/ -->\n<title>Kolejny wakacyjny weekend! Gdzie mo\u017cna wybra\u0107 si\u0119 do ogr\u00f3dka gastronomicznego? (wykaz, zdj\u0119cia) - Gorz\u00f3w News<\/title>\n<meta name=\"description\" content=\"Sezon ogr\u00f3dkowy trwa w najlepsze. Sprawdzili\u015bmy, kt\u00f3re kawiarnie i restauracje otworzy\u0142y swoje ogr\u00f3dki.\" \/>\n<meta name=\"robots\" content=\"index, follow, max-snippet:-1, max-image-preview:large, max-video-preview:-1\" \/>\n<link rel=\"canonical\" href=\"https:\/\/gorzow.news\/index.php\/2022\/06\/01\/idzie-lato-czas-na-ogrodki-gastronomiczne-ktore-sa-juz-otwarte-sprawdzilismy-wykaz-zdjecia\/\" \/>\n<meta property=\"og:locale\" content=\"pl_PL\" \/>\n<meta property=\"og:type\" content=\"article\" \/>\n<meta property=\"og:title\" content=\"Kolejny wakacyjny weekend! Gdzie mo\u017cna wybra\u0107 si\u0119 do ogr\u00f3dka gastronomicznego? (wykaz, zdj\u0119cia) - Gorz\u00f3w News\" \/>\n<meta property=\"og:description\" content=\"Sezon ogr\u00f3dkowy trwa w najlepsze. Sprawdzili\u015bmy, kt\u00f3re kawiarnie i restauracje otworzy\u0142y swoje ogr\u00f3dki.\" \/>\n<meta property=\"og:url\" content=\"https:\/\/gorzow.news\/index.php\/2022\/06\/01\/idzie-lato-czas-na-ogrodki-gastronomiczne-ktore-sa-juz-otwarte-sprawdzilismy-wykaz-zdjecia\/\" \/>\n<meta property=\"og:site_name\" content=\"Gorz\u00f3w News\" \/>\n<meta property=\"article:publisher\" content=\"https:\/\/www.facebook.com\/gorzowskinews\" \/>\n<meta property=\"article:published_time\" content=\"2022-06-01T13:37:14+00:00\" \/>\n<meta property=\"article:modified_time\" content=\"2022-07-29T16:29:17+00:00\" \/>\n<meta property=\"og:image\" content=\"https:\/\/gorzow.news\/wp-content\/uploads\/2022\/06\/cafecostam-1.jpg\" \/>\n\t<meta property=\"og:image:width\" content=\"1883\" \/>\n\t<meta property=\"og:image:height\" content=\"942\" \/>\n\t<meta property=\"og:image:type\" content=\"image\/jpeg\" \/>\n<meta name=\"author\" content=\"maciej\" \/>\n<meta name=\"twitter:card\" content=\"summary_large_image\" \/>\n<meta name=\"twitter:label1\" content=\"Napisane przez\" \/>\n\t<meta name=\"twitter:data1\" content=\"maciej\" \/>\n\t<meta name=\"twitter:label2\" content=\"Szacowany czas czytania\" \/>\n\t<meta name=\"twitter:data2\" content=\"7 minut\" \/>\n<script type=\"application\/ld+json\" class=\"yoast-schema-graph\">{\"@context\":\"https:\\\/\\\/schema.org\",\"@graph\":[{\"@type\":\"Article\",\"@id\":\"https:\\\/\\\/gorzow.news\\\/index.php\\\/2022\\\/06\\\/01\\\/idzie-lato-czas-na-ogrodki-gastronomiczne-ktore-sa-juz-otwarte-sprawdzilismy-wykaz-zdjecia\\\/#article\",\"isPartOf\":{\"@id\":\"https:\\\/\\\/gorzow.news\\\/index.php\\\/2022\\\/06\\\/01\\\/idzie-lato-czas-na-ogrodki-gastronomiczne-ktore-sa-juz-otwarte-sprawdzilismy-wykaz-zdjecia\\\/\"},\"author\":{\"name\":\"maciej\",\"@id\":\"https:\\\/\\\/gorzow.news\\\/#\\\/schema\\\/person\\\/a1e5ab43166369f2ce236a1cd90995bb\"},\"headline\":\"Kolejny wakacyjny weekend! Gdzie mo\u017cna wybra\u0107 si\u0119 do ogr\u00f3dka gastronomicznego? (wykaz, zdj\u0119cia)\",\"datePublished\":\"2022-06-01T13:37:14+00:00\",\"dateModified\":\"2022-07-29T16:29:17+00:00\",\"mainEntityOfPage\":{\"@id\":\"https:\\\/\\\/gorzow.news\\\/index.php\\\/2022\\\/06\\\/01\\\/idzie-lato-czas-na-ogrodki-gastronomiczne-ktore-sa-juz-otwarte-sprawdzilismy-wykaz-zdjecia\\\/\"},\"wordCount\":378,\"commentCount\":0,\"image\":{\"@id\":\"https:\\\/\\\/gorzow.news\\\/index.php\\\/2022\\\/06\\\/01\\\/idzie-lato-czas-na-ogrodki-gastronomiczne-ktore-sa-juz-otwarte-sprawdzilismy-wykaz-zdjecia\\\/#primaryimage\"},\"thumbnailUrl\":\"https:\\\/\\\/gorzow.news\\\/wp-content\\\/uploads\\\/2022\\\/06\\\/cafecostam-1.jpg\",\"keywords\":[\"Bar Mleczny Agata\",\"Barka Kr\u00f3lowa Jadwiga\",\"Bistro Pizza\",\"Bulwar Sport &amp; Music Pub\",\"Cukiernia \u015anie\u017cka\",\"Cukiernia Sowa\",\"Forza Italia\",\"G\u00f3rka &amp; Kulka\",\"HakSmak Restauracja\",\"HOSPUDKA Czeska Restauracja\",\"Kawiarnia Co\u015bTam\",\"Kawiarnia Trzy \u015awiaty\",\"Livingroom\",\"Manufaktura Lod\u00f3w Naturalnych\",\"Nale\u015bnikarnia Chrobrego\",\"Niebo w mie\u015bcie\",\"ogr\u00f3dki gastronomiczne\",\"\u00d3semka Bilard Bar\",\"Pizzeria LongPlay\",\"Restauracja Batoo\",\"Restauracja Futera\u0142\",\"\u015anie\u017cka Manufaktura\",\"Sofra Anadolu\",\"Tutti Santi\",\"W Muzycznym\",\"YOI SUSHI &amp; RAMEN\"],\"articleSection\":[\"Kulinaria\",\"Wiadomo\u015bci\"],\"inLanguage\":\"pl-PL\",\"potentialAction\":[{\"@type\":\"CommentAction\",\"name\":\"Comment\",\"target\":[\"https:\\\/\\\/gorzow.news\\\/index.php\\\/2022\\\/06\\\/01\\\/idzie-lato-czas-na-ogrodki-gastronomiczne-ktore-sa-juz-otwarte-sprawdzilismy-wykaz-zdjecia\\\/#respond\"]}]},{\"@type\":\"WebPage\",\"@id\":\"https:\\\/\\\/gorzow.news\\\/index.php\\\/2022\\\/06\\\/01\\\/idzie-lato-czas-na-ogrodki-gastronomiczne-ktore-sa-juz-otwarte-sprawdzilismy-wykaz-zdjecia\\\/\",\"url\":\"https:\\\/\\\/gorzow.news\\\/index.php\\\/2022\\\/06\\\/01\\\/idzie-lato-czas-na-ogrodki-gastronomiczne-ktore-sa-juz-otwarte-sprawdzilismy-wykaz-zdjecia\\\/\",\"name\":\"Kolejny wakacyjny weekend! Gdzie mo\u017cna wybra\u0107 si\u0119 do ogr\u00f3dka gastronomicznego? (wykaz, zdj\u0119cia) - Gorz\u00f3w News\",\"isPartOf\":{\"@id\":\"https:\\\/\\\/gorzow.news\\\/#website\"},\"primaryImageOfPage\":{\"@id\":\"https:\\\/\\\/gorzow.news\\\/index.php\\\/2022\\\/06\\\/01\\\/idzie-lato-czas-na-ogrodki-gastronomiczne-ktore-sa-juz-otwarte-sprawdzilismy-wykaz-zdjecia\\\/#primaryimage\"},\"image\":{\"@id\":\"https:\\\/\\\/gorzow.news\\\/index.php\\\/2022\\\/06\\\/01\\\/idzie-lato-czas-na-ogrodki-gastronomiczne-ktore-sa-juz-otwarte-sprawdzilismy-wykaz-zdjecia\\\/#primaryimage\"},\"thumbnailUrl\":\"https:\\\/\\\/gorzow.news\\\/wp-content\\\/uploads\\\/2022\\\/06\\\/cafecostam-1.jpg\",\"datePublished\":\"2022-06-01T13:37:14+00:00\",\"dateModified\":\"2022-07-29T16:29:17+00:00\",\"author\":{\"@id\":\"https:\\\/\\\/gorzow.news\\\/#\\\/schema\\\/person\\\/a1e5ab43166369f2ce236a1cd90995bb\"},\"description\":\"Sezon ogr\u00f3dkowy trwa w najlepsze. Sprawdzili\u015bmy, kt\u00f3re kawiarnie i restauracje otworzy\u0142y swoje ogr\u00f3dki.\",\"breadcrumb\":{\"@id\":\"https:\\\/\\\/gorzow.news\\\/index.php\\\/2022\\\/06\\\/01\\\/idzie-lato-czas-na-ogrodki-gastronomiczne-ktore-sa-juz-otwarte-sprawdzilismy-wykaz-zdjecia\\\/#breadcrumb\"},\"inLanguage\":\"pl-PL\",\"potentialAction\":[{\"@type\":\"ReadAction\",\"target\":[\"https:\\\/\\\/gorzow.news\\\/index.php\\\/2022\\\/06\\\/01\\\/idzie-lato-czas-na-ogrodki-gastronomiczne-ktore-sa-juz-otwarte-sprawdzilismy-wykaz-zdjecia\\\/\"]}]},{\"@type\":\"ImageObject\",\"inLanguage\":\"pl-PL\",\"@id\":\"https:\\\/\\\/gorzow.news\\\/index.php\\\/2022\\\/06\\\/01\\\/idzie-lato-czas-na-ogrodki-gastronomiczne-ktore-sa-juz-otwarte-sprawdzilismy-wykaz-zdjecia\\\/#primaryimage\",\"url\":\"https:\\\/\\\/gorzow.news\\\/wp-content\\\/uploads\\\/2022\\\/06\\\/cafecostam-1.jpg\",\"contentUrl\":\"https:\\\/\\\/gorzow.news\\\/wp-content\\\/uploads\\\/2022\\\/06\\\/cafecostam-1.jpg\",\"width\":1883,\"height\":942},{\"@type\":\"BreadcrumbList\",\"@id\":\"https:\\\/\\\/gorzow.news\\\/index.php\\\/2022\\\/06\\\/01\\\/idzie-lato-czas-na-ogrodki-gastronomiczne-ktore-sa-juz-otwarte-sprawdzilismy-wykaz-zdjecia\\\/#breadcrumb\",\"itemListElement\":[{\"@type\":\"ListItem\",\"position\":1,\"name\":\"Home\",\"item\":\"https:\\\/\\\/gorzow.news\\\/\"},{\"@type\":\"ListItem\",\"position\":2,\"name\":\"Kolejny wakacyjny weekend! Gdzie mo\u017cna wybra\u0107 si\u0119 do ogr\u00f3dka gastronomicznego? (wykaz, zdj\u0119cia)\"}]},{\"@type\":\"WebSite\",\"@id\":\"https:\\\/\\\/gorzow.news\\\/#website\",\"url\":\"https:\\\/\\\/gorzow.news\\\/\",\"name\":\"Gorz\u00f3w News\",\"description\":\"Sp\u00f3jrz inaczej na miato i region...\",\"potentialAction\":[{\"@type\":\"SearchAction\",\"target\":{\"@type\":\"EntryPoint\",\"urlTemplate\":\"https:\\\/\\\/gorzow.news\\\/?s={search_term_string}\"},\"query-input\":{\"@type\":\"PropertyValueSpecification\",\"valueRequired\":true,\"valueName\":\"search_term_string\"}}],\"inLanguage\":\"pl-PL\"},{\"@type\":\"Person\",\"@id\":\"https:\\\/\\\/gorzow.news\\\/#\\\/schema\\\/person\\\/a1e5ab43166369f2ce236a1cd90995bb\",\"name\":\"maciej\",\"image\":{\"@type\":\"ImageObject\",\"inLanguage\":\"pl-PL\",\"@id\":\"https:\\\/\\\/secure.gravatar.com\\\/avatar\\\/530a674d56ba60cfa0ef21d74e8e8d123a51bb7aa6580465b5c2ab2c2e980a19?s=96&r=g&d=https:\\\/\\\/gorzow.news\\\/wp-content\\\/plugins\\\/userswp\\\/assets\\\/images\\\/no_profile.png\",\"url\":\"https:\\\/\\\/secure.gravatar.com\\\/avatar\\\/530a674d56ba60cfa0ef21d74e8e8d123a51bb7aa6580465b5c2ab2c2e980a19?s=96&r=g&d=https:\\\/\\\/gorzow.news\\\/wp-content\\\/plugins\\\/userswp\\\/assets\\\/images\\\/no_profile.png\",\"contentUrl\":\"https:\\\/\\\/secure.gravatar.com\\\/avatar\\\/530a674d56ba60cfa0ef21d74e8e8d123a51bb7aa6580465b5c2ab2c2e980a19?s=96&r=g&d=https:\\\/\\\/gorzow.news\\\/wp-content\\\/plugins\\\/userswp\\\/assets\\\/images\\\/no_profile.png\",\"caption\":\"maciej\"},\"url\":\"https:\\\/\\\/gorzow.news\\\/index.php\\\/profile\\\/maciej\\\/\"}]}<\/script>\n<!-- \/ Yoast SEO plugin. -->","yoast_head_json":{"title":"Kolejny wakacyjny weekend! Gdzie mo\u017cna wybra\u0107 si\u0119 do ogr\u00f3dka gastronomicznego? (wykaz, zdj\u0119cia) - Gorz\u00f3w News","description":"Sezon ogr\u00f3dkowy trwa w najlepsze. Sprawdzili\u015bmy, kt\u00f3re kawiarnie i restauracje otworzy\u0142y swoje ogr\u00f3dki.","robots":{"index":"index","follow":"follow","max-snippet":"max-snippet:-1","max-image-preview":"max-image-preview:large","max-video-preview":"max-video-preview:-1"},"canonical":"https:\/\/gorzow.news\/index.php\/2022\/06\/01\/idzie-lato-czas-na-ogrodki-gastronomiczne-ktore-sa-juz-otwarte-sprawdzilismy-wykaz-zdjecia\/","og_locale":"pl_PL","og_type":"article","og_title":"Kolejny wakacyjny weekend! Gdzie mo\u017cna wybra\u0107 si\u0119 do ogr\u00f3dka gastronomicznego? (wykaz, zdj\u0119cia) - Gorz\u00f3w News","og_description":"Sezon ogr\u00f3dkowy trwa w najlepsze. Sprawdzili\u015bmy, kt\u00f3re kawiarnie i restauracje otworzy\u0142y swoje ogr\u00f3dki.","og_url":"https:\/\/gorzow.news\/index.php\/2022\/06\/01\/idzie-lato-czas-na-ogrodki-gastronomiczne-ktore-sa-juz-otwarte-sprawdzilismy-wykaz-zdjecia\/","og_site_name":"Gorz\u00f3w News","article_publisher":"https:\/\/www.facebook.com\/gorzowskinews","article_published_time":"2022-06-01T13:37:14+00:00","article_modified_time":"2022-07-29T16:29:17+00:00","og_image":[{"width":1883,"height":942,"url":"https:\/\/gorzow.news\/wp-content\/uploads\/2022\/06\/cafecostam-1.jpg","type":"image\/jpeg"}],"author":"maciej","twitter_card":"summary_large_image","twitter_misc":{"Napisane przez":"maciej","Szacowany czas czytania":"7 minut"},"schema":{"@context":"https:\/\/schema.org","@graph":[{"@type":"Article","@id":"https:\/\/gorzow.news\/index.php\/2022\/06\/01\/idzie-lato-czas-na-ogrodki-gastronomiczne-ktore-sa-juz-otwarte-sprawdzilismy-wykaz-zdjecia\/#article","isPartOf":{"@id":"https:\/\/gorzow.news\/index.php\/2022\/06\/01\/idzie-lato-czas-na-ogrodki-gastronomiczne-ktore-sa-juz-otwarte-sprawdzilismy-wykaz-zdjecia\/"},"author":{"name":"maciej","@id":"https:\/\/gorzow.news\/#\/schema\/person\/a1e5ab43166369f2ce236a1cd90995bb"},"headline":"Kolejny wakacyjny weekend! Gdzie mo\u017cna wybra\u0107 si\u0119 do ogr\u00f3dka gastronomicznego? (wykaz, zdj\u0119cia)","datePublished":"2022-06-01T13:37:14+00:00","dateModified":"2022-07-29T16:29:17+00:00","mainEntityOfPage":{"@id":"https:\/\/gorzow.news\/index.php\/2022\/06\/01\/idzie-lato-czas-na-ogrodki-gastronomiczne-ktore-sa-juz-otwarte-sprawdzilismy-wykaz-zdjecia\/"},"wordCount":378,"commentCount":0,"image":{"@id":"https:\/\/gorzow.news\/index.php\/2022\/06\/01\/idzie-lato-czas-na-ogrodki-gastronomiczne-ktore-sa-juz-otwarte-sprawdzilismy-wykaz-zdjecia\/#primaryimage"},"thumbnailUrl":"https:\/\/gorzow.news\/wp-content\/uploads\/2022\/06\/cafecostam-1.jpg","keywords":["Bar Mleczny Agata","Barka Kr\u00f3lowa Jadwiga","Bistro Pizza","Bulwar Sport &amp; Music Pub","Cukiernia \u015anie\u017cka","Cukiernia Sowa","Forza Italia","G\u00f3rka &amp; Kulka","HakSmak Restauracja","HOSPUDKA Czeska Restauracja","Kawiarnia Co\u015bTam","Kawiarnia Trzy \u015awiaty","Livingroom","Manufaktura Lod\u00f3w Naturalnych","Nale\u015bnikarnia Chrobrego","Niebo w mie\u015bcie","ogr\u00f3dki gastronomiczne","\u00d3semka Bilard Bar","Pizzeria LongPlay","Restauracja Batoo","Restauracja Futera\u0142","\u015anie\u017cka Manufaktura","Sofra Anadolu","Tutti Santi","W Muzycznym","YOI SUSHI &amp; RAMEN"],"articleSection":["Kulinaria","Wiadomo\u015bci"],"inLanguage":"pl-PL","potentialAction":[{"@type":"CommentAction","name":"Comment","target":["https:\/\/gorzow.news\/index.php\/2022\/06\/01\/idzie-lato-czas-na-ogrodki-gastronomiczne-ktore-sa-juz-otwarte-sprawdzilismy-wykaz-zdjecia\/#respond"]}]},{"@type":"WebPage","@id":"https:\/\/gorzow.news\/index.php\/2022\/06\/01\/idzie-lato-czas-na-ogrodki-gastronomiczne-ktore-sa-juz-otwarte-sprawdzilismy-wykaz-zdjecia\/","url":"https:\/\/gorzow.news\/index.php\/2022\/06\/01\/idzie-lato-czas-na-ogrodki-gastronomiczne-ktore-sa-juz-otwarte-sprawdzilismy-wykaz-zdjecia\/","name":"Kolejny wakacyjny weekend! Gdzie mo\u017cna wybra\u0107 si\u0119 do ogr\u00f3dka gastronomicznego? (wykaz, zdj\u0119cia) - Gorz\u00f3w News","isPartOf":{"@id":"https:\/\/gorzow.news\/#website"},"primaryImageOfPage":{"@id":"https:\/\/gorzow.news\/index.php\/2022\/06\/01\/idzie-lato-czas-na-ogrodki-gastronomiczne-ktore-sa-juz-otwarte-sprawdzilismy-wykaz-zdjecia\/#primaryimage"},"image":{"@id":"https:\/\/gorzow.news\/index.php\/2022\/06\/01\/idzie-lato-czas-na-ogrodki-gastronomiczne-ktore-sa-juz-otwarte-sprawdzilismy-wykaz-zdjecia\/#primaryimage"},"thumbnailUrl":"https:\/\/gorzow.news\/wp-content\/uploads\/2022\/06\/cafecostam-1.jpg","datePublished":"2022-06-01T13:37:14+00:00","dateModified":"2022-07-29T16:29:17+00:00","author":{"@id":"https:\/\/gorzow.news\/#\/schema\/person\/a1e5ab43166369f2ce236a1cd90995bb"},"description":"Sezon ogr\u00f3dkowy trwa w najlepsze. Sprawdzili\u015bmy, kt\u00f3re kawiarnie i restauracje otworzy\u0142y swoje ogr\u00f3dki.","breadcrumb":{"@id":"https:\/\/gorzow.news\/index.php\/2022\/06\/01\/idzie-lato-czas-na-ogrodki-gastronomiczne-ktore-sa-juz-otwarte-sprawdzilismy-wykaz-zdjecia\/#breadcrumb"},"inLanguage":"pl-PL","potentialAction":[{"@type":"ReadAction","target":["https:\/\/gorzow.news\/index.php\/2022\/06\/01\/idzie-lato-czas-na-ogrodki-gastronomiczne-ktore-sa-juz-otwarte-sprawdzilismy-wykaz-zdjecia\/"]}]},{"@type":"ImageObject","inLanguage":"pl-PL","@id":"https:\/\/gorzow.news\/index.php\/2022\/06\/01\/idzie-lato-czas-na-ogrodki-gastronomiczne-ktore-sa-juz-otwarte-sprawdzilismy-wykaz-zdjecia\/#primaryimage","url":"https:\/\/gorzow.news\/wp-content\/uploads\/2022\/06\/cafecostam-1.jpg","contentUrl":"https:\/\/gorzow.news\/wp-content\/uploads\/2022\/06\/cafecostam-1.jpg","width":1883,"height":942},{"@type":"BreadcrumbList","@id":"https:\/\/gorzow.news\/index.php\/2022\/06\/01\/idzie-lato-czas-na-ogrodki-gastronomiczne-ktore-sa-juz-otwarte-sprawdzilismy-wykaz-zdjecia\/#breadcrumb","itemListElement":[{"@type":"ListItem","position":1,"name":"Home","item":"https:\/\/gorzow.news\/"},{"@type":"ListItem","position":2,"name":"Kolejny wakacyjny weekend! Gdzie mo\u017cna wybra\u0107 si\u0119 do ogr\u00f3dka gastronomicznego? (wykaz, zdj\u0119cia)"}]},{"@type":"WebSite","@id":"https:\/\/gorzow.news\/#website","url":"https:\/\/gorzow.news\/","name":"Gorz\u00f3w News","description":"Sp\u00f3jrz inaczej na miato i region...","potentialAction":[{"@type":"SearchAction","target":{"@type":"EntryPoint","urlTemplate":"https:\/\/gorzow.news\/?s={search_term_string}"},"query-input":{"@type":"PropertyValueSpecification","valueRequired":true,"valueName":"search_term_string"}}],"inLanguage":"pl-PL"},{"@type":"Person","@id":"https:\/\/gorzow.news\/#\/schema\/person\/a1e5ab43166369f2ce236a1cd90995bb","name":"maciej","image":{"@type":"ImageObject","inLanguage":"pl-PL","@id":"https:\/\/secure.gravatar.com\/avatar\/530a674d56ba60cfa0ef21d74e8e8d123a51bb7aa6580465b5c2ab2c2e980a19?s=96&r=g&d=https:\/\/gorzow.news\/wp-content\/plugins\/userswp\/assets\/images\/no_profile.png","url":"https:\/\/secure.gravatar.com\/avatar\/530a674d56ba60cfa0ef21d74e8e8d123a51bb7aa6580465b5c2ab2c2e980a19?s=96&r=g&d=https:\/\/gorzow.news\/wp-content\/plugins\/userswp\/assets\/images\/no_profile.png","contentUrl":"https:\/\/secure.gravatar.com\/avatar\/530a674d56ba60cfa0ef21d74e8e8d123a51bb7aa6580465b5c2ab2c2e980a19?s=96&r=g&d=https:\/\/gorzow.news\/wp-content\/plugins\/userswp\/assets\/images\/no_profile.png","caption":"maciej"},"url":"https:\/\/gorzow.news\/index.php\/profile\/maciej\/"}]}},"_links":{"self":[{"href":"https:\/\/gorzow.news\/index.php\/wp-json\/wp\/v2\/posts\/7547","targetHints":{"allow":["GET"]}}],"collection":[{"href":"https:\/\/gorzow.news\/index.php\/wp-json\/wp\/v2\/posts"}],"about":[{"href":"https:\/\/gorzow.news\/index.php\/wp-json\/wp\/v2\/types\/post"}],"author":[{"embeddable":true,"href":"https:\/\/gorzow.news\/index.php\/wp-json\/wp\/v2\/users\/1"}],"replies":[{"embeddable":true,"href":"https:\/\/gorzow.news\/index.php\/wp-json\/wp\/v2\/comments?post=7547"}],"version-history":[{"count":0,"href":"https:\/\/gorzow.news\/index.php\/wp-json\/wp\/v2\/posts\/7547\/revisions"}],"wp:featuredmedia":[{"embeddable":true,"href":"https:\/\/gorzow.news\/index.php\/wp-json\/wp\/v2\/media\/7571"}],"wp:attachment":[{"href":"https:\/\/gorzow.news\/index.php\/wp-json\/wp\/v2\/media?parent=7547"}],"wp:term":[{"taxonomy":"category","embeddable":true,"href":"https:\/\/gorzow.news\/index.php\/wp-json\/wp\/v2\/categories?post=7547"},{"taxonomy":"post_tag","embeddable":true,"href":"https:\/\/gorzow.news\/index.php\/wp-json\/wp\/v2\/tags?post=7547"}],"curies":[{"name":"wp","href":"https:\/\/api.w.org\/{rel}","templated":true}]}}