{"id":7524,"date":"2022-05-31T11:16:30","date_gmt":"2022-05-31T09:16:30","guid":{"rendered":"https:\/\/gorzow.news\/?p=7524"},"modified":"2022-05-31T11:16:33","modified_gmt":"2022-05-31T09:16:33","slug":"wycinka-drzew-nad-klodawka-mieszkancy-protestuja-prezydent-chce-rozmawiac-i-analizowac","status":"publish","type":"post","link":"https:\/\/gorzow.news\/index.php\/2022\/05\/31\/wycinka-drzew-nad-klodawka-mieszkancy-protestuja-prezydent-chce-rozmawiac-i-analizowac\/","title":{"rendered":"Wycinka drzew nad K\u0142odawk\u0105: Mieszka\u0144cy protestuj\u0105! Prezydent chce rozmawia\u0107 i analizowa\u0107"},"content":{"rendered":"\n<p><strong>Do prezydenta Gorzowa zosta\u0142a zaadresowana petycja, w kt\u00f3rej mieszka\u0144cy prosz\u0105 o interwencj\u0119 w sprawie planowanej wycinki drzew w pobli\u017cu rzeki K\u0142odawki, w pobli\u017cu plac\u00f3w zabaw, \u015bcie\u017cek spacerowych i miejsc rekreacji. Prezydent Gorzowa zareagowa\u0142 i poleci\u0142 podj\u0105\u0107 dzia\u0142ania w tej sprawie.<\/strong><\/p>\n\n\n\n<p>Petycja dotyczy podj\u0119cia rozm\u00f3w &#8211; z Pa\u0144stwowym Gospodarstwem Wodnym Wody Polskie Zarz\u0105d Zlewni w Gorzowie Wielkopolskim, b\u0119d\u0105cym zarz\u0105dc\u0105 terenu w pobli\u017cu K\u0142odawki i decyduj\u0105cym o ewentualnym wyci\u0119ciu drzew, kt\u00f3re mog\u0105 zagra\u017ca\u0107 bezpiecze\u0144stwu mieszka\u0144c\u00f3w lub mieniu &#8211; Regionaln\u0105 Dyrekcj\u0105 Ochrony \u015arodowiska w Gorzowie Wielkopolskim oraz Wojew\u00f3dzkim Urz\u0119dem Ochrony Zabytk\u00f3w w Zielonej G\u00f3rze Delegatura w Gorzowie Wielkopolskim, czyli instytucjami, r\u00f3wnie\u017c uczestnicz\u0105cymi w procesie podejmowania decyzji w tej sprawie.<\/p>\n\n\n\n<p>Dzia\u0142ania miasta rozpocz\u0119\u0142y si\u0119 od zbadania sytuacji prawnej i analizy dokument\u00f3w, zwi\u0105zanych z decyzjami o wycince.<\/p>\n\n\n\n<p>W\u0142adze miasta ju\u017c skontaktowa\u0142y si\u0119 z kierownictwem przedstawicielstwa Pa\u0144stwowego Gospodarstwa Wodnego Wody Polskie i uzgodni\u0142y spotkanie. Odb\u0119dzie si\u0119 ono w tym tygodniu.<\/p>\n\n\n\n<figure class=\"wp-block-audio\"><audio controls src=\"https:\/\/gorzow.news\/pliki\/drzewa-klodawka.mp4\"><\/audio><figcaption>Iwona Olek, wiceprezydent Gorzowa<\/figcaption><\/figure>\n\n\n\n<p>&#8211; Wst\u0119pne rozmowy i analizy dokument\u00f3w potwierdzaj\u0105, \u017ce przes\u0142anki decyzji o wycince podyktowane s\u0105 zagro\u017ceniem dla \u017cycia i mienia mieszka\u0144c\u00f3w, dzieci korzystaj\u0105cych z plac\u00f3w zabaw, u\u017cytkownik\u00f3w \u015bcie\u017cki i plac\u00f3w rekreacji. B\u0119dziemy o tym rozmawiali, a Urz\u0105d Miasta podczas rozm\u00f3w b\u0119dzie sygnalizowa\u0142 potrzeb\u0119 przegl\u0105du drzew przy rzece w kontek\u015bcie tych zagro\u017ce\u0144 &#8211; m\u00f3wi <strong>Iwona Olek<\/strong>, wiceprezydent Gorzowa.<\/p>\n\n\n\n<p>&#8211; Oddana niedawno do u\u017cytku \u015bcie\u017cka nad K\u0142odawk\u0105, place rekreacyjne i place zabaw, ciesz\u0105 si\u0119 du\u017c\u0105 popularno\u015bci\u0105 w\u015br\u00f3d mieszka\u0144c\u00f3w. S\u0105 regularnie odwiedzane, a przez to znacznie wzrasta czas przebywania os\u00f3b w r\u00f3\u017cnym wieku w s\u0105siedztwie drzew. A w ostatnich latach teren ten jest cz\u0119sto nara\u017cony na atak gwa\u0142townych wichur i nieprzewidzianej pogody. Zarz\u0105dzaj\u0105cy terenem musz\u0105 to uwzgl\u0119dnia\u0107, bo niesie to ryzyko zagro\u017cenia \u017cycia, zdrowia czy mienia. Niesie te\u017c konsekwencje prawne dla os\u00f3b odpowiedzialnych za to bezpiecze\u0144stwo. Zaniechanie dzia\u0142a\u0144, zbagatelizowanie zagro\u017ce\u0144, wi\u0105za\u0142oby si\u0119 z odpowiedzialno\u015bci\u0105 prawn\u0105. Dotyczy to zar\u00f3wno niezarz\u0105dzaj\u0105cych tym terenem W\u00f3d Polskich, jak i przedstawicieli Urz\u0119du Miasta &#8211; dodaje prezydent Olek.<\/p>\n\n\n\n<p>Urz\u0105d Miasta zapozna\u0142 si\u0119 z argumentacj\u0105 przemawiaj\u0105c\u0105 za potrzeb\u0105 usuni\u0119cia konkretnych egzemplarzy drzew, przedstawion\u0105 we wniosku w\u0142adaj\u0105cego terenem oraz w decyzji na wycink\u0119, po to by kompleksowo przeanalizowa\u0107 spraw\u0119 i poszukiwa\u0107 optymalnego rozwi\u0105zania.<\/p>\n\n\n\n<p>Miasto zaproponuje r\u00f3wnie\u017c wsparcie merytoryczne pracownik\u00f3w Urz\u0119du Miasta przy ocenie drzew rosn\u0105cych w bezpo\u015brednim s\u0105siedztwie rzeki obj\u0119tych przedmiotem post\u0119powania.<\/p>\n\n\n<div class=\"wp-block-image\">\n<figure class=\"aligncenter size-large\"><img loading=\"lazy\" decoding=\"async\" width=\"1024\" height=\"1024\" src=\"https:\/\/gorzow.news\/wp-content\/uploads\/2022\/05\/285006294_5388219374578237_2430700094829635296_n-1024x1024.jpg\" alt=\"\" class=\"wp-image-7525\" srcset=\"https:\/\/gorzow.news\/wp-content\/uploads\/2022\/05\/285006294_5388219374578237_2430700094829635296_n-1024x1024.jpg 1024w, https:\/\/gorzow.news\/wp-content\/uploads\/2022\/05\/285006294_5388219374578237_2430700094829635296_n-300x300.jpg 300w, https:\/\/gorzow.news\/wp-content\/uploads\/2022\/05\/285006294_5388219374578237_2430700094829635296_n-150x150.jpg 150w, https:\/\/gorzow.news\/wp-content\/uploads\/2022\/05\/285006294_5388219374578237_2430700094829635296_n-768x768.jpg 768w, https:\/\/gorzow.news\/wp-content\/uploads\/2022\/05\/285006294_5388219374578237_2430700094829635296_n-696x696.jpg 696w, https:\/\/gorzow.news\/wp-content\/uploads\/2022\/05\/285006294_5388219374578237_2430700094829635296_n-1068x1068.jpg 1068w, https:\/\/gorzow.news\/wp-content\/uploads\/2022\/05\/285006294_5388219374578237_2430700094829635296_n.jpg 1200w\" sizes=\"auto, (max-width: 1024px) 100vw, 1024px\" \/><\/figure>\n<\/div>","protected":false},"excerpt":{"rendered":"<p>Do prezydenta Gorzowa zosta\u0142a zaadresowana petycja, w kt\u00f3rej mieszka\u0144cy prosz\u0105 o interwencj\u0119 w sprawie planowanej wycinki drzew w pobli\u017cu rzeki K\u0142odawki, w pobli\u017cu plac\u00f3w zabaw, \u015bcie\u017cek spacerowych i miejsc rekreacji. Prezydent Gorzowa zareagowa\u0142 i poleci\u0142 podj\u0105\u0107 dzia\u0142ania w tej sprawie.<\/p>\n","protected":false},"author":1,"featured_media":7526,"comment_status":"open","ping_status":"open","sticky":false,"template":"","format":"standard","meta":{"footnotes":"","_links_to":"","_links_to_target":""},"categories":[597,589],"tags":[816,1376,1400,1401,1402],"class_list":{"0":"post-7524","1":"post","2":"type-post","3":"status-publish","4":"format-standard","5":"has-post-thumbnail","7":"category-fakty-opinie","8":"category-wiadomosci","9":"tag-iwona-olek","10":"tag-klodawka","11":"tag-panstwowe-godpodarstwo-wodne-wody-polskie","12":"tag-regionalna-yrekcja-ochrony-srodowiska","13":"tag-wojewodzki-urzad-ochrony-zabytkow"},"yoast_head":"<!-- This site is optimized with the Yoast SEO plugin v27.3 - https:\/\/yoast.com\/product\/yoast-seo-wordpress\/ -->\n<title>Wycinka drzew nad K\u0142odawk\u0105: Mieszka\u0144cy protestuj\u0105! Prezydent chce rozmawia\u0107 i analizowa\u0107 - Gorz\u00f3w News<\/title>\n<meta name=\"description\" content=\"Do prezydenta Gorzowa zosta\u0142a zaadresowana petycja, w kt\u00f3rej mieszka\u0144cy prosz\u0105 o interwencj\u0119 w sprawie planowanej wycinki drzew w pobli\u017cu rzeki\" \/>\n<meta name=\"robots\" content=\"index, follow, max-snippet:-1, max-image-preview:large, max-video-preview:-1\" \/>\n<link rel=\"canonical\" href=\"https:\/\/gorzow.news\/index.php\/2022\/05\/31\/wycinka-drzew-nad-klodawka-mieszkancy-protestuja-prezydent-chce-rozmawiac-i-analizowac\/\" \/>\n<meta property=\"og:locale\" content=\"pl_PL\" \/>\n<meta property=\"og:type\" content=\"article\" \/>\n<meta property=\"og:title\" content=\"Wycinka drzew nad K\u0142odawk\u0105: Mieszka\u0144cy protestuj\u0105! Prezydent chce rozmawia\u0107 i analizowa\u0107 - Gorz\u00f3w News\" \/>\n<meta property=\"og:description\" content=\"Do prezydenta Gorzowa zosta\u0142a zaadresowana petycja, w kt\u00f3rej mieszka\u0144cy prosz\u0105 o interwencj\u0119 w sprawie planowanej wycinki drzew w pobli\u017cu rzeki\" \/>\n<meta property=\"og:url\" content=\"https:\/\/gorzow.news\/index.php\/2022\/05\/31\/wycinka-drzew-nad-klodawka-mieszkancy-protestuja-prezydent-chce-rozmawiac-i-analizowac\/\" \/>\n<meta property=\"og:site_name\" content=\"Gorz\u00f3w News\" \/>\n<meta property=\"article:publisher\" content=\"https:\/\/www.facebook.com\/gorzowskinews\" \/>\n<meta property=\"article:published_time\" content=\"2022-05-31T09:16:30+00:00\" \/>\n<meta property=\"article:modified_time\" content=\"2022-05-31T09:16:33+00:00\" \/>\n<meta property=\"og:image\" content=\"https:\/\/gorzow.news\/wp-content\/uploads\/2022\/05\/wycinka_s.jpg\" \/>\n\t<meta property=\"og:image:width\" content=\"1041\" \/>\n\t<meta property=\"og:image:height\" content=\"636\" \/>\n\t<meta property=\"og:image:type\" content=\"image\/jpeg\" \/>\n<meta name=\"author\" content=\"maciej\" \/>\n<meta name=\"twitter:card\" content=\"summary_large_image\" \/>\n<meta name=\"twitter:label1\" content=\"Napisane przez\" \/>\n\t<meta name=\"twitter:data1\" content=\"maciej\" \/>\n\t<meta name=\"twitter:label2\" content=\"Szacowany czas czytania\" \/>\n\t<meta name=\"twitter:data2\" content=\"3 minuty\" \/>\n<script type=\"application\/ld+json\" class=\"yoast-schema-graph\">{\"@context\":\"https:\\\/\\\/schema.org\",\"@graph\":[{\"@type\":\"Article\",\"@id\":\"https:\\\/\\\/gorzow.news\\\/index.php\\\/2022\\\/05\\\/31\\\/wycinka-drzew-nad-klodawka-mieszkancy-protestuja-prezydent-chce-rozmawiac-i-analizowac\\\/#article\",\"isPartOf\":{\"@id\":\"https:\\\/\\\/gorzow.news\\\/index.php\\\/2022\\\/05\\\/31\\\/wycinka-drzew-nad-klodawka-mieszkancy-protestuja-prezydent-chce-rozmawiac-i-analizowac\\\/\"},\"author\":{\"name\":\"maciej\",\"@id\":\"https:\\\/\\\/gorzow.news\\\/#\\\/schema\\\/person\\\/a1e5ab43166369f2ce236a1cd90995bb\"},\"headline\":\"Wycinka drzew nad K\u0142odawk\u0105: Mieszka\u0144cy protestuj\u0105! Prezydent chce rozmawia\u0107 i analizowa\u0107\",\"datePublished\":\"2022-05-31T09:16:30+00:00\",\"dateModified\":\"2022-05-31T09:16:33+00:00\",\"mainEntityOfPage\":{\"@id\":\"https:\\\/\\\/gorzow.news\\\/index.php\\\/2022\\\/05\\\/31\\\/wycinka-drzew-nad-klodawka-mieszkancy-protestuja-prezydent-chce-rozmawiac-i-analizowac\\\/\"},\"wordCount\":475,\"commentCount\":1,\"image\":{\"@id\":\"https:\\\/\\\/gorzow.news\\\/index.php\\\/2022\\\/05\\\/31\\\/wycinka-drzew-nad-klodawka-mieszkancy-protestuja-prezydent-chce-rozmawiac-i-analizowac\\\/#primaryimage\"},\"thumbnailUrl\":\"https:\\\/\\\/gorzow.news\\\/wp-content\\\/uploads\\\/2022\\\/05\\\/wycinka_s.jpg\",\"keywords\":[\"Iwona Olek\",\"K\u0142odawka\",\"Pa\u0144stwowe Godpodarstwo Wodne Wody Polskie\",\"Regionalna yrekcja Ochrony \u015arodowiska\",\"Wojew\u00f3dzki Urz\u0105d Ochrony Zabytk\u00f3w\"],\"articleSection\":[\"Fakty i opinie\",\"Wiadomo\u015bci\"],\"inLanguage\":\"pl-PL\",\"potentialAction\":[{\"@type\":\"CommentAction\",\"name\":\"Comment\",\"target\":[\"https:\\\/\\\/gorzow.news\\\/index.php\\\/2022\\\/05\\\/31\\\/wycinka-drzew-nad-klodawka-mieszkancy-protestuja-prezydent-chce-rozmawiac-i-analizowac\\\/#respond\"]}]},{\"@type\":\"WebPage\",\"@id\":\"https:\\\/\\\/gorzow.news\\\/index.php\\\/2022\\\/05\\\/31\\\/wycinka-drzew-nad-klodawka-mieszkancy-protestuja-prezydent-chce-rozmawiac-i-analizowac\\\/\",\"url\":\"https:\\\/\\\/gorzow.news\\\/index.php\\\/2022\\\/05\\\/31\\\/wycinka-drzew-nad-klodawka-mieszkancy-protestuja-prezydent-chce-rozmawiac-i-analizowac\\\/\",\"name\":\"Wycinka drzew nad K\u0142odawk\u0105: Mieszka\u0144cy protestuj\u0105! Prezydent chce rozmawia\u0107 i analizowa\u0107 - Gorz\u00f3w News\",\"isPartOf\":{\"@id\":\"https:\\\/\\\/gorzow.news\\\/#website\"},\"primaryImageOfPage\":{\"@id\":\"https:\\\/\\\/gorzow.news\\\/index.php\\\/2022\\\/05\\\/31\\\/wycinka-drzew-nad-klodawka-mieszkancy-protestuja-prezydent-chce-rozmawiac-i-analizowac\\\/#primaryimage\"},\"image\":{\"@id\":\"https:\\\/\\\/gorzow.news\\\/index.php\\\/2022\\\/05\\\/31\\\/wycinka-drzew-nad-klodawka-mieszkancy-protestuja-prezydent-chce-rozmawiac-i-analizowac\\\/#primaryimage\"},\"thumbnailUrl\":\"https:\\\/\\\/gorzow.news\\\/wp-content\\\/uploads\\\/2022\\\/05\\\/wycinka_s.jpg\",\"datePublished\":\"2022-05-31T09:16:30+00:00\",\"dateModified\":\"2022-05-31T09:16:33+00:00\",\"author\":{\"@id\":\"https:\\\/\\\/gorzow.news\\\/#\\\/schema\\\/person\\\/a1e5ab43166369f2ce236a1cd90995bb\"},\"description\":\"Do prezydenta Gorzowa zosta\u0142a zaadresowana petycja, w kt\u00f3rej mieszka\u0144cy prosz\u0105 o interwencj\u0119 w sprawie planowanej wycinki drzew w pobli\u017cu rzeki K\u0142odawki, w pobli\u017cu plac\u00f3w zabaw, \u015bcie\u017cek spacerowych i miejsc rekreacji. Prezydent Gorzowa zareagowa\u0142 i poleci\u0142 podj\u0105\u0107 dzia\u0142ania w tej sprawie.\",\"breadcrumb\":{\"@id\":\"https:\\\/\\\/gorzow.news\\\/index.php\\\/2022\\\/05\\\/31\\\/wycinka-drzew-nad-klodawka-mieszkancy-protestuja-prezydent-chce-rozmawiac-i-analizowac\\\/#breadcrumb\"},\"inLanguage\":\"pl-PL\",\"potentialAction\":[{\"@type\":\"ReadAction\",\"target\":[\"https:\\\/\\\/gorzow.news\\\/index.php\\\/2022\\\/05\\\/31\\\/wycinka-drzew-nad-klodawka-mieszkancy-protestuja-prezydent-chce-rozmawiac-i-analizowac\\\/\"]}]},{\"@type\":\"ImageObject\",\"inLanguage\":\"pl-PL\",\"@id\":\"https:\\\/\\\/gorzow.news\\\/index.php\\\/2022\\\/05\\\/31\\\/wycinka-drzew-nad-klodawka-mieszkancy-protestuja-prezydent-chce-rozmawiac-i-analizowac\\\/#primaryimage\",\"url\":\"https:\\\/\\\/gorzow.news\\\/wp-content\\\/uploads\\\/2022\\\/05\\\/wycinka_s.jpg\",\"contentUrl\":\"https:\\\/\\\/gorzow.news\\\/wp-content\\\/uploads\\\/2022\\\/05\\\/wycinka_s.jpg\",\"width\":1041,\"height\":636},{\"@type\":\"BreadcrumbList\",\"@id\":\"https:\\\/\\\/gorzow.news\\\/index.php\\\/2022\\\/05\\\/31\\\/wycinka-drzew-nad-klodawka-mieszkancy-protestuja-prezydent-chce-rozmawiac-i-analizowac\\\/#breadcrumb\",\"itemListElement\":[{\"@type\":\"ListItem\",\"position\":1,\"name\":\"Home\",\"item\":\"https:\\\/\\\/gorzow.news\\\/\"},{\"@type\":\"ListItem\",\"position\":2,\"name\":\"Wycinka drzew nad K\u0142odawk\u0105: Mieszka\u0144cy protestuj\u0105! Prezydent chce rozmawia\u0107 i analizowa\u0107\"}]},{\"@type\":\"WebSite\",\"@id\":\"https:\\\/\\\/gorzow.news\\\/#website\",\"url\":\"https:\\\/\\\/gorzow.news\\\/\",\"name\":\"Gorz\u00f3w News\",\"description\":\"Sp\u00f3jrz inaczej na miato i region...\",\"potentialAction\":[{\"@type\":\"SearchAction\",\"target\":{\"@type\":\"EntryPoint\",\"urlTemplate\":\"https:\\\/\\\/gorzow.news\\\/?s={search_term_string}\"},\"query-input\":{\"@type\":\"PropertyValueSpecification\",\"valueRequired\":true,\"valueName\":\"search_term_string\"}}],\"inLanguage\":\"pl-PL\"},{\"@type\":\"Person\",\"@id\":\"https:\\\/\\\/gorzow.news\\\/#\\\/schema\\\/person\\\/a1e5ab43166369f2ce236a1cd90995bb\",\"name\":\"maciej\",\"image\":{\"@type\":\"ImageObject\",\"inLanguage\":\"pl-PL\",\"@id\":\"https:\\\/\\\/secure.gravatar.com\\\/avatar\\\/530a674d56ba60cfa0ef21d74e8e8d123a51bb7aa6580465b5c2ab2c2e980a19?s=96&r=g&d=https:\\\/\\\/gorzow.news\\\/wp-content\\\/plugins\\\/userswp\\\/assets\\\/images\\\/no_profile.png\",\"url\":\"https:\\\/\\\/secure.gravatar.com\\\/avatar\\\/530a674d56ba60cfa0ef21d74e8e8d123a51bb7aa6580465b5c2ab2c2e980a19?s=96&r=g&d=https:\\\/\\\/gorzow.news\\\/wp-content\\\/plugins\\\/userswp\\\/assets\\\/images\\\/no_profile.png\",\"contentUrl\":\"https:\\\/\\\/secure.gravatar.com\\\/avatar\\\/530a674d56ba60cfa0ef21d74e8e8d123a51bb7aa6580465b5c2ab2c2e980a19?s=96&r=g&d=https:\\\/\\\/gorzow.news\\\/wp-content\\\/plugins\\\/userswp\\\/assets\\\/images\\\/no_profile.png\",\"caption\":\"maciej\"},\"url\":\"https:\\\/\\\/gorzow.news\\\/index.php\\\/profile\\\/maciej\\\/\"}]}<\/script>\n<!-- \/ Yoast SEO plugin. -->","yoast_head_json":{"title":"Wycinka drzew nad K\u0142odawk\u0105: Mieszka\u0144cy protestuj\u0105! Prezydent chce rozmawia\u0107 i analizowa\u0107 - Gorz\u00f3w News","description":"Do prezydenta Gorzowa zosta\u0142a zaadresowana petycja, w kt\u00f3rej mieszka\u0144cy prosz\u0105 o interwencj\u0119 w sprawie planowanej wycinki drzew w pobli\u017cu rzeki","robots":{"index":"index","follow":"follow","max-snippet":"max-snippet:-1","max-image-preview":"max-image-preview:large","max-video-preview":"max-video-preview:-1"},"canonical":"https:\/\/gorzow.news\/index.php\/2022\/05\/31\/wycinka-drzew-nad-klodawka-mieszkancy-protestuja-prezydent-chce-rozmawiac-i-analizowac\/","og_locale":"pl_PL","og_type":"article","og_title":"Wycinka drzew nad K\u0142odawk\u0105: Mieszka\u0144cy protestuj\u0105! Prezydent chce rozmawia\u0107 i analizowa\u0107 - Gorz\u00f3w News","og_description":"Do prezydenta Gorzowa zosta\u0142a zaadresowana petycja, w kt\u00f3rej mieszka\u0144cy prosz\u0105 o interwencj\u0119 w sprawie planowanej wycinki drzew w pobli\u017cu rzeki","og_url":"https:\/\/gorzow.news\/index.php\/2022\/05\/31\/wycinka-drzew-nad-klodawka-mieszkancy-protestuja-prezydent-chce-rozmawiac-i-analizowac\/","og_site_name":"Gorz\u00f3w News","article_publisher":"https:\/\/www.facebook.com\/gorzowskinews","article_published_time":"2022-05-31T09:16:30+00:00","article_modified_time":"2022-05-31T09:16:33+00:00","og_image":[{"width":1041,"height":636,"url":"https:\/\/gorzow.news\/wp-content\/uploads\/2022\/05\/wycinka_s.jpg","type":"image\/jpeg"}],"author":"maciej","twitter_card":"summary_large_image","twitter_misc":{"Napisane przez":"maciej","Szacowany czas czytania":"3 minuty"},"schema":{"@context":"https:\/\/schema.org","@graph":[{"@type":"Article","@id":"https:\/\/gorzow.news\/index.php\/2022\/05\/31\/wycinka-drzew-nad-klodawka-mieszkancy-protestuja-prezydent-chce-rozmawiac-i-analizowac\/#article","isPartOf":{"@id":"https:\/\/gorzow.news\/index.php\/2022\/05\/31\/wycinka-drzew-nad-klodawka-mieszkancy-protestuja-prezydent-chce-rozmawiac-i-analizowac\/"},"author":{"name":"maciej","@id":"https:\/\/gorzow.news\/#\/schema\/person\/a1e5ab43166369f2ce236a1cd90995bb"},"headline":"Wycinka drzew nad K\u0142odawk\u0105: Mieszka\u0144cy protestuj\u0105! Prezydent chce rozmawia\u0107 i analizowa\u0107","datePublished":"2022-05-31T09:16:30+00:00","dateModified":"2022-05-31T09:16:33+00:00","mainEntityOfPage":{"@id":"https:\/\/gorzow.news\/index.php\/2022\/05\/31\/wycinka-drzew-nad-klodawka-mieszkancy-protestuja-prezydent-chce-rozmawiac-i-analizowac\/"},"wordCount":475,"commentCount":1,"image":{"@id":"https:\/\/gorzow.news\/index.php\/2022\/05\/31\/wycinka-drzew-nad-klodawka-mieszkancy-protestuja-prezydent-chce-rozmawiac-i-analizowac\/#primaryimage"},"thumbnailUrl":"https:\/\/gorzow.news\/wp-content\/uploads\/2022\/05\/wycinka_s.jpg","keywords":["Iwona Olek","K\u0142odawka","Pa\u0144stwowe Godpodarstwo Wodne Wody Polskie","Regionalna yrekcja Ochrony \u015arodowiska","Wojew\u00f3dzki Urz\u0105d Ochrony Zabytk\u00f3w"],"articleSection":["Fakty i opinie","Wiadomo\u015bci"],"inLanguage":"pl-PL","potentialAction":[{"@type":"CommentAction","name":"Comment","target":["https:\/\/gorzow.news\/index.php\/2022\/05\/31\/wycinka-drzew-nad-klodawka-mieszkancy-protestuja-prezydent-chce-rozmawiac-i-analizowac\/#respond"]}]},{"@type":"WebPage","@id":"https:\/\/gorzow.news\/index.php\/2022\/05\/31\/wycinka-drzew-nad-klodawka-mieszkancy-protestuja-prezydent-chce-rozmawiac-i-analizowac\/","url":"https:\/\/gorzow.news\/index.php\/2022\/05\/31\/wycinka-drzew-nad-klodawka-mieszkancy-protestuja-prezydent-chce-rozmawiac-i-analizowac\/","name":"Wycinka drzew nad K\u0142odawk\u0105: Mieszka\u0144cy protestuj\u0105! Prezydent chce rozmawia\u0107 i analizowa\u0107 - Gorz\u00f3w News","isPartOf":{"@id":"https:\/\/gorzow.news\/#website"},"primaryImageOfPage":{"@id":"https:\/\/gorzow.news\/index.php\/2022\/05\/31\/wycinka-drzew-nad-klodawka-mieszkancy-protestuja-prezydent-chce-rozmawiac-i-analizowac\/#primaryimage"},"image":{"@id":"https:\/\/gorzow.news\/index.php\/2022\/05\/31\/wycinka-drzew-nad-klodawka-mieszkancy-protestuja-prezydent-chce-rozmawiac-i-analizowac\/#primaryimage"},"thumbnailUrl":"https:\/\/gorzow.news\/wp-content\/uploads\/2022\/05\/wycinka_s.jpg","datePublished":"2022-05-31T09:16:30+00:00","dateModified":"2022-05-31T09:16:33+00:00","author":{"@id":"https:\/\/gorzow.news\/#\/schema\/person\/a1e5ab43166369f2ce236a1cd90995bb"},"description":"Do prezydenta Gorzowa zosta\u0142a zaadresowana petycja, w kt\u00f3rej mieszka\u0144cy prosz\u0105 o interwencj\u0119 w sprawie planowanej wycinki drzew w pobli\u017cu rzeki K\u0142odawki, w pobli\u017cu plac\u00f3w zabaw, \u015bcie\u017cek spacerowych i miejsc rekreacji. Prezydent Gorzowa zareagowa\u0142 i poleci\u0142 podj\u0105\u0107 dzia\u0142ania w tej sprawie.","breadcrumb":{"@id":"https:\/\/gorzow.news\/index.php\/2022\/05\/31\/wycinka-drzew-nad-klodawka-mieszkancy-protestuja-prezydent-chce-rozmawiac-i-analizowac\/#breadcrumb"},"inLanguage":"pl-PL","potentialAction":[{"@type":"ReadAction","target":["https:\/\/gorzow.news\/index.php\/2022\/05\/31\/wycinka-drzew-nad-klodawka-mieszkancy-protestuja-prezydent-chce-rozmawiac-i-analizowac\/"]}]},{"@type":"ImageObject","inLanguage":"pl-PL","@id":"https:\/\/gorzow.news\/index.php\/2022\/05\/31\/wycinka-drzew-nad-klodawka-mieszkancy-protestuja-prezydent-chce-rozmawiac-i-analizowac\/#primaryimage","url":"https:\/\/gorzow.news\/wp-content\/uploads\/2022\/05\/wycinka_s.jpg","contentUrl":"https:\/\/gorzow.news\/wp-content\/uploads\/2022\/05\/wycinka_s.jpg","width":1041,"height":636},{"@type":"BreadcrumbList","@id":"https:\/\/gorzow.news\/index.php\/2022\/05\/31\/wycinka-drzew-nad-klodawka-mieszkancy-protestuja-prezydent-chce-rozmawiac-i-analizowac\/#breadcrumb","itemListElement":[{"@type":"ListItem","position":1,"name":"Home","item":"https:\/\/gorzow.news\/"},{"@type":"ListItem","position":2,"name":"Wycinka drzew nad K\u0142odawk\u0105: Mieszka\u0144cy protestuj\u0105! Prezydent chce rozmawia\u0107 i analizowa\u0107"}]},{"@type":"WebSite","@id":"https:\/\/gorzow.news\/#website","url":"https:\/\/gorzow.news\/","name":"Gorz\u00f3w News","description":"Sp\u00f3jrz inaczej na miato i region...","potentialAction":[{"@type":"SearchAction","target":{"@type":"EntryPoint","urlTemplate":"https:\/\/gorzow.news\/?s={search_term_string}"},"query-input":{"@type":"PropertyValueSpecification","valueRequired":true,"valueName":"search_term_string"}}],"inLanguage":"pl-PL"},{"@type":"Person","@id":"https:\/\/gorzow.news\/#\/schema\/person\/a1e5ab43166369f2ce236a1cd90995bb","name":"maciej","image":{"@type":"ImageObject","inLanguage":"pl-PL","@id":"https:\/\/secure.gravatar.com\/avatar\/530a674d56ba60cfa0ef21d74e8e8d123a51bb7aa6580465b5c2ab2c2e980a19?s=96&r=g&d=https:\/\/gorzow.news\/wp-content\/plugins\/userswp\/assets\/images\/no_profile.png","url":"https:\/\/secure.gravatar.com\/avatar\/530a674d56ba60cfa0ef21d74e8e8d123a51bb7aa6580465b5c2ab2c2e980a19?s=96&r=g&d=https:\/\/gorzow.news\/wp-content\/plugins\/userswp\/assets\/images\/no_profile.png","contentUrl":"https:\/\/secure.gravatar.com\/avatar\/530a674d56ba60cfa0ef21d74e8e8d123a51bb7aa6580465b5c2ab2c2e980a19?s=96&r=g&d=https:\/\/gorzow.news\/wp-content\/plugins\/userswp\/assets\/images\/no_profile.png","caption":"maciej"},"url":"https:\/\/gorzow.news\/index.php\/profile\/maciej\/"}]}},"_links":{"self":[{"href":"https:\/\/gorzow.news\/index.php\/wp-json\/wp\/v2\/posts\/7524","targetHints":{"allow":["GET"]}}],"collection":[{"href":"https:\/\/gorzow.news\/index.php\/wp-json\/wp\/v2\/posts"}],"about":[{"href":"https:\/\/gorzow.news\/index.php\/wp-json\/wp\/v2\/types\/post"}],"author":[{"embeddable":true,"href":"https:\/\/gorzow.news\/index.php\/wp-json\/wp\/v2\/users\/1"}],"replies":[{"embeddable":true,"href":"https:\/\/gorzow.news\/index.php\/wp-json\/wp\/v2\/comments?post=7524"}],"version-history":[{"count":0,"href":"https:\/\/gorzow.news\/index.php\/wp-json\/wp\/v2\/posts\/7524\/revisions"}],"wp:featuredmedia":[{"embeddable":true,"href":"https:\/\/gorzow.news\/index.php\/wp-json\/wp\/v2\/media\/7526"}],"wp:attachment":[{"href":"https:\/\/gorzow.news\/index.php\/wp-json\/wp\/v2\/media?parent=7524"}],"wp:term":[{"taxonomy":"category","embeddable":true,"href":"https:\/\/gorzow.news\/index.php\/wp-json\/wp\/v2\/categories?post=7524"},{"taxonomy":"post_tag","embeddable":true,"href":"https:\/\/gorzow.news\/index.php\/wp-json\/wp\/v2\/tags?post=7524"}],"curies":[{"name":"wp","href":"https:\/\/api.w.org\/{rel}","templated":true}]}}