{"id":7291,"date":"2022-05-14T13:38:19","date_gmt":"2022-05-14T11:38:19","guid":{"rendered":"https:\/\/gorzow.news\/?p=7291"},"modified":"2022-05-14T13:38:23","modified_gmt":"2022-05-14T11:38:23","slug":"zbliza-sie-sesja-absolutoryjna-chcesz-zabrac-glos","status":"publish","type":"post","link":"https:\/\/gorzow.news\/index.php\/2022\/05\/14\/zbliza-sie-sesja-absolutoryjna-chcesz-zabrac-glos\/","title":{"rendered":"Zbli\u017ca si\u0119 sesja absolutoryjna! Chcesz zabra\u0107 g\u0142os?"},"content":{"rendered":"\n<p><strong>Prezydent Gorzowa co roku, do ko\u0144ca maja, przedstawia Radzie Miasta Raport o stanie miasta, czyli sprawozdanie ze swojej dzia\u0142alno\u015bci w roku poprzednim. W debacie podczas tzw. sesji absolutoryjnej, kt\u00f3ra zaplanowana jest na 25 maja, mog\u0105 bra\u0107 udzia\u0142 mieszka\u0144cy.<\/strong><\/p>\n\n\n\n<p>Mieszkaniec Gorzowa, kt\u00f3ry jest zainteresowany zabraniem g\u0142osu podczas sesji i chce aktywnie wzi\u0105\u0107 udzia\u0142 w debacie nad raportem, musi uzyska\u0107 pisemne poparcie co najmniej 50 gorzowian i z\u0142o\u017cy\u0107 w tej sprawie wniosek do Przewodnicz\u0105cego Rady Miasta (w sali obs\u0142ugi UM przy ulicy Sikorskiego 4), najp\u00f3\u017aniej w przeddzie\u0144 sesji, tj. 24 maja.<\/p>\n\n\n\n<p>W debacie mo\u017ce wzi\u0105\u0107 udzia\u0142 15 mieszka\u0144c\u00f3w. Po ustaleniu przez Przewodnicz\u0105cego Rady Miasta listy os\u00f3b do zabrania g\u0142osu w debacie, pracownicy Biura Rady Miasta skontaktuj\u0105 si\u0119 z nimi pod wskazany numer telefonu lub adres poczty elektronicznej.<\/p>\n\n\n\n<p>Zasady udzia\u0142u mieszka\u0144c\u00f3w w sesji absolutoryjnej okre\u015bla artyku\u0142 28aa Ustawy o samorz\u0105dzie gminnym. Jego tre\u015b\u0107 znajduje si\u0119 <a href=\"https:\/\/lexlege.pl\/ustawa-o-samorzadzie-gminnym\/art-28aa\/\" target=\"_blank\" rel=\"noreferrer noopener\">tutaj<\/a>.<\/p>\n\n\n\n<p>Raport o stanie miasta za rok 2021 mo\u017cna przeczyta\u0107 <a href=\"https:\/\/bip.wrota.lubuskie.pl\/umgorzow\/system\/obj\/42260_Raport_o_stanie_miasta.pdf\" target=\"_blank\" rel=\"noreferrer noopener\">tutaj<\/a>.<\/p>\n","protected":false},"excerpt":{"rendered":"<p>Prezydent Gorzowa co roku, do ko\u0144ca maja, przedstawia Radzie Miasta Raport o stanie miasta, czyli sprawozdanie ze swojej dzia\u0142alno\u015bci w roku poprzednim. W debacie podczas tzw. sesji absolutoryjnej, kt\u00f3ra zaplanowana jest na 25 maja, mog\u0105 bra\u0107 udzia\u0142 mieszka\u0144cy.<\/p>\n","protected":false},"author":1,"featured_media":7292,"comment_status":"open","ping_status":"open","sticky":false,"template":"","format":"standard","meta":{"footnotes":"","_links_to":"","_links_to_target":""},"categories":[597,904,589],"tags":[510,605],"class_list":{"0":"post-7291","1":"post","2":"type-post","3":"status-publish","4":"format-standard","5":"has-post-thumbnail","7":"category-fakty-opinie","8":"category-w-skrocie","9":"category-wiadomosci","10":"tag-rada-miasta","11":"tag-sesja"},"yoast_head":"<!-- This site is optimized with the Yoast SEO plugin v27.3 - https:\/\/yoast.com\/product\/yoast-seo-wordpress\/ -->\n<title>Zbli\u017ca si\u0119 sesja absolutoryjna! Chcesz zabra\u0107 g\u0142os? - Gorz\u00f3w News<\/title>\n<meta name=\"description\" content=\"Prezydent Gorzowa co roku, do ko\u0144ca maja, przedstawia Radzie Miasta Raport o stanie miasta, czyli sprawozdanie ze swojej dzia\u0142alno\u015bci w roku poprze\" \/>\n<meta name=\"robots\" content=\"index, follow, max-snippet:-1, max-image-preview:large, max-video-preview:-1\" \/>\n<link rel=\"canonical\" href=\"https:\/\/gorzow.news\/index.php\/2022\/05\/14\/zbliza-sie-sesja-absolutoryjna-chcesz-zabrac-glos\/\" \/>\n<meta property=\"og:locale\" content=\"pl_PL\" \/>\n<meta property=\"og:type\" content=\"article\" \/>\n<meta property=\"og:title\" content=\"Zbli\u017ca si\u0119 sesja absolutoryjna! Chcesz zabra\u0107 g\u0142os? - Gorz\u00f3w News\" \/>\n<meta property=\"og:description\" content=\"Prezydent Gorzowa co roku, do ko\u0144ca maja, przedstawia Radzie Miasta Raport o stanie miasta, czyli sprawozdanie ze swojej dzia\u0142alno\u015bci w roku poprze\" \/>\n<meta property=\"og:url\" content=\"https:\/\/gorzow.news\/index.php\/2022\/05\/14\/zbliza-sie-sesja-absolutoryjna-chcesz-zabrac-glos\/\" \/>\n<meta property=\"og:site_name\" content=\"Gorz\u00f3w News\" \/>\n<meta property=\"article:publisher\" content=\"https:\/\/www.facebook.com\/gorzowskinews\" \/>\n<meta property=\"article:published_time\" content=\"2022-05-14T11:38:19+00:00\" \/>\n<meta property=\"article:modified_time\" content=\"2022-05-14T11:38:23+00:00\" \/>\n<meta property=\"og:image\" content=\"https:\/\/gorzow.news\/wp-content\/uploads\/2022\/05\/cropped-akt-fotob-2479.jpg\" \/>\n\t<meta property=\"og:image:width\" content=\"1192\" \/>\n\t<meta property=\"og:image:height\" content=\"751\" \/>\n\t<meta property=\"og:image:type\" content=\"image\/jpeg\" \/>\n<meta name=\"author\" content=\"maciej\" \/>\n<meta name=\"twitter:card\" content=\"summary_large_image\" \/>\n<meta name=\"twitter:label1\" content=\"Napisane przez\" \/>\n\t<meta name=\"twitter:data1\" content=\"maciej\" \/>\n\t<meta name=\"twitter:label2\" content=\"Szacowany czas czytania\" \/>\n\t<meta name=\"twitter:data2\" content=\"1 minuta\" \/>\n<script type=\"application\/ld+json\" class=\"yoast-schema-graph\">{\"@context\":\"https:\\\/\\\/schema.org\",\"@graph\":[{\"@type\":\"Article\",\"@id\":\"https:\\\/\\\/gorzow.news\\\/index.php\\\/2022\\\/05\\\/14\\\/zbliza-sie-sesja-absolutoryjna-chcesz-zabrac-glos\\\/#article\",\"isPartOf\":{\"@id\":\"https:\\\/\\\/gorzow.news\\\/index.php\\\/2022\\\/05\\\/14\\\/zbliza-sie-sesja-absolutoryjna-chcesz-zabrac-glos\\\/\"},\"author\":{\"name\":\"maciej\",\"@id\":\"https:\\\/\\\/gorzow.news\\\/#\\\/schema\\\/person\\\/a1e5ab43166369f2ce236a1cd90995bb\"},\"headline\":\"Zbli\u017ca si\u0119 sesja absolutoryjna! Chcesz zabra\u0107 g\u0142os?\",\"datePublished\":\"2022-05-14T11:38:19+00:00\",\"dateModified\":\"2022-05-14T11:38:23+00:00\",\"mainEntityOfPage\":{\"@id\":\"https:\\\/\\\/gorzow.news\\\/index.php\\\/2022\\\/05\\\/14\\\/zbliza-sie-sesja-absolutoryjna-chcesz-zabrac-glos\\\/\"},\"wordCount\":180,\"commentCount\":0,\"image\":{\"@id\":\"https:\\\/\\\/gorzow.news\\\/index.php\\\/2022\\\/05\\\/14\\\/zbliza-sie-sesja-absolutoryjna-chcesz-zabrac-glos\\\/#primaryimage\"},\"thumbnailUrl\":\"https:\\\/\\\/gorzow.news\\\/wp-content\\\/uploads\\\/2022\\\/05\\\/cropped-akt-fotob-2479.jpg\",\"keywords\":[\"Rada Miasta\",\"sesja\"],\"articleSection\":[\"Fakty i opinie\",\"W skr\u00f3cie\",\"Wiadomo\u015bci\"],\"inLanguage\":\"pl-PL\",\"potentialAction\":[{\"@type\":\"CommentAction\",\"name\":\"Comment\",\"target\":[\"https:\\\/\\\/gorzow.news\\\/index.php\\\/2022\\\/05\\\/14\\\/zbliza-sie-sesja-absolutoryjna-chcesz-zabrac-glos\\\/#respond\"]}]},{\"@type\":\"WebPage\",\"@id\":\"https:\\\/\\\/gorzow.news\\\/index.php\\\/2022\\\/05\\\/14\\\/zbliza-sie-sesja-absolutoryjna-chcesz-zabrac-glos\\\/\",\"url\":\"https:\\\/\\\/gorzow.news\\\/index.php\\\/2022\\\/05\\\/14\\\/zbliza-sie-sesja-absolutoryjna-chcesz-zabrac-glos\\\/\",\"name\":\"Zbli\u017ca si\u0119 sesja absolutoryjna! Chcesz zabra\u0107 g\u0142os? - Gorz\u00f3w News\",\"isPartOf\":{\"@id\":\"https:\\\/\\\/gorzow.news\\\/#website\"},\"primaryImageOfPage\":{\"@id\":\"https:\\\/\\\/gorzow.news\\\/index.php\\\/2022\\\/05\\\/14\\\/zbliza-sie-sesja-absolutoryjna-chcesz-zabrac-glos\\\/#primaryimage\"},\"image\":{\"@id\":\"https:\\\/\\\/gorzow.news\\\/index.php\\\/2022\\\/05\\\/14\\\/zbliza-sie-sesja-absolutoryjna-chcesz-zabrac-glos\\\/#primaryimage\"},\"thumbnailUrl\":\"https:\\\/\\\/gorzow.news\\\/wp-content\\\/uploads\\\/2022\\\/05\\\/cropped-akt-fotob-2479.jpg\",\"datePublished\":\"2022-05-14T11:38:19+00:00\",\"dateModified\":\"2022-05-14T11:38:23+00:00\",\"author\":{\"@id\":\"https:\\\/\\\/gorzow.news\\\/#\\\/schema\\\/person\\\/a1e5ab43166369f2ce236a1cd90995bb\"},\"description\":\"Prezydent Gorzowa co roku, do ko\u0144ca maja, przedstawia Radzie Miasta Raport o stanie miasta, czyli sprawozdanie ze swojej dzia\u0142alno\u015bci w roku poprzednim. W debacie podczas tzw. sesji absolutoryjnej, kt\u00f3ra zaplanowana jest na 25 maja, mog\u0105 bra\u0107 udzia\u0142 mieszka\u0144cy.\",\"breadcrumb\":{\"@id\":\"https:\\\/\\\/gorzow.news\\\/index.php\\\/2022\\\/05\\\/14\\\/zbliza-sie-sesja-absolutoryjna-chcesz-zabrac-glos\\\/#breadcrumb\"},\"inLanguage\":\"pl-PL\",\"potentialAction\":[{\"@type\":\"ReadAction\",\"target\":[\"https:\\\/\\\/gorzow.news\\\/index.php\\\/2022\\\/05\\\/14\\\/zbliza-sie-sesja-absolutoryjna-chcesz-zabrac-glos\\\/\"]}]},{\"@type\":\"ImageObject\",\"inLanguage\":\"pl-PL\",\"@id\":\"https:\\\/\\\/gorzow.news\\\/index.php\\\/2022\\\/05\\\/14\\\/zbliza-sie-sesja-absolutoryjna-chcesz-zabrac-glos\\\/#primaryimage\",\"url\":\"https:\\\/\\\/gorzow.news\\\/wp-content\\\/uploads\\\/2022\\\/05\\\/cropped-akt-fotob-2479.jpg\",\"contentUrl\":\"https:\\\/\\\/gorzow.news\\\/wp-content\\\/uploads\\\/2022\\\/05\\\/cropped-akt-fotob-2479.jpg\",\"width\":1192,\"height\":751,\"caption\":\"fot. Bart\u0142omiej Nowosielski\"},{\"@type\":\"BreadcrumbList\",\"@id\":\"https:\\\/\\\/gorzow.news\\\/index.php\\\/2022\\\/05\\\/14\\\/zbliza-sie-sesja-absolutoryjna-chcesz-zabrac-glos\\\/#breadcrumb\",\"itemListElement\":[{\"@type\":\"ListItem\",\"position\":1,\"name\":\"Home\",\"item\":\"https:\\\/\\\/gorzow.news\\\/\"},{\"@type\":\"ListItem\",\"position\":2,\"name\":\"Zbli\u017ca si\u0119 sesja absolutoryjna! Chcesz zabra\u0107 g\u0142os?\"}]},{\"@type\":\"WebSite\",\"@id\":\"https:\\\/\\\/gorzow.news\\\/#website\",\"url\":\"https:\\\/\\\/gorzow.news\\\/\",\"name\":\"Gorz\u00f3w News\",\"description\":\"Sp\u00f3jrz inaczej na miato i region...\",\"potentialAction\":[{\"@type\":\"SearchAction\",\"target\":{\"@type\":\"EntryPoint\",\"urlTemplate\":\"https:\\\/\\\/gorzow.news\\\/?s={search_term_string}\"},\"query-input\":{\"@type\":\"PropertyValueSpecification\",\"valueRequired\":true,\"valueName\":\"search_term_string\"}}],\"inLanguage\":\"pl-PL\"},{\"@type\":\"Person\",\"@id\":\"https:\\\/\\\/gorzow.news\\\/#\\\/schema\\\/person\\\/a1e5ab43166369f2ce236a1cd90995bb\",\"name\":\"maciej\",\"image\":{\"@type\":\"ImageObject\",\"inLanguage\":\"pl-PL\",\"@id\":\"https:\\\/\\\/secure.gravatar.com\\\/avatar\\\/530a674d56ba60cfa0ef21d74e8e8d123a51bb7aa6580465b5c2ab2c2e980a19?s=96&r=g&d=https:\\\/\\\/gorzow.news\\\/wp-content\\\/plugins\\\/userswp\\\/assets\\\/images\\\/no_profile.png\",\"url\":\"https:\\\/\\\/secure.gravatar.com\\\/avatar\\\/530a674d56ba60cfa0ef21d74e8e8d123a51bb7aa6580465b5c2ab2c2e980a19?s=96&r=g&d=https:\\\/\\\/gorzow.news\\\/wp-content\\\/plugins\\\/userswp\\\/assets\\\/images\\\/no_profile.png\",\"contentUrl\":\"https:\\\/\\\/secure.gravatar.com\\\/avatar\\\/530a674d56ba60cfa0ef21d74e8e8d123a51bb7aa6580465b5c2ab2c2e980a19?s=96&r=g&d=https:\\\/\\\/gorzow.news\\\/wp-content\\\/plugins\\\/userswp\\\/assets\\\/images\\\/no_profile.png\",\"caption\":\"maciej\"},\"url\":\"https:\\\/\\\/gorzow.news\\\/index.php\\\/profile\\\/maciej\\\/\"}]}<\/script>\n<!-- \/ Yoast SEO plugin. -->","yoast_head_json":{"title":"Zbli\u017ca si\u0119 sesja absolutoryjna! Chcesz zabra\u0107 g\u0142os? - Gorz\u00f3w News","description":"Prezydent Gorzowa co roku, do ko\u0144ca maja, przedstawia Radzie Miasta Raport o stanie miasta, czyli sprawozdanie ze swojej dzia\u0142alno\u015bci w roku poprze","robots":{"index":"index","follow":"follow","max-snippet":"max-snippet:-1","max-image-preview":"max-image-preview:large","max-video-preview":"max-video-preview:-1"},"canonical":"https:\/\/gorzow.news\/index.php\/2022\/05\/14\/zbliza-sie-sesja-absolutoryjna-chcesz-zabrac-glos\/","og_locale":"pl_PL","og_type":"article","og_title":"Zbli\u017ca si\u0119 sesja absolutoryjna! Chcesz zabra\u0107 g\u0142os? - Gorz\u00f3w News","og_description":"Prezydent Gorzowa co roku, do ko\u0144ca maja, przedstawia Radzie Miasta Raport o stanie miasta, czyli sprawozdanie ze swojej dzia\u0142alno\u015bci w roku poprze","og_url":"https:\/\/gorzow.news\/index.php\/2022\/05\/14\/zbliza-sie-sesja-absolutoryjna-chcesz-zabrac-glos\/","og_site_name":"Gorz\u00f3w News","article_publisher":"https:\/\/www.facebook.com\/gorzowskinews","article_published_time":"2022-05-14T11:38:19+00:00","article_modified_time":"2022-05-14T11:38:23+00:00","og_image":[{"width":1192,"height":751,"url":"https:\/\/gorzow.news\/wp-content\/uploads\/2022\/05\/cropped-akt-fotob-2479.jpg","type":"image\/jpeg"}],"author":"maciej","twitter_card":"summary_large_image","twitter_misc":{"Napisane przez":"maciej","Szacowany czas czytania":"1 minuta"},"schema":{"@context":"https:\/\/schema.org","@graph":[{"@type":"Article","@id":"https:\/\/gorzow.news\/index.php\/2022\/05\/14\/zbliza-sie-sesja-absolutoryjna-chcesz-zabrac-glos\/#article","isPartOf":{"@id":"https:\/\/gorzow.news\/index.php\/2022\/05\/14\/zbliza-sie-sesja-absolutoryjna-chcesz-zabrac-glos\/"},"author":{"name":"maciej","@id":"https:\/\/gorzow.news\/#\/schema\/person\/a1e5ab43166369f2ce236a1cd90995bb"},"headline":"Zbli\u017ca si\u0119 sesja absolutoryjna! Chcesz zabra\u0107 g\u0142os?","datePublished":"2022-05-14T11:38:19+00:00","dateModified":"2022-05-14T11:38:23+00:00","mainEntityOfPage":{"@id":"https:\/\/gorzow.news\/index.php\/2022\/05\/14\/zbliza-sie-sesja-absolutoryjna-chcesz-zabrac-glos\/"},"wordCount":180,"commentCount":0,"image":{"@id":"https:\/\/gorzow.news\/index.php\/2022\/05\/14\/zbliza-sie-sesja-absolutoryjna-chcesz-zabrac-glos\/#primaryimage"},"thumbnailUrl":"https:\/\/gorzow.news\/wp-content\/uploads\/2022\/05\/cropped-akt-fotob-2479.jpg","keywords":["Rada Miasta","sesja"],"articleSection":["Fakty i opinie","W skr\u00f3cie","Wiadomo\u015bci"],"inLanguage":"pl-PL","potentialAction":[{"@type":"CommentAction","name":"Comment","target":["https:\/\/gorzow.news\/index.php\/2022\/05\/14\/zbliza-sie-sesja-absolutoryjna-chcesz-zabrac-glos\/#respond"]}]},{"@type":"WebPage","@id":"https:\/\/gorzow.news\/index.php\/2022\/05\/14\/zbliza-sie-sesja-absolutoryjna-chcesz-zabrac-glos\/","url":"https:\/\/gorzow.news\/index.php\/2022\/05\/14\/zbliza-sie-sesja-absolutoryjna-chcesz-zabrac-glos\/","name":"Zbli\u017ca si\u0119 sesja absolutoryjna! Chcesz zabra\u0107 g\u0142os? - Gorz\u00f3w News","isPartOf":{"@id":"https:\/\/gorzow.news\/#website"},"primaryImageOfPage":{"@id":"https:\/\/gorzow.news\/index.php\/2022\/05\/14\/zbliza-sie-sesja-absolutoryjna-chcesz-zabrac-glos\/#primaryimage"},"image":{"@id":"https:\/\/gorzow.news\/index.php\/2022\/05\/14\/zbliza-sie-sesja-absolutoryjna-chcesz-zabrac-glos\/#primaryimage"},"thumbnailUrl":"https:\/\/gorzow.news\/wp-content\/uploads\/2022\/05\/cropped-akt-fotob-2479.jpg","datePublished":"2022-05-14T11:38:19+00:00","dateModified":"2022-05-14T11:38:23+00:00","author":{"@id":"https:\/\/gorzow.news\/#\/schema\/person\/a1e5ab43166369f2ce236a1cd90995bb"},"description":"Prezydent Gorzowa co roku, do ko\u0144ca maja, przedstawia Radzie Miasta Raport o stanie miasta, czyli sprawozdanie ze swojej dzia\u0142alno\u015bci w roku poprzednim. W debacie podczas tzw. sesji absolutoryjnej, kt\u00f3ra zaplanowana jest na 25 maja, mog\u0105 bra\u0107 udzia\u0142 mieszka\u0144cy.","breadcrumb":{"@id":"https:\/\/gorzow.news\/index.php\/2022\/05\/14\/zbliza-sie-sesja-absolutoryjna-chcesz-zabrac-glos\/#breadcrumb"},"inLanguage":"pl-PL","potentialAction":[{"@type":"ReadAction","target":["https:\/\/gorzow.news\/index.php\/2022\/05\/14\/zbliza-sie-sesja-absolutoryjna-chcesz-zabrac-glos\/"]}]},{"@type":"ImageObject","inLanguage":"pl-PL","@id":"https:\/\/gorzow.news\/index.php\/2022\/05\/14\/zbliza-sie-sesja-absolutoryjna-chcesz-zabrac-glos\/#primaryimage","url":"https:\/\/gorzow.news\/wp-content\/uploads\/2022\/05\/cropped-akt-fotob-2479.jpg","contentUrl":"https:\/\/gorzow.news\/wp-content\/uploads\/2022\/05\/cropped-akt-fotob-2479.jpg","width":1192,"height":751,"caption":"fot. Bart\u0142omiej Nowosielski"},{"@type":"BreadcrumbList","@id":"https:\/\/gorzow.news\/index.php\/2022\/05\/14\/zbliza-sie-sesja-absolutoryjna-chcesz-zabrac-glos\/#breadcrumb","itemListElement":[{"@type":"ListItem","position":1,"name":"Home","item":"https:\/\/gorzow.news\/"},{"@type":"ListItem","position":2,"name":"Zbli\u017ca si\u0119 sesja absolutoryjna! Chcesz zabra\u0107 g\u0142os?"}]},{"@type":"WebSite","@id":"https:\/\/gorzow.news\/#website","url":"https:\/\/gorzow.news\/","name":"Gorz\u00f3w News","description":"Sp\u00f3jrz inaczej na miato i region...","potentialAction":[{"@type":"SearchAction","target":{"@type":"EntryPoint","urlTemplate":"https:\/\/gorzow.news\/?s={search_term_string}"},"query-input":{"@type":"PropertyValueSpecification","valueRequired":true,"valueName":"search_term_string"}}],"inLanguage":"pl-PL"},{"@type":"Person","@id":"https:\/\/gorzow.news\/#\/schema\/person\/a1e5ab43166369f2ce236a1cd90995bb","name":"maciej","image":{"@type":"ImageObject","inLanguage":"pl-PL","@id":"https:\/\/secure.gravatar.com\/avatar\/530a674d56ba60cfa0ef21d74e8e8d123a51bb7aa6580465b5c2ab2c2e980a19?s=96&r=g&d=https:\/\/gorzow.news\/wp-content\/plugins\/userswp\/assets\/images\/no_profile.png","url":"https:\/\/secure.gravatar.com\/avatar\/530a674d56ba60cfa0ef21d74e8e8d123a51bb7aa6580465b5c2ab2c2e980a19?s=96&r=g&d=https:\/\/gorzow.news\/wp-content\/plugins\/userswp\/assets\/images\/no_profile.png","contentUrl":"https:\/\/secure.gravatar.com\/avatar\/530a674d56ba60cfa0ef21d74e8e8d123a51bb7aa6580465b5c2ab2c2e980a19?s=96&r=g&d=https:\/\/gorzow.news\/wp-content\/plugins\/userswp\/assets\/images\/no_profile.png","caption":"maciej"},"url":"https:\/\/gorzow.news\/index.php\/profile\/maciej\/"}]}},"_links":{"self":[{"href":"https:\/\/gorzow.news\/index.php\/wp-json\/wp\/v2\/posts\/7291","targetHints":{"allow":["GET"]}}],"collection":[{"href":"https:\/\/gorzow.news\/index.php\/wp-json\/wp\/v2\/posts"}],"about":[{"href":"https:\/\/gorzow.news\/index.php\/wp-json\/wp\/v2\/types\/post"}],"author":[{"embeddable":true,"href":"https:\/\/gorzow.news\/index.php\/wp-json\/wp\/v2\/users\/1"}],"replies":[{"embeddable":true,"href":"https:\/\/gorzow.news\/index.php\/wp-json\/wp\/v2\/comments?post=7291"}],"version-history":[{"count":0,"href":"https:\/\/gorzow.news\/index.php\/wp-json\/wp\/v2\/posts\/7291\/revisions"}],"wp:featuredmedia":[{"embeddable":true,"href":"https:\/\/gorzow.news\/index.php\/wp-json\/wp\/v2\/media\/7292"}],"wp:attachment":[{"href":"https:\/\/gorzow.news\/index.php\/wp-json\/wp\/v2\/media?parent=7291"}],"wp:term":[{"taxonomy":"category","embeddable":true,"href":"https:\/\/gorzow.news\/index.php\/wp-json\/wp\/v2\/categories?post=7291"},{"taxonomy":"post_tag","embeddable":true,"href":"https:\/\/gorzow.news\/index.php\/wp-json\/wp\/v2\/tags?post=7291"}],"curies":[{"name":"wp","href":"https:\/\/api.w.org\/{rel}","templated":true}]}}