{"id":7210,"date":"2022-05-11T10:31:24","date_gmt":"2022-05-11T08:31:24","guid":{"rendered":"https:\/\/gorzow.news\/?p=7210"},"modified":"2022-06-08T15:00:30","modified_gmt":"2022-06-08T13:00:30","slug":"barka-od-lat-cumujaca-przy-wschodnim-bulwarze-wystawiona-na-sprzedaz","status":"publish","type":"post","link":"https:\/\/gorzow.news\/index.php\/2022\/05\/11\/barka-od-lat-cumujaca-przy-wschodnim-bulwarze-wystawiona-na-sprzedaz\/","title":{"rendered":"Barka od lat cumuj\u0105ca przy wschodnim bulwarze wystawiona na sprzeda\u017c!"},"content":{"rendered":"\n<p><strong>Barka Kr\u00f3lowa Jadwiga, na kt\u00f3rej od wielu lat funkcjonuje lokal gastronomiczny wpisa\u0142a si\u0119 ju\u017c w krajobraz nabrze\u017ca Warty i wschodniego bulwaru. W ostatnich dniach p\u0142ywaj\u0105cy lokal zosta\u0142 wystawiony na sprzeda\u017c. Nowy w\u0142a\u015bciciel za bark\u0119 Kr\u00f3lowa Jadwiga b\u0119dzie musia\u0142 zap\u0142aci\u0107 400 tys. EURO! Czy barka odp\u0142ynie z Gorzowa? Czas poka\u017ce\u2026<\/strong><\/p>\n\n\n\n<p>Barka motorowa BM-500 jest polskiej produkcji. Zacumowana jest na rzece Warcie przy wschodnim bulwarze i funkcjonuje tu bez przerwy od 2014 roku. Na jej pok\u0142adzie znajduje si\u0119 lokal gastronomiczny. Barka jest sprawna, co pozwoli nowemu w\u0142a\u015bcicielowi na bezproblemowe jej przemieszczenie w razie takiej potrzeby.<\/p>\n\n\n\n<p>Barka jest w pe\u0142ni sprawna i posiada dwa silniki, ma wszystkie aktualne dokumenty \u017ceglugowe do 2026 roku z mo\u017cliwo\u015bci\u0105 ich dalszego przed\u0142u\u017cenia, ca\u0142kowita powierzchnia barki to oko\u0142o 400 mkw.<\/p>\n\n\n\n<p>Lokal gastronomiczny sk\u0142ada si\u0119 z dw\u00f3ch pok\u0142ad\u00f3w. Na pierwszym s\u0105 dwie sale, bar, zaplecze, toalety i kuchnia. Drugi pok\u0142ad s\u0142oneczny zadaszony jest plandek\u0105.<\/p>\n\n\n\n<p>Bark\u0119 mo\u017cna naby\u0107 za po\u015brednictwem jednego z biur nieruchomo\u015bci w Gorzowie. Cena jak\u0105 w\u0142a\u015bciciel chce uzyska\u0107 za Kr\u00f3low\u0105 Jadwig\u0119 to 400 tys. EURO.<\/p>\n\n\n\n<p><strong>Przeczytaj te\u017c:<\/strong><br>&#8211; <a href=\"https:\/\/gorzow.news\/index.php\/2022\/04\/11\/bulwar-wschodni-beda-cztery-lokale-pierwszy-juz-dziala-kiedy-i-jakie-kolejne-zdjecia\/\">Bulwar Wschodni: B\u0119d\u0105 cztery lokale! Pierwszy ju\u017c dzia\u0142a! Kiedy i jakie kolejne? (zdj\u0119cia)<\/a><br>&#8211; <a href=\"https:\/\/gorzow.news\/index.php\/2021\/07\/23\/mija-kolejny-rok-bez-lokali-na-wschodnim-bulwarze-jesienia-jest-szansa-ze-cos-sie-tu-zmieni\/\">Mija kolejny rok bez lokali na wschodnim bulwarze! Jesieni\u0105 jest szansa, \u017ce co\u015b si\u0119 tu zmieni!<\/a><\/p>\n","protected":false},"excerpt":{"rendered":"<p>Barka Kr\u00f3lowa Jadwiga, na kt\u00f3rej od wielu lat funkcjonuje lokal gastronomiczny wpisa\u0142a si\u0119 ju\u017c w krajobraz nabrze\u017ca Warty i wschodniego bulwaru. W ostatnich dniach p\u0142ywaj\u0105cy lokal zosta\u0142 wystawiony na sprzeda\u017c. Nowy w\u0142a\u015bciciel za bark\u0119 Kr\u00f3lowa Jadwiga b\u0119dzie musia\u0142 zap\u0142aci\u0107 400 tys. EURO! Czy barka odp\u0142ynie z Gorzowa? Czas poka\u017ce\u2026<\/p>\n","protected":false},"author":1,"featured_media":7211,"comment_status":"open","ping_status":"open","sticky":false,"template":"","format":"standard","meta":{"footnotes":"","_links_to":"","_links_to_target":""},"categories":[51,589],"tags":[1348,288,144],"class_list":{"0":"post-7210","1":"post","2":"type-post","3":"status-publish","4":"format-standard","5":"has-post-thumbnail","7":"category-biznes","8":"category-wiadomosci","9":"tag-barka-krolowa-jadwiga","10":"tag-bulwar-wschodni","11":"tag-warta"},"yoast_head":"<!-- This site is optimized with the Yoast SEO plugin v27.3 - https:\/\/yoast.com\/product\/yoast-seo-wordpress\/ -->\n<title>Barka od lat cumuj\u0105ca przy wschodnim bulwarze wystawiona na sprzeda\u017c! - Gorz\u00f3w News<\/title>\n<meta name=\"description\" content=\"Barka Kr\u00f3lowa Jadwiga, na kt\u00f3rej od wielu lat funkcjonuje lokal gastronomiczny wpisa\u0142a si\u0119 ju\u017c w krajobraz nabrze\u017ca Warty i wschodniego bulwaru.\" \/>\n<meta name=\"robots\" content=\"index, follow, max-snippet:-1, max-image-preview:large, max-video-preview:-1\" \/>\n<link rel=\"canonical\" href=\"https:\/\/gorzow.news\/index.php\/2022\/05\/11\/barka-od-lat-cumujaca-przy-wschodnim-bulwarze-wystawiona-na-sprzedaz\/\" \/>\n<meta property=\"og:locale\" content=\"pl_PL\" \/>\n<meta property=\"og:type\" content=\"article\" \/>\n<meta property=\"og:title\" content=\"Barka od lat cumuj\u0105ca przy wschodnim bulwarze wystawiona na sprzeda\u017c! - Gorz\u00f3w News\" \/>\n<meta property=\"og:description\" content=\"Barka Kr\u00f3lowa Jadwiga, na kt\u00f3rej od wielu lat funkcjonuje lokal gastronomiczny wpisa\u0142a si\u0119 ju\u017c w krajobraz nabrze\u017ca Warty i wschodniego bulwaru.\" \/>\n<meta property=\"og:url\" content=\"https:\/\/gorzow.news\/index.php\/2022\/05\/11\/barka-od-lat-cumujaca-przy-wschodnim-bulwarze-wystawiona-na-sprzedaz\/\" \/>\n<meta property=\"og:site_name\" content=\"Gorz\u00f3w News\" \/>\n<meta property=\"article:publisher\" content=\"https:\/\/www.facebook.com\/gorzowskinews\" \/>\n<meta property=\"article:published_time\" content=\"2022-05-11T08:31:24+00:00\" \/>\n<meta property=\"article:modified_time\" content=\"2022-06-08T13:00:30+00:00\" \/>\n<meta property=\"og:image\" content=\"https:\/\/gorzow.news\/wp-content\/uploads\/2022\/05\/barka_maj_2018_1920x600.jpg\" \/>\n\t<meta property=\"og:image:width\" content=\"1096\" \/>\n\t<meta property=\"og:image:height\" content=\"548\" \/>\n\t<meta property=\"og:image:type\" content=\"image\/jpeg\" \/>\n<meta name=\"author\" content=\"maciej\" \/>\n<meta name=\"twitter:card\" content=\"summary_large_image\" \/>\n<meta name=\"twitter:label1\" content=\"Napisane przez\" \/>\n\t<meta name=\"twitter:data1\" content=\"maciej\" \/>\n\t<meta name=\"twitter:label2\" content=\"Szacowany czas czytania\" \/>\n\t<meta name=\"twitter:data2\" content=\"2 minuty\" \/>\n<script type=\"application\/ld+json\" class=\"yoast-schema-graph\">{\"@context\":\"https:\\\/\\\/schema.org\",\"@graph\":[{\"@type\":\"Article\",\"@id\":\"https:\\\/\\\/gorzow.news\\\/index.php\\\/2022\\\/05\\\/11\\\/barka-od-lat-cumujaca-przy-wschodnim-bulwarze-wystawiona-na-sprzedaz\\\/#article\",\"isPartOf\":{\"@id\":\"https:\\\/\\\/gorzow.news\\\/index.php\\\/2022\\\/05\\\/11\\\/barka-od-lat-cumujaca-przy-wschodnim-bulwarze-wystawiona-na-sprzedaz\\\/\"},\"author\":{\"name\":\"maciej\",\"@id\":\"https:\\\/\\\/gorzow.news\\\/#\\\/schema\\\/person\\\/a1e5ab43166369f2ce236a1cd90995bb\"},\"headline\":\"Barka od lat cumuj\u0105ca przy wschodnim bulwarze wystawiona na sprzeda\u017c!\",\"datePublished\":\"2022-05-11T08:31:24+00:00\",\"dateModified\":\"2022-06-08T13:00:30+00:00\",\"mainEntityOfPage\":{\"@id\":\"https:\\\/\\\/gorzow.news\\\/index.php\\\/2022\\\/05\\\/11\\\/barka-od-lat-cumujaca-przy-wschodnim-bulwarze-wystawiona-na-sprzedaz\\\/\"},\"wordCount\":245,\"commentCount\":0,\"image\":{\"@id\":\"https:\\\/\\\/gorzow.news\\\/index.php\\\/2022\\\/05\\\/11\\\/barka-od-lat-cumujaca-przy-wschodnim-bulwarze-wystawiona-na-sprzedaz\\\/#primaryimage\"},\"thumbnailUrl\":\"https:\\\/\\\/gorzow.news\\\/wp-content\\\/uploads\\\/2022\\\/05\\\/barka_maj_2018_1920x600.jpg\",\"keywords\":[\"Barka Kr\u00f3lowa Jadwiga\",\"bulwar wschodni\",\"Warta\"],\"articleSection\":[\"Biznes\",\"Wiadomo\u015bci\"],\"inLanguage\":\"pl-PL\",\"potentialAction\":[{\"@type\":\"CommentAction\",\"name\":\"Comment\",\"target\":[\"https:\\\/\\\/gorzow.news\\\/index.php\\\/2022\\\/05\\\/11\\\/barka-od-lat-cumujaca-przy-wschodnim-bulwarze-wystawiona-na-sprzedaz\\\/#respond\"]}]},{\"@type\":\"WebPage\",\"@id\":\"https:\\\/\\\/gorzow.news\\\/index.php\\\/2022\\\/05\\\/11\\\/barka-od-lat-cumujaca-przy-wschodnim-bulwarze-wystawiona-na-sprzedaz\\\/\",\"url\":\"https:\\\/\\\/gorzow.news\\\/index.php\\\/2022\\\/05\\\/11\\\/barka-od-lat-cumujaca-przy-wschodnim-bulwarze-wystawiona-na-sprzedaz\\\/\",\"name\":\"Barka od lat cumuj\u0105ca przy wschodnim bulwarze wystawiona na sprzeda\u017c! - Gorz\u00f3w News\",\"isPartOf\":{\"@id\":\"https:\\\/\\\/gorzow.news\\\/#website\"},\"primaryImageOfPage\":{\"@id\":\"https:\\\/\\\/gorzow.news\\\/index.php\\\/2022\\\/05\\\/11\\\/barka-od-lat-cumujaca-przy-wschodnim-bulwarze-wystawiona-na-sprzedaz\\\/#primaryimage\"},\"image\":{\"@id\":\"https:\\\/\\\/gorzow.news\\\/index.php\\\/2022\\\/05\\\/11\\\/barka-od-lat-cumujaca-przy-wschodnim-bulwarze-wystawiona-na-sprzedaz\\\/#primaryimage\"},\"thumbnailUrl\":\"https:\\\/\\\/gorzow.news\\\/wp-content\\\/uploads\\\/2022\\\/05\\\/barka_maj_2018_1920x600.jpg\",\"datePublished\":\"2022-05-11T08:31:24+00:00\",\"dateModified\":\"2022-06-08T13:00:30+00:00\",\"author\":{\"@id\":\"https:\\\/\\\/gorzow.news\\\/#\\\/schema\\\/person\\\/a1e5ab43166369f2ce236a1cd90995bb\"},\"description\":\"Barka Kr\u00f3lowa Jadwiga, na kt\u00f3rej od wielu lat funkcjonuje lokal gastronomiczny wpisa\u0142a si\u0119 ju\u017c w krajobraz nabrze\u017ca Warty i wschodniego bulwaru. W ostatnich dniach p\u0142ywaj\u0105cy lokal zosta\u0142 wystawiony na sprzeda\u017c. Nowy w\u0142a\u015bciciel za bark\u0119 Kr\u00f3lowa Jadwiga b\u0119dzie musia\u0142 zap\u0142aci\u0107 400 tys. EURO! Czy barka odp\u0142ynie z Gorzowa? Czas poka\u017ce\u2026\",\"breadcrumb\":{\"@id\":\"https:\\\/\\\/gorzow.news\\\/index.php\\\/2022\\\/05\\\/11\\\/barka-od-lat-cumujaca-przy-wschodnim-bulwarze-wystawiona-na-sprzedaz\\\/#breadcrumb\"},\"inLanguage\":\"pl-PL\",\"potentialAction\":[{\"@type\":\"ReadAction\",\"target\":[\"https:\\\/\\\/gorzow.news\\\/index.php\\\/2022\\\/05\\\/11\\\/barka-od-lat-cumujaca-przy-wschodnim-bulwarze-wystawiona-na-sprzedaz\\\/\"]}]},{\"@type\":\"ImageObject\",\"inLanguage\":\"pl-PL\",\"@id\":\"https:\\\/\\\/gorzow.news\\\/index.php\\\/2022\\\/05\\\/11\\\/barka-od-lat-cumujaca-przy-wschodnim-bulwarze-wystawiona-na-sprzedaz\\\/#primaryimage\",\"url\":\"https:\\\/\\\/gorzow.news\\\/wp-content\\\/uploads\\\/2022\\\/05\\\/barka_maj_2018_1920x600.jpg\",\"contentUrl\":\"https:\\\/\\\/gorzow.news\\\/wp-content\\\/uploads\\\/2022\\\/05\\\/barka_maj_2018_1920x600.jpg\",\"width\":1096,\"height\":548},{\"@type\":\"BreadcrumbList\",\"@id\":\"https:\\\/\\\/gorzow.news\\\/index.php\\\/2022\\\/05\\\/11\\\/barka-od-lat-cumujaca-przy-wschodnim-bulwarze-wystawiona-na-sprzedaz\\\/#breadcrumb\",\"itemListElement\":[{\"@type\":\"ListItem\",\"position\":1,\"name\":\"Home\",\"item\":\"https:\\\/\\\/gorzow.news\\\/\"},{\"@type\":\"ListItem\",\"position\":2,\"name\":\"Barka od lat cumuj\u0105ca przy wschodnim bulwarze wystawiona na sprzeda\u017c!\"}]},{\"@type\":\"WebSite\",\"@id\":\"https:\\\/\\\/gorzow.news\\\/#website\",\"url\":\"https:\\\/\\\/gorzow.news\\\/\",\"name\":\"Gorz\u00f3w News\",\"description\":\"Sp\u00f3jrz inaczej na miato i region...\",\"potentialAction\":[{\"@type\":\"SearchAction\",\"target\":{\"@type\":\"EntryPoint\",\"urlTemplate\":\"https:\\\/\\\/gorzow.news\\\/?s={search_term_string}\"},\"query-input\":{\"@type\":\"PropertyValueSpecification\",\"valueRequired\":true,\"valueName\":\"search_term_string\"}}],\"inLanguage\":\"pl-PL\"},{\"@type\":\"Person\",\"@id\":\"https:\\\/\\\/gorzow.news\\\/#\\\/schema\\\/person\\\/a1e5ab43166369f2ce236a1cd90995bb\",\"name\":\"maciej\",\"image\":{\"@type\":\"ImageObject\",\"inLanguage\":\"pl-PL\",\"@id\":\"https:\\\/\\\/secure.gravatar.com\\\/avatar\\\/530a674d56ba60cfa0ef21d74e8e8d123a51bb7aa6580465b5c2ab2c2e980a19?s=96&r=g&d=https:\\\/\\\/gorzow.news\\\/wp-content\\\/plugins\\\/userswp\\\/assets\\\/images\\\/no_profile.png\",\"url\":\"https:\\\/\\\/secure.gravatar.com\\\/avatar\\\/530a674d56ba60cfa0ef21d74e8e8d123a51bb7aa6580465b5c2ab2c2e980a19?s=96&r=g&d=https:\\\/\\\/gorzow.news\\\/wp-content\\\/plugins\\\/userswp\\\/assets\\\/images\\\/no_profile.png\",\"contentUrl\":\"https:\\\/\\\/secure.gravatar.com\\\/avatar\\\/530a674d56ba60cfa0ef21d74e8e8d123a51bb7aa6580465b5c2ab2c2e980a19?s=96&r=g&d=https:\\\/\\\/gorzow.news\\\/wp-content\\\/plugins\\\/userswp\\\/assets\\\/images\\\/no_profile.png\",\"caption\":\"maciej\"},\"url\":\"https:\\\/\\\/gorzow.news\\\/index.php\\\/profile\\\/maciej\\\/\"}]}<\/script>\n<!-- \/ Yoast SEO plugin. -->","yoast_head_json":{"title":"Barka od lat cumuj\u0105ca przy wschodnim bulwarze wystawiona na sprzeda\u017c! - Gorz\u00f3w News","description":"Barka Kr\u00f3lowa Jadwiga, na kt\u00f3rej od wielu lat funkcjonuje lokal gastronomiczny wpisa\u0142a si\u0119 ju\u017c w krajobraz nabrze\u017ca Warty i wschodniego bulwaru.","robots":{"index":"index","follow":"follow","max-snippet":"max-snippet:-1","max-image-preview":"max-image-preview:large","max-video-preview":"max-video-preview:-1"},"canonical":"https:\/\/gorzow.news\/index.php\/2022\/05\/11\/barka-od-lat-cumujaca-przy-wschodnim-bulwarze-wystawiona-na-sprzedaz\/","og_locale":"pl_PL","og_type":"article","og_title":"Barka od lat cumuj\u0105ca przy wschodnim bulwarze wystawiona na sprzeda\u017c! - Gorz\u00f3w News","og_description":"Barka Kr\u00f3lowa Jadwiga, na kt\u00f3rej od wielu lat funkcjonuje lokal gastronomiczny wpisa\u0142a si\u0119 ju\u017c w krajobraz nabrze\u017ca Warty i wschodniego bulwaru.","og_url":"https:\/\/gorzow.news\/index.php\/2022\/05\/11\/barka-od-lat-cumujaca-przy-wschodnim-bulwarze-wystawiona-na-sprzedaz\/","og_site_name":"Gorz\u00f3w News","article_publisher":"https:\/\/www.facebook.com\/gorzowskinews","article_published_time":"2022-05-11T08:31:24+00:00","article_modified_time":"2022-06-08T13:00:30+00:00","og_image":[{"width":1096,"height":548,"url":"https:\/\/gorzow.news\/wp-content\/uploads\/2022\/05\/barka_maj_2018_1920x600.jpg","type":"image\/jpeg"}],"author":"maciej","twitter_card":"summary_large_image","twitter_misc":{"Napisane przez":"maciej","Szacowany czas czytania":"2 minuty"},"schema":{"@context":"https:\/\/schema.org","@graph":[{"@type":"Article","@id":"https:\/\/gorzow.news\/index.php\/2022\/05\/11\/barka-od-lat-cumujaca-przy-wschodnim-bulwarze-wystawiona-na-sprzedaz\/#article","isPartOf":{"@id":"https:\/\/gorzow.news\/index.php\/2022\/05\/11\/barka-od-lat-cumujaca-przy-wschodnim-bulwarze-wystawiona-na-sprzedaz\/"},"author":{"name":"maciej","@id":"https:\/\/gorzow.news\/#\/schema\/person\/a1e5ab43166369f2ce236a1cd90995bb"},"headline":"Barka od lat cumuj\u0105ca przy wschodnim bulwarze wystawiona na sprzeda\u017c!","datePublished":"2022-05-11T08:31:24+00:00","dateModified":"2022-06-08T13:00:30+00:00","mainEntityOfPage":{"@id":"https:\/\/gorzow.news\/index.php\/2022\/05\/11\/barka-od-lat-cumujaca-przy-wschodnim-bulwarze-wystawiona-na-sprzedaz\/"},"wordCount":245,"commentCount":0,"image":{"@id":"https:\/\/gorzow.news\/index.php\/2022\/05\/11\/barka-od-lat-cumujaca-przy-wschodnim-bulwarze-wystawiona-na-sprzedaz\/#primaryimage"},"thumbnailUrl":"https:\/\/gorzow.news\/wp-content\/uploads\/2022\/05\/barka_maj_2018_1920x600.jpg","keywords":["Barka Kr\u00f3lowa Jadwiga","bulwar wschodni","Warta"],"articleSection":["Biznes","Wiadomo\u015bci"],"inLanguage":"pl-PL","potentialAction":[{"@type":"CommentAction","name":"Comment","target":["https:\/\/gorzow.news\/index.php\/2022\/05\/11\/barka-od-lat-cumujaca-przy-wschodnim-bulwarze-wystawiona-na-sprzedaz\/#respond"]}]},{"@type":"WebPage","@id":"https:\/\/gorzow.news\/index.php\/2022\/05\/11\/barka-od-lat-cumujaca-przy-wschodnim-bulwarze-wystawiona-na-sprzedaz\/","url":"https:\/\/gorzow.news\/index.php\/2022\/05\/11\/barka-od-lat-cumujaca-przy-wschodnim-bulwarze-wystawiona-na-sprzedaz\/","name":"Barka od lat cumuj\u0105ca przy wschodnim bulwarze wystawiona na sprzeda\u017c! - Gorz\u00f3w News","isPartOf":{"@id":"https:\/\/gorzow.news\/#website"},"primaryImageOfPage":{"@id":"https:\/\/gorzow.news\/index.php\/2022\/05\/11\/barka-od-lat-cumujaca-przy-wschodnim-bulwarze-wystawiona-na-sprzedaz\/#primaryimage"},"image":{"@id":"https:\/\/gorzow.news\/index.php\/2022\/05\/11\/barka-od-lat-cumujaca-przy-wschodnim-bulwarze-wystawiona-na-sprzedaz\/#primaryimage"},"thumbnailUrl":"https:\/\/gorzow.news\/wp-content\/uploads\/2022\/05\/barka_maj_2018_1920x600.jpg","datePublished":"2022-05-11T08:31:24+00:00","dateModified":"2022-06-08T13:00:30+00:00","author":{"@id":"https:\/\/gorzow.news\/#\/schema\/person\/a1e5ab43166369f2ce236a1cd90995bb"},"description":"Barka Kr\u00f3lowa Jadwiga, na kt\u00f3rej od wielu lat funkcjonuje lokal gastronomiczny wpisa\u0142a si\u0119 ju\u017c w krajobraz nabrze\u017ca Warty i wschodniego bulwaru. W ostatnich dniach p\u0142ywaj\u0105cy lokal zosta\u0142 wystawiony na sprzeda\u017c. Nowy w\u0142a\u015bciciel za bark\u0119 Kr\u00f3lowa Jadwiga b\u0119dzie musia\u0142 zap\u0142aci\u0107 400 tys. EURO! Czy barka odp\u0142ynie z Gorzowa? Czas poka\u017ce\u2026","breadcrumb":{"@id":"https:\/\/gorzow.news\/index.php\/2022\/05\/11\/barka-od-lat-cumujaca-przy-wschodnim-bulwarze-wystawiona-na-sprzedaz\/#breadcrumb"},"inLanguage":"pl-PL","potentialAction":[{"@type":"ReadAction","target":["https:\/\/gorzow.news\/index.php\/2022\/05\/11\/barka-od-lat-cumujaca-przy-wschodnim-bulwarze-wystawiona-na-sprzedaz\/"]}]},{"@type":"ImageObject","inLanguage":"pl-PL","@id":"https:\/\/gorzow.news\/index.php\/2022\/05\/11\/barka-od-lat-cumujaca-przy-wschodnim-bulwarze-wystawiona-na-sprzedaz\/#primaryimage","url":"https:\/\/gorzow.news\/wp-content\/uploads\/2022\/05\/barka_maj_2018_1920x600.jpg","contentUrl":"https:\/\/gorzow.news\/wp-content\/uploads\/2022\/05\/barka_maj_2018_1920x600.jpg","width":1096,"height":548},{"@type":"BreadcrumbList","@id":"https:\/\/gorzow.news\/index.php\/2022\/05\/11\/barka-od-lat-cumujaca-przy-wschodnim-bulwarze-wystawiona-na-sprzedaz\/#breadcrumb","itemListElement":[{"@type":"ListItem","position":1,"name":"Home","item":"https:\/\/gorzow.news\/"},{"@type":"ListItem","position":2,"name":"Barka od lat cumuj\u0105ca przy wschodnim bulwarze wystawiona na sprzeda\u017c!"}]},{"@type":"WebSite","@id":"https:\/\/gorzow.news\/#website","url":"https:\/\/gorzow.news\/","name":"Gorz\u00f3w News","description":"Sp\u00f3jrz inaczej na miato i region...","potentialAction":[{"@type":"SearchAction","target":{"@type":"EntryPoint","urlTemplate":"https:\/\/gorzow.news\/?s={search_term_string}"},"query-input":{"@type":"PropertyValueSpecification","valueRequired":true,"valueName":"search_term_string"}}],"inLanguage":"pl-PL"},{"@type":"Person","@id":"https:\/\/gorzow.news\/#\/schema\/person\/a1e5ab43166369f2ce236a1cd90995bb","name":"maciej","image":{"@type":"ImageObject","inLanguage":"pl-PL","@id":"https:\/\/secure.gravatar.com\/avatar\/530a674d56ba60cfa0ef21d74e8e8d123a51bb7aa6580465b5c2ab2c2e980a19?s=96&r=g&d=https:\/\/gorzow.news\/wp-content\/plugins\/userswp\/assets\/images\/no_profile.png","url":"https:\/\/secure.gravatar.com\/avatar\/530a674d56ba60cfa0ef21d74e8e8d123a51bb7aa6580465b5c2ab2c2e980a19?s=96&r=g&d=https:\/\/gorzow.news\/wp-content\/plugins\/userswp\/assets\/images\/no_profile.png","contentUrl":"https:\/\/secure.gravatar.com\/avatar\/530a674d56ba60cfa0ef21d74e8e8d123a51bb7aa6580465b5c2ab2c2e980a19?s=96&r=g&d=https:\/\/gorzow.news\/wp-content\/plugins\/userswp\/assets\/images\/no_profile.png","caption":"maciej"},"url":"https:\/\/gorzow.news\/index.php\/profile\/maciej\/"}]}},"_links":{"self":[{"href":"https:\/\/gorzow.news\/index.php\/wp-json\/wp\/v2\/posts\/7210","targetHints":{"allow":["GET"]}}],"collection":[{"href":"https:\/\/gorzow.news\/index.php\/wp-json\/wp\/v2\/posts"}],"about":[{"href":"https:\/\/gorzow.news\/index.php\/wp-json\/wp\/v2\/types\/post"}],"author":[{"embeddable":true,"href":"https:\/\/gorzow.news\/index.php\/wp-json\/wp\/v2\/users\/1"}],"replies":[{"embeddable":true,"href":"https:\/\/gorzow.news\/index.php\/wp-json\/wp\/v2\/comments?post=7210"}],"version-history":[{"count":0,"href":"https:\/\/gorzow.news\/index.php\/wp-json\/wp\/v2\/posts\/7210\/revisions"}],"wp:featuredmedia":[{"embeddable":true,"href":"https:\/\/gorzow.news\/index.php\/wp-json\/wp\/v2\/media\/7211"}],"wp:attachment":[{"href":"https:\/\/gorzow.news\/index.php\/wp-json\/wp\/v2\/media?parent=7210"}],"wp:term":[{"taxonomy":"category","embeddable":true,"href":"https:\/\/gorzow.news\/index.php\/wp-json\/wp\/v2\/categories?post=7210"},{"taxonomy":"post_tag","embeddable":true,"href":"https:\/\/gorzow.news\/index.php\/wp-json\/wp\/v2\/tags?post=7210"}],"curies":[{"name":"wp","href":"https:\/\/api.w.org\/{rel}","templated":true}]}}