{"id":7194,"date":"2022-05-09T12:39:55","date_gmt":"2022-05-09T10:39:55","guid":{"rendered":"https:\/\/gorzow.news\/?p=7194"},"modified":"2022-05-09T12:49:35","modified_gmt":"2022-05-09T10:49:35","slug":"koszenia-traw-podobnie-jak-w-ubieglym-roku-ma-byc-mniej","status":"publish","type":"post","link":"https:\/\/gorzow.news\/index.php\/2022\/05\/09\/koszenia-traw-podobnie-jak-w-ubieglym-roku-ma-byc-mniej\/","title":{"rendered":"Koszenia traw podobnie, jak w ubieg\u0142ym roku ma by\u0107 mniej"},"content":{"rendered":"\n<p><strong>Koszenie traw najcz\u0119\u015bciej b\u0119dzie si\u0119 odbywa\u0107 w rejonie plac\u00f3w zabaw, skrzy\u017cowa\u0144, przej\u015b\u0107 dla pieszych, \u015bcie\u017cek rowerowych. Powodem s\u0105 wzgl\u0119dy bezpiecze\u0144stwa.<\/strong><\/p>\n\n\n\n<p>Wydzia\u0142, odpowiedzialny za miejsk\u0105 ziele\u0144, zaplanowa\u0142 w obecnym sezonie wegetacyjnym \u015bredni\u0105 roczn\u0105 ilo\u015b\u0107 zabieg\u00f3w koszenia teren\u00f3w miejskich. Ta \u015brednia to 3-4 razy na terenach p\u0142askich w parkach, skwerach i w pasach przyulicznych oraz 2-3 razy na skarpach.<\/p>\n\n\n\n<p>W zwi\u0105zku z r\u00f3\u017cnorodnym charakterem ro\u015blinno\u015bci oraz ekspozycji i ucz\u0119szczania teren\u00f3w, ilo\u015b\u0107 zabieg\u00f3w koszenia b\u0119dzie modyfikowana. G\u0142\u00f3wne ci\u0105gi komunikacyjne lub ich cz\u0119\u015bci mog\u0105 by\u0107 koszone 5 czy 6 razy, a inne z kolei ograniczane do 2 lub 3 razy.<\/p>\n\n\n\n<figure class=\"wp-block-audio\"><audio controls src=\"https:\/\/gorzow.news\/pliki\/plan_koszenia_traw.mp4\"><\/audio><figcaption>Wies\u0142aw Ciepiela, rzecznik prasowy Urz\u0119du Miasta<\/figcaption><\/figure>\n\n\n\n<p>W pierwszej kolejno\u015bci zaplanowano wykoszenie ci\u0105g\u00f3w komunikacyjnych, po to, by zachowa\u0107 widoczno\u015b\u0107 w rejonach skrzy\u017cowa\u0144, przej\u015b\u0107 dla pieszych, \u015bcie\u017cek rowerowych. Podobnie b\u0119dzie w cz\u0119sto odwiedzanych fragmentach park\u00f3w i skwer\u00f3w miejskich oraz w okolicach plac\u00f3w zabaw. Nast\u0119pnie koszenie b\u0119dzie kontynuowane na pozosta\u0142ych terenach trawiastych tak, by pierwszy cykl koszenia zako\u0144czy\u0107 w pierwszym tygodniu czerwca. Kolejne koszenia b\u0119d\u0105 uruchamiane w miar\u0119 potrzeb w zale\u017cno\u015bci od warunk\u00f3w pogodowych i wzrostu traw. Drugie koszenie planuje si\u0119 wykona\u0107 w czerwcu, trzecie w sezonie wakacyjnym, a czwarte we wrze\u015bniu.<\/p>\n\n\n\n<p>Wyj\u0105tkiem pozostaje rejon centrum miasta, z parkiem Wiosny Lud\u00f3w, gdzie plan koszenia trawnik\u00f3w polega na utrzymaniu trawy nie wy\u017cszej ni\u017c 10 cm. Z kolei, na terenach nad Wart\u0105 zabiegi te maj\u0105 zosta\u0107 wykonane czterokrotnie.<\/p>\n\n\n\n<p>W obr\u0119bie centrum miasta, ze wzgl\u0119du na reprezentacyjny charakter terenu, wydzia\u0142 proponuje zmniejszenie ilo\u015bci kosze\u0144 jedynie miejscowo, na terenach nadwarcia\u0144skich, czyli na b\u0142oniach przy ulicy Fabrycznej, na Wale Okr\u0119\u017cnym, przy ulicy Teatralnej, na skwerze przy ulicy Chodkiewicza. Tutaj koszenia b\u0119d\u0105 ograniczone do 2-3 razy w roku.<\/p>\n","protected":false},"excerpt":{"rendered":"<p>Koszenie traw najcz\u0119\u015bciej b\u0119dzie si\u0119 odbywa\u0107 w rejonie plac\u00f3w zabaw, skrzy\u017cowa\u0144, przej\u015b\u0107 dla pieszych, \u015bcie\u017cek rowerowych. Powodem s\u0105 wzgl\u0119dy bezpiecze\u0144stwa.<\/p>\n","protected":false},"author":1,"featured_media":7196,"comment_status":"open","ping_status":"open","sticky":false,"template":"","format":"standard","meta":{"footnotes":"","_links_to":"","_links_to_target":""},"categories":[597,589],"tags":[1335,718],"class_list":{"0":"post-7194","1":"post","2":"type-post","3":"status-publish","4":"format-standard","5":"has-post-thumbnail","7":"category-fakty-opinie","8":"category-wiadomosci","9":"tag-koszenie-traw","10":"tag-wieslaw-ciepiela"},"yoast_head":"<!-- This site is optimized with the Yoast SEO plugin v27.3 - https:\/\/yoast.com\/product\/yoast-seo-wordpress\/ -->\n<title>Koszenia traw podobnie, jak w ubieg\u0142ym roku ma by\u0107 mniej - Gorz\u00f3w News<\/title>\n<meta name=\"description\" content=\"Koszenie traw najcz\u0119\u015bciej b\u0119dzie si\u0119 odbywa\u0107 w rejonie plac\u00f3w zabaw, skrzy\u017cowa\u0144, przej\u015b\u0107 dla pieszych, \u015bcie\u017cek rowerowych. Powodem s\u0105 wzg\" \/>\n<meta name=\"robots\" content=\"index, follow, max-snippet:-1, max-image-preview:large, max-video-preview:-1\" \/>\n<link rel=\"canonical\" href=\"https:\/\/gorzow.news\/index.php\/2022\/05\/09\/koszenia-traw-podobnie-jak-w-ubieglym-roku-ma-byc-mniej\/\" \/>\n<meta property=\"og:locale\" content=\"pl_PL\" \/>\n<meta property=\"og:type\" content=\"article\" \/>\n<meta property=\"og:title\" content=\"Koszenia traw podobnie, jak w ubieg\u0142ym roku ma by\u0107 mniej - Gorz\u00f3w News\" \/>\n<meta property=\"og:description\" content=\"Koszenie traw najcz\u0119\u015bciej b\u0119dzie si\u0119 odbywa\u0107 w rejonie plac\u00f3w zabaw, skrzy\u017cowa\u0144, przej\u015b\u0107 dla pieszych, \u015bcie\u017cek rowerowych. Powodem s\u0105 wzg\" \/>\n<meta property=\"og:url\" content=\"https:\/\/gorzow.news\/index.php\/2022\/05\/09\/koszenia-traw-podobnie-jak-w-ubieglym-roku-ma-byc-mniej\/\" \/>\n<meta property=\"og:site_name\" content=\"Gorz\u00f3w News\" \/>\n<meta property=\"article:publisher\" content=\"https:\/\/www.facebook.com\/gorzowskinews\" \/>\n<meta property=\"article:published_time\" content=\"2022-05-09T10:39:55+00:00\" \/>\n<meta property=\"article:modified_time\" content=\"2022-05-09T10:49:35+00:00\" \/>\n<meta property=\"og:image\" content=\"https:\/\/gorzow.news\/wp-content\/uploads\/2022\/05\/ZVSGgL2EeXuAZqCVbIN8img_2954-1.jpg\" \/>\n\t<meta property=\"og:image:width\" content=\"2000\" \/>\n\t<meta property=\"og:image:height\" content=\"1000\" \/>\n\t<meta property=\"og:image:type\" content=\"image\/jpeg\" \/>\n<meta name=\"author\" content=\"maciej\" \/>\n<meta name=\"twitter:card\" content=\"summary_large_image\" \/>\n<meta name=\"twitter:label1\" content=\"Napisane przez\" \/>\n\t<meta name=\"twitter:data1\" content=\"maciej\" \/>\n\t<meta name=\"twitter:label2\" content=\"Szacowany czas czytania\" \/>\n\t<meta name=\"twitter:data2\" content=\"2 minuty\" \/>\n<script type=\"application\/ld+json\" class=\"yoast-schema-graph\">{\"@context\":\"https:\\\/\\\/schema.org\",\"@graph\":[{\"@type\":\"Article\",\"@id\":\"https:\\\/\\\/gorzow.news\\\/index.php\\\/2022\\\/05\\\/09\\\/koszenia-traw-podobnie-jak-w-ubieglym-roku-ma-byc-mniej\\\/#article\",\"isPartOf\":{\"@id\":\"https:\\\/\\\/gorzow.news\\\/index.php\\\/2022\\\/05\\\/09\\\/koszenia-traw-podobnie-jak-w-ubieglym-roku-ma-byc-mniej\\\/\"},\"author\":{\"name\":\"maciej\",\"@id\":\"https:\\\/\\\/gorzow.news\\\/#\\\/schema\\\/person\\\/a1e5ab43166369f2ce236a1cd90995bb\"},\"headline\":\"Koszenia traw podobnie, jak w ubieg\u0142ym roku ma by\u0107 mniej\",\"datePublished\":\"2022-05-09T10:39:55+00:00\",\"dateModified\":\"2022-05-09T10:49:35+00:00\",\"mainEntityOfPage\":{\"@id\":\"https:\\\/\\\/gorzow.news\\\/index.php\\\/2022\\\/05\\\/09\\\/koszenia-traw-podobnie-jak-w-ubieglym-roku-ma-byc-mniej\\\/\"},\"wordCount\":324,\"commentCount\":0,\"image\":{\"@id\":\"https:\\\/\\\/gorzow.news\\\/index.php\\\/2022\\\/05\\\/09\\\/koszenia-traw-podobnie-jak-w-ubieglym-roku-ma-byc-mniej\\\/#primaryimage\"},\"thumbnailUrl\":\"https:\\\/\\\/gorzow.news\\\/wp-content\\\/uploads\\\/2022\\\/05\\\/ZVSGgL2EeXuAZqCVbIN8img_2954-1.jpg\",\"keywords\":[\"koszenie traw\",\"Wies\u0142aw Ciepiela\"],\"articleSection\":[\"Fakty i opinie\",\"Wiadomo\u015bci\"],\"inLanguage\":\"pl-PL\",\"potentialAction\":[{\"@type\":\"CommentAction\",\"name\":\"Comment\",\"target\":[\"https:\\\/\\\/gorzow.news\\\/index.php\\\/2022\\\/05\\\/09\\\/koszenia-traw-podobnie-jak-w-ubieglym-roku-ma-byc-mniej\\\/#respond\"]}]},{\"@type\":\"WebPage\",\"@id\":\"https:\\\/\\\/gorzow.news\\\/index.php\\\/2022\\\/05\\\/09\\\/koszenia-traw-podobnie-jak-w-ubieglym-roku-ma-byc-mniej\\\/\",\"url\":\"https:\\\/\\\/gorzow.news\\\/index.php\\\/2022\\\/05\\\/09\\\/koszenia-traw-podobnie-jak-w-ubieglym-roku-ma-byc-mniej\\\/\",\"name\":\"Koszenia traw podobnie, jak w ubieg\u0142ym roku ma by\u0107 mniej - Gorz\u00f3w News\",\"isPartOf\":{\"@id\":\"https:\\\/\\\/gorzow.news\\\/#website\"},\"primaryImageOfPage\":{\"@id\":\"https:\\\/\\\/gorzow.news\\\/index.php\\\/2022\\\/05\\\/09\\\/koszenia-traw-podobnie-jak-w-ubieglym-roku-ma-byc-mniej\\\/#primaryimage\"},\"image\":{\"@id\":\"https:\\\/\\\/gorzow.news\\\/index.php\\\/2022\\\/05\\\/09\\\/koszenia-traw-podobnie-jak-w-ubieglym-roku-ma-byc-mniej\\\/#primaryimage\"},\"thumbnailUrl\":\"https:\\\/\\\/gorzow.news\\\/wp-content\\\/uploads\\\/2022\\\/05\\\/ZVSGgL2EeXuAZqCVbIN8img_2954-1.jpg\",\"datePublished\":\"2022-05-09T10:39:55+00:00\",\"dateModified\":\"2022-05-09T10:49:35+00:00\",\"author\":{\"@id\":\"https:\\\/\\\/gorzow.news\\\/#\\\/schema\\\/person\\\/a1e5ab43166369f2ce236a1cd90995bb\"},\"description\":\"Koszenie traw najcz\u0119\u015bciej b\u0119dzie si\u0119 odbywa\u0107 w rejonie plac\u00f3w zabaw, skrzy\u017cowa\u0144, przej\u015b\u0107 dla pieszych, \u015bcie\u017cek rowerowych. Powodem s\u0105 wzgl\u0119dy bezpiecze\u0144stwa.\",\"breadcrumb\":{\"@id\":\"https:\\\/\\\/gorzow.news\\\/index.php\\\/2022\\\/05\\\/09\\\/koszenia-traw-podobnie-jak-w-ubieglym-roku-ma-byc-mniej\\\/#breadcrumb\"},\"inLanguage\":\"pl-PL\",\"potentialAction\":[{\"@type\":\"ReadAction\",\"target\":[\"https:\\\/\\\/gorzow.news\\\/index.php\\\/2022\\\/05\\\/09\\\/koszenia-traw-podobnie-jak-w-ubieglym-roku-ma-byc-mniej\\\/\"]}]},{\"@type\":\"ImageObject\",\"inLanguage\":\"pl-PL\",\"@id\":\"https:\\\/\\\/gorzow.news\\\/index.php\\\/2022\\\/05\\\/09\\\/koszenia-traw-podobnie-jak-w-ubieglym-roku-ma-byc-mniej\\\/#primaryimage\",\"url\":\"https:\\\/\\\/gorzow.news\\\/wp-content\\\/uploads\\\/2022\\\/05\\\/ZVSGgL2EeXuAZqCVbIN8img_2954-1.jpg\",\"contentUrl\":\"https:\\\/\\\/gorzow.news\\\/wp-content\\\/uploads\\\/2022\\\/05\\\/ZVSGgL2EeXuAZqCVbIN8img_2954-1.jpg\",\"width\":2000,\"height\":1000},{\"@type\":\"BreadcrumbList\",\"@id\":\"https:\\\/\\\/gorzow.news\\\/index.php\\\/2022\\\/05\\\/09\\\/koszenia-traw-podobnie-jak-w-ubieglym-roku-ma-byc-mniej\\\/#breadcrumb\",\"itemListElement\":[{\"@type\":\"ListItem\",\"position\":1,\"name\":\"Home\",\"item\":\"https:\\\/\\\/gorzow.news\\\/\"},{\"@type\":\"ListItem\",\"position\":2,\"name\":\"Koszenia traw podobnie, jak w ubieg\u0142ym roku ma by\u0107 mniej\"}]},{\"@type\":\"WebSite\",\"@id\":\"https:\\\/\\\/gorzow.news\\\/#website\",\"url\":\"https:\\\/\\\/gorzow.news\\\/\",\"name\":\"Gorz\u00f3w News\",\"description\":\"Sp\u00f3jrz inaczej na miato i region...\",\"potentialAction\":[{\"@type\":\"SearchAction\",\"target\":{\"@type\":\"EntryPoint\",\"urlTemplate\":\"https:\\\/\\\/gorzow.news\\\/?s={search_term_string}\"},\"query-input\":{\"@type\":\"PropertyValueSpecification\",\"valueRequired\":true,\"valueName\":\"search_term_string\"}}],\"inLanguage\":\"pl-PL\"},{\"@type\":\"Person\",\"@id\":\"https:\\\/\\\/gorzow.news\\\/#\\\/schema\\\/person\\\/a1e5ab43166369f2ce236a1cd90995bb\",\"name\":\"maciej\",\"image\":{\"@type\":\"ImageObject\",\"inLanguage\":\"pl-PL\",\"@id\":\"https:\\\/\\\/secure.gravatar.com\\\/avatar\\\/530a674d56ba60cfa0ef21d74e8e8d123a51bb7aa6580465b5c2ab2c2e980a19?s=96&r=g&d=https:\\\/\\\/gorzow.news\\\/wp-content\\\/plugins\\\/userswp\\\/assets\\\/images\\\/no_profile.png\",\"url\":\"https:\\\/\\\/secure.gravatar.com\\\/avatar\\\/530a674d56ba60cfa0ef21d74e8e8d123a51bb7aa6580465b5c2ab2c2e980a19?s=96&r=g&d=https:\\\/\\\/gorzow.news\\\/wp-content\\\/plugins\\\/userswp\\\/assets\\\/images\\\/no_profile.png\",\"contentUrl\":\"https:\\\/\\\/secure.gravatar.com\\\/avatar\\\/530a674d56ba60cfa0ef21d74e8e8d123a51bb7aa6580465b5c2ab2c2e980a19?s=96&r=g&d=https:\\\/\\\/gorzow.news\\\/wp-content\\\/plugins\\\/userswp\\\/assets\\\/images\\\/no_profile.png\",\"caption\":\"maciej\"},\"url\":\"https:\\\/\\\/gorzow.news\\\/index.php\\\/profile\\\/maciej\\\/\"}]}<\/script>\n<!-- \/ Yoast SEO plugin. -->","yoast_head_json":{"title":"Koszenia traw podobnie, jak w ubieg\u0142ym roku ma by\u0107 mniej - Gorz\u00f3w News","description":"Koszenie traw najcz\u0119\u015bciej b\u0119dzie si\u0119 odbywa\u0107 w rejonie plac\u00f3w zabaw, skrzy\u017cowa\u0144, przej\u015b\u0107 dla pieszych, \u015bcie\u017cek rowerowych. Powodem s\u0105 wzg","robots":{"index":"index","follow":"follow","max-snippet":"max-snippet:-1","max-image-preview":"max-image-preview:large","max-video-preview":"max-video-preview:-1"},"canonical":"https:\/\/gorzow.news\/index.php\/2022\/05\/09\/koszenia-traw-podobnie-jak-w-ubieglym-roku-ma-byc-mniej\/","og_locale":"pl_PL","og_type":"article","og_title":"Koszenia traw podobnie, jak w ubieg\u0142ym roku ma by\u0107 mniej - Gorz\u00f3w News","og_description":"Koszenie traw najcz\u0119\u015bciej b\u0119dzie si\u0119 odbywa\u0107 w rejonie plac\u00f3w zabaw, skrzy\u017cowa\u0144, przej\u015b\u0107 dla pieszych, \u015bcie\u017cek rowerowych. Powodem s\u0105 wzg","og_url":"https:\/\/gorzow.news\/index.php\/2022\/05\/09\/koszenia-traw-podobnie-jak-w-ubieglym-roku-ma-byc-mniej\/","og_site_name":"Gorz\u00f3w News","article_publisher":"https:\/\/www.facebook.com\/gorzowskinews","article_published_time":"2022-05-09T10:39:55+00:00","article_modified_time":"2022-05-09T10:49:35+00:00","og_image":[{"width":2000,"height":1000,"url":"https:\/\/gorzow.news\/wp-content\/uploads\/2022\/05\/ZVSGgL2EeXuAZqCVbIN8img_2954-1.jpg","type":"image\/jpeg"}],"author":"maciej","twitter_card":"summary_large_image","twitter_misc":{"Napisane przez":"maciej","Szacowany czas czytania":"2 minuty"},"schema":{"@context":"https:\/\/schema.org","@graph":[{"@type":"Article","@id":"https:\/\/gorzow.news\/index.php\/2022\/05\/09\/koszenia-traw-podobnie-jak-w-ubieglym-roku-ma-byc-mniej\/#article","isPartOf":{"@id":"https:\/\/gorzow.news\/index.php\/2022\/05\/09\/koszenia-traw-podobnie-jak-w-ubieglym-roku-ma-byc-mniej\/"},"author":{"name":"maciej","@id":"https:\/\/gorzow.news\/#\/schema\/person\/a1e5ab43166369f2ce236a1cd90995bb"},"headline":"Koszenia traw podobnie, jak w ubieg\u0142ym roku ma by\u0107 mniej","datePublished":"2022-05-09T10:39:55+00:00","dateModified":"2022-05-09T10:49:35+00:00","mainEntityOfPage":{"@id":"https:\/\/gorzow.news\/index.php\/2022\/05\/09\/koszenia-traw-podobnie-jak-w-ubieglym-roku-ma-byc-mniej\/"},"wordCount":324,"commentCount":0,"image":{"@id":"https:\/\/gorzow.news\/index.php\/2022\/05\/09\/koszenia-traw-podobnie-jak-w-ubieglym-roku-ma-byc-mniej\/#primaryimage"},"thumbnailUrl":"https:\/\/gorzow.news\/wp-content\/uploads\/2022\/05\/ZVSGgL2EeXuAZqCVbIN8img_2954-1.jpg","keywords":["koszenie traw","Wies\u0142aw Ciepiela"],"articleSection":["Fakty i opinie","Wiadomo\u015bci"],"inLanguage":"pl-PL","potentialAction":[{"@type":"CommentAction","name":"Comment","target":["https:\/\/gorzow.news\/index.php\/2022\/05\/09\/koszenia-traw-podobnie-jak-w-ubieglym-roku-ma-byc-mniej\/#respond"]}]},{"@type":"WebPage","@id":"https:\/\/gorzow.news\/index.php\/2022\/05\/09\/koszenia-traw-podobnie-jak-w-ubieglym-roku-ma-byc-mniej\/","url":"https:\/\/gorzow.news\/index.php\/2022\/05\/09\/koszenia-traw-podobnie-jak-w-ubieglym-roku-ma-byc-mniej\/","name":"Koszenia traw podobnie, jak w ubieg\u0142ym roku ma by\u0107 mniej - Gorz\u00f3w News","isPartOf":{"@id":"https:\/\/gorzow.news\/#website"},"primaryImageOfPage":{"@id":"https:\/\/gorzow.news\/index.php\/2022\/05\/09\/koszenia-traw-podobnie-jak-w-ubieglym-roku-ma-byc-mniej\/#primaryimage"},"image":{"@id":"https:\/\/gorzow.news\/index.php\/2022\/05\/09\/koszenia-traw-podobnie-jak-w-ubieglym-roku-ma-byc-mniej\/#primaryimage"},"thumbnailUrl":"https:\/\/gorzow.news\/wp-content\/uploads\/2022\/05\/ZVSGgL2EeXuAZqCVbIN8img_2954-1.jpg","datePublished":"2022-05-09T10:39:55+00:00","dateModified":"2022-05-09T10:49:35+00:00","author":{"@id":"https:\/\/gorzow.news\/#\/schema\/person\/a1e5ab43166369f2ce236a1cd90995bb"},"description":"Koszenie traw najcz\u0119\u015bciej b\u0119dzie si\u0119 odbywa\u0107 w rejonie plac\u00f3w zabaw, skrzy\u017cowa\u0144, przej\u015b\u0107 dla pieszych, \u015bcie\u017cek rowerowych. Powodem s\u0105 wzgl\u0119dy bezpiecze\u0144stwa.","breadcrumb":{"@id":"https:\/\/gorzow.news\/index.php\/2022\/05\/09\/koszenia-traw-podobnie-jak-w-ubieglym-roku-ma-byc-mniej\/#breadcrumb"},"inLanguage":"pl-PL","potentialAction":[{"@type":"ReadAction","target":["https:\/\/gorzow.news\/index.php\/2022\/05\/09\/koszenia-traw-podobnie-jak-w-ubieglym-roku-ma-byc-mniej\/"]}]},{"@type":"ImageObject","inLanguage":"pl-PL","@id":"https:\/\/gorzow.news\/index.php\/2022\/05\/09\/koszenia-traw-podobnie-jak-w-ubieglym-roku-ma-byc-mniej\/#primaryimage","url":"https:\/\/gorzow.news\/wp-content\/uploads\/2022\/05\/ZVSGgL2EeXuAZqCVbIN8img_2954-1.jpg","contentUrl":"https:\/\/gorzow.news\/wp-content\/uploads\/2022\/05\/ZVSGgL2EeXuAZqCVbIN8img_2954-1.jpg","width":2000,"height":1000},{"@type":"BreadcrumbList","@id":"https:\/\/gorzow.news\/index.php\/2022\/05\/09\/koszenia-traw-podobnie-jak-w-ubieglym-roku-ma-byc-mniej\/#breadcrumb","itemListElement":[{"@type":"ListItem","position":1,"name":"Home","item":"https:\/\/gorzow.news\/"},{"@type":"ListItem","position":2,"name":"Koszenia traw podobnie, jak w ubieg\u0142ym roku ma by\u0107 mniej"}]},{"@type":"WebSite","@id":"https:\/\/gorzow.news\/#website","url":"https:\/\/gorzow.news\/","name":"Gorz\u00f3w News","description":"Sp\u00f3jrz inaczej na miato i region...","potentialAction":[{"@type":"SearchAction","target":{"@type":"EntryPoint","urlTemplate":"https:\/\/gorzow.news\/?s={search_term_string}"},"query-input":{"@type":"PropertyValueSpecification","valueRequired":true,"valueName":"search_term_string"}}],"inLanguage":"pl-PL"},{"@type":"Person","@id":"https:\/\/gorzow.news\/#\/schema\/person\/a1e5ab43166369f2ce236a1cd90995bb","name":"maciej","image":{"@type":"ImageObject","inLanguage":"pl-PL","@id":"https:\/\/secure.gravatar.com\/avatar\/530a674d56ba60cfa0ef21d74e8e8d123a51bb7aa6580465b5c2ab2c2e980a19?s=96&r=g&d=https:\/\/gorzow.news\/wp-content\/plugins\/userswp\/assets\/images\/no_profile.png","url":"https:\/\/secure.gravatar.com\/avatar\/530a674d56ba60cfa0ef21d74e8e8d123a51bb7aa6580465b5c2ab2c2e980a19?s=96&r=g&d=https:\/\/gorzow.news\/wp-content\/plugins\/userswp\/assets\/images\/no_profile.png","contentUrl":"https:\/\/secure.gravatar.com\/avatar\/530a674d56ba60cfa0ef21d74e8e8d123a51bb7aa6580465b5c2ab2c2e980a19?s=96&r=g&d=https:\/\/gorzow.news\/wp-content\/plugins\/userswp\/assets\/images\/no_profile.png","caption":"maciej"},"url":"https:\/\/gorzow.news\/index.php\/profile\/maciej\/"}]}},"_links":{"self":[{"href":"https:\/\/gorzow.news\/index.php\/wp-json\/wp\/v2\/posts\/7194","targetHints":{"allow":["GET"]}}],"collection":[{"href":"https:\/\/gorzow.news\/index.php\/wp-json\/wp\/v2\/posts"}],"about":[{"href":"https:\/\/gorzow.news\/index.php\/wp-json\/wp\/v2\/types\/post"}],"author":[{"embeddable":true,"href":"https:\/\/gorzow.news\/index.php\/wp-json\/wp\/v2\/users\/1"}],"replies":[{"embeddable":true,"href":"https:\/\/gorzow.news\/index.php\/wp-json\/wp\/v2\/comments?post=7194"}],"version-history":[{"count":0,"href":"https:\/\/gorzow.news\/index.php\/wp-json\/wp\/v2\/posts\/7194\/revisions"}],"wp:featuredmedia":[{"embeddable":true,"href":"https:\/\/gorzow.news\/index.php\/wp-json\/wp\/v2\/media\/7196"}],"wp:attachment":[{"href":"https:\/\/gorzow.news\/index.php\/wp-json\/wp\/v2\/media?parent=7194"}],"wp:term":[{"taxonomy":"category","embeddable":true,"href":"https:\/\/gorzow.news\/index.php\/wp-json\/wp\/v2\/categories?post=7194"},{"taxonomy":"post_tag","embeddable":true,"href":"https:\/\/gorzow.news\/index.php\/wp-json\/wp\/v2\/tags?post=7194"}],"curies":[{"name":"wp","href":"https:\/\/api.w.org\/{rel}","templated":true}]}}