{"id":6957,"date":"2022-04-21T09:11:55","date_gmt":"2022-04-21T07:11:55","guid":{"rendered":"https:\/\/gorzow.news\/?p=6957"},"modified":"2022-04-21T09:11:57","modified_gmt":"2022-04-21T07:11:57","slug":"prezydent-chce-zawiesic-budzet-obywatelski-powiedzmy-nie","status":"publish","type":"post","link":"https:\/\/gorzow.news\/index.php\/2022\/04\/21\/prezydent-chce-zawiesic-budzet-obywatelski-powiedzmy-nie\/","title":{"rendered":"Prezydent chce zawiesi\u0107 Bud\u017cet Obywatelski! Powiedzmy NIE!"},"content":{"rendered":"\n<p><strong>W \u015brod\u0119, 27 kwietnia podczas sesji Rady Miasta, radni zdecyduj\u0105 o losie Bud\u017cetu Obywatelskiego w najbli\u017cszych latach! Prezydent Jacek W\u00f3jcicki chce zawiesi\u0107 wykonywanie projekt\u00f3w ze \u015brodk\u00f3w Bud\u017cetu Obywatelskiego 2022, kt\u00f3rych realizacja jeszcze si\u0119 nie rozpocz\u0119\u0142a, a tak\u017ce nie przeprowadza\u0107 konsultacji spo\u0142ecznych w zakresie projekt\u00f3w przewidzianych do realizacji w 2023 roku! Taka decyzja podyktowana ma by\u0107 wojn\u0105 w Ukrainie i pomoc\u0105, jak\u0105 miasto musi udzieli\u0107 uchod\u017acom. Wielu mieszka\u0144c\u00f3w Gorzowa nie rozumie jednak takiej decyzji i \u017c\u0105da od radnych g\u0142osowania przeciw uchwale! Redakcja GORZ\u00d3W.NEWS r\u00f3wnie\u017c uwa\u017ca uchwa\u0142\u0119 za skandaliczn\u0105!<\/strong><\/p>\n\n\n\n<p>Operacja zbrojna za nasz\u0105 wschodni\u0105 granic\u0105 oraz trafiaj\u0105cy do Polski obywatele Ukrainy stanowi\u0105 ogromne wyzwanie dla samorz\u0105d\u00f3w, tym bardziej, \u017ce Polski \u0141ad doprowadzi\u0142 do uszczuplenia ich bud\u017cet\u00f3w. Z tym si\u0119 zgadzamy. Jednak nie rozumiemy korzystania z mo\u017cliwo\u015bci, jak\u0105 da\u0142 w marcu Sejm przyjmuj\u0105c senack\u0105 poprawk\u0119, zgodnie z kt\u00f3r\u0105 miasta na prawach powiatu mog\u0105 zawiesi\u0107 bud\u017cet obywatelski na lata 2023-2024.<\/p>\n\n\n\n<p>Pomys\u0142 zasadza si\u0119 na idei, wedle kt\u00f3rej samorz\u0105dy, kt\u00f3re i tak op\u0142acaj\u0105 pomoc dla uchod\u017ac\u00f3w z Ukrainy z w\u0142asnych bud\u017cet\u00f3w, mog\u0142yby si\u0119gn\u0105\u0107 do pieni\u0119dzy zarezerwowanych na bud\u017cety obywatelskie, kt\u00f3re jak dot\u0105d by\u0142y obligatoryjne.<\/p>\n\n\n\n<p>Ten skandaliczny pomys\u0142, kt\u00f3ry bardzo szybko pod\u0142apa\u0142 prezydent Jacek W\u00f3jcicki! Ten pomys\u0142 jest jak policzek wymierzony w tysi\u0105ce gorzowian najbardziej zaanga\u017cowanych w to, \u017ceby \u017cy\u0142o nam si\u0119 w Gorzowie lepiej, wygodniej i bezpieczniej. To w\u0142a\u015bnie Ci mieszka\u0144cy dbali przez ostatnie lata, aby w mie\u015bcie ros\u0142o wi\u0119cej drzew, przybywa\u0142o nowych \u015bcie\u017cek rowerowych, plac\u00f3w zabaw czy miejsc rekreacji na wolnym powietrzu. Ludzie Ci po\u015bwi\u0119caj\u0105 co roku prywatny czas na przygotowanie projekt\u00f3w, obliczenia i zbieranie podpis\u00f3w.<\/p>\n\n\n\n<p>Gorzowscy radni nie jeden raz godzili si\u0119 na lekkomy\u015blne wydawanie \u015brodk\u00f3w, czy to z bud\u017cetu miasta, czy to z zaci\u0105gni\u0119tych przez miasto po\u017cyczek. Ostatnio zag\u0142osowali za przekazaniem 1,3 mln z\u0142 Stali Gorz\u00f3w na organizacj\u0119 Grad Prix na \u017cu\u017clu.<\/p>\n\n\n\n<p>Nie dowierzamy, \u017ce na \u015brodowej sesji Rady Miasta &#8211; radni mog\u0105 zag\u0142osowa\u0107 za uchwa\u0142\u0105, kt\u00f3ra ograbi mieszka\u0144c\u00f3w z ich obywatelskiego bud\u017cetu. Uchod\u017acom trzeba pomaga\u0107! Trzeba, to jednak robi\u0107 z g\u0142ow\u0105. Nie mo\u017cna i\u015b\u0107 na tak\u0105 \u0142atwizn\u0119, jak\u0105 proponuje prezydent W\u00f3jcicki! Nie wolno w taki spos\u00f3b zabiera\u0107 mieszka\u0144com mo\u017cliwo\u015bci bezpo\u015bredniego decydowania o wydatkowaniu i tak stosunkowo ma\u0142ej cz\u0119\u015bci bud\u017cetu miasta!<\/p>\n\n\n\n<p>O zgrozo warto przypomnie\u0107, \u017ce w listopadzie 2021 roku radni podnie\u015bli wynagrodzenie prezydenta W\u00f3jcickiego. Nie zapomnieli r\u00f3wnie\u017c o w\u0142asnym wynagrodzeniu, kt\u00f3re podnie\u015bli sobie o\u2026 90 procent!<\/p>\n\n\n\n<p>W momencie, gdy przychodzi szuka\u0107 \u015brodk\u00f3w na pomoc uchod\u017acom prezydent szybko idzie po bandzie i si\u0119ga po \u015brodki, o kt\u00f3rych decydowa\u0107 maj\u0105 wszyscy gorzowianie\u2026 Oby w jego \u015blady nie poszli radni\u2026<\/p>\n\n\n\n<p><strong>Ile wynosi Bud\u017cet Obywatelski na 2023 rok?<\/strong><\/p>\n\n\n\n<p>\u0141\u0105czna kwota przeznaczona na Bud\u017cet Obywatelski 2023 wynosi 7.366.011 z\u0142, w tym 6.630.000 z\u0142 na realizacj\u0119 zada\u0144, 721.291 z\u0142 na rezerw\u0119 przeznaczon\u0105 na r\u00f3\u017cnice poprzetargowe oraz 14.720 z\u0142 na dzia\u0142ania promocyjne.<\/p>\n\n\n\n<p><strong>Jak sprawa Bud\u017cetu Obywatelskiego wygl\u0105da w innych miastach?<\/strong><\/p>\n\n\n\n<p>&#8211; Nie przewiduj\u0119 takiej mo\u017cliwo\u015bci u nas. Jest to instrument s\u0142u\u017c\u0105cy mieszka\u0144com miasta. Sytuacja jest trudna, obci\u0105\u017cenia finansowe samorz\u0105du wzrastaj\u0105. Mimo tego, absolutnie nie chc\u0119 wycofa\u0107 z realizacji bud\u017cetu obywatelskiego w nast\u0119pnym roku &#8211; m\u00f3wi prezydent W\u0142oc\u0142awka <strong>Marek Wojtkowski<\/strong>.<\/p>\n\n\n\n<p>&#8211; Realizacja wniosk\u00f3w z poprzedniej edycji nie jest zagro\u017cona. Prowadzimy r\u00f3wnie\u017c bez zak\u0142\u00f3ce\u0144 tegoroczn\u0105 edycj\u0119 &#8211; m\u00f3wi rzecznik prezydenta Gliwic.<\/p>\n\n\n\n<p>&#8211; Nie wiem jak b\u0119dzie w \u0141odzi, ale nie wyobra\u017cam sobie aby\u015bmy w takim momencie powinni rezygnowa\u0107 z Bud\u017cetu Obywatelskiego &#8211; ocenia radny <strong>Damian Raczkowski<\/strong> (KO), przewodnicz\u0105cy Komisji Bud\u017cetu Obywatelskiego Rady Miejskiej \u0141odzi.<\/p>\n\n\n\n<p>B\u0119dziemy w \u015brod\u0119, 27 kwietnia uwa\u017cnie przygl\u0105dali si\u0119 Sesji Rady Miasta. Sprawdzimy, jak radni, kt\u00f3rych wybrali\u015bmy i kt\u00f3rzy reprezentuj\u0105 nas w Radzie Miasta zag\u0142osuj\u0105. Czy odwa\u017c\u0105 si\u0119 wstrzyma\u0107 Bud\u017cet Obywatelski w najbli\u017cszych latach? Oby NIE!<\/p>\n\n\n\n<p><strong>Przeczytaj te\u017c:<\/strong><br>&#8211; <a href=\"https:\/\/gorzow.news\/index.php\/2022\/01\/19\/budzet-obywatelski-2023-nie-wiesz-jak-napisac-wniosek\/\">Bud\u017cet Obywatelski 2023: Nie wiesz jak napisa\u0107 wniosek?<\/a><br>&#8211; <a href=\"https:\/\/gorzow.news\/index.php\/2022\/01\/11\/budzet-obywatelski-2023-ruszyl-nabor-wnioskow\/\">Bud\u017cet Obywatelski 2023: Ruszy\u0142 nab\u00f3r wniosk\u00f3w!<\/a><br>&#8211; <a href=\"https:\/\/gorzow.news\/index.php\/2021\/09\/29\/budzet-obywatelski-na-2022-rok-przyznany-fani-motoryzacji-rowerow-i-rolek-wygrywaja\/\">Bud\u017cet Obywatelski na 2022 rok przyznany! Fani motoryzacji, rower\u00f3w i rolek wygrywaj\u0105!<\/a><br>&#8211; <a href=\"https:\/\/gorzow.news\/index.php\/2021\/09\/08\/ruszylo-glosowanie-w-ramach-budzetu-obywatelskiego-2022\/\">Ruszy\u0142o g\u0142osowanie w ramach Bud\u017cetu Obywatelskiego 2022!<\/a><\/p>\n","protected":false},"excerpt":{"rendered":"<p>W \u015brod\u0119, 27 kwietnia podczas sesji Rady Miasta, radni zdecyduj\u0105 o losie Bud\u017cetu Obywatelskiego w najbli\u017cszych latach! Prezydent Jacek W\u00f3jcicki chce zawiesi\u0107 wykonywanie projekt\u00f3w ze \u015brodk\u00f3w Bud\u017cetu Obywatelskiego 2022, kt\u00f3rych realizacja jeszcze si\u0119 nie rozpocz\u0119\u0142a, a tak\u017ce nie przeprowadza\u0107 konsultacji spo\u0142ecznych w zakresie projekt\u00f3w przewidzianych do realizacji w 2023 roku! Taka decyzja podyktowana ma by\u0107 wojn\u0105 w Ukrainie i pomoc\u0105, jak\u0105 miasto musi udzieli\u0107 uchod\u017acom. Wielu mieszka\u0144c\u00f3w Gorzowa nie rozumie jednak takiej decyzji i \u017c\u0105da od radnych g\u0142osowania przeciw uchwale! Redakcja GORZ\u00d3W.NEWS r\u00f3wnie\u017c uwa\u017ca uchwa\u0142\u0119 za skandaliczn\u0105!<\/p>\n","protected":false},"author":1,"featured_media":6958,"comment_status":"open","ping_status":"open","sticky":false,"template":"","format":"standard","meta":{"footnotes":"","_links_to":"","_links_to_target":""},"categories":[597,589],"tags":[347,1258,1260,606,1261,1259,510,1173],"class_list":{"0":"post-6957","1":"post","2":"type-post","3":"status-publish","4":"format-standard","5":"has-post-thumbnail","7":"category-fakty-opinie","8":"category-wiadomosci","9":"tag-budzet-obywatelski","10":"tag-damian-raczkowski","11":"tag-gliwice","12":"tag-jacek-wojcicki","13":"tag-lodz","14":"tag-marek-wojtkowski","15":"tag-rada-miasta","16":"tag-wloclawek"},"yoast_head":"<!-- This site is optimized with the Yoast SEO plugin v27.3 - https:\/\/yoast.com\/product\/yoast-seo-wordpress\/ -->\n<title>Prezydent chce zawiesi\u0107 Bud\u017cet Obywatelski! Powiedzmy NIE! - Gorz\u00f3w News<\/title>\n<meta name=\"description\" content=\"W \u015brod\u0119, 27 kwietnia podczas sesji Rady Miasta, radni zdecyduj\u0105 o losie Bud\u017cetu Obywatelskiego w najbli\u017cszych latach! Prezydent Jacek W\u00f3jcicki c\" \/>\n<meta name=\"robots\" content=\"index, follow, max-snippet:-1, max-image-preview:large, max-video-preview:-1\" \/>\n<link rel=\"canonical\" href=\"https:\/\/gorzow.news\/index.php\/2022\/04\/21\/prezydent-chce-zawiesic-budzet-obywatelski-powiedzmy-nie\/\" \/>\n<meta property=\"og:locale\" content=\"pl_PL\" \/>\n<meta property=\"og:type\" content=\"article\" \/>\n<meta property=\"og:title\" content=\"Prezydent chce zawiesi\u0107 Bud\u017cet Obywatelski! Powiedzmy NIE! - Gorz\u00f3w News\" \/>\n<meta property=\"og:description\" content=\"W \u015brod\u0119, 27 kwietnia podczas sesji Rady Miasta, radni zdecyduj\u0105 o losie Bud\u017cetu Obywatelskiego w najbli\u017cszych latach! Prezydent Jacek W\u00f3jcicki c\" \/>\n<meta property=\"og:url\" content=\"https:\/\/gorzow.news\/index.php\/2022\/04\/21\/prezydent-chce-zawiesic-budzet-obywatelski-powiedzmy-nie\/\" \/>\n<meta property=\"og:site_name\" content=\"Gorz\u00f3w News\" \/>\n<meta property=\"article:publisher\" content=\"https:\/\/www.facebook.com\/gorzowskinews\" \/>\n<meta property=\"article:published_time\" content=\"2022-04-21T07:11:55+00:00\" \/>\n<meta property=\"article:modified_time\" content=\"2022-04-21T07:11:57+00:00\" \/>\n<meta property=\"og:image\" content=\"https:\/\/gorzow.news\/wp-content\/uploads\/2022\/04\/cropped-akt-fotob-1553.jpg\" \/>\n\t<meta property=\"og:image:width\" content=\"1192\" \/>\n\t<meta property=\"og:image:height\" content=\"751\" \/>\n\t<meta property=\"og:image:type\" content=\"image\/jpeg\" \/>\n<meta name=\"author\" content=\"maciej\" \/>\n<meta name=\"twitter:card\" content=\"summary_large_image\" \/>\n<meta name=\"twitter:label1\" content=\"Napisane przez\" \/>\n\t<meta name=\"twitter:data1\" content=\"maciej\" \/>\n\t<meta name=\"twitter:label2\" content=\"Szacowany czas czytania\" \/>\n\t<meta name=\"twitter:data2\" content=\"4 minuty\" \/>\n<script type=\"application\/ld+json\" class=\"yoast-schema-graph\">{\"@context\":\"https:\\\/\\\/schema.org\",\"@graph\":[{\"@type\":\"Article\",\"@id\":\"https:\\\/\\\/gorzow.news\\\/index.php\\\/2022\\\/04\\\/21\\\/prezydent-chce-zawiesic-budzet-obywatelski-powiedzmy-nie\\\/#article\",\"isPartOf\":{\"@id\":\"https:\\\/\\\/gorzow.news\\\/index.php\\\/2022\\\/04\\\/21\\\/prezydent-chce-zawiesic-budzet-obywatelski-powiedzmy-nie\\\/\"},\"author\":{\"name\":\"maciej\",\"@id\":\"https:\\\/\\\/gorzow.news\\\/#\\\/schema\\\/person\\\/a1e5ab43166369f2ce236a1cd90995bb\"},\"headline\":\"Prezydent chce zawiesi\u0107 Bud\u017cet Obywatelski! Powiedzmy NIE!\",\"datePublished\":\"2022-04-21T07:11:55+00:00\",\"dateModified\":\"2022-04-21T07:11:57+00:00\",\"mainEntityOfPage\":{\"@id\":\"https:\\\/\\\/gorzow.news\\\/index.php\\\/2022\\\/04\\\/21\\\/prezydent-chce-zawiesic-budzet-obywatelski-powiedzmy-nie\\\/\"},\"wordCount\":756,\"commentCount\":3,\"image\":{\"@id\":\"https:\\\/\\\/gorzow.news\\\/index.php\\\/2022\\\/04\\\/21\\\/prezydent-chce-zawiesic-budzet-obywatelski-powiedzmy-nie\\\/#primaryimage\"},\"thumbnailUrl\":\"https:\\\/\\\/gorzow.news\\\/wp-content\\\/uploads\\\/2022\\\/04\\\/cropped-akt-fotob-1553.jpg\",\"keywords\":[\"Bud\u017cet Obywatelski\",\"Damian Raczkowski\",\"Gliwice\",\"Jacek W\u00f3jcicki\",\"\u0141\u00f3d\u017a\",\"Marek Wojtkowski\",\"Rada Miasta\",\"W\u0142oc\u0142awek\"],\"articleSection\":[\"Fakty i opinie\",\"Wiadomo\u015bci\"],\"inLanguage\":\"pl-PL\",\"potentialAction\":[{\"@type\":\"CommentAction\",\"name\":\"Comment\",\"target\":[\"https:\\\/\\\/gorzow.news\\\/index.php\\\/2022\\\/04\\\/21\\\/prezydent-chce-zawiesic-budzet-obywatelski-powiedzmy-nie\\\/#respond\"]}]},{\"@type\":\"WebPage\",\"@id\":\"https:\\\/\\\/gorzow.news\\\/index.php\\\/2022\\\/04\\\/21\\\/prezydent-chce-zawiesic-budzet-obywatelski-powiedzmy-nie\\\/\",\"url\":\"https:\\\/\\\/gorzow.news\\\/index.php\\\/2022\\\/04\\\/21\\\/prezydent-chce-zawiesic-budzet-obywatelski-powiedzmy-nie\\\/\",\"name\":\"Prezydent chce zawiesi\u0107 Bud\u017cet Obywatelski! Powiedzmy NIE! - Gorz\u00f3w News\",\"isPartOf\":{\"@id\":\"https:\\\/\\\/gorzow.news\\\/#website\"},\"primaryImageOfPage\":{\"@id\":\"https:\\\/\\\/gorzow.news\\\/index.php\\\/2022\\\/04\\\/21\\\/prezydent-chce-zawiesic-budzet-obywatelski-powiedzmy-nie\\\/#primaryimage\"},\"image\":{\"@id\":\"https:\\\/\\\/gorzow.news\\\/index.php\\\/2022\\\/04\\\/21\\\/prezydent-chce-zawiesic-budzet-obywatelski-powiedzmy-nie\\\/#primaryimage\"},\"thumbnailUrl\":\"https:\\\/\\\/gorzow.news\\\/wp-content\\\/uploads\\\/2022\\\/04\\\/cropped-akt-fotob-1553.jpg\",\"datePublished\":\"2022-04-21T07:11:55+00:00\",\"dateModified\":\"2022-04-21T07:11:57+00:00\",\"author\":{\"@id\":\"https:\\\/\\\/gorzow.news\\\/#\\\/schema\\\/person\\\/a1e5ab43166369f2ce236a1cd90995bb\"},\"description\":\"W \u015brod\u0119, 27 kwietnia podczas sesji Rady Miasta, radni zdecyduj\u0105 o losie Bud\u017cetu Obywatelskiego w najbli\u017cszych latach! Prezydent Jacek W\u00f3jcicki chce zawiesi\u0107 wykonywanie projekt\u00f3w ze \u015brodk\u00f3w Bud\u017cetu Obywatelskiego 2022, kt\u00f3rych realizacja jeszcze si\u0119 nie rozpocz\u0119\u0142a, a tak\u017ce nie przeprowadza\u0107 konsultacji spo\u0142ecznych w zakresie projekt\u00f3w przewidzianych do realizacji w 2023 roku! Taka decyzja podyktowana ma by\u0107 wojn\u0105 w Ukrainie i pomoc\u0105, jak\u0105 miasto musi udzieli\u0107 uchod\u017acom. Wielu mieszka\u0144c\u00f3w Gorzowa nie rozumie jednak takiej decyzji i \u017c\u0105da od radnych g\u0142osowania przeciw uchwale! Redakcja GORZ\u00d3W.NEWS r\u00f3wnie\u017c uwa\u017ca uchwa\u0142\u0119 za skandaliczn\u0105!\",\"breadcrumb\":{\"@id\":\"https:\\\/\\\/gorzow.news\\\/index.php\\\/2022\\\/04\\\/21\\\/prezydent-chce-zawiesic-budzet-obywatelski-powiedzmy-nie\\\/#breadcrumb\"},\"inLanguage\":\"pl-PL\",\"potentialAction\":[{\"@type\":\"ReadAction\",\"target\":[\"https:\\\/\\\/gorzow.news\\\/index.php\\\/2022\\\/04\\\/21\\\/prezydent-chce-zawiesic-budzet-obywatelski-powiedzmy-nie\\\/\"]}]},{\"@type\":\"ImageObject\",\"inLanguage\":\"pl-PL\",\"@id\":\"https:\\\/\\\/gorzow.news\\\/index.php\\\/2022\\\/04\\\/21\\\/prezydent-chce-zawiesic-budzet-obywatelski-powiedzmy-nie\\\/#primaryimage\",\"url\":\"https:\\\/\\\/gorzow.news\\\/wp-content\\\/uploads\\\/2022\\\/04\\\/cropped-akt-fotob-1553.jpg\",\"contentUrl\":\"https:\\\/\\\/gorzow.news\\\/wp-content\\\/uploads\\\/2022\\\/04\\\/cropped-akt-fotob-1553.jpg\",\"width\":1192,\"height\":751,\"caption\":\"fot. Bart\u0142omiej Nowosielski\"},{\"@type\":\"BreadcrumbList\",\"@id\":\"https:\\\/\\\/gorzow.news\\\/index.php\\\/2022\\\/04\\\/21\\\/prezydent-chce-zawiesic-budzet-obywatelski-powiedzmy-nie\\\/#breadcrumb\",\"itemListElement\":[{\"@type\":\"ListItem\",\"position\":1,\"name\":\"Home\",\"item\":\"https:\\\/\\\/gorzow.news\\\/\"},{\"@type\":\"ListItem\",\"position\":2,\"name\":\"Prezydent chce zawiesi\u0107 Bud\u017cet Obywatelski! Powiedzmy NIE!\"}]},{\"@type\":\"WebSite\",\"@id\":\"https:\\\/\\\/gorzow.news\\\/#website\",\"url\":\"https:\\\/\\\/gorzow.news\\\/\",\"name\":\"Gorz\u00f3w News\",\"description\":\"Sp\u00f3jrz inaczej na miato i region...\",\"potentialAction\":[{\"@type\":\"SearchAction\",\"target\":{\"@type\":\"EntryPoint\",\"urlTemplate\":\"https:\\\/\\\/gorzow.news\\\/?s={search_term_string}\"},\"query-input\":{\"@type\":\"PropertyValueSpecification\",\"valueRequired\":true,\"valueName\":\"search_term_string\"}}],\"inLanguage\":\"pl-PL\"},{\"@type\":\"Person\",\"@id\":\"https:\\\/\\\/gorzow.news\\\/#\\\/schema\\\/person\\\/a1e5ab43166369f2ce236a1cd90995bb\",\"name\":\"maciej\",\"image\":{\"@type\":\"ImageObject\",\"inLanguage\":\"pl-PL\",\"@id\":\"https:\\\/\\\/secure.gravatar.com\\\/avatar\\\/530a674d56ba60cfa0ef21d74e8e8d123a51bb7aa6580465b5c2ab2c2e980a19?s=96&r=g&d=https:\\\/\\\/gorzow.news\\\/wp-content\\\/plugins\\\/userswp\\\/assets\\\/images\\\/no_profile.png\",\"url\":\"https:\\\/\\\/secure.gravatar.com\\\/avatar\\\/530a674d56ba60cfa0ef21d74e8e8d123a51bb7aa6580465b5c2ab2c2e980a19?s=96&r=g&d=https:\\\/\\\/gorzow.news\\\/wp-content\\\/plugins\\\/userswp\\\/assets\\\/images\\\/no_profile.png\",\"contentUrl\":\"https:\\\/\\\/secure.gravatar.com\\\/avatar\\\/530a674d56ba60cfa0ef21d74e8e8d123a51bb7aa6580465b5c2ab2c2e980a19?s=96&r=g&d=https:\\\/\\\/gorzow.news\\\/wp-content\\\/plugins\\\/userswp\\\/assets\\\/images\\\/no_profile.png\",\"caption\":\"maciej\"},\"url\":\"https:\\\/\\\/gorzow.news\\\/index.php\\\/profile\\\/maciej\\\/\"}]}<\/script>\n<!-- \/ Yoast SEO plugin. -->","yoast_head_json":{"title":"Prezydent chce zawiesi\u0107 Bud\u017cet Obywatelski! Powiedzmy NIE! - Gorz\u00f3w News","description":"W \u015brod\u0119, 27 kwietnia podczas sesji Rady Miasta, radni zdecyduj\u0105 o losie Bud\u017cetu Obywatelskiego w najbli\u017cszych latach! Prezydent Jacek W\u00f3jcicki c","robots":{"index":"index","follow":"follow","max-snippet":"max-snippet:-1","max-image-preview":"max-image-preview:large","max-video-preview":"max-video-preview:-1"},"canonical":"https:\/\/gorzow.news\/index.php\/2022\/04\/21\/prezydent-chce-zawiesic-budzet-obywatelski-powiedzmy-nie\/","og_locale":"pl_PL","og_type":"article","og_title":"Prezydent chce zawiesi\u0107 Bud\u017cet Obywatelski! Powiedzmy NIE! - Gorz\u00f3w News","og_description":"W \u015brod\u0119, 27 kwietnia podczas sesji Rady Miasta, radni zdecyduj\u0105 o losie Bud\u017cetu Obywatelskiego w najbli\u017cszych latach! Prezydent Jacek W\u00f3jcicki c","og_url":"https:\/\/gorzow.news\/index.php\/2022\/04\/21\/prezydent-chce-zawiesic-budzet-obywatelski-powiedzmy-nie\/","og_site_name":"Gorz\u00f3w News","article_publisher":"https:\/\/www.facebook.com\/gorzowskinews","article_published_time":"2022-04-21T07:11:55+00:00","article_modified_time":"2022-04-21T07:11:57+00:00","og_image":[{"width":1192,"height":751,"url":"https:\/\/gorzow.news\/wp-content\/uploads\/2022\/04\/cropped-akt-fotob-1553.jpg","type":"image\/jpeg"}],"author":"maciej","twitter_card":"summary_large_image","twitter_misc":{"Napisane przez":"maciej","Szacowany czas czytania":"4 minuty"},"schema":{"@context":"https:\/\/schema.org","@graph":[{"@type":"Article","@id":"https:\/\/gorzow.news\/index.php\/2022\/04\/21\/prezydent-chce-zawiesic-budzet-obywatelski-powiedzmy-nie\/#article","isPartOf":{"@id":"https:\/\/gorzow.news\/index.php\/2022\/04\/21\/prezydent-chce-zawiesic-budzet-obywatelski-powiedzmy-nie\/"},"author":{"name":"maciej","@id":"https:\/\/gorzow.news\/#\/schema\/person\/a1e5ab43166369f2ce236a1cd90995bb"},"headline":"Prezydent chce zawiesi\u0107 Bud\u017cet Obywatelski! Powiedzmy NIE!","datePublished":"2022-04-21T07:11:55+00:00","dateModified":"2022-04-21T07:11:57+00:00","mainEntityOfPage":{"@id":"https:\/\/gorzow.news\/index.php\/2022\/04\/21\/prezydent-chce-zawiesic-budzet-obywatelski-powiedzmy-nie\/"},"wordCount":756,"commentCount":3,"image":{"@id":"https:\/\/gorzow.news\/index.php\/2022\/04\/21\/prezydent-chce-zawiesic-budzet-obywatelski-powiedzmy-nie\/#primaryimage"},"thumbnailUrl":"https:\/\/gorzow.news\/wp-content\/uploads\/2022\/04\/cropped-akt-fotob-1553.jpg","keywords":["Bud\u017cet Obywatelski","Damian Raczkowski","Gliwice","Jacek W\u00f3jcicki","\u0141\u00f3d\u017a","Marek Wojtkowski","Rada Miasta","W\u0142oc\u0142awek"],"articleSection":["Fakty i opinie","Wiadomo\u015bci"],"inLanguage":"pl-PL","potentialAction":[{"@type":"CommentAction","name":"Comment","target":["https:\/\/gorzow.news\/index.php\/2022\/04\/21\/prezydent-chce-zawiesic-budzet-obywatelski-powiedzmy-nie\/#respond"]}]},{"@type":"WebPage","@id":"https:\/\/gorzow.news\/index.php\/2022\/04\/21\/prezydent-chce-zawiesic-budzet-obywatelski-powiedzmy-nie\/","url":"https:\/\/gorzow.news\/index.php\/2022\/04\/21\/prezydent-chce-zawiesic-budzet-obywatelski-powiedzmy-nie\/","name":"Prezydent chce zawiesi\u0107 Bud\u017cet Obywatelski! Powiedzmy NIE! - Gorz\u00f3w News","isPartOf":{"@id":"https:\/\/gorzow.news\/#website"},"primaryImageOfPage":{"@id":"https:\/\/gorzow.news\/index.php\/2022\/04\/21\/prezydent-chce-zawiesic-budzet-obywatelski-powiedzmy-nie\/#primaryimage"},"image":{"@id":"https:\/\/gorzow.news\/index.php\/2022\/04\/21\/prezydent-chce-zawiesic-budzet-obywatelski-powiedzmy-nie\/#primaryimage"},"thumbnailUrl":"https:\/\/gorzow.news\/wp-content\/uploads\/2022\/04\/cropped-akt-fotob-1553.jpg","datePublished":"2022-04-21T07:11:55+00:00","dateModified":"2022-04-21T07:11:57+00:00","author":{"@id":"https:\/\/gorzow.news\/#\/schema\/person\/a1e5ab43166369f2ce236a1cd90995bb"},"description":"W \u015brod\u0119, 27 kwietnia podczas sesji Rady Miasta, radni zdecyduj\u0105 o losie Bud\u017cetu Obywatelskiego w najbli\u017cszych latach! Prezydent Jacek W\u00f3jcicki chce zawiesi\u0107 wykonywanie projekt\u00f3w ze \u015brodk\u00f3w Bud\u017cetu Obywatelskiego 2022, kt\u00f3rych realizacja jeszcze si\u0119 nie rozpocz\u0119\u0142a, a tak\u017ce nie przeprowadza\u0107 konsultacji spo\u0142ecznych w zakresie projekt\u00f3w przewidzianych do realizacji w 2023 roku! Taka decyzja podyktowana ma by\u0107 wojn\u0105 w Ukrainie i pomoc\u0105, jak\u0105 miasto musi udzieli\u0107 uchod\u017acom. Wielu mieszka\u0144c\u00f3w Gorzowa nie rozumie jednak takiej decyzji i \u017c\u0105da od radnych g\u0142osowania przeciw uchwale! Redakcja GORZ\u00d3W.NEWS r\u00f3wnie\u017c uwa\u017ca uchwa\u0142\u0119 za skandaliczn\u0105!","breadcrumb":{"@id":"https:\/\/gorzow.news\/index.php\/2022\/04\/21\/prezydent-chce-zawiesic-budzet-obywatelski-powiedzmy-nie\/#breadcrumb"},"inLanguage":"pl-PL","potentialAction":[{"@type":"ReadAction","target":["https:\/\/gorzow.news\/index.php\/2022\/04\/21\/prezydent-chce-zawiesic-budzet-obywatelski-powiedzmy-nie\/"]}]},{"@type":"ImageObject","inLanguage":"pl-PL","@id":"https:\/\/gorzow.news\/index.php\/2022\/04\/21\/prezydent-chce-zawiesic-budzet-obywatelski-powiedzmy-nie\/#primaryimage","url":"https:\/\/gorzow.news\/wp-content\/uploads\/2022\/04\/cropped-akt-fotob-1553.jpg","contentUrl":"https:\/\/gorzow.news\/wp-content\/uploads\/2022\/04\/cropped-akt-fotob-1553.jpg","width":1192,"height":751,"caption":"fot. Bart\u0142omiej Nowosielski"},{"@type":"BreadcrumbList","@id":"https:\/\/gorzow.news\/index.php\/2022\/04\/21\/prezydent-chce-zawiesic-budzet-obywatelski-powiedzmy-nie\/#breadcrumb","itemListElement":[{"@type":"ListItem","position":1,"name":"Home","item":"https:\/\/gorzow.news\/"},{"@type":"ListItem","position":2,"name":"Prezydent chce zawiesi\u0107 Bud\u017cet Obywatelski! Powiedzmy NIE!"}]},{"@type":"WebSite","@id":"https:\/\/gorzow.news\/#website","url":"https:\/\/gorzow.news\/","name":"Gorz\u00f3w News","description":"Sp\u00f3jrz inaczej na miato i region...","potentialAction":[{"@type":"SearchAction","target":{"@type":"EntryPoint","urlTemplate":"https:\/\/gorzow.news\/?s={search_term_string}"},"query-input":{"@type":"PropertyValueSpecification","valueRequired":true,"valueName":"search_term_string"}}],"inLanguage":"pl-PL"},{"@type":"Person","@id":"https:\/\/gorzow.news\/#\/schema\/person\/a1e5ab43166369f2ce236a1cd90995bb","name":"maciej","image":{"@type":"ImageObject","inLanguage":"pl-PL","@id":"https:\/\/secure.gravatar.com\/avatar\/530a674d56ba60cfa0ef21d74e8e8d123a51bb7aa6580465b5c2ab2c2e980a19?s=96&r=g&d=https:\/\/gorzow.news\/wp-content\/plugins\/userswp\/assets\/images\/no_profile.png","url":"https:\/\/secure.gravatar.com\/avatar\/530a674d56ba60cfa0ef21d74e8e8d123a51bb7aa6580465b5c2ab2c2e980a19?s=96&r=g&d=https:\/\/gorzow.news\/wp-content\/plugins\/userswp\/assets\/images\/no_profile.png","contentUrl":"https:\/\/secure.gravatar.com\/avatar\/530a674d56ba60cfa0ef21d74e8e8d123a51bb7aa6580465b5c2ab2c2e980a19?s=96&r=g&d=https:\/\/gorzow.news\/wp-content\/plugins\/userswp\/assets\/images\/no_profile.png","caption":"maciej"},"url":"https:\/\/gorzow.news\/index.php\/profile\/maciej\/"}]}},"_links":{"self":[{"href":"https:\/\/gorzow.news\/index.php\/wp-json\/wp\/v2\/posts\/6957","targetHints":{"allow":["GET"]}}],"collection":[{"href":"https:\/\/gorzow.news\/index.php\/wp-json\/wp\/v2\/posts"}],"about":[{"href":"https:\/\/gorzow.news\/index.php\/wp-json\/wp\/v2\/types\/post"}],"author":[{"embeddable":true,"href":"https:\/\/gorzow.news\/index.php\/wp-json\/wp\/v2\/users\/1"}],"replies":[{"embeddable":true,"href":"https:\/\/gorzow.news\/index.php\/wp-json\/wp\/v2\/comments?post=6957"}],"version-history":[{"count":0,"href":"https:\/\/gorzow.news\/index.php\/wp-json\/wp\/v2\/posts\/6957\/revisions"}],"wp:featuredmedia":[{"embeddable":true,"href":"https:\/\/gorzow.news\/index.php\/wp-json\/wp\/v2\/media\/6958"}],"wp:attachment":[{"href":"https:\/\/gorzow.news\/index.php\/wp-json\/wp\/v2\/media?parent=6957"}],"wp:term":[{"taxonomy":"category","embeddable":true,"href":"https:\/\/gorzow.news\/index.php\/wp-json\/wp\/v2\/categories?post=6957"},{"taxonomy":"post_tag","embeddable":true,"href":"https:\/\/gorzow.news\/index.php\/wp-json\/wp\/v2\/tags?post=6957"}],"curies":[{"name":"wp","href":"https:\/\/api.w.org\/{rel}","templated":true}]}}