{"id":6633,"date":"2022-04-01T18:56:54","date_gmt":"2022-04-01T16:56:54","guid":{"rendered":"https:\/\/gorzow.news\/?p=6633"},"modified":"2022-04-02T11:34:00","modified_gmt":"2022-04-02T09:34:00","slug":"w-2024-roku-do-gorzowa-zawita-formula-1-bedzie-to-pierwszy-wyscig-grand-prix-w-polsce","status":"publish","type":"post","link":"https:\/\/gorzow.news\/index.php\/2022\/04\/01\/w-2024-roku-do-gorzowa-zawita-formula-1-bedzie-to-pierwszy-wyscig-grand-prix-w-polsce\/","title":{"rendered":"W 2024 roku do Gorzowa zawita Formu\u0142a 1! B\u0119dzie to pierwszy wy\u015bcig Grand Prix w Polsce!"},"content":{"rendered":"\n<p><strong>Jak nieoficjalnie dowiedzia\u0142 si\u0119 portal GORZ\u00d3W.NEWS, w naszym mie\u015bcie ma zosta\u0107 rozegrany uliczny wy\u015bcig Formu\u0142y 1! B\u0119dzie, to pierwszy w historii wy\u015bcig tej rangi w Polsce! Negocjacje przedstawicieli miasta z FIA na czele z Stefano Domenicalim trwa\u0142y od zako\u0144czenia poprzedniego sezonu. Jak si\u0119 dzi\u015b okaza\u0142o. Zosta\u0142y zako\u0144czone pe\u0142nym sukcesem!<\/strong><\/p>\n\n\n\n<p>&#8211; Formu\u0142a 1 potrzebuje nowych bod\u017ac\u00f3w, stawiamy na rozw\u00f3j i promocj\u0119 naszej dyscypliny w tej cz\u0119\u015bci Europy. Gorz\u00f3w pod wzgl\u0119dem umiejscowienia oraz kszta\u0142tu topograficznego jest wymarzonym miastem do rozegrania wy\u015bcigu ulicznego. Koszty organizacyjne nie powinny nadszarpn\u0105\u0107 miejskiego bud\u017cetu &#8211; us\u0142yszeli\u015bmy od jednego z dzia\u0142aczy FIA.<\/p>\n\n\n\n<p>Z informacji, do kt\u00f3rych uda\u0142o nam si\u0119 dotrze\u0107 wynika, \u017ce po\u0142ow\u0119 koszt\u00f3w organizacji pokry\u0107 ma miasto z zaci\u0105gni\u0119tej po\u017cyczki. Pozosta\u0142a kwota ma pochodzi\u0107 od prywatnych firm. Miasto zd\u0105\u017cy\u0142o ju\u017c w tej sprawie wys\u0142a\u0107 oferty do wielu firm na ternie ca\u0142ego kraju. Na odzew nie trzeba by\u0142o zbyt d\u0142ugo czeka\u0107. Do miasta wp\u0142yn\u0119\u0142y ju\u017c pierwsze oferty. W tej chwili nie wiadomo jeszcze ile dok\u0142adnie kosztowa\u0107 b\u0119dzie impreza. Wiadomo za to, \u017ce \u015bci\u0105gnie ona do Gorzowa wielu kibic\u00f3w z ca\u0142ego \u015bwiata. W tym wielu biznesmen\u00f3w.<\/p>\n\n\n\n<p>Gorzowski wy\u015bcig Formu\u0142y 1 b\u0119dzie mie\u0107 format uliczny. Taki format wy\u015bcigu nie wymaga miliardowych inwestycji. Nie trzeba budowa\u0107 toru wraz z ca\u0142\u0105 infrastruktur\u0105. Tor uliczny, jak sama nazwa wskazuje powstaje na ulicach miasta. Tor na czas wy\u015bcigu jest otoczony wieloma barierami, kt\u00f3re zaraz po wy\u015bcigu s\u0105 demontowane. A na ulice wraca normalny ruch uliczny. Najs\u0142ynniejszy wy\u015bcig w takim formacie, to oczywi\u015bcie Grand Prix Monako, kt\u00f3ry co roku przyci\u0105ga setki milion\u00f3w widz\u00f3w.<\/p>\n\n\n\n<p>Jest ju\u017c znana wst\u0119pna trasa zawod\u00f3w w Gorzowie. Walka o zwyci\u0119stwo w pierwszym w Polsce Grad Prix Formu\u0142y 1 mia\u0142aby si\u0119 rozpocz\u0105\u0107 w samym centrum miasta ko\u0142o katedry. Ulicami Chrobrego, Jagie\u0142\u0142y i dalej Walczaka i Pi\u0142sudskiego kierowcy pojad\u0105 w kierunku Dolinek i dalej G\u00f3rczyna. Nawr\u00f3t ma nast\u0105pi\u0107 na rondzie G\u00f3rczy\u0144skim, nast\u0119pnie najlepsi kierowcy \u015bwiata dojad\u0105 do ronda Pi\u0142sudskiego i skr\u0119c\u0105 do parku Kopernika gdzie przejd\u0105 pod k\u0142adk\u0105 w kierunku mostu Lubuskiego. Z Zawarcia ulicami Koniawsk\u0105, Grobla i dalej mostem Staromiejskim wr\u00f3c\u0105 pod katedr\u0119.<\/p>\n\n\n\n<p>Organizacja sportowego wydarzenia tej rangi jest ogromn\u0105 szans\u0105 dla Gorzowa. Zainwestowane \u015brodki powinny szybko si\u0119 zwr\u00f3ci\u0107. Nasze miasto w kalendarzu wy\u015bcig\u00f3w Formu\u0142y 1 znajdzie si\u0119 obok takich miast jak: Melbourne, Barcelona, Szanghaj, Abu Dhabi, czy Montreal.<\/p>\n\n\n\n<p>Ka\u017cdemu wy\u015bcigowi Formu\u0142y 1 towarzysz\u0105 przez ca\u0142y weekend r\u00f3\u017cne wydarzania, w kt\u00f3rych bior\u0105 udzia\u0142 znane osoby z ca\u0142ego \u015bwiata. Zwyci\u0119zcy Grand Prix w Gorzowie puchar wr\u0119czy\u0107 ma Prezydent RP.<\/p>\n\n\n\n<p>Wi\u0119cej szczeg\u00f3\u0142\u00f3w na temat Grad Prix Formu\u0142y 1 w Gorzowie dowiemy si\u0119 ze specjalnej konferencji prasowej, kt\u00f3ra ma odby\u0107 si\u0119 w Gorzowie w maju tego roku. Sw\u00f3j udzia\u0142 w konferencji potwierdzi\u0142 ju\u017c dyrektor generalny Formu\u0142y 1 Stefano Domenicali.<\/p>\n\n\n\n<p>[Tekst jest oczywi\u015bcie \u017cartem z okazji Prima Aprilis]<\/p>\n","protected":false},"excerpt":{"rendered":"<p>Jak nieoficjalnie dowiedzia\u0142 si\u0119 portal GORZ\u00d3W.NEWS, w naszym mie\u015bcie ma zosta\u0107 rozegrany uliczny wy\u015bcig Formu\u0142y 1! B\u0119dzie, to pierwszy w historii wy\u015bcig tej rangi w Polsce! Negocjacje przedstawicieli miasta z FIA na czele z Stefano Domenicalim trwa\u0142y od zako\u0144czenia poprzedniego sezonu. Jak si\u0119 dzi\u015b okaza\u0142o. Zosta\u0142y zako\u0144czone pe\u0142nym sukcesem!<\/p>\n","protected":false},"author":1,"featured_media":6634,"comment_status":"open","ping_status":"open","sticky":false,"template":"","format":"standard","meta":{"footnotes":"","_links_to":"","_links_to_target":""},"categories":[597,589],"tags":[1174,673,1175],"class_list":{"0":"post-6633","1":"post","2":"type-post","3":"status-publish","4":"format-standard","5":"has-post-thumbnail","7":"category-fakty-opinie","8":"category-wiadomosci","9":"tag-formula-1","10":"tag-grand-prix","11":"tag-stefano-domenicali"},"yoast_head":"<!-- This site is optimized with the Yoast SEO plugin v27.3 - https:\/\/yoast.com\/product\/yoast-seo-wordpress\/ -->\n<title>W 2024 roku do Gorzowa zawita Formu\u0142a 1! B\u0119dzie to pierwszy wy\u015bcig Grand Prix w Polsce! - Gorz\u00f3w News<\/title>\n<meta name=\"description\" content=\"Jak nieoficjalnie dowiedzia\u0142 si\u0119 portal GORZ\u00d3W.NEWS, w naszym mie\u015bcie ma zosta\u0107 rozegrany uliczny wy\u015bcig Formu\u0142y 1! B\u0119dzie, to pierwszy w hist\" \/>\n<meta name=\"robots\" content=\"index, follow, max-snippet:-1, max-image-preview:large, max-video-preview:-1\" \/>\n<link rel=\"canonical\" href=\"https:\/\/gorzow.news\/index.php\/2022\/04\/01\/w-2024-roku-do-gorzowa-zawita-formula-1-bedzie-to-pierwszy-wyscig-grand-prix-w-polsce\/\" \/>\n<meta property=\"og:locale\" content=\"pl_PL\" \/>\n<meta property=\"og:type\" content=\"article\" \/>\n<meta property=\"og:title\" content=\"W 2024 roku do Gorzowa zawita Formu\u0142a 1! B\u0119dzie to pierwszy wy\u015bcig Grand Prix w Polsce! - Gorz\u00f3w News\" \/>\n<meta property=\"og:description\" content=\"Jak nieoficjalnie dowiedzia\u0142 si\u0119 portal GORZ\u00d3W.NEWS, w naszym mie\u015bcie ma zosta\u0107 rozegrany uliczny wy\u015bcig Formu\u0142y 1! B\u0119dzie, to pierwszy w hist\" \/>\n<meta property=\"og:url\" content=\"https:\/\/gorzow.news\/index.php\/2022\/04\/01\/w-2024-roku-do-gorzowa-zawita-formula-1-bedzie-to-pierwszy-wyscig-grand-prix-w-polsce\/\" \/>\n<meta property=\"og:site_name\" content=\"Gorz\u00f3w News\" \/>\n<meta property=\"article:publisher\" content=\"https:\/\/www.facebook.com\/gorzowskinews\" \/>\n<meta property=\"article:published_time\" content=\"2022-04-01T16:56:54+00:00\" \/>\n<meta property=\"article:modified_time\" content=\"2022-04-02T09:34:00+00:00\" \/>\n<meta property=\"og:image\" content=\"https:\/\/gorzow.news\/wp-content\/uploads\/2022\/04\/Monaco_www.jpg\" \/>\n\t<meta property=\"og:image:width\" content=\"1587\" \/>\n\t<meta property=\"og:image:height\" content=\"869\" \/>\n\t<meta property=\"og:image:type\" content=\"image\/jpeg\" \/>\n<meta name=\"author\" content=\"maciej\" \/>\n<meta name=\"twitter:card\" content=\"summary_large_image\" \/>\n<meta name=\"twitter:label1\" content=\"Napisane przez\" \/>\n\t<meta name=\"twitter:data1\" content=\"maciej\" \/>\n\t<meta name=\"twitter:label2\" content=\"Szacowany czas czytania\" \/>\n\t<meta name=\"twitter:data2\" content=\"3 minuty\" \/>\n<script type=\"application\/ld+json\" class=\"yoast-schema-graph\">{\"@context\":\"https:\\\/\\\/schema.org\",\"@graph\":[{\"@type\":\"Article\",\"@id\":\"https:\\\/\\\/gorzow.news\\\/index.php\\\/2022\\\/04\\\/01\\\/w-2024-roku-do-gorzowa-zawita-formula-1-bedzie-to-pierwszy-wyscig-grand-prix-w-polsce\\\/#article\",\"isPartOf\":{\"@id\":\"https:\\\/\\\/gorzow.news\\\/index.php\\\/2022\\\/04\\\/01\\\/w-2024-roku-do-gorzowa-zawita-formula-1-bedzie-to-pierwszy-wyscig-grand-prix-w-polsce\\\/\"},\"author\":{\"name\":\"maciej\",\"@id\":\"https:\\\/\\\/gorzow.news\\\/#\\\/schema\\\/person\\\/a1e5ab43166369f2ce236a1cd90995bb\"},\"headline\":\"W 2024 roku do Gorzowa zawita Formu\u0142a 1! B\u0119dzie to pierwszy wy\u015bcig Grand Prix w Polsce!\",\"datePublished\":\"2022-04-01T16:56:54+00:00\",\"dateModified\":\"2022-04-02T09:34:00+00:00\",\"mainEntityOfPage\":{\"@id\":\"https:\\\/\\\/gorzow.news\\\/index.php\\\/2022\\\/04\\\/01\\\/w-2024-roku-do-gorzowa-zawita-formula-1-bedzie-to-pierwszy-wyscig-grand-prix-w-polsce\\\/\"},\"wordCount\":551,\"commentCount\":1,\"image\":{\"@id\":\"https:\\\/\\\/gorzow.news\\\/index.php\\\/2022\\\/04\\\/01\\\/w-2024-roku-do-gorzowa-zawita-formula-1-bedzie-to-pierwszy-wyscig-grand-prix-w-polsce\\\/#primaryimage\"},\"thumbnailUrl\":\"https:\\\/\\\/gorzow.news\\\/wp-content\\\/uploads\\\/2022\\\/04\\\/Monaco_www.jpg\",\"keywords\":[\"Formu\u0142a 1\",\"Grand Prix\",\"Stefano Domenicali\"],\"articleSection\":[\"Fakty i opinie\",\"Wiadomo\u015bci\"],\"inLanguage\":\"pl-PL\",\"potentialAction\":[{\"@type\":\"CommentAction\",\"name\":\"Comment\",\"target\":[\"https:\\\/\\\/gorzow.news\\\/index.php\\\/2022\\\/04\\\/01\\\/w-2024-roku-do-gorzowa-zawita-formula-1-bedzie-to-pierwszy-wyscig-grand-prix-w-polsce\\\/#respond\"]}]},{\"@type\":\"WebPage\",\"@id\":\"https:\\\/\\\/gorzow.news\\\/index.php\\\/2022\\\/04\\\/01\\\/w-2024-roku-do-gorzowa-zawita-formula-1-bedzie-to-pierwszy-wyscig-grand-prix-w-polsce\\\/\",\"url\":\"https:\\\/\\\/gorzow.news\\\/index.php\\\/2022\\\/04\\\/01\\\/w-2024-roku-do-gorzowa-zawita-formula-1-bedzie-to-pierwszy-wyscig-grand-prix-w-polsce\\\/\",\"name\":\"W 2024 roku do Gorzowa zawita Formu\u0142a 1! B\u0119dzie to pierwszy wy\u015bcig Grand Prix w Polsce! - Gorz\u00f3w News\",\"isPartOf\":{\"@id\":\"https:\\\/\\\/gorzow.news\\\/#website\"},\"primaryImageOfPage\":{\"@id\":\"https:\\\/\\\/gorzow.news\\\/index.php\\\/2022\\\/04\\\/01\\\/w-2024-roku-do-gorzowa-zawita-formula-1-bedzie-to-pierwszy-wyscig-grand-prix-w-polsce\\\/#primaryimage\"},\"image\":{\"@id\":\"https:\\\/\\\/gorzow.news\\\/index.php\\\/2022\\\/04\\\/01\\\/w-2024-roku-do-gorzowa-zawita-formula-1-bedzie-to-pierwszy-wyscig-grand-prix-w-polsce\\\/#primaryimage\"},\"thumbnailUrl\":\"https:\\\/\\\/gorzow.news\\\/wp-content\\\/uploads\\\/2022\\\/04\\\/Monaco_www.jpg\",\"datePublished\":\"2022-04-01T16:56:54+00:00\",\"dateModified\":\"2022-04-02T09:34:00+00:00\",\"author\":{\"@id\":\"https:\\\/\\\/gorzow.news\\\/#\\\/schema\\\/person\\\/a1e5ab43166369f2ce236a1cd90995bb\"},\"description\":\"Jak nieoficjalnie dowiedzia\u0142 si\u0119 portal GORZ\u00d3W.NEWS, w naszym mie\u015bcie ma zosta\u0107 rozegrany uliczny wy\u015bcig Formu\u0142y 1! B\u0119dzie, to pierwszy w historii wy\u015bcig tej rangi w Polsce! Negocjacje przedstawicieli miasta z FIA na czele z Stefano Domenicalim trwa\u0142y od zako\u0144czenia poprzedniego sezonu. Jak si\u0119 dzi\u015b okaza\u0142o. Zosta\u0142y zako\u0144czone pe\u0142nym sukcesem!\",\"breadcrumb\":{\"@id\":\"https:\\\/\\\/gorzow.news\\\/index.php\\\/2022\\\/04\\\/01\\\/w-2024-roku-do-gorzowa-zawita-formula-1-bedzie-to-pierwszy-wyscig-grand-prix-w-polsce\\\/#breadcrumb\"},\"inLanguage\":\"pl-PL\",\"potentialAction\":[{\"@type\":\"ReadAction\",\"target\":[\"https:\\\/\\\/gorzow.news\\\/index.php\\\/2022\\\/04\\\/01\\\/w-2024-roku-do-gorzowa-zawita-formula-1-bedzie-to-pierwszy-wyscig-grand-prix-w-polsce\\\/\"]}]},{\"@type\":\"ImageObject\",\"inLanguage\":\"pl-PL\",\"@id\":\"https:\\\/\\\/gorzow.news\\\/index.php\\\/2022\\\/04\\\/01\\\/w-2024-roku-do-gorzowa-zawita-formula-1-bedzie-to-pierwszy-wyscig-grand-prix-w-polsce\\\/#primaryimage\",\"url\":\"https:\\\/\\\/gorzow.news\\\/wp-content\\\/uploads\\\/2022\\\/04\\\/Monaco_www.jpg\",\"contentUrl\":\"https:\\\/\\\/gorzow.news\\\/wp-content\\\/uploads\\\/2022\\\/04\\\/Monaco_www.jpg\",\"width\":1587,\"height\":869,\"caption\":\"Grand Prix Monako\"},{\"@type\":\"BreadcrumbList\",\"@id\":\"https:\\\/\\\/gorzow.news\\\/index.php\\\/2022\\\/04\\\/01\\\/w-2024-roku-do-gorzowa-zawita-formula-1-bedzie-to-pierwszy-wyscig-grand-prix-w-polsce\\\/#breadcrumb\",\"itemListElement\":[{\"@type\":\"ListItem\",\"position\":1,\"name\":\"Home\",\"item\":\"https:\\\/\\\/gorzow.news\\\/\"},{\"@type\":\"ListItem\",\"position\":2,\"name\":\"W 2024 roku do Gorzowa zawita Formu\u0142a 1! B\u0119dzie to pierwszy wy\u015bcig Grand Prix w Polsce!\"}]},{\"@type\":\"WebSite\",\"@id\":\"https:\\\/\\\/gorzow.news\\\/#website\",\"url\":\"https:\\\/\\\/gorzow.news\\\/\",\"name\":\"Gorz\u00f3w News\",\"description\":\"Sp\u00f3jrz inaczej na miato i region...\",\"potentialAction\":[{\"@type\":\"SearchAction\",\"target\":{\"@type\":\"EntryPoint\",\"urlTemplate\":\"https:\\\/\\\/gorzow.news\\\/?s={search_term_string}\"},\"query-input\":{\"@type\":\"PropertyValueSpecification\",\"valueRequired\":true,\"valueName\":\"search_term_string\"}}],\"inLanguage\":\"pl-PL\"},{\"@type\":\"Person\",\"@id\":\"https:\\\/\\\/gorzow.news\\\/#\\\/schema\\\/person\\\/a1e5ab43166369f2ce236a1cd90995bb\",\"name\":\"maciej\",\"image\":{\"@type\":\"ImageObject\",\"inLanguage\":\"pl-PL\",\"@id\":\"https:\\\/\\\/secure.gravatar.com\\\/avatar\\\/530a674d56ba60cfa0ef21d74e8e8d123a51bb7aa6580465b5c2ab2c2e980a19?s=96&r=g&d=https:\\\/\\\/gorzow.news\\\/wp-content\\\/plugins\\\/userswp\\\/assets\\\/images\\\/no_profile.png\",\"url\":\"https:\\\/\\\/secure.gravatar.com\\\/avatar\\\/530a674d56ba60cfa0ef21d74e8e8d123a51bb7aa6580465b5c2ab2c2e980a19?s=96&r=g&d=https:\\\/\\\/gorzow.news\\\/wp-content\\\/plugins\\\/userswp\\\/assets\\\/images\\\/no_profile.png\",\"contentUrl\":\"https:\\\/\\\/secure.gravatar.com\\\/avatar\\\/530a674d56ba60cfa0ef21d74e8e8d123a51bb7aa6580465b5c2ab2c2e980a19?s=96&r=g&d=https:\\\/\\\/gorzow.news\\\/wp-content\\\/plugins\\\/userswp\\\/assets\\\/images\\\/no_profile.png\",\"caption\":\"maciej\"},\"url\":\"https:\\\/\\\/gorzow.news\\\/index.php\\\/profile\\\/maciej\\\/\"}]}<\/script>\n<!-- \/ Yoast SEO plugin. -->","yoast_head_json":{"title":"W 2024 roku do Gorzowa zawita Formu\u0142a 1! B\u0119dzie to pierwszy wy\u015bcig Grand Prix w Polsce! - Gorz\u00f3w News","description":"Jak nieoficjalnie dowiedzia\u0142 si\u0119 portal GORZ\u00d3W.NEWS, w naszym mie\u015bcie ma zosta\u0107 rozegrany uliczny wy\u015bcig Formu\u0142y 1! B\u0119dzie, to pierwszy w hist","robots":{"index":"index","follow":"follow","max-snippet":"max-snippet:-1","max-image-preview":"max-image-preview:large","max-video-preview":"max-video-preview:-1"},"canonical":"https:\/\/gorzow.news\/index.php\/2022\/04\/01\/w-2024-roku-do-gorzowa-zawita-formula-1-bedzie-to-pierwszy-wyscig-grand-prix-w-polsce\/","og_locale":"pl_PL","og_type":"article","og_title":"W 2024 roku do Gorzowa zawita Formu\u0142a 1! B\u0119dzie to pierwszy wy\u015bcig Grand Prix w Polsce! - Gorz\u00f3w News","og_description":"Jak nieoficjalnie dowiedzia\u0142 si\u0119 portal GORZ\u00d3W.NEWS, w naszym mie\u015bcie ma zosta\u0107 rozegrany uliczny wy\u015bcig Formu\u0142y 1! B\u0119dzie, to pierwszy w hist","og_url":"https:\/\/gorzow.news\/index.php\/2022\/04\/01\/w-2024-roku-do-gorzowa-zawita-formula-1-bedzie-to-pierwszy-wyscig-grand-prix-w-polsce\/","og_site_name":"Gorz\u00f3w News","article_publisher":"https:\/\/www.facebook.com\/gorzowskinews","article_published_time":"2022-04-01T16:56:54+00:00","article_modified_time":"2022-04-02T09:34:00+00:00","og_image":[{"width":1587,"height":869,"url":"https:\/\/gorzow.news\/wp-content\/uploads\/2022\/04\/Monaco_www.jpg","type":"image\/jpeg"}],"author":"maciej","twitter_card":"summary_large_image","twitter_misc":{"Napisane przez":"maciej","Szacowany czas czytania":"3 minuty"},"schema":{"@context":"https:\/\/schema.org","@graph":[{"@type":"Article","@id":"https:\/\/gorzow.news\/index.php\/2022\/04\/01\/w-2024-roku-do-gorzowa-zawita-formula-1-bedzie-to-pierwszy-wyscig-grand-prix-w-polsce\/#article","isPartOf":{"@id":"https:\/\/gorzow.news\/index.php\/2022\/04\/01\/w-2024-roku-do-gorzowa-zawita-formula-1-bedzie-to-pierwszy-wyscig-grand-prix-w-polsce\/"},"author":{"name":"maciej","@id":"https:\/\/gorzow.news\/#\/schema\/person\/a1e5ab43166369f2ce236a1cd90995bb"},"headline":"W 2024 roku do Gorzowa zawita Formu\u0142a 1! B\u0119dzie to pierwszy wy\u015bcig Grand Prix w Polsce!","datePublished":"2022-04-01T16:56:54+00:00","dateModified":"2022-04-02T09:34:00+00:00","mainEntityOfPage":{"@id":"https:\/\/gorzow.news\/index.php\/2022\/04\/01\/w-2024-roku-do-gorzowa-zawita-formula-1-bedzie-to-pierwszy-wyscig-grand-prix-w-polsce\/"},"wordCount":551,"commentCount":1,"image":{"@id":"https:\/\/gorzow.news\/index.php\/2022\/04\/01\/w-2024-roku-do-gorzowa-zawita-formula-1-bedzie-to-pierwszy-wyscig-grand-prix-w-polsce\/#primaryimage"},"thumbnailUrl":"https:\/\/gorzow.news\/wp-content\/uploads\/2022\/04\/Monaco_www.jpg","keywords":["Formu\u0142a 1","Grand Prix","Stefano Domenicali"],"articleSection":["Fakty i opinie","Wiadomo\u015bci"],"inLanguage":"pl-PL","potentialAction":[{"@type":"CommentAction","name":"Comment","target":["https:\/\/gorzow.news\/index.php\/2022\/04\/01\/w-2024-roku-do-gorzowa-zawita-formula-1-bedzie-to-pierwszy-wyscig-grand-prix-w-polsce\/#respond"]}]},{"@type":"WebPage","@id":"https:\/\/gorzow.news\/index.php\/2022\/04\/01\/w-2024-roku-do-gorzowa-zawita-formula-1-bedzie-to-pierwszy-wyscig-grand-prix-w-polsce\/","url":"https:\/\/gorzow.news\/index.php\/2022\/04\/01\/w-2024-roku-do-gorzowa-zawita-formula-1-bedzie-to-pierwszy-wyscig-grand-prix-w-polsce\/","name":"W 2024 roku do Gorzowa zawita Formu\u0142a 1! B\u0119dzie to pierwszy wy\u015bcig Grand Prix w Polsce! - Gorz\u00f3w News","isPartOf":{"@id":"https:\/\/gorzow.news\/#website"},"primaryImageOfPage":{"@id":"https:\/\/gorzow.news\/index.php\/2022\/04\/01\/w-2024-roku-do-gorzowa-zawita-formula-1-bedzie-to-pierwszy-wyscig-grand-prix-w-polsce\/#primaryimage"},"image":{"@id":"https:\/\/gorzow.news\/index.php\/2022\/04\/01\/w-2024-roku-do-gorzowa-zawita-formula-1-bedzie-to-pierwszy-wyscig-grand-prix-w-polsce\/#primaryimage"},"thumbnailUrl":"https:\/\/gorzow.news\/wp-content\/uploads\/2022\/04\/Monaco_www.jpg","datePublished":"2022-04-01T16:56:54+00:00","dateModified":"2022-04-02T09:34:00+00:00","author":{"@id":"https:\/\/gorzow.news\/#\/schema\/person\/a1e5ab43166369f2ce236a1cd90995bb"},"description":"Jak nieoficjalnie dowiedzia\u0142 si\u0119 portal GORZ\u00d3W.NEWS, w naszym mie\u015bcie ma zosta\u0107 rozegrany uliczny wy\u015bcig Formu\u0142y 1! B\u0119dzie, to pierwszy w historii wy\u015bcig tej rangi w Polsce! Negocjacje przedstawicieli miasta z FIA na czele z Stefano Domenicalim trwa\u0142y od zako\u0144czenia poprzedniego sezonu. Jak si\u0119 dzi\u015b okaza\u0142o. Zosta\u0142y zako\u0144czone pe\u0142nym sukcesem!","breadcrumb":{"@id":"https:\/\/gorzow.news\/index.php\/2022\/04\/01\/w-2024-roku-do-gorzowa-zawita-formula-1-bedzie-to-pierwszy-wyscig-grand-prix-w-polsce\/#breadcrumb"},"inLanguage":"pl-PL","potentialAction":[{"@type":"ReadAction","target":["https:\/\/gorzow.news\/index.php\/2022\/04\/01\/w-2024-roku-do-gorzowa-zawita-formula-1-bedzie-to-pierwszy-wyscig-grand-prix-w-polsce\/"]}]},{"@type":"ImageObject","inLanguage":"pl-PL","@id":"https:\/\/gorzow.news\/index.php\/2022\/04\/01\/w-2024-roku-do-gorzowa-zawita-formula-1-bedzie-to-pierwszy-wyscig-grand-prix-w-polsce\/#primaryimage","url":"https:\/\/gorzow.news\/wp-content\/uploads\/2022\/04\/Monaco_www.jpg","contentUrl":"https:\/\/gorzow.news\/wp-content\/uploads\/2022\/04\/Monaco_www.jpg","width":1587,"height":869,"caption":"Grand Prix Monako"},{"@type":"BreadcrumbList","@id":"https:\/\/gorzow.news\/index.php\/2022\/04\/01\/w-2024-roku-do-gorzowa-zawita-formula-1-bedzie-to-pierwszy-wyscig-grand-prix-w-polsce\/#breadcrumb","itemListElement":[{"@type":"ListItem","position":1,"name":"Home","item":"https:\/\/gorzow.news\/"},{"@type":"ListItem","position":2,"name":"W 2024 roku do Gorzowa zawita Formu\u0142a 1! B\u0119dzie to pierwszy wy\u015bcig Grand Prix w Polsce!"}]},{"@type":"WebSite","@id":"https:\/\/gorzow.news\/#website","url":"https:\/\/gorzow.news\/","name":"Gorz\u00f3w News","description":"Sp\u00f3jrz inaczej na miato i region...","potentialAction":[{"@type":"SearchAction","target":{"@type":"EntryPoint","urlTemplate":"https:\/\/gorzow.news\/?s={search_term_string}"},"query-input":{"@type":"PropertyValueSpecification","valueRequired":true,"valueName":"search_term_string"}}],"inLanguage":"pl-PL"},{"@type":"Person","@id":"https:\/\/gorzow.news\/#\/schema\/person\/a1e5ab43166369f2ce236a1cd90995bb","name":"maciej","image":{"@type":"ImageObject","inLanguage":"pl-PL","@id":"https:\/\/secure.gravatar.com\/avatar\/530a674d56ba60cfa0ef21d74e8e8d123a51bb7aa6580465b5c2ab2c2e980a19?s=96&r=g&d=https:\/\/gorzow.news\/wp-content\/plugins\/userswp\/assets\/images\/no_profile.png","url":"https:\/\/secure.gravatar.com\/avatar\/530a674d56ba60cfa0ef21d74e8e8d123a51bb7aa6580465b5c2ab2c2e980a19?s=96&r=g&d=https:\/\/gorzow.news\/wp-content\/plugins\/userswp\/assets\/images\/no_profile.png","contentUrl":"https:\/\/secure.gravatar.com\/avatar\/530a674d56ba60cfa0ef21d74e8e8d123a51bb7aa6580465b5c2ab2c2e980a19?s=96&r=g&d=https:\/\/gorzow.news\/wp-content\/plugins\/userswp\/assets\/images\/no_profile.png","caption":"maciej"},"url":"https:\/\/gorzow.news\/index.php\/profile\/maciej\/"}]}},"_links":{"self":[{"href":"https:\/\/gorzow.news\/index.php\/wp-json\/wp\/v2\/posts\/6633","targetHints":{"allow":["GET"]}}],"collection":[{"href":"https:\/\/gorzow.news\/index.php\/wp-json\/wp\/v2\/posts"}],"about":[{"href":"https:\/\/gorzow.news\/index.php\/wp-json\/wp\/v2\/types\/post"}],"author":[{"embeddable":true,"href":"https:\/\/gorzow.news\/index.php\/wp-json\/wp\/v2\/users\/1"}],"replies":[{"embeddable":true,"href":"https:\/\/gorzow.news\/index.php\/wp-json\/wp\/v2\/comments?post=6633"}],"version-history":[{"count":0,"href":"https:\/\/gorzow.news\/index.php\/wp-json\/wp\/v2\/posts\/6633\/revisions"}],"wp:featuredmedia":[{"embeddable":true,"href":"https:\/\/gorzow.news\/index.php\/wp-json\/wp\/v2\/media\/6634"}],"wp:attachment":[{"href":"https:\/\/gorzow.news\/index.php\/wp-json\/wp\/v2\/media?parent=6633"}],"wp:term":[{"taxonomy":"category","embeddable":true,"href":"https:\/\/gorzow.news\/index.php\/wp-json\/wp\/v2\/categories?post=6633"},{"taxonomy":"post_tag","embeddable":true,"href":"https:\/\/gorzow.news\/index.php\/wp-json\/wp\/v2\/tags?post=6633"}],"curies":[{"name":"wp","href":"https:\/\/api.w.org\/{rel}","templated":true}]}}