{"id":6602,"date":"2022-03-29T13:49:37","date_gmt":"2022-03-29T11:49:37","guid":{"rendered":"https:\/\/gorzow.news\/?p=6602"},"modified":"2022-03-29T13:49:38","modified_gmt":"2022-03-29T11:49:38","slug":"w-gorzowie-ruszy-kardiochirurgia-mimo-ze-nie-ma-kontraktu-z-nfz","status":"publish","type":"post","link":"https:\/\/gorzow.news\/index.php\/2022\/03\/29\/w-gorzowie-ruszy-kardiochirurgia-mimo-ze-nie-ma-kontraktu-z-nfz\/","title":{"rendered":"W Gorzowie ruszy kardiochirurgia! Mimo, \u017ce nie ma kontraktu z NFZ!"},"content":{"rendered":"\n<p><strong>Zarz\u0105d gorzowskiego szpitala podj\u0105\u0142 odwa\u017cn\u0105 decyzj\u0119 o uruchomieniu oddzia\u0142u kardiochirurgii, pomimo braku kontraktu z Narodowym Funduszem Zdrowia. A wszystko to w trosce o pacjent\u00f3w.<\/strong><\/p>\n\n\n\n<p>Gorzowski szpital od d\u0142u\u017cszego czasu walczy o utworzenie oddzia\u0142u kardiochirurgii oraz kontrakt na leczenie w nim pacjent\u00f3w. Przypomnijmy, \u017ce w celu rozwijania dost\u0119pu do us\u0142ug medycznych w\u0142adze lecznicy wpisa\u0142y to dzia\u0142anie do planu rozwoju. Ta propozycja nie spotka\u0142a si\u0119 jednak z akceptacj\u0105 wojewody lubuskiego oraz Ministra Zdrowia, kt\u00f3rzy negatywnie zaopiniowali plany inwestycyjne lecznicy i nie wpisali zadania do planu transformacji. Jednak z t\u0105 decyzj\u0105 nie zgadzaj\u0105 si\u0119 w\u0142adze wojew\u00f3dztwa, szpitala oraz mieszka\u0144cy. Od kilku miesi\u0119cy realizowana jest kampania spo\u0142eczna oraz zbierane s\u0105 podpisy pod petycj\u0105 w tej sprawie.<\/p>\n\n\n\n<p>&#8211; Szpital prowadzi kampani\u0119 z wielkim entuzjazmem. Spotka\u0142a si\u0119 ona z wielkim poparciem spo\u0142ecznym. My tak\u017ce jeste\u015bmy ambasadorami i aktywnie si\u0119 w\u0142\u0105czyli\u015bmy w t\u0119 walk\u0119, bo nie mamy w\u0105tpliwo\u015bci, \u017ce w takim szpitalu wielospecjalistycznym nie mo\u017ce funkcjonowa\u0107 kardiologia bez kardiochirurgii. Zbyt d\u0142ugo czekamy na og\u0142oszenie konkursu przez Narodowy Fundusz Zdrowia. Brakuje nam kontraktu \u2013 podkre\u015bla marsza\u0142ek <strong>El\u017cbieta Anna Polak<\/strong>.<\/p>\n\n\n\n<p>To prawda, akcja \u201eTu chodzi o Twoje \u017cycie \u2013 walczymy o kardiochirurgi\u0119 w Gorzowie\u201d spotka\u0142a si\u0119 z wielkim spo\u0142ecznym poparciem. Pod petycj\u0105 w tej sprawie podpisa\u0142o si\u0119 ponad 11 tys. os\u00f3b, w tym samorz\u0105dowcy, parlamentarzy\u015bci, sportowcy i znani Gorzowianie. \u2013 Podj\u0119li\u015bmy to wyzwanie, bo chcemy \u017ceby szpital w Gorzowie m\u00f3g\u0142 kompleksowo leczy\u0107 pacjent\u00f3w z ci\u0119\u017ckimi chorobami i jeste\u015bmy bardzo zdeterminowani \u2013 przekonywa\u0142 wiceprezes gorzowskiej lecznicy <strong>Robert Surowiec<\/strong>.<\/p>\n\n\n\n<p>Ta determinacja jest tak wielka, \u017ce w\u0142adze szpitala niezale\u017cnie od podejmowanych prac w zakresie uzyskania kontraktu na leczenie w oddziale kardiochirurgii, w trosce o pacjent\u00f3w zdecydowa\u0142y si\u0119 uruchomi\u0107 oddzia\u0142! \u2013 B\u0119dziemy realizowa\u0107 \u015bwiadczenia te, kt\u00f3re b\u0119d\u0105 mo\u017cliwe i dalej prowadzi\u0107 starania o uruchomienie oddzia\u0142u ju\u017c finansowanego przez NFZ. Zak\u0142adamy, \u017ce uzyskamy dla tej koncepcji pozytywne decyzje zar\u00f3wno rady nadzorczej, jak i zgromadzenia udzia\u0142owc\u00f3w. Zak\u0142adamy, \u017ce bud\u017cet tego oddzia\u0142u oraz koszt inwestycji, kt\u00f3re powinni\u015bmy niezw\u0142ocznie poczyni\u0107 to 1,6 mln z\u0142. Roczny koszt funkcjonowania oddzia\u0142u do ok. 6 mln z\u0142. Mam nadziej\u0119, \u017ce w wyniku wsp\u00f3lnych dzia\u0142a\u0144 uda nam si\u0119 spowodowa\u0107, \u017ce NFZ og\u0142osi i rozstrzygnie konkurs na oddzia\u0142 kardiochirurgiczny w p\u00f3\u0142nocnej cz\u0119\u015bci wojew\u00f3dztwa &#8211; poinformowa\u0142 prezes szpitala <strong>Jerzy Ostrouch<\/strong>.<\/p>\n\n\n\n<p>Odwagi i determinacji w\u0142adzom lecznicy pogratulowa\u0142a pose\u0142 <strong>Krystyna Sibi\u0144ska<\/strong>. \u2013 Ta kardiochirurgia, to jest co\u015b co jest bardzo potrzebne i co zjednoczy\u0142o tak wiele \u015brodowisk. B\u0119dziemy ca\u0142y czas wspiera\u0107 walk\u0119 o kontrakt dla oddzia\u0142u. Dzi\u015b szpital podejmuje trudn\u0105, ale jak\u017ce potrzebn\u0105 decyzj\u0119 o tym, \u017ce mimo braku finansowania oddzia\u0142 ruszy, bo jest potrzebny i pozwoli na ratowanie ludzkiego \u017cycia \u2013 m\u00f3wi\u0142a.<\/p>\n","protected":false},"excerpt":{"rendered":"<p>Zarz\u0105d gorzowskiego szpitala podj\u0105\u0142 odwa\u017cn\u0105 decyzj\u0119 o uruchomieniu oddzia\u0142u kardiochirurgii, pomimo braku kontraktu z Narodowym Funduszem Zdrowia. A wszystko to w trosce o pacjent\u00f3w.<\/p>\n","protected":false},"author":1,"featured_media":6603,"comment_status":"open","ping_status":"open","sticky":false,"template":"","format":"standard","meta":{"footnotes":"","_links_to":"","_links_to_target":""},"categories":[904,589,53],"tags":[710,1057,1056,1164,209,251,379],"class_list":{"0":"post-6602","1":"post","2":"type-post","3":"status-publish","4":"format-standard","5":"has-post-thumbnail","7":"category-w-skrocie","9":"category-zdrowie","10":"tag-elzbieta-anna-polak","11":"tag-jerzy-ostrouch","12":"tag-kardiochirurgia","13":"tag-krystyna-sibinska","15":"tag-robert-surowiec","16":"tag-wielospecjalistyczny-szpital-wojewodzki"},"yoast_head":"<!-- This site is optimized with the Yoast SEO plugin v27.3 - https:\/\/yoast.com\/product\/yoast-seo-wordpress\/ -->\n<title>W Gorzowie ruszy kardiochirurgia! Mimo, \u017ce nie ma kontraktu z NFZ! - Gorz\u00f3w News<\/title>\n<meta name=\"description\" content=\"Zarz\u0105d gorzowskiego szpitala podj\u0105\u0142 odwa\u017cn\u0105 decyzj\u0119 o uruchomieniu oddzia\u0142u kardiochirurgii, pomimo braku kontraktu z Narodowym Funduszem Zdrow\" \/>\n<meta name=\"robots\" content=\"index, follow, max-snippet:-1, max-image-preview:large, max-video-preview:-1\" \/>\n<link rel=\"canonical\" href=\"https:\/\/gorzow.news\/index.php\/2022\/03\/29\/w-gorzowie-ruszy-kardiochirurgia-mimo-ze-nie-ma-kontraktu-z-nfz\/\" \/>\n<meta property=\"og:locale\" content=\"pl_PL\" \/>\n<meta property=\"og:type\" content=\"article\" \/>\n<meta property=\"og:title\" content=\"W Gorzowie ruszy kardiochirurgia! Mimo, \u017ce nie ma kontraktu z NFZ! - Gorz\u00f3w News\" \/>\n<meta property=\"og:description\" content=\"Zarz\u0105d gorzowskiego szpitala podj\u0105\u0142 odwa\u017cn\u0105 decyzj\u0119 o uruchomieniu oddzia\u0142u kardiochirurgii, pomimo braku kontraktu z Narodowym Funduszem Zdrow\" \/>\n<meta property=\"og:url\" content=\"https:\/\/gorzow.news\/index.php\/2022\/03\/29\/w-gorzowie-ruszy-kardiochirurgia-mimo-ze-nie-ma-kontraktu-z-nfz\/\" \/>\n<meta property=\"og:site_name\" content=\"Gorz\u00f3w News\" \/>\n<meta property=\"article:publisher\" content=\"https:\/\/www.facebook.com\/gorzowskinews\" \/>\n<meta property=\"article:published_time\" content=\"2022-03-29T11:49:37+00:00\" \/>\n<meta property=\"article:modified_time\" content=\"2022-03-29T11:49:38+00:00\" \/>\n<meta property=\"og:image\" content=\"https:\/\/gorzow.news\/wp-content\/uploads\/2022\/03\/4a4a8200a.jpg\" \/>\n\t<meta property=\"og:image:width\" content=\"1443\" \/>\n\t<meta property=\"og:image:height\" content=\"1080\" \/>\n\t<meta property=\"og:image:type\" content=\"image\/jpeg\" \/>\n<meta name=\"author\" content=\"maciej\" \/>\n<meta name=\"twitter:card\" content=\"summary_large_image\" \/>\n<meta name=\"twitter:label1\" content=\"Napisane przez\" \/>\n\t<meta name=\"twitter:data1\" content=\"maciej\" \/>\n\t<meta name=\"twitter:label2\" content=\"Szacowany czas czytania\" \/>\n\t<meta name=\"twitter:data2\" content=\"3 minuty\" \/>\n<script type=\"application\/ld+json\" class=\"yoast-schema-graph\">{\"@context\":\"https:\\\/\\\/schema.org\",\"@graph\":[{\"@type\":\"Article\",\"@id\":\"https:\\\/\\\/gorzow.news\\\/index.php\\\/2022\\\/03\\\/29\\\/w-gorzowie-ruszy-kardiochirurgia-mimo-ze-nie-ma-kontraktu-z-nfz\\\/#article\",\"isPartOf\":{\"@id\":\"https:\\\/\\\/gorzow.news\\\/index.php\\\/2022\\\/03\\\/29\\\/w-gorzowie-ruszy-kardiochirurgia-mimo-ze-nie-ma-kontraktu-z-nfz\\\/\"},\"author\":{\"name\":\"maciej\",\"@id\":\"https:\\\/\\\/gorzow.news\\\/#\\\/schema\\\/person\\\/a1e5ab43166369f2ce236a1cd90995bb\"},\"headline\":\"W Gorzowie ruszy kardiochirurgia! Mimo, \u017ce nie ma kontraktu z NFZ!\",\"datePublished\":\"2022-03-29T11:49:37+00:00\",\"dateModified\":\"2022-03-29T11:49:38+00:00\",\"mainEntityOfPage\":{\"@id\":\"https:\\\/\\\/gorzow.news\\\/index.php\\\/2022\\\/03\\\/29\\\/w-gorzowie-ruszy-kardiochirurgia-mimo-ze-nie-ma-kontraktu-z-nfz\\\/\"},\"wordCount\":500,\"commentCount\":0,\"image\":{\"@id\":\"https:\\\/\\\/gorzow.news\\\/index.php\\\/2022\\\/03\\\/29\\\/w-gorzowie-ruszy-kardiochirurgia-mimo-ze-nie-ma-kontraktu-z-nfz\\\/#primaryimage\"},\"thumbnailUrl\":\"https:\\\/\\\/gorzow.news\\\/wp-content\\\/uploads\\\/2022\\\/03\\\/4a4a8200a.jpg\",\"keywords\":[\"El\u017cbieta Anna Polak\",\"Jerzy Ostrouch\",\"kardiochirurgia\",\"Krystyna Sibi\u0144ska\",\"NFZ\",\"Robert Surowiec\",\"Wielospecjalistyczny Szpital Wojew\u00f3dzki\"],\"articleSection\":[\"W skr\u00f3cie\",\"Wiadomo\u015bci\",\"Zdrowie\"],\"inLanguage\":\"pl-PL\",\"potentialAction\":[{\"@type\":\"CommentAction\",\"name\":\"Comment\",\"target\":[\"https:\\\/\\\/gorzow.news\\\/index.php\\\/2022\\\/03\\\/29\\\/w-gorzowie-ruszy-kardiochirurgia-mimo-ze-nie-ma-kontraktu-z-nfz\\\/#respond\"]}]},{\"@type\":\"WebPage\",\"@id\":\"https:\\\/\\\/gorzow.news\\\/index.php\\\/2022\\\/03\\\/29\\\/w-gorzowie-ruszy-kardiochirurgia-mimo-ze-nie-ma-kontraktu-z-nfz\\\/\",\"url\":\"https:\\\/\\\/gorzow.news\\\/index.php\\\/2022\\\/03\\\/29\\\/w-gorzowie-ruszy-kardiochirurgia-mimo-ze-nie-ma-kontraktu-z-nfz\\\/\",\"name\":\"W Gorzowie ruszy kardiochirurgia! Mimo, \u017ce nie ma kontraktu z NFZ! - Gorz\u00f3w News\",\"isPartOf\":{\"@id\":\"https:\\\/\\\/gorzow.news\\\/#website\"},\"primaryImageOfPage\":{\"@id\":\"https:\\\/\\\/gorzow.news\\\/index.php\\\/2022\\\/03\\\/29\\\/w-gorzowie-ruszy-kardiochirurgia-mimo-ze-nie-ma-kontraktu-z-nfz\\\/#primaryimage\"},\"image\":{\"@id\":\"https:\\\/\\\/gorzow.news\\\/index.php\\\/2022\\\/03\\\/29\\\/w-gorzowie-ruszy-kardiochirurgia-mimo-ze-nie-ma-kontraktu-z-nfz\\\/#primaryimage\"},\"thumbnailUrl\":\"https:\\\/\\\/gorzow.news\\\/wp-content\\\/uploads\\\/2022\\\/03\\\/4a4a8200a.jpg\",\"datePublished\":\"2022-03-29T11:49:37+00:00\",\"dateModified\":\"2022-03-29T11:49:38+00:00\",\"author\":{\"@id\":\"https:\\\/\\\/gorzow.news\\\/#\\\/schema\\\/person\\\/a1e5ab43166369f2ce236a1cd90995bb\"},\"description\":\"Zarz\u0105d gorzowskiego szpitala podj\u0105\u0142 odwa\u017cn\u0105 decyzj\u0119 o uruchomieniu oddzia\u0142u kardiochirurgii, pomimo braku kontraktu z Narodowym Funduszem Zdrowia. A wszystko to w trosce o pacjent\u00f3w.\",\"breadcrumb\":{\"@id\":\"https:\\\/\\\/gorzow.news\\\/index.php\\\/2022\\\/03\\\/29\\\/w-gorzowie-ruszy-kardiochirurgia-mimo-ze-nie-ma-kontraktu-z-nfz\\\/#breadcrumb\"},\"inLanguage\":\"pl-PL\",\"potentialAction\":[{\"@type\":\"ReadAction\",\"target\":[\"https:\\\/\\\/gorzow.news\\\/index.php\\\/2022\\\/03\\\/29\\\/w-gorzowie-ruszy-kardiochirurgia-mimo-ze-nie-ma-kontraktu-z-nfz\\\/\"]}]},{\"@type\":\"ImageObject\",\"inLanguage\":\"pl-PL\",\"@id\":\"https:\\\/\\\/gorzow.news\\\/index.php\\\/2022\\\/03\\\/29\\\/w-gorzowie-ruszy-kardiochirurgia-mimo-ze-nie-ma-kontraktu-z-nfz\\\/#primaryimage\",\"url\":\"https:\\\/\\\/gorzow.news\\\/wp-content\\\/uploads\\\/2022\\\/03\\\/4a4a8200a.jpg\",\"contentUrl\":\"https:\\\/\\\/gorzow.news\\\/wp-content\\\/uploads\\\/2022\\\/03\\\/4a4a8200a.jpg\",\"width\":1443,\"height\":1080,\"caption\":\"fot. lubuskie.pl\"},{\"@type\":\"BreadcrumbList\",\"@id\":\"https:\\\/\\\/gorzow.news\\\/index.php\\\/2022\\\/03\\\/29\\\/w-gorzowie-ruszy-kardiochirurgia-mimo-ze-nie-ma-kontraktu-z-nfz\\\/#breadcrumb\",\"itemListElement\":[{\"@type\":\"ListItem\",\"position\":1,\"name\":\"Home\",\"item\":\"https:\\\/\\\/gorzow.news\\\/\"},{\"@type\":\"ListItem\",\"position\":2,\"name\":\"W Gorzowie ruszy kardiochirurgia! Mimo, \u017ce nie ma kontraktu z NFZ!\"}]},{\"@type\":\"WebSite\",\"@id\":\"https:\\\/\\\/gorzow.news\\\/#website\",\"url\":\"https:\\\/\\\/gorzow.news\\\/\",\"name\":\"Gorz\u00f3w News\",\"description\":\"Sp\u00f3jrz inaczej na miato i region...\",\"potentialAction\":[{\"@type\":\"SearchAction\",\"target\":{\"@type\":\"EntryPoint\",\"urlTemplate\":\"https:\\\/\\\/gorzow.news\\\/?s={search_term_string}\"},\"query-input\":{\"@type\":\"PropertyValueSpecification\",\"valueRequired\":true,\"valueName\":\"search_term_string\"}}],\"inLanguage\":\"pl-PL\"},{\"@type\":\"Person\",\"@id\":\"https:\\\/\\\/gorzow.news\\\/#\\\/schema\\\/person\\\/a1e5ab43166369f2ce236a1cd90995bb\",\"name\":\"maciej\",\"image\":{\"@type\":\"ImageObject\",\"inLanguage\":\"pl-PL\",\"@id\":\"https:\\\/\\\/secure.gravatar.com\\\/avatar\\\/530a674d56ba60cfa0ef21d74e8e8d123a51bb7aa6580465b5c2ab2c2e980a19?s=96&r=g&d=https:\\\/\\\/gorzow.news\\\/wp-content\\\/plugins\\\/userswp\\\/assets\\\/images\\\/no_profile.png\",\"url\":\"https:\\\/\\\/secure.gravatar.com\\\/avatar\\\/530a674d56ba60cfa0ef21d74e8e8d123a51bb7aa6580465b5c2ab2c2e980a19?s=96&r=g&d=https:\\\/\\\/gorzow.news\\\/wp-content\\\/plugins\\\/userswp\\\/assets\\\/images\\\/no_profile.png\",\"contentUrl\":\"https:\\\/\\\/secure.gravatar.com\\\/avatar\\\/530a674d56ba60cfa0ef21d74e8e8d123a51bb7aa6580465b5c2ab2c2e980a19?s=96&r=g&d=https:\\\/\\\/gorzow.news\\\/wp-content\\\/plugins\\\/userswp\\\/assets\\\/images\\\/no_profile.png\",\"caption\":\"maciej\"},\"url\":\"https:\\\/\\\/gorzow.news\\\/index.php\\\/profile\\\/maciej\\\/\"}]}<\/script>\n<!-- \/ Yoast SEO plugin. -->","yoast_head_json":{"title":"W Gorzowie ruszy kardiochirurgia! Mimo, \u017ce nie ma kontraktu z NFZ! - Gorz\u00f3w News","description":"Zarz\u0105d gorzowskiego szpitala podj\u0105\u0142 odwa\u017cn\u0105 decyzj\u0119 o uruchomieniu oddzia\u0142u kardiochirurgii, pomimo braku kontraktu z Narodowym Funduszem Zdrow","robots":{"index":"index","follow":"follow","max-snippet":"max-snippet:-1","max-image-preview":"max-image-preview:large","max-video-preview":"max-video-preview:-1"},"canonical":"https:\/\/gorzow.news\/index.php\/2022\/03\/29\/w-gorzowie-ruszy-kardiochirurgia-mimo-ze-nie-ma-kontraktu-z-nfz\/","og_locale":"pl_PL","og_type":"article","og_title":"W Gorzowie ruszy kardiochirurgia! Mimo, \u017ce nie ma kontraktu z NFZ! - Gorz\u00f3w News","og_description":"Zarz\u0105d gorzowskiego szpitala podj\u0105\u0142 odwa\u017cn\u0105 decyzj\u0119 o uruchomieniu oddzia\u0142u kardiochirurgii, pomimo braku kontraktu z Narodowym Funduszem Zdrow","og_url":"https:\/\/gorzow.news\/index.php\/2022\/03\/29\/w-gorzowie-ruszy-kardiochirurgia-mimo-ze-nie-ma-kontraktu-z-nfz\/","og_site_name":"Gorz\u00f3w News","article_publisher":"https:\/\/www.facebook.com\/gorzowskinews","article_published_time":"2022-03-29T11:49:37+00:00","article_modified_time":"2022-03-29T11:49:38+00:00","og_image":[{"width":1443,"height":1080,"url":"https:\/\/gorzow.news\/wp-content\/uploads\/2022\/03\/4a4a8200a.jpg","type":"image\/jpeg"}],"author":"maciej","twitter_card":"summary_large_image","twitter_misc":{"Napisane przez":"maciej","Szacowany czas czytania":"3 minuty"},"schema":{"@context":"https:\/\/schema.org","@graph":[{"@type":"Article","@id":"https:\/\/gorzow.news\/index.php\/2022\/03\/29\/w-gorzowie-ruszy-kardiochirurgia-mimo-ze-nie-ma-kontraktu-z-nfz\/#article","isPartOf":{"@id":"https:\/\/gorzow.news\/index.php\/2022\/03\/29\/w-gorzowie-ruszy-kardiochirurgia-mimo-ze-nie-ma-kontraktu-z-nfz\/"},"author":{"name":"maciej","@id":"https:\/\/gorzow.news\/#\/schema\/person\/a1e5ab43166369f2ce236a1cd90995bb"},"headline":"W Gorzowie ruszy kardiochirurgia! Mimo, \u017ce nie ma kontraktu z NFZ!","datePublished":"2022-03-29T11:49:37+00:00","dateModified":"2022-03-29T11:49:38+00:00","mainEntityOfPage":{"@id":"https:\/\/gorzow.news\/index.php\/2022\/03\/29\/w-gorzowie-ruszy-kardiochirurgia-mimo-ze-nie-ma-kontraktu-z-nfz\/"},"wordCount":500,"commentCount":0,"image":{"@id":"https:\/\/gorzow.news\/index.php\/2022\/03\/29\/w-gorzowie-ruszy-kardiochirurgia-mimo-ze-nie-ma-kontraktu-z-nfz\/#primaryimage"},"thumbnailUrl":"https:\/\/gorzow.news\/wp-content\/uploads\/2022\/03\/4a4a8200a.jpg","keywords":["El\u017cbieta Anna Polak","Jerzy Ostrouch","kardiochirurgia","Krystyna Sibi\u0144ska","NFZ","Robert Surowiec","Wielospecjalistyczny Szpital Wojew\u00f3dzki"],"articleSection":["W skr\u00f3cie","Wiadomo\u015bci","Zdrowie"],"inLanguage":"pl-PL","potentialAction":[{"@type":"CommentAction","name":"Comment","target":["https:\/\/gorzow.news\/index.php\/2022\/03\/29\/w-gorzowie-ruszy-kardiochirurgia-mimo-ze-nie-ma-kontraktu-z-nfz\/#respond"]}]},{"@type":"WebPage","@id":"https:\/\/gorzow.news\/index.php\/2022\/03\/29\/w-gorzowie-ruszy-kardiochirurgia-mimo-ze-nie-ma-kontraktu-z-nfz\/","url":"https:\/\/gorzow.news\/index.php\/2022\/03\/29\/w-gorzowie-ruszy-kardiochirurgia-mimo-ze-nie-ma-kontraktu-z-nfz\/","name":"W Gorzowie ruszy kardiochirurgia! Mimo, \u017ce nie ma kontraktu z NFZ! - Gorz\u00f3w News","isPartOf":{"@id":"https:\/\/gorzow.news\/#website"},"primaryImageOfPage":{"@id":"https:\/\/gorzow.news\/index.php\/2022\/03\/29\/w-gorzowie-ruszy-kardiochirurgia-mimo-ze-nie-ma-kontraktu-z-nfz\/#primaryimage"},"image":{"@id":"https:\/\/gorzow.news\/index.php\/2022\/03\/29\/w-gorzowie-ruszy-kardiochirurgia-mimo-ze-nie-ma-kontraktu-z-nfz\/#primaryimage"},"thumbnailUrl":"https:\/\/gorzow.news\/wp-content\/uploads\/2022\/03\/4a4a8200a.jpg","datePublished":"2022-03-29T11:49:37+00:00","dateModified":"2022-03-29T11:49:38+00:00","author":{"@id":"https:\/\/gorzow.news\/#\/schema\/person\/a1e5ab43166369f2ce236a1cd90995bb"},"description":"Zarz\u0105d gorzowskiego szpitala podj\u0105\u0142 odwa\u017cn\u0105 decyzj\u0119 o uruchomieniu oddzia\u0142u kardiochirurgii, pomimo braku kontraktu z Narodowym Funduszem Zdrowia. A wszystko to w trosce o pacjent\u00f3w.","breadcrumb":{"@id":"https:\/\/gorzow.news\/index.php\/2022\/03\/29\/w-gorzowie-ruszy-kardiochirurgia-mimo-ze-nie-ma-kontraktu-z-nfz\/#breadcrumb"},"inLanguage":"pl-PL","potentialAction":[{"@type":"ReadAction","target":["https:\/\/gorzow.news\/index.php\/2022\/03\/29\/w-gorzowie-ruszy-kardiochirurgia-mimo-ze-nie-ma-kontraktu-z-nfz\/"]}]},{"@type":"ImageObject","inLanguage":"pl-PL","@id":"https:\/\/gorzow.news\/index.php\/2022\/03\/29\/w-gorzowie-ruszy-kardiochirurgia-mimo-ze-nie-ma-kontraktu-z-nfz\/#primaryimage","url":"https:\/\/gorzow.news\/wp-content\/uploads\/2022\/03\/4a4a8200a.jpg","contentUrl":"https:\/\/gorzow.news\/wp-content\/uploads\/2022\/03\/4a4a8200a.jpg","width":1443,"height":1080,"caption":"fot. lubuskie.pl"},{"@type":"BreadcrumbList","@id":"https:\/\/gorzow.news\/index.php\/2022\/03\/29\/w-gorzowie-ruszy-kardiochirurgia-mimo-ze-nie-ma-kontraktu-z-nfz\/#breadcrumb","itemListElement":[{"@type":"ListItem","position":1,"name":"Home","item":"https:\/\/gorzow.news\/"},{"@type":"ListItem","position":2,"name":"W Gorzowie ruszy kardiochirurgia! Mimo, \u017ce nie ma kontraktu z NFZ!"}]},{"@type":"WebSite","@id":"https:\/\/gorzow.news\/#website","url":"https:\/\/gorzow.news\/","name":"Gorz\u00f3w News","description":"Sp\u00f3jrz inaczej na miato i region...","potentialAction":[{"@type":"SearchAction","target":{"@type":"EntryPoint","urlTemplate":"https:\/\/gorzow.news\/?s={search_term_string}"},"query-input":{"@type":"PropertyValueSpecification","valueRequired":true,"valueName":"search_term_string"}}],"inLanguage":"pl-PL"},{"@type":"Person","@id":"https:\/\/gorzow.news\/#\/schema\/person\/a1e5ab43166369f2ce236a1cd90995bb","name":"maciej","image":{"@type":"ImageObject","inLanguage":"pl-PL","@id":"https:\/\/secure.gravatar.com\/avatar\/530a674d56ba60cfa0ef21d74e8e8d123a51bb7aa6580465b5c2ab2c2e980a19?s=96&r=g&d=https:\/\/gorzow.news\/wp-content\/plugins\/userswp\/assets\/images\/no_profile.png","url":"https:\/\/secure.gravatar.com\/avatar\/530a674d56ba60cfa0ef21d74e8e8d123a51bb7aa6580465b5c2ab2c2e980a19?s=96&r=g&d=https:\/\/gorzow.news\/wp-content\/plugins\/userswp\/assets\/images\/no_profile.png","contentUrl":"https:\/\/secure.gravatar.com\/avatar\/530a674d56ba60cfa0ef21d74e8e8d123a51bb7aa6580465b5c2ab2c2e980a19?s=96&r=g&d=https:\/\/gorzow.news\/wp-content\/plugins\/userswp\/assets\/images\/no_profile.png","caption":"maciej"},"url":"https:\/\/gorzow.news\/index.php\/profile\/maciej\/"}]}},"_links":{"self":[{"href":"https:\/\/gorzow.news\/index.php\/wp-json\/wp\/v2\/posts\/6602","targetHints":{"allow":["GET"]}}],"collection":[{"href":"https:\/\/gorzow.news\/index.php\/wp-json\/wp\/v2\/posts"}],"about":[{"href":"https:\/\/gorzow.news\/index.php\/wp-json\/wp\/v2\/types\/post"}],"author":[{"embeddable":true,"href":"https:\/\/gorzow.news\/index.php\/wp-json\/wp\/v2\/users\/1"}],"replies":[{"embeddable":true,"href":"https:\/\/gorzow.news\/index.php\/wp-json\/wp\/v2\/comments?post=6602"}],"version-history":[{"count":0,"href":"https:\/\/gorzow.news\/index.php\/wp-json\/wp\/v2\/posts\/6602\/revisions"}],"wp:featuredmedia":[{"embeddable":true,"href":"https:\/\/gorzow.news\/index.php\/wp-json\/wp\/v2\/media\/6603"}],"wp:attachment":[{"href":"https:\/\/gorzow.news\/index.php\/wp-json\/wp\/v2\/media?parent=6602"}],"wp:term":[{"taxonomy":"category","embeddable":true,"href":"https:\/\/gorzow.news\/index.php\/wp-json\/wp\/v2\/categories?post=6602"},{"taxonomy":"post_tag","embeddable":true,"href":"https:\/\/gorzow.news\/index.php\/wp-json\/wp\/v2\/tags?post=6602"}],"curies":[{"name":"wp","href":"https:\/\/api.w.org\/{rel}","templated":true}]}}