{"id":6595,"date":"2022-03-29T13:36:32","date_gmt":"2022-03-29T11:36:32","guid":{"rendered":"https:\/\/gorzow.news\/?p=6595"},"modified":"2022-03-29T13:36:36","modified_gmt":"2022-03-29T11:36:36","slug":"spichlerz-prace-andrzeja-pagowskiego","status":"publish","type":"post","link":"https:\/\/gorzow.news\/index.php\/2022\/03\/29\/spichlerz-prace-andrzeja-pagowskiego\/","title":{"rendered":"Spichlerz: Prace Andrzeja P\u0105gowskiego"},"content":{"rendered":"\n<p><strong>Jego prace mo\u017cna ogl\u0105da\u0107 na ca\u0142ym \u015bwiecie. Nowy Jork, Madryt, Pary\u017c, Londyn, Sztokholm i Berlin, to tylko niekt\u00f3re z wybranych wystaw. A przez dwa najbli\u017csze miesi\u0105ce prace Andrzeja P\u0105gowskiego mo\u017cna zobaczy\u0107 w Gorzowie. Swoj\u0105 wystaw\u0119 prac \u201eWajda na nowo\u201d otworzy\u0142 osobi\u015bcie w gorzowskim \u201eSpichlerzu\u201d.<\/strong><\/p>\n\n\n\n<p>Projekt \u201eWajda na nowo\u201d zosta\u0142 zrealizowany w zwi\u0105zku z przypadaj\u0105c\u0105 w 2021 roku 95. rocznic\u0105 urodzin i 5. rocznic\u0105 \u015bmierci wybitnego polskiego re\u017cysera. W ramach projektu Andrzej P\u0105gowski stworzy\u0142 nowe plakaty do wszystkich 60 film\u00f3w w re\u017cyserii Andrzeja Wajdy, zar\u00f3wno tych najs\u0142ynniejszych fabularnych, jak i nieznanych szerszej publiczno\u015bci dokumentalnych. Wajda na nowo to sentymentalna podr\u00f3\u017c po filmowych dzie\u0142ach, kt\u00f3re na sta\u0142e zapisa\u0142y si\u0119 w \u015bwiadomo\u015bci widz\u00f3w.<\/p>\n\n\n\n<p>Wernisa\u017c z udzia\u0142em artysty zgromadzi\u0142 w Muzeum Lubuskim, w Spichlerzu ogromn\u0105 publiczno\u015b\u0107. Andrzej P\u0105gowski podkre\u015bla\u0142, \u017ce w Gorzowie i wojew\u00f3dztwie lubuskim jest po raz pierwszy.<\/p>\n\n\n\n<p>&#8211; Ciesz\u0119 si\u0119, \u017ce tutaj jestem i ciesz\u0119 si\u0119 z tej wystawy &#8211; m\u00f3wi\u0142 <strong>Andrzej P\u0105gowski<\/strong>, chwal\u0105c organizator\u00f3w za du\u017c\u0105 promocj\u0119 wydarzenia. S\u0142ynny plakacista i grafik m\u00f3wi\u0142 o kulisach powstania nowych plakat\u00f3w do wszystkich 60 film\u00f3w &#8211; fabularnych, dokumentalnych oraz etiud &#8211; w re\u017cyserii Andrzeja Wajdy.<\/p>\n\n\n\n<p>W mie\u015bcie artyst\u0119 powita\u0142y marsza\u0142ek wojew\u00f3dztwa El\u017cbieta Anna Polak i wiceprezydent miasta Iwona Olek. Obie podkre\u015bla\u0142y ogromne znaczenie pojawienia si\u0119 wystawy w regionie i dum\u0119 z faktu jej prezentacji w\u0142a\u015bnie w Gorzowie.<\/p>\n\n\n\n<p>Wystaw\u0119 honorowym patronatem obj\u0105\u0142 Prezydent Gorzowa. Prezentacja by\u0142a r\u00f3wnie\u017c dofinansowana z bud\u017cetu miasta. Mo\u017cna j\u0105 ogl\u0105da\u0107 w Gorzowie do 25 maja.<\/p>\n\n\n\n<p>Andrzej P\u0105gowski to jeden z najbardziej znanych polskich artyst\u00f3w grafik\u00f3w i czo\u0142owy przedstawiciel polskiej szko\u0142y plakatu. Jego prace znajduj\u0105 si\u0119 w kolekcjach Muzeum Sztuki Nowoczesnej w San Francisco, Centrum Pompidou w Pary\u017cu oraz Muzeum Sztuki Nowoczesnej w Nowym Jorku. W swoim dorobku zgromadzi\u0142 ponad 2000 plakat\u00f3w, w tym ok. 600 filmowych, spo\u015br\u00f3d kt\u00f3rych ok. 200 dotyczy film\u00f3w polskich. Poza plakatami tworzy ilustracje ksi\u0105\u017ckowe i prasowe, ok\u0142adki wydawnictw prasowych, scenografie teatralne i telewizyjne, a tak\u017ce scenariusze film\u00f3w i teledysk\u00f3w.<\/p>\n\n\n\n<figure class=\"wp-block-image size-large\"><img loading=\"lazy\" decoding=\"async\" width=\"1024\" height=\"683\" src=\"https:\/\/gorzow.news\/wp-content\/uploads\/2022\/03\/fotob-3467-1024x683.jpg\" alt=\"\" class=\"wp-image-6601\" srcset=\"https:\/\/gorzow.news\/wp-content\/uploads\/2022\/03\/fotob-3467-1024x683.jpg 1024w, https:\/\/gorzow.news\/wp-content\/uploads\/2022\/03\/fotob-3467-300x200.jpg 300w, https:\/\/gorzow.news\/wp-content\/uploads\/2022\/03\/fotob-3467-768x512.jpg 768w, https:\/\/gorzow.news\/wp-content\/uploads\/2022\/03\/fotob-3467-1536x1024.jpg 1536w, https:\/\/gorzow.news\/wp-content\/uploads\/2022\/03\/fotob-3467-696x464.jpg 696w, https:\/\/gorzow.news\/wp-content\/uploads\/2022\/03\/fotob-3467-1068x712.jpg 1068w, https:\/\/gorzow.news\/wp-content\/uploads\/2022\/03\/fotob-3467.jpg 1620w\" sizes=\"auto, (max-width: 1024px) 100vw, 1024px\" \/><\/figure>\n\n\n\n<figure class=\"wp-block-image size-large\"><img loading=\"lazy\" decoding=\"async\" width=\"1024\" height=\"683\" src=\"https:\/\/gorzow.news\/wp-content\/uploads\/2022\/03\/fotob-3450-1024x683.jpg\" alt=\"\" class=\"wp-image-6598\" srcset=\"https:\/\/gorzow.news\/wp-content\/uploads\/2022\/03\/fotob-3450-1024x683.jpg 1024w, https:\/\/gorzow.news\/wp-content\/uploads\/2022\/03\/fotob-3450-300x200.jpg 300w, https:\/\/gorzow.news\/wp-content\/uploads\/2022\/03\/fotob-3450-768x512.jpg 768w, https:\/\/gorzow.news\/wp-content\/uploads\/2022\/03\/fotob-3450-1536x1024.jpg 1536w, https:\/\/gorzow.news\/wp-content\/uploads\/2022\/03\/fotob-3450-696x464.jpg 696w, https:\/\/gorzow.news\/wp-content\/uploads\/2022\/03\/fotob-3450-1068x712.jpg 1068w, https:\/\/gorzow.news\/wp-content\/uploads\/2022\/03\/fotob-3450.jpg 1620w\" sizes=\"auto, (max-width: 1024px) 100vw, 1024px\" \/><\/figure>\n\n\n\n<figure class=\"wp-block-image size-large\"><img loading=\"lazy\" decoding=\"async\" width=\"1024\" height=\"683\" src=\"https:\/\/gorzow.news\/wp-content\/uploads\/2022\/03\/fotob-3463-1024x683.jpg\" alt=\"\" class=\"wp-image-6600\" srcset=\"https:\/\/gorzow.news\/wp-content\/uploads\/2022\/03\/fotob-3463-1024x683.jpg 1024w, https:\/\/gorzow.news\/wp-content\/uploads\/2022\/03\/fotob-3463-300x200.jpg 300w, https:\/\/gorzow.news\/wp-content\/uploads\/2022\/03\/fotob-3463-768x512.jpg 768w, https:\/\/gorzow.news\/wp-content\/uploads\/2022\/03\/fotob-3463-1536x1024.jpg 1536w, https:\/\/gorzow.news\/wp-content\/uploads\/2022\/03\/fotob-3463-696x464.jpg 696w, https:\/\/gorzow.news\/wp-content\/uploads\/2022\/03\/fotob-3463-1068x712.jpg 1068w, https:\/\/gorzow.news\/wp-content\/uploads\/2022\/03\/fotob-3463.jpg 1620w\" sizes=\"auto, (max-width: 1024px) 100vw, 1024px\" \/><\/figure>\n\n\n\n<figure class=\"wp-block-image size-large\"><img loading=\"lazy\" decoding=\"async\" width=\"1024\" height=\"683\" src=\"https:\/\/gorzow.news\/wp-content\/uploads\/2022\/03\/fotob-3461-1024x683.jpg\" alt=\"\" class=\"wp-image-6599\" srcset=\"https:\/\/gorzow.news\/wp-content\/uploads\/2022\/03\/fotob-3461-1024x683.jpg 1024w, https:\/\/gorzow.news\/wp-content\/uploads\/2022\/03\/fotob-3461-300x200.jpg 300w, https:\/\/gorzow.news\/wp-content\/uploads\/2022\/03\/fotob-3461-768x512.jpg 768w, https:\/\/gorzow.news\/wp-content\/uploads\/2022\/03\/fotob-3461-1536x1024.jpg 1536w, https:\/\/gorzow.news\/wp-content\/uploads\/2022\/03\/fotob-3461-696x464.jpg 696w, https:\/\/gorzow.news\/wp-content\/uploads\/2022\/03\/fotob-3461-1068x712.jpg 1068w, https:\/\/gorzow.news\/wp-content\/uploads\/2022\/03\/fotob-3461.jpg 1620w\" sizes=\"auto, (max-width: 1024px) 100vw, 1024px\" \/><\/figure>\n\n\n\n<figure class=\"wp-block-image size-large\"><img loading=\"lazy\" decoding=\"async\" width=\"1024\" height=\"683\" src=\"https:\/\/gorzow.news\/wp-content\/uploads\/2022\/03\/fotob-3443-1024x683.jpg\" alt=\"\" class=\"wp-image-6597\" srcset=\"https:\/\/gorzow.news\/wp-content\/uploads\/2022\/03\/fotob-3443-1024x683.jpg 1024w, https:\/\/gorzow.news\/wp-content\/uploads\/2022\/03\/fotob-3443-300x200.jpg 300w, https:\/\/gorzow.news\/wp-content\/uploads\/2022\/03\/fotob-3443-768x512.jpg 768w, https:\/\/gorzow.news\/wp-content\/uploads\/2022\/03\/fotob-3443-1536x1024.jpg 1536w, https:\/\/gorzow.news\/wp-content\/uploads\/2022\/03\/fotob-3443-696x464.jpg 696w, https:\/\/gorzow.news\/wp-content\/uploads\/2022\/03\/fotob-3443-1068x712.jpg 1068w, https:\/\/gorzow.news\/wp-content\/uploads\/2022\/03\/fotob-3443.jpg 1620w\" sizes=\"auto, (max-width: 1024px) 100vw, 1024px\" \/><\/figure>\n","protected":false},"excerpt":{"rendered":"<p>Jego prace mo\u017cna ogl\u0105da\u0107 na ca\u0142ym \u015bwiecie. Nowy Jork, Madryt, Pary\u017c, Londyn, Sztokholm i Berlin, to tylko niekt\u00f3re z wybranych wystaw. A przez dwa najbli\u017csze miesi\u0105ce prace Andrzeja P\u0105gowskiego mo\u017cna zobaczy\u0107 w Gorzowie. Swoj\u0105 wystaw\u0119 prac \u201eWajda na nowo\u201d otworzy\u0142 osobi\u015bcie w gorzowskim \u201eSpichlerzu\u201d.<\/p>\n","protected":false},"author":1,"featured_media":6596,"comment_status":"open","ping_status":"open","sticky":false,"template":"","format":"standard","meta":{"footnotes":"","_links_to":"","_links_to_target":""},"categories":[595,904,589],"tags":[1161,1163,710,816,1162],"class_list":{"0":"post-6595","1":"post","2":"type-post","3":"status-publish","4":"format-standard","5":"has-post-thumbnail","7":"category-rozrywka","8":"category-w-skrocie","9":"category-wiadomosci","10":"tag-andrzej-pagowski","11":"tag-andrzej-wajda","12":"tag-elzbieta-anna-polak","13":"tag-iwona-olek","14":"tag-spichlerz"},"yoast_head":"<!-- This site is optimized with the Yoast SEO plugin v27.3 - https:\/\/yoast.com\/product\/yoast-seo-wordpress\/ -->\n<title>Spichlerz: Prace Andrzeja P\u0105gowskiego - Gorz\u00f3w News<\/title>\n<meta name=\"description\" content=\"Jego prace mo\u017cna ogl\u0105da\u0107 na ca\u0142ym \u015bwiecie. Nowy Jork, Madryt, Pary\u017c, Londyn, Sztokholm i Berlin, to tylko niekt\u00f3re z wybranych wystaw. A przez\" \/>\n<meta name=\"robots\" content=\"index, follow, max-snippet:-1, max-image-preview:large, max-video-preview:-1\" \/>\n<link rel=\"canonical\" href=\"https:\/\/gorzow.news\/index.php\/2022\/03\/29\/spichlerz-prace-andrzeja-pagowskiego\/\" \/>\n<meta property=\"og:locale\" content=\"pl_PL\" \/>\n<meta property=\"og:type\" content=\"article\" \/>\n<meta property=\"og:title\" content=\"Spichlerz: Prace Andrzeja P\u0105gowskiego - Gorz\u00f3w News\" \/>\n<meta property=\"og:description\" content=\"Jego prace mo\u017cna ogl\u0105da\u0107 na ca\u0142ym \u015bwiecie. Nowy Jork, Madryt, Pary\u017c, Londyn, Sztokholm i Berlin, to tylko niekt\u00f3re z wybranych wystaw. A przez\" \/>\n<meta property=\"og:url\" content=\"https:\/\/gorzow.news\/index.php\/2022\/03\/29\/spichlerz-prace-andrzeja-pagowskiego\/\" \/>\n<meta property=\"og:site_name\" content=\"Gorz\u00f3w News\" \/>\n<meta property=\"article:publisher\" content=\"https:\/\/www.facebook.com\/gorzowskinews\" \/>\n<meta property=\"article:published_time\" content=\"2022-03-29T11:36:32+00:00\" \/>\n<meta property=\"article:modified_time\" content=\"2022-03-29T11:36:36+00:00\" \/>\n<meta property=\"og:image\" content=\"https:\/\/gorzow.news\/wp-content\/uploads\/2022\/03\/cropped-akt-fotob-2126.jpg\" \/>\n\t<meta property=\"og:image:width\" content=\"1192\" \/>\n\t<meta property=\"og:image:height\" content=\"751\" \/>\n\t<meta property=\"og:image:type\" content=\"image\/jpeg\" \/>\n<meta name=\"author\" content=\"maciej\" \/>\n<meta name=\"twitter:card\" content=\"summary_large_image\" \/>\n<meta name=\"twitter:label1\" content=\"Napisane przez\" \/>\n\t<meta name=\"twitter:data1\" content=\"maciej\" \/>\n\t<meta name=\"twitter:label2\" content=\"Szacowany czas czytania\" \/>\n\t<meta name=\"twitter:data2\" content=\"3 minuty\" \/>\n<script type=\"application\/ld+json\" class=\"yoast-schema-graph\">{\"@context\":\"https:\\\/\\\/schema.org\",\"@graph\":[{\"@type\":\"Article\",\"@id\":\"https:\\\/\\\/gorzow.news\\\/index.php\\\/2022\\\/03\\\/29\\\/spichlerz-prace-andrzeja-pagowskiego\\\/#article\",\"isPartOf\":{\"@id\":\"https:\\\/\\\/gorzow.news\\\/index.php\\\/2022\\\/03\\\/29\\\/spichlerz-prace-andrzeja-pagowskiego\\\/\"},\"author\":{\"name\":\"maciej\",\"@id\":\"https:\\\/\\\/gorzow.news\\\/#\\\/schema\\\/person\\\/a1e5ab43166369f2ce236a1cd90995bb\"},\"headline\":\"Spichlerz: Prace Andrzeja P\u0105gowskiego\",\"datePublished\":\"2022-03-29T11:36:32+00:00\",\"dateModified\":\"2022-03-29T11:36:36+00:00\",\"mainEntityOfPage\":{\"@id\":\"https:\\\/\\\/gorzow.news\\\/index.php\\\/2022\\\/03\\\/29\\\/spichlerz-prace-andrzeja-pagowskiego\\\/\"},\"wordCount\":375,\"commentCount\":0,\"image\":{\"@id\":\"https:\\\/\\\/gorzow.news\\\/index.php\\\/2022\\\/03\\\/29\\\/spichlerz-prace-andrzeja-pagowskiego\\\/#primaryimage\"},\"thumbnailUrl\":\"https:\\\/\\\/gorzow.news\\\/wp-content\\\/uploads\\\/2022\\\/03\\\/cropped-akt-fotob-2126.jpg\",\"keywords\":[\"Andrzej P\u0105gowski\",\"Andrzej Wajda\",\"El\u017cbieta Anna Polak\",\"Iwona Olek\",\"Spichlerz\"],\"articleSection\":[\"Rozrywka\",\"W skr\u00f3cie\",\"Wiadomo\u015bci\"],\"inLanguage\":\"pl-PL\",\"potentialAction\":[{\"@type\":\"CommentAction\",\"name\":\"Comment\",\"target\":[\"https:\\\/\\\/gorzow.news\\\/index.php\\\/2022\\\/03\\\/29\\\/spichlerz-prace-andrzeja-pagowskiego\\\/#respond\"]}]},{\"@type\":\"WebPage\",\"@id\":\"https:\\\/\\\/gorzow.news\\\/index.php\\\/2022\\\/03\\\/29\\\/spichlerz-prace-andrzeja-pagowskiego\\\/\",\"url\":\"https:\\\/\\\/gorzow.news\\\/index.php\\\/2022\\\/03\\\/29\\\/spichlerz-prace-andrzeja-pagowskiego\\\/\",\"name\":\"Spichlerz: Prace Andrzeja P\u0105gowskiego - Gorz\u00f3w News\",\"isPartOf\":{\"@id\":\"https:\\\/\\\/gorzow.news\\\/#website\"},\"primaryImageOfPage\":{\"@id\":\"https:\\\/\\\/gorzow.news\\\/index.php\\\/2022\\\/03\\\/29\\\/spichlerz-prace-andrzeja-pagowskiego\\\/#primaryimage\"},\"image\":{\"@id\":\"https:\\\/\\\/gorzow.news\\\/index.php\\\/2022\\\/03\\\/29\\\/spichlerz-prace-andrzeja-pagowskiego\\\/#primaryimage\"},\"thumbnailUrl\":\"https:\\\/\\\/gorzow.news\\\/wp-content\\\/uploads\\\/2022\\\/03\\\/cropped-akt-fotob-2126.jpg\",\"datePublished\":\"2022-03-29T11:36:32+00:00\",\"dateModified\":\"2022-03-29T11:36:36+00:00\",\"author\":{\"@id\":\"https:\\\/\\\/gorzow.news\\\/#\\\/schema\\\/person\\\/a1e5ab43166369f2ce236a1cd90995bb\"},\"description\":\"Jego prace mo\u017cna ogl\u0105da\u0107 na ca\u0142ym \u015bwiecie. Nowy Jork, Madryt, Pary\u017c, Londyn, Sztokholm i Berlin, to tylko niekt\u00f3re z wybranych wystaw. A przez dwa najbli\u017csze miesi\u0105ce prace Andrzeja P\u0105gowskiego mo\u017cna zobaczy\u0107 w Gorzowie. Swoj\u0105 wystaw\u0119 prac \u201eWajda na nowo\u201d otworzy\u0142 osobi\u015bcie w gorzowskim \u201eSpichlerzu\u201d.\",\"breadcrumb\":{\"@id\":\"https:\\\/\\\/gorzow.news\\\/index.php\\\/2022\\\/03\\\/29\\\/spichlerz-prace-andrzeja-pagowskiego\\\/#breadcrumb\"},\"inLanguage\":\"pl-PL\",\"potentialAction\":[{\"@type\":\"ReadAction\",\"target\":[\"https:\\\/\\\/gorzow.news\\\/index.php\\\/2022\\\/03\\\/29\\\/spichlerz-prace-andrzeja-pagowskiego\\\/\"]}]},{\"@type\":\"ImageObject\",\"inLanguage\":\"pl-PL\",\"@id\":\"https:\\\/\\\/gorzow.news\\\/index.php\\\/2022\\\/03\\\/29\\\/spichlerz-prace-andrzeja-pagowskiego\\\/#primaryimage\",\"url\":\"https:\\\/\\\/gorzow.news\\\/wp-content\\\/uploads\\\/2022\\\/03\\\/cropped-akt-fotob-2126.jpg\",\"contentUrl\":\"https:\\\/\\\/gorzow.news\\\/wp-content\\\/uploads\\\/2022\\\/03\\\/cropped-akt-fotob-2126.jpg\",\"width\":1192,\"height\":751,\"caption\":\"fot. Bart\u0142omiej Nowosielski \\\/ UM\"},{\"@type\":\"BreadcrumbList\",\"@id\":\"https:\\\/\\\/gorzow.news\\\/index.php\\\/2022\\\/03\\\/29\\\/spichlerz-prace-andrzeja-pagowskiego\\\/#breadcrumb\",\"itemListElement\":[{\"@type\":\"ListItem\",\"position\":1,\"name\":\"Home\",\"item\":\"https:\\\/\\\/gorzow.news\\\/\"},{\"@type\":\"ListItem\",\"position\":2,\"name\":\"Spichlerz: Prace Andrzeja P\u0105gowskiego\"}]},{\"@type\":\"WebSite\",\"@id\":\"https:\\\/\\\/gorzow.news\\\/#website\",\"url\":\"https:\\\/\\\/gorzow.news\\\/\",\"name\":\"Gorz\u00f3w News\",\"description\":\"Sp\u00f3jrz inaczej na miato i region...\",\"potentialAction\":[{\"@type\":\"SearchAction\",\"target\":{\"@type\":\"EntryPoint\",\"urlTemplate\":\"https:\\\/\\\/gorzow.news\\\/?s={search_term_string}\"},\"query-input\":{\"@type\":\"PropertyValueSpecification\",\"valueRequired\":true,\"valueName\":\"search_term_string\"}}],\"inLanguage\":\"pl-PL\"},{\"@type\":\"Person\",\"@id\":\"https:\\\/\\\/gorzow.news\\\/#\\\/schema\\\/person\\\/a1e5ab43166369f2ce236a1cd90995bb\",\"name\":\"maciej\",\"image\":{\"@type\":\"ImageObject\",\"inLanguage\":\"pl-PL\",\"@id\":\"https:\\\/\\\/secure.gravatar.com\\\/avatar\\\/530a674d56ba60cfa0ef21d74e8e8d123a51bb7aa6580465b5c2ab2c2e980a19?s=96&r=g&d=https:\\\/\\\/gorzow.news\\\/wp-content\\\/plugins\\\/userswp\\\/assets\\\/images\\\/no_profile.png\",\"url\":\"https:\\\/\\\/secure.gravatar.com\\\/avatar\\\/530a674d56ba60cfa0ef21d74e8e8d123a51bb7aa6580465b5c2ab2c2e980a19?s=96&r=g&d=https:\\\/\\\/gorzow.news\\\/wp-content\\\/plugins\\\/userswp\\\/assets\\\/images\\\/no_profile.png\",\"contentUrl\":\"https:\\\/\\\/secure.gravatar.com\\\/avatar\\\/530a674d56ba60cfa0ef21d74e8e8d123a51bb7aa6580465b5c2ab2c2e980a19?s=96&r=g&d=https:\\\/\\\/gorzow.news\\\/wp-content\\\/plugins\\\/userswp\\\/assets\\\/images\\\/no_profile.png\",\"caption\":\"maciej\"},\"url\":\"https:\\\/\\\/gorzow.news\\\/index.php\\\/profile\\\/maciej\\\/\"}]}<\/script>\n<!-- \/ Yoast SEO plugin. -->","yoast_head_json":{"title":"Spichlerz: Prace Andrzeja P\u0105gowskiego - Gorz\u00f3w News","description":"Jego prace mo\u017cna ogl\u0105da\u0107 na ca\u0142ym \u015bwiecie. Nowy Jork, Madryt, Pary\u017c, Londyn, Sztokholm i Berlin, to tylko niekt\u00f3re z wybranych wystaw. A przez","robots":{"index":"index","follow":"follow","max-snippet":"max-snippet:-1","max-image-preview":"max-image-preview:large","max-video-preview":"max-video-preview:-1"},"canonical":"https:\/\/gorzow.news\/index.php\/2022\/03\/29\/spichlerz-prace-andrzeja-pagowskiego\/","og_locale":"pl_PL","og_type":"article","og_title":"Spichlerz: Prace Andrzeja P\u0105gowskiego - Gorz\u00f3w News","og_description":"Jego prace mo\u017cna ogl\u0105da\u0107 na ca\u0142ym \u015bwiecie. Nowy Jork, Madryt, Pary\u017c, Londyn, Sztokholm i Berlin, to tylko niekt\u00f3re z wybranych wystaw. A przez","og_url":"https:\/\/gorzow.news\/index.php\/2022\/03\/29\/spichlerz-prace-andrzeja-pagowskiego\/","og_site_name":"Gorz\u00f3w News","article_publisher":"https:\/\/www.facebook.com\/gorzowskinews","article_published_time":"2022-03-29T11:36:32+00:00","article_modified_time":"2022-03-29T11:36:36+00:00","og_image":[{"width":1192,"height":751,"url":"https:\/\/gorzow.news\/wp-content\/uploads\/2022\/03\/cropped-akt-fotob-2126.jpg","type":"image\/jpeg"}],"author":"maciej","twitter_card":"summary_large_image","twitter_misc":{"Napisane przez":"maciej","Szacowany czas czytania":"3 minuty"},"schema":{"@context":"https:\/\/schema.org","@graph":[{"@type":"Article","@id":"https:\/\/gorzow.news\/index.php\/2022\/03\/29\/spichlerz-prace-andrzeja-pagowskiego\/#article","isPartOf":{"@id":"https:\/\/gorzow.news\/index.php\/2022\/03\/29\/spichlerz-prace-andrzeja-pagowskiego\/"},"author":{"name":"maciej","@id":"https:\/\/gorzow.news\/#\/schema\/person\/a1e5ab43166369f2ce236a1cd90995bb"},"headline":"Spichlerz: Prace Andrzeja P\u0105gowskiego","datePublished":"2022-03-29T11:36:32+00:00","dateModified":"2022-03-29T11:36:36+00:00","mainEntityOfPage":{"@id":"https:\/\/gorzow.news\/index.php\/2022\/03\/29\/spichlerz-prace-andrzeja-pagowskiego\/"},"wordCount":375,"commentCount":0,"image":{"@id":"https:\/\/gorzow.news\/index.php\/2022\/03\/29\/spichlerz-prace-andrzeja-pagowskiego\/#primaryimage"},"thumbnailUrl":"https:\/\/gorzow.news\/wp-content\/uploads\/2022\/03\/cropped-akt-fotob-2126.jpg","keywords":["Andrzej P\u0105gowski","Andrzej Wajda","El\u017cbieta Anna Polak","Iwona Olek","Spichlerz"],"articleSection":["Rozrywka","W skr\u00f3cie","Wiadomo\u015bci"],"inLanguage":"pl-PL","potentialAction":[{"@type":"CommentAction","name":"Comment","target":["https:\/\/gorzow.news\/index.php\/2022\/03\/29\/spichlerz-prace-andrzeja-pagowskiego\/#respond"]}]},{"@type":"WebPage","@id":"https:\/\/gorzow.news\/index.php\/2022\/03\/29\/spichlerz-prace-andrzeja-pagowskiego\/","url":"https:\/\/gorzow.news\/index.php\/2022\/03\/29\/spichlerz-prace-andrzeja-pagowskiego\/","name":"Spichlerz: Prace Andrzeja P\u0105gowskiego - Gorz\u00f3w News","isPartOf":{"@id":"https:\/\/gorzow.news\/#website"},"primaryImageOfPage":{"@id":"https:\/\/gorzow.news\/index.php\/2022\/03\/29\/spichlerz-prace-andrzeja-pagowskiego\/#primaryimage"},"image":{"@id":"https:\/\/gorzow.news\/index.php\/2022\/03\/29\/spichlerz-prace-andrzeja-pagowskiego\/#primaryimage"},"thumbnailUrl":"https:\/\/gorzow.news\/wp-content\/uploads\/2022\/03\/cropped-akt-fotob-2126.jpg","datePublished":"2022-03-29T11:36:32+00:00","dateModified":"2022-03-29T11:36:36+00:00","author":{"@id":"https:\/\/gorzow.news\/#\/schema\/person\/a1e5ab43166369f2ce236a1cd90995bb"},"description":"Jego prace mo\u017cna ogl\u0105da\u0107 na ca\u0142ym \u015bwiecie. Nowy Jork, Madryt, Pary\u017c, Londyn, Sztokholm i Berlin, to tylko niekt\u00f3re z wybranych wystaw. A przez dwa najbli\u017csze miesi\u0105ce prace Andrzeja P\u0105gowskiego mo\u017cna zobaczy\u0107 w Gorzowie. Swoj\u0105 wystaw\u0119 prac \u201eWajda na nowo\u201d otworzy\u0142 osobi\u015bcie w gorzowskim \u201eSpichlerzu\u201d.","breadcrumb":{"@id":"https:\/\/gorzow.news\/index.php\/2022\/03\/29\/spichlerz-prace-andrzeja-pagowskiego\/#breadcrumb"},"inLanguage":"pl-PL","potentialAction":[{"@type":"ReadAction","target":["https:\/\/gorzow.news\/index.php\/2022\/03\/29\/spichlerz-prace-andrzeja-pagowskiego\/"]}]},{"@type":"ImageObject","inLanguage":"pl-PL","@id":"https:\/\/gorzow.news\/index.php\/2022\/03\/29\/spichlerz-prace-andrzeja-pagowskiego\/#primaryimage","url":"https:\/\/gorzow.news\/wp-content\/uploads\/2022\/03\/cropped-akt-fotob-2126.jpg","contentUrl":"https:\/\/gorzow.news\/wp-content\/uploads\/2022\/03\/cropped-akt-fotob-2126.jpg","width":1192,"height":751,"caption":"fot. Bart\u0142omiej Nowosielski \/ UM"},{"@type":"BreadcrumbList","@id":"https:\/\/gorzow.news\/index.php\/2022\/03\/29\/spichlerz-prace-andrzeja-pagowskiego\/#breadcrumb","itemListElement":[{"@type":"ListItem","position":1,"name":"Home","item":"https:\/\/gorzow.news\/"},{"@type":"ListItem","position":2,"name":"Spichlerz: Prace Andrzeja P\u0105gowskiego"}]},{"@type":"WebSite","@id":"https:\/\/gorzow.news\/#website","url":"https:\/\/gorzow.news\/","name":"Gorz\u00f3w News","description":"Sp\u00f3jrz inaczej na miato i region...","potentialAction":[{"@type":"SearchAction","target":{"@type":"EntryPoint","urlTemplate":"https:\/\/gorzow.news\/?s={search_term_string}"},"query-input":{"@type":"PropertyValueSpecification","valueRequired":true,"valueName":"search_term_string"}}],"inLanguage":"pl-PL"},{"@type":"Person","@id":"https:\/\/gorzow.news\/#\/schema\/person\/a1e5ab43166369f2ce236a1cd90995bb","name":"maciej","image":{"@type":"ImageObject","inLanguage":"pl-PL","@id":"https:\/\/secure.gravatar.com\/avatar\/530a674d56ba60cfa0ef21d74e8e8d123a51bb7aa6580465b5c2ab2c2e980a19?s=96&r=g&d=https:\/\/gorzow.news\/wp-content\/plugins\/userswp\/assets\/images\/no_profile.png","url":"https:\/\/secure.gravatar.com\/avatar\/530a674d56ba60cfa0ef21d74e8e8d123a51bb7aa6580465b5c2ab2c2e980a19?s=96&r=g&d=https:\/\/gorzow.news\/wp-content\/plugins\/userswp\/assets\/images\/no_profile.png","contentUrl":"https:\/\/secure.gravatar.com\/avatar\/530a674d56ba60cfa0ef21d74e8e8d123a51bb7aa6580465b5c2ab2c2e980a19?s=96&r=g&d=https:\/\/gorzow.news\/wp-content\/plugins\/userswp\/assets\/images\/no_profile.png","caption":"maciej"},"url":"https:\/\/gorzow.news\/index.php\/profile\/maciej\/"}]}},"_links":{"self":[{"href":"https:\/\/gorzow.news\/index.php\/wp-json\/wp\/v2\/posts\/6595","targetHints":{"allow":["GET"]}}],"collection":[{"href":"https:\/\/gorzow.news\/index.php\/wp-json\/wp\/v2\/posts"}],"about":[{"href":"https:\/\/gorzow.news\/index.php\/wp-json\/wp\/v2\/types\/post"}],"author":[{"embeddable":true,"href":"https:\/\/gorzow.news\/index.php\/wp-json\/wp\/v2\/users\/1"}],"replies":[{"embeddable":true,"href":"https:\/\/gorzow.news\/index.php\/wp-json\/wp\/v2\/comments?post=6595"}],"version-history":[{"count":0,"href":"https:\/\/gorzow.news\/index.php\/wp-json\/wp\/v2\/posts\/6595\/revisions"}],"wp:featuredmedia":[{"embeddable":true,"href":"https:\/\/gorzow.news\/index.php\/wp-json\/wp\/v2\/media\/6596"}],"wp:attachment":[{"href":"https:\/\/gorzow.news\/index.php\/wp-json\/wp\/v2\/media?parent=6595"}],"wp:term":[{"taxonomy":"category","embeddable":true,"href":"https:\/\/gorzow.news\/index.php\/wp-json\/wp\/v2\/categories?post=6595"},{"taxonomy":"post_tag","embeddable":true,"href":"https:\/\/gorzow.news\/index.php\/wp-json\/wp\/v2\/tags?post=6595"}],"curies":[{"name":"wp","href":"https:\/\/api.w.org\/{rel}","templated":true}]}}