{"id":6588,"date":"2022-03-29T10:24:27","date_gmt":"2022-03-29T08:24:27","guid":{"rendered":"https:\/\/gorzow.news\/?p=6588"},"modified":"2022-03-29T10:24:30","modified_gmt":"2022-03-29T08:24:30","slug":"czytelnik-przejscie-w-budynku-przy-starym-rynku-od-lat-straszy","status":"publish","type":"post","link":"https:\/\/gorzow.news\/index.php\/2022\/03\/29\/czytelnik-przejscie-w-budynku-przy-starym-rynku-od-lat-straszy\/","title":{"rendered":"Czytelnik: Przej\u015bcie w budynku przy Starym Rynku od lat straszy!"},"content":{"rendered":"\n<p><strong>Na nasz\u0105 redakcyjn\u0105 skrzynk\u0119 mailow\u0105 trafi\u0142y w ostatnim czasie zdj\u0119cia zdewastowanego przej\u015bcia w budynku przy ul. Sikorskiego. &#8211; Od kilku lat zastanawiam si\u0119 kiedy to przej\u015bcie wreszcie zostanie uporz\u0105dkowane &#8211; pisze w przes\u0142anej wiadomo\u015bci pan Krzysztof. Tak si\u0119 sk\u0142ada, \u017ce tematem interesowali\u015bmy si\u0119 ju\u017c w ubieg\u0142ym roku. O spraw\u0119 pr\u00f3bowali\u015bmy dopytywa\u0107 w ADM, jednak nie otrzymali\u015bmy \u017cadnej odpowiedzi.<\/strong><\/p>\n\n\n\n<p>Przej\u015bcie znajduje si\u0119 w budynku przy ul. Sikorskiego mi\u0119dzy klatkami schodowymi nr 135 i 136. Tu\u017c na przeciw Starego Rynku. Powierzchnia przej\u015bcia pod budynkiem kilkana\u015bcie lat temu zosta\u0142a w du\u017cej cz\u0119\u015bci zabudowana pod dwa ma\u0142e przeszklone pomieszczenia us\u0142ugowe. Mie\u015bci\u0142y si\u0119 tutaj r\u00f3\u017cne us\u0142ugi &#8211; lombard, agencja reklamowa i biuro nieruchomo\u015bci. To w\u0142a\u015bnie logo biura nieruchomo\u015bci wisi do dzi\u015b nad przej\u015bciem, cho\u0107 firma nie istnieje od listopada 2015 roku!<\/p>\n\n\n\n<p>Lokale w przej\u015bciu r\u00f3wnie\u017c od lat stoj\u0105 puste. Z roku na rok s\u0105 dewastowane. W lipcu ubieg\u0142ego roku wys\u0142ali\u015bmy do Administracji Dom\u00f3w Mieszkalnych nr 4 w Gorzowie zapytanie o przej\u015bcie w budynku. Pytali\u015bmy, czy przeszklonych lokali nie mo\u017cna rozebra\u0107 i uporz\u0105dkowa\u0107 przej\u015bcia. Do dzi\u015b jednak nie otrzymali\u015bmy \u017cadnej odpowiedzi.<\/p>\n\n\n\n<p>Stary Rynek zosta\u0142 w ostatnim czasie przebudowany i uporz\u0105dkowany. Przej\u015bcie w budynku mieszkalnym w obecnym stanie razi i szpeci. Nie trzeba wielkich nak\u0142ad\u00f3w finansowych, aby je uporz\u0105dkowa\u0107. Czy tak si\u0119 stanie?<\/p>\n\n\n\n<figure class=\"wp-block-image size-large\"><img loading=\"lazy\" decoding=\"async\" width=\"1024\" height=\"484\" src=\"https:\/\/gorzow.news\/wp-content\/uploads\/2022\/03\/IMG_20220303_155826-1024x484.jpg\" alt=\"\" class=\"wp-image-6591\" srcset=\"https:\/\/gorzow.news\/wp-content\/uploads\/2022\/03\/IMG_20220303_155826-1024x484.jpg 1024w, https:\/\/gorzow.news\/wp-content\/uploads\/2022\/03\/IMG_20220303_155826-300x142.jpg 300w, https:\/\/gorzow.news\/wp-content\/uploads\/2022\/03\/IMG_20220303_155826-768x363.jpg 768w, https:\/\/gorzow.news\/wp-content\/uploads\/2022\/03\/IMG_20220303_155826-1536x727.jpg 1536w, https:\/\/gorzow.news\/wp-content\/uploads\/2022\/03\/IMG_20220303_155826-696x329.jpg 696w, https:\/\/gorzow.news\/wp-content\/uploads\/2022\/03\/IMG_20220303_155826-1068x505.jpg 1068w, https:\/\/gorzow.news\/wp-content\/uploads\/2022\/03\/IMG_20220303_155826-1920x908.jpg 1920w, https:\/\/gorzow.news\/wp-content\/uploads\/2022\/03\/IMG_20220303_155826.jpg 2000w\" sizes=\"auto, (max-width: 1024px) 100vw, 1024px\" \/><\/figure>\n\n\n\n<figure class=\"wp-block-image size-large\"><img loading=\"lazy\" decoding=\"async\" width=\"1024\" height=\"484\" src=\"https:\/\/gorzow.news\/wp-content\/uploads\/2022\/03\/IMG_20220303_155900-1024x484.jpg\" alt=\"\" class=\"wp-image-6594\" srcset=\"https:\/\/gorzow.news\/wp-content\/uploads\/2022\/03\/IMG_20220303_155900-1024x484.jpg 1024w, https:\/\/gorzow.news\/wp-content\/uploads\/2022\/03\/IMG_20220303_155900-300x142.jpg 300w, https:\/\/gorzow.news\/wp-content\/uploads\/2022\/03\/IMG_20220303_155900-768x363.jpg 768w, https:\/\/gorzow.news\/wp-content\/uploads\/2022\/03\/IMG_20220303_155900-1536x727.jpg 1536w, https:\/\/gorzow.news\/wp-content\/uploads\/2022\/03\/IMG_20220303_155900-696x329.jpg 696w, https:\/\/gorzow.news\/wp-content\/uploads\/2022\/03\/IMG_20220303_155900-1068x505.jpg 1068w, https:\/\/gorzow.news\/wp-content\/uploads\/2022\/03\/IMG_20220303_155900-1920x908.jpg 1920w, https:\/\/gorzow.news\/wp-content\/uploads\/2022\/03\/IMG_20220303_155900.jpg 2000w\" sizes=\"auto, (max-width: 1024px) 100vw, 1024px\" \/><\/figure>\n\n\n\n<figure class=\"wp-block-image size-large\"><img loading=\"lazy\" decoding=\"async\" width=\"1024\" height=\"484\" src=\"https:\/\/gorzow.news\/wp-content\/uploads\/2022\/03\/IMG_20220303_155845-1024x484.jpg\" alt=\"\" class=\"wp-image-6593\" srcset=\"https:\/\/gorzow.news\/wp-content\/uploads\/2022\/03\/IMG_20220303_155845-1024x484.jpg 1024w, https:\/\/gorzow.news\/wp-content\/uploads\/2022\/03\/IMG_20220303_155845-300x142.jpg 300w, https:\/\/gorzow.news\/wp-content\/uploads\/2022\/03\/IMG_20220303_155845-768x363.jpg 768w, https:\/\/gorzow.news\/wp-content\/uploads\/2022\/03\/IMG_20220303_155845-1536x727.jpg 1536w, https:\/\/gorzow.news\/wp-content\/uploads\/2022\/03\/IMG_20220303_155845-696x329.jpg 696w, https:\/\/gorzow.news\/wp-content\/uploads\/2022\/03\/IMG_20220303_155845-1068x505.jpg 1068w, https:\/\/gorzow.news\/wp-content\/uploads\/2022\/03\/IMG_20220303_155845-1920x908.jpg 1920w, https:\/\/gorzow.news\/wp-content\/uploads\/2022\/03\/IMG_20220303_155845.jpg 2000w\" sizes=\"auto, (max-width: 1024px) 100vw, 1024px\" \/><\/figure>\n\n\n\n<figure class=\"wp-block-image size-large\"><img loading=\"lazy\" decoding=\"async\" width=\"1024\" height=\"484\" src=\"https:\/\/gorzow.news\/wp-content\/uploads\/2022\/03\/IMG_20220303_155840-1024x484.jpg\" alt=\"\" class=\"wp-image-6592\" srcset=\"https:\/\/gorzow.news\/wp-content\/uploads\/2022\/03\/IMG_20220303_155840-1024x484.jpg 1024w, https:\/\/gorzow.news\/wp-content\/uploads\/2022\/03\/IMG_20220303_155840-300x142.jpg 300w, https:\/\/gorzow.news\/wp-content\/uploads\/2022\/03\/IMG_20220303_155840-768x363.jpg 768w, https:\/\/gorzow.news\/wp-content\/uploads\/2022\/03\/IMG_20220303_155840-1536x727.jpg 1536w, https:\/\/gorzow.news\/wp-content\/uploads\/2022\/03\/IMG_20220303_155840-696x329.jpg 696w, https:\/\/gorzow.news\/wp-content\/uploads\/2022\/03\/IMG_20220303_155840-1068x505.jpg 1068w, https:\/\/gorzow.news\/wp-content\/uploads\/2022\/03\/IMG_20220303_155840-1920x908.jpg 1920w, https:\/\/gorzow.news\/wp-content\/uploads\/2022\/03\/IMG_20220303_155840.jpg 2000w\" sizes=\"auto, (max-width: 1024px) 100vw, 1024px\" \/><\/figure>\n\n\n\n<figure class=\"wp-block-image size-large\"><img loading=\"lazy\" decoding=\"async\" width=\"1024\" height=\"484\" src=\"https:\/\/gorzow.news\/wp-content\/uploads\/2022\/03\/IMG_20220303_155806-1-1024x484.jpg\" alt=\"\" class=\"wp-image-6590\" srcset=\"https:\/\/gorzow.news\/wp-content\/uploads\/2022\/03\/IMG_20220303_155806-1-1024x484.jpg 1024w, https:\/\/gorzow.news\/wp-content\/uploads\/2022\/03\/IMG_20220303_155806-1-300x142.jpg 300w, https:\/\/gorzow.news\/wp-content\/uploads\/2022\/03\/IMG_20220303_155806-1-768x363.jpg 768w, https:\/\/gorzow.news\/wp-content\/uploads\/2022\/03\/IMG_20220303_155806-1-1536x727.jpg 1536w, https:\/\/gorzow.news\/wp-content\/uploads\/2022\/03\/IMG_20220303_155806-1-696x329.jpg 696w, https:\/\/gorzow.news\/wp-content\/uploads\/2022\/03\/IMG_20220303_155806-1-1068x505.jpg 1068w, https:\/\/gorzow.news\/wp-content\/uploads\/2022\/03\/IMG_20220303_155806-1-1920x908.jpg 1920w, https:\/\/gorzow.news\/wp-content\/uploads\/2022\/03\/IMG_20220303_155806-1.jpg 2000w\" sizes=\"auto, (max-width: 1024px) 100vw, 1024px\" \/><\/figure>\n","protected":false},"excerpt":{"rendered":"<p>Na nasz\u0105 redakcyjn\u0105 skrzynk\u0119 mailow\u0105 trafi\u0142y w ostatnim czasie zdj\u0119cia zdewastowanego przej\u015bcia w budynku przy ul. Sikorskiego. &#8211; Od kilku lat zastanawiam si\u0119 kiedy to przej\u015bcie wreszcie zostanie uporz\u0105dkowane &#8211; pisze w przes\u0142anej wiadomo\u015bci pan Krzysztof. Tak si\u0119 sk\u0142ada, \u017ce tematem interesowali\u015bmy si\u0119 ju\u017c w ubieg\u0142ym roku. O spraw\u0119 pr\u00f3bowali\u015bmy dopytywa\u0107 w ADM, jednak nie otrzymali\u015bmy \u017cadnej odpowiedzi.<\/p>\n","protected":false},"author":1,"featured_media":6589,"comment_status":"open","ping_status":"open","sticky":false,"template":"","format":"standard","meta":{"footnotes":"","_links_to":"","_links_to_target":""},"categories":[597,589],"tags":[183,1160,1159,1158,180,285],"class_list":{"0":"post-6588","1":"post","2":"type-post","3":"status-publish","4":"format-standard","5":"has-post-thumbnail","7":"category-fakty-opinie","8":"category-wiadomosci","9":"tag-adm","10":"tag-lombard","11":"tag-marex","12":"tag-przejscie","13":"tag-sikorskiego","14":"tag-stary-rynek"},"yoast_head":"<!-- This site is optimized with the Yoast SEO plugin v27.3 - https:\/\/yoast.com\/product\/yoast-seo-wordpress\/ -->\n<title>Czytelnik: Przej\u015bcie w budynku przy Starym Rynku od lat straszy! - Gorz\u00f3w News<\/title>\n<meta name=\"description\" content=\"Na nasz\u0105 redakcyjn\u0105 skrzynk\u0119 mailow\u0105 trafi\u0142y w ostatnim czasie zdj\u0119cia zdewastowanego przej\u015bcia w budynku przy ul. Sikorskiego. - Od kilku lat\" \/>\n<meta name=\"robots\" content=\"index, follow, max-snippet:-1, max-image-preview:large, max-video-preview:-1\" \/>\n<link rel=\"canonical\" href=\"https:\/\/gorzow.news\/index.php\/2022\/03\/29\/czytelnik-przejscie-w-budynku-przy-starym-rynku-od-lat-straszy\/\" \/>\n<meta property=\"og:locale\" content=\"pl_PL\" \/>\n<meta property=\"og:type\" content=\"article\" \/>\n<meta property=\"og:title\" content=\"Czytelnik: Przej\u015bcie w budynku przy Starym Rynku od lat straszy! - Gorz\u00f3w News\" \/>\n<meta property=\"og:description\" content=\"Na nasz\u0105 redakcyjn\u0105 skrzynk\u0119 mailow\u0105 trafi\u0142y w ostatnim czasie zdj\u0119cia zdewastowanego przej\u015bcia w budynku przy ul. Sikorskiego. - Od kilku lat\" \/>\n<meta property=\"og:url\" content=\"https:\/\/gorzow.news\/index.php\/2022\/03\/29\/czytelnik-przejscie-w-budynku-przy-starym-rynku-od-lat-straszy\/\" \/>\n<meta property=\"og:site_name\" content=\"Gorz\u00f3w News\" \/>\n<meta property=\"article:publisher\" content=\"https:\/\/www.facebook.com\/gorzowskinews\" \/>\n<meta property=\"article:published_time\" content=\"2022-03-29T08:24:27+00:00\" \/>\n<meta property=\"article:modified_time\" content=\"2022-03-29T08:24:30+00:00\" \/>\n<meta property=\"og:image\" content=\"https:\/\/gorzow.news\/wp-content\/uploads\/2022\/03\/IMG_20220303_155806.jpg\" \/>\n\t<meta property=\"og:image:width\" content=\"2000\" \/>\n\t<meta property=\"og:image:height\" content=\"946\" \/>\n\t<meta property=\"og:image:type\" content=\"image\/jpeg\" \/>\n<meta name=\"author\" content=\"maciej\" \/>\n<meta name=\"twitter:card\" content=\"summary_large_image\" \/>\n<meta name=\"twitter:label1\" content=\"Napisane przez\" \/>\n\t<meta name=\"twitter:data1\" content=\"maciej\" \/>\n\t<meta name=\"twitter:label2\" content=\"Szacowany czas czytania\" \/>\n\t<meta name=\"twitter:data2\" content=\"3 minuty\" \/>\n<script type=\"application\/ld+json\" class=\"yoast-schema-graph\">{\"@context\":\"https:\\\/\\\/schema.org\",\"@graph\":[{\"@type\":\"Article\",\"@id\":\"https:\\\/\\\/gorzow.news\\\/index.php\\\/2022\\\/03\\\/29\\\/czytelnik-przejscie-w-budynku-przy-starym-rynku-od-lat-straszy\\\/#article\",\"isPartOf\":{\"@id\":\"https:\\\/\\\/gorzow.news\\\/index.php\\\/2022\\\/03\\\/29\\\/czytelnik-przejscie-w-budynku-przy-starym-rynku-od-lat-straszy\\\/\"},\"author\":{\"name\":\"maciej\",\"@id\":\"https:\\\/\\\/gorzow.news\\\/#\\\/schema\\\/person\\\/a1e5ab43166369f2ce236a1cd90995bb\"},\"headline\":\"Czytelnik: Przej\u015bcie w budynku przy Starym Rynku od lat straszy!\",\"datePublished\":\"2022-03-29T08:24:27+00:00\",\"dateModified\":\"2022-03-29T08:24:30+00:00\",\"mainEntityOfPage\":{\"@id\":\"https:\\\/\\\/gorzow.news\\\/index.php\\\/2022\\\/03\\\/29\\\/czytelnik-przejscie-w-budynku-przy-starym-rynku-od-lat-straszy\\\/\"},\"wordCount\":261,\"commentCount\":0,\"image\":{\"@id\":\"https:\\\/\\\/gorzow.news\\\/index.php\\\/2022\\\/03\\\/29\\\/czytelnik-przejscie-w-budynku-przy-starym-rynku-od-lat-straszy\\\/#primaryimage\"},\"thumbnailUrl\":\"https:\\\/\\\/gorzow.news\\\/wp-content\\\/uploads\\\/2022\\\/03\\\/IMG_20220303_155806.jpg\",\"keywords\":[\"ADM\",\"lombard\",\"Marex\",\"przej\u015bcie\",\"Sikorskiego\",\"Stary Rynek\"],\"articleSection\":[\"Fakty i opinie\",\"Wiadomo\u015bci\"],\"inLanguage\":\"pl-PL\",\"potentialAction\":[{\"@type\":\"CommentAction\",\"name\":\"Comment\",\"target\":[\"https:\\\/\\\/gorzow.news\\\/index.php\\\/2022\\\/03\\\/29\\\/czytelnik-przejscie-w-budynku-przy-starym-rynku-od-lat-straszy\\\/#respond\"]}]},{\"@type\":\"WebPage\",\"@id\":\"https:\\\/\\\/gorzow.news\\\/index.php\\\/2022\\\/03\\\/29\\\/czytelnik-przejscie-w-budynku-przy-starym-rynku-od-lat-straszy\\\/\",\"url\":\"https:\\\/\\\/gorzow.news\\\/index.php\\\/2022\\\/03\\\/29\\\/czytelnik-przejscie-w-budynku-przy-starym-rynku-od-lat-straszy\\\/\",\"name\":\"Czytelnik: Przej\u015bcie w budynku przy Starym Rynku od lat straszy! - Gorz\u00f3w News\",\"isPartOf\":{\"@id\":\"https:\\\/\\\/gorzow.news\\\/#website\"},\"primaryImageOfPage\":{\"@id\":\"https:\\\/\\\/gorzow.news\\\/index.php\\\/2022\\\/03\\\/29\\\/czytelnik-przejscie-w-budynku-przy-starym-rynku-od-lat-straszy\\\/#primaryimage\"},\"image\":{\"@id\":\"https:\\\/\\\/gorzow.news\\\/index.php\\\/2022\\\/03\\\/29\\\/czytelnik-przejscie-w-budynku-przy-starym-rynku-od-lat-straszy\\\/#primaryimage\"},\"thumbnailUrl\":\"https:\\\/\\\/gorzow.news\\\/wp-content\\\/uploads\\\/2022\\\/03\\\/IMG_20220303_155806.jpg\",\"datePublished\":\"2022-03-29T08:24:27+00:00\",\"dateModified\":\"2022-03-29T08:24:30+00:00\",\"author\":{\"@id\":\"https:\\\/\\\/gorzow.news\\\/#\\\/schema\\\/person\\\/a1e5ab43166369f2ce236a1cd90995bb\"},\"description\":\"Na nasz\u0105 redakcyjn\u0105 skrzynk\u0119 mailow\u0105 trafi\u0142y w ostatnim czasie zdj\u0119cia zdewastowanego przej\u015bcia w budynku przy ul. Sikorskiego. - Od kilku lat zastanawiam si\u0119 kiedy to przej\u015bcie wreszcie zostanie uporz\u0105dkowane - pisze w przes\u0142anej wiadomo\u015bci pan Krzysztof. Tak si\u0119 sk\u0142ada, \u017ce tematem interesowali\u015bmy si\u0119 ju\u017c w ubieg\u0142ym roku. O spraw\u0119 pr\u00f3bowali\u015bmy dopytywa\u0107 w ADM, jednak nie otrzymali\u015bmy \u017cadnej odpowiedzi.\",\"breadcrumb\":{\"@id\":\"https:\\\/\\\/gorzow.news\\\/index.php\\\/2022\\\/03\\\/29\\\/czytelnik-przejscie-w-budynku-przy-starym-rynku-od-lat-straszy\\\/#breadcrumb\"},\"inLanguage\":\"pl-PL\",\"potentialAction\":[{\"@type\":\"ReadAction\",\"target\":[\"https:\\\/\\\/gorzow.news\\\/index.php\\\/2022\\\/03\\\/29\\\/czytelnik-przejscie-w-budynku-przy-starym-rynku-od-lat-straszy\\\/\"]}]},{\"@type\":\"ImageObject\",\"inLanguage\":\"pl-PL\",\"@id\":\"https:\\\/\\\/gorzow.news\\\/index.php\\\/2022\\\/03\\\/29\\\/czytelnik-przejscie-w-budynku-przy-starym-rynku-od-lat-straszy\\\/#primaryimage\",\"url\":\"https:\\\/\\\/gorzow.news\\\/wp-content\\\/uploads\\\/2022\\\/03\\\/IMG_20220303_155806.jpg\",\"contentUrl\":\"https:\\\/\\\/gorzow.news\\\/wp-content\\\/uploads\\\/2022\\\/03\\\/IMG_20220303_155806.jpg\",\"width\":2000,\"height\":946},{\"@type\":\"BreadcrumbList\",\"@id\":\"https:\\\/\\\/gorzow.news\\\/index.php\\\/2022\\\/03\\\/29\\\/czytelnik-przejscie-w-budynku-przy-starym-rynku-od-lat-straszy\\\/#breadcrumb\",\"itemListElement\":[{\"@type\":\"ListItem\",\"position\":1,\"name\":\"Home\",\"item\":\"https:\\\/\\\/gorzow.news\\\/\"},{\"@type\":\"ListItem\",\"position\":2,\"name\":\"Czytelnik: Przej\u015bcie w budynku przy Starym Rynku od lat straszy!\"}]},{\"@type\":\"WebSite\",\"@id\":\"https:\\\/\\\/gorzow.news\\\/#website\",\"url\":\"https:\\\/\\\/gorzow.news\\\/\",\"name\":\"Gorz\u00f3w News\",\"description\":\"Sp\u00f3jrz inaczej na miato i region...\",\"potentialAction\":[{\"@type\":\"SearchAction\",\"target\":{\"@type\":\"EntryPoint\",\"urlTemplate\":\"https:\\\/\\\/gorzow.news\\\/?s={search_term_string}\"},\"query-input\":{\"@type\":\"PropertyValueSpecification\",\"valueRequired\":true,\"valueName\":\"search_term_string\"}}],\"inLanguage\":\"pl-PL\"},{\"@type\":\"Person\",\"@id\":\"https:\\\/\\\/gorzow.news\\\/#\\\/schema\\\/person\\\/a1e5ab43166369f2ce236a1cd90995bb\",\"name\":\"maciej\",\"image\":{\"@type\":\"ImageObject\",\"inLanguage\":\"pl-PL\",\"@id\":\"https:\\\/\\\/secure.gravatar.com\\\/avatar\\\/530a674d56ba60cfa0ef21d74e8e8d123a51bb7aa6580465b5c2ab2c2e980a19?s=96&r=g&d=https:\\\/\\\/gorzow.news\\\/wp-content\\\/plugins\\\/userswp\\\/assets\\\/images\\\/no_profile.png\",\"url\":\"https:\\\/\\\/secure.gravatar.com\\\/avatar\\\/530a674d56ba60cfa0ef21d74e8e8d123a51bb7aa6580465b5c2ab2c2e980a19?s=96&r=g&d=https:\\\/\\\/gorzow.news\\\/wp-content\\\/plugins\\\/userswp\\\/assets\\\/images\\\/no_profile.png\",\"contentUrl\":\"https:\\\/\\\/secure.gravatar.com\\\/avatar\\\/530a674d56ba60cfa0ef21d74e8e8d123a51bb7aa6580465b5c2ab2c2e980a19?s=96&r=g&d=https:\\\/\\\/gorzow.news\\\/wp-content\\\/plugins\\\/userswp\\\/assets\\\/images\\\/no_profile.png\",\"caption\":\"maciej\"},\"url\":\"https:\\\/\\\/gorzow.news\\\/index.php\\\/profile\\\/maciej\\\/\"}]}<\/script>\n<!-- \/ Yoast SEO plugin. -->","yoast_head_json":{"title":"Czytelnik: Przej\u015bcie w budynku przy Starym Rynku od lat straszy! - Gorz\u00f3w News","description":"Na nasz\u0105 redakcyjn\u0105 skrzynk\u0119 mailow\u0105 trafi\u0142y w ostatnim czasie zdj\u0119cia zdewastowanego przej\u015bcia w budynku przy ul. Sikorskiego. - Od kilku lat","robots":{"index":"index","follow":"follow","max-snippet":"max-snippet:-1","max-image-preview":"max-image-preview:large","max-video-preview":"max-video-preview:-1"},"canonical":"https:\/\/gorzow.news\/index.php\/2022\/03\/29\/czytelnik-przejscie-w-budynku-przy-starym-rynku-od-lat-straszy\/","og_locale":"pl_PL","og_type":"article","og_title":"Czytelnik: Przej\u015bcie w budynku przy Starym Rynku od lat straszy! - Gorz\u00f3w News","og_description":"Na nasz\u0105 redakcyjn\u0105 skrzynk\u0119 mailow\u0105 trafi\u0142y w ostatnim czasie zdj\u0119cia zdewastowanego przej\u015bcia w budynku przy ul. Sikorskiego. - Od kilku lat","og_url":"https:\/\/gorzow.news\/index.php\/2022\/03\/29\/czytelnik-przejscie-w-budynku-przy-starym-rynku-od-lat-straszy\/","og_site_name":"Gorz\u00f3w News","article_publisher":"https:\/\/www.facebook.com\/gorzowskinews","article_published_time":"2022-03-29T08:24:27+00:00","article_modified_time":"2022-03-29T08:24:30+00:00","og_image":[{"width":2000,"height":946,"url":"https:\/\/gorzow.news\/wp-content\/uploads\/2022\/03\/IMG_20220303_155806.jpg","type":"image\/jpeg"}],"author":"maciej","twitter_card":"summary_large_image","twitter_misc":{"Napisane przez":"maciej","Szacowany czas czytania":"3 minuty"},"schema":{"@context":"https:\/\/schema.org","@graph":[{"@type":"Article","@id":"https:\/\/gorzow.news\/index.php\/2022\/03\/29\/czytelnik-przejscie-w-budynku-przy-starym-rynku-od-lat-straszy\/#article","isPartOf":{"@id":"https:\/\/gorzow.news\/index.php\/2022\/03\/29\/czytelnik-przejscie-w-budynku-przy-starym-rynku-od-lat-straszy\/"},"author":{"name":"maciej","@id":"https:\/\/gorzow.news\/#\/schema\/person\/a1e5ab43166369f2ce236a1cd90995bb"},"headline":"Czytelnik: Przej\u015bcie w budynku przy Starym Rynku od lat straszy!","datePublished":"2022-03-29T08:24:27+00:00","dateModified":"2022-03-29T08:24:30+00:00","mainEntityOfPage":{"@id":"https:\/\/gorzow.news\/index.php\/2022\/03\/29\/czytelnik-przejscie-w-budynku-przy-starym-rynku-od-lat-straszy\/"},"wordCount":261,"commentCount":0,"image":{"@id":"https:\/\/gorzow.news\/index.php\/2022\/03\/29\/czytelnik-przejscie-w-budynku-przy-starym-rynku-od-lat-straszy\/#primaryimage"},"thumbnailUrl":"https:\/\/gorzow.news\/wp-content\/uploads\/2022\/03\/IMG_20220303_155806.jpg","keywords":["ADM","lombard","Marex","przej\u015bcie","Sikorskiego","Stary Rynek"],"articleSection":["Fakty i opinie","Wiadomo\u015bci"],"inLanguage":"pl-PL","potentialAction":[{"@type":"CommentAction","name":"Comment","target":["https:\/\/gorzow.news\/index.php\/2022\/03\/29\/czytelnik-przejscie-w-budynku-przy-starym-rynku-od-lat-straszy\/#respond"]}]},{"@type":"WebPage","@id":"https:\/\/gorzow.news\/index.php\/2022\/03\/29\/czytelnik-przejscie-w-budynku-przy-starym-rynku-od-lat-straszy\/","url":"https:\/\/gorzow.news\/index.php\/2022\/03\/29\/czytelnik-przejscie-w-budynku-przy-starym-rynku-od-lat-straszy\/","name":"Czytelnik: Przej\u015bcie w budynku przy Starym Rynku od lat straszy! - Gorz\u00f3w News","isPartOf":{"@id":"https:\/\/gorzow.news\/#website"},"primaryImageOfPage":{"@id":"https:\/\/gorzow.news\/index.php\/2022\/03\/29\/czytelnik-przejscie-w-budynku-przy-starym-rynku-od-lat-straszy\/#primaryimage"},"image":{"@id":"https:\/\/gorzow.news\/index.php\/2022\/03\/29\/czytelnik-przejscie-w-budynku-przy-starym-rynku-od-lat-straszy\/#primaryimage"},"thumbnailUrl":"https:\/\/gorzow.news\/wp-content\/uploads\/2022\/03\/IMG_20220303_155806.jpg","datePublished":"2022-03-29T08:24:27+00:00","dateModified":"2022-03-29T08:24:30+00:00","author":{"@id":"https:\/\/gorzow.news\/#\/schema\/person\/a1e5ab43166369f2ce236a1cd90995bb"},"description":"Na nasz\u0105 redakcyjn\u0105 skrzynk\u0119 mailow\u0105 trafi\u0142y w ostatnim czasie zdj\u0119cia zdewastowanego przej\u015bcia w budynku przy ul. Sikorskiego. - Od kilku lat zastanawiam si\u0119 kiedy to przej\u015bcie wreszcie zostanie uporz\u0105dkowane - pisze w przes\u0142anej wiadomo\u015bci pan Krzysztof. Tak si\u0119 sk\u0142ada, \u017ce tematem interesowali\u015bmy si\u0119 ju\u017c w ubieg\u0142ym roku. O spraw\u0119 pr\u00f3bowali\u015bmy dopytywa\u0107 w ADM, jednak nie otrzymali\u015bmy \u017cadnej odpowiedzi.","breadcrumb":{"@id":"https:\/\/gorzow.news\/index.php\/2022\/03\/29\/czytelnik-przejscie-w-budynku-przy-starym-rynku-od-lat-straszy\/#breadcrumb"},"inLanguage":"pl-PL","potentialAction":[{"@type":"ReadAction","target":["https:\/\/gorzow.news\/index.php\/2022\/03\/29\/czytelnik-przejscie-w-budynku-przy-starym-rynku-od-lat-straszy\/"]}]},{"@type":"ImageObject","inLanguage":"pl-PL","@id":"https:\/\/gorzow.news\/index.php\/2022\/03\/29\/czytelnik-przejscie-w-budynku-przy-starym-rynku-od-lat-straszy\/#primaryimage","url":"https:\/\/gorzow.news\/wp-content\/uploads\/2022\/03\/IMG_20220303_155806.jpg","contentUrl":"https:\/\/gorzow.news\/wp-content\/uploads\/2022\/03\/IMG_20220303_155806.jpg","width":2000,"height":946},{"@type":"BreadcrumbList","@id":"https:\/\/gorzow.news\/index.php\/2022\/03\/29\/czytelnik-przejscie-w-budynku-przy-starym-rynku-od-lat-straszy\/#breadcrumb","itemListElement":[{"@type":"ListItem","position":1,"name":"Home","item":"https:\/\/gorzow.news\/"},{"@type":"ListItem","position":2,"name":"Czytelnik: Przej\u015bcie w budynku przy Starym Rynku od lat straszy!"}]},{"@type":"WebSite","@id":"https:\/\/gorzow.news\/#website","url":"https:\/\/gorzow.news\/","name":"Gorz\u00f3w News","description":"Sp\u00f3jrz inaczej na miato i region...","potentialAction":[{"@type":"SearchAction","target":{"@type":"EntryPoint","urlTemplate":"https:\/\/gorzow.news\/?s={search_term_string}"},"query-input":{"@type":"PropertyValueSpecification","valueRequired":true,"valueName":"search_term_string"}}],"inLanguage":"pl-PL"},{"@type":"Person","@id":"https:\/\/gorzow.news\/#\/schema\/person\/a1e5ab43166369f2ce236a1cd90995bb","name":"maciej","image":{"@type":"ImageObject","inLanguage":"pl-PL","@id":"https:\/\/secure.gravatar.com\/avatar\/530a674d56ba60cfa0ef21d74e8e8d123a51bb7aa6580465b5c2ab2c2e980a19?s=96&r=g&d=https:\/\/gorzow.news\/wp-content\/plugins\/userswp\/assets\/images\/no_profile.png","url":"https:\/\/secure.gravatar.com\/avatar\/530a674d56ba60cfa0ef21d74e8e8d123a51bb7aa6580465b5c2ab2c2e980a19?s=96&r=g&d=https:\/\/gorzow.news\/wp-content\/plugins\/userswp\/assets\/images\/no_profile.png","contentUrl":"https:\/\/secure.gravatar.com\/avatar\/530a674d56ba60cfa0ef21d74e8e8d123a51bb7aa6580465b5c2ab2c2e980a19?s=96&r=g&d=https:\/\/gorzow.news\/wp-content\/plugins\/userswp\/assets\/images\/no_profile.png","caption":"maciej"},"url":"https:\/\/gorzow.news\/index.php\/profile\/maciej\/"}]}},"_links":{"self":[{"href":"https:\/\/gorzow.news\/index.php\/wp-json\/wp\/v2\/posts\/6588","targetHints":{"allow":["GET"]}}],"collection":[{"href":"https:\/\/gorzow.news\/index.php\/wp-json\/wp\/v2\/posts"}],"about":[{"href":"https:\/\/gorzow.news\/index.php\/wp-json\/wp\/v2\/types\/post"}],"author":[{"embeddable":true,"href":"https:\/\/gorzow.news\/index.php\/wp-json\/wp\/v2\/users\/1"}],"replies":[{"embeddable":true,"href":"https:\/\/gorzow.news\/index.php\/wp-json\/wp\/v2\/comments?post=6588"}],"version-history":[{"count":0,"href":"https:\/\/gorzow.news\/index.php\/wp-json\/wp\/v2\/posts\/6588\/revisions"}],"wp:featuredmedia":[{"embeddable":true,"href":"https:\/\/gorzow.news\/index.php\/wp-json\/wp\/v2\/media\/6589"}],"wp:attachment":[{"href":"https:\/\/gorzow.news\/index.php\/wp-json\/wp\/v2\/media?parent=6588"}],"wp:term":[{"taxonomy":"category","embeddable":true,"href":"https:\/\/gorzow.news\/index.php\/wp-json\/wp\/v2\/categories?post=6588"},{"taxonomy":"post_tag","embeddable":true,"href":"https:\/\/gorzow.news\/index.php\/wp-json\/wp\/v2\/tags?post=6588"}],"curies":[{"name":"wp","href":"https:\/\/api.w.org\/{rel}","templated":true}]}}