{"id":6513,"date":"2022-03-24T12:44:15","date_gmt":"2022-03-24T11:44:15","guid":{"rendered":"https:\/\/gorzow.news\/?p=6513"},"modified":"2022-03-24T12:44:18","modified_gmt":"2022-03-24T11:44:18","slug":"godzina-dla-ziemi-w-sobote-zgasimy-swiatlo","status":"publish","type":"post","link":"https:\/\/gorzow.news\/index.php\/2022\/03\/24\/godzina-dla-ziemi-w-sobote-zgasimy-swiatlo\/","title":{"rendered":"Godzina dla Ziemi: W sobot\u0119 zgasimy \u015bwiat\u0142o"},"content":{"rendered":"\n<p><strong>Dok\u0142adnie o godz. 20.30, w sobot\u0119 (26 marca), na ca\u0142ym \u015bwiecie szesnasty raz zgasn\u0105 \u015bwiat\u0142a podczas niezwyk\u0142ej akcji zainicjowanej przez organizacj\u0119 ekologiczn\u0105 WWF. Symboliczne zgaszenie \u015bwiat\u0142a na 60 minut b\u0119dzie okazj\u0105 do tego, aby wyrazi\u0107 trosk\u0119 o \u015brodowisko naturalne naszej planety. Nasze miasto przy\u0142\u0105czy si\u0119 do niej w tym roku po raz dwunasty.<\/strong><\/p>\n\n\n\n<p>Podobnie jak w latach poprzednich, 26 marca od godz. 20.30 do 21.30 zgasn\u0105 po raz dwunasty w Gorzowie iluminacje charakterystycznych budowli naszego miasta, jak ko\u015bci\u00f3\u0142 pw. Chrystusa Kr\u00f3la przy ul. Woskowej, Filharmonia, Dominanta, Nova Park i Askana. Wy\u0142\u0105czone zostan\u0105 te\u017c ekrany LED: w Galerii Askana oraz przy skrzy\u017cowaniu ulic Chrobrego i Sikorskiego.<\/p>\n\n\n\n<p>\u201eGodzina dla Ziemi WWF\u201d jest to wyj\u0105tkowa akcja spo\u0142eczna, kt\u00f3ra co roku jednoczy miliony ludzi na ca\u0142ym \u015bwiecie. W zesz\u0142ym roku w\u015br\u00f3d os\u00f3b zaanga\u017cowanych w to niezwyk\u0142e wydarzenie znale\u017ali si\u0119 mieszka\u0144cy 170 pa\u0144stw \u015bwiata, a ponad 10 tys. instalacji roz\u015bwietlaj\u0105cych zabytki i pomniki zosta\u0142o wy\u0142\u0105czonych. W Polsce w akcji wzi\u0119\u0142o udzia\u0142 ponad 100 miast.<\/p>\n\n\n\n<p>Dodatkowo, od kilku lat w Polsce Godzina dla Ziemi WWF s\u0142u\u017cy rozwi\u0105zywaniu konkretnych problem\u00f3w ekologicznych. W 2021 r. po\u015bwi\u0119cono polsk\u0105 edycj\u0119 ochronie \u015brodowiska morza Ba\u0142tyckiego i odby\u0142a si\u0119 pod has\u0142em \u201eOcalmy Ba\u0142tyk, nim zat\u0119sknimy\u201d.<\/p>\n\n\n\n<p>Tegoroczna edycja Godziny dla Ziemi WWF pod has\u0142em \u201eRazem dla planety\u201d jest po\u015bwi\u0119cona walce ze zmian\u0105 klimatu i ma na celu u\u015bwiadomienie Polakom, \u017ce ka\u017cdy z nas mo\u017ce podj\u0105\u0107 dzia\u0142ania na rzecz klimatu.<\/p>\n\n\n\n<p>Ponadto WWF chce, by zgaszone na godzin\u0119 \u015bwiat\u0142a by\u0142y r\u00f3wnie\u017c wo\u0142aniem o pok\u00f3j, trosk\u0119 o ludzi i ca\u0142\u0105 planet\u0119.<\/p>\n","protected":false},"excerpt":{"rendered":"<p>Dok\u0142adnie o godz. 20.30, w sobot\u0119 (26 marca), na ca\u0142ym \u015bwiecie szesnasty raz zgasn\u0105 \u015bwiat\u0142a podczas niezwyk\u0142ej akcji zainicjowanej przez organizacj\u0119 ekologiczn\u0105 WWF. Symboliczne zgaszenie \u015bwiat\u0142a na 60 minut b\u0119dzie okazj\u0105 do tego, aby wyrazi\u0107 trosk\u0119 o \u015brodowisko naturalne naszej planety. Nasze miasto przy\u0142\u0105czy si\u0119 do niej w tym roku po raz dwunasty.<\/p>\n","protected":false},"author":1,"featured_media":6514,"comment_status":"open","ping_status":"open","sticky":false,"template":"","format":"standard","meta":{"footnotes":"","_links_to":"","_links_to_target":""},"categories":[904,589],"tags":[1138],"class_list":{"0":"post-6513","1":"post","2":"type-post","3":"status-publish","4":"format-standard","5":"has-post-thumbnail","7":"category-w-skrocie","8":"category-wiadomosci","9":"tag-godzina-dla-ziemi"},"yoast_head":"<!-- This site is optimized with the Yoast SEO plugin v27.3 - https:\/\/yoast.com\/product\/yoast-seo-wordpress\/ -->\n<title>Godzina dla Ziemi: W sobot\u0119 zgasimy \u015bwiat\u0142o - Gorz\u00f3w News<\/title>\n<meta name=\"robots\" content=\"index, follow, max-snippet:-1, max-image-preview:large, max-video-preview:-1\" \/>\n<link rel=\"canonical\" href=\"https:\/\/gorzow.news\/index.php\/2022\/03\/24\/godzina-dla-ziemi-w-sobote-zgasimy-swiatlo\/\" \/>\n<meta property=\"og:locale\" content=\"pl_PL\" \/>\n<meta property=\"og:type\" content=\"article\" \/>\n<meta property=\"og:title\" content=\"Godzina dla Ziemi: W sobot\u0119 zgasimy \u015bwiat\u0142o - Gorz\u00f3w News\" \/>\n<meta property=\"og:description\" content=\"Dok\u0142adnie o godz. 20.30, w sobot\u0119 (26 marca), na ca\u0142ym \u015bwiecie szesnasty raz zgasn\u0105 \u015bwiat\u0142a podczas niezwyk\u0142ej akcji zainicjowanej przez organ\" \/>\n<meta property=\"og:url\" content=\"https:\/\/gorzow.news\/index.php\/2022\/03\/24\/godzina-dla-ziemi-w-sobote-zgasimy-swiatlo\/\" \/>\n<meta property=\"og:site_name\" content=\"Gorz\u00f3w News\" \/>\n<meta property=\"article:publisher\" content=\"https:\/\/www.facebook.com\/gorzowskinews\" \/>\n<meta property=\"article:published_time\" content=\"2022-03-24T11:44:15+00:00\" \/>\n<meta property=\"article:modified_time\" content=\"2022-03-24T11:44:18+00:00\" \/>\n<meta property=\"og:image\" content=\"https:\/\/gorzow.news\/wp-content\/uploads\/2022\/03\/godzina-dla-ziemi.jpg\" \/>\n\t<meta property=\"og:image:width\" content=\"1200\" \/>\n\t<meta property=\"og:image:height\" content=\"675\" \/>\n\t<meta property=\"og:image:type\" content=\"image\/jpeg\" \/>\n<meta name=\"author\" content=\"maciej\" \/>\n<meta name=\"twitter:card\" content=\"summary_large_image\" \/>\n<meta name=\"twitter:label1\" content=\"Napisane przez\" \/>\n\t<meta name=\"twitter:data1\" content=\"maciej\" \/>\n\t<meta name=\"twitter:label2\" content=\"Szacowany czas czytania\" \/>\n\t<meta name=\"twitter:data2\" content=\"2 minuty\" \/>\n<script type=\"application\/ld+json\" class=\"yoast-schema-graph\">{\"@context\":\"https:\\\/\\\/schema.org\",\"@graph\":[{\"@type\":\"Article\",\"@id\":\"https:\\\/\\\/gorzow.news\\\/index.php\\\/2022\\\/03\\\/24\\\/godzina-dla-ziemi-w-sobote-zgasimy-swiatlo\\\/#article\",\"isPartOf\":{\"@id\":\"https:\\\/\\\/gorzow.news\\\/index.php\\\/2022\\\/03\\\/24\\\/godzina-dla-ziemi-w-sobote-zgasimy-swiatlo\\\/\"},\"author\":{\"name\":\"maciej\",\"@id\":\"https:\\\/\\\/gorzow.news\\\/#\\\/schema\\\/person\\\/a1e5ab43166369f2ce236a1cd90995bb\"},\"headline\":\"Godzina dla Ziemi: W sobot\u0119 zgasimy \u015bwiat\u0142o\",\"datePublished\":\"2022-03-24T11:44:15+00:00\",\"dateModified\":\"2022-03-24T11:44:18+00:00\",\"mainEntityOfPage\":{\"@id\":\"https:\\\/\\\/gorzow.news\\\/index.php\\\/2022\\\/03\\\/24\\\/godzina-dla-ziemi-w-sobote-zgasimy-swiatlo\\\/\"},\"wordCount\":295,\"commentCount\":0,\"image\":{\"@id\":\"https:\\\/\\\/gorzow.news\\\/index.php\\\/2022\\\/03\\\/24\\\/godzina-dla-ziemi-w-sobote-zgasimy-swiatlo\\\/#primaryimage\"},\"thumbnailUrl\":\"https:\\\/\\\/gorzow.news\\\/wp-content\\\/uploads\\\/2022\\\/03\\\/godzina-dla-ziemi.jpg\",\"keywords\":[\"Godzina dla Ziemi\"],\"articleSection\":[\"W skr\u00f3cie\",\"Wiadomo\u015bci\"],\"inLanguage\":\"pl-PL\",\"potentialAction\":[{\"@type\":\"CommentAction\",\"name\":\"Comment\",\"target\":[\"https:\\\/\\\/gorzow.news\\\/index.php\\\/2022\\\/03\\\/24\\\/godzina-dla-ziemi-w-sobote-zgasimy-swiatlo\\\/#respond\"]}]},{\"@type\":\"WebPage\",\"@id\":\"https:\\\/\\\/gorzow.news\\\/index.php\\\/2022\\\/03\\\/24\\\/godzina-dla-ziemi-w-sobote-zgasimy-swiatlo\\\/\",\"url\":\"https:\\\/\\\/gorzow.news\\\/index.php\\\/2022\\\/03\\\/24\\\/godzina-dla-ziemi-w-sobote-zgasimy-swiatlo\\\/\",\"name\":\"Godzina dla Ziemi: W sobot\u0119 zgasimy \u015bwiat\u0142o - Gorz\u00f3w News\",\"isPartOf\":{\"@id\":\"https:\\\/\\\/gorzow.news\\\/#website\"},\"primaryImageOfPage\":{\"@id\":\"https:\\\/\\\/gorzow.news\\\/index.php\\\/2022\\\/03\\\/24\\\/godzina-dla-ziemi-w-sobote-zgasimy-swiatlo\\\/#primaryimage\"},\"image\":{\"@id\":\"https:\\\/\\\/gorzow.news\\\/index.php\\\/2022\\\/03\\\/24\\\/godzina-dla-ziemi-w-sobote-zgasimy-swiatlo\\\/#primaryimage\"},\"thumbnailUrl\":\"https:\\\/\\\/gorzow.news\\\/wp-content\\\/uploads\\\/2022\\\/03\\\/godzina-dla-ziemi.jpg\",\"datePublished\":\"2022-03-24T11:44:15+00:00\",\"dateModified\":\"2022-03-24T11:44:18+00:00\",\"author\":{\"@id\":\"https:\\\/\\\/gorzow.news\\\/#\\\/schema\\\/person\\\/a1e5ab43166369f2ce236a1cd90995bb\"},\"breadcrumb\":{\"@id\":\"https:\\\/\\\/gorzow.news\\\/index.php\\\/2022\\\/03\\\/24\\\/godzina-dla-ziemi-w-sobote-zgasimy-swiatlo\\\/#breadcrumb\"},\"inLanguage\":\"pl-PL\",\"potentialAction\":[{\"@type\":\"ReadAction\",\"target\":[\"https:\\\/\\\/gorzow.news\\\/index.php\\\/2022\\\/03\\\/24\\\/godzina-dla-ziemi-w-sobote-zgasimy-swiatlo\\\/\"]}]},{\"@type\":\"ImageObject\",\"inLanguage\":\"pl-PL\",\"@id\":\"https:\\\/\\\/gorzow.news\\\/index.php\\\/2022\\\/03\\\/24\\\/godzina-dla-ziemi-w-sobote-zgasimy-swiatlo\\\/#primaryimage\",\"url\":\"https:\\\/\\\/gorzow.news\\\/wp-content\\\/uploads\\\/2022\\\/03\\\/godzina-dla-ziemi.jpg\",\"contentUrl\":\"https:\\\/\\\/gorzow.news\\\/wp-content\\\/uploads\\\/2022\\\/03\\\/godzina-dla-ziemi.jpg\",\"width\":1200,\"height\":675},{\"@type\":\"BreadcrumbList\",\"@id\":\"https:\\\/\\\/gorzow.news\\\/index.php\\\/2022\\\/03\\\/24\\\/godzina-dla-ziemi-w-sobote-zgasimy-swiatlo\\\/#breadcrumb\",\"itemListElement\":[{\"@type\":\"ListItem\",\"position\":1,\"name\":\"Home\",\"item\":\"https:\\\/\\\/gorzow.news\\\/\"},{\"@type\":\"ListItem\",\"position\":2,\"name\":\"Godzina dla Ziemi: W sobot\u0119 zgasimy \u015bwiat\u0142o\"}]},{\"@type\":\"WebSite\",\"@id\":\"https:\\\/\\\/gorzow.news\\\/#website\",\"url\":\"https:\\\/\\\/gorzow.news\\\/\",\"name\":\"Gorz\u00f3w News\",\"description\":\"Sp\u00f3jrz inaczej na miato i region...\",\"potentialAction\":[{\"@type\":\"SearchAction\",\"target\":{\"@type\":\"EntryPoint\",\"urlTemplate\":\"https:\\\/\\\/gorzow.news\\\/?s={search_term_string}\"},\"query-input\":{\"@type\":\"PropertyValueSpecification\",\"valueRequired\":true,\"valueName\":\"search_term_string\"}}],\"inLanguage\":\"pl-PL\"},{\"@type\":\"Person\",\"@id\":\"https:\\\/\\\/gorzow.news\\\/#\\\/schema\\\/person\\\/a1e5ab43166369f2ce236a1cd90995bb\",\"name\":\"maciej\",\"image\":{\"@type\":\"ImageObject\",\"inLanguage\":\"pl-PL\",\"@id\":\"https:\\\/\\\/secure.gravatar.com\\\/avatar\\\/530a674d56ba60cfa0ef21d74e8e8d123a51bb7aa6580465b5c2ab2c2e980a19?s=96&r=g&d=https:\\\/\\\/gorzow.news\\\/wp-content\\\/plugins\\\/userswp\\\/assets\\\/images\\\/no_profile.png\",\"url\":\"https:\\\/\\\/secure.gravatar.com\\\/avatar\\\/530a674d56ba60cfa0ef21d74e8e8d123a51bb7aa6580465b5c2ab2c2e980a19?s=96&r=g&d=https:\\\/\\\/gorzow.news\\\/wp-content\\\/plugins\\\/userswp\\\/assets\\\/images\\\/no_profile.png\",\"contentUrl\":\"https:\\\/\\\/secure.gravatar.com\\\/avatar\\\/530a674d56ba60cfa0ef21d74e8e8d123a51bb7aa6580465b5c2ab2c2e980a19?s=96&r=g&d=https:\\\/\\\/gorzow.news\\\/wp-content\\\/plugins\\\/userswp\\\/assets\\\/images\\\/no_profile.png\",\"caption\":\"maciej\"},\"url\":\"https:\\\/\\\/gorzow.news\\\/index.php\\\/profile\\\/maciej\\\/\"}]}<\/script>\n<!-- \/ Yoast SEO plugin. -->","yoast_head_json":{"title":"Godzina dla Ziemi: W sobot\u0119 zgasimy \u015bwiat\u0142o - Gorz\u00f3w News","robots":{"index":"index","follow":"follow","max-snippet":"max-snippet:-1","max-image-preview":"max-image-preview:large","max-video-preview":"max-video-preview:-1"},"canonical":"https:\/\/gorzow.news\/index.php\/2022\/03\/24\/godzina-dla-ziemi-w-sobote-zgasimy-swiatlo\/","og_locale":"pl_PL","og_type":"article","og_title":"Godzina dla Ziemi: W sobot\u0119 zgasimy \u015bwiat\u0142o - Gorz\u00f3w News","og_description":"Dok\u0142adnie o godz. 20.30, w sobot\u0119 (26 marca), na ca\u0142ym \u015bwiecie szesnasty raz zgasn\u0105 \u015bwiat\u0142a podczas niezwyk\u0142ej akcji zainicjowanej przez organ","og_url":"https:\/\/gorzow.news\/index.php\/2022\/03\/24\/godzina-dla-ziemi-w-sobote-zgasimy-swiatlo\/","og_site_name":"Gorz\u00f3w News","article_publisher":"https:\/\/www.facebook.com\/gorzowskinews","article_published_time":"2022-03-24T11:44:15+00:00","article_modified_time":"2022-03-24T11:44:18+00:00","og_image":[{"width":1200,"height":675,"url":"https:\/\/gorzow.news\/wp-content\/uploads\/2022\/03\/godzina-dla-ziemi.jpg","type":"image\/jpeg"}],"author":"maciej","twitter_card":"summary_large_image","twitter_misc":{"Napisane przez":"maciej","Szacowany czas czytania":"2 minuty"},"schema":{"@context":"https:\/\/schema.org","@graph":[{"@type":"Article","@id":"https:\/\/gorzow.news\/index.php\/2022\/03\/24\/godzina-dla-ziemi-w-sobote-zgasimy-swiatlo\/#article","isPartOf":{"@id":"https:\/\/gorzow.news\/index.php\/2022\/03\/24\/godzina-dla-ziemi-w-sobote-zgasimy-swiatlo\/"},"author":{"name":"maciej","@id":"https:\/\/gorzow.news\/#\/schema\/person\/a1e5ab43166369f2ce236a1cd90995bb"},"headline":"Godzina dla Ziemi: W sobot\u0119 zgasimy \u015bwiat\u0142o","datePublished":"2022-03-24T11:44:15+00:00","dateModified":"2022-03-24T11:44:18+00:00","mainEntityOfPage":{"@id":"https:\/\/gorzow.news\/index.php\/2022\/03\/24\/godzina-dla-ziemi-w-sobote-zgasimy-swiatlo\/"},"wordCount":295,"commentCount":0,"image":{"@id":"https:\/\/gorzow.news\/index.php\/2022\/03\/24\/godzina-dla-ziemi-w-sobote-zgasimy-swiatlo\/#primaryimage"},"thumbnailUrl":"https:\/\/gorzow.news\/wp-content\/uploads\/2022\/03\/godzina-dla-ziemi.jpg","keywords":["Godzina dla Ziemi"],"articleSection":["W skr\u00f3cie","Wiadomo\u015bci"],"inLanguage":"pl-PL","potentialAction":[{"@type":"CommentAction","name":"Comment","target":["https:\/\/gorzow.news\/index.php\/2022\/03\/24\/godzina-dla-ziemi-w-sobote-zgasimy-swiatlo\/#respond"]}]},{"@type":"WebPage","@id":"https:\/\/gorzow.news\/index.php\/2022\/03\/24\/godzina-dla-ziemi-w-sobote-zgasimy-swiatlo\/","url":"https:\/\/gorzow.news\/index.php\/2022\/03\/24\/godzina-dla-ziemi-w-sobote-zgasimy-swiatlo\/","name":"Godzina dla Ziemi: W sobot\u0119 zgasimy \u015bwiat\u0142o - Gorz\u00f3w News","isPartOf":{"@id":"https:\/\/gorzow.news\/#website"},"primaryImageOfPage":{"@id":"https:\/\/gorzow.news\/index.php\/2022\/03\/24\/godzina-dla-ziemi-w-sobote-zgasimy-swiatlo\/#primaryimage"},"image":{"@id":"https:\/\/gorzow.news\/index.php\/2022\/03\/24\/godzina-dla-ziemi-w-sobote-zgasimy-swiatlo\/#primaryimage"},"thumbnailUrl":"https:\/\/gorzow.news\/wp-content\/uploads\/2022\/03\/godzina-dla-ziemi.jpg","datePublished":"2022-03-24T11:44:15+00:00","dateModified":"2022-03-24T11:44:18+00:00","author":{"@id":"https:\/\/gorzow.news\/#\/schema\/person\/a1e5ab43166369f2ce236a1cd90995bb"},"breadcrumb":{"@id":"https:\/\/gorzow.news\/index.php\/2022\/03\/24\/godzina-dla-ziemi-w-sobote-zgasimy-swiatlo\/#breadcrumb"},"inLanguage":"pl-PL","potentialAction":[{"@type":"ReadAction","target":["https:\/\/gorzow.news\/index.php\/2022\/03\/24\/godzina-dla-ziemi-w-sobote-zgasimy-swiatlo\/"]}]},{"@type":"ImageObject","inLanguage":"pl-PL","@id":"https:\/\/gorzow.news\/index.php\/2022\/03\/24\/godzina-dla-ziemi-w-sobote-zgasimy-swiatlo\/#primaryimage","url":"https:\/\/gorzow.news\/wp-content\/uploads\/2022\/03\/godzina-dla-ziemi.jpg","contentUrl":"https:\/\/gorzow.news\/wp-content\/uploads\/2022\/03\/godzina-dla-ziemi.jpg","width":1200,"height":675},{"@type":"BreadcrumbList","@id":"https:\/\/gorzow.news\/index.php\/2022\/03\/24\/godzina-dla-ziemi-w-sobote-zgasimy-swiatlo\/#breadcrumb","itemListElement":[{"@type":"ListItem","position":1,"name":"Home","item":"https:\/\/gorzow.news\/"},{"@type":"ListItem","position":2,"name":"Godzina dla Ziemi: W sobot\u0119 zgasimy \u015bwiat\u0142o"}]},{"@type":"WebSite","@id":"https:\/\/gorzow.news\/#website","url":"https:\/\/gorzow.news\/","name":"Gorz\u00f3w News","description":"Sp\u00f3jrz inaczej na miato i region...","potentialAction":[{"@type":"SearchAction","target":{"@type":"EntryPoint","urlTemplate":"https:\/\/gorzow.news\/?s={search_term_string}"},"query-input":{"@type":"PropertyValueSpecification","valueRequired":true,"valueName":"search_term_string"}}],"inLanguage":"pl-PL"},{"@type":"Person","@id":"https:\/\/gorzow.news\/#\/schema\/person\/a1e5ab43166369f2ce236a1cd90995bb","name":"maciej","image":{"@type":"ImageObject","inLanguage":"pl-PL","@id":"https:\/\/secure.gravatar.com\/avatar\/530a674d56ba60cfa0ef21d74e8e8d123a51bb7aa6580465b5c2ab2c2e980a19?s=96&r=g&d=https:\/\/gorzow.news\/wp-content\/plugins\/userswp\/assets\/images\/no_profile.png","url":"https:\/\/secure.gravatar.com\/avatar\/530a674d56ba60cfa0ef21d74e8e8d123a51bb7aa6580465b5c2ab2c2e980a19?s=96&r=g&d=https:\/\/gorzow.news\/wp-content\/plugins\/userswp\/assets\/images\/no_profile.png","contentUrl":"https:\/\/secure.gravatar.com\/avatar\/530a674d56ba60cfa0ef21d74e8e8d123a51bb7aa6580465b5c2ab2c2e980a19?s=96&r=g&d=https:\/\/gorzow.news\/wp-content\/plugins\/userswp\/assets\/images\/no_profile.png","caption":"maciej"},"url":"https:\/\/gorzow.news\/index.php\/profile\/maciej\/"}]}},"_links":{"self":[{"href":"https:\/\/gorzow.news\/index.php\/wp-json\/wp\/v2\/posts\/6513","targetHints":{"allow":["GET"]}}],"collection":[{"href":"https:\/\/gorzow.news\/index.php\/wp-json\/wp\/v2\/posts"}],"about":[{"href":"https:\/\/gorzow.news\/index.php\/wp-json\/wp\/v2\/types\/post"}],"author":[{"embeddable":true,"href":"https:\/\/gorzow.news\/index.php\/wp-json\/wp\/v2\/users\/1"}],"replies":[{"embeddable":true,"href":"https:\/\/gorzow.news\/index.php\/wp-json\/wp\/v2\/comments?post=6513"}],"version-history":[{"count":0,"href":"https:\/\/gorzow.news\/index.php\/wp-json\/wp\/v2\/posts\/6513\/revisions"}],"wp:featuredmedia":[{"embeddable":true,"href":"https:\/\/gorzow.news\/index.php\/wp-json\/wp\/v2\/media\/6514"}],"wp:attachment":[{"href":"https:\/\/gorzow.news\/index.php\/wp-json\/wp\/v2\/media?parent=6513"}],"wp:term":[{"taxonomy":"category","embeddable":true,"href":"https:\/\/gorzow.news\/index.php\/wp-json\/wp\/v2\/categories?post=6513"},{"taxonomy":"post_tag","embeddable":true,"href":"https:\/\/gorzow.news\/index.php\/wp-json\/wp\/v2\/tags?post=6513"}],"curies":[{"name":"wp","href":"https:\/\/api.w.org\/{rel}","templated":true}]}}