{"id":6133,"date":"2022-03-02T13:46:38","date_gmt":"2022-03-02T12:46:38","guid":{"rendered":"https:\/\/gorzow.news\/?p=6133"},"modified":"2022-03-02T13:46:40","modified_gmt":"2022-03-02T12:46:40","slug":"komfort-na-pilsudskiego-zamkniety-na-targowej-ruszy-za-kilka-dni","status":"publish","type":"post","link":"https:\/\/gorzow.news\/index.php\/2022\/03\/02\/komfort-na-pilsudskiego-zamkniety-na-targowej-ruszy-za-kilka-dni\/","title":{"rendered":"Komfort na Pi\u0142sudskiego zamkni\u0119ty. Na Targowej ruszy za kilka dni!"},"content":{"rendered":"\n<p><strong>Jak informowali\u015bmy na \u0142amach GORZ\u00d3W.NEWS w styczniu tego roku Komfort z pawilonu przy ul. Pi\u0142sudskiego przeniesiony zostanie do pasa\u017cu handlowego Targowa 7. Prace przy przenosinach rozpocz\u0119\u0142y si\u0119 ju\u017c jaki\u015b czas temu. Obecnie sklep na G\u00f3rczynie zosta\u0142 ju\u017c zamkni\u0119ty. W nowej lokalizacji i formacie HOME zostanie otwarty w przeci\u0105gu kilku, kilkunastu dni.<\/strong><\/p>\n\n\n\n<p>Nale\u017c\u0105cy do \u0142\u00f3dzkiej sp\u00f3\u0142ki akcyjnej Komfort b\u0119dzie ostatnim otwartym sklepem w nowym pasa\u017cu handlowym Targowa 7, kt\u00f3ry powsta\u0142 w by\u0142ej hali targowej na Zawarciu tu\u017c obok NoVa Park.<\/p>\n\n\n\n<p>Wcze\u015bniej swoje sklepy otworzy\u0142y tutaj: Action, Bobas i MAXI ZOO. Dok\u0142adna data otwarcia sklepu w formacie Komfort HOME z ca\u0142ym asortymentem w jednym miejscu: \u0142azienki, pod\u0142ogi, drzwi, kuchnie i szafy nie jest jeszcze znana. &#8211; Sklep zostanie otwarty na pocz\u0105tku marca, potrzebujemy jeszcze kilka dni na ostatnie prace wyko\u0144czeniowe &#8211; us\u0142yszeli\u015bmy dzi\u015b w siedzibie firmy Komfort.<\/p>\n\n\n\n<p>Du\u017ce zainteresowanie stanowi pusty ju\u017c pawilon przy ul. Pi\u0142sudskiego 57. Pierwsza wyprowadzi\u0142a si\u0119 st\u0105d sie\u0107 RTV Euro AGD, kt\u00f3ra przenios\u0142a si\u0119 do N-Parku przy ul. Chemicznej. Nast\u0119pnie lokalizacj\u0119 zmieni\u0142y tak\u017ce Bobas (Targowa 7) i sklep meblowy VOX (obecnie mie\u015bci si\u0119 w lokalu przy ul. Szarych Szereg\u00f3w 11). Ostatni zgasi\u0142 \u015bwiat\u0142o obecny jeszcze w\u0142a\u015bciciel obiektu &#8211; Komfort.<\/p>\n\n\n\n<p>Z informacji, kt\u00f3re uzyskali\u015bmy w styczniu wynika, \u017ce obiekt przy ul. Pi\u0142sudskiego zostanie lub ju\u017c zosta\u0142 sprzedany. Ma w nim powsta\u0107 sklep spo\u017cywczy (Aldi) wraz z punktami us\u0142ugowymi.<\/p>\n\n\n\n<p><strong>Przeczytaj te\u017c:<\/strong><br>&#8211; <a href=\"https:\/\/gorzow.news\/index.php\/2022\/01\/27\/targowa-7-otwarcie-maxi-zoo-2-lutego-jednak-juz-dzis-zrobisz-zakupy\/\">Targowa 7: Uroczyste otwarcie MAXI ZOO 2 lutego. Jednak ju\u017c dzi\u015b zrobisz zakupy!<\/a><br>&#8211; <a href=\"https:\/\/gorzow.news\/index.php\/2022\/01\/12\/action-przy-targowej-juz-otwarty\/\">Action przy Targowej ju\u017c otwarty!<\/a><br>&#8211; <a href=\"https:\/\/gorzow.news\/index.php\/2022\/01\/10\/nowa-siec-spozywcza-wejdzie-do-gorzowa-otworzy-sklep-w-pawilonie-po-komforcie-zdjecia\/\">Nowa sie\u0107 spo\u017cywcza wejdzie do Gorzowa! Otworzy sklep w pawilonie po Komforcie! (zdj\u0119cia)<\/a><br>&#8211; <a href=\"https:\/\/gorzow.news\/index.php\/2021\/12\/23\/targowa-7-action-30-grudnia-maxi-zoo-w-styczniu-w-lutym-inwestycja-bedzie-ukonczona-zdjecia-wizualizacje\/\">Targowa 7: Action 30 grudnia, MAXI ZOO w styczniu! W lutym inwestycja b\u0119dzie uko\u0144czona! (zdj\u0119cia, wizualizacje)<\/a><br>&#8211; <a href=\"https:\/\/gorzow.news\/index.php\/2021\/12\/02\/pierwszy-sklep-w-hali-targowej-ruszy-w-grudniu-calosc-ma-byc-gotowa-do-konca-lutego-2022\/\">Pierwszy sklep w hali targowej ruszy w grudniu! Ca\u0142o\u015b\u0107 ma by\u0107 gotowa do ko\u0144ca lutego 2022!<\/a><\/p>\n\n\n\n<figure class=\"wp-block-image size-large\"><img loading=\"lazy\" decoding=\"async\" width=\"1024\" height=\"484\" src=\"https:\/\/gorzow.news\/wp-content\/uploads\/2022\/03\/IMG_20220301_161309-1024x484.jpg\" alt=\"\" class=\"wp-image-6135\" srcset=\"https:\/\/gorzow.news\/wp-content\/uploads\/2022\/03\/IMG_20220301_161309-1024x484.jpg?v=1646225151 1024w, https:\/\/gorzow.news\/wp-content\/uploads\/2022\/03\/IMG_20220301_161309-300x142.jpg?v=1646225151 300w, https:\/\/gorzow.news\/wp-content\/uploads\/2022\/03\/IMG_20220301_161309-768x363.jpg?v=1646225151 768w, https:\/\/gorzow.news\/wp-content\/uploads\/2022\/03\/IMG_20220301_161309-1536x727.jpg?v=1646225151 1536w, https:\/\/gorzow.news\/wp-content\/uploads\/2022\/03\/IMG_20220301_161309-696x329.jpg?v=1646225151 696w, https:\/\/gorzow.news\/wp-content\/uploads\/2022\/03\/IMG_20220301_161309-1068x505.jpg?v=1646225151 1068w, https:\/\/gorzow.news\/wp-content\/uploads\/2022\/03\/IMG_20220301_161309-1920x908.jpg?v=1646225151 1920w, https:\/\/gorzow.news\/wp-content\/uploads\/2022\/03\/IMG_20220301_161309.jpg?v=1646225151 2000w\" sizes=\"auto, (max-width: 1024px) 100vw, 1024px\" \/><\/figure>\n\n\n\n<figure class=\"wp-block-image size-large\"><img loading=\"lazy\" decoding=\"async\" width=\"1024\" height=\"484\" src=\"https:\/\/gorzow.news\/wp-content\/uploads\/2022\/03\/IMG_20220301_161414_1-1024x484.jpg\" alt=\"\" class=\"wp-image-6136\" srcset=\"https:\/\/gorzow.news\/wp-content\/uploads\/2022\/03\/IMG_20220301_161414_1-1024x484.jpg?v=1646225155 1024w, https:\/\/gorzow.news\/wp-content\/uploads\/2022\/03\/IMG_20220301_161414_1-300x142.jpg?v=1646225155 300w, https:\/\/gorzow.news\/wp-content\/uploads\/2022\/03\/IMG_20220301_161414_1-768x363.jpg?v=1646225155 768w, https:\/\/gorzow.news\/wp-content\/uploads\/2022\/03\/IMG_20220301_161414_1-1536x727.jpg?v=1646225155 1536w, https:\/\/gorzow.news\/wp-content\/uploads\/2022\/03\/IMG_20220301_161414_1-696x329.jpg?v=1646225155 696w, https:\/\/gorzow.news\/wp-content\/uploads\/2022\/03\/IMG_20220301_161414_1-1068x505.jpg?v=1646225155 1068w, https:\/\/gorzow.news\/wp-content\/uploads\/2022\/03\/IMG_20220301_161414_1-1920x908.jpg?v=1646225155 1920w, https:\/\/gorzow.news\/wp-content\/uploads\/2022\/03\/IMG_20220301_161414_1.jpg?v=1646225155 2000w\" sizes=\"auto, (max-width: 1024px) 100vw, 1024px\" \/><\/figure>\n\n\n\n<figure class=\"wp-block-image size-large\"><img loading=\"lazy\" decoding=\"async\" width=\"1024\" height=\"484\" src=\"https:\/\/gorzow.news\/wp-content\/uploads\/2022\/03\/IMG_20220301_161738_1-1024x484.jpg\" alt=\"\" class=\"wp-image-6137\" srcset=\"https:\/\/gorzow.news\/wp-content\/uploads\/2022\/03\/IMG_20220301_161738_1-1024x484.jpg?v=1646225158 1024w, https:\/\/gorzow.news\/wp-content\/uploads\/2022\/03\/IMG_20220301_161738_1-300x142.jpg?v=1646225158 300w, https:\/\/gorzow.news\/wp-content\/uploads\/2022\/03\/IMG_20220301_161738_1-768x363.jpg?v=1646225158 768w, https:\/\/gorzow.news\/wp-content\/uploads\/2022\/03\/IMG_20220301_161738_1-1536x727.jpg?v=1646225158 1536w, https:\/\/gorzow.news\/wp-content\/uploads\/2022\/03\/IMG_20220301_161738_1-696x329.jpg?v=1646225158 696w, https:\/\/gorzow.news\/wp-content\/uploads\/2022\/03\/IMG_20220301_161738_1-1068x505.jpg?v=1646225158 1068w, https:\/\/gorzow.news\/wp-content\/uploads\/2022\/03\/IMG_20220301_161738_1-1920x908.jpg?v=1646225158 1920w, https:\/\/gorzow.news\/wp-content\/uploads\/2022\/03\/IMG_20220301_161738_1.jpg?v=1646225158 2000w\" sizes=\"auto, (max-width: 1024px) 100vw, 1024px\" \/><\/figure>\n\n\n\n<figure class=\"wp-block-image size-large\"><img loading=\"lazy\" decoding=\"async\" width=\"1024\" height=\"484\" src=\"https:\/\/gorzow.news\/wp-content\/uploads\/2022\/03\/IMG_20220301_161903_1-1024x484.jpg\" alt=\"\" class=\"wp-image-6138\" srcset=\"https:\/\/gorzow.news\/wp-content\/uploads\/2022\/03\/IMG_20220301_161903_1-1024x484.jpg?v=1646225162 1024w, https:\/\/gorzow.news\/wp-content\/uploads\/2022\/03\/IMG_20220301_161903_1-300x142.jpg?v=1646225162 300w, https:\/\/gorzow.news\/wp-content\/uploads\/2022\/03\/IMG_20220301_161903_1-768x363.jpg?v=1646225162 768w, https:\/\/gorzow.news\/wp-content\/uploads\/2022\/03\/IMG_20220301_161903_1-1536x727.jpg?v=1646225162 1536w, https:\/\/gorzow.news\/wp-content\/uploads\/2022\/03\/IMG_20220301_161903_1-696x329.jpg?v=1646225162 696w, https:\/\/gorzow.news\/wp-content\/uploads\/2022\/03\/IMG_20220301_161903_1-1068x505.jpg?v=1646225162 1068w, https:\/\/gorzow.news\/wp-content\/uploads\/2022\/03\/IMG_20220301_161903_1-1920x908.jpg?v=1646225162 1920w, https:\/\/gorzow.news\/wp-content\/uploads\/2022\/03\/IMG_20220301_161903_1.jpg?v=1646225162 2000w\" sizes=\"auto, (max-width: 1024px) 100vw, 1024px\" \/><\/figure>\n","protected":false},"excerpt":{"rendered":"<p>Jak informowali\u015bmy na \u0142amach GORZ\u00d3W.NEWS w styczniu tego roku Komfort z pawilonu przy ul. Pi\u0142sudskiego przeniesiony zostanie do pasa\u017cu handlowego Targowa 7. Prace przy przenosinach rozpocz\u0119\u0142y si\u0119 ju\u017c jaki\u015b czas temu. Obecnie sklep na G\u00f3rczynie zosta\u0142 ju\u017c zamkni\u0119ty. W nowej lokalizacji i formacie HOME zostanie otwarty w przeci\u0105gu kilku, kilkunastu dni.<\/p>\n","protected":false},"author":6,"featured_media":6134,"comment_status":"open","ping_status":"open","sticky":false,"template":"","format":"standard","meta":{"footnotes":"","_links_to":"","_links_to_target":""},"categories":[51,589],"tags":[804,923,888,612,613,73,887],"class_list":{"0":"post-6133","1":"post","2":"type-post","3":"status-publish","4":"format-standard","5":"has-post-thumbnail","7":"category-biznes","8":"category-wiadomosci","9":"tag-action","10":"tag-aldi","11":"tag-bobas","12":"tag-komfort","13":"tag-maxi-zoo","14":"tag-pilsudskiego","15":"tag-targowa-7"},"yoast_head":"<!-- This site is optimized with the Yoast SEO plugin v27.3 - https:\/\/yoast.com\/product\/yoast-seo-wordpress\/ -->\n<title>Komfort na Pi\u0142sudskiego zamkni\u0119ty. Na Targowej ruszy za kilka dni! - Gorz\u00f3w News<\/title>\n<meta name=\"description\" content=\"Jak informowali\u015bmy na \u0142amach GORZ\u00d3W.NEWS w styczniu tego roku Komfort z pawilonu przy ul. Pi\u0142sudskiego przeniesiony zostanie do pasa\u017cu handlowego\" \/>\n<meta name=\"robots\" content=\"index, follow, max-snippet:-1, max-image-preview:large, max-video-preview:-1\" \/>\n<link rel=\"canonical\" href=\"https:\/\/gorzow.news\/index.php\/2022\/03\/02\/komfort-na-pilsudskiego-zamkniety-na-targowej-ruszy-za-kilka-dni\/\" \/>\n<meta property=\"og:locale\" content=\"pl_PL\" \/>\n<meta property=\"og:type\" content=\"article\" \/>\n<meta property=\"og:title\" content=\"Komfort na Pi\u0142sudskiego zamkni\u0119ty. Na Targowej ruszy za kilka dni! - Gorz\u00f3w News\" \/>\n<meta property=\"og:description\" content=\"Jak informowali\u015bmy na \u0142amach GORZ\u00d3W.NEWS w styczniu tego roku Komfort z pawilonu przy ul. Pi\u0142sudskiego przeniesiony zostanie do pasa\u017cu handlowego\" \/>\n<meta property=\"og:url\" content=\"https:\/\/gorzow.news\/index.php\/2022\/03\/02\/komfort-na-pilsudskiego-zamkniety-na-targowej-ruszy-za-kilka-dni\/\" \/>\n<meta property=\"og:site_name\" content=\"Gorz\u00f3w News\" \/>\n<meta property=\"article:publisher\" content=\"https:\/\/www.facebook.com\/gorzowskinews\" \/>\n<meta property=\"article:published_time\" content=\"2022-03-02T12:46:38+00:00\" \/>\n<meta property=\"article:modified_time\" content=\"2022-03-02T12:46:40+00:00\" \/>\n<meta property=\"og:image\" content=\"https:\/\/gorzow.news\/wp-content\/uploads\/2022\/03\/IMG_20220301_161512_1.jpg\" \/>\n\t<meta property=\"og:image:width\" content=\"2000\" \/>\n\t<meta property=\"og:image:height\" content=\"946\" \/>\n\t<meta property=\"og:image:type\" content=\"image\/jpeg\" \/>\n<meta name=\"author\" content=\"Redakcja_GORZOW_NEWS\" \/>\n<meta name=\"twitter:card\" content=\"summary_large_image\" \/>\n<meta name=\"twitter:label1\" content=\"Napisane przez\" \/>\n\t<meta name=\"twitter:data1\" content=\"Redakcja_GORZOW_NEWS\" \/>\n\t<meta name=\"twitter:label2\" content=\"Szacowany czas czytania\" \/>\n\t<meta name=\"twitter:data2\" content=\"3 minuty\" \/>\n<script type=\"application\/ld+json\" class=\"yoast-schema-graph\">{\"@context\":\"https:\\\/\\\/schema.org\",\"@graph\":[{\"@type\":\"Article\",\"@id\":\"https:\\\/\\\/gorzow.news\\\/index.php\\\/2022\\\/03\\\/02\\\/komfort-na-pilsudskiego-zamkniety-na-targowej-ruszy-za-kilka-dni\\\/#article\",\"isPartOf\":{\"@id\":\"https:\\\/\\\/gorzow.news\\\/index.php\\\/2022\\\/03\\\/02\\\/komfort-na-pilsudskiego-zamkniety-na-targowej-ruszy-za-kilka-dni\\\/\"},\"author\":{\"name\":\"Redakcja_GORZOW_NEWS\",\"@id\":\"https:\\\/\\\/gorzow.news\\\/#\\\/schema\\\/person\\\/3f795c84bde69afd58c8b26559363ec3\"},\"headline\":\"Komfort na Pi\u0142sudskiego zamkni\u0119ty. Na Targowej ruszy za kilka dni!\",\"datePublished\":\"2022-03-02T12:46:38+00:00\",\"dateModified\":\"2022-03-02T12:46:40+00:00\",\"mainEntityOfPage\":{\"@id\":\"https:\\\/\\\/gorzow.news\\\/index.php\\\/2022\\\/03\\\/02\\\/komfort-na-pilsudskiego-zamkniety-na-targowej-ruszy-za-kilka-dni\\\/\"},\"wordCount\":341,\"commentCount\":0,\"image\":{\"@id\":\"https:\\\/\\\/gorzow.news\\\/index.php\\\/2022\\\/03\\\/02\\\/komfort-na-pilsudskiego-zamkniety-na-targowej-ruszy-za-kilka-dni\\\/#primaryimage\"},\"thumbnailUrl\":\"https:\\\/\\\/gorzow.news\\\/wp-content\\\/uploads\\\/2022\\\/03\\\/IMG_20220301_161512_1.jpg\",\"keywords\":[\"Action\",\"ALDI\",\"Bobas\",\"Komfort\",\"MAXI ZOO\",\"Pi\u0142sudskiego\",\"Targowa 7\"],\"articleSection\":[\"Biznes\",\"Wiadomo\u015bci\"],\"inLanguage\":\"pl-PL\",\"potentialAction\":[{\"@type\":\"CommentAction\",\"name\":\"Comment\",\"target\":[\"https:\\\/\\\/gorzow.news\\\/index.php\\\/2022\\\/03\\\/02\\\/komfort-na-pilsudskiego-zamkniety-na-targowej-ruszy-za-kilka-dni\\\/#respond\"]}]},{\"@type\":\"WebPage\",\"@id\":\"https:\\\/\\\/gorzow.news\\\/index.php\\\/2022\\\/03\\\/02\\\/komfort-na-pilsudskiego-zamkniety-na-targowej-ruszy-za-kilka-dni\\\/\",\"url\":\"https:\\\/\\\/gorzow.news\\\/index.php\\\/2022\\\/03\\\/02\\\/komfort-na-pilsudskiego-zamkniety-na-targowej-ruszy-za-kilka-dni\\\/\",\"name\":\"Komfort na Pi\u0142sudskiego zamkni\u0119ty. Na Targowej ruszy za kilka dni! - Gorz\u00f3w News\",\"isPartOf\":{\"@id\":\"https:\\\/\\\/gorzow.news\\\/#website\"},\"primaryImageOfPage\":{\"@id\":\"https:\\\/\\\/gorzow.news\\\/index.php\\\/2022\\\/03\\\/02\\\/komfort-na-pilsudskiego-zamkniety-na-targowej-ruszy-za-kilka-dni\\\/#primaryimage\"},\"image\":{\"@id\":\"https:\\\/\\\/gorzow.news\\\/index.php\\\/2022\\\/03\\\/02\\\/komfort-na-pilsudskiego-zamkniety-na-targowej-ruszy-za-kilka-dni\\\/#primaryimage\"},\"thumbnailUrl\":\"https:\\\/\\\/gorzow.news\\\/wp-content\\\/uploads\\\/2022\\\/03\\\/IMG_20220301_161512_1.jpg\",\"datePublished\":\"2022-03-02T12:46:38+00:00\",\"dateModified\":\"2022-03-02T12:46:40+00:00\",\"author\":{\"@id\":\"https:\\\/\\\/gorzow.news\\\/#\\\/schema\\\/person\\\/3f795c84bde69afd58c8b26559363ec3\"},\"description\":\"Jak informowali\u015bmy na \u0142amach GORZ\u00d3W.NEWS w styczniu tego roku Komfort z pawilonu przy ul. Pi\u0142sudskiego przeniesiony zostanie do pasa\u017cu handlowego Targowa 7. Prace przy przenosinach rozpocz\u0119\u0142y si\u0119 ju\u017c jaki\u015b czas temu. Obecnie sklep na G\u00f3rczynie zosta\u0142 ju\u017c zamkni\u0119ty. W nowej lokalizacji i formacie HOME zostanie otwarty w przeci\u0105gu kilku, kilkunastu dni.\",\"breadcrumb\":{\"@id\":\"https:\\\/\\\/gorzow.news\\\/index.php\\\/2022\\\/03\\\/02\\\/komfort-na-pilsudskiego-zamkniety-na-targowej-ruszy-za-kilka-dni\\\/#breadcrumb\"},\"inLanguage\":\"pl-PL\",\"potentialAction\":[{\"@type\":\"ReadAction\",\"target\":[\"https:\\\/\\\/gorzow.news\\\/index.php\\\/2022\\\/03\\\/02\\\/komfort-na-pilsudskiego-zamkniety-na-targowej-ruszy-za-kilka-dni\\\/\"]}]},{\"@type\":\"ImageObject\",\"inLanguage\":\"pl-PL\",\"@id\":\"https:\\\/\\\/gorzow.news\\\/index.php\\\/2022\\\/03\\\/02\\\/komfort-na-pilsudskiego-zamkniety-na-targowej-ruszy-za-kilka-dni\\\/#primaryimage\",\"url\":\"https:\\\/\\\/gorzow.news\\\/wp-content\\\/uploads\\\/2022\\\/03\\\/IMG_20220301_161512_1.jpg\",\"contentUrl\":\"https:\\\/\\\/gorzow.news\\\/wp-content\\\/uploads\\\/2022\\\/03\\\/IMG_20220301_161512_1.jpg\",\"width\":2000,\"height\":946},{\"@type\":\"BreadcrumbList\",\"@id\":\"https:\\\/\\\/gorzow.news\\\/index.php\\\/2022\\\/03\\\/02\\\/komfort-na-pilsudskiego-zamkniety-na-targowej-ruszy-za-kilka-dni\\\/#breadcrumb\",\"itemListElement\":[{\"@type\":\"ListItem\",\"position\":1,\"name\":\"Home\",\"item\":\"https:\\\/\\\/gorzow.news\\\/\"},{\"@type\":\"ListItem\",\"position\":2,\"name\":\"Komfort na Pi\u0142sudskiego zamkni\u0119ty. Na Targowej ruszy za kilka dni!\"}]},{\"@type\":\"WebSite\",\"@id\":\"https:\\\/\\\/gorzow.news\\\/#website\",\"url\":\"https:\\\/\\\/gorzow.news\\\/\",\"name\":\"Gorz\u00f3w News\",\"description\":\"Sp\u00f3jrz inaczej na miato i region...\",\"potentialAction\":[{\"@type\":\"SearchAction\",\"target\":{\"@type\":\"EntryPoint\",\"urlTemplate\":\"https:\\\/\\\/gorzow.news\\\/?s={search_term_string}\"},\"query-input\":{\"@type\":\"PropertyValueSpecification\",\"valueRequired\":true,\"valueName\":\"search_term_string\"}}],\"inLanguage\":\"pl-PL\"},{\"@type\":\"Person\",\"@id\":\"https:\\\/\\\/gorzow.news\\\/#\\\/schema\\\/person\\\/3f795c84bde69afd58c8b26559363ec3\",\"name\":\"Redakcja_GORZOW_NEWS\",\"image\":{\"@type\":\"ImageObject\",\"inLanguage\":\"pl-PL\",\"@id\":\"https:\\\/\\\/secure.gravatar.com\\\/avatar\\\/296b3dec897411a9774f609b8c3477d553d40d1554144ec7d26344d25311fa26?s=96&r=g&d=https:\\\/\\\/gorzow.news\\\/wp-content\\\/plugins\\\/userswp\\\/assets\\\/images\\\/no_profile.png\",\"url\":\"https:\\\/\\\/secure.gravatar.com\\\/avatar\\\/296b3dec897411a9774f609b8c3477d553d40d1554144ec7d26344d25311fa26?s=96&r=g&d=https:\\\/\\\/gorzow.news\\\/wp-content\\\/plugins\\\/userswp\\\/assets\\\/images\\\/no_profile.png\",\"contentUrl\":\"https:\\\/\\\/secure.gravatar.com\\\/avatar\\\/296b3dec897411a9774f609b8c3477d553d40d1554144ec7d26344d25311fa26?s=96&r=g&d=https:\\\/\\\/gorzow.news\\\/wp-content\\\/plugins\\\/userswp\\\/assets\\\/images\\\/no_profile.png\",\"caption\":\"Redakcja_GORZOW_NEWS\"},\"url\":\"https:\\\/\\\/gorzow.news\\\/index.php\\\/profile\\\/redakcja_gorzow_news\\\/\"}]}<\/script>\n<!-- \/ Yoast SEO plugin. -->","yoast_head_json":{"title":"Komfort na Pi\u0142sudskiego zamkni\u0119ty. Na Targowej ruszy za kilka dni! - Gorz\u00f3w News","description":"Jak informowali\u015bmy na \u0142amach GORZ\u00d3W.NEWS w styczniu tego roku Komfort z pawilonu przy ul. Pi\u0142sudskiego przeniesiony zostanie do pasa\u017cu handlowego","robots":{"index":"index","follow":"follow","max-snippet":"max-snippet:-1","max-image-preview":"max-image-preview:large","max-video-preview":"max-video-preview:-1"},"canonical":"https:\/\/gorzow.news\/index.php\/2022\/03\/02\/komfort-na-pilsudskiego-zamkniety-na-targowej-ruszy-za-kilka-dni\/","og_locale":"pl_PL","og_type":"article","og_title":"Komfort na Pi\u0142sudskiego zamkni\u0119ty. Na Targowej ruszy za kilka dni! - Gorz\u00f3w News","og_description":"Jak informowali\u015bmy na \u0142amach GORZ\u00d3W.NEWS w styczniu tego roku Komfort z pawilonu przy ul. Pi\u0142sudskiego przeniesiony zostanie do pasa\u017cu handlowego","og_url":"https:\/\/gorzow.news\/index.php\/2022\/03\/02\/komfort-na-pilsudskiego-zamkniety-na-targowej-ruszy-za-kilka-dni\/","og_site_name":"Gorz\u00f3w News","article_publisher":"https:\/\/www.facebook.com\/gorzowskinews","article_published_time":"2022-03-02T12:46:38+00:00","article_modified_time":"2022-03-02T12:46:40+00:00","og_image":[{"width":2000,"height":946,"url":"https:\/\/gorzow.news\/wp-content\/uploads\/2022\/03\/IMG_20220301_161512_1.jpg","type":"image\/jpeg"}],"author":"Redakcja_GORZOW_NEWS","twitter_card":"summary_large_image","twitter_misc":{"Napisane przez":"Redakcja_GORZOW_NEWS","Szacowany czas czytania":"3 minuty"},"schema":{"@context":"https:\/\/schema.org","@graph":[{"@type":"Article","@id":"https:\/\/gorzow.news\/index.php\/2022\/03\/02\/komfort-na-pilsudskiego-zamkniety-na-targowej-ruszy-za-kilka-dni\/#article","isPartOf":{"@id":"https:\/\/gorzow.news\/index.php\/2022\/03\/02\/komfort-na-pilsudskiego-zamkniety-na-targowej-ruszy-za-kilka-dni\/"},"author":{"name":"Redakcja_GORZOW_NEWS","@id":"https:\/\/gorzow.news\/#\/schema\/person\/3f795c84bde69afd58c8b26559363ec3"},"headline":"Komfort na Pi\u0142sudskiego zamkni\u0119ty. Na Targowej ruszy za kilka dni!","datePublished":"2022-03-02T12:46:38+00:00","dateModified":"2022-03-02T12:46:40+00:00","mainEntityOfPage":{"@id":"https:\/\/gorzow.news\/index.php\/2022\/03\/02\/komfort-na-pilsudskiego-zamkniety-na-targowej-ruszy-za-kilka-dni\/"},"wordCount":341,"commentCount":0,"image":{"@id":"https:\/\/gorzow.news\/index.php\/2022\/03\/02\/komfort-na-pilsudskiego-zamkniety-na-targowej-ruszy-za-kilka-dni\/#primaryimage"},"thumbnailUrl":"https:\/\/gorzow.news\/wp-content\/uploads\/2022\/03\/IMG_20220301_161512_1.jpg","keywords":["Action","ALDI","Bobas","Komfort","MAXI ZOO","Pi\u0142sudskiego","Targowa 7"],"articleSection":["Biznes","Wiadomo\u015bci"],"inLanguage":"pl-PL","potentialAction":[{"@type":"CommentAction","name":"Comment","target":["https:\/\/gorzow.news\/index.php\/2022\/03\/02\/komfort-na-pilsudskiego-zamkniety-na-targowej-ruszy-za-kilka-dni\/#respond"]}]},{"@type":"WebPage","@id":"https:\/\/gorzow.news\/index.php\/2022\/03\/02\/komfort-na-pilsudskiego-zamkniety-na-targowej-ruszy-za-kilka-dni\/","url":"https:\/\/gorzow.news\/index.php\/2022\/03\/02\/komfort-na-pilsudskiego-zamkniety-na-targowej-ruszy-za-kilka-dni\/","name":"Komfort na Pi\u0142sudskiego zamkni\u0119ty. Na Targowej ruszy za kilka dni! - Gorz\u00f3w News","isPartOf":{"@id":"https:\/\/gorzow.news\/#website"},"primaryImageOfPage":{"@id":"https:\/\/gorzow.news\/index.php\/2022\/03\/02\/komfort-na-pilsudskiego-zamkniety-na-targowej-ruszy-za-kilka-dni\/#primaryimage"},"image":{"@id":"https:\/\/gorzow.news\/index.php\/2022\/03\/02\/komfort-na-pilsudskiego-zamkniety-na-targowej-ruszy-za-kilka-dni\/#primaryimage"},"thumbnailUrl":"https:\/\/gorzow.news\/wp-content\/uploads\/2022\/03\/IMG_20220301_161512_1.jpg","datePublished":"2022-03-02T12:46:38+00:00","dateModified":"2022-03-02T12:46:40+00:00","author":{"@id":"https:\/\/gorzow.news\/#\/schema\/person\/3f795c84bde69afd58c8b26559363ec3"},"description":"Jak informowali\u015bmy na \u0142amach GORZ\u00d3W.NEWS w styczniu tego roku Komfort z pawilonu przy ul. Pi\u0142sudskiego przeniesiony zostanie do pasa\u017cu handlowego Targowa 7. Prace przy przenosinach rozpocz\u0119\u0142y si\u0119 ju\u017c jaki\u015b czas temu. Obecnie sklep na G\u00f3rczynie zosta\u0142 ju\u017c zamkni\u0119ty. W nowej lokalizacji i formacie HOME zostanie otwarty w przeci\u0105gu kilku, kilkunastu dni.","breadcrumb":{"@id":"https:\/\/gorzow.news\/index.php\/2022\/03\/02\/komfort-na-pilsudskiego-zamkniety-na-targowej-ruszy-za-kilka-dni\/#breadcrumb"},"inLanguage":"pl-PL","potentialAction":[{"@type":"ReadAction","target":["https:\/\/gorzow.news\/index.php\/2022\/03\/02\/komfort-na-pilsudskiego-zamkniety-na-targowej-ruszy-za-kilka-dni\/"]}]},{"@type":"ImageObject","inLanguage":"pl-PL","@id":"https:\/\/gorzow.news\/index.php\/2022\/03\/02\/komfort-na-pilsudskiego-zamkniety-na-targowej-ruszy-za-kilka-dni\/#primaryimage","url":"https:\/\/gorzow.news\/wp-content\/uploads\/2022\/03\/IMG_20220301_161512_1.jpg","contentUrl":"https:\/\/gorzow.news\/wp-content\/uploads\/2022\/03\/IMG_20220301_161512_1.jpg","width":2000,"height":946},{"@type":"BreadcrumbList","@id":"https:\/\/gorzow.news\/index.php\/2022\/03\/02\/komfort-na-pilsudskiego-zamkniety-na-targowej-ruszy-za-kilka-dni\/#breadcrumb","itemListElement":[{"@type":"ListItem","position":1,"name":"Home","item":"https:\/\/gorzow.news\/"},{"@type":"ListItem","position":2,"name":"Komfort na Pi\u0142sudskiego zamkni\u0119ty. Na Targowej ruszy za kilka dni!"}]},{"@type":"WebSite","@id":"https:\/\/gorzow.news\/#website","url":"https:\/\/gorzow.news\/","name":"Gorz\u00f3w News","description":"Sp\u00f3jrz inaczej na miato i region...","potentialAction":[{"@type":"SearchAction","target":{"@type":"EntryPoint","urlTemplate":"https:\/\/gorzow.news\/?s={search_term_string}"},"query-input":{"@type":"PropertyValueSpecification","valueRequired":true,"valueName":"search_term_string"}}],"inLanguage":"pl-PL"},{"@type":"Person","@id":"https:\/\/gorzow.news\/#\/schema\/person\/3f795c84bde69afd58c8b26559363ec3","name":"Redakcja_GORZOW_NEWS","image":{"@type":"ImageObject","inLanguage":"pl-PL","@id":"https:\/\/secure.gravatar.com\/avatar\/296b3dec897411a9774f609b8c3477d553d40d1554144ec7d26344d25311fa26?s=96&r=g&d=https:\/\/gorzow.news\/wp-content\/plugins\/userswp\/assets\/images\/no_profile.png","url":"https:\/\/secure.gravatar.com\/avatar\/296b3dec897411a9774f609b8c3477d553d40d1554144ec7d26344d25311fa26?s=96&r=g&d=https:\/\/gorzow.news\/wp-content\/plugins\/userswp\/assets\/images\/no_profile.png","contentUrl":"https:\/\/secure.gravatar.com\/avatar\/296b3dec897411a9774f609b8c3477d553d40d1554144ec7d26344d25311fa26?s=96&r=g&d=https:\/\/gorzow.news\/wp-content\/plugins\/userswp\/assets\/images\/no_profile.png","caption":"Redakcja_GORZOW_NEWS"},"url":"https:\/\/gorzow.news\/index.php\/profile\/redakcja_gorzow_news\/"}]}},"_links":{"self":[{"href":"https:\/\/gorzow.news\/index.php\/wp-json\/wp\/v2\/posts\/6133","targetHints":{"allow":["GET"]}}],"collection":[{"href":"https:\/\/gorzow.news\/index.php\/wp-json\/wp\/v2\/posts"}],"about":[{"href":"https:\/\/gorzow.news\/index.php\/wp-json\/wp\/v2\/types\/post"}],"author":[{"embeddable":true,"href":"https:\/\/gorzow.news\/index.php\/wp-json\/wp\/v2\/users\/6"}],"replies":[{"embeddable":true,"href":"https:\/\/gorzow.news\/index.php\/wp-json\/wp\/v2\/comments?post=6133"}],"version-history":[{"count":0,"href":"https:\/\/gorzow.news\/index.php\/wp-json\/wp\/v2\/posts\/6133\/revisions"}],"wp:featuredmedia":[{"embeddable":true,"href":"https:\/\/gorzow.news\/index.php\/wp-json\/wp\/v2\/media\/6134"}],"wp:attachment":[{"href":"https:\/\/gorzow.news\/index.php\/wp-json\/wp\/v2\/media?parent=6133"}],"wp:term":[{"taxonomy":"category","embeddable":true,"href":"https:\/\/gorzow.news\/index.php\/wp-json\/wp\/v2\/categories?post=6133"},{"taxonomy":"post_tag","embeddable":true,"href":"https:\/\/gorzow.news\/index.php\/wp-json\/wp\/v2\/tags?post=6133"}],"curies":[{"name":"wp","href":"https:\/\/api.w.org\/{rel}","templated":true}]}}