{"id":6126,"date":"2022-03-01T12:44:43","date_gmt":"2022-03-01T11:44:43","guid":{"rendered":"https:\/\/gorzow.news\/?p=6126"},"modified":"2022-03-01T12:44:46","modified_gmt":"2022-03-01T11:44:46","slug":"n-park-kompletny-kaes-juz-otwarty","status":"publish","type":"post","link":"https:\/\/gorzow.news\/index.php\/2022\/03\/01\/n-park-kompletny-kaes-juz-otwarty\/","title":{"rendered":"N-Park kompletny! Kaes ju\u017c otwarty!"},"content":{"rendered":"\n<p><strong>Tak jak informowali\u015bmy na naszych \u0142amach zako\u0144czy\u0142a si\u0119 komercjalizacja N-Parku przy ul. Chemicznej. Ostatnim najemc\u0105 zosta\u0142a sie\u0107 multibrandowych sklep\u00f3w odzie\u017cowych Kaes, kt\u00f3ra w miniony pi\u0105tek otworzy\u0142a sw\u00f3j pierwszy sklep w Gorzowie.<\/strong><\/p>\n\n\n\n<p>KAES, dawniej KS Sport, to sie\u0107 multibrandowych sklep\u00f3w odzie\u017cowych, dzia\u0142aj\u0105ca na rynku od 2008 roku. W ofercie sklepu mo\u017cna znale\u017a\u0107 najwy\u017cszej jako\u015bci produkty wiod\u0105cych marek tj. Tom Tailor, New Balance, adidas, Puma, Nike, Reebok, Cross Jeans, Skechers.<\/p>\n\n\n\n<p>&#8211; Otwarcie salonu KAES nast\u0105pi\u0142o 25 lutego \u2013 informuje <strong>Dorota Beltrani<\/strong>, Dyrektor ds. Komercjalizacji w Grupie NAPOLLO.<\/p>\n\n\n\n<p>&#8211; Marka wynaj\u0119\u0142a ostatni wolny lokal, co oznacza, \u017ce komercjalizacja gorzowskiego N-Parku jest ju\u017c sfinalizowana. Sportowa oferta najnowszego sklepu doskonale uzupe\u0142ni propozycje naszych pozosta\u0142ych najemc\u00f3w, jak Biedronka, Rossmann, Pepco, KiK, RTV Euro AGD, Sinsay, Tedi, Dealz czy Empik &#8211; dodaje Beltrani.<\/p>\n\n\n\n<p><strong>Przeczytaj te\u017c:<\/strong><br>&#8211; <a href=\"https:\/\/gorzow.news\/index.php\/2022\/01\/28\/duze-zainteresowanie-otwarciem-tedi-juz-zrobisz-zakupy-zdjecia\/\">Du\u017ce zainteresowanie otwarciem TEDi! Ju\u017c zrobisz zakupy (zdj\u0119cia)<\/a><br>&#8211; <a href=\"http:\/\/N-Park: Otwarcie TEDi 27 stycznia! Kaes ostatnim najemc\u0105! (zdj\u0119cia)\">N-Park: Otwarcie TEDi 27 stycznia! Kaes ostatnim najemc\u0105! (zdj\u0119cia)<\/a><br>&#8211; <a href=\"https:\/\/gorzow.news\/index.php\/2021\/11\/23\/tedi-dopiero-w-styczniu-co-z-pozostalym-terenem-n-parku\/\">TEDi dopiero w styczniu. Co z pozosta\u0142ym terenem N-Parku?<\/a><br>&#8211; <a href=\"https:\/\/gorzow.news\/index.php\/2021\/11\/30\/przejscie-od-walczaka-do-n-parku-bedzie-mozliwe-przedstawiamy-warianty-i-pytamy\/\">Przej\u015bcie od Walczaka do N-Parku b\u0119dzie mo\u017cliwe? Przedstawiamy warianty i pytamy!<\/a><\/p>\n\n\n\n<figure class=\"wp-block-image size-large\"><img loading=\"lazy\" decoding=\"async\" width=\"1024\" height=\"768\" src=\"https:\/\/gorzow.news\/wp-content\/uploads\/2022\/03\/kaes.-N-Park-Gorzow-Wlkp.1-1024x768.jpg\" alt=\"\" class=\"wp-image-6129\" srcset=\"https:\/\/gorzow.news\/wp-content\/uploads\/2022\/03\/kaes.-N-Park-Gorzow-Wlkp.1-1024x768.jpg 1024w, https:\/\/gorzow.news\/wp-content\/uploads\/2022\/03\/kaes.-N-Park-Gorzow-Wlkp.1-300x225.jpg 300w, https:\/\/gorzow.news\/wp-content\/uploads\/2022\/03\/kaes.-N-Park-Gorzow-Wlkp.1-768x576.jpg 768w, https:\/\/gorzow.news\/wp-content\/uploads\/2022\/03\/kaes.-N-Park-Gorzow-Wlkp.1-1536x1152.jpg 1536w, https:\/\/gorzow.news\/wp-content\/uploads\/2022\/03\/kaes.-N-Park-Gorzow-Wlkp.1-2048x1536.jpg 2048w, https:\/\/gorzow.news\/wp-content\/uploads\/2022\/03\/kaes.-N-Park-Gorzow-Wlkp.1-696x522.jpg 696w, https:\/\/gorzow.news\/wp-content\/uploads\/2022\/03\/kaes.-N-Park-Gorzow-Wlkp.1-1068x801.jpg 1068w, https:\/\/gorzow.news\/wp-content\/uploads\/2022\/03\/kaes.-N-Park-Gorzow-Wlkp.1-1920x1440.jpg 1920w\" sizes=\"auto, (max-width: 1024px) 100vw, 1024px\" \/><\/figure>\n\n\n\n<figure class=\"wp-block-image size-large\"><img loading=\"lazy\" decoding=\"async\" width=\"1024\" height=\"768\" src=\"https:\/\/gorzow.news\/wp-content\/uploads\/2022\/03\/kaes.-N-Park-Gorzow-Wlkp-wew.-1024x768.jpg\" alt=\"\" class=\"wp-image-6127\" srcset=\"https:\/\/gorzow.news\/wp-content\/uploads\/2022\/03\/kaes.-N-Park-Gorzow-Wlkp-wew.-1024x768.jpg 1024w, https:\/\/gorzow.news\/wp-content\/uploads\/2022\/03\/kaes.-N-Park-Gorzow-Wlkp-wew.-300x225.jpg 300w, https:\/\/gorzow.news\/wp-content\/uploads\/2022\/03\/kaes.-N-Park-Gorzow-Wlkp-wew.-768x576.jpg 768w, https:\/\/gorzow.news\/wp-content\/uploads\/2022\/03\/kaes.-N-Park-Gorzow-Wlkp-wew.-1536x1152.jpg 1536w, https:\/\/gorzow.news\/wp-content\/uploads\/2022\/03\/kaes.-N-Park-Gorzow-Wlkp-wew.-2048x1536.jpg 2048w, https:\/\/gorzow.news\/wp-content\/uploads\/2022\/03\/kaes.-N-Park-Gorzow-Wlkp-wew.-696x522.jpg 696w, https:\/\/gorzow.news\/wp-content\/uploads\/2022\/03\/kaes.-N-Park-Gorzow-Wlkp-wew.-1068x801.jpg 1068w, https:\/\/gorzow.news\/wp-content\/uploads\/2022\/03\/kaes.-N-Park-Gorzow-Wlkp-wew.-1920x1440.jpg 1920w\" sizes=\"auto, (max-width: 1024px) 100vw, 1024px\" \/><\/figure>\n","protected":false},"excerpt":{"rendered":"<p>Tak jak informowali\u015bmy na naszych \u0142amach zako\u0144czy\u0142a si\u0119 komercjalizacja N-Parku przy ul. Chemicznej. Ostatnim najemc\u0105 zosta\u0142a sie\u0107 multibrandowych sklep\u00f3w odzie\u017cowych Kaes, kt\u00f3ra w miniony pi\u0105tek otworzy\u0142a sw\u00f3j pierwszy sklep w Gorzowie.<\/p>\n","protected":false},"author":1,"featured_media":6128,"comment_status":"open","ping_status":"open","sticky":false,"template":"","format":"standard","meta":{"footnotes":"","_links_to":"","_links_to_target":""},"categories":[51,589],"tags":[134,761,1003,126],"class_list":{"0":"post-6126","1":"post","2":"type-post","3":"status-publish","4":"format-standard","5":"has-post-thumbnail","7":"category-biznes","8":"category-wiadomosci","9":"tag-chemiczna","10":"tag-dorota-beltrani","11":"tag-kaes","12":"tag-n-park"},"yoast_head":"<!-- This site is optimized with the Yoast SEO plugin v27.3 - https:\/\/yoast.com\/product\/yoast-seo-wordpress\/ -->\n<title>N-Park kompletny! Kaes ju\u017c otwarty! - Gorz\u00f3w News<\/title>\n<meta name=\"description\" content=\"Tak jak informowali\u015bmy na naszych \u0142amach zako\u0144czy\u0142a si\u0119 komercjalizacja N-Parku przy ul. Chemicznej. Ostatnim najemc\u0105 zosta\u0142a sie\u0107 multibrando\" \/>\n<meta name=\"robots\" content=\"index, follow, max-snippet:-1, max-image-preview:large, max-video-preview:-1\" \/>\n<link rel=\"canonical\" href=\"https:\/\/gorzow.news\/index.php\/2022\/03\/01\/n-park-kompletny-kaes-juz-otwarty\/\" \/>\n<meta property=\"og:locale\" content=\"pl_PL\" \/>\n<meta property=\"og:type\" content=\"article\" \/>\n<meta property=\"og:title\" content=\"N-Park kompletny! Kaes ju\u017c otwarty! - Gorz\u00f3w News\" \/>\n<meta property=\"og:description\" content=\"Tak jak informowali\u015bmy na naszych \u0142amach zako\u0144czy\u0142a si\u0119 komercjalizacja N-Parku przy ul. Chemicznej. Ostatnim najemc\u0105 zosta\u0142a sie\u0107 multibrando\" \/>\n<meta property=\"og:url\" content=\"https:\/\/gorzow.news\/index.php\/2022\/03\/01\/n-park-kompletny-kaes-juz-otwarty\/\" \/>\n<meta property=\"og:site_name\" content=\"Gorz\u00f3w News\" \/>\n<meta property=\"article:publisher\" content=\"https:\/\/www.facebook.com\/gorzowskinews\" \/>\n<meta property=\"article:published_time\" content=\"2022-03-01T11:44:43+00:00\" \/>\n<meta property=\"article:modified_time\" content=\"2022-03-01T11:44:46+00:00\" \/>\n<meta property=\"og:image\" content=\"https:\/\/gorzow.news\/wp-content\/uploads\/2022\/03\/kaes.-N-Park-Gorzow-Wlkp..jpg\" \/>\n\t<meta property=\"og:image:width\" content=\"2064\" \/>\n\t<meta property=\"og:image:height\" content=\"1548\" \/>\n\t<meta property=\"og:image:type\" content=\"image\/jpeg\" \/>\n<meta name=\"author\" content=\"maciej\" \/>\n<meta name=\"twitter:card\" content=\"summary_large_image\" \/>\n<meta name=\"twitter:label1\" content=\"Napisane przez\" \/>\n\t<meta name=\"twitter:data1\" content=\"maciej\" \/>\n\t<meta name=\"twitter:label2\" content=\"Szacowany czas czytania\" \/>\n\t<meta name=\"twitter:data2\" content=\"2 minuty\" \/>\n<script type=\"application\/ld+json\" class=\"yoast-schema-graph\">{\"@context\":\"https:\\\/\\\/schema.org\",\"@graph\":[{\"@type\":\"Article\",\"@id\":\"https:\\\/\\\/gorzow.news\\\/index.php\\\/2022\\\/03\\\/01\\\/n-park-kompletny-kaes-juz-otwarty\\\/#article\",\"isPartOf\":{\"@id\":\"https:\\\/\\\/gorzow.news\\\/index.php\\\/2022\\\/03\\\/01\\\/n-park-kompletny-kaes-juz-otwarty\\\/\"},\"author\":{\"name\":\"maciej\",\"@id\":\"https:\\\/\\\/gorzow.news\\\/#\\\/schema\\\/person\\\/a1e5ab43166369f2ce236a1cd90995bb\"},\"headline\":\"N-Park kompletny! Kaes ju\u017c otwarty!\",\"datePublished\":\"2022-03-01T11:44:43+00:00\",\"dateModified\":\"2022-03-01T11:44:46+00:00\",\"mainEntityOfPage\":{\"@id\":\"https:\\\/\\\/gorzow.news\\\/index.php\\\/2022\\\/03\\\/01\\\/n-park-kompletny-kaes-juz-otwarty\\\/\"},\"wordCount\":201,\"commentCount\":0,\"image\":{\"@id\":\"https:\\\/\\\/gorzow.news\\\/index.php\\\/2022\\\/03\\\/01\\\/n-park-kompletny-kaes-juz-otwarty\\\/#primaryimage\"},\"thumbnailUrl\":\"https:\\\/\\\/gorzow.news\\\/wp-content\\\/uploads\\\/2022\\\/03\\\/kaes.-N-Park-Gorzow-Wlkp..jpg\",\"keywords\":[\"Chemiczna\",\"Dorota Beltrani\",\"Kaes\",\"N-Park\"],\"articleSection\":[\"Biznes\",\"Wiadomo\u015bci\"],\"inLanguage\":\"pl-PL\",\"potentialAction\":[{\"@type\":\"CommentAction\",\"name\":\"Comment\",\"target\":[\"https:\\\/\\\/gorzow.news\\\/index.php\\\/2022\\\/03\\\/01\\\/n-park-kompletny-kaes-juz-otwarty\\\/#respond\"]}]},{\"@type\":\"WebPage\",\"@id\":\"https:\\\/\\\/gorzow.news\\\/index.php\\\/2022\\\/03\\\/01\\\/n-park-kompletny-kaes-juz-otwarty\\\/\",\"url\":\"https:\\\/\\\/gorzow.news\\\/index.php\\\/2022\\\/03\\\/01\\\/n-park-kompletny-kaes-juz-otwarty\\\/\",\"name\":\"N-Park kompletny! Kaes ju\u017c otwarty! - Gorz\u00f3w News\",\"isPartOf\":{\"@id\":\"https:\\\/\\\/gorzow.news\\\/#website\"},\"primaryImageOfPage\":{\"@id\":\"https:\\\/\\\/gorzow.news\\\/index.php\\\/2022\\\/03\\\/01\\\/n-park-kompletny-kaes-juz-otwarty\\\/#primaryimage\"},\"image\":{\"@id\":\"https:\\\/\\\/gorzow.news\\\/index.php\\\/2022\\\/03\\\/01\\\/n-park-kompletny-kaes-juz-otwarty\\\/#primaryimage\"},\"thumbnailUrl\":\"https:\\\/\\\/gorzow.news\\\/wp-content\\\/uploads\\\/2022\\\/03\\\/kaes.-N-Park-Gorzow-Wlkp..jpg\",\"datePublished\":\"2022-03-01T11:44:43+00:00\",\"dateModified\":\"2022-03-01T11:44:46+00:00\",\"author\":{\"@id\":\"https:\\\/\\\/gorzow.news\\\/#\\\/schema\\\/person\\\/a1e5ab43166369f2ce236a1cd90995bb\"},\"description\":\"Tak jak informowali\u015bmy na naszych \u0142amach zako\u0144czy\u0142a si\u0119 komercjalizacja N-Parku przy ul. Chemicznej. Ostatnim najemc\u0105 zosta\u0142a sie\u0107 multibrandowych sklep\u00f3w odzie\u017cowych Kaes, kt\u00f3ra w miniony pi\u0105tek otworzy\u0142a sw\u00f3j pierwszy sklep w Gorzowie.\",\"breadcrumb\":{\"@id\":\"https:\\\/\\\/gorzow.news\\\/index.php\\\/2022\\\/03\\\/01\\\/n-park-kompletny-kaes-juz-otwarty\\\/#breadcrumb\"},\"inLanguage\":\"pl-PL\",\"potentialAction\":[{\"@type\":\"ReadAction\",\"target\":[\"https:\\\/\\\/gorzow.news\\\/index.php\\\/2022\\\/03\\\/01\\\/n-park-kompletny-kaes-juz-otwarty\\\/\"]}]},{\"@type\":\"ImageObject\",\"inLanguage\":\"pl-PL\",\"@id\":\"https:\\\/\\\/gorzow.news\\\/index.php\\\/2022\\\/03\\\/01\\\/n-park-kompletny-kaes-juz-otwarty\\\/#primaryimage\",\"url\":\"https:\\\/\\\/gorzow.news\\\/wp-content\\\/uploads\\\/2022\\\/03\\\/kaes.-N-Park-Gorzow-Wlkp..jpg\",\"contentUrl\":\"https:\\\/\\\/gorzow.news\\\/wp-content\\\/uploads\\\/2022\\\/03\\\/kaes.-N-Park-Gorzow-Wlkp..jpg\",\"width\":2064,\"height\":1548},{\"@type\":\"BreadcrumbList\",\"@id\":\"https:\\\/\\\/gorzow.news\\\/index.php\\\/2022\\\/03\\\/01\\\/n-park-kompletny-kaes-juz-otwarty\\\/#breadcrumb\",\"itemListElement\":[{\"@type\":\"ListItem\",\"position\":1,\"name\":\"Home\",\"item\":\"https:\\\/\\\/gorzow.news\\\/\"},{\"@type\":\"ListItem\",\"position\":2,\"name\":\"N-Park kompletny! Kaes ju\u017c otwarty!\"}]},{\"@type\":\"WebSite\",\"@id\":\"https:\\\/\\\/gorzow.news\\\/#website\",\"url\":\"https:\\\/\\\/gorzow.news\\\/\",\"name\":\"Gorz\u00f3w News\",\"description\":\"Sp\u00f3jrz inaczej na miato i region...\",\"potentialAction\":[{\"@type\":\"SearchAction\",\"target\":{\"@type\":\"EntryPoint\",\"urlTemplate\":\"https:\\\/\\\/gorzow.news\\\/?s={search_term_string}\"},\"query-input\":{\"@type\":\"PropertyValueSpecification\",\"valueRequired\":true,\"valueName\":\"search_term_string\"}}],\"inLanguage\":\"pl-PL\"},{\"@type\":\"Person\",\"@id\":\"https:\\\/\\\/gorzow.news\\\/#\\\/schema\\\/person\\\/a1e5ab43166369f2ce236a1cd90995bb\",\"name\":\"maciej\",\"image\":{\"@type\":\"ImageObject\",\"inLanguage\":\"pl-PL\",\"@id\":\"https:\\\/\\\/secure.gravatar.com\\\/avatar\\\/530a674d56ba60cfa0ef21d74e8e8d123a51bb7aa6580465b5c2ab2c2e980a19?s=96&r=g&d=https:\\\/\\\/gorzow.news\\\/wp-content\\\/plugins\\\/userswp\\\/assets\\\/images\\\/no_profile.png\",\"url\":\"https:\\\/\\\/secure.gravatar.com\\\/avatar\\\/530a674d56ba60cfa0ef21d74e8e8d123a51bb7aa6580465b5c2ab2c2e980a19?s=96&r=g&d=https:\\\/\\\/gorzow.news\\\/wp-content\\\/plugins\\\/userswp\\\/assets\\\/images\\\/no_profile.png\",\"contentUrl\":\"https:\\\/\\\/secure.gravatar.com\\\/avatar\\\/530a674d56ba60cfa0ef21d74e8e8d123a51bb7aa6580465b5c2ab2c2e980a19?s=96&r=g&d=https:\\\/\\\/gorzow.news\\\/wp-content\\\/plugins\\\/userswp\\\/assets\\\/images\\\/no_profile.png\",\"caption\":\"maciej\"},\"url\":\"https:\\\/\\\/gorzow.news\\\/index.php\\\/profile\\\/maciej\\\/\"}]}<\/script>\n<!-- \/ Yoast SEO plugin. -->","yoast_head_json":{"title":"N-Park kompletny! Kaes ju\u017c otwarty! - Gorz\u00f3w News","description":"Tak jak informowali\u015bmy na naszych \u0142amach zako\u0144czy\u0142a si\u0119 komercjalizacja N-Parku przy ul. Chemicznej. Ostatnim najemc\u0105 zosta\u0142a sie\u0107 multibrando","robots":{"index":"index","follow":"follow","max-snippet":"max-snippet:-1","max-image-preview":"max-image-preview:large","max-video-preview":"max-video-preview:-1"},"canonical":"https:\/\/gorzow.news\/index.php\/2022\/03\/01\/n-park-kompletny-kaes-juz-otwarty\/","og_locale":"pl_PL","og_type":"article","og_title":"N-Park kompletny! Kaes ju\u017c otwarty! - Gorz\u00f3w News","og_description":"Tak jak informowali\u015bmy na naszych \u0142amach zako\u0144czy\u0142a si\u0119 komercjalizacja N-Parku przy ul. Chemicznej. Ostatnim najemc\u0105 zosta\u0142a sie\u0107 multibrando","og_url":"https:\/\/gorzow.news\/index.php\/2022\/03\/01\/n-park-kompletny-kaes-juz-otwarty\/","og_site_name":"Gorz\u00f3w News","article_publisher":"https:\/\/www.facebook.com\/gorzowskinews","article_published_time":"2022-03-01T11:44:43+00:00","article_modified_time":"2022-03-01T11:44:46+00:00","og_image":[{"width":2064,"height":1548,"url":"https:\/\/gorzow.news\/wp-content\/uploads\/2022\/03\/kaes.-N-Park-Gorzow-Wlkp..jpg","type":"image\/jpeg"}],"author":"maciej","twitter_card":"summary_large_image","twitter_misc":{"Napisane przez":"maciej","Szacowany czas czytania":"2 minuty"},"schema":{"@context":"https:\/\/schema.org","@graph":[{"@type":"Article","@id":"https:\/\/gorzow.news\/index.php\/2022\/03\/01\/n-park-kompletny-kaes-juz-otwarty\/#article","isPartOf":{"@id":"https:\/\/gorzow.news\/index.php\/2022\/03\/01\/n-park-kompletny-kaes-juz-otwarty\/"},"author":{"name":"maciej","@id":"https:\/\/gorzow.news\/#\/schema\/person\/a1e5ab43166369f2ce236a1cd90995bb"},"headline":"N-Park kompletny! Kaes ju\u017c otwarty!","datePublished":"2022-03-01T11:44:43+00:00","dateModified":"2022-03-01T11:44:46+00:00","mainEntityOfPage":{"@id":"https:\/\/gorzow.news\/index.php\/2022\/03\/01\/n-park-kompletny-kaes-juz-otwarty\/"},"wordCount":201,"commentCount":0,"image":{"@id":"https:\/\/gorzow.news\/index.php\/2022\/03\/01\/n-park-kompletny-kaes-juz-otwarty\/#primaryimage"},"thumbnailUrl":"https:\/\/gorzow.news\/wp-content\/uploads\/2022\/03\/kaes.-N-Park-Gorzow-Wlkp..jpg","keywords":["Chemiczna","Dorota Beltrani","Kaes","N-Park"],"articleSection":["Biznes","Wiadomo\u015bci"],"inLanguage":"pl-PL","potentialAction":[{"@type":"CommentAction","name":"Comment","target":["https:\/\/gorzow.news\/index.php\/2022\/03\/01\/n-park-kompletny-kaes-juz-otwarty\/#respond"]}]},{"@type":"WebPage","@id":"https:\/\/gorzow.news\/index.php\/2022\/03\/01\/n-park-kompletny-kaes-juz-otwarty\/","url":"https:\/\/gorzow.news\/index.php\/2022\/03\/01\/n-park-kompletny-kaes-juz-otwarty\/","name":"N-Park kompletny! Kaes ju\u017c otwarty! - Gorz\u00f3w News","isPartOf":{"@id":"https:\/\/gorzow.news\/#website"},"primaryImageOfPage":{"@id":"https:\/\/gorzow.news\/index.php\/2022\/03\/01\/n-park-kompletny-kaes-juz-otwarty\/#primaryimage"},"image":{"@id":"https:\/\/gorzow.news\/index.php\/2022\/03\/01\/n-park-kompletny-kaes-juz-otwarty\/#primaryimage"},"thumbnailUrl":"https:\/\/gorzow.news\/wp-content\/uploads\/2022\/03\/kaes.-N-Park-Gorzow-Wlkp..jpg","datePublished":"2022-03-01T11:44:43+00:00","dateModified":"2022-03-01T11:44:46+00:00","author":{"@id":"https:\/\/gorzow.news\/#\/schema\/person\/a1e5ab43166369f2ce236a1cd90995bb"},"description":"Tak jak informowali\u015bmy na naszych \u0142amach zako\u0144czy\u0142a si\u0119 komercjalizacja N-Parku przy ul. Chemicznej. Ostatnim najemc\u0105 zosta\u0142a sie\u0107 multibrandowych sklep\u00f3w odzie\u017cowych Kaes, kt\u00f3ra w miniony pi\u0105tek otworzy\u0142a sw\u00f3j pierwszy sklep w Gorzowie.","breadcrumb":{"@id":"https:\/\/gorzow.news\/index.php\/2022\/03\/01\/n-park-kompletny-kaes-juz-otwarty\/#breadcrumb"},"inLanguage":"pl-PL","potentialAction":[{"@type":"ReadAction","target":["https:\/\/gorzow.news\/index.php\/2022\/03\/01\/n-park-kompletny-kaes-juz-otwarty\/"]}]},{"@type":"ImageObject","inLanguage":"pl-PL","@id":"https:\/\/gorzow.news\/index.php\/2022\/03\/01\/n-park-kompletny-kaes-juz-otwarty\/#primaryimage","url":"https:\/\/gorzow.news\/wp-content\/uploads\/2022\/03\/kaes.-N-Park-Gorzow-Wlkp..jpg","contentUrl":"https:\/\/gorzow.news\/wp-content\/uploads\/2022\/03\/kaes.-N-Park-Gorzow-Wlkp..jpg","width":2064,"height":1548},{"@type":"BreadcrumbList","@id":"https:\/\/gorzow.news\/index.php\/2022\/03\/01\/n-park-kompletny-kaes-juz-otwarty\/#breadcrumb","itemListElement":[{"@type":"ListItem","position":1,"name":"Home","item":"https:\/\/gorzow.news\/"},{"@type":"ListItem","position":2,"name":"N-Park kompletny! Kaes ju\u017c otwarty!"}]},{"@type":"WebSite","@id":"https:\/\/gorzow.news\/#website","url":"https:\/\/gorzow.news\/","name":"Gorz\u00f3w News","description":"Sp\u00f3jrz inaczej na miato i region...","potentialAction":[{"@type":"SearchAction","target":{"@type":"EntryPoint","urlTemplate":"https:\/\/gorzow.news\/?s={search_term_string}"},"query-input":{"@type":"PropertyValueSpecification","valueRequired":true,"valueName":"search_term_string"}}],"inLanguage":"pl-PL"},{"@type":"Person","@id":"https:\/\/gorzow.news\/#\/schema\/person\/a1e5ab43166369f2ce236a1cd90995bb","name":"maciej","image":{"@type":"ImageObject","inLanguage":"pl-PL","@id":"https:\/\/secure.gravatar.com\/avatar\/530a674d56ba60cfa0ef21d74e8e8d123a51bb7aa6580465b5c2ab2c2e980a19?s=96&r=g&d=https:\/\/gorzow.news\/wp-content\/plugins\/userswp\/assets\/images\/no_profile.png","url":"https:\/\/secure.gravatar.com\/avatar\/530a674d56ba60cfa0ef21d74e8e8d123a51bb7aa6580465b5c2ab2c2e980a19?s=96&r=g&d=https:\/\/gorzow.news\/wp-content\/plugins\/userswp\/assets\/images\/no_profile.png","contentUrl":"https:\/\/secure.gravatar.com\/avatar\/530a674d56ba60cfa0ef21d74e8e8d123a51bb7aa6580465b5c2ab2c2e980a19?s=96&r=g&d=https:\/\/gorzow.news\/wp-content\/plugins\/userswp\/assets\/images\/no_profile.png","caption":"maciej"},"url":"https:\/\/gorzow.news\/index.php\/profile\/maciej\/"}]}},"_links":{"self":[{"href":"https:\/\/gorzow.news\/index.php\/wp-json\/wp\/v2\/posts\/6126","targetHints":{"allow":["GET"]}}],"collection":[{"href":"https:\/\/gorzow.news\/index.php\/wp-json\/wp\/v2\/posts"}],"about":[{"href":"https:\/\/gorzow.news\/index.php\/wp-json\/wp\/v2\/types\/post"}],"author":[{"embeddable":true,"href":"https:\/\/gorzow.news\/index.php\/wp-json\/wp\/v2\/users\/1"}],"replies":[{"embeddable":true,"href":"https:\/\/gorzow.news\/index.php\/wp-json\/wp\/v2\/comments?post=6126"}],"version-history":[{"count":0,"href":"https:\/\/gorzow.news\/index.php\/wp-json\/wp\/v2\/posts\/6126\/revisions"}],"wp:featuredmedia":[{"embeddable":true,"href":"https:\/\/gorzow.news\/index.php\/wp-json\/wp\/v2\/media\/6128"}],"wp:attachment":[{"href":"https:\/\/gorzow.news\/index.php\/wp-json\/wp\/v2\/media?parent=6126"}],"wp:term":[{"taxonomy":"category","embeddable":true,"href":"https:\/\/gorzow.news\/index.php\/wp-json\/wp\/v2\/categories?post=6126"},{"taxonomy":"post_tag","embeddable":true,"href":"https:\/\/gorzow.news\/index.php\/wp-json\/wp\/v2\/tags?post=6126"}],"curies":[{"name":"wp","href":"https:\/\/api.w.org\/{rel}","templated":true}]}}