{"id":589,"date":"2021-05-15T22:21:13","date_gmt":"2021-05-15T20:21:13","guid":{"rendered":"https:\/\/gorzow.news\/?p=589"},"modified":"2022-06-12T17:53:25","modified_gmt":"2022-06-12T15:53:25","slug":"w-przemyslowce-trwa-demolka-zdjecia-i-wizualizacje","status":"publish","type":"post","link":"https:\/\/gorzow.news\/index.php\/2021\/05\/15\/w-przemyslowce-trwa-demolka-zdjecia-i-wizualizacje\/","title":{"rendered":"W Przemys\u0142\u00f3wce trwa demolka! (zdj\u0119cia i wizualizacje)"},"content":{"rendered":"\n<p><strong>W kwietniu na plac budowy wesz\u0142a gorzowska firma Gotech. Po remoncie, kt\u00f3ry kosztowa\u0142 b\u0119dzie miasto ponad 23 miliony z\u0142otych znajdzie si\u0119 tutaj Miejskie Centrum Kultury.<\/strong><\/p>\n\n\n\n<p>Wie\u017cowiec &#8222;Przemys\u0142\u00f3wki&#8221; i ni\u017cszy budynek po banku PEKAO miasto kupi\u0142o w 2016 roku za niespe\u0142na 6 mln z\u0142. Od kilku lal trwaj\u0105 praca na wybranych pietrach wy\u017cszego budynku. Tutaj w tym roku maj\u0105 si\u0119 przenie\u015b\u0107 wybrane wydzia\u0142y Urz\u0119du Miasta.<\/p>\n\n\n\n<p>Nadszed\u0142 wreszcie czas na generaln\u0105 przebudow\u0119 ni\u017cszego budynku, w kt\u00f3rym znajdzie si\u0119 sala koncertowa, pracownie muzyczne, teatralne i multimedialne Miejskiego Centrum Kultury i niskich kondygnacji wie\u017cowca gdzie znajdowa\u0107 si\u0119 b\u0119d\u0105 biura instytucji kultury.<\/p>\n\n\n\n<p>Inwestycja ma unijne wsparcie z Regionalnego Programu Operacyjnego &#8211; Lubuskie 2020. Miastu przyznano 9,4 mln z\u0142. Prace maj\u0105 zako\u0144czy\u0107 si\u0119 pod koniec 2022 roku. Ca\u0142a inwestycja wraz z wcze\u015bniejszymi pracami kosztowa\u0107 b\u0119dzie prawie 37 mln z\u0142otych.<\/p>\n\n\n\n<p><strong>Zdj\u0119cia z aktualnych prac:<\/strong><\/p>\n\n\n\n<figure class=\"wp-block-image size-large\"><img loading=\"lazy\" decoding=\"async\" width=\"1024\" height=\"594\" src=\"https:\/\/gorzow.news\/wp-content\/uploads\/2021\/05\/prz1-1024x594.jpg\" alt=\"\" class=\"wp-image-597\" srcset=\"https:\/\/gorzow.news\/wp-content\/uploads\/2021\/05\/prz1-1024x594.jpg 1024w, https:\/\/gorzow.news\/wp-content\/uploads\/2021\/05\/prz1-300x174.jpg 300w, https:\/\/gorzow.news\/wp-content\/uploads\/2021\/05\/prz1-768x446.jpg 768w, https:\/\/gorzow.news\/wp-content\/uploads\/2021\/05\/prz1-1536x891.jpg 1536w, https:\/\/gorzow.news\/wp-content\/uploads\/2021\/05\/prz1-2048x1189.jpg 2048w, https:\/\/gorzow.news\/wp-content\/uploads\/2021\/05\/prz1-696x404.jpg 696w, https:\/\/gorzow.news\/wp-content\/uploads\/2021\/05\/prz1-1068x620.jpg 1068w, https:\/\/gorzow.news\/wp-content\/uploads\/2021\/05\/prz1-1920x1114.jpg 1920w\" sizes=\"auto, (max-width: 1024px) 100vw, 1024px\" \/><\/figure>\n\n\n\n<figure class=\"wp-block-image size-large\"><img loading=\"lazy\" decoding=\"async\" width=\"1024\" height=\"576\" src=\"https:\/\/gorzow.news\/wp-content\/uploads\/2021\/05\/IMG_20210513_120504-1024x576.jpg\" alt=\"\" class=\"wp-image-590\" srcset=\"https:\/\/gorzow.news\/wp-content\/uploads\/2021\/05\/IMG_20210513_120504-1024x576.jpg 1024w, https:\/\/gorzow.news\/wp-content\/uploads\/2021\/05\/IMG_20210513_120504-300x169.jpg 300w, https:\/\/gorzow.news\/wp-content\/uploads\/2021\/05\/IMG_20210513_120504-768x432.jpg 768w, https:\/\/gorzow.news\/wp-content\/uploads\/2021\/05\/IMG_20210513_120504-1536x864.jpg 1536w, https:\/\/gorzow.news\/wp-content\/uploads\/2021\/05\/IMG_20210513_120504-2048x1152.jpg 2048w, https:\/\/gorzow.news\/wp-content\/uploads\/2021\/05\/IMG_20210513_120504-696x392.jpg 696w, https:\/\/gorzow.news\/wp-content\/uploads\/2021\/05\/IMG_20210513_120504-1068x601.jpg 1068w, https:\/\/gorzow.news\/wp-content\/uploads\/2021\/05\/IMG_20210513_120504-1920x1080.jpg 1920w\" sizes=\"auto, (max-width: 1024px) 100vw, 1024px\" \/><\/figure>\n\n\n\n<figure class=\"wp-block-image size-large\"><img loading=\"lazy\" decoding=\"async\" width=\"1024\" height=\"576\" src=\"https:\/\/gorzow.news\/wp-content\/uploads\/2021\/05\/IMG_20210513_122113-1024x576.jpg\" alt=\"\" class=\"wp-image-596\" srcset=\"https:\/\/gorzow.news\/wp-content\/uploads\/2021\/05\/IMG_20210513_122113-1024x576.jpg 1024w, https:\/\/gorzow.news\/wp-content\/uploads\/2021\/05\/IMG_20210513_122113-300x169.jpg 300w, https:\/\/gorzow.news\/wp-content\/uploads\/2021\/05\/IMG_20210513_122113-768x432.jpg 768w, https:\/\/gorzow.news\/wp-content\/uploads\/2021\/05\/IMG_20210513_122113-1536x864.jpg 1536w, https:\/\/gorzow.news\/wp-content\/uploads\/2021\/05\/IMG_20210513_122113-2048x1152.jpg 2048w, https:\/\/gorzow.news\/wp-content\/uploads\/2021\/05\/IMG_20210513_122113-696x392.jpg 696w, https:\/\/gorzow.news\/wp-content\/uploads\/2021\/05\/IMG_20210513_122113-1068x601.jpg 1068w, https:\/\/gorzow.news\/wp-content\/uploads\/2021\/05\/IMG_20210513_122113-1920x1080.jpg 1920w\" sizes=\"auto, (max-width: 1024px) 100vw, 1024px\" \/><\/figure>\n\n\n\n<figure class=\"wp-block-image size-large\"><img loading=\"lazy\" decoding=\"async\" width=\"1024\" height=\"576\" src=\"https:\/\/gorzow.news\/wp-content\/uploads\/2021\/05\/IMG_20210513_122042-1024x576.jpg\" alt=\"\" class=\"wp-image-595\" srcset=\"https:\/\/gorzow.news\/wp-content\/uploads\/2021\/05\/IMG_20210513_122042-1024x576.jpg 1024w, https:\/\/gorzow.news\/wp-content\/uploads\/2021\/05\/IMG_20210513_122042-300x169.jpg 300w, https:\/\/gorzow.news\/wp-content\/uploads\/2021\/05\/IMG_20210513_122042-768x432.jpg 768w, https:\/\/gorzow.news\/wp-content\/uploads\/2021\/05\/IMG_20210513_122042-1536x864.jpg 1536w, https:\/\/gorzow.news\/wp-content\/uploads\/2021\/05\/IMG_20210513_122042-2048x1152.jpg 2048w, https:\/\/gorzow.news\/wp-content\/uploads\/2021\/05\/IMG_20210513_122042-696x392.jpg 696w, https:\/\/gorzow.news\/wp-content\/uploads\/2021\/05\/IMG_20210513_122042-1068x601.jpg 1068w, https:\/\/gorzow.news\/wp-content\/uploads\/2021\/05\/IMG_20210513_122042-1920x1080.jpg 1920w\" sizes=\"auto, (max-width: 1024px) 100vw, 1024px\" \/><\/figure>\n\n\n\n<figure class=\"wp-block-image size-large\"><img loading=\"lazy\" decoding=\"async\" width=\"1024\" height=\"576\" src=\"https:\/\/gorzow.news\/wp-content\/uploads\/2021\/05\/IMG_20210513_121901-1024x576.jpg\" alt=\"\" class=\"wp-image-592\" srcset=\"https:\/\/gorzow.news\/wp-content\/uploads\/2021\/05\/IMG_20210513_121901-1024x576.jpg 1024w, https:\/\/gorzow.news\/wp-content\/uploads\/2021\/05\/IMG_20210513_121901-300x169.jpg 300w, https:\/\/gorzow.news\/wp-content\/uploads\/2021\/05\/IMG_20210513_121901-768x432.jpg 768w, https:\/\/gorzow.news\/wp-content\/uploads\/2021\/05\/IMG_20210513_121901-1536x864.jpg 1536w, https:\/\/gorzow.news\/wp-content\/uploads\/2021\/05\/IMG_20210513_121901-2048x1152.jpg 2048w, https:\/\/gorzow.news\/wp-content\/uploads\/2021\/05\/IMG_20210513_121901-696x392.jpg 696w, https:\/\/gorzow.news\/wp-content\/uploads\/2021\/05\/IMG_20210513_121901-1068x601.jpg 1068w, https:\/\/gorzow.news\/wp-content\/uploads\/2021\/05\/IMG_20210513_121901-1920x1080.jpg 1920w\" sizes=\"auto, (max-width: 1024px) 100vw, 1024px\" \/><\/figure>\n\n\n<div class=\"wp-block-image\">\n<figure class=\"aligncenter size-large\"><img loading=\"lazy\" decoding=\"async\" width=\"576\" height=\"1024\" src=\"https:\/\/gorzow.news\/wp-content\/uploads\/2021\/05\/IMG_20210513_121744-576x1024.jpg\" alt=\"\" class=\"wp-image-591\" srcset=\"https:\/\/gorzow.news\/wp-content\/uploads\/2021\/05\/IMG_20210513_121744-576x1024.jpg 576w, https:\/\/gorzow.news\/wp-content\/uploads\/2021\/05\/IMG_20210513_121744-169x300.jpg 169w, https:\/\/gorzow.news\/wp-content\/uploads\/2021\/05\/IMG_20210513_121744-768x1365.jpg 768w, https:\/\/gorzow.news\/wp-content\/uploads\/2021\/05\/IMG_20210513_121744-864x1536.jpg 864w, https:\/\/gorzow.news\/wp-content\/uploads\/2021\/05\/IMG_20210513_121744-1152x2048.jpg 1152w, https:\/\/gorzow.news\/wp-content\/uploads\/2021\/05\/IMG_20210513_121744-696x1237.jpg 696w, https:\/\/gorzow.news\/wp-content\/uploads\/2021\/05\/IMG_20210513_121744-1068x1899.jpg 1068w, https:\/\/gorzow.news\/wp-content\/uploads\/2021\/05\/IMG_20210513_121744-1920x3413.jpg 1920w, https:\/\/gorzow.news\/wp-content\/uploads\/2021\/05\/IMG_20210513_121744-scaled.jpg 1440w\" sizes=\"auto, (max-width: 576px) 100vw, 576px\" \/><\/figure>\n<\/div>\n\n\n<p><strong>Wizualizacje:<\/strong><\/p>\n\n\n\n<figure class=\"wp-block-image size-large\"><img loading=\"lazy\" decoding=\"async\" width=\"840\" height=\"409\" src=\"https:\/\/gorzow.news\/wp-content\/uploads\/2021\/05\/Screenshot_2021-05-15-Miejskie-Centrum-Kultury-w-Gorzowie-Wielkopolskim-Ski-Studio.png\" alt=\"\" class=\"wp-image-601\" srcset=\"https:\/\/gorzow.news\/wp-content\/uploads\/2021\/05\/Screenshot_2021-05-15-Miejskie-Centrum-Kultury-w-Gorzowie-Wielkopolskim-Ski-Studio.png 840w, https:\/\/gorzow.news\/wp-content\/uploads\/2021\/05\/Screenshot_2021-05-15-Miejskie-Centrum-Kultury-w-Gorzowie-Wielkopolskim-Ski-Studio-300x146.png 300w, https:\/\/gorzow.news\/wp-content\/uploads\/2021\/05\/Screenshot_2021-05-15-Miejskie-Centrum-Kultury-w-Gorzowie-Wielkopolskim-Ski-Studio-768x374.png 768w, https:\/\/gorzow.news\/wp-content\/uploads\/2021\/05\/Screenshot_2021-05-15-Miejskie-Centrum-Kultury-w-Gorzowie-Wielkopolskim-Ski-Studio-696x339.png 696w\" sizes=\"auto, (max-width: 840px) 100vw, 840px\" \/><\/figure>\n\n\n\n<figure class=\"wp-block-image size-large\"><img loading=\"lazy\" decoding=\"async\" width=\"840\" height=\"520\" src=\"https:\/\/gorzow.news\/wp-content\/uploads\/2021\/05\/Screenshot_2021-05-15-Miejskie-Centrum-Kultury-w-Gorzowie-Wielkopolskim-Ski-Studio1.png\" alt=\"\" class=\"wp-image-598\" srcset=\"https:\/\/gorzow.news\/wp-content\/uploads\/2021\/05\/Screenshot_2021-05-15-Miejskie-Centrum-Kultury-w-Gorzowie-Wielkopolskim-Ski-Studio1.png 840w, https:\/\/gorzow.news\/wp-content\/uploads\/2021\/05\/Screenshot_2021-05-15-Miejskie-Centrum-Kultury-w-Gorzowie-Wielkopolskim-Ski-Studio1-300x186.png 300w, https:\/\/gorzow.news\/wp-content\/uploads\/2021\/05\/Screenshot_2021-05-15-Miejskie-Centrum-Kultury-w-Gorzowie-Wielkopolskim-Ski-Studio1-768x475.png 768w, https:\/\/gorzow.news\/wp-content\/uploads\/2021\/05\/Screenshot_2021-05-15-Miejskie-Centrum-Kultury-w-Gorzowie-Wielkopolskim-Ski-Studio1-696x431.png 696w\" sizes=\"auto, (max-width: 840px) 100vw, 840px\" \/><\/figure>\n\n\n\n<figure class=\"wp-block-image size-large\"><img loading=\"lazy\" decoding=\"async\" width=\"840\" height=\"657\" src=\"https:\/\/gorzow.news\/wp-content\/uploads\/2021\/05\/Screenshot_2021-05-15-Miejskie-Centrum-Kultury-w-Gorzowie-Wielkopolskim-Ski-Studio2.png\" alt=\"\" class=\"wp-image-599\" srcset=\"https:\/\/gorzow.news\/wp-content\/uploads\/2021\/05\/Screenshot_2021-05-15-Miejskie-Centrum-Kultury-w-Gorzowie-Wielkopolskim-Ski-Studio2.png 840w, https:\/\/gorzow.news\/wp-content\/uploads\/2021\/05\/Screenshot_2021-05-15-Miejskie-Centrum-Kultury-w-Gorzowie-Wielkopolskim-Ski-Studio2-300x235.png 300w, https:\/\/gorzow.news\/wp-content\/uploads\/2021\/05\/Screenshot_2021-05-15-Miejskie-Centrum-Kultury-w-Gorzowie-Wielkopolskim-Ski-Studio2-768x601.png 768w, https:\/\/gorzow.news\/wp-content\/uploads\/2021\/05\/Screenshot_2021-05-15-Miejskie-Centrum-Kultury-w-Gorzowie-Wielkopolskim-Ski-Studio2-696x544.png 696w\" sizes=\"auto, (max-width: 840px) 100vw, 840px\" \/><\/figure>\n\n\n\n<figure class=\"wp-block-image size-large\"><img loading=\"lazy\" decoding=\"async\" width=\"840\" height=\"626\" src=\"https:\/\/gorzow.news\/wp-content\/uploads\/2021\/05\/Screenshot_2021-05-15-Miejskie-Centrum-Kultury-w-Gorzowie-Wielkopolskim-Ski-Studio3.png\" alt=\"\" class=\"wp-image-600\" srcset=\"https:\/\/gorzow.news\/wp-content\/uploads\/2021\/05\/Screenshot_2021-05-15-Miejskie-Centrum-Kultury-w-Gorzowie-Wielkopolskim-Ski-Studio3.png 840w, https:\/\/gorzow.news\/wp-content\/uploads\/2021\/05\/Screenshot_2021-05-15-Miejskie-Centrum-Kultury-w-Gorzowie-Wielkopolskim-Ski-Studio3-300x224.png 300w, https:\/\/gorzow.news\/wp-content\/uploads\/2021\/05\/Screenshot_2021-05-15-Miejskie-Centrum-Kultury-w-Gorzowie-Wielkopolskim-Ski-Studio3-768x572.png 768w, https:\/\/gorzow.news\/wp-content\/uploads\/2021\/05\/Screenshot_2021-05-15-Miejskie-Centrum-Kultury-w-Gorzowie-Wielkopolskim-Ski-Studio3-485x360.png 485w, https:\/\/gorzow.news\/wp-content\/uploads\/2021\/05\/Screenshot_2021-05-15-Miejskie-Centrum-Kultury-w-Gorzowie-Wielkopolskim-Ski-Studio3-696x519.png 696w\" sizes=\"auto, (max-width: 840px) 100vw, 840px\" \/><\/figure>\n\n\n\n<p>Wizualizacje: SKI-STUDIO<\/p>\n","protected":false},"excerpt":{"rendered":"<p>W kwietniu na plac budowy wesz\u0142a gorzowska firma Gotech. Po remoncie, kt\u00f3ry kosztowa\u0142 b\u0119dzie miasto ponad 23 miliony z\u0142otych znajdzie si\u0119 tutaj Miejskie Centrum Kultury. Wie\u017cowiec &#8222;Przemys\u0142\u00f3wki&#8221; i ni\u017cszy budynek po banku PEKAO miasto kupi\u0142o w 2016 roku za niespe\u0142na 6 mln z\u0142. Od kilku lal trwaj\u0105 praca na wybranych pietrach wy\u017cszego budynku. Tutaj w [&hellip;]<\/p>\n","protected":false},"author":1,"featured_media":593,"comment_status":"open","ping_status":"open","sticky":false,"template":"","format":"standard","meta":{"footnotes":"","_links_to":"","_links_to_target":""},"categories":[593,589],"tags":[],"class_list":{"0":"post-589","1":"post","2":"type-post","3":"status-publish","4":"format-standard","5":"has-post-thumbnail","7":"category-inwestycje-miejskie","8":"category-wiadomosci"},"yoast_head":"<!-- This site is optimized with the Yoast SEO plugin v27.3 - https:\/\/yoast.com\/product\/yoast-seo-wordpress\/ -->\n<title>W Przemys\u0142\u00f3wce trwa demolka! (zdj\u0119cia i wizualizacje) - Gorz\u00f3w News<\/title>\n<meta name=\"robots\" content=\"index, follow, max-snippet:-1, max-image-preview:large, max-video-preview:-1\" \/>\n<link rel=\"canonical\" href=\"https:\/\/gorzow.news\/index.php\/2021\/05\/15\/w-przemyslowce-trwa-demolka-zdjecia-i-wizualizacje\/\" \/>\n<meta property=\"og:locale\" content=\"pl_PL\" \/>\n<meta property=\"og:type\" content=\"article\" \/>\n<meta property=\"og:title\" content=\"W Przemys\u0142\u00f3wce trwa demolka! (zdj\u0119cia i wizualizacje) - Gorz\u00f3w News\" \/>\n<meta property=\"og:description\" content=\"W kwietniu na plac budowy wesz\u0142a gorzowska firma Gotech. Po remoncie, kt\u00f3ry kosztowa\u0142 b\u0119dzie miasto ponad 23 miliony z\u0142otych znajdzie si\u0119 tutaj\" \/>\n<meta property=\"og:url\" content=\"https:\/\/gorzow.news\/index.php\/2021\/05\/15\/w-przemyslowce-trwa-demolka-zdjecia-i-wizualizacje\/\" \/>\n<meta property=\"og:site_name\" content=\"Gorz\u00f3w News\" \/>\n<meta property=\"article:publisher\" content=\"https:\/\/www.facebook.com\/gorzowskinews\" \/>\n<meta property=\"article:published_time\" content=\"2021-05-15T20:21:13+00:00\" \/>\n<meta property=\"article:modified_time\" content=\"2022-06-12T15:53:25+00:00\" \/>\n<meta property=\"og:image\" content=\"https:\/\/gorzow.news\/wp-content\/uploads\/2021\/05\/IMG_20210513_121927-scaled.jpg\" \/>\n\t<meta property=\"og:image:width\" content=\"2560\" \/>\n\t<meta property=\"og:image:height\" content=\"1440\" \/>\n\t<meta property=\"og:image:type\" content=\"image\/jpeg\" \/>\n<meta name=\"author\" content=\"maciej\" \/>\n<meta name=\"twitter:card\" content=\"summary_large_image\" \/>\n<meta name=\"twitter:label1\" content=\"Napisane przez\" \/>\n\t<meta name=\"twitter:data1\" content=\"maciej\" \/>\n\t<meta name=\"twitter:label2\" content=\"Szacowany czas czytania\" \/>\n\t<meta name=\"twitter:data2\" content=\"3 minuty\" \/>\n<script type=\"application\/ld+json\" class=\"yoast-schema-graph\">{\"@context\":\"https:\\\/\\\/schema.org\",\"@graph\":[{\"@type\":\"Article\",\"@id\":\"https:\\\/\\\/gorzow.news\\\/index.php\\\/2021\\\/05\\\/15\\\/w-przemyslowce-trwa-demolka-zdjecia-i-wizualizacje\\\/#article\",\"isPartOf\":{\"@id\":\"https:\\\/\\\/gorzow.news\\\/index.php\\\/2021\\\/05\\\/15\\\/w-przemyslowce-trwa-demolka-zdjecia-i-wizualizacje\\\/\"},\"author\":{\"name\":\"maciej\",\"@id\":\"https:\\\/\\\/gorzow.news\\\/#\\\/schema\\\/person\\\/a1e5ab43166369f2ce236a1cd90995bb\"},\"headline\":\"W Przemys\u0142\u00f3wce trwa demolka! (zdj\u0119cia i wizualizacje)\",\"datePublished\":\"2021-05-15T20:21:13+00:00\",\"dateModified\":\"2022-06-12T15:53:25+00:00\",\"mainEntityOfPage\":{\"@id\":\"https:\\\/\\\/gorzow.news\\\/index.php\\\/2021\\\/05\\\/15\\\/w-przemyslowce-trwa-demolka-zdjecia-i-wizualizacje\\\/\"},\"wordCount\":164,\"commentCount\":1,\"image\":{\"@id\":\"https:\\\/\\\/gorzow.news\\\/index.php\\\/2021\\\/05\\\/15\\\/w-przemyslowce-trwa-demolka-zdjecia-i-wizualizacje\\\/#primaryimage\"},\"thumbnailUrl\":\"https:\\\/\\\/gorzow.news\\\/wp-content\\\/uploads\\\/2021\\\/05\\\/IMG_20210513_121927-scaled.jpg\",\"articleSection\":[\"Inwestycje miejskie\",\"Wiadomo\u015bci\"],\"inLanguage\":\"pl-PL\",\"potentialAction\":[{\"@type\":\"CommentAction\",\"name\":\"Comment\",\"target\":[\"https:\\\/\\\/gorzow.news\\\/index.php\\\/2021\\\/05\\\/15\\\/w-przemyslowce-trwa-demolka-zdjecia-i-wizualizacje\\\/#respond\"]}]},{\"@type\":\"WebPage\",\"@id\":\"https:\\\/\\\/gorzow.news\\\/index.php\\\/2021\\\/05\\\/15\\\/w-przemyslowce-trwa-demolka-zdjecia-i-wizualizacje\\\/\",\"url\":\"https:\\\/\\\/gorzow.news\\\/index.php\\\/2021\\\/05\\\/15\\\/w-przemyslowce-trwa-demolka-zdjecia-i-wizualizacje\\\/\",\"name\":\"W Przemys\u0142\u00f3wce trwa demolka! (zdj\u0119cia i wizualizacje) - Gorz\u00f3w News\",\"isPartOf\":{\"@id\":\"https:\\\/\\\/gorzow.news\\\/#website\"},\"primaryImageOfPage\":{\"@id\":\"https:\\\/\\\/gorzow.news\\\/index.php\\\/2021\\\/05\\\/15\\\/w-przemyslowce-trwa-demolka-zdjecia-i-wizualizacje\\\/#primaryimage\"},\"image\":{\"@id\":\"https:\\\/\\\/gorzow.news\\\/index.php\\\/2021\\\/05\\\/15\\\/w-przemyslowce-trwa-demolka-zdjecia-i-wizualizacje\\\/#primaryimage\"},\"thumbnailUrl\":\"https:\\\/\\\/gorzow.news\\\/wp-content\\\/uploads\\\/2021\\\/05\\\/IMG_20210513_121927-scaled.jpg\",\"datePublished\":\"2021-05-15T20:21:13+00:00\",\"dateModified\":\"2022-06-12T15:53:25+00:00\",\"author\":{\"@id\":\"https:\\\/\\\/gorzow.news\\\/#\\\/schema\\\/person\\\/a1e5ab43166369f2ce236a1cd90995bb\"},\"breadcrumb\":{\"@id\":\"https:\\\/\\\/gorzow.news\\\/index.php\\\/2021\\\/05\\\/15\\\/w-przemyslowce-trwa-demolka-zdjecia-i-wizualizacje\\\/#breadcrumb\"},\"inLanguage\":\"pl-PL\",\"potentialAction\":[{\"@type\":\"ReadAction\",\"target\":[\"https:\\\/\\\/gorzow.news\\\/index.php\\\/2021\\\/05\\\/15\\\/w-przemyslowce-trwa-demolka-zdjecia-i-wizualizacje\\\/\"]}]},{\"@type\":\"ImageObject\",\"inLanguage\":\"pl-PL\",\"@id\":\"https:\\\/\\\/gorzow.news\\\/index.php\\\/2021\\\/05\\\/15\\\/w-przemyslowce-trwa-demolka-zdjecia-i-wizualizacje\\\/#primaryimage\",\"url\":\"https:\\\/\\\/gorzow.news\\\/wp-content\\\/uploads\\\/2021\\\/05\\\/IMG_20210513_121927-scaled.jpg\",\"contentUrl\":\"https:\\\/\\\/gorzow.news\\\/wp-content\\\/uploads\\\/2021\\\/05\\\/IMG_20210513_121927-scaled.jpg\",\"width\":2560,\"height\":1440},{\"@type\":\"BreadcrumbList\",\"@id\":\"https:\\\/\\\/gorzow.news\\\/index.php\\\/2021\\\/05\\\/15\\\/w-przemyslowce-trwa-demolka-zdjecia-i-wizualizacje\\\/#breadcrumb\",\"itemListElement\":[{\"@type\":\"ListItem\",\"position\":1,\"name\":\"Home\",\"item\":\"https:\\\/\\\/gorzow.news\\\/\"},{\"@type\":\"ListItem\",\"position\":2,\"name\":\"W Przemys\u0142\u00f3wce trwa demolka! (zdj\u0119cia i wizualizacje)\"}]},{\"@type\":\"WebSite\",\"@id\":\"https:\\\/\\\/gorzow.news\\\/#website\",\"url\":\"https:\\\/\\\/gorzow.news\\\/\",\"name\":\"Gorz\u00f3w News\",\"description\":\"Sp\u00f3jrz inaczej na miato i region...\",\"potentialAction\":[{\"@type\":\"SearchAction\",\"target\":{\"@type\":\"EntryPoint\",\"urlTemplate\":\"https:\\\/\\\/gorzow.news\\\/?s={search_term_string}\"},\"query-input\":{\"@type\":\"PropertyValueSpecification\",\"valueRequired\":true,\"valueName\":\"search_term_string\"}}],\"inLanguage\":\"pl-PL\"},{\"@type\":\"Person\",\"@id\":\"https:\\\/\\\/gorzow.news\\\/#\\\/schema\\\/person\\\/a1e5ab43166369f2ce236a1cd90995bb\",\"name\":\"maciej\",\"image\":{\"@type\":\"ImageObject\",\"inLanguage\":\"pl-PL\",\"@id\":\"https:\\\/\\\/secure.gravatar.com\\\/avatar\\\/530a674d56ba60cfa0ef21d74e8e8d123a51bb7aa6580465b5c2ab2c2e980a19?s=96&r=g&d=https:\\\/\\\/gorzow.news\\\/wp-content\\\/plugins\\\/userswp\\\/assets\\\/images\\\/no_profile.png\",\"url\":\"https:\\\/\\\/secure.gravatar.com\\\/avatar\\\/530a674d56ba60cfa0ef21d74e8e8d123a51bb7aa6580465b5c2ab2c2e980a19?s=96&r=g&d=https:\\\/\\\/gorzow.news\\\/wp-content\\\/plugins\\\/userswp\\\/assets\\\/images\\\/no_profile.png\",\"contentUrl\":\"https:\\\/\\\/secure.gravatar.com\\\/avatar\\\/530a674d56ba60cfa0ef21d74e8e8d123a51bb7aa6580465b5c2ab2c2e980a19?s=96&r=g&d=https:\\\/\\\/gorzow.news\\\/wp-content\\\/plugins\\\/userswp\\\/assets\\\/images\\\/no_profile.png\",\"caption\":\"maciej\"},\"url\":\"https:\\\/\\\/gorzow.news\\\/index.php\\\/profile\\\/maciej\\\/\"}]}<\/script>\n<!-- \/ Yoast SEO plugin. -->","yoast_head_json":{"title":"W Przemys\u0142\u00f3wce trwa demolka! (zdj\u0119cia i wizualizacje) - Gorz\u00f3w News","robots":{"index":"index","follow":"follow","max-snippet":"max-snippet:-1","max-image-preview":"max-image-preview:large","max-video-preview":"max-video-preview:-1"},"canonical":"https:\/\/gorzow.news\/index.php\/2021\/05\/15\/w-przemyslowce-trwa-demolka-zdjecia-i-wizualizacje\/","og_locale":"pl_PL","og_type":"article","og_title":"W Przemys\u0142\u00f3wce trwa demolka! (zdj\u0119cia i wizualizacje) - Gorz\u00f3w News","og_description":"W kwietniu na plac budowy wesz\u0142a gorzowska firma Gotech. Po remoncie, kt\u00f3ry kosztowa\u0142 b\u0119dzie miasto ponad 23 miliony z\u0142otych znajdzie si\u0119 tutaj","og_url":"https:\/\/gorzow.news\/index.php\/2021\/05\/15\/w-przemyslowce-trwa-demolka-zdjecia-i-wizualizacje\/","og_site_name":"Gorz\u00f3w News","article_publisher":"https:\/\/www.facebook.com\/gorzowskinews","article_published_time":"2021-05-15T20:21:13+00:00","article_modified_time":"2022-06-12T15:53:25+00:00","og_image":[{"width":2560,"height":1440,"url":"https:\/\/gorzow.news\/wp-content\/uploads\/2021\/05\/IMG_20210513_121927-scaled.jpg","type":"image\/jpeg"}],"author":"maciej","twitter_card":"summary_large_image","twitter_misc":{"Napisane przez":"maciej","Szacowany czas czytania":"3 minuty"},"schema":{"@context":"https:\/\/schema.org","@graph":[{"@type":"Article","@id":"https:\/\/gorzow.news\/index.php\/2021\/05\/15\/w-przemyslowce-trwa-demolka-zdjecia-i-wizualizacje\/#article","isPartOf":{"@id":"https:\/\/gorzow.news\/index.php\/2021\/05\/15\/w-przemyslowce-trwa-demolka-zdjecia-i-wizualizacje\/"},"author":{"name":"maciej","@id":"https:\/\/gorzow.news\/#\/schema\/person\/a1e5ab43166369f2ce236a1cd90995bb"},"headline":"W Przemys\u0142\u00f3wce trwa demolka! (zdj\u0119cia i wizualizacje)","datePublished":"2021-05-15T20:21:13+00:00","dateModified":"2022-06-12T15:53:25+00:00","mainEntityOfPage":{"@id":"https:\/\/gorzow.news\/index.php\/2021\/05\/15\/w-przemyslowce-trwa-demolka-zdjecia-i-wizualizacje\/"},"wordCount":164,"commentCount":1,"image":{"@id":"https:\/\/gorzow.news\/index.php\/2021\/05\/15\/w-przemyslowce-trwa-demolka-zdjecia-i-wizualizacje\/#primaryimage"},"thumbnailUrl":"https:\/\/gorzow.news\/wp-content\/uploads\/2021\/05\/IMG_20210513_121927-scaled.jpg","articleSection":["Inwestycje miejskie","Wiadomo\u015bci"],"inLanguage":"pl-PL","potentialAction":[{"@type":"CommentAction","name":"Comment","target":["https:\/\/gorzow.news\/index.php\/2021\/05\/15\/w-przemyslowce-trwa-demolka-zdjecia-i-wizualizacje\/#respond"]}]},{"@type":"WebPage","@id":"https:\/\/gorzow.news\/index.php\/2021\/05\/15\/w-przemyslowce-trwa-demolka-zdjecia-i-wizualizacje\/","url":"https:\/\/gorzow.news\/index.php\/2021\/05\/15\/w-przemyslowce-trwa-demolka-zdjecia-i-wizualizacje\/","name":"W Przemys\u0142\u00f3wce trwa demolka! (zdj\u0119cia i wizualizacje) - Gorz\u00f3w News","isPartOf":{"@id":"https:\/\/gorzow.news\/#website"},"primaryImageOfPage":{"@id":"https:\/\/gorzow.news\/index.php\/2021\/05\/15\/w-przemyslowce-trwa-demolka-zdjecia-i-wizualizacje\/#primaryimage"},"image":{"@id":"https:\/\/gorzow.news\/index.php\/2021\/05\/15\/w-przemyslowce-trwa-demolka-zdjecia-i-wizualizacje\/#primaryimage"},"thumbnailUrl":"https:\/\/gorzow.news\/wp-content\/uploads\/2021\/05\/IMG_20210513_121927-scaled.jpg","datePublished":"2021-05-15T20:21:13+00:00","dateModified":"2022-06-12T15:53:25+00:00","author":{"@id":"https:\/\/gorzow.news\/#\/schema\/person\/a1e5ab43166369f2ce236a1cd90995bb"},"breadcrumb":{"@id":"https:\/\/gorzow.news\/index.php\/2021\/05\/15\/w-przemyslowce-trwa-demolka-zdjecia-i-wizualizacje\/#breadcrumb"},"inLanguage":"pl-PL","potentialAction":[{"@type":"ReadAction","target":["https:\/\/gorzow.news\/index.php\/2021\/05\/15\/w-przemyslowce-trwa-demolka-zdjecia-i-wizualizacje\/"]}]},{"@type":"ImageObject","inLanguage":"pl-PL","@id":"https:\/\/gorzow.news\/index.php\/2021\/05\/15\/w-przemyslowce-trwa-demolka-zdjecia-i-wizualizacje\/#primaryimage","url":"https:\/\/gorzow.news\/wp-content\/uploads\/2021\/05\/IMG_20210513_121927-scaled.jpg","contentUrl":"https:\/\/gorzow.news\/wp-content\/uploads\/2021\/05\/IMG_20210513_121927-scaled.jpg","width":2560,"height":1440},{"@type":"BreadcrumbList","@id":"https:\/\/gorzow.news\/index.php\/2021\/05\/15\/w-przemyslowce-trwa-demolka-zdjecia-i-wizualizacje\/#breadcrumb","itemListElement":[{"@type":"ListItem","position":1,"name":"Home","item":"https:\/\/gorzow.news\/"},{"@type":"ListItem","position":2,"name":"W Przemys\u0142\u00f3wce trwa demolka! (zdj\u0119cia i wizualizacje)"}]},{"@type":"WebSite","@id":"https:\/\/gorzow.news\/#website","url":"https:\/\/gorzow.news\/","name":"Gorz\u00f3w News","description":"Sp\u00f3jrz inaczej na miato i region...","potentialAction":[{"@type":"SearchAction","target":{"@type":"EntryPoint","urlTemplate":"https:\/\/gorzow.news\/?s={search_term_string}"},"query-input":{"@type":"PropertyValueSpecification","valueRequired":true,"valueName":"search_term_string"}}],"inLanguage":"pl-PL"},{"@type":"Person","@id":"https:\/\/gorzow.news\/#\/schema\/person\/a1e5ab43166369f2ce236a1cd90995bb","name":"maciej","image":{"@type":"ImageObject","inLanguage":"pl-PL","@id":"https:\/\/secure.gravatar.com\/avatar\/530a674d56ba60cfa0ef21d74e8e8d123a51bb7aa6580465b5c2ab2c2e980a19?s=96&r=g&d=https:\/\/gorzow.news\/wp-content\/plugins\/userswp\/assets\/images\/no_profile.png","url":"https:\/\/secure.gravatar.com\/avatar\/530a674d56ba60cfa0ef21d74e8e8d123a51bb7aa6580465b5c2ab2c2e980a19?s=96&r=g&d=https:\/\/gorzow.news\/wp-content\/plugins\/userswp\/assets\/images\/no_profile.png","contentUrl":"https:\/\/secure.gravatar.com\/avatar\/530a674d56ba60cfa0ef21d74e8e8d123a51bb7aa6580465b5c2ab2c2e980a19?s=96&r=g&d=https:\/\/gorzow.news\/wp-content\/plugins\/userswp\/assets\/images\/no_profile.png","caption":"maciej"},"url":"https:\/\/gorzow.news\/index.php\/profile\/maciej\/"}]}},"_links":{"self":[{"href":"https:\/\/gorzow.news\/index.php\/wp-json\/wp\/v2\/posts\/589","targetHints":{"allow":["GET"]}}],"collection":[{"href":"https:\/\/gorzow.news\/index.php\/wp-json\/wp\/v2\/posts"}],"about":[{"href":"https:\/\/gorzow.news\/index.php\/wp-json\/wp\/v2\/types\/post"}],"author":[{"embeddable":true,"href":"https:\/\/gorzow.news\/index.php\/wp-json\/wp\/v2\/users\/1"}],"replies":[{"embeddable":true,"href":"https:\/\/gorzow.news\/index.php\/wp-json\/wp\/v2\/comments?post=589"}],"version-history":[{"count":1,"href":"https:\/\/gorzow.news\/index.php\/wp-json\/wp\/v2\/posts\/589\/revisions"}],"predecessor-version":[{"id":7704,"href":"https:\/\/gorzow.news\/index.php\/wp-json\/wp\/v2\/posts\/589\/revisions\/7704"}],"wp:featuredmedia":[{"embeddable":true,"href":"https:\/\/gorzow.news\/index.php\/wp-json\/wp\/v2\/media\/593"}],"wp:attachment":[{"href":"https:\/\/gorzow.news\/index.php\/wp-json\/wp\/v2\/media?parent=589"}],"wp:term":[{"taxonomy":"category","embeddable":true,"href":"https:\/\/gorzow.news\/index.php\/wp-json\/wp\/v2\/categories?post=589"},{"taxonomy":"post_tag","embeddable":true,"href":"https:\/\/gorzow.news\/index.php\/wp-json\/wp\/v2\/tags?post=589"}],"curies":[{"name":"wp","href":"https:\/\/api.w.org\/{rel}","templated":true}]}}