{"id":5504,"date":"2022-01-14T15:47:50","date_gmt":"2022-01-14T14:47:50","guid":{"rendered":"https:\/\/gorzow.news\/?p=5504"},"modified":"2022-01-14T15:52:26","modified_gmt":"2022-01-14T14:52:26","slug":"dolny-budynek-przemyslowki-w-calosci-zostal-zburzony-tak-to-mialo-wygladac-zdjecia","status":"publish","type":"post","link":"https:\/\/gorzow.news\/index.php\/2022\/01\/14\/dolny-budynek-przemyslowki-w-calosci-zostal-zburzony-tak-to-mialo-wygladac-zdjecia\/","title":{"rendered":"Dolny budynek Przemys\u0142\u00f3wki w ca\u0142o\u015bci zosta\u0142 zburzony! Tak to mia\u0142o wygl\u0105da\u0107? (zdj\u0119cia)"},"content":{"rendered":"\n<p><strong>Prace wyburzeniowe w niskim budynku by\u0142ej Przemys\u0142\u00f3wki rozpocz\u0119\u0142y si\u0119 pod koniec kwietnia ubieg\u0142ego roku i trwa\u0142y a\u017c do jesieni. Rozmiar wyburze\u0144 zastanawia\u0142 ju\u017c od samego pocz\u0105tku, bo z budynku za du\u017co nie zosta\u0142o. Tym bardziej zdziwieni jeste\u015bmy dzi\u015b, gdy reszta budynku r\u00f3wnie\u017c zosta\u0142 wyburzona\u2026<\/strong><\/p>\n\n\n\n<p>Portal GORZ\u00d3W.NEWS wielokrotnie relacjonowa\u0142 prace przy przebudowie budynku by\u0142ej Przemys\u0142\u00f3wki w centrum miasta. Gdy w sierpniu pisali\u015bmy, \u017ce wyburzenia s\u0105 ogromne a z budynku, w kt\u00f3rym nie tak dawno mie\u015bci\u0142 si\u0119 bank Pekao S.A. du\u017co nie zosta\u0142o, to firma GOTECH, kt\u00f3ra jest wykonawc\u0105 remontu napisa\u0142a w mediach spo\u0142eczno\u015bciowych: &#8211; Prace id\u0105 pe\u0142n\u0105 par\u0105. Tak du\u017ce wyburzenia s\u0105 potrzebne, aby zaplanowana w tej cz\u0119\u015bci budynku Sala Koncertowe spe\u0142nia\u0142a wszelkie wymogi akustyczne i budowlane.<\/p>\n\n\n\n<p>W styczniu przyst\u0105piono jednak do kolejnych wyburze\u0144, po kt\u00f3rych z budynku nic ju\u017c nie zosta\u0142o i wychodzi na to, \u017ce sala koncertowa Miejskiego Centrum Kultury powstanie w ca\u0142o\u015bci jako nowy budynek.<\/p>\n\n\n\n<p>Zajrzeli\u015bmy do za\u0142o\u017ce\u0144 przetargowych inwestycji i czytamy w nich, \u017ce roboty maj\u0105 polega\u0107 na wyburzeniu zadaszenia cz\u0119\u015bci niskiej budynku i budowy nowego. Nie ma nigdzie mowy o wyburzeniu ca\u0142ego budynku i postawieniu w tym miejscu nowego sali koncertowej.<\/p>\n\n\n\n<p>O wyburzenie ca\u0142ego budynku zapytali\u015bmy firm\u0119 GOTECH, jednak na nasze pytania odpowiedzie\u0107 nie chcia\u0142a. Otrzymali\u015bmy tylko, kr\u00f3tki komunikat: &#8211; Firma GOTECH nie jest uprawniona do udzielania informacji z zakresu inwestycji. Wszelkie pytania prosz\u0119 kierowa\u0107 do inwestora czyli Urz\u0119du Miasta. Zapytanie do Urz\u0119du Miasta dzi\u015b wys\u0142ali\u015bmy.<\/p>\n\n\n\n<p>Przebudowa Przemys\u0142\u00f3wki na potrzeby Arsena\u0142u Kultury trwa od kwietnia 2021 roku. W niskim budynku mia\u0142a powsta\u0107 sala koncertowa dla Miejskiego Centrum Kultury, kt\u00f3re przeniesie si\u0119 tutaj po zako\u0144czeniu wszystkich prac, a te maj\u0105 zosta\u0107 uko\u0144czone do 31 pa\u017adziernika tego roku.<\/p>\n\n\n\n<p>Inwestycja ma unijne wsparcie z Regionalnego Programu Operacyjnego \u2013 Lubuskie 2020. Miastu przyznano 9,4 mln z\u0142. Ca\u0142a przebudowa wraz z wcze\u015bniejszymi pracami i zakupem dzia\u0142ki kosztowa\u0107 b\u0119dzie miasto prawie 37 mln z\u0142otych.<\/p>\n\n\n\n<p><strong>Przeczytaj te\u017c:<\/strong><br>&#8211; <a href=\"https:\/\/gorzow.news\/index.php\/2021\/12\/21\/polowa-elewacji-przemyslowki-gotowa-urzednicy-przeprowadza-sie-tu-rok-pozniej-zdjecia\/\">Po\u0142owa elewacji Przemys\u0142\u00f3wki gotowa! Urz\u0119dnicy przeprowadz\u0105 si\u0119 tu rok p\u00f3\u017aniej! (zdj\u0119cia)<\/a><br>&#8211; <a href=\"https:\/\/gorzow.news\/index.php\/2021\/10\/27\/budynek-przemyslowki-bez-balkonow-zdjecia\/\">Budynek Przemys\u0142\u00f3wki bez balkon\u00f3w! (zdj\u0119cia)<\/a><br>&#8211; <a href=\"https:\/\/gorzow.news\/index.php\/2021\/10\/19\/trwa-docieplanie-przemyslowki-jak-bedzie-wygladal-budynek-zdjecia\/\">Trwa docieplanie Przemys\u0142\u00f3wki. Jak b\u0119dzie wygl\u0105da\u0142 budynek? (zdj\u0119cia)<\/a><br>&#8211; <a href=\"https:\/\/gorzow.news\/index.php\/2021\/09\/13\/rozpoczyna-sie-remont-elewacji-biurowca-bylej-przemyslowki-zdjecia\/\">Rozpoczyna si\u0119 remont elewacji biurowca by\u0142ej Przemys\u0142\u00f3wki (zdj\u0119cia)<\/a><br>&#8211; <a href=\"https:\/\/gorzow.news\/index.php\/2021\/08\/28\/dolnej-czesci-przemyslowki-juz-prawie-nie-ma-zdjecia\/\">Dolnej cz\u0119\u015bci Przemys\u0142\u00f3wki ju\u017c prawie nie ma! (zdj\u0119cia)<\/a><br>&#8211; <a href=\"https:\/\/gorzow.news\/index.php\/2021\/08\/02\/trwa-wyburzanie-dolnej-czesci-przemyslowki-za-rok-ma-tu-byc-miejskie-centrum-kultury-zdjecia\/\">Trwa wyburzanie dolnej cz\u0119\u015bci Przemys\u0142\u00f3wki! Za rok ma tu by\u0107 Miejskie Centrum Kultury! (zdj\u0119cia)<\/a><\/p>\n\n\n\n<p><strong>Zdj\u0119cia:<\/strong><\/p>\n\n\n<div  id=\"jtg-5506\" class=\"modula modula-gallery modula-custom-grid\" data-config=\"{&quot;height&quot;:800,&quot;tabletHeight&quot;:800,&quot;mobileHeight&quot;:800,&quot;desktopHeight&quot;:800,&quot;enableTwitter&quot;:false,&quot;enableWhatsapp&quot;:false,&quot;enableFacebook&quot;:false,&quot;enablePinterest&quot;:false,&quot;enableLinkedin&quot;:false,&quot;enableEmail&quot;:false,&quot;randomFactor&quot;:0.5,&quot;type&quot;:&quot;custom-grid&quot;,&quot;columns&quot;:12,&quot;gutter&quot;:10,&quot;mobileGutter&quot;:10,&quot;tabletGutter&quot;:10,&quot;desktopGutter&quot;:10,&quot;enableResponsive&quot;:&quot;0&quot;,&quot;tabletColumns&quot;:&quot;2&quot;,&quot;mobileColumns&quot;:&quot;1&quot;,&quot;lazyLoad&quot;:0,&quot;lightboxOpts&quot;:{&quot;animated&quot;:true,&quot;Thumbs&quot;:{&quot;type&quot;:&quot;modern&quot;,&quot;showOnStart&quot;:false},&quot;Toolbar&quot;:{&quot;display&quot;:{&quot;right&quot;:[&quot;close&quot;]},&quot;enabled&quot;:true},&quot;Carousel&quot;:{&quot;Panzoom&quot;:{&quot;touch&quot;:true},&quot;infinite&quot;:false},&quot;keyboard&quot;:{&quot;Escape&quot;:&quot;close&quot;,&quot;Delete&quot;:&quot;close&quot;,&quot;Backspace&quot;:&quot;close&quot;,&quot;PageUp&quot;:false,&quot;PageDown&quot;:false,&quot;ArrowUp&quot;:false,&quot;ArrowDown&quot;:false,&quot;ArrowRight&quot;:false,&quot;ArrowLeft&quot;:false},&quot;touch&quot;:false,&quot;backdropClick&quot;:false,&quot;l10n&quot;:{&quot;CLOSE&quot;:&quot;Zamknij&quot;,&quot;NEXT&quot;:&quot;Nast\\u0119pny&quot;,&quot;PREV&quot;:&quot;Poprzedni&quot;,&quot;Error&quot;:&quot;Nie mo\\u017cna wczyta\\u0107 \\u017c\\u0105danej tre\\u015bci. Spr\\u00f3buj ponownie p\\u00f3\\u017aniej.&quot;,&quot;PLAY_START&quot;:&quot;Rozpocznij pokaz slajd\\u00f3w&quot;,&quot;PLAY_STOP&quot;:&quot;Zatrzymaj pokaz slajd\\u00f3w&quot;,&quot;FULL_SCREEN&quot;:&quot;Pe\\u0142ny ekran&quot;,&quot;THUMBS&quot;:&quot;Miniaturki&quot;,&quot;DOWNLOAD&quot;:&quot;Pobieranie&quot;,&quot;SHARE&quot;:&quot;Udost\\u0119pnij&quot;,&quot;ZOOM&quot;:&quot;Powi\\u0119kszenie&quot;,&quot;EMAIL&quot;:&quot;Here is the link to the image : %%image_link%% and this is the link to the gallery : %%gallery_link%%&quot;,&quot;MODAL&quot;:&quot;Mo\\u017cesz zamkn\\u0105\\u0107 t\\u0119 zawarto\\u015b\\u0107 okna modalnego za pomoc\\u0105 klawisza ESC&quot;,&quot;ERROR&quot;:&quot;Co\\u015b posz\\u0142o nie tak. Spr\\u00f3buj ponownie p\\u00f3\\u017aniej&quot;,&quot;IMAGE_ERROR&quot;:&quot;Nie znaleziono obrazka&quot;,&quot;ELEMENT_NOT_FOUND&quot;:&quot;Nie znaleziono elementu HTML&quot;,&quot;AJAX_NOT_FOUND&quot;:&quot;B\\u0142\\u0105d wczytywania AJAX: Nie znaleziono&quot;,&quot;AJAX_FORBIDDEN&quot;:&quot;B\\u0142\\u0105d wczytywania AJAX: Zabronione&quot;,&quot;IFRAME_ERROR&quot;:&quot;B\\u0142\\u0105d wczytywania strony&quot;,&quot;TOGGLE_ZOOM&quot;:&quot;Prze\\u0142\\u0105cz poziom powi\\u0119kszenia&quot;,&quot;TOGGLE_THUMBS&quot;:&quot;Prze\\u0142\\u0105cz miniaturki&quot;,&quot;TOGGLE_SLIDESHOW&quot;:&quot;Prze\\u0142\\u0105cz pokaz slajd\\u00f3w&quot;,&quot;TOGGLE_FULLSCREEN&quot;:&quot;Prze\\u0142\\u0105cz tryb pe\\u0142noekranowy&quot;},&quot;Images&quot;:{&quot;Panzoom&quot;:{&quot;maxScale&quot;:2}},&quot;mainClass&quot;:&quot;modula-fancybox-container modula-lightbox-jtg-5506&quot;,&quot;Html&quot;:{&quot;videoAutoplay&quot;:0,&quot;videoTpl&quot;:&quot;&lt;video class=\\&quot;fancybox__html5video\\&quot; controls muted playsinline controlsList controlsList=\\&quot;nodownload\\&quot; poster=\\&quot;{{poster}}\\&quot; src=\\&quot;{{src}}\\&quot; type=\\&quot;{{format}}\\&quot; &gt;  Sorry, your browser doesn&#039;t support embedded videos, &lt;a href=\\&quot;{{src}}\\&quot;&gt; download &lt;\\\/a&gt; and watch with your favorite video player! &lt;\\\/video&gt;&quot;}},&quot;inView&quot;:false,&quot;email_subject&quot;:&quot;Check out this awesome image !!&quot;,&quot;email_message&quot;:&quot;Here is the link to the image : %%image_link%% and this is the link to the gallery : %%gallery_link%%&quot;,&quot;lightbox&quot;:&quot;fancybox&quot;}\">\n\n\t\n\t<div  class=\"modula-items\">\n\t\t<div class=\"modula-item effect-pufrobo\" data-width=\"2\" data-height=\"2\" >\n\t<div class=\"modula-item-overlay\"><\/div>\n\n\t<div class=\"modula-item-content\">\n\n\t\t<a data-image-id=\"5507\" role=\"button\" tabindex=\"0\" rel=\"jtg-5506\" data-caption=\"\" aria-label=\"Otw\u00f3rz obrazek w lightboxie\" class=\"tile-inner modula-item-link\"><\/a><img loading=\"lazy\" decoding=\"async\" class=\"pic wp-image-5507\"  data-valign=\"middle\" data-halign=\"center\" alt=\"\" data-full=\"https:\/\/gorzow.news\/wp-content\/uploads\/2022\/01\/IMG_20220108_111921_1.jpg\" title=\"IMG_20220108_111921_1\" crop=\"\" width=\"300\" height=\"142\" src=\"https:\/\/gorzow.news\/wp-content\/uploads\/2022\/01\/IMG_20220108_111921_1-300x142.jpg\" data-src=\"https:\/\/gorzow.news\/wp-content\/uploads\/2022\/01\/IMG_20220108_111921_1-300x142.jpg\" data-caption=\"\" srcset=\"https:\/\/gorzow.news\/wp-content\/uploads\/2022\/01\/IMG_20220108_111921_1.jpg 2000w, https:\/\/gorzow.news\/wp-content\/uploads\/2022\/01\/IMG_20220108_111921_1-300x142.jpg 300w, https:\/\/gorzow.news\/wp-content\/uploads\/2022\/01\/IMG_20220108_111921_1-1024x484.jpg 1024w, https:\/\/gorzow.news\/wp-content\/uploads\/2022\/01\/IMG_20220108_111921_1-768x363.jpg 768w, https:\/\/gorzow.news\/wp-content\/uploads\/2022\/01\/IMG_20220108_111921_1-1536x727.jpg 1536w, https:\/\/gorzow.news\/wp-content\/uploads\/2022\/01\/IMG_20220108_111921_1-696x329.jpg 696w, https:\/\/gorzow.news\/wp-content\/uploads\/2022\/01\/IMG_20220108_111921_1-1068x505.jpg 1068w, https:\/\/gorzow.news\/wp-content\/uploads\/2022\/01\/IMG_20220108_111921_1-1920x908.jpg 1920w\" sizes=\"auto, (max-width: 300px) 100vw, 300px\" \/>\n\t\t<div class=\"figc no-description\">\n\t\t\t<div class=\"figc-inner\">\n\t\t\t\t\t\t\t\t\t\t\t\t\t\t\t<\/div>\n\t\t<\/div>\n\n\t<\/div>\n\n<\/div><div class=\"modula-item effect-pufrobo\" data-width=\"2\" data-height=\"2\" >\n\t<div class=\"modula-item-overlay\"><\/div>\n\n\t<div class=\"modula-item-content\">\n\n\t\t<a data-image-id=\"5508\" role=\"button\" tabindex=\"0\" rel=\"jtg-5506\" data-caption=\"\" aria-label=\"Otw\u00f3rz obrazek w lightboxie\" class=\"tile-inner modula-item-link\"><\/a><img loading=\"lazy\" decoding=\"async\" class=\"pic wp-image-5508\"  data-valign=\"middle\" data-halign=\"center\" alt=\"\" data-full=\"https:\/\/gorzow.news\/wp-content\/uploads\/2022\/01\/IMG_20220108_112012-1.jpg\" title=\"IMG_20220108_112012\" crop=\"\" width=\"300\" height=\"142\" src=\"https:\/\/gorzow.news\/wp-content\/uploads\/2022\/01\/IMG_20220108_112012-1-300x142.jpg\" data-src=\"https:\/\/gorzow.news\/wp-content\/uploads\/2022\/01\/IMG_20220108_112012-1-300x142.jpg\" data-caption=\"\" srcset=\"https:\/\/gorzow.news\/wp-content\/uploads\/2022\/01\/IMG_20220108_112012-1.jpg 2000w, https:\/\/gorzow.news\/wp-content\/uploads\/2022\/01\/IMG_20220108_112012-1-300x142.jpg 300w, https:\/\/gorzow.news\/wp-content\/uploads\/2022\/01\/IMG_20220108_112012-1-1024x484.jpg 1024w, https:\/\/gorzow.news\/wp-content\/uploads\/2022\/01\/IMG_20220108_112012-1-768x363.jpg 768w, https:\/\/gorzow.news\/wp-content\/uploads\/2022\/01\/IMG_20220108_112012-1-1536x727.jpg 1536w, https:\/\/gorzow.news\/wp-content\/uploads\/2022\/01\/IMG_20220108_112012-1-696x329.jpg 696w, https:\/\/gorzow.news\/wp-content\/uploads\/2022\/01\/IMG_20220108_112012-1-1068x505.jpg 1068w, https:\/\/gorzow.news\/wp-content\/uploads\/2022\/01\/IMG_20220108_112012-1-1920x908.jpg 1920w\" sizes=\"auto, (max-width: 300px) 100vw, 300px\" \/>\n\t\t<div class=\"figc no-description\">\n\t\t\t<div class=\"figc-inner\">\n\t\t\t\t\t\t\t\t\t\t\t\t\t\t\t<\/div>\n\t\t<\/div>\n\n\t<\/div>\n\n<\/div><div class=\"modula-item effect-pufrobo\" data-width=\"2\" data-height=\"2\" >\n\t<div class=\"modula-item-overlay\"><\/div>\n\n\t<div class=\"modula-item-content\">\n\n\t\t<a data-image-id=\"5509\" role=\"button\" tabindex=\"0\" rel=\"jtg-5506\" data-caption=\"\" aria-label=\"Otw\u00f3rz obrazek w lightboxie\" class=\"tile-inner modula-item-link\"><\/a><img loading=\"lazy\" decoding=\"async\" class=\"pic wp-image-5509\"  data-valign=\"middle\" data-halign=\"center\" alt=\"\" data-full=\"https:\/\/gorzow.news\/wp-content\/uploads\/2022\/01\/IMG_20220108_112023_1.jpg\" title=\"IMG_20220108_112023_1\" crop=\"\" width=\"300\" height=\"142\" src=\"https:\/\/gorzow.news\/wp-content\/uploads\/2022\/01\/IMG_20220108_112023_1-300x142.jpg\" data-src=\"https:\/\/gorzow.news\/wp-content\/uploads\/2022\/01\/IMG_20220108_112023_1-300x142.jpg\" data-caption=\"\" srcset=\"https:\/\/gorzow.news\/wp-content\/uploads\/2022\/01\/IMG_20220108_112023_1.jpg 2000w, https:\/\/gorzow.news\/wp-content\/uploads\/2022\/01\/IMG_20220108_112023_1-300x142.jpg 300w, https:\/\/gorzow.news\/wp-content\/uploads\/2022\/01\/IMG_20220108_112023_1-1024x484.jpg 1024w, https:\/\/gorzow.news\/wp-content\/uploads\/2022\/01\/IMG_20220108_112023_1-768x363.jpg 768w, https:\/\/gorzow.news\/wp-content\/uploads\/2022\/01\/IMG_20220108_112023_1-1536x727.jpg 1536w, https:\/\/gorzow.news\/wp-content\/uploads\/2022\/01\/IMG_20220108_112023_1-696x329.jpg 696w, https:\/\/gorzow.news\/wp-content\/uploads\/2022\/01\/IMG_20220108_112023_1-1068x505.jpg 1068w, https:\/\/gorzow.news\/wp-content\/uploads\/2022\/01\/IMG_20220108_112023_1-1920x908.jpg 1920w\" sizes=\"auto, (max-width: 300px) 100vw, 300px\" \/>\n\t\t<div class=\"figc no-description\">\n\t\t\t<div class=\"figc-inner\">\n\t\t\t\t\t\t\t\t\t\t\t\t\t\t\t<\/div>\n\t\t<\/div>\n\n\t<\/div>\n\n<\/div><div class=\"modula-item effect-pufrobo\" data-width=\"2\" data-height=\"2\" >\n\t<div class=\"modula-item-overlay\"><\/div>\n\n\t<div class=\"modula-item-content\">\n\n\t\t<a data-image-id=\"5510\" role=\"button\" tabindex=\"0\" rel=\"jtg-5506\" data-caption=\"\" aria-label=\"Otw\u00f3rz obrazek w lightboxie\" class=\"tile-inner modula-item-link\"><\/a><img loading=\"lazy\" decoding=\"async\" class=\"pic wp-image-5510\"  data-valign=\"middle\" data-halign=\"center\" alt=\"\" data-full=\"https:\/\/gorzow.news\/wp-content\/uploads\/2022\/01\/IMG_20220108_112055.jpg\" title=\"IMG_20220108_112055\" crop=\"\" width=\"300\" height=\"142\" src=\"https:\/\/gorzow.news\/wp-content\/uploads\/2022\/01\/IMG_20220108_112055-300x142.jpg\" data-src=\"https:\/\/gorzow.news\/wp-content\/uploads\/2022\/01\/IMG_20220108_112055-300x142.jpg\" data-caption=\"\" srcset=\"https:\/\/gorzow.news\/wp-content\/uploads\/2022\/01\/IMG_20220108_112055.jpg 2000w, https:\/\/gorzow.news\/wp-content\/uploads\/2022\/01\/IMG_20220108_112055-300x142.jpg 300w, https:\/\/gorzow.news\/wp-content\/uploads\/2022\/01\/IMG_20220108_112055-1024x484.jpg 1024w, https:\/\/gorzow.news\/wp-content\/uploads\/2022\/01\/IMG_20220108_112055-768x363.jpg 768w, https:\/\/gorzow.news\/wp-content\/uploads\/2022\/01\/IMG_20220108_112055-1536x727.jpg 1536w, https:\/\/gorzow.news\/wp-content\/uploads\/2022\/01\/IMG_20220108_112055-696x329.jpg 696w, https:\/\/gorzow.news\/wp-content\/uploads\/2022\/01\/IMG_20220108_112055-1068x505.jpg 1068w, https:\/\/gorzow.news\/wp-content\/uploads\/2022\/01\/IMG_20220108_112055-1920x908.jpg 1920w\" sizes=\"auto, (max-width: 300px) 100vw, 300px\" \/>\n\t\t<div class=\"figc no-description\">\n\t\t\t<div class=\"figc-inner\">\n\t\t\t\t\t\t\t\t\t\t\t\t\t\t\t<\/div>\n\t\t<\/div>\n\n\t<\/div>\n\n<\/div><div class=\"modula-item effect-pufrobo\" data-width=\"2\" data-height=\"2\" >\n\t<div class=\"modula-item-overlay\"><\/div>\n\n\t<div class=\"modula-item-content\">\n\n\t\t<a data-image-id=\"5511\" role=\"button\" tabindex=\"0\" rel=\"jtg-5506\" data-caption=\"\" aria-label=\"Otw\u00f3rz obrazek w lightboxie\" class=\"tile-inner modula-item-link\"><\/a><img loading=\"lazy\" decoding=\"async\" class=\"pic wp-image-5511\"  data-valign=\"middle\" data-halign=\"center\" alt=\"\" data-full=\"https:\/\/gorzow.news\/wp-content\/uploads\/2022\/01\/IMG_20220108_112152_1.jpg\" title=\"IMG_20220108_112152_1\" crop=\"\" width=\"300\" height=\"142\" src=\"https:\/\/gorzow.news\/wp-content\/uploads\/2022\/01\/IMG_20220108_112152_1-300x142.jpg\" data-src=\"https:\/\/gorzow.news\/wp-content\/uploads\/2022\/01\/IMG_20220108_112152_1-300x142.jpg\" data-caption=\"\" srcset=\"https:\/\/gorzow.news\/wp-content\/uploads\/2022\/01\/IMG_20220108_112152_1.jpg 2000w, https:\/\/gorzow.news\/wp-content\/uploads\/2022\/01\/IMG_20220108_112152_1-300x142.jpg 300w, https:\/\/gorzow.news\/wp-content\/uploads\/2022\/01\/IMG_20220108_112152_1-1024x484.jpg 1024w, https:\/\/gorzow.news\/wp-content\/uploads\/2022\/01\/IMG_20220108_112152_1-768x363.jpg 768w, https:\/\/gorzow.news\/wp-content\/uploads\/2022\/01\/IMG_20220108_112152_1-1536x727.jpg 1536w, https:\/\/gorzow.news\/wp-content\/uploads\/2022\/01\/IMG_20220108_112152_1-696x329.jpg 696w, https:\/\/gorzow.news\/wp-content\/uploads\/2022\/01\/IMG_20220108_112152_1-1068x505.jpg 1068w, https:\/\/gorzow.news\/wp-content\/uploads\/2022\/01\/IMG_20220108_112152_1-1920x908.jpg 1920w\" sizes=\"auto, (max-width: 300px) 100vw, 300px\" \/>\n\t\t<div class=\"figc no-description\">\n\t\t\t<div class=\"figc-inner\">\n\t\t\t\t\t\t\t\t\t\t\t\t\t\t\t<\/div>\n\t\t<\/div>\n\n\t<\/div>\n\n<\/div><div class=\"modula-item effect-pufrobo\" data-width=\"2\" data-height=\"2\" >\n\t<div class=\"modula-item-overlay\"><\/div>\n\n\t<div class=\"modula-item-content\">\n\n\t\t<a data-image-id=\"5512\" role=\"button\" tabindex=\"0\" rel=\"jtg-5506\" data-caption=\"\" aria-label=\"Otw\u00f3rz obrazek w lightboxie\" class=\"tile-inner modula-item-link\"><\/a><img loading=\"lazy\" decoding=\"async\" class=\"pic wp-image-5512\"  data-valign=\"middle\" data-halign=\"center\" alt=\"\" data-full=\"https:\/\/gorzow.news\/wp-content\/uploads\/2022\/01\/IMG_20220108_112224_1.jpg\" title=\"IMG_20220108_112224_1\" crop=\"\" width=\"300\" height=\"142\" src=\"https:\/\/gorzow.news\/wp-content\/uploads\/2022\/01\/IMG_20220108_112224_1-300x142.jpg\" data-src=\"https:\/\/gorzow.news\/wp-content\/uploads\/2022\/01\/IMG_20220108_112224_1-300x142.jpg\" data-caption=\"\" srcset=\"https:\/\/gorzow.news\/wp-content\/uploads\/2022\/01\/IMG_20220108_112224_1.jpg 2000w, https:\/\/gorzow.news\/wp-content\/uploads\/2022\/01\/IMG_20220108_112224_1-300x142.jpg 300w, https:\/\/gorzow.news\/wp-content\/uploads\/2022\/01\/IMG_20220108_112224_1-1024x484.jpg 1024w, https:\/\/gorzow.news\/wp-content\/uploads\/2022\/01\/IMG_20220108_112224_1-768x363.jpg 768w, https:\/\/gorzow.news\/wp-content\/uploads\/2022\/01\/IMG_20220108_112224_1-1536x727.jpg 1536w, https:\/\/gorzow.news\/wp-content\/uploads\/2022\/01\/IMG_20220108_112224_1-696x329.jpg 696w, https:\/\/gorzow.news\/wp-content\/uploads\/2022\/01\/IMG_20220108_112224_1-1068x505.jpg 1068w, https:\/\/gorzow.news\/wp-content\/uploads\/2022\/01\/IMG_20220108_112224_1-1920x908.jpg 1920w\" sizes=\"auto, (max-width: 300px) 100vw, 300px\" \/>\n\t\t<div class=\"figc no-description\">\n\t\t\t<div class=\"figc-inner\">\n\t\t\t\t\t\t\t\t\t\t\t\t\t\t\t<\/div>\n\t\t<\/div>\n\n\t<\/div>\n\n<\/div>\t\t\n\t<\/div>\n\n\t\n\t\n\t<script type=\"application\/ld+json\">\n\t{\n\t\t\"@context\": \"http:\/\/schema.org\",\n\t\t\"@type\"   : \"ImageGallery\",\n\t\t\"id\"      : \"https:\/\/gorzow.news\/index.php\/2022\/01\/14\/dolny-budynek-przemyslowki-w-calosci-zostal-zburzony-tak-to-mialo-wygladac-zdjecia\/\",\n\t\t\"url\"     : \"https:\/\/gorzow.news\/index.php\/2022\/01\/14\/dolny-budynek-przemyslowki-w-calosci-zostal-zburzony-tak-to-mialo-wygladac-zdjecia\/\"\n\t}\n\n\t<\/script>\n\n\t\n<\/div>\n\n","protected":false},"excerpt":{"rendered":"<p>Prace wyburzeniowe w niskim budynku by\u0142ej Przemys\u0142\u00f3wki rozpocz\u0119\u0142y si\u0119 pod koniec kwietnia ubieg\u0142ego roku i trwa\u0142y a\u017c do jesieni. Rozmiar wyburze\u0144 zastanawia\u0142 ju\u017c od samego pocz\u0105tku, bo z budynku za du\u017co nie zosta\u0142o. Tym bardziej zdziwieni jeste\u015bmy dzi\u015b, gdy reszta budynku r\u00f3wnie\u017c zosta\u0142 wyburzona\u2026<\/p>\n","protected":false},"author":1,"featured_media":5505,"comment_status":"open","ping_status":"open","sticky":false,"template":"","format":"standard","meta":{"footnotes":"","_links_to":"","_links_to_target":""},"categories":[593,589],"tags":[960,190,639,477,640,961],"class_list":{"0":"post-5504","1":"post","2":"type-post","3":"status-publish","4":"format-standard","5":"has-post-thumbnail","7":"category-inwestycje-miejskie","8":"category-wiadomosci","9":"tag-bank-pekao-s-a","10":"tag-gotech","11":"tag-miejskie-centrum-kultury","12":"tag-przemyslowka","13":"tag-sala-koncertowa","14":"tag-wyburzenie"},"yoast_head":"<!-- This site is optimized with the Yoast SEO plugin v27.3 - https:\/\/yoast.com\/product\/yoast-seo-wordpress\/ -->\n<title>Dolny budynek Przemys\u0142\u00f3wki w ca\u0142o\u015bci zosta\u0142 zburzony! Tak to mia\u0142o wygl\u0105da\u0107? (zdj\u0119cia) - Gorz\u00f3w News<\/title>\n<meta name=\"description\" content=\"Prace wyburzeniowe w niskim budynku by\u0142ej Przemys\u0142\u00f3wki rozpocz\u0119\u0142y si\u0119 pod koniec kwietnia ubieg\u0142ego roku i trwa\u0142y a\u017c do jesieni. Rozmiar wybu\" \/>\n<meta name=\"robots\" content=\"index, follow, max-snippet:-1, max-image-preview:large, max-video-preview:-1\" \/>\n<link rel=\"canonical\" href=\"https:\/\/gorzow.news\/index.php\/2022\/01\/14\/dolny-budynek-przemyslowki-w-calosci-zostal-zburzony-tak-to-mialo-wygladac-zdjecia\/\" \/>\n<meta property=\"og:locale\" content=\"pl_PL\" \/>\n<meta property=\"og:type\" content=\"article\" \/>\n<meta property=\"og:title\" content=\"Dolny budynek Przemys\u0142\u00f3wki w ca\u0142o\u015bci zosta\u0142 zburzony! Tak to mia\u0142o wygl\u0105da\u0107? (zdj\u0119cia) - Gorz\u00f3w News\" \/>\n<meta property=\"og:description\" content=\"Prace wyburzeniowe w niskim budynku by\u0142ej Przemys\u0142\u00f3wki rozpocz\u0119\u0142y si\u0119 pod koniec kwietnia ubieg\u0142ego roku i trwa\u0142y a\u017c do jesieni. Rozmiar wybu\" \/>\n<meta property=\"og:url\" content=\"https:\/\/gorzow.news\/index.php\/2022\/01\/14\/dolny-budynek-przemyslowki-w-calosci-zostal-zburzony-tak-to-mialo-wygladac-zdjecia\/\" \/>\n<meta property=\"og:site_name\" content=\"Gorz\u00f3w News\" \/>\n<meta property=\"article:publisher\" content=\"https:\/\/www.facebook.com\/gorzowskinews\" \/>\n<meta property=\"article:published_time\" content=\"2022-01-14T14:47:50+00:00\" \/>\n<meta property=\"article:modified_time\" content=\"2022-01-14T14:52:26+00:00\" \/>\n<meta property=\"og:image\" content=\"https:\/\/gorzow.news\/wp-content\/uploads\/2022\/01\/IMG_20220108_112012.jpg\" \/>\n\t<meta property=\"og:image:width\" content=\"2000\" \/>\n\t<meta property=\"og:image:height\" content=\"946\" \/>\n\t<meta property=\"og:image:type\" content=\"image\/jpeg\" \/>\n<meta name=\"author\" content=\"maciej\" \/>\n<meta name=\"twitter:card\" content=\"summary_large_image\" \/>\n<meta name=\"twitter:label1\" content=\"Napisane przez\" \/>\n\t<meta name=\"twitter:data1\" content=\"maciej\" \/>\n\t<meta name=\"twitter:label2\" content=\"Szacowany czas czytania\" \/>\n\t<meta name=\"twitter:data2\" content=\"3 minuty\" \/>\n<script type=\"application\/ld+json\" class=\"yoast-schema-graph\">{\"@context\":\"https:\\\/\\\/schema.org\",\"@graph\":[{\"@type\":\"Article\",\"@id\":\"https:\\\/\\\/gorzow.news\\\/index.php\\\/2022\\\/01\\\/14\\\/dolny-budynek-przemyslowki-w-calosci-zostal-zburzony-tak-to-mialo-wygladac-zdjecia\\\/#article\",\"isPartOf\":{\"@id\":\"https:\\\/\\\/gorzow.news\\\/index.php\\\/2022\\\/01\\\/14\\\/dolny-budynek-przemyslowki-w-calosci-zostal-zburzony-tak-to-mialo-wygladac-zdjecia\\\/\"},\"author\":{\"name\":\"maciej\",\"@id\":\"https:\\\/\\\/gorzow.news\\\/#\\\/schema\\\/person\\\/a1e5ab43166369f2ce236a1cd90995bb\"},\"headline\":\"Dolny budynek Przemys\u0142\u00f3wki w ca\u0142o\u015bci zosta\u0142 zburzony! Tak to mia\u0142o wygl\u0105da\u0107? (zdj\u0119cia)\",\"datePublished\":\"2022-01-14T14:47:50+00:00\",\"dateModified\":\"2022-01-14T14:52:26+00:00\",\"mainEntityOfPage\":{\"@id\":\"https:\\\/\\\/gorzow.news\\\/index.php\\\/2022\\\/01\\\/14\\\/dolny-budynek-przemyslowki-w-calosci-zostal-zburzony-tak-to-mialo-wygladac-zdjecia\\\/\"},\"wordCount\":461,\"commentCount\":0,\"image\":{\"@id\":\"https:\\\/\\\/gorzow.news\\\/index.php\\\/2022\\\/01\\\/14\\\/dolny-budynek-przemyslowki-w-calosci-zostal-zburzony-tak-to-mialo-wygladac-zdjecia\\\/#primaryimage\"},\"thumbnailUrl\":\"https:\\\/\\\/gorzow.news\\\/wp-content\\\/uploads\\\/2022\\\/01\\\/IMG_20220108_112012.jpg\",\"keywords\":[\"Bank Pekao S.A.\",\"GOTECH\",\"Miejskie Centrum Kultury\",\"Przemys\u0142\u00f3wka\",\"sala koncertowa\",\"wyburzenie\"],\"articleSection\":[\"Inwestycje miejskie\",\"Wiadomo\u015bci\"],\"inLanguage\":\"pl-PL\",\"potentialAction\":[{\"@type\":\"CommentAction\",\"name\":\"Comment\",\"target\":[\"https:\\\/\\\/gorzow.news\\\/index.php\\\/2022\\\/01\\\/14\\\/dolny-budynek-przemyslowki-w-calosci-zostal-zburzony-tak-to-mialo-wygladac-zdjecia\\\/#respond\"]}]},{\"@type\":\"WebPage\",\"@id\":\"https:\\\/\\\/gorzow.news\\\/index.php\\\/2022\\\/01\\\/14\\\/dolny-budynek-przemyslowki-w-calosci-zostal-zburzony-tak-to-mialo-wygladac-zdjecia\\\/\",\"url\":\"https:\\\/\\\/gorzow.news\\\/index.php\\\/2022\\\/01\\\/14\\\/dolny-budynek-przemyslowki-w-calosci-zostal-zburzony-tak-to-mialo-wygladac-zdjecia\\\/\",\"name\":\"Dolny budynek Przemys\u0142\u00f3wki w ca\u0142o\u015bci zosta\u0142 zburzony! Tak to mia\u0142o wygl\u0105da\u0107? (zdj\u0119cia) - Gorz\u00f3w News\",\"isPartOf\":{\"@id\":\"https:\\\/\\\/gorzow.news\\\/#website\"},\"primaryImageOfPage\":{\"@id\":\"https:\\\/\\\/gorzow.news\\\/index.php\\\/2022\\\/01\\\/14\\\/dolny-budynek-przemyslowki-w-calosci-zostal-zburzony-tak-to-mialo-wygladac-zdjecia\\\/#primaryimage\"},\"image\":{\"@id\":\"https:\\\/\\\/gorzow.news\\\/index.php\\\/2022\\\/01\\\/14\\\/dolny-budynek-przemyslowki-w-calosci-zostal-zburzony-tak-to-mialo-wygladac-zdjecia\\\/#primaryimage\"},\"thumbnailUrl\":\"https:\\\/\\\/gorzow.news\\\/wp-content\\\/uploads\\\/2022\\\/01\\\/IMG_20220108_112012.jpg\",\"datePublished\":\"2022-01-14T14:47:50+00:00\",\"dateModified\":\"2022-01-14T14:52:26+00:00\",\"author\":{\"@id\":\"https:\\\/\\\/gorzow.news\\\/#\\\/schema\\\/person\\\/a1e5ab43166369f2ce236a1cd90995bb\"},\"description\":\"Prace wyburzeniowe w niskim budynku by\u0142ej Przemys\u0142\u00f3wki rozpocz\u0119\u0142y si\u0119 pod koniec kwietnia ubieg\u0142ego roku i trwa\u0142y a\u017c do jesieni. Rozmiar wyburze\u0144 zastanawia\u0142 ju\u017c od samego pocz\u0105tku, bo z budynku za du\u017co nie zosta\u0142o. Tym bardziej zdziwieni jeste\u015bmy dzi\u015b, gdy reszta budynku r\u00f3wnie\u017c zosta\u0142 wyburzona\u2026\",\"breadcrumb\":{\"@id\":\"https:\\\/\\\/gorzow.news\\\/index.php\\\/2022\\\/01\\\/14\\\/dolny-budynek-przemyslowki-w-calosci-zostal-zburzony-tak-to-mialo-wygladac-zdjecia\\\/#breadcrumb\"},\"inLanguage\":\"pl-PL\",\"potentialAction\":[{\"@type\":\"ReadAction\",\"target\":[\"https:\\\/\\\/gorzow.news\\\/index.php\\\/2022\\\/01\\\/14\\\/dolny-budynek-przemyslowki-w-calosci-zostal-zburzony-tak-to-mialo-wygladac-zdjecia\\\/\"]}]},{\"@type\":\"ImageObject\",\"inLanguage\":\"pl-PL\",\"@id\":\"https:\\\/\\\/gorzow.news\\\/index.php\\\/2022\\\/01\\\/14\\\/dolny-budynek-przemyslowki-w-calosci-zostal-zburzony-tak-to-mialo-wygladac-zdjecia\\\/#primaryimage\",\"url\":\"https:\\\/\\\/gorzow.news\\\/wp-content\\\/uploads\\\/2022\\\/01\\\/IMG_20220108_112012.jpg\",\"contentUrl\":\"https:\\\/\\\/gorzow.news\\\/wp-content\\\/uploads\\\/2022\\\/01\\\/IMG_20220108_112012.jpg\",\"width\":2000,\"height\":946},{\"@type\":\"BreadcrumbList\",\"@id\":\"https:\\\/\\\/gorzow.news\\\/index.php\\\/2022\\\/01\\\/14\\\/dolny-budynek-przemyslowki-w-calosci-zostal-zburzony-tak-to-mialo-wygladac-zdjecia\\\/#breadcrumb\",\"itemListElement\":[{\"@type\":\"ListItem\",\"position\":1,\"name\":\"Home\",\"item\":\"https:\\\/\\\/gorzow.news\\\/\"},{\"@type\":\"ListItem\",\"position\":2,\"name\":\"Dolny budynek Przemys\u0142\u00f3wki w ca\u0142o\u015bci zosta\u0142 zburzony! Tak to mia\u0142o wygl\u0105da\u0107? (zdj\u0119cia)\"}]},{\"@type\":\"WebSite\",\"@id\":\"https:\\\/\\\/gorzow.news\\\/#website\",\"url\":\"https:\\\/\\\/gorzow.news\\\/\",\"name\":\"Gorz\u00f3w News\",\"description\":\"Sp\u00f3jrz inaczej na miato i region...\",\"potentialAction\":[{\"@type\":\"SearchAction\",\"target\":{\"@type\":\"EntryPoint\",\"urlTemplate\":\"https:\\\/\\\/gorzow.news\\\/?s={search_term_string}\"},\"query-input\":{\"@type\":\"PropertyValueSpecification\",\"valueRequired\":true,\"valueName\":\"search_term_string\"}}],\"inLanguage\":\"pl-PL\"},{\"@type\":\"Person\",\"@id\":\"https:\\\/\\\/gorzow.news\\\/#\\\/schema\\\/person\\\/a1e5ab43166369f2ce236a1cd90995bb\",\"name\":\"maciej\",\"image\":{\"@type\":\"ImageObject\",\"inLanguage\":\"pl-PL\",\"@id\":\"https:\\\/\\\/secure.gravatar.com\\\/avatar\\\/530a674d56ba60cfa0ef21d74e8e8d123a51bb7aa6580465b5c2ab2c2e980a19?s=96&r=g&d=https:\\\/\\\/gorzow.news\\\/wp-content\\\/plugins\\\/userswp\\\/assets\\\/images\\\/no_profile.png\",\"url\":\"https:\\\/\\\/secure.gravatar.com\\\/avatar\\\/530a674d56ba60cfa0ef21d74e8e8d123a51bb7aa6580465b5c2ab2c2e980a19?s=96&r=g&d=https:\\\/\\\/gorzow.news\\\/wp-content\\\/plugins\\\/userswp\\\/assets\\\/images\\\/no_profile.png\",\"contentUrl\":\"https:\\\/\\\/secure.gravatar.com\\\/avatar\\\/530a674d56ba60cfa0ef21d74e8e8d123a51bb7aa6580465b5c2ab2c2e980a19?s=96&r=g&d=https:\\\/\\\/gorzow.news\\\/wp-content\\\/plugins\\\/userswp\\\/assets\\\/images\\\/no_profile.png\",\"caption\":\"maciej\"},\"url\":\"https:\\\/\\\/gorzow.news\\\/index.php\\\/profile\\\/maciej\\\/\"}]}<\/script>\n<!-- \/ Yoast SEO plugin. -->","yoast_head_json":{"title":"Dolny budynek Przemys\u0142\u00f3wki w ca\u0142o\u015bci zosta\u0142 zburzony! Tak to mia\u0142o wygl\u0105da\u0107? (zdj\u0119cia) - Gorz\u00f3w News","description":"Prace wyburzeniowe w niskim budynku by\u0142ej Przemys\u0142\u00f3wki rozpocz\u0119\u0142y si\u0119 pod koniec kwietnia ubieg\u0142ego roku i trwa\u0142y a\u017c do jesieni. Rozmiar wybu","robots":{"index":"index","follow":"follow","max-snippet":"max-snippet:-1","max-image-preview":"max-image-preview:large","max-video-preview":"max-video-preview:-1"},"canonical":"https:\/\/gorzow.news\/index.php\/2022\/01\/14\/dolny-budynek-przemyslowki-w-calosci-zostal-zburzony-tak-to-mialo-wygladac-zdjecia\/","og_locale":"pl_PL","og_type":"article","og_title":"Dolny budynek Przemys\u0142\u00f3wki w ca\u0142o\u015bci zosta\u0142 zburzony! Tak to mia\u0142o wygl\u0105da\u0107? (zdj\u0119cia) - Gorz\u00f3w News","og_description":"Prace wyburzeniowe w niskim budynku by\u0142ej Przemys\u0142\u00f3wki rozpocz\u0119\u0142y si\u0119 pod koniec kwietnia ubieg\u0142ego roku i trwa\u0142y a\u017c do jesieni. Rozmiar wybu","og_url":"https:\/\/gorzow.news\/index.php\/2022\/01\/14\/dolny-budynek-przemyslowki-w-calosci-zostal-zburzony-tak-to-mialo-wygladac-zdjecia\/","og_site_name":"Gorz\u00f3w News","article_publisher":"https:\/\/www.facebook.com\/gorzowskinews","article_published_time":"2022-01-14T14:47:50+00:00","article_modified_time":"2022-01-14T14:52:26+00:00","og_image":[{"width":2000,"height":946,"url":"https:\/\/gorzow.news\/wp-content\/uploads\/2022\/01\/IMG_20220108_112012.jpg","type":"image\/jpeg"}],"author":"maciej","twitter_card":"summary_large_image","twitter_misc":{"Napisane przez":"maciej","Szacowany czas czytania":"3 minuty"},"schema":{"@context":"https:\/\/schema.org","@graph":[{"@type":"Article","@id":"https:\/\/gorzow.news\/index.php\/2022\/01\/14\/dolny-budynek-przemyslowki-w-calosci-zostal-zburzony-tak-to-mialo-wygladac-zdjecia\/#article","isPartOf":{"@id":"https:\/\/gorzow.news\/index.php\/2022\/01\/14\/dolny-budynek-przemyslowki-w-calosci-zostal-zburzony-tak-to-mialo-wygladac-zdjecia\/"},"author":{"name":"maciej","@id":"https:\/\/gorzow.news\/#\/schema\/person\/a1e5ab43166369f2ce236a1cd90995bb"},"headline":"Dolny budynek Przemys\u0142\u00f3wki w ca\u0142o\u015bci zosta\u0142 zburzony! Tak to mia\u0142o wygl\u0105da\u0107? (zdj\u0119cia)","datePublished":"2022-01-14T14:47:50+00:00","dateModified":"2022-01-14T14:52:26+00:00","mainEntityOfPage":{"@id":"https:\/\/gorzow.news\/index.php\/2022\/01\/14\/dolny-budynek-przemyslowki-w-calosci-zostal-zburzony-tak-to-mialo-wygladac-zdjecia\/"},"wordCount":461,"commentCount":0,"image":{"@id":"https:\/\/gorzow.news\/index.php\/2022\/01\/14\/dolny-budynek-przemyslowki-w-calosci-zostal-zburzony-tak-to-mialo-wygladac-zdjecia\/#primaryimage"},"thumbnailUrl":"https:\/\/gorzow.news\/wp-content\/uploads\/2022\/01\/IMG_20220108_112012.jpg","keywords":["Bank Pekao S.A.","GOTECH","Miejskie Centrum Kultury","Przemys\u0142\u00f3wka","sala koncertowa","wyburzenie"],"articleSection":["Inwestycje miejskie","Wiadomo\u015bci"],"inLanguage":"pl-PL","potentialAction":[{"@type":"CommentAction","name":"Comment","target":["https:\/\/gorzow.news\/index.php\/2022\/01\/14\/dolny-budynek-przemyslowki-w-calosci-zostal-zburzony-tak-to-mialo-wygladac-zdjecia\/#respond"]}]},{"@type":"WebPage","@id":"https:\/\/gorzow.news\/index.php\/2022\/01\/14\/dolny-budynek-przemyslowki-w-calosci-zostal-zburzony-tak-to-mialo-wygladac-zdjecia\/","url":"https:\/\/gorzow.news\/index.php\/2022\/01\/14\/dolny-budynek-przemyslowki-w-calosci-zostal-zburzony-tak-to-mialo-wygladac-zdjecia\/","name":"Dolny budynek Przemys\u0142\u00f3wki w ca\u0142o\u015bci zosta\u0142 zburzony! Tak to mia\u0142o wygl\u0105da\u0107? (zdj\u0119cia) - Gorz\u00f3w News","isPartOf":{"@id":"https:\/\/gorzow.news\/#website"},"primaryImageOfPage":{"@id":"https:\/\/gorzow.news\/index.php\/2022\/01\/14\/dolny-budynek-przemyslowki-w-calosci-zostal-zburzony-tak-to-mialo-wygladac-zdjecia\/#primaryimage"},"image":{"@id":"https:\/\/gorzow.news\/index.php\/2022\/01\/14\/dolny-budynek-przemyslowki-w-calosci-zostal-zburzony-tak-to-mialo-wygladac-zdjecia\/#primaryimage"},"thumbnailUrl":"https:\/\/gorzow.news\/wp-content\/uploads\/2022\/01\/IMG_20220108_112012.jpg","datePublished":"2022-01-14T14:47:50+00:00","dateModified":"2022-01-14T14:52:26+00:00","author":{"@id":"https:\/\/gorzow.news\/#\/schema\/person\/a1e5ab43166369f2ce236a1cd90995bb"},"description":"Prace wyburzeniowe w niskim budynku by\u0142ej Przemys\u0142\u00f3wki rozpocz\u0119\u0142y si\u0119 pod koniec kwietnia ubieg\u0142ego roku i trwa\u0142y a\u017c do jesieni. Rozmiar wyburze\u0144 zastanawia\u0142 ju\u017c od samego pocz\u0105tku, bo z budynku za du\u017co nie zosta\u0142o. Tym bardziej zdziwieni jeste\u015bmy dzi\u015b, gdy reszta budynku r\u00f3wnie\u017c zosta\u0142 wyburzona\u2026","breadcrumb":{"@id":"https:\/\/gorzow.news\/index.php\/2022\/01\/14\/dolny-budynek-przemyslowki-w-calosci-zostal-zburzony-tak-to-mialo-wygladac-zdjecia\/#breadcrumb"},"inLanguage":"pl-PL","potentialAction":[{"@type":"ReadAction","target":["https:\/\/gorzow.news\/index.php\/2022\/01\/14\/dolny-budynek-przemyslowki-w-calosci-zostal-zburzony-tak-to-mialo-wygladac-zdjecia\/"]}]},{"@type":"ImageObject","inLanguage":"pl-PL","@id":"https:\/\/gorzow.news\/index.php\/2022\/01\/14\/dolny-budynek-przemyslowki-w-calosci-zostal-zburzony-tak-to-mialo-wygladac-zdjecia\/#primaryimage","url":"https:\/\/gorzow.news\/wp-content\/uploads\/2022\/01\/IMG_20220108_112012.jpg","contentUrl":"https:\/\/gorzow.news\/wp-content\/uploads\/2022\/01\/IMG_20220108_112012.jpg","width":2000,"height":946},{"@type":"BreadcrumbList","@id":"https:\/\/gorzow.news\/index.php\/2022\/01\/14\/dolny-budynek-przemyslowki-w-calosci-zostal-zburzony-tak-to-mialo-wygladac-zdjecia\/#breadcrumb","itemListElement":[{"@type":"ListItem","position":1,"name":"Home","item":"https:\/\/gorzow.news\/"},{"@type":"ListItem","position":2,"name":"Dolny budynek Przemys\u0142\u00f3wki w ca\u0142o\u015bci zosta\u0142 zburzony! Tak to mia\u0142o wygl\u0105da\u0107? (zdj\u0119cia)"}]},{"@type":"WebSite","@id":"https:\/\/gorzow.news\/#website","url":"https:\/\/gorzow.news\/","name":"Gorz\u00f3w News","description":"Sp\u00f3jrz inaczej na miato i region...","potentialAction":[{"@type":"SearchAction","target":{"@type":"EntryPoint","urlTemplate":"https:\/\/gorzow.news\/?s={search_term_string}"},"query-input":{"@type":"PropertyValueSpecification","valueRequired":true,"valueName":"search_term_string"}}],"inLanguage":"pl-PL"},{"@type":"Person","@id":"https:\/\/gorzow.news\/#\/schema\/person\/a1e5ab43166369f2ce236a1cd90995bb","name":"maciej","image":{"@type":"ImageObject","inLanguage":"pl-PL","@id":"https:\/\/secure.gravatar.com\/avatar\/530a674d56ba60cfa0ef21d74e8e8d123a51bb7aa6580465b5c2ab2c2e980a19?s=96&r=g&d=https:\/\/gorzow.news\/wp-content\/plugins\/userswp\/assets\/images\/no_profile.png","url":"https:\/\/secure.gravatar.com\/avatar\/530a674d56ba60cfa0ef21d74e8e8d123a51bb7aa6580465b5c2ab2c2e980a19?s=96&r=g&d=https:\/\/gorzow.news\/wp-content\/plugins\/userswp\/assets\/images\/no_profile.png","contentUrl":"https:\/\/secure.gravatar.com\/avatar\/530a674d56ba60cfa0ef21d74e8e8d123a51bb7aa6580465b5c2ab2c2e980a19?s=96&r=g&d=https:\/\/gorzow.news\/wp-content\/plugins\/userswp\/assets\/images\/no_profile.png","caption":"maciej"},"url":"https:\/\/gorzow.news\/index.php\/profile\/maciej\/"}]}},"_links":{"self":[{"href":"https:\/\/gorzow.news\/index.php\/wp-json\/wp\/v2\/posts\/5504","targetHints":{"allow":["GET"]}}],"collection":[{"href":"https:\/\/gorzow.news\/index.php\/wp-json\/wp\/v2\/posts"}],"about":[{"href":"https:\/\/gorzow.news\/index.php\/wp-json\/wp\/v2\/types\/post"}],"author":[{"embeddable":true,"href":"https:\/\/gorzow.news\/index.php\/wp-json\/wp\/v2\/users\/1"}],"replies":[{"embeddable":true,"href":"https:\/\/gorzow.news\/index.php\/wp-json\/wp\/v2\/comments?post=5504"}],"version-history":[{"count":0,"href":"https:\/\/gorzow.news\/index.php\/wp-json\/wp\/v2\/posts\/5504\/revisions"}],"wp:featuredmedia":[{"embeddable":true,"href":"https:\/\/gorzow.news\/index.php\/wp-json\/wp\/v2\/media\/5505"}],"wp:attachment":[{"href":"https:\/\/gorzow.news\/index.php\/wp-json\/wp\/v2\/media?parent=5504"}],"wp:term":[{"taxonomy":"category","embeddable":true,"href":"https:\/\/gorzow.news\/index.php\/wp-json\/wp\/v2\/categories?post=5504"},{"taxonomy":"post_tag","embeddable":true,"href":"https:\/\/gorzow.news\/index.php\/wp-json\/wp\/v2\/tags?post=5504"}],"curies":[{"name":"wp","href":"https:\/\/api.w.org\/{rel}","templated":true}]}}