{"id":5384,"date":"2022-01-11T13:32:45","date_gmt":"2022-01-11T12:32:45","guid":{"rendered":"https:\/\/gorzow.news\/?p=5384"},"modified":"2022-08-14T19:22:13","modified_gmt":"2022-08-14T17:22:13","slug":"dawna-centrala-rybna-z-kolejna-czescia-elewacji-wideo-zdjecia","status":"publish","type":"post","link":"https:\/\/gorzow.news\/index.php\/2022\/01\/11\/dawna-centrala-rybna-z-kolejna-czescia-elewacji-wideo-zdjecia\/","title":{"rendered":"Dawna Centrala Rybna z kolejn\u0105 cz\u0119\u015bci\u0105 elewacji (wideo, zdj\u0119cia)"},"content":{"rendered":"\n<p><strong>W sierpniu zosta\u0142a oddana pierwsza cz\u0119\u015b\u0107 elewacji. Na koniec 2021 roku prace zako\u0144czy\u0142y si\u0119 przy kolejnym jej etapie. Roboty jest sporo, bo \u015bciany trzech nowych dobudowanych kondygnacji obudowywane s\u0105 p\u0142ytkami pochodz\u0105cymi ze starych cegie\u0142. Teraz czas na zimow\u0105 przerw\u0119. Budowla\u0144cy do dalszych prac przyst\u0105pi\u0105 wiosn\u0105.<\/strong><\/p>\n\n\n\n<p>W XIX wieku mie\u015bci\u0142a si\u0119 tu le\u017cakownia browaru braci Gross. Po wojnie siedzib\u0119 mia\u0142a Centrala Rybna. Zabytkowy budynek od 2016 przebudowuj\u0105 gorzowscy biznesmeni Andrzej Plawgo i Grzegorz Adamczyk. Na starej wzmocnionej ceglanej podstawie wybudowali dodatkowe trzy pi\u0119tra. Pod koniec 2020 roku w budynku zamontowane zosta\u0142y okna. Od po\u0142owy ubieg\u0142ego roku trwaj\u0105 natomiast prace przy elewacji dobudowanych kondygnacji budynku. Prace s\u0105 \u017cmudne, bo elewacja obudowywana jest p\u0142ytkami ceglanymi pozyskanymi z oryginalnej starej ceg\u0142y. Wszystko po to, aby zabytkowy d\u00f3\u0142 budynku idealnie wsp\u00f3\u0142gra\u0142 z cz\u0119\u015bci\u0105 dobudowan\u0105. Pierwsze efekty prac przy elewacji obiektu by\u0142y widoczne ju\u017c w sierpniu ubieg\u0142ego roku na \u015bcianie zlokalizowanej od strony ul. Chrobrego. Obecnie zmiany s\u0105 widoczne tak\u017ce z ul. Wybickiego.<\/p>\n\n\n\n<p>&#8211; Wykonali\u015bmy bardzo starannie kolejn\u0105 cz\u0119\u015b\u0107 elewacji. Nie zabudowali\u015bmy jedynie du\u017cych otwor\u00f3w okiennych w \u015brodku, bo one w dalszych etapach pos\u0142u\u017c\u0105 do transportu materia\u0142\u00f3w budowlanych do \u015brodka budynku. Obecnie przy pracach elewacyjnych robimy przerw\u0119 zimow\u0105. Wr\u00f3cimy do nich wiosn\u0105, gdy zrobi si\u0119 cieplej &#8211; m\u00f3wi nam <strong>Grzegorz Adamczyk<\/strong>, jeden z wsp\u00f3\u0142w\u0142a\u015bcicieli budynku.<\/p>\n\n\n\n<p>Na t\u0105 chwil\u0119 nie wiadomo jeszcze co w budynku ostatecznie powstanie. Pocz\u0105tkowo planowano tutaj otwarcie hotelu z restauracj\u0105. Plany pokrzy\u017cowa\u0142a jednak pandemia. Teraz dosz\u0142y dodatkowo wysokie podwy\u017cki cen pr\u0105du i gazu. Inwestycja zosta\u0142a tak zaplanowana, \u017ce w budynku mog\u0105 r\u00f3wnie\u017c powsta\u0107 biura, jak i mieszkania. Inwestor nie b\u0119dzie si\u0119 jednak spieszy\u0142. Spokojnie poczeka, jak rozwinie si\u0119 sytuacja na rynku.<\/p>\n\n\n\n<p>Jedno jest pewne, budynek ma ogromny potencja\u0142 i prezentuj\u0119 si\u0119 bardzo ciekawie r\u00f3wnie\u017c w \u015brodku na poziomie zero co wida\u0107 na zdj\u0119ciach.<\/p>\n\n\n\n<p><strong>O budynku przy ul. Strzeleckiej pisali\u015bmy tak\u017ce tutaj:<\/strong><br><a href=\"https:\/\/gorzow.news\/index.php\/2021\/08\/03\/dawna-centrala-rybna-ma-nowe-trzy-pietra-i-nabiera-blasku-zdjecia\/\">Dawna Centrala Rybna ma nowe trzy pi\u0119tra i nabiera blasku (zdj\u0119cia)<\/a><\/p>\n\n\n\n<p><strong>Wideo &#8211; wn\u0119trze poziom zero:<\/strong><\/p>\n\n\n\n<figure class=\"wp-block-video aligncenter\"><video height=\"480\" style=\"aspect-ratio: 848 \/ 480;\" width=\"848\" controls src=\"https:\/\/gorzow.news\/wp-content\/uploads\/2022\/01\/lezakownia.mp4\"><\/video><\/figure>\n\n\n\n<p><br><strong>Zdj\u0119cia:<\/strong><\/p>\n\n\n<div  id=\"jtg-5379\" class=\"modula modula-gallery modula-custom-grid\" data-config=\"{&quot;height&quot;:800,&quot;tabletHeight&quot;:800,&quot;mobileHeight&quot;:800,&quot;desktopHeight&quot;:800,&quot;enableTwitter&quot;:false,&quot;enableWhatsapp&quot;:false,&quot;enableFacebook&quot;:false,&quot;enablePinterest&quot;:false,&quot;enableLinkedin&quot;:false,&quot;enableEmail&quot;:false,&quot;randomFactor&quot;:0.5,&quot;type&quot;:&quot;custom-grid&quot;,&quot;columns&quot;:12,&quot;gutter&quot;:10,&quot;mobileGutter&quot;:10,&quot;tabletGutter&quot;:10,&quot;desktopGutter&quot;:10,&quot;enableResponsive&quot;:&quot;0&quot;,&quot;tabletColumns&quot;:&quot;2&quot;,&quot;mobileColumns&quot;:&quot;1&quot;,&quot;lazyLoad&quot;:0,&quot;lightboxOpts&quot;:{&quot;animated&quot;:true,&quot;Thumbs&quot;:{&quot;type&quot;:&quot;modern&quot;,&quot;showOnStart&quot;:false},&quot;Toolbar&quot;:{&quot;display&quot;:{&quot;right&quot;:[&quot;close&quot;]},&quot;enabled&quot;:true},&quot;Carousel&quot;:{&quot;Panzoom&quot;:{&quot;touch&quot;:true},&quot;infinite&quot;:false},&quot;keyboard&quot;:{&quot;Escape&quot;:&quot;close&quot;,&quot;Delete&quot;:&quot;close&quot;,&quot;Backspace&quot;:&quot;close&quot;,&quot;PageUp&quot;:false,&quot;PageDown&quot;:false,&quot;ArrowUp&quot;:false,&quot;ArrowDown&quot;:false,&quot;ArrowRight&quot;:false,&quot;ArrowLeft&quot;:false},&quot;touch&quot;:false,&quot;backdropClick&quot;:false,&quot;l10n&quot;:{&quot;CLOSE&quot;:&quot;Zamknij&quot;,&quot;NEXT&quot;:&quot;Nast\\u0119pny&quot;,&quot;PREV&quot;:&quot;Poprzedni&quot;,&quot;Error&quot;:&quot;Nie mo\\u017cna wczyta\\u0107 \\u017c\\u0105danej tre\\u015bci. Spr\\u00f3buj ponownie p\\u00f3\\u017aniej.&quot;,&quot;PLAY_START&quot;:&quot;Rozpocznij pokaz slajd\\u00f3w&quot;,&quot;PLAY_STOP&quot;:&quot;Zatrzymaj pokaz slajd\\u00f3w&quot;,&quot;FULL_SCREEN&quot;:&quot;Pe\\u0142ny ekran&quot;,&quot;THUMBS&quot;:&quot;Miniaturki&quot;,&quot;DOWNLOAD&quot;:&quot;Pobieranie&quot;,&quot;SHARE&quot;:&quot;Udost\\u0119pnij&quot;,&quot;ZOOM&quot;:&quot;Powi\\u0119kszenie&quot;,&quot;EMAIL&quot;:&quot;Here is the link to the image : %%image_link%% and this is the link to the gallery : %%gallery_link%%&quot;,&quot;MODAL&quot;:&quot;Mo\\u017cesz zamkn\\u0105\\u0107 t\\u0119 zawarto\\u015b\\u0107 okna modalnego za pomoc\\u0105 klawisza ESC&quot;,&quot;ERROR&quot;:&quot;Co\\u015b posz\\u0142o nie tak. Spr\\u00f3buj ponownie p\\u00f3\\u017aniej&quot;,&quot;IMAGE_ERROR&quot;:&quot;Nie znaleziono obrazka&quot;,&quot;ELEMENT_NOT_FOUND&quot;:&quot;Nie znaleziono elementu HTML&quot;,&quot;AJAX_NOT_FOUND&quot;:&quot;B\\u0142\\u0105d wczytywania AJAX: Nie znaleziono&quot;,&quot;AJAX_FORBIDDEN&quot;:&quot;B\\u0142\\u0105d wczytywania AJAX: Zabronione&quot;,&quot;IFRAME_ERROR&quot;:&quot;B\\u0142\\u0105d wczytywania strony&quot;,&quot;TOGGLE_ZOOM&quot;:&quot;Prze\\u0142\\u0105cz poziom powi\\u0119kszenia&quot;,&quot;TOGGLE_THUMBS&quot;:&quot;Prze\\u0142\\u0105cz miniaturki&quot;,&quot;TOGGLE_SLIDESHOW&quot;:&quot;Prze\\u0142\\u0105cz pokaz slajd\\u00f3w&quot;,&quot;TOGGLE_FULLSCREEN&quot;:&quot;Prze\\u0142\\u0105cz tryb pe\\u0142noekranowy&quot;},&quot;Images&quot;:{&quot;Panzoom&quot;:{&quot;maxScale&quot;:2}},&quot;mainClass&quot;:&quot;modula-fancybox-container modula-lightbox-jtg-5379&quot;,&quot;Html&quot;:{&quot;videoAutoplay&quot;:0,&quot;videoTpl&quot;:&quot;&lt;video class=\\&quot;fancybox__html5video\\&quot; controls muted playsinline controlsList controlsList=\\&quot;nodownload\\&quot; poster=\\&quot;{{poster}}\\&quot; src=\\&quot;{{src}}\\&quot; type=\\&quot;{{format}}\\&quot; &gt;  Sorry, your browser doesn&#039;t support embedded videos, &lt;a href=\\&quot;{{src}}\\&quot;&gt; download &lt;\\\/a&gt; and watch with your favorite video player! &lt;\\\/video&gt;&quot;}},&quot;inView&quot;:false,&quot;email_subject&quot;:&quot;Check out this awesome image !!&quot;,&quot;email_message&quot;:&quot;Here is the link to the image : %%image_link%% and this is the link to the gallery : %%gallery_link%%&quot;,&quot;lightbox&quot;:&quot;fancybox&quot;}\">\n\n\t\n\t<div  class=\"modula-items\">\n\t\t<div class=\"modula-item effect-pufrobo\" data-width=\"2\" data-height=\"2\" >\n\t<div class=\"modula-item-overlay\"><\/div>\n\n\t<div class=\"modula-item-content\">\n\n\t\t<a data-image-id=\"5361\" role=\"button\" tabindex=\"0\" rel=\"jtg-5379\" data-caption=\"\" aria-label=\"Otw\u00f3rz obrazek w lightboxie\" class=\"tile-inner modula-item-link\"><\/a><img loading=\"lazy\" decoding=\"async\" class=\"pic wp-image-5361\"  data-valign=\"middle\" data-halign=\"center\" alt=\"\" data-full=\"https:\/\/gorzow.news\/wp-content\/uploads\/2022\/01\/IMG_20220108_104827_1.jpg\" title=\"IMG_20220108_104827_1\" crop=\"\" width=\"300\" height=\"191\" src=\"https:\/\/gorzow.news\/wp-content\/uploads\/2022\/01\/IMG_20220108_104827_1-300x191.jpg?v=1641850715\" data-src=\"https:\/\/gorzow.news\/wp-content\/uploads\/2022\/01\/IMG_20220108_104827_1-300x191.jpg?v=1641850715\" data-caption=\"\" srcset=\"https:\/\/gorzow.news\/wp-content\/uploads\/2022\/01\/IMG_20220108_104827_1.jpg?v=1641850715 2000w, https:\/\/gorzow.news\/wp-content\/uploads\/2022\/01\/IMG_20220108_104827_1-300x191.jpg?v=1641850715 300w, https:\/\/gorzow.news\/wp-content\/uploads\/2022\/01\/IMG_20220108_104827_1-1024x653.jpg?v=1641850715 1024w, https:\/\/gorzow.news\/wp-content\/uploads\/2022\/01\/IMG_20220108_104827_1-768x490.jpg?v=1641850715 768w, https:\/\/gorzow.news\/wp-content\/uploads\/2022\/01\/IMG_20220108_104827_1-1536x980.jpg?v=1641850715 1536w, https:\/\/gorzow.news\/wp-content\/uploads\/2022\/01\/IMG_20220108_104827_1-696x444.jpg?v=1641850715 696w, https:\/\/gorzow.news\/wp-content\/uploads\/2022\/01\/IMG_20220108_104827_1-1068x681.jpg?v=1641850715 1068w, https:\/\/gorzow.news\/wp-content\/uploads\/2022\/01\/IMG_20220108_104827_1-1920x1225.jpg?v=1641850715 1920w\" sizes=\"auto, (max-width: 300px) 100vw, 300px\" \/>\n\t\t<div class=\"figc no-description\">\n\t\t\t<div class=\"figc-inner\">\n\t\t\t\t\t\t\t\t\t\t\t\t\t\t\t<\/div>\n\t\t<\/div>\n\n\t<\/div>\n\n<\/div><div class=\"modula-item effect-pufrobo\" data-width=\"2\" data-height=\"2\" >\n\t<div class=\"modula-item-overlay\"><\/div>\n\n\t<div class=\"modula-item-content\">\n\n\t\t<a data-image-id=\"5360\" role=\"button\" tabindex=\"0\" rel=\"jtg-5379\" data-caption=\"\" aria-label=\"Otw\u00f3rz obrazek w lightboxie\" class=\"tile-inner modula-item-link\"><\/a><img loading=\"lazy\" decoding=\"async\" class=\"pic wp-image-5360\"  data-valign=\"middle\" data-halign=\"center\" alt=\"\" data-full=\"https:\/\/gorzow.news\/wp-content\/uploads\/2022\/01\/IMG_20220108_104710.jpg\" title=\"IMG_20220108_104710\" crop=\"\" width=\"300\" height=\"187\" src=\"https:\/\/gorzow.news\/wp-content\/uploads\/2022\/01\/IMG_20220108_104710-300x187.jpg?v=1641850712\" data-src=\"https:\/\/gorzow.news\/wp-content\/uploads\/2022\/01\/IMG_20220108_104710-300x187.jpg?v=1641850712\" data-caption=\"\" srcset=\"https:\/\/gorzow.news\/wp-content\/uploads\/2022\/01\/IMG_20220108_104710.jpg?v=1641850712 2000w, https:\/\/gorzow.news\/wp-content\/uploads\/2022\/01\/IMG_20220108_104710-300x187.jpg?v=1641850712 300w, https:\/\/gorzow.news\/wp-content\/uploads\/2022\/01\/IMG_20220108_104710-1024x639.jpg?v=1641850712 1024w, https:\/\/gorzow.news\/wp-content\/uploads\/2022\/01\/IMG_20220108_104710-768x479.jpg?v=1641850712 768w, https:\/\/gorzow.news\/wp-content\/uploads\/2022\/01\/IMG_20220108_104710-1536x958.jpg?v=1641850712 1536w, https:\/\/gorzow.news\/wp-content\/uploads\/2022\/01\/IMG_20220108_104710-696x434.jpg?v=1641850712 696w, https:\/\/gorzow.news\/wp-content\/uploads\/2022\/01\/IMG_20220108_104710-1068x666.jpg?v=1641850712 1068w, https:\/\/gorzow.news\/wp-content\/uploads\/2022\/01\/IMG_20220108_104710-1920x1198.jpg?v=1641850712 1920w\" sizes=\"auto, (max-width: 300px) 100vw, 300px\" \/>\n\t\t<div class=\"figc no-description\">\n\t\t\t<div class=\"figc-inner\">\n\t\t\t\t\t\t\t\t\t\t\t\t\t\t\t<\/div>\n\t\t<\/div>\n\n\t<\/div>\n\n<\/div><div class=\"modula-item effect-pufrobo\" data-width=\"2\" data-height=\"2\" >\n\t<div class=\"modula-item-overlay\"><\/div>\n\n\t<div class=\"modula-item-content\">\n\n\t\t<a data-image-id=\"5362\" role=\"button\" tabindex=\"0\" rel=\"jtg-5379\" data-caption=\"\" aria-label=\"Otw\u00f3rz obrazek w lightboxie\" class=\"tile-inner modula-item-link\"><\/a><img loading=\"lazy\" decoding=\"async\" class=\"pic wp-image-5362\"  data-valign=\"middle\" data-halign=\"center\" alt=\"\" data-full=\"https:\/\/gorzow.news\/wp-content\/uploads\/2022\/01\/IMG_20220108_105251_1.jpg\" title=\"IMG_20220108_105251_1\" crop=\"\" width=\"300\" height=\"142\" src=\"https:\/\/gorzow.news\/wp-content\/uploads\/2022\/01\/IMG_20220108_105251_1-300x142.jpg?v=1641850720\" data-src=\"https:\/\/gorzow.news\/wp-content\/uploads\/2022\/01\/IMG_20220108_105251_1-300x142.jpg?v=1641850720\" data-caption=\"\" srcset=\"https:\/\/gorzow.news\/wp-content\/uploads\/2022\/01\/IMG_20220108_105251_1-scaled.jpg?v=1641850720 2560w, https:\/\/gorzow.news\/wp-content\/uploads\/2022\/01\/IMG_20220108_105251_1-300x142.jpg?v=1641850720 300w, https:\/\/gorzow.news\/wp-content\/uploads\/2022\/01\/IMG_20220108_105251_1-1024x485.jpg?v=1641850720 1024w, https:\/\/gorzow.news\/wp-content\/uploads\/2022\/01\/IMG_20220108_105251_1-768x363.jpg?v=1641850720 768w, https:\/\/gorzow.news\/wp-content\/uploads\/2022\/01\/IMG_20220108_105251_1-1536x727.jpg?v=1641850720 1536w, https:\/\/gorzow.news\/wp-content\/uploads\/2022\/01\/IMG_20220108_105251_1-2048x969.jpg?v=1641850720 2048w, https:\/\/gorzow.news\/wp-content\/uploads\/2022\/01\/IMG_20220108_105251_1-696x329.jpg?v=1641850720 696w, https:\/\/gorzow.news\/wp-content\/uploads\/2022\/01\/IMG_20220108_105251_1-1068x505.jpg?v=1641850720 1068w, https:\/\/gorzow.news\/wp-content\/uploads\/2022\/01\/IMG_20220108_105251_1-1920x909.jpg?v=1641850720 1920w\" sizes=\"auto, (max-width: 300px) 100vw, 300px\" \/>\n\t\t<div class=\"figc no-description\">\n\t\t\t<div class=\"figc-inner\">\n\t\t\t\t\t\t\t\t\t\t\t\t\t\t\t<\/div>\n\t\t<\/div>\n\n\t<\/div>\n\n<\/div><div class=\"modula-item effect-pufrobo\" data-width=\"2\" data-height=\"2\" >\n\t<div class=\"modula-item-overlay\"><\/div>\n\n\t<div class=\"modula-item-content\">\n\n\t\t<a data-image-id=\"5352\" role=\"button\" tabindex=\"0\" rel=\"jtg-5379\" data-caption=\"\" aria-label=\"Otw\u00f3rz obrazek w lightboxie\" class=\"tile-inner modula-item-link\"><\/a><img loading=\"lazy\" decoding=\"async\" class=\"pic wp-image-5352\"  data-valign=\"middle\" data-halign=\"center\" alt=\"\" data-full=\"https:\/\/gorzow.news\/wp-content\/uploads\/2022\/01\/w0.jpg\" title=\"w0\" crop=\"\" width=\"300\" height=\"225\" src=\"https:\/\/gorzow.news\/wp-content\/uploads\/2022\/01\/w0-300x225.jpg\" data-src=\"https:\/\/gorzow.news\/wp-content\/uploads\/2022\/01\/w0-300x225.jpg\" data-caption=\"\" srcset=\"https:\/\/gorzow.news\/wp-content\/uploads\/2022\/01\/w0.jpg 1024w, https:\/\/gorzow.news\/wp-content\/uploads\/2022\/01\/w0-300x225.jpg 300w, https:\/\/gorzow.news\/wp-content\/uploads\/2022\/01\/w0-768x576.jpg 768w, https:\/\/gorzow.news\/wp-content\/uploads\/2022\/01\/w0-696x522.jpg 696w\" sizes=\"auto, (max-width: 300px) 100vw, 300px\" \/>\n\t\t<div class=\"figc no-description\">\n\t\t\t<div class=\"figc-inner\">\n\t\t\t\t\t\t\t\t\t\t\t\t\t\t\t<\/div>\n\t\t<\/div>\n\n\t<\/div>\n\n<\/div><div class=\"modula-item effect-pufrobo\" data-width=\"2\" data-height=\"2\" >\n\t<div class=\"modula-item-overlay\"><\/div>\n\n\t<div class=\"modula-item-content\">\n\n\t\t<a data-image-id=\"5354\" role=\"button\" tabindex=\"0\" rel=\"jtg-5379\" data-caption=\"\" aria-label=\"Otw\u00f3rz obrazek w lightboxie\" class=\"tile-inner modula-item-link\"><\/a><img loading=\"lazy\" decoding=\"async\" class=\"pic wp-image-5354\"  data-valign=\"middle\" data-halign=\"center\" alt=\"\" data-full=\"https:\/\/gorzow.news\/wp-content\/uploads\/2022\/01\/w2.jpg\" title=\"w2\" crop=\"\" width=\"300\" height=\"225\" src=\"https:\/\/gorzow.news\/wp-content\/uploads\/2022\/01\/w2-300x225.jpg\" data-src=\"https:\/\/gorzow.news\/wp-content\/uploads\/2022\/01\/w2-300x225.jpg\" data-caption=\"\" srcset=\"https:\/\/gorzow.news\/wp-content\/uploads\/2022\/01\/w2.jpg 640w, https:\/\/gorzow.news\/wp-content\/uploads\/2022\/01\/w2-300x225.jpg 300w\" sizes=\"auto, (max-width: 300px) 100vw, 300px\" \/>\n\t\t<div class=\"figc no-description\">\n\t\t\t<div class=\"figc-inner\">\n\t\t\t\t\t\t\t\t\t\t\t\t\t\t\t<\/div>\n\t\t<\/div>\n\n\t<\/div>\n\n<\/div><div class=\"modula-item effect-pufrobo\" data-width=\"2\" data-height=\"2\" >\n\t<div class=\"modula-item-overlay\"><\/div>\n\n\t<div class=\"modula-item-content\">\n\n\t\t<a data-image-id=\"5353\" role=\"button\" tabindex=\"0\" rel=\"jtg-5379\" data-caption=\"\" aria-label=\"Otw\u00f3rz obrazek w lightboxie\" class=\"tile-inner modula-item-link\"><\/a><img loading=\"lazy\" decoding=\"async\" class=\"pic wp-image-5353\"  data-valign=\"middle\" data-halign=\"center\" alt=\"\" data-full=\"https:\/\/gorzow.news\/wp-content\/uploads\/2022\/01\/w1.jpg\" title=\"w1\" crop=\"\" width=\"300\" height=\"224\" src=\"https:\/\/gorzow.news\/wp-content\/uploads\/2022\/01\/w1-300x224.jpg\" data-src=\"https:\/\/gorzow.news\/wp-content\/uploads\/2022\/01\/w1-300x224.jpg\" data-caption=\"\" srcset=\"https:\/\/gorzow.news\/wp-content\/uploads\/2022\/01\/w1.jpg 639w, https:\/\/gorzow.news\/wp-content\/uploads\/2022\/01\/w1-300x224.jpg 300w, https:\/\/gorzow.news\/wp-content\/uploads\/2022\/01\/w1-485x360.jpg 485w\" sizes=\"auto, (max-width: 300px) 100vw, 300px\" \/>\n\t\t<div class=\"figc no-description\">\n\t\t\t<div class=\"figc-inner\">\n\t\t\t\t\t\t\t\t\t\t\t\t\t\t\t<\/div>\n\t\t<\/div>\n\n\t<\/div>\n\n<\/div><div class=\"modula-item effect-pufrobo\" data-width=\"2\" data-height=\"2\" >\n\t<div class=\"modula-item-overlay\"><\/div>\n\n\t<div class=\"modula-item-content\">\n\n\t\t<a data-image-id=\"5355\" role=\"button\" tabindex=\"0\" rel=\"jtg-5379\" data-caption=\"\" aria-label=\"Otw\u00f3rz obrazek w lightboxie\" class=\"tile-inner modula-item-link\"><\/a><img loading=\"lazy\" decoding=\"async\" class=\"pic wp-image-5355\"  data-valign=\"middle\" data-halign=\"center\" alt=\"\" data-full=\"https:\/\/gorzow.news\/wp-content\/uploads\/2022\/01\/w3.jpg\" title=\"w3\" crop=\"\" width=\"300\" height=\"224\" src=\"https:\/\/gorzow.news\/wp-content\/uploads\/2022\/01\/w3-300x224.jpg\" data-src=\"https:\/\/gorzow.news\/wp-content\/uploads\/2022\/01\/w3-300x224.jpg\" data-caption=\"\" srcset=\"https:\/\/gorzow.news\/wp-content\/uploads\/2022\/01\/w3.jpg 640w, https:\/\/gorzow.news\/wp-content\/uploads\/2022\/01\/w3-300x224.jpg 300w, https:\/\/gorzow.news\/wp-content\/uploads\/2022\/01\/w3-485x360.jpg 485w\" sizes=\"auto, (max-width: 300px) 100vw, 300px\" \/>\n\t\t<div class=\"figc no-description\">\n\t\t\t<div class=\"figc-inner\">\n\t\t\t\t\t\t\t\t\t\t\t\t\t\t\t<\/div>\n\t\t<\/div>\n\n\t<\/div>\n\n<\/div><div class=\"modula-item effect-pufrobo\" data-width=\"2\" data-height=\"2\" >\n\t<div class=\"modula-item-overlay\"><\/div>\n\n\t<div class=\"modula-item-content\">\n\n\t\t<a data-image-id=\"5357\" role=\"button\" tabindex=\"0\" rel=\"jtg-5379\" data-caption=\"\" aria-label=\"Otw\u00f3rz obrazek w lightboxie\" class=\"tile-inner modula-item-link\"><\/a><img loading=\"lazy\" decoding=\"async\" class=\"pic wp-image-5357\"  data-valign=\"middle\" data-halign=\"center\" alt=\"\" data-full=\"https:\/\/gorzow.news\/wp-content\/uploads\/2022\/01\/w5.jpg\" title=\"w5\" crop=\"\" width=\"300\" height=\"224\" src=\"https:\/\/gorzow.news\/wp-content\/uploads\/2022\/01\/w5-300x224.jpg\" data-src=\"https:\/\/gorzow.news\/wp-content\/uploads\/2022\/01\/w5-300x224.jpg\" data-caption=\"\" srcset=\"https:\/\/gorzow.news\/wp-content\/uploads\/2022\/01\/w5.jpg 640w, https:\/\/gorzow.news\/wp-content\/uploads\/2022\/01\/w5-300x224.jpg 300w, https:\/\/gorzow.news\/wp-content\/uploads\/2022\/01\/w5-485x360.jpg 485w\" sizes=\"auto, (max-width: 300px) 100vw, 300px\" \/>\n\t\t<div class=\"figc no-description\">\n\t\t\t<div class=\"figc-inner\">\n\t\t\t\t\t\t\t\t\t\t\t\t\t\t\t<\/div>\n\t\t<\/div>\n\n\t<\/div>\n\n<\/div><div class=\"modula-item effect-pufrobo\" data-width=\"2\" data-height=\"2\" >\n\t<div class=\"modula-item-overlay\"><\/div>\n\n\t<div class=\"modula-item-content\">\n\n\t\t<a data-image-id=\"5356\" role=\"button\" tabindex=\"0\" rel=\"jtg-5379\" data-caption=\"\" aria-label=\"Otw\u00f3rz obrazek w lightboxie\" class=\"tile-inner modula-item-link\"><\/a><img loading=\"lazy\" decoding=\"async\" class=\"pic wp-image-5356\"  data-valign=\"middle\" data-halign=\"center\" alt=\"\" data-full=\"https:\/\/gorzow.news\/wp-content\/uploads\/2022\/01\/w4.jpg\" title=\"w4\" crop=\"\" width=\"300\" height=\"224\" src=\"https:\/\/gorzow.news\/wp-content\/uploads\/2022\/01\/w4-300x224.jpg\" data-src=\"https:\/\/gorzow.news\/wp-content\/uploads\/2022\/01\/w4-300x224.jpg\" data-caption=\"\" srcset=\"https:\/\/gorzow.news\/wp-content\/uploads\/2022\/01\/w4.jpg 640w, https:\/\/gorzow.news\/wp-content\/uploads\/2022\/01\/w4-300x224.jpg 300w, https:\/\/gorzow.news\/wp-content\/uploads\/2022\/01\/w4-485x360.jpg 485w\" sizes=\"auto, (max-width: 300px) 100vw, 300px\" \/>\n\t\t<div class=\"figc no-description\">\n\t\t\t<div class=\"figc-inner\">\n\t\t\t\t\t\t\t\t\t\t\t\t\t\t\t<\/div>\n\t\t<\/div>\n\n\t<\/div>\n\n<\/div><div class=\"modula-item effect-pufrobo\" data-width=\"2\" data-height=\"2\" >\n\t<div class=\"modula-item-overlay\"><\/div>\n\n\t<div class=\"modula-item-content\">\n\n\t\t<a data-image-id=\"5358\" role=\"button\" tabindex=\"0\" rel=\"jtg-5379\" data-caption=\"\" aria-label=\"Otw\u00f3rz obrazek w lightboxie\" class=\"tile-inner modula-item-link\"><\/a><img loading=\"lazy\" decoding=\"async\" class=\"pic wp-image-5358\"  data-valign=\"middle\" data-halign=\"center\" alt=\"\" data-full=\"https:\/\/gorzow.news\/wp-content\/uploads\/2022\/01\/w6.jpg\" title=\"w6\" crop=\"\" width=\"300\" height=\"286\" src=\"https:\/\/gorzow.news\/wp-content\/uploads\/2022\/01\/w6-300x286.jpg\" data-src=\"https:\/\/gorzow.news\/wp-content\/uploads\/2022\/01\/w6-300x286.jpg\" data-caption=\"\" srcset=\"https:\/\/gorzow.news\/wp-content\/uploads\/2022\/01\/w6.jpg 640w, https:\/\/gorzow.news\/wp-content\/uploads\/2022\/01\/w6-300x286.jpg 300w\" sizes=\"auto, (max-width: 300px) 100vw, 300px\" \/>\n\t\t<div class=\"figc no-description\">\n\t\t\t<div class=\"figc-inner\">\n\t\t\t\t\t\t\t\t\t\t\t\t\t\t\t<\/div>\n\t\t<\/div>\n\n\t<\/div>\n\n<\/div><div class=\"modula-item effect-pufrobo\" data-width=\"2\" data-height=\"2\" >\n\t<div class=\"modula-item-overlay\"><\/div>\n\n\t<div class=\"modula-item-content\">\n\n\t\t<a data-image-id=\"5359\" role=\"button\" tabindex=\"0\" rel=\"jtg-5379\" data-caption=\"\" aria-label=\"Otw\u00f3rz obrazek w lightboxie\" class=\"tile-inner modula-item-link\"><\/a><img loading=\"lazy\" decoding=\"async\" class=\"pic wp-image-5359\"  data-valign=\"middle\" data-halign=\"center\" alt=\"\" data-full=\"https:\/\/gorzow.news\/wp-content\/uploads\/2022\/01\/w7.jpg\" title=\"w7\" crop=\"\" width=\"300\" height=\"224\" src=\"https:\/\/gorzow.news\/wp-content\/uploads\/2022\/01\/w7-300x224.jpg\" data-src=\"https:\/\/gorzow.news\/wp-content\/uploads\/2022\/01\/w7-300x224.jpg\" data-caption=\"\" srcset=\"https:\/\/gorzow.news\/wp-content\/uploads\/2022\/01\/w7.jpg 640w, https:\/\/gorzow.news\/wp-content\/uploads\/2022\/01\/w7-300x224.jpg 300w, https:\/\/gorzow.news\/wp-content\/uploads\/2022\/01\/w7-485x360.jpg 485w\" sizes=\"auto, (max-width: 300px) 100vw, 300px\" \/>\n\t\t<div class=\"figc no-description\">\n\t\t\t<div class=\"figc-inner\">\n\t\t\t\t\t\t\t\t\t\t\t\t\t\t\t<\/div>\n\t\t<\/div>\n\n\t<\/div>\n\n<\/div>\t\t\n\t<\/div>\n\n\t\n\t\n\t<script type=\"application\/ld+json\">\n\t{\n\t\t\"@context\": \"http:\/\/schema.org\",\n\t\t\"@type\"   : \"ImageGallery\",\n\t\t\"id\"      : \"https:\/\/gorzow.news\/index.php\/2022\/01\/11\/dawna-centrala-rybna-z-kolejna-czescia-elewacji-wideo-zdjecia\/\",\n\t\t\"url\"     : \"https:\/\/gorzow.news\/index.php\/2022\/01\/11\/dawna-centrala-rybna-z-kolejna-czescia-elewacji-wideo-zdjecia\/\"\n\t}\n\n\t<\/script>\n\n\t\n<\/div>\n\n","protected":false},"excerpt":{"rendered":"<p>W sierpniu zosta\u0142a oddana pierwsza cz\u0119\u015b\u0107 elewacji. Na koniec 2021 roku prace zako\u0144czy\u0142y si\u0119 przy kolejnym jej etapie. Roboty jest sporo, bo \u015bciany trzech nowych dobudowanych kondygnacji obudowywane s\u0105 p\u0142ytkami pochodz\u0105cymi ze starych cegie\u0142. Teraz czas na zimow\u0105 przerw\u0119. Budowla\u0144cy do dalszych prac przyst\u0105pi\u0105 wiosn\u0105.<\/p>\n","protected":false},"author":1,"featured_media":5385,"comment_status":"open","ping_status":"open","sticky":false,"template":"","format":"standard","meta":{"footnotes":"","_links_to":"","_links_to_target":""},"categories":[1625,589],"tags":[541,928,539,538,78,637,542,207,540,146],"class_list":{"0":"post-5384","1":"post","2":"type-post","3":"status-publish","4":"format-standard","5":"has-post-thumbnail","7":"category-przedsiewziecia-prywatne","8":"category-wiadomosci","9":"tag-andrzej-plawgo","11":"tag-browar-gross","12":"tag-centrala-rybna","13":"tag-chrobrego","14":"tag-elewacja","15":"tag-grzegorz-adamczyk","16":"tag-hotel","17":"tag-strzelecka","18":"tag-wybickiego"},"yoast_head":"<!-- This site is optimized with the Yoast SEO plugin v27.3 - https:\/\/yoast.com\/product\/yoast-seo-wordpress\/ -->\n<title>Dawna Centrala Rybna z kolejn\u0105 cz\u0119\u015bci\u0105 elewacji (wideo, zdj\u0119cia) - Gorz\u00f3w News<\/title>\n<meta name=\"description\" content=\"W sierpniu zosta\u0142a oddana pierwsza cz\u0119\u015b\u0107 elewacji. Na koniec 2021 roku prace zako\u0144czy\u0142y si\u0119 przy kolejnym jej etapie. Roboty jest sporo, bo \u015bc\" \/>\n<meta name=\"robots\" content=\"index, follow, max-snippet:-1, max-image-preview:large, max-video-preview:-1\" \/>\n<link rel=\"canonical\" href=\"https:\/\/gorzow.news\/index.php\/2022\/01\/11\/dawna-centrala-rybna-z-kolejna-czescia-elewacji-wideo-zdjecia\/\" \/>\n<meta property=\"og:locale\" content=\"pl_PL\" \/>\n<meta property=\"og:type\" content=\"article\" \/>\n<meta property=\"og:title\" content=\"Dawna Centrala Rybna z kolejn\u0105 cz\u0119\u015bci\u0105 elewacji (wideo, zdj\u0119cia) - Gorz\u00f3w News\" \/>\n<meta property=\"og:description\" content=\"W sierpniu zosta\u0142a oddana pierwsza cz\u0119\u015b\u0107 elewacji. Na koniec 2021 roku prace zako\u0144czy\u0142y si\u0119 przy kolejnym jej etapie. Roboty jest sporo, bo \u015bc\" \/>\n<meta property=\"og:url\" content=\"https:\/\/gorzow.news\/index.php\/2022\/01\/11\/dawna-centrala-rybna-z-kolejna-czescia-elewacji-wideo-zdjecia\/\" \/>\n<meta property=\"og:site_name\" content=\"Gorz\u00f3w News\" \/>\n<meta property=\"article:publisher\" content=\"https:\/\/www.facebook.com\/gorzowskinews\" \/>\n<meta property=\"article:published_time\" content=\"2022-01-11T12:32:45+00:00\" \/>\n<meta property=\"article:modified_time\" content=\"2022-08-14T17:22:13+00:00\" \/>\n<meta property=\"og:image\" content=\"https:\/\/gorzow.news\/wp-content\/uploads\/2022\/01\/IMG_20220108_104827_1-1.jpg\" \/>\n\t<meta property=\"og:image:width\" content=\"2000\" \/>\n\t<meta property=\"og:image:height\" content=\"1276\" \/>\n\t<meta property=\"og:image:type\" content=\"image\/jpeg\" \/>\n<meta name=\"author\" content=\"maciej\" \/>\n<meta name=\"twitter:card\" content=\"summary_large_image\" \/>\n<meta name=\"twitter:label1\" content=\"Napisane przez\" \/>\n\t<meta name=\"twitter:data1\" content=\"maciej\" \/>\n\t<meta name=\"twitter:label2\" content=\"Szacowany czas czytania\" \/>\n\t<meta name=\"twitter:data2\" content=\"2 minuty\" \/>\n<script type=\"application\/ld+json\" class=\"yoast-schema-graph\">{\"@context\":\"https:\\\/\\\/schema.org\",\"@graph\":[{\"@type\":\"Article\",\"@id\":\"https:\\\/\\\/gorzow.news\\\/index.php\\\/2022\\\/01\\\/11\\\/dawna-centrala-rybna-z-kolejna-czescia-elewacji-wideo-zdjecia\\\/#article\",\"isPartOf\":{\"@id\":\"https:\\\/\\\/gorzow.news\\\/index.php\\\/2022\\\/01\\\/11\\\/dawna-centrala-rybna-z-kolejna-czescia-elewacji-wideo-zdjecia\\\/\"},\"author\":{\"name\":\"maciej\",\"@id\":\"https:\\\/\\\/gorzow.news\\\/#\\\/schema\\\/person\\\/a1e5ab43166369f2ce236a1cd90995bb\"},\"headline\":\"Dawna Centrala Rybna z kolejn\u0105 cz\u0119\u015bci\u0105 elewacji (wideo, zdj\u0119cia)\",\"datePublished\":\"2022-01-11T12:32:45+00:00\",\"dateModified\":\"2022-08-14T17:22:13+00:00\",\"mainEntityOfPage\":{\"@id\":\"https:\\\/\\\/gorzow.news\\\/index.php\\\/2022\\\/01\\\/11\\\/dawna-centrala-rybna-z-kolejna-czescia-elewacji-wideo-zdjecia\\\/\"},\"wordCount\":375,\"commentCount\":0,\"image\":{\"@id\":\"https:\\\/\\\/gorzow.news\\\/index.php\\\/2022\\\/01\\\/11\\\/dawna-centrala-rybna-z-kolejna-czescia-elewacji-wideo-zdjecia\\\/#primaryimage\"},\"thumbnailUrl\":\"https:\\\/\\\/gorzow.news\\\/wp-content\\\/uploads\\\/2022\\\/01\\\/IMG_20220108_104827_1-1.jpg\",\"keywords\":[\"Andrzej Plawgo\",\"biura\",\"browar Gross\",\"Centrala Rybna\",\"Chrobrego\",\"elewacja\",\"Grzegorz Adamczyk\",\"hotel\",\"Strzelecka\",\"Wybickiego\"],\"articleSection\":[\"Przedsi\u0119wzi\u0119cia prywatne\",\"Wiadomo\u015bci\"],\"inLanguage\":\"pl-PL\",\"potentialAction\":[{\"@type\":\"CommentAction\",\"name\":\"Comment\",\"target\":[\"https:\\\/\\\/gorzow.news\\\/index.php\\\/2022\\\/01\\\/11\\\/dawna-centrala-rybna-z-kolejna-czescia-elewacji-wideo-zdjecia\\\/#respond\"]}]},{\"@type\":\"WebPage\",\"@id\":\"https:\\\/\\\/gorzow.news\\\/index.php\\\/2022\\\/01\\\/11\\\/dawna-centrala-rybna-z-kolejna-czescia-elewacji-wideo-zdjecia\\\/\",\"url\":\"https:\\\/\\\/gorzow.news\\\/index.php\\\/2022\\\/01\\\/11\\\/dawna-centrala-rybna-z-kolejna-czescia-elewacji-wideo-zdjecia\\\/\",\"name\":\"Dawna Centrala Rybna z kolejn\u0105 cz\u0119\u015bci\u0105 elewacji (wideo, zdj\u0119cia) - Gorz\u00f3w News\",\"isPartOf\":{\"@id\":\"https:\\\/\\\/gorzow.news\\\/#website\"},\"primaryImageOfPage\":{\"@id\":\"https:\\\/\\\/gorzow.news\\\/index.php\\\/2022\\\/01\\\/11\\\/dawna-centrala-rybna-z-kolejna-czescia-elewacji-wideo-zdjecia\\\/#primaryimage\"},\"image\":{\"@id\":\"https:\\\/\\\/gorzow.news\\\/index.php\\\/2022\\\/01\\\/11\\\/dawna-centrala-rybna-z-kolejna-czescia-elewacji-wideo-zdjecia\\\/#primaryimage\"},\"thumbnailUrl\":\"https:\\\/\\\/gorzow.news\\\/wp-content\\\/uploads\\\/2022\\\/01\\\/IMG_20220108_104827_1-1.jpg\",\"datePublished\":\"2022-01-11T12:32:45+00:00\",\"dateModified\":\"2022-08-14T17:22:13+00:00\",\"author\":{\"@id\":\"https:\\\/\\\/gorzow.news\\\/#\\\/schema\\\/person\\\/a1e5ab43166369f2ce236a1cd90995bb\"},\"description\":\"W sierpniu zosta\u0142a oddana pierwsza cz\u0119\u015b\u0107 elewacji. Na koniec 2021 roku prace zako\u0144czy\u0142y si\u0119 przy kolejnym jej etapie. Roboty jest sporo, bo \u015bciany trzech nowych dobudowanych kondygnacji obudowywane s\u0105 p\u0142ytkami pochodz\u0105cymi ze starych cegie\u0142. Teraz czas na zimow\u0105 przerw\u0119. Budowla\u0144cy do dalszych prac przyst\u0105pi\u0105 wiosn\u0105.\",\"breadcrumb\":{\"@id\":\"https:\\\/\\\/gorzow.news\\\/index.php\\\/2022\\\/01\\\/11\\\/dawna-centrala-rybna-z-kolejna-czescia-elewacji-wideo-zdjecia\\\/#breadcrumb\"},\"inLanguage\":\"pl-PL\",\"potentialAction\":[{\"@type\":\"ReadAction\",\"target\":[\"https:\\\/\\\/gorzow.news\\\/index.php\\\/2022\\\/01\\\/11\\\/dawna-centrala-rybna-z-kolejna-czescia-elewacji-wideo-zdjecia\\\/\"]}]},{\"@type\":\"ImageObject\",\"inLanguage\":\"pl-PL\",\"@id\":\"https:\\\/\\\/gorzow.news\\\/index.php\\\/2022\\\/01\\\/11\\\/dawna-centrala-rybna-z-kolejna-czescia-elewacji-wideo-zdjecia\\\/#primaryimage\",\"url\":\"https:\\\/\\\/gorzow.news\\\/wp-content\\\/uploads\\\/2022\\\/01\\\/IMG_20220108_104827_1-1.jpg\",\"contentUrl\":\"https:\\\/\\\/gorzow.news\\\/wp-content\\\/uploads\\\/2022\\\/01\\\/IMG_20220108_104827_1-1.jpg\",\"width\":2000,\"height\":1276},{\"@type\":\"BreadcrumbList\",\"@id\":\"https:\\\/\\\/gorzow.news\\\/index.php\\\/2022\\\/01\\\/11\\\/dawna-centrala-rybna-z-kolejna-czescia-elewacji-wideo-zdjecia\\\/#breadcrumb\",\"itemListElement\":[{\"@type\":\"ListItem\",\"position\":1,\"name\":\"Home\",\"item\":\"https:\\\/\\\/gorzow.news\\\/\"},{\"@type\":\"ListItem\",\"position\":2,\"name\":\"Dawna Centrala Rybna z kolejn\u0105 cz\u0119\u015bci\u0105 elewacji (wideo, zdj\u0119cia)\"}]},{\"@type\":\"WebSite\",\"@id\":\"https:\\\/\\\/gorzow.news\\\/#website\",\"url\":\"https:\\\/\\\/gorzow.news\\\/\",\"name\":\"Gorz\u00f3w News\",\"description\":\"Sp\u00f3jrz inaczej na miato i region...\",\"potentialAction\":[{\"@type\":\"SearchAction\",\"target\":{\"@type\":\"EntryPoint\",\"urlTemplate\":\"https:\\\/\\\/gorzow.news\\\/?s={search_term_string}\"},\"query-input\":{\"@type\":\"PropertyValueSpecification\",\"valueRequired\":true,\"valueName\":\"search_term_string\"}}],\"inLanguage\":\"pl-PL\"},{\"@type\":\"Person\",\"@id\":\"https:\\\/\\\/gorzow.news\\\/#\\\/schema\\\/person\\\/a1e5ab43166369f2ce236a1cd90995bb\",\"name\":\"maciej\",\"image\":{\"@type\":\"ImageObject\",\"inLanguage\":\"pl-PL\",\"@id\":\"https:\\\/\\\/secure.gravatar.com\\\/avatar\\\/530a674d56ba60cfa0ef21d74e8e8d123a51bb7aa6580465b5c2ab2c2e980a19?s=96&r=g&d=https:\\\/\\\/gorzow.news\\\/wp-content\\\/plugins\\\/userswp\\\/assets\\\/images\\\/no_profile.png\",\"url\":\"https:\\\/\\\/secure.gravatar.com\\\/avatar\\\/530a674d56ba60cfa0ef21d74e8e8d123a51bb7aa6580465b5c2ab2c2e980a19?s=96&r=g&d=https:\\\/\\\/gorzow.news\\\/wp-content\\\/plugins\\\/userswp\\\/assets\\\/images\\\/no_profile.png\",\"contentUrl\":\"https:\\\/\\\/secure.gravatar.com\\\/avatar\\\/530a674d56ba60cfa0ef21d74e8e8d123a51bb7aa6580465b5c2ab2c2e980a19?s=96&r=g&d=https:\\\/\\\/gorzow.news\\\/wp-content\\\/plugins\\\/userswp\\\/assets\\\/images\\\/no_profile.png\",\"caption\":\"maciej\"},\"url\":\"https:\\\/\\\/gorzow.news\\\/index.php\\\/profile\\\/maciej\\\/\"}]}<\/script>\n<!-- \/ Yoast SEO plugin. -->","yoast_head_json":{"title":"Dawna Centrala Rybna z kolejn\u0105 cz\u0119\u015bci\u0105 elewacji (wideo, zdj\u0119cia) - Gorz\u00f3w News","description":"W sierpniu zosta\u0142a oddana pierwsza cz\u0119\u015b\u0107 elewacji. Na koniec 2021 roku prace zako\u0144czy\u0142y si\u0119 przy kolejnym jej etapie. Roboty jest sporo, bo \u015bc","robots":{"index":"index","follow":"follow","max-snippet":"max-snippet:-1","max-image-preview":"max-image-preview:large","max-video-preview":"max-video-preview:-1"},"canonical":"https:\/\/gorzow.news\/index.php\/2022\/01\/11\/dawna-centrala-rybna-z-kolejna-czescia-elewacji-wideo-zdjecia\/","og_locale":"pl_PL","og_type":"article","og_title":"Dawna Centrala Rybna z kolejn\u0105 cz\u0119\u015bci\u0105 elewacji (wideo, zdj\u0119cia) - Gorz\u00f3w News","og_description":"W sierpniu zosta\u0142a oddana pierwsza cz\u0119\u015b\u0107 elewacji. Na koniec 2021 roku prace zako\u0144czy\u0142y si\u0119 przy kolejnym jej etapie. Roboty jest sporo, bo \u015bc","og_url":"https:\/\/gorzow.news\/index.php\/2022\/01\/11\/dawna-centrala-rybna-z-kolejna-czescia-elewacji-wideo-zdjecia\/","og_site_name":"Gorz\u00f3w News","article_publisher":"https:\/\/www.facebook.com\/gorzowskinews","article_published_time":"2022-01-11T12:32:45+00:00","article_modified_time":"2022-08-14T17:22:13+00:00","og_image":[{"width":2000,"height":1276,"url":"https:\/\/gorzow.news\/wp-content\/uploads\/2022\/01\/IMG_20220108_104827_1-1.jpg","type":"image\/jpeg"}],"author":"maciej","twitter_card":"summary_large_image","twitter_misc":{"Napisane przez":"maciej","Szacowany czas czytania":"2 minuty"},"schema":{"@context":"https:\/\/schema.org","@graph":[{"@type":"Article","@id":"https:\/\/gorzow.news\/index.php\/2022\/01\/11\/dawna-centrala-rybna-z-kolejna-czescia-elewacji-wideo-zdjecia\/#article","isPartOf":{"@id":"https:\/\/gorzow.news\/index.php\/2022\/01\/11\/dawna-centrala-rybna-z-kolejna-czescia-elewacji-wideo-zdjecia\/"},"author":{"name":"maciej","@id":"https:\/\/gorzow.news\/#\/schema\/person\/a1e5ab43166369f2ce236a1cd90995bb"},"headline":"Dawna Centrala Rybna z kolejn\u0105 cz\u0119\u015bci\u0105 elewacji (wideo, zdj\u0119cia)","datePublished":"2022-01-11T12:32:45+00:00","dateModified":"2022-08-14T17:22:13+00:00","mainEntityOfPage":{"@id":"https:\/\/gorzow.news\/index.php\/2022\/01\/11\/dawna-centrala-rybna-z-kolejna-czescia-elewacji-wideo-zdjecia\/"},"wordCount":375,"commentCount":0,"image":{"@id":"https:\/\/gorzow.news\/index.php\/2022\/01\/11\/dawna-centrala-rybna-z-kolejna-czescia-elewacji-wideo-zdjecia\/#primaryimage"},"thumbnailUrl":"https:\/\/gorzow.news\/wp-content\/uploads\/2022\/01\/IMG_20220108_104827_1-1.jpg","keywords":["Andrzej Plawgo","biura","browar Gross","Centrala Rybna","Chrobrego","elewacja","Grzegorz Adamczyk","hotel","Strzelecka","Wybickiego"],"articleSection":["Przedsi\u0119wzi\u0119cia prywatne","Wiadomo\u015bci"],"inLanguage":"pl-PL","potentialAction":[{"@type":"CommentAction","name":"Comment","target":["https:\/\/gorzow.news\/index.php\/2022\/01\/11\/dawna-centrala-rybna-z-kolejna-czescia-elewacji-wideo-zdjecia\/#respond"]}]},{"@type":"WebPage","@id":"https:\/\/gorzow.news\/index.php\/2022\/01\/11\/dawna-centrala-rybna-z-kolejna-czescia-elewacji-wideo-zdjecia\/","url":"https:\/\/gorzow.news\/index.php\/2022\/01\/11\/dawna-centrala-rybna-z-kolejna-czescia-elewacji-wideo-zdjecia\/","name":"Dawna Centrala Rybna z kolejn\u0105 cz\u0119\u015bci\u0105 elewacji (wideo, zdj\u0119cia) - Gorz\u00f3w News","isPartOf":{"@id":"https:\/\/gorzow.news\/#website"},"primaryImageOfPage":{"@id":"https:\/\/gorzow.news\/index.php\/2022\/01\/11\/dawna-centrala-rybna-z-kolejna-czescia-elewacji-wideo-zdjecia\/#primaryimage"},"image":{"@id":"https:\/\/gorzow.news\/index.php\/2022\/01\/11\/dawna-centrala-rybna-z-kolejna-czescia-elewacji-wideo-zdjecia\/#primaryimage"},"thumbnailUrl":"https:\/\/gorzow.news\/wp-content\/uploads\/2022\/01\/IMG_20220108_104827_1-1.jpg","datePublished":"2022-01-11T12:32:45+00:00","dateModified":"2022-08-14T17:22:13+00:00","author":{"@id":"https:\/\/gorzow.news\/#\/schema\/person\/a1e5ab43166369f2ce236a1cd90995bb"},"description":"W sierpniu zosta\u0142a oddana pierwsza cz\u0119\u015b\u0107 elewacji. Na koniec 2021 roku prace zako\u0144czy\u0142y si\u0119 przy kolejnym jej etapie. Roboty jest sporo, bo \u015bciany trzech nowych dobudowanych kondygnacji obudowywane s\u0105 p\u0142ytkami pochodz\u0105cymi ze starych cegie\u0142. Teraz czas na zimow\u0105 przerw\u0119. Budowla\u0144cy do dalszych prac przyst\u0105pi\u0105 wiosn\u0105.","breadcrumb":{"@id":"https:\/\/gorzow.news\/index.php\/2022\/01\/11\/dawna-centrala-rybna-z-kolejna-czescia-elewacji-wideo-zdjecia\/#breadcrumb"},"inLanguage":"pl-PL","potentialAction":[{"@type":"ReadAction","target":["https:\/\/gorzow.news\/index.php\/2022\/01\/11\/dawna-centrala-rybna-z-kolejna-czescia-elewacji-wideo-zdjecia\/"]}]},{"@type":"ImageObject","inLanguage":"pl-PL","@id":"https:\/\/gorzow.news\/index.php\/2022\/01\/11\/dawna-centrala-rybna-z-kolejna-czescia-elewacji-wideo-zdjecia\/#primaryimage","url":"https:\/\/gorzow.news\/wp-content\/uploads\/2022\/01\/IMG_20220108_104827_1-1.jpg","contentUrl":"https:\/\/gorzow.news\/wp-content\/uploads\/2022\/01\/IMG_20220108_104827_1-1.jpg","width":2000,"height":1276},{"@type":"BreadcrumbList","@id":"https:\/\/gorzow.news\/index.php\/2022\/01\/11\/dawna-centrala-rybna-z-kolejna-czescia-elewacji-wideo-zdjecia\/#breadcrumb","itemListElement":[{"@type":"ListItem","position":1,"name":"Home","item":"https:\/\/gorzow.news\/"},{"@type":"ListItem","position":2,"name":"Dawna Centrala Rybna z kolejn\u0105 cz\u0119\u015bci\u0105 elewacji (wideo, zdj\u0119cia)"}]},{"@type":"WebSite","@id":"https:\/\/gorzow.news\/#website","url":"https:\/\/gorzow.news\/","name":"Gorz\u00f3w News","description":"Sp\u00f3jrz inaczej na miato i region...","potentialAction":[{"@type":"SearchAction","target":{"@type":"EntryPoint","urlTemplate":"https:\/\/gorzow.news\/?s={search_term_string}"},"query-input":{"@type":"PropertyValueSpecification","valueRequired":true,"valueName":"search_term_string"}}],"inLanguage":"pl-PL"},{"@type":"Person","@id":"https:\/\/gorzow.news\/#\/schema\/person\/a1e5ab43166369f2ce236a1cd90995bb","name":"maciej","image":{"@type":"ImageObject","inLanguage":"pl-PL","@id":"https:\/\/secure.gravatar.com\/avatar\/530a674d56ba60cfa0ef21d74e8e8d123a51bb7aa6580465b5c2ab2c2e980a19?s=96&r=g&d=https:\/\/gorzow.news\/wp-content\/plugins\/userswp\/assets\/images\/no_profile.png","url":"https:\/\/secure.gravatar.com\/avatar\/530a674d56ba60cfa0ef21d74e8e8d123a51bb7aa6580465b5c2ab2c2e980a19?s=96&r=g&d=https:\/\/gorzow.news\/wp-content\/plugins\/userswp\/assets\/images\/no_profile.png","contentUrl":"https:\/\/secure.gravatar.com\/avatar\/530a674d56ba60cfa0ef21d74e8e8d123a51bb7aa6580465b5c2ab2c2e980a19?s=96&r=g&d=https:\/\/gorzow.news\/wp-content\/plugins\/userswp\/assets\/images\/no_profile.png","caption":"maciej"},"url":"https:\/\/gorzow.news\/index.php\/profile\/maciej\/"}]}},"_links":{"self":[{"href":"https:\/\/gorzow.news\/index.php\/wp-json\/wp\/v2\/posts\/5384","targetHints":{"allow":["GET"]}}],"collection":[{"href":"https:\/\/gorzow.news\/index.php\/wp-json\/wp\/v2\/posts"}],"about":[{"href":"https:\/\/gorzow.news\/index.php\/wp-json\/wp\/v2\/types\/post"}],"author":[{"embeddable":true,"href":"https:\/\/gorzow.news\/index.php\/wp-json\/wp\/v2\/users\/1"}],"replies":[{"embeddable":true,"href":"https:\/\/gorzow.news\/index.php\/wp-json\/wp\/v2\/comments?post=5384"}],"version-history":[{"count":1,"href":"https:\/\/gorzow.news\/index.php\/wp-json\/wp\/v2\/posts\/5384\/revisions"}],"predecessor-version":[{"id":9045,"href":"https:\/\/gorzow.news\/index.php\/wp-json\/wp\/v2\/posts\/5384\/revisions\/9045"}],"wp:featuredmedia":[{"embeddable":true,"href":"https:\/\/gorzow.news\/index.php\/wp-json\/wp\/v2\/media\/5385"}],"wp:attachment":[{"href":"https:\/\/gorzow.news\/index.php\/wp-json\/wp\/v2\/media?parent=5384"}],"wp:term":[{"taxonomy":"category","embeddable":true,"href":"https:\/\/gorzow.news\/index.php\/wp-json\/wp\/v2\/categories?post=5384"},{"taxonomy":"post_tag","embeddable":true,"href":"https:\/\/gorzow.news\/index.php\/wp-json\/wp\/v2\/tags?post=5384"}],"curies":[{"name":"wp","href":"https:\/\/api.w.org\/{rel}","templated":true}]}}