{"id":4448,"date":"2021-11-23T13:00:55","date_gmt":"2021-11-23T12:00:55","guid":{"rendered":"https:\/\/gorzow.news\/?p=4448"},"modified":"2021-11-23T13:00:59","modified_gmt":"2021-11-23T12:00:59","slug":"czytelnik-studzienka-od-miesiecy-zabezpieczona-tylko-paleta","status":"publish","type":"post","link":"https:\/\/gorzow.news\/index.php\/2021\/11\/23\/czytelnik-studzienka-od-miesiecy-zabezpieczona-tylko-paleta\/","title":{"rendered":"Czytelnik: Studzienka od miesi\u0119cy zabezpieczona tylko palet\u0105!"},"content":{"rendered":"\n<p><strong>Na redakcyjn\u0105 skrzynk\u0119 mailow\u0105 otrzymali\u015bmy wiadomo\u015b\u0107 i zdj\u0119cia od pana Krzysztofa, kt\u00f3ry pisze, \u017ce od p\u00f3\u0142 roku jedna ze studzienek na trawniku zlokalizowanym przy ul. Walczaka, tu\u017c obok placu zabaw zabezpieczona jest jedynie drewnian\u0105 palet\u0105 i wyrzuconym na ni\u0105 gruzem. O studzienk\u0119 zapytali\u015bmy w Sp\u00f3\u0142dzielni Mieszkaniowej &#8222;G\u00f3rczyn&#8221;, kt\u00f3ra jest w\u0142a\u015bcicielem dzia\u0142ki na kt\u00f3rej znajduje si\u0119 studzienka.<\/strong><\/p>\n\n\n\n<p>&#8211; Pierwsze zdj\u0119cia studzienki zabezpieczonej palet\u0105 zrobi\u0142em w maju tego roku. By\u0142em pewny, \u017ce to tylko tak na chwil\u0119, \u017ce minie kilka dni i kto\u015b to porz\u0105dnie zabezpieczy. Jednak min\u0119\u0142o ju\u017c p\u00f3\u0142 roku, a studzienk\u0119 nadal zabezpiecza jedynie po\u0142o\u017cona na niej paleta. Jest jesie\u0144. Deszcze, za chwil\u0119 mo\u017ce spa\u015b\u0107 \u015bnieg. Zakryje to miejsce. Obok jest plac zabaw. Na trawnik wychodz\u0105 dzieci z psami. Nie chce wr\u00f3\u017cy\u0107 nieszcz\u0119\u015bcia. Jednak, kto\u015b za t\u0105 studzienk\u0119 odpowiada i powinien j\u0105 odpowiednio zabezpieczy\u0107 &#8211; pisze pan Krzysztof.<\/p>\n\n\n\n<p>Studzienka zlokalizowana jest miedzy budynkami przy ul. Pi\u0142sudskiego 2 i 4 na trawniku tu\u017c obok ul. Walczaka. Ustalili\u015bmy, \u017ce jest to studzienka telekomunikacyjna, a \u017ce teren na kt\u00f3rej si\u0119 znajduje nale\u017cy do Sp\u00f3\u0142dzielni Mieszkaniowej &#8222;G\u00f3rczyn&#8221;, to w\u0142a\u015bnie w Sp\u00f3\u0142dzielni o studzienk\u0119 zapytali\u015bmy.<\/p>\n\n\n\n<p>&#8211; Skierowali\u015bmy pilny monit do w\u0142a\u015bciciela studzienki, tj. operatora telekomunikacyjnego o pilne i nale\u017cyte zabezpieczenie jej. Z informacji zwrotnej przekazanej Zarz\u0105dowi Nieruchomo\u015bci Nr 1, tj. administracji nadzoruj\u0105cej ten teren w naszej Sp\u00f3\u0142dzielni operator zobowi\u0105za\u0142 si\u0119 do niezw\u0142ocznej reakcji i zabezpieczenie swojej infrastruktury &#8211; poinformowa\u0142 nas dzi\u015b <strong>Marcin Michalski<\/strong>, zast\u0119pca prezesa ds. technicznych w Sp\u00f3\u0142dzielni Mieszkaniowej &#8222;G\u00f3rczyn&#8221;<\/p>\n\n\n\n<p><strong>Zdj\u0119cia z maja i obecnie:<\/strong><\/p>\n\n\n\n<figure class=\"wp-block-image size-large\"><img loading=\"lazy\" decoding=\"async\" width=\"1024\" height=\"512\" src=\"https:\/\/gorzow.news\/wp-content\/uploads\/2021\/11\/IMG_20210520_085001-1024x512.jpg\" alt=\"\" class=\"wp-image-4449\" srcset=\"https:\/\/gorzow.news\/wp-content\/uploads\/2021\/11\/IMG_20210520_085001-1024x512.jpg 1024w, https:\/\/gorzow.news\/wp-content\/uploads\/2021\/11\/IMG_20210520_085001-300x150.jpg 300w, https:\/\/gorzow.news\/wp-content\/uploads\/2021\/11\/IMG_20210520_085001-768x384.jpg 768w, https:\/\/gorzow.news\/wp-content\/uploads\/2021\/11\/IMG_20210520_085001-1536x768.jpg 1536w, https:\/\/gorzow.news\/wp-content\/uploads\/2021\/11\/IMG_20210520_085001-696x348.jpg 696w, https:\/\/gorzow.news\/wp-content\/uploads\/2021\/11\/IMG_20210520_085001-1068x534.jpg 1068w, https:\/\/gorzow.news\/wp-content\/uploads\/2021\/11\/IMG_20210520_085001-1920x960.jpg 1920w, https:\/\/gorzow.news\/wp-content\/uploads\/2021\/11\/IMG_20210520_085001.jpg 2048w\" sizes=\"auto, (max-width: 1024px) 100vw, 1024px\" \/><\/figure>\n\n\n\n<figure class=\"wp-block-image size-large\"><img loading=\"lazy\" decoding=\"async\" width=\"1024\" height=\"512\" src=\"https:\/\/gorzow.news\/wp-content\/uploads\/2021\/11\/IMG_20210520_085009-1024x512.jpg\" alt=\"\" class=\"wp-image-4450\" srcset=\"https:\/\/gorzow.news\/wp-content\/uploads\/2021\/11\/IMG_20210520_085009-1024x512.jpg 1024w, https:\/\/gorzow.news\/wp-content\/uploads\/2021\/11\/IMG_20210520_085009-300x150.jpg 300w, https:\/\/gorzow.news\/wp-content\/uploads\/2021\/11\/IMG_20210520_085009-768x384.jpg 768w, https:\/\/gorzow.news\/wp-content\/uploads\/2021\/11\/IMG_20210520_085009-1536x768.jpg 1536w, https:\/\/gorzow.news\/wp-content\/uploads\/2021\/11\/IMG_20210520_085009-696x348.jpg 696w, https:\/\/gorzow.news\/wp-content\/uploads\/2021\/11\/IMG_20210520_085009-1068x534.jpg 1068w, https:\/\/gorzow.news\/wp-content\/uploads\/2021\/11\/IMG_20210520_085009-1920x960.jpg 1920w, https:\/\/gorzow.news\/wp-content\/uploads\/2021\/11\/IMG_20210520_085009.jpg 2048w\" sizes=\"auto, (max-width: 1024px) 100vw, 1024px\" \/><\/figure>\n\n\n\n<figure class=\"wp-block-image size-large\"><img loading=\"lazy\" decoding=\"async\" width=\"1024\" height=\"512\" src=\"https:\/\/gorzow.news\/wp-content\/uploads\/2021\/11\/IMG_20210520_085019-1024x512.jpg\" alt=\"\" class=\"wp-image-4451\" srcset=\"https:\/\/gorzow.news\/wp-content\/uploads\/2021\/11\/IMG_20210520_085019-1024x512.jpg 1024w, https:\/\/gorzow.news\/wp-content\/uploads\/2021\/11\/IMG_20210520_085019-300x150.jpg 300w, https:\/\/gorzow.news\/wp-content\/uploads\/2021\/11\/IMG_20210520_085019-768x384.jpg 768w, https:\/\/gorzow.news\/wp-content\/uploads\/2021\/11\/IMG_20210520_085019-1536x768.jpg 1536w, https:\/\/gorzow.news\/wp-content\/uploads\/2021\/11\/IMG_20210520_085019-696x348.jpg 696w, https:\/\/gorzow.news\/wp-content\/uploads\/2021\/11\/IMG_20210520_085019-1068x534.jpg 1068w, https:\/\/gorzow.news\/wp-content\/uploads\/2021\/11\/IMG_20210520_085019-1920x960.jpg 1920w, https:\/\/gorzow.news\/wp-content\/uploads\/2021\/11\/IMG_20210520_085019.jpg 2048w\" sizes=\"auto, (max-width: 1024px) 100vw, 1024px\" \/><\/figure>\n\n\n\n<figure class=\"wp-block-image size-large\"><img loading=\"lazy\" decoding=\"async\" width=\"1024\" height=\"485\" src=\"https:\/\/gorzow.news\/wp-content\/uploads\/2021\/11\/IMG_20211113_155644_1-1024x485.jpg\" alt=\"\" class=\"wp-image-4452\" srcset=\"https:\/\/gorzow.news\/wp-content\/uploads\/2021\/11\/IMG_20211113_155644_1-1024x485.jpg 1024w, https:\/\/gorzow.news\/wp-content\/uploads\/2021\/11\/IMG_20211113_155644_1-300x142.jpg 300w, https:\/\/gorzow.news\/wp-content\/uploads\/2021\/11\/IMG_20211113_155644_1-768x363.jpg 768w, https:\/\/gorzow.news\/wp-content\/uploads\/2021\/11\/IMG_20211113_155644_1-1536x727.jpg 1536w, https:\/\/gorzow.news\/wp-content\/uploads\/2021\/11\/IMG_20211113_155644_1-2048x969.jpg 2048w, https:\/\/gorzow.news\/wp-content\/uploads\/2021\/11\/IMG_20211113_155644_1-696x329.jpg 696w, https:\/\/gorzow.news\/wp-content\/uploads\/2021\/11\/IMG_20211113_155644_1-1068x505.jpg 1068w, https:\/\/gorzow.news\/wp-content\/uploads\/2021\/11\/IMG_20211113_155644_1-1920x909.jpg 1920w\" sizes=\"auto, (max-width: 1024px) 100vw, 1024px\" \/><\/figure>\n\n\n\n<figure class=\"wp-block-image size-large\"><img loading=\"lazy\" decoding=\"async\" width=\"1024\" height=\"485\" src=\"https:\/\/gorzow.news\/wp-content\/uploads\/2021\/11\/IMG_20211113_155655_1-1024x485.jpg\" alt=\"\" class=\"wp-image-4453\" srcset=\"https:\/\/gorzow.news\/wp-content\/uploads\/2021\/11\/IMG_20211113_155655_1-1024x485.jpg 1024w, https:\/\/gorzow.news\/wp-content\/uploads\/2021\/11\/IMG_20211113_155655_1-300x142.jpg 300w, https:\/\/gorzow.news\/wp-content\/uploads\/2021\/11\/IMG_20211113_155655_1-768x363.jpg 768w, https:\/\/gorzow.news\/wp-content\/uploads\/2021\/11\/IMG_20211113_155655_1-1536x727.jpg 1536w, https:\/\/gorzow.news\/wp-content\/uploads\/2021\/11\/IMG_20211113_155655_1-2048x969.jpg 2048w, https:\/\/gorzow.news\/wp-content\/uploads\/2021\/11\/IMG_20211113_155655_1-696x329.jpg 696w, https:\/\/gorzow.news\/wp-content\/uploads\/2021\/11\/IMG_20211113_155655_1-1068x505.jpg 1068w, https:\/\/gorzow.news\/wp-content\/uploads\/2021\/11\/IMG_20211113_155655_1-1920x909.jpg 1920w\" sizes=\"auto, (max-width: 1024px) 100vw, 1024px\" \/><\/figure>\n","protected":false},"excerpt":{"rendered":"<p>Na redakcyjn\u0105 skrzynk\u0119 mailow\u0105 otrzymali\u015bmy wiadomo\u015b\u0107 i zdj\u0119cia od pana Krzysztofa, kt\u00f3ry pisze, \u017ce od p\u00f3\u0142 roku jedna ze studzienek na trawniku zlokalizowanym przy ul. Walczaka, tu\u017c obok placu zabaw zabezpieczona jest jedynie drewnian\u0105 palet\u0105 i wyrzuconym na ni\u0105 gruzem. O studzienk\u0119 zapytali\u015bmy w Sp\u00f3\u0142dzielni Mieszkaniowej &#8222;G\u00f3rczyn&#8221;, kt\u00f3ra jest w\u0142a\u015bcicielem dzia\u0142ki na kt\u00f3rej znajduje si\u0119 studzienka.<\/p>\n","protected":false},"author":1,"featured_media":4454,"comment_status":"open","ping_status":"open","sticky":false,"template":"","format":"standard","meta":{"footnotes":"","_links_to":"","_links_to_target":""},"categories":[597,589],"tags":[399,73,71,764,60],"class_list":{"0":"post-4448","1":"post","2":"type-post","3":"status-publish","4":"format-standard","5":"has-post-thumbnail","7":"category-fakty-opinie","8":"category-wiadomosci","9":"tag-marcin-michalski","10":"tag-pilsudskiego","11":"tag-sm-gorczyn","12":"tag-studzienka-telekomunikacyjna","13":"tag-walczaka"},"yoast_head":"<!-- This site is optimized with the Yoast SEO plugin v27.3 - https:\/\/yoast.com\/product\/yoast-seo-wordpress\/ -->\n<title>Czytelnik: Studzienka od miesi\u0119cy zabezpieczona tylko palet\u0105! - Gorz\u00f3w News<\/title>\n<meta name=\"description\" content=\"Na redakcyjn\u0105 skrzynk\u0119 mailow\u0105 otrzymali\u015bmy wiadomo\u015b\u0107 i zdj\u0119cia od pana Krzysztofa, kt\u00f3ry pisze, \u017ce od p\u00f3\u0142 roku jedna ze studzienek na traw\" \/>\n<meta name=\"robots\" content=\"index, follow, max-snippet:-1, max-image-preview:large, max-video-preview:-1\" \/>\n<link rel=\"canonical\" href=\"https:\/\/gorzow.news\/index.php\/2021\/11\/23\/czytelnik-studzienka-od-miesiecy-zabezpieczona-tylko-paleta\/\" \/>\n<meta property=\"og:locale\" content=\"pl_PL\" \/>\n<meta property=\"og:type\" content=\"article\" \/>\n<meta property=\"og:title\" content=\"Czytelnik: Studzienka od miesi\u0119cy zabezpieczona tylko palet\u0105! - Gorz\u00f3w News\" \/>\n<meta property=\"og:description\" content=\"Na redakcyjn\u0105 skrzynk\u0119 mailow\u0105 otrzymali\u015bmy wiadomo\u015b\u0107 i zdj\u0119cia od pana Krzysztofa, kt\u00f3ry pisze, \u017ce od p\u00f3\u0142 roku jedna ze studzienek na traw\" \/>\n<meta property=\"og:url\" content=\"https:\/\/gorzow.news\/index.php\/2021\/11\/23\/czytelnik-studzienka-od-miesiecy-zabezpieczona-tylko-paleta\/\" \/>\n<meta property=\"og:site_name\" content=\"Gorz\u00f3w News\" \/>\n<meta property=\"article:publisher\" content=\"https:\/\/www.facebook.com\/gorzowskinews\" \/>\n<meta property=\"article:published_time\" content=\"2021-11-23T12:00:55+00:00\" \/>\n<meta property=\"article:modified_time\" content=\"2021-11-23T12:00:59+00:00\" \/>\n<meta property=\"og:image\" content=\"https:\/\/gorzow.news\/wp-content\/uploads\/2021\/11\/IMG_20210520_085019-1.jpg\" \/>\n\t<meta property=\"og:image:width\" content=\"2048\" \/>\n\t<meta property=\"og:image:height\" content=\"1024\" \/>\n\t<meta property=\"og:image:type\" content=\"image\/jpeg\" \/>\n<meta name=\"author\" content=\"maciej\" \/>\n<meta name=\"twitter:card\" content=\"summary_large_image\" \/>\n<meta name=\"twitter:label1\" content=\"Napisane przez\" \/>\n\t<meta name=\"twitter:data1\" content=\"maciej\" \/>\n\t<meta name=\"twitter:label2\" content=\"Szacowany czas czytania\" \/>\n\t<meta name=\"twitter:data2\" content=\"3 minuty\" \/>\n<script type=\"application\/ld+json\" class=\"yoast-schema-graph\">{\"@context\":\"https:\\\/\\\/schema.org\",\"@graph\":[{\"@type\":\"Article\",\"@id\":\"https:\\\/\\\/gorzow.news\\\/index.php\\\/2021\\\/11\\\/23\\\/czytelnik-studzienka-od-miesiecy-zabezpieczona-tylko-paleta\\\/#article\",\"isPartOf\":{\"@id\":\"https:\\\/\\\/gorzow.news\\\/index.php\\\/2021\\\/11\\\/23\\\/czytelnik-studzienka-od-miesiecy-zabezpieczona-tylko-paleta\\\/\"},\"author\":{\"name\":\"maciej\",\"@id\":\"https:\\\/\\\/gorzow.news\\\/#\\\/schema\\\/person\\\/a1e5ab43166369f2ce236a1cd90995bb\"},\"headline\":\"Czytelnik: Studzienka od miesi\u0119cy zabezpieczona tylko palet\u0105!\",\"datePublished\":\"2021-11-23T12:00:55+00:00\",\"dateModified\":\"2021-11-23T12:00:59+00:00\",\"mainEntityOfPage\":{\"@id\":\"https:\\\/\\\/gorzow.news\\\/index.php\\\/2021\\\/11\\\/23\\\/czytelnik-studzienka-od-miesiecy-zabezpieczona-tylko-paleta\\\/\"},\"wordCount\":291,\"commentCount\":0,\"image\":{\"@id\":\"https:\\\/\\\/gorzow.news\\\/index.php\\\/2021\\\/11\\\/23\\\/czytelnik-studzienka-od-miesiecy-zabezpieczona-tylko-paleta\\\/#primaryimage\"},\"thumbnailUrl\":\"https:\\\/\\\/gorzow.news\\\/wp-content\\\/uploads\\\/2021\\\/11\\\/IMG_20210520_085019-1.jpg\",\"keywords\":[\"Marcin Michalski\",\"Pi\u0142sudskiego\",\"SM G\u00f3rczyn\",\"studzienka telekomunikacyjna\",\"Walczaka\"],\"articleSection\":[\"Fakty i opinie\",\"Wiadomo\u015bci\"],\"inLanguage\":\"pl-PL\",\"potentialAction\":[{\"@type\":\"CommentAction\",\"name\":\"Comment\",\"target\":[\"https:\\\/\\\/gorzow.news\\\/index.php\\\/2021\\\/11\\\/23\\\/czytelnik-studzienka-od-miesiecy-zabezpieczona-tylko-paleta\\\/#respond\"]}]},{\"@type\":\"WebPage\",\"@id\":\"https:\\\/\\\/gorzow.news\\\/index.php\\\/2021\\\/11\\\/23\\\/czytelnik-studzienka-od-miesiecy-zabezpieczona-tylko-paleta\\\/\",\"url\":\"https:\\\/\\\/gorzow.news\\\/index.php\\\/2021\\\/11\\\/23\\\/czytelnik-studzienka-od-miesiecy-zabezpieczona-tylko-paleta\\\/\",\"name\":\"Czytelnik: Studzienka od miesi\u0119cy zabezpieczona tylko palet\u0105! - Gorz\u00f3w News\",\"isPartOf\":{\"@id\":\"https:\\\/\\\/gorzow.news\\\/#website\"},\"primaryImageOfPage\":{\"@id\":\"https:\\\/\\\/gorzow.news\\\/index.php\\\/2021\\\/11\\\/23\\\/czytelnik-studzienka-od-miesiecy-zabezpieczona-tylko-paleta\\\/#primaryimage\"},\"image\":{\"@id\":\"https:\\\/\\\/gorzow.news\\\/index.php\\\/2021\\\/11\\\/23\\\/czytelnik-studzienka-od-miesiecy-zabezpieczona-tylko-paleta\\\/#primaryimage\"},\"thumbnailUrl\":\"https:\\\/\\\/gorzow.news\\\/wp-content\\\/uploads\\\/2021\\\/11\\\/IMG_20210520_085019-1.jpg\",\"datePublished\":\"2021-11-23T12:00:55+00:00\",\"dateModified\":\"2021-11-23T12:00:59+00:00\",\"author\":{\"@id\":\"https:\\\/\\\/gorzow.news\\\/#\\\/schema\\\/person\\\/a1e5ab43166369f2ce236a1cd90995bb\"},\"description\":\"Na redakcyjn\u0105 skrzynk\u0119 mailow\u0105 otrzymali\u015bmy wiadomo\u015b\u0107 i zdj\u0119cia od pana Krzysztofa, kt\u00f3ry pisze, \u017ce od p\u00f3\u0142 roku jedna ze studzienek na trawniku zlokalizowanym przy ul. Walczaka, tu\u017c obok placu zabaw zabezpieczona jest jedynie drewnian\u0105 palet\u0105 i wyrzuconym na ni\u0105 gruzem. O studzienk\u0119 zapytali\u015bmy w Sp\u00f3\u0142dzielni Mieszkaniowej \\\"G\u00f3rczyn\\\", kt\u00f3ra jest w\u0142a\u015bcicielem dzia\u0142ki na kt\u00f3rej znajduje si\u0119 studzienka.\",\"breadcrumb\":{\"@id\":\"https:\\\/\\\/gorzow.news\\\/index.php\\\/2021\\\/11\\\/23\\\/czytelnik-studzienka-od-miesiecy-zabezpieczona-tylko-paleta\\\/#breadcrumb\"},\"inLanguage\":\"pl-PL\",\"potentialAction\":[{\"@type\":\"ReadAction\",\"target\":[\"https:\\\/\\\/gorzow.news\\\/index.php\\\/2021\\\/11\\\/23\\\/czytelnik-studzienka-od-miesiecy-zabezpieczona-tylko-paleta\\\/\"]}]},{\"@type\":\"ImageObject\",\"inLanguage\":\"pl-PL\",\"@id\":\"https:\\\/\\\/gorzow.news\\\/index.php\\\/2021\\\/11\\\/23\\\/czytelnik-studzienka-od-miesiecy-zabezpieczona-tylko-paleta\\\/#primaryimage\",\"url\":\"https:\\\/\\\/gorzow.news\\\/wp-content\\\/uploads\\\/2021\\\/11\\\/IMG_20210520_085019-1.jpg\",\"contentUrl\":\"https:\\\/\\\/gorzow.news\\\/wp-content\\\/uploads\\\/2021\\\/11\\\/IMG_20210520_085019-1.jpg\",\"width\":2048,\"height\":1024},{\"@type\":\"BreadcrumbList\",\"@id\":\"https:\\\/\\\/gorzow.news\\\/index.php\\\/2021\\\/11\\\/23\\\/czytelnik-studzienka-od-miesiecy-zabezpieczona-tylko-paleta\\\/#breadcrumb\",\"itemListElement\":[{\"@type\":\"ListItem\",\"position\":1,\"name\":\"Home\",\"item\":\"https:\\\/\\\/gorzow.news\\\/\"},{\"@type\":\"ListItem\",\"position\":2,\"name\":\"Czytelnik: Studzienka od miesi\u0119cy zabezpieczona tylko palet\u0105!\"}]},{\"@type\":\"WebSite\",\"@id\":\"https:\\\/\\\/gorzow.news\\\/#website\",\"url\":\"https:\\\/\\\/gorzow.news\\\/\",\"name\":\"Gorz\u00f3w News\",\"description\":\"Sp\u00f3jrz inaczej na miato i region...\",\"potentialAction\":[{\"@type\":\"SearchAction\",\"target\":{\"@type\":\"EntryPoint\",\"urlTemplate\":\"https:\\\/\\\/gorzow.news\\\/?s={search_term_string}\"},\"query-input\":{\"@type\":\"PropertyValueSpecification\",\"valueRequired\":true,\"valueName\":\"search_term_string\"}}],\"inLanguage\":\"pl-PL\"},{\"@type\":\"Person\",\"@id\":\"https:\\\/\\\/gorzow.news\\\/#\\\/schema\\\/person\\\/a1e5ab43166369f2ce236a1cd90995bb\",\"name\":\"maciej\",\"image\":{\"@type\":\"ImageObject\",\"inLanguage\":\"pl-PL\",\"@id\":\"https:\\\/\\\/secure.gravatar.com\\\/avatar\\\/530a674d56ba60cfa0ef21d74e8e8d123a51bb7aa6580465b5c2ab2c2e980a19?s=96&r=g&d=https:\\\/\\\/gorzow.news\\\/wp-content\\\/plugins\\\/userswp\\\/assets\\\/images\\\/no_profile.png\",\"url\":\"https:\\\/\\\/secure.gravatar.com\\\/avatar\\\/530a674d56ba60cfa0ef21d74e8e8d123a51bb7aa6580465b5c2ab2c2e980a19?s=96&r=g&d=https:\\\/\\\/gorzow.news\\\/wp-content\\\/plugins\\\/userswp\\\/assets\\\/images\\\/no_profile.png\",\"contentUrl\":\"https:\\\/\\\/secure.gravatar.com\\\/avatar\\\/530a674d56ba60cfa0ef21d74e8e8d123a51bb7aa6580465b5c2ab2c2e980a19?s=96&r=g&d=https:\\\/\\\/gorzow.news\\\/wp-content\\\/plugins\\\/userswp\\\/assets\\\/images\\\/no_profile.png\",\"caption\":\"maciej\"},\"url\":\"https:\\\/\\\/gorzow.news\\\/index.php\\\/profile\\\/maciej\\\/\"}]}<\/script>\n<!-- \/ Yoast SEO plugin. -->","yoast_head_json":{"title":"Czytelnik: Studzienka od miesi\u0119cy zabezpieczona tylko palet\u0105! - Gorz\u00f3w News","description":"Na redakcyjn\u0105 skrzynk\u0119 mailow\u0105 otrzymali\u015bmy wiadomo\u015b\u0107 i zdj\u0119cia od pana Krzysztofa, kt\u00f3ry pisze, \u017ce od p\u00f3\u0142 roku jedna ze studzienek na traw","robots":{"index":"index","follow":"follow","max-snippet":"max-snippet:-1","max-image-preview":"max-image-preview:large","max-video-preview":"max-video-preview:-1"},"canonical":"https:\/\/gorzow.news\/index.php\/2021\/11\/23\/czytelnik-studzienka-od-miesiecy-zabezpieczona-tylko-paleta\/","og_locale":"pl_PL","og_type":"article","og_title":"Czytelnik: Studzienka od miesi\u0119cy zabezpieczona tylko palet\u0105! - Gorz\u00f3w News","og_description":"Na redakcyjn\u0105 skrzynk\u0119 mailow\u0105 otrzymali\u015bmy wiadomo\u015b\u0107 i zdj\u0119cia od pana Krzysztofa, kt\u00f3ry pisze, \u017ce od p\u00f3\u0142 roku jedna ze studzienek na traw","og_url":"https:\/\/gorzow.news\/index.php\/2021\/11\/23\/czytelnik-studzienka-od-miesiecy-zabezpieczona-tylko-paleta\/","og_site_name":"Gorz\u00f3w News","article_publisher":"https:\/\/www.facebook.com\/gorzowskinews","article_published_time":"2021-11-23T12:00:55+00:00","article_modified_time":"2021-11-23T12:00:59+00:00","og_image":[{"width":2048,"height":1024,"url":"https:\/\/gorzow.news\/wp-content\/uploads\/2021\/11\/IMG_20210520_085019-1.jpg","type":"image\/jpeg"}],"author":"maciej","twitter_card":"summary_large_image","twitter_misc":{"Napisane przez":"maciej","Szacowany czas czytania":"3 minuty"},"schema":{"@context":"https:\/\/schema.org","@graph":[{"@type":"Article","@id":"https:\/\/gorzow.news\/index.php\/2021\/11\/23\/czytelnik-studzienka-od-miesiecy-zabezpieczona-tylko-paleta\/#article","isPartOf":{"@id":"https:\/\/gorzow.news\/index.php\/2021\/11\/23\/czytelnik-studzienka-od-miesiecy-zabezpieczona-tylko-paleta\/"},"author":{"name":"maciej","@id":"https:\/\/gorzow.news\/#\/schema\/person\/a1e5ab43166369f2ce236a1cd90995bb"},"headline":"Czytelnik: Studzienka od miesi\u0119cy zabezpieczona tylko palet\u0105!","datePublished":"2021-11-23T12:00:55+00:00","dateModified":"2021-11-23T12:00:59+00:00","mainEntityOfPage":{"@id":"https:\/\/gorzow.news\/index.php\/2021\/11\/23\/czytelnik-studzienka-od-miesiecy-zabezpieczona-tylko-paleta\/"},"wordCount":291,"commentCount":0,"image":{"@id":"https:\/\/gorzow.news\/index.php\/2021\/11\/23\/czytelnik-studzienka-od-miesiecy-zabezpieczona-tylko-paleta\/#primaryimage"},"thumbnailUrl":"https:\/\/gorzow.news\/wp-content\/uploads\/2021\/11\/IMG_20210520_085019-1.jpg","keywords":["Marcin Michalski","Pi\u0142sudskiego","SM G\u00f3rczyn","studzienka telekomunikacyjna","Walczaka"],"articleSection":["Fakty i opinie","Wiadomo\u015bci"],"inLanguage":"pl-PL","potentialAction":[{"@type":"CommentAction","name":"Comment","target":["https:\/\/gorzow.news\/index.php\/2021\/11\/23\/czytelnik-studzienka-od-miesiecy-zabezpieczona-tylko-paleta\/#respond"]}]},{"@type":"WebPage","@id":"https:\/\/gorzow.news\/index.php\/2021\/11\/23\/czytelnik-studzienka-od-miesiecy-zabezpieczona-tylko-paleta\/","url":"https:\/\/gorzow.news\/index.php\/2021\/11\/23\/czytelnik-studzienka-od-miesiecy-zabezpieczona-tylko-paleta\/","name":"Czytelnik: Studzienka od miesi\u0119cy zabezpieczona tylko palet\u0105! - Gorz\u00f3w News","isPartOf":{"@id":"https:\/\/gorzow.news\/#website"},"primaryImageOfPage":{"@id":"https:\/\/gorzow.news\/index.php\/2021\/11\/23\/czytelnik-studzienka-od-miesiecy-zabezpieczona-tylko-paleta\/#primaryimage"},"image":{"@id":"https:\/\/gorzow.news\/index.php\/2021\/11\/23\/czytelnik-studzienka-od-miesiecy-zabezpieczona-tylko-paleta\/#primaryimage"},"thumbnailUrl":"https:\/\/gorzow.news\/wp-content\/uploads\/2021\/11\/IMG_20210520_085019-1.jpg","datePublished":"2021-11-23T12:00:55+00:00","dateModified":"2021-11-23T12:00:59+00:00","author":{"@id":"https:\/\/gorzow.news\/#\/schema\/person\/a1e5ab43166369f2ce236a1cd90995bb"},"description":"Na redakcyjn\u0105 skrzynk\u0119 mailow\u0105 otrzymali\u015bmy wiadomo\u015b\u0107 i zdj\u0119cia od pana Krzysztofa, kt\u00f3ry pisze, \u017ce od p\u00f3\u0142 roku jedna ze studzienek na trawniku zlokalizowanym przy ul. Walczaka, tu\u017c obok placu zabaw zabezpieczona jest jedynie drewnian\u0105 palet\u0105 i wyrzuconym na ni\u0105 gruzem. O studzienk\u0119 zapytali\u015bmy w Sp\u00f3\u0142dzielni Mieszkaniowej \"G\u00f3rczyn\", kt\u00f3ra jest w\u0142a\u015bcicielem dzia\u0142ki na kt\u00f3rej znajduje si\u0119 studzienka.","breadcrumb":{"@id":"https:\/\/gorzow.news\/index.php\/2021\/11\/23\/czytelnik-studzienka-od-miesiecy-zabezpieczona-tylko-paleta\/#breadcrumb"},"inLanguage":"pl-PL","potentialAction":[{"@type":"ReadAction","target":["https:\/\/gorzow.news\/index.php\/2021\/11\/23\/czytelnik-studzienka-od-miesiecy-zabezpieczona-tylko-paleta\/"]}]},{"@type":"ImageObject","inLanguage":"pl-PL","@id":"https:\/\/gorzow.news\/index.php\/2021\/11\/23\/czytelnik-studzienka-od-miesiecy-zabezpieczona-tylko-paleta\/#primaryimage","url":"https:\/\/gorzow.news\/wp-content\/uploads\/2021\/11\/IMG_20210520_085019-1.jpg","contentUrl":"https:\/\/gorzow.news\/wp-content\/uploads\/2021\/11\/IMG_20210520_085019-1.jpg","width":2048,"height":1024},{"@type":"BreadcrumbList","@id":"https:\/\/gorzow.news\/index.php\/2021\/11\/23\/czytelnik-studzienka-od-miesiecy-zabezpieczona-tylko-paleta\/#breadcrumb","itemListElement":[{"@type":"ListItem","position":1,"name":"Home","item":"https:\/\/gorzow.news\/"},{"@type":"ListItem","position":2,"name":"Czytelnik: Studzienka od miesi\u0119cy zabezpieczona tylko palet\u0105!"}]},{"@type":"WebSite","@id":"https:\/\/gorzow.news\/#website","url":"https:\/\/gorzow.news\/","name":"Gorz\u00f3w News","description":"Sp\u00f3jrz inaczej na miato i region...","potentialAction":[{"@type":"SearchAction","target":{"@type":"EntryPoint","urlTemplate":"https:\/\/gorzow.news\/?s={search_term_string}"},"query-input":{"@type":"PropertyValueSpecification","valueRequired":true,"valueName":"search_term_string"}}],"inLanguage":"pl-PL"},{"@type":"Person","@id":"https:\/\/gorzow.news\/#\/schema\/person\/a1e5ab43166369f2ce236a1cd90995bb","name":"maciej","image":{"@type":"ImageObject","inLanguage":"pl-PL","@id":"https:\/\/secure.gravatar.com\/avatar\/530a674d56ba60cfa0ef21d74e8e8d123a51bb7aa6580465b5c2ab2c2e980a19?s=96&r=g&d=https:\/\/gorzow.news\/wp-content\/plugins\/userswp\/assets\/images\/no_profile.png","url":"https:\/\/secure.gravatar.com\/avatar\/530a674d56ba60cfa0ef21d74e8e8d123a51bb7aa6580465b5c2ab2c2e980a19?s=96&r=g&d=https:\/\/gorzow.news\/wp-content\/plugins\/userswp\/assets\/images\/no_profile.png","contentUrl":"https:\/\/secure.gravatar.com\/avatar\/530a674d56ba60cfa0ef21d74e8e8d123a51bb7aa6580465b5c2ab2c2e980a19?s=96&r=g&d=https:\/\/gorzow.news\/wp-content\/plugins\/userswp\/assets\/images\/no_profile.png","caption":"maciej"},"url":"https:\/\/gorzow.news\/index.php\/profile\/maciej\/"}]}},"_links":{"self":[{"href":"https:\/\/gorzow.news\/index.php\/wp-json\/wp\/v2\/posts\/4448","targetHints":{"allow":["GET"]}}],"collection":[{"href":"https:\/\/gorzow.news\/index.php\/wp-json\/wp\/v2\/posts"}],"about":[{"href":"https:\/\/gorzow.news\/index.php\/wp-json\/wp\/v2\/types\/post"}],"author":[{"embeddable":true,"href":"https:\/\/gorzow.news\/index.php\/wp-json\/wp\/v2\/users\/1"}],"replies":[{"embeddable":true,"href":"https:\/\/gorzow.news\/index.php\/wp-json\/wp\/v2\/comments?post=4448"}],"version-history":[{"count":0,"href":"https:\/\/gorzow.news\/index.php\/wp-json\/wp\/v2\/posts\/4448\/revisions"}],"wp:featuredmedia":[{"embeddable":true,"href":"https:\/\/gorzow.news\/index.php\/wp-json\/wp\/v2\/media\/4454"}],"wp:attachment":[{"href":"https:\/\/gorzow.news\/index.php\/wp-json\/wp\/v2\/media?parent=4448"}],"wp:term":[{"taxonomy":"category","embeddable":true,"href":"https:\/\/gorzow.news\/index.php\/wp-json\/wp\/v2\/categories?post=4448"},{"taxonomy":"post_tag","embeddable":true,"href":"https:\/\/gorzow.news\/index.php\/wp-json\/wp\/v2\/tags?post=4448"}],"curies":[{"name":"wp","href":"https:\/\/api.w.org\/{rel}","templated":true}]}}