{"id":4336,"date":"2021-11-18T10:23:13","date_gmt":"2021-11-18T09:23:13","guid":{"rendered":"https:\/\/gorzow.news\/?p=4336"},"modified":"2021-11-18T10:23:16","modified_gmt":"2021-11-18T09:23:16","slug":"dzis-w-tvn-kuchenne-rewolucje-z-gorzowa-start-o-2135","status":"publish","type":"post","link":"https:\/\/gorzow.news\/index.php\/2021\/11\/18\/dzis-w-tvn-kuchenne-rewolucje-z-gorzowa-start-o-2135\/","title":{"rendered":"Dzi\u015b w TVN Kuchenne Rewolucje z Gorzowa! Start o 21:35!"},"content":{"rendered":"\n<p><strong>Ju\u017c dzi\u015b wieczorem w TVN zobaczy\u0107 b\u0119dzie mo\u017cna odcinek Kuchennych Rewolucji, kt\u00f3re Magda Gessler przeprowadzi\u0142a w gorzowskim Barze Mlecznym Agata.<\/strong><\/p>\n\n\n\n<p>&#8211; Gorz\u00f3w, to jedna z dw\u00f3ch stolic wojew\u00f3dztwa lubuskiego. Po\u0142o\u017cone nad Wart\u0105 miasto liczy sobie ponad sto tysi\u0119cy mieszka\u0144c\u00f3w. Starsi z nich doskonale pami\u0119taj\u0105 pocz\u0105tki otwartego w po\u0142owie lat sze\u015b\u0107dziesi\u0105tych Baru Agata. Cho\u0107 lokal kilka razy zmienia\u0142 lokalizacj\u0119, to po s\u0142ynne pierogi i kotlety jajeczne ustawia\u0142y si\u0119 tutaj kolejki. To ju\u017c niestety przesz\u0142o\u015b\u0107. Cho\u0107 w kuchni jak dawniej rz\u0105dzi pani Marzenna, bar od kilku lat \u015bwieci pustkami i popada w n\u0119dz\u0119. Na pocz\u0105tku lat 90. w\u0142a\u015bcicielem lokalu zosta\u0142 tutejszy klub sportowy kobiecej pi\u0142ki no\u017cnej Stilon. Zw\u0142aszcza w ostatnich latach w\u0142a\u015bciciele nie potrafi\u0105 dogada\u0107 si\u0119 z personelem. Co gorsza, nie wywi\u0105zuj\u0105 si\u0119 te\u017c ze zobowi\u0105za\u0144 p\u0142acowych i na swoje pieni\u0105dze pracuj\u0105ce tu panie czekaj\u0105 po trzy, cztery miesi\u0105ce. Waleczni dzia\u0142acze sportowi poprosili wi\u0119c o ratunek Magd\u0119 Gessler. Czy ta pro\u015bba nie oka\u017ce si\u0119 dla nich samob\u00f3jczym golem? &#8211; czytamy w oficjalnej zapowiedzi dzisiejszego odcinka z Gorzowa.<\/p>\n\n\n\n<p>Jak przebieg\u0142y rewolucje w Agacie przekonamy si\u0119 o 21:35 ogl\u0105daj\u0105c program w TVN. Odcinek ju\u017c teraz lub w p\u00f3\u017aniejszym terminie mo\u017cna zobaczy\u0107 w serwisie Player &#8211; <a href=\"https:\/\/player.pl\/programy-online\/kuchenne-rewolucje-odcinki,114\/odcinek-12,S23E12,216368\" target=\"_blank\" rel=\"noreferrer noopener\">tutaj<\/a>!<\/p>\n\n\n\n<p>O wizycie Magdy Gessler pisali\u015bmy ju\u017c w tek\u015bcie: <a href=\"https:\/\/gorzow.news\/index.php\/2021\/08\/03\/rewolucje-magdy-gessler-w-barze-mlecznym-agata\/\">Rewolucje Magdy Gessler w Barze Mlecznym Agata!<\/a><\/p>\n\n\n\n<p>Tu\u017c po rewolucji pokazali\u015bmy Wam, jako pierwsi zdj\u0119cia z baru po przemianie. Umie\u015bcili\u015bmy te\u017c wywiad z pani\u0105 Marzenn\u0105 Koniuszy, kierowniczk\u0105 baru. Przeczyta\u0107 wywiad i zobaczy\u0107 zdj\u0119cia mo\u017cecie tutaj: <a href=\"https:\/\/gorzow.news\/index.php\/2021\/08\/09\/koniuszy-porcje-sa-teraz-wieksze-sa-nowe-potrawy-i-skladniki-cenny-beda-tylko-minimalnie-wyzsze-zdjecia\/\">Agata po rewolucjach! Koniuszy: Porcje s\u0105 teraz wi\u0119ksze! S\u0105 nowe potrawy i sk\u0142adniki. Ceny b\u0119d\u0105 tylko minimalnie wy\u017csze (zdj\u0119cia)<\/a><\/p>\n\n\n\n<p>Niestety we wrze\u015bniu dotar\u0142a do nas bardzo smutna informacja o \u015bmierci pani Marzenny, kt\u00f3ra nie doczeka\u0142a premiery odcinka w telewizji. Pisali\u015bmy o tym w tek\u015bcie &#8211; <a href=\"https:\/\/gorzow.news\/index.php\/2021\/09\/21\/nie-zyje-marzena-koniuszy-kierowniczka-baru-mlecznego-agata\/\">Nie \u017cyje Marzenna Koniuszy, kierowniczka baru mlecznego Agata<\/a><\/p>\n\n\n\n<p>Magda Gessler go\u015bci\u0142a ju\u017c w Gorzowie, a w\u0142a\u015bciwie w Wawrowie dziewi\u0119\u0107 lat temu, gdzie rewolucje przesz\u0142a w marcu 2012 roku Karczma pod \u0141osiem. Efekty wizyty znanej restauratorki karczma odczu\u0142a d\u0142ugo przed emisj\u0105 odcinka na antenie TVN. \u2013 Ludzie zacz\u0119li dzwoni\u0107 i rezerwowa\u0107 stoliki. Musieli\u015bmy powi\u0119kszy\u0107 kuchni\u0119. Jest teraz nowocze\u015bnie urz\u0105dzona. Zatrudnili\u015bmy te\u017c dodatkow\u0105 obs\u0142ug\u0119 kelnersk\u0105 i kucharzy. To s\u0105 efekty Kuchennych Rewolucji \u2013 m\u00f3wi\u0142a w marcu 2012 roku z dum\u0105 <strong>Dagmara Tuczy\u0144ska<\/strong>, \u00f3wczesna mened\u017cerka Karczmy pod \u0141osiem.<\/p>\n\n\n\n<p>Odcinek z Wawrowa r\u00f3wnie\u017c mo\u017cna zobaczy\u0107 w serwisie Player &#8211; <a href=\"https:\/\/player.pl\/programy-online\/kuchenne-rewolucje-odcinki,114\/odcinek-13,S05E13,11755\" target=\"_blank\" rel=\"noreferrer noopener\">tutaj<\/a>!<\/p>\n\n\n\n<figure class=\"wp-block-image size-large\"><img loading=\"lazy\" decoding=\"async\" width=\"1024\" height=\"539\" src=\"https:\/\/gorzow.news\/wp-content\/uploads\/2021\/11\/kr1-1024x539.jpg\" alt=\"\" class=\"wp-image-4338\" srcset=\"https:\/\/gorzow.news\/wp-content\/uploads\/2021\/11\/kr1-1024x539.jpg 1024w, https:\/\/gorzow.news\/wp-content\/uploads\/2021\/11\/kr1-300x158.jpg 300w, https:\/\/gorzow.news\/wp-content\/uploads\/2021\/11\/kr1-768x404.jpg 768w, https:\/\/gorzow.news\/wp-content\/uploads\/2021\/11\/kr1-696x366.jpg 696w, https:\/\/gorzow.news\/wp-content\/uploads\/2021\/11\/kr1-1068x562.jpg 1068w, https:\/\/gorzow.news\/wp-content\/uploads\/2021\/11\/kr1.jpg 1366w\" sizes=\"auto, (max-width: 1024px) 100vw, 1024px\" \/><\/figure>\n\n\n\n<figure class=\"wp-block-image size-large\"><img loading=\"lazy\" decoding=\"async\" width=\"1024\" height=\"537\" src=\"https:\/\/gorzow.news\/wp-content\/uploads\/2021\/11\/kr2-1024x537.jpg\" alt=\"\" class=\"wp-image-4339\" srcset=\"https:\/\/gorzow.news\/wp-content\/uploads\/2021\/11\/kr2-1024x537.jpg 1024w, https:\/\/gorzow.news\/wp-content\/uploads\/2021\/11\/kr2-300x157.jpg 300w, https:\/\/gorzow.news\/wp-content\/uploads\/2021\/11\/kr2-768x403.jpg 768w, https:\/\/gorzow.news\/wp-content\/uploads\/2021\/11\/kr2-696x365.jpg 696w, https:\/\/gorzow.news\/wp-content\/uploads\/2021\/11\/kr2-1068x561.jpg 1068w, https:\/\/gorzow.news\/wp-content\/uploads\/2021\/11\/kr2.jpg 1366w\" sizes=\"auto, (max-width: 1024px) 100vw, 1024px\" \/><\/figure>\n","protected":false},"excerpt":{"rendered":"<p>Ju\u017c dzi\u015b wieczorem w TVN zobaczy\u0107 b\u0119dzie mo\u017cna odcinek Kuchennych Rewolucji, kt\u00f3re Magda Gessler przeprowadzi\u0142a w gorzowskim Barze Mlecznym Agata.<\/p>\n","protected":false},"author":1,"featured_media":4337,"comment_status":"open","ping_status":"open","sticky":false,"template":"","format":"standard","meta":{"footnotes":"","_links_to":"","_links_to_target":""},"categories":[596,589],"tags":[530,536,537,533,535,744,534,270],"class_list":{"0":"post-4336","1":"post","2":"type-post","3":"status-publish","4":"format-standard","5":"has-post-thumbnail","7":"category-kulinaria","8":"category-wiadomosci","9":"tag-bar-mleczny-agata","10":"tag-dagmara-tuczynska","11":"tag-karczma-pod-losiem","12":"tag-kuchenne-rewolucje","13":"tag-magda-gessler","14":"tag-marzenna-koniuszy","16":"tag-wawrow"},"yoast_head":"<!-- This site is optimized with the Yoast SEO plugin v27.3 - https:\/\/yoast.com\/product\/yoast-seo-wordpress\/ -->\n<title>Dzi\u015b w TVN Kuchenne Rewolucje z Gorzowa! Start o 21:35! - Gorz\u00f3w News<\/title>\n<meta name=\"description\" content=\"Ju\u017c dzi\u015b wieczorem w TVN zobaczy\u0107 b\u0119dzie mo\u017cna odcinek Kuchennych Rewolucji, kt\u00f3re Magda Gessler przeprowadzi\u0142a w gorzowskim Barze Mlecznym Aga\" \/>\n<meta name=\"robots\" content=\"index, follow, max-snippet:-1, max-image-preview:large, max-video-preview:-1\" \/>\n<link rel=\"canonical\" href=\"https:\/\/gorzow.news\/index.php\/2021\/11\/18\/dzis-w-tvn-kuchenne-rewolucje-z-gorzowa-start-o-2135\/\" \/>\n<meta property=\"og:locale\" content=\"pl_PL\" \/>\n<meta property=\"og:type\" content=\"article\" \/>\n<meta property=\"og:title\" content=\"Dzi\u015b w TVN Kuchenne Rewolucje z Gorzowa! Start o 21:35! - Gorz\u00f3w News\" \/>\n<meta property=\"og:description\" content=\"Ju\u017c dzi\u015b wieczorem w TVN zobaczy\u0107 b\u0119dzie mo\u017cna odcinek Kuchennych Rewolucji, kt\u00f3re Magda Gessler przeprowadzi\u0142a w gorzowskim Barze Mlecznym Aga\" \/>\n<meta property=\"og:url\" content=\"https:\/\/gorzow.news\/index.php\/2021\/11\/18\/dzis-w-tvn-kuchenne-rewolucje-z-gorzowa-start-o-2135\/\" \/>\n<meta property=\"og:site_name\" content=\"Gorz\u00f3w News\" \/>\n<meta property=\"article:publisher\" content=\"https:\/\/www.facebook.com\/gorzowskinews\" \/>\n<meta property=\"article:published_time\" content=\"2021-11-18T09:23:13+00:00\" \/>\n<meta property=\"article:modified_time\" content=\"2021-11-18T09:23:16+00:00\" \/>\n<meta property=\"og:image\" content=\"https:\/\/gorzow.news\/wp-content\/uploads\/2021\/11\/bdd5e54b-e394-4da2-902f-2aeb78783273.jpg\" \/>\n\t<meta property=\"og:image:width\" content=\"1920\" \/>\n\t<meta property=\"og:image:height\" content=\"1080\" \/>\n\t<meta property=\"og:image:type\" content=\"image\/jpeg\" \/>\n<meta name=\"author\" content=\"maciej\" \/>\n<meta name=\"twitter:card\" content=\"summary_large_image\" \/>\n<meta name=\"twitter:label1\" content=\"Napisane przez\" \/>\n\t<meta name=\"twitter:data1\" content=\"maciej\" \/>\n\t<meta name=\"twitter:label2\" content=\"Szacowany czas czytania\" \/>\n\t<meta name=\"twitter:data2\" content=\"3 minuty\" \/>\n<script type=\"application\/ld+json\" class=\"yoast-schema-graph\">{\"@context\":\"https:\\\/\\\/schema.org\",\"@graph\":[{\"@type\":\"Article\",\"@id\":\"https:\\\/\\\/gorzow.news\\\/index.php\\\/2021\\\/11\\\/18\\\/dzis-w-tvn-kuchenne-rewolucje-z-gorzowa-start-o-2135\\\/#article\",\"isPartOf\":{\"@id\":\"https:\\\/\\\/gorzow.news\\\/index.php\\\/2021\\\/11\\\/18\\\/dzis-w-tvn-kuchenne-rewolucje-z-gorzowa-start-o-2135\\\/\"},\"author\":{\"name\":\"maciej\",\"@id\":\"https:\\\/\\\/gorzow.news\\\/#\\\/schema\\\/person\\\/a1e5ab43166369f2ce236a1cd90995bb\"},\"headline\":\"Dzi\u015b w TVN Kuchenne Rewolucje z Gorzowa! Start o 21:35!\",\"datePublished\":\"2021-11-18T09:23:13+00:00\",\"dateModified\":\"2021-11-18T09:23:16+00:00\",\"mainEntityOfPage\":{\"@id\":\"https:\\\/\\\/gorzow.news\\\/index.php\\\/2021\\\/11\\\/18\\\/dzis-w-tvn-kuchenne-rewolucje-z-gorzowa-start-o-2135\\\/\"},\"wordCount\":464,\"commentCount\":0,\"image\":{\"@id\":\"https:\\\/\\\/gorzow.news\\\/index.php\\\/2021\\\/11\\\/18\\\/dzis-w-tvn-kuchenne-rewolucje-z-gorzowa-start-o-2135\\\/#primaryimage\"},\"thumbnailUrl\":\"https:\\\/\\\/gorzow.news\\\/wp-content\\\/uploads\\\/2021\\\/11\\\/bdd5e54b-e394-4da2-902f-2aeb78783273.jpg\",\"keywords\":[\"Bar Mleczny Agata\",\"Dagmara Tuczy\u0144ska\",\"Karczma pod \u0141osiem\",\"Kuchenne Rewolucje\",\"Magda Gessler\",\"Marzenna Koniuszy\",\"TVN\",\"Wawr\u00f3w\"],\"articleSection\":[\"Kulinaria\",\"Wiadomo\u015bci\"],\"inLanguage\":\"pl-PL\",\"potentialAction\":[{\"@type\":\"CommentAction\",\"name\":\"Comment\",\"target\":[\"https:\\\/\\\/gorzow.news\\\/index.php\\\/2021\\\/11\\\/18\\\/dzis-w-tvn-kuchenne-rewolucje-z-gorzowa-start-o-2135\\\/#respond\"]}]},{\"@type\":\"WebPage\",\"@id\":\"https:\\\/\\\/gorzow.news\\\/index.php\\\/2021\\\/11\\\/18\\\/dzis-w-tvn-kuchenne-rewolucje-z-gorzowa-start-o-2135\\\/\",\"url\":\"https:\\\/\\\/gorzow.news\\\/index.php\\\/2021\\\/11\\\/18\\\/dzis-w-tvn-kuchenne-rewolucje-z-gorzowa-start-o-2135\\\/\",\"name\":\"Dzi\u015b w TVN Kuchenne Rewolucje z Gorzowa! Start o 21:35! - Gorz\u00f3w News\",\"isPartOf\":{\"@id\":\"https:\\\/\\\/gorzow.news\\\/#website\"},\"primaryImageOfPage\":{\"@id\":\"https:\\\/\\\/gorzow.news\\\/index.php\\\/2021\\\/11\\\/18\\\/dzis-w-tvn-kuchenne-rewolucje-z-gorzowa-start-o-2135\\\/#primaryimage\"},\"image\":{\"@id\":\"https:\\\/\\\/gorzow.news\\\/index.php\\\/2021\\\/11\\\/18\\\/dzis-w-tvn-kuchenne-rewolucje-z-gorzowa-start-o-2135\\\/#primaryimage\"},\"thumbnailUrl\":\"https:\\\/\\\/gorzow.news\\\/wp-content\\\/uploads\\\/2021\\\/11\\\/bdd5e54b-e394-4da2-902f-2aeb78783273.jpg\",\"datePublished\":\"2021-11-18T09:23:13+00:00\",\"dateModified\":\"2021-11-18T09:23:16+00:00\",\"author\":{\"@id\":\"https:\\\/\\\/gorzow.news\\\/#\\\/schema\\\/person\\\/a1e5ab43166369f2ce236a1cd90995bb\"},\"description\":\"Ju\u017c dzi\u015b wieczorem w TVN zobaczy\u0107 b\u0119dzie mo\u017cna odcinek Kuchennych Rewolucji, kt\u00f3re Magda Gessler przeprowadzi\u0142a w gorzowskim Barze Mlecznym Agata.\",\"breadcrumb\":{\"@id\":\"https:\\\/\\\/gorzow.news\\\/index.php\\\/2021\\\/11\\\/18\\\/dzis-w-tvn-kuchenne-rewolucje-z-gorzowa-start-o-2135\\\/#breadcrumb\"},\"inLanguage\":\"pl-PL\",\"potentialAction\":[{\"@type\":\"ReadAction\",\"target\":[\"https:\\\/\\\/gorzow.news\\\/index.php\\\/2021\\\/11\\\/18\\\/dzis-w-tvn-kuchenne-rewolucje-z-gorzowa-start-o-2135\\\/\"]}]},{\"@type\":\"ImageObject\",\"inLanguage\":\"pl-PL\",\"@id\":\"https:\\\/\\\/gorzow.news\\\/index.php\\\/2021\\\/11\\\/18\\\/dzis-w-tvn-kuchenne-rewolucje-z-gorzowa-start-o-2135\\\/#primaryimage\",\"url\":\"https:\\\/\\\/gorzow.news\\\/wp-content\\\/uploads\\\/2021\\\/11\\\/bdd5e54b-e394-4da2-902f-2aeb78783273.jpg\",\"contentUrl\":\"https:\\\/\\\/gorzow.news\\\/wp-content\\\/uploads\\\/2021\\\/11\\\/bdd5e54b-e394-4da2-902f-2aeb78783273.jpg\",\"width\":1920,\"height\":1080},{\"@type\":\"BreadcrumbList\",\"@id\":\"https:\\\/\\\/gorzow.news\\\/index.php\\\/2021\\\/11\\\/18\\\/dzis-w-tvn-kuchenne-rewolucje-z-gorzowa-start-o-2135\\\/#breadcrumb\",\"itemListElement\":[{\"@type\":\"ListItem\",\"position\":1,\"name\":\"Home\",\"item\":\"https:\\\/\\\/gorzow.news\\\/\"},{\"@type\":\"ListItem\",\"position\":2,\"name\":\"Dzi\u015b w TVN Kuchenne Rewolucje z Gorzowa! Start o 21:35!\"}]},{\"@type\":\"WebSite\",\"@id\":\"https:\\\/\\\/gorzow.news\\\/#website\",\"url\":\"https:\\\/\\\/gorzow.news\\\/\",\"name\":\"Gorz\u00f3w News\",\"description\":\"Sp\u00f3jrz inaczej na miato i region...\",\"potentialAction\":[{\"@type\":\"SearchAction\",\"target\":{\"@type\":\"EntryPoint\",\"urlTemplate\":\"https:\\\/\\\/gorzow.news\\\/?s={search_term_string}\"},\"query-input\":{\"@type\":\"PropertyValueSpecification\",\"valueRequired\":true,\"valueName\":\"search_term_string\"}}],\"inLanguage\":\"pl-PL\"},{\"@type\":\"Person\",\"@id\":\"https:\\\/\\\/gorzow.news\\\/#\\\/schema\\\/person\\\/a1e5ab43166369f2ce236a1cd90995bb\",\"name\":\"maciej\",\"image\":{\"@type\":\"ImageObject\",\"inLanguage\":\"pl-PL\",\"@id\":\"https:\\\/\\\/secure.gravatar.com\\\/avatar\\\/530a674d56ba60cfa0ef21d74e8e8d123a51bb7aa6580465b5c2ab2c2e980a19?s=96&r=g&d=https:\\\/\\\/gorzow.news\\\/wp-content\\\/plugins\\\/userswp\\\/assets\\\/images\\\/no_profile.png\",\"url\":\"https:\\\/\\\/secure.gravatar.com\\\/avatar\\\/530a674d56ba60cfa0ef21d74e8e8d123a51bb7aa6580465b5c2ab2c2e980a19?s=96&r=g&d=https:\\\/\\\/gorzow.news\\\/wp-content\\\/plugins\\\/userswp\\\/assets\\\/images\\\/no_profile.png\",\"contentUrl\":\"https:\\\/\\\/secure.gravatar.com\\\/avatar\\\/530a674d56ba60cfa0ef21d74e8e8d123a51bb7aa6580465b5c2ab2c2e980a19?s=96&r=g&d=https:\\\/\\\/gorzow.news\\\/wp-content\\\/plugins\\\/userswp\\\/assets\\\/images\\\/no_profile.png\",\"caption\":\"maciej\"},\"url\":\"https:\\\/\\\/gorzow.news\\\/index.php\\\/profile\\\/maciej\\\/\"}]}<\/script>\n<!-- \/ Yoast SEO plugin. -->","yoast_head_json":{"title":"Dzi\u015b w TVN Kuchenne Rewolucje z Gorzowa! Start o 21:35! - Gorz\u00f3w News","description":"Ju\u017c dzi\u015b wieczorem w TVN zobaczy\u0107 b\u0119dzie mo\u017cna odcinek Kuchennych Rewolucji, kt\u00f3re Magda Gessler przeprowadzi\u0142a w gorzowskim Barze Mlecznym Aga","robots":{"index":"index","follow":"follow","max-snippet":"max-snippet:-1","max-image-preview":"max-image-preview:large","max-video-preview":"max-video-preview:-1"},"canonical":"https:\/\/gorzow.news\/index.php\/2021\/11\/18\/dzis-w-tvn-kuchenne-rewolucje-z-gorzowa-start-o-2135\/","og_locale":"pl_PL","og_type":"article","og_title":"Dzi\u015b w TVN Kuchenne Rewolucje z Gorzowa! Start o 21:35! - Gorz\u00f3w News","og_description":"Ju\u017c dzi\u015b wieczorem w TVN zobaczy\u0107 b\u0119dzie mo\u017cna odcinek Kuchennych Rewolucji, kt\u00f3re Magda Gessler przeprowadzi\u0142a w gorzowskim Barze Mlecznym Aga","og_url":"https:\/\/gorzow.news\/index.php\/2021\/11\/18\/dzis-w-tvn-kuchenne-rewolucje-z-gorzowa-start-o-2135\/","og_site_name":"Gorz\u00f3w News","article_publisher":"https:\/\/www.facebook.com\/gorzowskinews","article_published_time":"2021-11-18T09:23:13+00:00","article_modified_time":"2021-11-18T09:23:16+00:00","og_image":[{"width":1920,"height":1080,"url":"https:\/\/gorzow.news\/wp-content\/uploads\/2021\/11\/bdd5e54b-e394-4da2-902f-2aeb78783273.jpg","type":"image\/jpeg"}],"author":"maciej","twitter_card":"summary_large_image","twitter_misc":{"Napisane przez":"maciej","Szacowany czas czytania":"3 minuty"},"schema":{"@context":"https:\/\/schema.org","@graph":[{"@type":"Article","@id":"https:\/\/gorzow.news\/index.php\/2021\/11\/18\/dzis-w-tvn-kuchenne-rewolucje-z-gorzowa-start-o-2135\/#article","isPartOf":{"@id":"https:\/\/gorzow.news\/index.php\/2021\/11\/18\/dzis-w-tvn-kuchenne-rewolucje-z-gorzowa-start-o-2135\/"},"author":{"name":"maciej","@id":"https:\/\/gorzow.news\/#\/schema\/person\/a1e5ab43166369f2ce236a1cd90995bb"},"headline":"Dzi\u015b w TVN Kuchenne Rewolucje z Gorzowa! Start o 21:35!","datePublished":"2021-11-18T09:23:13+00:00","dateModified":"2021-11-18T09:23:16+00:00","mainEntityOfPage":{"@id":"https:\/\/gorzow.news\/index.php\/2021\/11\/18\/dzis-w-tvn-kuchenne-rewolucje-z-gorzowa-start-o-2135\/"},"wordCount":464,"commentCount":0,"image":{"@id":"https:\/\/gorzow.news\/index.php\/2021\/11\/18\/dzis-w-tvn-kuchenne-rewolucje-z-gorzowa-start-o-2135\/#primaryimage"},"thumbnailUrl":"https:\/\/gorzow.news\/wp-content\/uploads\/2021\/11\/bdd5e54b-e394-4da2-902f-2aeb78783273.jpg","keywords":["Bar Mleczny Agata","Dagmara Tuczy\u0144ska","Karczma pod \u0141osiem","Kuchenne Rewolucje","Magda Gessler","Marzenna Koniuszy","TVN","Wawr\u00f3w"],"articleSection":["Kulinaria","Wiadomo\u015bci"],"inLanguage":"pl-PL","potentialAction":[{"@type":"CommentAction","name":"Comment","target":["https:\/\/gorzow.news\/index.php\/2021\/11\/18\/dzis-w-tvn-kuchenne-rewolucje-z-gorzowa-start-o-2135\/#respond"]}]},{"@type":"WebPage","@id":"https:\/\/gorzow.news\/index.php\/2021\/11\/18\/dzis-w-tvn-kuchenne-rewolucje-z-gorzowa-start-o-2135\/","url":"https:\/\/gorzow.news\/index.php\/2021\/11\/18\/dzis-w-tvn-kuchenne-rewolucje-z-gorzowa-start-o-2135\/","name":"Dzi\u015b w TVN Kuchenne Rewolucje z Gorzowa! Start o 21:35! - Gorz\u00f3w News","isPartOf":{"@id":"https:\/\/gorzow.news\/#website"},"primaryImageOfPage":{"@id":"https:\/\/gorzow.news\/index.php\/2021\/11\/18\/dzis-w-tvn-kuchenne-rewolucje-z-gorzowa-start-o-2135\/#primaryimage"},"image":{"@id":"https:\/\/gorzow.news\/index.php\/2021\/11\/18\/dzis-w-tvn-kuchenne-rewolucje-z-gorzowa-start-o-2135\/#primaryimage"},"thumbnailUrl":"https:\/\/gorzow.news\/wp-content\/uploads\/2021\/11\/bdd5e54b-e394-4da2-902f-2aeb78783273.jpg","datePublished":"2021-11-18T09:23:13+00:00","dateModified":"2021-11-18T09:23:16+00:00","author":{"@id":"https:\/\/gorzow.news\/#\/schema\/person\/a1e5ab43166369f2ce236a1cd90995bb"},"description":"Ju\u017c dzi\u015b wieczorem w TVN zobaczy\u0107 b\u0119dzie mo\u017cna odcinek Kuchennych Rewolucji, kt\u00f3re Magda Gessler przeprowadzi\u0142a w gorzowskim Barze Mlecznym Agata.","breadcrumb":{"@id":"https:\/\/gorzow.news\/index.php\/2021\/11\/18\/dzis-w-tvn-kuchenne-rewolucje-z-gorzowa-start-o-2135\/#breadcrumb"},"inLanguage":"pl-PL","potentialAction":[{"@type":"ReadAction","target":["https:\/\/gorzow.news\/index.php\/2021\/11\/18\/dzis-w-tvn-kuchenne-rewolucje-z-gorzowa-start-o-2135\/"]}]},{"@type":"ImageObject","inLanguage":"pl-PL","@id":"https:\/\/gorzow.news\/index.php\/2021\/11\/18\/dzis-w-tvn-kuchenne-rewolucje-z-gorzowa-start-o-2135\/#primaryimage","url":"https:\/\/gorzow.news\/wp-content\/uploads\/2021\/11\/bdd5e54b-e394-4da2-902f-2aeb78783273.jpg","contentUrl":"https:\/\/gorzow.news\/wp-content\/uploads\/2021\/11\/bdd5e54b-e394-4da2-902f-2aeb78783273.jpg","width":1920,"height":1080},{"@type":"BreadcrumbList","@id":"https:\/\/gorzow.news\/index.php\/2021\/11\/18\/dzis-w-tvn-kuchenne-rewolucje-z-gorzowa-start-o-2135\/#breadcrumb","itemListElement":[{"@type":"ListItem","position":1,"name":"Home","item":"https:\/\/gorzow.news\/"},{"@type":"ListItem","position":2,"name":"Dzi\u015b w TVN Kuchenne Rewolucje z Gorzowa! Start o 21:35!"}]},{"@type":"WebSite","@id":"https:\/\/gorzow.news\/#website","url":"https:\/\/gorzow.news\/","name":"Gorz\u00f3w News","description":"Sp\u00f3jrz inaczej na miato i region...","potentialAction":[{"@type":"SearchAction","target":{"@type":"EntryPoint","urlTemplate":"https:\/\/gorzow.news\/?s={search_term_string}"},"query-input":{"@type":"PropertyValueSpecification","valueRequired":true,"valueName":"search_term_string"}}],"inLanguage":"pl-PL"},{"@type":"Person","@id":"https:\/\/gorzow.news\/#\/schema\/person\/a1e5ab43166369f2ce236a1cd90995bb","name":"maciej","image":{"@type":"ImageObject","inLanguage":"pl-PL","@id":"https:\/\/secure.gravatar.com\/avatar\/530a674d56ba60cfa0ef21d74e8e8d123a51bb7aa6580465b5c2ab2c2e980a19?s=96&r=g&d=https:\/\/gorzow.news\/wp-content\/plugins\/userswp\/assets\/images\/no_profile.png","url":"https:\/\/secure.gravatar.com\/avatar\/530a674d56ba60cfa0ef21d74e8e8d123a51bb7aa6580465b5c2ab2c2e980a19?s=96&r=g&d=https:\/\/gorzow.news\/wp-content\/plugins\/userswp\/assets\/images\/no_profile.png","contentUrl":"https:\/\/secure.gravatar.com\/avatar\/530a674d56ba60cfa0ef21d74e8e8d123a51bb7aa6580465b5c2ab2c2e980a19?s=96&r=g&d=https:\/\/gorzow.news\/wp-content\/plugins\/userswp\/assets\/images\/no_profile.png","caption":"maciej"},"url":"https:\/\/gorzow.news\/index.php\/profile\/maciej\/"}]}},"_links":{"self":[{"href":"https:\/\/gorzow.news\/index.php\/wp-json\/wp\/v2\/posts\/4336","targetHints":{"allow":["GET"]}}],"collection":[{"href":"https:\/\/gorzow.news\/index.php\/wp-json\/wp\/v2\/posts"}],"about":[{"href":"https:\/\/gorzow.news\/index.php\/wp-json\/wp\/v2\/types\/post"}],"author":[{"embeddable":true,"href":"https:\/\/gorzow.news\/index.php\/wp-json\/wp\/v2\/users\/1"}],"replies":[{"embeddable":true,"href":"https:\/\/gorzow.news\/index.php\/wp-json\/wp\/v2\/comments?post=4336"}],"version-history":[{"count":0,"href":"https:\/\/gorzow.news\/index.php\/wp-json\/wp\/v2\/posts\/4336\/revisions"}],"wp:featuredmedia":[{"embeddable":true,"href":"https:\/\/gorzow.news\/index.php\/wp-json\/wp\/v2\/media\/4337"}],"wp:attachment":[{"href":"https:\/\/gorzow.news\/index.php\/wp-json\/wp\/v2\/media?parent=4336"}],"wp:term":[{"taxonomy":"category","embeddable":true,"href":"https:\/\/gorzow.news\/index.php\/wp-json\/wp\/v2\/categories?post=4336"},{"taxonomy":"post_tag","embeddable":true,"href":"https:\/\/gorzow.news\/index.php\/wp-json\/wp\/v2\/tags?post=4336"}],"curies":[{"name":"wp","href":"https:\/\/api.w.org\/{rel}","templated":true}]}}