{"id":4050,"date":"2021-11-09T11:44:54","date_gmt":"2021-11-09T10:44:54","guid":{"rendered":"https:\/\/gorzow.news\/?p=4050"},"modified":"2021-11-09T12:05:02","modified_gmt":"2021-11-09T11:05:02","slug":"dwie-wieze-widokowe-niedostepne-dla-chcacych-na-nie-wejsc","status":"publish","type":"post","link":"https:\/\/gorzow.news\/index.php\/2021\/11\/09\/dwie-wieze-widokowe-niedostepne-dla-chcacych-na-nie-wejsc\/","title":{"rendered":"Dwie wie\u017ce widokowe niedost\u0119pne dla chc\u0105cych na nie wej\u015b\u0107!"},"content":{"rendered":"\n<p><strong>Jaki\u015b czas temu napisa\u0142o do nas na skrzynk\u0119 redakcyjn\u0105 m\u0142ode ma\u0142\u017ce\u0144stwo spod Gorzowa, kt\u00f3re wraz z c\u00f3rk\u0105 uczestniczy w projekcie &#8222;\u0141owcy widok\u00f3w&#8221; i odwiedza w ca\u0142ej Polsce wie\u017ce widokowe. Mocno si\u0119 zdziwili, gdy chcieli wej\u015b\u0107 na dwie wie\u017ce w Gorzowie. Obie s\u0105 bowiem zamkni\u0119te bez podania przyczyny.<\/strong><\/p>\n\n\n\n<p>O zabawie, w kt\u00f3rej rodzina spod Gorzowa bierze udzia\u0142 mo\u017cecie przeczyta\u0107 tutaj: <a href=\"http:\/\/goryiwieze.pl\" target=\"_blank\" rel=\"noreferrer noopener\">goryiwieze.pl<\/a>. W skr\u00f3cie polega ona na odwiedzaniu punkt\u00f3w widokowych, kt\u00f3re znalaz\u0142y si\u0119 na og\u00f3lnopolskiej mapie. Takie odwiedziny potwierdza si\u0119 piecz\u0105tk\u0105 lub zdj\u0119ciem na tle obiektu. Po odwiedzeniu wyznaczonej ilo\u015bci punkt\u00f3w otrzymuje si\u0119 odznaki.<\/p>\n\n\n\n<p>Na wspomnianej mapie znalaz\u0142y si\u0119 dwie wie\u017ce widokowe w Gorzowie. S\u0105 nimi Dominanta i by\u0142a XIX-wieczna wie\u017ca ci\u015bnie\u0144, kt\u00f3ra obecnie mie\u015bci si\u0119 w Galerii Askana i kt\u00f3r\u0105 zaadaptowano w\u0142a\u015bnie na wie\u017c\u0119 widokow\u0105.<\/p>\n\n\n\n<p>&#8211; Nasz\u0105 zabaw\u0119 ze zdobywaniem wie\u017c widokowych rozpocz\u0119li\u015bmy od tych najbli\u017cej nas. Weszli\u015bmy na trzy, na dwie kolejne postanowili\u015bmy wej\u015b\u0107 w Gorzowie. Mocno si\u0119 zawiedli\u015bmy, gdy na miejscu okaza\u0142o si\u0119, \u017ce jest to niemo\u017cliwe. Szkoda, bo nie ma \u017cadnych informacji, dlaczego takie wej\u015bcie jest niemo\u017cliwe &#8211; napisa\u0142o do nas ma\u0142\u017ce\u0144stwo spod Gorzowa.<\/p>\n\n\n\n<p>O przyczyny braku mo\u017cliwo\u015bci wej\u015bcia na wie\u017ce widokowe postanowili\u015bmy zapyta\u0107 u ich zarz\u0105dc\u00f3w, czyli w O\u015brodku Sportu i Rekreacji i w Galerii Askana.<\/p>\n\n\n\n<p>&#8211; Na wie\u017cy prowadzone by\u0142y prace konserwacyjne instalacji elektrycznej oraz serwis kamer. Nie mniej jednak z uwagi na brak zainteresowania mieszka\u0144c\u00f3w w okresie jesienno-zimowym wie\u017ca od kilku lat nie jest udost\u0119pniana do zwiedzania z powodu z\u0142ych warunk\u00f3w atmosferycznych &#8211; czytamy w przes\u0142anej odpowiedzi przez OSiR, kt\u00f3ry zarz\u0105dza Dominant\u0105.<\/p>\n\n\n\n<p>W dalszej cz\u0119\u015bci zarz\u0105dca informuje nas tak\u017ce: Zwi\u0105zane jest to r\u00f3wnie\u017c z trudno\u015bciami ekonomicznymi z kt\u00f3rymi w ostatnich latach boryka si\u0119 OSiR i brakiem mo\u017cliwo\u015bci finansowania pracownik\u00f3w ochrony obs\u0142uguj\u0105cych wie\u017c\u0119, a jest to koszt oko\u0142o 7.500 z\u0142 miesi\u0119cznie.<\/p>\n\n\n\n<p>&#8211; Jednocze\u015bnie informujemy, i\u017c w okresie wiosenno-letnim wie\u017ca by\u0142a udost\u0119pniana mieszka\u0144com ale tak\u017ce nie notowali\u015bmy zbytniego ni\u0105 zainteresowania. Prawdopodobnie zwi\u0105zane jest to z faktem zamontowania WEBCAMERY na szczycie wie\u017cy i mo\u017cliwo\u015bci\u0105 podziwiania panoramy miasta z innej perspektywy dzi\u0119ki tej innowacji. Osoby, kt\u00f3re bardzo chcia\u0142by wej\u015b\u0107 na wie\u017c\u0119 prosimy o wykonanie telefonu do sekretariatu OSiR w celu om\u00f3wienia ewentualnego terminu jej udost\u0119pnienia &#8211; ko\u0144czy <strong>W\u0142odzimierz R\u00f3j<\/strong>, dyrektor O\u015brodka Sportu i Rekreacji, kt\u00f3ry zarz\u0105dz\u0105 Dominant\u0105.<\/p>\n\n\n\n<p>Na odpowied\u017a nie doczekali\u015bmy si\u0119 ze strony Galerii Askana. Nasi czytelnicy o mo\u017cliwo\u015b\u0107 wej\u015bcia na wie\u017c\u0119 w galerii handlowej dopytywali tak\u017ce na profilu Galerii Askana na Facebooku. Tam r\u00f3wnie\u017c nikt im nie odpowiedzia\u0142.<\/p>\n\n\n\n<p>Jeszcze kilka lat temu Galeria Askana chwali\u0142a si\u0119 wie\u017c\u0105 i przedstawia\u0142a j\u0105 jako jedn\u0105 z atrakcji. W 2014 roku otwarto w niej nawet wie\u017c\u0119 ksi\u0105\u017cek, gdzie mieszka\u0144cy w \u0142atwy spos\u00f3b mogli wymienia\u0107 si\u0119 ksi\u0105\u017ckami. Dzi\u015b o wie\u017cy nie znajdziemy ju\u017c nawet s\u0142owa na internetowej stronie jednej z dw\u00f3ch najwi\u0119kszych galerii handlowych w Gorzowie.<\/p>\n\n\n\n<p>Naszym zdaniem, je\u015bli wie\u017ce nie mog\u0105 by\u0107 og\u00f3lnodost\u0119pne, to przynajmniej przy wej\u015bciu na jedn\u0105 i drug\u0105 powinny pojawi\u0107 si\u0119 informacje z numerem telefonu i mo\u017cliwo\u015bci\u0105 um\u00f3wienia terminu wej\u015bcia na nie.<\/p>\n\n\n\n<p><strong>Obie wie\u017ce na mapie &#8222;\u0141owc\u00f3w Widok\u00f3w&#8221;:<\/strong><\/p>\n\n\n\n<figure class=\"wp-block-image size-full\"><img loading=\"lazy\" decoding=\"async\" width=\"918\" height=\"434\" src=\"https:\/\/gorzow.news\/wp-content\/uploads\/2021\/11\/map1.png\" alt=\"\" class=\"wp-image-4051\" srcset=\"https:\/\/gorzow.news\/wp-content\/uploads\/2021\/11\/map1.png 918w, https:\/\/gorzow.news\/wp-content\/uploads\/2021\/11\/map1-300x142.png 300w, https:\/\/gorzow.news\/wp-content\/uploads\/2021\/11\/map1-768x363.png 768w, https:\/\/gorzow.news\/wp-content\/uploads\/2021\/11\/map1-696x329.png 696w\" sizes=\"auto, (max-width: 918px) 100vw, 918px\" \/><\/figure>\n\n\n\n<figure class=\"wp-block-image size-full\"><img loading=\"lazy\" decoding=\"async\" width=\"920\" height=\"444\" src=\"https:\/\/gorzow.news\/wp-content\/uploads\/2021\/11\/map2.png\" alt=\"\" class=\"wp-image-4052\" srcset=\"https:\/\/gorzow.news\/wp-content\/uploads\/2021\/11\/map2.png 920w, https:\/\/gorzow.news\/wp-content\/uploads\/2021\/11\/map2-300x145.png 300w, https:\/\/gorzow.news\/wp-content\/uploads\/2021\/11\/map2-768x371.png 768w, https:\/\/gorzow.news\/wp-content\/uploads\/2021\/11\/map2-696x336.png 696w\" sizes=\"auto, (max-width: 920px) 100vw, 920px\" \/><\/figure>\n\n\n\n<p><strong>Dominanta:<\/strong><\/p>\n\n\n\n<figure class=\"wp-block-image size-large\"><img loading=\"lazy\" decoding=\"async\" width=\"1024\" height=\"472\" src=\"https:\/\/gorzow.news\/wp-content\/uploads\/2021\/11\/d2-1024x472.jpg\" alt=\"\" class=\"wp-image-4054\" srcset=\"https:\/\/gorzow.news\/wp-content\/uploads\/2021\/11\/d2-1024x472.jpg 1024w, https:\/\/gorzow.news\/wp-content\/uploads\/2021\/11\/d2-300x138.jpg 300w, https:\/\/gorzow.news\/wp-content\/uploads\/2021\/11\/d2-768x354.jpg 768w, https:\/\/gorzow.news\/wp-content\/uploads\/2021\/11\/d2-1536x707.jpg 1536w, https:\/\/gorzow.news\/wp-content\/uploads\/2021\/11\/d2-696x320.jpg 696w, https:\/\/gorzow.news\/wp-content\/uploads\/2021\/11\/d2-1068x492.jpg 1068w, https:\/\/gorzow.news\/wp-content\/uploads\/2021\/11\/d2-1920x884.jpg 1920w, https:\/\/gorzow.news\/wp-content\/uploads\/2021\/11\/d2.jpg 2048w\" sizes=\"auto, (max-width: 1024px) 100vw, 1024px\" \/><\/figure>\n\n\n\n<figure class=\"wp-block-image size-large\"><img loading=\"lazy\" decoding=\"async\" width=\"1024\" height=\"472\" src=\"https:\/\/gorzow.news\/wp-content\/uploads\/2021\/11\/d1-1024x472.jpg\" alt=\"\" class=\"wp-image-4053\" srcset=\"https:\/\/gorzow.news\/wp-content\/uploads\/2021\/11\/d1-1024x472.jpg 1024w, https:\/\/gorzow.news\/wp-content\/uploads\/2021\/11\/d1-300x138.jpg 300w, https:\/\/gorzow.news\/wp-content\/uploads\/2021\/11\/d1-768x354.jpg 768w, https:\/\/gorzow.news\/wp-content\/uploads\/2021\/11\/d1-1536x707.jpg 1536w, https:\/\/gorzow.news\/wp-content\/uploads\/2021\/11\/d1-696x320.jpg 696w, https:\/\/gorzow.news\/wp-content\/uploads\/2021\/11\/d1-1068x492.jpg 1068w, https:\/\/gorzow.news\/wp-content\/uploads\/2021\/11\/d1-1920x884.jpg 1920w, https:\/\/gorzow.news\/wp-content\/uploads\/2021\/11\/d1.jpg 2048w\" sizes=\"auto, (max-width: 1024px) 100vw, 1024px\" \/><\/figure>\n\n\n\n<p><strong>Galeria Askana:<\/strong><\/p>\n\n\n\n<figure class=\"wp-block-image size-large\"><img loading=\"lazy\" decoding=\"async\" width=\"1024\" height=\"472\" src=\"https:\/\/gorzow.news\/wp-content\/uploads\/2021\/11\/ask1-1024x472.jpg\" alt=\"\" class=\"wp-image-4055\" srcset=\"https:\/\/gorzow.news\/wp-content\/uploads\/2021\/11\/ask1-1024x472.jpg 1024w, https:\/\/gorzow.news\/wp-content\/uploads\/2021\/11\/ask1-300x138.jpg 300w, https:\/\/gorzow.news\/wp-content\/uploads\/2021\/11\/ask1-768x354.jpg 768w, https:\/\/gorzow.news\/wp-content\/uploads\/2021\/11\/ask1-1536x709.jpg 1536w, https:\/\/gorzow.news\/wp-content\/uploads\/2021\/11\/ask1-696x321.jpg 696w, https:\/\/gorzow.news\/wp-content\/uploads\/2021\/11\/ask1-1068x493.jpg 1068w, https:\/\/gorzow.news\/wp-content\/uploads\/2021\/11\/ask1-1920x886.jpg 1920w, https:\/\/gorzow.news\/wp-content\/uploads\/2021\/11\/ask1.jpg 2016w\" sizes=\"auto, (max-width: 1024px) 100vw, 1024px\" \/><\/figure>\n\n\n\n<div class=\"wp-block-image\"><figure class=\"aligncenter size-large\"><img loading=\"lazy\" decoding=\"async\" width=\"702\" height=\"1024\" src=\"https:\/\/gorzow.news\/wp-content\/uploads\/2021\/11\/ask3-702x1024.jpg\" alt=\"\" class=\"wp-image-4056\" srcset=\"https:\/\/gorzow.news\/wp-content\/uploads\/2021\/11\/ask3-702x1024.jpg 702w, https:\/\/gorzow.news\/wp-content\/uploads\/2021\/11\/ask3-206x300.jpg 206w, https:\/\/gorzow.news\/wp-content\/uploads\/2021\/11\/ask3-768x1120.jpg 768w, https:\/\/gorzow.news\/wp-content\/uploads\/2021\/11\/ask3-696x1015.jpg 696w, https:\/\/gorzow.news\/wp-content\/uploads\/2021\/11\/ask3.jpg 943w\" sizes=\"auto, (max-width: 702px) 100vw, 702px\" \/><\/figure><\/div>\n\n\n\n<figure class=\"wp-block-image size-full\"><img loading=\"lazy\" decoding=\"async\" width=\"1006\" height=\"670\" src=\"https:\/\/gorzow.news\/wp-content\/uploads\/2021\/11\/w1.png\" alt=\"\" class=\"wp-image-4057\" srcset=\"https:\/\/gorzow.news\/wp-content\/uploads\/2021\/11\/w1.png 1006w, https:\/\/gorzow.news\/wp-content\/uploads\/2021\/11\/w1-300x200.png 300w, https:\/\/gorzow.news\/wp-content\/uploads\/2021\/11\/w1-768x511.png 768w, https:\/\/gorzow.news\/wp-content\/uploads\/2021\/11\/w1-696x464.png 696w\" sizes=\"auto, (max-width: 1006px) 100vw, 1006px\" \/><figcaption>fot. FB \/ Galeria Askana<\/figcaption><\/figure>\n\n\n\n<figure class=\"wp-block-image size-large\"><img loading=\"lazy\" decoding=\"async\" width=\"1024\" height=\"682\" src=\"https:\/\/gorzow.news\/wp-content\/uploads\/2021\/11\/w2-1024x682.jpg\" alt=\"\" class=\"wp-image-4058\" srcset=\"https:\/\/gorzow.news\/wp-content\/uploads\/2021\/11\/w2-1024x682.jpg 1024w, https:\/\/gorzow.news\/wp-content\/uploads\/2021\/11\/w2-300x200.jpg 300w, https:\/\/gorzow.news\/wp-content\/uploads\/2021\/11\/w2-768x512.jpg 768w, https:\/\/gorzow.news\/wp-content\/uploads\/2021\/11\/w2-1536x1024.jpg 1536w, https:\/\/gorzow.news\/wp-content\/uploads\/2021\/11\/w2-696x464.jpg 696w, https:\/\/gorzow.news\/wp-content\/uploads\/2021\/11\/w2-1068x712.jpg 1068w, https:\/\/gorzow.news\/wp-content\/uploads\/2021\/11\/w2.jpg 1772w\" sizes=\"auto, (max-width: 1024px) 100vw, 1024px\" \/><figcaption>fot. FB \/ Galeria Askana<\/figcaption><\/figure>\n\n\n\n<figure class=\"wp-block-image size-large\"><img loading=\"lazy\" decoding=\"async\" width=\"1024\" height=\"682\" src=\"https:\/\/gorzow.news\/wp-content\/uploads\/2021\/11\/w3-1024x682.jpg\" alt=\"\" class=\"wp-image-4059\" srcset=\"https:\/\/gorzow.news\/wp-content\/uploads\/2021\/11\/w3-1024x682.jpg 1024w, https:\/\/gorzow.news\/wp-content\/uploads\/2021\/11\/w3-300x200.jpg 300w, https:\/\/gorzow.news\/wp-content\/uploads\/2021\/11\/w3-768x512.jpg 768w, https:\/\/gorzow.news\/wp-content\/uploads\/2021\/11\/w3-1536x1024.jpg 1536w, https:\/\/gorzow.news\/wp-content\/uploads\/2021\/11\/w3-696x464.jpg 696w, https:\/\/gorzow.news\/wp-content\/uploads\/2021\/11\/w3-1068x712.jpg 1068w, https:\/\/gorzow.news\/wp-content\/uploads\/2021\/11\/w3.jpg 1772w\" sizes=\"auto, (max-width: 1024px) 100vw, 1024px\" \/><figcaption>fot. FB \/ Galeria Askana<\/figcaption><\/figure>\n\n\n\n<figure class=\"wp-block-image size-large\"><img loading=\"lazy\" decoding=\"async\" width=\"1024\" height=\"682\" src=\"https:\/\/gorzow.news\/wp-content\/uploads\/2021\/11\/w4-1024x682.jpg\" alt=\"\" class=\"wp-image-4060\" srcset=\"https:\/\/gorzow.news\/wp-content\/uploads\/2021\/11\/w4-1024x682.jpg 1024w, https:\/\/gorzow.news\/wp-content\/uploads\/2021\/11\/w4-300x200.jpg 300w, https:\/\/gorzow.news\/wp-content\/uploads\/2021\/11\/w4-768x512.jpg 768w, https:\/\/gorzow.news\/wp-content\/uploads\/2021\/11\/w4-1536x1024.jpg 1536w, https:\/\/gorzow.news\/wp-content\/uploads\/2021\/11\/w4-696x464.jpg 696w, https:\/\/gorzow.news\/wp-content\/uploads\/2021\/11\/w4-1068x712.jpg 1068w, https:\/\/gorzow.news\/wp-content\/uploads\/2021\/11\/w4.jpg 1772w\" sizes=\"auto, (max-width: 1024px) 100vw, 1024px\" \/><figcaption>fot. FB \/ Galeria Askana<\/figcaption><\/figure>\n","protected":false},"excerpt":{"rendered":"<p>Jaki\u015b czas temu napisa\u0142o do nas na skrzynk\u0119 redakcyjn\u0105 m\u0142ode ma\u0142\u017ce\u0144stwo spod Gorzowa, kt\u00f3re wraz z c\u00f3rk\u0105 uczestniczy w projekcie &#8222;\u0141owcy widok\u00f3w&#8221; i odwiedza w ca\u0142ej Polsce wie\u017ce widokowe. Mocno si\u0119 zdziwili, gdy chcieli wej\u015b\u0107 na dwie wie\u017ce w Gorzowie. Obie s\u0105 bowiem zamkni\u0119te bez podania przyczyny.<\/p>\n","protected":false},"author":1,"featured_media":4061,"comment_status":"open","ping_status":"open","sticky":false,"template":"","format":"standard","meta":{"footnotes":"","_links_to":"","_links_to_target":""},"categories":[597,589],"tags":[319,96,722,102,723,321],"class_list":{"0":"post-4050","1":"post","2":"type-post","3":"status-publish","4":"format-standard","5":"has-post-thumbnail","7":"category-fakty-opinie","8":"category-wiadomosci","9":"tag-dominanta","10":"tag-galeria-askana","11":"tag-lowcy-widokow","12":"tag-osir","13":"tag-wieze-widokowe","14":"tag-wlodzimierz-roj"},"yoast_head":"<!-- This site is optimized with the Yoast SEO plugin v27.3 - https:\/\/yoast.com\/product\/yoast-seo-wordpress\/ -->\n<title>Dwie wie\u017ce widokowe niedost\u0119pne dla chc\u0105cych na nie wej\u015b\u0107! - Gorz\u00f3w News<\/title>\n<meta name=\"description\" content=\"Jaki\u015b czas temu napisa\u0142o do nas na skrzynk\u0119 redakcyjn\u0105 m\u0142ode ma\u0142\u017ce\u0144stwo spod Gorzowa, kt\u00f3re wraz z c\u00f3rk\u0105 uczestniczy w projekcie &quot;\u0141owcy wi\" \/>\n<meta name=\"robots\" content=\"index, follow, max-snippet:-1, max-image-preview:large, max-video-preview:-1\" \/>\n<link rel=\"canonical\" href=\"https:\/\/gorzow.news\/index.php\/2021\/11\/09\/dwie-wieze-widokowe-niedostepne-dla-chcacych-na-nie-wejsc\/\" \/>\n<meta property=\"og:locale\" content=\"pl_PL\" \/>\n<meta property=\"og:type\" content=\"article\" \/>\n<meta property=\"og:title\" content=\"Dwie wie\u017ce widokowe niedost\u0119pne dla chc\u0105cych na nie wej\u015b\u0107! - Gorz\u00f3w News\" \/>\n<meta property=\"og:description\" content=\"Jaki\u015b czas temu napisa\u0142o do nas na skrzynk\u0119 redakcyjn\u0105 m\u0142ode ma\u0142\u017ce\u0144stwo spod Gorzowa, kt\u00f3re wraz z c\u00f3rk\u0105 uczestniczy w projekcie &quot;\u0141owcy wi\" \/>\n<meta property=\"og:url\" content=\"https:\/\/gorzow.news\/index.php\/2021\/11\/09\/dwie-wieze-widokowe-niedostepne-dla-chcacych-na-nie-wejsc\/\" \/>\n<meta property=\"og:site_name\" content=\"Gorz\u00f3w News\" \/>\n<meta property=\"article:publisher\" content=\"https:\/\/www.facebook.com\/gorzowskinews\" \/>\n<meta property=\"article:published_time\" content=\"2021-11-09T10:44:54+00:00\" \/>\n<meta property=\"article:modified_time\" content=\"2021-11-09T11:05:02+00:00\" \/>\n<meta property=\"og:image\" content=\"https:\/\/gorzow.news\/wp-content\/uploads\/2021\/11\/wieze.jpg\" \/>\n\t<meta property=\"og:image:width\" content=\"1000\" \/>\n\t<meta property=\"og:image:height\" content=\"530\" \/>\n\t<meta property=\"og:image:type\" content=\"image\/jpeg\" \/>\n<meta name=\"author\" content=\"maciej\" \/>\n<meta name=\"twitter:card\" content=\"summary_large_image\" \/>\n<meta name=\"twitter:label1\" content=\"Napisane przez\" \/>\n\t<meta name=\"twitter:data1\" content=\"maciej\" \/>\n\t<meta name=\"twitter:label2\" content=\"Szacowany czas czytania\" \/>\n\t<meta name=\"twitter:data2\" content=\"5 minut\" \/>\n<script type=\"application\/ld+json\" class=\"yoast-schema-graph\">{\"@context\":\"https:\\\/\\\/schema.org\",\"@graph\":[{\"@type\":\"Article\",\"@id\":\"https:\\\/\\\/gorzow.news\\\/index.php\\\/2021\\\/11\\\/09\\\/dwie-wieze-widokowe-niedostepne-dla-chcacych-na-nie-wejsc\\\/#article\",\"isPartOf\":{\"@id\":\"https:\\\/\\\/gorzow.news\\\/index.php\\\/2021\\\/11\\\/09\\\/dwie-wieze-widokowe-niedostepne-dla-chcacych-na-nie-wejsc\\\/\"},\"author\":{\"name\":\"maciej\",\"@id\":\"https:\\\/\\\/gorzow.news\\\/#\\\/schema\\\/person\\\/a1e5ab43166369f2ce236a1cd90995bb\"},\"headline\":\"Dwie wie\u017ce widokowe niedost\u0119pne dla chc\u0105cych na nie wej\u015b\u0107!\",\"datePublished\":\"2021-11-09T10:44:54+00:00\",\"dateModified\":\"2021-11-09T11:05:02+00:00\",\"mainEntityOfPage\":{\"@id\":\"https:\\\/\\\/gorzow.news\\\/index.php\\\/2021\\\/11\\\/09\\\/dwie-wieze-widokowe-niedostepne-dla-chcacych-na-nie-wejsc\\\/\"},\"wordCount\":637,\"commentCount\":0,\"image\":{\"@id\":\"https:\\\/\\\/gorzow.news\\\/index.php\\\/2021\\\/11\\\/09\\\/dwie-wieze-widokowe-niedostepne-dla-chcacych-na-nie-wejsc\\\/#primaryimage\"},\"thumbnailUrl\":\"https:\\\/\\\/gorzow.news\\\/wp-content\\\/uploads\\\/2021\\\/11\\\/wieze.jpg\",\"keywords\":[\"Dominanta\",\"Galeria Askana\",\"\u0141owcy widok\u00f3w\",\"OSiR\",\"wie\u017ce widokowe\",\"W\u0142odzimierz R\u00f3j\"],\"articleSection\":[\"Fakty i opinie\",\"Wiadomo\u015bci\"],\"inLanguage\":\"pl-PL\",\"potentialAction\":[{\"@type\":\"CommentAction\",\"name\":\"Comment\",\"target\":[\"https:\\\/\\\/gorzow.news\\\/index.php\\\/2021\\\/11\\\/09\\\/dwie-wieze-widokowe-niedostepne-dla-chcacych-na-nie-wejsc\\\/#respond\"]}]},{\"@type\":\"WebPage\",\"@id\":\"https:\\\/\\\/gorzow.news\\\/index.php\\\/2021\\\/11\\\/09\\\/dwie-wieze-widokowe-niedostepne-dla-chcacych-na-nie-wejsc\\\/\",\"url\":\"https:\\\/\\\/gorzow.news\\\/index.php\\\/2021\\\/11\\\/09\\\/dwie-wieze-widokowe-niedostepne-dla-chcacych-na-nie-wejsc\\\/\",\"name\":\"Dwie wie\u017ce widokowe niedost\u0119pne dla chc\u0105cych na nie wej\u015b\u0107! - Gorz\u00f3w News\",\"isPartOf\":{\"@id\":\"https:\\\/\\\/gorzow.news\\\/#website\"},\"primaryImageOfPage\":{\"@id\":\"https:\\\/\\\/gorzow.news\\\/index.php\\\/2021\\\/11\\\/09\\\/dwie-wieze-widokowe-niedostepne-dla-chcacych-na-nie-wejsc\\\/#primaryimage\"},\"image\":{\"@id\":\"https:\\\/\\\/gorzow.news\\\/index.php\\\/2021\\\/11\\\/09\\\/dwie-wieze-widokowe-niedostepne-dla-chcacych-na-nie-wejsc\\\/#primaryimage\"},\"thumbnailUrl\":\"https:\\\/\\\/gorzow.news\\\/wp-content\\\/uploads\\\/2021\\\/11\\\/wieze.jpg\",\"datePublished\":\"2021-11-09T10:44:54+00:00\",\"dateModified\":\"2021-11-09T11:05:02+00:00\",\"author\":{\"@id\":\"https:\\\/\\\/gorzow.news\\\/#\\\/schema\\\/person\\\/a1e5ab43166369f2ce236a1cd90995bb\"},\"description\":\"Jaki\u015b czas temu napisa\u0142o do nas na skrzynk\u0119 redakcyjn\u0105 m\u0142ode ma\u0142\u017ce\u0144stwo spod Gorzowa, kt\u00f3re wraz z c\u00f3rk\u0105 uczestniczy w projekcie \\\"\u0141owcy widok\u00f3w\\\" i odwiedza w ca\u0142ej Polsce wie\u017ce widokowe. Mocno si\u0119 zdziwili, gdy chcieli wej\u015b\u0107 na dwie wie\u017ce w Gorzowie. Obie s\u0105 bowiem zamkni\u0119te bez podania przyczyny.\",\"breadcrumb\":{\"@id\":\"https:\\\/\\\/gorzow.news\\\/index.php\\\/2021\\\/11\\\/09\\\/dwie-wieze-widokowe-niedostepne-dla-chcacych-na-nie-wejsc\\\/#breadcrumb\"},\"inLanguage\":\"pl-PL\",\"potentialAction\":[{\"@type\":\"ReadAction\",\"target\":[\"https:\\\/\\\/gorzow.news\\\/index.php\\\/2021\\\/11\\\/09\\\/dwie-wieze-widokowe-niedostepne-dla-chcacych-na-nie-wejsc\\\/\"]}]},{\"@type\":\"ImageObject\",\"inLanguage\":\"pl-PL\",\"@id\":\"https:\\\/\\\/gorzow.news\\\/index.php\\\/2021\\\/11\\\/09\\\/dwie-wieze-widokowe-niedostepne-dla-chcacych-na-nie-wejsc\\\/#primaryimage\",\"url\":\"https:\\\/\\\/gorzow.news\\\/wp-content\\\/uploads\\\/2021\\\/11\\\/wieze.jpg\",\"contentUrl\":\"https:\\\/\\\/gorzow.news\\\/wp-content\\\/uploads\\\/2021\\\/11\\\/wieze.jpg\",\"width\":1000,\"height\":530,\"caption\":\"fot. Wie\u017cy w Galerii Askana Ma\u0142gorzata \u0141o\u015b \\\/ wiezecisnien.eu\"},{\"@type\":\"BreadcrumbList\",\"@id\":\"https:\\\/\\\/gorzow.news\\\/index.php\\\/2021\\\/11\\\/09\\\/dwie-wieze-widokowe-niedostepne-dla-chcacych-na-nie-wejsc\\\/#breadcrumb\",\"itemListElement\":[{\"@type\":\"ListItem\",\"position\":1,\"name\":\"Home\",\"item\":\"https:\\\/\\\/gorzow.news\\\/\"},{\"@type\":\"ListItem\",\"position\":2,\"name\":\"Dwie wie\u017ce widokowe niedost\u0119pne dla chc\u0105cych na nie wej\u015b\u0107!\"}]},{\"@type\":\"WebSite\",\"@id\":\"https:\\\/\\\/gorzow.news\\\/#website\",\"url\":\"https:\\\/\\\/gorzow.news\\\/\",\"name\":\"Gorz\u00f3w News\",\"description\":\"Sp\u00f3jrz inaczej na miato i region...\",\"potentialAction\":[{\"@type\":\"SearchAction\",\"target\":{\"@type\":\"EntryPoint\",\"urlTemplate\":\"https:\\\/\\\/gorzow.news\\\/?s={search_term_string}\"},\"query-input\":{\"@type\":\"PropertyValueSpecification\",\"valueRequired\":true,\"valueName\":\"search_term_string\"}}],\"inLanguage\":\"pl-PL\"},{\"@type\":\"Person\",\"@id\":\"https:\\\/\\\/gorzow.news\\\/#\\\/schema\\\/person\\\/a1e5ab43166369f2ce236a1cd90995bb\",\"name\":\"maciej\",\"image\":{\"@type\":\"ImageObject\",\"inLanguage\":\"pl-PL\",\"@id\":\"https:\\\/\\\/secure.gravatar.com\\\/avatar\\\/530a674d56ba60cfa0ef21d74e8e8d123a51bb7aa6580465b5c2ab2c2e980a19?s=96&r=g&d=https:\\\/\\\/gorzow.news\\\/wp-content\\\/plugins\\\/userswp\\\/assets\\\/images\\\/no_profile.png\",\"url\":\"https:\\\/\\\/secure.gravatar.com\\\/avatar\\\/530a674d56ba60cfa0ef21d74e8e8d123a51bb7aa6580465b5c2ab2c2e980a19?s=96&r=g&d=https:\\\/\\\/gorzow.news\\\/wp-content\\\/plugins\\\/userswp\\\/assets\\\/images\\\/no_profile.png\",\"contentUrl\":\"https:\\\/\\\/secure.gravatar.com\\\/avatar\\\/530a674d56ba60cfa0ef21d74e8e8d123a51bb7aa6580465b5c2ab2c2e980a19?s=96&r=g&d=https:\\\/\\\/gorzow.news\\\/wp-content\\\/plugins\\\/userswp\\\/assets\\\/images\\\/no_profile.png\",\"caption\":\"maciej\"},\"url\":\"https:\\\/\\\/gorzow.news\\\/index.php\\\/profile\\\/maciej\\\/\"}]}<\/script>\n<!-- \/ Yoast SEO plugin. -->","yoast_head_json":{"title":"Dwie wie\u017ce widokowe niedost\u0119pne dla chc\u0105cych na nie wej\u015b\u0107! - Gorz\u00f3w News","description":"Jaki\u015b czas temu napisa\u0142o do nas na skrzynk\u0119 redakcyjn\u0105 m\u0142ode ma\u0142\u017ce\u0144stwo spod Gorzowa, kt\u00f3re wraz z c\u00f3rk\u0105 uczestniczy w projekcie \"\u0141owcy wi","robots":{"index":"index","follow":"follow","max-snippet":"max-snippet:-1","max-image-preview":"max-image-preview:large","max-video-preview":"max-video-preview:-1"},"canonical":"https:\/\/gorzow.news\/index.php\/2021\/11\/09\/dwie-wieze-widokowe-niedostepne-dla-chcacych-na-nie-wejsc\/","og_locale":"pl_PL","og_type":"article","og_title":"Dwie wie\u017ce widokowe niedost\u0119pne dla chc\u0105cych na nie wej\u015b\u0107! - Gorz\u00f3w News","og_description":"Jaki\u015b czas temu napisa\u0142o do nas na skrzynk\u0119 redakcyjn\u0105 m\u0142ode ma\u0142\u017ce\u0144stwo spod Gorzowa, kt\u00f3re wraz z c\u00f3rk\u0105 uczestniczy w projekcie \"\u0141owcy wi","og_url":"https:\/\/gorzow.news\/index.php\/2021\/11\/09\/dwie-wieze-widokowe-niedostepne-dla-chcacych-na-nie-wejsc\/","og_site_name":"Gorz\u00f3w News","article_publisher":"https:\/\/www.facebook.com\/gorzowskinews","article_published_time":"2021-11-09T10:44:54+00:00","article_modified_time":"2021-11-09T11:05:02+00:00","og_image":[{"width":1000,"height":530,"url":"https:\/\/gorzow.news\/wp-content\/uploads\/2021\/11\/wieze.jpg","type":"image\/jpeg"}],"author":"maciej","twitter_card":"summary_large_image","twitter_misc":{"Napisane przez":"maciej","Szacowany czas czytania":"5 minut"},"schema":{"@context":"https:\/\/schema.org","@graph":[{"@type":"Article","@id":"https:\/\/gorzow.news\/index.php\/2021\/11\/09\/dwie-wieze-widokowe-niedostepne-dla-chcacych-na-nie-wejsc\/#article","isPartOf":{"@id":"https:\/\/gorzow.news\/index.php\/2021\/11\/09\/dwie-wieze-widokowe-niedostepne-dla-chcacych-na-nie-wejsc\/"},"author":{"name":"maciej","@id":"https:\/\/gorzow.news\/#\/schema\/person\/a1e5ab43166369f2ce236a1cd90995bb"},"headline":"Dwie wie\u017ce widokowe niedost\u0119pne dla chc\u0105cych na nie wej\u015b\u0107!","datePublished":"2021-11-09T10:44:54+00:00","dateModified":"2021-11-09T11:05:02+00:00","mainEntityOfPage":{"@id":"https:\/\/gorzow.news\/index.php\/2021\/11\/09\/dwie-wieze-widokowe-niedostepne-dla-chcacych-na-nie-wejsc\/"},"wordCount":637,"commentCount":0,"image":{"@id":"https:\/\/gorzow.news\/index.php\/2021\/11\/09\/dwie-wieze-widokowe-niedostepne-dla-chcacych-na-nie-wejsc\/#primaryimage"},"thumbnailUrl":"https:\/\/gorzow.news\/wp-content\/uploads\/2021\/11\/wieze.jpg","keywords":["Dominanta","Galeria Askana","\u0141owcy widok\u00f3w","OSiR","wie\u017ce widokowe","W\u0142odzimierz R\u00f3j"],"articleSection":["Fakty i opinie","Wiadomo\u015bci"],"inLanguage":"pl-PL","potentialAction":[{"@type":"CommentAction","name":"Comment","target":["https:\/\/gorzow.news\/index.php\/2021\/11\/09\/dwie-wieze-widokowe-niedostepne-dla-chcacych-na-nie-wejsc\/#respond"]}]},{"@type":"WebPage","@id":"https:\/\/gorzow.news\/index.php\/2021\/11\/09\/dwie-wieze-widokowe-niedostepne-dla-chcacych-na-nie-wejsc\/","url":"https:\/\/gorzow.news\/index.php\/2021\/11\/09\/dwie-wieze-widokowe-niedostepne-dla-chcacych-na-nie-wejsc\/","name":"Dwie wie\u017ce widokowe niedost\u0119pne dla chc\u0105cych na nie wej\u015b\u0107! - Gorz\u00f3w News","isPartOf":{"@id":"https:\/\/gorzow.news\/#website"},"primaryImageOfPage":{"@id":"https:\/\/gorzow.news\/index.php\/2021\/11\/09\/dwie-wieze-widokowe-niedostepne-dla-chcacych-na-nie-wejsc\/#primaryimage"},"image":{"@id":"https:\/\/gorzow.news\/index.php\/2021\/11\/09\/dwie-wieze-widokowe-niedostepne-dla-chcacych-na-nie-wejsc\/#primaryimage"},"thumbnailUrl":"https:\/\/gorzow.news\/wp-content\/uploads\/2021\/11\/wieze.jpg","datePublished":"2021-11-09T10:44:54+00:00","dateModified":"2021-11-09T11:05:02+00:00","author":{"@id":"https:\/\/gorzow.news\/#\/schema\/person\/a1e5ab43166369f2ce236a1cd90995bb"},"description":"Jaki\u015b czas temu napisa\u0142o do nas na skrzynk\u0119 redakcyjn\u0105 m\u0142ode ma\u0142\u017ce\u0144stwo spod Gorzowa, kt\u00f3re wraz z c\u00f3rk\u0105 uczestniczy w projekcie \"\u0141owcy widok\u00f3w\" i odwiedza w ca\u0142ej Polsce wie\u017ce widokowe. Mocno si\u0119 zdziwili, gdy chcieli wej\u015b\u0107 na dwie wie\u017ce w Gorzowie. Obie s\u0105 bowiem zamkni\u0119te bez podania przyczyny.","breadcrumb":{"@id":"https:\/\/gorzow.news\/index.php\/2021\/11\/09\/dwie-wieze-widokowe-niedostepne-dla-chcacych-na-nie-wejsc\/#breadcrumb"},"inLanguage":"pl-PL","potentialAction":[{"@type":"ReadAction","target":["https:\/\/gorzow.news\/index.php\/2021\/11\/09\/dwie-wieze-widokowe-niedostepne-dla-chcacych-na-nie-wejsc\/"]}]},{"@type":"ImageObject","inLanguage":"pl-PL","@id":"https:\/\/gorzow.news\/index.php\/2021\/11\/09\/dwie-wieze-widokowe-niedostepne-dla-chcacych-na-nie-wejsc\/#primaryimage","url":"https:\/\/gorzow.news\/wp-content\/uploads\/2021\/11\/wieze.jpg","contentUrl":"https:\/\/gorzow.news\/wp-content\/uploads\/2021\/11\/wieze.jpg","width":1000,"height":530,"caption":"fot. Wie\u017cy w Galerii Askana Ma\u0142gorzata \u0141o\u015b \/ wiezecisnien.eu"},{"@type":"BreadcrumbList","@id":"https:\/\/gorzow.news\/index.php\/2021\/11\/09\/dwie-wieze-widokowe-niedostepne-dla-chcacych-na-nie-wejsc\/#breadcrumb","itemListElement":[{"@type":"ListItem","position":1,"name":"Home","item":"https:\/\/gorzow.news\/"},{"@type":"ListItem","position":2,"name":"Dwie wie\u017ce widokowe niedost\u0119pne dla chc\u0105cych na nie wej\u015b\u0107!"}]},{"@type":"WebSite","@id":"https:\/\/gorzow.news\/#website","url":"https:\/\/gorzow.news\/","name":"Gorz\u00f3w News","description":"Sp\u00f3jrz inaczej na miato i region...","potentialAction":[{"@type":"SearchAction","target":{"@type":"EntryPoint","urlTemplate":"https:\/\/gorzow.news\/?s={search_term_string}"},"query-input":{"@type":"PropertyValueSpecification","valueRequired":true,"valueName":"search_term_string"}}],"inLanguage":"pl-PL"},{"@type":"Person","@id":"https:\/\/gorzow.news\/#\/schema\/person\/a1e5ab43166369f2ce236a1cd90995bb","name":"maciej","image":{"@type":"ImageObject","inLanguage":"pl-PL","@id":"https:\/\/secure.gravatar.com\/avatar\/530a674d56ba60cfa0ef21d74e8e8d123a51bb7aa6580465b5c2ab2c2e980a19?s=96&r=g&d=https:\/\/gorzow.news\/wp-content\/plugins\/userswp\/assets\/images\/no_profile.png","url":"https:\/\/secure.gravatar.com\/avatar\/530a674d56ba60cfa0ef21d74e8e8d123a51bb7aa6580465b5c2ab2c2e980a19?s=96&r=g&d=https:\/\/gorzow.news\/wp-content\/plugins\/userswp\/assets\/images\/no_profile.png","contentUrl":"https:\/\/secure.gravatar.com\/avatar\/530a674d56ba60cfa0ef21d74e8e8d123a51bb7aa6580465b5c2ab2c2e980a19?s=96&r=g&d=https:\/\/gorzow.news\/wp-content\/plugins\/userswp\/assets\/images\/no_profile.png","caption":"maciej"},"url":"https:\/\/gorzow.news\/index.php\/profile\/maciej\/"}]}},"_links":{"self":[{"href":"https:\/\/gorzow.news\/index.php\/wp-json\/wp\/v2\/posts\/4050","targetHints":{"allow":["GET"]}}],"collection":[{"href":"https:\/\/gorzow.news\/index.php\/wp-json\/wp\/v2\/posts"}],"about":[{"href":"https:\/\/gorzow.news\/index.php\/wp-json\/wp\/v2\/types\/post"}],"author":[{"embeddable":true,"href":"https:\/\/gorzow.news\/index.php\/wp-json\/wp\/v2\/users\/1"}],"replies":[{"embeddable":true,"href":"https:\/\/gorzow.news\/index.php\/wp-json\/wp\/v2\/comments?post=4050"}],"version-history":[{"count":0,"href":"https:\/\/gorzow.news\/index.php\/wp-json\/wp\/v2\/posts\/4050\/revisions"}],"wp:featuredmedia":[{"embeddable":true,"href":"https:\/\/gorzow.news\/index.php\/wp-json\/wp\/v2\/media\/4061"}],"wp:attachment":[{"href":"https:\/\/gorzow.news\/index.php\/wp-json\/wp\/v2\/media?parent=4050"}],"wp:term":[{"taxonomy":"category","embeddable":true,"href":"https:\/\/gorzow.news\/index.php\/wp-json\/wp\/v2\/categories?post=4050"},{"taxonomy":"post_tag","embeddable":true,"href":"https:\/\/gorzow.news\/index.php\/wp-json\/wp\/v2\/tags?post=4050"}],"curies":[{"name":"wp","href":"https:\/\/api.w.org\/{rel}","templated":true}]}}