{"id":40348,"date":"2026-04-30T16:00:00","date_gmt":"2026-04-30T14:00:00","guid":{"rendered":"https:\/\/gorzow.news\/?p=40348"},"modified":"2026-05-01T07:24:06","modified_gmt":"2026-05-01T05:24:06","slug":"zamiast-klasowki-wielka-ucieczka-zintegruj-swoja-klase-w-open-the-lock-przed-wakacjami","status":"publish","type":"post","link":"https:\/\/gorzow.news\/index.php\/2026\/04\/30\/zamiast-klasowki-wielka-ucieczka-zintegruj-swoja-klase-w-open-the-lock-przed-wakacjami\/","title":{"rendered":"Zamiast klas\u00f3wki &#8211; wielka ucieczka! Zintegruj swoj\u0105 klas\u0119 w Open The Lock przed wakacjami"},"content":{"rendered":"\n<p><strong>Pocz\u0105tek maja to czas, w kt\u00f3rym my\u015bli uczni\u00f3w zaczynaj\u0105 kr\u0105\u017cy\u0107 ju\u017c wok\u00f3\u0142 wakacji, a nauczyciele szukaj\u0105 sposobu na warto\u015bciow\u0105 integracj\u0119 grupy. Zamiast kolejnego seansu w kinie, postaw na emocje, kt\u00f3re \u0142\u0105cz\u0105! Open The Lock w Gorzowie to miejsce, gdzie zabawa zamienia si\u0119 w praktyczn\u0105 lekcj\u0119 logicznego my\u015blenia i wsp\u00f3\u0142dzia\u0142ania, tworz\u0105c wspomnienia, kt\u00f3re zostan\u0105 z uczniami na d\u0142ugo.<\/strong><\/p>\n\n\n\n<p><strong>Escape room &#8211; wi\u0119cej ni\u017c tylko gra<\/strong><\/p>\n\n\n\n<p>Wyj\u015bcie do pokoju zagadek to dla m\u0142odzie\u017cy ekscytuj\u0105ca przygoda, ale z perspektywy pedagogicznej to przede wszystkim trening kompetencji mi\u0119kkich. W Open The Lock uczniowie nie znajd\u0105 gotowych odpowiedzi w podr\u0119cznikach. Aby opu\u015bci\u0107 pok\u00f3j przed up\u0142ywem 60 minut, musz\u0105 wykaza\u0107 si\u0119 spostrzegawczo\u015bci\u0105, sprytem i &#8211; co najwa\u017cniejsze &#8211; umiej\u0119tno\u015bci\u0105 s\u0142uchania siebie nawzajem. To tutaj wychodz\u0105 na jaw naturalne talenty przyw\u00f3dcze, a wsp\u00f3lny sukces buduje poczucie jedno\u015bci w klasie.<\/p>\n\n\n\n<p><strong>Dlaczego warto wybra\u0107 Open The Lock na przedwakacyjn\u0105 integracj\u0119?<\/strong><\/p>\n\n\n\n<p>Wizyta w gorzowskim escape roomie to strza\u0142 w dziesi\u0105tk\u0119 z kilku powod\u00f3w:<\/p>\n\n\n\n<p><strong>Nauka przez zabaw\u0119:<\/strong> Rozwi\u0105zywanie szyfr\u00f3w i \u0142amanie kod\u00f3w anga\u017cuje obie p\u00f3\u0142kule m\u00f3zgu, ucz\u0105c kreatywnego podej\u015bcia do problem\u00f3w.<\/p>\n\n\n\n<p><strong>Budowanie relacji:<\/strong> Wsp\u00f3lne wyzwania pomagaj\u0105 prze\u0142ama\u0107 lody i zintegrowa\u0107 grup\u0119 w spos\u00f3b naturalny i bezstresowy.<\/p>\n\n\n\n<p><strong>R\u00f3\u017cnorodno\u015b\u0107 scenariuszy:<\/strong> Dzi\u0119ki tematycznym pokojom o zr\u00f3\u017cnicowanym poziomie trudno\u015bci (od mrocznych tajemnic po historyczne zagadki), ka\u017cdy ucze\u0144 znajdzie co\u015b, co go zafascynuje.<\/p>\n\n\n\n<p><strong>Bezpiecze\u0144stwo przede wszystkim:<\/strong> Obiekt spe\u0142nia rygorystyczne normy bezpiecze\u0144stwa, posiada przyciski ewakuacyjne w ka\u017cdym pokoju, a nad przebiegiem gry czuwa do\u015bwiadczony Mistrz Gry.<\/p>\n\n\n\n<figure class=\"wp-block-video\" style=\"max-width:320px\"><video controls src=\"https:\/\/gorzow.news\/pliki\/openthelock-edu.mp4\"><\/video><\/figure>\n\n\n\n<p><br><strong>Przygoda skrojona na miar\u0119 grupy<\/strong><\/p>\n\n\n\n<p>Open The Lock w Gorzowie jest doskonale przygotowane na przyj\u0119cie wi\u0119kszych grup zorganizowanych. Dysponuj\u0105c sze\u015bcioma r\u00f3\u017cnorodnymi pokojami, lokal mo\u017ce bez problemu ugo\u015bci\u0107 jednocze\u015bnie ca\u0142\u0105 klas\u0119. Dla m\u0142odszych uczestnik\u00f3w przygotowano specjalne, uproszczone warianty zagadek, dzi\u0119ki czemu satysfakcja z gry jest gwarantowana niezale\u017cnie od wieku.<\/p>\n\n\n\n<p><strong>Zaplanuj wyj\u0105tkowe wyj\u015bcie klasowe ju\u017c dzi\u015b!<\/strong><\/p>\n\n\n\n<p>Tu\u017c przed wakacjami terminarze szybko si\u0119 zape\u0142niaj\u0105, dlatego warto zarezerwowa\u0107 termin dla swojej klasy z wyprzedzeniem. Open The Lock oferuje elastyczne godziny otwarcia dla grup szkolnych oraz atrakcyjne warunki cenowe.<\/p>\n\n\n\n<p>Niech to zako\u0144czenie roku szkolnego b\u0119dzie inne ni\u017c wszystkie. Zamie\u0144 szkoln\u0105 \u0142awk\u0119 na pok\u00f3j pe\u0142en tajemnic i zobacz, jak Twoi uczniowie rozkwitaj\u0105 w atmosferze zdrowej rywalizacji i wsp\u00f3\u0142pracy!<\/p>\n\n\n\n<p><strong>Lokalizacja:<\/strong> ul. Chrobrego 2, Gorz\u00f3w Wielkopolski<br><strong>Kontakt i rezerwacje: <a href=\"tel:+48516219040\">+48 516 219 040<\/a><\/strong>, <strong><a href=\"mailto:gorzow@openthelock.pl\" target=\"_blank\" rel=\"noreferrer noopener\">gorzow@openthelock.pl<\/a><\/strong><br><strong>Wi\u0119cej informacji:<\/strong> <strong><a href=\"http:\/\/www.gorzow.openthelock.pl\" target=\"_blank\" rel=\"noreferrer noopener\">gorzow.openthelock.pl<\/a><\/strong><\/p>\n\n\n\n<figure class=\"wp-block-image size-large\"><img loading=\"lazy\" decoding=\"async\" width=\"1024\" height=\"576\" src=\"https:\/\/gorzow.news\/wp-content\/uploads\/2026\/05\/DJI_20260304145045_0663_D-kopia-1536x864-1-1024x576.jpg\" alt=\"\" class=\"wp-image-40351\" srcset=\"https:\/\/gorzow.news\/wp-content\/uploads\/2026\/05\/DJI_20260304145045_0663_D-kopia-1536x864-1-1024x576.jpg?v=1777612588 1024w, https:\/\/gorzow.news\/wp-content\/uploads\/2026\/05\/DJI_20260304145045_0663_D-kopia-1536x864-1-300x169.jpg?v=1777612588 300w, https:\/\/gorzow.news\/wp-content\/uploads\/2026\/05\/DJI_20260304145045_0663_D-kopia-1536x864-1-768x432.jpg?v=1777612588 768w, https:\/\/gorzow.news\/wp-content\/uploads\/2026\/05\/DJI_20260304145045_0663_D-kopia-1536x864-1-696x392.jpg?v=1777612588 696w, https:\/\/gorzow.news\/wp-content\/uploads\/2026\/05\/DJI_20260304145045_0663_D-kopia-1536x864-1-1068x601.jpg?v=1777612588 1068w, https:\/\/gorzow.news\/wp-content\/uploads\/2026\/05\/DJI_20260304145045_0663_D-kopia-1536x864-1.jpg?v=1777612588 1536w\" sizes=\"auto, (max-width: 1024px) 100vw, 1024px\" \/><\/figure>\n","protected":false},"excerpt":{"rendered":"<p>Pocz\u0105tek maja to czas, w kt\u00f3rym my\u015bli uczni\u00f3w zaczynaj\u0105 kr\u0105\u017cy\u0107 ju\u017c wok\u00f3\u0142 wakacji, a nauczyciele szukaj\u0105 sposobu na warto\u015bciow\u0105 integracj\u0119 grupy. Zamiast kolejnego seansu w kinie, postaw na emocje, kt\u00f3re \u0142\u0105cz\u0105! Open The Lock w Gorzowie to miejsce, gdzie zabawa zamienia si\u0119 w praktyczn\u0105 lekcj\u0119 logicznego my\u015blenia i wsp\u00f3\u0142dzia\u0142ania, tworz\u0105c wspomnienia, kt\u00f3re zostan\u0105 z uczniami [&hellip;]<\/p>\n","protected":false},"author":1,"featured_media":40350,"comment_status":"open","ping_status":"open","sticky":false,"template":"","format":"standard","meta":{"footnotes":"","_links_to":"","_links_to_target":""},"categories":[595,589],"tags":[78,2653,2652],"class_list":{"0":"post-40348","1":"post","2":"type-post","3":"status-publish","4":"format-standard","5":"has-post-thumbnail","7":"category-rozrywka","8":"category-wiadomosci","9":"tag-chrobrego","10":"tag-escape-room","11":"tag-open-the-lock"},"yoast_head":"<!-- This site is optimized with the Yoast SEO plugin v27.3 - https:\/\/yoast.com\/product\/yoast-seo-wordpress\/ -->\n<title>Zamiast klas\u00f3wki - wielka ucieczka! Zintegruj swoj\u0105 klas\u0119 w Open The Lock przed wakacjami - Gorz\u00f3w News<\/title>\n<meta name=\"description\" content=\"Pocz\u0105tek maja to czas, w kt\u00f3rym my\u015bli uczni\u00f3w zaczynaj\u0105 kr\u0105\u017cy\u0107 ju\u017c wok\u00f3\u0142 wakacji, a nauczyciele szukaj\u0105 sposobu na warto\u015bciow\u0105 integracj\" \/>\n<meta name=\"robots\" content=\"index, follow, max-snippet:-1, max-image-preview:large, max-video-preview:-1\" \/>\n<link rel=\"canonical\" href=\"https:\/\/gorzow.news\/index.php\/2026\/04\/30\/zamiast-klasowki-wielka-ucieczka-zintegruj-swoja-klase-w-open-the-lock-przed-wakacjami\/\" \/>\n<meta property=\"og:locale\" content=\"pl_PL\" \/>\n<meta property=\"og:type\" content=\"article\" \/>\n<meta property=\"og:title\" content=\"Zamiast klas\u00f3wki - wielka ucieczka! Zintegruj swoj\u0105 klas\u0119 w Open The Lock przed wakacjami - Gorz\u00f3w News\" \/>\n<meta property=\"og:description\" content=\"Pocz\u0105tek maja to czas, w kt\u00f3rym my\u015bli uczni\u00f3w zaczynaj\u0105 kr\u0105\u017cy\u0107 ju\u017c wok\u00f3\u0142 wakacji, a nauczyciele szukaj\u0105 sposobu na warto\u015bciow\u0105 integracj\" \/>\n<meta property=\"og:url\" content=\"https:\/\/gorzow.news\/index.php\/2026\/04\/30\/zamiast-klasowki-wielka-ucieczka-zintegruj-swoja-klase-w-open-the-lock-przed-wakacjami\/\" \/>\n<meta property=\"og:site_name\" content=\"Gorz\u00f3w News\" \/>\n<meta property=\"article:publisher\" content=\"https:\/\/www.facebook.com\/gorzowskinews\" \/>\n<meta property=\"article:published_time\" content=\"2026-04-30T14:00:00+00:00\" \/>\n<meta property=\"article:modified_time\" content=\"2026-05-01T05:24:06+00:00\" \/>\n<meta property=\"og:image\" content=\"https:\/\/gorzow.news\/wp-content\/uploads\/2026\/05\/theopedu.jpg\" \/>\n\t<meta property=\"og:image:width\" content=\"1376\" \/>\n\t<meta property=\"og:image:height\" content=\"768\" \/>\n\t<meta property=\"og:image:type\" content=\"image\/jpeg\" \/>\n<meta name=\"author\" content=\"maciej\" \/>\n<meta name=\"twitter:card\" content=\"summary_large_image\" \/>\n<meta name=\"twitter:label1\" content=\"Napisane przez\" \/>\n\t<meta name=\"twitter:data1\" content=\"maciej\" \/>\n\t<meta name=\"twitter:label2\" content=\"Szacowany czas czytania\" \/>\n\t<meta name=\"twitter:data2\" content=\"3 minuty\" \/>\n<script type=\"application\/ld+json\" class=\"yoast-schema-graph\">{\"@context\":\"https:\\\/\\\/schema.org\",\"@graph\":[{\"@type\":\"Article\",\"@id\":\"https:\\\/\\\/gorzow.news\\\/index.php\\\/2026\\\/04\\\/30\\\/zamiast-klasowki-wielka-ucieczka-zintegruj-swoja-klase-w-open-the-lock-przed-wakacjami\\\/#article\",\"isPartOf\":{\"@id\":\"https:\\\/\\\/gorzow.news\\\/index.php\\\/2026\\\/04\\\/30\\\/zamiast-klasowki-wielka-ucieczka-zintegruj-swoja-klase-w-open-the-lock-przed-wakacjami\\\/\"},\"author\":{\"name\":\"maciej\",\"@id\":\"https:\\\/\\\/gorzow.news\\\/#\\\/schema\\\/person\\\/a1e5ab43166369f2ce236a1cd90995bb\"},\"headline\":\"Zamiast klas\u00f3wki &#8211; wielka ucieczka! Zintegruj swoj\u0105 klas\u0119 w Open The Lock przed wakacjami\",\"datePublished\":\"2026-04-30T14:00:00+00:00\",\"dateModified\":\"2026-05-01T05:24:06+00:00\",\"mainEntityOfPage\":{\"@id\":\"https:\\\/\\\/gorzow.news\\\/index.php\\\/2026\\\/04\\\/30\\\/zamiast-klasowki-wielka-ucieczka-zintegruj-swoja-klase-w-open-the-lock-przed-wakacjami\\\/\"},\"wordCount\":447,\"commentCount\":0,\"image\":{\"@id\":\"https:\\\/\\\/gorzow.news\\\/index.php\\\/2026\\\/04\\\/30\\\/zamiast-klasowki-wielka-ucieczka-zintegruj-swoja-klase-w-open-the-lock-przed-wakacjami\\\/#primaryimage\"},\"thumbnailUrl\":\"https:\\\/\\\/gorzow.news\\\/wp-content\\\/uploads\\\/2026\\\/05\\\/theopedu.jpg\",\"keywords\":[\"Chrobrego\",\"escape room\",\"Open The Lock\"],\"articleSection\":[\"Rozrywka\",\"Wiadomo\u015bci\"],\"inLanguage\":\"pl-PL\",\"potentialAction\":[{\"@type\":\"CommentAction\",\"name\":\"Comment\",\"target\":[\"https:\\\/\\\/gorzow.news\\\/index.php\\\/2026\\\/04\\\/30\\\/zamiast-klasowki-wielka-ucieczka-zintegruj-swoja-klase-w-open-the-lock-przed-wakacjami\\\/#respond\"]}]},{\"@type\":\"WebPage\",\"@id\":\"https:\\\/\\\/gorzow.news\\\/index.php\\\/2026\\\/04\\\/30\\\/zamiast-klasowki-wielka-ucieczka-zintegruj-swoja-klase-w-open-the-lock-przed-wakacjami\\\/\",\"url\":\"https:\\\/\\\/gorzow.news\\\/index.php\\\/2026\\\/04\\\/30\\\/zamiast-klasowki-wielka-ucieczka-zintegruj-swoja-klase-w-open-the-lock-przed-wakacjami\\\/\",\"name\":\"Zamiast klas\u00f3wki - wielka ucieczka! Zintegruj swoj\u0105 klas\u0119 w Open The Lock przed wakacjami - Gorz\u00f3w News\",\"isPartOf\":{\"@id\":\"https:\\\/\\\/gorzow.news\\\/#website\"},\"primaryImageOfPage\":{\"@id\":\"https:\\\/\\\/gorzow.news\\\/index.php\\\/2026\\\/04\\\/30\\\/zamiast-klasowki-wielka-ucieczka-zintegruj-swoja-klase-w-open-the-lock-przed-wakacjami\\\/#primaryimage\"},\"image\":{\"@id\":\"https:\\\/\\\/gorzow.news\\\/index.php\\\/2026\\\/04\\\/30\\\/zamiast-klasowki-wielka-ucieczka-zintegruj-swoja-klase-w-open-the-lock-przed-wakacjami\\\/#primaryimage\"},\"thumbnailUrl\":\"https:\\\/\\\/gorzow.news\\\/wp-content\\\/uploads\\\/2026\\\/05\\\/theopedu.jpg\",\"datePublished\":\"2026-04-30T14:00:00+00:00\",\"dateModified\":\"2026-05-01T05:24:06+00:00\",\"author\":{\"@id\":\"https:\\\/\\\/gorzow.news\\\/#\\\/schema\\\/person\\\/a1e5ab43166369f2ce236a1cd90995bb\"},\"description\":\"Pocz\u0105tek maja to czas, w kt\u00f3rym my\u015bli uczni\u00f3w zaczynaj\u0105 kr\u0105\u017cy\u0107 ju\u017c wok\u00f3\u0142 wakacji, a nauczyciele szukaj\u0105 sposobu na warto\u015bciow\u0105 integracj\u0119 grupy. Zamiast kolejnego seansu w kinie, postaw na emocje, kt\u00f3re \u0142\u0105cz\u0105! Open The Lock w Gorzowie to miejsce, gdzie zabawa zamienia si\u0119 w praktyczn\u0105 lekcj\u0119 logicznego my\u015blenia i wsp\u00f3\u0142dzia\u0142ania, tworz\u0105c wspomnienia, kt\u00f3re zostan\u0105 z uczniami na d\u0142ugo.\",\"breadcrumb\":{\"@id\":\"https:\\\/\\\/gorzow.news\\\/index.php\\\/2026\\\/04\\\/30\\\/zamiast-klasowki-wielka-ucieczka-zintegruj-swoja-klase-w-open-the-lock-przed-wakacjami\\\/#breadcrumb\"},\"inLanguage\":\"pl-PL\",\"potentialAction\":[{\"@type\":\"ReadAction\",\"target\":[\"https:\\\/\\\/gorzow.news\\\/index.php\\\/2026\\\/04\\\/30\\\/zamiast-klasowki-wielka-ucieczka-zintegruj-swoja-klase-w-open-the-lock-przed-wakacjami\\\/\"]}]},{\"@type\":\"ImageObject\",\"inLanguage\":\"pl-PL\",\"@id\":\"https:\\\/\\\/gorzow.news\\\/index.php\\\/2026\\\/04\\\/30\\\/zamiast-klasowki-wielka-ucieczka-zintegruj-swoja-klase-w-open-the-lock-przed-wakacjami\\\/#primaryimage\",\"url\":\"https:\\\/\\\/gorzow.news\\\/wp-content\\\/uploads\\\/2026\\\/05\\\/theopedu.jpg\",\"contentUrl\":\"https:\\\/\\\/gorzow.news\\\/wp-content\\\/uploads\\\/2026\\\/05\\\/theopedu.jpg\",\"width\":1376,\"height\":768,\"caption\":\"Open The Lock to wyj\u0105tkowe miejsce na sp\u0119dzenie wsp\u00f3lnie czasu z ca\u0142\u0105 klas\u0105.\"},{\"@type\":\"BreadcrumbList\",\"@id\":\"https:\\\/\\\/gorzow.news\\\/index.php\\\/2026\\\/04\\\/30\\\/zamiast-klasowki-wielka-ucieczka-zintegruj-swoja-klase-w-open-the-lock-przed-wakacjami\\\/#breadcrumb\",\"itemListElement\":[{\"@type\":\"ListItem\",\"position\":1,\"name\":\"Home\",\"item\":\"https:\\\/\\\/gorzow.news\\\/\"},{\"@type\":\"ListItem\",\"position\":2,\"name\":\"Zamiast klas\u00f3wki &#8211; wielka ucieczka! Zintegruj swoj\u0105 klas\u0119 w Open The Lock przed wakacjami\"}]},{\"@type\":\"WebSite\",\"@id\":\"https:\\\/\\\/gorzow.news\\\/#website\",\"url\":\"https:\\\/\\\/gorzow.news\\\/\",\"name\":\"Gorz\u00f3w News\",\"description\":\"Sp\u00f3jrz inaczej na miato i region...\",\"potentialAction\":[{\"@type\":\"SearchAction\",\"target\":{\"@type\":\"EntryPoint\",\"urlTemplate\":\"https:\\\/\\\/gorzow.news\\\/?s={search_term_string}\"},\"query-input\":{\"@type\":\"PropertyValueSpecification\",\"valueRequired\":true,\"valueName\":\"search_term_string\"}}],\"inLanguage\":\"pl-PL\"},{\"@type\":\"Person\",\"@id\":\"https:\\\/\\\/gorzow.news\\\/#\\\/schema\\\/person\\\/a1e5ab43166369f2ce236a1cd90995bb\",\"name\":\"maciej\",\"image\":{\"@type\":\"ImageObject\",\"inLanguage\":\"pl-PL\",\"@id\":\"https:\\\/\\\/secure.gravatar.com\\\/avatar\\\/530a674d56ba60cfa0ef21d74e8e8d123a51bb7aa6580465b5c2ab2c2e980a19?s=96&r=g&d=https:\\\/\\\/gorzow.news\\\/wp-content\\\/plugins\\\/userswp\\\/assets\\\/images\\\/no_profile.png\",\"url\":\"https:\\\/\\\/secure.gravatar.com\\\/avatar\\\/530a674d56ba60cfa0ef21d74e8e8d123a51bb7aa6580465b5c2ab2c2e980a19?s=96&r=g&d=https:\\\/\\\/gorzow.news\\\/wp-content\\\/plugins\\\/userswp\\\/assets\\\/images\\\/no_profile.png\",\"contentUrl\":\"https:\\\/\\\/secure.gravatar.com\\\/avatar\\\/530a674d56ba60cfa0ef21d74e8e8d123a51bb7aa6580465b5c2ab2c2e980a19?s=96&r=g&d=https:\\\/\\\/gorzow.news\\\/wp-content\\\/plugins\\\/userswp\\\/assets\\\/images\\\/no_profile.png\",\"caption\":\"maciej\"},\"url\":\"https:\\\/\\\/gorzow.news\\\/index.php\\\/profile\\\/maciej\\\/\"}]}<\/script>\n<!-- \/ Yoast SEO plugin. -->","yoast_head_json":{"title":"Zamiast klas\u00f3wki - wielka ucieczka! Zintegruj swoj\u0105 klas\u0119 w Open The Lock przed wakacjami - Gorz\u00f3w News","description":"Pocz\u0105tek maja to czas, w kt\u00f3rym my\u015bli uczni\u00f3w zaczynaj\u0105 kr\u0105\u017cy\u0107 ju\u017c wok\u00f3\u0142 wakacji, a nauczyciele szukaj\u0105 sposobu na warto\u015bciow\u0105 integracj","robots":{"index":"index","follow":"follow","max-snippet":"max-snippet:-1","max-image-preview":"max-image-preview:large","max-video-preview":"max-video-preview:-1"},"canonical":"https:\/\/gorzow.news\/index.php\/2026\/04\/30\/zamiast-klasowki-wielka-ucieczka-zintegruj-swoja-klase-w-open-the-lock-przed-wakacjami\/","og_locale":"pl_PL","og_type":"article","og_title":"Zamiast klas\u00f3wki - wielka ucieczka! Zintegruj swoj\u0105 klas\u0119 w Open The Lock przed wakacjami - Gorz\u00f3w News","og_description":"Pocz\u0105tek maja to czas, w kt\u00f3rym my\u015bli uczni\u00f3w zaczynaj\u0105 kr\u0105\u017cy\u0107 ju\u017c wok\u00f3\u0142 wakacji, a nauczyciele szukaj\u0105 sposobu na warto\u015bciow\u0105 integracj","og_url":"https:\/\/gorzow.news\/index.php\/2026\/04\/30\/zamiast-klasowki-wielka-ucieczka-zintegruj-swoja-klase-w-open-the-lock-przed-wakacjami\/","og_site_name":"Gorz\u00f3w News","article_publisher":"https:\/\/www.facebook.com\/gorzowskinews","article_published_time":"2026-04-30T14:00:00+00:00","article_modified_time":"2026-05-01T05:24:06+00:00","og_image":[{"width":1376,"height":768,"url":"https:\/\/gorzow.news\/wp-content\/uploads\/2026\/05\/theopedu.jpg","type":"image\/jpeg"}],"author":"maciej","twitter_card":"summary_large_image","twitter_misc":{"Napisane przez":"maciej","Szacowany czas czytania":"3 minuty"},"schema":{"@context":"https:\/\/schema.org","@graph":[{"@type":"Article","@id":"https:\/\/gorzow.news\/index.php\/2026\/04\/30\/zamiast-klasowki-wielka-ucieczka-zintegruj-swoja-klase-w-open-the-lock-przed-wakacjami\/#article","isPartOf":{"@id":"https:\/\/gorzow.news\/index.php\/2026\/04\/30\/zamiast-klasowki-wielka-ucieczka-zintegruj-swoja-klase-w-open-the-lock-przed-wakacjami\/"},"author":{"name":"maciej","@id":"https:\/\/gorzow.news\/#\/schema\/person\/a1e5ab43166369f2ce236a1cd90995bb"},"headline":"Zamiast klas\u00f3wki &#8211; wielka ucieczka! Zintegruj swoj\u0105 klas\u0119 w Open The Lock przed wakacjami","datePublished":"2026-04-30T14:00:00+00:00","dateModified":"2026-05-01T05:24:06+00:00","mainEntityOfPage":{"@id":"https:\/\/gorzow.news\/index.php\/2026\/04\/30\/zamiast-klasowki-wielka-ucieczka-zintegruj-swoja-klase-w-open-the-lock-przed-wakacjami\/"},"wordCount":447,"commentCount":0,"image":{"@id":"https:\/\/gorzow.news\/index.php\/2026\/04\/30\/zamiast-klasowki-wielka-ucieczka-zintegruj-swoja-klase-w-open-the-lock-przed-wakacjami\/#primaryimage"},"thumbnailUrl":"https:\/\/gorzow.news\/wp-content\/uploads\/2026\/05\/theopedu.jpg","keywords":["Chrobrego","escape room","Open The Lock"],"articleSection":["Rozrywka","Wiadomo\u015bci"],"inLanguage":"pl-PL","potentialAction":[{"@type":"CommentAction","name":"Comment","target":["https:\/\/gorzow.news\/index.php\/2026\/04\/30\/zamiast-klasowki-wielka-ucieczka-zintegruj-swoja-klase-w-open-the-lock-przed-wakacjami\/#respond"]}]},{"@type":"WebPage","@id":"https:\/\/gorzow.news\/index.php\/2026\/04\/30\/zamiast-klasowki-wielka-ucieczka-zintegruj-swoja-klase-w-open-the-lock-przed-wakacjami\/","url":"https:\/\/gorzow.news\/index.php\/2026\/04\/30\/zamiast-klasowki-wielka-ucieczka-zintegruj-swoja-klase-w-open-the-lock-przed-wakacjami\/","name":"Zamiast klas\u00f3wki - wielka ucieczka! Zintegruj swoj\u0105 klas\u0119 w Open The Lock przed wakacjami - Gorz\u00f3w News","isPartOf":{"@id":"https:\/\/gorzow.news\/#website"},"primaryImageOfPage":{"@id":"https:\/\/gorzow.news\/index.php\/2026\/04\/30\/zamiast-klasowki-wielka-ucieczka-zintegruj-swoja-klase-w-open-the-lock-przed-wakacjami\/#primaryimage"},"image":{"@id":"https:\/\/gorzow.news\/index.php\/2026\/04\/30\/zamiast-klasowki-wielka-ucieczka-zintegruj-swoja-klase-w-open-the-lock-przed-wakacjami\/#primaryimage"},"thumbnailUrl":"https:\/\/gorzow.news\/wp-content\/uploads\/2026\/05\/theopedu.jpg","datePublished":"2026-04-30T14:00:00+00:00","dateModified":"2026-05-01T05:24:06+00:00","author":{"@id":"https:\/\/gorzow.news\/#\/schema\/person\/a1e5ab43166369f2ce236a1cd90995bb"},"description":"Pocz\u0105tek maja to czas, w kt\u00f3rym my\u015bli uczni\u00f3w zaczynaj\u0105 kr\u0105\u017cy\u0107 ju\u017c wok\u00f3\u0142 wakacji, a nauczyciele szukaj\u0105 sposobu na warto\u015bciow\u0105 integracj\u0119 grupy. Zamiast kolejnego seansu w kinie, postaw na emocje, kt\u00f3re \u0142\u0105cz\u0105! Open The Lock w Gorzowie to miejsce, gdzie zabawa zamienia si\u0119 w praktyczn\u0105 lekcj\u0119 logicznego my\u015blenia i wsp\u00f3\u0142dzia\u0142ania, tworz\u0105c wspomnienia, kt\u00f3re zostan\u0105 z uczniami na d\u0142ugo.","breadcrumb":{"@id":"https:\/\/gorzow.news\/index.php\/2026\/04\/30\/zamiast-klasowki-wielka-ucieczka-zintegruj-swoja-klase-w-open-the-lock-przed-wakacjami\/#breadcrumb"},"inLanguage":"pl-PL","potentialAction":[{"@type":"ReadAction","target":["https:\/\/gorzow.news\/index.php\/2026\/04\/30\/zamiast-klasowki-wielka-ucieczka-zintegruj-swoja-klase-w-open-the-lock-przed-wakacjami\/"]}]},{"@type":"ImageObject","inLanguage":"pl-PL","@id":"https:\/\/gorzow.news\/index.php\/2026\/04\/30\/zamiast-klasowki-wielka-ucieczka-zintegruj-swoja-klase-w-open-the-lock-przed-wakacjami\/#primaryimage","url":"https:\/\/gorzow.news\/wp-content\/uploads\/2026\/05\/theopedu.jpg","contentUrl":"https:\/\/gorzow.news\/wp-content\/uploads\/2026\/05\/theopedu.jpg","width":1376,"height":768,"caption":"Open The Lock to wyj\u0105tkowe miejsce na sp\u0119dzenie wsp\u00f3lnie czasu z ca\u0142\u0105 klas\u0105."},{"@type":"BreadcrumbList","@id":"https:\/\/gorzow.news\/index.php\/2026\/04\/30\/zamiast-klasowki-wielka-ucieczka-zintegruj-swoja-klase-w-open-the-lock-przed-wakacjami\/#breadcrumb","itemListElement":[{"@type":"ListItem","position":1,"name":"Home","item":"https:\/\/gorzow.news\/"},{"@type":"ListItem","position":2,"name":"Zamiast klas\u00f3wki &#8211; wielka ucieczka! Zintegruj swoj\u0105 klas\u0119 w Open The Lock przed wakacjami"}]},{"@type":"WebSite","@id":"https:\/\/gorzow.news\/#website","url":"https:\/\/gorzow.news\/","name":"Gorz\u00f3w News","description":"Sp\u00f3jrz inaczej na miato i region...","potentialAction":[{"@type":"SearchAction","target":{"@type":"EntryPoint","urlTemplate":"https:\/\/gorzow.news\/?s={search_term_string}"},"query-input":{"@type":"PropertyValueSpecification","valueRequired":true,"valueName":"search_term_string"}}],"inLanguage":"pl-PL"},{"@type":"Person","@id":"https:\/\/gorzow.news\/#\/schema\/person\/a1e5ab43166369f2ce236a1cd90995bb","name":"maciej","image":{"@type":"ImageObject","inLanguage":"pl-PL","@id":"https:\/\/secure.gravatar.com\/avatar\/530a674d56ba60cfa0ef21d74e8e8d123a51bb7aa6580465b5c2ab2c2e980a19?s=96&r=g&d=https:\/\/gorzow.news\/wp-content\/plugins\/userswp\/assets\/images\/no_profile.png","url":"https:\/\/secure.gravatar.com\/avatar\/530a674d56ba60cfa0ef21d74e8e8d123a51bb7aa6580465b5c2ab2c2e980a19?s=96&r=g&d=https:\/\/gorzow.news\/wp-content\/plugins\/userswp\/assets\/images\/no_profile.png","contentUrl":"https:\/\/secure.gravatar.com\/avatar\/530a674d56ba60cfa0ef21d74e8e8d123a51bb7aa6580465b5c2ab2c2e980a19?s=96&r=g&d=https:\/\/gorzow.news\/wp-content\/plugins\/userswp\/assets\/images\/no_profile.png","caption":"maciej"},"url":"https:\/\/gorzow.news\/index.php\/profile\/maciej\/"}]}},"_links":{"self":[{"href":"https:\/\/gorzow.news\/index.php\/wp-json\/wp\/v2\/posts\/40348","targetHints":{"allow":["GET"]}}],"collection":[{"href":"https:\/\/gorzow.news\/index.php\/wp-json\/wp\/v2\/posts"}],"about":[{"href":"https:\/\/gorzow.news\/index.php\/wp-json\/wp\/v2\/types\/post"}],"author":[{"embeddable":true,"href":"https:\/\/gorzow.news\/index.php\/wp-json\/wp\/v2\/users\/1"}],"replies":[{"embeddable":true,"href":"https:\/\/gorzow.news\/index.php\/wp-json\/wp\/v2\/comments?post=40348"}],"version-history":[{"count":2,"href":"https:\/\/gorzow.news\/index.php\/wp-json\/wp\/v2\/posts\/40348\/revisions"}],"predecessor-version":[{"id":40352,"href":"https:\/\/gorzow.news\/index.php\/wp-json\/wp\/v2\/posts\/40348\/revisions\/40352"}],"wp:featuredmedia":[{"embeddable":true,"href":"https:\/\/gorzow.news\/index.php\/wp-json\/wp\/v2\/media\/40350"}],"wp:attachment":[{"href":"https:\/\/gorzow.news\/index.php\/wp-json\/wp\/v2\/media?parent=40348"}],"wp:term":[{"taxonomy":"category","embeddable":true,"href":"https:\/\/gorzow.news\/index.php\/wp-json\/wp\/v2\/categories?post=40348"},{"taxonomy":"post_tag","embeddable":true,"href":"https:\/\/gorzow.news\/index.php\/wp-json\/wp\/v2\/tags?post=40348"}],"curies":[{"name":"wp","href":"https:\/\/api.w.org\/{rel}","templated":true}]}}