{"id":40306,"date":"2026-04-28T21:38:26","date_gmt":"2026-04-28T19:38:26","guid":{"rendered":"https:\/\/gorzow.news\/?p=40306"},"modified":"2026-04-28T21:38:29","modified_gmt":"2026-04-28T19:38:29","slug":"placu-zabaw-z-bo-nie-bedzie-bo-wspolnoty-mieszkaniowe-nie-chca-wziac-odpowiedzialnosci-za-jego-utrzymanie","status":"publish","type":"post","link":"https:\/\/gorzow.news\/index.php\/2026\/04\/28\/placu-zabaw-z-bo-nie-bedzie-bo-wspolnoty-mieszkaniowe-nie-chca-wziac-odpowiedzialnosci-za-jego-utrzymanie\/","title":{"rendered":"Placu zabaw z BO nie b\u0119dzie, bo wsp\u00f3lnoty mieszkaniowe nie chc\u0105 wzi\u0105\u0107 odpowiedzialno\u015bci za jego utrzymanie"},"content":{"rendered":"\n<p><strong>Miasto zdecydowa\u0142o o odst\u0105pieniu od realizacji zadania pn. \u201eBudowa placu zabaw mi\u0119dzy ulicami Sikorskiego a \u0141u\u017cyck\u0105&#8221;, zg\u0142oszonego do bud\u017cetu obywatelskiego na 2026 rok. Decyzja wynika z braku spe\u0142nienia podstawowych warunk\u00f3w umo\u017cliwiaj\u0105cych jego wykonanie.<\/strong><\/p>\n\n\n\n<p>Projekt od samego pocz\u0105tku by\u0142 procedowany w dialogu z mieszka\u0144cami oraz przedstawicielami wsp\u00f3lnot mieszkaniowych. Ju\u017c na etapie jego opiniowania jasno wskazywano, \u017ce realizacja inwestycji mo\u017cliwa b\u0119dzie wy\u0142\u0105cznie w sytuacji, gdy wsp\u00f3lnoty &#8211; jako bezpo\u015bredni beneficjenci &#8211; zadeklaruj\u0105 przej\u0119cie odpowiedzialno\u015bci za utrzymanie powsta\u0142ej infrastruktury. Takie podej\u015bcie wynika zar\u00f3wno z obowi\u0105zuj\u0105cych przepis\u00f3w, jak i z do\u015bwiadcze\u0144 miasta.<\/p>\n\n\n\n<p><strong>Do\u015bwiadczenie, kt\u00f3re zobowi\u0105zuje<\/strong><\/p>\n\n\n\n<p>W przesz\u0142o\u015bci, w 2013 roku, w tej samej lokalizacji powsta\u0142 plac zabaw z bud\u017cetu obywatelskiego. Z uwagi na brak zaanga\u017cowania wsp\u00f3lnot w jego utrzymanie oraz pogarszaj\u0105cy si\u0119 stan techniczny urz\u0105dze\u0144 &#8211; mimo wcze\u015bniejszych pr\u00f3b wypracowania wsp\u00f3lnego modelu jego utrzymania &#8211; obiekt zosta\u0142 ostatecznie wy\u0142\u0105czony z u\u017cytkowania, a nast\u0119pnie zlikwidowany w 2025 roku, przede wszystkim ze wzgl\u0119d\u00f3w bezpiecze\u0144stwa. To do\u015bwiadczenie jasno pokaza\u0142o, \u017ce brak wsp\u00f3\u0142odpowiedzialno\u015bci za utrzymanie infrastruktury prowadzi do jej degradacji i utraty funkcji spo\u0142ecznej.<\/p>\n\n\n\n<div class=\"g g-15\"><div class=\"g-single a-42\"><a href=\"https:\/\/www.facebook.com\/pluginAR\" target=\"_blank\"><img decoding=\"async\" src=\"https:\/\/gorzow.news\/wp-content\/uploads\/2026\/01\/plugin.jpg\" height=\"800\" \/><\/a><\/div><\/div>\n\n\n\n<p><strong>Jasne zasady &#8211; r\u00f3wne dla wszystkich<\/strong><\/p>\n\n\n\n<p>Miasto stosuje jasn\u0105 zasad\u0119: tereny wykorzystywane wy\u0142\u0105cznie przez mieszka\u0144c\u00f3w danego kwarta\u0142u powinny by\u0107 utrzymywane przy ich wsp\u00f3\u0142udziale. Dotyczy to w szczeg\u00f3lno\u015bci nieruchomo\u015bci przyleg\u0142ych do budynk\u00f3w mieszkalnych, kt\u00f3re nie pe\u0142ni\u0105 funkcji og\u00f3lnomiejskich. W analizowanym przypadku m\u00f3wimy o obszarze obejmuj\u0105cym \u0142\u0105cznie 20 nieruchomo\u015bci mieszkalnych, wykorzystywanym w praktyce wy\u0142\u0105cznie przez mieszka\u0144c\u00f3w tego kwarta\u0142u. Miasto &#8211; poprzez Zak\u0142ad Gospodarki Mieszkaniowej &#8211; deklarowa\u0142o udzia\u0142 w kosztach proporcjonalnie do posiadanych udzia\u0142\u00f3w, jednak warunkiem koniecznym by\u0142o formalne zaanga\u017cowanie wsp\u00f3lnot.<\/p>\n\n\n\n<p><strong>Decyzje wsp\u00f3lnot przes\u0105dzi\u0142y o losie inwestycji<\/strong><\/p>\n\n\n\n<p>Pomimo wcze\u015bniejszych deklaracji, wsp\u00f3lnoty mieszkaniowe w kolejnych uchwa\u0142ach wycofa\u0142y si\u0119 z przej\u0119cia obowi\u0105zk\u00f3w zwi\u0105zanych z utrzymaniem placu zabaw &#8211; w cz\u0119\u015bci przypadk\u00f3w w drodze g\u0142osowa\u0144 wi\u0119kszo\u015bci\u0105 g\u0142os\u00f3w w\u0142a\u015bcicieli lokali. Tym samym przesta\u0142 by\u0107 spe\u0142niony kluczowy warunek realizacji projektu. W takiej sytuacji miasto nie ma podstaw do realizacji inwestycji w formule bud\u017cetu obywatelskiego &#8211; by\u0142oby to dzia\u0142anie nieodpowiedzialne i sprzeczne z zasadami gospodarowania \u015brodkami publicznymi.<\/p>\n\n\n\n<p><strong>Otwarto\u015b\u0107 na wsp\u00f3\u0142prac\u0119 pozostaje aktualna<\/strong><\/p>\n\n\n\n<p>Miasto podtrzymuje gotowo\u015b\u0107 do wsp\u00f3\u0142pracy z mieszka\u0144cami i wsp\u00f3lnotami mieszkaniowymi w zakresie zagospodarowania tego terenu. Obowi\u0105zuj\u0105ce przepisy daj\u0105 realne mo\u017cliwo\u015bci uregulowania stanu prawnego grunt\u00f3w oraz ich docelowego zagospodarowania &#8211; m.in. poprzez dzier\u017caw\u0119 lub wykup z wysok\u0105 bonifikat\u0105 si\u0119gaj\u0105c\u0105 95 proc. Warunkiem jest jednak wsp\u00f3lna decyzja i gotowo\u015b\u0107 do wsp\u00f3\u0142odpowiedzialno\u015bci za przestrze\u0144, kt\u00f3ra s\u0142u\u017cy przede wszystkim lokalnej spo\u0142eczno\u015bci.<\/p>\n\n\n\n<p>Bud\u017cet obywatelski to narz\u0119dzie wsp\u00f3\u0142decydowania o mie\u015bcie, ale r\u00f3wnie\u017c wsp\u00f3\u0142odpowiedzialno\u015bci za realizowane projekty. W tym przypadku zabrak\u0142o jednego z kluczowych element\u00f3w &#8211; trwa\u0142ego zaanga\u017cowania wsp\u00f3lnot mieszkaniowych. Miasto dzia\u0142a w oparciu o transparentne zasady i do\u015bwiadczenie &#8211; tak, aby podejmowane inwestycje by\u0142y nie tylko realizowane, ale tak\u017ce trwa\u0142e i bezpieczne dla mieszka\u0144c\u00f3w. Dlatego miasto nie rezygnuje z idei zagospodarowania tego terenu &#8211; warunkiem jest jednak wsp\u00f3lna odpowiedzialno\u015b\u0107 za jego utrzymanie.<\/p>\n","protected":false},"excerpt":{"rendered":"<p>Miasto zdecydowa\u0142o o odst\u0105pieniu od realizacji zadania pn. \u201eBudowa placu zabaw mi\u0119dzy ulicami Sikorskiego a \u0141u\u017cyck\u0105&#8221;, zg\u0142oszonego do bud\u017cetu obywatelskiego na 2026 rok. Decyzja wynika z braku spe\u0142nienia podstawowych warunk\u00f3w umo\u017cliwiaj\u0105cych jego wykonanie. Projekt od samego pocz\u0105tku by\u0142 procedowany w dialogu z mieszka\u0144cami oraz przedstawicielami wsp\u00f3lnot mieszkaniowych. Ju\u017c na etapie jego opiniowania jasno wskazywano, \u017ce [&hellip;]<\/p>\n","protected":false},"author":1,"featured_media":40307,"comment_status":"open","ping_status":"open","sticky":false,"template":"","format":"standard","meta":{"footnotes":"","_links_to":"","_links_to_target":""},"categories":[2009,593,589],"tags":[347,3451,763,197],"class_list":{"0":"post-40306","1":"post","2":"type-post","3":"status-publish","4":"format-standard","5":"has-post-thumbnail","7":"category-centrum-srodmiescie","8":"category-inwestycje-miejskie","9":"category-wiadomosci","10":"tag-budzet-obywatelski","11":"tag-luzycka","12":"tag-plac-zabaw","13":"tag-zgm"},"yoast_head":"<!-- This site is optimized with the Yoast SEO plugin v27.3 - https:\/\/yoast.com\/product\/yoast-seo-wordpress\/ -->\n<title>Placu zabaw z BO nie b\u0119dzie, bo wsp\u00f3lnoty mieszkaniowe nie chc\u0105 wzi\u0105\u0107 odpowiedzialno\u015bci za jego utrzymanie - Gorz\u00f3w News<\/title>\n<meta name=\"robots\" content=\"index, follow, max-snippet:-1, max-image-preview:large, max-video-preview:-1\" \/>\n<link rel=\"canonical\" href=\"https:\/\/gorzow.news\/index.php\/2026\/04\/28\/placu-zabaw-z-bo-nie-bedzie-bo-wspolnoty-mieszkaniowe-nie-chca-wziac-odpowiedzialnosci-za-jego-utrzymanie\/\" \/>\n<meta property=\"og:locale\" content=\"pl_PL\" \/>\n<meta property=\"og:type\" content=\"article\" \/>\n<meta property=\"og:title\" content=\"Placu zabaw z BO nie b\u0119dzie, bo wsp\u00f3lnoty mieszkaniowe nie chc\u0105 wzi\u0105\u0107 odpowiedzialno\u015bci za jego utrzymanie - Gorz\u00f3w News\" \/>\n<meta property=\"og:description\" content=\"Miasto zdecydowa\u0142o o odst\u0105pieniu od realizacji zadania pn. \u201eBudowa placu zabaw mi\u0119dzy ulicami Sikorskiego a \u0141u\u017cyck\u0105&#8221;, zg\u0142oszonego do bu\" \/>\n<meta property=\"og:url\" content=\"https:\/\/gorzow.news\/index.php\/2026\/04\/28\/placu-zabaw-z-bo-nie-bedzie-bo-wspolnoty-mieszkaniowe-nie-chca-wziac-odpowiedzialnosci-za-jego-utrzymanie\/\" \/>\n<meta property=\"og:site_name\" content=\"Gorz\u00f3w News\" \/>\n<meta property=\"article:publisher\" content=\"https:\/\/www.facebook.com\/gorzowskinews\" \/>\n<meta property=\"article:published_time\" content=\"2026-04-28T19:38:26+00:00\" \/>\n<meta property=\"article:modified_time\" content=\"2026-04-28T19:38:29+00:00\" \/>\n<meta property=\"og:image\" content=\"https:\/\/gorzow.news\/wp-content\/uploads\/2026\/04\/DJI_20251208160002_0461_D-kopia.jpg\" \/>\n\t<meta property=\"og:image:width\" content=\"1600\" \/>\n\t<meta property=\"og:image:height\" content=\"757\" \/>\n\t<meta property=\"og:image:type\" content=\"image\/jpeg\" \/>\n<meta name=\"author\" content=\"maciej\" \/>\n<meta name=\"twitter:card\" content=\"summary_large_image\" \/>\n<meta name=\"twitter:label1\" content=\"Napisane przez\" \/>\n\t<meta name=\"twitter:data1\" content=\"maciej\" \/>\n\t<meta name=\"twitter:label2\" content=\"Szacowany czas czytania\" \/>\n\t<meta name=\"twitter:data2\" content=\"3 minuty\" \/>\n<script type=\"application\/ld+json\" class=\"yoast-schema-graph\">{\"@context\":\"https:\\\/\\\/schema.org\",\"@graph\":[{\"@type\":\"Article\",\"@id\":\"https:\\\/\\\/gorzow.news\\\/index.php\\\/2026\\\/04\\\/28\\\/placu-zabaw-z-bo-nie-bedzie-bo-wspolnoty-mieszkaniowe-nie-chca-wziac-odpowiedzialnosci-za-jego-utrzymanie\\\/#article\",\"isPartOf\":{\"@id\":\"https:\\\/\\\/gorzow.news\\\/index.php\\\/2026\\\/04\\\/28\\\/placu-zabaw-z-bo-nie-bedzie-bo-wspolnoty-mieszkaniowe-nie-chca-wziac-odpowiedzialnosci-za-jego-utrzymanie\\\/\"},\"author\":{\"name\":\"maciej\",\"@id\":\"https:\\\/\\\/gorzow.news\\\/#\\\/schema\\\/person\\\/a1e5ab43166369f2ce236a1cd90995bb\"},\"headline\":\"Placu zabaw z BO nie b\u0119dzie, bo wsp\u00f3lnoty mieszkaniowe nie chc\u0105 wzi\u0105\u0107 odpowiedzialno\u015bci za jego utrzymanie\",\"datePublished\":\"2026-04-28T19:38:26+00:00\",\"dateModified\":\"2026-04-28T19:38:29+00:00\",\"mainEntityOfPage\":{\"@id\":\"https:\\\/\\\/gorzow.news\\\/index.php\\\/2026\\\/04\\\/28\\\/placu-zabaw-z-bo-nie-bedzie-bo-wspolnoty-mieszkaniowe-nie-chca-wziac-odpowiedzialnosci-za-jego-utrzymanie\\\/\"},\"wordCount\":604,\"commentCount\":0,\"image\":{\"@id\":\"https:\\\/\\\/gorzow.news\\\/index.php\\\/2026\\\/04\\\/28\\\/placu-zabaw-z-bo-nie-bedzie-bo-wspolnoty-mieszkaniowe-nie-chca-wziac-odpowiedzialnosci-za-jego-utrzymanie\\\/#primaryimage\"},\"thumbnailUrl\":\"https:\\\/\\\/gorzow.news\\\/wp-content\\\/uploads\\\/2026\\\/04\\\/DJI_20251208160002_0461_D-kopia.jpg\",\"keywords\":[\"Bud\u017cet Obywatelski\",\"\u0141u\u017cycka\",\"plac zabaw\",\"ZGM\"],\"articleSection\":[\"Centrum \\\/ \u015ar\u00f3dmie\u015bcie\",\"Inwestycje miejskie\",\"Wiadomo\u015bci\"],\"inLanguage\":\"pl-PL\",\"potentialAction\":[{\"@type\":\"CommentAction\",\"name\":\"Comment\",\"target\":[\"https:\\\/\\\/gorzow.news\\\/index.php\\\/2026\\\/04\\\/28\\\/placu-zabaw-z-bo-nie-bedzie-bo-wspolnoty-mieszkaniowe-nie-chca-wziac-odpowiedzialnosci-za-jego-utrzymanie\\\/#respond\"]}]},{\"@type\":\"WebPage\",\"@id\":\"https:\\\/\\\/gorzow.news\\\/index.php\\\/2026\\\/04\\\/28\\\/placu-zabaw-z-bo-nie-bedzie-bo-wspolnoty-mieszkaniowe-nie-chca-wziac-odpowiedzialnosci-za-jego-utrzymanie\\\/\",\"url\":\"https:\\\/\\\/gorzow.news\\\/index.php\\\/2026\\\/04\\\/28\\\/placu-zabaw-z-bo-nie-bedzie-bo-wspolnoty-mieszkaniowe-nie-chca-wziac-odpowiedzialnosci-za-jego-utrzymanie\\\/\",\"name\":\"Placu zabaw z BO nie b\u0119dzie, bo wsp\u00f3lnoty mieszkaniowe nie chc\u0105 wzi\u0105\u0107 odpowiedzialno\u015bci za jego utrzymanie - Gorz\u00f3w News\",\"isPartOf\":{\"@id\":\"https:\\\/\\\/gorzow.news\\\/#website\"},\"primaryImageOfPage\":{\"@id\":\"https:\\\/\\\/gorzow.news\\\/index.php\\\/2026\\\/04\\\/28\\\/placu-zabaw-z-bo-nie-bedzie-bo-wspolnoty-mieszkaniowe-nie-chca-wziac-odpowiedzialnosci-za-jego-utrzymanie\\\/#primaryimage\"},\"image\":{\"@id\":\"https:\\\/\\\/gorzow.news\\\/index.php\\\/2026\\\/04\\\/28\\\/placu-zabaw-z-bo-nie-bedzie-bo-wspolnoty-mieszkaniowe-nie-chca-wziac-odpowiedzialnosci-za-jego-utrzymanie\\\/#primaryimage\"},\"thumbnailUrl\":\"https:\\\/\\\/gorzow.news\\\/wp-content\\\/uploads\\\/2026\\\/04\\\/DJI_20251208160002_0461_D-kopia.jpg\",\"datePublished\":\"2026-04-28T19:38:26+00:00\",\"dateModified\":\"2026-04-28T19:38:29+00:00\",\"author\":{\"@id\":\"https:\\\/\\\/gorzow.news\\\/#\\\/schema\\\/person\\\/a1e5ab43166369f2ce236a1cd90995bb\"},\"breadcrumb\":{\"@id\":\"https:\\\/\\\/gorzow.news\\\/index.php\\\/2026\\\/04\\\/28\\\/placu-zabaw-z-bo-nie-bedzie-bo-wspolnoty-mieszkaniowe-nie-chca-wziac-odpowiedzialnosci-za-jego-utrzymanie\\\/#breadcrumb\"},\"inLanguage\":\"pl-PL\",\"potentialAction\":[{\"@type\":\"ReadAction\",\"target\":[\"https:\\\/\\\/gorzow.news\\\/index.php\\\/2026\\\/04\\\/28\\\/placu-zabaw-z-bo-nie-bedzie-bo-wspolnoty-mieszkaniowe-nie-chca-wziac-odpowiedzialnosci-za-jego-utrzymanie\\\/\"]}]},{\"@type\":\"ImageObject\",\"inLanguage\":\"pl-PL\",\"@id\":\"https:\\\/\\\/gorzow.news\\\/index.php\\\/2026\\\/04\\\/28\\\/placu-zabaw-z-bo-nie-bedzie-bo-wspolnoty-mieszkaniowe-nie-chca-wziac-odpowiedzialnosci-za-jego-utrzymanie\\\/#primaryimage\",\"url\":\"https:\\\/\\\/gorzow.news\\\/wp-content\\\/uploads\\\/2026\\\/04\\\/DJI_20251208160002_0461_D-kopia.jpg\",\"contentUrl\":\"https:\\\/\\\/gorzow.news\\\/wp-content\\\/uploads\\\/2026\\\/04\\\/DJI_20251208160002_0461_D-kopia.jpg\",\"width\":1600,\"height\":757,\"caption\":\"Inwestycja z bud\u017cetu obywatelskiego nie zostanie zrealizowana?\"},{\"@type\":\"BreadcrumbList\",\"@id\":\"https:\\\/\\\/gorzow.news\\\/index.php\\\/2026\\\/04\\\/28\\\/placu-zabaw-z-bo-nie-bedzie-bo-wspolnoty-mieszkaniowe-nie-chca-wziac-odpowiedzialnosci-za-jego-utrzymanie\\\/#breadcrumb\",\"itemListElement\":[{\"@type\":\"ListItem\",\"position\":1,\"name\":\"Home\",\"item\":\"https:\\\/\\\/gorzow.news\\\/\"},{\"@type\":\"ListItem\",\"position\":2,\"name\":\"Placu zabaw z BO nie b\u0119dzie, bo wsp\u00f3lnoty mieszkaniowe nie chc\u0105 wzi\u0105\u0107 odpowiedzialno\u015bci za jego utrzymanie\"}]},{\"@type\":\"WebSite\",\"@id\":\"https:\\\/\\\/gorzow.news\\\/#website\",\"url\":\"https:\\\/\\\/gorzow.news\\\/\",\"name\":\"Gorz\u00f3w News\",\"description\":\"Sp\u00f3jrz inaczej na miato i region...\",\"potentialAction\":[{\"@type\":\"SearchAction\",\"target\":{\"@type\":\"EntryPoint\",\"urlTemplate\":\"https:\\\/\\\/gorzow.news\\\/?s={search_term_string}\"},\"query-input\":{\"@type\":\"PropertyValueSpecification\",\"valueRequired\":true,\"valueName\":\"search_term_string\"}}],\"inLanguage\":\"pl-PL\"},{\"@type\":\"Person\",\"@id\":\"https:\\\/\\\/gorzow.news\\\/#\\\/schema\\\/person\\\/a1e5ab43166369f2ce236a1cd90995bb\",\"name\":\"maciej\",\"image\":{\"@type\":\"ImageObject\",\"inLanguage\":\"pl-PL\",\"@id\":\"https:\\\/\\\/secure.gravatar.com\\\/avatar\\\/530a674d56ba60cfa0ef21d74e8e8d123a51bb7aa6580465b5c2ab2c2e980a19?s=96&r=g&d=https:\\\/\\\/gorzow.news\\\/wp-content\\\/plugins\\\/userswp\\\/assets\\\/images\\\/no_profile.png\",\"url\":\"https:\\\/\\\/secure.gravatar.com\\\/avatar\\\/530a674d56ba60cfa0ef21d74e8e8d123a51bb7aa6580465b5c2ab2c2e980a19?s=96&r=g&d=https:\\\/\\\/gorzow.news\\\/wp-content\\\/plugins\\\/userswp\\\/assets\\\/images\\\/no_profile.png\",\"contentUrl\":\"https:\\\/\\\/secure.gravatar.com\\\/avatar\\\/530a674d56ba60cfa0ef21d74e8e8d123a51bb7aa6580465b5c2ab2c2e980a19?s=96&r=g&d=https:\\\/\\\/gorzow.news\\\/wp-content\\\/plugins\\\/userswp\\\/assets\\\/images\\\/no_profile.png\",\"caption\":\"maciej\"},\"url\":\"https:\\\/\\\/gorzow.news\\\/index.php\\\/profile\\\/maciej\\\/\"}]}<\/script>\n<!-- \/ Yoast SEO plugin. -->","yoast_head_json":{"title":"Placu zabaw z BO nie b\u0119dzie, bo wsp\u00f3lnoty mieszkaniowe nie chc\u0105 wzi\u0105\u0107 odpowiedzialno\u015bci za jego utrzymanie - Gorz\u00f3w News","robots":{"index":"index","follow":"follow","max-snippet":"max-snippet:-1","max-image-preview":"max-image-preview:large","max-video-preview":"max-video-preview:-1"},"canonical":"https:\/\/gorzow.news\/index.php\/2026\/04\/28\/placu-zabaw-z-bo-nie-bedzie-bo-wspolnoty-mieszkaniowe-nie-chca-wziac-odpowiedzialnosci-za-jego-utrzymanie\/","og_locale":"pl_PL","og_type":"article","og_title":"Placu zabaw z BO nie b\u0119dzie, bo wsp\u00f3lnoty mieszkaniowe nie chc\u0105 wzi\u0105\u0107 odpowiedzialno\u015bci za jego utrzymanie - Gorz\u00f3w News","og_description":"Miasto zdecydowa\u0142o o odst\u0105pieniu od realizacji zadania pn. \u201eBudowa placu zabaw mi\u0119dzy ulicami Sikorskiego a \u0141u\u017cyck\u0105&#8221;, zg\u0142oszonego do bu","og_url":"https:\/\/gorzow.news\/index.php\/2026\/04\/28\/placu-zabaw-z-bo-nie-bedzie-bo-wspolnoty-mieszkaniowe-nie-chca-wziac-odpowiedzialnosci-za-jego-utrzymanie\/","og_site_name":"Gorz\u00f3w News","article_publisher":"https:\/\/www.facebook.com\/gorzowskinews","article_published_time":"2026-04-28T19:38:26+00:00","article_modified_time":"2026-04-28T19:38:29+00:00","og_image":[{"width":1600,"height":757,"url":"https:\/\/gorzow.news\/wp-content\/uploads\/2026\/04\/DJI_20251208160002_0461_D-kopia.jpg","type":"image\/jpeg"}],"author":"maciej","twitter_card":"summary_large_image","twitter_misc":{"Napisane przez":"maciej","Szacowany czas czytania":"3 minuty"},"schema":{"@context":"https:\/\/schema.org","@graph":[{"@type":"Article","@id":"https:\/\/gorzow.news\/index.php\/2026\/04\/28\/placu-zabaw-z-bo-nie-bedzie-bo-wspolnoty-mieszkaniowe-nie-chca-wziac-odpowiedzialnosci-za-jego-utrzymanie\/#article","isPartOf":{"@id":"https:\/\/gorzow.news\/index.php\/2026\/04\/28\/placu-zabaw-z-bo-nie-bedzie-bo-wspolnoty-mieszkaniowe-nie-chca-wziac-odpowiedzialnosci-za-jego-utrzymanie\/"},"author":{"name":"maciej","@id":"https:\/\/gorzow.news\/#\/schema\/person\/a1e5ab43166369f2ce236a1cd90995bb"},"headline":"Placu zabaw z BO nie b\u0119dzie, bo wsp\u00f3lnoty mieszkaniowe nie chc\u0105 wzi\u0105\u0107 odpowiedzialno\u015bci za jego utrzymanie","datePublished":"2026-04-28T19:38:26+00:00","dateModified":"2026-04-28T19:38:29+00:00","mainEntityOfPage":{"@id":"https:\/\/gorzow.news\/index.php\/2026\/04\/28\/placu-zabaw-z-bo-nie-bedzie-bo-wspolnoty-mieszkaniowe-nie-chca-wziac-odpowiedzialnosci-za-jego-utrzymanie\/"},"wordCount":604,"commentCount":0,"image":{"@id":"https:\/\/gorzow.news\/index.php\/2026\/04\/28\/placu-zabaw-z-bo-nie-bedzie-bo-wspolnoty-mieszkaniowe-nie-chca-wziac-odpowiedzialnosci-za-jego-utrzymanie\/#primaryimage"},"thumbnailUrl":"https:\/\/gorzow.news\/wp-content\/uploads\/2026\/04\/DJI_20251208160002_0461_D-kopia.jpg","keywords":["Bud\u017cet Obywatelski","\u0141u\u017cycka","plac zabaw","ZGM"],"articleSection":["Centrum \/ \u015ar\u00f3dmie\u015bcie","Inwestycje miejskie","Wiadomo\u015bci"],"inLanguage":"pl-PL","potentialAction":[{"@type":"CommentAction","name":"Comment","target":["https:\/\/gorzow.news\/index.php\/2026\/04\/28\/placu-zabaw-z-bo-nie-bedzie-bo-wspolnoty-mieszkaniowe-nie-chca-wziac-odpowiedzialnosci-za-jego-utrzymanie\/#respond"]}]},{"@type":"WebPage","@id":"https:\/\/gorzow.news\/index.php\/2026\/04\/28\/placu-zabaw-z-bo-nie-bedzie-bo-wspolnoty-mieszkaniowe-nie-chca-wziac-odpowiedzialnosci-za-jego-utrzymanie\/","url":"https:\/\/gorzow.news\/index.php\/2026\/04\/28\/placu-zabaw-z-bo-nie-bedzie-bo-wspolnoty-mieszkaniowe-nie-chca-wziac-odpowiedzialnosci-za-jego-utrzymanie\/","name":"Placu zabaw z BO nie b\u0119dzie, bo wsp\u00f3lnoty mieszkaniowe nie chc\u0105 wzi\u0105\u0107 odpowiedzialno\u015bci za jego utrzymanie - Gorz\u00f3w News","isPartOf":{"@id":"https:\/\/gorzow.news\/#website"},"primaryImageOfPage":{"@id":"https:\/\/gorzow.news\/index.php\/2026\/04\/28\/placu-zabaw-z-bo-nie-bedzie-bo-wspolnoty-mieszkaniowe-nie-chca-wziac-odpowiedzialnosci-za-jego-utrzymanie\/#primaryimage"},"image":{"@id":"https:\/\/gorzow.news\/index.php\/2026\/04\/28\/placu-zabaw-z-bo-nie-bedzie-bo-wspolnoty-mieszkaniowe-nie-chca-wziac-odpowiedzialnosci-za-jego-utrzymanie\/#primaryimage"},"thumbnailUrl":"https:\/\/gorzow.news\/wp-content\/uploads\/2026\/04\/DJI_20251208160002_0461_D-kopia.jpg","datePublished":"2026-04-28T19:38:26+00:00","dateModified":"2026-04-28T19:38:29+00:00","author":{"@id":"https:\/\/gorzow.news\/#\/schema\/person\/a1e5ab43166369f2ce236a1cd90995bb"},"breadcrumb":{"@id":"https:\/\/gorzow.news\/index.php\/2026\/04\/28\/placu-zabaw-z-bo-nie-bedzie-bo-wspolnoty-mieszkaniowe-nie-chca-wziac-odpowiedzialnosci-za-jego-utrzymanie\/#breadcrumb"},"inLanguage":"pl-PL","potentialAction":[{"@type":"ReadAction","target":["https:\/\/gorzow.news\/index.php\/2026\/04\/28\/placu-zabaw-z-bo-nie-bedzie-bo-wspolnoty-mieszkaniowe-nie-chca-wziac-odpowiedzialnosci-za-jego-utrzymanie\/"]}]},{"@type":"ImageObject","inLanguage":"pl-PL","@id":"https:\/\/gorzow.news\/index.php\/2026\/04\/28\/placu-zabaw-z-bo-nie-bedzie-bo-wspolnoty-mieszkaniowe-nie-chca-wziac-odpowiedzialnosci-za-jego-utrzymanie\/#primaryimage","url":"https:\/\/gorzow.news\/wp-content\/uploads\/2026\/04\/DJI_20251208160002_0461_D-kopia.jpg","contentUrl":"https:\/\/gorzow.news\/wp-content\/uploads\/2026\/04\/DJI_20251208160002_0461_D-kopia.jpg","width":1600,"height":757,"caption":"Inwestycja z bud\u017cetu obywatelskiego nie zostanie zrealizowana?"},{"@type":"BreadcrumbList","@id":"https:\/\/gorzow.news\/index.php\/2026\/04\/28\/placu-zabaw-z-bo-nie-bedzie-bo-wspolnoty-mieszkaniowe-nie-chca-wziac-odpowiedzialnosci-za-jego-utrzymanie\/#breadcrumb","itemListElement":[{"@type":"ListItem","position":1,"name":"Home","item":"https:\/\/gorzow.news\/"},{"@type":"ListItem","position":2,"name":"Placu zabaw z BO nie b\u0119dzie, bo wsp\u00f3lnoty mieszkaniowe nie chc\u0105 wzi\u0105\u0107 odpowiedzialno\u015bci za jego utrzymanie"}]},{"@type":"WebSite","@id":"https:\/\/gorzow.news\/#website","url":"https:\/\/gorzow.news\/","name":"Gorz\u00f3w News","description":"Sp\u00f3jrz inaczej na miato i region...","potentialAction":[{"@type":"SearchAction","target":{"@type":"EntryPoint","urlTemplate":"https:\/\/gorzow.news\/?s={search_term_string}"},"query-input":{"@type":"PropertyValueSpecification","valueRequired":true,"valueName":"search_term_string"}}],"inLanguage":"pl-PL"},{"@type":"Person","@id":"https:\/\/gorzow.news\/#\/schema\/person\/a1e5ab43166369f2ce236a1cd90995bb","name":"maciej","image":{"@type":"ImageObject","inLanguage":"pl-PL","@id":"https:\/\/secure.gravatar.com\/avatar\/530a674d56ba60cfa0ef21d74e8e8d123a51bb7aa6580465b5c2ab2c2e980a19?s=96&r=g&d=https:\/\/gorzow.news\/wp-content\/plugins\/userswp\/assets\/images\/no_profile.png","url":"https:\/\/secure.gravatar.com\/avatar\/530a674d56ba60cfa0ef21d74e8e8d123a51bb7aa6580465b5c2ab2c2e980a19?s=96&r=g&d=https:\/\/gorzow.news\/wp-content\/plugins\/userswp\/assets\/images\/no_profile.png","contentUrl":"https:\/\/secure.gravatar.com\/avatar\/530a674d56ba60cfa0ef21d74e8e8d123a51bb7aa6580465b5c2ab2c2e980a19?s=96&r=g&d=https:\/\/gorzow.news\/wp-content\/plugins\/userswp\/assets\/images\/no_profile.png","caption":"maciej"},"url":"https:\/\/gorzow.news\/index.php\/profile\/maciej\/"}]}},"_links":{"self":[{"href":"https:\/\/gorzow.news\/index.php\/wp-json\/wp\/v2\/posts\/40306","targetHints":{"allow":["GET"]}}],"collection":[{"href":"https:\/\/gorzow.news\/index.php\/wp-json\/wp\/v2\/posts"}],"about":[{"href":"https:\/\/gorzow.news\/index.php\/wp-json\/wp\/v2\/types\/post"}],"author":[{"embeddable":true,"href":"https:\/\/gorzow.news\/index.php\/wp-json\/wp\/v2\/users\/1"}],"replies":[{"embeddable":true,"href":"https:\/\/gorzow.news\/index.php\/wp-json\/wp\/v2\/comments?post=40306"}],"version-history":[{"count":1,"href":"https:\/\/gorzow.news\/index.php\/wp-json\/wp\/v2\/posts\/40306\/revisions"}],"predecessor-version":[{"id":40308,"href":"https:\/\/gorzow.news\/index.php\/wp-json\/wp\/v2\/posts\/40306\/revisions\/40308"}],"wp:featuredmedia":[{"embeddable":true,"href":"https:\/\/gorzow.news\/index.php\/wp-json\/wp\/v2\/media\/40307"}],"wp:attachment":[{"href":"https:\/\/gorzow.news\/index.php\/wp-json\/wp\/v2\/media?parent=40306"}],"wp:term":[{"taxonomy":"category","embeddable":true,"href":"https:\/\/gorzow.news\/index.php\/wp-json\/wp\/v2\/categories?post=40306"},{"taxonomy":"post_tag","embeddable":true,"href":"https:\/\/gorzow.news\/index.php\/wp-json\/wp\/v2\/tags?post=40306"}],"curies":[{"name":"wp","href":"https:\/\/api.w.org\/{rel}","templated":true}]}}