{"id":40292,"date":"2026-04-27T14:19:21","date_gmt":"2026-04-27T12:19:21","guid":{"rendered":"https:\/\/gorzow.news\/?p=40292"},"modified":"2026-04-27T14:19:25","modified_gmt":"2026-04-27T12:19:25","slug":"miasto-oglosilo-kolejny-duzy-przetarg-na-autobusy-elektryczne-aby-autobusy-przyjechaly-trzeba-pozyskac-srodki","status":"publish","type":"post","link":"https:\/\/gorzow.news\/index.php\/2026\/04\/27\/miasto-oglosilo-kolejny-duzy-przetarg-na-autobusy-elektryczne-aby-autobusy-przyjechaly-trzeba-pozyskac-srodki\/","title":{"rendered":"Miasto og\u0142osi\u0142o kolejny du\u017cy przetarg na autobusy elektryczne. Aby autobusy przyjecha\u0142y trzeba pozyska\u0107 \u015brodki"},"content":{"rendered":"\n<p><strong>Urz\u0105d Miasta rozpocz\u0105\u0142 czwarty etap modernizacji miejskiego taboru. Og\u0142oszono post\u0119powanie na dostaw\u0119 14 nowoczesnych autobus\u00f3w elektrycznych wraz z niezb\u0119dn\u0105 infrastruktur\u0105 do ich \u0142adowania. Inwestycja, finansowana ze \u015brodk\u00f3w unijnych, ma znacz\u0105co podnie\u015b\u0107 komfort podr\u00f3\u017cnych i zadba\u0107 o czystsze powietrze w mie\u015bcie.<\/strong><\/p>\n\n\n\n<p><strong>Nowa flota dla Gorzowa: MAXI i MIDI na ulicach<\/strong><\/p>\n\n\n\n<p>Przedmiotem og\u0142oszonego zam\u00f3wienia jest zakup fabrycznie nowych, zeroemisyjnych i niskopod\u0142ogowych pojazd\u00f3w. Miasto podzieli\u0142o inwestycj\u0119 na dwie kluczowe cz\u0119\u015bci, aby precyzyjnie dopasowa\u0107 tabor do potrzeb r\u00f3\u017cnych linii komunikacyjnych:<\/p>\n\n\n\n<p>Cz\u0119\u015b\u0107 1 &#8211; Autobusy klasy MAXI: Obejmuje dostaw\u0119 12 pojazd\u00f3w o d\u0142ugo\u015bci oko\u0142o 12 metr\u00f3w. S\u0105 to standardowe autobusy miejskie przeznaczone do obs\u0142ugi najbardziej obci\u0105\u017conych tras.<\/p>\n\n\n\n<p>Cz\u0119\u015b\u0107 2 &#8211; Autobusy klasy MIDI: W tej cz\u0119\u015bci miasto zakupi 2 mniejsze jednostki.<\/p>\n\n\n\n<p>Wszystkie pojazdy musz\u0105 posiada\u0107 odpowiednie homologacje i spe\u0142nia\u0107 rygorystyczne normy bezpiecze\u0144stwa oraz techniczne, w tym wymogi dotycz\u0105ce wytrzyma\u0142o\u015bci konstrukcji.<\/p>\n\n\n\n<p><strong>Nie tylko autobusy &#8211; rozbudowa infrastruktury<\/strong><\/p>\n\n\n\n<p>Etap IV to nie tylko same pojazdy. Wybrani dostawcy b\u0119d\u0105 odpowiedzialni r\u00f3wnie\u017c za rozbudow\u0119 infrastruktury \u0142adowania na terenie Gorzowa. Dodatkowo zam\u00f3wienie obejmuje: udzielenie autoryzacji Zamawiaj\u0105cemu na wykonywanie obs\u0142ugi technicznej i napraw gwarancyjnych; przeprowadzenie specjalistycznych szkole\u0144 dla personelu w zakresie eksploatacji nowych autobus\u00f3w.<\/p>\n\n\n\n<p>Inwestycja jest realizowana z my\u015bl\u0105 o dofinansowaniu z programu Fundusze Europejskie na Infrastruktur\u0119, Klimat, \u015arodowisko 2021-2027 (FEnIKS).<\/p>\n\n\n\n<div class=\"g g-15\"><div class=\"g-single a-42\"><a href=\"https:\/\/www.facebook.com\/pluginAR\" target=\"_blank\"><img decoding=\"async\" src=\"https:\/\/gorzow.news\/wp-content\/uploads\/2026\/01\/plugin.jpg\" height=\"800\" \/><\/a><\/div><\/div>\n\n\n\n<p><strong>Kluczowe terminy dla oferent\u00f3w<\/strong><\/p>\n\n\n\n<p>Firmy zainteresowane dostarczeniem autobus\u00f3w dla Gorzowa musz\u0105 przygotowa\u0107 swoje propozycje w ci\u0105gu najbli\u017cszego miesi\u0105ca.<\/p>\n\n\n\n<p><strong>Termin sk\u0142adania ofert:<\/strong> Dokumenty nale\u017cy z\u0142o\u017cy\u0107 drog\u0105 elektroniczn\u0105 do 29 maja 2026 roku, do godziny 10:00.<\/p>\n\n\n\n<p><strong>Otwarcie ofert:<\/strong> Publiczne otwarcie nast\u0105pi tego samego dnia o godzinie 10:15.<\/p>\n\n\n\n<p><strong>Czas na realizacj\u0119:<\/strong> Wykonawcy b\u0119d\u0105 mieli 450 dni na sfinalizowanie ca\u0142o\u015bci zam\u00f3wienia od momentu podpisania umowy.<\/p>\n\n\n\n<p>Miasto zastrzeg\u0142o, \u017ce umowy zostan\u0105 zawarte pod warunkiem uzyskania dofinansowania w terminie 8 miesi\u0119cy od dnia ich podpisania.<\/p>\n","protected":false},"excerpt":{"rendered":"<p>Urz\u0105d Miasta rozpocz\u0105\u0142 czwarty etap modernizacji miejskiego taboru. Og\u0142oszono post\u0119powanie na dostaw\u0119 14 nowoczesnych autobus\u00f3w elektrycznych wraz z niezb\u0119dn\u0105 infrastruktur\u0105 do ich \u0142adowania. Inwestycja, finansowana ze \u015brodk\u00f3w unijnych, ma znacz\u0105co podnie\u015b\u0107 komfort podr\u00f3\u017cnych i zadba\u0107 o czystsze powietrze w mie\u015bcie. Nowa flota dla Gorzowa: MAXI i MIDI na ulicach Przedmiotem og\u0142oszonego zam\u00f3wienia jest zakup fabrycznie [&hellip;]<\/p>\n","protected":false},"author":1,"featured_media":40293,"comment_status":"open","ping_status":"open","sticky":false,"template":"","format":"standard","meta":{"footnotes":"","_links_to":"","_links_to_target":""},"categories":[593,589],"tags":[1633,959],"class_list":{"0":"post-40292","1":"post","2":"type-post","3":"status-publish","4":"format-standard","5":"has-post-thumbnail","7":"category-inwestycje-miejskie","8":"category-wiadomosci","9":"tag-autobusy-elektryczne","10":"tag-przetarg"},"yoast_head":"<!-- This site is optimized with the Yoast SEO plugin v27.3 - https:\/\/yoast.com\/product\/yoast-seo-wordpress\/ -->\n<title>Miasto og\u0142osi\u0142o kolejny du\u017cy przetarg na autobusy elektryczne. Aby autobusy przyjecha\u0142y trzeba pozyska\u0107 \u015brodki - Gorz\u00f3w News<\/title>\n<meta name=\"description\" content=\"Urz\u0105d Miasta rozpocz\u0105\u0142 czwarty etap modernizacji miejskiego taboru. Og\u0142oszono post\u0119powanie na dostaw\u0119 14 nowoczesnych autobus\u00f3w elektrycznych w\" \/>\n<meta name=\"robots\" content=\"index, follow, max-snippet:-1, max-image-preview:large, max-video-preview:-1\" \/>\n<link rel=\"canonical\" href=\"https:\/\/gorzow.news\/index.php\/2026\/04\/27\/miasto-oglosilo-kolejny-duzy-przetarg-na-autobusy-elektryczne-aby-autobusy-przyjechaly-trzeba-pozyskac-srodki\/\" \/>\n<meta property=\"og:locale\" content=\"pl_PL\" \/>\n<meta property=\"og:type\" content=\"article\" \/>\n<meta property=\"og:title\" content=\"Miasto og\u0142osi\u0142o kolejny du\u017cy przetarg na autobusy elektryczne. Aby autobusy przyjecha\u0142y trzeba pozyska\u0107 \u015brodki - Gorz\u00f3w News\" \/>\n<meta property=\"og:description\" content=\"Urz\u0105d Miasta rozpocz\u0105\u0142 czwarty etap modernizacji miejskiego taboru. Og\u0142oszono post\u0119powanie na dostaw\u0119 14 nowoczesnych autobus\u00f3w elektrycznych w\" \/>\n<meta property=\"og:url\" content=\"https:\/\/gorzow.news\/index.php\/2026\/04\/27\/miasto-oglosilo-kolejny-duzy-przetarg-na-autobusy-elektryczne-aby-autobusy-przyjechaly-trzeba-pozyskac-srodki\/\" \/>\n<meta property=\"og:site_name\" content=\"Gorz\u00f3w News\" \/>\n<meta property=\"article:publisher\" content=\"https:\/\/www.facebook.com\/gorzowskinews\" \/>\n<meta property=\"article:published_time\" content=\"2026-04-27T12:19:21+00:00\" \/>\n<meta property=\"article:modified_time\" content=\"2026-04-27T12:19:25+00:00\" \/>\n<meta property=\"og:image\" content=\"https:\/\/gorzow.news\/wp-content\/uploads\/2026\/04\/fotob-22845.jpg\" \/>\n\t<meta property=\"og:image:width\" content=\"1620\" \/>\n\t<meta property=\"og:image:height\" content=\"766\" \/>\n\t<meta property=\"og:image:type\" content=\"image\/jpeg\" \/>\n<meta name=\"author\" content=\"maciej\" \/>\n<meta name=\"twitter:card\" content=\"summary_large_image\" \/>\n<meta name=\"twitter:label1\" content=\"Napisane przez\" \/>\n\t<meta name=\"twitter:data1\" content=\"maciej\" \/>\n\t<meta name=\"twitter:label2\" content=\"Szacowany czas czytania\" \/>\n\t<meta name=\"twitter:data2\" content=\"2 minuty\" \/>\n<script type=\"application\/ld+json\" class=\"yoast-schema-graph\">{\"@context\":\"https:\\\/\\\/schema.org\",\"@graph\":[{\"@type\":\"Article\",\"@id\":\"https:\\\/\\\/gorzow.news\\\/index.php\\\/2026\\\/04\\\/27\\\/miasto-oglosilo-kolejny-duzy-przetarg-na-autobusy-elektryczne-aby-autobusy-przyjechaly-trzeba-pozyskac-srodki\\\/#article\",\"isPartOf\":{\"@id\":\"https:\\\/\\\/gorzow.news\\\/index.php\\\/2026\\\/04\\\/27\\\/miasto-oglosilo-kolejny-duzy-przetarg-na-autobusy-elektryczne-aby-autobusy-przyjechaly-trzeba-pozyskac-srodki\\\/\"},\"author\":{\"name\":\"maciej\",\"@id\":\"https:\\\/\\\/gorzow.news\\\/#\\\/schema\\\/person\\\/a1e5ab43166369f2ce236a1cd90995bb\"},\"headline\":\"Miasto og\u0142osi\u0142o kolejny du\u017cy przetarg na autobusy elektryczne. Aby autobusy przyjecha\u0142y trzeba pozyska\u0107 \u015brodki\",\"datePublished\":\"2026-04-27T12:19:21+00:00\",\"dateModified\":\"2026-04-27T12:19:25+00:00\",\"mainEntityOfPage\":{\"@id\":\"https:\\\/\\\/gorzow.news\\\/index.php\\\/2026\\\/04\\\/27\\\/miasto-oglosilo-kolejny-duzy-przetarg-na-autobusy-elektryczne-aby-autobusy-przyjechaly-trzeba-pozyskac-srodki\\\/\"},\"wordCount\":339,\"commentCount\":0,\"image\":{\"@id\":\"https:\\\/\\\/gorzow.news\\\/index.php\\\/2026\\\/04\\\/27\\\/miasto-oglosilo-kolejny-duzy-przetarg-na-autobusy-elektryczne-aby-autobusy-przyjechaly-trzeba-pozyskac-srodki\\\/#primaryimage\"},\"thumbnailUrl\":\"https:\\\/\\\/gorzow.news\\\/wp-content\\\/uploads\\\/2026\\\/04\\\/fotob-22845.jpg\",\"keywords\":[\"autobusy elektryczne\",\"przetarg\"],\"articleSection\":[\"Inwestycje miejskie\",\"Wiadomo\u015bci\"],\"inLanguage\":\"pl-PL\",\"potentialAction\":[{\"@type\":\"CommentAction\",\"name\":\"Comment\",\"target\":[\"https:\\\/\\\/gorzow.news\\\/index.php\\\/2026\\\/04\\\/27\\\/miasto-oglosilo-kolejny-duzy-przetarg-na-autobusy-elektryczne-aby-autobusy-przyjechaly-trzeba-pozyskac-srodki\\\/#respond\"]}]},{\"@type\":\"WebPage\",\"@id\":\"https:\\\/\\\/gorzow.news\\\/index.php\\\/2026\\\/04\\\/27\\\/miasto-oglosilo-kolejny-duzy-przetarg-na-autobusy-elektryczne-aby-autobusy-przyjechaly-trzeba-pozyskac-srodki\\\/\",\"url\":\"https:\\\/\\\/gorzow.news\\\/index.php\\\/2026\\\/04\\\/27\\\/miasto-oglosilo-kolejny-duzy-przetarg-na-autobusy-elektryczne-aby-autobusy-przyjechaly-trzeba-pozyskac-srodki\\\/\",\"name\":\"Miasto og\u0142osi\u0142o kolejny du\u017cy przetarg na autobusy elektryczne. Aby autobusy przyjecha\u0142y trzeba pozyska\u0107 \u015brodki - Gorz\u00f3w News\",\"isPartOf\":{\"@id\":\"https:\\\/\\\/gorzow.news\\\/#website\"},\"primaryImageOfPage\":{\"@id\":\"https:\\\/\\\/gorzow.news\\\/index.php\\\/2026\\\/04\\\/27\\\/miasto-oglosilo-kolejny-duzy-przetarg-na-autobusy-elektryczne-aby-autobusy-przyjechaly-trzeba-pozyskac-srodki\\\/#primaryimage\"},\"image\":{\"@id\":\"https:\\\/\\\/gorzow.news\\\/index.php\\\/2026\\\/04\\\/27\\\/miasto-oglosilo-kolejny-duzy-przetarg-na-autobusy-elektryczne-aby-autobusy-przyjechaly-trzeba-pozyskac-srodki\\\/#primaryimage\"},\"thumbnailUrl\":\"https:\\\/\\\/gorzow.news\\\/wp-content\\\/uploads\\\/2026\\\/04\\\/fotob-22845.jpg\",\"datePublished\":\"2026-04-27T12:19:21+00:00\",\"dateModified\":\"2026-04-27T12:19:25+00:00\",\"author\":{\"@id\":\"https:\\\/\\\/gorzow.news\\\/#\\\/schema\\\/person\\\/a1e5ab43166369f2ce236a1cd90995bb\"},\"description\":\"Urz\u0105d Miasta rozpocz\u0105\u0142 czwarty etap modernizacji miejskiego taboru. Og\u0142oszono post\u0119powanie na dostaw\u0119 14 nowoczesnych autobus\u00f3w elektrycznych wraz z niezb\u0119dn\u0105 infrastruktur\u0105 do ich \u0142adowania. Inwestycja, finansowana ze \u015brodk\u00f3w unijnych, ma znacz\u0105co podnie\u015b\u0107 komfort podr\u00f3\u017cnych i zadba\u0107 o czystsze powietrze w mie\u015bcie.\",\"breadcrumb\":{\"@id\":\"https:\\\/\\\/gorzow.news\\\/index.php\\\/2026\\\/04\\\/27\\\/miasto-oglosilo-kolejny-duzy-przetarg-na-autobusy-elektryczne-aby-autobusy-przyjechaly-trzeba-pozyskac-srodki\\\/#breadcrumb\"},\"inLanguage\":\"pl-PL\",\"potentialAction\":[{\"@type\":\"ReadAction\",\"target\":[\"https:\\\/\\\/gorzow.news\\\/index.php\\\/2026\\\/04\\\/27\\\/miasto-oglosilo-kolejny-duzy-przetarg-na-autobusy-elektryczne-aby-autobusy-przyjechaly-trzeba-pozyskac-srodki\\\/\"]}]},{\"@type\":\"ImageObject\",\"inLanguage\":\"pl-PL\",\"@id\":\"https:\\\/\\\/gorzow.news\\\/index.php\\\/2026\\\/04\\\/27\\\/miasto-oglosilo-kolejny-duzy-przetarg-na-autobusy-elektryczne-aby-autobusy-przyjechaly-trzeba-pozyskac-srodki\\\/#primaryimage\",\"url\":\"https:\\\/\\\/gorzow.news\\\/wp-content\\\/uploads\\\/2026\\\/04\\\/fotob-22845.jpg\",\"contentUrl\":\"https:\\\/\\\/gorzow.news\\\/wp-content\\\/uploads\\\/2026\\\/04\\\/fotob-22845.jpg\",\"width\":1620,\"height\":766,\"caption\":\"fot. \u0141ukasz Kulczy\u0144ski\"},{\"@type\":\"BreadcrumbList\",\"@id\":\"https:\\\/\\\/gorzow.news\\\/index.php\\\/2026\\\/04\\\/27\\\/miasto-oglosilo-kolejny-duzy-przetarg-na-autobusy-elektryczne-aby-autobusy-przyjechaly-trzeba-pozyskac-srodki\\\/#breadcrumb\",\"itemListElement\":[{\"@type\":\"ListItem\",\"position\":1,\"name\":\"Home\",\"item\":\"https:\\\/\\\/gorzow.news\\\/\"},{\"@type\":\"ListItem\",\"position\":2,\"name\":\"Miasto og\u0142osi\u0142o kolejny du\u017cy przetarg na autobusy elektryczne. Aby autobusy przyjecha\u0142y trzeba pozyska\u0107 \u015brodki\"}]},{\"@type\":\"WebSite\",\"@id\":\"https:\\\/\\\/gorzow.news\\\/#website\",\"url\":\"https:\\\/\\\/gorzow.news\\\/\",\"name\":\"Gorz\u00f3w News\",\"description\":\"Sp\u00f3jrz inaczej na miato i region...\",\"potentialAction\":[{\"@type\":\"SearchAction\",\"target\":{\"@type\":\"EntryPoint\",\"urlTemplate\":\"https:\\\/\\\/gorzow.news\\\/?s={search_term_string}\"},\"query-input\":{\"@type\":\"PropertyValueSpecification\",\"valueRequired\":true,\"valueName\":\"search_term_string\"}}],\"inLanguage\":\"pl-PL\"},{\"@type\":\"Person\",\"@id\":\"https:\\\/\\\/gorzow.news\\\/#\\\/schema\\\/person\\\/a1e5ab43166369f2ce236a1cd90995bb\",\"name\":\"maciej\",\"image\":{\"@type\":\"ImageObject\",\"inLanguage\":\"pl-PL\",\"@id\":\"https:\\\/\\\/secure.gravatar.com\\\/avatar\\\/530a674d56ba60cfa0ef21d74e8e8d123a51bb7aa6580465b5c2ab2c2e980a19?s=96&r=g&d=https:\\\/\\\/gorzow.news\\\/wp-content\\\/plugins\\\/userswp\\\/assets\\\/images\\\/no_profile.png\",\"url\":\"https:\\\/\\\/secure.gravatar.com\\\/avatar\\\/530a674d56ba60cfa0ef21d74e8e8d123a51bb7aa6580465b5c2ab2c2e980a19?s=96&r=g&d=https:\\\/\\\/gorzow.news\\\/wp-content\\\/plugins\\\/userswp\\\/assets\\\/images\\\/no_profile.png\",\"contentUrl\":\"https:\\\/\\\/secure.gravatar.com\\\/avatar\\\/530a674d56ba60cfa0ef21d74e8e8d123a51bb7aa6580465b5c2ab2c2e980a19?s=96&r=g&d=https:\\\/\\\/gorzow.news\\\/wp-content\\\/plugins\\\/userswp\\\/assets\\\/images\\\/no_profile.png\",\"caption\":\"maciej\"},\"url\":\"https:\\\/\\\/gorzow.news\\\/index.php\\\/profile\\\/maciej\\\/\"}]}<\/script>\n<!-- \/ Yoast SEO plugin. -->","yoast_head_json":{"title":"Miasto og\u0142osi\u0142o kolejny du\u017cy przetarg na autobusy elektryczne. Aby autobusy przyjecha\u0142y trzeba pozyska\u0107 \u015brodki - Gorz\u00f3w News","description":"Urz\u0105d Miasta rozpocz\u0105\u0142 czwarty etap modernizacji miejskiego taboru. Og\u0142oszono post\u0119powanie na dostaw\u0119 14 nowoczesnych autobus\u00f3w elektrycznych w","robots":{"index":"index","follow":"follow","max-snippet":"max-snippet:-1","max-image-preview":"max-image-preview:large","max-video-preview":"max-video-preview:-1"},"canonical":"https:\/\/gorzow.news\/index.php\/2026\/04\/27\/miasto-oglosilo-kolejny-duzy-przetarg-na-autobusy-elektryczne-aby-autobusy-przyjechaly-trzeba-pozyskac-srodki\/","og_locale":"pl_PL","og_type":"article","og_title":"Miasto og\u0142osi\u0142o kolejny du\u017cy przetarg na autobusy elektryczne. Aby autobusy przyjecha\u0142y trzeba pozyska\u0107 \u015brodki - Gorz\u00f3w News","og_description":"Urz\u0105d Miasta rozpocz\u0105\u0142 czwarty etap modernizacji miejskiego taboru. Og\u0142oszono post\u0119powanie na dostaw\u0119 14 nowoczesnych autobus\u00f3w elektrycznych w","og_url":"https:\/\/gorzow.news\/index.php\/2026\/04\/27\/miasto-oglosilo-kolejny-duzy-przetarg-na-autobusy-elektryczne-aby-autobusy-przyjechaly-trzeba-pozyskac-srodki\/","og_site_name":"Gorz\u00f3w News","article_publisher":"https:\/\/www.facebook.com\/gorzowskinews","article_published_time":"2026-04-27T12:19:21+00:00","article_modified_time":"2026-04-27T12:19:25+00:00","og_image":[{"width":1620,"height":766,"url":"https:\/\/gorzow.news\/wp-content\/uploads\/2026\/04\/fotob-22845.jpg","type":"image\/jpeg"}],"author":"maciej","twitter_card":"summary_large_image","twitter_misc":{"Napisane przez":"maciej","Szacowany czas czytania":"2 minuty"},"schema":{"@context":"https:\/\/schema.org","@graph":[{"@type":"Article","@id":"https:\/\/gorzow.news\/index.php\/2026\/04\/27\/miasto-oglosilo-kolejny-duzy-przetarg-na-autobusy-elektryczne-aby-autobusy-przyjechaly-trzeba-pozyskac-srodki\/#article","isPartOf":{"@id":"https:\/\/gorzow.news\/index.php\/2026\/04\/27\/miasto-oglosilo-kolejny-duzy-przetarg-na-autobusy-elektryczne-aby-autobusy-przyjechaly-trzeba-pozyskac-srodki\/"},"author":{"name":"maciej","@id":"https:\/\/gorzow.news\/#\/schema\/person\/a1e5ab43166369f2ce236a1cd90995bb"},"headline":"Miasto og\u0142osi\u0142o kolejny du\u017cy przetarg na autobusy elektryczne. Aby autobusy przyjecha\u0142y trzeba pozyska\u0107 \u015brodki","datePublished":"2026-04-27T12:19:21+00:00","dateModified":"2026-04-27T12:19:25+00:00","mainEntityOfPage":{"@id":"https:\/\/gorzow.news\/index.php\/2026\/04\/27\/miasto-oglosilo-kolejny-duzy-przetarg-na-autobusy-elektryczne-aby-autobusy-przyjechaly-trzeba-pozyskac-srodki\/"},"wordCount":339,"commentCount":0,"image":{"@id":"https:\/\/gorzow.news\/index.php\/2026\/04\/27\/miasto-oglosilo-kolejny-duzy-przetarg-na-autobusy-elektryczne-aby-autobusy-przyjechaly-trzeba-pozyskac-srodki\/#primaryimage"},"thumbnailUrl":"https:\/\/gorzow.news\/wp-content\/uploads\/2026\/04\/fotob-22845.jpg","keywords":["autobusy elektryczne","przetarg"],"articleSection":["Inwestycje miejskie","Wiadomo\u015bci"],"inLanguage":"pl-PL","potentialAction":[{"@type":"CommentAction","name":"Comment","target":["https:\/\/gorzow.news\/index.php\/2026\/04\/27\/miasto-oglosilo-kolejny-duzy-przetarg-na-autobusy-elektryczne-aby-autobusy-przyjechaly-trzeba-pozyskac-srodki\/#respond"]}]},{"@type":"WebPage","@id":"https:\/\/gorzow.news\/index.php\/2026\/04\/27\/miasto-oglosilo-kolejny-duzy-przetarg-na-autobusy-elektryczne-aby-autobusy-przyjechaly-trzeba-pozyskac-srodki\/","url":"https:\/\/gorzow.news\/index.php\/2026\/04\/27\/miasto-oglosilo-kolejny-duzy-przetarg-na-autobusy-elektryczne-aby-autobusy-przyjechaly-trzeba-pozyskac-srodki\/","name":"Miasto og\u0142osi\u0142o kolejny du\u017cy przetarg na autobusy elektryczne. Aby autobusy przyjecha\u0142y trzeba pozyska\u0107 \u015brodki - Gorz\u00f3w News","isPartOf":{"@id":"https:\/\/gorzow.news\/#website"},"primaryImageOfPage":{"@id":"https:\/\/gorzow.news\/index.php\/2026\/04\/27\/miasto-oglosilo-kolejny-duzy-przetarg-na-autobusy-elektryczne-aby-autobusy-przyjechaly-trzeba-pozyskac-srodki\/#primaryimage"},"image":{"@id":"https:\/\/gorzow.news\/index.php\/2026\/04\/27\/miasto-oglosilo-kolejny-duzy-przetarg-na-autobusy-elektryczne-aby-autobusy-przyjechaly-trzeba-pozyskac-srodki\/#primaryimage"},"thumbnailUrl":"https:\/\/gorzow.news\/wp-content\/uploads\/2026\/04\/fotob-22845.jpg","datePublished":"2026-04-27T12:19:21+00:00","dateModified":"2026-04-27T12:19:25+00:00","author":{"@id":"https:\/\/gorzow.news\/#\/schema\/person\/a1e5ab43166369f2ce236a1cd90995bb"},"description":"Urz\u0105d Miasta rozpocz\u0105\u0142 czwarty etap modernizacji miejskiego taboru. Og\u0142oszono post\u0119powanie na dostaw\u0119 14 nowoczesnych autobus\u00f3w elektrycznych wraz z niezb\u0119dn\u0105 infrastruktur\u0105 do ich \u0142adowania. Inwestycja, finansowana ze \u015brodk\u00f3w unijnych, ma znacz\u0105co podnie\u015b\u0107 komfort podr\u00f3\u017cnych i zadba\u0107 o czystsze powietrze w mie\u015bcie.","breadcrumb":{"@id":"https:\/\/gorzow.news\/index.php\/2026\/04\/27\/miasto-oglosilo-kolejny-duzy-przetarg-na-autobusy-elektryczne-aby-autobusy-przyjechaly-trzeba-pozyskac-srodki\/#breadcrumb"},"inLanguage":"pl-PL","potentialAction":[{"@type":"ReadAction","target":["https:\/\/gorzow.news\/index.php\/2026\/04\/27\/miasto-oglosilo-kolejny-duzy-przetarg-na-autobusy-elektryczne-aby-autobusy-przyjechaly-trzeba-pozyskac-srodki\/"]}]},{"@type":"ImageObject","inLanguage":"pl-PL","@id":"https:\/\/gorzow.news\/index.php\/2026\/04\/27\/miasto-oglosilo-kolejny-duzy-przetarg-na-autobusy-elektryczne-aby-autobusy-przyjechaly-trzeba-pozyskac-srodki\/#primaryimage","url":"https:\/\/gorzow.news\/wp-content\/uploads\/2026\/04\/fotob-22845.jpg","contentUrl":"https:\/\/gorzow.news\/wp-content\/uploads\/2026\/04\/fotob-22845.jpg","width":1620,"height":766,"caption":"fot. \u0141ukasz Kulczy\u0144ski"},{"@type":"BreadcrumbList","@id":"https:\/\/gorzow.news\/index.php\/2026\/04\/27\/miasto-oglosilo-kolejny-duzy-przetarg-na-autobusy-elektryczne-aby-autobusy-przyjechaly-trzeba-pozyskac-srodki\/#breadcrumb","itemListElement":[{"@type":"ListItem","position":1,"name":"Home","item":"https:\/\/gorzow.news\/"},{"@type":"ListItem","position":2,"name":"Miasto og\u0142osi\u0142o kolejny du\u017cy przetarg na autobusy elektryczne. Aby autobusy przyjecha\u0142y trzeba pozyska\u0107 \u015brodki"}]},{"@type":"WebSite","@id":"https:\/\/gorzow.news\/#website","url":"https:\/\/gorzow.news\/","name":"Gorz\u00f3w News","description":"Sp\u00f3jrz inaczej na miato i region...","potentialAction":[{"@type":"SearchAction","target":{"@type":"EntryPoint","urlTemplate":"https:\/\/gorzow.news\/?s={search_term_string}"},"query-input":{"@type":"PropertyValueSpecification","valueRequired":true,"valueName":"search_term_string"}}],"inLanguage":"pl-PL"},{"@type":"Person","@id":"https:\/\/gorzow.news\/#\/schema\/person\/a1e5ab43166369f2ce236a1cd90995bb","name":"maciej","image":{"@type":"ImageObject","inLanguage":"pl-PL","@id":"https:\/\/secure.gravatar.com\/avatar\/530a674d56ba60cfa0ef21d74e8e8d123a51bb7aa6580465b5c2ab2c2e980a19?s=96&r=g&d=https:\/\/gorzow.news\/wp-content\/plugins\/userswp\/assets\/images\/no_profile.png","url":"https:\/\/secure.gravatar.com\/avatar\/530a674d56ba60cfa0ef21d74e8e8d123a51bb7aa6580465b5c2ab2c2e980a19?s=96&r=g&d=https:\/\/gorzow.news\/wp-content\/plugins\/userswp\/assets\/images\/no_profile.png","contentUrl":"https:\/\/secure.gravatar.com\/avatar\/530a674d56ba60cfa0ef21d74e8e8d123a51bb7aa6580465b5c2ab2c2e980a19?s=96&r=g&d=https:\/\/gorzow.news\/wp-content\/plugins\/userswp\/assets\/images\/no_profile.png","caption":"maciej"},"url":"https:\/\/gorzow.news\/index.php\/profile\/maciej\/"}]}},"_links":{"self":[{"href":"https:\/\/gorzow.news\/index.php\/wp-json\/wp\/v2\/posts\/40292","targetHints":{"allow":["GET"]}}],"collection":[{"href":"https:\/\/gorzow.news\/index.php\/wp-json\/wp\/v2\/posts"}],"about":[{"href":"https:\/\/gorzow.news\/index.php\/wp-json\/wp\/v2\/types\/post"}],"author":[{"embeddable":true,"href":"https:\/\/gorzow.news\/index.php\/wp-json\/wp\/v2\/users\/1"}],"replies":[{"embeddable":true,"href":"https:\/\/gorzow.news\/index.php\/wp-json\/wp\/v2\/comments?post=40292"}],"version-history":[{"count":1,"href":"https:\/\/gorzow.news\/index.php\/wp-json\/wp\/v2\/posts\/40292\/revisions"}],"predecessor-version":[{"id":40294,"href":"https:\/\/gorzow.news\/index.php\/wp-json\/wp\/v2\/posts\/40292\/revisions\/40294"}],"wp:featuredmedia":[{"embeddable":true,"href":"https:\/\/gorzow.news\/index.php\/wp-json\/wp\/v2\/media\/40293"}],"wp:attachment":[{"href":"https:\/\/gorzow.news\/index.php\/wp-json\/wp\/v2\/media?parent=40292"}],"wp:term":[{"taxonomy":"category","embeddable":true,"href":"https:\/\/gorzow.news\/index.php\/wp-json\/wp\/v2\/categories?post=40292"},{"taxonomy":"post_tag","embeddable":true,"href":"https:\/\/gorzow.news\/index.php\/wp-json\/wp\/v2\/tags?post=40292"}],"curies":[{"name":"wp","href":"https:\/\/api.w.org\/{rel}","templated":true}]}}