{"id":40266,"date":"2026-04-26T20:09:40","date_gmt":"2026-04-26T18:09:40","guid":{"rendered":"https:\/\/gorzow.news\/?p=40266"},"modified":"2026-04-26T20:09:42","modified_gmt":"2026-04-26T18:09:42","slug":"oslabiona-stal-mocno-postawila-sie-w-lesznie-gospodarzom-ostatecznie-5040-dla-unii","status":"publish","type":"post","link":"https:\/\/gorzow.news\/index.php\/2026\/04\/26\/oslabiona-stal-mocno-postawila-sie-w-lesznie-gospodarzom-ostatecznie-5040-dla-unii\/","title":{"rendered":"Os\u0142abiona Stal mocno postawi\u0142a si\u0119 w Lesznie gospodarzom. Ostatecznie 50:40 dla Unii"},"content":{"rendered":"\n<p><strong>W meczu 3. rundy PGE Ekstraligi Fogo Unia Leszno pokona\u0142a u siebie Gezet Stal Gorz\u00f3w 50:40. Gorzowianie walczyli bardzo ambitnie i przez spor\u0105 cz\u0119\u015b\u0107 zawod\u00f3w nawet prowadzili. Ostatecznie dwa du\u017ce punkty zosta\u0142y w Wielkopolsce.<\/strong><\/p>\n\n\n\n<p>Gorzowianie do tego starcia musieli przyst\u0105pi\u0107 os\u0142abieni brakiem <strong>Andersa Thomsena<\/strong>. Du\u0144czyk podczas p\u00f3\u0142fina\u0142u Dru\u017cynowych Mistrzostw Europy w Pardubicach nabawi\u0142 si\u0119 kontuzji. Wydawa\u0142o si\u0119, \u017ce gospodarze wykorzystaj\u0105 okazj\u0119 i \u0142atwo pokonaj\u0105 oponent\u00f3w z ziemi lubuskiej. Jednak nic z tych rzeczy.<\/p>\n\n\n\n<p>Ju\u017c w 1. biegu pad\u0142 remis 3:3, a to za spraw\u0105 bardzo szybkiego <strong>Jacka Holdera<\/strong>, kt\u00f3ry ju\u017c zaraz po starcie za\u0142atwi\u0142 ca\u0142\u0105 spraw\u0119 i pomkn\u0105\u0142 do mety po trzy punkty. Za plecami Australijczyka na mecie zameldowali si\u0119 kolejno: <strong>Benjamin Cook<\/strong>, <strong>Grzegorz Zengota<\/strong> i <strong>Mathias Pollestad<\/strong>.<\/p>\n\n\n\n<p>Prawdziwy show przyjezdni dali w 2. gonitwie. Pocz\u0105tkowo, po dobrym wyj\u015bciu spod ta\u015bmy, prowadzi\u0142 <strong>Oskar Paluch<\/strong>. Jednak\u017ce g\u0142\u00f3wn\u0105 rol\u0119 odegra\u0142 <strong>Adam Bednar<\/strong>, kt\u00f3ry przedar\u0142 si\u0119 z czwartego na pierwsze miejsce. Dzi\u0119ki podw\u00f3jnej wygranej 5:1 w wy\u015bcigu m\u0142odzie\u017cowym podopieczni Piotra Palucha obj\u0119li prowadzenie w meczu (8:4).<\/p>\n\n\n\n<p>Leszczynianie do\u015b\u0107 szybko wzi\u0119li si\u0119 za odrobienie strat. Nast\u0105pi\u0142o to ju\u017c w 4. biegu, w kt\u00f3rym <strong>Janusz Ko\u0142odziej<\/strong> wesp\u00f3\u0142 z <strong>Nazarem Parnitsky\u2019im<\/strong> bez wi\u0119kszych problem\u00f3w ograli 5:1 Oskara Palucha oraz Adama Bednara. Po pierwszej przerwie zawod\u00f3w beniaminek PGE Ekstraligi wyr\u00f3wna\u0142 stan ca\u0142ej batalii (15:15). Sta\u0142o si\u0119 tak w wyniku wygranej duetu <strong>Cook<\/strong>-Parnitskyi 4:2 z Pollestadem i Bednarem w gonitwie nr 5. Ten biegowy triumf nie przyszed\u0142 jednak \u0142atwo. Parnitskyi bowiem musia\u0142 na dystansie min\u0105\u0107 Bednara.<\/p>\n\n\n\n<p>Do niecodziennej sytuacji dosz\u0142o w wy\u015bcigu 6. Od startu do mety na czele stawki znajdowa\u0142 si\u0119 <strong>Piotr Pawlicki<\/strong>. Zawodnik leszczy\u0144skiej dru\u017cyny musia\u0142 jednak broni\u0107 si\u0119 przed szalej\u0105cym za nim m\u0142odszym z braci Holder\u00f3w. Polak na drugiej prostej czwartego okr\u0105\u017cenia \u201ezamkn\u0105\u0142\u201d dojazd rozp\u0119dzonemu Australijczykowi, o ma\u0142y w\u0142os nie powoduj\u0105c jego upadku. Po analizach powt\u00f3rek, s\u0119dzia spotkania <strong>Pawe\u0142 S\u0142upski<\/strong> wykluczy\u0142 Pawlickiego. Z 3:3 zrobi\u0142o si\u0119 5:1 dla gorzowskiego zespo\u0142u.<\/p>\n\n\n\n<p>Go\u015bcie kontynuowali swoj\u0105 ofensyw\u0119. Zwyci\u0119stwem 5:1 pary Bednar-<em>Przedpe\u0142ski<\/em> nad <strong>Zengot\u0105<\/strong> i <strong>Ko\u0142odziejem<\/strong> w gonitwie 7. Powi\u0119kszyli przewag\u0119 do o\u015bmiu punkt\u00f3w (25:17). Do kontrnatarcia zn\u00f3w przyst\u0105pi\u0142a jednak Fogo Unia. Zesp\u00f3\u0142 pod wodz\u0105 <strong>Rafa\u0142a Okoniewskiego<\/strong> potrzebowa\u0142 trzech bieg\u00f3w, aby wyj\u015b\u0107 na prowadzenie. Po 10. gonitwach by\u0142o ju\u017c 31:29 na rzecz 18-stokrotnych Dru\u017cynowych Mistrz\u00f3w Polski.<\/p>\n\n\n\n<p>Leszczynianie powi\u0119kszali swoj\u0105 przewag\u0119, a kwestia miana zwyci\u0119zcy spotkania rozstrzygni\u0119ta zosta\u0142a w gonitwie 14. Pad\u0142 w niej co prawda remis 3:3, ale w\u00f3wczas rezultat wskazywa\u0142 46:38 na korzy\u015b\u0107 Fogo Unii. Ostatni bieg to powi\u0119kszenie przewagi, kt\u00f3ra ostatecznie wynios\u0142a 10 \u201eoczek\u201d.<\/p>\n\n\n\n<p><strong>Fogo Unia Leszno &#8211; Gezet Stal Gorz\u00f3w 50:40<\/strong><\/p>\n\n\n\n<p><strong>Fogo Unia Leszno:<\/strong><br>9. Grzegorz Zengota 2+1 (1&#8242;,1,-,-)<br>10. Janusz Ko\u0142odziej 7 (3,0,3,1,0)<br>11. Ben Cook 13+1 (2,3,2&#8242;,3,3)<br>12. Keynan Rew 10 (2,1,3,3,1)<br>13. Piotr Pawlicki 8+1 (0,w,2&#8242;,3,3)<br>14. Nazar Parnicki 7+1 (0,2&#8242;,3,1,1)<br>15. Kacper Mania 3 (1,1,1)<br>16. Emil Konieczny Ns.<\/p>\n\n\n\n<p><strong>Gezet Stal Gorz\u00f3w:<\/strong><br>1. Jack Holder 17 (3,3,3,2,2,2,2)<br>2. Anders Thomsen ZZ<br>3. Marcel Szymko Ns. (-,-,-,-)<br>4. Oskar Chat\u0142as 0 (-,-,-,0)<br>5. Pawe\u0142 Przedpe\u0142ski 7+2 (1,2&#8242;,1,2,-,1&#8242;,0)<br>6. Oskar Paluch 3+1 (2&#8242;,1,0,0)<br>7. Adam Bednar 6 (3,0,0,3,0,0)<br>8. Mathias Pollestad 7+1 (0,2,2&#8242;,1,0,2)<\/p>\n\n\n\n<p><strong>Bieg po biegu:<\/strong><br>1. <strong>Holder<\/strong>, Cook, Zengota, <strong>Pollestad<\/strong> 3:3<br>2.<strong> Bednar<\/strong>, <strong>Paluch<\/strong>, Mania, Parnicki 1:5 (4:8)<br>3. <strong>Holder<\/strong>, Rew, <strong>Przedpe\u0142ski<\/strong>, Pawlicki 2:4 (6:12)<br>4. Ko\u0142odziej, Parnicki, <strong>Paluch<\/strong>, <strong>Bednar<\/strong> 5:1 (11:13)<br>5. Cook, <strong>Pollestad<\/strong>, Rew, <strong>Bednar<\/strong> 4:2 (15:15)<br>6. <strong>Holder<\/strong>, <strong>Pollestad<\/strong>, Mania, Pawlicki (w) 1:5 (16:20)<br>7. <strong>Bednar<\/strong>, <strong>Przedpe\u0142ski<\/strong>, Zengota, Ko\u0142odziej 1:5 (17:25)<br>8. Parnicki, Pawlicki, <strong>Pollestad<\/strong>, <strong>Paluch<\/strong> 5:1 (22:26)<br>9. Ko\u0142odziej, <strong>Holder<\/strong>, Parnicki, <strong>Bednar<\/strong> 4:2 (26:28)<br>10. Rew, Cook, <strong>Przedpe\u0142ski<\/strong>, <strong>Paluch<\/strong> 5:1 (31:29)<br>11. Rew, <strong>Holder<\/strong>, Parnicki, <strong>Chat\u0142as<\/strong> 4:2 (35:31)<br>12. Cook, <strong>Przedpe\u0142ski<\/strong>, Mania, <strong>Bednar<\/strong> 4:2 (39:33)<br>13. Pawlicki, <strong>Holder<\/strong>, Ko\u0142odziej, <strong>Pollestad<\/strong> 4:2 (43:35)<br>14. Pawlicki, <strong>Pollestad<\/strong>, <strong>Przedpe\u0142ski<\/strong>, Ko\u0142odziej 3:3 (46:38)<br>15. Cook, <strong>Holder<\/strong>, Rew, <strong>Przedpe\u0142ski<\/strong> 4:2 (50:40)<\/p>\n\n\n\n<p><strong>Pozosta\u0142e mecze 3. kolejki:<\/strong><br>Krono-Plast W\u0142\u00f3kniarz Cz\u0119stochowa &#8211; Pres Grupa Deweloperska Toru\u0144 37:53<br>Orlen Oil Motor Lublin &#8211; Stelmet Falubaz Zielona G\u00f3ra 48:42<br>BayerSystem GKM Grudzi\u0105dz &#8211; Betard Sparta Wroc\u0142aw<\/p>\n\n\n\n<p><strong>Tabela (aktualizacja: 26.04.2026, 20:00):<\/strong><\/p>\n","protected":false},"excerpt":{"rendered":"<p>W meczu 3. rundy PGE Ekstraligi Fogo Unia Leszno pokona\u0142a u siebie Gezet Stal Gorz\u00f3w 50:40. Gorzowianie walczyli bardzo ambitnie i przez spor\u0105 cz\u0119\u015b\u0107 zawod\u00f3w nawet prowadzili. Ostatecznie dwa du\u017ce punkty zosta\u0142y w Wielkopolsce. Gorzowianie do tego starcia musieli przyst\u0105pi\u0107 os\u0142abieni brakiem Andersa Thomsena. Du\u0144czyk podczas p\u00f3\u0142fina\u0142u Dru\u017cynowych Mistrzostw Europy w Pardubicach nabawi\u0142 si\u0119 kontuzji. [&hellip;]<\/p>\n","protected":false},"author":1,"featured_media":40268,"comment_status":"open","ping_status":"open","sticky":false,"template":"","format":"standard","meta":{"footnotes":"","_links_to":"","_links_to_target":""},"categories":[589,3061],"tags":[824],"class_list":{"0":"post-40266","1":"post","2":"type-post","3":"status-publish","4":"format-standard","5":"has-post-thumbnail","7":"category-wiadomosci","8":"category-zuzel","9":"tag-stal-gorzow"},"yoast_head":"<!-- This site is optimized with the Yoast SEO plugin v27.3 - https:\/\/yoast.com\/product\/yoast-seo-wordpress\/ -->\n<title>Os\u0142abiona Stal mocno postawi\u0142a si\u0119 w Lesznie gospodarzom. Ostatecznie 50:40 dla Unii - Gorz\u00f3w News<\/title>\n<meta name=\"description\" content=\"W meczu 3. rundy PGE Ekstraligi Fogo Unia Leszno pokona\u0142a u siebie Gezet Stal Gorz\u00f3w 50:40. Gorzowianie walczyli bardzo ambitnie i przez spor\u0105 cz\u0119\" \/>\n<meta name=\"robots\" content=\"index, follow, max-snippet:-1, max-image-preview:large, max-video-preview:-1\" \/>\n<link rel=\"canonical\" href=\"https:\/\/gorzow.news\/index.php\/2026\/04\/26\/oslabiona-stal-mocno-postawila-sie-w-lesznie-gospodarzom-ostatecznie-5040-dla-unii\/\" \/>\n<meta property=\"og:locale\" content=\"pl_PL\" \/>\n<meta property=\"og:type\" content=\"article\" \/>\n<meta property=\"og:title\" content=\"Os\u0142abiona Stal mocno postawi\u0142a si\u0119 w Lesznie gospodarzom. Ostatecznie 50:40 dla Unii - Gorz\u00f3w News\" \/>\n<meta property=\"og:description\" content=\"W meczu 3. rundy PGE Ekstraligi Fogo Unia Leszno pokona\u0142a u siebie Gezet Stal Gorz\u00f3w 50:40. Gorzowianie walczyli bardzo ambitnie i przez spor\u0105 cz\u0119\" \/>\n<meta property=\"og:url\" content=\"https:\/\/gorzow.news\/index.php\/2026\/04\/26\/oslabiona-stal-mocno-postawila-sie-w-lesznie-gospodarzom-ostatecznie-5040-dla-unii\/\" \/>\n<meta property=\"og:site_name\" content=\"Gorz\u00f3w News\" \/>\n<meta property=\"article:publisher\" content=\"https:\/\/www.facebook.com\/gorzowskinews\" \/>\n<meta property=\"article:published_time\" content=\"2026-04-26T18:09:40+00:00\" \/>\n<meta property=\"article:modified_time\" content=\"2026-04-26T18:09:42+00:00\" \/>\n<meta property=\"og:image\" content=\"https:\/\/gorzow.news\/wp-content\/uploads\/2026\/04\/image0_wynik_1-1200x800-1.jpg\" \/>\n\t<meta property=\"og:image:width\" content=\"1200\" \/>\n\t<meta property=\"og:image:height\" content=\"567\" \/>\n\t<meta property=\"og:image:type\" content=\"image\/jpeg\" \/>\n<meta name=\"author\" content=\"maciej\" \/>\n<meta name=\"twitter:card\" content=\"summary_large_image\" \/>\n<meta name=\"twitter:label1\" content=\"Napisane przez\" \/>\n\t<meta name=\"twitter:data1\" content=\"maciej\" \/>\n\t<meta name=\"twitter:label2\" content=\"Szacowany czas czytania\" \/>\n\t<meta name=\"twitter:data2\" content=\"4 minuty\" \/>\n<script type=\"application\/ld+json\" class=\"yoast-schema-graph\">{\"@context\":\"https:\\\/\\\/schema.org\",\"@graph\":[{\"@type\":\"Article\",\"@id\":\"https:\\\/\\\/gorzow.news\\\/index.php\\\/2026\\\/04\\\/26\\\/oslabiona-stal-mocno-postawila-sie-w-lesznie-gospodarzom-ostatecznie-5040-dla-unii\\\/#article\",\"isPartOf\":{\"@id\":\"https:\\\/\\\/gorzow.news\\\/index.php\\\/2026\\\/04\\\/26\\\/oslabiona-stal-mocno-postawila-sie-w-lesznie-gospodarzom-ostatecznie-5040-dla-unii\\\/\"},\"author\":{\"name\":\"maciej\",\"@id\":\"https:\\\/\\\/gorzow.news\\\/#\\\/schema\\\/person\\\/a1e5ab43166369f2ce236a1cd90995bb\"},\"headline\":\"Os\u0142abiona Stal mocno postawi\u0142a si\u0119 w Lesznie gospodarzom. Ostatecznie 50:40 dla Unii\",\"datePublished\":\"2026-04-26T18:09:40+00:00\",\"dateModified\":\"2026-04-26T18:09:42+00:00\",\"mainEntityOfPage\":{\"@id\":\"https:\\\/\\\/gorzow.news\\\/index.php\\\/2026\\\/04\\\/26\\\/oslabiona-stal-mocno-postawila-sie-w-lesznie-gospodarzom-ostatecznie-5040-dla-unii\\\/\"},\"wordCount\":640,\"commentCount\":0,\"image\":{\"@id\":\"https:\\\/\\\/gorzow.news\\\/index.php\\\/2026\\\/04\\\/26\\\/oslabiona-stal-mocno-postawila-sie-w-lesznie-gospodarzom-ostatecznie-5040-dla-unii\\\/#primaryimage\"},\"thumbnailUrl\":\"https:\\\/\\\/gorzow.news\\\/wp-content\\\/uploads\\\/2026\\\/04\\\/image0_wynik_1-1200x800-1.jpg\",\"keywords\":[\"Stal Gorz\u00f3w\"],\"articleSection\":[\"Wiadomo\u015bci\",\"\u017bu\u017cel\"],\"inLanguage\":\"pl-PL\",\"potentialAction\":[{\"@type\":\"CommentAction\",\"name\":\"Comment\",\"target\":[\"https:\\\/\\\/gorzow.news\\\/index.php\\\/2026\\\/04\\\/26\\\/oslabiona-stal-mocno-postawila-sie-w-lesznie-gospodarzom-ostatecznie-5040-dla-unii\\\/#respond\"]}]},{\"@type\":\"WebPage\",\"@id\":\"https:\\\/\\\/gorzow.news\\\/index.php\\\/2026\\\/04\\\/26\\\/oslabiona-stal-mocno-postawila-sie-w-lesznie-gospodarzom-ostatecznie-5040-dla-unii\\\/\",\"url\":\"https:\\\/\\\/gorzow.news\\\/index.php\\\/2026\\\/04\\\/26\\\/oslabiona-stal-mocno-postawila-sie-w-lesznie-gospodarzom-ostatecznie-5040-dla-unii\\\/\",\"name\":\"Os\u0142abiona Stal mocno postawi\u0142a si\u0119 w Lesznie gospodarzom. Ostatecznie 50:40 dla Unii - Gorz\u00f3w News\",\"isPartOf\":{\"@id\":\"https:\\\/\\\/gorzow.news\\\/#website\"},\"primaryImageOfPage\":{\"@id\":\"https:\\\/\\\/gorzow.news\\\/index.php\\\/2026\\\/04\\\/26\\\/oslabiona-stal-mocno-postawila-sie-w-lesznie-gospodarzom-ostatecznie-5040-dla-unii\\\/#primaryimage\"},\"image\":{\"@id\":\"https:\\\/\\\/gorzow.news\\\/index.php\\\/2026\\\/04\\\/26\\\/oslabiona-stal-mocno-postawila-sie-w-lesznie-gospodarzom-ostatecznie-5040-dla-unii\\\/#primaryimage\"},\"thumbnailUrl\":\"https:\\\/\\\/gorzow.news\\\/wp-content\\\/uploads\\\/2026\\\/04\\\/image0_wynik_1-1200x800-1.jpg\",\"datePublished\":\"2026-04-26T18:09:40+00:00\",\"dateModified\":\"2026-04-26T18:09:42+00:00\",\"author\":{\"@id\":\"https:\\\/\\\/gorzow.news\\\/#\\\/schema\\\/person\\\/a1e5ab43166369f2ce236a1cd90995bb\"},\"description\":\"W meczu 3. rundy PGE Ekstraligi Fogo Unia Leszno pokona\u0142a u siebie Gezet Stal Gorz\u00f3w 50:40. Gorzowianie walczyli bardzo ambitnie i przez spor\u0105 cz\u0119\u015b\u0107 zawod\u00f3w nawet prowadzili. Ostatecznie dwa du\u017ce punkty zosta\u0142y w Wielkopolsce.\",\"breadcrumb\":{\"@id\":\"https:\\\/\\\/gorzow.news\\\/index.php\\\/2026\\\/04\\\/26\\\/oslabiona-stal-mocno-postawila-sie-w-lesznie-gospodarzom-ostatecznie-5040-dla-unii\\\/#breadcrumb\"},\"inLanguage\":\"pl-PL\",\"potentialAction\":[{\"@type\":\"ReadAction\",\"target\":[\"https:\\\/\\\/gorzow.news\\\/index.php\\\/2026\\\/04\\\/26\\\/oslabiona-stal-mocno-postawila-sie-w-lesznie-gospodarzom-ostatecznie-5040-dla-unii\\\/\"]}]},{\"@type\":\"ImageObject\",\"inLanguage\":\"pl-PL\",\"@id\":\"https:\\\/\\\/gorzow.news\\\/index.php\\\/2026\\\/04\\\/26\\\/oslabiona-stal-mocno-postawila-sie-w-lesznie-gospodarzom-ostatecznie-5040-dla-unii\\\/#primaryimage\",\"url\":\"https:\\\/\\\/gorzow.news\\\/wp-content\\\/uploads\\\/2026\\\/04\\\/image0_wynik_1-1200x800-1.jpg\",\"contentUrl\":\"https:\\\/\\\/gorzow.news\\\/wp-content\\\/uploads\\\/2026\\\/04\\\/image0_wynik_1-1200x800-1.jpg\",\"width\":1200,\"height\":567,\"caption\":\"fot. Zuzanna Kloskowska \\\/ Ekstraliga\"},{\"@type\":\"BreadcrumbList\",\"@id\":\"https:\\\/\\\/gorzow.news\\\/index.php\\\/2026\\\/04\\\/26\\\/oslabiona-stal-mocno-postawila-sie-w-lesznie-gospodarzom-ostatecznie-5040-dla-unii\\\/#breadcrumb\",\"itemListElement\":[{\"@type\":\"ListItem\",\"position\":1,\"name\":\"Home\",\"item\":\"https:\\\/\\\/gorzow.news\\\/\"},{\"@type\":\"ListItem\",\"position\":2,\"name\":\"Os\u0142abiona Stal mocno postawi\u0142a si\u0119 w Lesznie gospodarzom. Ostatecznie 50:40 dla Unii\"}]},{\"@type\":\"WebSite\",\"@id\":\"https:\\\/\\\/gorzow.news\\\/#website\",\"url\":\"https:\\\/\\\/gorzow.news\\\/\",\"name\":\"Gorz\u00f3w News\",\"description\":\"Sp\u00f3jrz inaczej na miato i region...\",\"potentialAction\":[{\"@type\":\"SearchAction\",\"target\":{\"@type\":\"EntryPoint\",\"urlTemplate\":\"https:\\\/\\\/gorzow.news\\\/?s={search_term_string}\"},\"query-input\":{\"@type\":\"PropertyValueSpecification\",\"valueRequired\":true,\"valueName\":\"search_term_string\"}}],\"inLanguage\":\"pl-PL\"},{\"@type\":\"Person\",\"@id\":\"https:\\\/\\\/gorzow.news\\\/#\\\/schema\\\/person\\\/a1e5ab43166369f2ce236a1cd90995bb\",\"name\":\"maciej\",\"image\":{\"@type\":\"ImageObject\",\"inLanguage\":\"pl-PL\",\"@id\":\"https:\\\/\\\/secure.gravatar.com\\\/avatar\\\/530a674d56ba60cfa0ef21d74e8e8d123a51bb7aa6580465b5c2ab2c2e980a19?s=96&r=g&d=https:\\\/\\\/gorzow.news\\\/wp-content\\\/plugins\\\/userswp\\\/assets\\\/images\\\/no_profile.png\",\"url\":\"https:\\\/\\\/secure.gravatar.com\\\/avatar\\\/530a674d56ba60cfa0ef21d74e8e8d123a51bb7aa6580465b5c2ab2c2e980a19?s=96&r=g&d=https:\\\/\\\/gorzow.news\\\/wp-content\\\/plugins\\\/userswp\\\/assets\\\/images\\\/no_profile.png\",\"contentUrl\":\"https:\\\/\\\/secure.gravatar.com\\\/avatar\\\/530a674d56ba60cfa0ef21d74e8e8d123a51bb7aa6580465b5c2ab2c2e980a19?s=96&r=g&d=https:\\\/\\\/gorzow.news\\\/wp-content\\\/plugins\\\/userswp\\\/assets\\\/images\\\/no_profile.png\",\"caption\":\"maciej\"},\"url\":\"https:\\\/\\\/gorzow.news\\\/index.php\\\/profile\\\/maciej\\\/\"}]}<\/script>\n<!-- \/ Yoast SEO plugin. -->","yoast_head_json":{"title":"Os\u0142abiona Stal mocno postawi\u0142a si\u0119 w Lesznie gospodarzom. Ostatecznie 50:40 dla Unii - Gorz\u00f3w News","description":"W meczu 3. rundy PGE Ekstraligi Fogo Unia Leszno pokona\u0142a u siebie Gezet Stal Gorz\u00f3w 50:40. Gorzowianie walczyli bardzo ambitnie i przez spor\u0105 cz\u0119","robots":{"index":"index","follow":"follow","max-snippet":"max-snippet:-1","max-image-preview":"max-image-preview:large","max-video-preview":"max-video-preview:-1"},"canonical":"https:\/\/gorzow.news\/index.php\/2026\/04\/26\/oslabiona-stal-mocno-postawila-sie-w-lesznie-gospodarzom-ostatecznie-5040-dla-unii\/","og_locale":"pl_PL","og_type":"article","og_title":"Os\u0142abiona Stal mocno postawi\u0142a si\u0119 w Lesznie gospodarzom. Ostatecznie 50:40 dla Unii - Gorz\u00f3w News","og_description":"W meczu 3. rundy PGE Ekstraligi Fogo Unia Leszno pokona\u0142a u siebie Gezet Stal Gorz\u00f3w 50:40. Gorzowianie walczyli bardzo ambitnie i przez spor\u0105 cz\u0119","og_url":"https:\/\/gorzow.news\/index.php\/2026\/04\/26\/oslabiona-stal-mocno-postawila-sie-w-lesznie-gospodarzom-ostatecznie-5040-dla-unii\/","og_site_name":"Gorz\u00f3w News","article_publisher":"https:\/\/www.facebook.com\/gorzowskinews","article_published_time":"2026-04-26T18:09:40+00:00","article_modified_time":"2026-04-26T18:09:42+00:00","og_image":[{"width":1200,"height":567,"url":"https:\/\/gorzow.news\/wp-content\/uploads\/2026\/04\/image0_wynik_1-1200x800-1.jpg","type":"image\/jpeg"}],"author":"maciej","twitter_card":"summary_large_image","twitter_misc":{"Napisane przez":"maciej","Szacowany czas czytania":"4 minuty"},"schema":{"@context":"https:\/\/schema.org","@graph":[{"@type":"Article","@id":"https:\/\/gorzow.news\/index.php\/2026\/04\/26\/oslabiona-stal-mocno-postawila-sie-w-lesznie-gospodarzom-ostatecznie-5040-dla-unii\/#article","isPartOf":{"@id":"https:\/\/gorzow.news\/index.php\/2026\/04\/26\/oslabiona-stal-mocno-postawila-sie-w-lesznie-gospodarzom-ostatecznie-5040-dla-unii\/"},"author":{"name":"maciej","@id":"https:\/\/gorzow.news\/#\/schema\/person\/a1e5ab43166369f2ce236a1cd90995bb"},"headline":"Os\u0142abiona Stal mocno postawi\u0142a si\u0119 w Lesznie gospodarzom. Ostatecznie 50:40 dla Unii","datePublished":"2026-04-26T18:09:40+00:00","dateModified":"2026-04-26T18:09:42+00:00","mainEntityOfPage":{"@id":"https:\/\/gorzow.news\/index.php\/2026\/04\/26\/oslabiona-stal-mocno-postawila-sie-w-lesznie-gospodarzom-ostatecznie-5040-dla-unii\/"},"wordCount":640,"commentCount":0,"image":{"@id":"https:\/\/gorzow.news\/index.php\/2026\/04\/26\/oslabiona-stal-mocno-postawila-sie-w-lesznie-gospodarzom-ostatecznie-5040-dla-unii\/#primaryimage"},"thumbnailUrl":"https:\/\/gorzow.news\/wp-content\/uploads\/2026\/04\/image0_wynik_1-1200x800-1.jpg","keywords":["Stal Gorz\u00f3w"],"articleSection":["Wiadomo\u015bci","\u017bu\u017cel"],"inLanguage":"pl-PL","potentialAction":[{"@type":"CommentAction","name":"Comment","target":["https:\/\/gorzow.news\/index.php\/2026\/04\/26\/oslabiona-stal-mocno-postawila-sie-w-lesznie-gospodarzom-ostatecznie-5040-dla-unii\/#respond"]}]},{"@type":"WebPage","@id":"https:\/\/gorzow.news\/index.php\/2026\/04\/26\/oslabiona-stal-mocno-postawila-sie-w-lesznie-gospodarzom-ostatecznie-5040-dla-unii\/","url":"https:\/\/gorzow.news\/index.php\/2026\/04\/26\/oslabiona-stal-mocno-postawila-sie-w-lesznie-gospodarzom-ostatecznie-5040-dla-unii\/","name":"Os\u0142abiona Stal mocno postawi\u0142a si\u0119 w Lesznie gospodarzom. Ostatecznie 50:40 dla Unii - Gorz\u00f3w News","isPartOf":{"@id":"https:\/\/gorzow.news\/#website"},"primaryImageOfPage":{"@id":"https:\/\/gorzow.news\/index.php\/2026\/04\/26\/oslabiona-stal-mocno-postawila-sie-w-lesznie-gospodarzom-ostatecznie-5040-dla-unii\/#primaryimage"},"image":{"@id":"https:\/\/gorzow.news\/index.php\/2026\/04\/26\/oslabiona-stal-mocno-postawila-sie-w-lesznie-gospodarzom-ostatecznie-5040-dla-unii\/#primaryimage"},"thumbnailUrl":"https:\/\/gorzow.news\/wp-content\/uploads\/2026\/04\/image0_wynik_1-1200x800-1.jpg","datePublished":"2026-04-26T18:09:40+00:00","dateModified":"2026-04-26T18:09:42+00:00","author":{"@id":"https:\/\/gorzow.news\/#\/schema\/person\/a1e5ab43166369f2ce236a1cd90995bb"},"description":"W meczu 3. rundy PGE Ekstraligi Fogo Unia Leszno pokona\u0142a u siebie Gezet Stal Gorz\u00f3w 50:40. Gorzowianie walczyli bardzo ambitnie i przez spor\u0105 cz\u0119\u015b\u0107 zawod\u00f3w nawet prowadzili. Ostatecznie dwa du\u017ce punkty zosta\u0142y w Wielkopolsce.","breadcrumb":{"@id":"https:\/\/gorzow.news\/index.php\/2026\/04\/26\/oslabiona-stal-mocno-postawila-sie-w-lesznie-gospodarzom-ostatecznie-5040-dla-unii\/#breadcrumb"},"inLanguage":"pl-PL","potentialAction":[{"@type":"ReadAction","target":["https:\/\/gorzow.news\/index.php\/2026\/04\/26\/oslabiona-stal-mocno-postawila-sie-w-lesznie-gospodarzom-ostatecznie-5040-dla-unii\/"]}]},{"@type":"ImageObject","inLanguage":"pl-PL","@id":"https:\/\/gorzow.news\/index.php\/2026\/04\/26\/oslabiona-stal-mocno-postawila-sie-w-lesznie-gospodarzom-ostatecznie-5040-dla-unii\/#primaryimage","url":"https:\/\/gorzow.news\/wp-content\/uploads\/2026\/04\/image0_wynik_1-1200x800-1.jpg","contentUrl":"https:\/\/gorzow.news\/wp-content\/uploads\/2026\/04\/image0_wynik_1-1200x800-1.jpg","width":1200,"height":567,"caption":"fot. Zuzanna Kloskowska \/ Ekstraliga"},{"@type":"BreadcrumbList","@id":"https:\/\/gorzow.news\/index.php\/2026\/04\/26\/oslabiona-stal-mocno-postawila-sie-w-lesznie-gospodarzom-ostatecznie-5040-dla-unii\/#breadcrumb","itemListElement":[{"@type":"ListItem","position":1,"name":"Home","item":"https:\/\/gorzow.news\/"},{"@type":"ListItem","position":2,"name":"Os\u0142abiona Stal mocno postawi\u0142a si\u0119 w Lesznie gospodarzom. Ostatecznie 50:40 dla Unii"}]},{"@type":"WebSite","@id":"https:\/\/gorzow.news\/#website","url":"https:\/\/gorzow.news\/","name":"Gorz\u00f3w News","description":"Sp\u00f3jrz inaczej na miato i region...","potentialAction":[{"@type":"SearchAction","target":{"@type":"EntryPoint","urlTemplate":"https:\/\/gorzow.news\/?s={search_term_string}"},"query-input":{"@type":"PropertyValueSpecification","valueRequired":true,"valueName":"search_term_string"}}],"inLanguage":"pl-PL"},{"@type":"Person","@id":"https:\/\/gorzow.news\/#\/schema\/person\/a1e5ab43166369f2ce236a1cd90995bb","name":"maciej","image":{"@type":"ImageObject","inLanguage":"pl-PL","@id":"https:\/\/secure.gravatar.com\/avatar\/530a674d56ba60cfa0ef21d74e8e8d123a51bb7aa6580465b5c2ab2c2e980a19?s=96&r=g&d=https:\/\/gorzow.news\/wp-content\/plugins\/userswp\/assets\/images\/no_profile.png","url":"https:\/\/secure.gravatar.com\/avatar\/530a674d56ba60cfa0ef21d74e8e8d123a51bb7aa6580465b5c2ab2c2e980a19?s=96&r=g&d=https:\/\/gorzow.news\/wp-content\/plugins\/userswp\/assets\/images\/no_profile.png","contentUrl":"https:\/\/secure.gravatar.com\/avatar\/530a674d56ba60cfa0ef21d74e8e8d123a51bb7aa6580465b5c2ab2c2e980a19?s=96&r=g&d=https:\/\/gorzow.news\/wp-content\/plugins\/userswp\/assets\/images\/no_profile.png","caption":"maciej"},"url":"https:\/\/gorzow.news\/index.php\/profile\/maciej\/"}]}},"_links":{"self":[{"href":"https:\/\/gorzow.news\/index.php\/wp-json\/wp\/v2\/posts\/40266","targetHints":{"allow":["GET"]}}],"collection":[{"href":"https:\/\/gorzow.news\/index.php\/wp-json\/wp\/v2\/posts"}],"about":[{"href":"https:\/\/gorzow.news\/index.php\/wp-json\/wp\/v2\/types\/post"}],"author":[{"embeddable":true,"href":"https:\/\/gorzow.news\/index.php\/wp-json\/wp\/v2\/users\/1"}],"replies":[{"embeddable":true,"href":"https:\/\/gorzow.news\/index.php\/wp-json\/wp\/v2\/comments?post=40266"}],"version-history":[{"count":1,"href":"https:\/\/gorzow.news\/index.php\/wp-json\/wp\/v2\/posts\/40266\/revisions"}],"predecessor-version":[{"id":40269,"href":"https:\/\/gorzow.news\/index.php\/wp-json\/wp\/v2\/posts\/40266\/revisions\/40269"}],"wp:featuredmedia":[{"embeddable":true,"href":"https:\/\/gorzow.news\/index.php\/wp-json\/wp\/v2\/media\/40268"}],"wp:attachment":[{"href":"https:\/\/gorzow.news\/index.php\/wp-json\/wp\/v2\/media?parent=40266"}],"wp:term":[{"taxonomy":"category","embeddable":true,"href":"https:\/\/gorzow.news\/index.php\/wp-json\/wp\/v2\/categories?post=40266"},{"taxonomy":"post_tag","embeddable":true,"href":"https:\/\/gorzow.news\/index.php\/wp-json\/wp\/v2\/tags?post=40266"}],"curies":[{"name":"wp","href":"https:\/\/api.w.org\/{rel}","templated":true}]}}