{"id":40234,"date":"2026-04-25T07:00:00","date_gmt":"2026-04-25T05:00:00","guid":{"rendered":"https:\/\/gorzow.news\/?p=40234"},"modified":"2026-04-25T07:52:48","modified_gmt":"2026-04-25T05:52:48","slug":"na-kolejnym-budynkach-centrum-edukacji-zawodowej-i-biznesu-bedzie-instalacja-fotowoltaiczna","status":"publish","type":"post","link":"https:\/\/gorzow.news\/index.php\/2026\/04\/25\/na-kolejnym-budynkach-centrum-edukacji-zawodowej-i-biznesu-bedzie-instalacja-fotowoltaiczna\/","title":{"rendered":"Na kolejnym budynkach Centrum Edukacji Zawodowej i Biznesu b\u0119dzie instalacja fotowoltaiczna"},"content":{"rendered":"\n<p><strong>Sp\u00f3\u0142ka Gorzowskie Inwestycje Miejskie og\u0142osi\u0142a przetarg na budow\u0119 instalacji fotowoltaicznej na dachu budynku warsztat\u00f3w oraz magazynu energii w budynku internatu.<\/strong><\/p>\n\n\n\n<p>Instalacja powstanie z 89 modu\u0142\u00f3w fotowoltaicznych o mocy 560 Wp ka\u017cdy, co \u0142\u0105cznie da moc prawie 50 kWp. Magazyn energii b\u0119dzie mia\u0142 pojemno\u015b\u0107 ponad 51 kWh.<\/p>\n\n\n\n<p>Dzi\u0119ki tej inwestycji internat b\u0119dzie m\u00f3g\u0142 w du\u017cej cz\u0119\u015bci korzysta\u0107 z w\u0142asnej, ekologicznej energii. Nadwy\u017cki pr\u0105du b\u0119d\u0105 magazynowane i wykorzystywane wtedy, gdy produkcja energii ze s\u0142o\u0144ca b\u0119dzie mniejsza, na przyk\u0142ad wieczorem lub w nocy. W przypadku wi\u0119kszej nadprodukcji energia trafi do sieci.<\/p>\n\n\n\n<p>Nowa instalacja pozwoli ograniczy\u0107 koszty energii elektrycznej oraz zmniejszy\u0107 negatywny wp\u0142yw na \u015brodowisko. To kolejny krok w kierunku nowoczesnej i ekologicznej infrastruktury miejskiej.<\/p>\n\n\n\n<p>Na zg\u0142oszenia firm w przetargu sp\u00f3\u0142ka GIM czeka 30 kwietnia 2026 r. do godz. 10:00.<\/p>\n","protected":false},"excerpt":{"rendered":"<p>Sp\u00f3\u0142ka Gorzowskie Inwestycje Miejskie og\u0142osi\u0142a przetarg na budow\u0119 instalacji fotowoltaicznej na dachu budynku warsztat\u00f3w oraz magazynu energii w budynku internatu. Instalacja powstanie z 89 modu\u0142\u00f3w fotowoltaicznych o mocy 560 Wp ka\u017cdy, co \u0142\u0105cznie da moc prawie 50 kWp. Magazyn energii b\u0119dzie mia\u0142 pojemno\u015b\u0107 ponad 51 kWh. Dzi\u0119ki tej inwestycji internat b\u0119dzie m\u00f3g\u0142 w du\u017cej cz\u0119\u015bci [&hellip;]<\/p>\n","protected":false},"author":1,"featured_media":40235,"comment_status":"open","ping_status":"open","sticky":false,"template":"","format":"standard","meta":{"footnotes":"","_links_to":"","_links_to_target":""},"categories":[2018,593,589],"tags":[233,2905,724],"class_list":{"0":"post-40234","1":"post","2":"type-post","3":"status-publish","4":"format-standard","5":"has-post-thumbnail","7":"category-dolinki","8":"category-inwestycje-miejskie","9":"category-wiadomosci","10":"tag-centrum-edukacji-zawodowej-i-biznesu","11":"tag-fotowoltaika","12":"tag-gorzowskie-inwestycje-miejskie"},"yoast_head":"<!-- This site is optimized with the Yoast SEO plugin v27.3 - https:\/\/yoast.com\/product\/yoast-seo-wordpress\/ -->\n<title>Na kolejnym budynkach Centrum Edukacji Zawodowej i Biznesu b\u0119dzie instalacja fotowoltaiczna - Gorz\u00f3w News<\/title>\n<meta name=\"description\" content=\"Sp\u00f3\u0142ka Gorzowskie Inwestycje Miejskie og\u0142osi\u0142a przetarg na budow\u0119 instalacji fotowoltaicznej na dachu budynku warsztat\u00f3w oraz magazynu energii w\" \/>\n<meta name=\"robots\" content=\"index, follow, max-snippet:-1, max-image-preview:large, max-video-preview:-1\" \/>\n<link rel=\"canonical\" href=\"https:\/\/gorzow.news\/index.php\/2026\/04\/25\/na-kolejnym-budynkach-centrum-edukacji-zawodowej-i-biznesu-bedzie-instalacja-fotowoltaiczna\/\" \/>\n<meta property=\"og:locale\" content=\"pl_PL\" \/>\n<meta property=\"og:type\" content=\"article\" \/>\n<meta property=\"og:title\" content=\"Na kolejnym budynkach Centrum Edukacji Zawodowej i Biznesu b\u0119dzie instalacja fotowoltaiczna - Gorz\u00f3w News\" \/>\n<meta property=\"og:description\" content=\"Sp\u00f3\u0142ka Gorzowskie Inwestycje Miejskie og\u0142osi\u0142a przetarg na budow\u0119 instalacji fotowoltaicznej na dachu budynku warsztat\u00f3w oraz magazynu energii w\" \/>\n<meta property=\"og:url\" content=\"https:\/\/gorzow.news\/index.php\/2026\/04\/25\/na-kolejnym-budynkach-centrum-edukacji-zawodowej-i-biznesu-bedzie-instalacja-fotowoltaiczna\/\" \/>\n<meta property=\"og:site_name\" content=\"Gorz\u00f3w News\" \/>\n<meta property=\"article:publisher\" content=\"https:\/\/www.facebook.com\/gorzowskinews\" \/>\n<meta property=\"article:published_time\" content=\"2026-04-25T05:00:00+00:00\" \/>\n<meta property=\"article:modified_time\" content=\"2026-04-25T05:52:48+00:00\" \/>\n<meta property=\"og:image\" content=\"https:\/\/gorzow.news\/wp-content\/uploads\/2026\/04\/678287489_1702621391282086_8239690235553187493_n.jpg\" \/>\n\t<meta property=\"og:image:width\" content=\"2048\" \/>\n\t<meta property=\"og:image:height\" content=\"968\" \/>\n\t<meta property=\"og:image:type\" content=\"image\/jpeg\" \/>\n<meta name=\"author\" content=\"maciej\" \/>\n<meta name=\"twitter:card\" content=\"summary_large_image\" \/>\n<meta name=\"twitter:label1\" content=\"Napisane przez\" \/>\n\t<meta name=\"twitter:data1\" content=\"maciej\" \/>\n\t<meta name=\"twitter:label2\" content=\"Szacowany czas czytania\" \/>\n\t<meta name=\"twitter:data2\" content=\"1 minuta\" \/>\n<script type=\"application\/ld+json\" class=\"yoast-schema-graph\">{\"@context\":\"https:\\\/\\\/schema.org\",\"@graph\":[{\"@type\":\"Article\",\"@id\":\"https:\\\/\\\/gorzow.news\\\/index.php\\\/2026\\\/04\\\/25\\\/na-kolejnym-budynkach-centrum-edukacji-zawodowej-i-biznesu-bedzie-instalacja-fotowoltaiczna\\\/#article\",\"isPartOf\":{\"@id\":\"https:\\\/\\\/gorzow.news\\\/index.php\\\/2026\\\/04\\\/25\\\/na-kolejnym-budynkach-centrum-edukacji-zawodowej-i-biznesu-bedzie-instalacja-fotowoltaiczna\\\/\"},\"author\":{\"name\":\"maciej\",\"@id\":\"https:\\\/\\\/gorzow.news\\\/#\\\/schema\\\/person\\\/a1e5ab43166369f2ce236a1cd90995bb\"},\"headline\":\"Na kolejnym budynkach Centrum Edukacji Zawodowej i Biznesu b\u0119dzie instalacja fotowoltaiczna\",\"datePublished\":\"2026-04-25T05:00:00+00:00\",\"dateModified\":\"2026-04-25T05:52:48+00:00\",\"mainEntityOfPage\":{\"@id\":\"https:\\\/\\\/gorzow.news\\\/index.php\\\/2026\\\/04\\\/25\\\/na-kolejnym-budynkach-centrum-edukacji-zawodowej-i-biznesu-bedzie-instalacja-fotowoltaiczna\\\/\"},\"wordCount\":155,\"commentCount\":0,\"image\":{\"@id\":\"https:\\\/\\\/gorzow.news\\\/index.php\\\/2026\\\/04\\\/25\\\/na-kolejnym-budynkach-centrum-edukacji-zawodowej-i-biznesu-bedzie-instalacja-fotowoltaiczna\\\/#primaryimage\"},\"thumbnailUrl\":\"https:\\\/\\\/gorzow.news\\\/wp-content\\\/uploads\\\/2026\\\/04\\\/678287489_1702621391282086_8239690235553187493_n.jpg\",\"keywords\":[\"Centrum Edukacji Zawodowej i Biznesu\",\"fotowoltaika\",\"Gorzowskie Inwestycje Miejskie\"],\"articleSection\":[\"Dolinki\",\"Inwestycje miejskie\",\"Wiadomo\u015bci\"],\"inLanguage\":\"pl-PL\",\"potentialAction\":[{\"@type\":\"CommentAction\",\"name\":\"Comment\",\"target\":[\"https:\\\/\\\/gorzow.news\\\/index.php\\\/2026\\\/04\\\/25\\\/na-kolejnym-budynkach-centrum-edukacji-zawodowej-i-biznesu-bedzie-instalacja-fotowoltaiczna\\\/#respond\"]}]},{\"@type\":\"WebPage\",\"@id\":\"https:\\\/\\\/gorzow.news\\\/index.php\\\/2026\\\/04\\\/25\\\/na-kolejnym-budynkach-centrum-edukacji-zawodowej-i-biznesu-bedzie-instalacja-fotowoltaiczna\\\/\",\"url\":\"https:\\\/\\\/gorzow.news\\\/index.php\\\/2026\\\/04\\\/25\\\/na-kolejnym-budynkach-centrum-edukacji-zawodowej-i-biznesu-bedzie-instalacja-fotowoltaiczna\\\/\",\"name\":\"Na kolejnym budynkach Centrum Edukacji Zawodowej i Biznesu b\u0119dzie instalacja fotowoltaiczna - Gorz\u00f3w News\",\"isPartOf\":{\"@id\":\"https:\\\/\\\/gorzow.news\\\/#website\"},\"primaryImageOfPage\":{\"@id\":\"https:\\\/\\\/gorzow.news\\\/index.php\\\/2026\\\/04\\\/25\\\/na-kolejnym-budynkach-centrum-edukacji-zawodowej-i-biznesu-bedzie-instalacja-fotowoltaiczna\\\/#primaryimage\"},\"image\":{\"@id\":\"https:\\\/\\\/gorzow.news\\\/index.php\\\/2026\\\/04\\\/25\\\/na-kolejnym-budynkach-centrum-edukacji-zawodowej-i-biznesu-bedzie-instalacja-fotowoltaiczna\\\/#primaryimage\"},\"thumbnailUrl\":\"https:\\\/\\\/gorzow.news\\\/wp-content\\\/uploads\\\/2026\\\/04\\\/678287489_1702621391282086_8239690235553187493_n.jpg\",\"datePublished\":\"2026-04-25T05:00:00+00:00\",\"dateModified\":\"2026-04-25T05:52:48+00:00\",\"author\":{\"@id\":\"https:\\\/\\\/gorzow.news\\\/#\\\/schema\\\/person\\\/a1e5ab43166369f2ce236a1cd90995bb\"},\"description\":\"Sp\u00f3\u0142ka Gorzowskie Inwestycje Miejskie og\u0142osi\u0142a przetarg na budow\u0119 instalacji fotowoltaicznej na dachu budynku warsztat\u00f3w oraz magazynu energii w budynku internatu.\",\"breadcrumb\":{\"@id\":\"https:\\\/\\\/gorzow.news\\\/index.php\\\/2026\\\/04\\\/25\\\/na-kolejnym-budynkach-centrum-edukacji-zawodowej-i-biznesu-bedzie-instalacja-fotowoltaiczna\\\/#breadcrumb\"},\"inLanguage\":\"pl-PL\",\"potentialAction\":[{\"@type\":\"ReadAction\",\"target\":[\"https:\\\/\\\/gorzow.news\\\/index.php\\\/2026\\\/04\\\/25\\\/na-kolejnym-budynkach-centrum-edukacji-zawodowej-i-biznesu-bedzie-instalacja-fotowoltaiczna\\\/\"]}]},{\"@type\":\"ImageObject\",\"inLanguage\":\"pl-PL\",\"@id\":\"https:\\\/\\\/gorzow.news\\\/index.php\\\/2026\\\/04\\\/25\\\/na-kolejnym-budynkach-centrum-edukacji-zawodowej-i-biznesu-bedzie-instalacja-fotowoltaiczna\\\/#primaryimage\",\"url\":\"https:\\\/\\\/gorzow.news\\\/wp-content\\\/uploads\\\/2026\\\/04\\\/678287489_1702621391282086_8239690235553187493_n.jpg\",\"contentUrl\":\"https:\\\/\\\/gorzow.news\\\/wp-content\\\/uploads\\\/2026\\\/04\\\/678287489_1702621391282086_8239690235553187493_n.jpg\",\"width\":2048,\"height\":968,\"caption\":\"fot. GIM\"},{\"@type\":\"BreadcrumbList\",\"@id\":\"https:\\\/\\\/gorzow.news\\\/index.php\\\/2026\\\/04\\\/25\\\/na-kolejnym-budynkach-centrum-edukacji-zawodowej-i-biznesu-bedzie-instalacja-fotowoltaiczna\\\/#breadcrumb\",\"itemListElement\":[{\"@type\":\"ListItem\",\"position\":1,\"name\":\"Home\",\"item\":\"https:\\\/\\\/gorzow.news\\\/\"},{\"@type\":\"ListItem\",\"position\":2,\"name\":\"Na kolejnym budynkach Centrum Edukacji Zawodowej i Biznesu b\u0119dzie instalacja fotowoltaiczna\"}]},{\"@type\":\"WebSite\",\"@id\":\"https:\\\/\\\/gorzow.news\\\/#website\",\"url\":\"https:\\\/\\\/gorzow.news\\\/\",\"name\":\"Gorz\u00f3w News\",\"description\":\"Sp\u00f3jrz inaczej na miato i region...\",\"potentialAction\":[{\"@type\":\"SearchAction\",\"target\":{\"@type\":\"EntryPoint\",\"urlTemplate\":\"https:\\\/\\\/gorzow.news\\\/?s={search_term_string}\"},\"query-input\":{\"@type\":\"PropertyValueSpecification\",\"valueRequired\":true,\"valueName\":\"search_term_string\"}}],\"inLanguage\":\"pl-PL\"},{\"@type\":\"Person\",\"@id\":\"https:\\\/\\\/gorzow.news\\\/#\\\/schema\\\/person\\\/a1e5ab43166369f2ce236a1cd90995bb\",\"name\":\"maciej\",\"image\":{\"@type\":\"ImageObject\",\"inLanguage\":\"pl-PL\",\"@id\":\"https:\\\/\\\/secure.gravatar.com\\\/avatar\\\/530a674d56ba60cfa0ef21d74e8e8d123a51bb7aa6580465b5c2ab2c2e980a19?s=96&r=g&d=https:\\\/\\\/gorzow.news\\\/wp-content\\\/plugins\\\/userswp\\\/assets\\\/images\\\/no_profile.png\",\"url\":\"https:\\\/\\\/secure.gravatar.com\\\/avatar\\\/530a674d56ba60cfa0ef21d74e8e8d123a51bb7aa6580465b5c2ab2c2e980a19?s=96&r=g&d=https:\\\/\\\/gorzow.news\\\/wp-content\\\/plugins\\\/userswp\\\/assets\\\/images\\\/no_profile.png\",\"contentUrl\":\"https:\\\/\\\/secure.gravatar.com\\\/avatar\\\/530a674d56ba60cfa0ef21d74e8e8d123a51bb7aa6580465b5c2ab2c2e980a19?s=96&r=g&d=https:\\\/\\\/gorzow.news\\\/wp-content\\\/plugins\\\/userswp\\\/assets\\\/images\\\/no_profile.png\",\"caption\":\"maciej\"},\"url\":\"https:\\\/\\\/gorzow.news\\\/index.php\\\/profile\\\/maciej\\\/\"}]}<\/script>\n<!-- \/ Yoast SEO plugin. -->","yoast_head_json":{"title":"Na kolejnym budynkach Centrum Edukacji Zawodowej i Biznesu b\u0119dzie instalacja fotowoltaiczna - Gorz\u00f3w News","description":"Sp\u00f3\u0142ka Gorzowskie Inwestycje Miejskie og\u0142osi\u0142a przetarg na budow\u0119 instalacji fotowoltaicznej na dachu budynku warsztat\u00f3w oraz magazynu energii w","robots":{"index":"index","follow":"follow","max-snippet":"max-snippet:-1","max-image-preview":"max-image-preview:large","max-video-preview":"max-video-preview:-1"},"canonical":"https:\/\/gorzow.news\/index.php\/2026\/04\/25\/na-kolejnym-budynkach-centrum-edukacji-zawodowej-i-biznesu-bedzie-instalacja-fotowoltaiczna\/","og_locale":"pl_PL","og_type":"article","og_title":"Na kolejnym budynkach Centrum Edukacji Zawodowej i Biznesu b\u0119dzie instalacja fotowoltaiczna - Gorz\u00f3w News","og_description":"Sp\u00f3\u0142ka Gorzowskie Inwestycje Miejskie og\u0142osi\u0142a przetarg na budow\u0119 instalacji fotowoltaicznej na dachu budynku warsztat\u00f3w oraz magazynu energii w","og_url":"https:\/\/gorzow.news\/index.php\/2026\/04\/25\/na-kolejnym-budynkach-centrum-edukacji-zawodowej-i-biznesu-bedzie-instalacja-fotowoltaiczna\/","og_site_name":"Gorz\u00f3w News","article_publisher":"https:\/\/www.facebook.com\/gorzowskinews","article_published_time":"2026-04-25T05:00:00+00:00","article_modified_time":"2026-04-25T05:52:48+00:00","og_image":[{"width":2048,"height":968,"url":"https:\/\/gorzow.news\/wp-content\/uploads\/2026\/04\/678287489_1702621391282086_8239690235553187493_n.jpg","type":"image\/jpeg"}],"author":"maciej","twitter_card":"summary_large_image","twitter_misc":{"Napisane przez":"maciej","Szacowany czas czytania":"1 minuta"},"schema":{"@context":"https:\/\/schema.org","@graph":[{"@type":"Article","@id":"https:\/\/gorzow.news\/index.php\/2026\/04\/25\/na-kolejnym-budynkach-centrum-edukacji-zawodowej-i-biznesu-bedzie-instalacja-fotowoltaiczna\/#article","isPartOf":{"@id":"https:\/\/gorzow.news\/index.php\/2026\/04\/25\/na-kolejnym-budynkach-centrum-edukacji-zawodowej-i-biznesu-bedzie-instalacja-fotowoltaiczna\/"},"author":{"name":"maciej","@id":"https:\/\/gorzow.news\/#\/schema\/person\/a1e5ab43166369f2ce236a1cd90995bb"},"headline":"Na kolejnym budynkach Centrum Edukacji Zawodowej i Biznesu b\u0119dzie instalacja fotowoltaiczna","datePublished":"2026-04-25T05:00:00+00:00","dateModified":"2026-04-25T05:52:48+00:00","mainEntityOfPage":{"@id":"https:\/\/gorzow.news\/index.php\/2026\/04\/25\/na-kolejnym-budynkach-centrum-edukacji-zawodowej-i-biznesu-bedzie-instalacja-fotowoltaiczna\/"},"wordCount":155,"commentCount":0,"image":{"@id":"https:\/\/gorzow.news\/index.php\/2026\/04\/25\/na-kolejnym-budynkach-centrum-edukacji-zawodowej-i-biznesu-bedzie-instalacja-fotowoltaiczna\/#primaryimage"},"thumbnailUrl":"https:\/\/gorzow.news\/wp-content\/uploads\/2026\/04\/678287489_1702621391282086_8239690235553187493_n.jpg","keywords":["Centrum Edukacji Zawodowej i Biznesu","fotowoltaika","Gorzowskie Inwestycje Miejskie"],"articleSection":["Dolinki","Inwestycje miejskie","Wiadomo\u015bci"],"inLanguage":"pl-PL","potentialAction":[{"@type":"CommentAction","name":"Comment","target":["https:\/\/gorzow.news\/index.php\/2026\/04\/25\/na-kolejnym-budynkach-centrum-edukacji-zawodowej-i-biznesu-bedzie-instalacja-fotowoltaiczna\/#respond"]}]},{"@type":"WebPage","@id":"https:\/\/gorzow.news\/index.php\/2026\/04\/25\/na-kolejnym-budynkach-centrum-edukacji-zawodowej-i-biznesu-bedzie-instalacja-fotowoltaiczna\/","url":"https:\/\/gorzow.news\/index.php\/2026\/04\/25\/na-kolejnym-budynkach-centrum-edukacji-zawodowej-i-biznesu-bedzie-instalacja-fotowoltaiczna\/","name":"Na kolejnym budynkach Centrum Edukacji Zawodowej i Biznesu b\u0119dzie instalacja fotowoltaiczna - Gorz\u00f3w News","isPartOf":{"@id":"https:\/\/gorzow.news\/#website"},"primaryImageOfPage":{"@id":"https:\/\/gorzow.news\/index.php\/2026\/04\/25\/na-kolejnym-budynkach-centrum-edukacji-zawodowej-i-biznesu-bedzie-instalacja-fotowoltaiczna\/#primaryimage"},"image":{"@id":"https:\/\/gorzow.news\/index.php\/2026\/04\/25\/na-kolejnym-budynkach-centrum-edukacji-zawodowej-i-biznesu-bedzie-instalacja-fotowoltaiczna\/#primaryimage"},"thumbnailUrl":"https:\/\/gorzow.news\/wp-content\/uploads\/2026\/04\/678287489_1702621391282086_8239690235553187493_n.jpg","datePublished":"2026-04-25T05:00:00+00:00","dateModified":"2026-04-25T05:52:48+00:00","author":{"@id":"https:\/\/gorzow.news\/#\/schema\/person\/a1e5ab43166369f2ce236a1cd90995bb"},"description":"Sp\u00f3\u0142ka Gorzowskie Inwestycje Miejskie og\u0142osi\u0142a przetarg na budow\u0119 instalacji fotowoltaicznej na dachu budynku warsztat\u00f3w oraz magazynu energii w budynku internatu.","breadcrumb":{"@id":"https:\/\/gorzow.news\/index.php\/2026\/04\/25\/na-kolejnym-budynkach-centrum-edukacji-zawodowej-i-biznesu-bedzie-instalacja-fotowoltaiczna\/#breadcrumb"},"inLanguage":"pl-PL","potentialAction":[{"@type":"ReadAction","target":["https:\/\/gorzow.news\/index.php\/2026\/04\/25\/na-kolejnym-budynkach-centrum-edukacji-zawodowej-i-biznesu-bedzie-instalacja-fotowoltaiczna\/"]}]},{"@type":"ImageObject","inLanguage":"pl-PL","@id":"https:\/\/gorzow.news\/index.php\/2026\/04\/25\/na-kolejnym-budynkach-centrum-edukacji-zawodowej-i-biznesu-bedzie-instalacja-fotowoltaiczna\/#primaryimage","url":"https:\/\/gorzow.news\/wp-content\/uploads\/2026\/04\/678287489_1702621391282086_8239690235553187493_n.jpg","contentUrl":"https:\/\/gorzow.news\/wp-content\/uploads\/2026\/04\/678287489_1702621391282086_8239690235553187493_n.jpg","width":2048,"height":968,"caption":"fot. GIM"},{"@type":"BreadcrumbList","@id":"https:\/\/gorzow.news\/index.php\/2026\/04\/25\/na-kolejnym-budynkach-centrum-edukacji-zawodowej-i-biznesu-bedzie-instalacja-fotowoltaiczna\/#breadcrumb","itemListElement":[{"@type":"ListItem","position":1,"name":"Home","item":"https:\/\/gorzow.news\/"},{"@type":"ListItem","position":2,"name":"Na kolejnym budynkach Centrum Edukacji Zawodowej i Biznesu b\u0119dzie instalacja fotowoltaiczna"}]},{"@type":"WebSite","@id":"https:\/\/gorzow.news\/#website","url":"https:\/\/gorzow.news\/","name":"Gorz\u00f3w News","description":"Sp\u00f3jrz inaczej na miato i region...","potentialAction":[{"@type":"SearchAction","target":{"@type":"EntryPoint","urlTemplate":"https:\/\/gorzow.news\/?s={search_term_string}"},"query-input":{"@type":"PropertyValueSpecification","valueRequired":true,"valueName":"search_term_string"}}],"inLanguage":"pl-PL"},{"@type":"Person","@id":"https:\/\/gorzow.news\/#\/schema\/person\/a1e5ab43166369f2ce236a1cd90995bb","name":"maciej","image":{"@type":"ImageObject","inLanguage":"pl-PL","@id":"https:\/\/secure.gravatar.com\/avatar\/530a674d56ba60cfa0ef21d74e8e8d123a51bb7aa6580465b5c2ab2c2e980a19?s=96&r=g&d=https:\/\/gorzow.news\/wp-content\/plugins\/userswp\/assets\/images\/no_profile.png","url":"https:\/\/secure.gravatar.com\/avatar\/530a674d56ba60cfa0ef21d74e8e8d123a51bb7aa6580465b5c2ab2c2e980a19?s=96&r=g&d=https:\/\/gorzow.news\/wp-content\/plugins\/userswp\/assets\/images\/no_profile.png","contentUrl":"https:\/\/secure.gravatar.com\/avatar\/530a674d56ba60cfa0ef21d74e8e8d123a51bb7aa6580465b5c2ab2c2e980a19?s=96&r=g&d=https:\/\/gorzow.news\/wp-content\/plugins\/userswp\/assets\/images\/no_profile.png","caption":"maciej"},"url":"https:\/\/gorzow.news\/index.php\/profile\/maciej\/"}]}},"_links":{"self":[{"href":"https:\/\/gorzow.news\/index.php\/wp-json\/wp\/v2\/posts\/40234","targetHints":{"allow":["GET"]}}],"collection":[{"href":"https:\/\/gorzow.news\/index.php\/wp-json\/wp\/v2\/posts"}],"about":[{"href":"https:\/\/gorzow.news\/index.php\/wp-json\/wp\/v2\/types\/post"}],"author":[{"embeddable":true,"href":"https:\/\/gorzow.news\/index.php\/wp-json\/wp\/v2\/users\/1"}],"replies":[{"embeddable":true,"href":"https:\/\/gorzow.news\/index.php\/wp-json\/wp\/v2\/comments?post=40234"}],"version-history":[{"count":1,"href":"https:\/\/gorzow.news\/index.php\/wp-json\/wp\/v2\/posts\/40234\/revisions"}],"predecessor-version":[{"id":40236,"href":"https:\/\/gorzow.news\/index.php\/wp-json\/wp\/v2\/posts\/40234\/revisions\/40236"}],"wp:featuredmedia":[{"embeddable":true,"href":"https:\/\/gorzow.news\/index.php\/wp-json\/wp\/v2\/media\/40235"}],"wp:attachment":[{"href":"https:\/\/gorzow.news\/index.php\/wp-json\/wp\/v2\/media?parent=40234"}],"wp:term":[{"taxonomy":"category","embeddable":true,"href":"https:\/\/gorzow.news\/index.php\/wp-json\/wp\/v2\/categories?post=40234"},{"taxonomy":"post_tag","embeddable":true,"href":"https:\/\/gorzow.news\/index.php\/wp-json\/wp\/v2\/tags?post=40234"}],"curies":[{"name":"wp","href":"https:\/\/api.w.org\/{rel}","templated":true}]}}