{"id":39220,"date":"2026-03-09T18:56:29","date_gmt":"2026-03-09T17:56:29","guid":{"rendered":"https:\/\/gorzow.news\/?p=39220"},"modified":"2026-03-09T19:07:37","modified_gmt":"2026-03-09T18:07:37","slug":"polnoc-regionu-potrzebuje-bazy-kolejowej-apel-o-punkt-utrzymania-taboru-w-gorzowie","status":"publish","type":"post","link":"https:\/\/gorzow.news\/index.php\/2026\/03\/09\/polnoc-regionu-potrzebuje-bazy-kolejowej-apel-o-punkt-utrzymania-taboru-w-gorzowie\/","title":{"rendered":"P\u00f3\u0142noc regionu potrzebuje bazy kolejowej. Apel o punkt utrzymania taboru w Gorzowie"},"content":{"rendered":"\n<p><strong>Stowarzyszenie komunikacja.org skierowa\u0142o do Marsza\u0142ka Wojew\u00f3dztwa Lubuskiego apel o utworzenie w Gorzowie punktu utrzymania taboru dla nowo powo\u0142anej sp\u00f3\u0142ki Lubuski Transport Publiczny. Zdaniem spo\u0142ecznik\u00f3w, bez odpowiedniego zaplecza technicznego na p\u00f3\u0142nocy wojew\u00f3dztwa, sprawna obs\u0142uga po\u0142\u0105cze\u0144 kolejowych w tej cz\u0119\u015bci regionu b\u0119dzie niemo\u017cliwa.<\/strong><\/p>\n\n\n\n<p>Obecnie wi\u0119kszo\u015b\u0107 zaplecza serwisowego dla lubuskich poci\u0105g\u00f3w koncentruje si\u0119 w po\u0142udniowej cz\u0119\u015bci wojew\u00f3dztwa. W opinii ekspert\u00f3w i pasjonat\u00f3w kolei zrzeszonych w komunikacja.org, taka centralizacja jest nieefektywna i generuje dodatkowe koszty oraz problemy logistyczne, zw\u0142aszcza w obliczu plan\u00f3w rozwoju w\u0142asnego przewo\u017anika wojew\u00f3dzkiego.<\/p>\n\n\n\n<p><strong>Klucz do sprawnej kolei to solidna baza<\/strong><\/p>\n\n\n\n<p>Prezes stowarzyszenia komunikacja.org, Tomasz Drost, podkre\u015bla, \u017ce sprawnie dzia\u0142aj\u0105ca kolej nie mo\u017ce istnie\u0107 bez odpowiedniego zaplecza technicznego. Wskazuje on na przyk\u0142ady z s\u0105siednich region\u00f3w, kt\u00f3re z powodzeniem stosuj\u0105 model rozproszonych punkt\u00f3w serwisowych.<\/p>\n\n\n\n<p>&#8211; Ka\u017cdy przewo\u017anik potrzebuje dobrej bazy. Nie ma dobrej kolei bez dobrej bazy serwisowej &#8211; zaznacza <strong>Tomasz Drost<\/strong>. &#8211; Jak spojrzymy chocia\u017cby na s\u0105siedni region &#8211; Wielkopolsk\u0119, to oni te\u017c maj\u0105 bazy i to maj\u0105 w kilku miejscach, czyli generalnie tam, gdzie najcz\u0119\u015bciej dane linie ko\u0144cz\u0105 swoje trasy, bo to jest naj\u0142atwiejsze w obs\u0142udze.<\/p>\n\n\n\n<div class=\"g g-15\"><div class=\"g-single a-42\"><a href=\"https:\/\/www.facebook.com\/pluginAR\" target=\"_blank\"><img decoding=\"async\" src=\"https:\/\/gorzow.news\/wp-content\/uploads\/2026\/01\/plugin.jpg\" height=\"800\" \/><\/a><\/div><\/div>\n\n\n\n<p><strong>Wykorzystanie potencja\u0142u Gorzowa<\/strong><\/p>\n\n\n\n<p>Gorz\u00f3w jest naturalnym w\u0119z\u0142em dla poci\u0105g\u00f3w ko\u0144cz\u0105cych bieg z kierunk\u00f3w zachodnich oraz od strony Wielkopolski. Wed\u0142ug autor\u00f3w apelu, to w\u0142a\u015bnie tutaj powinna powsta\u0107 infrastruktura pozwalaj\u0105ca na przegl\u0105dy i bie\u017c\u0105ce naprawy sk\u0142ad\u00f3w, co znacznie skr\u00f3ci\u0142oby czas wy\u0142\u0105czenia jednostek z ruchu.<\/p>\n\n\n\n<p>&#8211; Z tych kierunk\u00f3w najpewniej te poci\u0105gi te\u017c b\u0119d\u0105 ko\u0144czy\u0107 &#8211; z wojew\u00f3dztwa zachodniopomorskiego i Wielkopolski w Gorzowie, wi\u0119c tu b\u0119dzie du\u017co tego taboru &#8211; t\u0142umaczy Drost. Zdaniem prezesa stowarzyszenia, baza w Gorzowie musia\u0142aby by\u0107 przygotowana na obs\u0142ug\u0119 r\u00f3\u017cnorodnego typu pojazd\u00f3w, bior\u0105c pod uwag\u0119 charakterystyk\u0119 lubuskich linii.<\/p>\n\n\n\n<p><strong>Wyzwania nowoczesnego taboru<\/strong><\/p>\n\n\n\n<p>Inwestycja w Gorzowie powinna uwzgl\u0119dnia\u0107 nie tylko obecne potrzeby, ale tak\u017ce nadchodz\u0105c\u0105 rewolucj\u0119 technologiczn\u0105 na torach. Mowa tu o pojazdach hybrydowych oraz planowanej w przysz\u0142o\u015bci elektryfikacji linii.<\/p>\n\n\n\n<p>&#8211; Tu b\u0119dzie tabor najr\u00f3\u017cniejszego typu. Zak\u0142adam, \u017ce uda nam si\u0119 kiedy\u015b do\u017cy\u0107 tej chwili, kiedy b\u0119dzie elektryfikacja i b\u0119dzie tabor elektryczny. Z pewno\u015bci\u0105 b\u0119dzie hybrydowy, na pewno b\u0119dzie ca\u0142y czas spalinowy, wi\u0119c tego taboru b\u0119dzie du\u017co i tych potrzeb b\u0119dzie du\u017co &#8211; wylicza Tomasz Drost.<\/p>\n\n\n\n<p>Obecna sytuacja, w kt\u00f3rej cz\u0119\u015b\u0107 serwisu odbywa si\u0119 w Rzepinie lub jest zlecana do Leszna, zdaniem spo\u0142ecznik\u00f3w pokazuje, \u017ce opieranie si\u0119 na jednej lokalizacji jest niewystarczaj\u0105ce dla ca\u0142ego wojew\u00f3dztwa. Powstanie punktu w Gorzowie ma by\u0107 gwarancj\u0105 wy\u017cszej niezawodno\u015bci po\u0142\u0105cze\u0144 na p\u00f3\u0142nocy regionu.<\/p>\n","protected":false},"excerpt":{"rendered":"<p>Stowarzyszenie komunikacja.org skierowa\u0142o do Marsza\u0142ka Wojew\u00f3dztwa Lubuskiego apel o utworzenie w Gorzowie punktu utrzymania taboru dla nowo powo\u0142anej sp\u00f3\u0142ki Lubuski Transport Publiczny. Zdaniem spo\u0142ecznik\u00f3w, bez odpowiedniego zaplecza technicznego na p\u00f3\u0142nocy wojew\u00f3dztwa, sprawna obs\u0142uga po\u0142\u0105cze\u0144 kolejowych w tej cz\u0119\u015bci regionu b\u0119dzie niemo\u017cliwa. Obecnie wi\u0119kszo\u015b\u0107 zaplecza serwisowego dla lubuskich poci\u0105g\u00f3w koncentruje si\u0119 w po\u0142udniowej cz\u0119\u015bci wojew\u00f3dztwa. W [&hellip;]<\/p>\n","protected":false},"author":1,"featured_media":39223,"comment_status":"open","ping_status":"open","sticky":false,"template":"","format":"standard","meta":{"footnotes":"","_links_to":"","_links_to_target":""},"categories":[597,589],"tags":[3753,3754],"class_list":{"0":"post-39220","1":"post","2":"type-post","3":"status-publish","4":"format-standard","5":"has-post-thumbnail","7":"category-fakty-opinie","8":"category-wiadomosci","9":"tag-lubuski-transport-publiczny","10":"tag-utrzymanie-taboru"},"yoast_head":"<!-- This site is optimized with the Yoast SEO plugin v27.3 - https:\/\/yoast.com\/product\/yoast-seo-wordpress\/ -->\n<title>P\u00f3\u0142noc regionu potrzebuje bazy kolejowej. Apel o punkt utrzymania taboru w Gorzowie - Gorz\u00f3w News<\/title>\n<meta name=\"robots\" content=\"index, follow, max-snippet:-1, max-image-preview:large, max-video-preview:-1\" \/>\n<link rel=\"canonical\" href=\"https:\/\/gorzow.news\/index.php\/2026\/03\/09\/polnoc-regionu-potrzebuje-bazy-kolejowej-apel-o-punkt-utrzymania-taboru-w-gorzowie\/\" \/>\n<meta property=\"og:locale\" content=\"pl_PL\" \/>\n<meta property=\"og:type\" content=\"article\" \/>\n<meta property=\"og:title\" content=\"P\u00f3\u0142noc regionu potrzebuje bazy kolejowej. Apel o punkt utrzymania taboru w Gorzowie - Gorz\u00f3w News\" \/>\n<meta property=\"og:description\" content=\"Stowarzyszenie komunikacja.org skierowa\u0142o do Marsza\u0142ka Wojew\u00f3dztwa Lubuskiego apel o utworzenie w Gorzowie punktu utrzymania taboru dla nowo powo\u0142\" \/>\n<meta property=\"og:url\" content=\"https:\/\/gorzow.news\/index.php\/2026\/03\/09\/polnoc-regionu-potrzebuje-bazy-kolejowej-apel-o-punkt-utrzymania-taboru-w-gorzowie\/\" \/>\n<meta property=\"og:site_name\" content=\"Gorz\u00f3w News\" \/>\n<meta property=\"article:publisher\" content=\"https:\/\/www.facebook.com\/gorzowskinews\" \/>\n<meta property=\"article:published_time\" content=\"2026-03-09T17:56:29+00:00\" \/>\n<meta property=\"article:modified_time\" content=\"2026-03-09T18:07:37+00:00\" \/>\n<meta property=\"og:image\" content=\"https:\/\/gorzow.news\/wp-content\/uploads\/2026\/03\/naparawa-poci.png\" \/>\n\t<meta property=\"og:image:width\" content=\"1376\" \/>\n\t<meta property=\"og:image:height\" content=\"768\" \/>\n\t<meta property=\"og:image:type\" content=\"image\/png\" \/>\n<meta name=\"author\" content=\"maciej\" \/>\n<meta name=\"twitter:card\" content=\"summary_large_image\" \/>\n<meta name=\"twitter:label1\" content=\"Napisane przez\" \/>\n\t<meta name=\"twitter:data1\" content=\"maciej\" \/>\n\t<meta name=\"twitter:label2\" content=\"Szacowany czas czytania\" \/>\n\t<meta name=\"twitter:data2\" content=\"3 minuty\" \/>\n<script type=\"application\/ld+json\" class=\"yoast-schema-graph\">{\"@context\":\"https:\\\/\\\/schema.org\",\"@graph\":[{\"@type\":\"Article\",\"@id\":\"https:\\\/\\\/gorzow.news\\\/index.php\\\/2026\\\/03\\\/09\\\/polnoc-regionu-potrzebuje-bazy-kolejowej-apel-o-punkt-utrzymania-taboru-w-gorzowie\\\/#article\",\"isPartOf\":{\"@id\":\"https:\\\/\\\/gorzow.news\\\/index.php\\\/2026\\\/03\\\/09\\\/polnoc-regionu-potrzebuje-bazy-kolejowej-apel-o-punkt-utrzymania-taboru-w-gorzowie\\\/\"},\"author\":{\"name\":\"maciej\",\"@id\":\"https:\\\/\\\/gorzow.news\\\/#\\\/schema\\\/person\\\/a1e5ab43166369f2ce236a1cd90995bb\"},\"headline\":\"P\u00f3\u0142noc regionu potrzebuje bazy kolejowej. Apel o punkt utrzymania taboru w Gorzowie\",\"datePublished\":\"2026-03-09T17:56:29+00:00\",\"dateModified\":\"2026-03-09T18:07:37+00:00\",\"mainEntityOfPage\":{\"@id\":\"https:\\\/\\\/gorzow.news\\\/index.php\\\/2026\\\/03\\\/09\\\/polnoc-regionu-potrzebuje-bazy-kolejowej-apel-o-punkt-utrzymania-taboru-w-gorzowie\\\/\"},\"wordCount\":509,\"commentCount\":0,\"image\":{\"@id\":\"https:\\\/\\\/gorzow.news\\\/index.php\\\/2026\\\/03\\\/09\\\/polnoc-regionu-potrzebuje-bazy-kolejowej-apel-o-punkt-utrzymania-taboru-w-gorzowie\\\/#primaryimage\"},\"thumbnailUrl\":\"https:\\\/\\\/gorzow.news\\\/wp-content\\\/uploads\\\/2026\\\/03\\\/naparawa-poci.png\",\"keywords\":[\"Lubuski Transport Publiczny\",\"utrzymanie taboru\"],\"articleSection\":[\"Fakty i opinie\",\"Wiadomo\u015bci\"],\"inLanguage\":\"pl-PL\",\"potentialAction\":[{\"@type\":\"CommentAction\",\"name\":\"Comment\",\"target\":[\"https:\\\/\\\/gorzow.news\\\/index.php\\\/2026\\\/03\\\/09\\\/polnoc-regionu-potrzebuje-bazy-kolejowej-apel-o-punkt-utrzymania-taboru-w-gorzowie\\\/#respond\"]}]},{\"@type\":\"WebPage\",\"@id\":\"https:\\\/\\\/gorzow.news\\\/index.php\\\/2026\\\/03\\\/09\\\/polnoc-regionu-potrzebuje-bazy-kolejowej-apel-o-punkt-utrzymania-taboru-w-gorzowie\\\/\",\"url\":\"https:\\\/\\\/gorzow.news\\\/index.php\\\/2026\\\/03\\\/09\\\/polnoc-regionu-potrzebuje-bazy-kolejowej-apel-o-punkt-utrzymania-taboru-w-gorzowie\\\/\",\"name\":\"P\u00f3\u0142noc regionu potrzebuje bazy kolejowej. Apel o punkt utrzymania taboru w Gorzowie - Gorz\u00f3w News\",\"isPartOf\":{\"@id\":\"https:\\\/\\\/gorzow.news\\\/#website\"},\"primaryImageOfPage\":{\"@id\":\"https:\\\/\\\/gorzow.news\\\/index.php\\\/2026\\\/03\\\/09\\\/polnoc-regionu-potrzebuje-bazy-kolejowej-apel-o-punkt-utrzymania-taboru-w-gorzowie\\\/#primaryimage\"},\"image\":{\"@id\":\"https:\\\/\\\/gorzow.news\\\/index.php\\\/2026\\\/03\\\/09\\\/polnoc-regionu-potrzebuje-bazy-kolejowej-apel-o-punkt-utrzymania-taboru-w-gorzowie\\\/#primaryimage\"},\"thumbnailUrl\":\"https:\\\/\\\/gorzow.news\\\/wp-content\\\/uploads\\\/2026\\\/03\\\/naparawa-poci.png\",\"datePublished\":\"2026-03-09T17:56:29+00:00\",\"dateModified\":\"2026-03-09T18:07:37+00:00\",\"author\":{\"@id\":\"https:\\\/\\\/gorzow.news\\\/#\\\/schema\\\/person\\\/a1e5ab43166369f2ce236a1cd90995bb\"},\"breadcrumb\":{\"@id\":\"https:\\\/\\\/gorzow.news\\\/index.php\\\/2026\\\/03\\\/09\\\/polnoc-regionu-potrzebuje-bazy-kolejowej-apel-o-punkt-utrzymania-taboru-w-gorzowie\\\/#breadcrumb\"},\"inLanguage\":\"pl-PL\",\"potentialAction\":[{\"@type\":\"ReadAction\",\"target\":[\"https:\\\/\\\/gorzow.news\\\/index.php\\\/2026\\\/03\\\/09\\\/polnoc-regionu-potrzebuje-bazy-kolejowej-apel-o-punkt-utrzymania-taboru-w-gorzowie\\\/\"]}]},{\"@type\":\"ImageObject\",\"inLanguage\":\"pl-PL\",\"@id\":\"https:\\\/\\\/gorzow.news\\\/index.php\\\/2026\\\/03\\\/09\\\/polnoc-regionu-potrzebuje-bazy-kolejowej-apel-o-punkt-utrzymania-taboru-w-gorzowie\\\/#primaryimage\",\"url\":\"https:\\\/\\\/gorzow.news\\\/wp-content\\\/uploads\\\/2026\\\/03\\\/naparawa-poci.png\",\"contentUrl\":\"https:\\\/\\\/gorzow.news\\\/wp-content\\\/uploads\\\/2026\\\/03\\\/naparawa-poci.png\",\"width\":1376,\"height\":768,\"caption\":\"W Gorzowie powstanie punktu utrzymania taboru?\"},{\"@type\":\"BreadcrumbList\",\"@id\":\"https:\\\/\\\/gorzow.news\\\/index.php\\\/2026\\\/03\\\/09\\\/polnoc-regionu-potrzebuje-bazy-kolejowej-apel-o-punkt-utrzymania-taboru-w-gorzowie\\\/#breadcrumb\",\"itemListElement\":[{\"@type\":\"ListItem\",\"position\":1,\"name\":\"Home\",\"item\":\"https:\\\/\\\/gorzow.news\\\/\"},{\"@type\":\"ListItem\",\"position\":2,\"name\":\"P\u00f3\u0142noc regionu potrzebuje bazy kolejowej. Apel o punkt utrzymania taboru w Gorzowie\"}]},{\"@type\":\"WebSite\",\"@id\":\"https:\\\/\\\/gorzow.news\\\/#website\",\"url\":\"https:\\\/\\\/gorzow.news\\\/\",\"name\":\"Gorz\u00f3w News\",\"description\":\"Sp\u00f3jrz inaczej na miato i region...\",\"potentialAction\":[{\"@type\":\"SearchAction\",\"target\":{\"@type\":\"EntryPoint\",\"urlTemplate\":\"https:\\\/\\\/gorzow.news\\\/?s={search_term_string}\"},\"query-input\":{\"@type\":\"PropertyValueSpecification\",\"valueRequired\":true,\"valueName\":\"search_term_string\"}}],\"inLanguage\":\"pl-PL\"},{\"@type\":\"Person\",\"@id\":\"https:\\\/\\\/gorzow.news\\\/#\\\/schema\\\/person\\\/a1e5ab43166369f2ce236a1cd90995bb\",\"name\":\"maciej\",\"image\":{\"@type\":\"ImageObject\",\"inLanguage\":\"pl-PL\",\"@id\":\"https:\\\/\\\/secure.gravatar.com\\\/avatar\\\/530a674d56ba60cfa0ef21d74e8e8d123a51bb7aa6580465b5c2ab2c2e980a19?s=96&r=g&d=https:\\\/\\\/gorzow.news\\\/wp-content\\\/plugins\\\/userswp\\\/assets\\\/images\\\/no_profile.png\",\"url\":\"https:\\\/\\\/secure.gravatar.com\\\/avatar\\\/530a674d56ba60cfa0ef21d74e8e8d123a51bb7aa6580465b5c2ab2c2e980a19?s=96&r=g&d=https:\\\/\\\/gorzow.news\\\/wp-content\\\/plugins\\\/userswp\\\/assets\\\/images\\\/no_profile.png\",\"contentUrl\":\"https:\\\/\\\/secure.gravatar.com\\\/avatar\\\/530a674d56ba60cfa0ef21d74e8e8d123a51bb7aa6580465b5c2ab2c2e980a19?s=96&r=g&d=https:\\\/\\\/gorzow.news\\\/wp-content\\\/plugins\\\/userswp\\\/assets\\\/images\\\/no_profile.png\",\"caption\":\"maciej\"},\"url\":\"https:\\\/\\\/gorzow.news\\\/index.php\\\/profile\\\/maciej\\\/\"}]}<\/script>\n<!-- \/ Yoast SEO plugin. -->","yoast_head_json":{"title":"P\u00f3\u0142noc regionu potrzebuje bazy kolejowej. Apel o punkt utrzymania taboru w Gorzowie - Gorz\u00f3w News","robots":{"index":"index","follow":"follow","max-snippet":"max-snippet:-1","max-image-preview":"max-image-preview:large","max-video-preview":"max-video-preview:-1"},"canonical":"https:\/\/gorzow.news\/index.php\/2026\/03\/09\/polnoc-regionu-potrzebuje-bazy-kolejowej-apel-o-punkt-utrzymania-taboru-w-gorzowie\/","og_locale":"pl_PL","og_type":"article","og_title":"P\u00f3\u0142noc regionu potrzebuje bazy kolejowej. Apel o punkt utrzymania taboru w Gorzowie - Gorz\u00f3w News","og_description":"Stowarzyszenie komunikacja.org skierowa\u0142o do Marsza\u0142ka Wojew\u00f3dztwa Lubuskiego apel o utworzenie w Gorzowie punktu utrzymania taboru dla nowo powo\u0142","og_url":"https:\/\/gorzow.news\/index.php\/2026\/03\/09\/polnoc-regionu-potrzebuje-bazy-kolejowej-apel-o-punkt-utrzymania-taboru-w-gorzowie\/","og_site_name":"Gorz\u00f3w News","article_publisher":"https:\/\/www.facebook.com\/gorzowskinews","article_published_time":"2026-03-09T17:56:29+00:00","article_modified_time":"2026-03-09T18:07:37+00:00","og_image":[{"width":1376,"height":768,"url":"https:\/\/gorzow.news\/wp-content\/uploads\/2026\/03\/naparawa-poci.png","type":"image\/png"}],"author":"maciej","twitter_card":"summary_large_image","twitter_misc":{"Napisane przez":"maciej","Szacowany czas czytania":"3 minuty"},"schema":{"@context":"https:\/\/schema.org","@graph":[{"@type":"Article","@id":"https:\/\/gorzow.news\/index.php\/2026\/03\/09\/polnoc-regionu-potrzebuje-bazy-kolejowej-apel-o-punkt-utrzymania-taboru-w-gorzowie\/#article","isPartOf":{"@id":"https:\/\/gorzow.news\/index.php\/2026\/03\/09\/polnoc-regionu-potrzebuje-bazy-kolejowej-apel-o-punkt-utrzymania-taboru-w-gorzowie\/"},"author":{"name":"maciej","@id":"https:\/\/gorzow.news\/#\/schema\/person\/a1e5ab43166369f2ce236a1cd90995bb"},"headline":"P\u00f3\u0142noc regionu potrzebuje bazy kolejowej. Apel o punkt utrzymania taboru w Gorzowie","datePublished":"2026-03-09T17:56:29+00:00","dateModified":"2026-03-09T18:07:37+00:00","mainEntityOfPage":{"@id":"https:\/\/gorzow.news\/index.php\/2026\/03\/09\/polnoc-regionu-potrzebuje-bazy-kolejowej-apel-o-punkt-utrzymania-taboru-w-gorzowie\/"},"wordCount":509,"commentCount":0,"image":{"@id":"https:\/\/gorzow.news\/index.php\/2026\/03\/09\/polnoc-regionu-potrzebuje-bazy-kolejowej-apel-o-punkt-utrzymania-taboru-w-gorzowie\/#primaryimage"},"thumbnailUrl":"https:\/\/gorzow.news\/wp-content\/uploads\/2026\/03\/naparawa-poci.png","keywords":["Lubuski Transport Publiczny","utrzymanie taboru"],"articleSection":["Fakty i opinie","Wiadomo\u015bci"],"inLanguage":"pl-PL","potentialAction":[{"@type":"CommentAction","name":"Comment","target":["https:\/\/gorzow.news\/index.php\/2026\/03\/09\/polnoc-regionu-potrzebuje-bazy-kolejowej-apel-o-punkt-utrzymania-taboru-w-gorzowie\/#respond"]}]},{"@type":"WebPage","@id":"https:\/\/gorzow.news\/index.php\/2026\/03\/09\/polnoc-regionu-potrzebuje-bazy-kolejowej-apel-o-punkt-utrzymania-taboru-w-gorzowie\/","url":"https:\/\/gorzow.news\/index.php\/2026\/03\/09\/polnoc-regionu-potrzebuje-bazy-kolejowej-apel-o-punkt-utrzymania-taboru-w-gorzowie\/","name":"P\u00f3\u0142noc regionu potrzebuje bazy kolejowej. Apel o punkt utrzymania taboru w Gorzowie - Gorz\u00f3w News","isPartOf":{"@id":"https:\/\/gorzow.news\/#website"},"primaryImageOfPage":{"@id":"https:\/\/gorzow.news\/index.php\/2026\/03\/09\/polnoc-regionu-potrzebuje-bazy-kolejowej-apel-o-punkt-utrzymania-taboru-w-gorzowie\/#primaryimage"},"image":{"@id":"https:\/\/gorzow.news\/index.php\/2026\/03\/09\/polnoc-regionu-potrzebuje-bazy-kolejowej-apel-o-punkt-utrzymania-taboru-w-gorzowie\/#primaryimage"},"thumbnailUrl":"https:\/\/gorzow.news\/wp-content\/uploads\/2026\/03\/naparawa-poci.png","datePublished":"2026-03-09T17:56:29+00:00","dateModified":"2026-03-09T18:07:37+00:00","author":{"@id":"https:\/\/gorzow.news\/#\/schema\/person\/a1e5ab43166369f2ce236a1cd90995bb"},"breadcrumb":{"@id":"https:\/\/gorzow.news\/index.php\/2026\/03\/09\/polnoc-regionu-potrzebuje-bazy-kolejowej-apel-o-punkt-utrzymania-taboru-w-gorzowie\/#breadcrumb"},"inLanguage":"pl-PL","potentialAction":[{"@type":"ReadAction","target":["https:\/\/gorzow.news\/index.php\/2026\/03\/09\/polnoc-regionu-potrzebuje-bazy-kolejowej-apel-o-punkt-utrzymania-taboru-w-gorzowie\/"]}]},{"@type":"ImageObject","inLanguage":"pl-PL","@id":"https:\/\/gorzow.news\/index.php\/2026\/03\/09\/polnoc-regionu-potrzebuje-bazy-kolejowej-apel-o-punkt-utrzymania-taboru-w-gorzowie\/#primaryimage","url":"https:\/\/gorzow.news\/wp-content\/uploads\/2026\/03\/naparawa-poci.png","contentUrl":"https:\/\/gorzow.news\/wp-content\/uploads\/2026\/03\/naparawa-poci.png","width":1376,"height":768,"caption":"W Gorzowie powstanie punktu utrzymania taboru?"},{"@type":"BreadcrumbList","@id":"https:\/\/gorzow.news\/index.php\/2026\/03\/09\/polnoc-regionu-potrzebuje-bazy-kolejowej-apel-o-punkt-utrzymania-taboru-w-gorzowie\/#breadcrumb","itemListElement":[{"@type":"ListItem","position":1,"name":"Home","item":"https:\/\/gorzow.news\/"},{"@type":"ListItem","position":2,"name":"P\u00f3\u0142noc regionu potrzebuje bazy kolejowej. Apel o punkt utrzymania taboru w Gorzowie"}]},{"@type":"WebSite","@id":"https:\/\/gorzow.news\/#website","url":"https:\/\/gorzow.news\/","name":"Gorz\u00f3w News","description":"Sp\u00f3jrz inaczej na miato i region...","potentialAction":[{"@type":"SearchAction","target":{"@type":"EntryPoint","urlTemplate":"https:\/\/gorzow.news\/?s={search_term_string}"},"query-input":{"@type":"PropertyValueSpecification","valueRequired":true,"valueName":"search_term_string"}}],"inLanguage":"pl-PL"},{"@type":"Person","@id":"https:\/\/gorzow.news\/#\/schema\/person\/a1e5ab43166369f2ce236a1cd90995bb","name":"maciej","image":{"@type":"ImageObject","inLanguage":"pl-PL","@id":"https:\/\/secure.gravatar.com\/avatar\/530a674d56ba60cfa0ef21d74e8e8d123a51bb7aa6580465b5c2ab2c2e980a19?s=96&r=g&d=https:\/\/gorzow.news\/wp-content\/plugins\/userswp\/assets\/images\/no_profile.png","url":"https:\/\/secure.gravatar.com\/avatar\/530a674d56ba60cfa0ef21d74e8e8d123a51bb7aa6580465b5c2ab2c2e980a19?s=96&r=g&d=https:\/\/gorzow.news\/wp-content\/plugins\/userswp\/assets\/images\/no_profile.png","contentUrl":"https:\/\/secure.gravatar.com\/avatar\/530a674d56ba60cfa0ef21d74e8e8d123a51bb7aa6580465b5c2ab2c2e980a19?s=96&r=g&d=https:\/\/gorzow.news\/wp-content\/plugins\/userswp\/assets\/images\/no_profile.png","caption":"maciej"},"url":"https:\/\/gorzow.news\/index.php\/profile\/maciej\/"}]}},"_links":{"self":[{"href":"https:\/\/gorzow.news\/index.php\/wp-json\/wp\/v2\/posts\/39220","targetHints":{"allow":["GET"]}}],"collection":[{"href":"https:\/\/gorzow.news\/index.php\/wp-json\/wp\/v2\/posts"}],"about":[{"href":"https:\/\/gorzow.news\/index.php\/wp-json\/wp\/v2\/types\/post"}],"author":[{"embeddable":true,"href":"https:\/\/gorzow.news\/index.php\/wp-json\/wp\/v2\/users\/1"}],"replies":[{"embeddable":true,"href":"https:\/\/gorzow.news\/index.php\/wp-json\/wp\/v2\/comments?post=39220"}],"version-history":[{"count":1,"href":"https:\/\/gorzow.news\/index.php\/wp-json\/wp\/v2\/posts\/39220\/revisions"}],"predecessor-version":[{"id":39222,"href":"https:\/\/gorzow.news\/index.php\/wp-json\/wp\/v2\/posts\/39220\/revisions\/39222"}],"wp:featuredmedia":[{"embeddable":true,"href":"https:\/\/gorzow.news\/index.php\/wp-json\/wp\/v2\/media\/39223"}],"wp:attachment":[{"href":"https:\/\/gorzow.news\/index.php\/wp-json\/wp\/v2\/media?parent=39220"}],"wp:term":[{"taxonomy":"category","embeddable":true,"href":"https:\/\/gorzow.news\/index.php\/wp-json\/wp\/v2\/categories?post=39220"},{"taxonomy":"post_tag","embeddable":true,"href":"https:\/\/gorzow.news\/index.php\/wp-json\/wp\/v2\/tags?post=39220"}],"curies":[{"name":"wp","href":"https:\/\/api.w.org\/{rel}","templated":true}]}}