{"id":39215,"date":"2026-03-09T18:08:54","date_gmt":"2026-03-09T17:08:54","guid":{"rendered":"https:\/\/gorzow.news\/?p=39215"},"modified":"2026-03-09T18:10:47","modified_gmt":"2026-03-09T17:10:47","slug":"stypendystka-prezydenta-gorzowa-szuka-swiadkow-historii-rozpoczyna-prace-nad-serialem-dokumentalnym-o-stilonie","status":"publish","type":"post","link":"https:\/\/gorzow.news\/index.php\/2026\/03\/09\/stypendystka-prezydenta-gorzowa-szuka-swiadkow-historii-rozpoczyna-prace-nad-serialem-dokumentalnym-o-stilonie\/","title":{"rendered":"Stypendystka prezydenta Gorzowa szuka \u015bwiadk\u00f3w historii. Rozpoczyna prace nad serialem dokumentalnym o Stilonie"},"content":{"rendered":"\n<p><strong>Stypendystka prezydenta miasta Dominika Muniak rozpoczyna realizacj\u0119 wieloodcinkowego filmu dokumentalnego \u201eSTILON. Miasto w mie\u015bcie\u201d. Projekt opowie o historii zak\u0142adu widzianej oczami ludzi, kt\u00f3rzy tworzyli jego codzienno\u015b\u0107. Tw\u00f3rczyni poszukuje by\u0142ych pracownik\u00f3w oraz ich rodzin, kt\u00f3rzy chcieliby podzieli\u0107 si\u0119 swoimi wspomnieniami przed kamer\u0105 i pom\u00f3c zachowa\u0107 pami\u0119\u0107 o jednym z najwa\u017cniejszych miejsc w historii Gorzowa.<\/strong><\/p>\n\n\n\n<p><strong>\u201eSTILON. Miasto w mie\u015bcie\u201d &#8211; serial o ludziach i ich historiach<\/strong><\/p>\n\n\n\n<p>Projekt dokumentalny b\u0119dzie mia\u0142 form\u0119 serialu podzielonego na 10 odcink\u00f3w tematycznych. Ka\u017cdy z nich poka\u017ce inn\u0105 perspektyw\u0119 funkcjonowania zak\u0142adu &#8211; od produkcji i laboratori\u00f3w, przez administracj\u0119, a\u017c po zaplecze techniczne i spo\u0142eczne.<\/p>\n\n\n\n<p>Inspiracj\u0105 dla tw\u00f3rczyni s\u0105 przede wszystkim osobiste historie pracownik\u00f3w i ich rodzin. To w\u0142a\u015bnie ich wspomnienia maj\u0105 sta\u0107 si\u0119 osi\u0105 narracji o legendarnym zak\u0142adzie, kt\u00f3ry przez dekady by\u0142 wa\u017cnym elementem \u017cycia miasta i jego mieszka\u0144c\u00f3w.<\/p>\n\n\n\n<p>Jak podkre\u015bla Dominika Muniak, celem projektu jest nie tylko opowiedzenie historii przemys\u0142owej pot\u0119gi, ale tak\u017ce zachowanie pami\u0119ci o codziennym \u017cyciu ludzi, kt\u00f3rzy wsp\u00f3\u0142tworzyli spo\u0142eczno\u015b\u0107 zak\u0142adu.<\/p>\n\n\n\n<div class=\"g g-15\"><div class=\"g-single a-42\"><a href=\"https:\/\/www.facebook.com\/pluginAR\" target=\"_blank\"><img decoding=\"async\" src=\"https:\/\/gorzow.news\/wp-content\/uploads\/2026\/01\/plugin.jpg\" height=\"800\" \/><\/a><\/div><\/div>\n\n\n\n<p><strong>Poszukiwani bohaterowie filmu<\/strong><\/p>\n\n\n\n<p>Tw\u00f3rczyni zaprasza do udzia\u0142u w projekcie osoby, kt\u00f3re chcia\u0142yby podzieli\u0107 si\u0119 swoimi do\u015bwiadczeniami i wspomnieniami zwi\u0105zanymi z dawnymi Zak\u0142adami W\u0142\u00f3kien Chemicznych Stilon.<\/p>\n\n\n\n<p><strong>Szczeg\u00f3lnie mile widziani s\u0105:<\/strong><\/p>\n\n\n\n<p>&#8211; byli pracownicy Stilonu z r\u00f3\u017cnych dzia\u0142\u00f3w i stanowisk,<\/p>\n\n\n\n<p>&#8211; osoby pracuj\u0105ce w laboratoriach, produkcji, administracji i zapleczu technicznym,<\/p>\n\n\n\n<p>&#8211; rodziny pracownik\u00f3w, kt\u00f3re pami\u0119taj\u0105 \u017cycie zwi\u0105zane z fabryk\u0105,<\/p>\n\n\n\n<p>&#8211; osoby posiadaj\u0105ce zdj\u0119cia, dokumenty lub pami\u0105tki zwi\u0105zane z zak\u0142adem.<\/p>\n\n\n\n<p>Ka\u017cda historia &#8211; zar\u00f3wno ta z hali produkcyjnej, biura czy zaplecza technicznego &#8211; mo\u017ce sta\u0107 si\u0119 cz\u0119\u015bci\u0105 filmowej opowie\u015bci.<\/p>\n\n\n\n<p><strong>Odcinek \u201eKobiety Stilonu\u201d<\/strong><\/p>\n\n\n\n<p>Jednym z planowanych epizod\u00f3w b\u0119dzie odcinek zatytu\u0142owany \u201eKobiety Stilonu\u201d. W tej cz\u0119\u015bci tw\u00f3rczyni g\u0142os ma zosta\u0107 oddany wszystkim kobietom, kt\u00f3re pracowa\u0142y w zak\u0142adzie &#8211; na produkcji, w laboratoriach, biurach czy innych dzia\u0142ach.<\/p>\n\n\n\n<p>Ich do\u015bwiadczenia, wspomnienia z pracy oraz codzienne \u017cycie zwi\u0105zane z fabryk\u0105 maj\u0105 pokaza\u0107 wa\u017cn\u0105, cz\u0119sto mniej widoczn\u0105 perspektyw\u0119 historii zak\u0142adu.<\/p>\n\n\n\n<p><strong>Jak zg\u0142osi\u0107 si\u0119 do projektu<\/strong><\/p>\n\n\n\n<p>Osoby, kt\u00f3re pracowa\u0142y w Stilonie lub kt\u00f3rych bliscy byli zwi\u0105zani z zak\u0142adem, mog\u0105 zg\u0142osi\u0107 si\u0119 bezpo\u015brednio do Dominiki Muniak &#8211; poprzez wiadomo\u015b\u0107 prywatn\u0105 &#8211; tutaj link.<\/p>\n\n\n\n<p>Projekt powstaje dzi\u0119ki dotacji przyznanej przez Urz\u0105d Miasta Gorzowa w ramach stypendium artystycznego. Dzi\u0119ki temu powstanie dokument, kt\u00f3ry ma szans\u0119 zachowa\u0107 wa\u017cny fragment historii miasta dla kolejnych pokole\u0144.<\/p>\n","protected":false},"excerpt":{"rendered":"<p>Stypendystka prezydenta miasta Dominika Muniak rozpoczyna realizacj\u0119 wieloodcinkowego filmu dokumentalnego \u201eSTILON. Miasto w mie\u015bcie\u201d. Projekt opowie o historii zak\u0142adu widzianej oczami ludzi, kt\u00f3rzy tworzyli jego codzienno\u015b\u0107. Tw\u00f3rczyni poszukuje by\u0142ych pracownik\u00f3w oraz ich rodzin, kt\u00f3rzy chcieliby podzieli\u0107 si\u0119 swoimi wspomnieniami przed kamer\u0105 i pom\u00f3c zachowa\u0107 pami\u0119\u0107 o jednym z najwa\u017cniejszych miejsc w historii Gorzowa. \u201eSTILON. Miasto [&hellip;]<\/p>\n","protected":false},"author":1,"featured_media":39217,"comment_status":"open","ping_status":"open","sticky":false,"template":"","format":"standard","meta":{"footnotes":"","_links_to":"","_links_to_target":""},"categories":[597,589],"tags":[3752,115],"class_list":{"0":"post-39215","1":"post","2":"type-post","3":"status-publish","4":"format-standard","5":"has-post-thumbnail","7":"category-fakty-opinie","8":"category-wiadomosci","9":"tag-dominika-muniak","10":"tag-stilon"},"yoast_head":"<!-- This site is optimized with the Yoast SEO plugin v27.3 - https:\/\/yoast.com\/product\/yoast-seo-wordpress\/ -->\n<title>Stypendystka prezydenta Gorzowa szuka \u015bwiadk\u00f3w historii. Rozpoczyna prace nad serialem dokumentalnym o Stilonie - Gorz\u00f3w News<\/title>\n<meta name=\"description\" content=\"Stypendystka prezydenta miasta Dominika Muniak rozpoczyna realizacj\u0119 wieloodcinkowego filmu dokumentalnego \u201eSTILON. Miasto w mie\u015bcie\u201d. Projekt o\" \/>\n<meta name=\"robots\" content=\"index, follow, max-snippet:-1, max-image-preview:large, max-video-preview:-1\" \/>\n<link rel=\"canonical\" href=\"https:\/\/gorzow.news\/index.php\/2026\/03\/09\/stypendystka-prezydenta-gorzowa-szuka-swiadkow-historii-rozpoczyna-prace-nad-serialem-dokumentalnym-o-stilonie\/\" \/>\n<meta property=\"og:locale\" content=\"pl_PL\" \/>\n<meta property=\"og:type\" content=\"article\" \/>\n<meta property=\"og:title\" content=\"Stypendystka prezydenta Gorzowa szuka \u015bwiadk\u00f3w historii. Rozpoczyna prace nad serialem dokumentalnym o Stilonie - Gorz\u00f3w News\" \/>\n<meta property=\"og:description\" content=\"Stypendystka prezydenta miasta Dominika Muniak rozpoczyna realizacj\u0119 wieloodcinkowego filmu dokumentalnego \u201eSTILON. Miasto w mie\u015bcie\u201d. Projekt o\" \/>\n<meta property=\"og:url\" content=\"https:\/\/gorzow.news\/index.php\/2026\/03\/09\/stypendystka-prezydenta-gorzowa-szuka-swiadkow-historii-rozpoczyna-prace-nad-serialem-dokumentalnym-o-stilonie\/\" \/>\n<meta property=\"og:site_name\" content=\"Gorz\u00f3w News\" \/>\n<meta property=\"article:publisher\" content=\"https:\/\/www.facebook.com\/gorzowskinews\" \/>\n<meta property=\"article:published_time\" content=\"2026-03-09T17:08:54+00:00\" \/>\n<meta property=\"article:modified_time\" content=\"2026-03-09T17:10:47+00:00\" \/>\n<meta property=\"og:image\" content=\"https:\/\/gorzow.news\/wp-content\/uploads\/2026\/03\/648375454_10234593030661346_3651646058643053218_n-1.jpg\" \/>\n\t<meta property=\"og:image:width\" content=\"1791\" \/>\n\t<meta property=\"og:image:height\" content=\"848\" \/>\n\t<meta property=\"og:image:type\" content=\"image\/jpeg\" \/>\n<meta name=\"author\" content=\"maciej\" \/>\n<meta name=\"twitter:card\" content=\"summary_large_image\" \/>\n<meta name=\"twitter:label1\" content=\"Napisane przez\" \/>\n\t<meta name=\"twitter:data1\" content=\"maciej\" \/>\n\t<meta name=\"twitter:label2\" content=\"Szacowany czas czytania\" \/>\n\t<meta name=\"twitter:data2\" content=\"3 minuty\" \/>\n<script type=\"application\/ld+json\" class=\"yoast-schema-graph\">{\"@context\":\"https:\\\/\\\/schema.org\",\"@graph\":[{\"@type\":\"Article\",\"@id\":\"https:\\\/\\\/gorzow.news\\\/index.php\\\/2026\\\/03\\\/09\\\/stypendystka-prezydenta-gorzowa-szuka-swiadkow-historii-rozpoczyna-prace-nad-serialem-dokumentalnym-o-stilonie\\\/#article\",\"isPartOf\":{\"@id\":\"https:\\\/\\\/gorzow.news\\\/index.php\\\/2026\\\/03\\\/09\\\/stypendystka-prezydenta-gorzowa-szuka-swiadkow-historii-rozpoczyna-prace-nad-serialem-dokumentalnym-o-stilonie\\\/\"},\"author\":{\"name\":\"maciej\",\"@id\":\"https:\\\/\\\/gorzow.news\\\/#\\\/schema\\\/person\\\/a1e5ab43166369f2ce236a1cd90995bb\"},\"headline\":\"Stypendystka prezydenta Gorzowa szuka \u015bwiadk\u00f3w historii. Rozpoczyna prace nad serialem dokumentalnym o Stilonie\",\"datePublished\":\"2026-03-09T17:08:54+00:00\",\"dateModified\":\"2026-03-09T17:10:47+00:00\",\"mainEntityOfPage\":{\"@id\":\"https:\\\/\\\/gorzow.news\\\/index.php\\\/2026\\\/03\\\/09\\\/stypendystka-prezydenta-gorzowa-szuka-swiadkow-historii-rozpoczyna-prace-nad-serialem-dokumentalnym-o-stilonie\\\/\"},\"wordCount\":460,\"commentCount\":0,\"image\":{\"@id\":\"https:\\\/\\\/gorzow.news\\\/index.php\\\/2026\\\/03\\\/09\\\/stypendystka-prezydenta-gorzowa-szuka-swiadkow-historii-rozpoczyna-prace-nad-serialem-dokumentalnym-o-stilonie\\\/#primaryimage\"},\"thumbnailUrl\":\"https:\\\/\\\/gorzow.news\\\/wp-content\\\/uploads\\\/2026\\\/03\\\/648375454_10234593030661346_3651646058643053218_n-1.jpg\",\"keywords\":[\"Dominika Muniak\",\"Stilon\"],\"articleSection\":[\"Fakty i opinie\",\"Wiadomo\u015bci\"],\"inLanguage\":\"pl-PL\",\"potentialAction\":[{\"@type\":\"CommentAction\",\"name\":\"Comment\",\"target\":[\"https:\\\/\\\/gorzow.news\\\/index.php\\\/2026\\\/03\\\/09\\\/stypendystka-prezydenta-gorzowa-szuka-swiadkow-historii-rozpoczyna-prace-nad-serialem-dokumentalnym-o-stilonie\\\/#respond\"]}]},{\"@type\":\"WebPage\",\"@id\":\"https:\\\/\\\/gorzow.news\\\/index.php\\\/2026\\\/03\\\/09\\\/stypendystka-prezydenta-gorzowa-szuka-swiadkow-historii-rozpoczyna-prace-nad-serialem-dokumentalnym-o-stilonie\\\/\",\"url\":\"https:\\\/\\\/gorzow.news\\\/index.php\\\/2026\\\/03\\\/09\\\/stypendystka-prezydenta-gorzowa-szuka-swiadkow-historii-rozpoczyna-prace-nad-serialem-dokumentalnym-o-stilonie\\\/\",\"name\":\"Stypendystka prezydenta Gorzowa szuka \u015bwiadk\u00f3w historii. Rozpoczyna prace nad serialem dokumentalnym o Stilonie - Gorz\u00f3w News\",\"isPartOf\":{\"@id\":\"https:\\\/\\\/gorzow.news\\\/#website\"},\"primaryImageOfPage\":{\"@id\":\"https:\\\/\\\/gorzow.news\\\/index.php\\\/2026\\\/03\\\/09\\\/stypendystka-prezydenta-gorzowa-szuka-swiadkow-historii-rozpoczyna-prace-nad-serialem-dokumentalnym-o-stilonie\\\/#primaryimage\"},\"image\":{\"@id\":\"https:\\\/\\\/gorzow.news\\\/index.php\\\/2026\\\/03\\\/09\\\/stypendystka-prezydenta-gorzowa-szuka-swiadkow-historii-rozpoczyna-prace-nad-serialem-dokumentalnym-o-stilonie\\\/#primaryimage\"},\"thumbnailUrl\":\"https:\\\/\\\/gorzow.news\\\/wp-content\\\/uploads\\\/2026\\\/03\\\/648375454_10234593030661346_3651646058643053218_n-1.jpg\",\"datePublished\":\"2026-03-09T17:08:54+00:00\",\"dateModified\":\"2026-03-09T17:10:47+00:00\",\"author\":{\"@id\":\"https:\\\/\\\/gorzow.news\\\/#\\\/schema\\\/person\\\/a1e5ab43166369f2ce236a1cd90995bb\"},\"description\":\"Stypendystka prezydenta miasta Dominika Muniak rozpoczyna realizacj\u0119 wieloodcinkowego filmu dokumentalnego \u201eSTILON. Miasto w mie\u015bcie\u201d. Projekt opowie o historii zak\u0142adu widzianej oczami ludzi, kt\u00f3rzy tworzyli jego codzienno\u015b\u0107. Tw\u00f3rczyni poszukuje by\u0142ych pracownik\u00f3w oraz ich rodzin, kt\u00f3rzy chcieliby podzieli\u0107 si\u0119 swoimi wspomnieniami przed kamer\u0105 i pom\u00f3c zachowa\u0107 pami\u0119\u0107 o jednym z najwa\u017cniejszych miejsc w historii Gorzowa.\",\"breadcrumb\":{\"@id\":\"https:\\\/\\\/gorzow.news\\\/index.php\\\/2026\\\/03\\\/09\\\/stypendystka-prezydenta-gorzowa-szuka-swiadkow-historii-rozpoczyna-prace-nad-serialem-dokumentalnym-o-stilonie\\\/#breadcrumb\"},\"inLanguage\":\"pl-PL\",\"potentialAction\":[{\"@type\":\"ReadAction\",\"target\":[\"https:\\\/\\\/gorzow.news\\\/index.php\\\/2026\\\/03\\\/09\\\/stypendystka-prezydenta-gorzowa-szuka-swiadkow-historii-rozpoczyna-prace-nad-serialem-dokumentalnym-o-stilonie\\\/\"]}]},{\"@type\":\"ImageObject\",\"inLanguage\":\"pl-PL\",\"@id\":\"https:\\\/\\\/gorzow.news\\\/index.php\\\/2026\\\/03\\\/09\\\/stypendystka-prezydenta-gorzowa-szuka-swiadkow-historii-rozpoczyna-prace-nad-serialem-dokumentalnym-o-stilonie\\\/#primaryimage\",\"url\":\"https:\\\/\\\/gorzow.news\\\/wp-content\\\/uploads\\\/2026\\\/03\\\/648375454_10234593030661346_3651646058643053218_n-1.jpg\",\"contentUrl\":\"https:\\\/\\\/gorzow.news\\\/wp-content\\\/uploads\\\/2026\\\/03\\\/648375454_10234593030661346_3651646058643053218_n-1.jpg\",\"width\":1791,\"height\":848,\"caption\":\"fot. Archiwum Pa\u0144stwowe w Gorzowie.\"},{\"@type\":\"BreadcrumbList\",\"@id\":\"https:\\\/\\\/gorzow.news\\\/index.php\\\/2026\\\/03\\\/09\\\/stypendystka-prezydenta-gorzowa-szuka-swiadkow-historii-rozpoczyna-prace-nad-serialem-dokumentalnym-o-stilonie\\\/#breadcrumb\",\"itemListElement\":[{\"@type\":\"ListItem\",\"position\":1,\"name\":\"Home\",\"item\":\"https:\\\/\\\/gorzow.news\\\/\"},{\"@type\":\"ListItem\",\"position\":2,\"name\":\"Stypendystka prezydenta Gorzowa szuka \u015bwiadk\u00f3w historii. Rozpoczyna prace nad serialem dokumentalnym o Stilonie\"}]},{\"@type\":\"WebSite\",\"@id\":\"https:\\\/\\\/gorzow.news\\\/#website\",\"url\":\"https:\\\/\\\/gorzow.news\\\/\",\"name\":\"Gorz\u00f3w News\",\"description\":\"Sp\u00f3jrz inaczej na miato i region...\",\"potentialAction\":[{\"@type\":\"SearchAction\",\"target\":{\"@type\":\"EntryPoint\",\"urlTemplate\":\"https:\\\/\\\/gorzow.news\\\/?s={search_term_string}\"},\"query-input\":{\"@type\":\"PropertyValueSpecification\",\"valueRequired\":true,\"valueName\":\"search_term_string\"}}],\"inLanguage\":\"pl-PL\"},{\"@type\":\"Person\",\"@id\":\"https:\\\/\\\/gorzow.news\\\/#\\\/schema\\\/person\\\/a1e5ab43166369f2ce236a1cd90995bb\",\"name\":\"maciej\",\"image\":{\"@type\":\"ImageObject\",\"inLanguage\":\"pl-PL\",\"@id\":\"https:\\\/\\\/secure.gravatar.com\\\/avatar\\\/530a674d56ba60cfa0ef21d74e8e8d123a51bb7aa6580465b5c2ab2c2e980a19?s=96&r=g&d=https:\\\/\\\/gorzow.news\\\/wp-content\\\/plugins\\\/userswp\\\/assets\\\/images\\\/no_profile.png\",\"url\":\"https:\\\/\\\/secure.gravatar.com\\\/avatar\\\/530a674d56ba60cfa0ef21d74e8e8d123a51bb7aa6580465b5c2ab2c2e980a19?s=96&r=g&d=https:\\\/\\\/gorzow.news\\\/wp-content\\\/plugins\\\/userswp\\\/assets\\\/images\\\/no_profile.png\",\"contentUrl\":\"https:\\\/\\\/secure.gravatar.com\\\/avatar\\\/530a674d56ba60cfa0ef21d74e8e8d123a51bb7aa6580465b5c2ab2c2e980a19?s=96&r=g&d=https:\\\/\\\/gorzow.news\\\/wp-content\\\/plugins\\\/userswp\\\/assets\\\/images\\\/no_profile.png\",\"caption\":\"maciej\"},\"url\":\"https:\\\/\\\/gorzow.news\\\/index.php\\\/profile\\\/maciej\\\/\"}]}<\/script>\n<!-- \/ Yoast SEO plugin. -->","yoast_head_json":{"title":"Stypendystka prezydenta Gorzowa szuka \u015bwiadk\u00f3w historii. Rozpoczyna prace nad serialem dokumentalnym o Stilonie - Gorz\u00f3w News","description":"Stypendystka prezydenta miasta Dominika Muniak rozpoczyna realizacj\u0119 wieloodcinkowego filmu dokumentalnego \u201eSTILON. Miasto w mie\u015bcie\u201d. Projekt o","robots":{"index":"index","follow":"follow","max-snippet":"max-snippet:-1","max-image-preview":"max-image-preview:large","max-video-preview":"max-video-preview:-1"},"canonical":"https:\/\/gorzow.news\/index.php\/2026\/03\/09\/stypendystka-prezydenta-gorzowa-szuka-swiadkow-historii-rozpoczyna-prace-nad-serialem-dokumentalnym-o-stilonie\/","og_locale":"pl_PL","og_type":"article","og_title":"Stypendystka prezydenta Gorzowa szuka \u015bwiadk\u00f3w historii. Rozpoczyna prace nad serialem dokumentalnym o Stilonie - Gorz\u00f3w News","og_description":"Stypendystka prezydenta miasta Dominika Muniak rozpoczyna realizacj\u0119 wieloodcinkowego filmu dokumentalnego \u201eSTILON. Miasto w mie\u015bcie\u201d. Projekt o","og_url":"https:\/\/gorzow.news\/index.php\/2026\/03\/09\/stypendystka-prezydenta-gorzowa-szuka-swiadkow-historii-rozpoczyna-prace-nad-serialem-dokumentalnym-o-stilonie\/","og_site_name":"Gorz\u00f3w News","article_publisher":"https:\/\/www.facebook.com\/gorzowskinews","article_published_time":"2026-03-09T17:08:54+00:00","article_modified_time":"2026-03-09T17:10:47+00:00","og_image":[{"width":1791,"height":848,"url":"https:\/\/gorzow.news\/wp-content\/uploads\/2026\/03\/648375454_10234593030661346_3651646058643053218_n-1.jpg","type":"image\/jpeg"}],"author":"maciej","twitter_card":"summary_large_image","twitter_misc":{"Napisane przez":"maciej","Szacowany czas czytania":"3 minuty"},"schema":{"@context":"https:\/\/schema.org","@graph":[{"@type":"Article","@id":"https:\/\/gorzow.news\/index.php\/2026\/03\/09\/stypendystka-prezydenta-gorzowa-szuka-swiadkow-historii-rozpoczyna-prace-nad-serialem-dokumentalnym-o-stilonie\/#article","isPartOf":{"@id":"https:\/\/gorzow.news\/index.php\/2026\/03\/09\/stypendystka-prezydenta-gorzowa-szuka-swiadkow-historii-rozpoczyna-prace-nad-serialem-dokumentalnym-o-stilonie\/"},"author":{"name":"maciej","@id":"https:\/\/gorzow.news\/#\/schema\/person\/a1e5ab43166369f2ce236a1cd90995bb"},"headline":"Stypendystka prezydenta Gorzowa szuka \u015bwiadk\u00f3w historii. Rozpoczyna prace nad serialem dokumentalnym o Stilonie","datePublished":"2026-03-09T17:08:54+00:00","dateModified":"2026-03-09T17:10:47+00:00","mainEntityOfPage":{"@id":"https:\/\/gorzow.news\/index.php\/2026\/03\/09\/stypendystka-prezydenta-gorzowa-szuka-swiadkow-historii-rozpoczyna-prace-nad-serialem-dokumentalnym-o-stilonie\/"},"wordCount":460,"commentCount":0,"image":{"@id":"https:\/\/gorzow.news\/index.php\/2026\/03\/09\/stypendystka-prezydenta-gorzowa-szuka-swiadkow-historii-rozpoczyna-prace-nad-serialem-dokumentalnym-o-stilonie\/#primaryimage"},"thumbnailUrl":"https:\/\/gorzow.news\/wp-content\/uploads\/2026\/03\/648375454_10234593030661346_3651646058643053218_n-1.jpg","keywords":["Dominika Muniak","Stilon"],"articleSection":["Fakty i opinie","Wiadomo\u015bci"],"inLanguage":"pl-PL","potentialAction":[{"@type":"CommentAction","name":"Comment","target":["https:\/\/gorzow.news\/index.php\/2026\/03\/09\/stypendystka-prezydenta-gorzowa-szuka-swiadkow-historii-rozpoczyna-prace-nad-serialem-dokumentalnym-o-stilonie\/#respond"]}]},{"@type":"WebPage","@id":"https:\/\/gorzow.news\/index.php\/2026\/03\/09\/stypendystka-prezydenta-gorzowa-szuka-swiadkow-historii-rozpoczyna-prace-nad-serialem-dokumentalnym-o-stilonie\/","url":"https:\/\/gorzow.news\/index.php\/2026\/03\/09\/stypendystka-prezydenta-gorzowa-szuka-swiadkow-historii-rozpoczyna-prace-nad-serialem-dokumentalnym-o-stilonie\/","name":"Stypendystka prezydenta Gorzowa szuka \u015bwiadk\u00f3w historii. Rozpoczyna prace nad serialem dokumentalnym o Stilonie - Gorz\u00f3w News","isPartOf":{"@id":"https:\/\/gorzow.news\/#website"},"primaryImageOfPage":{"@id":"https:\/\/gorzow.news\/index.php\/2026\/03\/09\/stypendystka-prezydenta-gorzowa-szuka-swiadkow-historii-rozpoczyna-prace-nad-serialem-dokumentalnym-o-stilonie\/#primaryimage"},"image":{"@id":"https:\/\/gorzow.news\/index.php\/2026\/03\/09\/stypendystka-prezydenta-gorzowa-szuka-swiadkow-historii-rozpoczyna-prace-nad-serialem-dokumentalnym-o-stilonie\/#primaryimage"},"thumbnailUrl":"https:\/\/gorzow.news\/wp-content\/uploads\/2026\/03\/648375454_10234593030661346_3651646058643053218_n-1.jpg","datePublished":"2026-03-09T17:08:54+00:00","dateModified":"2026-03-09T17:10:47+00:00","author":{"@id":"https:\/\/gorzow.news\/#\/schema\/person\/a1e5ab43166369f2ce236a1cd90995bb"},"description":"Stypendystka prezydenta miasta Dominika Muniak rozpoczyna realizacj\u0119 wieloodcinkowego filmu dokumentalnego \u201eSTILON. Miasto w mie\u015bcie\u201d. Projekt opowie o historii zak\u0142adu widzianej oczami ludzi, kt\u00f3rzy tworzyli jego codzienno\u015b\u0107. Tw\u00f3rczyni poszukuje by\u0142ych pracownik\u00f3w oraz ich rodzin, kt\u00f3rzy chcieliby podzieli\u0107 si\u0119 swoimi wspomnieniami przed kamer\u0105 i pom\u00f3c zachowa\u0107 pami\u0119\u0107 o jednym z najwa\u017cniejszych miejsc w historii Gorzowa.","breadcrumb":{"@id":"https:\/\/gorzow.news\/index.php\/2026\/03\/09\/stypendystka-prezydenta-gorzowa-szuka-swiadkow-historii-rozpoczyna-prace-nad-serialem-dokumentalnym-o-stilonie\/#breadcrumb"},"inLanguage":"pl-PL","potentialAction":[{"@type":"ReadAction","target":["https:\/\/gorzow.news\/index.php\/2026\/03\/09\/stypendystka-prezydenta-gorzowa-szuka-swiadkow-historii-rozpoczyna-prace-nad-serialem-dokumentalnym-o-stilonie\/"]}]},{"@type":"ImageObject","inLanguage":"pl-PL","@id":"https:\/\/gorzow.news\/index.php\/2026\/03\/09\/stypendystka-prezydenta-gorzowa-szuka-swiadkow-historii-rozpoczyna-prace-nad-serialem-dokumentalnym-o-stilonie\/#primaryimage","url":"https:\/\/gorzow.news\/wp-content\/uploads\/2026\/03\/648375454_10234593030661346_3651646058643053218_n-1.jpg","contentUrl":"https:\/\/gorzow.news\/wp-content\/uploads\/2026\/03\/648375454_10234593030661346_3651646058643053218_n-1.jpg","width":1791,"height":848,"caption":"fot. Archiwum Pa\u0144stwowe w Gorzowie."},{"@type":"BreadcrumbList","@id":"https:\/\/gorzow.news\/index.php\/2026\/03\/09\/stypendystka-prezydenta-gorzowa-szuka-swiadkow-historii-rozpoczyna-prace-nad-serialem-dokumentalnym-o-stilonie\/#breadcrumb","itemListElement":[{"@type":"ListItem","position":1,"name":"Home","item":"https:\/\/gorzow.news\/"},{"@type":"ListItem","position":2,"name":"Stypendystka prezydenta Gorzowa szuka \u015bwiadk\u00f3w historii. Rozpoczyna prace nad serialem dokumentalnym o Stilonie"}]},{"@type":"WebSite","@id":"https:\/\/gorzow.news\/#website","url":"https:\/\/gorzow.news\/","name":"Gorz\u00f3w News","description":"Sp\u00f3jrz inaczej na miato i region...","potentialAction":[{"@type":"SearchAction","target":{"@type":"EntryPoint","urlTemplate":"https:\/\/gorzow.news\/?s={search_term_string}"},"query-input":{"@type":"PropertyValueSpecification","valueRequired":true,"valueName":"search_term_string"}}],"inLanguage":"pl-PL"},{"@type":"Person","@id":"https:\/\/gorzow.news\/#\/schema\/person\/a1e5ab43166369f2ce236a1cd90995bb","name":"maciej","image":{"@type":"ImageObject","inLanguage":"pl-PL","@id":"https:\/\/secure.gravatar.com\/avatar\/530a674d56ba60cfa0ef21d74e8e8d123a51bb7aa6580465b5c2ab2c2e980a19?s=96&r=g&d=https:\/\/gorzow.news\/wp-content\/plugins\/userswp\/assets\/images\/no_profile.png","url":"https:\/\/secure.gravatar.com\/avatar\/530a674d56ba60cfa0ef21d74e8e8d123a51bb7aa6580465b5c2ab2c2e980a19?s=96&r=g&d=https:\/\/gorzow.news\/wp-content\/plugins\/userswp\/assets\/images\/no_profile.png","contentUrl":"https:\/\/secure.gravatar.com\/avatar\/530a674d56ba60cfa0ef21d74e8e8d123a51bb7aa6580465b5c2ab2c2e980a19?s=96&r=g&d=https:\/\/gorzow.news\/wp-content\/plugins\/userswp\/assets\/images\/no_profile.png","caption":"maciej"},"url":"https:\/\/gorzow.news\/index.php\/profile\/maciej\/"}]}},"_links":{"self":[{"href":"https:\/\/gorzow.news\/index.php\/wp-json\/wp\/v2\/posts\/39215","targetHints":{"allow":["GET"]}}],"collection":[{"href":"https:\/\/gorzow.news\/index.php\/wp-json\/wp\/v2\/posts"}],"about":[{"href":"https:\/\/gorzow.news\/index.php\/wp-json\/wp\/v2\/types\/post"}],"author":[{"embeddable":true,"href":"https:\/\/gorzow.news\/index.php\/wp-json\/wp\/v2\/users\/1"}],"replies":[{"embeddable":true,"href":"https:\/\/gorzow.news\/index.php\/wp-json\/wp\/v2\/comments?post=39215"}],"version-history":[{"count":2,"href":"https:\/\/gorzow.news\/index.php\/wp-json\/wp\/v2\/posts\/39215\/revisions"}],"predecessor-version":[{"id":39219,"href":"https:\/\/gorzow.news\/index.php\/wp-json\/wp\/v2\/posts\/39215\/revisions\/39219"}],"wp:featuredmedia":[{"embeddable":true,"href":"https:\/\/gorzow.news\/index.php\/wp-json\/wp\/v2\/media\/39217"}],"wp:attachment":[{"href":"https:\/\/gorzow.news\/index.php\/wp-json\/wp\/v2\/media?parent=39215"}],"wp:term":[{"taxonomy":"category","embeddable":true,"href":"https:\/\/gorzow.news\/index.php\/wp-json\/wp\/v2\/categories?post=39215"},{"taxonomy":"post_tag","embeddable":true,"href":"https:\/\/gorzow.news\/index.php\/wp-json\/wp\/v2\/tags?post=39215"}],"curies":[{"name":"wp","href":"https:\/\/api.w.org\/{rel}","templated":true}]}}