{"id":3918,"date":"2021-10-28T13:32:47","date_gmt":"2021-10-28T11:32:47","guid":{"rendered":"https:\/\/gorzow.news\/?p=3918"},"modified":"2021-10-28T13:43:06","modified_gmt":"2021-10-28T11:43:06","slug":"polski-lad-podzial-niby-rowny-a-w-praktyce-gorzow-dostanie-duzo-mniej-od-zielonej-gory","status":"publish","type":"post","link":"https:\/\/gorzow.news\/index.php\/2021\/10\/28\/polski-lad-podzial-niby-rowny-a-w-praktyce-gorzow-dostanie-duzo-mniej-od-zielonej-gory\/","title":{"rendered":"Polski \u0141ad &#8211; podzia\u0142 niby r\u00f3wny, a w praktyce Gorz\u00f3w dostanie du\u017co mniej od Zielonej G\u00f3ry"},"content":{"rendered":"\n<p><strong>Premier Mateusz Morawiecki i wiceminister spraw wewn\u0119trznych i administracji Pawe\u0142 Szefernaker og\u0142osili wyniki pierwszego naboru w ramach Rz\u0105dowego Funduszu Polski \u0141ad: Program Inwestycji Strategicznych. Jak przekazano, pieni\u0105dze trafi\u0105 do 97 proc. polskich samorz\u0105d\u00f3w.<\/strong><\/p>\n\n\n\n<p>Jak t\u0142umaczy\u0142 wiceminister spraw wewn\u0119trznych i administracji Pawe\u0142 Szefernaker, w ramach programu Funduszu Inwestycji Strategicznych Polskiego \u0141adu ka\u017cdy samorz\u0105d m\u00f3g\u0142 z\u0142o\u017cy\u0107 3 wnioski. W sumie wp\u0142yn\u0119\u0142o ich 8 tysi\u0119cy na \u0142\u0105czn\u0105 kwot\u0119 powy\u017cej 93 mld z\u0142otych. Kwota, kt\u00f3r\u0105 dysponowa\u0142 rz\u0105d, to ponad 23 mld z\u0142otych. Rozdysponowano j\u0105 na 4 tysi\u0105ce inwestycji.<\/p>\n\n\n\n<p>Ponad 677,3 mln z\u0142 dotacji trafi do lubuskich samorz\u0105d\u00f3w. &#8211; Ogromne pieni\u0105dze, kt\u00f3re w spos\u00f3b zr\u00f3wnowa\u017cony &#8211; podkre\u015blam to mocno &#8211; trafi\u0142y do wszystkich samorz\u0105d\u00f3w wojew\u00f3dztwa lubuskiego z jednym wyj\u0105tkiem. Trafi\u0142y do samorz\u0105d\u00f3w tych najmniejszych, trafi\u0142y do samorz\u0105d\u00f3w powiatowych, do samorz\u0105du wojew\u00f3dztwa, do miasta Gorzowa, do miasta Zielonej G\u00f3ry. To s\u0105 inwestycje, kt\u00f3re dla tych samorz\u0105d\u00f3w maj\u0105 strategiczne znacznie &#8211; powiedzia\u0142 na konferencji prasowej w Gorzowie wojewoda lubuski <strong>W\u0142adys\u0142aw Dajczak<\/strong>.<\/p>\n\n\n\n<p>Gorz\u00f3w i Zielona G\u00f3ra bezpo\u015brednio otrzymaj\u0105 tyle samo, bo po 33,9 mln z\u0142.<\/p>\n\n\n\n<p>Gorz\u00f3w wykorzysta je na budow\u0119 poradni psychologiczno-pedagogicznej, Centrum Doradztwa Zawodowego i internatu przy Centrum Edukacji Zawodowej i Biznesu, a tak\u017ce na modernizacj\u0119 stadionu lekkoatletycznego przy ul. Krasi\u0144skiego.<\/p>\n\n\n\n<p>W przypadku Zielonej G\u00f3ry pieni\u0105dze z Programu Inwestycji Strategicznych zostan\u0105 przeznaczone na rewitalizacj\u0119 Parku Tysi\u0105clecia oraz zagospodarowanie k\u0105pieliska miejskiego przy ul. Botanicznej.<\/p>\n\n\n\n<p>Zielona G\u00f3ra otrzyma jednak dodatkowe 30 mln z\u0142, o kt\u00f3re wyst\u0105pi\u0142 Samorz\u0105d Wojew\u00f3dztwa Lubuskiego. Zostan\u0105 one wykorzystane do &#8222;Przebudowy wewn\u0119trznego uk\u0142adu komunikacyjnego wraz z infrastruktur\u0105 towarzysz\u0105c\u0105 w Szpitalu Uniwersyteckim im. K. Marcinkowskiego w Zielonej G\u00f3rze sp. z o. o.&#8221;.<\/p>\n\n\n\n<p>&#8211; Szpital ko\u0144czy termomodernizacj\u0119, ze \u015brodk\u00f3w regionalnego programu b\u0119dzie budowa\u0142 parking, wi\u0119c musimy zrealizowa\u0107 ten projekt, aby uporz\u0105dkowa\u0107 sie\u0107 dr\u00f3g wewn\u0105trz szpitala \u2013 wyja\u015bnia marsza\u0142ek <strong>El\u017cbieta Anna Polak<\/strong>.<\/p>\n\n\n\n<p><strong>Gminy wok\u00f3\u0142 Gorzowa:<br>Deszczno:<\/strong><br>&#8211; budowa remizy stra\u017cackiej w Ciecierzycach &#8211; 510 tys. z\u0142<\/p>\n\n\n\n<p><strong>Bogdaniec:<\/strong><br>&#8211; budowa infrastruktury sportowej w gminie &#8211; 4,5 mln z\u0142<\/p>\n\n\n\n<p><strong>K\u0142odawa:<\/strong><br>&#8211; budowa sieci wodnokanalizacyjnej na osiedlu Po\u0142udniowym w m. Wojcieszyce &#8211; 2 mln 850 tys. z\u0142<\/p>\n\n\n\n<p><strong>Lubiszyn:<\/strong><br>&#8211; przebudowa drogi gminnej nr 002833F w miejscowo\u015bci Wysoka &#8211; 3 mln z\u0142.<br>&#8211; rozbudowa budynku SP w Baczynie o siedem sal lekcyjnych, wraz z infrastruktur\u0105 techniczn\u0105 i zagospodarowaniem terenu &#8211; 5 mln 100 tys. z\u0142<\/p>\n\n\n\n<p><strong>Santok:<\/strong><br>&#8211; budowa Gminnego Centrum Ratownictwa w Santoku &#8211; 4 mln 250 tys. z\u0142<\/p>\n","protected":false},"excerpt":{"rendered":"<p>Premier Mateusz Morawiecki i wiceminister spraw wewn\u0119trznych i administracji Pawe\u0142 Szefernaker og\u0142osili wyniki pierwszego naboru w ramach Rz\u0105dowego Funduszu Polski \u0141ad: Program Inwestycji Strategicznych. Jak przekazano, pieni\u0105dze trafi\u0105 do 97 proc. polskich samorz\u0105d\u00f3w.<\/p>\n","protected":false},"author":1,"featured_media":3919,"comment_status":"open","ping_status":"open","sticky":false,"template":"","format":"standard","meta":{"footnotes":"","_links_to":"","_links_to_target":""},"categories":[597,589],"tags":[233,710,70,88,709],"class_list":{"0":"post-3918","1":"post","2":"type-post","3":"status-publish","4":"format-standard","5":"has-post-thumbnail","7":"category-fakty-opinie","8":"category-wiadomosci","9":"tag-centrum-edukacji-zawodowej-i-biznesu","10":"tag-elzbieta-anna-polak","11":"tag-polski-lad","12":"tag-stadion-lekkoatletyczny","13":"tag-wladyslaw-dajczak"},"yoast_head":"<!-- This site is optimized with the Yoast SEO plugin v27.3 - https:\/\/yoast.com\/product\/yoast-seo-wordpress\/ -->\n<title>Polski \u0141ad - podzia\u0142 niby r\u00f3wny, a w praktyce Gorz\u00f3w dostanie du\u017co mniej od Zielonej G\u00f3ry - Gorz\u00f3w News<\/title>\n<meta name=\"description\" content=\"Premier Mateusz Morawiecki i wiceminister spraw wewn\u0119trznych i administracji Pawe\u0142 Szefernaker og\u0142osili wyniki pierwszego naboru w ramach Rz\u0105doweg\" \/>\n<meta name=\"robots\" content=\"index, follow, max-snippet:-1, max-image-preview:large, max-video-preview:-1\" \/>\n<link rel=\"canonical\" href=\"https:\/\/gorzow.news\/index.php\/2021\/10\/28\/polski-lad-podzial-niby-rowny-a-w-praktyce-gorzow-dostanie-duzo-mniej-od-zielonej-gory\/\" \/>\n<meta property=\"og:locale\" content=\"pl_PL\" \/>\n<meta property=\"og:type\" content=\"article\" \/>\n<meta property=\"og:title\" content=\"Polski \u0141ad - podzia\u0142 niby r\u00f3wny, a w praktyce Gorz\u00f3w dostanie du\u017co mniej od Zielonej G\u00f3ry - Gorz\u00f3w News\" \/>\n<meta property=\"og:description\" content=\"Premier Mateusz Morawiecki i wiceminister spraw wewn\u0119trznych i administracji Pawe\u0142 Szefernaker og\u0142osili wyniki pierwszego naboru w ramach Rz\u0105doweg\" \/>\n<meta property=\"og:url\" content=\"https:\/\/gorzow.news\/index.php\/2021\/10\/28\/polski-lad-podzial-niby-rowny-a-w-praktyce-gorzow-dostanie-duzo-mniej-od-zielonej-gory\/\" \/>\n<meta property=\"og:site_name\" content=\"Gorz\u00f3w News\" \/>\n<meta property=\"article:publisher\" content=\"https:\/\/www.facebook.com\/gorzowskinews\" \/>\n<meta property=\"article:published_time\" content=\"2021-10-28T11:32:47+00:00\" \/>\n<meta property=\"article:modified_time\" content=\"2021-10-28T11:43:06+00:00\" \/>\n<meta property=\"og:image\" content=\"https:\/\/gorzow.news\/wp-content\/uploads\/2021\/10\/dajczak.jpg\" \/>\n\t<meta property=\"og:image:width\" content=\"1600\" \/>\n\t<meta property=\"og:image:height\" content=\"1068\" \/>\n\t<meta property=\"og:image:type\" content=\"image\/jpeg\" \/>\n<meta name=\"author\" content=\"maciej\" \/>\n<meta name=\"twitter:card\" content=\"summary_large_image\" \/>\n<meta name=\"twitter:label1\" content=\"Napisane przez\" \/>\n\t<meta name=\"twitter:data1\" content=\"maciej\" \/>\n\t<meta name=\"twitter:label2\" content=\"Szacowany czas czytania\" \/>\n\t<meta name=\"twitter:data2\" content=\"2 minuty\" \/>\n<script type=\"application\/ld+json\" class=\"yoast-schema-graph\">{\"@context\":\"https:\\\/\\\/schema.org\",\"@graph\":[{\"@type\":\"Article\",\"@id\":\"https:\\\/\\\/gorzow.news\\\/index.php\\\/2021\\\/10\\\/28\\\/polski-lad-podzial-niby-rowny-a-w-praktyce-gorzow-dostanie-duzo-mniej-od-zielonej-gory\\\/#article\",\"isPartOf\":{\"@id\":\"https:\\\/\\\/gorzow.news\\\/index.php\\\/2021\\\/10\\\/28\\\/polski-lad-podzial-niby-rowny-a-w-praktyce-gorzow-dostanie-duzo-mniej-od-zielonej-gory\\\/\"},\"author\":{\"name\":\"maciej\",\"@id\":\"https:\\\/\\\/gorzow.news\\\/#\\\/schema\\\/person\\\/a1e5ab43166369f2ce236a1cd90995bb\"},\"headline\":\"Polski \u0141ad &#8211; podzia\u0142 niby r\u00f3wny, a w praktyce Gorz\u00f3w dostanie du\u017co mniej od Zielonej G\u00f3ry\",\"datePublished\":\"2021-10-28T11:32:47+00:00\",\"dateModified\":\"2021-10-28T11:43:06+00:00\",\"mainEntityOfPage\":{\"@id\":\"https:\\\/\\\/gorzow.news\\\/index.php\\\/2021\\\/10\\\/28\\\/polski-lad-podzial-niby-rowny-a-w-praktyce-gorzow-dostanie-duzo-mniej-od-zielonej-gory\\\/\"},\"wordCount\":459,\"commentCount\":0,\"image\":{\"@id\":\"https:\\\/\\\/gorzow.news\\\/index.php\\\/2021\\\/10\\\/28\\\/polski-lad-podzial-niby-rowny-a-w-praktyce-gorzow-dostanie-duzo-mniej-od-zielonej-gory\\\/#primaryimage\"},\"thumbnailUrl\":\"https:\\\/\\\/gorzow.news\\\/wp-content\\\/uploads\\\/2021\\\/10\\\/dajczak.jpg\",\"keywords\":[\"Centrum Edukacji Zawodowej i Biznesu\",\"El\u017cbieta Anna Polak\",\"Polski \u0141ad\",\"stadion lekkoatletyczny\",\"W\u0142\u0105dys\u0142aw Dajczak\"],\"articleSection\":[\"Fakty i opinie\",\"Wiadomo\u015bci\"],\"inLanguage\":\"pl-PL\",\"potentialAction\":[{\"@type\":\"CommentAction\",\"name\":\"Comment\",\"target\":[\"https:\\\/\\\/gorzow.news\\\/index.php\\\/2021\\\/10\\\/28\\\/polski-lad-podzial-niby-rowny-a-w-praktyce-gorzow-dostanie-duzo-mniej-od-zielonej-gory\\\/#respond\"]}]},{\"@type\":\"WebPage\",\"@id\":\"https:\\\/\\\/gorzow.news\\\/index.php\\\/2021\\\/10\\\/28\\\/polski-lad-podzial-niby-rowny-a-w-praktyce-gorzow-dostanie-duzo-mniej-od-zielonej-gory\\\/\",\"url\":\"https:\\\/\\\/gorzow.news\\\/index.php\\\/2021\\\/10\\\/28\\\/polski-lad-podzial-niby-rowny-a-w-praktyce-gorzow-dostanie-duzo-mniej-od-zielonej-gory\\\/\",\"name\":\"Polski \u0141ad - podzia\u0142 niby r\u00f3wny, a w praktyce Gorz\u00f3w dostanie du\u017co mniej od Zielonej G\u00f3ry - Gorz\u00f3w News\",\"isPartOf\":{\"@id\":\"https:\\\/\\\/gorzow.news\\\/#website\"},\"primaryImageOfPage\":{\"@id\":\"https:\\\/\\\/gorzow.news\\\/index.php\\\/2021\\\/10\\\/28\\\/polski-lad-podzial-niby-rowny-a-w-praktyce-gorzow-dostanie-duzo-mniej-od-zielonej-gory\\\/#primaryimage\"},\"image\":{\"@id\":\"https:\\\/\\\/gorzow.news\\\/index.php\\\/2021\\\/10\\\/28\\\/polski-lad-podzial-niby-rowny-a-w-praktyce-gorzow-dostanie-duzo-mniej-od-zielonej-gory\\\/#primaryimage\"},\"thumbnailUrl\":\"https:\\\/\\\/gorzow.news\\\/wp-content\\\/uploads\\\/2021\\\/10\\\/dajczak.jpg\",\"datePublished\":\"2021-10-28T11:32:47+00:00\",\"dateModified\":\"2021-10-28T11:43:06+00:00\",\"author\":{\"@id\":\"https:\\\/\\\/gorzow.news\\\/#\\\/schema\\\/person\\\/a1e5ab43166369f2ce236a1cd90995bb\"},\"description\":\"Premier Mateusz Morawiecki i wiceminister spraw wewn\u0119trznych i administracji Pawe\u0142 Szefernaker og\u0142osili wyniki pierwszego naboru w ramach Rz\u0105dowego Funduszu Polski \u0141ad: Program Inwestycji Strategicznych. Jak przekazano, pieni\u0105dze trafi\u0105 do 97 proc. polskich samorz\u0105d\u00f3w.\",\"breadcrumb\":{\"@id\":\"https:\\\/\\\/gorzow.news\\\/index.php\\\/2021\\\/10\\\/28\\\/polski-lad-podzial-niby-rowny-a-w-praktyce-gorzow-dostanie-duzo-mniej-od-zielonej-gory\\\/#breadcrumb\"},\"inLanguage\":\"pl-PL\",\"potentialAction\":[{\"@type\":\"ReadAction\",\"target\":[\"https:\\\/\\\/gorzow.news\\\/index.php\\\/2021\\\/10\\\/28\\\/polski-lad-podzial-niby-rowny-a-w-praktyce-gorzow-dostanie-duzo-mniej-od-zielonej-gory\\\/\"]}]},{\"@type\":\"ImageObject\",\"inLanguage\":\"pl-PL\",\"@id\":\"https:\\\/\\\/gorzow.news\\\/index.php\\\/2021\\\/10\\\/28\\\/polski-lad-podzial-niby-rowny-a-w-praktyce-gorzow-dostanie-duzo-mniej-od-zielonej-gory\\\/#primaryimage\",\"url\":\"https:\\\/\\\/gorzow.news\\\/wp-content\\\/uploads\\\/2021\\\/10\\\/dajczak.jpg\",\"contentUrl\":\"https:\\\/\\\/gorzow.news\\\/wp-content\\\/uploads\\\/2021\\\/10\\\/dajczak.jpg\",\"width\":1600,\"height\":1068,\"caption\":\"fot. LUW\"},{\"@type\":\"BreadcrumbList\",\"@id\":\"https:\\\/\\\/gorzow.news\\\/index.php\\\/2021\\\/10\\\/28\\\/polski-lad-podzial-niby-rowny-a-w-praktyce-gorzow-dostanie-duzo-mniej-od-zielonej-gory\\\/#breadcrumb\",\"itemListElement\":[{\"@type\":\"ListItem\",\"position\":1,\"name\":\"Home\",\"item\":\"https:\\\/\\\/gorzow.news\\\/\"},{\"@type\":\"ListItem\",\"position\":2,\"name\":\"Polski \u0141ad &#8211; podzia\u0142 niby r\u00f3wny, a w praktyce Gorz\u00f3w dostanie du\u017co mniej od Zielonej G\u00f3ry\"}]},{\"@type\":\"WebSite\",\"@id\":\"https:\\\/\\\/gorzow.news\\\/#website\",\"url\":\"https:\\\/\\\/gorzow.news\\\/\",\"name\":\"Gorz\u00f3w News\",\"description\":\"Sp\u00f3jrz inaczej na miato i region...\",\"potentialAction\":[{\"@type\":\"SearchAction\",\"target\":{\"@type\":\"EntryPoint\",\"urlTemplate\":\"https:\\\/\\\/gorzow.news\\\/?s={search_term_string}\"},\"query-input\":{\"@type\":\"PropertyValueSpecification\",\"valueRequired\":true,\"valueName\":\"search_term_string\"}}],\"inLanguage\":\"pl-PL\"},{\"@type\":\"Person\",\"@id\":\"https:\\\/\\\/gorzow.news\\\/#\\\/schema\\\/person\\\/a1e5ab43166369f2ce236a1cd90995bb\",\"name\":\"maciej\",\"image\":{\"@type\":\"ImageObject\",\"inLanguage\":\"pl-PL\",\"@id\":\"https:\\\/\\\/secure.gravatar.com\\\/avatar\\\/530a674d56ba60cfa0ef21d74e8e8d123a51bb7aa6580465b5c2ab2c2e980a19?s=96&r=g&d=https:\\\/\\\/gorzow.news\\\/wp-content\\\/plugins\\\/userswp\\\/assets\\\/images\\\/no_profile.png\",\"url\":\"https:\\\/\\\/secure.gravatar.com\\\/avatar\\\/530a674d56ba60cfa0ef21d74e8e8d123a51bb7aa6580465b5c2ab2c2e980a19?s=96&r=g&d=https:\\\/\\\/gorzow.news\\\/wp-content\\\/plugins\\\/userswp\\\/assets\\\/images\\\/no_profile.png\",\"contentUrl\":\"https:\\\/\\\/secure.gravatar.com\\\/avatar\\\/530a674d56ba60cfa0ef21d74e8e8d123a51bb7aa6580465b5c2ab2c2e980a19?s=96&r=g&d=https:\\\/\\\/gorzow.news\\\/wp-content\\\/plugins\\\/userswp\\\/assets\\\/images\\\/no_profile.png\",\"caption\":\"maciej\"},\"url\":\"https:\\\/\\\/gorzow.news\\\/index.php\\\/profile\\\/maciej\\\/\"}]}<\/script>\n<!-- \/ Yoast SEO plugin. -->","yoast_head_json":{"title":"Polski \u0141ad - podzia\u0142 niby r\u00f3wny, a w praktyce Gorz\u00f3w dostanie du\u017co mniej od Zielonej G\u00f3ry - Gorz\u00f3w News","description":"Premier Mateusz Morawiecki i wiceminister spraw wewn\u0119trznych i administracji Pawe\u0142 Szefernaker og\u0142osili wyniki pierwszego naboru w ramach Rz\u0105doweg","robots":{"index":"index","follow":"follow","max-snippet":"max-snippet:-1","max-image-preview":"max-image-preview:large","max-video-preview":"max-video-preview:-1"},"canonical":"https:\/\/gorzow.news\/index.php\/2021\/10\/28\/polski-lad-podzial-niby-rowny-a-w-praktyce-gorzow-dostanie-duzo-mniej-od-zielonej-gory\/","og_locale":"pl_PL","og_type":"article","og_title":"Polski \u0141ad - podzia\u0142 niby r\u00f3wny, a w praktyce Gorz\u00f3w dostanie du\u017co mniej od Zielonej G\u00f3ry - Gorz\u00f3w News","og_description":"Premier Mateusz Morawiecki i wiceminister spraw wewn\u0119trznych i administracji Pawe\u0142 Szefernaker og\u0142osili wyniki pierwszego naboru w ramach Rz\u0105doweg","og_url":"https:\/\/gorzow.news\/index.php\/2021\/10\/28\/polski-lad-podzial-niby-rowny-a-w-praktyce-gorzow-dostanie-duzo-mniej-od-zielonej-gory\/","og_site_name":"Gorz\u00f3w News","article_publisher":"https:\/\/www.facebook.com\/gorzowskinews","article_published_time":"2021-10-28T11:32:47+00:00","article_modified_time":"2021-10-28T11:43:06+00:00","og_image":[{"width":1600,"height":1068,"url":"https:\/\/gorzow.news\/wp-content\/uploads\/2021\/10\/dajczak.jpg","type":"image\/jpeg"}],"author":"maciej","twitter_card":"summary_large_image","twitter_misc":{"Napisane przez":"maciej","Szacowany czas czytania":"2 minuty"},"schema":{"@context":"https:\/\/schema.org","@graph":[{"@type":"Article","@id":"https:\/\/gorzow.news\/index.php\/2021\/10\/28\/polski-lad-podzial-niby-rowny-a-w-praktyce-gorzow-dostanie-duzo-mniej-od-zielonej-gory\/#article","isPartOf":{"@id":"https:\/\/gorzow.news\/index.php\/2021\/10\/28\/polski-lad-podzial-niby-rowny-a-w-praktyce-gorzow-dostanie-duzo-mniej-od-zielonej-gory\/"},"author":{"name":"maciej","@id":"https:\/\/gorzow.news\/#\/schema\/person\/a1e5ab43166369f2ce236a1cd90995bb"},"headline":"Polski \u0141ad &#8211; podzia\u0142 niby r\u00f3wny, a w praktyce Gorz\u00f3w dostanie du\u017co mniej od Zielonej G\u00f3ry","datePublished":"2021-10-28T11:32:47+00:00","dateModified":"2021-10-28T11:43:06+00:00","mainEntityOfPage":{"@id":"https:\/\/gorzow.news\/index.php\/2021\/10\/28\/polski-lad-podzial-niby-rowny-a-w-praktyce-gorzow-dostanie-duzo-mniej-od-zielonej-gory\/"},"wordCount":459,"commentCount":0,"image":{"@id":"https:\/\/gorzow.news\/index.php\/2021\/10\/28\/polski-lad-podzial-niby-rowny-a-w-praktyce-gorzow-dostanie-duzo-mniej-od-zielonej-gory\/#primaryimage"},"thumbnailUrl":"https:\/\/gorzow.news\/wp-content\/uploads\/2021\/10\/dajczak.jpg","keywords":["Centrum Edukacji Zawodowej i Biznesu","El\u017cbieta Anna Polak","Polski \u0141ad","stadion lekkoatletyczny","W\u0142\u0105dys\u0142aw Dajczak"],"articleSection":["Fakty i opinie","Wiadomo\u015bci"],"inLanguage":"pl-PL","potentialAction":[{"@type":"CommentAction","name":"Comment","target":["https:\/\/gorzow.news\/index.php\/2021\/10\/28\/polski-lad-podzial-niby-rowny-a-w-praktyce-gorzow-dostanie-duzo-mniej-od-zielonej-gory\/#respond"]}]},{"@type":"WebPage","@id":"https:\/\/gorzow.news\/index.php\/2021\/10\/28\/polski-lad-podzial-niby-rowny-a-w-praktyce-gorzow-dostanie-duzo-mniej-od-zielonej-gory\/","url":"https:\/\/gorzow.news\/index.php\/2021\/10\/28\/polski-lad-podzial-niby-rowny-a-w-praktyce-gorzow-dostanie-duzo-mniej-od-zielonej-gory\/","name":"Polski \u0141ad - podzia\u0142 niby r\u00f3wny, a w praktyce Gorz\u00f3w dostanie du\u017co mniej od Zielonej G\u00f3ry - Gorz\u00f3w News","isPartOf":{"@id":"https:\/\/gorzow.news\/#website"},"primaryImageOfPage":{"@id":"https:\/\/gorzow.news\/index.php\/2021\/10\/28\/polski-lad-podzial-niby-rowny-a-w-praktyce-gorzow-dostanie-duzo-mniej-od-zielonej-gory\/#primaryimage"},"image":{"@id":"https:\/\/gorzow.news\/index.php\/2021\/10\/28\/polski-lad-podzial-niby-rowny-a-w-praktyce-gorzow-dostanie-duzo-mniej-od-zielonej-gory\/#primaryimage"},"thumbnailUrl":"https:\/\/gorzow.news\/wp-content\/uploads\/2021\/10\/dajczak.jpg","datePublished":"2021-10-28T11:32:47+00:00","dateModified":"2021-10-28T11:43:06+00:00","author":{"@id":"https:\/\/gorzow.news\/#\/schema\/person\/a1e5ab43166369f2ce236a1cd90995bb"},"description":"Premier Mateusz Morawiecki i wiceminister spraw wewn\u0119trznych i administracji Pawe\u0142 Szefernaker og\u0142osili wyniki pierwszego naboru w ramach Rz\u0105dowego Funduszu Polski \u0141ad: Program Inwestycji Strategicznych. Jak przekazano, pieni\u0105dze trafi\u0105 do 97 proc. polskich samorz\u0105d\u00f3w.","breadcrumb":{"@id":"https:\/\/gorzow.news\/index.php\/2021\/10\/28\/polski-lad-podzial-niby-rowny-a-w-praktyce-gorzow-dostanie-duzo-mniej-od-zielonej-gory\/#breadcrumb"},"inLanguage":"pl-PL","potentialAction":[{"@type":"ReadAction","target":["https:\/\/gorzow.news\/index.php\/2021\/10\/28\/polski-lad-podzial-niby-rowny-a-w-praktyce-gorzow-dostanie-duzo-mniej-od-zielonej-gory\/"]}]},{"@type":"ImageObject","inLanguage":"pl-PL","@id":"https:\/\/gorzow.news\/index.php\/2021\/10\/28\/polski-lad-podzial-niby-rowny-a-w-praktyce-gorzow-dostanie-duzo-mniej-od-zielonej-gory\/#primaryimage","url":"https:\/\/gorzow.news\/wp-content\/uploads\/2021\/10\/dajczak.jpg","contentUrl":"https:\/\/gorzow.news\/wp-content\/uploads\/2021\/10\/dajczak.jpg","width":1600,"height":1068,"caption":"fot. LUW"},{"@type":"BreadcrumbList","@id":"https:\/\/gorzow.news\/index.php\/2021\/10\/28\/polski-lad-podzial-niby-rowny-a-w-praktyce-gorzow-dostanie-duzo-mniej-od-zielonej-gory\/#breadcrumb","itemListElement":[{"@type":"ListItem","position":1,"name":"Home","item":"https:\/\/gorzow.news\/"},{"@type":"ListItem","position":2,"name":"Polski \u0141ad &#8211; podzia\u0142 niby r\u00f3wny, a w praktyce Gorz\u00f3w dostanie du\u017co mniej od Zielonej G\u00f3ry"}]},{"@type":"WebSite","@id":"https:\/\/gorzow.news\/#website","url":"https:\/\/gorzow.news\/","name":"Gorz\u00f3w News","description":"Sp\u00f3jrz inaczej na miato i region...","potentialAction":[{"@type":"SearchAction","target":{"@type":"EntryPoint","urlTemplate":"https:\/\/gorzow.news\/?s={search_term_string}"},"query-input":{"@type":"PropertyValueSpecification","valueRequired":true,"valueName":"search_term_string"}}],"inLanguage":"pl-PL"},{"@type":"Person","@id":"https:\/\/gorzow.news\/#\/schema\/person\/a1e5ab43166369f2ce236a1cd90995bb","name":"maciej","image":{"@type":"ImageObject","inLanguage":"pl-PL","@id":"https:\/\/secure.gravatar.com\/avatar\/530a674d56ba60cfa0ef21d74e8e8d123a51bb7aa6580465b5c2ab2c2e980a19?s=96&r=g&d=https:\/\/gorzow.news\/wp-content\/plugins\/userswp\/assets\/images\/no_profile.png","url":"https:\/\/secure.gravatar.com\/avatar\/530a674d56ba60cfa0ef21d74e8e8d123a51bb7aa6580465b5c2ab2c2e980a19?s=96&r=g&d=https:\/\/gorzow.news\/wp-content\/plugins\/userswp\/assets\/images\/no_profile.png","contentUrl":"https:\/\/secure.gravatar.com\/avatar\/530a674d56ba60cfa0ef21d74e8e8d123a51bb7aa6580465b5c2ab2c2e980a19?s=96&r=g&d=https:\/\/gorzow.news\/wp-content\/plugins\/userswp\/assets\/images\/no_profile.png","caption":"maciej"},"url":"https:\/\/gorzow.news\/index.php\/profile\/maciej\/"}]}},"_links":{"self":[{"href":"https:\/\/gorzow.news\/index.php\/wp-json\/wp\/v2\/posts\/3918","targetHints":{"allow":["GET"]}}],"collection":[{"href":"https:\/\/gorzow.news\/index.php\/wp-json\/wp\/v2\/posts"}],"about":[{"href":"https:\/\/gorzow.news\/index.php\/wp-json\/wp\/v2\/types\/post"}],"author":[{"embeddable":true,"href":"https:\/\/gorzow.news\/index.php\/wp-json\/wp\/v2\/users\/1"}],"replies":[{"embeddable":true,"href":"https:\/\/gorzow.news\/index.php\/wp-json\/wp\/v2\/comments?post=3918"}],"version-history":[{"count":0,"href":"https:\/\/gorzow.news\/index.php\/wp-json\/wp\/v2\/posts\/3918\/revisions"}],"wp:featuredmedia":[{"embeddable":true,"href":"https:\/\/gorzow.news\/index.php\/wp-json\/wp\/v2\/media\/3919"}],"wp:attachment":[{"href":"https:\/\/gorzow.news\/index.php\/wp-json\/wp\/v2\/media?parent=3918"}],"wp:term":[{"taxonomy":"category","embeddable":true,"href":"https:\/\/gorzow.news\/index.php\/wp-json\/wp\/v2\/categories?post=3918"},{"taxonomy":"post_tag","embeddable":true,"href":"https:\/\/gorzow.news\/index.php\/wp-json\/wp\/v2\/tags?post=3918"}],"curies":[{"name":"wp","href":"https:\/\/api.w.org\/{rel}","templated":true}]}}