{"id":3911,"date":"2021-10-27T10:57:25","date_gmt":"2021-10-27T08:57:25","guid":{"rendered":"https:\/\/gorzow.news\/?p=3911"},"modified":"2021-10-27T11:01:14","modified_gmt":"2021-10-27T09:01:14","slug":"budynek-przemyslowki-bez-balkonow-zdjecia","status":"publish","type":"post","link":"https:\/\/gorzow.news\/index.php\/2021\/10\/27\/budynek-przemyslowki-bez-balkonow-zdjecia\/","title":{"rendered":"Budynek Przemys\u0142\u00f3wki bez balkon\u00f3w! (zdj\u0119cia)"},"content":{"rendered":"\n<p><strong>We wrze\u015bniu rozpocz\u0119\u0142o si\u0119 docieplanie wysokiego budynku by\u0142ej Przemys\u0142\u00f3wki. Firma GOTECH rozpocz\u0119\u0142a prace od demonta\u017cu metalowych element\u00f3w elewacji. W ostatnim czasie wyburzy\u0142a te\u017c balkony od strony ul. Chrobrego. Nowych nie b\u0119dzie!<\/strong><\/p>\n\n\n\n<p>Wyburzenie balkon\u00f3w mo\u017ce zaskakiwa\u0107, bo na wcze\u015bniejszych projektach elewacji budynku, balkony si\u0119 znajdowa\u0142y. Ostatecznie koncepcja jednak si\u0119 zmieni\u0142a i balkon\u00f3w nie b\u0119dzie.<\/p>\n\n\n\n<p>&#8211; Balkony zosta\u0142y wyburzone. Powstan\u0105 tzw. balkony francuskie portfenetry z balustrad\u0105 szklan\u0105 &#8211; informuje nas kierownik budowy z firmy GOTECH, wykonawcy prac remontowych budynku.<\/p>\n\n\n\n<p>Balkon typu francuskiego ograniczony jest jedynie do okna balkonowego i balustrady. Balustrada s\u0142u\u017cy g\u0142\u00f3wnie w tym przypadku, jako element dekoracyjny elewacji. Na taki balkon nie da si\u0119 wyj\u015b\u0107. Mo\u017cna za to otworzy\u0107 du\u017ce, balkonowe okno.<\/p>\n\n\n\n<p><strong>Tak przed wyburzeniem wygl\u0105da\u0142y balkony w budynku Przemys\u0142\u00f3wki:<\/strong><\/p>\n\n\n\n<figure class=\"wp-block-image size-large\"><img loading=\"lazy\" decoding=\"async\" width=\"1024\" height=\"485\" src=\"https:\/\/gorzow.news\/wp-content\/uploads\/2021\/09\/IMG_20210910_152314_1-1024x485.jpg\" alt=\"\" class=\"wp-image-3257\" srcset=\"https:\/\/gorzow.news\/wp-content\/uploads\/2021\/09\/IMG_20210910_152314_1-1024x485.jpg 1024w, https:\/\/gorzow.news\/wp-content\/uploads\/2021\/09\/IMG_20210910_152314_1-300x142.jpg 300w, https:\/\/gorzow.news\/wp-content\/uploads\/2021\/09\/IMG_20210910_152314_1-768x363.jpg 768w, https:\/\/gorzow.news\/wp-content\/uploads\/2021\/09\/IMG_20210910_152314_1-1536x727.jpg 1536w, https:\/\/gorzow.news\/wp-content\/uploads\/2021\/09\/IMG_20210910_152314_1-2048x969.jpg 2048w, https:\/\/gorzow.news\/wp-content\/uploads\/2021\/09\/IMG_20210910_152314_1-696x329.jpg 696w, https:\/\/gorzow.news\/wp-content\/uploads\/2021\/09\/IMG_20210910_152314_1-1068x505.jpg 1068w, https:\/\/gorzow.news\/wp-content\/uploads\/2021\/09\/IMG_20210910_152314_1-1920x909.jpg 1920w\" sizes=\"auto, (max-width: 1024px) 100vw, 1024px\" \/><\/figure>\n\n\n\n<p><strong>O przebudowie budynku piszemy tak\u017ce tutaj:<\/strong><br>&#8211; <a href=\"https:\/\/gorzow.news\/index.php\/2021\/10\/19\/trwa-docieplanie-przemyslowki-jak-bedzie-wygladal-budynek-zdjecia\/\">Trwa docieplanie Przemys\u0142\u00f3wki. Jak b\u0119dzie wygl\u0105da\u0142 budynek? (zdj\u0119cia)<\/a><br>&#8211; <a href=\"https:\/\/gorzow.news\/index.php\/2021\/09\/13\/rozpoczyna-sie-remont-elewacji-biurowca-bylej-przemyslowki-zdjecia\/\">Rozpoczyna si\u0119 remont elewacji biurowca by\u0142ej Przemys\u0142\u00f3wki (zdj\u0119cia)<\/a><br>&#8211; <a href=\"https:\/\/gorzow.news\/index.php\/2021\/08\/28\/dolnej-czesci-przemyslowki-juz-prawie-nie-ma-zdjecia\/\">Dolnej cz\u0119\u015bci Przemys\u0142\u00f3wki ju\u017c prawie nie ma! (zdj\u0119cia)<\/a><br>&#8211; <a href=\"https:\/\/gorzow.news\/index.php\/2021\/08\/02\/trwa-wyburzanie-dolnej-czesci-przemyslowki-za-rok-ma-tu-byc-miejskie-centrum-kultury-zdjecia\/\">Trwa wyburzanie dolnej cz\u0119\u015bci Przemys\u0142\u00f3wki! Za rok ma tu by\u0107 Miejskie Centrum Kultury! (zdj\u0119cia)<\/a><\/p>\n\n\n\n<figure class=\"wp-block-image size-large\"><img loading=\"lazy\" decoding=\"async\" width=\"1024\" height=\"485\" src=\"https:\/\/gorzow.news\/wp-content\/uploads\/2021\/10\/IMG_20211026_152652_1-1024x485.jpg\" alt=\"\" class=\"wp-image-3915\" srcset=\"https:\/\/gorzow.news\/wp-content\/uploads\/2021\/10\/IMG_20211026_152652_1-1024x485.jpg 1024w, https:\/\/gorzow.news\/wp-content\/uploads\/2021\/10\/IMG_20211026_152652_1-300x142.jpg 300w, https:\/\/gorzow.news\/wp-content\/uploads\/2021\/10\/IMG_20211026_152652_1-768x363.jpg 768w, https:\/\/gorzow.news\/wp-content\/uploads\/2021\/10\/IMG_20211026_152652_1-1536x727.jpg 1536w, https:\/\/gorzow.news\/wp-content\/uploads\/2021\/10\/IMG_20211026_152652_1-2048x969.jpg 2048w, https:\/\/gorzow.news\/wp-content\/uploads\/2021\/10\/IMG_20211026_152652_1-696x329.jpg 696w, https:\/\/gorzow.news\/wp-content\/uploads\/2021\/10\/IMG_20211026_152652_1-1068x505.jpg 1068w, https:\/\/gorzow.news\/wp-content\/uploads\/2021\/10\/IMG_20211026_152652_1-1920x909.jpg 1920w\" sizes=\"auto, (max-width: 1024px) 100vw, 1024px\" \/><\/figure>\n\n\n\n<div class=\"wp-block-image\"><figure class=\"aligncenter size-large\"><img loading=\"lazy\" decoding=\"async\" width=\"485\" height=\"1024\" src=\"https:\/\/gorzow.news\/wp-content\/uploads\/2021\/10\/IMG_20211026_152622-485x1024.jpg\" alt=\"\" class=\"wp-image-3914\" srcset=\"https:\/\/gorzow.news\/wp-content\/uploads\/2021\/10\/IMG_20211026_152622-485x1024.jpg 485w, https:\/\/gorzow.news\/wp-content\/uploads\/2021\/10\/IMG_20211026_152622-142x300.jpg 142w, https:\/\/gorzow.news\/wp-content\/uploads\/2021\/10\/IMG_20211026_152622-768x1623.jpg 768w, https:\/\/gorzow.news\/wp-content\/uploads\/2021\/10\/IMG_20211026_152622-727x1536.jpg 727w, https:\/\/gorzow.news\/wp-content\/uploads\/2021\/10\/IMG_20211026_152622-969x2048.jpg 969w, https:\/\/gorzow.news\/wp-content\/uploads\/2021\/10\/IMG_20211026_152622-696x1471.jpg 696w, https:\/\/gorzow.news\/wp-content\/uploads\/2021\/10\/IMG_20211026_152622-1068x2257.jpg 1068w, https:\/\/gorzow.news\/wp-content\/uploads\/2021\/10\/IMG_20211026_152622-scaled.jpg 1211w\" sizes=\"auto, (max-width: 485px) 100vw, 485px\" \/><\/figure><\/div>\n","protected":false},"excerpt":{"rendered":"<p>We wrze\u015bniu rozpocz\u0119\u0142o si\u0119 docieplanie wysokiego budynku by\u0142ej Przemys\u0142\u00f3wki. Firma GOTECH rozpocz\u0119\u0142a prace od demonta\u017cu metalowych element\u00f3w elewacji. W ostatnim czasie wyburzy\u0142a te\u017c balkony od strony ul. Chrobrego. Nowych nie b\u0119dzie!<\/p>\n","protected":false},"author":1,"featured_media":3912,"comment_status":"open","ping_status":"open","sticky":false,"template":"","format":"standard","meta":{"footnotes":"","_links_to":"","_links_to_target":""},"categories":[593,589],"tags":[708,78,637,190,707],"class_list":{"0":"post-3911","1":"post","2":"type-post","3":"status-publish","4":"format-standard","5":"has-post-thumbnail","7":"category-inwestycje-miejskie","8":"category-wiadomosci","9":"tag-balkony","10":"tag-chrobrego","11":"tag-elewacja","12":"tag-gotech","13":"tag-przebyslowka"},"yoast_head":"<!-- This site is optimized with the Yoast SEO plugin v27.3 - https:\/\/yoast.com\/product\/yoast-seo-wordpress\/ -->\n<title>Budynek Przemys\u0142\u00f3wki bez balkon\u00f3w! (zdj\u0119cia) - Gorz\u00f3w News<\/title>\n<meta name=\"description\" content=\"We wrze\u015bniu rozpocz\u0119\u0142o si\u0119 docieplanie wysokiego budynku by\u0142ej Przemys\u0142\u00f3wki. Firma GOTECH rozpocz\u0119\u0142a prace od demonta\u017cu metalowych element\u00f3\" \/>\n<meta name=\"robots\" content=\"index, follow, max-snippet:-1, max-image-preview:large, max-video-preview:-1\" \/>\n<link rel=\"canonical\" href=\"https:\/\/gorzow.news\/index.php\/2021\/10\/27\/budynek-przemyslowki-bez-balkonow-zdjecia\/\" \/>\n<meta property=\"og:locale\" content=\"pl_PL\" \/>\n<meta property=\"og:type\" content=\"article\" \/>\n<meta property=\"og:title\" content=\"Budynek Przemys\u0142\u00f3wki bez balkon\u00f3w! (zdj\u0119cia) - Gorz\u00f3w News\" \/>\n<meta property=\"og:description\" content=\"We wrze\u015bniu rozpocz\u0119\u0142o si\u0119 docieplanie wysokiego budynku by\u0142ej Przemys\u0142\u00f3wki. Firma GOTECH rozpocz\u0119\u0142a prace od demonta\u017cu metalowych element\u00f3\" \/>\n<meta property=\"og:url\" content=\"https:\/\/gorzow.news\/index.php\/2021\/10\/27\/budynek-przemyslowki-bez-balkonow-zdjecia\/\" \/>\n<meta property=\"og:site_name\" content=\"Gorz\u00f3w News\" \/>\n<meta property=\"article:publisher\" content=\"https:\/\/www.facebook.com\/gorzowskinews\" \/>\n<meta property=\"article:published_time\" content=\"2021-10-27T08:57:25+00:00\" \/>\n<meta property=\"article:modified_time\" content=\"2021-10-27T09:01:14+00:00\" \/>\n<meta property=\"og:image\" content=\"https:\/\/gorzow.news\/wp-content\/uploads\/2021\/10\/IMG_20211026_152449-scaled.jpg\" \/>\n\t<meta property=\"og:image:width\" content=\"2560\" \/>\n\t<meta property=\"og:image:height\" content=\"1211\" \/>\n\t<meta property=\"og:image:type\" content=\"image\/jpeg\" \/>\n<meta name=\"author\" content=\"maciej\" \/>\n<meta name=\"twitter:card\" content=\"summary_large_image\" \/>\n<meta name=\"twitter:label1\" content=\"Napisane przez\" \/>\n\t<meta name=\"twitter:data1\" content=\"maciej\" \/>\n\t<meta name=\"twitter:label2\" content=\"Szacowany czas czytania\" \/>\n\t<meta name=\"twitter:data2\" content=\"2 minuty\" \/>\n<script type=\"application\/ld+json\" class=\"yoast-schema-graph\">{\"@context\":\"https:\\\/\\\/schema.org\",\"@graph\":[{\"@type\":\"Article\",\"@id\":\"https:\\\/\\\/gorzow.news\\\/index.php\\\/2021\\\/10\\\/27\\\/budynek-przemyslowki-bez-balkonow-zdjecia\\\/#article\",\"isPartOf\":{\"@id\":\"https:\\\/\\\/gorzow.news\\\/index.php\\\/2021\\\/10\\\/27\\\/budynek-przemyslowki-bez-balkonow-zdjecia\\\/\"},\"author\":{\"name\":\"maciej\",\"@id\":\"https:\\\/\\\/gorzow.news\\\/#\\\/schema\\\/person\\\/a1e5ab43166369f2ce236a1cd90995bb\"},\"headline\":\"Budynek Przemys\u0142\u00f3wki bez balkon\u00f3w! (zdj\u0119cia)\",\"datePublished\":\"2021-10-27T08:57:25+00:00\",\"dateModified\":\"2021-10-27T09:01:14+00:00\",\"mainEntityOfPage\":{\"@id\":\"https:\\\/\\\/gorzow.news\\\/index.php\\\/2021\\\/10\\\/27\\\/budynek-przemyslowki-bez-balkonow-zdjecia\\\/\"},\"wordCount\":215,\"commentCount\":1,\"image\":{\"@id\":\"https:\\\/\\\/gorzow.news\\\/index.php\\\/2021\\\/10\\\/27\\\/budynek-przemyslowki-bez-balkonow-zdjecia\\\/#primaryimage\"},\"thumbnailUrl\":\"https:\\\/\\\/gorzow.news\\\/wp-content\\\/uploads\\\/2021\\\/10\\\/IMG_20211026_152449-scaled.jpg\",\"keywords\":[\"balkony\",\"Chrobrego\",\"elewacja\",\"GOTECH\",\"Przebys\u0142\u00f3wka\"],\"articleSection\":[\"Inwestycje miejskie\",\"Wiadomo\u015bci\"],\"inLanguage\":\"pl-PL\",\"potentialAction\":[{\"@type\":\"CommentAction\",\"name\":\"Comment\",\"target\":[\"https:\\\/\\\/gorzow.news\\\/index.php\\\/2021\\\/10\\\/27\\\/budynek-przemyslowki-bez-balkonow-zdjecia\\\/#respond\"]}]},{\"@type\":\"WebPage\",\"@id\":\"https:\\\/\\\/gorzow.news\\\/index.php\\\/2021\\\/10\\\/27\\\/budynek-przemyslowki-bez-balkonow-zdjecia\\\/\",\"url\":\"https:\\\/\\\/gorzow.news\\\/index.php\\\/2021\\\/10\\\/27\\\/budynek-przemyslowki-bez-balkonow-zdjecia\\\/\",\"name\":\"Budynek Przemys\u0142\u00f3wki bez balkon\u00f3w! (zdj\u0119cia) - Gorz\u00f3w News\",\"isPartOf\":{\"@id\":\"https:\\\/\\\/gorzow.news\\\/#website\"},\"primaryImageOfPage\":{\"@id\":\"https:\\\/\\\/gorzow.news\\\/index.php\\\/2021\\\/10\\\/27\\\/budynek-przemyslowki-bez-balkonow-zdjecia\\\/#primaryimage\"},\"image\":{\"@id\":\"https:\\\/\\\/gorzow.news\\\/index.php\\\/2021\\\/10\\\/27\\\/budynek-przemyslowki-bez-balkonow-zdjecia\\\/#primaryimage\"},\"thumbnailUrl\":\"https:\\\/\\\/gorzow.news\\\/wp-content\\\/uploads\\\/2021\\\/10\\\/IMG_20211026_152449-scaled.jpg\",\"datePublished\":\"2021-10-27T08:57:25+00:00\",\"dateModified\":\"2021-10-27T09:01:14+00:00\",\"author\":{\"@id\":\"https:\\\/\\\/gorzow.news\\\/#\\\/schema\\\/person\\\/a1e5ab43166369f2ce236a1cd90995bb\"},\"description\":\"We wrze\u015bniu rozpocz\u0119\u0142o si\u0119 docieplanie wysokiego budynku by\u0142ej Przemys\u0142\u00f3wki. Firma GOTECH rozpocz\u0119\u0142a prace od demonta\u017cu metalowych element\u00f3w elewacji. W ostatnim czasie wyburzy\u0142a te\u017c balkony od strony ul. Chrobrego. Nowych nie b\u0119dzie!\",\"breadcrumb\":{\"@id\":\"https:\\\/\\\/gorzow.news\\\/index.php\\\/2021\\\/10\\\/27\\\/budynek-przemyslowki-bez-balkonow-zdjecia\\\/#breadcrumb\"},\"inLanguage\":\"pl-PL\",\"potentialAction\":[{\"@type\":\"ReadAction\",\"target\":[\"https:\\\/\\\/gorzow.news\\\/index.php\\\/2021\\\/10\\\/27\\\/budynek-przemyslowki-bez-balkonow-zdjecia\\\/\"]}]},{\"@type\":\"ImageObject\",\"inLanguage\":\"pl-PL\",\"@id\":\"https:\\\/\\\/gorzow.news\\\/index.php\\\/2021\\\/10\\\/27\\\/budynek-przemyslowki-bez-balkonow-zdjecia\\\/#primaryimage\",\"url\":\"https:\\\/\\\/gorzow.news\\\/wp-content\\\/uploads\\\/2021\\\/10\\\/IMG_20211026_152449-scaled.jpg\",\"contentUrl\":\"https:\\\/\\\/gorzow.news\\\/wp-content\\\/uploads\\\/2021\\\/10\\\/IMG_20211026_152449-scaled.jpg\",\"width\":2560,\"height\":1211},{\"@type\":\"BreadcrumbList\",\"@id\":\"https:\\\/\\\/gorzow.news\\\/index.php\\\/2021\\\/10\\\/27\\\/budynek-przemyslowki-bez-balkonow-zdjecia\\\/#breadcrumb\",\"itemListElement\":[{\"@type\":\"ListItem\",\"position\":1,\"name\":\"Home\",\"item\":\"https:\\\/\\\/gorzow.news\\\/\"},{\"@type\":\"ListItem\",\"position\":2,\"name\":\"Budynek Przemys\u0142\u00f3wki bez balkon\u00f3w! (zdj\u0119cia)\"}]},{\"@type\":\"WebSite\",\"@id\":\"https:\\\/\\\/gorzow.news\\\/#website\",\"url\":\"https:\\\/\\\/gorzow.news\\\/\",\"name\":\"Gorz\u00f3w News\",\"description\":\"Sp\u00f3jrz inaczej na miato i region...\",\"potentialAction\":[{\"@type\":\"SearchAction\",\"target\":{\"@type\":\"EntryPoint\",\"urlTemplate\":\"https:\\\/\\\/gorzow.news\\\/?s={search_term_string}\"},\"query-input\":{\"@type\":\"PropertyValueSpecification\",\"valueRequired\":true,\"valueName\":\"search_term_string\"}}],\"inLanguage\":\"pl-PL\"},{\"@type\":\"Person\",\"@id\":\"https:\\\/\\\/gorzow.news\\\/#\\\/schema\\\/person\\\/a1e5ab43166369f2ce236a1cd90995bb\",\"name\":\"maciej\",\"image\":{\"@type\":\"ImageObject\",\"inLanguage\":\"pl-PL\",\"@id\":\"https:\\\/\\\/secure.gravatar.com\\\/avatar\\\/530a674d56ba60cfa0ef21d74e8e8d123a51bb7aa6580465b5c2ab2c2e980a19?s=96&r=g&d=https:\\\/\\\/gorzow.news\\\/wp-content\\\/plugins\\\/userswp\\\/assets\\\/images\\\/no_profile.png\",\"url\":\"https:\\\/\\\/secure.gravatar.com\\\/avatar\\\/530a674d56ba60cfa0ef21d74e8e8d123a51bb7aa6580465b5c2ab2c2e980a19?s=96&r=g&d=https:\\\/\\\/gorzow.news\\\/wp-content\\\/plugins\\\/userswp\\\/assets\\\/images\\\/no_profile.png\",\"contentUrl\":\"https:\\\/\\\/secure.gravatar.com\\\/avatar\\\/530a674d56ba60cfa0ef21d74e8e8d123a51bb7aa6580465b5c2ab2c2e980a19?s=96&r=g&d=https:\\\/\\\/gorzow.news\\\/wp-content\\\/plugins\\\/userswp\\\/assets\\\/images\\\/no_profile.png\",\"caption\":\"maciej\"},\"url\":\"https:\\\/\\\/gorzow.news\\\/index.php\\\/profile\\\/maciej\\\/\"}]}<\/script>\n<!-- \/ Yoast SEO plugin. -->","yoast_head_json":{"title":"Budynek Przemys\u0142\u00f3wki bez balkon\u00f3w! (zdj\u0119cia) - Gorz\u00f3w News","description":"We wrze\u015bniu rozpocz\u0119\u0142o si\u0119 docieplanie wysokiego budynku by\u0142ej Przemys\u0142\u00f3wki. Firma GOTECH rozpocz\u0119\u0142a prace od demonta\u017cu metalowych element\u00f3","robots":{"index":"index","follow":"follow","max-snippet":"max-snippet:-1","max-image-preview":"max-image-preview:large","max-video-preview":"max-video-preview:-1"},"canonical":"https:\/\/gorzow.news\/index.php\/2021\/10\/27\/budynek-przemyslowki-bez-balkonow-zdjecia\/","og_locale":"pl_PL","og_type":"article","og_title":"Budynek Przemys\u0142\u00f3wki bez balkon\u00f3w! (zdj\u0119cia) - Gorz\u00f3w News","og_description":"We wrze\u015bniu rozpocz\u0119\u0142o si\u0119 docieplanie wysokiego budynku by\u0142ej Przemys\u0142\u00f3wki. Firma GOTECH rozpocz\u0119\u0142a prace od demonta\u017cu metalowych element\u00f3","og_url":"https:\/\/gorzow.news\/index.php\/2021\/10\/27\/budynek-przemyslowki-bez-balkonow-zdjecia\/","og_site_name":"Gorz\u00f3w News","article_publisher":"https:\/\/www.facebook.com\/gorzowskinews","article_published_time":"2021-10-27T08:57:25+00:00","article_modified_time":"2021-10-27T09:01:14+00:00","og_image":[{"width":2560,"height":1211,"url":"https:\/\/gorzow.news\/wp-content\/uploads\/2021\/10\/IMG_20211026_152449-scaled.jpg","type":"image\/jpeg"}],"author":"maciej","twitter_card":"summary_large_image","twitter_misc":{"Napisane przez":"maciej","Szacowany czas czytania":"2 minuty"},"schema":{"@context":"https:\/\/schema.org","@graph":[{"@type":"Article","@id":"https:\/\/gorzow.news\/index.php\/2021\/10\/27\/budynek-przemyslowki-bez-balkonow-zdjecia\/#article","isPartOf":{"@id":"https:\/\/gorzow.news\/index.php\/2021\/10\/27\/budynek-przemyslowki-bez-balkonow-zdjecia\/"},"author":{"name":"maciej","@id":"https:\/\/gorzow.news\/#\/schema\/person\/a1e5ab43166369f2ce236a1cd90995bb"},"headline":"Budynek Przemys\u0142\u00f3wki bez balkon\u00f3w! (zdj\u0119cia)","datePublished":"2021-10-27T08:57:25+00:00","dateModified":"2021-10-27T09:01:14+00:00","mainEntityOfPage":{"@id":"https:\/\/gorzow.news\/index.php\/2021\/10\/27\/budynek-przemyslowki-bez-balkonow-zdjecia\/"},"wordCount":215,"commentCount":1,"image":{"@id":"https:\/\/gorzow.news\/index.php\/2021\/10\/27\/budynek-przemyslowki-bez-balkonow-zdjecia\/#primaryimage"},"thumbnailUrl":"https:\/\/gorzow.news\/wp-content\/uploads\/2021\/10\/IMG_20211026_152449-scaled.jpg","keywords":["balkony","Chrobrego","elewacja","GOTECH","Przebys\u0142\u00f3wka"],"articleSection":["Inwestycje miejskie","Wiadomo\u015bci"],"inLanguage":"pl-PL","potentialAction":[{"@type":"CommentAction","name":"Comment","target":["https:\/\/gorzow.news\/index.php\/2021\/10\/27\/budynek-przemyslowki-bez-balkonow-zdjecia\/#respond"]}]},{"@type":"WebPage","@id":"https:\/\/gorzow.news\/index.php\/2021\/10\/27\/budynek-przemyslowki-bez-balkonow-zdjecia\/","url":"https:\/\/gorzow.news\/index.php\/2021\/10\/27\/budynek-przemyslowki-bez-balkonow-zdjecia\/","name":"Budynek Przemys\u0142\u00f3wki bez balkon\u00f3w! (zdj\u0119cia) - Gorz\u00f3w News","isPartOf":{"@id":"https:\/\/gorzow.news\/#website"},"primaryImageOfPage":{"@id":"https:\/\/gorzow.news\/index.php\/2021\/10\/27\/budynek-przemyslowki-bez-balkonow-zdjecia\/#primaryimage"},"image":{"@id":"https:\/\/gorzow.news\/index.php\/2021\/10\/27\/budynek-przemyslowki-bez-balkonow-zdjecia\/#primaryimage"},"thumbnailUrl":"https:\/\/gorzow.news\/wp-content\/uploads\/2021\/10\/IMG_20211026_152449-scaled.jpg","datePublished":"2021-10-27T08:57:25+00:00","dateModified":"2021-10-27T09:01:14+00:00","author":{"@id":"https:\/\/gorzow.news\/#\/schema\/person\/a1e5ab43166369f2ce236a1cd90995bb"},"description":"We wrze\u015bniu rozpocz\u0119\u0142o si\u0119 docieplanie wysokiego budynku by\u0142ej Przemys\u0142\u00f3wki. Firma GOTECH rozpocz\u0119\u0142a prace od demonta\u017cu metalowych element\u00f3w elewacji. W ostatnim czasie wyburzy\u0142a te\u017c balkony od strony ul. Chrobrego. Nowych nie b\u0119dzie!","breadcrumb":{"@id":"https:\/\/gorzow.news\/index.php\/2021\/10\/27\/budynek-przemyslowki-bez-balkonow-zdjecia\/#breadcrumb"},"inLanguage":"pl-PL","potentialAction":[{"@type":"ReadAction","target":["https:\/\/gorzow.news\/index.php\/2021\/10\/27\/budynek-przemyslowki-bez-balkonow-zdjecia\/"]}]},{"@type":"ImageObject","inLanguage":"pl-PL","@id":"https:\/\/gorzow.news\/index.php\/2021\/10\/27\/budynek-przemyslowki-bez-balkonow-zdjecia\/#primaryimage","url":"https:\/\/gorzow.news\/wp-content\/uploads\/2021\/10\/IMG_20211026_152449-scaled.jpg","contentUrl":"https:\/\/gorzow.news\/wp-content\/uploads\/2021\/10\/IMG_20211026_152449-scaled.jpg","width":2560,"height":1211},{"@type":"BreadcrumbList","@id":"https:\/\/gorzow.news\/index.php\/2021\/10\/27\/budynek-przemyslowki-bez-balkonow-zdjecia\/#breadcrumb","itemListElement":[{"@type":"ListItem","position":1,"name":"Home","item":"https:\/\/gorzow.news\/"},{"@type":"ListItem","position":2,"name":"Budynek Przemys\u0142\u00f3wki bez balkon\u00f3w! (zdj\u0119cia)"}]},{"@type":"WebSite","@id":"https:\/\/gorzow.news\/#website","url":"https:\/\/gorzow.news\/","name":"Gorz\u00f3w News","description":"Sp\u00f3jrz inaczej na miato i region...","potentialAction":[{"@type":"SearchAction","target":{"@type":"EntryPoint","urlTemplate":"https:\/\/gorzow.news\/?s={search_term_string}"},"query-input":{"@type":"PropertyValueSpecification","valueRequired":true,"valueName":"search_term_string"}}],"inLanguage":"pl-PL"},{"@type":"Person","@id":"https:\/\/gorzow.news\/#\/schema\/person\/a1e5ab43166369f2ce236a1cd90995bb","name":"maciej","image":{"@type":"ImageObject","inLanguage":"pl-PL","@id":"https:\/\/secure.gravatar.com\/avatar\/530a674d56ba60cfa0ef21d74e8e8d123a51bb7aa6580465b5c2ab2c2e980a19?s=96&r=g&d=https:\/\/gorzow.news\/wp-content\/plugins\/userswp\/assets\/images\/no_profile.png","url":"https:\/\/secure.gravatar.com\/avatar\/530a674d56ba60cfa0ef21d74e8e8d123a51bb7aa6580465b5c2ab2c2e980a19?s=96&r=g&d=https:\/\/gorzow.news\/wp-content\/plugins\/userswp\/assets\/images\/no_profile.png","contentUrl":"https:\/\/secure.gravatar.com\/avatar\/530a674d56ba60cfa0ef21d74e8e8d123a51bb7aa6580465b5c2ab2c2e980a19?s=96&r=g&d=https:\/\/gorzow.news\/wp-content\/plugins\/userswp\/assets\/images\/no_profile.png","caption":"maciej"},"url":"https:\/\/gorzow.news\/index.php\/profile\/maciej\/"}]}},"_links":{"self":[{"href":"https:\/\/gorzow.news\/index.php\/wp-json\/wp\/v2\/posts\/3911","targetHints":{"allow":["GET"]}}],"collection":[{"href":"https:\/\/gorzow.news\/index.php\/wp-json\/wp\/v2\/posts"}],"about":[{"href":"https:\/\/gorzow.news\/index.php\/wp-json\/wp\/v2\/types\/post"}],"author":[{"embeddable":true,"href":"https:\/\/gorzow.news\/index.php\/wp-json\/wp\/v2\/users\/1"}],"replies":[{"embeddable":true,"href":"https:\/\/gorzow.news\/index.php\/wp-json\/wp\/v2\/comments?post=3911"}],"version-history":[{"count":0,"href":"https:\/\/gorzow.news\/index.php\/wp-json\/wp\/v2\/posts\/3911\/revisions"}],"wp:featuredmedia":[{"embeddable":true,"href":"https:\/\/gorzow.news\/index.php\/wp-json\/wp\/v2\/media\/3912"}],"wp:attachment":[{"href":"https:\/\/gorzow.news\/index.php\/wp-json\/wp\/v2\/media?parent=3911"}],"wp:term":[{"taxonomy":"category","embeddable":true,"href":"https:\/\/gorzow.news\/index.php\/wp-json\/wp\/v2\/categories?post=3911"},{"taxonomy":"post_tag","embeddable":true,"href":"https:\/\/gorzow.news\/index.php\/wp-json\/wp\/v2\/tags?post=3911"}],"curies":[{"name":"wp","href":"https:\/\/api.w.org\/{rel}","templated":true}]}}