{"id":39089,"date":"2026-03-03T10:55:59","date_gmt":"2026-03-03T09:55:59","guid":{"rendered":"https:\/\/gorzow.news\/?p=39089"},"modified":"2026-03-03T10:58:24","modified_gmt":"2026-03-03T09:58:24","slug":"kiedys-tu-leczyli-dzis-bedzie-mozna-tu-nabyc-szeroka-wiedze-motoryzacyjna-w-czwartek-otwarcie-i-konferencja","status":"publish","type":"post","link":"https:\/\/gorzow.news\/index.php\/2026\/03\/03\/kiedys-tu-leczyli-dzis-bedzie-mozna-tu-nabyc-szeroka-wiedze-motoryzacyjna-w-czwartek-otwarcie-i-konferencja\/","title":{"rendered":"Kiedy\u015b tu leczyli. Dzi\u015b b\u0119dzie mo\u017cna tu naby\u0107 szerok\u0105 wiedz\u0119 motoryzacyjn\u0105! W czwartek otwarcie i konferencja!"},"content":{"rendered":"\n<p><strong>Ju\u017c 5 marca o godz. 11:00 Prezydent Gorzowa oficjalnie otworzy Bran\u017cowe Centrum Umiej\u0119tno\u015bci w dziedzinie bran\u017cy samochodowej &#8211; przemys\u0142u motoryzacyjnego w Centrum Edukacji Zawodowej i Biznesu w Gorzowie. To wa\u017cny moment nie tylko dla miejskiej edukacji zawodowej, ale tak\u017ce dla ca\u0142ego regionu i \u015brodowiska motoryzacyjnego w Polsce.<\/strong><\/p>\n\n\n\n<p>Nowoczesne Bran\u017cowe Centrum Umiej\u0119tno\u015bci to og\u00f3lnopolska, zaawansowana technologicznie plac\u00f3wka kszta\u0142cenia, szkolenia i egzaminowania, kt\u00f3ra wykracza poza tradycyjne modele edukacji zawodowej. Jego dzia\u0142alno\u015b\u0107 obejmuje nie tylko kszta\u0142cenie i doskonalenie zawodowe, ale tak\u017ce wsp\u00f3\u0142prac\u0119 z pracodawcami, dzia\u0142ania innowacyjno-rozwojowe oraz wsparcie doradztwa zawodowego i aktywizacji student\u00f3w oraz absolwent\u00f3w.<\/p>\n\n\n\n<p>Centrum powsta\u0142o w ramach Krajowego Planu Odbudowy. Warto\u015b\u0107 projektu to ponad 7,2 mln z\u0142, z czego ponad 6,5 mln z\u0142 stanowi dofinansowanie. Partnerem bran\u017cowym jest Stowarzyszenie In\u017cynier\u00f3w i Technik\u00f3w Mechanik\u00f3w Polskich, a w realizacj\u0119 przedsi\u0119wzi\u0119cia zaanga\u017cowane s\u0105 r\u00f3wnie\u017c Akademia im. Jakuba z Parady\u017ca oraz Kostrzy\u0144sko-S\u0142ubicka Specjalna Strefa Ekonomiczna.<\/p>\n\n\n\n<div class=\"g g-15\"><div class=\"g-single a-42\"><a href=\"https:\/\/www.facebook.com\/pluginAR\" target=\"_blank\"><img decoding=\"async\" src=\"https:\/\/gorzow.news\/wp-content\/uploads\/2026\/01\/plugin.jpg\" height=\"800\" \/><\/a><\/div><\/div>\n\n\n\n<p>W ramach projektu wyposa\u017cono nowoczesne pracownie samochodowe &#8211; zakupiono m.in. samochody elektryczne, hybrydowe i spalinowe na specjalnym obrotowym podno\u015bniku, stacje \u0142adowania, symulatory jazdy, stanowiska demonstracyjne uk\u0142ad\u00f3w nap\u0119dowych oraz instalacj\u0119 OZE o mocy 100 kWp z magazynami energii. To realna inwestycja w kompetencje przysz\u0142o\u015bci i przygotowanie specjalist\u00f3w do pracy w dynamicznie zmieniaj\u0105cej si\u0119 bran\u017cy.<\/p>\n\n\n\n<p>Otwarciu BCU towarzyszy\u0107 b\u0119dzie III Og\u00f3lnopolska konferencja naukowo-techniczna \u201ePrzysz\u0142o\u015b\u0107 mobilno\u015bci: od innowacyjnych materia\u0142\u00f3w po pojazdy autonomiczne &#8211; wyzwania technologiczne, ekonomiczne i edukacyjne bran\u017cy motoryzacyjnej\u201d, organizowana przez Akademi\u0119 im. Jakuba z Parady\u017ca we wsp\u00f3\u0142pracy z partnerami.<\/p>\n\n\n\n<p>W programie znalaz\u0142y si\u0119 wyk\u0142ady i dyskusje eksperckie dotycz\u0105ce m.in. kierunk\u00f3w rozwoju zespo\u0142\u00f3w nap\u0119dowych, zastosowania innowacyjnych materia\u0142\u00f3w, diagnostyki nowoczesnych pojazd\u00f3w, elektromobilno\u015bci, pojazd\u00f3w autonomicznych oraz bezpiecze\u0144stwa przy obs\u0142udze samochod\u00f3w elektrycznych. Szczeg\u00f3lny nacisk po\u0142o\u017cono na rol\u0119 edukacji zawodowej i wykorzystanie nowoczesnych narz\u0119dzi, takich jak symulatory i trena\u017cery.<\/p>\n\n\n\n<p>Konferencja b\u0119dzie platform\u0105 wymiany do\u015bwiadcze\u0144 mi\u0119dzy nauk\u0105, przemys\u0142em i edukacj\u0105 zawodow\u0105 &#8211; skierowan\u0105 do przedstawicieli bran\u017cy motoryzacyjnej, naukowc\u00f3w, nauczycieli, uczni\u00f3w i student\u00f3w kierunk\u00f3w technicznych.<\/p>\n\n\n\n<p>Otwarcie Bran\u017cowego Centrum Umiej\u0119tno\u015bci to wyra\u017any sygna\u0142, \u017ce Gorz\u00f3w Wielkopolski konsekwentnie inwestuje w nowoczesn\u0105 edukacj\u0119, innowacje i rozw\u00f3j gospodarczy. To tak\u017ce szansa dla m\u0142odych ludzi, aby zdobywa\u0107 kwalifikacje odpowiadaj\u0105ce na realne potrzeby rynku pracy i wsp\u00f3\u0142tworzy\u0107 przysz\u0142o\u015b\u0107 mobilno\u015bci &#8211; tu, w Gorzowie.<\/p>\n","protected":false},"excerpt":{"rendered":"<p>Ju\u017c 5 marca o godz. 11:00 Prezydent Gorzowa oficjalnie otworzy Bran\u017cowe Centrum Umiej\u0119tno\u015bci w dziedzinie bran\u017cy samochodowej &#8211; przemys\u0142u motoryzacyjnego w Centrum Edukacji Zawodowej i Biznesu w Gorzowie. To wa\u017cny moment nie tylko dla miejskiej edukacji zawodowej, ale tak\u017ce dla ca\u0142ego regionu i \u015brodowiska motoryzacyjnego w Polsce. Nowoczesne Bran\u017cowe Centrum Umiej\u0119tno\u015bci to og\u00f3lnopolska, zaawansowana technologicznie [&hellip;]<\/p>\n","protected":false},"author":1,"featured_media":39090,"comment_status":"open","ping_status":"open","sticky":false,"template":"","format":"standard","meta":{"footnotes":"","_links_to":"","_links_to_target":""},"categories":[597,589],"tags":[3747,233],"class_list":{"0":"post-39089","1":"post","2":"type-post","3":"status-publish","4":"format-standard","5":"has-post-thumbnail","7":"category-fakty-opinie","8":"category-wiadomosci","9":"tag-branzowe-centrum-umiejetnosci","10":"tag-centrum-edukacji-zawodowej-i-biznesu"},"yoast_head":"<!-- This site is optimized with the Yoast SEO plugin v27.3 - https:\/\/yoast.com\/product\/yoast-seo-wordpress\/ -->\n<title>Kiedy\u015b tu leczyli. Dzi\u015b b\u0119dzie mo\u017cna tu naby\u0107 szerok\u0105 wiedz\u0119 motoryzacyjn\u0105! W czwartek otwarcie i konferencja! - Gorz\u00f3w News<\/title>\n<meta name=\"description\" content=\"Ju\u017c 5 marca o godz. 11:00 Prezydent Gorzowa oficjalnie otworzy Bran\u017cowe Centrum Umiej\u0119tno\u015bci w dziedzinie bran\u017cy samochodowej - przemys\u0142u motory\" \/>\n<meta name=\"robots\" content=\"index, follow, max-snippet:-1, max-image-preview:large, max-video-preview:-1\" \/>\n<link rel=\"canonical\" href=\"https:\/\/gorzow.news\/index.php\/2026\/03\/03\/kiedys-tu-leczyli-dzis-bedzie-mozna-tu-nabyc-szeroka-wiedze-motoryzacyjna-w-czwartek-otwarcie-i-konferencja\/\" \/>\n<meta property=\"og:locale\" content=\"pl_PL\" \/>\n<meta property=\"og:type\" content=\"article\" \/>\n<meta property=\"og:title\" content=\"Kiedy\u015b tu leczyli. Dzi\u015b b\u0119dzie mo\u017cna tu naby\u0107 szerok\u0105 wiedz\u0119 motoryzacyjn\u0105! W czwartek otwarcie i konferencja! - Gorz\u00f3w News\" \/>\n<meta property=\"og:description\" content=\"Ju\u017c 5 marca o godz. 11:00 Prezydent Gorzowa oficjalnie otworzy Bran\u017cowe Centrum Umiej\u0119tno\u015bci w dziedzinie bran\u017cy samochodowej - przemys\u0142u motory\" \/>\n<meta property=\"og:url\" content=\"https:\/\/gorzow.news\/index.php\/2026\/03\/03\/kiedys-tu-leczyli-dzis-bedzie-mozna-tu-nabyc-szeroka-wiedze-motoryzacyjna-w-czwartek-otwarcie-i-konferencja\/\" \/>\n<meta property=\"og:site_name\" content=\"Gorz\u00f3w News\" \/>\n<meta property=\"article:publisher\" content=\"https:\/\/www.facebook.com\/gorzowskinews\" \/>\n<meta property=\"article:published_time\" content=\"2026-03-03T09:55:59+00:00\" \/>\n<meta property=\"article:modified_time\" content=\"2026-03-03T09:58:24+00:00\" \/>\n<meta property=\"og:image\" content=\"https:\/\/gorzow.news\/wp-content\/uploads\/2026\/03\/cropped-akt-fotob-9411.jpg\" \/>\n\t<meta property=\"og:image:width\" content=\"1192\" \/>\n\t<meta property=\"og:image:height\" content=\"751\" \/>\n\t<meta property=\"og:image:type\" content=\"image\/jpeg\" \/>\n<meta name=\"author\" content=\"maciej\" \/>\n<meta name=\"twitter:card\" content=\"summary_large_image\" \/>\n<meta name=\"twitter:label1\" content=\"Napisane przez\" \/>\n\t<meta name=\"twitter:data1\" content=\"maciej\" \/>\n\t<meta name=\"twitter:label2\" content=\"Szacowany czas czytania\" \/>\n\t<meta name=\"twitter:data2\" content=\"3 minuty\" \/>\n<script type=\"application\/ld+json\" class=\"yoast-schema-graph\">{\"@context\":\"https:\\\/\\\/schema.org\",\"@graph\":[{\"@type\":\"Article\",\"@id\":\"https:\\\/\\\/gorzow.news\\\/index.php\\\/2026\\\/03\\\/03\\\/kiedys-tu-leczyli-dzis-bedzie-mozna-tu-nabyc-szeroka-wiedze-motoryzacyjna-w-czwartek-otwarcie-i-konferencja\\\/#article\",\"isPartOf\":{\"@id\":\"https:\\\/\\\/gorzow.news\\\/index.php\\\/2026\\\/03\\\/03\\\/kiedys-tu-leczyli-dzis-bedzie-mozna-tu-nabyc-szeroka-wiedze-motoryzacyjna-w-czwartek-otwarcie-i-konferencja\\\/\"},\"author\":{\"name\":\"maciej\",\"@id\":\"https:\\\/\\\/gorzow.news\\\/#\\\/schema\\\/person\\\/a1e5ab43166369f2ce236a1cd90995bb\"},\"headline\":\"Kiedy\u015b tu leczyli. Dzi\u015b b\u0119dzie mo\u017cna tu naby\u0107 szerok\u0105 wiedz\u0119 motoryzacyjn\u0105! W czwartek otwarcie i konferencja!\",\"datePublished\":\"2026-03-03T09:55:59+00:00\",\"dateModified\":\"2026-03-03T09:58:24+00:00\",\"mainEntityOfPage\":{\"@id\":\"https:\\\/\\\/gorzow.news\\\/index.php\\\/2026\\\/03\\\/03\\\/kiedys-tu-leczyli-dzis-bedzie-mozna-tu-nabyc-szeroka-wiedze-motoryzacyjna-w-czwartek-otwarcie-i-konferencja\\\/\"},\"wordCount\":448,\"commentCount\":0,\"image\":{\"@id\":\"https:\\\/\\\/gorzow.news\\\/index.php\\\/2026\\\/03\\\/03\\\/kiedys-tu-leczyli-dzis-bedzie-mozna-tu-nabyc-szeroka-wiedze-motoryzacyjna-w-czwartek-otwarcie-i-konferencja\\\/#primaryimage\"},\"thumbnailUrl\":\"https:\\\/\\\/gorzow.news\\\/wp-content\\\/uploads\\\/2026\\\/03\\\/cropped-akt-fotob-9411.jpg\",\"keywords\":[\"Bran\u017cowe Centrum Umiej\u0119tno\u015bci\",\"Centrum Edukacji Zawodowej i Biznesu\"],\"articleSection\":[\"Fakty i opinie\",\"Wiadomo\u015bci\"],\"inLanguage\":\"pl-PL\",\"potentialAction\":[{\"@type\":\"CommentAction\",\"name\":\"Comment\",\"target\":[\"https:\\\/\\\/gorzow.news\\\/index.php\\\/2026\\\/03\\\/03\\\/kiedys-tu-leczyli-dzis-bedzie-mozna-tu-nabyc-szeroka-wiedze-motoryzacyjna-w-czwartek-otwarcie-i-konferencja\\\/#respond\"]}]},{\"@type\":\"WebPage\",\"@id\":\"https:\\\/\\\/gorzow.news\\\/index.php\\\/2026\\\/03\\\/03\\\/kiedys-tu-leczyli-dzis-bedzie-mozna-tu-nabyc-szeroka-wiedze-motoryzacyjna-w-czwartek-otwarcie-i-konferencja\\\/\",\"url\":\"https:\\\/\\\/gorzow.news\\\/index.php\\\/2026\\\/03\\\/03\\\/kiedys-tu-leczyli-dzis-bedzie-mozna-tu-nabyc-szeroka-wiedze-motoryzacyjna-w-czwartek-otwarcie-i-konferencja\\\/\",\"name\":\"Kiedy\u015b tu leczyli. Dzi\u015b b\u0119dzie mo\u017cna tu naby\u0107 szerok\u0105 wiedz\u0119 motoryzacyjn\u0105! W czwartek otwarcie i konferencja! - Gorz\u00f3w News\",\"isPartOf\":{\"@id\":\"https:\\\/\\\/gorzow.news\\\/#website\"},\"primaryImageOfPage\":{\"@id\":\"https:\\\/\\\/gorzow.news\\\/index.php\\\/2026\\\/03\\\/03\\\/kiedys-tu-leczyli-dzis-bedzie-mozna-tu-nabyc-szeroka-wiedze-motoryzacyjna-w-czwartek-otwarcie-i-konferencja\\\/#primaryimage\"},\"image\":{\"@id\":\"https:\\\/\\\/gorzow.news\\\/index.php\\\/2026\\\/03\\\/03\\\/kiedys-tu-leczyli-dzis-bedzie-mozna-tu-nabyc-szeroka-wiedze-motoryzacyjna-w-czwartek-otwarcie-i-konferencja\\\/#primaryimage\"},\"thumbnailUrl\":\"https:\\\/\\\/gorzow.news\\\/wp-content\\\/uploads\\\/2026\\\/03\\\/cropped-akt-fotob-9411.jpg\",\"datePublished\":\"2026-03-03T09:55:59+00:00\",\"dateModified\":\"2026-03-03T09:58:24+00:00\",\"author\":{\"@id\":\"https:\\\/\\\/gorzow.news\\\/#\\\/schema\\\/person\\\/a1e5ab43166369f2ce236a1cd90995bb\"},\"description\":\"Ju\u017c 5 marca o godz. 11:00 Prezydent Gorzowa oficjalnie otworzy Bran\u017cowe Centrum Umiej\u0119tno\u015bci w dziedzinie bran\u017cy samochodowej - przemys\u0142u motoryzacyjnego w Centrum Edukacji Zawodowej i Biznesu w Gorzowie. To wa\u017cny moment nie tylko dla miejskiej edukacji zawodowej, ale tak\u017ce dla ca\u0142ego regionu i \u015brodowiska motoryzacyjnego w Polsce.\",\"breadcrumb\":{\"@id\":\"https:\\\/\\\/gorzow.news\\\/index.php\\\/2026\\\/03\\\/03\\\/kiedys-tu-leczyli-dzis-bedzie-mozna-tu-nabyc-szeroka-wiedze-motoryzacyjna-w-czwartek-otwarcie-i-konferencja\\\/#breadcrumb\"},\"inLanguage\":\"pl-PL\",\"potentialAction\":[{\"@type\":\"ReadAction\",\"target\":[\"https:\\\/\\\/gorzow.news\\\/index.php\\\/2026\\\/03\\\/03\\\/kiedys-tu-leczyli-dzis-bedzie-mozna-tu-nabyc-szeroka-wiedze-motoryzacyjna-w-czwartek-otwarcie-i-konferencja\\\/\"]}]},{\"@type\":\"ImageObject\",\"inLanguage\":\"pl-PL\",\"@id\":\"https:\\\/\\\/gorzow.news\\\/index.php\\\/2026\\\/03\\\/03\\\/kiedys-tu-leczyli-dzis-bedzie-mozna-tu-nabyc-szeroka-wiedze-motoryzacyjna-w-czwartek-otwarcie-i-konferencja\\\/#primaryimage\",\"url\":\"https:\\\/\\\/gorzow.news\\\/wp-content\\\/uploads\\\/2026\\\/03\\\/cropped-akt-fotob-9411.jpg\",\"contentUrl\":\"https:\\\/\\\/gorzow.news\\\/wp-content\\\/uploads\\\/2026\\\/03\\\/cropped-akt-fotob-9411.jpg\",\"width\":1192,\"height\":751,\"caption\":\"fot. Bart\u0142omiej Nowosielski\"},{\"@type\":\"BreadcrumbList\",\"@id\":\"https:\\\/\\\/gorzow.news\\\/index.php\\\/2026\\\/03\\\/03\\\/kiedys-tu-leczyli-dzis-bedzie-mozna-tu-nabyc-szeroka-wiedze-motoryzacyjna-w-czwartek-otwarcie-i-konferencja\\\/#breadcrumb\",\"itemListElement\":[{\"@type\":\"ListItem\",\"position\":1,\"name\":\"Home\",\"item\":\"https:\\\/\\\/gorzow.news\\\/\"},{\"@type\":\"ListItem\",\"position\":2,\"name\":\"Kiedy\u015b tu leczyli. Dzi\u015b b\u0119dzie mo\u017cna tu naby\u0107 szerok\u0105 wiedz\u0119 motoryzacyjn\u0105! W czwartek otwarcie i konferencja!\"}]},{\"@type\":\"WebSite\",\"@id\":\"https:\\\/\\\/gorzow.news\\\/#website\",\"url\":\"https:\\\/\\\/gorzow.news\\\/\",\"name\":\"Gorz\u00f3w News\",\"description\":\"Sp\u00f3jrz inaczej na miato i region...\",\"potentialAction\":[{\"@type\":\"SearchAction\",\"target\":{\"@type\":\"EntryPoint\",\"urlTemplate\":\"https:\\\/\\\/gorzow.news\\\/?s={search_term_string}\"},\"query-input\":{\"@type\":\"PropertyValueSpecification\",\"valueRequired\":true,\"valueName\":\"search_term_string\"}}],\"inLanguage\":\"pl-PL\"},{\"@type\":\"Person\",\"@id\":\"https:\\\/\\\/gorzow.news\\\/#\\\/schema\\\/person\\\/a1e5ab43166369f2ce236a1cd90995bb\",\"name\":\"maciej\",\"image\":{\"@type\":\"ImageObject\",\"inLanguage\":\"pl-PL\",\"@id\":\"https:\\\/\\\/secure.gravatar.com\\\/avatar\\\/530a674d56ba60cfa0ef21d74e8e8d123a51bb7aa6580465b5c2ab2c2e980a19?s=96&r=g&d=https:\\\/\\\/gorzow.news\\\/wp-content\\\/plugins\\\/userswp\\\/assets\\\/images\\\/no_profile.png\",\"url\":\"https:\\\/\\\/secure.gravatar.com\\\/avatar\\\/530a674d56ba60cfa0ef21d74e8e8d123a51bb7aa6580465b5c2ab2c2e980a19?s=96&r=g&d=https:\\\/\\\/gorzow.news\\\/wp-content\\\/plugins\\\/userswp\\\/assets\\\/images\\\/no_profile.png\",\"contentUrl\":\"https:\\\/\\\/secure.gravatar.com\\\/avatar\\\/530a674d56ba60cfa0ef21d74e8e8d123a51bb7aa6580465b5c2ab2c2e980a19?s=96&r=g&d=https:\\\/\\\/gorzow.news\\\/wp-content\\\/plugins\\\/userswp\\\/assets\\\/images\\\/no_profile.png\",\"caption\":\"maciej\"},\"url\":\"https:\\\/\\\/gorzow.news\\\/index.php\\\/profile\\\/maciej\\\/\"}]}<\/script>\n<!-- \/ Yoast SEO plugin. -->","yoast_head_json":{"title":"Kiedy\u015b tu leczyli. Dzi\u015b b\u0119dzie mo\u017cna tu naby\u0107 szerok\u0105 wiedz\u0119 motoryzacyjn\u0105! W czwartek otwarcie i konferencja! - Gorz\u00f3w News","description":"Ju\u017c 5 marca o godz. 11:00 Prezydent Gorzowa oficjalnie otworzy Bran\u017cowe Centrum Umiej\u0119tno\u015bci w dziedzinie bran\u017cy samochodowej - przemys\u0142u motory","robots":{"index":"index","follow":"follow","max-snippet":"max-snippet:-1","max-image-preview":"max-image-preview:large","max-video-preview":"max-video-preview:-1"},"canonical":"https:\/\/gorzow.news\/index.php\/2026\/03\/03\/kiedys-tu-leczyli-dzis-bedzie-mozna-tu-nabyc-szeroka-wiedze-motoryzacyjna-w-czwartek-otwarcie-i-konferencja\/","og_locale":"pl_PL","og_type":"article","og_title":"Kiedy\u015b tu leczyli. Dzi\u015b b\u0119dzie mo\u017cna tu naby\u0107 szerok\u0105 wiedz\u0119 motoryzacyjn\u0105! W czwartek otwarcie i konferencja! - Gorz\u00f3w News","og_description":"Ju\u017c 5 marca o godz. 11:00 Prezydent Gorzowa oficjalnie otworzy Bran\u017cowe Centrum Umiej\u0119tno\u015bci w dziedzinie bran\u017cy samochodowej - przemys\u0142u motory","og_url":"https:\/\/gorzow.news\/index.php\/2026\/03\/03\/kiedys-tu-leczyli-dzis-bedzie-mozna-tu-nabyc-szeroka-wiedze-motoryzacyjna-w-czwartek-otwarcie-i-konferencja\/","og_site_name":"Gorz\u00f3w News","article_publisher":"https:\/\/www.facebook.com\/gorzowskinews","article_published_time":"2026-03-03T09:55:59+00:00","article_modified_time":"2026-03-03T09:58:24+00:00","og_image":[{"width":1192,"height":751,"url":"https:\/\/gorzow.news\/wp-content\/uploads\/2026\/03\/cropped-akt-fotob-9411.jpg","type":"image\/jpeg"}],"author":"maciej","twitter_card":"summary_large_image","twitter_misc":{"Napisane przez":"maciej","Szacowany czas czytania":"3 minuty"},"schema":{"@context":"https:\/\/schema.org","@graph":[{"@type":"Article","@id":"https:\/\/gorzow.news\/index.php\/2026\/03\/03\/kiedys-tu-leczyli-dzis-bedzie-mozna-tu-nabyc-szeroka-wiedze-motoryzacyjna-w-czwartek-otwarcie-i-konferencja\/#article","isPartOf":{"@id":"https:\/\/gorzow.news\/index.php\/2026\/03\/03\/kiedys-tu-leczyli-dzis-bedzie-mozna-tu-nabyc-szeroka-wiedze-motoryzacyjna-w-czwartek-otwarcie-i-konferencja\/"},"author":{"name":"maciej","@id":"https:\/\/gorzow.news\/#\/schema\/person\/a1e5ab43166369f2ce236a1cd90995bb"},"headline":"Kiedy\u015b tu leczyli. Dzi\u015b b\u0119dzie mo\u017cna tu naby\u0107 szerok\u0105 wiedz\u0119 motoryzacyjn\u0105! W czwartek otwarcie i konferencja!","datePublished":"2026-03-03T09:55:59+00:00","dateModified":"2026-03-03T09:58:24+00:00","mainEntityOfPage":{"@id":"https:\/\/gorzow.news\/index.php\/2026\/03\/03\/kiedys-tu-leczyli-dzis-bedzie-mozna-tu-nabyc-szeroka-wiedze-motoryzacyjna-w-czwartek-otwarcie-i-konferencja\/"},"wordCount":448,"commentCount":0,"image":{"@id":"https:\/\/gorzow.news\/index.php\/2026\/03\/03\/kiedys-tu-leczyli-dzis-bedzie-mozna-tu-nabyc-szeroka-wiedze-motoryzacyjna-w-czwartek-otwarcie-i-konferencja\/#primaryimage"},"thumbnailUrl":"https:\/\/gorzow.news\/wp-content\/uploads\/2026\/03\/cropped-akt-fotob-9411.jpg","keywords":["Bran\u017cowe Centrum Umiej\u0119tno\u015bci","Centrum Edukacji Zawodowej i Biznesu"],"articleSection":["Fakty i opinie","Wiadomo\u015bci"],"inLanguage":"pl-PL","potentialAction":[{"@type":"CommentAction","name":"Comment","target":["https:\/\/gorzow.news\/index.php\/2026\/03\/03\/kiedys-tu-leczyli-dzis-bedzie-mozna-tu-nabyc-szeroka-wiedze-motoryzacyjna-w-czwartek-otwarcie-i-konferencja\/#respond"]}]},{"@type":"WebPage","@id":"https:\/\/gorzow.news\/index.php\/2026\/03\/03\/kiedys-tu-leczyli-dzis-bedzie-mozna-tu-nabyc-szeroka-wiedze-motoryzacyjna-w-czwartek-otwarcie-i-konferencja\/","url":"https:\/\/gorzow.news\/index.php\/2026\/03\/03\/kiedys-tu-leczyli-dzis-bedzie-mozna-tu-nabyc-szeroka-wiedze-motoryzacyjna-w-czwartek-otwarcie-i-konferencja\/","name":"Kiedy\u015b tu leczyli. Dzi\u015b b\u0119dzie mo\u017cna tu naby\u0107 szerok\u0105 wiedz\u0119 motoryzacyjn\u0105! W czwartek otwarcie i konferencja! - Gorz\u00f3w News","isPartOf":{"@id":"https:\/\/gorzow.news\/#website"},"primaryImageOfPage":{"@id":"https:\/\/gorzow.news\/index.php\/2026\/03\/03\/kiedys-tu-leczyli-dzis-bedzie-mozna-tu-nabyc-szeroka-wiedze-motoryzacyjna-w-czwartek-otwarcie-i-konferencja\/#primaryimage"},"image":{"@id":"https:\/\/gorzow.news\/index.php\/2026\/03\/03\/kiedys-tu-leczyli-dzis-bedzie-mozna-tu-nabyc-szeroka-wiedze-motoryzacyjna-w-czwartek-otwarcie-i-konferencja\/#primaryimage"},"thumbnailUrl":"https:\/\/gorzow.news\/wp-content\/uploads\/2026\/03\/cropped-akt-fotob-9411.jpg","datePublished":"2026-03-03T09:55:59+00:00","dateModified":"2026-03-03T09:58:24+00:00","author":{"@id":"https:\/\/gorzow.news\/#\/schema\/person\/a1e5ab43166369f2ce236a1cd90995bb"},"description":"Ju\u017c 5 marca o godz. 11:00 Prezydent Gorzowa oficjalnie otworzy Bran\u017cowe Centrum Umiej\u0119tno\u015bci w dziedzinie bran\u017cy samochodowej - przemys\u0142u motoryzacyjnego w Centrum Edukacji Zawodowej i Biznesu w Gorzowie. To wa\u017cny moment nie tylko dla miejskiej edukacji zawodowej, ale tak\u017ce dla ca\u0142ego regionu i \u015brodowiska motoryzacyjnego w Polsce.","breadcrumb":{"@id":"https:\/\/gorzow.news\/index.php\/2026\/03\/03\/kiedys-tu-leczyli-dzis-bedzie-mozna-tu-nabyc-szeroka-wiedze-motoryzacyjna-w-czwartek-otwarcie-i-konferencja\/#breadcrumb"},"inLanguage":"pl-PL","potentialAction":[{"@type":"ReadAction","target":["https:\/\/gorzow.news\/index.php\/2026\/03\/03\/kiedys-tu-leczyli-dzis-bedzie-mozna-tu-nabyc-szeroka-wiedze-motoryzacyjna-w-czwartek-otwarcie-i-konferencja\/"]}]},{"@type":"ImageObject","inLanguage":"pl-PL","@id":"https:\/\/gorzow.news\/index.php\/2026\/03\/03\/kiedys-tu-leczyli-dzis-bedzie-mozna-tu-nabyc-szeroka-wiedze-motoryzacyjna-w-czwartek-otwarcie-i-konferencja\/#primaryimage","url":"https:\/\/gorzow.news\/wp-content\/uploads\/2026\/03\/cropped-akt-fotob-9411.jpg","contentUrl":"https:\/\/gorzow.news\/wp-content\/uploads\/2026\/03\/cropped-akt-fotob-9411.jpg","width":1192,"height":751,"caption":"fot. Bart\u0142omiej Nowosielski"},{"@type":"BreadcrumbList","@id":"https:\/\/gorzow.news\/index.php\/2026\/03\/03\/kiedys-tu-leczyli-dzis-bedzie-mozna-tu-nabyc-szeroka-wiedze-motoryzacyjna-w-czwartek-otwarcie-i-konferencja\/#breadcrumb","itemListElement":[{"@type":"ListItem","position":1,"name":"Home","item":"https:\/\/gorzow.news\/"},{"@type":"ListItem","position":2,"name":"Kiedy\u015b tu leczyli. Dzi\u015b b\u0119dzie mo\u017cna tu naby\u0107 szerok\u0105 wiedz\u0119 motoryzacyjn\u0105! W czwartek otwarcie i konferencja!"}]},{"@type":"WebSite","@id":"https:\/\/gorzow.news\/#website","url":"https:\/\/gorzow.news\/","name":"Gorz\u00f3w News","description":"Sp\u00f3jrz inaczej na miato i region...","potentialAction":[{"@type":"SearchAction","target":{"@type":"EntryPoint","urlTemplate":"https:\/\/gorzow.news\/?s={search_term_string}"},"query-input":{"@type":"PropertyValueSpecification","valueRequired":true,"valueName":"search_term_string"}}],"inLanguage":"pl-PL"},{"@type":"Person","@id":"https:\/\/gorzow.news\/#\/schema\/person\/a1e5ab43166369f2ce236a1cd90995bb","name":"maciej","image":{"@type":"ImageObject","inLanguage":"pl-PL","@id":"https:\/\/secure.gravatar.com\/avatar\/530a674d56ba60cfa0ef21d74e8e8d123a51bb7aa6580465b5c2ab2c2e980a19?s=96&r=g&d=https:\/\/gorzow.news\/wp-content\/plugins\/userswp\/assets\/images\/no_profile.png","url":"https:\/\/secure.gravatar.com\/avatar\/530a674d56ba60cfa0ef21d74e8e8d123a51bb7aa6580465b5c2ab2c2e980a19?s=96&r=g&d=https:\/\/gorzow.news\/wp-content\/plugins\/userswp\/assets\/images\/no_profile.png","contentUrl":"https:\/\/secure.gravatar.com\/avatar\/530a674d56ba60cfa0ef21d74e8e8d123a51bb7aa6580465b5c2ab2c2e980a19?s=96&r=g&d=https:\/\/gorzow.news\/wp-content\/plugins\/userswp\/assets\/images\/no_profile.png","caption":"maciej"},"url":"https:\/\/gorzow.news\/index.php\/profile\/maciej\/"}]}},"_links":{"self":[{"href":"https:\/\/gorzow.news\/index.php\/wp-json\/wp\/v2\/posts\/39089","targetHints":{"allow":["GET"]}}],"collection":[{"href":"https:\/\/gorzow.news\/index.php\/wp-json\/wp\/v2\/posts"}],"about":[{"href":"https:\/\/gorzow.news\/index.php\/wp-json\/wp\/v2\/types\/post"}],"author":[{"embeddable":true,"href":"https:\/\/gorzow.news\/index.php\/wp-json\/wp\/v2\/users\/1"}],"replies":[{"embeddable":true,"href":"https:\/\/gorzow.news\/index.php\/wp-json\/wp\/v2\/comments?post=39089"}],"version-history":[{"count":2,"href":"https:\/\/gorzow.news\/index.php\/wp-json\/wp\/v2\/posts\/39089\/revisions"}],"predecessor-version":[{"id":39093,"href":"https:\/\/gorzow.news\/index.php\/wp-json\/wp\/v2\/posts\/39089\/revisions\/39093"}],"wp:featuredmedia":[{"embeddable":true,"href":"https:\/\/gorzow.news\/index.php\/wp-json\/wp\/v2\/media\/39090"}],"wp:attachment":[{"href":"https:\/\/gorzow.news\/index.php\/wp-json\/wp\/v2\/media?parent=39089"}],"wp:term":[{"taxonomy":"category","embeddable":true,"href":"https:\/\/gorzow.news\/index.php\/wp-json\/wp\/v2\/categories?post=39089"},{"taxonomy":"post_tag","embeddable":true,"href":"https:\/\/gorzow.news\/index.php\/wp-json\/wp\/v2\/tags?post=39089"}],"curies":[{"name":"wp","href":"https:\/\/api.w.org\/{rel}","templated":true}]}}