{"id":39077,"date":"2026-03-02T14:27:34","date_gmt":"2026-03-02T13:27:34","guid":{"rendered":"https:\/\/gorzow.news\/?p=39077"},"modified":"2026-03-02T14:30:02","modified_gmt":"2026-03-02T13:30:02","slug":"kto-bedzie-bohaterem-nocnego-szlaku-kulinarnego-marchewka-czy-jablko-ruszylo-glosowanie","status":"publish","type":"post","link":"https:\/\/gorzow.news\/index.php\/2026\/03\/02\/kto-bedzie-bohaterem-nocnego-szlaku-kulinarnego-marchewka-czy-jablko-ruszylo-glosowanie\/","title":{"rendered":"Kto b\u0119dzie bohaterem Nocnego Szlaku Kulinarnego? Marchewka, czy jab\u0142ko? Ruszy\u0142o g\u0142osowanie!"},"content":{"rendered":"\n<p><strong>Kto b\u0119dzie bohaterem Nocnego Szlaku Kulinarnego? Rozpocz\u0119\u0142o si\u0119 g\u0142osowanie na bohatera tegorocznej edycji. Aby zag\u0142osowa\u0107, wystarczy wej\u015b\u0107 na facebookowy profil \u201eNocny Szlak Kulinarny\u201d, a nast\u0119pnie pod postem klikn\u0105\u0107 odpowiedni\u0105 emotk\u0119. G\u0142osowanie trwa do 16 marca do godz. 12:00.<\/strong><\/p>\n\n\n\n<p>To g\u0142osuj\u0105cy zdecyduj\u0105, kt\u00f3re smaki pojawi\u0105 si\u0119 w tym roku w gorzowskich lokalach.<\/p>\n\n\n\n<div class=\"g g-15\"><div class=\"g-single a-42\"><a href=\"https:\/\/www.facebook.com\/pluginAR\" target=\"_blank\"><img decoding=\"async\" src=\"https:\/\/gorzow.news\/wp-content\/uploads\/2026\/01\/plugin.jpg\" height=\"800\" \/><\/a><\/div><\/div>\n\n\n\n<p>Nocny Szlak Kulinarny w tym roku odb\u0119dzie si\u0119 28-29 sierpnia. W tych dniach kawiarnie i restauracje, kt\u00f3re zg\u0142osz\u0105 si\u0119 do zabawy, b\u0119d\u0105 serwowa\u0107 dania lub napoje, w kt\u00f3rych g\u0142\u00f3wnym bohaterem b\u0119dzie produkt wybrany w internetowym g\u0142osowaniu.<\/p>\n\n\n\n<p>Zadaniem uczestnik\u00f3w b\u0119dzie spr\u00f3bowanie da\u0144, a nast\u0119pnie wystawienie oceny. Lokal, kt\u00f3ry otrzyma najlepsze oceny, zostanie nagrodzony tytu\u0142em \u201eKr\u00f3lowej Gorzowskiej Gastronomii\u201d.<\/p>\n\n\n\n<p>G\u0142osowa\u0107 mo\u017cna <strong><a href=\"https:\/\/www.facebook.com\/NocnySzlakKulinarny\/posts\/pfbid0x7KivRXwLrZsZ5XFDfCrkDDojR8U3ftGjEuVqrWLSfAtuA5dDmaWSaaJeAshstJsl\" type=\"link\" id=\"https:\/\/www.facebook.com\/NocnySzlakKulinarny\/posts\/pfbid0x7KivRXwLrZsZ5XFDfCrkDDojR8U3ftGjEuVqrWLSfAtuA5dDmaWSaaJeAshstJsl\" target=\"_blank\" rel=\"noreferrer noopener\">tutaj<\/a><\/strong>.<\/p>\n","protected":false},"excerpt":{"rendered":"<p>Kto b\u0119dzie bohaterem Nocnego Szlaku Kulinarnego? Rozpocz\u0119\u0142o si\u0119 g\u0142osowanie na bohatera tegorocznej edycji. Aby zag\u0142osowa\u0107, wystarczy wej\u015b\u0107 na facebookowy profil \u201eNocny Szlak Kulinarny\u201d, a nast\u0119pnie pod postem klikn\u0105\u0107 odpowiedni\u0105 emotk\u0119. G\u0142osowanie trwa do 16 marca do godz. 12:00. To g\u0142osuj\u0105cy zdecyduj\u0105, kt\u00f3re smaki pojawi\u0105 si\u0119 w tym roku w gorzowskich lokalach. Nocny Szlak Kulinarny w [&hellip;]<\/p>\n","protected":false},"author":1,"featured_media":39078,"comment_status":"open","ping_status":"open","sticky":false,"template":"","format":"standard","meta":{"footnotes":"","_links_to":"","_links_to_target":""},"categories":[595,589],"tags":[621],"class_list":{"0":"post-39077","1":"post","2":"type-post","3":"status-publish","4":"format-standard","5":"has-post-thumbnail","7":"category-rozrywka","8":"category-wiadomosci","9":"tag-nocny-szlak-kulinarny"},"yoast_head":"<!-- This site is optimized with the Yoast SEO plugin v27.3 - https:\/\/yoast.com\/product\/yoast-seo-wordpress\/ -->\n<title>Kto b\u0119dzie bohaterem Nocnego Szlaku Kulinarnego? Marchewka, czy jab\u0142ko? Ruszy\u0142o g\u0142osowanie! - Gorz\u00f3w News<\/title>\n<meta name=\"description\" content=\"Kto b\u0119dzie bohaterem Nocnego Szlaku Kulinarnego? Rozpocz\u0119\u0142o si\u0119 g\u0142osowanie na bohatera tegorocznej edycji. Aby zag\u0142osowa\u0107, wystarczy wej\u015b\u0107 na\" \/>\n<meta name=\"robots\" content=\"index, follow, max-snippet:-1, max-image-preview:large, max-video-preview:-1\" \/>\n<link rel=\"canonical\" href=\"https:\/\/gorzow.news\/index.php\/2026\/03\/02\/kto-bedzie-bohaterem-nocnego-szlaku-kulinarnego-marchewka-czy-jablko-ruszylo-glosowanie\/\" \/>\n<meta property=\"og:locale\" content=\"pl_PL\" \/>\n<meta property=\"og:type\" content=\"article\" \/>\n<meta property=\"og:title\" content=\"Kto b\u0119dzie bohaterem Nocnego Szlaku Kulinarnego? Marchewka, czy jab\u0142ko? Ruszy\u0142o g\u0142osowanie! - Gorz\u00f3w News\" \/>\n<meta property=\"og:description\" content=\"Kto b\u0119dzie bohaterem Nocnego Szlaku Kulinarnego? Rozpocz\u0119\u0142o si\u0119 g\u0142osowanie na bohatera tegorocznej edycji. Aby zag\u0142osowa\u0107, wystarczy wej\u015b\u0107 na\" \/>\n<meta property=\"og:url\" content=\"https:\/\/gorzow.news\/index.php\/2026\/03\/02\/kto-bedzie-bohaterem-nocnego-szlaku-kulinarnego-marchewka-czy-jablko-ruszylo-glosowanie\/\" \/>\n<meta property=\"og:site_name\" content=\"Gorz\u00f3w News\" \/>\n<meta property=\"article:publisher\" content=\"https:\/\/www.facebook.com\/gorzowskinews\" \/>\n<meta property=\"article:published_time\" content=\"2026-03-02T13:27:34+00:00\" \/>\n<meta property=\"article:modified_time\" content=\"2026-03-02T13:30:02+00:00\" \/>\n<meta property=\"og:image\" content=\"https:\/\/gorzow.news\/wp-content\/uploads\/2026\/03\/457378595_962570395897418_8429301137184726581_n.jpg\" \/>\n\t<meta property=\"og:image:width\" content=\"2048\" \/>\n\t<meta property=\"og:image:height\" content=\"1365\" \/>\n\t<meta property=\"og:image:type\" content=\"image\/jpeg\" \/>\n<meta name=\"author\" content=\"maciej\" \/>\n<meta name=\"twitter:card\" content=\"summary_large_image\" \/>\n<meta name=\"twitter:label1\" content=\"Napisane przez\" \/>\n\t<meta name=\"twitter:data1\" content=\"maciej\" \/>\n\t<meta name=\"twitter:label2\" content=\"Szacowany czas czytania\" \/>\n\t<meta name=\"twitter:data2\" content=\"1 minuta\" \/>\n<script type=\"application\/ld+json\" class=\"yoast-schema-graph\">{\"@context\":\"https:\\\/\\\/schema.org\",\"@graph\":[{\"@type\":\"Article\",\"@id\":\"https:\\\/\\\/gorzow.news\\\/index.php\\\/2026\\\/03\\\/02\\\/kto-bedzie-bohaterem-nocnego-szlaku-kulinarnego-marchewka-czy-jablko-ruszylo-glosowanie\\\/#article\",\"isPartOf\":{\"@id\":\"https:\\\/\\\/gorzow.news\\\/index.php\\\/2026\\\/03\\\/02\\\/kto-bedzie-bohaterem-nocnego-szlaku-kulinarnego-marchewka-czy-jablko-ruszylo-glosowanie\\\/\"},\"author\":{\"name\":\"maciej\",\"@id\":\"https:\\\/\\\/gorzow.news\\\/#\\\/schema\\\/person\\\/a1e5ab43166369f2ce236a1cd90995bb\"},\"headline\":\"Kto b\u0119dzie bohaterem Nocnego Szlaku Kulinarnego? Marchewka, czy jab\u0142ko? Ruszy\u0142o g\u0142osowanie!\",\"datePublished\":\"2026-03-02T13:27:34+00:00\",\"dateModified\":\"2026-03-02T13:30:02+00:00\",\"mainEntityOfPage\":{\"@id\":\"https:\\\/\\\/gorzow.news\\\/index.php\\\/2026\\\/03\\\/02\\\/kto-bedzie-bohaterem-nocnego-szlaku-kulinarnego-marchewka-czy-jablko-ruszylo-glosowanie\\\/\"},\"wordCount\":151,\"commentCount\":0,\"image\":{\"@id\":\"https:\\\/\\\/gorzow.news\\\/index.php\\\/2026\\\/03\\\/02\\\/kto-bedzie-bohaterem-nocnego-szlaku-kulinarnego-marchewka-czy-jablko-ruszylo-glosowanie\\\/#primaryimage\"},\"thumbnailUrl\":\"https:\\\/\\\/gorzow.news\\\/wp-content\\\/uploads\\\/2026\\\/03\\\/457378595_962570395897418_8429301137184726581_n.jpg\",\"keywords\":[\"Nocny Szlak Kulinarny\"],\"articleSection\":[\"Rozrywka\",\"Wiadomo\u015bci\"],\"inLanguage\":\"pl-PL\",\"potentialAction\":[{\"@type\":\"CommentAction\",\"name\":\"Comment\",\"target\":[\"https:\\\/\\\/gorzow.news\\\/index.php\\\/2026\\\/03\\\/02\\\/kto-bedzie-bohaterem-nocnego-szlaku-kulinarnego-marchewka-czy-jablko-ruszylo-glosowanie\\\/#respond\"]}]},{\"@type\":\"WebPage\",\"@id\":\"https:\\\/\\\/gorzow.news\\\/index.php\\\/2026\\\/03\\\/02\\\/kto-bedzie-bohaterem-nocnego-szlaku-kulinarnego-marchewka-czy-jablko-ruszylo-glosowanie\\\/\",\"url\":\"https:\\\/\\\/gorzow.news\\\/index.php\\\/2026\\\/03\\\/02\\\/kto-bedzie-bohaterem-nocnego-szlaku-kulinarnego-marchewka-czy-jablko-ruszylo-glosowanie\\\/\",\"name\":\"Kto b\u0119dzie bohaterem Nocnego Szlaku Kulinarnego? Marchewka, czy jab\u0142ko? Ruszy\u0142o g\u0142osowanie! - Gorz\u00f3w News\",\"isPartOf\":{\"@id\":\"https:\\\/\\\/gorzow.news\\\/#website\"},\"primaryImageOfPage\":{\"@id\":\"https:\\\/\\\/gorzow.news\\\/index.php\\\/2026\\\/03\\\/02\\\/kto-bedzie-bohaterem-nocnego-szlaku-kulinarnego-marchewka-czy-jablko-ruszylo-glosowanie\\\/#primaryimage\"},\"image\":{\"@id\":\"https:\\\/\\\/gorzow.news\\\/index.php\\\/2026\\\/03\\\/02\\\/kto-bedzie-bohaterem-nocnego-szlaku-kulinarnego-marchewka-czy-jablko-ruszylo-glosowanie\\\/#primaryimage\"},\"thumbnailUrl\":\"https:\\\/\\\/gorzow.news\\\/wp-content\\\/uploads\\\/2026\\\/03\\\/457378595_962570395897418_8429301137184726581_n.jpg\",\"datePublished\":\"2026-03-02T13:27:34+00:00\",\"dateModified\":\"2026-03-02T13:30:02+00:00\",\"author\":{\"@id\":\"https:\\\/\\\/gorzow.news\\\/#\\\/schema\\\/person\\\/a1e5ab43166369f2ce236a1cd90995bb\"},\"description\":\"Kto b\u0119dzie bohaterem Nocnego Szlaku Kulinarnego? Rozpocz\u0119\u0142o si\u0119 g\u0142osowanie na bohatera tegorocznej edycji. Aby zag\u0142osowa\u0107, wystarczy wej\u015b\u0107 na facebookowy profil \u201eNocny Szlak Kulinarny\u201d, a nast\u0119pnie pod postem klikn\u0105\u0107 odpowiedni\u0105 emotk\u0119. G\u0142osowanie trwa do 16 marca do godz. 12:00.\",\"breadcrumb\":{\"@id\":\"https:\\\/\\\/gorzow.news\\\/index.php\\\/2026\\\/03\\\/02\\\/kto-bedzie-bohaterem-nocnego-szlaku-kulinarnego-marchewka-czy-jablko-ruszylo-glosowanie\\\/#breadcrumb\"},\"inLanguage\":\"pl-PL\",\"potentialAction\":[{\"@type\":\"ReadAction\",\"target\":[\"https:\\\/\\\/gorzow.news\\\/index.php\\\/2026\\\/03\\\/02\\\/kto-bedzie-bohaterem-nocnego-szlaku-kulinarnego-marchewka-czy-jablko-ruszylo-glosowanie\\\/\"]}]},{\"@type\":\"ImageObject\",\"inLanguage\":\"pl-PL\",\"@id\":\"https:\\\/\\\/gorzow.news\\\/index.php\\\/2026\\\/03\\\/02\\\/kto-bedzie-bohaterem-nocnego-szlaku-kulinarnego-marchewka-czy-jablko-ruszylo-glosowanie\\\/#primaryimage\",\"url\":\"https:\\\/\\\/gorzow.news\\\/wp-content\\\/uploads\\\/2026\\\/03\\\/457378595_962570395897418_8429301137184726581_n.jpg\",\"contentUrl\":\"https:\\\/\\\/gorzow.news\\\/wp-content\\\/uploads\\\/2026\\\/03\\\/457378595_962570395897418_8429301137184726581_n.jpg\",\"width\":2048,\"height\":1365,\"caption\":\"W 2024 roku gwiazd\u0105 Nocnego Szlaku Kulturalnego by\u0142a gruszka. fot. UM\"},{\"@type\":\"BreadcrumbList\",\"@id\":\"https:\\\/\\\/gorzow.news\\\/index.php\\\/2026\\\/03\\\/02\\\/kto-bedzie-bohaterem-nocnego-szlaku-kulinarnego-marchewka-czy-jablko-ruszylo-glosowanie\\\/#breadcrumb\",\"itemListElement\":[{\"@type\":\"ListItem\",\"position\":1,\"name\":\"Home\",\"item\":\"https:\\\/\\\/gorzow.news\\\/\"},{\"@type\":\"ListItem\",\"position\":2,\"name\":\"Kto b\u0119dzie bohaterem Nocnego Szlaku Kulinarnego? Marchewka, czy jab\u0142ko? Ruszy\u0142o g\u0142osowanie!\"}]},{\"@type\":\"WebSite\",\"@id\":\"https:\\\/\\\/gorzow.news\\\/#website\",\"url\":\"https:\\\/\\\/gorzow.news\\\/\",\"name\":\"Gorz\u00f3w News\",\"description\":\"Sp\u00f3jrz inaczej na miato i region...\",\"potentialAction\":[{\"@type\":\"SearchAction\",\"target\":{\"@type\":\"EntryPoint\",\"urlTemplate\":\"https:\\\/\\\/gorzow.news\\\/?s={search_term_string}\"},\"query-input\":{\"@type\":\"PropertyValueSpecification\",\"valueRequired\":true,\"valueName\":\"search_term_string\"}}],\"inLanguage\":\"pl-PL\"},{\"@type\":\"Person\",\"@id\":\"https:\\\/\\\/gorzow.news\\\/#\\\/schema\\\/person\\\/a1e5ab43166369f2ce236a1cd90995bb\",\"name\":\"maciej\",\"image\":{\"@type\":\"ImageObject\",\"inLanguage\":\"pl-PL\",\"@id\":\"https:\\\/\\\/secure.gravatar.com\\\/avatar\\\/530a674d56ba60cfa0ef21d74e8e8d123a51bb7aa6580465b5c2ab2c2e980a19?s=96&r=g&d=https:\\\/\\\/gorzow.news\\\/wp-content\\\/plugins\\\/userswp\\\/assets\\\/images\\\/no_profile.png\",\"url\":\"https:\\\/\\\/secure.gravatar.com\\\/avatar\\\/530a674d56ba60cfa0ef21d74e8e8d123a51bb7aa6580465b5c2ab2c2e980a19?s=96&r=g&d=https:\\\/\\\/gorzow.news\\\/wp-content\\\/plugins\\\/userswp\\\/assets\\\/images\\\/no_profile.png\",\"contentUrl\":\"https:\\\/\\\/secure.gravatar.com\\\/avatar\\\/530a674d56ba60cfa0ef21d74e8e8d123a51bb7aa6580465b5c2ab2c2e980a19?s=96&r=g&d=https:\\\/\\\/gorzow.news\\\/wp-content\\\/plugins\\\/userswp\\\/assets\\\/images\\\/no_profile.png\",\"caption\":\"maciej\"},\"url\":\"https:\\\/\\\/gorzow.news\\\/index.php\\\/profile\\\/maciej\\\/\"}]}<\/script>\n<!-- \/ Yoast SEO plugin. -->","yoast_head_json":{"title":"Kto b\u0119dzie bohaterem Nocnego Szlaku Kulinarnego? Marchewka, czy jab\u0142ko? Ruszy\u0142o g\u0142osowanie! - Gorz\u00f3w News","description":"Kto b\u0119dzie bohaterem Nocnego Szlaku Kulinarnego? Rozpocz\u0119\u0142o si\u0119 g\u0142osowanie na bohatera tegorocznej edycji. Aby zag\u0142osowa\u0107, wystarczy wej\u015b\u0107 na","robots":{"index":"index","follow":"follow","max-snippet":"max-snippet:-1","max-image-preview":"max-image-preview:large","max-video-preview":"max-video-preview:-1"},"canonical":"https:\/\/gorzow.news\/index.php\/2026\/03\/02\/kto-bedzie-bohaterem-nocnego-szlaku-kulinarnego-marchewka-czy-jablko-ruszylo-glosowanie\/","og_locale":"pl_PL","og_type":"article","og_title":"Kto b\u0119dzie bohaterem Nocnego Szlaku Kulinarnego? Marchewka, czy jab\u0142ko? Ruszy\u0142o g\u0142osowanie! - Gorz\u00f3w News","og_description":"Kto b\u0119dzie bohaterem Nocnego Szlaku Kulinarnego? Rozpocz\u0119\u0142o si\u0119 g\u0142osowanie na bohatera tegorocznej edycji. Aby zag\u0142osowa\u0107, wystarczy wej\u015b\u0107 na","og_url":"https:\/\/gorzow.news\/index.php\/2026\/03\/02\/kto-bedzie-bohaterem-nocnego-szlaku-kulinarnego-marchewka-czy-jablko-ruszylo-glosowanie\/","og_site_name":"Gorz\u00f3w News","article_publisher":"https:\/\/www.facebook.com\/gorzowskinews","article_published_time":"2026-03-02T13:27:34+00:00","article_modified_time":"2026-03-02T13:30:02+00:00","og_image":[{"width":2048,"height":1365,"url":"https:\/\/gorzow.news\/wp-content\/uploads\/2026\/03\/457378595_962570395897418_8429301137184726581_n.jpg","type":"image\/jpeg"}],"author":"maciej","twitter_card":"summary_large_image","twitter_misc":{"Napisane przez":"maciej","Szacowany czas czytania":"1 minuta"},"schema":{"@context":"https:\/\/schema.org","@graph":[{"@type":"Article","@id":"https:\/\/gorzow.news\/index.php\/2026\/03\/02\/kto-bedzie-bohaterem-nocnego-szlaku-kulinarnego-marchewka-czy-jablko-ruszylo-glosowanie\/#article","isPartOf":{"@id":"https:\/\/gorzow.news\/index.php\/2026\/03\/02\/kto-bedzie-bohaterem-nocnego-szlaku-kulinarnego-marchewka-czy-jablko-ruszylo-glosowanie\/"},"author":{"name":"maciej","@id":"https:\/\/gorzow.news\/#\/schema\/person\/a1e5ab43166369f2ce236a1cd90995bb"},"headline":"Kto b\u0119dzie bohaterem Nocnego Szlaku Kulinarnego? Marchewka, czy jab\u0142ko? Ruszy\u0142o g\u0142osowanie!","datePublished":"2026-03-02T13:27:34+00:00","dateModified":"2026-03-02T13:30:02+00:00","mainEntityOfPage":{"@id":"https:\/\/gorzow.news\/index.php\/2026\/03\/02\/kto-bedzie-bohaterem-nocnego-szlaku-kulinarnego-marchewka-czy-jablko-ruszylo-glosowanie\/"},"wordCount":151,"commentCount":0,"image":{"@id":"https:\/\/gorzow.news\/index.php\/2026\/03\/02\/kto-bedzie-bohaterem-nocnego-szlaku-kulinarnego-marchewka-czy-jablko-ruszylo-glosowanie\/#primaryimage"},"thumbnailUrl":"https:\/\/gorzow.news\/wp-content\/uploads\/2026\/03\/457378595_962570395897418_8429301137184726581_n.jpg","keywords":["Nocny Szlak Kulinarny"],"articleSection":["Rozrywka","Wiadomo\u015bci"],"inLanguage":"pl-PL","potentialAction":[{"@type":"CommentAction","name":"Comment","target":["https:\/\/gorzow.news\/index.php\/2026\/03\/02\/kto-bedzie-bohaterem-nocnego-szlaku-kulinarnego-marchewka-czy-jablko-ruszylo-glosowanie\/#respond"]}]},{"@type":"WebPage","@id":"https:\/\/gorzow.news\/index.php\/2026\/03\/02\/kto-bedzie-bohaterem-nocnego-szlaku-kulinarnego-marchewka-czy-jablko-ruszylo-glosowanie\/","url":"https:\/\/gorzow.news\/index.php\/2026\/03\/02\/kto-bedzie-bohaterem-nocnego-szlaku-kulinarnego-marchewka-czy-jablko-ruszylo-glosowanie\/","name":"Kto b\u0119dzie bohaterem Nocnego Szlaku Kulinarnego? Marchewka, czy jab\u0142ko? Ruszy\u0142o g\u0142osowanie! - Gorz\u00f3w News","isPartOf":{"@id":"https:\/\/gorzow.news\/#website"},"primaryImageOfPage":{"@id":"https:\/\/gorzow.news\/index.php\/2026\/03\/02\/kto-bedzie-bohaterem-nocnego-szlaku-kulinarnego-marchewka-czy-jablko-ruszylo-glosowanie\/#primaryimage"},"image":{"@id":"https:\/\/gorzow.news\/index.php\/2026\/03\/02\/kto-bedzie-bohaterem-nocnego-szlaku-kulinarnego-marchewka-czy-jablko-ruszylo-glosowanie\/#primaryimage"},"thumbnailUrl":"https:\/\/gorzow.news\/wp-content\/uploads\/2026\/03\/457378595_962570395897418_8429301137184726581_n.jpg","datePublished":"2026-03-02T13:27:34+00:00","dateModified":"2026-03-02T13:30:02+00:00","author":{"@id":"https:\/\/gorzow.news\/#\/schema\/person\/a1e5ab43166369f2ce236a1cd90995bb"},"description":"Kto b\u0119dzie bohaterem Nocnego Szlaku Kulinarnego? Rozpocz\u0119\u0142o si\u0119 g\u0142osowanie na bohatera tegorocznej edycji. Aby zag\u0142osowa\u0107, wystarczy wej\u015b\u0107 na facebookowy profil \u201eNocny Szlak Kulinarny\u201d, a nast\u0119pnie pod postem klikn\u0105\u0107 odpowiedni\u0105 emotk\u0119. G\u0142osowanie trwa do 16 marca do godz. 12:00.","breadcrumb":{"@id":"https:\/\/gorzow.news\/index.php\/2026\/03\/02\/kto-bedzie-bohaterem-nocnego-szlaku-kulinarnego-marchewka-czy-jablko-ruszylo-glosowanie\/#breadcrumb"},"inLanguage":"pl-PL","potentialAction":[{"@type":"ReadAction","target":["https:\/\/gorzow.news\/index.php\/2026\/03\/02\/kto-bedzie-bohaterem-nocnego-szlaku-kulinarnego-marchewka-czy-jablko-ruszylo-glosowanie\/"]}]},{"@type":"ImageObject","inLanguage":"pl-PL","@id":"https:\/\/gorzow.news\/index.php\/2026\/03\/02\/kto-bedzie-bohaterem-nocnego-szlaku-kulinarnego-marchewka-czy-jablko-ruszylo-glosowanie\/#primaryimage","url":"https:\/\/gorzow.news\/wp-content\/uploads\/2026\/03\/457378595_962570395897418_8429301137184726581_n.jpg","contentUrl":"https:\/\/gorzow.news\/wp-content\/uploads\/2026\/03\/457378595_962570395897418_8429301137184726581_n.jpg","width":2048,"height":1365,"caption":"W 2024 roku gwiazd\u0105 Nocnego Szlaku Kulturalnego by\u0142a gruszka. fot. UM"},{"@type":"BreadcrumbList","@id":"https:\/\/gorzow.news\/index.php\/2026\/03\/02\/kto-bedzie-bohaterem-nocnego-szlaku-kulinarnego-marchewka-czy-jablko-ruszylo-glosowanie\/#breadcrumb","itemListElement":[{"@type":"ListItem","position":1,"name":"Home","item":"https:\/\/gorzow.news\/"},{"@type":"ListItem","position":2,"name":"Kto b\u0119dzie bohaterem Nocnego Szlaku Kulinarnego? Marchewka, czy jab\u0142ko? Ruszy\u0142o g\u0142osowanie!"}]},{"@type":"WebSite","@id":"https:\/\/gorzow.news\/#website","url":"https:\/\/gorzow.news\/","name":"Gorz\u00f3w News","description":"Sp\u00f3jrz inaczej na miato i region...","potentialAction":[{"@type":"SearchAction","target":{"@type":"EntryPoint","urlTemplate":"https:\/\/gorzow.news\/?s={search_term_string}"},"query-input":{"@type":"PropertyValueSpecification","valueRequired":true,"valueName":"search_term_string"}}],"inLanguage":"pl-PL"},{"@type":"Person","@id":"https:\/\/gorzow.news\/#\/schema\/person\/a1e5ab43166369f2ce236a1cd90995bb","name":"maciej","image":{"@type":"ImageObject","inLanguage":"pl-PL","@id":"https:\/\/secure.gravatar.com\/avatar\/530a674d56ba60cfa0ef21d74e8e8d123a51bb7aa6580465b5c2ab2c2e980a19?s=96&r=g&d=https:\/\/gorzow.news\/wp-content\/plugins\/userswp\/assets\/images\/no_profile.png","url":"https:\/\/secure.gravatar.com\/avatar\/530a674d56ba60cfa0ef21d74e8e8d123a51bb7aa6580465b5c2ab2c2e980a19?s=96&r=g&d=https:\/\/gorzow.news\/wp-content\/plugins\/userswp\/assets\/images\/no_profile.png","contentUrl":"https:\/\/secure.gravatar.com\/avatar\/530a674d56ba60cfa0ef21d74e8e8d123a51bb7aa6580465b5c2ab2c2e980a19?s=96&r=g&d=https:\/\/gorzow.news\/wp-content\/plugins\/userswp\/assets\/images\/no_profile.png","caption":"maciej"},"url":"https:\/\/gorzow.news\/index.php\/profile\/maciej\/"}]}},"_links":{"self":[{"href":"https:\/\/gorzow.news\/index.php\/wp-json\/wp\/v2\/posts\/39077","targetHints":{"allow":["GET"]}}],"collection":[{"href":"https:\/\/gorzow.news\/index.php\/wp-json\/wp\/v2\/posts"}],"about":[{"href":"https:\/\/gorzow.news\/index.php\/wp-json\/wp\/v2\/types\/post"}],"author":[{"embeddable":true,"href":"https:\/\/gorzow.news\/index.php\/wp-json\/wp\/v2\/users\/1"}],"replies":[{"embeddable":true,"href":"https:\/\/gorzow.news\/index.php\/wp-json\/wp\/v2\/comments?post=39077"}],"version-history":[{"count":2,"href":"https:\/\/gorzow.news\/index.php\/wp-json\/wp\/v2\/posts\/39077\/revisions"}],"predecessor-version":[{"id":39080,"href":"https:\/\/gorzow.news\/index.php\/wp-json\/wp\/v2\/posts\/39077\/revisions\/39080"}],"wp:featuredmedia":[{"embeddable":true,"href":"https:\/\/gorzow.news\/index.php\/wp-json\/wp\/v2\/media\/39078"}],"wp:attachment":[{"href":"https:\/\/gorzow.news\/index.php\/wp-json\/wp\/v2\/media?parent=39077"}],"wp:term":[{"taxonomy":"category","embeddable":true,"href":"https:\/\/gorzow.news\/index.php\/wp-json\/wp\/v2\/categories?post=39077"},{"taxonomy":"post_tag","embeddable":true,"href":"https:\/\/gorzow.news\/index.php\/wp-json\/wp\/v2\/tags?post=39077"}],"curies":[{"name":"wp","href":"https:\/\/api.w.org\/{rel}","templated":true}]}}