{"id":37999,"date":"2026-01-16T14:24:17","date_gmt":"2026-01-16T13:24:17","guid":{"rendered":"https:\/\/gorzow.news\/?p=37999"},"modified":"2026-01-16T14:54:27","modified_gmt":"2026-01-16T13:54:27","slug":"nowy-salon-w-kruk-juz-wkrotce-otworzy-sie-w-galerii-askana-wolna-powierzchniaa-znika-w-szybkim-tempie","status":"publish","type":"post","link":"https:\/\/gorzow.news\/index.php\/2026\/01\/16\/nowy-salon-w-kruk-juz-wkrotce-otworzy-sie-w-galerii-askana-wolna-powierzchniaa-znika-w-szybkim-tempie\/","title":{"rendered":"Nowy salon W.Kruk ju\u017c wkr\u00f3tce otworzy si\u0119 w Galerii Askana! Wolna powierzchnia znika w szybkim tempie!"},"content":{"rendered":"\n<p><strong>Ju\u017c niebawem mi\u0142o\u015bnicy wyj\u0105tkowej bi\u017cuterii i eleganckich dodatk\u00f3w b\u0119d\u0105 mieli kolejny pow\u00f3d, by odwiedzi\u0107 Galeri\u0119 Askana. Na poziomie 0, tu\u017c przy g\u0142\u00f3wnym ci\u0105gu komunikacyjnych, powstaje nowy salon jednego z najbardziej presti\u017cowych polskich jubiler\u00f3w &#8211; W.Kruk. To kolejny krok w dynamicznym rozwoju oferty handlowej popularnej galerii w sercu Miasta.<\/strong><\/p>\n\n\n\n<p>Otwarcie nowego salonu zaplanowano na najbli\u017csze tygodnie. Nowy punkt ma sta\u0107 si\u0119 miejscem, w kt\u00f3rym ka\u017cdy znajdzie co\u015b wyj\u0105tkowego &#8211; zar\u00f3wno dla siebie, jak i na prezent z wa\u017cnych okazji.<\/p>\n\n\n\n<p>W.Kruk to marka z niezwykle bogat\u0105 histori\u0105 i ugruntowan\u0105 pozycj\u0105 na polskim rynku jubilerskim. Firma dzia\u0142a nieprzerwanie od 1840 roku, kiedy to z\u0142otnik Leon Skrzetuski otworzy\u0142 w Poznaniu swoj\u0105 pierwsz\u0105 pracowni\u0119 jubilersk\u0105. Z czasem zak\u0142ad przeobrazi\u0142 si\u0119 w reprezentacyjny sklep pod kierunkiem W\u0142adys\u0142awa Kruka, a z biegiem dziesi\u0119cioleci marka zdobywa\u0142a kolejne pokolenia klient\u00f3w dzi\u0119ki wysokiej jako\u015bci i finezyjnemu wzornictwu. Dzi\u015b W.Kruk posiada liczne salony w ca\u0142ej Polsce, a jego bi\u017cuteria &#8211; od klasycznych z\u0142otych i srebrnych kolekcji, przez diamenty i kamienie szlachetne, po zegarki luksusowych marek &#8211; jest synonimem elegancji, presti\u017cu i emocji, kt\u00f3re \u0142\u0105cz\u0105 si\u0119 z najwa\u017cniejszymi chwilami \u017cycia.<\/p>\n\n\n\n<div class=\"g g-15\"><div class=\"g-single a-42\"><a href=\"https:\/\/www.facebook.com\/pluginAR\" target=\"_blank\"><img decoding=\"async\" src=\"https:\/\/gorzow.news\/wp-content\/uploads\/2026\/01\/plugin.jpg\" height=\"800\" \/><\/a><\/div><\/div>\n\n\n\n<p>Do tej pory gorzowscy klienci mogli odwiedzi\u0107 salon W.Kruk w NoVa Park, gdzie marka zyska\u0142a ju\u017c grono sta\u0142ych klient\u00f3w. Nowa lokalizacja w Galerii Askana b\u0119dzie kolejnym miejscem, w kt\u00f3rym oferta W.Kruk stanie si\u0119 jeszcze bardziej dost\u0119pna dla mieszka\u0144c\u00f3w Gorzowa i okolic. To dobra wiadomo\u015b\u0107 przede wszystkim dla tych, kt\u00f3rzy ceni\u0105 sobie mo\u017cliwo\u015b\u0107 obejrzenia i przymierzenia bi\u017cuterii \u201ena \u017cywo\u201d przed dokonaniem zakupu, ale tak\u017ce dla os\u00f3b szukaj\u0105cych inspiracji na prezent na \u015blub, rocznic\u0119 czy inn\u0105 wa\u017cn\u0105 okazj\u0119.<\/p>\n\n\n\n<p>Tymczasem sama Galeria Askana prze\u017cywa prawdziwy \u201eotwarciowy boom\u201d. Centrum handlowe, zlokalizowane w samym centrum Gorzowa przy Alei Konstytucji 3 Maja, oferuje bogat\u0105 gam\u0119 sklep\u00f3w, us\u0142ug, gastronomii i rozrywki, staraj\u0105c si\u0119 sprosta\u0107 oczekiwaniom coraz bardziej wymagaj\u0105cych klient\u00f3w.<\/p>\n\n\n\n<p>W ostatnich miesi\u0105cach Askana wzbogaci\u0142a swoj\u0105 ofert\u0119 o kilka nowych, atrakcyjnych punkt\u00f3w. Jednym z najg\u0142o\u015bniejszych otwar\u0107 by\u0142o uruchomienie pierwszej w Gorzowie kawiarni Starbucks &#8211; kultowej sieci znanej na ca\u0142ym \u015bwiecie. Lokal otwarto w grudniu ubieg\u0142ego roku na parterze galerii i od razu przyci\u0105gn\u0105\u0142 t\u0142umy mi\u0142o\u015bnik\u00f3w aromatycznej kawy, a przed wej\u015bciem ustawi\u0142y si\u0119 nawet kolejki oczekuj\u0105cych go\u015bci. Ponadto, w listopadzie w Askanie otwarto du\u017cy sklep MR.DIY &#8211; mi\u0119dzynarodowej sieci oferuj\u0105cej artyku\u0142y gospodarstwa domowego, dekoracje, narz\u0119dzia i akcesoria codziennego u\u017cytku. Otwarcie tego salonu by\u0142o poprzedzone wyj\u0105tkow\u0105 kampani\u0105 z nagrodami i atrakcjami dla odwiedzaj\u0105cych. R\u00f3wnolegle Galeria Askana stawia na rozw\u00f3j strefy gastronomicznej &#8211; nie tylko poprzez Starbucks, ale te\u017c poprzez modernizacj\u0119 food courtu i wprowadzanie kolejnych znanych marek. Obecnie w strefie tej dzia\u0142a kilka lokali serwuj\u0105cych r\u00f3\u017cnorodne kuchnie, a jako ostatnie w grudniu do\u0142\u0105czy\u0142o KFC.<\/p>\n\n\n\n<p>Nowy salon W.Kruk wpisuje si\u0119 wi\u0119c w ten trend rozwoju i wzbogacenia oferty Askany o marki o wysokim presti\u017cu, kt\u00f3re przyci\u0105gaj\u0105 do galerii jeszcze wi\u0119ksz\u0105 liczb\u0119 klient\u00f3w. To tak\u017ce dow\u00f3d na to, \u017ce centrum handlowe nie tylko utrzymuje swoj\u0105 pozycj\u0119 na rynku lokalnym, ale dynamicznie si\u0119 rozwija, odpowiadaj\u0105c na potrzeby zar\u00f3wno mi\u0142o\u015bnik\u00f3w zakup\u00f3w, jak i tych, kt\u00f3rzy odwiedzaj\u0105 galeri\u0119 w poszukiwaniu inspiracji, spotka\u0144 czy wyj\u0105tkowych dozna\u0144 zakupowych.<\/p>\n\n\n\n<p>Otwarcie salonu W.Kruk w Galerii Askana to zatem wydarzenie, kt\u00f3re warto \u015bledzi\u0107 &#8211; nie tylko ze wzgl\u0119du na sam\u0105 mark\u0119 i jej ofert\u0119, ale te\u017c jako element szerszego trendu przemiany gorzowskiego centrum handlowego w jeszcze bardziej atrakcyjne miejsce na mapie zakupowej regionu. Galeria Askana, \u0142\u0105cz\u0105c tradycj\u0119 z nowoczesno\u015bci\u0105, coraz \u015bmielej kreuje przestrze\u0144, w kt\u00f3rej handel, gastronomia i rozrywka tworz\u0105 sp\u00f3jn\u0105 i inspiruj\u0105c\u0105 ca\u0142o\u015b\u0107 dla ka\u017cdego, kto tu przyjdzie.<\/p>\n","protected":false},"excerpt":{"rendered":"<p>Ju\u017c niebawem mi\u0142o\u015bnicy wyj\u0105tkowej bi\u017cuterii i eleganckich dodatk\u00f3w b\u0119d\u0105 mieli kolejny pow\u00f3d, by odwiedzi\u0107 Galeri\u0119 Askana. Na poziomie 0, tu\u017c przy g\u0142\u00f3wnym ci\u0105gu komunikacyjnych, powstaje nowy salon jednego z najbardziej presti\u017cowych polskich jubiler\u00f3w &#8211; W.Kruk. To kolejny krok w dynamicznym rozwoju oferty handlowej popularnej galerii w sercu Miasta. Otwarcie nowego salonu zaplanowano na najbli\u017csze tygodnie. [&hellip;]<\/p>\n","protected":false},"author":1,"featured_media":38019,"comment_status":"open","ping_status":"open","sticky":false,"template":"","format":"standard","meta":{"footnotes":"","_links_to":"","_links_to_target":""},"categories":[2009,1624,589],"tags":[96,3698],"class_list":{"0":"post-37999","1":"post","2":"type-post","3":"status-publish","4":"format-standard","5":"has-post-thumbnail","7":"category-centrum-srodmiescie","8":"category-inwestycje-handlowe","9":"category-wiadomosci","10":"tag-galeria-askana","11":"tag-w-kruk"},"yoast_head":"<!-- This site is optimized with the Yoast SEO plugin v27.3 - https:\/\/yoast.com\/product\/yoast-seo-wordpress\/ -->\n<title>Nowy salon W.Kruk ju\u017c wkr\u00f3tce otworzy si\u0119 w Galerii Askana! Wolna powierzchnia znika w szybkim tempie! - Gorz\u00f3w News<\/title>\n<meta name=\"robots\" content=\"index, follow, max-snippet:-1, max-image-preview:large, max-video-preview:-1\" \/>\n<link rel=\"canonical\" href=\"https:\/\/gorzow.news\/index.php\/2026\/01\/16\/nowy-salon-w-kruk-juz-wkrotce-otworzy-sie-w-galerii-askana-wolna-powierzchniaa-znika-w-szybkim-tempie\/\" \/>\n<meta property=\"og:locale\" content=\"pl_PL\" \/>\n<meta property=\"og:type\" content=\"article\" \/>\n<meta property=\"og:title\" content=\"Nowy salon W.Kruk ju\u017c wkr\u00f3tce otworzy si\u0119 w Galerii Askana! Wolna powierzchnia znika w szybkim tempie! - Gorz\u00f3w News\" \/>\n<meta property=\"og:description\" content=\"Ju\u017c niebawem mi\u0142o\u015bnicy wyj\u0105tkowej bi\u017cuterii i eleganckich dodatk\u00f3w b\u0119d\u0105 mieli kolejny pow\u00f3d, by odwiedzi\u0107 Galeri\u0119 Askana. Na poziomie 0, tu\" \/>\n<meta property=\"og:url\" content=\"https:\/\/gorzow.news\/index.php\/2026\/01\/16\/nowy-salon-w-kruk-juz-wkrotce-otworzy-sie-w-galerii-askana-wolna-powierzchniaa-znika-w-szybkim-tempie\/\" \/>\n<meta property=\"og:site_name\" content=\"Gorz\u00f3w News\" \/>\n<meta property=\"article:publisher\" content=\"https:\/\/www.facebook.com\/gorzowskinews\" \/>\n<meta property=\"article:published_time\" content=\"2026-01-16T13:24:17+00:00\" \/>\n<meta property=\"article:modified_time\" content=\"2026-01-16T13:54:27+00:00\" \/>\n<meta property=\"og:image\" content=\"https:\/\/gorzow.news\/wp-content\/uploads\/2026\/01\/wkruk-askana.jpg\" \/>\n\t<meta property=\"og:image:width\" content=\"968\" \/>\n\t<meta property=\"og:image:height\" content=\"825\" \/>\n\t<meta property=\"og:image:type\" content=\"image\/jpeg\" \/>\n<meta name=\"author\" content=\"maciej\" \/>\n<meta name=\"twitter:card\" content=\"summary_large_image\" \/>\n<meta name=\"twitter:label1\" content=\"Napisane przez\" \/>\n\t<meta name=\"twitter:data1\" content=\"maciej\" \/>\n\t<meta name=\"twitter:label2\" content=\"Szacowany czas czytania\" \/>\n\t<meta name=\"twitter:data2\" content=\"3 minuty\" \/>\n<script type=\"application\/ld+json\" class=\"yoast-schema-graph\">{\"@context\":\"https:\\\/\\\/schema.org\",\"@graph\":[{\"@type\":\"Article\",\"@id\":\"https:\\\/\\\/gorzow.news\\\/index.php\\\/2026\\\/01\\\/16\\\/nowy-salon-w-kruk-juz-wkrotce-otworzy-sie-w-galerii-askana-wolna-powierzchniaa-znika-w-szybkim-tempie\\\/#article\",\"isPartOf\":{\"@id\":\"https:\\\/\\\/gorzow.news\\\/index.php\\\/2026\\\/01\\\/16\\\/nowy-salon-w-kruk-juz-wkrotce-otworzy-sie-w-galerii-askana-wolna-powierzchniaa-znika-w-szybkim-tempie\\\/\"},\"author\":{\"name\":\"maciej\",\"@id\":\"https:\\\/\\\/gorzow.news\\\/#\\\/schema\\\/person\\\/a1e5ab43166369f2ce236a1cd90995bb\"},\"headline\":\"Nowy salon W.Kruk ju\u017c wkr\u00f3tce otworzy si\u0119 w Galerii Askana! Wolna powierzchnia znika w szybkim tempie!\",\"datePublished\":\"2026-01-16T13:24:17+00:00\",\"dateModified\":\"2026-01-16T13:54:27+00:00\",\"mainEntityOfPage\":{\"@id\":\"https:\\\/\\\/gorzow.news\\\/index.php\\\/2026\\\/01\\\/16\\\/nowy-salon-w-kruk-juz-wkrotce-otworzy-sie-w-galerii-askana-wolna-powierzchniaa-znika-w-szybkim-tempie\\\/\"},\"wordCount\":694,\"commentCount\":0,\"image\":{\"@id\":\"https:\\\/\\\/gorzow.news\\\/index.php\\\/2026\\\/01\\\/16\\\/nowy-salon-w-kruk-juz-wkrotce-otworzy-sie-w-galerii-askana-wolna-powierzchniaa-znika-w-szybkim-tempie\\\/#primaryimage\"},\"thumbnailUrl\":\"https:\\\/\\\/gorzow.news\\\/wp-content\\\/uploads\\\/2026\\\/01\\\/wkruk-askana.jpg\",\"keywords\":[\"Galeria Askana\",\"W.Kruk\"],\"articleSection\":[\"Centrum \\\/ \u015ar\u00f3dmie\u015bcie\",\"Inwestycje handlowe\",\"Wiadomo\u015bci\"],\"inLanguage\":\"pl-PL\",\"potentialAction\":[{\"@type\":\"CommentAction\",\"name\":\"Comment\",\"target\":[\"https:\\\/\\\/gorzow.news\\\/index.php\\\/2026\\\/01\\\/16\\\/nowy-salon-w-kruk-juz-wkrotce-otworzy-sie-w-galerii-askana-wolna-powierzchniaa-znika-w-szybkim-tempie\\\/#respond\"]}]},{\"@type\":\"WebPage\",\"@id\":\"https:\\\/\\\/gorzow.news\\\/index.php\\\/2026\\\/01\\\/16\\\/nowy-salon-w-kruk-juz-wkrotce-otworzy-sie-w-galerii-askana-wolna-powierzchniaa-znika-w-szybkim-tempie\\\/\",\"url\":\"https:\\\/\\\/gorzow.news\\\/index.php\\\/2026\\\/01\\\/16\\\/nowy-salon-w-kruk-juz-wkrotce-otworzy-sie-w-galerii-askana-wolna-powierzchniaa-znika-w-szybkim-tempie\\\/\",\"name\":\"Nowy salon W.Kruk ju\u017c wkr\u00f3tce otworzy si\u0119 w Galerii Askana! Wolna powierzchnia znika w szybkim tempie! - Gorz\u00f3w News\",\"isPartOf\":{\"@id\":\"https:\\\/\\\/gorzow.news\\\/#website\"},\"primaryImageOfPage\":{\"@id\":\"https:\\\/\\\/gorzow.news\\\/index.php\\\/2026\\\/01\\\/16\\\/nowy-salon-w-kruk-juz-wkrotce-otworzy-sie-w-galerii-askana-wolna-powierzchniaa-znika-w-szybkim-tempie\\\/#primaryimage\"},\"image\":{\"@id\":\"https:\\\/\\\/gorzow.news\\\/index.php\\\/2026\\\/01\\\/16\\\/nowy-salon-w-kruk-juz-wkrotce-otworzy-sie-w-galerii-askana-wolna-powierzchniaa-znika-w-szybkim-tempie\\\/#primaryimage\"},\"thumbnailUrl\":\"https:\\\/\\\/gorzow.news\\\/wp-content\\\/uploads\\\/2026\\\/01\\\/wkruk-askana.jpg\",\"datePublished\":\"2026-01-16T13:24:17+00:00\",\"dateModified\":\"2026-01-16T13:54:27+00:00\",\"author\":{\"@id\":\"https:\\\/\\\/gorzow.news\\\/#\\\/schema\\\/person\\\/a1e5ab43166369f2ce236a1cd90995bb\"},\"breadcrumb\":{\"@id\":\"https:\\\/\\\/gorzow.news\\\/index.php\\\/2026\\\/01\\\/16\\\/nowy-salon-w-kruk-juz-wkrotce-otworzy-sie-w-galerii-askana-wolna-powierzchniaa-znika-w-szybkim-tempie\\\/#breadcrumb\"},\"inLanguage\":\"pl-PL\",\"potentialAction\":[{\"@type\":\"ReadAction\",\"target\":[\"https:\\\/\\\/gorzow.news\\\/index.php\\\/2026\\\/01\\\/16\\\/nowy-salon-w-kruk-juz-wkrotce-otworzy-sie-w-galerii-askana-wolna-powierzchniaa-znika-w-szybkim-tempie\\\/\"]}]},{\"@type\":\"ImageObject\",\"inLanguage\":\"pl-PL\",\"@id\":\"https:\\\/\\\/gorzow.news\\\/index.php\\\/2026\\\/01\\\/16\\\/nowy-salon-w-kruk-juz-wkrotce-otworzy-sie-w-galerii-askana-wolna-powierzchniaa-znika-w-szybkim-tempie\\\/#primaryimage\",\"url\":\"https:\\\/\\\/gorzow.news\\\/wp-content\\\/uploads\\\/2026\\\/01\\\/wkruk-askana.jpg\",\"contentUrl\":\"https:\\\/\\\/gorzow.news\\\/wp-content\\\/uploads\\\/2026\\\/01\\\/wkruk-askana.jpg\",\"width\":968,\"height\":825,\"caption\":\"W Galerii Askana zostanie otwarty salon W.Kruk\"},{\"@type\":\"BreadcrumbList\",\"@id\":\"https:\\\/\\\/gorzow.news\\\/index.php\\\/2026\\\/01\\\/16\\\/nowy-salon-w-kruk-juz-wkrotce-otworzy-sie-w-galerii-askana-wolna-powierzchniaa-znika-w-szybkim-tempie\\\/#breadcrumb\",\"itemListElement\":[{\"@type\":\"ListItem\",\"position\":1,\"name\":\"Home\",\"item\":\"https:\\\/\\\/gorzow.news\\\/\"},{\"@type\":\"ListItem\",\"position\":2,\"name\":\"Nowy salon W.Kruk ju\u017c wkr\u00f3tce otworzy si\u0119 w Galerii Askana! Wolna powierzchnia znika w szybkim tempie!\"}]},{\"@type\":\"WebSite\",\"@id\":\"https:\\\/\\\/gorzow.news\\\/#website\",\"url\":\"https:\\\/\\\/gorzow.news\\\/\",\"name\":\"Gorz\u00f3w News\",\"description\":\"Sp\u00f3jrz inaczej na miato i region...\",\"potentialAction\":[{\"@type\":\"SearchAction\",\"target\":{\"@type\":\"EntryPoint\",\"urlTemplate\":\"https:\\\/\\\/gorzow.news\\\/?s={search_term_string}\"},\"query-input\":{\"@type\":\"PropertyValueSpecification\",\"valueRequired\":true,\"valueName\":\"search_term_string\"}}],\"inLanguage\":\"pl-PL\"},{\"@type\":\"Person\",\"@id\":\"https:\\\/\\\/gorzow.news\\\/#\\\/schema\\\/person\\\/a1e5ab43166369f2ce236a1cd90995bb\",\"name\":\"maciej\",\"image\":{\"@type\":\"ImageObject\",\"inLanguage\":\"pl-PL\",\"@id\":\"https:\\\/\\\/secure.gravatar.com\\\/avatar\\\/530a674d56ba60cfa0ef21d74e8e8d123a51bb7aa6580465b5c2ab2c2e980a19?s=96&r=g&d=https:\\\/\\\/gorzow.news\\\/wp-content\\\/plugins\\\/userswp\\\/assets\\\/images\\\/no_profile.png\",\"url\":\"https:\\\/\\\/secure.gravatar.com\\\/avatar\\\/530a674d56ba60cfa0ef21d74e8e8d123a51bb7aa6580465b5c2ab2c2e980a19?s=96&r=g&d=https:\\\/\\\/gorzow.news\\\/wp-content\\\/plugins\\\/userswp\\\/assets\\\/images\\\/no_profile.png\",\"contentUrl\":\"https:\\\/\\\/secure.gravatar.com\\\/avatar\\\/530a674d56ba60cfa0ef21d74e8e8d123a51bb7aa6580465b5c2ab2c2e980a19?s=96&r=g&d=https:\\\/\\\/gorzow.news\\\/wp-content\\\/plugins\\\/userswp\\\/assets\\\/images\\\/no_profile.png\",\"caption\":\"maciej\"},\"url\":\"https:\\\/\\\/gorzow.news\\\/index.php\\\/profile\\\/maciej\\\/\"}]}<\/script>\n<!-- \/ Yoast SEO plugin. -->","yoast_head_json":{"title":"Nowy salon W.Kruk ju\u017c wkr\u00f3tce otworzy si\u0119 w Galerii Askana! Wolna powierzchnia znika w szybkim tempie! - Gorz\u00f3w News","robots":{"index":"index","follow":"follow","max-snippet":"max-snippet:-1","max-image-preview":"max-image-preview:large","max-video-preview":"max-video-preview:-1"},"canonical":"https:\/\/gorzow.news\/index.php\/2026\/01\/16\/nowy-salon-w-kruk-juz-wkrotce-otworzy-sie-w-galerii-askana-wolna-powierzchniaa-znika-w-szybkim-tempie\/","og_locale":"pl_PL","og_type":"article","og_title":"Nowy salon W.Kruk ju\u017c wkr\u00f3tce otworzy si\u0119 w Galerii Askana! Wolna powierzchnia znika w szybkim tempie! - Gorz\u00f3w News","og_description":"Ju\u017c niebawem mi\u0142o\u015bnicy wyj\u0105tkowej bi\u017cuterii i eleganckich dodatk\u00f3w b\u0119d\u0105 mieli kolejny pow\u00f3d, by odwiedzi\u0107 Galeri\u0119 Askana. Na poziomie 0, tu","og_url":"https:\/\/gorzow.news\/index.php\/2026\/01\/16\/nowy-salon-w-kruk-juz-wkrotce-otworzy-sie-w-galerii-askana-wolna-powierzchniaa-znika-w-szybkim-tempie\/","og_site_name":"Gorz\u00f3w News","article_publisher":"https:\/\/www.facebook.com\/gorzowskinews","article_published_time":"2026-01-16T13:24:17+00:00","article_modified_time":"2026-01-16T13:54:27+00:00","og_image":[{"width":968,"height":825,"url":"https:\/\/gorzow.news\/wp-content\/uploads\/2026\/01\/wkruk-askana.jpg","type":"image\/jpeg"}],"author":"maciej","twitter_card":"summary_large_image","twitter_misc":{"Napisane przez":"maciej","Szacowany czas czytania":"3 minuty"},"schema":{"@context":"https:\/\/schema.org","@graph":[{"@type":"Article","@id":"https:\/\/gorzow.news\/index.php\/2026\/01\/16\/nowy-salon-w-kruk-juz-wkrotce-otworzy-sie-w-galerii-askana-wolna-powierzchniaa-znika-w-szybkim-tempie\/#article","isPartOf":{"@id":"https:\/\/gorzow.news\/index.php\/2026\/01\/16\/nowy-salon-w-kruk-juz-wkrotce-otworzy-sie-w-galerii-askana-wolna-powierzchniaa-znika-w-szybkim-tempie\/"},"author":{"name":"maciej","@id":"https:\/\/gorzow.news\/#\/schema\/person\/a1e5ab43166369f2ce236a1cd90995bb"},"headline":"Nowy salon W.Kruk ju\u017c wkr\u00f3tce otworzy si\u0119 w Galerii Askana! Wolna powierzchnia znika w szybkim tempie!","datePublished":"2026-01-16T13:24:17+00:00","dateModified":"2026-01-16T13:54:27+00:00","mainEntityOfPage":{"@id":"https:\/\/gorzow.news\/index.php\/2026\/01\/16\/nowy-salon-w-kruk-juz-wkrotce-otworzy-sie-w-galerii-askana-wolna-powierzchniaa-znika-w-szybkim-tempie\/"},"wordCount":694,"commentCount":0,"image":{"@id":"https:\/\/gorzow.news\/index.php\/2026\/01\/16\/nowy-salon-w-kruk-juz-wkrotce-otworzy-sie-w-galerii-askana-wolna-powierzchniaa-znika-w-szybkim-tempie\/#primaryimage"},"thumbnailUrl":"https:\/\/gorzow.news\/wp-content\/uploads\/2026\/01\/wkruk-askana.jpg","keywords":["Galeria Askana","W.Kruk"],"articleSection":["Centrum \/ \u015ar\u00f3dmie\u015bcie","Inwestycje handlowe","Wiadomo\u015bci"],"inLanguage":"pl-PL","potentialAction":[{"@type":"CommentAction","name":"Comment","target":["https:\/\/gorzow.news\/index.php\/2026\/01\/16\/nowy-salon-w-kruk-juz-wkrotce-otworzy-sie-w-galerii-askana-wolna-powierzchniaa-znika-w-szybkim-tempie\/#respond"]}]},{"@type":"WebPage","@id":"https:\/\/gorzow.news\/index.php\/2026\/01\/16\/nowy-salon-w-kruk-juz-wkrotce-otworzy-sie-w-galerii-askana-wolna-powierzchniaa-znika-w-szybkim-tempie\/","url":"https:\/\/gorzow.news\/index.php\/2026\/01\/16\/nowy-salon-w-kruk-juz-wkrotce-otworzy-sie-w-galerii-askana-wolna-powierzchniaa-znika-w-szybkim-tempie\/","name":"Nowy salon W.Kruk ju\u017c wkr\u00f3tce otworzy si\u0119 w Galerii Askana! Wolna powierzchnia znika w szybkim tempie! - Gorz\u00f3w News","isPartOf":{"@id":"https:\/\/gorzow.news\/#website"},"primaryImageOfPage":{"@id":"https:\/\/gorzow.news\/index.php\/2026\/01\/16\/nowy-salon-w-kruk-juz-wkrotce-otworzy-sie-w-galerii-askana-wolna-powierzchniaa-znika-w-szybkim-tempie\/#primaryimage"},"image":{"@id":"https:\/\/gorzow.news\/index.php\/2026\/01\/16\/nowy-salon-w-kruk-juz-wkrotce-otworzy-sie-w-galerii-askana-wolna-powierzchniaa-znika-w-szybkim-tempie\/#primaryimage"},"thumbnailUrl":"https:\/\/gorzow.news\/wp-content\/uploads\/2026\/01\/wkruk-askana.jpg","datePublished":"2026-01-16T13:24:17+00:00","dateModified":"2026-01-16T13:54:27+00:00","author":{"@id":"https:\/\/gorzow.news\/#\/schema\/person\/a1e5ab43166369f2ce236a1cd90995bb"},"breadcrumb":{"@id":"https:\/\/gorzow.news\/index.php\/2026\/01\/16\/nowy-salon-w-kruk-juz-wkrotce-otworzy-sie-w-galerii-askana-wolna-powierzchniaa-znika-w-szybkim-tempie\/#breadcrumb"},"inLanguage":"pl-PL","potentialAction":[{"@type":"ReadAction","target":["https:\/\/gorzow.news\/index.php\/2026\/01\/16\/nowy-salon-w-kruk-juz-wkrotce-otworzy-sie-w-galerii-askana-wolna-powierzchniaa-znika-w-szybkim-tempie\/"]}]},{"@type":"ImageObject","inLanguage":"pl-PL","@id":"https:\/\/gorzow.news\/index.php\/2026\/01\/16\/nowy-salon-w-kruk-juz-wkrotce-otworzy-sie-w-galerii-askana-wolna-powierzchniaa-znika-w-szybkim-tempie\/#primaryimage","url":"https:\/\/gorzow.news\/wp-content\/uploads\/2026\/01\/wkruk-askana.jpg","contentUrl":"https:\/\/gorzow.news\/wp-content\/uploads\/2026\/01\/wkruk-askana.jpg","width":968,"height":825,"caption":"W Galerii Askana zostanie otwarty salon W.Kruk"},{"@type":"BreadcrumbList","@id":"https:\/\/gorzow.news\/index.php\/2026\/01\/16\/nowy-salon-w-kruk-juz-wkrotce-otworzy-sie-w-galerii-askana-wolna-powierzchniaa-znika-w-szybkim-tempie\/#breadcrumb","itemListElement":[{"@type":"ListItem","position":1,"name":"Home","item":"https:\/\/gorzow.news\/"},{"@type":"ListItem","position":2,"name":"Nowy salon W.Kruk ju\u017c wkr\u00f3tce otworzy si\u0119 w Galerii Askana! Wolna powierzchnia znika w szybkim tempie!"}]},{"@type":"WebSite","@id":"https:\/\/gorzow.news\/#website","url":"https:\/\/gorzow.news\/","name":"Gorz\u00f3w News","description":"Sp\u00f3jrz inaczej na miato i region...","potentialAction":[{"@type":"SearchAction","target":{"@type":"EntryPoint","urlTemplate":"https:\/\/gorzow.news\/?s={search_term_string}"},"query-input":{"@type":"PropertyValueSpecification","valueRequired":true,"valueName":"search_term_string"}}],"inLanguage":"pl-PL"},{"@type":"Person","@id":"https:\/\/gorzow.news\/#\/schema\/person\/a1e5ab43166369f2ce236a1cd90995bb","name":"maciej","image":{"@type":"ImageObject","inLanguage":"pl-PL","@id":"https:\/\/secure.gravatar.com\/avatar\/530a674d56ba60cfa0ef21d74e8e8d123a51bb7aa6580465b5c2ab2c2e980a19?s=96&r=g&d=https:\/\/gorzow.news\/wp-content\/plugins\/userswp\/assets\/images\/no_profile.png","url":"https:\/\/secure.gravatar.com\/avatar\/530a674d56ba60cfa0ef21d74e8e8d123a51bb7aa6580465b5c2ab2c2e980a19?s=96&r=g&d=https:\/\/gorzow.news\/wp-content\/plugins\/userswp\/assets\/images\/no_profile.png","contentUrl":"https:\/\/secure.gravatar.com\/avatar\/530a674d56ba60cfa0ef21d74e8e8d123a51bb7aa6580465b5c2ab2c2e980a19?s=96&r=g&d=https:\/\/gorzow.news\/wp-content\/plugins\/userswp\/assets\/images\/no_profile.png","caption":"maciej"},"url":"https:\/\/gorzow.news\/index.php\/profile\/maciej\/"}]}},"_links":{"self":[{"href":"https:\/\/gorzow.news\/index.php\/wp-json\/wp\/v2\/posts\/37999","targetHints":{"allow":["GET"]}}],"collection":[{"href":"https:\/\/gorzow.news\/index.php\/wp-json\/wp\/v2\/posts"}],"about":[{"href":"https:\/\/gorzow.news\/index.php\/wp-json\/wp\/v2\/types\/post"}],"author":[{"embeddable":true,"href":"https:\/\/gorzow.news\/index.php\/wp-json\/wp\/v2\/users\/1"}],"replies":[{"embeddable":true,"href":"https:\/\/gorzow.news\/index.php\/wp-json\/wp\/v2\/comments?post=37999"}],"version-history":[{"count":2,"href":"https:\/\/gorzow.news\/index.php\/wp-json\/wp\/v2\/posts\/37999\/revisions"}],"predecessor-version":[{"id":38021,"href":"https:\/\/gorzow.news\/index.php\/wp-json\/wp\/v2\/posts\/37999\/revisions\/38021"}],"wp:featuredmedia":[{"embeddable":true,"href":"https:\/\/gorzow.news\/index.php\/wp-json\/wp\/v2\/media\/38019"}],"wp:attachment":[{"href":"https:\/\/gorzow.news\/index.php\/wp-json\/wp\/v2\/media?parent=37999"}],"wp:term":[{"taxonomy":"category","embeddable":true,"href":"https:\/\/gorzow.news\/index.php\/wp-json\/wp\/v2\/categories?post=37999"},{"taxonomy":"post_tag","embeddable":true,"href":"https:\/\/gorzow.news\/index.php\/wp-json\/wp\/v2\/tags?post=37999"}],"curies":[{"name":"wp","href":"https:\/\/api.w.org\/{rel}","templated":true}]}}