{"id":37885,"date":"2026-01-11T18:14:00","date_gmt":"2026-01-11T17:14:00","guid":{"rendered":"https:\/\/gorzow.news\/?p=37885"},"modified":"2026-01-14T17:12:08","modified_gmt":"2026-01-14T16:12:08","slug":"zmiany-na-szczycie-stilonu-gorzow-nowy-prezes-i-nowy-zarzad-w-pilkarskim-klubie","status":"publish","type":"post","link":"https:\/\/gorzow.news\/index.php\/2026\/01\/11\/zmiany-na-szczycie-stilonu-gorzow-nowy-prezes-i-nowy-zarzad-w-pilkarskim-klubie\/","title":{"rendered":"Zmiany na szczycie Stilonu Gorz\u00f3w &#8211; nowy prezes i nowy zarz\u0105d w pi\u0142karskim klubie"},"content":{"rendered":"\n<p><strong>W pi\u0142karskim Stilonie Gorz\u00f3w dosz\u0142o w\u0142a\u015bnie do wa\u017cnych zmian personalnych na najwy\u017cszych stanowiskach. Po rezygnacji dotychczasowego prezesa klub wybra\u0142 nowego lidera i wprowadzi\u0142 od\u015bwie\u017cony zarz\u0105d, kt\u00f3ry ma poprowadzi\u0107 klub w kolejnym etapie dzia\u0142alno\u015bci.<\/strong><\/p>\n\n\n\n<p><strong>Rezygnacja prezesa Piotra Ksi\u0105\u017cka<\/strong><\/p>\n\n\n\n<p>Podczas niedawnego walnego zebrania cz\u0142onk\u00f3w ZKS Stilon Gorz\u00f3w, jego dotychczasowy prezes Piotr Ksi\u0105\u017cek z\u0142o\u017cy\u0142 rezygnacj\u0119 z pe\u0142nienia funkcji. Jak sam wyja\u015bni\u0142, powodem odej\u015bcia by\u0142y trudno\u015bci z pogodzeniem obowi\u0105zk\u00f3w prezesa z prac\u0105 zawodow\u0105, po niespe\u0142na 1,5 roku kierowania klubem.<\/p>\n\n\n\n<p><strong>Nowy prezes &#8211; lokalny przedsi\u0119biorca zwi\u0105za\u00adny z klubem<\/strong><\/p>\n\n\n\n<p>Na nowego prezesa Stilonu wybrano <strong>Mariusza Kaczorka<\/strong>, gorzowskiego przedsi\u0119biorc\u0119 i w\u0142a\u015bciciela firmy deweloperskiej. Kaczorek jest mocno zwi\u0105zany z klubem &#8211; wcze\u015bniej gra\u0142 w jego barwach, a tak\u017ce kibicowa\u0142 Stilonowi.<\/p>\n\n\n\n<p>W wyborach Kaczorek mia\u0142 kontrkandydata, r\u00f3wnie\u017c lokalnego przedsi\u0119biorc\u0119, lecz uzyska\u0142 on poparcie jedynie niewielkiej cz\u0119\u015bci z ponad 30 cz\u0142onk\u00f3w stowarzyszenia.<\/p>\n\n\n\n<p><strong>Od\u015bwie\u017cony zarz\u0105d i pierwsza kobieta w jego historii<\/strong><\/p>\n\n\n\n<p>Nowy zarz\u0105d Stilonu zosta\u0142 powi\u0119kszony do 7 os\u00f3b i sk\u0142ada si\u0119 z mieszanki by\u0142ych pi\u0142karzy, przedsi\u0119biorc\u00f3w oraz d\u0142ugoletnich dzia\u0142aczy klubu:<\/p>\n\n\n\n<p><strong>Mariusz Kaczorek<\/strong> &#8211; prezes,<br><strong>Piotr Ksi\u0105\u017cek<\/strong> &#8211; cz\u0142onek zarz\u0105du,<br><strong>Artur Andruszczak<\/strong> &#8211; by\u0142y pi\u0142karz,<br><strong>Rafa\u0142 \u015awitaj<\/strong> &#8211; by\u0142y pi\u0142karz,<br><strong>Marek Wro\u0144ski<\/strong> &#8211; przedsi\u0119biorca z bran\u017cy drewna,<br><strong>Marcin Czechowski<\/strong> &#8211; zwi\u0105zany z klubem od lat,<br><strong>Karolina Lasota<\/strong> &#8211; po raz pierwszy kobieta w zarz\u0105dzie Stilonu, odpowiedzialna za marketing, znana z dzia\u0142alno\u015bci w stowarzyszeniu Zdrowo i na Sportowo.<\/p>\n\n\n\n<p>To istotny krok w historii klubu &#8211; obecno\u015b\u0107 kobiety w zarz\u0105dzie to nowo\u015b\u0107, kt\u00f3ra mo\u017ce wprowadzi\u0107 \u015bwie\u017ce spojrzenie na promocj\u0119 i wizerunek Stilonu.<\/p>\n\n\n\n<p><strong>Przekszta\u0142cenia w komisji rewizyjnej<\/strong><\/p>\n\n\n\n<p>Dotychczasowi cz\u0142onkowie klubu &#8211; <strong>Mariusz S\u0142omi\u0144ski<\/strong>, <strong>Artur Cegielski<\/strong> i <strong>Adam Szadaj<\/strong> &#8211; zostali przeniesieni do komisji rewizyjnej, kt\u00f3rej sk\u0142ad uzupe\u0142ni\u0142 Krzysztof Pop\u0142awski.<\/p>\n\n\n\n<p><strong>Kilka s\u0142\u00f3w od nowego prezesa<\/strong><\/p>\n\n\n\n<p>&#8211; Stilon to jest tradycja, Stilon to klub z wielk\u0105 tradycj\u0105. Podj\u0105\u0142em si\u0119 tego wyzwania, bo jestem by\u0142ym pi\u0142karzem tego klubu. Mam d\u0142ugofalow\u0105 wizj\u0119 tego klubu, kt\u00f3r\u0105 chcia\u0142bym, aby\u015bmy wdra\u017cali razem z by\u0142ymi pi\u0142karzami, z lud\u017ami zakorzenionymi w klubie. Chcia\u0142bym zmieni\u0107 postrzeganie klubu w \u015brodowisku. Odbudowa\u0107 rodzin\u0119 sponsor\u00f3w, zdoby\u0107 nowe zaufanie. Chcemy mi\u0119dzy innymi rozbudowa\u0107 akademi\u0119. Mamy z zarz\u0105dem wiele cel\u00f3w, kt\u00f3re chcemy zrealizowa\u0107 &#8211; m\u00f3wi\u0142 do\u015b\u0107 og\u00f3lnie podczas konferencji prasowej nowy prezes Stilonu Mariusz Kaczorek.<\/p>\n","protected":false},"excerpt":{"rendered":"<p>W pi\u0142karskim Stilonie Gorz\u00f3w dosz\u0142o w\u0142a\u015bnie do wa\u017cnych zmian personalnych na najwy\u017cszych stanowiskach. Po rezygnacji dotychczasowego prezesa klub wybra\u0142 nowego lidera i wprowadzi\u0142 od\u015bwie\u017cony zarz\u0105d, kt\u00f3ry ma poprowadzi\u0107 klub w kolejnym etapie dzia\u0142alno\u015bci. Rezygnacja prezesa Piotra Ksi\u0105\u017cka Podczas niedawnego walnego zebrania cz\u0142onk\u00f3w ZKS Stilon Gorz\u00f3w, jego dotychczasowy prezes Piotr Ksi\u0105\u017cek z\u0142o\u017cy\u0142 rezygnacj\u0119 z pe\u0142nienia funkcji. [&hellip;]<\/p>\n","protected":false},"author":1,"featured_media":37886,"comment_status":"open","ping_status":"open","sticky":false,"template":"","format":"standard","meta":{"footnotes":"","_links_to":"","_links_to_target":""},"categories":[3065],"tags":[1553],"class_list":{"0":"post-37885","1":"post","2":"type-post","3":"status-publish","4":"format-standard","5":"has-post-thumbnail","7":"category-pilka-nozna","8":"tag-stilon-gorzow"},"yoast_head":"<!-- This site is optimized with the Yoast SEO plugin v27.3 - https:\/\/yoast.com\/product\/yoast-seo-wordpress\/ -->\n<title>Zmiany na szczycie Stilonu Gorz\u00f3w - nowy prezes i nowy zarz\u0105d w pi\u0142karskim klubie - Gorz\u00f3w News<\/title>\n<meta name=\"description\" content=\"W pi\u0142karskim Stilonie Gorz\u00f3w dosz\u0142o w\u0142a\u015bnie do wa\u017cnych zmian personalnych na najwy\u017cszych stanowiskach. Po rezygnacji dotychczasowego prezesa kl\" \/>\n<meta name=\"robots\" content=\"index, follow, max-snippet:-1, max-image-preview:large, max-video-preview:-1\" \/>\n<link rel=\"canonical\" href=\"https:\/\/gorzow.news\/index.php\/2026\/01\/11\/zmiany-na-szczycie-stilonu-gorzow-nowy-prezes-i-nowy-zarzad-w-pilkarskim-klubie\/\" \/>\n<meta property=\"og:locale\" content=\"pl_PL\" \/>\n<meta property=\"og:type\" content=\"article\" \/>\n<meta property=\"og:title\" content=\"Zmiany na szczycie Stilonu Gorz\u00f3w - nowy prezes i nowy zarz\u0105d w pi\u0142karskim klubie - Gorz\u00f3w News\" \/>\n<meta property=\"og:description\" content=\"W pi\u0142karskim Stilonie Gorz\u00f3w dosz\u0142o w\u0142a\u015bnie do wa\u017cnych zmian personalnych na najwy\u017cszych stanowiskach. Po rezygnacji dotychczasowego prezesa kl\" \/>\n<meta property=\"og:url\" content=\"https:\/\/gorzow.news\/index.php\/2026\/01\/11\/zmiany-na-szczycie-stilonu-gorzow-nowy-prezes-i-nowy-zarzad-w-pilkarskim-klubie\/\" \/>\n<meta property=\"og:site_name\" content=\"Gorz\u00f3w News\" \/>\n<meta property=\"article:publisher\" content=\"https:\/\/www.facebook.com\/gorzowskinews\" \/>\n<meta property=\"article:published_time\" content=\"2026-01-11T17:14:00+00:00\" \/>\n<meta property=\"article:modified_time\" content=\"2026-01-14T16:12:08+00:00\" \/>\n<meta property=\"og:image\" content=\"https:\/\/gorzow.news\/wp-content\/uploads\/2026\/01\/612227698_1351322193691584_5923454361249291271_n.jpg\" \/>\n\t<meta property=\"og:image:width\" content=\"1536\" \/>\n\t<meta property=\"og:image:height\" content=\"726\" \/>\n\t<meta property=\"og:image:type\" content=\"image\/jpeg\" \/>\n<meta name=\"author\" content=\"maciej\" \/>\n<meta name=\"twitter:card\" content=\"summary_large_image\" \/>\n<meta name=\"twitter:label1\" content=\"Napisane przez\" \/>\n\t<meta name=\"twitter:data1\" content=\"maciej\" \/>\n\t<meta name=\"twitter:label2\" content=\"Szacowany czas czytania\" \/>\n\t<meta name=\"twitter:data2\" content=\"3 minuty\" \/>\n<script type=\"application\/ld+json\" class=\"yoast-schema-graph\">{\"@context\":\"https:\\\/\\\/schema.org\",\"@graph\":[{\"@type\":\"Article\",\"@id\":\"https:\\\/\\\/gorzow.news\\\/index.php\\\/2026\\\/01\\\/11\\\/zmiany-na-szczycie-stilonu-gorzow-nowy-prezes-i-nowy-zarzad-w-pilkarskim-klubie\\\/#article\",\"isPartOf\":{\"@id\":\"https:\\\/\\\/gorzow.news\\\/index.php\\\/2026\\\/01\\\/11\\\/zmiany-na-szczycie-stilonu-gorzow-nowy-prezes-i-nowy-zarzad-w-pilkarskim-klubie\\\/\"},\"author\":{\"name\":\"maciej\",\"@id\":\"https:\\\/\\\/gorzow.news\\\/#\\\/schema\\\/person\\\/a1e5ab43166369f2ce236a1cd90995bb\"},\"headline\":\"Zmiany na szczycie Stilonu Gorz\u00f3w &#8211; nowy prezes i nowy zarz\u0105d w pi\u0142karskim klubie\",\"datePublished\":\"2026-01-11T17:14:00+00:00\",\"dateModified\":\"2026-01-14T16:12:08+00:00\",\"mainEntityOfPage\":{\"@id\":\"https:\\\/\\\/gorzow.news\\\/index.php\\\/2026\\\/01\\\/11\\\/zmiany-na-szczycie-stilonu-gorzow-nowy-prezes-i-nowy-zarzad-w-pilkarskim-klubie\\\/\"},\"wordCount\":461,\"commentCount\":0,\"image\":{\"@id\":\"https:\\\/\\\/gorzow.news\\\/index.php\\\/2026\\\/01\\\/11\\\/zmiany-na-szczycie-stilonu-gorzow-nowy-prezes-i-nowy-zarzad-w-pilkarskim-klubie\\\/#primaryimage\"},\"thumbnailUrl\":\"https:\\\/\\\/gorzow.news\\\/wp-content\\\/uploads\\\/2026\\\/01\\\/612227698_1351322193691584_5923454361249291271_n.jpg\",\"keywords\":[\"Stilon Gorz\u00f3w\"],\"articleSection\":[\"Pi\u0142ka no\u017cna\"],\"inLanguage\":\"pl-PL\",\"potentialAction\":[{\"@type\":\"CommentAction\",\"name\":\"Comment\",\"target\":[\"https:\\\/\\\/gorzow.news\\\/index.php\\\/2026\\\/01\\\/11\\\/zmiany-na-szczycie-stilonu-gorzow-nowy-prezes-i-nowy-zarzad-w-pilkarskim-klubie\\\/#respond\"]}]},{\"@type\":\"WebPage\",\"@id\":\"https:\\\/\\\/gorzow.news\\\/index.php\\\/2026\\\/01\\\/11\\\/zmiany-na-szczycie-stilonu-gorzow-nowy-prezes-i-nowy-zarzad-w-pilkarskim-klubie\\\/\",\"url\":\"https:\\\/\\\/gorzow.news\\\/index.php\\\/2026\\\/01\\\/11\\\/zmiany-na-szczycie-stilonu-gorzow-nowy-prezes-i-nowy-zarzad-w-pilkarskim-klubie\\\/\",\"name\":\"Zmiany na szczycie Stilonu Gorz\u00f3w - nowy prezes i nowy zarz\u0105d w pi\u0142karskim klubie - Gorz\u00f3w News\",\"isPartOf\":{\"@id\":\"https:\\\/\\\/gorzow.news\\\/#website\"},\"primaryImageOfPage\":{\"@id\":\"https:\\\/\\\/gorzow.news\\\/index.php\\\/2026\\\/01\\\/11\\\/zmiany-na-szczycie-stilonu-gorzow-nowy-prezes-i-nowy-zarzad-w-pilkarskim-klubie\\\/#primaryimage\"},\"image\":{\"@id\":\"https:\\\/\\\/gorzow.news\\\/index.php\\\/2026\\\/01\\\/11\\\/zmiany-na-szczycie-stilonu-gorzow-nowy-prezes-i-nowy-zarzad-w-pilkarskim-klubie\\\/#primaryimage\"},\"thumbnailUrl\":\"https:\\\/\\\/gorzow.news\\\/wp-content\\\/uploads\\\/2026\\\/01\\\/612227698_1351322193691584_5923454361249291271_n.jpg\",\"datePublished\":\"2026-01-11T17:14:00+00:00\",\"dateModified\":\"2026-01-14T16:12:08+00:00\",\"author\":{\"@id\":\"https:\\\/\\\/gorzow.news\\\/#\\\/schema\\\/person\\\/a1e5ab43166369f2ce236a1cd90995bb\"},\"description\":\"W pi\u0142karskim Stilonie Gorz\u00f3w dosz\u0142o w\u0142a\u015bnie do wa\u017cnych zmian personalnych na najwy\u017cszych stanowiskach. Po rezygnacji dotychczasowego prezesa klub wybra\u0142 nowego lidera i wprowadzi\u0142 od\u015bwie\u017cony zarz\u0105d, kt\u00f3ry ma poprowadzi\u0107 klub w kolejnym etapie dzia\u0142alno\u015bci.\",\"breadcrumb\":{\"@id\":\"https:\\\/\\\/gorzow.news\\\/index.php\\\/2026\\\/01\\\/11\\\/zmiany-na-szczycie-stilonu-gorzow-nowy-prezes-i-nowy-zarzad-w-pilkarskim-klubie\\\/#breadcrumb\"},\"inLanguage\":\"pl-PL\",\"potentialAction\":[{\"@type\":\"ReadAction\",\"target\":[\"https:\\\/\\\/gorzow.news\\\/index.php\\\/2026\\\/01\\\/11\\\/zmiany-na-szczycie-stilonu-gorzow-nowy-prezes-i-nowy-zarzad-w-pilkarskim-klubie\\\/\"]}]},{\"@type\":\"ImageObject\",\"inLanguage\":\"pl-PL\",\"@id\":\"https:\\\/\\\/gorzow.news\\\/index.php\\\/2026\\\/01\\\/11\\\/zmiany-na-szczycie-stilonu-gorzow-nowy-prezes-i-nowy-zarzad-w-pilkarskim-klubie\\\/#primaryimage\",\"url\":\"https:\\\/\\\/gorzow.news\\\/wp-content\\\/uploads\\\/2026\\\/01\\\/612227698_1351322193691584_5923454361249291271_n.jpg\",\"contentUrl\":\"https:\\\/\\\/gorzow.news\\\/wp-content\\\/uploads\\\/2026\\\/01\\\/612227698_1351322193691584_5923454361249291271_n.jpg\",\"width\":1536,\"height\":726,\"caption\":\"Nowe w\u0142adze w Stilonie Gorz\u00f3w.\"},{\"@type\":\"BreadcrumbList\",\"@id\":\"https:\\\/\\\/gorzow.news\\\/index.php\\\/2026\\\/01\\\/11\\\/zmiany-na-szczycie-stilonu-gorzow-nowy-prezes-i-nowy-zarzad-w-pilkarskim-klubie\\\/#breadcrumb\",\"itemListElement\":[{\"@type\":\"ListItem\",\"position\":1,\"name\":\"Home\",\"item\":\"https:\\\/\\\/gorzow.news\\\/\"},{\"@type\":\"ListItem\",\"position\":2,\"name\":\"Zmiany na szczycie Stilonu Gorz\u00f3w &#8211; nowy prezes i nowy zarz\u0105d w pi\u0142karskim klubie\"}]},{\"@type\":\"WebSite\",\"@id\":\"https:\\\/\\\/gorzow.news\\\/#website\",\"url\":\"https:\\\/\\\/gorzow.news\\\/\",\"name\":\"Gorz\u00f3w News\",\"description\":\"Sp\u00f3jrz inaczej na miato i region...\",\"potentialAction\":[{\"@type\":\"SearchAction\",\"target\":{\"@type\":\"EntryPoint\",\"urlTemplate\":\"https:\\\/\\\/gorzow.news\\\/?s={search_term_string}\"},\"query-input\":{\"@type\":\"PropertyValueSpecification\",\"valueRequired\":true,\"valueName\":\"search_term_string\"}}],\"inLanguage\":\"pl-PL\"},{\"@type\":\"Person\",\"@id\":\"https:\\\/\\\/gorzow.news\\\/#\\\/schema\\\/person\\\/a1e5ab43166369f2ce236a1cd90995bb\",\"name\":\"maciej\",\"image\":{\"@type\":\"ImageObject\",\"inLanguage\":\"pl-PL\",\"@id\":\"https:\\\/\\\/secure.gravatar.com\\\/avatar\\\/530a674d56ba60cfa0ef21d74e8e8d123a51bb7aa6580465b5c2ab2c2e980a19?s=96&r=g&d=https:\\\/\\\/gorzow.news\\\/wp-content\\\/plugins\\\/userswp\\\/assets\\\/images\\\/no_profile.png\",\"url\":\"https:\\\/\\\/secure.gravatar.com\\\/avatar\\\/530a674d56ba60cfa0ef21d74e8e8d123a51bb7aa6580465b5c2ab2c2e980a19?s=96&r=g&d=https:\\\/\\\/gorzow.news\\\/wp-content\\\/plugins\\\/userswp\\\/assets\\\/images\\\/no_profile.png\",\"contentUrl\":\"https:\\\/\\\/secure.gravatar.com\\\/avatar\\\/530a674d56ba60cfa0ef21d74e8e8d123a51bb7aa6580465b5c2ab2c2e980a19?s=96&r=g&d=https:\\\/\\\/gorzow.news\\\/wp-content\\\/plugins\\\/userswp\\\/assets\\\/images\\\/no_profile.png\",\"caption\":\"maciej\"},\"url\":\"https:\\\/\\\/gorzow.news\\\/index.php\\\/profile\\\/maciej\\\/\"}]}<\/script>\n<!-- \/ Yoast SEO plugin. -->","yoast_head_json":{"title":"Zmiany na szczycie Stilonu Gorz\u00f3w - nowy prezes i nowy zarz\u0105d w pi\u0142karskim klubie - Gorz\u00f3w News","description":"W pi\u0142karskim Stilonie Gorz\u00f3w dosz\u0142o w\u0142a\u015bnie do wa\u017cnych zmian personalnych na najwy\u017cszych stanowiskach. Po rezygnacji dotychczasowego prezesa kl","robots":{"index":"index","follow":"follow","max-snippet":"max-snippet:-1","max-image-preview":"max-image-preview:large","max-video-preview":"max-video-preview:-1"},"canonical":"https:\/\/gorzow.news\/index.php\/2026\/01\/11\/zmiany-na-szczycie-stilonu-gorzow-nowy-prezes-i-nowy-zarzad-w-pilkarskim-klubie\/","og_locale":"pl_PL","og_type":"article","og_title":"Zmiany na szczycie Stilonu Gorz\u00f3w - nowy prezes i nowy zarz\u0105d w pi\u0142karskim klubie - Gorz\u00f3w News","og_description":"W pi\u0142karskim Stilonie Gorz\u00f3w dosz\u0142o w\u0142a\u015bnie do wa\u017cnych zmian personalnych na najwy\u017cszych stanowiskach. Po rezygnacji dotychczasowego prezesa kl","og_url":"https:\/\/gorzow.news\/index.php\/2026\/01\/11\/zmiany-na-szczycie-stilonu-gorzow-nowy-prezes-i-nowy-zarzad-w-pilkarskim-klubie\/","og_site_name":"Gorz\u00f3w News","article_publisher":"https:\/\/www.facebook.com\/gorzowskinews","article_published_time":"2026-01-11T17:14:00+00:00","article_modified_time":"2026-01-14T16:12:08+00:00","og_image":[{"width":1536,"height":726,"url":"https:\/\/gorzow.news\/wp-content\/uploads\/2026\/01\/612227698_1351322193691584_5923454361249291271_n.jpg","type":"image\/jpeg"}],"author":"maciej","twitter_card":"summary_large_image","twitter_misc":{"Napisane przez":"maciej","Szacowany czas czytania":"3 minuty"},"schema":{"@context":"https:\/\/schema.org","@graph":[{"@type":"Article","@id":"https:\/\/gorzow.news\/index.php\/2026\/01\/11\/zmiany-na-szczycie-stilonu-gorzow-nowy-prezes-i-nowy-zarzad-w-pilkarskim-klubie\/#article","isPartOf":{"@id":"https:\/\/gorzow.news\/index.php\/2026\/01\/11\/zmiany-na-szczycie-stilonu-gorzow-nowy-prezes-i-nowy-zarzad-w-pilkarskim-klubie\/"},"author":{"name":"maciej","@id":"https:\/\/gorzow.news\/#\/schema\/person\/a1e5ab43166369f2ce236a1cd90995bb"},"headline":"Zmiany na szczycie Stilonu Gorz\u00f3w &#8211; nowy prezes i nowy zarz\u0105d w pi\u0142karskim klubie","datePublished":"2026-01-11T17:14:00+00:00","dateModified":"2026-01-14T16:12:08+00:00","mainEntityOfPage":{"@id":"https:\/\/gorzow.news\/index.php\/2026\/01\/11\/zmiany-na-szczycie-stilonu-gorzow-nowy-prezes-i-nowy-zarzad-w-pilkarskim-klubie\/"},"wordCount":461,"commentCount":0,"image":{"@id":"https:\/\/gorzow.news\/index.php\/2026\/01\/11\/zmiany-na-szczycie-stilonu-gorzow-nowy-prezes-i-nowy-zarzad-w-pilkarskim-klubie\/#primaryimage"},"thumbnailUrl":"https:\/\/gorzow.news\/wp-content\/uploads\/2026\/01\/612227698_1351322193691584_5923454361249291271_n.jpg","keywords":["Stilon Gorz\u00f3w"],"articleSection":["Pi\u0142ka no\u017cna"],"inLanguage":"pl-PL","potentialAction":[{"@type":"CommentAction","name":"Comment","target":["https:\/\/gorzow.news\/index.php\/2026\/01\/11\/zmiany-na-szczycie-stilonu-gorzow-nowy-prezes-i-nowy-zarzad-w-pilkarskim-klubie\/#respond"]}]},{"@type":"WebPage","@id":"https:\/\/gorzow.news\/index.php\/2026\/01\/11\/zmiany-na-szczycie-stilonu-gorzow-nowy-prezes-i-nowy-zarzad-w-pilkarskim-klubie\/","url":"https:\/\/gorzow.news\/index.php\/2026\/01\/11\/zmiany-na-szczycie-stilonu-gorzow-nowy-prezes-i-nowy-zarzad-w-pilkarskim-klubie\/","name":"Zmiany na szczycie Stilonu Gorz\u00f3w - nowy prezes i nowy zarz\u0105d w pi\u0142karskim klubie - Gorz\u00f3w News","isPartOf":{"@id":"https:\/\/gorzow.news\/#website"},"primaryImageOfPage":{"@id":"https:\/\/gorzow.news\/index.php\/2026\/01\/11\/zmiany-na-szczycie-stilonu-gorzow-nowy-prezes-i-nowy-zarzad-w-pilkarskim-klubie\/#primaryimage"},"image":{"@id":"https:\/\/gorzow.news\/index.php\/2026\/01\/11\/zmiany-na-szczycie-stilonu-gorzow-nowy-prezes-i-nowy-zarzad-w-pilkarskim-klubie\/#primaryimage"},"thumbnailUrl":"https:\/\/gorzow.news\/wp-content\/uploads\/2026\/01\/612227698_1351322193691584_5923454361249291271_n.jpg","datePublished":"2026-01-11T17:14:00+00:00","dateModified":"2026-01-14T16:12:08+00:00","author":{"@id":"https:\/\/gorzow.news\/#\/schema\/person\/a1e5ab43166369f2ce236a1cd90995bb"},"description":"W pi\u0142karskim Stilonie Gorz\u00f3w dosz\u0142o w\u0142a\u015bnie do wa\u017cnych zmian personalnych na najwy\u017cszych stanowiskach. Po rezygnacji dotychczasowego prezesa klub wybra\u0142 nowego lidera i wprowadzi\u0142 od\u015bwie\u017cony zarz\u0105d, kt\u00f3ry ma poprowadzi\u0107 klub w kolejnym etapie dzia\u0142alno\u015bci.","breadcrumb":{"@id":"https:\/\/gorzow.news\/index.php\/2026\/01\/11\/zmiany-na-szczycie-stilonu-gorzow-nowy-prezes-i-nowy-zarzad-w-pilkarskim-klubie\/#breadcrumb"},"inLanguage":"pl-PL","potentialAction":[{"@type":"ReadAction","target":["https:\/\/gorzow.news\/index.php\/2026\/01\/11\/zmiany-na-szczycie-stilonu-gorzow-nowy-prezes-i-nowy-zarzad-w-pilkarskim-klubie\/"]}]},{"@type":"ImageObject","inLanguage":"pl-PL","@id":"https:\/\/gorzow.news\/index.php\/2026\/01\/11\/zmiany-na-szczycie-stilonu-gorzow-nowy-prezes-i-nowy-zarzad-w-pilkarskim-klubie\/#primaryimage","url":"https:\/\/gorzow.news\/wp-content\/uploads\/2026\/01\/612227698_1351322193691584_5923454361249291271_n.jpg","contentUrl":"https:\/\/gorzow.news\/wp-content\/uploads\/2026\/01\/612227698_1351322193691584_5923454361249291271_n.jpg","width":1536,"height":726,"caption":"Nowe w\u0142adze w Stilonie Gorz\u00f3w."},{"@type":"BreadcrumbList","@id":"https:\/\/gorzow.news\/index.php\/2026\/01\/11\/zmiany-na-szczycie-stilonu-gorzow-nowy-prezes-i-nowy-zarzad-w-pilkarskim-klubie\/#breadcrumb","itemListElement":[{"@type":"ListItem","position":1,"name":"Home","item":"https:\/\/gorzow.news\/"},{"@type":"ListItem","position":2,"name":"Zmiany na szczycie Stilonu Gorz\u00f3w &#8211; nowy prezes i nowy zarz\u0105d w pi\u0142karskim klubie"}]},{"@type":"WebSite","@id":"https:\/\/gorzow.news\/#website","url":"https:\/\/gorzow.news\/","name":"Gorz\u00f3w News","description":"Sp\u00f3jrz inaczej na miato i region...","potentialAction":[{"@type":"SearchAction","target":{"@type":"EntryPoint","urlTemplate":"https:\/\/gorzow.news\/?s={search_term_string}"},"query-input":{"@type":"PropertyValueSpecification","valueRequired":true,"valueName":"search_term_string"}}],"inLanguage":"pl-PL"},{"@type":"Person","@id":"https:\/\/gorzow.news\/#\/schema\/person\/a1e5ab43166369f2ce236a1cd90995bb","name":"maciej","image":{"@type":"ImageObject","inLanguage":"pl-PL","@id":"https:\/\/secure.gravatar.com\/avatar\/530a674d56ba60cfa0ef21d74e8e8d123a51bb7aa6580465b5c2ab2c2e980a19?s=96&r=g&d=https:\/\/gorzow.news\/wp-content\/plugins\/userswp\/assets\/images\/no_profile.png","url":"https:\/\/secure.gravatar.com\/avatar\/530a674d56ba60cfa0ef21d74e8e8d123a51bb7aa6580465b5c2ab2c2e980a19?s=96&r=g&d=https:\/\/gorzow.news\/wp-content\/plugins\/userswp\/assets\/images\/no_profile.png","contentUrl":"https:\/\/secure.gravatar.com\/avatar\/530a674d56ba60cfa0ef21d74e8e8d123a51bb7aa6580465b5c2ab2c2e980a19?s=96&r=g&d=https:\/\/gorzow.news\/wp-content\/plugins\/userswp\/assets\/images\/no_profile.png","caption":"maciej"},"url":"https:\/\/gorzow.news\/index.php\/profile\/maciej\/"}]}},"_links":{"self":[{"href":"https:\/\/gorzow.news\/index.php\/wp-json\/wp\/v2\/posts\/37885","targetHints":{"allow":["GET"]}}],"collection":[{"href":"https:\/\/gorzow.news\/index.php\/wp-json\/wp\/v2\/posts"}],"about":[{"href":"https:\/\/gorzow.news\/index.php\/wp-json\/wp\/v2\/types\/post"}],"author":[{"embeddable":true,"href":"https:\/\/gorzow.news\/index.php\/wp-json\/wp\/v2\/users\/1"}],"replies":[{"embeddable":true,"href":"https:\/\/gorzow.news\/index.php\/wp-json\/wp\/v2\/comments?post=37885"}],"version-history":[{"count":2,"href":"https:\/\/gorzow.news\/index.php\/wp-json\/wp\/v2\/posts\/37885\/revisions"}],"predecessor-version":[{"id":37889,"href":"https:\/\/gorzow.news\/index.php\/wp-json\/wp\/v2\/posts\/37885\/revisions\/37889"}],"wp:featuredmedia":[{"embeddable":true,"href":"https:\/\/gorzow.news\/index.php\/wp-json\/wp\/v2\/media\/37886"}],"wp:attachment":[{"href":"https:\/\/gorzow.news\/index.php\/wp-json\/wp\/v2\/media?parent=37885"}],"wp:term":[{"taxonomy":"category","embeddable":true,"href":"https:\/\/gorzow.news\/index.php\/wp-json\/wp\/v2\/categories?post=37885"},{"taxonomy":"post_tag","embeddable":true,"href":"https:\/\/gorzow.news\/index.php\/wp-json\/wp\/v2\/tags?post=37885"}],"curies":[{"name":"wp","href":"https:\/\/api.w.org\/{rel}","templated":true}]}}