{"id":37856,"date":"2026-01-08T17:20:37","date_gmt":"2026-01-08T16:20:37","guid":{"rendered":"https:\/\/gorzow.news\/?p=37856"},"modified":"2026-01-08T17:20:39","modified_gmt":"2026-01-08T16:20:39","slug":"w-grudniu-2023-roku-zamykali-restauracje-teraz-po-ponad-dwoch-latach-wracaja-z-nowa-nazwa-od-kiedy-czynne","status":"publish","type":"post","link":"https:\/\/gorzow.news\/index.php\/2026\/01\/08\/w-grudniu-2023-roku-zamykali-restauracje-teraz-po-ponad-dwoch-latach-wracaja-z-nowa-nazwa-od-kiedy-czynne\/","title":{"rendered":"W grudniu 2023 roku zamykali restauracj\u0119. Teraz po ponad dw\u00f3ch latach wracaj\u0105 z now\u0105 nazw\u0105. Od kiedy czynne?"},"content":{"rendered":"\n<p><strong>Przez blisko siedem lat przy We\u0142nianym Rynku funkcjonowa\u0142a restauracja &#8222;Dziki Bluszcz&#8221;. Zosta\u0142a zamkni\u0119ta w grudniu 2023 roku. Nie wytrzyma\u0142a trwaj\u0105cej w\u00f3wczas przebudowy ulicy przed budynkiem. Wjazd samochod\u00f3w w tej cz\u0119\u015bci miasta zosta\u0142 w\u00f3wczas zamkni\u0119ty ca\u0142kowicie. Ilo\u015b\u0107 os\u00f3b przechodz\u0105cych ulic\u0105 przez blisko rok r\u00f3wnie\u017c zmniejszy\u0142 si\u0119 wielokrotnie. Teraz gdy ul. We\u0142niany Rynek jest ju\u017c odnowiona w\u0142a\u015bciciele by\u0142ej restauracji Dziki Bluszcz postanowili wr\u00f3ci\u0107 na stare \u015bmieci i otworzy\u0107 restauracj\u0119 pod now\u0105 ju\u017c nazw\u0105 &#8211; &#8222;Warta Smaku&#8221;.<\/strong><\/p>\n\n\n\n<p>&#8222;Dziki Bluszcz&#8221; mie\u015bci\u0142 si\u0119 w lokalu, kt\u00f3ry wielu gorzowian kojarzy sprzed lat z funkcjonuj\u0105c\u0105 tutaj Galeri\u0105 Ars. Menu restauracji zmienia\u0142o si\u0119 tutaj sezonowo. Co dla sta\u0142ych bywalc\u00f3w by\u0142o ciekawe, bo przy kolejnych wizytach mogli zje\u015b\u0107 zawsze co\u015b innego. Oczywi\u015bcie w karcie by\u0142y te\u017c sta\u0142e pozoracje, kt\u00f3re by\u0142y najbardziej popularne w\u015br\u00f3d klient\u00f3w. Lokal by\u0142 te\u017c miejscem prezentacji tw\u00f3rczo\u015bci gorzowskich r\u0119kodzielnik\u00f3w, kt\u00f3r\u0105 mogli\u015bmy tutaj ogl\u0105da\u0107, a nawet zakupi\u0107.<\/p>\n\n\n\n<p><strong>Jaka b\u0119dzie Restauracja &#8222;Warta Smaku&#8221;?<\/strong><\/p>\n\n\n\n<p>&#8211; Restauracja &#8222;Warta Smaku&#8221; to nazwa o podw\u00f3jnym znaczeniu. Z jednej strony nawi\u0105zuje do Gorzowa, miasta po\u0142o\u017conego nad rzek\u0105 Wart\u0105, z drugiej &#8211; do warto\u015bci smakowych i kulinarnych walor\u00f3w, kt\u00f3re s\u0105 fundamentem naszej kuchni &#8211; m\u00f3wi\u0105 nam w\u0142a\u015bciciele i dodaj\u0105: -Stawiamy przede wszystkim na \u015bwie\u017ce, wysokiej jako\u015bci produkty, kieruj\u0105c si\u0119 zasad\u0105: jako\u015b\u0107, a nie ilo\u015b\u0107. Chcemy, aby \u201eWarta Smaku\u201d by\u0142a miejscem dost\u0119pnym dla wszystkich &#8211; przyjaznym cenowo, a jednocze\u015bnie oferuj\u0105cym wysoki standard.<\/p>\n\n\n\n<p>W menu restauracji znajd\u0105 si\u0119 \u015bniadania serwowane do godziny 12:00, pizza na grubym cie\u015bcie &#8211; syc\u0105ca, bogata w sk\u0142adniki i nietuzinkowa &#8211; oraz dania obiadowe i propozycje idealne na romantyczne kolacje.<\/p>\n\n\n\n<p>&#8211; Tworzymy m\u0142ody, otwarty zesp\u00f3\u0142, ch\u0119tny na sugestie go\u015bci oraz wsp\u00f3\u0142prac\u0119 przy r\u00f3\u017cnego rodzaju wydarzeniach i inicjatywach. Naszym celem jest stworzenie radosnego, ciep\u0142ego i rodzinnego miejsca w samym sercu Gorzowa &#8211; ko\u0144cz\u0105 w\u0142a\u015bciciele nowej restauracji na mapie gastronomicznej Gorzowa.<\/p>\n\n\n\n<p><strong>Kiedy otwarcie?<\/strong><\/p>\n\n\n\n<p>Restauracja &#8222;Warta Smaku&#8221; pierwszy raz zaprosi do siebie w niedziel\u0119, 1 lutego 2026 roku.<\/p>\n","protected":false},"excerpt":{"rendered":"<p>Przez blisko siedem lat przy We\u0142nianym Rynku funkcjonowa\u0142a restauracja &#8222;Dziki Bluszcz&#8221;. Zosta\u0142a zamkni\u0119ta w grudniu 2023 roku. Nie wytrzyma\u0142a trwaj\u0105cej w\u00f3wczas przebudowy ulicy przed budynkiem. Wjazd samochod\u00f3w w tej cz\u0119\u015bci miasta zosta\u0142 w\u00f3wczas zamkni\u0119ty ca\u0142kowicie. Ilo\u015b\u0107 os\u00f3b przechodz\u0105cych ulic\u0105 przez blisko rok r\u00f3wnie\u017c zmniejszy\u0142 si\u0119 wielokrotnie. Teraz gdy ul. We\u0142niany Rynek jest ju\u017c odnowiona w\u0142a\u015bciciele [&hellip;]<\/p>\n","protected":false},"author":1,"featured_media":37857,"comment_status":"open","ping_status":"open","sticky":false,"template":"","format":"standard","meta":{"footnotes":"","_links_to":"","_links_to_target":""},"categories":[2009,1624,589],"tags":[2869,3685,181],"class_list":{"0":"post-37856","1":"post","2":"type-post","3":"status-publish","4":"format-standard","5":"has-post-thumbnail","7":"category-centrum-srodmiescie","8":"category-inwestycje-handlowe","9":"category-wiadomosci","10":"tag-dziki-bluszcz","11":"tag-warta-smaku","12":"tag-welniany-rynek"},"yoast_head":"<!-- This site is optimized with the Yoast SEO plugin v27.3 - https:\/\/yoast.com\/product\/yoast-seo-wordpress\/ -->\n<title>W grudniu 2023 roku zamykali restauracj\u0119. Teraz po ponad dw\u00f3ch latach wracaj\u0105 z now\u0105 nazw\u0105. Od kiedy czynne? - Gorz\u00f3w News<\/title>\n<meta name=\"description\" content=\"Przez blisko siedem lat przy We\u0142nianym Rynku funkcjonowa\u0142a restauracja &quot;Dziki Bluszcz&quot;. Zosta\u0142a zamkni\u0119ta w grudniu 2023 roku. Nie wytrzyma\u0142a trw\" \/>\n<meta name=\"robots\" content=\"index, follow, max-snippet:-1, max-image-preview:large, max-video-preview:-1\" \/>\n<link rel=\"canonical\" href=\"https:\/\/gorzow.news\/index.php\/2026\/01\/08\/w-grudniu-2023-roku-zamykali-restauracje-teraz-po-ponad-dwoch-latach-wracaja-z-nowa-nazwa-od-kiedy-czynne\/\" \/>\n<meta property=\"og:locale\" content=\"pl_PL\" \/>\n<meta property=\"og:type\" content=\"article\" \/>\n<meta property=\"og:title\" content=\"W grudniu 2023 roku zamykali restauracj\u0119. Teraz po ponad dw\u00f3ch latach wracaj\u0105 z now\u0105 nazw\u0105. Od kiedy czynne? - Gorz\u00f3w News\" \/>\n<meta property=\"og:description\" content=\"Przez blisko siedem lat przy We\u0142nianym Rynku funkcjonowa\u0142a restauracja &quot;Dziki Bluszcz&quot;. Zosta\u0142a zamkni\u0119ta w grudniu 2023 roku. Nie wytrzyma\u0142a trw\" \/>\n<meta property=\"og:url\" content=\"https:\/\/gorzow.news\/index.php\/2026\/01\/08\/w-grudniu-2023-roku-zamykali-restauracje-teraz-po-ponad-dwoch-latach-wracaja-z-nowa-nazwa-od-kiedy-czynne\/\" \/>\n<meta property=\"og:site_name\" content=\"Gorz\u00f3w News\" \/>\n<meta property=\"article:publisher\" content=\"https:\/\/www.facebook.com\/gorzowskinews\" \/>\n<meta property=\"article:published_time\" content=\"2026-01-08T16:20:37+00:00\" \/>\n<meta property=\"article:modified_time\" content=\"2026-01-08T16:20:39+00:00\" \/>\n<meta property=\"og:image\" content=\"https:\/\/gorzow.news\/wp-content\/uploads\/2026\/01\/IMG_20251219_153910197.jpg\" \/>\n\t<meta property=\"og:image:width\" content=\"1600\" \/>\n\t<meta property=\"og:image:height\" content=\"900\" \/>\n\t<meta property=\"og:image:type\" content=\"image\/jpeg\" \/>\n<meta name=\"author\" content=\"maciej\" \/>\n<meta name=\"twitter:card\" content=\"summary_large_image\" \/>\n<meta name=\"twitter:label1\" content=\"Napisane przez\" \/>\n\t<meta name=\"twitter:data1\" content=\"maciej\" \/>\n\t<meta name=\"twitter:label2\" content=\"Szacowany czas czytania\" \/>\n\t<meta name=\"twitter:data2\" content=\"2 minuty\" \/>\n<script type=\"application\/ld+json\" class=\"yoast-schema-graph\">{\"@context\":\"https:\\\/\\\/schema.org\",\"@graph\":[{\"@type\":\"Article\",\"@id\":\"https:\\\/\\\/gorzow.news\\\/index.php\\\/2026\\\/01\\\/08\\\/w-grudniu-2023-roku-zamykali-restauracje-teraz-po-ponad-dwoch-latach-wracaja-z-nowa-nazwa-od-kiedy-czynne\\\/#article\",\"isPartOf\":{\"@id\":\"https:\\\/\\\/gorzow.news\\\/index.php\\\/2026\\\/01\\\/08\\\/w-grudniu-2023-roku-zamykali-restauracje-teraz-po-ponad-dwoch-latach-wracaja-z-nowa-nazwa-od-kiedy-czynne\\\/\"},\"author\":{\"name\":\"maciej\",\"@id\":\"https:\\\/\\\/gorzow.news\\\/#\\\/schema\\\/person\\\/a1e5ab43166369f2ce236a1cd90995bb\"},\"headline\":\"W grudniu 2023 roku zamykali restauracj\u0119. Teraz po ponad dw\u00f3ch latach wracaj\u0105 z now\u0105 nazw\u0105. Od kiedy czynne?\",\"datePublished\":\"2026-01-08T16:20:37+00:00\",\"dateModified\":\"2026-01-08T16:20:39+00:00\",\"mainEntityOfPage\":{\"@id\":\"https:\\\/\\\/gorzow.news\\\/index.php\\\/2026\\\/01\\\/08\\\/w-grudniu-2023-roku-zamykali-restauracje-teraz-po-ponad-dwoch-latach-wracaja-z-nowa-nazwa-od-kiedy-czynne\\\/\"},\"wordCount\":389,\"commentCount\":0,\"image\":{\"@id\":\"https:\\\/\\\/gorzow.news\\\/index.php\\\/2026\\\/01\\\/08\\\/w-grudniu-2023-roku-zamykali-restauracje-teraz-po-ponad-dwoch-latach-wracaja-z-nowa-nazwa-od-kiedy-czynne\\\/#primaryimage\"},\"thumbnailUrl\":\"https:\\\/\\\/gorzow.news\\\/wp-content\\\/uploads\\\/2026\\\/01\\\/IMG_20251219_153910197.jpg\",\"keywords\":[\"Dziki Bluszcz\",\"Warta Smaku\",\"We\u0142niany Rynek\"],\"articleSection\":[\"Centrum \\\/ \u015ar\u00f3dmie\u015bcie\",\"Inwestycje handlowe\",\"Wiadomo\u015bci\"],\"inLanguage\":\"pl-PL\",\"potentialAction\":[{\"@type\":\"CommentAction\",\"name\":\"Comment\",\"target\":[\"https:\\\/\\\/gorzow.news\\\/index.php\\\/2026\\\/01\\\/08\\\/w-grudniu-2023-roku-zamykali-restauracje-teraz-po-ponad-dwoch-latach-wracaja-z-nowa-nazwa-od-kiedy-czynne\\\/#respond\"]}]},{\"@type\":\"WebPage\",\"@id\":\"https:\\\/\\\/gorzow.news\\\/index.php\\\/2026\\\/01\\\/08\\\/w-grudniu-2023-roku-zamykali-restauracje-teraz-po-ponad-dwoch-latach-wracaja-z-nowa-nazwa-od-kiedy-czynne\\\/\",\"url\":\"https:\\\/\\\/gorzow.news\\\/index.php\\\/2026\\\/01\\\/08\\\/w-grudniu-2023-roku-zamykali-restauracje-teraz-po-ponad-dwoch-latach-wracaja-z-nowa-nazwa-od-kiedy-czynne\\\/\",\"name\":\"W grudniu 2023 roku zamykali restauracj\u0119. Teraz po ponad dw\u00f3ch latach wracaj\u0105 z now\u0105 nazw\u0105. Od kiedy czynne? - Gorz\u00f3w News\",\"isPartOf\":{\"@id\":\"https:\\\/\\\/gorzow.news\\\/#website\"},\"primaryImageOfPage\":{\"@id\":\"https:\\\/\\\/gorzow.news\\\/index.php\\\/2026\\\/01\\\/08\\\/w-grudniu-2023-roku-zamykali-restauracje-teraz-po-ponad-dwoch-latach-wracaja-z-nowa-nazwa-od-kiedy-czynne\\\/#primaryimage\"},\"image\":{\"@id\":\"https:\\\/\\\/gorzow.news\\\/index.php\\\/2026\\\/01\\\/08\\\/w-grudniu-2023-roku-zamykali-restauracje-teraz-po-ponad-dwoch-latach-wracaja-z-nowa-nazwa-od-kiedy-czynne\\\/#primaryimage\"},\"thumbnailUrl\":\"https:\\\/\\\/gorzow.news\\\/wp-content\\\/uploads\\\/2026\\\/01\\\/IMG_20251219_153910197.jpg\",\"datePublished\":\"2026-01-08T16:20:37+00:00\",\"dateModified\":\"2026-01-08T16:20:39+00:00\",\"author\":{\"@id\":\"https:\\\/\\\/gorzow.news\\\/#\\\/schema\\\/person\\\/a1e5ab43166369f2ce236a1cd90995bb\"},\"description\":\"Przez blisko siedem lat przy We\u0142nianym Rynku funkcjonowa\u0142a restauracja \\\"Dziki Bluszcz\\\". Zosta\u0142a zamkni\u0119ta w grudniu 2023 roku. Nie wytrzyma\u0142a trwaj\u0105cej w\u00f3wczas przebudowy ulicy przed budynkiem. Wjazd samochod\u00f3w w tej cz\u0119\u015bci miasta zosta\u0142 w\u00f3wczas zamkni\u0119ty ca\u0142kowicie. Ilo\u015b\u0107 os\u00f3b przechodz\u0105cych ulic\u0105 przez blisko rok r\u00f3wnie\u017c zmniejszy\u0142 si\u0119 wielokrotnie. Teraz gdy ul. We\u0142niany Rynek jest ju\u017c odnowiona w\u0142a\u015bciciele by\u0142ej restauracji Dziki Bluszcz postanowili wr\u00f3ci\u0107 na stare \u015bmieci i otworzy\u0107 restauracj\u0119 pod now\u0105 ju\u017c nazw\u0105 - \\\"Warta Smaku\\\".\",\"breadcrumb\":{\"@id\":\"https:\\\/\\\/gorzow.news\\\/index.php\\\/2026\\\/01\\\/08\\\/w-grudniu-2023-roku-zamykali-restauracje-teraz-po-ponad-dwoch-latach-wracaja-z-nowa-nazwa-od-kiedy-czynne\\\/#breadcrumb\"},\"inLanguage\":\"pl-PL\",\"potentialAction\":[{\"@type\":\"ReadAction\",\"target\":[\"https:\\\/\\\/gorzow.news\\\/index.php\\\/2026\\\/01\\\/08\\\/w-grudniu-2023-roku-zamykali-restauracje-teraz-po-ponad-dwoch-latach-wracaja-z-nowa-nazwa-od-kiedy-czynne\\\/\"]}]},{\"@type\":\"ImageObject\",\"inLanguage\":\"pl-PL\",\"@id\":\"https:\\\/\\\/gorzow.news\\\/index.php\\\/2026\\\/01\\\/08\\\/w-grudniu-2023-roku-zamykali-restauracje-teraz-po-ponad-dwoch-latach-wracaja-z-nowa-nazwa-od-kiedy-czynne\\\/#primaryimage\",\"url\":\"https:\\\/\\\/gorzow.news\\\/wp-content\\\/uploads\\\/2026\\\/01\\\/IMG_20251219_153910197.jpg\",\"contentUrl\":\"https:\\\/\\\/gorzow.news\\\/wp-content\\\/uploads\\\/2026\\\/01\\\/IMG_20251219_153910197.jpg\",\"width\":1600,\"height\":900,\"caption\":\"Restauracja Warta Smaku\"},{\"@type\":\"BreadcrumbList\",\"@id\":\"https:\\\/\\\/gorzow.news\\\/index.php\\\/2026\\\/01\\\/08\\\/w-grudniu-2023-roku-zamykali-restauracje-teraz-po-ponad-dwoch-latach-wracaja-z-nowa-nazwa-od-kiedy-czynne\\\/#breadcrumb\",\"itemListElement\":[{\"@type\":\"ListItem\",\"position\":1,\"name\":\"Home\",\"item\":\"https:\\\/\\\/gorzow.news\\\/\"},{\"@type\":\"ListItem\",\"position\":2,\"name\":\"W grudniu 2023 roku zamykali restauracj\u0119. Teraz po ponad dw\u00f3ch latach wracaj\u0105 z now\u0105 nazw\u0105. Od kiedy czynne?\"}]},{\"@type\":\"WebSite\",\"@id\":\"https:\\\/\\\/gorzow.news\\\/#website\",\"url\":\"https:\\\/\\\/gorzow.news\\\/\",\"name\":\"Gorz\u00f3w News\",\"description\":\"Sp\u00f3jrz inaczej na miato i region...\",\"potentialAction\":[{\"@type\":\"SearchAction\",\"target\":{\"@type\":\"EntryPoint\",\"urlTemplate\":\"https:\\\/\\\/gorzow.news\\\/?s={search_term_string}\"},\"query-input\":{\"@type\":\"PropertyValueSpecification\",\"valueRequired\":true,\"valueName\":\"search_term_string\"}}],\"inLanguage\":\"pl-PL\"},{\"@type\":\"Person\",\"@id\":\"https:\\\/\\\/gorzow.news\\\/#\\\/schema\\\/person\\\/a1e5ab43166369f2ce236a1cd90995bb\",\"name\":\"maciej\",\"image\":{\"@type\":\"ImageObject\",\"inLanguage\":\"pl-PL\",\"@id\":\"https:\\\/\\\/secure.gravatar.com\\\/avatar\\\/530a674d56ba60cfa0ef21d74e8e8d123a51bb7aa6580465b5c2ab2c2e980a19?s=96&r=g&d=https:\\\/\\\/gorzow.news\\\/wp-content\\\/plugins\\\/userswp\\\/assets\\\/images\\\/no_profile.png\",\"url\":\"https:\\\/\\\/secure.gravatar.com\\\/avatar\\\/530a674d56ba60cfa0ef21d74e8e8d123a51bb7aa6580465b5c2ab2c2e980a19?s=96&r=g&d=https:\\\/\\\/gorzow.news\\\/wp-content\\\/plugins\\\/userswp\\\/assets\\\/images\\\/no_profile.png\",\"contentUrl\":\"https:\\\/\\\/secure.gravatar.com\\\/avatar\\\/530a674d56ba60cfa0ef21d74e8e8d123a51bb7aa6580465b5c2ab2c2e980a19?s=96&r=g&d=https:\\\/\\\/gorzow.news\\\/wp-content\\\/plugins\\\/userswp\\\/assets\\\/images\\\/no_profile.png\",\"caption\":\"maciej\"},\"url\":\"https:\\\/\\\/gorzow.news\\\/index.php\\\/profile\\\/maciej\\\/\"}]}<\/script>\n<!-- \/ Yoast SEO plugin. -->","yoast_head_json":{"title":"W grudniu 2023 roku zamykali restauracj\u0119. Teraz po ponad dw\u00f3ch latach wracaj\u0105 z now\u0105 nazw\u0105. Od kiedy czynne? - Gorz\u00f3w News","description":"Przez blisko siedem lat przy We\u0142nianym Rynku funkcjonowa\u0142a restauracja \"Dziki Bluszcz\". Zosta\u0142a zamkni\u0119ta w grudniu 2023 roku. Nie wytrzyma\u0142a trw","robots":{"index":"index","follow":"follow","max-snippet":"max-snippet:-1","max-image-preview":"max-image-preview:large","max-video-preview":"max-video-preview:-1"},"canonical":"https:\/\/gorzow.news\/index.php\/2026\/01\/08\/w-grudniu-2023-roku-zamykali-restauracje-teraz-po-ponad-dwoch-latach-wracaja-z-nowa-nazwa-od-kiedy-czynne\/","og_locale":"pl_PL","og_type":"article","og_title":"W grudniu 2023 roku zamykali restauracj\u0119. Teraz po ponad dw\u00f3ch latach wracaj\u0105 z now\u0105 nazw\u0105. Od kiedy czynne? - Gorz\u00f3w News","og_description":"Przez blisko siedem lat przy We\u0142nianym Rynku funkcjonowa\u0142a restauracja \"Dziki Bluszcz\". Zosta\u0142a zamkni\u0119ta w grudniu 2023 roku. Nie wytrzyma\u0142a trw","og_url":"https:\/\/gorzow.news\/index.php\/2026\/01\/08\/w-grudniu-2023-roku-zamykali-restauracje-teraz-po-ponad-dwoch-latach-wracaja-z-nowa-nazwa-od-kiedy-czynne\/","og_site_name":"Gorz\u00f3w News","article_publisher":"https:\/\/www.facebook.com\/gorzowskinews","article_published_time":"2026-01-08T16:20:37+00:00","article_modified_time":"2026-01-08T16:20:39+00:00","og_image":[{"width":1600,"height":900,"url":"https:\/\/gorzow.news\/wp-content\/uploads\/2026\/01\/IMG_20251219_153910197.jpg","type":"image\/jpeg"}],"author":"maciej","twitter_card":"summary_large_image","twitter_misc":{"Napisane przez":"maciej","Szacowany czas czytania":"2 minuty"},"schema":{"@context":"https:\/\/schema.org","@graph":[{"@type":"Article","@id":"https:\/\/gorzow.news\/index.php\/2026\/01\/08\/w-grudniu-2023-roku-zamykali-restauracje-teraz-po-ponad-dwoch-latach-wracaja-z-nowa-nazwa-od-kiedy-czynne\/#article","isPartOf":{"@id":"https:\/\/gorzow.news\/index.php\/2026\/01\/08\/w-grudniu-2023-roku-zamykali-restauracje-teraz-po-ponad-dwoch-latach-wracaja-z-nowa-nazwa-od-kiedy-czynne\/"},"author":{"name":"maciej","@id":"https:\/\/gorzow.news\/#\/schema\/person\/a1e5ab43166369f2ce236a1cd90995bb"},"headline":"W grudniu 2023 roku zamykali restauracj\u0119. Teraz po ponad dw\u00f3ch latach wracaj\u0105 z now\u0105 nazw\u0105. Od kiedy czynne?","datePublished":"2026-01-08T16:20:37+00:00","dateModified":"2026-01-08T16:20:39+00:00","mainEntityOfPage":{"@id":"https:\/\/gorzow.news\/index.php\/2026\/01\/08\/w-grudniu-2023-roku-zamykali-restauracje-teraz-po-ponad-dwoch-latach-wracaja-z-nowa-nazwa-od-kiedy-czynne\/"},"wordCount":389,"commentCount":0,"image":{"@id":"https:\/\/gorzow.news\/index.php\/2026\/01\/08\/w-grudniu-2023-roku-zamykali-restauracje-teraz-po-ponad-dwoch-latach-wracaja-z-nowa-nazwa-od-kiedy-czynne\/#primaryimage"},"thumbnailUrl":"https:\/\/gorzow.news\/wp-content\/uploads\/2026\/01\/IMG_20251219_153910197.jpg","keywords":["Dziki Bluszcz","Warta Smaku","We\u0142niany Rynek"],"articleSection":["Centrum \/ \u015ar\u00f3dmie\u015bcie","Inwestycje handlowe","Wiadomo\u015bci"],"inLanguage":"pl-PL","potentialAction":[{"@type":"CommentAction","name":"Comment","target":["https:\/\/gorzow.news\/index.php\/2026\/01\/08\/w-grudniu-2023-roku-zamykali-restauracje-teraz-po-ponad-dwoch-latach-wracaja-z-nowa-nazwa-od-kiedy-czynne\/#respond"]}]},{"@type":"WebPage","@id":"https:\/\/gorzow.news\/index.php\/2026\/01\/08\/w-grudniu-2023-roku-zamykali-restauracje-teraz-po-ponad-dwoch-latach-wracaja-z-nowa-nazwa-od-kiedy-czynne\/","url":"https:\/\/gorzow.news\/index.php\/2026\/01\/08\/w-grudniu-2023-roku-zamykali-restauracje-teraz-po-ponad-dwoch-latach-wracaja-z-nowa-nazwa-od-kiedy-czynne\/","name":"W grudniu 2023 roku zamykali restauracj\u0119. Teraz po ponad dw\u00f3ch latach wracaj\u0105 z now\u0105 nazw\u0105. Od kiedy czynne? - Gorz\u00f3w News","isPartOf":{"@id":"https:\/\/gorzow.news\/#website"},"primaryImageOfPage":{"@id":"https:\/\/gorzow.news\/index.php\/2026\/01\/08\/w-grudniu-2023-roku-zamykali-restauracje-teraz-po-ponad-dwoch-latach-wracaja-z-nowa-nazwa-od-kiedy-czynne\/#primaryimage"},"image":{"@id":"https:\/\/gorzow.news\/index.php\/2026\/01\/08\/w-grudniu-2023-roku-zamykali-restauracje-teraz-po-ponad-dwoch-latach-wracaja-z-nowa-nazwa-od-kiedy-czynne\/#primaryimage"},"thumbnailUrl":"https:\/\/gorzow.news\/wp-content\/uploads\/2026\/01\/IMG_20251219_153910197.jpg","datePublished":"2026-01-08T16:20:37+00:00","dateModified":"2026-01-08T16:20:39+00:00","author":{"@id":"https:\/\/gorzow.news\/#\/schema\/person\/a1e5ab43166369f2ce236a1cd90995bb"},"description":"Przez blisko siedem lat przy We\u0142nianym Rynku funkcjonowa\u0142a restauracja \"Dziki Bluszcz\". Zosta\u0142a zamkni\u0119ta w grudniu 2023 roku. Nie wytrzyma\u0142a trwaj\u0105cej w\u00f3wczas przebudowy ulicy przed budynkiem. Wjazd samochod\u00f3w w tej cz\u0119\u015bci miasta zosta\u0142 w\u00f3wczas zamkni\u0119ty ca\u0142kowicie. Ilo\u015b\u0107 os\u00f3b przechodz\u0105cych ulic\u0105 przez blisko rok r\u00f3wnie\u017c zmniejszy\u0142 si\u0119 wielokrotnie. Teraz gdy ul. We\u0142niany Rynek jest ju\u017c odnowiona w\u0142a\u015bciciele by\u0142ej restauracji Dziki Bluszcz postanowili wr\u00f3ci\u0107 na stare \u015bmieci i otworzy\u0107 restauracj\u0119 pod now\u0105 ju\u017c nazw\u0105 - \"Warta Smaku\".","breadcrumb":{"@id":"https:\/\/gorzow.news\/index.php\/2026\/01\/08\/w-grudniu-2023-roku-zamykali-restauracje-teraz-po-ponad-dwoch-latach-wracaja-z-nowa-nazwa-od-kiedy-czynne\/#breadcrumb"},"inLanguage":"pl-PL","potentialAction":[{"@type":"ReadAction","target":["https:\/\/gorzow.news\/index.php\/2026\/01\/08\/w-grudniu-2023-roku-zamykali-restauracje-teraz-po-ponad-dwoch-latach-wracaja-z-nowa-nazwa-od-kiedy-czynne\/"]}]},{"@type":"ImageObject","inLanguage":"pl-PL","@id":"https:\/\/gorzow.news\/index.php\/2026\/01\/08\/w-grudniu-2023-roku-zamykali-restauracje-teraz-po-ponad-dwoch-latach-wracaja-z-nowa-nazwa-od-kiedy-czynne\/#primaryimage","url":"https:\/\/gorzow.news\/wp-content\/uploads\/2026\/01\/IMG_20251219_153910197.jpg","contentUrl":"https:\/\/gorzow.news\/wp-content\/uploads\/2026\/01\/IMG_20251219_153910197.jpg","width":1600,"height":900,"caption":"Restauracja Warta Smaku"},{"@type":"BreadcrumbList","@id":"https:\/\/gorzow.news\/index.php\/2026\/01\/08\/w-grudniu-2023-roku-zamykali-restauracje-teraz-po-ponad-dwoch-latach-wracaja-z-nowa-nazwa-od-kiedy-czynne\/#breadcrumb","itemListElement":[{"@type":"ListItem","position":1,"name":"Home","item":"https:\/\/gorzow.news\/"},{"@type":"ListItem","position":2,"name":"W grudniu 2023 roku zamykali restauracj\u0119. Teraz po ponad dw\u00f3ch latach wracaj\u0105 z now\u0105 nazw\u0105. Od kiedy czynne?"}]},{"@type":"WebSite","@id":"https:\/\/gorzow.news\/#website","url":"https:\/\/gorzow.news\/","name":"Gorz\u00f3w News","description":"Sp\u00f3jrz inaczej na miato i region...","potentialAction":[{"@type":"SearchAction","target":{"@type":"EntryPoint","urlTemplate":"https:\/\/gorzow.news\/?s={search_term_string}"},"query-input":{"@type":"PropertyValueSpecification","valueRequired":true,"valueName":"search_term_string"}}],"inLanguage":"pl-PL"},{"@type":"Person","@id":"https:\/\/gorzow.news\/#\/schema\/person\/a1e5ab43166369f2ce236a1cd90995bb","name":"maciej","image":{"@type":"ImageObject","inLanguage":"pl-PL","@id":"https:\/\/secure.gravatar.com\/avatar\/530a674d56ba60cfa0ef21d74e8e8d123a51bb7aa6580465b5c2ab2c2e980a19?s=96&r=g&d=https:\/\/gorzow.news\/wp-content\/plugins\/userswp\/assets\/images\/no_profile.png","url":"https:\/\/secure.gravatar.com\/avatar\/530a674d56ba60cfa0ef21d74e8e8d123a51bb7aa6580465b5c2ab2c2e980a19?s=96&r=g&d=https:\/\/gorzow.news\/wp-content\/plugins\/userswp\/assets\/images\/no_profile.png","contentUrl":"https:\/\/secure.gravatar.com\/avatar\/530a674d56ba60cfa0ef21d74e8e8d123a51bb7aa6580465b5c2ab2c2e980a19?s=96&r=g&d=https:\/\/gorzow.news\/wp-content\/plugins\/userswp\/assets\/images\/no_profile.png","caption":"maciej"},"url":"https:\/\/gorzow.news\/index.php\/profile\/maciej\/"}]}},"_links":{"self":[{"href":"https:\/\/gorzow.news\/index.php\/wp-json\/wp\/v2\/posts\/37856","targetHints":{"allow":["GET"]}}],"collection":[{"href":"https:\/\/gorzow.news\/index.php\/wp-json\/wp\/v2\/posts"}],"about":[{"href":"https:\/\/gorzow.news\/index.php\/wp-json\/wp\/v2\/types\/post"}],"author":[{"embeddable":true,"href":"https:\/\/gorzow.news\/index.php\/wp-json\/wp\/v2\/users\/1"}],"replies":[{"embeddable":true,"href":"https:\/\/gorzow.news\/index.php\/wp-json\/wp\/v2\/comments?post=37856"}],"version-history":[{"count":1,"href":"https:\/\/gorzow.news\/index.php\/wp-json\/wp\/v2\/posts\/37856\/revisions"}],"predecessor-version":[{"id":37858,"href":"https:\/\/gorzow.news\/index.php\/wp-json\/wp\/v2\/posts\/37856\/revisions\/37858"}],"wp:featuredmedia":[{"embeddable":true,"href":"https:\/\/gorzow.news\/index.php\/wp-json\/wp\/v2\/media\/37857"}],"wp:attachment":[{"href":"https:\/\/gorzow.news\/index.php\/wp-json\/wp\/v2\/media?parent=37856"}],"wp:term":[{"taxonomy":"category","embeddable":true,"href":"https:\/\/gorzow.news\/index.php\/wp-json\/wp\/v2\/categories?post=37856"},{"taxonomy":"post_tag","embeddable":true,"href":"https:\/\/gorzow.news\/index.php\/wp-json\/wp\/v2\/tags?post=37856"}],"curies":[{"name":"wp","href":"https:\/\/api.w.org\/{rel}","templated":true}]}}