{"id":37409,"date":"2025-12-15T15:19:00","date_gmt":"2025-12-15T14:19:00","guid":{"rendered":"https:\/\/gorzow.news\/?p=37409"},"modified":"2025-12-16T00:27:52","modified_gmt":"2025-12-15T23:27:52","slug":"gorzow-wraca-na-kolejowa-mape-polski-nowy-rozklad-pkp-intercity-to-przelom-dla-regionu","status":"publish","type":"post","link":"https:\/\/gorzow.news\/index.php\/2025\/12\/15\/gorzow-wraca-na-kolejowa-mape-polski-nowy-rozklad-pkp-intercity-to-przelom-dla-regionu\/","title":{"rendered":"Gorz\u00f3w wraca na kolejow\u0105 map\u0119 Polski. Nowy rozk\u0142ad PKP Intercity to prze\u0142om dla regionu"},"content":{"rendered":"\n<p><strong>Pi\u0119\u0107 bezpo\u015brednich poci\u0105g\u00f3w Intercity do Poznania, kr\u00f3tszy czas podr\u00f3\u017cy i lepszy dost\u0119p do krajowej siatki po\u0142\u0105cze\u0144 &#8211; nowy rozk\u0142ad jazdy PKP Intercity, kt\u00f3ry wszed\u0142 w \u017cycie 14 grudnia, oznacza dla Gorzowa koniec wieloletniej kolejowej marginalizacji i pocz\u0105tek nowego etapu w komunikacji regionu.<\/strong><\/p>\n\n\n\n<p><strong>Nowy rozk\u0142ad jazdy od grudnia 2025 roku<\/strong><\/p>\n\n\n\n<p>W po\u0142owie grudnia 2025 roku wszed\u0142 w \u017cycie nowy, roczny rozk\u0142ad jazdy PKP Intercity. Dla pasa\u017cer\u00f3w w ca\u0142ej Polsce oznacza on wi\u0119cej po\u0142\u0105cze\u0144, lepsz\u0105 ofert\u0119 i wi\u0119ksz\u0105 dost\u0119pno\u015b\u0107 kolei dalekobie\u017cnej. Szczeg\u00f3lnie istotne zmiany dotycz\u0105 jednak Gorzowa, kt\u00f3ry po latach ograniczonej obecno\u015bci w siatce po\u0142\u0105cze\u0144 dalekobie\u017cnych ponownie znalaz\u0142 si\u0119 na kolejowej mapie kraju.<\/p>\n\n\n\n<p>Nowy rozk\u0142ad to efekt dzia\u0142a\u0144 Ministerstwa Infrastruktury oraz PKP Intercity, kt\u00f3rych celem jest przeciwdzia\u0142anie wykluczeniu komunikacyjnemu \u015brednich miast. W tej edycji zmian to w\u0142a\u015bnie Gorz\u00f3w jest jednym z najwi\u0119kszych beneficjent\u00f3w.<\/p>\n\n\n\n<p><strong>Bezpo\u015brednie Intercity do Poznania<\/strong><\/p>\n\n\n\n<p>Najwa\u017cniejsz\u0105 nowo\u015bci\u0105 jest uruchomienie pi\u0119ciu par codziennych, bezpo\u015brednich poci\u0105g\u00f3w Intercity na trasie Gorz\u00f3w &#8211; Pozna\u0144. To ogromna zmiana jako\u015bciowa w por\u00f3wnaniu z wcze\u015bniejsz\u0105 ofert\u0105, opart\u0105 g\u0142\u00f3wnie na wolniejszych po\u0142\u0105czeniach regionalnych i przesiadkach w Krzy\u017cu.<\/p>\n\n\n\n<p>Czas przejazdu skr\u00f3ci\u0142 si\u0119 do oko\u0142o 90 minut, a pasa\u017cerowie mog\u0105 podr\u00f3\u017cowa\u0107 komfortowymi sk\u0142adami dalekobie\u017cnymi, dostosowanymi zar\u00f3wno do codziennych dojazd\u00f3w, jak i dalszych podr\u00f3\u017cy. Pi\u0119\u0107 po\u0142\u0105cze\u0144 w ka\u017cd\u0105 stron\u0119 oznacza realn\u0105 elastyczno\u015b\u0107 &#8211; zar\u00f3wno dla os\u00f3b pracuj\u0105cych, student\u00f3w, jak i podr\u00f3\u017cnych okazjonalnych.<\/p>\n\n\n\n<p><strong>Gorz\u00f3w bli\u017cej reszty kraju<\/strong><\/p>\n\n\n\n<p>Nowe po\u0142\u0105czenia z Poznaniem maj\u0105 znaczenie nie tylko lokalne. Pozna\u0144 G\u0142\u00f3wny jest jednym z najwa\u017cniejszych w\u0119z\u0142\u00f3w kolejowych w Polsce, a bezpo\u015bredni dojazd do stolicy Wielkopolski otwiera mieszka\u0144com Gorzowa szybki dost\u0119p do dalszych relacji &#8211; m.in. do Warszawy, Wroc\u0142awia, Tr\u00f3jmiasta czy miast po\u0142udniowej Polski.<\/p>\n\n\n\n<p>Jak podkre\u015blaj\u0105 przedstawiciele PKP Intercity, celem zmian jest zapewnienie mieszka\u0144com mniejszych i \u015brednich miast podobnego standardu mobilno\u015bci, z jakiego od lat korzystaj\u0105 du\u017ce aglomeracje. Nowy rozk\u0142ad ma u\u0142atwia\u0107 codzienne podr\u00f3\u017ce, ale tak\u017ce wspiera\u0107 rozw\u00f3j gospodarczy, turystyczny i edukacyjny regionu.<\/p>\n\n\n\n<p><strong>Konferencja i symboliczny powr\u00f3t<\/strong><\/p>\n\n\n\n<p>Uruchomienie nowych po\u0142\u0105cze\u0144 zosta\u0142o oficjalnie zaprezentowane podczas konferencji prasowej z udzia\u0142em wiceministra infrastruktury <strong>Piotra Malepszaka<\/strong>, przedstawicieli PKP Intercity oraz samorz\u0105dowc\u00f3w. Podkre\u015blano, \u017ce to dopiero pierwszy krok w odbudowie znaczenia Gorzowa w krajowej sieci kolejowej, ale krok niezwykle istotny i d\u0142ugo oczekiwany. Poci\u0105gi odje\u017cd\u017caj\u0105 z Gorzowa o godzinach: 7:55, 11:52, 14:25, 18:24 i 19:46.<\/p>\n\n\n\n<p><strong>Nie tylko zyski &#8211; tak\u017ce kontrowersje<\/strong><\/p>\n\n\n\n<p>Nowy rozk\u0142ad nie jest jednak pozbawiony krytycznych g\u0142os\u00f3w. Cz\u0119\u015b\u0107 pasa\u017cer\u00f3w zwraca uwag\u0119 na likwidacj\u0119 jednego z porannych po\u0142\u0105cze\u0144 Gorz\u00f3w &#8211; Lublin, kt\u00f3re obs\u0142ugiwa\u0142o r\u00f3wnie\u017c mniejsze miejscowo\u015bci na trasie. Pokazuje to, \u017ce rozw\u00f3j oferty dalekobie\u017cnej wci\u0105\u017c wymaga wywa\u017cenia interes\u00f3w du\u017cych miast i mniejszych spo\u0142eczno\u015bci.<\/p>\n\n\n\n<p><strong>Historyczna zmiana dla miasta<\/strong><\/p>\n\n\n\n<p>Mimo pojedynczych zastrze\u017ce\u0144, grudniowy rozk\u0142ad jazdy PKP Intercity nale\u017cy uzna\u0107 za historyczny dla Gorzowa Wielkopolskiego. Pi\u0119\u0107 bezpo\u015brednich po\u0142\u0105cze\u0144 do Poznania, kr\u00f3tszy czas podr\u00f3\u017cy i \u0142atwiejszy dost\u0119p do reszty kraju to realne korzy\u015bci, kt\u00f3re mog\u0105 wp\u0142yn\u0105\u0107 na atrakcyjno\u015b\u0107 miasta i jako\u015b\u0107 \u017cycia jego mieszka\u0144c\u00f3w.<\/p>\n\n\n\n<p>Pe\u0142ne efekty zmian b\u0119dzie mo\u017cna oceni\u0107 po kilku miesi\u0105cach funkcjonowania nowego rozk\u0142adu, jednak ju\u017c dzi\u015b wida\u0107, \u017ce Gorz\u00f3w wykona\u0142 wa\u017cny krok w stron\u0119 lepszej kolejowej przysz\u0142o\u015bci.<\/p>\n","protected":false},"excerpt":{"rendered":"<p>Pi\u0119\u0107 bezpo\u015brednich poci\u0105g\u00f3w Intercity do Poznania, kr\u00f3tszy czas podr\u00f3\u017cy i lepszy dost\u0119p do krajowej siatki po\u0142\u0105cze\u0144 &#8211; nowy rozk\u0142ad jazdy PKP Intercity, kt\u00f3ry wszed\u0142 w \u017cycie 14 grudnia, oznacza dla Gorzowa koniec wieloletniej kolejowej marginalizacji i pocz\u0105tek nowego etapu w komunikacji regionu. Nowy rozk\u0142ad jazdy od grudnia 2025 roku W po\u0142owie grudnia 2025 roku wszed\u0142 [&hellip;]<\/p>\n","protected":false},"author":1,"featured_media":37410,"comment_status":"open","ping_status":"open","sticky":false,"template":"","format":"standard","meta":{"footnotes":"","_links_to":"","_links_to_target":""},"categories":[597,589],"tags":[615,3391],"class_list":{"0":"post-37409","1":"post","2":"type-post","3":"status-publish","4":"format-standard","5":"has-post-thumbnail","7":"category-fakty-opinie","8":"category-wiadomosci","9":"tag-pkp","10":"tag-pkp-intercity"},"yoast_head":"<!-- This site is optimized with the Yoast SEO plugin v27.3 - https:\/\/yoast.com\/product\/yoast-seo-wordpress\/ -->\n<title>Gorz\u00f3w wraca na kolejow\u0105 map\u0119 Polski. Nowy rozk\u0142ad PKP Intercity to prze\u0142om dla regionu - Gorz\u00f3w News<\/title>\n<meta name=\"description\" content=\"Pi\u0119\u0107 bezpo\u015brednich poci\u0105g\u00f3w Intercity do Poznania, kr\u00f3tszy czas podr\u00f3\u017cy i lepszy dost\u0119p do krajowej siatki po\u0142\u0105cze\u0144 - nowy rozk\u0142ad jazdy\" \/>\n<meta name=\"robots\" content=\"index, follow, max-snippet:-1, max-image-preview:large, max-video-preview:-1\" \/>\n<link rel=\"canonical\" href=\"https:\/\/gorzow.news\/index.php\/2025\/12\/15\/gorzow-wraca-na-kolejowa-mape-polski-nowy-rozklad-pkp-intercity-to-przelom-dla-regionu\/\" \/>\n<meta property=\"og:locale\" content=\"pl_PL\" \/>\n<meta property=\"og:type\" content=\"article\" \/>\n<meta property=\"og:title\" content=\"Gorz\u00f3w wraca na kolejow\u0105 map\u0119 Polski. Nowy rozk\u0142ad PKP Intercity to prze\u0142om dla regionu - Gorz\u00f3w News\" \/>\n<meta property=\"og:description\" content=\"Pi\u0119\u0107 bezpo\u015brednich poci\u0105g\u00f3w Intercity do Poznania, kr\u00f3tszy czas podr\u00f3\u017cy i lepszy dost\u0119p do krajowej siatki po\u0142\u0105cze\u0144 - nowy rozk\u0142ad jazdy\" \/>\n<meta property=\"og:url\" content=\"https:\/\/gorzow.news\/index.php\/2025\/12\/15\/gorzow-wraca-na-kolejowa-mape-polski-nowy-rozklad-pkp-intercity-to-przelom-dla-regionu\/\" \/>\n<meta property=\"og:site_name\" content=\"Gorz\u00f3w News\" \/>\n<meta property=\"article:publisher\" content=\"https:\/\/www.facebook.com\/gorzowskinews\" \/>\n<meta property=\"article:published_time\" content=\"2025-12-15T14:19:00+00:00\" \/>\n<meta property=\"article:modified_time\" content=\"2025-12-15T23:27:52+00:00\" \/>\n<meta property=\"og:image\" content=\"https:\/\/gorzow.news\/wp-content\/uploads\/2025\/12\/9H7A7848.jpg\" \/>\n\t<meta property=\"og:image:width\" content=\"2048\" \/>\n\t<meta property=\"og:image:height\" content=\"969\" \/>\n\t<meta property=\"og:image:type\" content=\"image\/jpeg\" \/>\n<meta name=\"author\" content=\"maciej\" \/>\n<meta name=\"twitter:card\" content=\"summary_large_image\" \/>\n<meta name=\"twitter:label1\" content=\"Napisane przez\" \/>\n\t<meta name=\"twitter:data1\" content=\"maciej\" \/>\n\t<meta name=\"twitter:label2\" content=\"Szacowany czas czytania\" \/>\n\t<meta name=\"twitter:data2\" content=\"4 minuty\" \/>\n<script type=\"application\/ld+json\" class=\"yoast-schema-graph\">{\"@context\":\"https:\\\/\\\/schema.org\",\"@graph\":[{\"@type\":\"Article\",\"@id\":\"https:\\\/\\\/gorzow.news\\\/index.php\\\/2025\\\/12\\\/15\\\/gorzow-wraca-na-kolejowa-mape-polski-nowy-rozklad-pkp-intercity-to-przelom-dla-regionu\\\/#article\",\"isPartOf\":{\"@id\":\"https:\\\/\\\/gorzow.news\\\/index.php\\\/2025\\\/12\\\/15\\\/gorzow-wraca-na-kolejowa-mape-polski-nowy-rozklad-pkp-intercity-to-przelom-dla-regionu\\\/\"},\"author\":{\"name\":\"maciej\",\"@id\":\"https:\\\/\\\/gorzow.news\\\/#\\\/schema\\\/person\\\/a1e5ab43166369f2ce236a1cd90995bb\"},\"headline\":\"Gorz\u00f3w wraca na kolejow\u0105 map\u0119 Polski. Nowy rozk\u0142ad PKP Intercity to prze\u0142om dla regionu\",\"datePublished\":\"2025-12-15T14:19:00+00:00\",\"dateModified\":\"2025-12-15T23:27:52+00:00\",\"mainEntityOfPage\":{\"@id\":\"https:\\\/\\\/gorzow.news\\\/index.php\\\/2025\\\/12\\\/15\\\/gorzow-wraca-na-kolejowa-mape-polski-nowy-rozklad-pkp-intercity-to-przelom-dla-regionu\\\/\"},\"wordCount\":625,\"commentCount\":0,\"image\":{\"@id\":\"https:\\\/\\\/gorzow.news\\\/index.php\\\/2025\\\/12\\\/15\\\/gorzow-wraca-na-kolejowa-mape-polski-nowy-rozklad-pkp-intercity-to-przelom-dla-regionu\\\/#primaryimage\"},\"thumbnailUrl\":\"https:\\\/\\\/gorzow.news\\\/wp-content\\\/uploads\\\/2025\\\/12\\\/9H7A7848.jpg\",\"keywords\":[\"PKP\",\"PKP Intercity\"],\"articleSection\":[\"Fakty i opinie\",\"Wiadomo\u015bci\"],\"inLanguage\":\"pl-PL\",\"potentialAction\":[{\"@type\":\"CommentAction\",\"name\":\"Comment\",\"target\":[\"https:\\\/\\\/gorzow.news\\\/index.php\\\/2025\\\/12\\\/15\\\/gorzow-wraca-na-kolejowa-mape-polski-nowy-rozklad-pkp-intercity-to-przelom-dla-regionu\\\/#respond\"]}]},{\"@type\":\"WebPage\",\"@id\":\"https:\\\/\\\/gorzow.news\\\/index.php\\\/2025\\\/12\\\/15\\\/gorzow-wraca-na-kolejowa-mape-polski-nowy-rozklad-pkp-intercity-to-przelom-dla-regionu\\\/\",\"url\":\"https:\\\/\\\/gorzow.news\\\/index.php\\\/2025\\\/12\\\/15\\\/gorzow-wraca-na-kolejowa-mape-polski-nowy-rozklad-pkp-intercity-to-przelom-dla-regionu\\\/\",\"name\":\"Gorz\u00f3w wraca na kolejow\u0105 map\u0119 Polski. Nowy rozk\u0142ad PKP Intercity to prze\u0142om dla regionu - Gorz\u00f3w News\",\"isPartOf\":{\"@id\":\"https:\\\/\\\/gorzow.news\\\/#website\"},\"primaryImageOfPage\":{\"@id\":\"https:\\\/\\\/gorzow.news\\\/index.php\\\/2025\\\/12\\\/15\\\/gorzow-wraca-na-kolejowa-mape-polski-nowy-rozklad-pkp-intercity-to-przelom-dla-regionu\\\/#primaryimage\"},\"image\":{\"@id\":\"https:\\\/\\\/gorzow.news\\\/index.php\\\/2025\\\/12\\\/15\\\/gorzow-wraca-na-kolejowa-mape-polski-nowy-rozklad-pkp-intercity-to-przelom-dla-regionu\\\/#primaryimage\"},\"thumbnailUrl\":\"https:\\\/\\\/gorzow.news\\\/wp-content\\\/uploads\\\/2025\\\/12\\\/9H7A7848.jpg\",\"datePublished\":\"2025-12-15T14:19:00+00:00\",\"dateModified\":\"2025-12-15T23:27:52+00:00\",\"author\":{\"@id\":\"https:\\\/\\\/gorzow.news\\\/#\\\/schema\\\/person\\\/a1e5ab43166369f2ce236a1cd90995bb\"},\"description\":\"Pi\u0119\u0107 bezpo\u015brednich poci\u0105g\u00f3w Intercity do Poznania, kr\u00f3tszy czas podr\u00f3\u017cy i lepszy dost\u0119p do krajowej siatki po\u0142\u0105cze\u0144 - nowy rozk\u0142ad jazdy PKP Intercity, kt\u00f3ry wszed\u0142 w \u017cycie 14 grudnia, oznacza dla Gorzowa koniec wieloletniej kolejowej marginalizacji i pocz\u0105tek nowego etapu w komunikacji regionu.\",\"breadcrumb\":{\"@id\":\"https:\\\/\\\/gorzow.news\\\/index.php\\\/2025\\\/12\\\/15\\\/gorzow-wraca-na-kolejowa-mape-polski-nowy-rozklad-pkp-intercity-to-przelom-dla-regionu\\\/#breadcrumb\"},\"inLanguage\":\"pl-PL\",\"potentialAction\":[{\"@type\":\"ReadAction\",\"target\":[\"https:\\\/\\\/gorzow.news\\\/index.php\\\/2025\\\/12\\\/15\\\/gorzow-wraca-na-kolejowa-mape-polski-nowy-rozklad-pkp-intercity-to-przelom-dla-regionu\\\/\"]}]},{\"@type\":\"ImageObject\",\"inLanguage\":\"pl-PL\",\"@id\":\"https:\\\/\\\/gorzow.news\\\/index.php\\\/2025\\\/12\\\/15\\\/gorzow-wraca-na-kolejowa-mape-polski-nowy-rozklad-pkp-intercity-to-przelom-dla-regionu\\\/#primaryimage\",\"url\":\"https:\\\/\\\/gorzow.news\\\/wp-content\\\/uploads\\\/2025\\\/12\\\/9H7A7848.jpg\",\"contentUrl\":\"https:\\\/\\\/gorzow.news\\\/wp-content\\\/uploads\\\/2025\\\/12\\\/9H7A7848.jpg\",\"width\":2048,\"height\":969,\"caption\":\"fot. Marta Jami\u0144ska \\\/ LCI\"},{\"@type\":\"BreadcrumbList\",\"@id\":\"https:\\\/\\\/gorzow.news\\\/index.php\\\/2025\\\/12\\\/15\\\/gorzow-wraca-na-kolejowa-mape-polski-nowy-rozklad-pkp-intercity-to-przelom-dla-regionu\\\/#breadcrumb\",\"itemListElement\":[{\"@type\":\"ListItem\",\"position\":1,\"name\":\"Home\",\"item\":\"https:\\\/\\\/gorzow.news\\\/\"},{\"@type\":\"ListItem\",\"position\":2,\"name\":\"Gorz\u00f3w wraca na kolejow\u0105 map\u0119 Polski. Nowy rozk\u0142ad PKP Intercity to prze\u0142om dla regionu\"}]},{\"@type\":\"WebSite\",\"@id\":\"https:\\\/\\\/gorzow.news\\\/#website\",\"url\":\"https:\\\/\\\/gorzow.news\\\/\",\"name\":\"Gorz\u00f3w News\",\"description\":\"Sp\u00f3jrz inaczej na miato i region...\",\"potentialAction\":[{\"@type\":\"SearchAction\",\"target\":{\"@type\":\"EntryPoint\",\"urlTemplate\":\"https:\\\/\\\/gorzow.news\\\/?s={search_term_string}\"},\"query-input\":{\"@type\":\"PropertyValueSpecification\",\"valueRequired\":true,\"valueName\":\"search_term_string\"}}],\"inLanguage\":\"pl-PL\"},{\"@type\":\"Person\",\"@id\":\"https:\\\/\\\/gorzow.news\\\/#\\\/schema\\\/person\\\/a1e5ab43166369f2ce236a1cd90995bb\",\"name\":\"maciej\",\"image\":{\"@type\":\"ImageObject\",\"inLanguage\":\"pl-PL\",\"@id\":\"https:\\\/\\\/secure.gravatar.com\\\/avatar\\\/530a674d56ba60cfa0ef21d74e8e8d123a51bb7aa6580465b5c2ab2c2e980a19?s=96&r=g&d=https:\\\/\\\/gorzow.news\\\/wp-content\\\/plugins\\\/userswp\\\/assets\\\/images\\\/no_profile.png\",\"url\":\"https:\\\/\\\/secure.gravatar.com\\\/avatar\\\/530a674d56ba60cfa0ef21d74e8e8d123a51bb7aa6580465b5c2ab2c2e980a19?s=96&r=g&d=https:\\\/\\\/gorzow.news\\\/wp-content\\\/plugins\\\/userswp\\\/assets\\\/images\\\/no_profile.png\",\"contentUrl\":\"https:\\\/\\\/secure.gravatar.com\\\/avatar\\\/530a674d56ba60cfa0ef21d74e8e8d123a51bb7aa6580465b5c2ab2c2e980a19?s=96&r=g&d=https:\\\/\\\/gorzow.news\\\/wp-content\\\/plugins\\\/userswp\\\/assets\\\/images\\\/no_profile.png\",\"caption\":\"maciej\"},\"url\":\"https:\\\/\\\/gorzow.news\\\/index.php\\\/profile\\\/maciej\\\/\"}]}<\/script>\n<!-- \/ Yoast SEO plugin. -->","yoast_head_json":{"title":"Gorz\u00f3w wraca na kolejow\u0105 map\u0119 Polski. Nowy rozk\u0142ad PKP Intercity to prze\u0142om dla regionu - Gorz\u00f3w News","description":"Pi\u0119\u0107 bezpo\u015brednich poci\u0105g\u00f3w Intercity do Poznania, kr\u00f3tszy czas podr\u00f3\u017cy i lepszy dost\u0119p do krajowej siatki po\u0142\u0105cze\u0144 - nowy rozk\u0142ad jazdy","robots":{"index":"index","follow":"follow","max-snippet":"max-snippet:-1","max-image-preview":"max-image-preview:large","max-video-preview":"max-video-preview:-1"},"canonical":"https:\/\/gorzow.news\/index.php\/2025\/12\/15\/gorzow-wraca-na-kolejowa-mape-polski-nowy-rozklad-pkp-intercity-to-przelom-dla-regionu\/","og_locale":"pl_PL","og_type":"article","og_title":"Gorz\u00f3w wraca na kolejow\u0105 map\u0119 Polski. Nowy rozk\u0142ad PKP Intercity to prze\u0142om dla regionu - Gorz\u00f3w News","og_description":"Pi\u0119\u0107 bezpo\u015brednich poci\u0105g\u00f3w Intercity do Poznania, kr\u00f3tszy czas podr\u00f3\u017cy i lepszy dost\u0119p do krajowej siatki po\u0142\u0105cze\u0144 - nowy rozk\u0142ad jazdy","og_url":"https:\/\/gorzow.news\/index.php\/2025\/12\/15\/gorzow-wraca-na-kolejowa-mape-polski-nowy-rozklad-pkp-intercity-to-przelom-dla-regionu\/","og_site_name":"Gorz\u00f3w News","article_publisher":"https:\/\/www.facebook.com\/gorzowskinews","article_published_time":"2025-12-15T14:19:00+00:00","article_modified_time":"2025-12-15T23:27:52+00:00","og_image":[{"width":2048,"height":969,"url":"https:\/\/gorzow.news\/wp-content\/uploads\/2025\/12\/9H7A7848.jpg","type":"image\/jpeg"}],"author":"maciej","twitter_card":"summary_large_image","twitter_misc":{"Napisane przez":"maciej","Szacowany czas czytania":"4 minuty"},"schema":{"@context":"https:\/\/schema.org","@graph":[{"@type":"Article","@id":"https:\/\/gorzow.news\/index.php\/2025\/12\/15\/gorzow-wraca-na-kolejowa-mape-polski-nowy-rozklad-pkp-intercity-to-przelom-dla-regionu\/#article","isPartOf":{"@id":"https:\/\/gorzow.news\/index.php\/2025\/12\/15\/gorzow-wraca-na-kolejowa-mape-polski-nowy-rozklad-pkp-intercity-to-przelom-dla-regionu\/"},"author":{"name":"maciej","@id":"https:\/\/gorzow.news\/#\/schema\/person\/a1e5ab43166369f2ce236a1cd90995bb"},"headline":"Gorz\u00f3w wraca na kolejow\u0105 map\u0119 Polski. Nowy rozk\u0142ad PKP Intercity to prze\u0142om dla regionu","datePublished":"2025-12-15T14:19:00+00:00","dateModified":"2025-12-15T23:27:52+00:00","mainEntityOfPage":{"@id":"https:\/\/gorzow.news\/index.php\/2025\/12\/15\/gorzow-wraca-na-kolejowa-mape-polski-nowy-rozklad-pkp-intercity-to-przelom-dla-regionu\/"},"wordCount":625,"commentCount":0,"image":{"@id":"https:\/\/gorzow.news\/index.php\/2025\/12\/15\/gorzow-wraca-na-kolejowa-mape-polski-nowy-rozklad-pkp-intercity-to-przelom-dla-regionu\/#primaryimage"},"thumbnailUrl":"https:\/\/gorzow.news\/wp-content\/uploads\/2025\/12\/9H7A7848.jpg","keywords":["PKP","PKP Intercity"],"articleSection":["Fakty i opinie","Wiadomo\u015bci"],"inLanguage":"pl-PL","potentialAction":[{"@type":"CommentAction","name":"Comment","target":["https:\/\/gorzow.news\/index.php\/2025\/12\/15\/gorzow-wraca-na-kolejowa-mape-polski-nowy-rozklad-pkp-intercity-to-przelom-dla-regionu\/#respond"]}]},{"@type":"WebPage","@id":"https:\/\/gorzow.news\/index.php\/2025\/12\/15\/gorzow-wraca-na-kolejowa-mape-polski-nowy-rozklad-pkp-intercity-to-przelom-dla-regionu\/","url":"https:\/\/gorzow.news\/index.php\/2025\/12\/15\/gorzow-wraca-na-kolejowa-mape-polski-nowy-rozklad-pkp-intercity-to-przelom-dla-regionu\/","name":"Gorz\u00f3w wraca na kolejow\u0105 map\u0119 Polski. Nowy rozk\u0142ad PKP Intercity to prze\u0142om dla regionu - Gorz\u00f3w News","isPartOf":{"@id":"https:\/\/gorzow.news\/#website"},"primaryImageOfPage":{"@id":"https:\/\/gorzow.news\/index.php\/2025\/12\/15\/gorzow-wraca-na-kolejowa-mape-polski-nowy-rozklad-pkp-intercity-to-przelom-dla-regionu\/#primaryimage"},"image":{"@id":"https:\/\/gorzow.news\/index.php\/2025\/12\/15\/gorzow-wraca-na-kolejowa-mape-polski-nowy-rozklad-pkp-intercity-to-przelom-dla-regionu\/#primaryimage"},"thumbnailUrl":"https:\/\/gorzow.news\/wp-content\/uploads\/2025\/12\/9H7A7848.jpg","datePublished":"2025-12-15T14:19:00+00:00","dateModified":"2025-12-15T23:27:52+00:00","author":{"@id":"https:\/\/gorzow.news\/#\/schema\/person\/a1e5ab43166369f2ce236a1cd90995bb"},"description":"Pi\u0119\u0107 bezpo\u015brednich poci\u0105g\u00f3w Intercity do Poznania, kr\u00f3tszy czas podr\u00f3\u017cy i lepszy dost\u0119p do krajowej siatki po\u0142\u0105cze\u0144 - nowy rozk\u0142ad jazdy PKP Intercity, kt\u00f3ry wszed\u0142 w \u017cycie 14 grudnia, oznacza dla Gorzowa koniec wieloletniej kolejowej marginalizacji i pocz\u0105tek nowego etapu w komunikacji regionu.","breadcrumb":{"@id":"https:\/\/gorzow.news\/index.php\/2025\/12\/15\/gorzow-wraca-na-kolejowa-mape-polski-nowy-rozklad-pkp-intercity-to-przelom-dla-regionu\/#breadcrumb"},"inLanguage":"pl-PL","potentialAction":[{"@type":"ReadAction","target":["https:\/\/gorzow.news\/index.php\/2025\/12\/15\/gorzow-wraca-na-kolejowa-mape-polski-nowy-rozklad-pkp-intercity-to-przelom-dla-regionu\/"]}]},{"@type":"ImageObject","inLanguage":"pl-PL","@id":"https:\/\/gorzow.news\/index.php\/2025\/12\/15\/gorzow-wraca-na-kolejowa-mape-polski-nowy-rozklad-pkp-intercity-to-przelom-dla-regionu\/#primaryimage","url":"https:\/\/gorzow.news\/wp-content\/uploads\/2025\/12\/9H7A7848.jpg","contentUrl":"https:\/\/gorzow.news\/wp-content\/uploads\/2025\/12\/9H7A7848.jpg","width":2048,"height":969,"caption":"fot. Marta Jami\u0144ska \/ LCI"},{"@type":"BreadcrumbList","@id":"https:\/\/gorzow.news\/index.php\/2025\/12\/15\/gorzow-wraca-na-kolejowa-mape-polski-nowy-rozklad-pkp-intercity-to-przelom-dla-regionu\/#breadcrumb","itemListElement":[{"@type":"ListItem","position":1,"name":"Home","item":"https:\/\/gorzow.news\/"},{"@type":"ListItem","position":2,"name":"Gorz\u00f3w wraca na kolejow\u0105 map\u0119 Polski. Nowy rozk\u0142ad PKP Intercity to prze\u0142om dla regionu"}]},{"@type":"WebSite","@id":"https:\/\/gorzow.news\/#website","url":"https:\/\/gorzow.news\/","name":"Gorz\u00f3w News","description":"Sp\u00f3jrz inaczej na miato i region...","potentialAction":[{"@type":"SearchAction","target":{"@type":"EntryPoint","urlTemplate":"https:\/\/gorzow.news\/?s={search_term_string}"},"query-input":{"@type":"PropertyValueSpecification","valueRequired":true,"valueName":"search_term_string"}}],"inLanguage":"pl-PL"},{"@type":"Person","@id":"https:\/\/gorzow.news\/#\/schema\/person\/a1e5ab43166369f2ce236a1cd90995bb","name":"maciej","image":{"@type":"ImageObject","inLanguage":"pl-PL","@id":"https:\/\/secure.gravatar.com\/avatar\/530a674d56ba60cfa0ef21d74e8e8d123a51bb7aa6580465b5c2ab2c2e980a19?s=96&r=g&d=https:\/\/gorzow.news\/wp-content\/plugins\/userswp\/assets\/images\/no_profile.png","url":"https:\/\/secure.gravatar.com\/avatar\/530a674d56ba60cfa0ef21d74e8e8d123a51bb7aa6580465b5c2ab2c2e980a19?s=96&r=g&d=https:\/\/gorzow.news\/wp-content\/plugins\/userswp\/assets\/images\/no_profile.png","contentUrl":"https:\/\/secure.gravatar.com\/avatar\/530a674d56ba60cfa0ef21d74e8e8d123a51bb7aa6580465b5c2ab2c2e980a19?s=96&r=g&d=https:\/\/gorzow.news\/wp-content\/plugins\/userswp\/assets\/images\/no_profile.png","caption":"maciej"},"url":"https:\/\/gorzow.news\/index.php\/profile\/maciej\/"}]}},"_links":{"self":[{"href":"https:\/\/gorzow.news\/index.php\/wp-json\/wp\/v2\/posts\/37409","targetHints":{"allow":["GET"]}}],"collection":[{"href":"https:\/\/gorzow.news\/index.php\/wp-json\/wp\/v2\/posts"}],"about":[{"href":"https:\/\/gorzow.news\/index.php\/wp-json\/wp\/v2\/types\/post"}],"author":[{"embeddable":true,"href":"https:\/\/gorzow.news\/index.php\/wp-json\/wp\/v2\/users\/1"}],"replies":[{"embeddable":true,"href":"https:\/\/gorzow.news\/index.php\/wp-json\/wp\/v2\/comments?post=37409"}],"version-history":[{"count":1,"href":"https:\/\/gorzow.news\/index.php\/wp-json\/wp\/v2\/posts\/37409\/revisions"}],"predecessor-version":[{"id":37411,"href":"https:\/\/gorzow.news\/index.php\/wp-json\/wp\/v2\/posts\/37409\/revisions\/37411"}],"wp:featuredmedia":[{"embeddable":true,"href":"https:\/\/gorzow.news\/index.php\/wp-json\/wp\/v2\/media\/37410"}],"wp:attachment":[{"href":"https:\/\/gorzow.news\/index.php\/wp-json\/wp\/v2\/media?parent=37409"}],"wp:term":[{"taxonomy":"category","embeddable":true,"href":"https:\/\/gorzow.news\/index.php\/wp-json\/wp\/v2\/categories?post=37409"},{"taxonomy":"post_tag","embeddable":true,"href":"https:\/\/gorzow.news\/index.php\/wp-json\/wp\/v2\/tags?post=37409"}],"curies":[{"name":"wp","href":"https:\/\/api.w.org\/{rel}","templated":true}]}}