{"id":37230,"date":"2025-12-08T22:39:37","date_gmt":"2025-12-08T21:39:37","guid":{"rendered":"https:\/\/gorzow.news\/?p=37230"},"modified":"2025-12-08T22:43:51","modified_gmt":"2025-12-08T21:43:51","slug":"polregio-sie-doigralo-sejmik-jednoglosnie-za-powolaniem-samorzadowej-spolki-transportowej","status":"publish","type":"post","link":"https:\/\/gorzow.news\/index.php\/2025\/12\/08\/polregio-sie-doigralo-sejmik-jednoglosnie-za-powolaniem-samorzadowej-spolki-transportowej\/","title":{"rendered":"POLREGIO si\u0119 doigra\u0142o! Sejmik jednog\u0142o\u015bnie za powo\u0142aniem samorz\u0105dowej sp\u00f3\u0142ki transportowej"},"content":{"rendered":"\n<p><strong>Radni wojew\u00f3dztwa podj\u0119li uchwa\u0142\u0119 w sprawie wyra\u017cenia zgody na powo\u0142anie jednoosobowej sp\u00f3\u0142ki Wojew\u00f3dztwa Lubuskiego pod firm\u0105 Lubuski Transport Publiczny Sp. z o.o. z siedzib\u0105 w Zielonej G\u00f3rze. Za przyj\u0119ciem uchwa\u0142y jednog\u0142o\u015bnie zag\u0142osowa\u0142o 28 radnych.<\/strong><\/p>\n\n\n\n<p>8 grudnia 2025 r. odby\u0142a si\u0119 nadzwyczajna sesja Sejmiku Wojew\u00f3dztwa Lubuskiego. Tematem obrad by\u0142o powo\u0142anie transportowej sp\u00f3\u0142ki Wojew\u00f3dztwa Lubuskiego. Radni wojew\u00f3dztwa podj\u0119li uchwa\u0142\u0119, kt\u00f3rej celem jest zapewnienie mieszka\u0144com wojew\u00f3dztwa wysokiej jako\u015bci us\u0142ug transportowych, zwi\u0119kszenia mobilno\u015bci spo\u0142ecznej, wspierania zr\u00f3wnowa\u017conego rozwoju oraz budowania nowoczesnego, zintegrowanego systemu komunikacji publicznej na obszarze wojew\u00f3dztwa lubuskiego.<\/p>\n\n\n\n<p><strong>Trzeba mie\u0107 plan i drogowskaz, gdzie d\u0105\u017cy\u0107<\/strong><\/p>\n\n\n\n<p>Marsza\u0142ek <strong>Sebastian Ciemnoczo\u0142owski <\/strong>podkre\u015bla\u0142, \u017ce dzisiejszy dzie\u0144 jest nie zwie\u0144czeniem, ale pocz\u0105tkiem drogi. Zaznacza\u0142, \u017ce wiele wyzwa\u0144 przed nami i \u017ce nie b\u0119dzie to prosta droga. &#8211; Dzi\u015b stawiamy pierwszy krok. Jako region mamy potencja\u0142, si\u0142\u0119, wiedz\u0119, \u017ceby nie zdawa\u0107 si\u0119 na przypadek podmiot\u00f3w, kt\u00f3re nie radz\u0105 sobie z podstawow\u0105 funkcj\u0105, do jakiej zosta\u0142y powo\u0142ane i do jakiej zostali\u015bmy ustawowo zobligowani jako organizator przewoz\u00f3w kolejowych. Chcia\u0142em bardzo podzi\u0119kowa\u0107 wszystkim radnym, kt\u00f3rzy na ostatniej sesji w tej sprawie podj\u0119li jednog\u0142o\u015bnie stanowisko, bo dla Zarz\u0105du jest to bardzo wa\u017cne. Chodzi o to, by sp\u00f3\u0142ka nie tylko wystartowa\u0142a, ale \u017ceby zbudowa\u0142a w najbli\u017cszym czasie skutecznie przewozy regionalne na najwy\u017cszym poziomie. To si\u0119 nie zdarzy od razu, to jest proces &#8211; t\u0142umaczy\u0142 marsza\u0142ek.<\/p>\n\n\n\n<p>Dzi\u0119kowa\u0142 pos\u0142owi <strong>Waldemarowi S\u0142ugockiemu<\/strong> za umo\u017cliwienie skutecznych rozm\u00f3w z ministrami i prezesami sp\u00f3\u0142ek kolejowych. S\u0142owa podzi\u0119kowania skierowa\u0142 w stron\u0119 pos\u0142\u00f3w: <strong>Stanis\u0142awa Tomczyszyna<\/strong>, <strong>Krystyny Sibi\u0144skiej<\/strong> i <strong>Katarzyny Osos<\/strong> oraz wszystkim, kt\u00f3rzy byli zaanga\u017cowani w ten proces oraz dyrekcji i pracownikom Departamentu Infrastruktury Transportowej UMWL. &#8211; Bez tego wsparcia to by si\u0119 nie uda\u0142o. Powo\u0142a\u0107 sp\u00f3\u0142k\u0119 w kwestiach prawnych nie jest trudne, w praktyce jest to du\u017co trudniejsze. Przejechali\u015bmy wiele kilometr\u00f3w mi\u0119dzy Zielon\u0105 G\u00f3r\u0105 a Warszaw\u0105. Odbyli\u015bmy dziesi\u0105tki spotka\u0144. Przepracowali\u015bmy na tych spotkaniach wiele temat\u00f3w, sp\u0119dzili\u015bmy wiele godzin na tych rozmowach, niekt\u00f3rych nie\u0142atwych. Nieraz musieli\u015bmy wraca\u0107 po kilka razy na te spotkania do instytucji, przekonywa\u0107, dlaczego chcemy to zrobi\u0107, jaka jest sytuacja w wojew\u00f3dztwie lubuskim &#8211; m\u00f3wi\u0142 marsza\u0142ek Ciemnoczo\u0142owski.<\/p>\n\n\n\n<p>Marsza\u0142ek podczas swojego wyst\u0105pienia m\u00f3wi\u0142 o wyzwaniach, planach i perspektywie na najbli\u017csze lata. &#8211; To s\u0105 bardzo precyzyjnie przemy\u015blane kroki, cele, sposoby doj\u015bcia do miejsca, do kt\u00f3rego chcemy doj\u015b\u0107 w 2035 roku. Powo\u0142anie sp\u00f3\u0142ki powinni\u015bmy traktowa\u0107 nie jako cel sam w sobie, to jest narz\u0119dzie do lepszej jako\u015bci przewoz\u00f3w kolejowych i do walki z wykluczeniem transportowym. Musimy pokaza\u0107 scenariusz, jaki widzimy w 2035 roku &#8211; m\u00f3wi\u0142.<\/p>\n\n\n\n<p>W\u015br\u00f3d g\u0142\u00f3wnych zada\u0144 infrastrukturalnych na terenie naszego wojew\u00f3dztwa wymieni\u0142: elektryfikacje sieci, remonty oraz modernizacje infrastruktury PKP PLK, w tym uruchomienie linii nieczynnych, odbudowa i rozbudowa linii do parametr\u00f3w dwutorowych, infrastruktura kolei aglomeracyjnych. To r\u00f3wnie\u017c przejmowanie i odbudowa przez samorz\u0105d niekt\u00f3rych linii zlikwidowanych. W zakresie infrastruktury punktowej wskazywa\u0142 na: w\u0119z\u0142y miejskie w Zielonej G\u00f3rze i Gorzowie Wlkp., regionalne i lokalne huby mobilno\u015bci otoczenia dworc\u00f3w w miastach powiatowych oraz w innych wa\u017cniejszych miastach i w\u0119z\u0142ach sieci, wypo\u017cyczalnie roweru publicznego oraz dozorowane elektronicznie wiaty na rowery dla bezpiecznego pozostawienia rower\u00f3w w g\u0142\u00f3wnych w\u0119z\u0142ach.<\/p>\n\n\n\n<p><strong>Powstanie sp\u00f3\u0142ki to wa\u017cny i konieczny krok<\/strong><\/p>\n\n\n\n<p>Pose\u0142 Waldemar S\u0142ugocki podkre\u015bla\u0142, \u017ce sp\u00f3\u0142ka, kt\u00f3ra ma powsta\u0107 to wyj\u015bcie naprzeciw oczekiwaniom mieszka\u0144c\u00f3w Ziemi Lubuskiej. Sp\u00f3\u0142ka ta powinna powsta\u0107 w wojew\u00f3dztwie lubuskim wiele lat temu. &#8211; Ciesz\u0119 si\u0119, \u017ce marsza\u0142ek Sebastian Ciemnoczo\u0142owski jest cz\u0142owiekiem, kt\u00f3ry ma du\u017c\u0105 odwag\u0119 w sobie i podejmuje to wyzwanie. To moment, w kt\u00f3rym spada na nas odpowiedzialno\u015b\u0107, ale to my b\u0119dziemy kreatorem us\u0142ug transportowych w wojew\u00f3dztwie lubuskim, to my b\u0119dziemy ponosi\u0107 tego odpowiedzialno\u015b\u0107. W regionie mamy okre\u015blon\u0105 populacj\u0119, potencja\u0142 i potrzeby do zrealizowania. W zwi\u0105zku z tym musimy wywo\u0142a\u0107 podmiot. To jest niesamowite, \u017ce Lubuszanie nie b\u0119d\u0105 musieli si\u0119 odwo\u0142ywa\u0107 do jakiego\u015b enigmatycznego urz\u0119dnika w Warszawie, prezesa jakiej\u015b sp\u00f3\u0142ki, o kt\u00f3rej s\u0142yszeli lub nie. Tylko gospodarz transportu publicznego b\u0119dzie znajdowa\u0142 si\u0119 tu, na Ziemi Lubuskiej. To my b\u0119dziemy decydowa\u0107, to my b\u0119dziemy kreowa\u0107 t\u0119 rzeczywisto\u015b\u0107 i to my b\u0119dziemy bra\u0107 za ni\u0105 odpowiedzialno\u015b\u0107. Wiem, \u017ce to jest trudne. Warto zwr\u00f3ci\u0107 uwag\u0119 na efektywno\u015b\u0107 \u015bwiadczonych us\u0142ug w transporcie publicznym. Bierzemy na siebie to trudne wyzwanie, \u017ceby ogl\u0105da\u0107 ka\u017cd\u0105 z\u0142ot\u00f3wk\u0119 z bud\u017cetu wojew\u00f3dztwa lubuskiego, na kt\u00f3r\u0105 bardzo ci\u0119\u017cko, ka\u017cdego dnia, w ka\u017cdej sekundzie, minucie, godzinie pracuj\u0105 Lubuszanka i Lubuszanin. Po to, \u017ceby racjonalnie zbudowa\u0107 efektywny i w sensie dost\u0119pno\u015bci komunikacyjnej dla mieszka\u0144c\u00f3w, ale tak\u017ce efektywny w sensie ekonomicznym uk\u0142ad publicznego transportu zbiorowego &#8211; m\u00f3wi\u0142 pose\u0142 S\u0142ugocki.<\/p>\n\n\n\n<p>Doda\u0142, \u017ce przez minione lata zapada\u0142o wiele znakomitych dla wojew\u00f3dztwa lubuskiego decyzji, kt\u00f3re spowodowa\u0142y, \u017ce region obudowuje si\u0119 w r\u00f3\u017cne instytucje, kt\u00f3re b\u0119d\u0105 powodowa\u0107, i\u017c samorz\u0105d wojew\u00f3dztwa lubuskiego b\u0119dzie silniejszy, bardziej autonomiczny, sprawniejszy w swym dzia\u0142aniu.<\/p>\n\n\n\n<p>Radny <strong>S\u0142awomir Kotylak<\/strong> podkre\u015bla\u0142, \u017ce to kluczowy moment w historii wojew\u00f3dztwa, je\u015bli chodzi o transport publiczny. &#8211; Wiele dzia\u0142a\u0144 do tej pory by\u0142o realizowanych, by\u0142y r\u00f3\u017cne zakupy, r\u00f3\u017cne inwestycje, ale to jest wyznaczenie nowej drogi, nowego kierunku. Uniezale\u017cnienie si\u0119 od otoczenia daje najwi\u0119ksz\u0105 szans\u0119 na to, aby problemy transportowe tego wojew\u00f3dztwa w przeci\u0105gu kilkunastu lat rozwi\u0105za\u0107 definitywnie i mie\u0107 pe\u0142n\u0105 kontrol\u0119 nad tym, co b\u0119dzie si\u0119 dzia\u0142o, zar\u00f3wno w wymiarze transportu kolejowego, autobusowego, czyli szeroko rozumianego transportu publicznego &#8211; m\u00f3wi\u0142 radny.<\/p>\n\n\n\n<p>Sesja by\u0142a r\u00f3wnie\u017c okazj\u0105 do wymiany zda\u0144 i dyskusji. Radni dopytywali m.in. o terminy, konkretne linie, funkcjonowanie sp\u00f3\u0142ki i kapita\u0142 zak\u0142adowy.<\/p>\n\n\n\n<p><strong>Sp\u00f3\u0142ka ma zapewni\u0107 stabilny, sp\u00f3jny i efektywny transport publiczny<\/strong><\/p>\n\n\n\n<p>Sp\u00f3\u0142ka dzia\u0142a\u0107 b\u0119dzie w zakresie zadania w\u0142asnego o charakterze u\u017cyteczno\u015bci publicznej w obszarze organizacji publicznego transportu zbiorowego, w szczeg\u00f3lno\u015bci poprzez:<br>&#8211; realizacj\u0119 wojew\u00f3dzkich i mi\u0119dzywojew\u00f3dzkich przewoz\u00f3w pasa\u017cerskich w transporcie drogowym,<br>&#8211; realizacj\u0119 wojew\u00f3dzkich i mi\u0119dzywojew\u00f3dzkich przewoz\u00f3w pasa\u017cerskich w transporcie kolejowym,<br>&#8211; doskonalenie i podnoszenie standard\u00f3w publicznego transportu zbiorowego na terenie wojew\u00f3dztwa lubuskiego,<br>&#8211; administrowanie zintegrowanym systemem informacji pasa\u017cerskiej,<br>&#8211; okre\u015blanie taryf biletowych, ulg, op\u0142at dodatkowych, regulamin\u00f3w przewozu,<br>&#8211; zakup, eksploatacj\u0119 i modernizacj\u0119 taboru kolejowego,<br>&#8211; \u015bwiadczenie us\u0142ug obejmuj\u0105cych bie\u017c\u0105ce utrzymanie, serwis i naprawy taboru kolejowego oraz prowadzenie zaplecza technicznego dla taboru kolejowego.<\/p>\n\n\n\n<p>&#8211; Samorz\u0105d Wojew\u00f3dztwa Lubuskiego od wielu lat boryka si\u0119 z problemem niskiej jako\u015bci us\u0142ug przewozowych w zakresie kolejowych przewoz\u00f3w pasa\u017cerskich \u015bwiadczonych przez obecnie realizuj\u0105cego umow\u0119 operatora. Wieloletnia wsp\u00f3\u0142praca z tym operatorem wykazuje, \u017ce nie jest on w stanie zapewni\u0107 na terenie wojew\u00f3dztwa lubuskiego wysokiej jako\u015bci us\u0142ug przewozowych (notoryczne odwo\u0142ania i op\u00f3\u017anienia poci\u0105g\u00f3w), odpowiedniej do miejscowych potrzeb bazy serwisowej taboru kolejowego, sprawnego, nowoczesnego i elastycznego zarz\u0105dzania przedsi\u0119biorstwem (przewlek\u0142e procedury, brak mo\u017cliwo\u015bci szybkiego podejmowania decyzji oraz ci\u0105g\u0142e zmiany w obszarze kadry zarz\u0105dzaj\u0105cej) &#8211; odczyta\u0142a przewodnicz\u0105ca Sejmiku <strong>Anna Synowiec<\/strong>.<\/p>\n\n\n\n<p>Powy\u017csze wp\u0142ywa r\u00f3wnie\u017c na nieadekwatny wzrost nak\u0142ad\u00f3w z bud\u017cetu wojew\u00f3dztwa wobec niewielkiego wzrostu wykonywanej pracy przewozowej i jest oceniane przez Samorz\u0105d Wojew\u00f3dztwa Lubuskiego jako brak odpowiedniej efektywno\u015bci ekonomicznej. Wojew\u00f3dztwo Lubuskie w obecnym modelu organizacji przewoz\u00f3w nie posiada realnych mo\u017cliwo\u015bci wp\u0142ywania na efektywno\u015b\u0107 zarz\u0105dzania sp\u00f3\u0142k\u0105 b\u0119d\u0105c\u0105 operatorem i jej dzia\u0142alno\u015b\u0107 na terenie wojew\u00f3dztwa &#8211; czytamy w uchwale.<\/p>\n\n\n\n<p>Regionalne problemy z realizacj\u0105 kolejowych przewoz\u00f3w pasa\u017cerskich wynikaj\u0105 r\u00f3wnie\u017c w du\u017cej mierze z utrzymania taboru, kt\u00f3rego 63% stanowi obecnie w\u0142asno\u015b\u0107 Wojew\u00f3dztwa Lubuskiego, co uzasadnia potrzeb\u0119 utworzenia odr\u0119bnego podmiotu odpowiedzialnego za jego profesjonalne utrzymanie i eksploatacj\u0119.<\/p>\n\n\n\n<p>Radni wojew\u00f3dztwa uwa\u017caj\u0105, \u017ce zasadnym jest powo\u0142anie w\u0142asnej sp\u00f3\u0142ki transportowej, kt\u00f3ra pozwoli wprowadzi\u0107 jednolite standardy zarz\u0105dzania, eksploatacji i obs\u0142ugi taboru pasa\u017cerskiego oraz realizowa\u0107 b\u0119dzie na po\u017c\u0105danym poziomie wojew\u00f3dzkie i mi\u0119dzywojew\u00f3dzkie przewozy kolejowe i autobusowe oraz \u015bwiadczy\u0107 us\u0142ugi zwi\u0105zane z tym przewozem.<\/p>\n\n\n\n<p>Celem jest profesjonalne \u015bwiadczenie us\u0142ug publicznych w zakresie publicznego transportu zbiorowego (kolejowego i autobusowego) i jest odpowiedzi\u0105 na rosn\u0105ce potrzeby przewozowe mieszka\u0144c\u00f3w regionu oraz konieczno\u015b\u0107 zapewnienia wysokiej jako\u015bci us\u0142ug publicznego transportu, kt\u00f3ry b\u0119dzie \u015bwiadczony w spos\u00f3b stabilny, sp\u00f3jny i efektywny ekonomicznie. Dzi\u0119ki temu, Wojew\u00f3dztwo Lubuskie zyska podmiot dzia\u0142aj\u0105cy lokalnie, odpowiedzialny bezpo\u015brednio przed samorz\u0105dem wojew\u00f3dztwa i reaguj\u0105cy na rzeczywiste potrzeby pasa\u017cer\u00f3w, co pozwoli zagwarantowa\u0107 niezawodny i nowoczesny transport publiczny. Utworzenie wojew\u00f3dzkiej sp\u00f3\u0142ki transportowej pozwoli na uporz\u0105dkowanie struktur odpowiedzialnych za planowanie i realizacj\u0119 przewoz\u00f3w, a tak\u017ce na zwi\u0119kszenie przejrzysto\u015bci finansowania transportu publicznego.<\/p>\n\n\n\n<p>Za\u0142o\u017ceniem powo\u0142ywanej sp\u00f3\u0142ki jest mo\u017cliwo\u015b\u0107 inwestowania w nowoczesny tabor, zar\u00f3wno kolejowy jak i autobusowy wraz z nowoczesnymi systemami informacji pasa\u017cerskiej, co skutkowa\u0107 b\u0119dzie popraw\u0105 komfortu, bezpiecze\u0144stwa i satysfakcj\u0105 podr\u00f3\u017cnych z realizowanych przejazd\u00f3w. Wp\u0142ynie to na zwi\u0119kszenie konkurencyjno\u015bci transportu zbiorowego wzgl\u0119dem transportu indywidualnego. W\u0142asny podmiot transportowy umo\u017cliwi wojew\u00f3dztwu bardziej efektywne wykorzystanie \u017ar\u00f3de\u0142 finansowania, w tym \u015brodk\u00f3w unijnych oraz krajowych program\u00f3w dedykowanych wspieraniu transportu niskoemisyjnego.<\/p>\n\n\n\n<p>Na mocy uchwa\u0142y radni wyrazili zgod\u0119 na wniesienie do sp\u00f3\u0142ki wk\u0142adu pieni\u0119\u017cnego w kwocie 4 mln z\u0142 na pokrycie 4 tys. z\u0142 obejmowanych przez Wojew\u00f3dztwo Lubuskie udzia\u0142\u00f3w w kapitale zak\u0142adowym sp\u00f3\u0142ki, o warto\u015bci nominalnej 1 tys. z\u0142 ka\u017cdy, po cenie r\u00f3wnej ich warto\u015bci nominalnej.<\/p>\n","protected":false},"excerpt":{"rendered":"<p>Radni wojew\u00f3dztwa podj\u0119li uchwa\u0142\u0119 w sprawie wyra\u017cenia zgody na powo\u0142anie jednoosobowej sp\u00f3\u0142ki Wojew\u00f3dztwa Lubuskiego pod firm\u0105 Lubuski Transport Publiczny Sp. z o.o. z siedzib\u0105 w Zielonej G\u00f3rze. Za przyj\u0119ciem uchwa\u0142y jednog\u0142o\u015bnie zag\u0142osowa\u0142o 28 radnych. 8 grudnia 2025 r. odby\u0142a si\u0119 nadzwyczajna sesja Sejmiku Wojew\u00f3dztwa Lubuskiego. Tematem obrad by\u0142o powo\u0142anie transportowej sp\u00f3\u0142ki Wojew\u00f3dztwa Lubuskiego. Radni wojew\u00f3dztwa [&hellip;]<\/p>\n","protected":false},"author":1,"featured_media":37232,"comment_status":"open","ping_status":"open","sticky":false,"template":"","format":"standard","meta":{"footnotes":"","_links_to":"","_links_to_target":""},"categories":[597,589],"tags":[3658],"class_list":{"0":"post-37230","1":"post","2":"type-post","3":"status-publish","4":"format-standard","5":"has-post-thumbnail","7":"category-fakty-opinie","8":"category-wiadomosci","9":"tag-lubuski-transport-publiczny-sp-z-o-o"},"yoast_head":"<!-- This site is optimized with the Yoast SEO plugin v27.3 - https:\/\/yoast.com\/product\/yoast-seo-wordpress\/ -->\n<title>POLREGIO si\u0119 doigra\u0142o! Sejmik jednog\u0142o\u015bnie za powo\u0142aniem samorz\u0105dowej sp\u00f3\u0142ki transportowej - Gorz\u00f3w News<\/title>\n<meta name=\"description\" content=\"Radni wojew\u00f3dztwa podj\u0119li uchwa\u0142\u0119 w sprawie wyra\u017cenia zgody na powo\u0142anie jednoosobowej sp\u00f3\u0142ki Wojew\u00f3dztwa Lubuskiego pod firm\u0105 Lubuski Trans\" \/>\n<meta name=\"robots\" content=\"index, follow, max-snippet:-1, max-image-preview:large, max-video-preview:-1\" \/>\n<link rel=\"canonical\" href=\"https:\/\/gorzow.news\/index.php\/2025\/12\/08\/polregio-sie-doigralo-sejmik-jednoglosnie-za-powolaniem-samorzadowej-spolki-transportowej\/\" \/>\n<meta property=\"og:locale\" content=\"pl_PL\" \/>\n<meta property=\"og:type\" content=\"article\" \/>\n<meta property=\"og:title\" content=\"POLREGIO si\u0119 doigra\u0142o! Sejmik jednog\u0142o\u015bnie za powo\u0142aniem samorz\u0105dowej sp\u00f3\u0142ki transportowej - Gorz\u00f3w News\" \/>\n<meta property=\"og:description\" content=\"Radni wojew\u00f3dztwa podj\u0119li uchwa\u0142\u0119 w sprawie wyra\u017cenia zgody na powo\u0142anie jednoosobowej sp\u00f3\u0142ki Wojew\u00f3dztwa Lubuskiego pod firm\u0105 Lubuski Trans\" \/>\n<meta property=\"og:url\" content=\"https:\/\/gorzow.news\/index.php\/2025\/12\/08\/polregio-sie-doigralo-sejmik-jednoglosnie-za-powolaniem-samorzadowej-spolki-transportowej\/\" \/>\n<meta property=\"og:site_name\" content=\"Gorz\u00f3w News\" \/>\n<meta property=\"article:publisher\" content=\"https:\/\/www.facebook.com\/gorzowskinews\" \/>\n<meta property=\"article:published_time\" content=\"2025-12-08T21:39:37+00:00\" \/>\n<meta property=\"article:modified_time\" content=\"2025-12-08T21:43:51+00:00\" \/>\n<meta property=\"og:image\" content=\"https:\/\/gorzow.news\/wp-content\/uploads\/2025\/12\/DJI_20251208153320_0423_D-kopia.jpg\" \/>\n\t<meta property=\"og:image:width\" content=\"1600\" \/>\n\t<meta property=\"og:image:height\" content=\"757\" \/>\n\t<meta property=\"og:image:type\" content=\"image\/jpeg\" \/>\n<meta name=\"author\" content=\"maciej\" \/>\n<meta name=\"twitter:card\" content=\"summary_large_image\" \/>\n<meta name=\"twitter:label1\" content=\"Napisane przez\" \/>\n\t<meta name=\"twitter:data1\" content=\"maciej\" \/>\n\t<meta name=\"twitter:label2\" content=\"Szacowany czas czytania\" \/>\n\t<meta name=\"twitter:data2\" content=\"9 minut\" \/>\n<script type=\"application\/ld+json\" class=\"yoast-schema-graph\">{\"@context\":\"https:\\\/\\\/schema.org\",\"@graph\":[{\"@type\":\"Article\",\"@id\":\"https:\\\/\\\/gorzow.news\\\/index.php\\\/2025\\\/12\\\/08\\\/polregio-sie-doigralo-sejmik-jednoglosnie-za-powolaniem-samorzadowej-spolki-transportowej\\\/#article\",\"isPartOf\":{\"@id\":\"https:\\\/\\\/gorzow.news\\\/index.php\\\/2025\\\/12\\\/08\\\/polregio-sie-doigralo-sejmik-jednoglosnie-za-powolaniem-samorzadowej-spolki-transportowej\\\/\"},\"author\":{\"name\":\"maciej\",\"@id\":\"https:\\\/\\\/gorzow.news\\\/#\\\/schema\\\/person\\\/a1e5ab43166369f2ce236a1cd90995bb\"},\"headline\":\"POLREGIO si\u0119 doigra\u0142o! Sejmik jednog\u0142o\u015bnie za powo\u0142aniem samorz\u0105dowej sp\u00f3\u0142ki transportowej\",\"datePublished\":\"2025-12-08T21:39:37+00:00\",\"dateModified\":\"2025-12-08T21:43:51+00:00\",\"mainEntityOfPage\":{\"@id\":\"https:\\\/\\\/gorzow.news\\\/index.php\\\/2025\\\/12\\\/08\\\/polregio-sie-doigralo-sejmik-jednoglosnie-za-powolaniem-samorzadowej-spolki-transportowej\\\/\"},\"wordCount\":1739,\"commentCount\":0,\"image\":{\"@id\":\"https:\\\/\\\/gorzow.news\\\/index.php\\\/2025\\\/12\\\/08\\\/polregio-sie-doigralo-sejmik-jednoglosnie-za-powolaniem-samorzadowej-spolki-transportowej\\\/#primaryimage\"},\"thumbnailUrl\":\"https:\\\/\\\/gorzow.news\\\/wp-content\\\/uploads\\\/2025\\\/12\\\/DJI_20251208153320_0423_D-kopia.jpg\",\"keywords\":[\"Lubuski Transport Publiczny Sp. z o.o.\"],\"articleSection\":[\"Fakty i opinie\",\"Wiadomo\u015bci\"],\"inLanguage\":\"pl-PL\",\"potentialAction\":[{\"@type\":\"CommentAction\",\"name\":\"Comment\",\"target\":[\"https:\\\/\\\/gorzow.news\\\/index.php\\\/2025\\\/12\\\/08\\\/polregio-sie-doigralo-sejmik-jednoglosnie-za-powolaniem-samorzadowej-spolki-transportowej\\\/#respond\"]}]},{\"@type\":\"WebPage\",\"@id\":\"https:\\\/\\\/gorzow.news\\\/index.php\\\/2025\\\/12\\\/08\\\/polregio-sie-doigralo-sejmik-jednoglosnie-za-powolaniem-samorzadowej-spolki-transportowej\\\/\",\"url\":\"https:\\\/\\\/gorzow.news\\\/index.php\\\/2025\\\/12\\\/08\\\/polregio-sie-doigralo-sejmik-jednoglosnie-za-powolaniem-samorzadowej-spolki-transportowej\\\/\",\"name\":\"POLREGIO si\u0119 doigra\u0142o! Sejmik jednog\u0142o\u015bnie za powo\u0142aniem samorz\u0105dowej sp\u00f3\u0142ki transportowej - Gorz\u00f3w News\",\"isPartOf\":{\"@id\":\"https:\\\/\\\/gorzow.news\\\/#website\"},\"primaryImageOfPage\":{\"@id\":\"https:\\\/\\\/gorzow.news\\\/index.php\\\/2025\\\/12\\\/08\\\/polregio-sie-doigralo-sejmik-jednoglosnie-za-powolaniem-samorzadowej-spolki-transportowej\\\/#primaryimage\"},\"image\":{\"@id\":\"https:\\\/\\\/gorzow.news\\\/index.php\\\/2025\\\/12\\\/08\\\/polregio-sie-doigralo-sejmik-jednoglosnie-za-powolaniem-samorzadowej-spolki-transportowej\\\/#primaryimage\"},\"thumbnailUrl\":\"https:\\\/\\\/gorzow.news\\\/wp-content\\\/uploads\\\/2025\\\/12\\\/DJI_20251208153320_0423_D-kopia.jpg\",\"datePublished\":\"2025-12-08T21:39:37+00:00\",\"dateModified\":\"2025-12-08T21:43:51+00:00\",\"author\":{\"@id\":\"https:\\\/\\\/gorzow.news\\\/#\\\/schema\\\/person\\\/a1e5ab43166369f2ce236a1cd90995bb\"},\"description\":\"Radni wojew\u00f3dztwa podj\u0119li uchwa\u0142\u0119 w sprawie wyra\u017cenia zgody na powo\u0142anie jednoosobowej sp\u00f3\u0142ki Wojew\u00f3dztwa Lubuskiego pod firm\u0105 Lubuski Transport Publiczny sp. z o.o. z siedzib\u0105 w Zielonej G\u00f3rze. Za przyj\u0119ciem uchwa\u0142y jednog\u0142o\u015bnie zag\u0142osowa\u0142o 28 radnych.\",\"breadcrumb\":{\"@id\":\"https:\\\/\\\/gorzow.news\\\/index.php\\\/2025\\\/12\\\/08\\\/polregio-sie-doigralo-sejmik-jednoglosnie-za-powolaniem-samorzadowej-spolki-transportowej\\\/#breadcrumb\"},\"inLanguage\":\"pl-PL\",\"potentialAction\":[{\"@type\":\"ReadAction\",\"target\":[\"https:\\\/\\\/gorzow.news\\\/index.php\\\/2025\\\/12\\\/08\\\/polregio-sie-doigralo-sejmik-jednoglosnie-za-powolaniem-samorzadowej-spolki-transportowej\\\/\"]}]},{\"@type\":\"ImageObject\",\"inLanguage\":\"pl-PL\",\"@id\":\"https:\\\/\\\/gorzow.news\\\/index.php\\\/2025\\\/12\\\/08\\\/polregio-sie-doigralo-sejmik-jednoglosnie-za-powolaniem-samorzadowej-spolki-transportowej\\\/#primaryimage\",\"url\":\"https:\\\/\\\/gorzow.news\\\/wp-content\\\/uploads\\\/2025\\\/12\\\/DJI_20251208153320_0423_D-kopia.jpg\",\"contentUrl\":\"https:\\\/\\\/gorzow.news\\\/wp-content\\\/uploads\\\/2025\\\/12\\\/DJI_20251208153320_0423_D-kopia.jpg\",\"width\":1600,\"height\":757,\"caption\":\"Czas na zmiany na lubuskich torach.\"},{\"@type\":\"BreadcrumbList\",\"@id\":\"https:\\\/\\\/gorzow.news\\\/index.php\\\/2025\\\/12\\\/08\\\/polregio-sie-doigralo-sejmik-jednoglosnie-za-powolaniem-samorzadowej-spolki-transportowej\\\/#breadcrumb\",\"itemListElement\":[{\"@type\":\"ListItem\",\"position\":1,\"name\":\"Home\",\"item\":\"https:\\\/\\\/gorzow.news\\\/\"},{\"@type\":\"ListItem\",\"position\":2,\"name\":\"POLREGIO si\u0119 doigra\u0142o! Sejmik jednog\u0142o\u015bnie za powo\u0142aniem samorz\u0105dowej sp\u00f3\u0142ki transportowej\"}]},{\"@type\":\"WebSite\",\"@id\":\"https:\\\/\\\/gorzow.news\\\/#website\",\"url\":\"https:\\\/\\\/gorzow.news\\\/\",\"name\":\"Gorz\u00f3w News\",\"description\":\"Sp\u00f3jrz inaczej na miato i region...\",\"potentialAction\":[{\"@type\":\"SearchAction\",\"target\":{\"@type\":\"EntryPoint\",\"urlTemplate\":\"https:\\\/\\\/gorzow.news\\\/?s={search_term_string}\"},\"query-input\":{\"@type\":\"PropertyValueSpecification\",\"valueRequired\":true,\"valueName\":\"search_term_string\"}}],\"inLanguage\":\"pl-PL\"},{\"@type\":\"Person\",\"@id\":\"https:\\\/\\\/gorzow.news\\\/#\\\/schema\\\/person\\\/a1e5ab43166369f2ce236a1cd90995bb\",\"name\":\"maciej\",\"image\":{\"@type\":\"ImageObject\",\"inLanguage\":\"pl-PL\",\"@id\":\"https:\\\/\\\/secure.gravatar.com\\\/avatar\\\/530a674d56ba60cfa0ef21d74e8e8d123a51bb7aa6580465b5c2ab2c2e980a19?s=96&r=g&d=https:\\\/\\\/gorzow.news\\\/wp-content\\\/plugins\\\/userswp\\\/assets\\\/images\\\/no_profile.png\",\"url\":\"https:\\\/\\\/secure.gravatar.com\\\/avatar\\\/530a674d56ba60cfa0ef21d74e8e8d123a51bb7aa6580465b5c2ab2c2e980a19?s=96&r=g&d=https:\\\/\\\/gorzow.news\\\/wp-content\\\/plugins\\\/userswp\\\/assets\\\/images\\\/no_profile.png\",\"contentUrl\":\"https:\\\/\\\/secure.gravatar.com\\\/avatar\\\/530a674d56ba60cfa0ef21d74e8e8d123a51bb7aa6580465b5c2ab2c2e980a19?s=96&r=g&d=https:\\\/\\\/gorzow.news\\\/wp-content\\\/plugins\\\/userswp\\\/assets\\\/images\\\/no_profile.png\",\"caption\":\"maciej\"},\"url\":\"https:\\\/\\\/gorzow.news\\\/index.php\\\/profile\\\/maciej\\\/\"}]}<\/script>\n<!-- \/ Yoast SEO plugin. -->","yoast_head_json":{"title":"POLREGIO si\u0119 doigra\u0142o! Sejmik jednog\u0142o\u015bnie za powo\u0142aniem samorz\u0105dowej sp\u00f3\u0142ki transportowej - Gorz\u00f3w News","description":"Radni wojew\u00f3dztwa podj\u0119li uchwa\u0142\u0119 w sprawie wyra\u017cenia zgody na powo\u0142anie jednoosobowej sp\u00f3\u0142ki Wojew\u00f3dztwa Lubuskiego pod firm\u0105 Lubuski Trans","robots":{"index":"index","follow":"follow","max-snippet":"max-snippet:-1","max-image-preview":"max-image-preview:large","max-video-preview":"max-video-preview:-1"},"canonical":"https:\/\/gorzow.news\/index.php\/2025\/12\/08\/polregio-sie-doigralo-sejmik-jednoglosnie-za-powolaniem-samorzadowej-spolki-transportowej\/","og_locale":"pl_PL","og_type":"article","og_title":"POLREGIO si\u0119 doigra\u0142o! Sejmik jednog\u0142o\u015bnie za powo\u0142aniem samorz\u0105dowej sp\u00f3\u0142ki transportowej - Gorz\u00f3w News","og_description":"Radni wojew\u00f3dztwa podj\u0119li uchwa\u0142\u0119 w sprawie wyra\u017cenia zgody na powo\u0142anie jednoosobowej sp\u00f3\u0142ki Wojew\u00f3dztwa Lubuskiego pod firm\u0105 Lubuski Trans","og_url":"https:\/\/gorzow.news\/index.php\/2025\/12\/08\/polregio-sie-doigralo-sejmik-jednoglosnie-za-powolaniem-samorzadowej-spolki-transportowej\/","og_site_name":"Gorz\u00f3w News","article_publisher":"https:\/\/www.facebook.com\/gorzowskinews","article_published_time":"2025-12-08T21:39:37+00:00","article_modified_time":"2025-12-08T21:43:51+00:00","og_image":[{"width":1600,"height":757,"url":"https:\/\/gorzow.news\/wp-content\/uploads\/2025\/12\/DJI_20251208153320_0423_D-kopia.jpg","type":"image\/jpeg"}],"author":"maciej","twitter_card":"summary_large_image","twitter_misc":{"Napisane przez":"maciej","Szacowany czas czytania":"9 minut"},"schema":{"@context":"https:\/\/schema.org","@graph":[{"@type":"Article","@id":"https:\/\/gorzow.news\/index.php\/2025\/12\/08\/polregio-sie-doigralo-sejmik-jednoglosnie-za-powolaniem-samorzadowej-spolki-transportowej\/#article","isPartOf":{"@id":"https:\/\/gorzow.news\/index.php\/2025\/12\/08\/polregio-sie-doigralo-sejmik-jednoglosnie-za-powolaniem-samorzadowej-spolki-transportowej\/"},"author":{"name":"maciej","@id":"https:\/\/gorzow.news\/#\/schema\/person\/a1e5ab43166369f2ce236a1cd90995bb"},"headline":"POLREGIO si\u0119 doigra\u0142o! Sejmik jednog\u0142o\u015bnie za powo\u0142aniem samorz\u0105dowej sp\u00f3\u0142ki transportowej","datePublished":"2025-12-08T21:39:37+00:00","dateModified":"2025-12-08T21:43:51+00:00","mainEntityOfPage":{"@id":"https:\/\/gorzow.news\/index.php\/2025\/12\/08\/polregio-sie-doigralo-sejmik-jednoglosnie-za-powolaniem-samorzadowej-spolki-transportowej\/"},"wordCount":1739,"commentCount":0,"image":{"@id":"https:\/\/gorzow.news\/index.php\/2025\/12\/08\/polregio-sie-doigralo-sejmik-jednoglosnie-za-powolaniem-samorzadowej-spolki-transportowej\/#primaryimage"},"thumbnailUrl":"https:\/\/gorzow.news\/wp-content\/uploads\/2025\/12\/DJI_20251208153320_0423_D-kopia.jpg","keywords":["Lubuski Transport Publiczny Sp. z o.o."],"articleSection":["Fakty i opinie","Wiadomo\u015bci"],"inLanguage":"pl-PL","potentialAction":[{"@type":"CommentAction","name":"Comment","target":["https:\/\/gorzow.news\/index.php\/2025\/12\/08\/polregio-sie-doigralo-sejmik-jednoglosnie-za-powolaniem-samorzadowej-spolki-transportowej\/#respond"]}]},{"@type":"WebPage","@id":"https:\/\/gorzow.news\/index.php\/2025\/12\/08\/polregio-sie-doigralo-sejmik-jednoglosnie-za-powolaniem-samorzadowej-spolki-transportowej\/","url":"https:\/\/gorzow.news\/index.php\/2025\/12\/08\/polregio-sie-doigralo-sejmik-jednoglosnie-za-powolaniem-samorzadowej-spolki-transportowej\/","name":"POLREGIO si\u0119 doigra\u0142o! Sejmik jednog\u0142o\u015bnie za powo\u0142aniem samorz\u0105dowej sp\u00f3\u0142ki transportowej - Gorz\u00f3w News","isPartOf":{"@id":"https:\/\/gorzow.news\/#website"},"primaryImageOfPage":{"@id":"https:\/\/gorzow.news\/index.php\/2025\/12\/08\/polregio-sie-doigralo-sejmik-jednoglosnie-za-powolaniem-samorzadowej-spolki-transportowej\/#primaryimage"},"image":{"@id":"https:\/\/gorzow.news\/index.php\/2025\/12\/08\/polregio-sie-doigralo-sejmik-jednoglosnie-za-powolaniem-samorzadowej-spolki-transportowej\/#primaryimage"},"thumbnailUrl":"https:\/\/gorzow.news\/wp-content\/uploads\/2025\/12\/DJI_20251208153320_0423_D-kopia.jpg","datePublished":"2025-12-08T21:39:37+00:00","dateModified":"2025-12-08T21:43:51+00:00","author":{"@id":"https:\/\/gorzow.news\/#\/schema\/person\/a1e5ab43166369f2ce236a1cd90995bb"},"description":"Radni wojew\u00f3dztwa podj\u0119li uchwa\u0142\u0119 w sprawie wyra\u017cenia zgody na powo\u0142anie jednoosobowej sp\u00f3\u0142ki Wojew\u00f3dztwa Lubuskiego pod firm\u0105 Lubuski Transport Publiczny sp. z o.o. z siedzib\u0105 w Zielonej G\u00f3rze. Za przyj\u0119ciem uchwa\u0142y jednog\u0142o\u015bnie zag\u0142osowa\u0142o 28 radnych.","breadcrumb":{"@id":"https:\/\/gorzow.news\/index.php\/2025\/12\/08\/polregio-sie-doigralo-sejmik-jednoglosnie-za-powolaniem-samorzadowej-spolki-transportowej\/#breadcrumb"},"inLanguage":"pl-PL","potentialAction":[{"@type":"ReadAction","target":["https:\/\/gorzow.news\/index.php\/2025\/12\/08\/polregio-sie-doigralo-sejmik-jednoglosnie-za-powolaniem-samorzadowej-spolki-transportowej\/"]}]},{"@type":"ImageObject","inLanguage":"pl-PL","@id":"https:\/\/gorzow.news\/index.php\/2025\/12\/08\/polregio-sie-doigralo-sejmik-jednoglosnie-za-powolaniem-samorzadowej-spolki-transportowej\/#primaryimage","url":"https:\/\/gorzow.news\/wp-content\/uploads\/2025\/12\/DJI_20251208153320_0423_D-kopia.jpg","contentUrl":"https:\/\/gorzow.news\/wp-content\/uploads\/2025\/12\/DJI_20251208153320_0423_D-kopia.jpg","width":1600,"height":757,"caption":"Czas na zmiany na lubuskich torach."},{"@type":"BreadcrumbList","@id":"https:\/\/gorzow.news\/index.php\/2025\/12\/08\/polregio-sie-doigralo-sejmik-jednoglosnie-za-powolaniem-samorzadowej-spolki-transportowej\/#breadcrumb","itemListElement":[{"@type":"ListItem","position":1,"name":"Home","item":"https:\/\/gorzow.news\/"},{"@type":"ListItem","position":2,"name":"POLREGIO si\u0119 doigra\u0142o! Sejmik jednog\u0142o\u015bnie za powo\u0142aniem samorz\u0105dowej sp\u00f3\u0142ki transportowej"}]},{"@type":"WebSite","@id":"https:\/\/gorzow.news\/#website","url":"https:\/\/gorzow.news\/","name":"Gorz\u00f3w News","description":"Sp\u00f3jrz inaczej na miato i region...","potentialAction":[{"@type":"SearchAction","target":{"@type":"EntryPoint","urlTemplate":"https:\/\/gorzow.news\/?s={search_term_string}"},"query-input":{"@type":"PropertyValueSpecification","valueRequired":true,"valueName":"search_term_string"}}],"inLanguage":"pl-PL"},{"@type":"Person","@id":"https:\/\/gorzow.news\/#\/schema\/person\/a1e5ab43166369f2ce236a1cd90995bb","name":"maciej","image":{"@type":"ImageObject","inLanguage":"pl-PL","@id":"https:\/\/secure.gravatar.com\/avatar\/530a674d56ba60cfa0ef21d74e8e8d123a51bb7aa6580465b5c2ab2c2e980a19?s=96&r=g&d=https:\/\/gorzow.news\/wp-content\/plugins\/userswp\/assets\/images\/no_profile.png","url":"https:\/\/secure.gravatar.com\/avatar\/530a674d56ba60cfa0ef21d74e8e8d123a51bb7aa6580465b5c2ab2c2e980a19?s=96&r=g&d=https:\/\/gorzow.news\/wp-content\/plugins\/userswp\/assets\/images\/no_profile.png","contentUrl":"https:\/\/secure.gravatar.com\/avatar\/530a674d56ba60cfa0ef21d74e8e8d123a51bb7aa6580465b5c2ab2c2e980a19?s=96&r=g&d=https:\/\/gorzow.news\/wp-content\/plugins\/userswp\/assets\/images\/no_profile.png","caption":"maciej"},"url":"https:\/\/gorzow.news\/index.php\/profile\/maciej\/"}]}},"_links":{"self":[{"href":"https:\/\/gorzow.news\/index.php\/wp-json\/wp\/v2\/posts\/37230","targetHints":{"allow":["GET"]}}],"collection":[{"href":"https:\/\/gorzow.news\/index.php\/wp-json\/wp\/v2\/posts"}],"about":[{"href":"https:\/\/gorzow.news\/index.php\/wp-json\/wp\/v2\/types\/post"}],"author":[{"embeddable":true,"href":"https:\/\/gorzow.news\/index.php\/wp-json\/wp\/v2\/users\/1"}],"replies":[{"embeddable":true,"href":"https:\/\/gorzow.news\/index.php\/wp-json\/wp\/v2\/comments?post=37230"}],"version-history":[{"count":2,"href":"https:\/\/gorzow.news\/index.php\/wp-json\/wp\/v2\/posts\/37230\/revisions"}],"predecessor-version":[{"id":37234,"href":"https:\/\/gorzow.news\/index.php\/wp-json\/wp\/v2\/posts\/37230\/revisions\/37234"}],"wp:featuredmedia":[{"embeddable":true,"href":"https:\/\/gorzow.news\/index.php\/wp-json\/wp\/v2\/media\/37232"}],"wp:attachment":[{"href":"https:\/\/gorzow.news\/index.php\/wp-json\/wp\/v2\/media?parent=37230"}],"wp:term":[{"taxonomy":"category","embeddable":true,"href":"https:\/\/gorzow.news\/index.php\/wp-json\/wp\/v2\/categories?post=37230"},{"taxonomy":"post_tag","embeddable":true,"href":"https:\/\/gorzow.news\/index.php\/wp-json\/wp\/v2\/tags?post=37230"}],"curies":[{"name":"wp","href":"https:\/\/api.w.org\/{rel}","templated":true}]}}