{"id":3706,"date":"2021-10-19T13:29:16","date_gmt":"2021-10-19T11:29:16","guid":{"rendered":"https:\/\/gorzow.news\/?p=3706"},"modified":"2021-10-19T13:32:03","modified_gmt":"2021-10-19T11:32:03","slug":"trwa-docieplanie-przemyslowki-jak-bedzie-wygladal-budynek-zdjecia","status":"publish","type":"post","link":"https:\/\/gorzow.news\/index.php\/2021\/10\/19\/trwa-docieplanie-przemyslowki-jak-bedzie-wygladal-budynek-zdjecia\/","title":{"rendered":"Trwa docieplanie Przemys\u0142\u00f3wki. Jak b\u0119dzie wygl\u0105da\u0142 budynek? (zdj\u0119cia)"},"content":{"rendered":"\n<p><strong>W po\u0142owie wrze\u015bnia firma GOTECH rozpocz\u0119\u0142a demonta\u017c metalowych element\u00f3w elewacji by\u0142ego budynku Przemys\u0142\u00f3wki. Budynek od strony ulic We\u0142niany Rynek i Chrobrego zosta\u0142 ju\u017c praktycznie w ca\u0142o\u015bci ocieplony. Sprawdzili\u015bmy, jak ma wygl\u0105da\u0107 elewacja budynku po zako\u0144czeniu wszystkich prac.<\/strong><\/p>\n\n\n\n<p>Przebudowa Przemys\u0142\u00f3wki na potrzeby Arsena\u0142u Kultury trwa od kwietnia tego roku. Dolny budynek zosta\u0142 praktycznie wyburzony. Pozosta\u0142a tylko jego ma\u0142a cze\u015b\u0107. W tym miejscu powstanie sala koncertowa dla Miejskiego Centrum Kultury, kt\u00f3re przeniesie si\u0119 tutaj po zako\u0144czeniu wszystkich prac.<\/p>\n\n\n\n<p>Nowa elewacja budynku ma by\u0107 wykonana w barwach beli i szaro\u015bci. Nowy &#8211; niski budynek dodatkowo b\u0119dzie mia\u0142 elementy z drewna i betonu.<\/p>\n\n\n\n<p>Wszystkie prace maj\u0105 zosta\u0107 zako\u0144czone do 31 pa\u017adziernika 2022 roku. Inwestycja ma unijne wsparcie z Regionalnego Programu Operacyjnego \u2013 Lubuskie 2020. Miastu przyznano 9,4 mln z\u0142. Ca\u0142a inwestycja wraz z wcze\u015bniejszymi pracami i zakupem dzia\u0142ki kosztowa\u0107 b\u0119dzie miasto prawie 37 mln z\u0142otych.<\/p>\n\n\n\n<p><strong>Przeczytaj tak\u017ce:<\/strong><br>&#8211; <a href=\"https:\/\/gorzow.news\/index.php\/2021\/09\/13\/rozpoczyna-sie-remont-elewacji-biurowca-bylej-przemyslowki-zdjecia\/\">Rozpoczyna si\u0119 remont elewacji biurowca by\u0142ej Przemys\u0142\u00f3wki (zdj\u0119cia)<\/a><br>&#8211; <a href=\"https:\/\/gorzow.news\/index.php\/2021\/08\/28\/dolnej-czesci-przemyslowki-juz-prawie-nie-ma-zdjecia\/\">Dolnej cz\u0119\u015bci Przemys\u0142\u00f3wki ju\u017c prawie nie ma! (zdj\u0119cia)<\/a><br>&#8211; <a href=\"https:\/\/gorzow.news\/index.php\/2021\/08\/02\/trwa-wyburzanie-dolnej-czesci-przemyslowki-za-rok-ma-tu-byc-miejskie-centrum-kultury-zdjecia\/\">Trwa wyburzanie dolnej cz\u0119\u015bci Przemys\u0142\u00f3wki! Za rok ma tu by\u0107 Miejskie Centrum Kultury! (zdj\u0119cia)<\/a><\/p>\n\n\n\n<p><strong>Tak ma wygl\u0105da\u0107 elewacja Przemys\u0142\u00f3wki:<\/strong><\/p>\n\n\n\n<figure class=\"wp-block-image size-large\"><img loading=\"lazy\" decoding=\"async\" width=\"1024\" height=\"683\" src=\"https:\/\/gorzow.news\/wp-content\/uploads\/2021\/10\/przem1-1024x683.jpeg\" alt=\"\" class=\"wp-image-3707\" srcset=\"https:\/\/gorzow.news\/wp-content\/uploads\/2021\/10\/przem1-1024x683.jpeg 1024w, https:\/\/gorzow.news\/wp-content\/uploads\/2021\/10\/przem1-300x200.jpeg 300w, https:\/\/gorzow.news\/wp-content\/uploads\/2021\/10\/przem1-768x512.jpeg 768w, https:\/\/gorzow.news\/wp-content\/uploads\/2021\/10\/przem1-696x464.jpeg 696w, https:\/\/gorzow.news\/wp-content\/uploads\/2021\/10\/przem1-1068x712.jpeg 1068w, https:\/\/gorzow.news\/wp-content\/uploads\/2021\/10\/przem1.jpeg 1200w\" sizes=\"auto, (max-width: 1024px) 100vw, 1024px\" \/><\/figure>\n\n\n\n<figure class=\"wp-block-image size-large\"><img loading=\"lazy\" decoding=\"async\" width=\"1024\" height=\"683\" src=\"https:\/\/gorzow.news\/wp-content\/uploads\/2021\/10\/przem2-1024x683.jpg\" alt=\"\" class=\"wp-image-3708\" srcset=\"https:\/\/gorzow.news\/wp-content\/uploads\/2021\/10\/przem2-1024x683.jpg 1024w, https:\/\/gorzow.news\/wp-content\/uploads\/2021\/10\/przem2-300x200.jpg 300w, https:\/\/gorzow.news\/wp-content\/uploads\/2021\/10\/przem2-768x512.jpg 768w, https:\/\/gorzow.news\/wp-content\/uploads\/2021\/10\/przem2-696x464.jpg 696w, https:\/\/gorzow.news\/wp-content\/uploads\/2021\/10\/przem2-1068x712.jpg 1068w, https:\/\/gorzow.news\/wp-content\/uploads\/2021\/10\/przem2.jpg 1200w\" sizes=\"auto, (max-width: 1024px) 100vw, 1024px\" \/><\/figure>\n\n\n\n<figure class=\"wp-block-image size-full\"><img loading=\"lazy\" decoding=\"async\" width=\"840\" height=\"520\" src=\"https:\/\/gorzow.news\/wp-content\/uploads\/2021\/10\/Screenshot_2021-05-15-Miejskie-Centrum-Kultury-w-Gorzowie-Wielkopolskim-Ski-Studio1.png\" alt=\"\" class=\"wp-image-3709\" srcset=\"https:\/\/gorzow.news\/wp-content\/uploads\/2021\/10\/Screenshot_2021-05-15-Miejskie-Centrum-Kultury-w-Gorzowie-Wielkopolskim-Ski-Studio1.png 840w, https:\/\/gorzow.news\/wp-content\/uploads\/2021\/10\/Screenshot_2021-05-15-Miejskie-Centrum-Kultury-w-Gorzowie-Wielkopolskim-Ski-Studio1-300x186.png 300w, https:\/\/gorzow.news\/wp-content\/uploads\/2021\/10\/Screenshot_2021-05-15-Miejskie-Centrum-Kultury-w-Gorzowie-Wielkopolskim-Ski-Studio1-768x475.png 768w, https:\/\/gorzow.news\/wp-content\/uploads\/2021\/10\/Screenshot_2021-05-15-Miejskie-Centrum-Kultury-w-Gorzowie-Wielkopolskim-Ski-Studio1-696x431.png 696w\" sizes=\"auto, (max-width: 840px) 100vw, 840px\" \/><\/figure>\n\n\n\n<figure class=\"wp-block-image size-full\"><img loading=\"lazy\" decoding=\"async\" width=\"840\" height=\"409\" src=\"https:\/\/gorzow.news\/wp-content\/uploads\/2021\/10\/Screenshot_2021-05-15-Miejskie-Centrum-Kultury-w-Gorzowie-Wielkopolskim-Ski-Studio.png\" alt=\"\" class=\"wp-image-3710\" srcset=\"https:\/\/gorzow.news\/wp-content\/uploads\/2021\/10\/Screenshot_2021-05-15-Miejskie-Centrum-Kultury-w-Gorzowie-Wielkopolskim-Ski-Studio.png 840w, https:\/\/gorzow.news\/wp-content\/uploads\/2021\/10\/Screenshot_2021-05-15-Miejskie-Centrum-Kultury-w-Gorzowie-Wielkopolskim-Ski-Studio-300x146.png 300w, https:\/\/gorzow.news\/wp-content\/uploads\/2021\/10\/Screenshot_2021-05-15-Miejskie-Centrum-Kultury-w-Gorzowie-Wielkopolskim-Ski-Studio-768x374.png 768w, https:\/\/gorzow.news\/wp-content\/uploads\/2021\/10\/Screenshot_2021-05-15-Miejskie-Centrum-Kultury-w-Gorzowie-Wielkopolskim-Ski-Studio-696x339.png 696w\" sizes=\"auto, (max-width: 840px) 100vw, 840px\" \/><\/figure>\n\n\n\n<p><strong>Aktualne zdj\u0119cia:<\/strong><\/p>\n\n\n\n<figure class=\"wp-block-image size-large\"><img loading=\"lazy\" decoding=\"async\" width=\"1024\" height=\"485\" src=\"https:\/\/gorzow.news\/wp-content\/uploads\/2021\/10\/IMG_20211018_172522_1-1024x485.jpg\" alt=\"\" class=\"wp-image-3713\" srcset=\"https:\/\/gorzow.news\/wp-content\/uploads\/2021\/10\/IMG_20211018_172522_1-1024x485.jpg 1024w, https:\/\/gorzow.news\/wp-content\/uploads\/2021\/10\/IMG_20211018_172522_1-300x142.jpg 300w, https:\/\/gorzow.news\/wp-content\/uploads\/2021\/10\/IMG_20211018_172522_1-768x363.jpg 768w, https:\/\/gorzow.news\/wp-content\/uploads\/2021\/10\/IMG_20211018_172522_1-1536x727.jpg 1536w, https:\/\/gorzow.news\/wp-content\/uploads\/2021\/10\/IMG_20211018_172522_1-2048x969.jpg 2048w, https:\/\/gorzow.news\/wp-content\/uploads\/2021\/10\/IMG_20211018_172522_1-696x329.jpg 696w, https:\/\/gorzow.news\/wp-content\/uploads\/2021\/10\/IMG_20211018_172522_1-1068x505.jpg 1068w, https:\/\/gorzow.news\/wp-content\/uploads\/2021\/10\/IMG_20211018_172522_1-1920x909.jpg 1920w\" sizes=\"auto, (max-width: 1024px) 100vw, 1024px\" \/><\/figure>\n\n\n\n<figure class=\"wp-block-image size-large\"><img loading=\"lazy\" decoding=\"async\" width=\"1024\" height=\"485\" src=\"https:\/\/gorzow.news\/wp-content\/uploads\/2021\/10\/IMG_20211018_172449-1024x485.jpg\" alt=\"\" class=\"wp-image-3712\" srcset=\"https:\/\/gorzow.news\/wp-content\/uploads\/2021\/10\/IMG_20211018_172449-1024x485.jpg 1024w, https:\/\/gorzow.news\/wp-content\/uploads\/2021\/10\/IMG_20211018_172449-300x142.jpg 300w, https:\/\/gorzow.news\/wp-content\/uploads\/2021\/10\/IMG_20211018_172449-768x363.jpg 768w, https:\/\/gorzow.news\/wp-content\/uploads\/2021\/10\/IMG_20211018_172449-1536x727.jpg 1536w, https:\/\/gorzow.news\/wp-content\/uploads\/2021\/10\/IMG_20211018_172449-2048x969.jpg 2048w, https:\/\/gorzow.news\/wp-content\/uploads\/2021\/10\/IMG_20211018_172449-696x329.jpg 696w, https:\/\/gorzow.news\/wp-content\/uploads\/2021\/10\/IMG_20211018_172449-1068x505.jpg 1068w, https:\/\/gorzow.news\/wp-content\/uploads\/2021\/10\/IMG_20211018_172449-1920x909.jpg 1920w\" sizes=\"auto, (max-width: 1024px) 100vw, 1024px\" \/><\/figure>\n\n\n\n<figure class=\"wp-block-image size-large\"><img loading=\"lazy\" decoding=\"async\" width=\"1024\" height=\"485\" src=\"https:\/\/gorzow.news\/wp-content\/uploads\/2021\/10\/IMG_20211018_172412-1024x485.jpg\" alt=\"\" class=\"wp-image-3711\" srcset=\"https:\/\/gorzow.news\/wp-content\/uploads\/2021\/10\/IMG_20211018_172412-1024x485.jpg 1024w, https:\/\/gorzow.news\/wp-content\/uploads\/2021\/10\/IMG_20211018_172412-300x142.jpg 300w, https:\/\/gorzow.news\/wp-content\/uploads\/2021\/10\/IMG_20211018_172412-768x363.jpg 768w, https:\/\/gorzow.news\/wp-content\/uploads\/2021\/10\/IMG_20211018_172412-1536x727.jpg 1536w, https:\/\/gorzow.news\/wp-content\/uploads\/2021\/10\/IMG_20211018_172412-2048x969.jpg 2048w, https:\/\/gorzow.news\/wp-content\/uploads\/2021\/10\/IMG_20211018_172412-696x329.jpg 696w, https:\/\/gorzow.news\/wp-content\/uploads\/2021\/10\/IMG_20211018_172412-1068x505.jpg 1068w, https:\/\/gorzow.news\/wp-content\/uploads\/2021\/10\/IMG_20211018_172412-1920x909.jpg 1920w\" sizes=\"auto, (max-width: 1024px) 100vw, 1024px\" \/><\/figure>\n","protected":false},"excerpt":{"rendered":"<p>W po\u0142owie wrze\u015bnia firma GOTECH rozpocz\u0119\u0142a demonta\u017c metalowych element\u00f3w elewacji by\u0142ego budynku Przemys\u0142\u00f3wki. Budynek od strony ulic We\u0142niany Rynek i Chrobrego zosta\u0142 ju\u017c praktycznie w ca\u0142o\u015bci ocieplony. Sprawdzili\u015bmy, jak ma wygl\u0105da\u0107 elewacja budynku po zako\u0144czeniu wszystkich prac.<\/p>\n","protected":false},"author":1,"featured_media":3715,"comment_status":"open","ping_status":"open","sticky":false,"template":"","format":"standard","meta":{"footnotes":"","_links_to":"","_links_to_target":""},"categories":[593,589],"tags":[698,78,190,639,477,640,181],"class_list":{"0":"post-3706","1":"post","2":"type-post","3":"status-publish","4":"format-standard","5":"has-post-thumbnail","7":"category-inwestycje-miejskie","8":"category-wiadomosci","9":"tag-arsenal-kultury","10":"tag-chrobrego","11":"tag-gotech","12":"tag-miejskie-centrum-kultury","13":"tag-przemyslowka","14":"tag-sala-koncertowa","15":"tag-welniany-rynek"},"yoast_head":"<!-- This site is optimized with the Yoast SEO plugin v27.3 - https:\/\/yoast.com\/product\/yoast-seo-wordpress\/ -->\n<title>Trwa docieplanie Przemys\u0142\u00f3wki. Jak b\u0119dzie wygl\u0105da\u0142 budynek? (zdj\u0119cia) - Gorz\u00f3w News<\/title>\n<meta name=\"description\" content=\"W po\u0142owie wrze\u015bnia firma GOTECH rozpocz\u0119\u0142a demonta\u017c metalowych element\u00f3w elewacji by\u0142ego budynku Przemys\u0142\u00f3wki. Budynek od strony ulic We\u0142nia\" \/>\n<meta name=\"robots\" content=\"index, follow, max-snippet:-1, max-image-preview:large, max-video-preview:-1\" \/>\n<link rel=\"canonical\" href=\"https:\/\/gorzow.news\/index.php\/2021\/10\/19\/trwa-docieplanie-przemyslowki-jak-bedzie-wygladal-budynek-zdjecia\/\" \/>\n<meta property=\"og:locale\" content=\"pl_PL\" \/>\n<meta property=\"og:type\" content=\"article\" \/>\n<meta property=\"og:title\" content=\"Trwa docieplanie Przemys\u0142\u00f3wki. Jak b\u0119dzie wygl\u0105da\u0142 budynek? (zdj\u0119cia) - Gorz\u00f3w News\" \/>\n<meta property=\"og:description\" content=\"W po\u0142owie wrze\u015bnia firma GOTECH rozpocz\u0119\u0142a demonta\u017c metalowych element\u00f3w elewacji by\u0142ego budynku Przemys\u0142\u00f3wki. Budynek od strony ulic We\u0142nia\" \/>\n<meta property=\"og:url\" content=\"https:\/\/gorzow.news\/index.php\/2021\/10\/19\/trwa-docieplanie-przemyslowki-jak-bedzie-wygladal-budynek-zdjecia\/\" \/>\n<meta property=\"og:site_name\" content=\"Gorz\u00f3w News\" \/>\n<meta property=\"article:publisher\" content=\"https:\/\/www.facebook.com\/gorzowskinews\" \/>\n<meta property=\"article:published_time\" content=\"2021-10-19T11:29:16+00:00\" \/>\n<meta property=\"article:modified_time\" content=\"2021-10-19T11:32:03+00:00\" \/>\n<meta property=\"og:image\" content=\"https:\/\/gorzow.news\/wp-content\/uploads\/2021\/10\/IMG_20211018_172819-1-scaled.jpg\" \/>\n\t<meta property=\"og:image:width\" content=\"2560\" \/>\n\t<meta property=\"og:image:height\" content=\"1211\" \/>\n\t<meta property=\"og:image:type\" content=\"image\/jpeg\" \/>\n<meta name=\"author\" content=\"maciej\" \/>\n<meta name=\"twitter:card\" content=\"summary_large_image\" \/>\n<meta name=\"twitter:label1\" content=\"Napisane przez\" \/>\n\t<meta name=\"twitter:data1\" content=\"maciej\" \/>\n\t<meta name=\"twitter:label2\" content=\"Szacowany czas czytania\" \/>\n\t<meta name=\"twitter:data2\" content=\"3 minuty\" \/>\n<script type=\"application\/ld+json\" class=\"yoast-schema-graph\">{\"@context\":\"https:\\\/\\\/schema.org\",\"@graph\":[{\"@type\":\"Article\",\"@id\":\"https:\\\/\\\/gorzow.news\\\/index.php\\\/2021\\\/10\\\/19\\\/trwa-docieplanie-przemyslowki-jak-bedzie-wygladal-budynek-zdjecia\\\/#article\",\"isPartOf\":{\"@id\":\"https:\\\/\\\/gorzow.news\\\/index.php\\\/2021\\\/10\\\/19\\\/trwa-docieplanie-przemyslowki-jak-bedzie-wygladal-budynek-zdjecia\\\/\"},\"author\":{\"name\":\"maciej\",\"@id\":\"https:\\\/\\\/gorzow.news\\\/#\\\/schema\\\/person\\\/a1e5ab43166369f2ce236a1cd90995bb\"},\"headline\":\"Trwa docieplanie Przemys\u0142\u00f3wki. Jak b\u0119dzie wygl\u0105da\u0142 budynek? (zdj\u0119cia)\",\"datePublished\":\"2021-10-19T11:29:16+00:00\",\"dateModified\":\"2021-10-19T11:32:03+00:00\",\"mainEntityOfPage\":{\"@id\":\"https:\\\/\\\/gorzow.news\\\/index.php\\\/2021\\\/10\\\/19\\\/trwa-docieplanie-przemyslowki-jak-bedzie-wygladal-budynek-zdjecia\\\/\"},\"wordCount\":229,\"commentCount\":0,\"image\":{\"@id\":\"https:\\\/\\\/gorzow.news\\\/index.php\\\/2021\\\/10\\\/19\\\/trwa-docieplanie-przemyslowki-jak-bedzie-wygladal-budynek-zdjecia\\\/#primaryimage\"},\"thumbnailUrl\":\"https:\\\/\\\/gorzow.news\\\/wp-content\\\/uploads\\\/2021\\\/10\\\/IMG_20211018_172819-1-scaled.jpg\",\"keywords\":[\"Arsena\u0142 Kultury\",\"Chrobrego\",\"GOTECH\",\"Miejskie Centrum Kultury\",\"Przemys\u0142\u00f3wka\",\"sala koncertowa\",\"We\u0142niany Rynek\"],\"articleSection\":[\"Inwestycje miejskie\",\"Wiadomo\u015bci\"],\"inLanguage\":\"pl-PL\",\"potentialAction\":[{\"@type\":\"CommentAction\",\"name\":\"Comment\",\"target\":[\"https:\\\/\\\/gorzow.news\\\/index.php\\\/2021\\\/10\\\/19\\\/trwa-docieplanie-przemyslowki-jak-bedzie-wygladal-budynek-zdjecia\\\/#respond\"]}]},{\"@type\":\"WebPage\",\"@id\":\"https:\\\/\\\/gorzow.news\\\/index.php\\\/2021\\\/10\\\/19\\\/trwa-docieplanie-przemyslowki-jak-bedzie-wygladal-budynek-zdjecia\\\/\",\"url\":\"https:\\\/\\\/gorzow.news\\\/index.php\\\/2021\\\/10\\\/19\\\/trwa-docieplanie-przemyslowki-jak-bedzie-wygladal-budynek-zdjecia\\\/\",\"name\":\"Trwa docieplanie Przemys\u0142\u00f3wki. Jak b\u0119dzie wygl\u0105da\u0142 budynek? (zdj\u0119cia) - Gorz\u00f3w News\",\"isPartOf\":{\"@id\":\"https:\\\/\\\/gorzow.news\\\/#website\"},\"primaryImageOfPage\":{\"@id\":\"https:\\\/\\\/gorzow.news\\\/index.php\\\/2021\\\/10\\\/19\\\/trwa-docieplanie-przemyslowki-jak-bedzie-wygladal-budynek-zdjecia\\\/#primaryimage\"},\"image\":{\"@id\":\"https:\\\/\\\/gorzow.news\\\/index.php\\\/2021\\\/10\\\/19\\\/trwa-docieplanie-przemyslowki-jak-bedzie-wygladal-budynek-zdjecia\\\/#primaryimage\"},\"thumbnailUrl\":\"https:\\\/\\\/gorzow.news\\\/wp-content\\\/uploads\\\/2021\\\/10\\\/IMG_20211018_172819-1-scaled.jpg\",\"datePublished\":\"2021-10-19T11:29:16+00:00\",\"dateModified\":\"2021-10-19T11:32:03+00:00\",\"author\":{\"@id\":\"https:\\\/\\\/gorzow.news\\\/#\\\/schema\\\/person\\\/a1e5ab43166369f2ce236a1cd90995bb\"},\"description\":\"W po\u0142owie wrze\u015bnia firma GOTECH rozpocz\u0119\u0142a demonta\u017c metalowych element\u00f3w elewacji by\u0142ego budynku Przemys\u0142\u00f3wki. Budynek od strony ulic We\u0142niany Rynek i Chrobrego zosta\u0142 ju\u017c praktycznie w ca\u0142o\u015bci ocieplony. Sprawdzili\u015bmy, jak ma wygl\u0105da\u0107 elewacja budynku po zako\u0144czeniu wszystkich prac.\",\"breadcrumb\":{\"@id\":\"https:\\\/\\\/gorzow.news\\\/index.php\\\/2021\\\/10\\\/19\\\/trwa-docieplanie-przemyslowki-jak-bedzie-wygladal-budynek-zdjecia\\\/#breadcrumb\"},\"inLanguage\":\"pl-PL\",\"potentialAction\":[{\"@type\":\"ReadAction\",\"target\":[\"https:\\\/\\\/gorzow.news\\\/index.php\\\/2021\\\/10\\\/19\\\/trwa-docieplanie-przemyslowki-jak-bedzie-wygladal-budynek-zdjecia\\\/\"]}]},{\"@type\":\"ImageObject\",\"inLanguage\":\"pl-PL\",\"@id\":\"https:\\\/\\\/gorzow.news\\\/index.php\\\/2021\\\/10\\\/19\\\/trwa-docieplanie-przemyslowki-jak-bedzie-wygladal-budynek-zdjecia\\\/#primaryimage\",\"url\":\"https:\\\/\\\/gorzow.news\\\/wp-content\\\/uploads\\\/2021\\\/10\\\/IMG_20211018_172819-1-scaled.jpg\",\"contentUrl\":\"https:\\\/\\\/gorzow.news\\\/wp-content\\\/uploads\\\/2021\\\/10\\\/IMG_20211018_172819-1-scaled.jpg\",\"width\":2560,\"height\":1211},{\"@type\":\"BreadcrumbList\",\"@id\":\"https:\\\/\\\/gorzow.news\\\/index.php\\\/2021\\\/10\\\/19\\\/trwa-docieplanie-przemyslowki-jak-bedzie-wygladal-budynek-zdjecia\\\/#breadcrumb\",\"itemListElement\":[{\"@type\":\"ListItem\",\"position\":1,\"name\":\"Home\",\"item\":\"https:\\\/\\\/gorzow.news\\\/\"},{\"@type\":\"ListItem\",\"position\":2,\"name\":\"Trwa docieplanie Przemys\u0142\u00f3wki. Jak b\u0119dzie wygl\u0105da\u0142 budynek? (zdj\u0119cia)\"}]},{\"@type\":\"WebSite\",\"@id\":\"https:\\\/\\\/gorzow.news\\\/#website\",\"url\":\"https:\\\/\\\/gorzow.news\\\/\",\"name\":\"Gorz\u00f3w News\",\"description\":\"Sp\u00f3jrz inaczej na miato i region...\",\"potentialAction\":[{\"@type\":\"SearchAction\",\"target\":{\"@type\":\"EntryPoint\",\"urlTemplate\":\"https:\\\/\\\/gorzow.news\\\/?s={search_term_string}\"},\"query-input\":{\"@type\":\"PropertyValueSpecification\",\"valueRequired\":true,\"valueName\":\"search_term_string\"}}],\"inLanguage\":\"pl-PL\"},{\"@type\":\"Person\",\"@id\":\"https:\\\/\\\/gorzow.news\\\/#\\\/schema\\\/person\\\/a1e5ab43166369f2ce236a1cd90995bb\",\"name\":\"maciej\",\"image\":{\"@type\":\"ImageObject\",\"inLanguage\":\"pl-PL\",\"@id\":\"https:\\\/\\\/secure.gravatar.com\\\/avatar\\\/530a674d56ba60cfa0ef21d74e8e8d123a51bb7aa6580465b5c2ab2c2e980a19?s=96&r=g&d=https:\\\/\\\/gorzow.news\\\/wp-content\\\/plugins\\\/userswp\\\/assets\\\/images\\\/no_profile.png\",\"url\":\"https:\\\/\\\/secure.gravatar.com\\\/avatar\\\/530a674d56ba60cfa0ef21d74e8e8d123a51bb7aa6580465b5c2ab2c2e980a19?s=96&r=g&d=https:\\\/\\\/gorzow.news\\\/wp-content\\\/plugins\\\/userswp\\\/assets\\\/images\\\/no_profile.png\",\"contentUrl\":\"https:\\\/\\\/secure.gravatar.com\\\/avatar\\\/530a674d56ba60cfa0ef21d74e8e8d123a51bb7aa6580465b5c2ab2c2e980a19?s=96&r=g&d=https:\\\/\\\/gorzow.news\\\/wp-content\\\/plugins\\\/userswp\\\/assets\\\/images\\\/no_profile.png\",\"caption\":\"maciej\"},\"url\":\"https:\\\/\\\/gorzow.news\\\/index.php\\\/profile\\\/maciej\\\/\"}]}<\/script>\n<!-- \/ Yoast SEO plugin. -->","yoast_head_json":{"title":"Trwa docieplanie Przemys\u0142\u00f3wki. Jak b\u0119dzie wygl\u0105da\u0142 budynek? (zdj\u0119cia) - Gorz\u00f3w News","description":"W po\u0142owie wrze\u015bnia firma GOTECH rozpocz\u0119\u0142a demonta\u017c metalowych element\u00f3w elewacji by\u0142ego budynku Przemys\u0142\u00f3wki. Budynek od strony ulic We\u0142nia","robots":{"index":"index","follow":"follow","max-snippet":"max-snippet:-1","max-image-preview":"max-image-preview:large","max-video-preview":"max-video-preview:-1"},"canonical":"https:\/\/gorzow.news\/index.php\/2021\/10\/19\/trwa-docieplanie-przemyslowki-jak-bedzie-wygladal-budynek-zdjecia\/","og_locale":"pl_PL","og_type":"article","og_title":"Trwa docieplanie Przemys\u0142\u00f3wki. Jak b\u0119dzie wygl\u0105da\u0142 budynek? (zdj\u0119cia) - Gorz\u00f3w News","og_description":"W po\u0142owie wrze\u015bnia firma GOTECH rozpocz\u0119\u0142a demonta\u017c metalowych element\u00f3w elewacji by\u0142ego budynku Przemys\u0142\u00f3wki. Budynek od strony ulic We\u0142nia","og_url":"https:\/\/gorzow.news\/index.php\/2021\/10\/19\/trwa-docieplanie-przemyslowki-jak-bedzie-wygladal-budynek-zdjecia\/","og_site_name":"Gorz\u00f3w News","article_publisher":"https:\/\/www.facebook.com\/gorzowskinews","article_published_time":"2021-10-19T11:29:16+00:00","article_modified_time":"2021-10-19T11:32:03+00:00","og_image":[{"width":2560,"height":1211,"url":"https:\/\/gorzow.news\/wp-content\/uploads\/2021\/10\/IMG_20211018_172819-1-scaled.jpg","type":"image\/jpeg"}],"author":"maciej","twitter_card":"summary_large_image","twitter_misc":{"Napisane przez":"maciej","Szacowany czas czytania":"3 minuty"},"schema":{"@context":"https:\/\/schema.org","@graph":[{"@type":"Article","@id":"https:\/\/gorzow.news\/index.php\/2021\/10\/19\/trwa-docieplanie-przemyslowki-jak-bedzie-wygladal-budynek-zdjecia\/#article","isPartOf":{"@id":"https:\/\/gorzow.news\/index.php\/2021\/10\/19\/trwa-docieplanie-przemyslowki-jak-bedzie-wygladal-budynek-zdjecia\/"},"author":{"name":"maciej","@id":"https:\/\/gorzow.news\/#\/schema\/person\/a1e5ab43166369f2ce236a1cd90995bb"},"headline":"Trwa docieplanie Przemys\u0142\u00f3wki. Jak b\u0119dzie wygl\u0105da\u0142 budynek? (zdj\u0119cia)","datePublished":"2021-10-19T11:29:16+00:00","dateModified":"2021-10-19T11:32:03+00:00","mainEntityOfPage":{"@id":"https:\/\/gorzow.news\/index.php\/2021\/10\/19\/trwa-docieplanie-przemyslowki-jak-bedzie-wygladal-budynek-zdjecia\/"},"wordCount":229,"commentCount":0,"image":{"@id":"https:\/\/gorzow.news\/index.php\/2021\/10\/19\/trwa-docieplanie-przemyslowki-jak-bedzie-wygladal-budynek-zdjecia\/#primaryimage"},"thumbnailUrl":"https:\/\/gorzow.news\/wp-content\/uploads\/2021\/10\/IMG_20211018_172819-1-scaled.jpg","keywords":["Arsena\u0142 Kultury","Chrobrego","GOTECH","Miejskie Centrum Kultury","Przemys\u0142\u00f3wka","sala koncertowa","We\u0142niany Rynek"],"articleSection":["Inwestycje miejskie","Wiadomo\u015bci"],"inLanguage":"pl-PL","potentialAction":[{"@type":"CommentAction","name":"Comment","target":["https:\/\/gorzow.news\/index.php\/2021\/10\/19\/trwa-docieplanie-przemyslowki-jak-bedzie-wygladal-budynek-zdjecia\/#respond"]}]},{"@type":"WebPage","@id":"https:\/\/gorzow.news\/index.php\/2021\/10\/19\/trwa-docieplanie-przemyslowki-jak-bedzie-wygladal-budynek-zdjecia\/","url":"https:\/\/gorzow.news\/index.php\/2021\/10\/19\/trwa-docieplanie-przemyslowki-jak-bedzie-wygladal-budynek-zdjecia\/","name":"Trwa docieplanie Przemys\u0142\u00f3wki. Jak b\u0119dzie wygl\u0105da\u0142 budynek? (zdj\u0119cia) - Gorz\u00f3w News","isPartOf":{"@id":"https:\/\/gorzow.news\/#website"},"primaryImageOfPage":{"@id":"https:\/\/gorzow.news\/index.php\/2021\/10\/19\/trwa-docieplanie-przemyslowki-jak-bedzie-wygladal-budynek-zdjecia\/#primaryimage"},"image":{"@id":"https:\/\/gorzow.news\/index.php\/2021\/10\/19\/trwa-docieplanie-przemyslowki-jak-bedzie-wygladal-budynek-zdjecia\/#primaryimage"},"thumbnailUrl":"https:\/\/gorzow.news\/wp-content\/uploads\/2021\/10\/IMG_20211018_172819-1-scaled.jpg","datePublished":"2021-10-19T11:29:16+00:00","dateModified":"2021-10-19T11:32:03+00:00","author":{"@id":"https:\/\/gorzow.news\/#\/schema\/person\/a1e5ab43166369f2ce236a1cd90995bb"},"description":"W po\u0142owie wrze\u015bnia firma GOTECH rozpocz\u0119\u0142a demonta\u017c metalowych element\u00f3w elewacji by\u0142ego budynku Przemys\u0142\u00f3wki. Budynek od strony ulic We\u0142niany Rynek i Chrobrego zosta\u0142 ju\u017c praktycznie w ca\u0142o\u015bci ocieplony. Sprawdzili\u015bmy, jak ma wygl\u0105da\u0107 elewacja budynku po zako\u0144czeniu wszystkich prac.","breadcrumb":{"@id":"https:\/\/gorzow.news\/index.php\/2021\/10\/19\/trwa-docieplanie-przemyslowki-jak-bedzie-wygladal-budynek-zdjecia\/#breadcrumb"},"inLanguage":"pl-PL","potentialAction":[{"@type":"ReadAction","target":["https:\/\/gorzow.news\/index.php\/2021\/10\/19\/trwa-docieplanie-przemyslowki-jak-bedzie-wygladal-budynek-zdjecia\/"]}]},{"@type":"ImageObject","inLanguage":"pl-PL","@id":"https:\/\/gorzow.news\/index.php\/2021\/10\/19\/trwa-docieplanie-przemyslowki-jak-bedzie-wygladal-budynek-zdjecia\/#primaryimage","url":"https:\/\/gorzow.news\/wp-content\/uploads\/2021\/10\/IMG_20211018_172819-1-scaled.jpg","contentUrl":"https:\/\/gorzow.news\/wp-content\/uploads\/2021\/10\/IMG_20211018_172819-1-scaled.jpg","width":2560,"height":1211},{"@type":"BreadcrumbList","@id":"https:\/\/gorzow.news\/index.php\/2021\/10\/19\/trwa-docieplanie-przemyslowki-jak-bedzie-wygladal-budynek-zdjecia\/#breadcrumb","itemListElement":[{"@type":"ListItem","position":1,"name":"Home","item":"https:\/\/gorzow.news\/"},{"@type":"ListItem","position":2,"name":"Trwa docieplanie Przemys\u0142\u00f3wki. Jak b\u0119dzie wygl\u0105da\u0142 budynek? (zdj\u0119cia)"}]},{"@type":"WebSite","@id":"https:\/\/gorzow.news\/#website","url":"https:\/\/gorzow.news\/","name":"Gorz\u00f3w News","description":"Sp\u00f3jrz inaczej na miato i region...","potentialAction":[{"@type":"SearchAction","target":{"@type":"EntryPoint","urlTemplate":"https:\/\/gorzow.news\/?s={search_term_string}"},"query-input":{"@type":"PropertyValueSpecification","valueRequired":true,"valueName":"search_term_string"}}],"inLanguage":"pl-PL"},{"@type":"Person","@id":"https:\/\/gorzow.news\/#\/schema\/person\/a1e5ab43166369f2ce236a1cd90995bb","name":"maciej","image":{"@type":"ImageObject","inLanguage":"pl-PL","@id":"https:\/\/secure.gravatar.com\/avatar\/530a674d56ba60cfa0ef21d74e8e8d123a51bb7aa6580465b5c2ab2c2e980a19?s=96&r=g&d=https:\/\/gorzow.news\/wp-content\/plugins\/userswp\/assets\/images\/no_profile.png","url":"https:\/\/secure.gravatar.com\/avatar\/530a674d56ba60cfa0ef21d74e8e8d123a51bb7aa6580465b5c2ab2c2e980a19?s=96&r=g&d=https:\/\/gorzow.news\/wp-content\/plugins\/userswp\/assets\/images\/no_profile.png","contentUrl":"https:\/\/secure.gravatar.com\/avatar\/530a674d56ba60cfa0ef21d74e8e8d123a51bb7aa6580465b5c2ab2c2e980a19?s=96&r=g&d=https:\/\/gorzow.news\/wp-content\/plugins\/userswp\/assets\/images\/no_profile.png","caption":"maciej"},"url":"https:\/\/gorzow.news\/index.php\/profile\/maciej\/"}]}},"_links":{"self":[{"href":"https:\/\/gorzow.news\/index.php\/wp-json\/wp\/v2\/posts\/3706","targetHints":{"allow":["GET"]}}],"collection":[{"href":"https:\/\/gorzow.news\/index.php\/wp-json\/wp\/v2\/posts"}],"about":[{"href":"https:\/\/gorzow.news\/index.php\/wp-json\/wp\/v2\/types\/post"}],"author":[{"embeddable":true,"href":"https:\/\/gorzow.news\/index.php\/wp-json\/wp\/v2\/users\/1"}],"replies":[{"embeddable":true,"href":"https:\/\/gorzow.news\/index.php\/wp-json\/wp\/v2\/comments?post=3706"}],"version-history":[{"count":0,"href":"https:\/\/gorzow.news\/index.php\/wp-json\/wp\/v2\/posts\/3706\/revisions"}],"wp:featuredmedia":[{"embeddable":true,"href":"https:\/\/gorzow.news\/index.php\/wp-json\/wp\/v2\/media\/3715"}],"wp:attachment":[{"href":"https:\/\/gorzow.news\/index.php\/wp-json\/wp\/v2\/media?parent=3706"}],"wp:term":[{"taxonomy":"category","embeddable":true,"href":"https:\/\/gorzow.news\/index.php\/wp-json\/wp\/v2\/categories?post=3706"},{"taxonomy":"post_tag","embeddable":true,"href":"https:\/\/gorzow.news\/index.php\/wp-json\/wp\/v2\/tags?post=3706"}],"curies":[{"name":"wp","href":"https:\/\/api.w.org\/{rel}","templated":true}]}}