{"id":36750,"date":"2025-11-17T21:04:29","date_gmt":"2025-11-17T20:04:29","guid":{"rendered":"https:\/\/gorzow.news\/?p=36750"},"modified":"2025-11-17T21:04:32","modified_gmt":"2025-11-17T20:04:32","slug":"galeria-askana-kolejny-raz-pozytywnie-zaskakuje-jeszcze-przed-swietami-otworzy-sie-tutaj-kfc","status":"publish","type":"post","link":"https:\/\/gorzow.news\/index.php\/2025\/11\/17\/galeria-askana-kolejny-raz-pozytywnie-zaskakuje-jeszcze-przed-swietami-otworzy-sie-tutaj-kfc\/","title":{"rendered":"Galeria Askana kolejny raz pozytywnie zaskakuje! Jeszcze przed \u015bwi\u0119tami otworzy si\u0119 tutaj KFC!"},"content":{"rendered":"\n<p><strong>Ju\u017c w drugiej po\u0142owie grudnia marka KFC zaprosi mieszka\u0144c\u00f3w Gorzowa na otwarcie nowej restauracji w Galerii Askana. To kolejna doskona\u0142a marka, kt\u00f3ra dostrzega potencja\u0142 dynamicznie zmieniaj\u0105cej si\u0119 Askany. KFC b\u0119dzie zlokalizowane na pi\u0119trze, w strefie food court, na powierzchni 170 mkw.<\/strong><\/p>\n\n\n\n<p><strong>W temacie:<\/strong><br><a href=\"https:\/\/gorzow.news\/index.php\/2025\/10\/28\/adaptacja-lokalu-pod-starbucks-w-askanie-rozpoczeta-bedzie-to-najmniejsza-kawiarnia-sieci-kiedy-otwarcie\/\">Adaptacja lokalu pod Starbucks w Askanie rozpocz\u0119ta! Najmniejsza kawiarnia sieci? Kiedy otwarcie?<\/a><\/p>\n\n\n\n<p>&#8211; Cieszymy si\u0119, \u017ce wkr\u00f3tce marka KFC do\u0142\u0105czy do grona najemc\u00f3w Galerii Askana. To jeden z najbardziej rozpoznawalnych i lubianych brand\u00f3w gastronomicznych, kt\u00f3ry swoj\u0105 obecno\u015bci\u0105 potwierdza potencja\u0142 naszego centrum. Decyzja o otwarciu lokalu w Askanie pokazuje, \u017ce rynek dostrzega rosn\u0105ce zapotrzebowanie na ofert\u0119 gastronomiczn\u0105 oraz atrakcyjno\u015b\u0107 miejsca, kt\u00f3re konsekwentnie modernizujemy i rozwijamy. Jeste\u015bmy przekonani, \u017ce KFC dope\u0142ni nasz food court i stanie si\u0119 wa\u017cnym punktem na mapie codziennych spotka\u0144 naszych klient\u00f3w &#8211; podkre\u015bla <strong>Joanna Bieniek<\/strong>, dyrektor dzia\u0142u najmu Galerii Askana.<\/p>\n\n\n\n<p>KFC to \u015bwiatowa sie\u0107 restauracji serwuj\u0105cych dania z kurczaka, pionier w\u015br\u00f3d restauracji szybkiej obs\u0142ugi. Od ponad 80 lat, czyli od czasu otwarcia pierwszej restauracji KFC w 1930 r. w Stanach Zjednoczonych, smak kurczak\u00f3w KFC pozostaje niepowtarzalny dzi\u0119ki oryginalnej recepturze Colonela Sandersa. Dania w restauracjach KFC przygotowywane s\u0105 ze \u015bwie\u017cego, ca\u0142ego mi\u0119sa kurczaka. To restauracje dla tych, kt\u00f3rzy ceni\u0105 sobie wysok\u0105 jako\u015b\u0107 produktu i obs\u0142ugi w dobrej cenie. Codziennie oko\u0142o 12 milion\u00f3w klient\u00f3w obs\u0142ugiwanych jest w ponad 18 000 restauracji sieci w ponad 100 krajach na ca\u0142ym \u015bwiecie. W Polsce marka KFC nale\u017cy do holdingu AmRest, kt\u00f3ry zarz\u0105dza obecnie sieci\u0105 ponad 390 restauracji.<\/p>\n","protected":false},"excerpt":{"rendered":"<p>Ju\u017c w drugiej po\u0142owie grudnia marka KFC zaprosi mieszka\u0144c\u00f3w Gorzowa na otwarcie nowej restauracji w Galerii Askana. To kolejna doskona\u0142a marka, kt\u00f3ra dostrzega potencja\u0142 dynamicznie zmieniaj\u0105cej si\u0119 Askany. KFC b\u0119dzie zlokalizowane na pi\u0119trze, w strefie food court, na powierzchni 170 mkw. W temacie:Adaptacja lokalu pod Starbucks w Askanie rozpocz\u0119ta! Najmniejsza kawiarnia sieci? Kiedy otwarcie? &#8211; [&hellip;]<\/p>\n","protected":false},"author":1,"featured_media":36751,"comment_status":"open","ping_status":"open","sticky":false,"template":"","format":"standard","meta":{"footnotes":"","_links_to":"","_links_to_target":""},"categories":[2009,1624,589],"tags":[96,3373],"class_list":{"0":"post-36750","1":"post","2":"type-post","3":"status-publish","4":"format-standard","5":"has-post-thumbnail","7":"category-centrum-srodmiescie","8":"category-inwestycje-handlowe","9":"category-wiadomosci","10":"tag-galeria-askana","11":"tag-kfc"},"yoast_head":"<!-- This site is optimized with the Yoast SEO plugin v27.3 - https:\/\/yoast.com\/product\/yoast-seo-wordpress\/ -->\n<title>Galeria Askana kolejny raz pozytywnie zaskakuje! Jeszcze przed \u015bwi\u0119tami otworzy si\u0119 tutaj KFC! - Gorz\u00f3w News<\/title>\n<meta name=\"description\" content=\"Ju\u017c w drugiej po\u0142owie grudnia marka KFC zaprosi mieszka\u0144c\u00f3w Gorzowa na otwarcie nowej restauracji w Galerii Askana. To kolejna doskona\u0142a marka, k\" \/>\n<meta name=\"robots\" content=\"index, follow, max-snippet:-1, max-image-preview:large, max-video-preview:-1\" \/>\n<link rel=\"canonical\" href=\"https:\/\/gorzow.news\/index.php\/2025\/11\/17\/galeria-askana-kolejny-raz-pozytywnie-zaskakuje-jeszcze-przed-swietami-otworzy-sie-tutaj-kfc\/\" \/>\n<meta property=\"og:locale\" content=\"pl_PL\" \/>\n<meta property=\"og:type\" content=\"article\" \/>\n<meta property=\"og:title\" content=\"Galeria Askana kolejny raz pozytywnie zaskakuje! Jeszcze przed \u015bwi\u0119tami otworzy si\u0119 tutaj KFC! - Gorz\u00f3w News\" \/>\n<meta property=\"og:description\" content=\"Ju\u017c w drugiej po\u0142owie grudnia marka KFC zaprosi mieszka\u0144c\u00f3w Gorzowa na otwarcie nowej restauracji w Galerii Askana. To kolejna doskona\u0142a marka, k\" \/>\n<meta property=\"og:url\" content=\"https:\/\/gorzow.news\/index.php\/2025\/11\/17\/galeria-askana-kolejny-raz-pozytywnie-zaskakuje-jeszcze-przed-swietami-otworzy-sie-tutaj-kfc\/\" \/>\n<meta property=\"og:site_name\" content=\"Gorz\u00f3w News\" \/>\n<meta property=\"article:publisher\" content=\"https:\/\/www.facebook.com\/gorzowskinews\" \/>\n<meta property=\"article:published_time\" content=\"2025-11-17T20:04:29+00:00\" \/>\n<meta property=\"article:modified_time\" content=\"2025-11-17T20:04:32+00:00\" \/>\n<meta property=\"og:image\" content=\"https:\/\/gorzow.news\/wp-content\/uploads\/2025\/11\/KFC-dolaczy-do-grona-najemcow-Galerii-Askana.jpg\" \/>\n\t<meta property=\"og:image:width\" content=\"1600\" \/>\n\t<meta property=\"og:image:height\" content=\"757\" \/>\n\t<meta property=\"og:image:type\" content=\"image\/jpeg\" \/>\n<meta name=\"author\" content=\"maciej\" \/>\n<meta name=\"twitter:card\" content=\"summary_large_image\" \/>\n<meta name=\"twitter:label1\" content=\"Napisane przez\" \/>\n\t<meta name=\"twitter:data1\" content=\"maciej\" \/>\n\t<meta name=\"twitter:label2\" content=\"Szacowany czas czytania\" \/>\n\t<meta name=\"twitter:data2\" content=\"2 minuty\" \/>\n<script type=\"application\/ld+json\" class=\"yoast-schema-graph\">{\"@context\":\"https:\\\/\\\/schema.org\",\"@graph\":[{\"@type\":\"Article\",\"@id\":\"https:\\\/\\\/gorzow.news\\\/index.php\\\/2025\\\/11\\\/17\\\/galeria-askana-kolejny-raz-pozytywnie-zaskakuje-jeszcze-przed-swietami-otworzy-sie-tutaj-kfc\\\/#article\",\"isPartOf\":{\"@id\":\"https:\\\/\\\/gorzow.news\\\/index.php\\\/2025\\\/11\\\/17\\\/galeria-askana-kolejny-raz-pozytywnie-zaskakuje-jeszcze-przed-swietami-otworzy-sie-tutaj-kfc\\\/\"},\"author\":{\"name\":\"maciej\",\"@id\":\"https:\\\/\\\/gorzow.news\\\/#\\\/schema\\\/person\\\/a1e5ab43166369f2ce236a1cd90995bb\"},\"headline\":\"Galeria Askana kolejny raz pozytywnie zaskakuje! Jeszcze przed \u015bwi\u0119tami otworzy si\u0119 tutaj KFC!\",\"datePublished\":\"2025-11-17T20:04:29+00:00\",\"dateModified\":\"2025-11-17T20:04:32+00:00\",\"mainEntityOfPage\":{\"@id\":\"https:\\\/\\\/gorzow.news\\\/index.php\\\/2025\\\/11\\\/17\\\/galeria-askana-kolejny-raz-pozytywnie-zaskakuje-jeszcze-przed-swietami-otworzy-sie-tutaj-kfc\\\/\"},\"wordCount\":285,\"commentCount\":0,\"image\":{\"@id\":\"https:\\\/\\\/gorzow.news\\\/index.php\\\/2025\\\/11\\\/17\\\/galeria-askana-kolejny-raz-pozytywnie-zaskakuje-jeszcze-przed-swietami-otworzy-sie-tutaj-kfc\\\/#primaryimage\"},\"thumbnailUrl\":\"https:\\\/\\\/gorzow.news\\\/wp-content\\\/uploads\\\/2025\\\/11\\\/KFC-dolaczy-do-grona-najemcow-Galerii-Askana.jpg\",\"keywords\":[\"Galeria Askana\",\"KFC\"],\"articleSection\":[\"Centrum \\\/ \u015ar\u00f3dmie\u015bcie\",\"Inwestycje handlowe\",\"Wiadomo\u015bci\"],\"inLanguage\":\"pl-PL\",\"potentialAction\":[{\"@type\":\"CommentAction\",\"name\":\"Comment\",\"target\":[\"https:\\\/\\\/gorzow.news\\\/index.php\\\/2025\\\/11\\\/17\\\/galeria-askana-kolejny-raz-pozytywnie-zaskakuje-jeszcze-przed-swietami-otworzy-sie-tutaj-kfc\\\/#respond\"]}]},{\"@type\":\"WebPage\",\"@id\":\"https:\\\/\\\/gorzow.news\\\/index.php\\\/2025\\\/11\\\/17\\\/galeria-askana-kolejny-raz-pozytywnie-zaskakuje-jeszcze-przed-swietami-otworzy-sie-tutaj-kfc\\\/\",\"url\":\"https:\\\/\\\/gorzow.news\\\/index.php\\\/2025\\\/11\\\/17\\\/galeria-askana-kolejny-raz-pozytywnie-zaskakuje-jeszcze-przed-swietami-otworzy-sie-tutaj-kfc\\\/\",\"name\":\"Galeria Askana kolejny raz pozytywnie zaskakuje! Jeszcze przed \u015bwi\u0119tami otworzy si\u0119 tutaj KFC! - Gorz\u00f3w News\",\"isPartOf\":{\"@id\":\"https:\\\/\\\/gorzow.news\\\/#website\"},\"primaryImageOfPage\":{\"@id\":\"https:\\\/\\\/gorzow.news\\\/index.php\\\/2025\\\/11\\\/17\\\/galeria-askana-kolejny-raz-pozytywnie-zaskakuje-jeszcze-przed-swietami-otworzy-sie-tutaj-kfc\\\/#primaryimage\"},\"image\":{\"@id\":\"https:\\\/\\\/gorzow.news\\\/index.php\\\/2025\\\/11\\\/17\\\/galeria-askana-kolejny-raz-pozytywnie-zaskakuje-jeszcze-przed-swietami-otworzy-sie-tutaj-kfc\\\/#primaryimage\"},\"thumbnailUrl\":\"https:\\\/\\\/gorzow.news\\\/wp-content\\\/uploads\\\/2025\\\/11\\\/KFC-dolaczy-do-grona-najemcow-Galerii-Askana.jpg\",\"datePublished\":\"2025-11-17T20:04:29+00:00\",\"dateModified\":\"2025-11-17T20:04:32+00:00\",\"author\":{\"@id\":\"https:\\\/\\\/gorzow.news\\\/#\\\/schema\\\/person\\\/a1e5ab43166369f2ce236a1cd90995bb\"},\"description\":\"Ju\u017c w drugiej po\u0142owie grudnia marka KFC zaprosi mieszka\u0144c\u00f3w Gorzowa na otwarcie nowej restauracji w Galerii Askana. To kolejna doskona\u0142a marka, kt\u00f3ra dostrzega potencja\u0142 dynamicznie zmieniaj\u0105cej si\u0119 Askany. KFC b\u0119dzie zlokalizowane na pi\u0119trze, w strefie food court, na powierzchni 170 mkw.\",\"breadcrumb\":{\"@id\":\"https:\\\/\\\/gorzow.news\\\/index.php\\\/2025\\\/11\\\/17\\\/galeria-askana-kolejny-raz-pozytywnie-zaskakuje-jeszcze-przed-swietami-otworzy-sie-tutaj-kfc\\\/#breadcrumb\"},\"inLanguage\":\"pl-PL\",\"potentialAction\":[{\"@type\":\"ReadAction\",\"target\":[\"https:\\\/\\\/gorzow.news\\\/index.php\\\/2025\\\/11\\\/17\\\/galeria-askana-kolejny-raz-pozytywnie-zaskakuje-jeszcze-przed-swietami-otworzy-sie-tutaj-kfc\\\/\"]}]},{\"@type\":\"ImageObject\",\"inLanguage\":\"pl-PL\",\"@id\":\"https:\\\/\\\/gorzow.news\\\/index.php\\\/2025\\\/11\\\/17\\\/galeria-askana-kolejny-raz-pozytywnie-zaskakuje-jeszcze-przed-swietami-otworzy-sie-tutaj-kfc\\\/#primaryimage\",\"url\":\"https:\\\/\\\/gorzow.news\\\/wp-content\\\/uploads\\\/2025\\\/11\\\/KFC-dolaczy-do-grona-najemcow-Galerii-Askana.jpg\",\"contentUrl\":\"https:\\\/\\\/gorzow.news\\\/wp-content\\\/uploads\\\/2025\\\/11\\\/KFC-dolaczy-do-grona-najemcow-Galerii-Askana.jpg\",\"width\":1600,\"height\":757,\"caption\":\"KFC do\u0142\u0105czy do grona najemc\u00f3w Galerii Askana.\"},{\"@type\":\"BreadcrumbList\",\"@id\":\"https:\\\/\\\/gorzow.news\\\/index.php\\\/2025\\\/11\\\/17\\\/galeria-askana-kolejny-raz-pozytywnie-zaskakuje-jeszcze-przed-swietami-otworzy-sie-tutaj-kfc\\\/#breadcrumb\",\"itemListElement\":[{\"@type\":\"ListItem\",\"position\":1,\"name\":\"Home\",\"item\":\"https:\\\/\\\/gorzow.news\\\/\"},{\"@type\":\"ListItem\",\"position\":2,\"name\":\"Galeria Askana kolejny raz pozytywnie zaskakuje! Jeszcze przed \u015bwi\u0119tami otworzy si\u0119 tutaj KFC!\"}]},{\"@type\":\"WebSite\",\"@id\":\"https:\\\/\\\/gorzow.news\\\/#website\",\"url\":\"https:\\\/\\\/gorzow.news\\\/\",\"name\":\"Gorz\u00f3w News\",\"description\":\"Sp\u00f3jrz inaczej na miato i region...\",\"potentialAction\":[{\"@type\":\"SearchAction\",\"target\":{\"@type\":\"EntryPoint\",\"urlTemplate\":\"https:\\\/\\\/gorzow.news\\\/?s={search_term_string}\"},\"query-input\":{\"@type\":\"PropertyValueSpecification\",\"valueRequired\":true,\"valueName\":\"search_term_string\"}}],\"inLanguage\":\"pl-PL\"},{\"@type\":\"Person\",\"@id\":\"https:\\\/\\\/gorzow.news\\\/#\\\/schema\\\/person\\\/a1e5ab43166369f2ce236a1cd90995bb\",\"name\":\"maciej\",\"image\":{\"@type\":\"ImageObject\",\"inLanguage\":\"pl-PL\",\"@id\":\"https:\\\/\\\/secure.gravatar.com\\\/avatar\\\/530a674d56ba60cfa0ef21d74e8e8d123a51bb7aa6580465b5c2ab2c2e980a19?s=96&r=g&d=https:\\\/\\\/gorzow.news\\\/wp-content\\\/plugins\\\/userswp\\\/assets\\\/images\\\/no_profile.png\",\"url\":\"https:\\\/\\\/secure.gravatar.com\\\/avatar\\\/530a674d56ba60cfa0ef21d74e8e8d123a51bb7aa6580465b5c2ab2c2e980a19?s=96&r=g&d=https:\\\/\\\/gorzow.news\\\/wp-content\\\/plugins\\\/userswp\\\/assets\\\/images\\\/no_profile.png\",\"contentUrl\":\"https:\\\/\\\/secure.gravatar.com\\\/avatar\\\/530a674d56ba60cfa0ef21d74e8e8d123a51bb7aa6580465b5c2ab2c2e980a19?s=96&r=g&d=https:\\\/\\\/gorzow.news\\\/wp-content\\\/plugins\\\/userswp\\\/assets\\\/images\\\/no_profile.png\",\"caption\":\"maciej\"},\"url\":\"https:\\\/\\\/gorzow.news\\\/index.php\\\/profile\\\/maciej\\\/\"}]}<\/script>\n<!-- \/ Yoast SEO plugin. -->","yoast_head_json":{"title":"Galeria Askana kolejny raz pozytywnie zaskakuje! Jeszcze przed \u015bwi\u0119tami otworzy si\u0119 tutaj KFC! - Gorz\u00f3w News","description":"Ju\u017c w drugiej po\u0142owie grudnia marka KFC zaprosi mieszka\u0144c\u00f3w Gorzowa na otwarcie nowej restauracji w Galerii Askana. To kolejna doskona\u0142a marka, k","robots":{"index":"index","follow":"follow","max-snippet":"max-snippet:-1","max-image-preview":"max-image-preview:large","max-video-preview":"max-video-preview:-1"},"canonical":"https:\/\/gorzow.news\/index.php\/2025\/11\/17\/galeria-askana-kolejny-raz-pozytywnie-zaskakuje-jeszcze-przed-swietami-otworzy-sie-tutaj-kfc\/","og_locale":"pl_PL","og_type":"article","og_title":"Galeria Askana kolejny raz pozytywnie zaskakuje! Jeszcze przed \u015bwi\u0119tami otworzy si\u0119 tutaj KFC! - Gorz\u00f3w News","og_description":"Ju\u017c w drugiej po\u0142owie grudnia marka KFC zaprosi mieszka\u0144c\u00f3w Gorzowa na otwarcie nowej restauracji w Galerii Askana. To kolejna doskona\u0142a marka, k","og_url":"https:\/\/gorzow.news\/index.php\/2025\/11\/17\/galeria-askana-kolejny-raz-pozytywnie-zaskakuje-jeszcze-przed-swietami-otworzy-sie-tutaj-kfc\/","og_site_name":"Gorz\u00f3w News","article_publisher":"https:\/\/www.facebook.com\/gorzowskinews","article_published_time":"2025-11-17T20:04:29+00:00","article_modified_time":"2025-11-17T20:04:32+00:00","og_image":[{"width":1600,"height":757,"url":"https:\/\/gorzow.news\/wp-content\/uploads\/2025\/11\/KFC-dolaczy-do-grona-najemcow-Galerii-Askana.jpg","type":"image\/jpeg"}],"author":"maciej","twitter_card":"summary_large_image","twitter_misc":{"Napisane przez":"maciej","Szacowany czas czytania":"2 minuty"},"schema":{"@context":"https:\/\/schema.org","@graph":[{"@type":"Article","@id":"https:\/\/gorzow.news\/index.php\/2025\/11\/17\/galeria-askana-kolejny-raz-pozytywnie-zaskakuje-jeszcze-przed-swietami-otworzy-sie-tutaj-kfc\/#article","isPartOf":{"@id":"https:\/\/gorzow.news\/index.php\/2025\/11\/17\/galeria-askana-kolejny-raz-pozytywnie-zaskakuje-jeszcze-przed-swietami-otworzy-sie-tutaj-kfc\/"},"author":{"name":"maciej","@id":"https:\/\/gorzow.news\/#\/schema\/person\/a1e5ab43166369f2ce236a1cd90995bb"},"headline":"Galeria Askana kolejny raz pozytywnie zaskakuje! Jeszcze przed \u015bwi\u0119tami otworzy si\u0119 tutaj KFC!","datePublished":"2025-11-17T20:04:29+00:00","dateModified":"2025-11-17T20:04:32+00:00","mainEntityOfPage":{"@id":"https:\/\/gorzow.news\/index.php\/2025\/11\/17\/galeria-askana-kolejny-raz-pozytywnie-zaskakuje-jeszcze-przed-swietami-otworzy-sie-tutaj-kfc\/"},"wordCount":285,"commentCount":0,"image":{"@id":"https:\/\/gorzow.news\/index.php\/2025\/11\/17\/galeria-askana-kolejny-raz-pozytywnie-zaskakuje-jeszcze-przed-swietami-otworzy-sie-tutaj-kfc\/#primaryimage"},"thumbnailUrl":"https:\/\/gorzow.news\/wp-content\/uploads\/2025\/11\/KFC-dolaczy-do-grona-najemcow-Galerii-Askana.jpg","keywords":["Galeria Askana","KFC"],"articleSection":["Centrum \/ \u015ar\u00f3dmie\u015bcie","Inwestycje handlowe","Wiadomo\u015bci"],"inLanguage":"pl-PL","potentialAction":[{"@type":"CommentAction","name":"Comment","target":["https:\/\/gorzow.news\/index.php\/2025\/11\/17\/galeria-askana-kolejny-raz-pozytywnie-zaskakuje-jeszcze-przed-swietami-otworzy-sie-tutaj-kfc\/#respond"]}]},{"@type":"WebPage","@id":"https:\/\/gorzow.news\/index.php\/2025\/11\/17\/galeria-askana-kolejny-raz-pozytywnie-zaskakuje-jeszcze-przed-swietami-otworzy-sie-tutaj-kfc\/","url":"https:\/\/gorzow.news\/index.php\/2025\/11\/17\/galeria-askana-kolejny-raz-pozytywnie-zaskakuje-jeszcze-przed-swietami-otworzy-sie-tutaj-kfc\/","name":"Galeria Askana kolejny raz pozytywnie zaskakuje! Jeszcze przed \u015bwi\u0119tami otworzy si\u0119 tutaj KFC! - Gorz\u00f3w News","isPartOf":{"@id":"https:\/\/gorzow.news\/#website"},"primaryImageOfPage":{"@id":"https:\/\/gorzow.news\/index.php\/2025\/11\/17\/galeria-askana-kolejny-raz-pozytywnie-zaskakuje-jeszcze-przed-swietami-otworzy-sie-tutaj-kfc\/#primaryimage"},"image":{"@id":"https:\/\/gorzow.news\/index.php\/2025\/11\/17\/galeria-askana-kolejny-raz-pozytywnie-zaskakuje-jeszcze-przed-swietami-otworzy-sie-tutaj-kfc\/#primaryimage"},"thumbnailUrl":"https:\/\/gorzow.news\/wp-content\/uploads\/2025\/11\/KFC-dolaczy-do-grona-najemcow-Galerii-Askana.jpg","datePublished":"2025-11-17T20:04:29+00:00","dateModified":"2025-11-17T20:04:32+00:00","author":{"@id":"https:\/\/gorzow.news\/#\/schema\/person\/a1e5ab43166369f2ce236a1cd90995bb"},"description":"Ju\u017c w drugiej po\u0142owie grudnia marka KFC zaprosi mieszka\u0144c\u00f3w Gorzowa na otwarcie nowej restauracji w Galerii Askana. To kolejna doskona\u0142a marka, kt\u00f3ra dostrzega potencja\u0142 dynamicznie zmieniaj\u0105cej si\u0119 Askany. KFC b\u0119dzie zlokalizowane na pi\u0119trze, w strefie food court, na powierzchni 170 mkw.","breadcrumb":{"@id":"https:\/\/gorzow.news\/index.php\/2025\/11\/17\/galeria-askana-kolejny-raz-pozytywnie-zaskakuje-jeszcze-przed-swietami-otworzy-sie-tutaj-kfc\/#breadcrumb"},"inLanguage":"pl-PL","potentialAction":[{"@type":"ReadAction","target":["https:\/\/gorzow.news\/index.php\/2025\/11\/17\/galeria-askana-kolejny-raz-pozytywnie-zaskakuje-jeszcze-przed-swietami-otworzy-sie-tutaj-kfc\/"]}]},{"@type":"ImageObject","inLanguage":"pl-PL","@id":"https:\/\/gorzow.news\/index.php\/2025\/11\/17\/galeria-askana-kolejny-raz-pozytywnie-zaskakuje-jeszcze-przed-swietami-otworzy-sie-tutaj-kfc\/#primaryimage","url":"https:\/\/gorzow.news\/wp-content\/uploads\/2025\/11\/KFC-dolaczy-do-grona-najemcow-Galerii-Askana.jpg","contentUrl":"https:\/\/gorzow.news\/wp-content\/uploads\/2025\/11\/KFC-dolaczy-do-grona-najemcow-Galerii-Askana.jpg","width":1600,"height":757,"caption":"KFC do\u0142\u0105czy do grona najemc\u00f3w Galerii Askana."},{"@type":"BreadcrumbList","@id":"https:\/\/gorzow.news\/index.php\/2025\/11\/17\/galeria-askana-kolejny-raz-pozytywnie-zaskakuje-jeszcze-przed-swietami-otworzy-sie-tutaj-kfc\/#breadcrumb","itemListElement":[{"@type":"ListItem","position":1,"name":"Home","item":"https:\/\/gorzow.news\/"},{"@type":"ListItem","position":2,"name":"Galeria Askana kolejny raz pozytywnie zaskakuje! Jeszcze przed \u015bwi\u0119tami otworzy si\u0119 tutaj KFC!"}]},{"@type":"WebSite","@id":"https:\/\/gorzow.news\/#website","url":"https:\/\/gorzow.news\/","name":"Gorz\u00f3w News","description":"Sp\u00f3jrz inaczej na miato i region...","potentialAction":[{"@type":"SearchAction","target":{"@type":"EntryPoint","urlTemplate":"https:\/\/gorzow.news\/?s={search_term_string}"},"query-input":{"@type":"PropertyValueSpecification","valueRequired":true,"valueName":"search_term_string"}}],"inLanguage":"pl-PL"},{"@type":"Person","@id":"https:\/\/gorzow.news\/#\/schema\/person\/a1e5ab43166369f2ce236a1cd90995bb","name":"maciej","image":{"@type":"ImageObject","inLanguage":"pl-PL","@id":"https:\/\/secure.gravatar.com\/avatar\/530a674d56ba60cfa0ef21d74e8e8d123a51bb7aa6580465b5c2ab2c2e980a19?s=96&r=g&d=https:\/\/gorzow.news\/wp-content\/plugins\/userswp\/assets\/images\/no_profile.png","url":"https:\/\/secure.gravatar.com\/avatar\/530a674d56ba60cfa0ef21d74e8e8d123a51bb7aa6580465b5c2ab2c2e980a19?s=96&r=g&d=https:\/\/gorzow.news\/wp-content\/plugins\/userswp\/assets\/images\/no_profile.png","contentUrl":"https:\/\/secure.gravatar.com\/avatar\/530a674d56ba60cfa0ef21d74e8e8d123a51bb7aa6580465b5c2ab2c2e980a19?s=96&r=g&d=https:\/\/gorzow.news\/wp-content\/plugins\/userswp\/assets\/images\/no_profile.png","caption":"maciej"},"url":"https:\/\/gorzow.news\/index.php\/profile\/maciej\/"}]}},"_links":{"self":[{"href":"https:\/\/gorzow.news\/index.php\/wp-json\/wp\/v2\/posts\/36750","targetHints":{"allow":["GET"]}}],"collection":[{"href":"https:\/\/gorzow.news\/index.php\/wp-json\/wp\/v2\/posts"}],"about":[{"href":"https:\/\/gorzow.news\/index.php\/wp-json\/wp\/v2\/types\/post"}],"author":[{"embeddable":true,"href":"https:\/\/gorzow.news\/index.php\/wp-json\/wp\/v2\/users\/1"}],"replies":[{"embeddable":true,"href":"https:\/\/gorzow.news\/index.php\/wp-json\/wp\/v2\/comments?post=36750"}],"version-history":[{"count":1,"href":"https:\/\/gorzow.news\/index.php\/wp-json\/wp\/v2\/posts\/36750\/revisions"}],"predecessor-version":[{"id":36752,"href":"https:\/\/gorzow.news\/index.php\/wp-json\/wp\/v2\/posts\/36750\/revisions\/36752"}],"wp:featuredmedia":[{"embeddable":true,"href":"https:\/\/gorzow.news\/index.php\/wp-json\/wp\/v2\/media\/36751"}],"wp:attachment":[{"href":"https:\/\/gorzow.news\/index.php\/wp-json\/wp\/v2\/media?parent=36750"}],"wp:term":[{"taxonomy":"category","embeddable":true,"href":"https:\/\/gorzow.news\/index.php\/wp-json\/wp\/v2\/categories?post=36750"},{"taxonomy":"post_tag","embeddable":true,"href":"https:\/\/gorzow.news\/index.php\/wp-json\/wp\/v2\/tags?post=36750"}],"curies":[{"name":"wp","href":"https:\/\/api.w.org\/{rel}","templated":true}]}}